{"id":53925,"date":"2026-09-03T15:20:46","date_gmt":"2026-09-03T13:20:46","guid":{"rendered":"https:\/\/www.italpassion.fr\/?p=53925"},"modified":"2026-09-03T14:38:36","modified_gmt":"2026-09-03T12:38:36","slug":"con-la-sua-nuova-ferrari-f40-lewis-hamilton-ha-ricreato-la-sua-primissima-foto-alla-ferrari-la-mia-f40","status":"publish","type":"post","link":"https:\/\/www.italpassion.fr\/it\/ferrari\/avec-sa-nouvelle-ferrari-f40-lewis-hamilton-a-recree-sa-toute-premiere-photo-chez-ferrari-ma-f40-a-moi\/","title":{"rendered":"Con la sua nuova Ferrari F40, Lewis Hamilton ha ricreato la sua primissima foto in Ferrari: \u00abLa mia F40\u00bb"},"content":{"rendered":"<figure class=\"wp-block-image size-full\"><img loading=\"lazy\" decoding=\"async\" width=\"1200\" height=\"800\" src=\"https:\/\/www.italpassion.fr\/wp-content\/uploads\/2026\/09\/lewis-0.jpg\" alt=\"\" class=\"wp-image-53931\" srcset=\"https:\/\/www.italpassion.fr\/wp-content\/uploads\/2026\/09\/lewis-0.jpg 1200w, https:\/\/www.italpassion.fr\/wp-content\/uploads\/2026\/09\/lewis-0-18x12.jpg 18w, https:\/\/www.italpassion.fr\/wp-content\/uploads\/2026\/09\/lewis-0-420x280.jpg 420w, https:\/\/www.italpassion.fr\/wp-content\/uploads\/2026\/09\/lewis-0-768x512.jpg 768w\" sizes=\"auto, (max-width: 1200px) 100vw, 1200px\" \/><\/figure>\n\n\n\n<p class=\"wp-block-paragraph\">Appena due giorni dopo aver rivelato di essere <a href=\"https:\/\/www.italpassion.fr\/it\/ferrari\/lewis-hamilton-sta-salvando-questa-ferrari-f40-abbandonata-da-30-anni-che-non-ha-mai-girato\/\">diventato proprietario di una Ferrari F40<\/a> con una storia eccezionale, <a href=\"https:\/\/www.italpassion.fr\/it\/tag\/lewis-hamilton\/\">Lewis Hamilton<\/a> gli ha appena regalato un esordio particolarmente apprezzato. Lo scorso 3 settembre, il pilota della Ferrari \u00e8 arrivato a Monza al volante della sua nuova <a href=\"https:\/\/www.italpassion.fr\/it\/auto\/ferrari-f40\/\">F40<\/a>. Poi \u00e8 sceso e si \u00e8 messo in posa al suo fianco. Un\u2019immagine che ricorda immediatamente quella del suo primo giorno presso <a href=\"https:\/\/www.italpassion.fr\/it\/ferrari\/\">Ferrari<\/a>, nel gennaio 2025.<\/p>\n\n\n\n<h2 class=\"wp-block-heading\">Lewis Hamilton arriva a Monza con la sua nuova F40<\/h2>\n\n\n\n<p class=\"wp-block-paragraph\">Per arrivare a Monza, Lewis Hamilton avrebbe potuto scegliere una delle Ferrari moderne messe a sua disposizione. Ha preferito tirare fuori la sua F40 rossa, sotto gli sguardi dei fotografi e degli spettatori presenti ai margini del circuito.<\/p>\n\n\n\n<figure class=\"wp-block-image size-full\"><img loading=\"lazy\" decoding=\"async\" width=\"1200\" height=\"800\" src=\"https:\/\/www.italpassion.fr\/wp-content\/uploads\/2026\/09\/lewis-f40.jpg\" alt=\"\" class=\"wp-image-53926\" srcset=\"https:\/\/www.italpassion.fr\/wp-content\/uploads\/2026\/09\/lewis-f40.jpg 1200w, https:\/\/www.italpassion.fr\/wp-content\/uploads\/2026\/09\/lewis-f40-768x512.jpg 768w, https:\/\/www.italpassion.fr\/wp-content\/uploads\/2026\/09\/lewis-f40-18x12.jpg 18w, https:\/\/www.italpassion.fr\/wp-content\/uploads\/2026\/09\/lewis-f40-420x280.jpg 420w\" sizes=\"auto, (max-width: 1200px) 100vw, 1200px\" \/><figcaption class=\"wp-element-caption\">Foto Ferrari<\/figcaption><\/figure>\n\n\n\n<p class=\"wp-block-paragraph\">E questa F40 non \u00e8 certo una sconosciuta. Si tratta dell\u2019auto che il sette volte campione del mondo ha appena presentato come sua, con queste poche parole: \u00abLa mia F40\u00bb. Ricordiamo che la sua storia \u00e8 piuttosto incredibile. Consegnata nuova a Modena nel 1991, sarebbe stata messa in deposito solo pochi giorni dopo e sarebbe rimasta ferma per oltre 30 anni. Quando \u00e8 stata ritrovata, la Ferrari era ricoperta di polvere ma ancora in uno stato straordinariamente simile a quello in cui era stata consegnata.<\/p>\n\n\n\n<figure class=\"wp-block-image size-full\"><img loading=\"lazy\" decoding=\"async\" width=\"1200\" height=\"800\" src=\"https:\/\/www.italpassion.fr\/wp-content\/uploads\/2026\/09\/f40-hamilton-00.jpg\" alt=\"\" class=\"wp-image-53826\" srcset=\"https:\/\/www.italpassion.fr\/wp-content\/uploads\/2026\/09\/f40-hamilton-00.jpg 1200w, https:\/\/www.italpassion.fr\/wp-content\/uploads\/2026\/09\/f40-hamilton-00-768x512.jpg 768w, https:\/\/www.italpassion.fr\/wp-content\/uploads\/2026\/09\/f40-hamilton-00-18x12.jpg 18w, https:\/\/www.italpassion.fr\/wp-content\/uploads\/2026\/09\/f40-hamilton-00-420x280.jpg 420w\" sizes=\"auto, (max-width: 1200px) 100vw, 1200px\" \/><\/figure>\n\n\n\n<p class=\"wp-block-paragraph\">Lewis Hamilton l'ha finalmente acquistata nel 2026, per poi affidarla direttamente alla Ferrari. A Maranello, i meccanici hanno intrapreso un importante intervento di ripristino meccanico per consentire a questa F40 di tornare su strada. Pochi giorni dopo aver mostrato le immagini di questo lavoro, eccola quindi a Monza con Lewis Hamilton al volante.<\/p>\n\n\n\n<blockquote class=\"twitter-tweet\"><p lang=\"en\" dir=\"ltr\">Iconico. \u2728<br><br>All\u2019arrivo al Media Day in Italia, <a href=\"https:\/\/x.com\/LewisHamilton?ref_src=twsrc%5Etfw\">@LewisHamilton<\/a> stile \ud83e\udd29<a href=\"https:\/\/x.com\/hashtag\/F1?src=hash&amp;ref_src=twsrc%5Etfw\">#F1<\/a> <a href=\"https:\/\/x.com\/hashtag\/ItalianGP?src=hash&amp;ref_src=twsrc%5Etfw\">#GPd'Italia<\/a> <a href=\"https:\/\/t.co\/5JbMhgMzis\">pic.twitter.com\/5JbMhgMzis<\/a><\/p>- Formula 1 (@F1) <a href=\"https:\/\/x.com\/F1\/status\/2095431681221992488?ref_src=twsrc%5Etfw\">3 settembre 2026<\/a><\/blockquote> <script async src=\"https:\/\/platform.x.com\/widgets.js\" charset=\"utf-8\"><\/script>\n\n\n\n<h2 class=\"wp-block-heading\">Una posa che ricorda inevitabilmente la sua prima foto alla Ferrari<\/h2>\n\n\n\n<p class=\"wp-block-paragraph\">Ma l\u2019immagine pi\u00f9 interessante \u00e8 forse quella scattata una volta che l\u2019auto si \u00e8 fermata. Hamilton, in abito scuro, cravatta, lungo cappotto color cammello e occhiali da sole, ha posato proprio davanti alla sua F40. Difficile non vederci un riferimento a <a href=\"https:\/\/www.italpassion.fr\/it\/concorso\/f1-la-prima-foto-ufficiale-di-lewis-hamilton-alla-ferrari-e-del-suo-simbolo-nascosto\/\">la sua prima foto ufficiale nel gennaio 2025<\/a>.<\/p>\n\n\n\n<figure class=\"wp-block-image size-full\"><img loading=\"lazy\" decoding=\"async\" width=\"1200\" height=\"800\" src=\"https:\/\/www.italpassion.fr\/wp-content\/uploads\/2026\/09\/lewis-f40-3.jpg\" alt=\"\" class=\"wp-image-53927\" srcset=\"https:\/\/www.italpassion.fr\/wp-content\/uploads\/2026\/09\/lewis-f40-3.jpg 1200w, https:\/\/www.italpassion.fr\/wp-content\/uploads\/2026\/09\/lewis-f40-3-420x280.jpg 420w, https:\/\/www.italpassion.fr\/wp-content\/uploads\/2026\/09\/lewis-f40-3-18x12.jpg 18w, https:\/\/www.italpassion.fr\/wp-content\/uploads\/2026\/09\/lewis-f40-3-768x512.jpg 768w\" sizes=\"auto, (max-width: 1200px) 100vw, 1200px\" \/><figcaption class=\"wp-element-caption\">Foto F1<\/figcaption><\/figure>\n\n\n\n<figure class=\"wp-block-image size-full\"><img loading=\"lazy\" decoding=\"async\" width=\"1200\" height=\"800\" src=\"https:\/\/www.italpassion.fr\/wp-content\/uploads\/2026\/09\/lewis-f40-4.jpg\" alt=\"\" class=\"wp-image-53929\" srcset=\"https:\/\/www.italpassion.fr\/wp-content\/uploads\/2026\/09\/lewis-f40-4.jpg 1200w, https:\/\/www.italpassion.fr\/wp-content\/uploads\/2026\/09\/lewis-f40-4-18x12.jpg 18w, https:\/\/www.italpassion.fr\/wp-content\/uploads\/2026\/09\/lewis-f40-4-768x512.jpg 768w, https:\/\/www.italpassion.fr\/wp-content\/uploads\/2026\/09\/lewis-f40-4-420x280.jpg 420w\" sizes=\"auto, (max-width: 1200px) 100vw, 1200px\" \/><figcaption class=\"wp-element-caption\">Foto F1<\/figcaption><\/figure>\n\n\n\n<p class=\"wp-block-paragraph\">Nel suo primissimo giorno ufficiale come pilota della Ferrari, Lewis Hamilton aveva pubblicato una foto che era diventata virale. Appariva davanti alla Casa Ferrari, l\u2019antica dimora e l\u2019ufficio di Enzo Ferrari a Fiorano, in un abbigliamento molto elegante e con una Ferrari F40 rossa al suo fianco.<\/p>\n\n\n\n<figure class=\"wp-block-image size-large\"><img loading=\"lazy\" decoding=\"async\" width=\"1024\" height=\"683\" src=\"https:\/\/www.italpassion.fr\/wp-content\/uploads\/2025\/01\/lewis-hamilton-ferrari-scuderia-ferrari-1024x683.jpg\" alt=\"\" class=\"wp-image-36099\" srcset=\"https:\/\/www.italpassion.fr\/wp-content\/uploads\/2025\/01\/lewis-hamilton-ferrari-scuderia-ferrari-1024x683.jpg 1024w, https:\/\/www.italpassion.fr\/wp-content\/uploads\/2025\/01\/lewis-hamilton-ferrari-scuderia-ferrari-300x200.jpg 300w, https:\/\/www.italpassion.fr\/wp-content\/uploads\/2025\/01\/lewis-hamilton-ferrari-scuderia-ferrari-768x512.jpg 768w, https:\/\/www.italpassion.fr\/wp-content\/uploads\/2025\/01\/lewis-hamilton-ferrari-scuderia-ferrari-18x12.jpg 18w, https:\/\/www.italpassion.fr\/wp-content\/uploads\/2025\/01\/lewis-hamilton-ferrari-scuderia-ferrari-561x374.jpg 561w, https:\/\/www.italpassion.fr\/wp-content\/uploads\/2025\/01\/lewis-hamilton-ferrari-scuderia-ferrari-1122x748.jpg 1122w, https:\/\/www.italpassion.fr\/wp-content\/uploads\/2025\/01\/lewis-hamilton-ferrari-scuderia-ferrari-265x177.jpg 265w, https:\/\/www.italpassion.fr\/wp-content\/uploads\/2025\/01\/lewis-hamilton-ferrari-scuderia-ferrari-531x354.jpg 531w, https:\/\/www.italpassion.fr\/wp-content\/uploads\/2025\/01\/lewis-hamilton-ferrari-scuderia-ferrari-364x243.jpg 364w, https:\/\/www.italpassion.fr\/wp-content\/uploads\/2025\/01\/lewis-hamilton-ferrari-scuderia-ferrari-728x485.jpg 728w, https:\/\/www.italpassion.fr\/wp-content\/uploads\/2025\/01\/lewis-hamilton-ferrari-scuderia-ferrari-608x405.jpg 608w, https:\/\/www.italpassion.fr\/wp-content\/uploads\/2025\/01\/lewis-hamilton-ferrari-scuderia-ferrari-758x505.jpg 758w, https:\/\/www.italpassion.fr\/wp-content\/uploads\/2025\/01\/lewis-hamilton-ferrari-scuderia-ferrari-1152x768.jpg 1152w, https:\/\/www.italpassion.fr\/wp-content\/uploads\/2025\/01\/lewis-hamilton-ferrari-scuderia-ferrari.jpg 1200w\" sizes=\"auto, (max-width: 1024px) 100vw, 1024px\" \/><figcaption class=\"wp-element-caption\">Gennaio 2025<\/figcaption><\/figure>\n\n\n\n<p class=\"wp-block-paragraph\">La fotografia aveva fatto il giro del mondo. E oggi sappiamo che la scelta dell\u2019auto non era affatto casuale. Lewis Hamilton ha recentemente spiegato che la F40 era la Ferrari dei suoi sogni fin dall\u2019infanzia e che era stato lui stesso a chiedere che ne fosse presente un esemplare per quella prima fotografia ufficiale.<\/p>\n\n\n\n<h2 class=\"wp-block-heading\">Questa volta la Ferrari F40 \u00e8 davvero sua<\/h2>\n\n\n\n<p class=\"wp-block-paragraph\">Un anno e mezzo dopo, stesso pilota, stesso look curato nei minimi dettagli, stessa Ferrari F40 rossa e una posa che ricorda molto quella scelta per celebrare il suo arrivo a Maranello. Lewis Hamilton non ha precisato se abbia cercato intenzionalmente di ricreare quella fotografia, ma il parallelo \u00e8 difficile da ignorare. Nel gennaio 2025, Hamilton posava accanto a una F40 scelta per simboleggiare il suo sogno Ferrari. Nel settembre 2026, posa accanto alla sua F40, quella che ha appena riportato in vita dopo oltre tre decenni di inattivit\u00e0. Il cerchio si \u00e8 quasi chiuso.<\/p>\n\n\n\n<figure class=\"wp-block-image size-full\"><img loading=\"lazy\" decoding=\"async\" width=\"1200\" height=\"800\" src=\"https:\/\/www.italpassion.fr\/wp-content\/uploads\/2026\/09\/lewis-f40-5.jpg\" alt=\"\" class=\"wp-image-53930\" srcset=\"https:\/\/www.italpassion.fr\/wp-content\/uploads\/2026\/09\/lewis-f40-5.jpg 1200w, https:\/\/www.italpassion.fr\/wp-content\/uploads\/2026\/09\/lewis-f40-5-420x280.jpg 420w, https:\/\/www.italpassion.fr\/wp-content\/uploads\/2026\/09\/lewis-f40-5-18x12.jpg 18w, https:\/\/www.italpassion.fr\/wp-content\/uploads\/2026\/09\/lewis-f40-5-768x512.jpg 768w\" sizes=\"auto, (max-width: 1200px) 100vw, 1200px\" \/><figcaption class=\"wp-element-caption\">Foto F1<\/figcaption><\/figure>","protected":false},"excerpt":{"rendered":"","protected":false},"author":1,"featured_media":53931,"comment_status":"open","ping_status":"open","sticky":false,"template":"","format":"standard","meta":{"_acf_changed":false,"_sitemap_exclude":false,"_sitemap_priority":"","_sitemap_frequency":"","footnotes":""},"categories":[23],"tags":[461,397],"class_list":["post-53925","post","type-post","status-publish","format-standard","has-post-thumbnail","hentry","category-ferrari","tag-ferrari-f40","tag-lewis-hamilton","generate-columns","tablet-grid-50","mobile-grid-100","grid-parent","grid-33"],"acf":[],"yoast_head":"<!-- This site is optimized with the Yoast SEO plugin v25.8 - https:\/\/yoast.com\/wordpress\/plugins\/seo\/ -->\n<title>Avec sa nouvelle Ferrari F40, Lewis Hamilton a recr\u00e9\u00e9 sa toute premi\u00e8re photo chez Ferrari : &quot;Ma F40 \u00e0 moi&quot; - ItalPassion<\/title>\n<meta name=\"description\" content=\"Deux jours seulement apr\u00e8s avoir r\u00e9v\u00e9l\u00e9 \u00eatre devenu propri\u00e9taire d\u2019une Ferrari F40 \u00e0 l\u2019histoire exceptionnelle, Lewis Hamilton vient de lui offrir une\" \/>\n<meta name=\"robots\" content=\"index, follow, max-snippet:-1, max-image-preview:large, max-video-preview:-1\" \/>\n<link rel=\"canonical\" href=\"https:\/\/www.italpassion.fr\/it\/ferrari\/con-la-sua-nuova-ferrari-f40-lewis-hamilton-ha-ricreato-la-sua-primissima-foto-alla-ferrari-la-mia-f40\/\" \/>\n<meta property=\"og:locale\" content=\"it_IT\" \/>\n<meta property=\"og:type\" content=\"article\" \/>\n<meta property=\"og:title\" content=\"Avec sa nouvelle Ferrari F40, Lewis Hamilton a recr\u00e9\u00e9 sa toute premi\u00e8re photo chez Ferrari : &quot;Ma F40 \u00e0 moi&quot; - ItalPassion\" \/>\n<meta property=\"og:description\" content=\"Deux jours seulement apr\u00e8s avoir r\u00e9v\u00e9l\u00e9 \u00eatre devenu propri\u00e9taire d\u2019une Ferrari F40 \u00e0 l\u2019histoire exceptionnelle, Lewis Hamilton vient de lui offrir une\" \/>\n<meta property=\"og:url\" content=\"https:\/\/www.italpassion.fr\/it\/ferrari\/con-la-sua-nuova-ferrari-f40-lewis-hamilton-ha-ricreato-la-sua-primissima-foto-alla-ferrari-la-mia-f40\/\" \/>\n<meta property=\"og:site_name\" content=\"ItalPassion\" \/>\n<meta property=\"article:publisher\" content=\"https:\/\/www.facebook.com\/italpassion\" \/>\n<meta property=\"article:published_time\" content=\"2026-09-03T13:20:46+00:00\" \/>\n<meta property=\"og:image\" content=\"https:\/\/www.italpassion.fr\/wp-content\/uploads\/2026\/09\/lewis-0.jpg\" \/>\n\t<meta property=\"og:image:width\" content=\"1200\" \/>\n\t<meta property=\"og:image:height\" content=\"800\" \/>\n\t<meta property=\"og:image:type\" content=\"image\/jpeg\" \/>\n<meta name=\"author\" content=\"Alexandre Filluzeau\" \/>\n<meta name=\"twitter:card\" content=\"summary_large_image\" \/>\n<meta name=\"twitter:creator\" content=\"@italpassion\" \/>\n<meta name=\"twitter:site\" content=\"@italpassion\" \/>\n<script type=\"application\/ld+json\" class=\"yoast-schema-graph\">{\"@context\":\"https:\/\/schema.org\",\"@graph\":[{\"@type\":\"NewsArticle\",\"@id\":\"https:\/\/www.italpassion.fr\/it\/ferrari\/avec-sa-nouvelle-ferrari-f40-lewis-hamilton-a-recree-sa-toute-premiere-photo-chez-ferrari-ma-f40-a-moi\/#article\",\"isPartOf\":{\"@id\":\"https:\/\/www.italpassion.fr\/it\/ferrari\/avec-sa-nouvelle-ferrari-f40-lewis-hamilton-a-recree-sa-toute-premiere-photo-chez-ferrari-ma-f40-a-moi\/\"},\"author\":{\"name\":\"Alexandre Filluzeau\",\"@id\":\"https:\/\/www.italpassion.fr\/it\/#\/schema\/person\/36f747b2a759ca202d847e85a9434ca0\"},\"headline\":\"Avec sa nouvelle Ferrari F40, Lewis Hamilton a recr\u00e9\u00e9 sa toute premi\u00e8re photo chez Ferrari : \u00ab\u00a0Ma F40 \u00e0 moi\u00a0\u00bb\",\"datePublished\":\"2026-09-03T13:20:46+00:00\",\"mainEntityOfPage\":{\"@id\":\"https:\/\/www.italpassion.fr\/it\/ferrari\/avec-sa-nouvelle-ferrari-f40-lewis-hamilton-a-recree-sa-toute-premiere-photo-chez-ferrari-ma-f40-a-moi\/\"},\"wordCount\":623,\"commentCount\":0,\"publisher\":{\"@id\":\"https:\/\/www.italpassion.fr\/it\/#organization\"},\"image\":{\"@id\":\"https:\/\/www.italpassion.fr\/it\/ferrari\/avec-sa-nouvelle-ferrari-f40-lewis-hamilton-a-recree-sa-toute-premiere-photo-chez-ferrari-ma-f40-a-moi\/#primaryimage\"},\"thumbnailUrl\":\"https:\/\/www.italpassion.fr\/wp-content\/uploads\/2026\/09\/lewis-0.jpg\",\"keywords\":[\"Ferrari F40\",\"Lewis Hamilton\"],\"articleSection\":[\"Ferrari\"],\"inLanguage\":\"it-IT\",\"potentialAction\":[{\"@type\":\"CommentAction\",\"name\":\"Comment\",\"target\":[\"https:\/\/www.italpassion.fr\/it\/ferrari\/avec-sa-nouvelle-ferrari-f40-lewis-hamilton-a-recree-sa-toute-premiere-photo-chez-ferrari-ma-f40-a-moi\/#respond\"]}]},{\"@type\":\"WebPage\",\"@id\":\"https:\/\/www.italpassion.fr\/it\/ferrari\/avec-sa-nouvelle-ferrari-f40-lewis-hamilton-a-recree-sa-toute-premiere-photo-chez-ferrari-ma-f40-a-moi\/\",\"url\":\"https:\/\/www.italpassion.fr\/it\/ferrari\/avec-sa-nouvelle-ferrari-f40-lewis-hamilton-a-recree-sa-toute-premiere-photo-chez-ferrari-ma-f40-a-moi\/\",\"name\":\"Avec sa nouvelle Ferrari F40, Lewis Hamilton a recr\u00e9\u00e9 sa toute premi\u00e8re photo chez Ferrari : \\\"Ma F40 \u00e0 moi\\\" - ItalPassion\",\"isPartOf\":{\"@id\":\"https:\/\/www.italpassion.fr\/it\/#website\"},\"primaryImageOfPage\":{\"@id\":\"https:\/\/www.italpassion.fr\/it\/ferrari\/avec-sa-nouvelle-ferrari-f40-lewis-hamilton-a-recree-sa-toute-premiere-photo-chez-ferrari-ma-f40-a-moi\/#primaryimage\"},\"image\":{\"@id\":\"https:\/\/www.italpassion.fr\/it\/ferrari\/avec-sa-nouvelle-ferrari-f40-lewis-hamilton-a-recree-sa-toute-premiere-photo-chez-ferrari-ma-f40-a-moi\/#primaryimage\"},\"thumbnailUrl\":\"https:\/\/www.italpassion.fr\/wp-content\/uploads\/2026\/09\/lewis-0.jpg\",\"datePublished\":\"2026-09-03T13:20:46+00:00\",\"description\":\"Deux jours seulement apr\u00e8s avoir r\u00e9v\u00e9l\u00e9 \u00eatre devenu propri\u00e9taire d\u2019une Ferrari F40 \u00e0 l\u2019histoire exceptionnelle, Lewis Hamilton vient de lui offrir une\",\"breadcrumb\":{\"@id\":\"https:\/\/www.italpassion.fr\/it\/ferrari\/avec-sa-nouvelle-ferrari-f40-lewis-hamilton-a-recree-sa-toute-premiere-photo-chez-ferrari-ma-f40-a-moi\/#breadcrumb\"},\"inLanguage\":\"it-IT\",\"potentialAction\":[{\"@type\":\"ReadAction\",\"target\":[\"https:\/\/www.italpassion.fr\/it\/ferrari\/avec-sa-nouvelle-ferrari-f40-lewis-hamilton-a-recree-sa-toute-premiere-photo-chez-ferrari-ma-f40-a-moi\/\"]}]},{\"@type\":\"ImageObject\",\"inLanguage\":\"it-IT\",\"@id\":\"https:\/\/www.italpassion.fr\/it\/ferrari\/avec-sa-nouvelle-ferrari-f40-lewis-hamilton-a-recree-sa-toute-premiere-photo-chez-ferrari-ma-f40-a-moi\/#primaryimage\",\"url\":\"https:\/\/www.italpassion.fr\/wp-content\/uploads\/2026\/09\/lewis-0.jpg\",\"contentUrl\":\"https:\/\/www.italpassion.fr\/wp-content\/uploads\/2026\/09\/lewis-0.jpg\",\"width\":1200,\"height\":800},{\"@type\":\"BreadcrumbList\",\"@id\":\"https:\/\/www.italpassion.fr\/it\/ferrari\/avec-sa-nouvelle-ferrari-f40-lewis-hamilton-a-recree-sa-toute-premiere-photo-chez-ferrari-ma-f40-a-moi\/#breadcrumb\",\"itemListElement\":[{\"@type\":\"ListItem\",\"position\":1,\"name\":\"Accueil\",\"item\":\"https:\/\/www.italpassion.fr\/it\/\"},{\"@type\":\"ListItem\",\"position\":2,\"name\":\"Avec sa nouvelle Ferrari F40, Lewis Hamilton a recr\u00e9\u00e9 sa toute premi\u00e8re photo chez Ferrari : \u00ab\u00a0Ma F40 \u00e0 moi\u00a0\u00bb\"}]},{\"@type\":\"WebSite\",\"@id\":\"https:\/\/www.italpassion.fr\/it\/#website\",\"url\":\"https:\/\/www.italpassion.fr\/it\/\",\"name\":\"ItalPassion\",\"description\":\"Les Passionn\u00e9s d&#039;Automobiles Italiennes\",\"publisher\":{\"@id\":\"https:\/\/www.italpassion.fr\/it\/#organization\"},\"potentialAction\":[{\"@type\":\"SearchAction\",\"target\":{\"@type\":\"EntryPoint\",\"urlTemplate\":\"https:\/\/www.italpassion.fr\/it\/?s={search_term_string}\"},\"query-input\":{\"@type\":\"PropertyValueSpecification\",\"valueRequired\":true,\"valueName\":\"search_term_string\"}}],\"inLanguage\":\"it-IT\"},{\"@type\":\"Organization\",\"@id\":\"https:\/\/www.italpassion.fr\/it\/#organization\",\"name\":\"Italpassion\",\"url\":\"https:\/\/www.italpassion.fr\/it\/\",\"logo\":{\"@type\":\"ImageObject\",\"inLanguage\":\"it-IT\",\"@id\":\"https:\/\/www.italpassion.fr\/it\/#\/schema\/logo\/image\/\",\"url\":\"https:\/\/www.italpassion.fr\/wp-content\/uploads\/2023\/07\/italpassion-yoast.jpg\",\"contentUrl\":\"https:\/\/www.italpassion.fr\/wp-content\/uploads\/2023\/07\/italpassion-yoast.jpg\",\"width\":696,\"height\":696,\"caption\":\"Italpassion\"},\"image\":{\"@id\":\"https:\/\/www.italpassion.fr\/it\/#\/schema\/logo\/image\/\"},\"sameAs\":[\"https:\/\/www.facebook.com\/italpassion\",\"https:\/\/x.com\/italpassion\",\"https:\/\/www.instagram.com\/italpassionfr\/\",\"https:\/\/www.youtube.com\/channel\/UCleq-ByQaA42OjhopwevRjQ\",\"https:\/\/www.facebook.com\/italpassion.en\/\",\"https:\/\/www.facebook.com\/italpassion.it\/\",\"https:\/\/www.facebook.com\/italpassion.de\/\",\"https:\/\/www.facebook.com\/italpassion.ja\/\"]},{\"@type\":\"Person\",\"@id\":\"https:\/\/www.italpassion.fr\/it\/#\/schema\/person\/36f747b2a759ca202d847e85a9434ca0\",\"name\":\"Alexandre Filluzeau\",\"image\":{\"@type\":\"ImageObject\",\"inLanguage\":\"it-IT\",\"@id\":\"https:\/\/www.italpassion.fr\/it\/#\/schema\/person\/image\/\",\"url\":\"https:\/\/www.italpassion.fr\/wp-content\/uploads\/2025\/04\/avatar-alexandre-160x160.jpg\",\"contentUrl\":\"https:\/\/www.italpassion.fr\/wp-content\/uploads\/2025\/04\/avatar-alexandre-160x160.jpg\",\"caption\":\"Alexandre Filluzeau\"},\"description\":\"Fondateur du site ItalPassion, passionn\u00e9 de voitures italiennes et de l'Italie en g\u00e9n\u00e9ral. J'apporte un regard critique et technique aux actualit\u00e9s des marques italiennes quand cela est possible. Propri\u00e9taire d'une Maserati GranTurismo, Alfa Romeo MiTo, Lancia Fulvia et Ducati 695. Ex-propri\u00e9taire d'une Alfa Romeo Giulia.\",\"sameAs\":[\"https:\/\/www.italpassion.fr\/\"],\"url\":\"https:\/\/www.italpassion.fr\/it\/author\/alexandre\/\"}]}<\/script>\n<!-- \/ Yoast SEO plugin. -->","yoast_head_json":{"title":"Con la sua nuova Ferrari F40, Lewis Hamilton ha ricreato la sua primissima foto in casa Ferrari: \"La mia F40\" - ItalPassion","description":"A soli due giorni dall'annuncio di essere diventato proprietario di una Ferrari F40 dalla storia eccezionale, Lewis Hamilton le ha appena regalato una","robots":{"index":"index","follow":"follow","max-snippet":"max-snippet:-1","max-image-preview":"max-image-preview:large","max-video-preview":"max-video-preview:-1"},"canonical":"https:\/\/www.italpassion.fr\/it\/ferrari\/con-la-sua-nuova-ferrari-f40-lewis-hamilton-ha-ricreato-la-sua-primissima-foto-alla-ferrari-la-mia-f40\/","og_locale":"it_IT","og_type":"article","og_title":"Avec sa nouvelle Ferrari F40, Lewis Hamilton a recr\u00e9\u00e9 sa toute premi\u00e8re photo chez Ferrari : \"Ma F40 \u00e0 moi\" - ItalPassion","og_description":"Deux jours seulement apr\u00e8s avoir r\u00e9v\u00e9l\u00e9 \u00eatre devenu propri\u00e9taire d\u2019une Ferrari F40 \u00e0 l\u2019histoire exceptionnelle, Lewis Hamilton vient de lui offrir une","og_url":"https:\/\/www.italpassion.fr\/it\/ferrari\/con-la-sua-nuova-ferrari-f40-lewis-hamilton-ha-ricreato-la-sua-primissima-foto-alla-ferrari-la-mia-f40\/","og_site_name":"ItalPassion","article_publisher":"https:\/\/www.facebook.com\/italpassion","article_published_time":"2026-09-03T13:20:46+00:00","og_image":[{"width":1200,"height":800,"url":"https:\/\/www.italpassion.fr\/wp-content\/uploads\/2026\/09\/lewis-0.jpg","type":"image\/jpeg"}],"author":"Alexandre Filluzeau","twitter_card":"summary_large_image","twitter_creator":"@italpassion","twitter_site":"@italpassion","schema":{"@context":"https:\/\/schema.org","@graph":[{"@type":"NewsArticle","@id":"https:\/\/www.italpassion.fr\/it\/ferrari\/avec-sa-nouvelle-ferrari-f40-lewis-hamilton-a-recree-sa-toute-premiere-photo-chez-ferrari-ma-f40-a-moi\/#article","isPartOf":{"@id":"https:\/\/www.italpassion.fr\/it\/ferrari\/avec-sa-nouvelle-ferrari-f40-lewis-hamilton-a-recree-sa-toute-premiere-photo-chez-ferrari-ma-f40-a-moi\/"},"author":{"name":"Alexandre Filluzeau","@id":"https:\/\/www.italpassion.fr\/it\/#\/schema\/person\/36f747b2a759ca202d847e85a9434ca0"},"headline":"Avec sa nouvelle Ferrari F40, Lewis Hamilton a recr\u00e9\u00e9 sa toute premi\u00e8re photo chez Ferrari : \u00ab\u00a0Ma F40 \u00e0 moi\u00a0\u00bb","datePublished":"2026-09-03T13:20:46+00:00","mainEntityOfPage":{"@id":"https:\/\/www.italpassion.fr\/it\/ferrari\/avec-sa-nouvelle-ferrari-f40-lewis-hamilton-a-recree-sa-toute-premiere-photo-chez-ferrari-ma-f40-a-moi\/"},"wordCount":623,"commentCount":0,"publisher":{"@id":"https:\/\/www.italpassion.fr\/it\/#organization"},"image":{"@id":"https:\/\/www.italpassion.fr\/it\/ferrari\/avec-sa-nouvelle-ferrari-f40-lewis-hamilton-a-recree-sa-toute-premiere-photo-chez-ferrari-ma-f40-a-moi\/#primaryimage"},"thumbnailUrl":"https:\/\/www.italpassion.fr\/wp-content\/uploads\/2026\/09\/lewis-0.jpg","keywords":["Ferrari F40","Lewis Hamilton"],"articleSection":["Ferrari"],"inLanguage":"it-IT","potentialAction":[{"@type":"CommentAction","name":"Comment","target":["https:\/\/www.italpassion.fr\/it\/ferrari\/avec-sa-nouvelle-ferrari-f40-lewis-hamilton-a-recree-sa-toute-premiere-photo-chez-ferrari-ma-f40-a-moi\/#respond"]}]},{"@type":"WebPage","@id":"https:\/\/www.italpassion.fr\/it\/ferrari\/avec-sa-nouvelle-ferrari-f40-lewis-hamilton-a-recree-sa-toute-premiere-photo-chez-ferrari-ma-f40-a-moi\/","url":"https:\/\/www.italpassion.fr\/it\/ferrari\/avec-sa-nouvelle-ferrari-f40-lewis-hamilton-a-recree-sa-toute-premiere-photo-chez-ferrari-ma-f40-a-moi\/","name":"Con la sua nuova Ferrari F40, Lewis Hamilton ha ricreato la sua primissima foto in casa Ferrari: \"La mia F40\" - ItalPassion","isPartOf":{"@id":"https:\/\/www.italpassion.fr\/it\/#website"},"primaryImageOfPage":{"@id":"https:\/\/www.italpassion.fr\/it\/ferrari\/avec-sa-nouvelle-ferrari-f40-lewis-hamilton-a-recree-sa-toute-premiere-photo-chez-ferrari-ma-f40-a-moi\/#primaryimage"},"image":{"@id":"https:\/\/www.italpassion.fr\/it\/ferrari\/avec-sa-nouvelle-ferrari-f40-lewis-hamilton-a-recree-sa-toute-premiere-photo-chez-ferrari-ma-f40-a-moi\/#primaryimage"},"thumbnailUrl":"https:\/\/www.italpassion.fr\/wp-content\/uploads\/2026\/09\/lewis-0.jpg","datePublished":"2026-09-03T13:20:46+00:00","description":"A soli due giorni dall'annuncio di essere diventato proprietario di una Ferrari F40 dalla storia eccezionale, Lewis Hamilton le ha appena regalato una","breadcrumb":{"@id":"https:\/\/www.italpassion.fr\/it\/ferrari\/avec-sa-nouvelle-ferrari-f40-lewis-hamilton-a-recree-sa-toute-premiere-photo-chez-ferrari-ma-f40-a-moi\/#breadcrumb"},"inLanguage":"it-IT","potentialAction":[{"@type":"ReadAction","target":["https:\/\/www.italpassion.fr\/it\/ferrari\/avec-sa-nouvelle-ferrari-f40-lewis-hamilton-a-recree-sa-toute-premiere-photo-chez-ferrari-ma-f40-a-moi\/"]}]},{"@type":"ImageObject","inLanguage":"it-IT","@id":"https:\/\/www.italpassion.fr\/it\/ferrari\/avec-sa-nouvelle-ferrari-f40-lewis-hamilton-a-recree-sa-toute-premiere-photo-chez-ferrari-ma-f40-a-moi\/#primaryimage","url":"https:\/\/www.italpassion.fr\/wp-content\/uploads\/2026\/09\/lewis-0.jpg","contentUrl":"https:\/\/www.italpassion.fr\/wp-content\/uploads\/2026\/09\/lewis-0.jpg","width":1200,"height":800},{"@type":"BreadcrumbList","@id":"https:\/\/www.italpassion.fr\/it\/ferrari\/avec-sa-nouvelle-ferrari-f40-lewis-hamilton-a-recree-sa-toute-premiere-photo-chez-ferrari-ma-f40-a-moi\/#breadcrumb","itemListElement":[{"@type":"ListItem","position":1,"name":"Accueil","item":"https:\/\/www.italpassion.fr\/it\/"},{"@type":"ListItem","position":2,"name":"Avec sa nouvelle Ferrari F40, Lewis Hamilton a recr\u00e9\u00e9 sa toute premi\u00e8re photo chez Ferrari : \u00ab\u00a0Ma F40 \u00e0 moi\u00a0\u00bb"}]},{"@type":"WebSite","@id":"https:\/\/www.italpassion.fr\/it\/#website","url":"https:\/\/www.italpassion.fr\/it\/","name":"ItalPassion","description":"Appassionati di auto italiane","publisher":{"@id":"https:\/\/www.italpassion.fr\/it\/#organization"},"potentialAction":[{"@type":"SearchAction","target":{"@type":"EntryPoint","urlTemplate":"https:\/\/www.italpassion.fr\/it\/?s={search_term_string}"},"query-input":{"@type":"PropertyValueSpecification","valueRequired":true,"valueName":"search_term_string"}}],"inLanguage":"it-IT"},{"@type":"Organization","@id":"https:\/\/www.italpassion.fr\/it\/#organization","name":"Italpassion","url":"https:\/\/www.italpassion.fr\/it\/","logo":{"@type":"ImageObject","inLanguage":"it-IT","@id":"https:\/\/www.italpassion.fr\/it\/#\/schema\/logo\/image\/","url":"https:\/\/www.italpassion.fr\/wp-content\/uploads\/2023\/07\/italpassion-yoast.jpg","contentUrl":"https:\/\/www.italpassion.fr\/wp-content\/uploads\/2023\/07\/italpassion-yoast.jpg","width":696,"height":696,"caption":"Italpassion"},"image":{"@id":"https:\/\/www.italpassion.fr\/it\/#\/schema\/logo\/image\/"},"sameAs":["https:\/\/www.facebook.com\/italpassion","https:\/\/x.com\/italpassion","https:\/\/www.instagram.com\/italpassionfr\/","https:\/\/www.youtube.com\/channel\/UCleq-ByQaA42OjhopwevRjQ","https:\/\/www.facebook.com\/italpassion.en\/","https:\/\/www.facebook.com\/italpassion.it\/","https:\/\/www.facebook.com\/italpassion.de\/","https:\/\/www.facebook.com\/italpassion.ja\/"]},{"@type":"Person","@id":"https:\/\/www.italpassion.fr\/it\/#\/schema\/person\/36f747b2a759ca202d847e85a9434ca0","name":"Alexandre Filluzeau","image":{"@type":"ImageObject","inLanguage":"it-IT","@id":"https:\/\/www.italpassion.fr\/it\/#\/schema\/person\/image\/","url":"https:\/\/www.italpassion.fr\/wp-content\/uploads\/2025\/04\/avatar-alexandre-160x160.jpg","contentUrl":"https:\/\/www.italpassion.fr\/wp-content\/uploads\/2025\/04\/avatar-alexandre-160x160.jpg","caption":"Alexandre Filluzeau"},"description":"Fondatore del sito ItalPassion, appassionato di auto italiane e dell'Italia in generale. Porto un occhio critico e tecnico alle notizie dei marchi italiani, quando possibile. Proprietario di una Maserati GranTurismo, di un'Alfa Romeo MiTo, di una Lancia Fulvia e di una Ducati 695. Ex proprietario di un'Alfa Romeo Giulia.","sameAs":["https:\/\/www.italpassion.fr\/"],"url":"https:\/\/www.italpassion.fr\/it\/author\/alexandre\/"}]}},"_links":{"self":[{"href":"https:\/\/www.italpassion.fr\/it\/wp-json\/wp\/v2\/posts\/53925","targetHints":{"allow":["GET"]}}],"collection":[{"href":"https:\/\/www.italpassion.fr\/it\/wp-json\/wp\/v2\/posts"}],"about":[{"href":"https:\/\/www.italpassion.fr\/it\/wp-json\/wp\/v2\/types\/post"}],"author":[{"embeddable":true,"href":"https:\/\/www.italpassion.fr\/it\/wp-json\/wp\/v2\/users\/1"}],"replies":[{"embeddable":true,"href":"https:\/\/www.italpassion.fr\/it\/wp-json\/wp\/v2\/comments?post=53925"}],"version-history":[{"count":3,"href":"https:\/\/www.italpassion.fr\/it\/wp-json\/wp\/v2\/posts\/53925\/revisions"}],"predecessor-version":[{"id":53935,"href":"https:\/\/www.italpassion.fr\/it\/wp-json\/wp\/v2\/posts\/53925\/revisions\/53935"}],"wp:featuredmedia":[{"embeddable":true,"href":"https:\/\/www.italpassion.fr\/it\/wp-json\/wp\/v2\/media\/53931"}],"wp:attachment":[{"href":"https:\/\/www.italpassion.fr\/it\/wp-json\/wp\/v2\/media?parent=53925"}],"wp:term":[{"taxonomy":"category","embeddable":true,"href":"https:\/\/www.italpassion.fr\/it\/wp-json\/wp\/v2\/categories?post=53925"},{"taxonomy":"post_tag","embeddable":true,"href":"https:\/\/www.italpassion.fr\/it\/wp-json\/wp\/v2\/tags?post=53925"}],"curies":[{"name":"wp","href":"https:\/\/api.w.org\/{rel}","templated":true}]}}