{"id":53774,"date":"2026-09-03T17:55:06","date_gmt":"2026-09-03T15:55:06","guid":{"rendered":"https:\/\/www.italpassion.fr\/?p=53774"},"modified":"2026-09-01T17:20:05","modified_gmt":"2026-09-01T15:20:05","slug":"da-bambino-non-aveva-i-mezzi-per-andare-al-piu-grande-concorso-automobilistico-del-mondo-30-anni-dopo-ci-va-con-14-lamborghini","status":"publish","type":"post","link":"https:\/\/www.italpassion.fr\/it\/lamborghini\/enfant-il-navait-pas-les-moyens-daller-au-plus-grand-concours-automobile-du-monde-30-ans-plus-tard-il-y-va-avec-14-lamborghini\/","title":{"rendered":"Da bambino non poteva permettersi di andare al pi\u00f9 grande concorso automobilistico del mondo: 30 anni dopo, ci va con 14 Lamborghini"},"content":{"rendered":"<figure class=\"wp-block-image size-full\"><img loading=\"lazy\" decoding=\"async\" width=\"1200\" height=\"800\" src=\"https:\/\/www.italpassion.fr\/wp-content\/uploads\/2026\/09\/lambo-002-1.jpg\" alt=\"\" class=\"wp-image-53859\" srcset=\"https:\/\/www.italpassion.fr\/wp-content\/uploads\/2026\/09\/lambo-002-1.jpg 1200w, https:\/\/www.italpassion.fr\/wp-content\/uploads\/2026\/09\/lambo-002-1-768x512.jpg 768w, https:\/\/www.italpassion.fr\/wp-content\/uploads\/2026\/09\/lambo-002-1-18x12.jpg 18w, https:\/\/www.italpassion.fr\/wp-content\/uploads\/2026\/09\/lambo-002-1-420x280.jpg 420w\" sizes=\"auto, (max-width: 1200px) 100vw, 1200px\" \/><\/figure>\n\n\n\n<p class=\"wp-block-paragraph\">Trent\u2019anni fa, Pebble Beach era per John Temerian solo un nome lontano, quasi irraggiungibile. All\u2019epoca, colui che sarebbe poi diventato il cofondatore di Curated trascorreva le giornate nell\u2019officina di suo padre, spazzando il pavimento, preparando le carrozzerie prima della verniciatura e osservando le auto in fase di restauro. Ogni estate tornava la stessa promessa: quell\u2019anno sarebbero andati a Pebble Beach. Ma il viaggio costava caro e la famiglia viveva modestamente. Non ci sarebbero mai andati.<\/p>\n\n\n\n<p class=\"wp-block-paragraph\">Tre decenni dopo, la storia ha preso una piega piuttosto spettacolare. In occasione della Monterey Car Week 2026, Temerian non si \u00e8 limitato a partecipare al pi\u00f9 prestigioso appuntamento automobilistico americano. \u00c8 arrivato l\u00ec con Curated e una vera e propria flotta di <a href=\"https:\/\/www.italpassion.fr\/it\/lamborghini\/\">Lamborghini<\/a>.<\/p>\n\n\n\n<h2 class=\"wp-block-heading\">Da una piccola officina a conduzione familiare a 14 auto per Monterey<\/h2>\n\n\n\n<p class=\"wp-block-paragraph\">Quella scena potrebbe quasi riassumere la sua carriera. Prima della partenza, i camion si riempiono di Lamborghini: <a href=\"https:\/\/www.italpassion.fr\/it\/auto\/lamborghini-diablo\/\">Diablo SV<\/a>, <a href=\"https:\/\/www.italpassion.fr\/it\/auto\/lamborghini-countach\/\">Countach LP400 S<\/a>, <a href=\"https:\/\/www.italpassion.fr\/it\/auto\/lamborghini-miura\/\">Miura<\/a> e altre rarit\u00e0. Temerian stima allora che il convoglio sia composto da \u00abcirca 14 auto\u00bb. Qualche ora dopo, i camion iniziano a scaricarle al Pebble Beach Equestrian Center.<\/p>\n\n\n\n<figure class=\"wp-block-image size-full\"><img loading=\"lazy\" decoding=\"async\" width=\"1200\" height=\"800\" src=\"https:\/\/www.italpassion.fr\/wp-content\/uploads\/2026\/08\/lambo-miura-2.jpg\" alt=\"\" class=\"wp-image-53851\" srcset=\"https:\/\/www.italpassion.fr\/wp-content\/uploads\/2026\/08\/lambo-miura-2.jpg 1200w, https:\/\/www.italpassion.fr\/wp-content\/uploads\/2026\/08\/lambo-miura-2-768x512.jpg 768w, https:\/\/www.italpassion.fr\/wp-content\/uploads\/2026\/08\/lambo-miura-2-420x280.jpg 420w, https:\/\/www.italpassion.fr\/wp-content\/uploads\/2026\/08\/lambo-miura-2-18x12.jpg 18w\" sizes=\"auto, (max-width: 1200px) 100vw, 1200px\" \/><\/figure>\n\n\n\n<figure class=\"wp-block-image size-full\"><img loading=\"lazy\" decoding=\"async\" width=\"1200\" height=\"800\" src=\"https:\/\/www.italpassion.fr\/wp-content\/uploads\/2026\/08\/lambo-violoette-2.jpg\" alt=\"\" class=\"wp-image-53850\" srcset=\"https:\/\/www.italpassion.fr\/wp-content\/uploads\/2026\/08\/lambo-violoette-2.jpg 1200w, https:\/\/www.italpassion.fr\/wp-content\/uploads\/2026\/08\/lambo-violoette-2-420x280.jpg 420w, https:\/\/www.italpassion.fr\/wp-content\/uploads\/2026\/08\/lambo-violoette-2-18x12.jpg 18w, https:\/\/www.italpassion.fr\/wp-content\/uploads\/2026\/08\/lambo-violoette-2-768x512.jpg 768w\" sizes=\"auto, (max-width: 1200px) 100vw, 1200px\" \/><\/figure>\n\n\n\n<figure class=\"wp-block-image size-full\"><img loading=\"lazy\" decoding=\"async\" width=\"1200\" height=\"800\" src=\"https:\/\/www.italpassion.fr\/wp-content\/uploads\/2026\/08\/lambo-diablo.jpg\" alt=\"\" class=\"wp-image-53849\" srcset=\"https:\/\/www.italpassion.fr\/wp-content\/uploads\/2026\/08\/lambo-diablo.jpg 1200w, https:\/\/www.italpassion.fr\/wp-content\/uploads\/2026\/08\/lambo-diablo-420x280.jpg 420w, https:\/\/www.italpassion.fr\/wp-content\/uploads\/2026\/08\/lambo-diablo-768x512.jpg 768w, https:\/\/www.italpassion.fr\/wp-content\/uploads\/2026\/08\/lambo-diablo-18x12.jpg 18w\" sizes=\"auto, (max-width: 1200px) 100vw, 1200px\" \/><\/figure>\n\n\n\n<figure class=\"wp-block-image size-full\"><img loading=\"lazy\" decoding=\"async\" width=\"1200\" height=\"800\" src=\"https:\/\/www.italpassion.fr\/wp-content\/uploads\/2026\/08\/lambo-countach.jpg\" alt=\"\" class=\"wp-image-53843\" srcset=\"https:\/\/www.italpassion.fr\/wp-content\/uploads\/2026\/08\/lambo-countach.jpg 1200w, https:\/\/www.italpassion.fr\/wp-content\/uploads\/2026\/08\/lambo-countach-768x512.jpg 768w, https:\/\/www.italpassion.fr\/wp-content\/uploads\/2026\/08\/lambo-countach-420x280.jpg 420w, https:\/\/www.italpassion.fr\/wp-content\/uploads\/2026\/08\/lambo-countach-18x12.jpg 18w\" sizes=\"auto, (max-width: 1200px) 100vw, 1200px\" \/><\/figure>\n\n\n\n<figure class=\"wp-block-image size-full\"><img loading=\"lazy\" decoding=\"async\" width=\"1200\" height=\"800\" src=\"https:\/\/www.italpassion.fr\/wp-content\/uploads\/2026\/08\/lambo-sv.jpg\" alt=\"\" class=\"wp-image-53842\" srcset=\"https:\/\/www.italpassion.fr\/wp-content\/uploads\/2026\/08\/lambo-sv.jpg 1200w, https:\/\/www.italpassion.fr\/wp-content\/uploads\/2026\/08\/lambo-sv-420x280.jpg 420w, https:\/\/www.italpassion.fr\/wp-content\/uploads\/2026\/08\/lambo-sv-768x512.jpg 768w, https:\/\/www.italpassion.fr\/wp-content\/uploads\/2026\/08\/lambo-sv-18x12.jpg 18w\" sizes=\"auto, (max-width: 1200px) 100vw, 1200px\" \/><\/figure>\n\n\n\n<figure class=\"wp-block-image size-full\"><img loading=\"lazy\" decoding=\"async\" width=\"1200\" height=\"800\" src=\"https:\/\/www.italpassion.fr\/wp-content\/uploads\/2026\/08\/lambo-murcielago.jpg\" alt=\"\" class=\"wp-image-53844\" srcset=\"https:\/\/www.italpassion.fr\/wp-content\/uploads\/2026\/08\/lambo-murcielago.jpg 1200w, https:\/\/www.italpassion.fr\/wp-content\/uploads\/2026\/08\/lambo-murcielago-420x280.jpg 420w, https:\/\/www.italpassion.fr\/wp-content\/uploads\/2026\/08\/lambo-murcielago-18x12.jpg 18w, https:\/\/www.italpassion.fr\/wp-content\/uploads\/2026\/08\/lambo-murcielago-768x512.jpg 768w\" sizes=\"auto, (max-width: 1200px) 100vw, 1200px\" \/><\/figure>\n\n\n\n<figure class=\"wp-block-image size-full\"><img loading=\"lazy\" decoding=\"async\" width=\"1200\" height=\"800\" src=\"https:\/\/www.italpassion.fr\/wp-content\/uploads\/2026\/08\/lambo-blanche.jpg\" alt=\"\" class=\"wp-image-53845\" srcset=\"https:\/\/www.italpassion.fr\/wp-content\/uploads\/2026\/08\/lambo-blanche.jpg 1200w, https:\/\/www.italpassion.fr\/wp-content\/uploads\/2026\/08\/lambo-blanche-768x512.jpg 768w, https:\/\/www.italpassion.fr\/wp-content\/uploads\/2026\/08\/lambo-blanche-420x280.jpg 420w, https:\/\/www.italpassion.fr\/wp-content\/uploads\/2026\/08\/lambo-blanche-18x12.jpg 18w\" sizes=\"auto, (max-width: 1200px) 100vw, 1200px\" \/><\/figure>\n\n\n\n<figure class=\"wp-block-image size-full\"><img loading=\"lazy\" decoding=\"async\" width=\"1200\" height=\"800\" src=\"https:\/\/www.italpassion.fr\/wp-content\/uploads\/2026\/08\/lambo-blanche2.jpg\" alt=\"\" class=\"wp-image-53846\" srcset=\"https:\/\/www.italpassion.fr\/wp-content\/uploads\/2026\/08\/lambo-blanche2.jpg 1200w, https:\/\/www.italpassion.fr\/wp-content\/uploads\/2026\/08\/lambo-blanche2-768x512.jpg 768w, https:\/\/www.italpassion.fr\/wp-content\/uploads\/2026\/08\/lambo-blanche2-18x12.jpg 18w, https:\/\/www.italpassion.fr\/wp-content\/uploads\/2026\/08\/lambo-blanche2-420x280.jpg 420w\" sizes=\"auto, (max-width: 1200px) 100vw, 1200px\" \/><\/figure>\n\n\n\n<p class=\"wp-block-paragraph\"><\/p>\n\n\n\n<p class=\"wp-block-paragraph\">E questo \u00e8 solo l\u2019inizio. Curated allestisce inoltre la sua Villa Curated sulla famosa 17-Mile Drive e organizza un rally dedicato alla Diablo. Per The Quail, l\u2019azienda riunisce addirittura circa 18 Lamborghini Diablo, contando le auto di ex clienti e alcuni esemplari del proprio parco auto. Un'immagine difficile da immaginare quando Temerian ripensa alla sua prima partecipazione all'evento, nel 2019: una sola auto, pochi mezzi e, secondo le sue stesse parole, un'esperienza che si era trasformata in un \u00abdisastro\u00bb.<\/p>\n\n\n\n<figure class=\"wp-block-image size-full\"><img loading=\"lazy\" decoding=\"async\" width=\"1200\" height=\"800\" src=\"https:\/\/www.italpassion.fr\/wp-content\/uploads\/2026\/09\/lambo-0.jpg\" alt=\"\" class=\"wp-image-53858\" srcset=\"https:\/\/www.italpassion.fr\/wp-content\/uploads\/2026\/09\/lambo-0.jpg 1200w, https:\/\/www.italpassion.fr\/wp-content\/uploads\/2026\/09\/lambo-0-420x280.jpg 420w, https:\/\/www.italpassion.fr\/wp-content\/uploads\/2026\/09\/lambo-0-18x12.jpg 18w, https:\/\/www.italpassion.fr\/wp-content\/uploads\/2026\/09\/lambo-0-768x512.jpg 768w\" sizes=\"auto, (max-width: 1200px) 100vw, 1200px\" \/><\/figure>\n\n\n\n<figure class=\"wp-block-image size-full\"><img loading=\"lazy\" decoding=\"async\" width=\"1200\" height=\"800\" src=\"https:\/\/www.italpassion.fr\/wp-content\/uploads\/2026\/09\/lambo-002.jpg\" alt=\"\" class=\"wp-image-53857\" srcset=\"https:\/\/www.italpassion.fr\/wp-content\/uploads\/2026\/09\/lambo-002.jpg 1200w, https:\/\/www.italpassion.fr\/wp-content\/uploads\/2026\/09\/lambo-002-768x512.jpg 768w, https:\/\/www.italpassion.fr\/wp-content\/uploads\/2026\/09\/lambo-002-18x12.jpg 18w, https:\/\/www.italpassion.fr\/wp-content\/uploads\/2026\/09\/lambo-002-420x280.jpg 420w\" sizes=\"auto, (max-width: 1200px) 100vw, 1200px\" \/><\/figure>\n\n\n\n<figure class=\"wp-block-image size-full\"><img loading=\"lazy\" decoding=\"async\" width=\"1200\" height=\"800\" src=\"https:\/\/www.italpassion.fr\/wp-content\/uploads\/2026\/08\/lambo-collection.jpg\" alt=\"\" class=\"wp-image-53852\" srcset=\"https:\/\/www.italpassion.fr\/wp-content\/uploads\/2026\/08\/lambo-collection.jpg 1200w, https:\/\/www.italpassion.fr\/wp-content\/uploads\/2026\/08\/lambo-collection-420x280.jpg 420w, https:\/\/www.italpassion.fr\/wp-content\/uploads\/2026\/08\/lambo-collection-18x12.jpg 18w, https:\/\/www.italpassion.fr\/wp-content\/uploads\/2026\/08\/lambo-collection-768x512.jpg 768w\" sizes=\"auto, (max-width: 1200px) 100vw, 1200px\" \/><\/figure>\n\n\n\n<h2 class=\"wp-block-heading\">Le Lamborghini tra le pi\u00f9 rare al mondo<\/h2>\n\n\n\n<p class=\"wp-block-paragraph\">La selezione riunita a Monterey fa girare la testa. Tra le altre cose, si possono ammirare una Diablo SE30 Jota da fabbrica, una Diablo GT, diverse Roadster e una rarissima <a href=\"https:\/\/www.italpassion.fr\/it\/auto\/lamborghini-gallardo\/\">Gallardo<\/a> con cambio manuale in Verde Ithaca oppure <a href=\"https:\/\/www.italpassion.fr\/it\/lamborghini\/ritrovato-al-circolo-polare-artico-il-prototipo-di-lamborghini-diabo-se30-scomparso\/\">il prototipo originale della SE30<\/a>. Curated torna anche in California <a href=\"https:\/\/www.italpassion.fr\/it\/lamborghini\/lamborghini-ha-riportato-alle-condizioni-originali-la-miura-del-chitarrista-eddie-van-halen-e-gli-ha-reso-un-commovente-omaggio-in-fabbrica\/\">la famosa Miura che \u00e8 appartenuta a Eddie Van Halen<\/a>, in occasione del 60\u00b0 anniversario del modello.<\/p>\n\n\n\n<figure class=\"wp-block-image size-full\"><img loading=\"lazy\" decoding=\"async\" width=\"1200\" height=\"800\" src=\"https:\/\/www.italpassion.fr\/wp-content\/uploads\/2026\/08\/lambo-collection-2.jpg\" alt=\"\" class=\"wp-image-53853\" srcset=\"https:\/\/www.italpassion.fr\/wp-content\/uploads\/2026\/08\/lambo-collection-2.jpg 1200w, https:\/\/www.italpassion.fr\/wp-content\/uploads\/2026\/08\/lambo-collection-2-420x280.jpg 420w, https:\/\/www.italpassion.fr\/wp-content\/uploads\/2026\/08\/lambo-collection-2-18x12.jpg 18w, https:\/\/www.italpassion.fr\/wp-content\/uploads\/2026\/08\/lambo-collection-2-768x512.jpg 768w\" sizes=\"auto, (max-width: 1200px) 100vw, 1200px\" \/><\/figure>\n\n\n\n<figure class=\"wp-block-image size-full\"><img loading=\"lazy\" decoding=\"async\" width=\"1200\" height=\"800\" src=\"https:\/\/www.italpassion.fr\/wp-content\/uploads\/2026\/08\/lambo-violoette-1.jpg\" alt=\"\" class=\"wp-image-53848\" srcset=\"https:\/\/www.italpassion.fr\/wp-content\/uploads\/2026\/08\/lambo-violoette-1.jpg 1200w, https:\/\/www.italpassion.fr\/wp-content\/uploads\/2026\/08\/lambo-violoette-1-420x280.jpg 420w, https:\/\/www.italpassion.fr\/wp-content\/uploads\/2026\/08\/lambo-violoette-1-18x12.jpg 18w, https:\/\/www.italpassion.fr\/wp-content\/uploads\/2026\/08\/lambo-violoette-1-768x512.jpg 768w\" sizes=\"auto, (max-width: 1200px) 100vw, 1200px\" \/><\/figure>\n\n\n\n<figure class=\"wp-block-image size-full\"><img loading=\"lazy\" decoding=\"async\" width=\"1200\" height=\"800\" src=\"https:\/\/www.italpassion.fr\/wp-content\/uploads\/2026\/08\/lambo-violoette.jpg\" alt=\"\" class=\"wp-image-53847\" srcset=\"https:\/\/www.italpassion.fr\/wp-content\/uploads\/2026\/08\/lambo-violoette.jpg 1200w, https:\/\/www.italpassion.fr\/wp-content\/uploads\/2026\/08\/lambo-violoette-768x512.jpg 768w, https:\/\/www.italpassion.fr\/wp-content\/uploads\/2026\/08\/lambo-violoette-18x12.jpg 18w, https:\/\/www.italpassion.fr\/wp-content\/uploads\/2026\/08\/lambo-violoette-420x280.jpg 420w\" sizes=\"auto, (max-width: 1200px) 100vw, 1200px\" \/><\/figure>\n\n\n\n<figure class=\"wp-block-image size-full\"><img loading=\"lazy\" decoding=\"async\" width=\"1200\" height=\"800\" src=\"https:\/\/www.italpassion.fr\/wp-content\/uploads\/2026\/09\/lambo-collect.jpg\" alt=\"\" class=\"wp-image-53855\" srcset=\"https:\/\/www.italpassion.fr\/wp-content\/uploads\/2026\/09\/lambo-collect.jpg 1200w, https:\/\/www.italpassion.fr\/wp-content\/uploads\/2026\/09\/lambo-collect-18x12.jpg 18w, https:\/\/www.italpassion.fr\/wp-content\/uploads\/2026\/09\/lambo-collect-420x280.jpg 420w, https:\/\/www.italpassion.fr\/wp-content\/uploads\/2026\/09\/lambo-collect-768x512.jpg 768w\" sizes=\"auto, (max-width: 1200px) 100vw, 1200px\" \/><\/figure>\n\n\n\n<figure class=\"wp-block-image size-full\"><img loading=\"lazy\" decoding=\"async\" width=\"1200\" height=\"800\" src=\"https:\/\/www.italpassion.fr\/wp-content\/uploads\/2026\/08\/lambo-centenario.jpg\" alt=\"\" class=\"wp-image-53840\" srcset=\"https:\/\/www.italpassion.fr\/wp-content\/uploads\/2026\/08\/lambo-centenario.jpg 1200w, https:\/\/www.italpassion.fr\/wp-content\/uploads\/2026\/08\/lambo-centenario-18x12.jpg 18w, https:\/\/www.italpassion.fr\/wp-content\/uploads\/2026\/08\/lambo-centenario-768x512.jpg 768w, https:\/\/www.italpassion.fr\/wp-content\/uploads\/2026\/08\/lambo-centenario-420x280.jpg 420w\" sizes=\"auto, (max-width: 1200px) 100vw, 1200px\" \/><\/figure>\n\n\n\n<figure class=\"wp-block-image size-full\"><img loading=\"lazy\" decoding=\"async\" width=\"1200\" height=\"800\" src=\"https:\/\/www.italpassion.fr\/wp-content\/uploads\/2026\/09\/lambo-colect-4.jpg\" alt=\"\" class=\"wp-image-53856\" srcset=\"https:\/\/www.italpassion.fr\/wp-content\/uploads\/2026\/09\/lambo-colect-4.jpg 1200w, https:\/\/www.italpassion.fr\/wp-content\/uploads\/2026\/09\/lambo-colect-4-18x12.jpg 18w, https:\/\/www.italpassion.fr\/wp-content\/uploads\/2026\/09\/lambo-colect-4-420x280.jpg 420w, https:\/\/www.italpassion.fr\/wp-content\/uploads\/2026\/09\/lambo-colect-4-768x512.jpg 768w\" sizes=\"auto, (max-width: 1200px) 100vw, 1200px\" \/><\/figure>\n\n\n\n<p class=\"wp-block-paragraph\">La settimana assume anche una dimensione finanziaria. In occasione dell\u2019asta di RM Sotheby\u2019s, <a href=\"https:\/\/www.italpassion.fr\/it\/lamborghini\/queste-4-lamborghini-hanno-fruttato-74-milioni-di-dollari-allo-stesso-proprietario-durante-lasta-e-ognuna-di-esse-ha-battuto-un-record\/\">quattro Lamborghini presentate da Curated<\/a> stabiliscono record, in particolare con una Countach LP400 S Series 1 aggiudicata a circa 2,34 milioni di dollari e una Murci\u00e9lago SV a circa 3,14 milioni. A suo avviso, tuttavia, questa impennata non si riduce alla sola speculazione: l\u2019aumento di valore permette anche di giustificare economicamente la manutenzione e il restauro di auto un tempo trascurate.<\/p>\n\n\n\n<h2 class=\"wp-block-heading\">\u00abIl sogno \u00e8 semplicemente quello di essere qui\u00bb<\/h2>\n\n\n\n<p class=\"wp-block-paragraph\">Pebble Beach rimane tuttavia il vero filo conduttore di questa storia. Curated vi presenta una Miura SV straordinariamente ben conservata, che mantiene in particolare gran parte della verniciatura, gli interni originali e una documentazione che ne ripercorre la storia con eccezionale precisione.<\/p>\n\n\n\n<figure class=\"wp-block-image size-full\"><img loading=\"lazy\" decoding=\"async\" width=\"1200\" height=\"800\" src=\"https:\/\/www.italpassion.fr\/wp-content\/uploads\/2026\/08\/lambo-miura.jpg\" alt=\"\" class=\"wp-image-53841\" srcset=\"https:\/\/www.italpassion.fr\/wp-content\/uploads\/2026\/08\/lambo-miura.jpg 1200w, https:\/\/www.italpassion.fr\/wp-content\/uploads\/2026\/08\/lambo-miura-768x512.jpg 768w, https:\/\/www.italpassion.fr\/wp-content\/uploads\/2026\/08\/lambo-miura-420x280.jpg 420w, https:\/\/www.italpassion.fr\/wp-content\/uploads\/2026\/08\/lambo-miura-18x12.jpg 18w\" sizes=\"auto, (max-width: 1200px) 100vw, 1200px\" \/><\/figure>\n\n\n\n<p class=\"wp-block-paragraph\">Alla fine non vincer\u00e0 la sua categoria. Ma l\u2019essenziale sta altrove. Per Temerian, essere riuscito a far partecipare l\u2019auto al Concours d\u2019Elegance \u00e8 gi\u00e0 di per s\u00e9 una vittoria. Lui, che da bambino, quando lavorava nell\u2019officina di famiglia, considerava Pebble Beach un sogno irraggiungibile, si ritrova, trent\u2019anni dopo, proprio nel cuore dell\u2019evento. Se amate le Lamborghini, il video qui sotto \u00e8 assolutamente da non perdere!<\/p>\n\n\n\n<figure class=\"wp-block-embed is-type-video is-provider-youtube wp-block-embed-youtube wp-embed-aspect-16-9 wp-has-aspect-ratio\"><div class=\"wp-block-embed__wrapper\">\n<iframe loading=\"lazy\" title=\"La nostra settimana dedicata alle auto PI\u00d9 GRANDE di sempre! Villa Curated, record d\u2019asta, Diablo Rally e molto altro ancora!\" width=\"1200\" height=\"675\" src=\"https:\/\/www.youtube-nocookie.com\/embed\/hna8rPD7K4w?feature=oembed\" frameborder=\"0\" allow=\"accelerometer; autoplay; clipboard-write; encrypted-media; gyroscope; picture-in-picture; web-share\" referrerpolicy=\"strict-origin-when-cross-origin\" allowfullscreen><\/iframe>\n<\/div><\/figure>","protected":false},"excerpt":{"rendered":"","protected":false},"author":1,"featured_media":53859,"comment_status":"open","ping_status":"open","sticky":false,"template":"","format":"standard","meta":{"_acf_changed":false,"_sitemap_exclude":false,"_sitemap_priority":"","_sitemap_frequency":"","footnotes":""},"categories":[25],"tags":[],"class_list":["post-53774","post","type-post","status-publish","format-standard","has-post-thumbnail","hentry","category-lamborghini","generate-columns","tablet-grid-50","mobile-grid-100","grid-parent","grid-33"],"acf":[],"yoast_head":"<!-- This site is optimized with the Yoast SEO plugin v25.8 - https:\/\/yoast.com\/wordpress\/plugins\/seo\/ -->\n<title>Enfant, il n&#039;avait pas les moyens d&#039;aller au plus grand concours automobile du monde : 30 ans plus tard, il y va avec 14 Lamborghini - ItalPassion<\/title>\n<meta name=\"description\" content=\"Il y a trente ans, Pebble Beach n\u2019\u00e9tait pour John Temerian qu\u2019un nom lointain, presque inaccessible. \u00c0 l\u2019\u00e9poque, celui qui allait devenir le cofondateur\" \/>\n<meta name=\"robots\" content=\"index, follow, max-snippet:-1, max-image-preview:large, max-video-preview:-1\" \/>\n<link rel=\"canonical\" href=\"https:\/\/www.italpassion.fr\/it\/lamborghini\/da-bambino-non-aveva-i-mezzi-per-andare-al-piu-grande-concorso-automobilistico-del-mondo-30-anni-dopo-ci-va-con-14-lamborghini\/\" \/>\n<meta property=\"og:locale\" content=\"it_IT\" \/>\n<meta property=\"og:type\" content=\"article\" \/>\n<meta property=\"og:title\" content=\"Enfant, il n&#039;avait pas les moyens d&#039;aller au plus grand concours automobile du monde : 30 ans plus tard, il y va avec 14 Lamborghini - ItalPassion\" \/>\n<meta property=\"og:description\" content=\"Il y a trente ans, Pebble Beach n\u2019\u00e9tait pour John Temerian qu\u2019un nom lointain, presque inaccessible. \u00c0 l\u2019\u00e9poque, celui qui allait devenir le cofondateur\" \/>\n<meta property=\"og:url\" content=\"https:\/\/www.italpassion.fr\/it\/lamborghini\/da-bambino-non-aveva-i-mezzi-per-andare-al-piu-grande-concorso-automobilistico-del-mondo-30-anni-dopo-ci-va-con-14-lamborghini\/\" \/>\n<meta property=\"og:site_name\" content=\"ItalPassion\" \/>\n<meta property=\"article:publisher\" content=\"https:\/\/www.facebook.com\/italpassion\" \/>\n<meta property=\"article:published_time\" content=\"2026-09-03T15:55:06+00:00\" \/>\n<meta property=\"og:image\" content=\"https:\/\/www.italpassion.fr\/wp-content\/uploads\/2026\/09\/lambo-002-1.jpg\" \/>\n\t<meta property=\"og:image:width\" content=\"1200\" \/>\n\t<meta property=\"og:image:height\" content=\"800\" \/>\n\t<meta property=\"og:image:type\" content=\"image\/jpeg\" \/>\n<meta name=\"author\" content=\"Alexandre Filluzeau\" \/>\n<meta name=\"twitter:card\" content=\"summary_large_image\" \/>\n<meta name=\"twitter:creator\" content=\"@italpassion\" \/>\n<meta name=\"twitter:site\" content=\"@italpassion\" \/>\n<script type=\"application\/ld+json\" class=\"yoast-schema-graph\">{\"@context\":\"https:\/\/schema.org\",\"@graph\":[{\"@type\":\"NewsArticle\",\"@id\":\"https:\/\/www.italpassion.fr\/it\/lamborghini\/enfant-il-navait-pas-les-moyens-daller-au-plus-grand-concours-automobile-du-monde-30-ans-plus-tard-il-y-va-avec-14-lamborghini\/#article\",\"isPartOf\":{\"@id\":\"https:\/\/www.italpassion.fr\/it\/lamborghini\/enfant-il-navait-pas-les-moyens-daller-au-plus-grand-concours-automobile-du-monde-30-ans-plus-tard-il-y-va-avec-14-lamborghini\/\"},\"author\":{\"name\":\"Alexandre Filluzeau\",\"@id\":\"https:\/\/www.italpassion.fr\/it\/#\/schema\/person\/36f747b2a759ca202d847e85a9434ca0\"},\"headline\":\"Enfant, il n&rsquo;avait pas les moyens d&rsquo;aller au plus grand concours automobile du monde : 30 ans plus tard, il y va avec 14 Lamborghini\",\"datePublished\":\"2026-09-03T15:55:06+00:00\",\"mainEntityOfPage\":{\"@id\":\"https:\/\/www.italpassion.fr\/it\/lamborghini\/enfant-il-navait-pas-les-moyens-daller-au-plus-grand-concours-automobile-du-monde-30-ans-plus-tard-il-y-va-avec-14-lamborghini\/\"},\"wordCount\":601,\"commentCount\":0,\"publisher\":{\"@id\":\"https:\/\/www.italpassion.fr\/it\/#organization\"},\"image\":{\"@id\":\"https:\/\/www.italpassion.fr\/it\/lamborghini\/enfant-il-navait-pas-les-moyens-daller-au-plus-grand-concours-automobile-du-monde-30-ans-plus-tard-il-y-va-avec-14-lamborghini\/#primaryimage\"},\"thumbnailUrl\":\"https:\/\/www.italpassion.fr\/wp-content\/uploads\/2026\/09\/lambo-002-1.jpg\",\"articleSection\":[\"Lamborghini\"],\"inLanguage\":\"it-IT\",\"potentialAction\":[{\"@type\":\"CommentAction\",\"name\":\"Comment\",\"target\":[\"https:\/\/www.italpassion.fr\/it\/lamborghini\/enfant-il-navait-pas-les-moyens-daller-au-plus-grand-concours-automobile-du-monde-30-ans-plus-tard-il-y-va-avec-14-lamborghini\/#respond\"]}]},{\"@type\":\"WebPage\",\"@id\":\"https:\/\/www.italpassion.fr\/it\/lamborghini\/enfant-il-navait-pas-les-moyens-daller-au-plus-grand-concours-automobile-du-monde-30-ans-plus-tard-il-y-va-avec-14-lamborghini\/\",\"url\":\"https:\/\/www.italpassion.fr\/it\/lamborghini\/enfant-il-navait-pas-les-moyens-daller-au-plus-grand-concours-automobile-du-monde-30-ans-plus-tard-il-y-va-avec-14-lamborghini\/\",\"name\":\"Enfant, il n'avait pas les moyens d'aller au plus grand concours automobile du monde : 30 ans plus tard, il y va avec 14 Lamborghini - ItalPassion\",\"isPartOf\":{\"@id\":\"https:\/\/www.italpassion.fr\/it\/#website\"},\"primaryImageOfPage\":{\"@id\":\"https:\/\/www.italpassion.fr\/it\/lamborghini\/enfant-il-navait-pas-les-moyens-daller-au-plus-grand-concours-automobile-du-monde-30-ans-plus-tard-il-y-va-avec-14-lamborghini\/#primaryimage\"},\"image\":{\"@id\":\"https:\/\/www.italpassion.fr\/it\/lamborghini\/enfant-il-navait-pas-les-moyens-daller-au-plus-grand-concours-automobile-du-monde-30-ans-plus-tard-il-y-va-avec-14-lamborghini\/#primaryimage\"},\"thumbnailUrl\":\"https:\/\/www.italpassion.fr\/wp-content\/uploads\/2026\/09\/lambo-002-1.jpg\",\"datePublished\":\"2026-09-03T15:55:06+00:00\",\"description\":\"Il y a trente ans, Pebble Beach n\u2019\u00e9tait pour John Temerian qu\u2019un nom lointain, presque inaccessible. \u00c0 l\u2019\u00e9poque, celui qui allait devenir le cofondateur\",\"breadcrumb\":{\"@id\":\"https:\/\/www.italpassion.fr\/it\/lamborghini\/enfant-il-navait-pas-les-moyens-daller-au-plus-grand-concours-automobile-du-monde-30-ans-plus-tard-il-y-va-avec-14-lamborghini\/#breadcrumb\"},\"inLanguage\":\"it-IT\",\"potentialAction\":[{\"@type\":\"ReadAction\",\"target\":[\"https:\/\/www.italpassion.fr\/it\/lamborghini\/enfant-il-navait-pas-les-moyens-daller-au-plus-grand-concours-automobile-du-monde-30-ans-plus-tard-il-y-va-avec-14-lamborghini\/\"]}]},{\"@type\":\"ImageObject\",\"inLanguage\":\"it-IT\",\"@id\":\"https:\/\/www.italpassion.fr\/it\/lamborghini\/enfant-il-navait-pas-les-moyens-daller-au-plus-grand-concours-automobile-du-monde-30-ans-plus-tard-il-y-va-avec-14-lamborghini\/#primaryimage\",\"url\":\"https:\/\/www.italpassion.fr\/wp-content\/uploads\/2026\/09\/lambo-002-1.jpg\",\"contentUrl\":\"https:\/\/www.italpassion.fr\/wp-content\/uploads\/2026\/09\/lambo-002-1.jpg\",\"width\":1200,\"height\":800},{\"@type\":\"BreadcrumbList\",\"@id\":\"https:\/\/www.italpassion.fr\/it\/lamborghini\/enfant-il-navait-pas-les-moyens-daller-au-plus-grand-concours-automobile-du-monde-30-ans-plus-tard-il-y-va-avec-14-lamborghini\/#breadcrumb\",\"itemListElement\":[{\"@type\":\"ListItem\",\"position\":1,\"name\":\"Accueil\",\"item\":\"https:\/\/www.italpassion.fr\/it\/\"},{\"@type\":\"ListItem\",\"position\":2,\"name\":\"Enfant, il n&rsquo;avait pas les moyens d&rsquo;aller au plus grand concours automobile du monde : 30 ans plus tard, il y va avec 14 Lamborghini\"}]},{\"@type\":\"WebSite\",\"@id\":\"https:\/\/www.italpassion.fr\/it\/#website\",\"url\":\"https:\/\/www.italpassion.fr\/it\/\",\"name\":\"ItalPassion\",\"description\":\"Les Passionn\u00e9s d&#039;Automobiles Italiennes\",\"publisher\":{\"@id\":\"https:\/\/www.italpassion.fr\/it\/#organization\"},\"potentialAction\":[{\"@type\":\"SearchAction\",\"target\":{\"@type\":\"EntryPoint\",\"urlTemplate\":\"https:\/\/www.italpassion.fr\/it\/?s={search_term_string}\"},\"query-input\":{\"@type\":\"PropertyValueSpecification\",\"valueRequired\":true,\"valueName\":\"search_term_string\"}}],\"inLanguage\":\"it-IT\"},{\"@type\":\"Organization\",\"@id\":\"https:\/\/www.italpassion.fr\/it\/#organization\",\"name\":\"Italpassion\",\"url\":\"https:\/\/www.italpassion.fr\/it\/\",\"logo\":{\"@type\":\"ImageObject\",\"inLanguage\":\"it-IT\",\"@id\":\"https:\/\/www.italpassion.fr\/it\/#\/schema\/logo\/image\/\",\"url\":\"https:\/\/www.italpassion.fr\/wp-content\/uploads\/2023\/07\/italpassion-yoast.jpg\",\"contentUrl\":\"https:\/\/www.italpassion.fr\/wp-content\/uploads\/2023\/07\/italpassion-yoast.jpg\",\"width\":696,\"height\":696,\"caption\":\"Italpassion\"},\"image\":{\"@id\":\"https:\/\/www.italpassion.fr\/it\/#\/schema\/logo\/image\/\"},\"sameAs\":[\"https:\/\/www.facebook.com\/italpassion\",\"https:\/\/x.com\/italpassion\",\"https:\/\/www.instagram.com\/italpassionfr\/\",\"https:\/\/www.youtube.com\/channel\/UCleq-ByQaA42OjhopwevRjQ\",\"https:\/\/www.facebook.com\/italpassion.en\/\",\"https:\/\/www.facebook.com\/italpassion.it\/\",\"https:\/\/www.facebook.com\/italpassion.de\/\",\"https:\/\/www.facebook.com\/italpassion.ja\/\"]},{\"@type\":\"Person\",\"@id\":\"https:\/\/www.italpassion.fr\/it\/#\/schema\/person\/36f747b2a759ca202d847e85a9434ca0\",\"name\":\"Alexandre Filluzeau\",\"image\":{\"@type\":\"ImageObject\",\"inLanguage\":\"it-IT\",\"@id\":\"https:\/\/www.italpassion.fr\/it\/#\/schema\/person\/image\/\",\"url\":\"https:\/\/www.italpassion.fr\/wp-content\/uploads\/2025\/04\/avatar-alexandre-160x160.jpg\",\"contentUrl\":\"https:\/\/www.italpassion.fr\/wp-content\/uploads\/2025\/04\/avatar-alexandre-160x160.jpg\",\"caption\":\"Alexandre Filluzeau\"},\"description\":\"Fondateur du site ItalPassion, passionn\u00e9 de voitures italiennes et de l'Italie en g\u00e9n\u00e9ral. J'apporte un regard critique et technique aux actualit\u00e9s des marques italiennes quand cela est possible. Propri\u00e9taire d'une Maserati GranTurismo, Alfa Romeo MiTo, Lancia Fulvia et Ducati 695. Ex-propri\u00e9taire d'une Alfa Romeo Giulia.\",\"sameAs\":[\"https:\/\/www.italpassion.fr\/\"],\"url\":\"https:\/\/www.italpassion.fr\/it\/author\/alexandre\/\"}]}<\/script>\n<!-- \/ Yoast SEO plugin. -->","yoast_head_json":{"title":"Da bambino non aveva i mezzi per partecipare al pi\u00f9 grande concorso automobilistico del mondo: 30 anni dopo, ci va con 14 Lamborghini - ItalPassion","description":"Trent\u2019anni fa, Pebble Beach era per John Temerian solo un nome lontano, quasi irraggiungibile. All\u2019epoca, colui che sarebbe poi diventato il cofondatore","robots":{"index":"index","follow":"follow","max-snippet":"max-snippet:-1","max-image-preview":"max-image-preview:large","max-video-preview":"max-video-preview:-1"},"canonical":"https:\/\/www.italpassion.fr\/it\/lamborghini\/da-bambino-non-aveva-i-mezzi-per-andare-al-piu-grande-concorso-automobilistico-del-mondo-30-anni-dopo-ci-va-con-14-lamborghini\/","og_locale":"it_IT","og_type":"article","og_title":"Enfant, il n'avait pas les moyens d'aller au plus grand concours automobile du monde : 30 ans plus tard, il y va avec 14 Lamborghini - ItalPassion","og_description":"Il y a trente ans, Pebble Beach n\u2019\u00e9tait pour John Temerian qu\u2019un nom lointain, presque inaccessible. \u00c0 l\u2019\u00e9poque, celui qui allait devenir le cofondateur","og_url":"https:\/\/www.italpassion.fr\/it\/lamborghini\/da-bambino-non-aveva-i-mezzi-per-andare-al-piu-grande-concorso-automobilistico-del-mondo-30-anni-dopo-ci-va-con-14-lamborghini\/","og_site_name":"ItalPassion","article_publisher":"https:\/\/www.facebook.com\/italpassion","article_published_time":"2026-09-03T15:55:06+00:00","og_image":[{"width":1200,"height":800,"url":"https:\/\/www.italpassion.fr\/wp-content\/uploads\/2026\/09\/lambo-002-1.jpg","type":"image\/jpeg"}],"author":"Alexandre Filluzeau","twitter_card":"summary_large_image","twitter_creator":"@italpassion","twitter_site":"@italpassion","schema":{"@context":"https:\/\/schema.org","@graph":[{"@type":"NewsArticle","@id":"https:\/\/www.italpassion.fr\/it\/lamborghini\/enfant-il-navait-pas-les-moyens-daller-au-plus-grand-concours-automobile-du-monde-30-ans-plus-tard-il-y-va-avec-14-lamborghini\/#article","isPartOf":{"@id":"https:\/\/www.italpassion.fr\/it\/lamborghini\/enfant-il-navait-pas-les-moyens-daller-au-plus-grand-concours-automobile-du-monde-30-ans-plus-tard-il-y-va-avec-14-lamborghini\/"},"author":{"name":"Alexandre Filluzeau","@id":"https:\/\/www.italpassion.fr\/it\/#\/schema\/person\/36f747b2a759ca202d847e85a9434ca0"},"headline":"Enfant, il n&rsquo;avait pas les moyens d&rsquo;aller au plus grand concours automobile du monde : 30 ans plus tard, il y va avec 14 Lamborghini","datePublished":"2026-09-03T15:55:06+00:00","mainEntityOfPage":{"@id":"https:\/\/www.italpassion.fr\/it\/lamborghini\/enfant-il-navait-pas-les-moyens-daller-au-plus-grand-concours-automobile-du-monde-30-ans-plus-tard-il-y-va-avec-14-lamborghini\/"},"wordCount":601,"commentCount":0,"publisher":{"@id":"https:\/\/www.italpassion.fr\/it\/#organization"},"image":{"@id":"https:\/\/www.italpassion.fr\/it\/lamborghini\/enfant-il-navait-pas-les-moyens-daller-au-plus-grand-concours-automobile-du-monde-30-ans-plus-tard-il-y-va-avec-14-lamborghini\/#primaryimage"},"thumbnailUrl":"https:\/\/www.italpassion.fr\/wp-content\/uploads\/2026\/09\/lambo-002-1.jpg","articleSection":["Lamborghini"],"inLanguage":"it-IT","potentialAction":[{"@type":"CommentAction","name":"Comment","target":["https:\/\/www.italpassion.fr\/it\/lamborghini\/enfant-il-navait-pas-les-moyens-daller-au-plus-grand-concours-automobile-du-monde-30-ans-plus-tard-il-y-va-avec-14-lamborghini\/#respond"]}]},{"@type":"WebPage","@id":"https:\/\/www.italpassion.fr\/it\/lamborghini\/enfant-il-navait-pas-les-moyens-daller-au-plus-grand-concours-automobile-du-monde-30-ans-plus-tard-il-y-va-avec-14-lamborghini\/","url":"https:\/\/www.italpassion.fr\/it\/lamborghini\/enfant-il-navait-pas-les-moyens-daller-au-plus-grand-concours-automobile-du-monde-30-ans-plus-tard-il-y-va-avec-14-lamborghini\/","name":"Da bambino non aveva i mezzi per partecipare al pi\u00f9 grande concorso automobilistico del mondo: 30 anni dopo, ci va con 14 Lamborghini - ItalPassion","isPartOf":{"@id":"https:\/\/www.italpassion.fr\/it\/#website"},"primaryImageOfPage":{"@id":"https:\/\/www.italpassion.fr\/it\/lamborghini\/enfant-il-navait-pas-les-moyens-daller-au-plus-grand-concours-automobile-du-monde-30-ans-plus-tard-il-y-va-avec-14-lamborghini\/#primaryimage"},"image":{"@id":"https:\/\/www.italpassion.fr\/it\/lamborghini\/enfant-il-navait-pas-les-moyens-daller-au-plus-grand-concours-automobile-du-monde-30-ans-plus-tard-il-y-va-avec-14-lamborghini\/#primaryimage"},"thumbnailUrl":"https:\/\/www.italpassion.fr\/wp-content\/uploads\/2026\/09\/lambo-002-1.jpg","datePublished":"2026-09-03T15:55:06+00:00","description":"Trent\u2019anni fa, Pebble Beach era per John Temerian solo un nome lontano, quasi irraggiungibile. All\u2019epoca, colui che sarebbe poi diventato il cofondatore","breadcrumb":{"@id":"https:\/\/www.italpassion.fr\/it\/lamborghini\/enfant-il-navait-pas-les-moyens-daller-au-plus-grand-concours-automobile-du-monde-30-ans-plus-tard-il-y-va-avec-14-lamborghini\/#breadcrumb"},"inLanguage":"it-IT","potentialAction":[{"@type":"ReadAction","target":["https:\/\/www.italpassion.fr\/it\/lamborghini\/enfant-il-navait-pas-les-moyens-daller-au-plus-grand-concours-automobile-du-monde-30-ans-plus-tard-il-y-va-avec-14-lamborghini\/"]}]},{"@type":"ImageObject","inLanguage":"it-IT","@id":"https:\/\/www.italpassion.fr\/it\/lamborghini\/enfant-il-navait-pas-les-moyens-daller-au-plus-grand-concours-automobile-du-monde-30-ans-plus-tard-il-y-va-avec-14-lamborghini\/#primaryimage","url":"https:\/\/www.italpassion.fr\/wp-content\/uploads\/2026\/09\/lambo-002-1.jpg","contentUrl":"https:\/\/www.italpassion.fr\/wp-content\/uploads\/2026\/09\/lambo-002-1.jpg","width":1200,"height":800},{"@type":"BreadcrumbList","@id":"https:\/\/www.italpassion.fr\/it\/lamborghini\/enfant-il-navait-pas-les-moyens-daller-au-plus-grand-concours-automobile-du-monde-30-ans-plus-tard-il-y-va-avec-14-lamborghini\/#breadcrumb","itemListElement":[{"@type":"ListItem","position":1,"name":"Accueil","item":"https:\/\/www.italpassion.fr\/it\/"},{"@type":"ListItem","position":2,"name":"Enfant, il n&rsquo;avait pas les moyens d&rsquo;aller au plus grand concours automobile du monde : 30 ans plus tard, il y va avec 14 Lamborghini"}]},{"@type":"WebSite","@id":"https:\/\/www.italpassion.fr\/it\/#website","url":"https:\/\/www.italpassion.fr\/it\/","name":"ItalPassion","description":"Appassionati di auto italiane","publisher":{"@id":"https:\/\/www.italpassion.fr\/it\/#organization"},"potentialAction":[{"@type":"SearchAction","target":{"@type":"EntryPoint","urlTemplate":"https:\/\/www.italpassion.fr\/it\/?s={search_term_string}"},"query-input":{"@type":"PropertyValueSpecification","valueRequired":true,"valueName":"search_term_string"}}],"inLanguage":"it-IT"},{"@type":"Organization","@id":"https:\/\/www.italpassion.fr\/it\/#organization","name":"Italpassion","url":"https:\/\/www.italpassion.fr\/it\/","logo":{"@type":"ImageObject","inLanguage":"it-IT","@id":"https:\/\/www.italpassion.fr\/it\/#\/schema\/logo\/image\/","url":"https:\/\/www.italpassion.fr\/wp-content\/uploads\/2023\/07\/italpassion-yoast.jpg","contentUrl":"https:\/\/www.italpassion.fr\/wp-content\/uploads\/2023\/07\/italpassion-yoast.jpg","width":696,"height":696,"caption":"Italpassion"},"image":{"@id":"https:\/\/www.italpassion.fr\/it\/#\/schema\/logo\/image\/"},"sameAs":["https:\/\/www.facebook.com\/italpassion","https:\/\/x.com\/italpassion","https:\/\/www.instagram.com\/italpassionfr\/","https:\/\/www.youtube.com\/channel\/UCleq-ByQaA42OjhopwevRjQ","https:\/\/www.facebook.com\/italpassion.en\/","https:\/\/www.facebook.com\/italpassion.it\/","https:\/\/www.facebook.com\/italpassion.de\/","https:\/\/www.facebook.com\/italpassion.ja\/"]},{"@type":"Person","@id":"https:\/\/www.italpassion.fr\/it\/#\/schema\/person\/36f747b2a759ca202d847e85a9434ca0","name":"Alexandre Filluzeau","image":{"@type":"ImageObject","inLanguage":"it-IT","@id":"https:\/\/www.italpassion.fr\/it\/#\/schema\/person\/image\/","url":"https:\/\/www.italpassion.fr\/wp-content\/uploads\/2025\/04\/avatar-alexandre-160x160.jpg","contentUrl":"https:\/\/www.italpassion.fr\/wp-content\/uploads\/2025\/04\/avatar-alexandre-160x160.jpg","caption":"Alexandre Filluzeau"},"description":"Fondatore del sito ItalPassion, appassionato di auto italiane e dell'Italia in generale. Porto un occhio critico e tecnico alle notizie dei marchi italiani, quando possibile. Proprietario di una Maserati GranTurismo, di un'Alfa Romeo MiTo, di una Lancia Fulvia e di una Ducati 695. Ex proprietario di un'Alfa Romeo Giulia.","sameAs":["https:\/\/www.italpassion.fr\/"],"url":"https:\/\/www.italpassion.fr\/it\/author\/alexandre\/"}]}},"_links":{"self":[{"href":"https:\/\/www.italpassion.fr\/it\/wp-json\/wp\/v2\/posts\/53774","targetHints":{"allow":["GET"]}}],"collection":[{"href":"https:\/\/www.italpassion.fr\/it\/wp-json\/wp\/v2\/posts"}],"about":[{"href":"https:\/\/www.italpassion.fr\/it\/wp-json\/wp\/v2\/types\/post"}],"author":[{"embeddable":true,"href":"https:\/\/www.italpassion.fr\/it\/wp-json\/wp\/v2\/users\/1"}],"replies":[{"embeddable":true,"href":"https:\/\/www.italpassion.fr\/it\/wp-json\/wp\/v2\/comments?post=53774"}],"version-history":[{"count":3,"href":"https:\/\/www.italpassion.fr\/it\/wp-json\/wp\/v2\/posts\/53774\/revisions"}],"predecessor-version":[{"id":53936,"href":"https:\/\/www.italpassion.fr\/it\/wp-json\/wp\/v2\/posts\/53774\/revisions\/53936"}],"wp:featuredmedia":[{"embeddable":true,"href":"https:\/\/www.italpassion.fr\/it\/wp-json\/wp\/v2\/media\/53859"}],"wp:attachment":[{"href":"https:\/\/www.italpassion.fr\/it\/wp-json\/wp\/v2\/media?parent=53774"}],"wp:term":[{"taxonomy":"category","embeddable":true,"href":"https:\/\/www.italpassion.fr\/it\/wp-json\/wp\/v2\/categories?post=53774"},{"taxonomy":"post_tag","embeddable":true,"href":"https:\/\/www.italpassion.fr\/it\/wp-json\/wp\/v2\/tags?post=53774"}],"curies":[{"name":"wp","href":"https:\/\/api.w.org\/{rel}","templated":true}]}}