{"id":53731,"date":"2026-09-03T11:31:24","date_gmt":"2026-09-03T09:31:24","guid":{"rendered":"https:\/\/www.italpassion.fr\/?p=53731"},"modified":"2026-09-01T11:09:45","modified_gmt":"2026-09-01T09:09:45","slug":"il-responsabile-del-design-della-maserati-ha-chiesto-a-giorgetto-giugiaro-cose-il-design-italiano-la-sua-risposta-non-esiste","status":"publish","type":"post","link":"https:\/\/www.italpassion.fr\/it\/maserati\/le-patron-du-design-maserati-a-demande-a-giorgetto-giugiaro-ce-quest-le-design-italien-sa-reponse-ca-nexiste-pas\/","title":{"rendered":"Il responsabile del design della Maserati ha chiesto a Giorgetto Giugiaro cosa fosse il design italiano; la sua risposta: \u2018Non esiste\u2019"},"content":{"rendered":"<figure class=\"wp-block-image size-full\"><img loading=\"lazy\" decoding=\"async\" width=\"1200\" height=\"800\" src=\"https:\/\/www.italpassion.fr\/wp-content\/uploads\/2026\/08\/klaus-maserati.jpg\" alt=\"\" class=\"wp-image-53828\" srcset=\"https:\/\/www.italpassion.fr\/wp-content\/uploads\/2026\/08\/klaus-maserati.jpg 1200w, https:\/\/www.italpassion.fr\/wp-content\/uploads\/2026\/08\/klaus-maserati-18x12.jpg 18w, https:\/\/www.italpassion.fr\/wp-content\/uploads\/2026\/08\/klaus-maserati-768x512.jpg 768w, https:\/\/www.italpassion.fr\/wp-content\/uploads\/2026\/08\/klaus-maserati-420x280.jpg 420w\" sizes=\"auto, (max-width: 1200px) 100vw, 1200px\" \/><\/figure>\n\n\n\n<p class=\"wp-block-paragraph\">Quando nel 2015 ha assunto la responsabilit\u00e0 del design dei marchi italiani, Klaus Busse si \u00e8 trovato di fronte a una domanda tanto semplice quanto impegnativa: cosa rende un disegno veramente italiano? Anzich\u00e9 accontentarsi della propria interpretazione, l\u2019attuale responsabile del design di <a href=\"https:\/\/www.italpassion.fr\/it\/maserati\/\">Maserati<\/a> ha posto la domanda a una delle persone che difficilmente avrebbe potuto trovarsi in una posizione migliore per rispondere: Giorgetto Giugiaro.<\/p>\n\n\n\n<p class=\"wp-block-paragraph\">In una lunga intervista concessa al podcast <em>Chapter Talks \u2014 Design<\/em>, Klaus Busse racconta questa conversazione e la risposta a dir poco sconcertante del maestro italiano. Una risposta che alla fine ha influenzato profondamente il suo modo di concepire la Maserati e, pi\u00f9 in generale, il design automobilistico italiano.<\/p>\n\n\n\n<h2 class=\"wp-block-heading\">Dalla Germania e dagli Stati Uniti fino alla Maserati<\/h2>\n\n\n\n<p class=\"wp-block-paragraph\">La storia ha qualcosa di particolare, poich\u00e9 Klaus Busse non \u00e8 italiano. Nato in Germania, ha svolto gran parte della sua carriera presso Mercedes-Benz nel 1995, prima di trasferirsi negli Stati Uniti nel 2005 per entrare a far parte del mondo di Chrysler e FCA. Nel 2015 ha assunto la responsabilit\u00e0 del design di Maserati.<\/p>\n\n\n\n<p class=\"wp-block-paragraph\">Busse spiega di aver imparato alla Mercedes quella che definisce \u00abla vera arte del design automobilistico\u00bb. Il suo soggiorno negli Stati Uniti gli avrebbe poi insegnato un\u2019altra disciplina: il <em>narrazione culturale<\/em>, ovvero la capacit\u00e0 di un oggetto di raccontare e rappresentare la cultura da cui proviene.<\/p>\n\n\n\n<p class=\"wp-block-paragraph\">Quando gli fu proposto di assumere la guida del design dei marchi italiani, gli apparve subito chiaro che non voleva realizzare in Italia n\u00e9 un design tedesco n\u00e9 un design americano. Voleva capire cosa significasse davvero fare design italiano. Rimaneva per\u00f2 un problema: come definirlo?<\/p>\n\n\n\n<h2 class=\"wp-block-heading\">Klaus Busse pone la domanda a Giorgetto Giugiaro<\/h2>\n\n\n\n<p class=\"wp-block-paragraph\">Kaus Busse non voleva basare questa definizione esclusivamente sulla propria sensibilit\u00e0. Decise quindi di rivolgersi a Giorgetto Giugiaro. La scelta, ovviamente, non \u00e8 affatto casuale. Nell\u2019intervista, il responsabile del design Maserati lo presenta come probabilmente uno dei pi\u00f9 importanti designer automobilistici della storia. Volkswagen Golf, Fiat Panda, Lotus Esprit, ma anche diverse Maserati: il percorso di Giugiaro attraversa decenni di creazione automobilistica.<\/p>\n\n\n\n<p class=\"wp-block-paragraph\">Kaus Busse gli pone quindi direttamente la domanda: che cos\u2019\u00e8 il design italiano? La prima reazione di Giugiaro lo spiazza. Il designer italiano scoppia a ridere prima di rispondergli, in sostanza, che \u00abil design italiano non esiste\u00bb.<\/p>\n\n\n\n<p class=\"wp-block-paragraph\">Una risposta a dir poco sorprendente, se si pensa all\u2019influenza mondiale delle carrozzerie italiane. Ma Giorgetto Giugiaro prosegue il suo ragionamento: ha sempre cercato di realizzare \u00abil meglio\u00bb di ci\u00f2 che era possibile realizzare in un dato momento. E per lui, \u00e8 proprio questo il design italiano.<\/p>\n\n\n\n<h2 class=\"wp-block-heading\">Il \u00absegreto\u00bb starebbe nel non aver paura di cambiare tutto<\/h2>\n\n\n\n<p class=\"wp-block-paragraph\">Kaus Busse ricava da questo scambio una filosofia molto pi\u00f9 interessante di una semplice ricetta estetica. Il design italiano non sarebbe quindi un insieme di forme, proporzioni o dettagli da riprodurre di generazione in generazione. Consisterebbe piuttosto nell\u2019utilizzare tutte le possibilit\u00e0 disponibili in un determinato momento: la cultura, gli strumenti del designer, ma anche le nuove tecnologie e i progressi tecnici, per poi combinarli al fine di creare quella che sembra essere la migliore risposta possibile in quel preciso istante.<\/p>\n\n\n\n<p class=\"wp-block-paragraph\">Per spiegare questa differenza, Kaus Busse contrappone questa filosofia all\u2019approccio pi\u00f9 evolutivo che ha conosciuto alla Mercedes. In occasione della presentazione di una nuova SL, racconta, era possibile riunire le generazioni precedenti per mostrare la continuit\u00e0 del modello e questa progressione verso una forma di perfezione.<\/p>\n\n\n\n<p class=\"wp-block-paragraph\">L\u2019Italia sarebbe capace di un approccio molto pi\u00f9 radicale. Kaus Busse cita l\u2019esempio del passaggio dagli anni \u201960 agli anni \u201970. Dopo aver realizzato alcune delle carrozzerie scultoree pi\u00f9 ammirate dell\u2019epoca, i designer italiani non hanno esitato a passare al <em>design a cuneo<\/em>, caratterizzato da linee tese e spigoli molto pi\u00f9 netti, quando la tecnologia e la societ\u00e0 hanno permesso di esplorare questa nuova direzione.<\/p>\n\n\n\n<p class=\"wp-block-paragraph\">Il fatto di aver realizzato qualcosa di magnifico ieri non impedisce quindi di fare qualcosa di completamente diverso domani. Per Kaus Busse, questa \u00abaudacia\u00bb, questo coraggio di ripartire verso un\u2019idea nuova, \u00e8 profondamente radicata nella cultura italiana.<\/p>\n\n\n\n<h2 class=\"wp-block-heading\">Una filosofia che Maserati mette in pratica ancora oggi<\/h2>\n\n\n\n<p class=\"wp-block-paragraph\">Questa riflessione permette inoltre di comprendere meglio il linguaggio estetico che Klaus Busse cerca di conferire alle Maserati contemporanee.<\/p>\n\n\n\n<p class=\"wp-block-paragraph\">Il designer individua tre fattori in grado di trasformare il design: la tecnologia, gli strumenti creativi e l\u2019evoluzione della societ\u00e0. In particolare, fornisce un esempio storico molto concreto. Negli anni \u201950, i finestrini laterali piatti imponevano determinate forme alle carrozzerie. L\u2019arrivo dei finestrini curvi ha poi offerto maggiore libert\u00e0. Laddove altri avrebbero potuto mantenere gli stessi volumi per abitudine, gli italiani hanno approfittato di questa possibilit\u00e0 tecnica per cambiare radicalmente le loro silhouette.<\/p>\n\n\n\n<p class=\"wp-block-paragraph\">Questa ricerca si ritrova oggi in Maserati nella volont\u00e0 di evitare gli artifici. Secondo Busse, un\u2019auto sportiva non ha bisogno di accumulare segni esteriori di aggressivit\u00e0 per dimostrare le proprie prestazioni. Egli critica in particolare i falsi terminali di scarico o le grandi prese d\u2019aria fittizie utilizzate come semplici elementi estetici.<\/p>\n\n\n\n<p class=\"wp-block-paragraph\">Il <a href=\"https:\/\/www.italpassion.fr\/it\/auto\/maserati-mc20\/\">MC20<\/a> illustra particolarmente bene questo approccio. Maserati avrebbe potuto tranquillamente aumentare il numero delle prese d\u2019aria e aggiungere un imponente alettone per accentuare visivamente il suo status di supercar. Il team di progettazione ha invece scelto l\u2019approccio opposto: lavorare sull\u2019aerodinamica affinch\u00e9 fosse la carrozzeria stessa a svolgere questa funzione e ridurre il pi\u00f9 possibile le prese d\u2019aria visibili.<\/p>\n\n\n\n<h2 class=\"wp-block-heading\">E domani?<\/h2>\n\n\n\n<p class=\"wp-block-paragraph\">Questa filosofia potrebbe assumere un significato ancora maggiore nei prossimi anni. Interrogato sul futuro dell\u2019automobile entro il 2035 o il 2036, Klaus Busse immagina un panorama profondamente trasformato dalla guida autonoma. Senza conducente, alcuni elementi oggi indispensabili potrebbero perdere la loro funzione: la calandra con l\u2019elettrificazione, ma anche, a lungo termine, i fari cos\u00ec come li conosciamo. Le auto potrebbero quindi privilegiare lo spazio interno e finire per adottare silhouette sempre pi\u00f9 simili tra loro.<\/p>\n\n\n\n<p class=\"wp-block-paragraph\">Un marchio di lusso come Maserati deve invece aggiungere qualcosa di molto meno razionale: il sogno e l\u2019emozione. Anche in un futuro in cui i vincoli tecnici porterebbero le automobili ad assomigliarsi tutte, Klaus Busse ritiene che Maserati dovr\u00e0 continuare a esprimere esternamente la meccanica e l\u2019emozione piuttosto che limitarsi a mettere in risalto lo spazio disponibile.<\/p>\n\n\n\n<figure class=\"wp-block-embed is-type-video is-provider-youtube wp-block-embed-youtube wp-embed-aspect-4-3 wp-has-aspect-ratio\"><div class=\"wp-block-embed__wrapper\">\n<iframe loading=\"lazy\" title=\"Chapter Talks \u2014 Design Episodio 39 | Klaus Busse (Responsabile del Design Maserati)\" width=\"1200\" height=\"900\" src=\"https:\/\/www.youtube-nocookie.com\/embed\/XxjTMCSQxbI?feature=oembed\" frameborder=\"0\" allow=\"accelerometer; autoplay; clipboard-write; encrypted-media; gyroscope; picture-in-picture; web-share\" referrerpolicy=\"strict-origin-when-cross-origin\" allowfullscreen><\/iframe>\n<\/div><\/figure>","protected":false},"excerpt":{"rendered":"","protected":false},"author":1,"featured_media":53828,"comment_status":"open","ping_status":"open","sticky":false,"template":"","format":"standard","meta":{"_acf_changed":false,"_sitemap_exclude":false,"_sitemap_priority":"","_sitemap_frequency":"","footnotes":""},"categories":[27],"tags":[407],"class_list":["post-53731","post","type-post","status-publish","format-standard","has-post-thumbnail","hentry","category-maserati","tag-klaus-busse","generate-columns","tablet-grid-50","mobile-grid-100","grid-parent","grid-33"],"acf":[],"yoast_head":"<!-- This site is optimized with the Yoast SEO plugin v25.8 - https:\/\/yoast.com\/wordpress\/plugins\/seo\/ -->\n<title>Le patron du design Maserati a demand\u00e9 \u00e0 Giorgetto Giugiaro ce qu&#039;est le design italien, sa r\u00e9ponse : &#039;\u00e7a n&#039;existe pas&#039; - ItalPassion<\/title>\n<meta name=\"description\" content=\"Lorsqu\u2019il a pris la responsabilit\u00e9 du design des marques italiennes en 2015, Klaus Busse s\u2019est retrouv\u00e9 face \u00e0 une question aussi simple qu\u2019intimidante :\" \/>\n<meta name=\"robots\" content=\"index, follow, max-snippet:-1, max-image-preview:large, max-video-preview:-1\" \/>\n<link rel=\"canonical\" href=\"https:\/\/www.italpassion.fr\/it\/maserati\/il-responsabile-del-design-della-maserati-ha-chiesto-a-giorgetto-giugiaro-cose-il-design-italiano-la-sua-risposta-non-esiste\/\" \/>\n<meta property=\"og:locale\" content=\"it_IT\" \/>\n<meta property=\"og:type\" content=\"article\" \/>\n<meta property=\"og:title\" content=\"Le patron du design Maserati a demand\u00e9 \u00e0 Giorgetto Giugiaro ce qu&#039;est le design italien, sa r\u00e9ponse : &#039;\u00e7a n&#039;existe pas&#039; - ItalPassion\" \/>\n<meta property=\"og:description\" content=\"Lorsqu\u2019il a pris la responsabilit\u00e9 du design des marques italiennes en 2015, Klaus Busse s\u2019est retrouv\u00e9 face \u00e0 une question aussi simple qu\u2019intimidante :\" \/>\n<meta property=\"og:url\" content=\"https:\/\/www.italpassion.fr\/it\/maserati\/il-responsabile-del-design-della-maserati-ha-chiesto-a-giorgetto-giugiaro-cose-il-design-italiano-la-sua-risposta-non-esiste\/\" \/>\n<meta property=\"og:site_name\" content=\"ItalPassion\" \/>\n<meta property=\"article:publisher\" content=\"https:\/\/www.facebook.com\/italpassion\" \/>\n<meta property=\"article:published_time\" content=\"2026-09-03T09:31:24+00:00\" \/>\n<meta property=\"og:image\" content=\"https:\/\/www.italpassion.fr\/wp-content\/uploads\/2026\/08\/klaus-maserati.jpg\" \/>\n\t<meta property=\"og:image:width\" content=\"1200\" \/>\n\t<meta property=\"og:image:height\" content=\"800\" \/>\n\t<meta property=\"og:image:type\" content=\"image\/jpeg\" \/>\n<meta name=\"author\" content=\"Alexandre Filluzeau\" \/>\n<meta name=\"twitter:card\" content=\"summary_large_image\" \/>\n<meta name=\"twitter:creator\" content=\"@italpassion\" \/>\n<meta name=\"twitter:site\" content=\"@italpassion\" \/>\n<script type=\"application\/ld+json\" class=\"yoast-schema-graph\">{\"@context\":\"https:\/\/schema.org\",\"@graph\":[{\"@type\":\"NewsArticle\",\"@id\":\"https:\/\/www.italpassion.fr\/it\/maserati\/le-patron-du-design-maserati-a-demande-a-giorgetto-giugiaro-ce-quest-le-design-italien-sa-reponse-ca-nexiste-pas\/#article\",\"isPartOf\":{\"@id\":\"https:\/\/www.italpassion.fr\/it\/maserati\/le-patron-du-design-maserati-a-demande-a-giorgetto-giugiaro-ce-quest-le-design-italien-sa-reponse-ca-nexiste-pas\/\"},\"author\":{\"name\":\"Alexandre Filluzeau\",\"@id\":\"https:\/\/www.italpassion.fr\/it\/#\/schema\/person\/36f747b2a759ca202d847e85a9434ca0\"},\"headline\":\"Le patron du design Maserati a demand\u00e9 \u00e0 Giorgetto Giugiaro ce qu&rsquo;est le design italien, sa r\u00e9ponse : &lsquo;\u00e7a n&rsquo;existe pas&rsquo;\",\"datePublished\":\"2026-09-03T09:31:24+00:00\",\"mainEntityOfPage\":{\"@id\":\"https:\/\/www.italpassion.fr\/it\/maserati\/le-patron-du-design-maserati-a-demande-a-giorgetto-giugiaro-ce-quest-le-design-italien-sa-reponse-ca-nexiste-pas\/\"},\"wordCount\":1143,\"commentCount\":0,\"publisher\":{\"@id\":\"https:\/\/www.italpassion.fr\/it\/#organization\"},\"image\":{\"@id\":\"https:\/\/www.italpassion.fr\/it\/maserati\/le-patron-du-design-maserati-a-demande-a-giorgetto-giugiaro-ce-quest-le-design-italien-sa-reponse-ca-nexiste-pas\/#primaryimage\"},\"thumbnailUrl\":\"https:\/\/www.italpassion.fr\/wp-content\/uploads\/2026\/08\/klaus-maserati.jpg\",\"keywords\":[\"Klaus Busse\"],\"articleSection\":[\"Maserati\"],\"inLanguage\":\"it-IT\",\"potentialAction\":[{\"@type\":\"CommentAction\",\"name\":\"Comment\",\"target\":[\"https:\/\/www.italpassion.fr\/it\/maserati\/le-patron-du-design-maserati-a-demande-a-giorgetto-giugiaro-ce-quest-le-design-italien-sa-reponse-ca-nexiste-pas\/#respond\"]}]},{\"@type\":\"WebPage\",\"@id\":\"https:\/\/www.italpassion.fr\/it\/maserati\/le-patron-du-design-maserati-a-demande-a-giorgetto-giugiaro-ce-quest-le-design-italien-sa-reponse-ca-nexiste-pas\/\",\"url\":\"https:\/\/www.italpassion.fr\/it\/maserati\/le-patron-du-design-maserati-a-demande-a-giorgetto-giugiaro-ce-quest-le-design-italien-sa-reponse-ca-nexiste-pas\/\",\"name\":\"Le patron du design Maserati a demand\u00e9 \u00e0 Giorgetto Giugiaro ce qu'est le design italien, sa r\u00e9ponse : '\u00e7a n'existe pas' - ItalPassion\",\"isPartOf\":{\"@id\":\"https:\/\/www.italpassion.fr\/it\/#website\"},\"primaryImageOfPage\":{\"@id\":\"https:\/\/www.italpassion.fr\/it\/maserati\/le-patron-du-design-maserati-a-demande-a-giorgetto-giugiaro-ce-quest-le-design-italien-sa-reponse-ca-nexiste-pas\/#primaryimage\"},\"image\":{\"@id\":\"https:\/\/www.italpassion.fr\/it\/maserati\/le-patron-du-design-maserati-a-demande-a-giorgetto-giugiaro-ce-quest-le-design-italien-sa-reponse-ca-nexiste-pas\/#primaryimage\"},\"thumbnailUrl\":\"https:\/\/www.italpassion.fr\/wp-content\/uploads\/2026\/08\/klaus-maserati.jpg\",\"datePublished\":\"2026-09-03T09:31:24+00:00\",\"description\":\"Lorsqu\u2019il a pris la responsabilit\u00e9 du design des marques italiennes en 2015, Klaus Busse s\u2019est retrouv\u00e9 face \u00e0 une question aussi simple qu\u2019intimidante :\",\"breadcrumb\":{\"@id\":\"https:\/\/www.italpassion.fr\/it\/maserati\/le-patron-du-design-maserati-a-demande-a-giorgetto-giugiaro-ce-quest-le-design-italien-sa-reponse-ca-nexiste-pas\/#breadcrumb\"},\"inLanguage\":\"it-IT\",\"potentialAction\":[{\"@type\":\"ReadAction\",\"target\":[\"https:\/\/www.italpassion.fr\/it\/maserati\/le-patron-du-design-maserati-a-demande-a-giorgetto-giugiaro-ce-quest-le-design-italien-sa-reponse-ca-nexiste-pas\/\"]}]},{\"@type\":\"ImageObject\",\"inLanguage\":\"it-IT\",\"@id\":\"https:\/\/www.italpassion.fr\/it\/maserati\/le-patron-du-design-maserati-a-demande-a-giorgetto-giugiaro-ce-quest-le-design-italien-sa-reponse-ca-nexiste-pas\/#primaryimage\",\"url\":\"https:\/\/www.italpassion.fr\/wp-content\/uploads\/2026\/08\/klaus-maserati.jpg\",\"contentUrl\":\"https:\/\/www.italpassion.fr\/wp-content\/uploads\/2026\/08\/klaus-maserati.jpg\",\"width\":1200,\"height\":800},{\"@type\":\"BreadcrumbList\",\"@id\":\"https:\/\/www.italpassion.fr\/it\/maserati\/le-patron-du-design-maserati-a-demande-a-giorgetto-giugiaro-ce-quest-le-design-italien-sa-reponse-ca-nexiste-pas\/#breadcrumb\",\"itemListElement\":[{\"@type\":\"ListItem\",\"position\":1,\"name\":\"Accueil\",\"item\":\"https:\/\/www.italpassion.fr\/it\/\"},{\"@type\":\"ListItem\",\"position\":2,\"name\":\"Le patron du design Maserati a demand\u00e9 \u00e0 Giorgetto Giugiaro ce qu&rsquo;est le design italien, sa r\u00e9ponse : &lsquo;\u00e7a n&rsquo;existe pas&rsquo;\"}]},{\"@type\":\"WebSite\",\"@id\":\"https:\/\/www.italpassion.fr\/it\/#website\",\"url\":\"https:\/\/www.italpassion.fr\/it\/\",\"name\":\"ItalPassion\",\"description\":\"Les Passionn\u00e9s d&#039;Automobiles Italiennes\",\"publisher\":{\"@id\":\"https:\/\/www.italpassion.fr\/it\/#organization\"},\"potentialAction\":[{\"@type\":\"SearchAction\",\"target\":{\"@type\":\"EntryPoint\",\"urlTemplate\":\"https:\/\/www.italpassion.fr\/it\/?s={search_term_string}\"},\"query-input\":{\"@type\":\"PropertyValueSpecification\",\"valueRequired\":true,\"valueName\":\"search_term_string\"}}],\"inLanguage\":\"it-IT\"},{\"@type\":\"Organization\",\"@id\":\"https:\/\/www.italpassion.fr\/it\/#organization\",\"name\":\"Italpassion\",\"url\":\"https:\/\/www.italpassion.fr\/it\/\",\"logo\":{\"@type\":\"ImageObject\",\"inLanguage\":\"it-IT\",\"@id\":\"https:\/\/www.italpassion.fr\/it\/#\/schema\/logo\/image\/\",\"url\":\"https:\/\/www.italpassion.fr\/wp-content\/uploads\/2023\/07\/italpassion-yoast.jpg\",\"contentUrl\":\"https:\/\/www.italpassion.fr\/wp-content\/uploads\/2023\/07\/italpassion-yoast.jpg\",\"width\":696,\"height\":696,\"caption\":\"Italpassion\"},\"image\":{\"@id\":\"https:\/\/www.italpassion.fr\/it\/#\/schema\/logo\/image\/\"},\"sameAs\":[\"https:\/\/www.facebook.com\/italpassion\",\"https:\/\/x.com\/italpassion\",\"https:\/\/www.instagram.com\/italpassionfr\/\",\"https:\/\/www.youtube.com\/channel\/UCleq-ByQaA42OjhopwevRjQ\",\"https:\/\/www.facebook.com\/italpassion.en\/\",\"https:\/\/www.facebook.com\/italpassion.it\/\",\"https:\/\/www.facebook.com\/italpassion.de\/\",\"https:\/\/www.facebook.com\/italpassion.ja\/\"]},{\"@type\":\"Person\",\"@id\":\"https:\/\/www.italpassion.fr\/it\/#\/schema\/person\/36f747b2a759ca202d847e85a9434ca0\",\"name\":\"Alexandre Filluzeau\",\"image\":{\"@type\":\"ImageObject\",\"inLanguage\":\"it-IT\",\"@id\":\"https:\/\/www.italpassion.fr\/it\/#\/schema\/person\/image\/\",\"url\":\"https:\/\/www.italpassion.fr\/wp-content\/uploads\/2025\/04\/avatar-alexandre-160x160.jpg\",\"contentUrl\":\"https:\/\/www.italpassion.fr\/wp-content\/uploads\/2025\/04\/avatar-alexandre-160x160.jpg\",\"caption\":\"Alexandre Filluzeau\"},\"description\":\"Fondateur du site ItalPassion, passionn\u00e9 de voitures italiennes et de l'Italie en g\u00e9n\u00e9ral. J'apporte un regard critique et technique aux actualit\u00e9s des marques italiennes quand cela est possible. Propri\u00e9taire d'une Maserati GranTurismo, Alfa Romeo MiTo, Lancia Fulvia et Ducati 695. Ex-propri\u00e9taire d'une Alfa Romeo Giulia.\",\"sameAs\":[\"https:\/\/www.italpassion.fr\/\"],\"url\":\"https:\/\/www.italpassion.fr\/it\/author\/alexandre\/\"}]}<\/script>\n<!-- \/ Yoast SEO plugin. -->","yoast_head_json":{"title":"Il responsabile del design di Maserati ha chiesto a Giorgetto Giugiaro cosa sia il design italiano; la sua risposta: 'Non esiste' - ItalPassion","description":"Quando nel 2015 ha assunto la responsabilit\u00e0 del design dei marchi italiani, Klaus Busse si \u00e8 trovato di fronte a una domanda tanto semplice quanto impegnativa:","robots":{"index":"index","follow":"follow","max-snippet":"max-snippet:-1","max-image-preview":"max-image-preview:large","max-video-preview":"max-video-preview:-1"},"canonical":"https:\/\/www.italpassion.fr\/it\/maserati\/il-responsabile-del-design-della-maserati-ha-chiesto-a-giorgetto-giugiaro-cose-il-design-italiano-la-sua-risposta-non-esiste\/","og_locale":"it_IT","og_type":"article","og_title":"Le patron du design Maserati a demand\u00e9 \u00e0 Giorgetto Giugiaro ce qu'est le design italien, sa r\u00e9ponse : '\u00e7a n'existe pas' - ItalPassion","og_description":"Lorsqu\u2019il a pris la responsabilit\u00e9 du design des marques italiennes en 2015, Klaus Busse s\u2019est retrouv\u00e9 face \u00e0 une question aussi simple qu\u2019intimidante :","og_url":"https:\/\/www.italpassion.fr\/it\/maserati\/il-responsabile-del-design-della-maserati-ha-chiesto-a-giorgetto-giugiaro-cose-il-design-italiano-la-sua-risposta-non-esiste\/","og_site_name":"ItalPassion","article_publisher":"https:\/\/www.facebook.com\/italpassion","article_published_time":"2026-09-03T09:31:24+00:00","og_image":[{"width":1200,"height":800,"url":"https:\/\/www.italpassion.fr\/wp-content\/uploads\/2026\/08\/klaus-maserati.jpg","type":"image\/jpeg"}],"author":"Alexandre Filluzeau","twitter_card":"summary_large_image","twitter_creator":"@italpassion","twitter_site":"@italpassion","schema":{"@context":"https:\/\/schema.org","@graph":[{"@type":"NewsArticle","@id":"https:\/\/www.italpassion.fr\/it\/maserati\/le-patron-du-design-maserati-a-demande-a-giorgetto-giugiaro-ce-quest-le-design-italien-sa-reponse-ca-nexiste-pas\/#article","isPartOf":{"@id":"https:\/\/www.italpassion.fr\/it\/maserati\/le-patron-du-design-maserati-a-demande-a-giorgetto-giugiaro-ce-quest-le-design-italien-sa-reponse-ca-nexiste-pas\/"},"author":{"name":"Alexandre Filluzeau","@id":"https:\/\/www.italpassion.fr\/it\/#\/schema\/person\/36f747b2a759ca202d847e85a9434ca0"},"headline":"Le patron du design Maserati a demand\u00e9 \u00e0 Giorgetto Giugiaro ce qu&rsquo;est le design italien, sa r\u00e9ponse : &lsquo;\u00e7a n&rsquo;existe pas&rsquo;","datePublished":"2026-09-03T09:31:24+00:00","mainEntityOfPage":{"@id":"https:\/\/www.italpassion.fr\/it\/maserati\/le-patron-du-design-maserati-a-demande-a-giorgetto-giugiaro-ce-quest-le-design-italien-sa-reponse-ca-nexiste-pas\/"},"wordCount":1143,"commentCount":0,"publisher":{"@id":"https:\/\/www.italpassion.fr\/it\/#organization"},"image":{"@id":"https:\/\/www.italpassion.fr\/it\/maserati\/le-patron-du-design-maserati-a-demande-a-giorgetto-giugiaro-ce-quest-le-design-italien-sa-reponse-ca-nexiste-pas\/#primaryimage"},"thumbnailUrl":"https:\/\/www.italpassion.fr\/wp-content\/uploads\/2026\/08\/klaus-maserati.jpg","keywords":["Klaus Busse"],"articleSection":["Maserati"],"inLanguage":"it-IT","potentialAction":[{"@type":"CommentAction","name":"Comment","target":["https:\/\/www.italpassion.fr\/it\/maserati\/le-patron-du-design-maserati-a-demande-a-giorgetto-giugiaro-ce-quest-le-design-italien-sa-reponse-ca-nexiste-pas\/#respond"]}]},{"@type":"WebPage","@id":"https:\/\/www.italpassion.fr\/it\/maserati\/le-patron-du-design-maserati-a-demande-a-giorgetto-giugiaro-ce-quest-le-design-italien-sa-reponse-ca-nexiste-pas\/","url":"https:\/\/www.italpassion.fr\/it\/maserati\/le-patron-du-design-maserati-a-demande-a-giorgetto-giugiaro-ce-quest-le-design-italien-sa-reponse-ca-nexiste-pas\/","name":"Il responsabile del design di Maserati ha chiesto a Giorgetto Giugiaro cosa sia il design italiano; la sua risposta: 'Non esiste' - ItalPassion","isPartOf":{"@id":"https:\/\/www.italpassion.fr\/it\/#website"},"primaryImageOfPage":{"@id":"https:\/\/www.italpassion.fr\/it\/maserati\/le-patron-du-design-maserati-a-demande-a-giorgetto-giugiaro-ce-quest-le-design-italien-sa-reponse-ca-nexiste-pas\/#primaryimage"},"image":{"@id":"https:\/\/www.italpassion.fr\/it\/maserati\/le-patron-du-design-maserati-a-demande-a-giorgetto-giugiaro-ce-quest-le-design-italien-sa-reponse-ca-nexiste-pas\/#primaryimage"},"thumbnailUrl":"https:\/\/www.italpassion.fr\/wp-content\/uploads\/2026\/08\/klaus-maserati.jpg","datePublished":"2026-09-03T09:31:24+00:00","description":"Quando nel 2015 ha assunto la responsabilit\u00e0 del design dei marchi italiani, Klaus Busse si \u00e8 trovato di fronte a una domanda tanto semplice quanto impegnativa:","breadcrumb":{"@id":"https:\/\/www.italpassion.fr\/it\/maserati\/le-patron-du-design-maserati-a-demande-a-giorgetto-giugiaro-ce-quest-le-design-italien-sa-reponse-ca-nexiste-pas\/#breadcrumb"},"inLanguage":"it-IT","potentialAction":[{"@type":"ReadAction","target":["https:\/\/www.italpassion.fr\/it\/maserati\/le-patron-du-design-maserati-a-demande-a-giorgetto-giugiaro-ce-quest-le-design-italien-sa-reponse-ca-nexiste-pas\/"]}]},{"@type":"ImageObject","inLanguage":"it-IT","@id":"https:\/\/www.italpassion.fr\/it\/maserati\/le-patron-du-design-maserati-a-demande-a-giorgetto-giugiaro-ce-quest-le-design-italien-sa-reponse-ca-nexiste-pas\/#primaryimage","url":"https:\/\/www.italpassion.fr\/wp-content\/uploads\/2026\/08\/klaus-maserati.jpg","contentUrl":"https:\/\/www.italpassion.fr\/wp-content\/uploads\/2026\/08\/klaus-maserati.jpg","width":1200,"height":800},{"@type":"BreadcrumbList","@id":"https:\/\/www.italpassion.fr\/it\/maserati\/le-patron-du-design-maserati-a-demande-a-giorgetto-giugiaro-ce-quest-le-design-italien-sa-reponse-ca-nexiste-pas\/#breadcrumb","itemListElement":[{"@type":"ListItem","position":1,"name":"Accueil","item":"https:\/\/www.italpassion.fr\/it\/"},{"@type":"ListItem","position":2,"name":"Le patron du design Maserati a demand\u00e9 \u00e0 Giorgetto Giugiaro ce qu&rsquo;est le design italien, sa r\u00e9ponse : &lsquo;\u00e7a n&rsquo;existe pas&rsquo;"}]},{"@type":"WebSite","@id":"https:\/\/www.italpassion.fr\/it\/#website","url":"https:\/\/www.italpassion.fr\/it\/","name":"ItalPassion","description":"Appassionati di auto italiane","publisher":{"@id":"https:\/\/www.italpassion.fr\/it\/#organization"},"potentialAction":[{"@type":"SearchAction","target":{"@type":"EntryPoint","urlTemplate":"https:\/\/www.italpassion.fr\/it\/?s={search_term_string}"},"query-input":{"@type":"PropertyValueSpecification","valueRequired":true,"valueName":"search_term_string"}}],"inLanguage":"it-IT"},{"@type":"Organization","@id":"https:\/\/www.italpassion.fr\/it\/#organization","name":"Italpassion","url":"https:\/\/www.italpassion.fr\/it\/","logo":{"@type":"ImageObject","inLanguage":"it-IT","@id":"https:\/\/www.italpassion.fr\/it\/#\/schema\/logo\/image\/","url":"https:\/\/www.italpassion.fr\/wp-content\/uploads\/2023\/07\/italpassion-yoast.jpg","contentUrl":"https:\/\/www.italpassion.fr\/wp-content\/uploads\/2023\/07\/italpassion-yoast.jpg","width":696,"height":696,"caption":"Italpassion"},"image":{"@id":"https:\/\/www.italpassion.fr\/it\/#\/schema\/logo\/image\/"},"sameAs":["https:\/\/www.facebook.com\/italpassion","https:\/\/x.com\/italpassion","https:\/\/www.instagram.com\/italpassionfr\/","https:\/\/www.youtube.com\/channel\/UCleq-ByQaA42OjhopwevRjQ","https:\/\/www.facebook.com\/italpassion.en\/","https:\/\/www.facebook.com\/italpassion.it\/","https:\/\/www.facebook.com\/italpassion.de\/","https:\/\/www.facebook.com\/italpassion.ja\/"]},{"@type":"Person","@id":"https:\/\/www.italpassion.fr\/it\/#\/schema\/person\/36f747b2a759ca202d847e85a9434ca0","name":"Alexandre Filluzeau","image":{"@type":"ImageObject","inLanguage":"it-IT","@id":"https:\/\/www.italpassion.fr\/it\/#\/schema\/person\/image\/","url":"https:\/\/www.italpassion.fr\/wp-content\/uploads\/2025\/04\/avatar-alexandre-160x160.jpg","contentUrl":"https:\/\/www.italpassion.fr\/wp-content\/uploads\/2025\/04\/avatar-alexandre-160x160.jpg","caption":"Alexandre Filluzeau"},"description":"Fondatore del sito ItalPassion, appassionato di auto italiane e dell'Italia in generale. Porto un occhio critico e tecnico alle notizie dei marchi italiani, quando possibile. Proprietario di una Maserati GranTurismo, di un'Alfa Romeo MiTo, di una Lancia Fulvia e di una Ducati 695. Ex proprietario di un'Alfa Romeo Giulia.","sameAs":["https:\/\/www.italpassion.fr\/"],"url":"https:\/\/www.italpassion.fr\/it\/author\/alexandre\/"}]}},"_links":{"self":[{"href":"https:\/\/www.italpassion.fr\/it\/wp-json\/wp\/v2\/posts\/53731","targetHints":{"allow":["GET"]}}],"collection":[{"href":"https:\/\/www.italpassion.fr\/it\/wp-json\/wp\/v2\/posts"}],"about":[{"href":"https:\/\/www.italpassion.fr\/it\/wp-json\/wp\/v2\/types\/post"}],"author":[{"embeddable":true,"href":"https:\/\/www.italpassion.fr\/it\/wp-json\/wp\/v2\/users\/1"}],"replies":[{"embeddable":true,"href":"https:\/\/www.italpassion.fr\/it\/wp-json\/wp\/v2\/comments?post=53731"}],"version-history":[{"count":2,"href":"https:\/\/www.italpassion.fr\/it\/wp-json\/wp\/v2\/posts\/53731\/revisions"}],"predecessor-version":[{"id":53829,"href":"https:\/\/www.italpassion.fr\/it\/wp-json\/wp\/v2\/posts\/53731\/revisions\/53829"}],"wp:featuredmedia":[{"embeddable":true,"href":"https:\/\/www.italpassion.fr\/it\/wp-json\/wp\/v2\/media\/53828"}],"wp:attachment":[{"href":"https:\/\/www.italpassion.fr\/it\/wp-json\/wp\/v2\/media?parent=53731"}],"wp:term":[{"taxonomy":"category","embeddable":true,"href":"https:\/\/www.italpassion.fr\/it\/wp-json\/wp\/v2\/categories?post=53731"},{"taxonomy":"post_tag","embeddable":true,"href":"https:\/\/www.italpassion.fr\/it\/wp-json\/wp\/v2\/tags?post=53731"}],"curies":[{"name":"wp","href":"https:\/\/api.w.org\/{rel}","templated":true}]}}