{"id":49399,"date":"2026-04-28T10:59:57","date_gmt":"2026-04-28T08:59:57","guid":{"rendered":"https:\/\/www.italpassion.fr\/?p=49399"},"modified":"2026-04-28T10:59:57","modified_gmt":"2026-04-28T08:59:57","slug":"junior-salva-lalfa-romeo-ma-la-tonale-crolla-nonostante-il-restyling","status":"publish","type":"post","link":"https:\/\/www.italpassion.fr\/it\/alfa-romeo\/le-junior-sauve-alfa-romeo-mais-le-tonale-seffondre-malgre-son-restylage\/","title":{"rendered":"Junior salva l'Alfa Romeo... ma il Tonale crolla nonostante il restyling"},"content":{"rendered":"<figure class=\"wp-block-image size-full\"><img loading=\"lazy\" decoding=\"async\" width=\"1200\" height=\"800\" src=\"https:\/\/www.italpassion.fr\/wp-content\/uploads\/2026\/03\/alfa-romeo-junior-mecique.jpg\" alt=\"\" class=\"wp-image-47353\" srcset=\"https:\/\/www.italpassion.fr\/wp-content\/uploads\/2026\/03\/alfa-romeo-junior-mecique.jpg 1200w, https:\/\/www.italpassion.fr\/wp-content\/uploads\/2026\/03\/alfa-romeo-junior-mecique-420x280.jpg 420w, https:\/\/www.italpassion.fr\/wp-content\/uploads\/2026\/03\/alfa-romeo-junior-mecique-768x512.jpg 768w, https:\/\/www.italpassion.fr\/wp-content\/uploads\/2026\/03\/alfa-romeo-junior-mecique-18x12.jpg 18w\" sizes=\"auto, (max-width: 1200px) 100vw, 1200px\" \/><\/figure>\n\n\n\n<p>Dopo un anno di leggeri progressi nel 2025, con il ritorno di <a href=\"https:\/\/www.italpassion.fr\/it\/alfa-romeo\/alfa-romeo-progredisce-nel-2025-ma-rimane-bloccata-nella-stessa-dimensione\/\">circa 70.000 registrazioni<\/a>, <a href=\"https:\/\/www.italpassion.fr\/it\/alfa-romeo\/\">Alfa Romeo<\/a> inizia il 2026 con una semplice domanda: lo slancio \u00e8 finalmente iniziato... o si sta gi\u00e0 esaurendo? I dati del primo trimestre forniscono una risposta abbastanza chiara. Mentre la Junior sta resistendo bene, il resto della gamma desta serie preoccupazioni, a cominciare dal Tonale.<\/p>\n\n\n\n<h2 class=\"wp-block-heading\">Un inizio d'anno lento nei mercati chiave<\/h2>\n\n\n\n<p>Il quadro generale \u00e8 negativo nei principali mercati europei. In Italia, il principale mercato del marchio, il calo \u00e8 stato di 13 %, con 7.383 immatricolazioni rispetto alle 8.500 dell'anno precedente. Questo calo \u00e8 tutt'altro che insignificante, soprattutto se si guarda ai dettagli: la <a href=\"https:\/\/www.italpassion.fr\/it\/auto\/alfa-romeo-junior\/\">Junior<\/a> da solo rappresenta 4.380 unit\u00e0, la stragrande maggioranza dei volumi.<\/p>\n\n\n\n<p>Ci\u00f2 che colpisce di pi\u00f9 \u00e8 l'assenza del Tonale (e non sorprende che il <a href=\"https:\/\/www.italpassion.fr\/it\/auto\/alfa-romeo-giulia\/\">Giulia<\/a> e <a href=\"https:\/\/www.italpassion.fr\/it\/auto\/alfa-romeo-stelvio\/\">Stelvio<\/a>) nella top 50 delle classifiche di vendita. Un anno prima <a href=\"https:\/\/www.italpassion.fr\/it\/auto\/alfa-romeo-tonale\/\">Tonale<\/a> nello stesso periodo ha comunque rappresentato pi\u00f9 di 3.000 immatricolazioni. Il calo \u00e8 quindi brutale e spiega da solo la flessione complessiva del mercato italiano.<\/p>\n\n\n\n<p>La tendenza \u00e8 simile in Francia, ora il secondo mercato mondiale dell'Alfa Romeo. Con 1.604 immatricolazioni nel primo trimestre, rispetto alle 2.088 del 2025, il calo ha raggiunto il 23%. Anche in questo caso, la Junior ha dominato con 1.328 unit\u00e0. Dietro di essa, il Tonale scende a 249 unit\u00e0, mentre la Giulia e lo Stelvio diventano quasi aneddotici.<\/p>\n\n\n\n<p>La Germania non fa eccezione alla regola, anzi. Un mercato storicamente importante per il marchio, ha visto un calo di 30 %, da 1.934 a 1.352 immatricolazioni. La Junior (760 unit\u00e0) ha limitato i danni, ma il Tonale (206 unit\u00e0) ha confermato il suo declino.<\/p>\n\n\n\n<h2 class=\"wp-block-heading\">Gli Stati Uniti, da pilastro a debolezza<\/h2>\n\n\n\n<p>La situazione \u00e8 ancora pi\u00f9 preoccupante dall'altra parte dell'Atlantico. Gli Stati Uniti, a lungo il secondo mercato dell'Alfa Romeo, continuano a crollare, con un calo di 53 % nel trimestre. Con appena 919 immatricolazioni rispetto alle quasi 2.000 dell'anno precedente, il marchio sta raggiungendo un punto critico. La tendenza \u00e8 ancora pi\u00f9 preoccupante perch\u00e9 \u00e8 destinata a continuare: -18 % nel 2024, -36 % nel 2025 e ora -53 % all'inizio del 2026. In tre anni, i volumi si sono pi\u00f9 che dimezzati. Per Stellantis, la questione della presenza a lungo termine di Alfa Romeo in questo mercato \u00e8 ora chiaramente sul tavolo.<\/p>\n\n\n\n<h2 class=\"wp-block-heading\">Gli Junior tengono in ordine la loro casa... ma si fermano a un plateau<\/h2>\n\n\n\n<p>Lanciata nel 2024, la Junior rimane di gran lunga il modello pi\u00f9 forte della gamma. Domina ovunque: Italia, Francia, Germania, Spagna... e spesso rappresenta oltre il 60-80% delle immatricolazioni, a seconda del Paese.<\/p>\n\n\n\n<p>Ma dopo aver guidato la crescita nel 2025, sembra gi\u00e0 che stia raggiungendo un limite. In diversi mercati, i suoi volumi sono quasi identici a quelli dello stesso periodo dell'anno scorso. In altre parole, non cresce pi\u00f9. Si tratta di un fenomeno classico: un lancio crea un picco, poi un livellamento. Solo che, nel caso dell'Alfa Romeo, non c'\u00e8 nessun altro modello in grado di recuperare il ritardo.<\/p>\n\n\n\n<h2 class=\"wp-block-heading\">Il Tonale, un restyling senza effetto?<\/h2>\n\n\n\n<p>Era uno dei temi di inizio anno: il restyling del Tonale poteva rilanciare la sua carriera? I dati forniscono una risposta chiara: no, almeno per il momento.<\/p>\n\n\n\n<p>Ovunque i dati siano disponibili, il SUV compatto \u00e8 in forte calo. In Italia, \u00e8 scomparso dalla top 50. In Francia e Germania, i suoi volumi sono marginali rispetto alla Junior. In Francia e Germania, i suoi volumi sono marginali rispetto alla Junior. In Spagna, rimane dietro lo Stelvio e lontano dal livello previsto. Il Tonale doveva essere un pilastro, ma \u00e8 diventato un modello secondario. E senza di esso, la gamma manca crudelmente di profondit\u00e0.<\/p>\n\n\n\n<h2 class=\"wp-block-heading\">Qualche eccezione... ma non abbastanza<\/h2>\n\n\n\n<p>Tuttavia, non tutto \u00e8 negativo. Alcuni mercati mostrano uno slancio incoraggiante.<\/p>\n\n\n\n<p>La Turchia, ad esempio, ha registrato un forte progresso, con 590 immatricolazioni rispetto alle 347 dell'anno precedente, sostenuta in particolare da un eccellente marzo. Anche il Giappone ha sorpreso con 502 unit\u00e0, rispetto alle 224 del 2025, tornando a livelli vicini a quelli del 2023. Il Regno Unito, invece, rimane stabile con 739 immatricolazioni, confermando il miglioramento gi\u00e0 visto nel 2025.<\/p>\n\n\n\n<p>Ma questi buoni risultati rimangono marginali in termini di volume e non compensano i cali registrati nei principali mercati.<\/p>\n\n\n\n<h2 class=\"wp-block-heading\">Un marchio ancora dipendente... e ancora bloccato<\/h2>\n\n\n\n<p>In totale, l'Alfa Romeo ha registrato circa 15.300 immatricolazioni nei mercati monitorati nel primo trimestre del 2026, rispetto alle oltre 18.000 dell'anno precedente.<\/p>\n\n\n\n<p>La conclusione \u00e8 in linea con gli anni precedenti. Il marchio rimane bloccato in una zona di stagnazione strutturale. Il Junior mantiene il suo livello, ma non consente pi\u00f9 di progredire. Il Tonale \u00e8 diminuito e la Giulia e lo Stelvio non rappresentano quasi nulla in termini di volumi. A pi\u00f9 di dieci anni di distanza, il traguardo delle 70.000 immatricolazioni annue sembra ancora difficile da superare. E senza un vero rinnovamento della gamma o un successo inaspettato, il 2026 potrebbe essere come... tutti gli anni precedenti.<\/p>\n\n\n\n<figure class=\"wp-block-table\"><table class=\"has-fixed-layout\"><thead><tr><th>Paese<\/th><th class=\"has-text-align-right\" data-align=\"right\">Q1 2026<\/th><th>L'evoluzione<\/th><\/tr><\/thead><tbody><tr><td>Italia<\/td><td class=\"has-text-align-right\" data-align=\"right\">7383<\/td><td>-13%<\/td><\/tr><tr><td>Francia<\/td><td class=\"has-text-align-right\" data-align=\"right\">1604<\/td><td>-23%<\/td><\/tr><tr><td>Germania<\/td><td class=\"has-text-align-right\" data-align=\"right\">1352<\/td><td>-30%<\/td><\/tr><tr><td>Stati Uniti<\/td><td class=\"has-text-align-right\" data-align=\"right\">919<\/td><td>-53%<\/td><\/tr><tr><td>Spagna<\/td><td class=\"has-text-align-right\" data-align=\"right\">743<\/td><td>-21%<\/td><\/tr><tr><td>Regno Unito<\/td><td class=\"has-text-align-right\" data-align=\"right\">739<\/td><td>0<\/td><\/tr><tr><td>Turchia<\/td><td class=\"has-text-align-right\" data-align=\"right\">590<\/td><td>70%<\/td><\/tr><tr><td>Giappone<\/td><td class=\"has-text-align-right\" data-align=\"right\">502<\/td><td>124%<\/td><\/tr><tr><td>Polonia<\/td><td class=\"has-text-align-right\" data-align=\"right\">494<\/td><td>-1,4%<\/td><\/tr><tr><td>Belgio<\/td><td class=\"has-text-align-right\" data-align=\"right\">372<\/td><td>-24%<\/td><\/tr><tr><td>Austria<\/td><td class=\"has-text-align-right\" data-align=\"right\">360<\/td><td>0<\/td><\/tr><tr><td>Svizzera<\/td><td class=\"has-text-align-right\" data-align=\"right\">242<\/td><td>-3,2%<\/td><\/tr><tr><td>Paesi Bassi<\/td><td class=\"has-text-align-right\" data-align=\"right\">227<\/td><td>-15%<\/td><\/tr><tr><td><\/td><td class=\"has-text-align-right\" data-align=\"right\">15 300<\/td><td>-16%<\/td><\/tr><\/tbody><\/table><figcaption class=\"wp-element-caption\">I numeri di Italpassion. Grazie per averci citato.<\/figcaption><\/figure>","protected":false},"excerpt":{"rendered":"","protected":false},"author":1,"featured_media":47353,"comment_status":"open","ping_status":"open","sticky":false,"template":"","format":"standard","meta":{"_acf_changed":false,"_sitemap_exclude":false,"_sitemap_priority":"","_sitemap_frequency":"","footnotes":""},"categories":[22],"tags":[],"class_list":["post-49399","post","type-post","status-publish","format-standard","has-post-thumbnail","hentry","category-alfa-romeo","generate-columns","tablet-grid-50","mobile-grid-100","grid-parent","grid-33"],"acf":[],"yoast_head":"<!-- This site is optimized with the Yoast SEO plugin v25.8 - https:\/\/yoast.com\/wordpress\/plugins\/seo\/ -->\n<title>Le Junior sauve Alfa Romeo\u2026 mais le Tonale s&#039;effondre malgr\u00e9 son restylage - ItalPassion<\/title>\n<meta name=\"description\" content=\"Apr\u00e8s une ann\u00e9e 2025 marqu\u00e9e par un l\u00e9ger prog\u00e8s avec un retour autour des 70 000 immatriculations, Alfa Romeo entame 2026 avec une question simple : la\" \/>\n<meta name=\"robots\" content=\"index, follow, max-snippet:-1, max-image-preview:large, max-video-preview:-1\" \/>\n<link rel=\"canonical\" href=\"https:\/\/www.italpassion.fr\/it\/alfa-romeo\/junior-salva-lalfa-romeo-ma-la-tonale-crolla-nonostante-il-restyling\/\" \/>\n<meta property=\"og:locale\" content=\"it_IT\" \/>\n<meta property=\"og:type\" content=\"article\" \/>\n<meta property=\"og:title\" content=\"Le Junior sauve Alfa Romeo\u2026 mais le Tonale s&#039;effondre malgr\u00e9 son restylage - ItalPassion\" \/>\n<meta property=\"og:description\" content=\"Apr\u00e8s une ann\u00e9e 2025 marqu\u00e9e par un l\u00e9ger prog\u00e8s avec un retour autour des 70 000 immatriculations, Alfa Romeo entame 2026 avec une question simple : la\" \/>\n<meta property=\"og:url\" content=\"https:\/\/www.italpassion.fr\/it\/alfa-romeo\/junior-salva-lalfa-romeo-ma-la-tonale-crolla-nonostante-il-restyling\/\" \/>\n<meta property=\"og:site_name\" content=\"ItalPassion\" \/>\n<meta property=\"article:publisher\" content=\"https:\/\/www.facebook.com\/italpassion\" \/>\n<meta property=\"article:published_time\" content=\"2026-04-28T08:59:57+00:00\" \/>\n<meta property=\"og:image\" content=\"https:\/\/www.italpassion.fr\/wp-content\/uploads\/2026\/03\/alfa-romeo-junior-mecique.jpg\" \/>\n\t<meta property=\"og:image:width\" content=\"1200\" \/>\n\t<meta property=\"og:image:height\" content=\"800\" \/>\n\t<meta property=\"og:image:type\" content=\"image\/jpeg\" \/>\n<meta name=\"author\" content=\"Alexandre Filluzeau\" \/>\n<meta name=\"twitter:card\" content=\"summary_large_image\" \/>\n<meta name=\"twitter:creator\" content=\"@italpassion\" \/>\n<meta name=\"twitter:site\" content=\"@italpassion\" \/>\n<script type=\"application\/ld+json\" class=\"yoast-schema-graph\">{\"@context\":\"https:\/\/schema.org\",\"@graph\":[{\"@type\":\"NewsArticle\",\"@id\":\"https:\/\/www.italpassion.fr\/it\/alfa-romeo\/le-junior-sauve-alfa-romeo-mais-le-tonale-seffondre-malgre-son-restylage\/#article\",\"isPartOf\":{\"@id\":\"https:\/\/www.italpassion.fr\/it\/alfa-romeo\/le-junior-sauve-alfa-romeo-mais-le-tonale-seffondre-malgre-son-restylage\/\"},\"author\":{\"name\":\"Alexandre Filluzeau\",\"@id\":\"https:\/\/www.italpassion.fr\/it\/#\/schema\/person\/36f747b2a759ca202d847e85a9434ca0\"},\"headline\":\"Le Junior sauve Alfa Romeo\u2026 mais le Tonale s&rsquo;effondre malgr\u00e9 son restylage\",\"datePublished\":\"2026-04-28T08:59:57+00:00\",\"mainEntityOfPage\":{\"@id\":\"https:\/\/www.italpassion.fr\/it\/alfa-romeo\/le-junior-sauve-alfa-romeo-mais-le-tonale-seffondre-malgre-son-restylage\/\"},\"wordCount\":891,\"commentCount\":2,\"publisher\":{\"@id\":\"https:\/\/www.italpassion.fr\/it\/#organization\"},\"image\":{\"@id\":\"https:\/\/www.italpassion.fr\/it\/alfa-romeo\/le-junior-sauve-alfa-romeo-mais-le-tonale-seffondre-malgre-son-restylage\/#primaryimage\"},\"thumbnailUrl\":\"https:\/\/www.italpassion.fr\/wp-content\/uploads\/2026\/03\/alfa-romeo-junior-mecique.jpg\",\"articleSection\":[\"Alfa Romeo\"],\"inLanguage\":\"it-IT\",\"potentialAction\":[{\"@type\":\"CommentAction\",\"name\":\"Comment\",\"target\":[\"https:\/\/www.italpassion.fr\/it\/alfa-romeo\/le-junior-sauve-alfa-romeo-mais-le-tonale-seffondre-malgre-son-restylage\/#respond\"]}]},{\"@type\":\"WebPage\",\"@id\":\"https:\/\/www.italpassion.fr\/it\/alfa-romeo\/le-junior-sauve-alfa-romeo-mais-le-tonale-seffondre-malgre-son-restylage\/\",\"url\":\"https:\/\/www.italpassion.fr\/it\/alfa-romeo\/le-junior-sauve-alfa-romeo-mais-le-tonale-seffondre-malgre-son-restylage\/\",\"name\":\"Le Junior sauve Alfa Romeo\u2026 mais le Tonale s'effondre malgr\u00e9 son restylage - ItalPassion\",\"isPartOf\":{\"@id\":\"https:\/\/www.italpassion.fr\/it\/#website\"},\"primaryImageOfPage\":{\"@id\":\"https:\/\/www.italpassion.fr\/it\/alfa-romeo\/le-junior-sauve-alfa-romeo-mais-le-tonale-seffondre-malgre-son-restylage\/#primaryimage\"},\"image\":{\"@id\":\"https:\/\/www.italpassion.fr\/it\/alfa-romeo\/le-junior-sauve-alfa-romeo-mais-le-tonale-seffondre-malgre-son-restylage\/#primaryimage\"},\"thumbnailUrl\":\"https:\/\/www.italpassion.fr\/wp-content\/uploads\/2026\/03\/alfa-romeo-junior-mecique.jpg\",\"datePublished\":\"2026-04-28T08:59:57+00:00\",\"description\":\"Apr\u00e8s une ann\u00e9e 2025 marqu\u00e9e par un l\u00e9ger prog\u00e8s avec un retour autour des 70 000 immatriculations, Alfa Romeo entame 2026 avec une question simple : la\",\"breadcrumb\":{\"@id\":\"https:\/\/www.italpassion.fr\/it\/alfa-romeo\/le-junior-sauve-alfa-romeo-mais-le-tonale-seffondre-malgre-son-restylage\/#breadcrumb\"},\"inLanguage\":\"it-IT\",\"potentialAction\":[{\"@type\":\"ReadAction\",\"target\":[\"https:\/\/www.italpassion.fr\/it\/alfa-romeo\/le-junior-sauve-alfa-romeo-mais-le-tonale-seffondre-malgre-son-restylage\/\"]}]},{\"@type\":\"ImageObject\",\"inLanguage\":\"it-IT\",\"@id\":\"https:\/\/www.italpassion.fr\/it\/alfa-romeo\/le-junior-sauve-alfa-romeo-mais-le-tonale-seffondre-malgre-son-restylage\/#primaryimage\",\"url\":\"https:\/\/www.italpassion.fr\/wp-content\/uploads\/2026\/03\/alfa-romeo-junior-mecique.jpg\",\"contentUrl\":\"https:\/\/www.italpassion.fr\/wp-content\/uploads\/2026\/03\/alfa-romeo-junior-mecique.jpg\",\"width\":1200,\"height\":800},{\"@type\":\"BreadcrumbList\",\"@id\":\"https:\/\/www.italpassion.fr\/it\/alfa-romeo\/le-junior-sauve-alfa-romeo-mais-le-tonale-seffondre-malgre-son-restylage\/#breadcrumb\",\"itemListElement\":[{\"@type\":\"ListItem\",\"position\":1,\"name\":\"Accueil\",\"item\":\"https:\/\/www.italpassion.fr\/it\/\"},{\"@type\":\"ListItem\",\"position\":2,\"name\":\"Le Junior sauve Alfa Romeo\u2026 mais le Tonale s&rsquo;effondre malgr\u00e9 son restylage\"}]},{\"@type\":\"WebSite\",\"@id\":\"https:\/\/www.italpassion.fr\/it\/#website\",\"url\":\"https:\/\/www.italpassion.fr\/it\/\",\"name\":\"ItalPassion\",\"description\":\"Les Passionn\u00e9s d&#039;Automobiles Italiennes\",\"publisher\":{\"@id\":\"https:\/\/www.italpassion.fr\/it\/#organization\"},\"potentialAction\":[{\"@type\":\"SearchAction\",\"target\":{\"@type\":\"EntryPoint\",\"urlTemplate\":\"https:\/\/www.italpassion.fr\/it\/?s={search_term_string}\"},\"query-input\":{\"@type\":\"PropertyValueSpecification\",\"valueRequired\":true,\"valueName\":\"search_term_string\"}}],\"inLanguage\":\"it-IT\"},{\"@type\":\"Organization\",\"@id\":\"https:\/\/www.italpassion.fr\/it\/#organization\",\"name\":\"Italpassion\",\"url\":\"https:\/\/www.italpassion.fr\/it\/\",\"logo\":{\"@type\":\"ImageObject\",\"inLanguage\":\"it-IT\",\"@id\":\"https:\/\/www.italpassion.fr\/it\/#\/schema\/logo\/image\/\",\"url\":\"https:\/\/www.italpassion.fr\/wp-content\/uploads\/2023\/07\/italpassion-yoast.jpg\",\"contentUrl\":\"https:\/\/www.italpassion.fr\/wp-content\/uploads\/2023\/07\/italpassion-yoast.jpg\",\"width\":696,\"height\":696,\"caption\":\"Italpassion\"},\"image\":{\"@id\":\"https:\/\/www.italpassion.fr\/it\/#\/schema\/logo\/image\/\"},\"sameAs\":[\"https:\/\/www.facebook.com\/italpassion\",\"https:\/\/x.com\/italpassion\",\"https:\/\/www.instagram.com\/italpassionfr\/\",\"https:\/\/www.youtube.com\/channel\/UCleq-ByQaA42OjhopwevRjQ\",\"https:\/\/www.facebook.com\/italpassion.en\/\",\"https:\/\/www.facebook.com\/italpassion.it\/\",\"https:\/\/www.facebook.com\/italpassion.de\/\",\"https:\/\/www.facebook.com\/italpassion.ja\/\"]},{\"@type\":\"Person\",\"@id\":\"https:\/\/www.italpassion.fr\/it\/#\/schema\/person\/36f747b2a759ca202d847e85a9434ca0\",\"name\":\"Alexandre Filluzeau\",\"image\":{\"@type\":\"ImageObject\",\"inLanguage\":\"it-IT\",\"@id\":\"https:\/\/www.italpassion.fr\/it\/#\/schema\/person\/image\/\",\"url\":\"https:\/\/www.italpassion.fr\/wp-content\/uploads\/2025\/04\/avatar-alexandre-160x160.jpg\",\"contentUrl\":\"https:\/\/www.italpassion.fr\/wp-content\/uploads\/2025\/04\/avatar-alexandre-160x160.jpg\",\"caption\":\"Alexandre Filluzeau\"},\"description\":\"Fondateur du site ItalPassion, passionn\u00e9 de voitures italiennes et de l'Italie en g\u00e9n\u00e9ral. J'apporte un regard critique et technique aux actualit\u00e9s des marques italiennes quand cela est possible. Propri\u00e9taire d'une Maserati GranTurismo, Alfa Romeo MiTo, Lancia Fulvia et Ducati 695. Ex-propri\u00e9taire d'une Alfa Romeo Giulia.\",\"sameAs\":[\"https:\/\/www.italpassion.fr\/\"],\"url\":\"https:\/\/www.italpassion.fr\/it\/author\/alexandre\/\"}]}<\/script>\n<!-- \/ Yoast SEO plugin. -->","yoast_head_json":{"title":"Junior salva l'Alfa Romeo... ma il Tonale crolla nonostante il restyling - ItalPassion","description":"Dopo un anno di lievi progressi nel 2025, con un ritorno a circa 70.000 immatricolazioni, l'Alfa Romeo inizia il 2026 con una semplice domanda: riuscir\u00e0 la","robots":{"index":"index","follow":"follow","max-snippet":"max-snippet:-1","max-image-preview":"max-image-preview:large","max-video-preview":"max-video-preview:-1"},"canonical":"https:\/\/www.italpassion.fr\/it\/alfa-romeo\/junior-salva-lalfa-romeo-ma-la-tonale-crolla-nonostante-il-restyling\/","og_locale":"it_IT","og_type":"article","og_title":"Le Junior sauve Alfa Romeo\u2026 mais le Tonale s'effondre malgr\u00e9 son restylage - ItalPassion","og_description":"Apr\u00e8s une ann\u00e9e 2025 marqu\u00e9e par un l\u00e9ger prog\u00e8s avec un retour autour des 70 000 immatriculations, Alfa Romeo entame 2026 avec une question simple : la","og_url":"https:\/\/www.italpassion.fr\/it\/alfa-romeo\/junior-salva-lalfa-romeo-ma-la-tonale-crolla-nonostante-il-restyling\/","og_site_name":"ItalPassion","article_publisher":"https:\/\/www.facebook.com\/italpassion","article_published_time":"2026-04-28T08:59:57+00:00","og_image":[{"width":1200,"height":800,"url":"https:\/\/www.italpassion.fr\/wp-content\/uploads\/2026\/03\/alfa-romeo-junior-mecique.jpg","type":"image\/jpeg"}],"author":"Alexandre Filluzeau","twitter_card":"summary_large_image","twitter_creator":"@italpassion","twitter_site":"@italpassion","schema":{"@context":"https:\/\/schema.org","@graph":[{"@type":"NewsArticle","@id":"https:\/\/www.italpassion.fr\/it\/alfa-romeo\/le-junior-sauve-alfa-romeo-mais-le-tonale-seffondre-malgre-son-restylage\/#article","isPartOf":{"@id":"https:\/\/www.italpassion.fr\/it\/alfa-romeo\/le-junior-sauve-alfa-romeo-mais-le-tonale-seffondre-malgre-son-restylage\/"},"author":{"name":"Alexandre Filluzeau","@id":"https:\/\/www.italpassion.fr\/it\/#\/schema\/person\/36f747b2a759ca202d847e85a9434ca0"},"headline":"Le Junior sauve Alfa Romeo\u2026 mais le Tonale s&rsquo;effondre malgr\u00e9 son restylage","datePublished":"2026-04-28T08:59:57+00:00","mainEntityOfPage":{"@id":"https:\/\/www.italpassion.fr\/it\/alfa-romeo\/le-junior-sauve-alfa-romeo-mais-le-tonale-seffondre-malgre-son-restylage\/"},"wordCount":891,"commentCount":2,"publisher":{"@id":"https:\/\/www.italpassion.fr\/it\/#organization"},"image":{"@id":"https:\/\/www.italpassion.fr\/it\/alfa-romeo\/le-junior-sauve-alfa-romeo-mais-le-tonale-seffondre-malgre-son-restylage\/#primaryimage"},"thumbnailUrl":"https:\/\/www.italpassion.fr\/wp-content\/uploads\/2026\/03\/alfa-romeo-junior-mecique.jpg","articleSection":["Alfa Romeo"],"inLanguage":"it-IT","potentialAction":[{"@type":"CommentAction","name":"Comment","target":["https:\/\/www.italpassion.fr\/it\/alfa-romeo\/le-junior-sauve-alfa-romeo-mais-le-tonale-seffondre-malgre-son-restylage\/#respond"]}]},{"@type":"WebPage","@id":"https:\/\/www.italpassion.fr\/it\/alfa-romeo\/le-junior-sauve-alfa-romeo-mais-le-tonale-seffondre-malgre-son-restylage\/","url":"https:\/\/www.italpassion.fr\/it\/alfa-romeo\/le-junior-sauve-alfa-romeo-mais-le-tonale-seffondre-malgre-son-restylage\/","name":"Junior salva l'Alfa Romeo... ma il Tonale crolla nonostante il restyling - ItalPassion","isPartOf":{"@id":"https:\/\/www.italpassion.fr\/it\/#website"},"primaryImageOfPage":{"@id":"https:\/\/www.italpassion.fr\/it\/alfa-romeo\/le-junior-sauve-alfa-romeo-mais-le-tonale-seffondre-malgre-son-restylage\/#primaryimage"},"image":{"@id":"https:\/\/www.italpassion.fr\/it\/alfa-romeo\/le-junior-sauve-alfa-romeo-mais-le-tonale-seffondre-malgre-son-restylage\/#primaryimage"},"thumbnailUrl":"https:\/\/www.italpassion.fr\/wp-content\/uploads\/2026\/03\/alfa-romeo-junior-mecique.jpg","datePublished":"2026-04-28T08:59:57+00:00","description":"Dopo un anno di lievi progressi nel 2025, con un ritorno a circa 70.000 immatricolazioni, l'Alfa Romeo inizia il 2026 con una semplice domanda: riuscir\u00e0 la","breadcrumb":{"@id":"https:\/\/www.italpassion.fr\/it\/alfa-romeo\/le-junior-sauve-alfa-romeo-mais-le-tonale-seffondre-malgre-son-restylage\/#breadcrumb"},"inLanguage":"it-IT","potentialAction":[{"@type":"ReadAction","target":["https:\/\/www.italpassion.fr\/it\/alfa-romeo\/le-junior-sauve-alfa-romeo-mais-le-tonale-seffondre-malgre-son-restylage\/"]}]},{"@type":"ImageObject","inLanguage":"it-IT","@id":"https:\/\/www.italpassion.fr\/it\/alfa-romeo\/le-junior-sauve-alfa-romeo-mais-le-tonale-seffondre-malgre-son-restylage\/#primaryimage","url":"https:\/\/www.italpassion.fr\/wp-content\/uploads\/2026\/03\/alfa-romeo-junior-mecique.jpg","contentUrl":"https:\/\/www.italpassion.fr\/wp-content\/uploads\/2026\/03\/alfa-romeo-junior-mecique.jpg","width":1200,"height":800},{"@type":"BreadcrumbList","@id":"https:\/\/www.italpassion.fr\/it\/alfa-romeo\/le-junior-sauve-alfa-romeo-mais-le-tonale-seffondre-malgre-son-restylage\/#breadcrumb","itemListElement":[{"@type":"ListItem","position":1,"name":"Accueil","item":"https:\/\/www.italpassion.fr\/it\/"},{"@type":"ListItem","position":2,"name":"Le Junior sauve Alfa Romeo\u2026 mais le Tonale s&rsquo;effondre malgr\u00e9 son restylage"}]},{"@type":"WebSite","@id":"https:\/\/www.italpassion.fr\/it\/#website","url":"https:\/\/www.italpassion.fr\/it\/","name":"ItalPassion","description":"Appassionati di auto italiane","publisher":{"@id":"https:\/\/www.italpassion.fr\/it\/#organization"},"potentialAction":[{"@type":"SearchAction","target":{"@type":"EntryPoint","urlTemplate":"https:\/\/www.italpassion.fr\/it\/?s={search_term_string}"},"query-input":{"@type":"PropertyValueSpecification","valueRequired":true,"valueName":"search_term_string"}}],"inLanguage":"it-IT"},{"@type":"Organization","@id":"https:\/\/www.italpassion.fr\/it\/#organization","name":"Italpassion","url":"https:\/\/www.italpassion.fr\/it\/","logo":{"@type":"ImageObject","inLanguage":"it-IT","@id":"https:\/\/www.italpassion.fr\/it\/#\/schema\/logo\/image\/","url":"https:\/\/www.italpassion.fr\/wp-content\/uploads\/2023\/07\/italpassion-yoast.jpg","contentUrl":"https:\/\/www.italpassion.fr\/wp-content\/uploads\/2023\/07\/italpassion-yoast.jpg","width":696,"height":696,"caption":"Italpassion"},"image":{"@id":"https:\/\/www.italpassion.fr\/it\/#\/schema\/logo\/image\/"},"sameAs":["https:\/\/www.facebook.com\/italpassion","https:\/\/x.com\/italpassion","https:\/\/www.instagram.com\/italpassionfr\/","https:\/\/www.youtube.com\/channel\/UCleq-ByQaA42OjhopwevRjQ","https:\/\/www.facebook.com\/italpassion.en\/","https:\/\/www.facebook.com\/italpassion.it\/","https:\/\/www.facebook.com\/italpassion.de\/","https:\/\/www.facebook.com\/italpassion.ja\/"]},{"@type":"Person","@id":"https:\/\/www.italpassion.fr\/it\/#\/schema\/person\/36f747b2a759ca202d847e85a9434ca0","name":"Alexandre Filluzeau","image":{"@type":"ImageObject","inLanguage":"it-IT","@id":"https:\/\/www.italpassion.fr\/it\/#\/schema\/person\/image\/","url":"https:\/\/www.italpassion.fr\/wp-content\/uploads\/2025\/04\/avatar-alexandre-160x160.jpg","contentUrl":"https:\/\/www.italpassion.fr\/wp-content\/uploads\/2025\/04\/avatar-alexandre-160x160.jpg","caption":"Alexandre Filluzeau"},"description":"Fondatore del sito ItalPassion, appassionato di auto italiane e dell'Italia in generale. Porto un occhio critico e tecnico alle notizie dei marchi italiani, quando possibile. Proprietario di una Maserati GranTurismo, di un'Alfa Romeo MiTo, di una Lancia Fulvia e di una Ducati 695. Ex proprietario di un'Alfa Romeo Giulia.","sameAs":["https:\/\/www.italpassion.fr\/"],"url":"https:\/\/www.italpassion.fr\/it\/author\/alexandre\/"}]}},"_links":{"self":[{"href":"https:\/\/www.italpassion.fr\/it\/wp-json\/wp\/v2\/posts\/49399","targetHints":{"allow":["GET"]}}],"collection":[{"href":"https:\/\/www.italpassion.fr\/it\/wp-json\/wp\/v2\/posts"}],"about":[{"href":"https:\/\/www.italpassion.fr\/it\/wp-json\/wp\/v2\/types\/post"}],"author":[{"embeddable":true,"href":"https:\/\/www.italpassion.fr\/it\/wp-json\/wp\/v2\/users\/1"}],"replies":[{"embeddable":true,"href":"https:\/\/www.italpassion.fr\/it\/wp-json\/wp\/v2\/comments?post=49399"}],"version-history":[{"count":2,"href":"https:\/\/www.italpassion.fr\/it\/wp-json\/wp\/v2\/posts\/49399\/revisions"}],"predecessor-version":[{"id":49401,"href":"https:\/\/www.italpassion.fr\/it\/wp-json\/wp\/v2\/posts\/49399\/revisions\/49401"}],"wp:featuredmedia":[{"embeddable":true,"href":"https:\/\/www.italpassion.fr\/it\/wp-json\/wp\/v2\/media\/47353"}],"wp:attachment":[{"href":"https:\/\/www.italpassion.fr\/it\/wp-json\/wp\/v2\/media?parent=49399"}],"wp:term":[{"taxonomy":"category","embeddable":true,"href":"https:\/\/www.italpassion.fr\/it\/wp-json\/wp\/v2\/categories?post=49399"},{"taxonomy":"post_tag","embeddable":true,"href":"https:\/\/www.italpassion.fr\/it\/wp-json\/wp\/v2\/tags?post=49399"}],"curies":[{"name":"wp","href":"https:\/\/api.w.org\/{rel}","templated":true}]}}