{"id":49328,"date":"2026-04-28T15:24:37","date_gmt":"2026-04-28T13:24:37","guid":{"rendered":"https:\/\/www.italpassion.fr\/?p=49328"},"modified":"2026-04-28T15:24:15","modified_gmt":"2026-04-28T13:24:15","slug":"la-ferrari-348-e-stata-distrutta-dalla-stampa-quando-e-uscita-coloro-che-ne-sanno-veramente-di-piu-ne-hanno-una","status":"publish","type":"post","link":"https:\/\/www.italpassion.fr\/it\/ferrari\/la-ferrari-348-sest-fait-detruire-par-la-presse-a-sa-sortie-ceux-qui-sy-connaissent-vraiment-en-ont-tous-une\/","title":{"rendered":"La Ferrari 348 \u00e8 stata distrutta dalla stampa alla sua uscita... \u00abquelli che sanno davvero il fatto loro ne hanno una\u00bb"},"content":{"rendered":"<figure class=\"wp-block-image size-full\"><img loading=\"lazy\" decoding=\"async\" width=\"1200\" height=\"800\" src=\"https:\/\/www.italpassion.fr\/wp-content\/uploads\/2026\/04\/348-jaune.jpg\" alt=\"\" class=\"wp-image-49422\" srcset=\"https:\/\/www.italpassion.fr\/wp-content\/uploads\/2026\/04\/348-jaune.jpg 1200w, https:\/\/www.italpassion.fr\/wp-content\/uploads\/2026\/04\/348-jaune-420x280.jpg 420w, https:\/\/www.italpassion.fr\/wp-content\/uploads\/2026\/04\/348-jaune-768x512.jpg 768w, https:\/\/www.italpassion.fr\/wp-content\/uploads\/2026\/04\/348-jaune-18x12.jpg 18w\" sizes=\"auto, (max-width: 1200px) 100vw, 1200px\" \/><\/figure>\n\n\n\n<p>Quando \u00e8 apparso all'inizio degli anni '90, il <a href=\"https:\/\/www.italpassion.fr\/it\/auto\/ferrari-348\/\">Ferrari 348<\/a> non ha vita facile. Il successo dell'elegantissimo <a href=\"https:\/\/www.italpassion.fr\/it\/auto\/ferrari-412\/\">Ferrari 328<\/a>, Il suo impatto \u00e8 immediato. Il suo design pi\u00f9 spigoloso e radicale contrasta con le linee fluide del suo predecessore. All'epoca, la stampa specializzata non la favor\u00ec. Le critiche piovvero, ma non si trattava di prestazioni. Si trattava soprattutto del suo stile, giudicato troppo lontano dai codici dell'epoca. <a href=\"https:\/\/www.italpassion.fr\/it\/ferrari\/\">Ferrari<\/a>, e il suo carattere esigente. Alcuni giornalisti hanno anche sottolineato il suo comportamento, considerato al limite della delicatezza, alimentando una reputazione che gli sarebbe rimasta appiccicata addosso per molto tempo. Eppure questa opinione \u00e8 oggi ampiamente contestata.<\/p>\n\n\n\n<h2 class=\"wp-block-heading\">Una Ferrari ancora \u201cconvalidata\u201d da Enzo<\/h2>\n\n\n\n<p>Tuttavia, la 348 ha un argomento forte nella storia del marchio. \u00c8 stata una delle ultime Ferrari sviluppate durante l'era di Enzo Ferrari. Un dettaglio che, logicamente, avrebbe dovuto giocare a suo favore fin dall'inizio... ma che all'epoca non fu sufficiente a convincere nessuno. \u00c8 solo con il tempo che questo patrimonio assume un valore aggiunto agli occhi degli appassionati.<\/p>\n\n\n\n<figure class=\"wp-block-image size-full\"><img loading=\"lazy\" decoding=\"async\" width=\"1200\" height=\"800\" src=\"https:\/\/www.italpassion.fr\/wp-content\/uploads\/2026\/04\/348-jaune-1.jpg\" alt=\"\" class=\"wp-image-49423\" srcset=\"https:\/\/www.italpassion.fr\/wp-content\/uploads\/2026\/04\/348-jaune-1.jpg 1200w, https:\/\/www.italpassion.fr\/wp-content\/uploads\/2026\/04\/348-jaune-1-420x280.jpg 420w, https:\/\/www.italpassion.fr\/wp-content\/uploads\/2026\/04\/348-jaune-1-768x512.jpg 768w, https:\/\/www.italpassion.fr\/wp-content\/uploads\/2026\/04\/348-jaune-1-18x12.jpg 18w\" sizes=\"auto, (max-width: 1200px) 100vw, 1200px\" \/><\/figure>\n\n\n\n<h2 class=\"wp-block-heading\">Un'esperienza di guida all'antica<\/h2>\n\n\n\n<p>Ci\u00f2 che colpisce della Ferrari 348 oggi \u00e8 proprio ci\u00f2 per cui \u00e8 stata criticata. Laddove le Ferrari moderne sono diventate pi\u00f9 facili e assistite, la 348 richiede coinvolgimento. Niente servosterzo, pochissima elettronica, un cambio manuale e solo l'ABS come ausilio alla guida. Il pilota \u00e8 al centro di tutto. Ogni curva, ogni manovra di frenata, ogni accelerazione richiede attenzione.<\/p>\n\n\n\n<figure class=\"wp-block-image size-full\"><img loading=\"lazy\" decoding=\"async\" width=\"1200\" height=\"800\" src=\"https:\/\/www.italpassion.fr\/wp-content\/uploads\/2026\/04\/348-jaune-2.jpg\" alt=\"\" class=\"wp-image-49424\" srcset=\"https:\/\/www.italpassion.fr\/wp-content\/uploads\/2026\/04\/348-jaune-2.jpg 1200w, https:\/\/www.italpassion.fr\/wp-content\/uploads\/2026\/04\/348-jaune-2-420x280.jpg 420w, https:\/\/www.italpassion.fr\/wp-content\/uploads\/2026\/04\/348-jaune-2-768x512.jpg 768w, https:\/\/www.italpassion.fr\/wp-content\/uploads\/2026\/04\/348-jaune-2-18x12.jpg 18w\" sizes=\"auto, (max-width: 1200px) 100vw, 1200px\" \/><\/figure>\n\n\n\n<figure class=\"wp-block-image size-full\"><img loading=\"lazy\" decoding=\"async\" width=\"1200\" height=\"800\" src=\"https:\/\/www.italpassion.fr\/wp-content\/uploads\/2026\/04\/348-jaune-3.jpg\" alt=\"\" class=\"wp-image-49425\" srcset=\"https:\/\/www.italpassion.fr\/wp-content\/uploads\/2026\/04\/348-jaune-3.jpg 1200w, https:\/\/www.italpassion.fr\/wp-content\/uploads\/2026\/04\/348-jaune-3-420x280.jpg 420w, https:\/\/www.italpassion.fr\/wp-content\/uploads\/2026\/04\/348-jaune-3-768x512.jpg 768w, https:\/\/www.italpassion.fr\/wp-content\/uploads\/2026\/04\/348-jaune-3-18x12.jpg 18w\" sizes=\"auto, (max-width: 1200px) 100vw, 1200px\" \/><\/figure>\n\n\n\n<figure class=\"wp-block-image size-full\"><img loading=\"lazy\" decoding=\"async\" width=\"1200\" height=\"800\" src=\"https:\/\/www.italpassion.fr\/wp-content\/uploads\/2026\/04\/348-jaune-4.jpg\" alt=\"\" class=\"wp-image-49426\" srcset=\"https:\/\/www.italpassion.fr\/wp-content\/uploads\/2026\/04\/348-jaune-4.jpg 1200w, https:\/\/www.italpassion.fr\/wp-content\/uploads\/2026\/04\/348-jaune-4-420x280.jpg 420w, https:\/\/www.italpassion.fr\/wp-content\/uploads\/2026\/04\/348-jaune-4-768x512.jpg 768w, https:\/\/www.italpassion.fr\/wp-content\/uploads\/2026\/04\/348-jaune-4-18x12.jpg 18w\" sizes=\"auto, (max-width: 1200px) 100vw, 1200px\" \/><\/figure>\n\n\n\n<p>Ma \u00e8 proprio questo il suo fascino. La sensazione \u00e8 cruda, meccanica, quasi analogica. Il volante trasmette ogni asperit\u00e0 della strada, al punto da dare l'impressione di \u201cleggere\u201d l'asfalto. Una sensazione che molti ritengono sia andata persa nei modelli moderni.<\/p>\n\n\n\n<h2 class=\"wp-block-heading\">Difetti che diventano qualit\u00e0<\/h2>\n\n\n\n<p>S\u00ec, la Ferrari 348 non \u00e8 perfetta. Non \u00e8 la pi\u00f9 veloce, n\u00e9 la pi\u00f9 comoda, n\u00e9 la pi\u00f9 facile da guidare al limite. Ma \u00e8 proprio questa imperfezione ad essere cos\u00ec affascinante oggi. A differenza delle moderne supercar, spesso considerate \u201ctroppo perfette\u201d, la 348 costringe a mettersi in gioco. Bisogna imparare a capirla, a fare i conti con il suo carattere. Ed \u00e8 qui che inizia il divertimento. Come ha sintetizzato perfettamente un proprietario: un'auto perfetta non \u00e8 necessariamente un'auto interessante.<\/p>\n\n\n\n<figure class=\"wp-block-image size-full\"><img loading=\"lazy\" decoding=\"async\" width=\"1200\" height=\"800\" src=\"https:\/\/www.italpassion.fr\/wp-content\/uploads\/2026\/04\/348-jaune-5.jpg\" alt=\"\" class=\"wp-image-49427\" srcset=\"https:\/\/www.italpassion.fr\/wp-content\/uploads\/2026\/04\/348-jaune-5.jpg 1200w, https:\/\/www.italpassion.fr\/wp-content\/uploads\/2026\/04\/348-jaune-5-420x280.jpg 420w, https:\/\/www.italpassion.fr\/wp-content\/uploads\/2026\/04\/348-jaune-5-768x512.jpg 768w, https:\/\/www.italpassion.fr\/wp-content\/uploads\/2026\/04\/348-jaune-5-18x12.jpg 18w\" sizes=\"auto, (max-width: 1200px) 100vw, 1200px\" \/><\/figure>\n\n\n\n<h2 class=\"wp-block-heading\">Una Ferrari semplice... e alla fine rassicurante<\/h2>\n\n\n\n<p>Un'altra sorpresa \u00e8 stata la sua semplicit\u00e0 meccanica. In un periodo in cui le Ferrari diventano sempre pi\u00f9 complesse, la 348 rimane relativamente accessibile per una vettura sportiva di Maranello. Niente sensori eccessivi, niente elettronica invadente, niente sistemi complicati. Di conseguenza, la manutenzione \u00e8 pi\u00f9 semplice da comprendere e spesso meno stressante rispetto ai modelli pi\u00f9 recenti. Un tagliando annuale \u00e8 ancora ragionevole per questo tipo di auto, e anche le operazioni pi\u00f9 pesanti, come la manutenzione, sono tenute sotto controllo. Questo \u00e8 un argomento che conta oggi per gli appassionati che vogliono guidare... e non solo collezionare.<\/p>\n\n\n\n<figure class=\"wp-block-image size-full\"><img loading=\"lazy\" decoding=\"async\" width=\"1200\" height=\"800\" src=\"https:\/\/www.italpassion.fr\/wp-content\/uploads\/2026\/04\/348-jaune-8.jpg\" alt=\"\" class=\"wp-image-49429\" srcset=\"https:\/\/www.italpassion.fr\/wp-content\/uploads\/2026\/04\/348-jaune-8.jpg 1200w, https:\/\/www.italpassion.fr\/wp-content\/uploads\/2026\/04\/348-jaune-8-420x280.jpg 420w, https:\/\/www.italpassion.fr\/wp-content\/uploads\/2026\/04\/348-jaune-8-768x512.jpg 768w, https:\/\/www.italpassion.fr\/wp-content\/uploads\/2026\/04\/348-jaune-8-18x12.jpg 18w\" sizes=\"auto, (max-width: 1200px) 100vw, 1200px\" \/><\/figure>\n\n\n\n<figure class=\"wp-block-image size-full\"><img loading=\"lazy\" decoding=\"async\" width=\"1200\" height=\"800\" src=\"https:\/\/www.italpassion.fr\/wp-content\/uploads\/2026\/04\/moteur-ferrari-348.jpg\" alt=\"\" class=\"wp-image-49428\" srcset=\"https:\/\/www.italpassion.fr\/wp-content\/uploads\/2026\/04\/moteur-ferrari-348.jpg 1200w, https:\/\/www.italpassion.fr\/wp-content\/uploads\/2026\/04\/moteur-ferrari-348-420x280.jpg 420w, https:\/\/www.italpassion.fr\/wp-content\/uploads\/2026\/04\/moteur-ferrari-348-768x512.jpg 768w, https:\/\/www.italpassion.fr\/wp-content\/uploads\/2026\/04\/moteur-ferrari-348-18x12.jpg 18w\" sizes=\"auto, (max-width: 1200px) 100vw, 1200px\" \/><\/figure>\n\n\n\n<h2 class=\"wp-block-heading\">Valutazioni finalmente in crescita<\/h2>\n\n\n\n<p>A lungo ignorata, la Ferrari 348 \u00e8 ora di nuovo in ascesa. Se fino a pochi anni fa poteva essere negoziata a livelli relativamente accessibili, oggi gli esemplari di pregio superano i 100.000 euro. Un aumento logico per un modello che soddisfa una serie di requisiti: rarit\u00e0, design molto apprezzato, guida analogica e una posizione centrale nella storia della Ferrari.<\/p>\n\n\n\n<figure class=\"wp-block-image size-full\"><img loading=\"lazy\" decoding=\"async\" width=\"1200\" height=\"800\" src=\"https:\/\/www.italpassion.fr\/wp-content\/uploads\/2026\/04\/348-jaune-10.jpg\" alt=\"\" class=\"wp-image-49430\" srcset=\"https:\/\/www.italpassion.fr\/wp-content\/uploads\/2026\/04\/348-jaune-10.jpg 1200w, https:\/\/www.italpassion.fr\/wp-content\/uploads\/2026\/04\/348-jaune-10-420x280.jpg 420w, https:\/\/www.italpassion.fr\/wp-content\/uploads\/2026\/04\/348-jaune-10-768x512.jpg 768w, https:\/\/www.italpassion.fr\/wp-content\/uploads\/2026\/04\/348-jaune-10-18x12.jpg 18w\" sizes=\"auto, (max-width: 1200px) 100vw, 1200px\" \/><\/figure>\n\n\n\n<h2 class=\"wp-block-heading\">\u201cQuelli che sanno davvero il fatto loro ne hanno tutti uno\u201d.\u201d<\/h2>\n\n\n\n<p>Questa \u00e8 probabilmente la frase che meglio riassume la rivincita della Ferrari 348. Oggi sono spesso i collezionisti esperti a cercarla. Oggi sono spesso i collezionisti esperti a cercarla. Molti possiedono modelli pi\u00f9 recenti, pi\u00f9 potenti, pi\u00f9 performanti... ma continuano a tenere una 348 nel loro garage. Non per le sue cifre, ma per ci\u00f2 che offre. Dopo tutto, la Ferrari 348 incarna un'epoca passata: un'epoca in cui guidare una Ferrari richiedeva impegno, in cui ogni uscita era un evento e in cui la macchina non accettava compromessi. Un'auto imperfetta, certo. Ma profondamente affascinante. E soprattutto, ora riconosciuta per il suo vero valore.<\/p>\n\n\n\n<figure class=\"wp-block-embed is-type-video is-provider-youtube wp-block-embed-youtube wp-embed-aspect-16-9 wp-has-aspect-ratio\"><div class=\"wp-block-embed__wrapper\">\n<iframe loading=\"lazy\" title=\"Ferrari 348 Spider, esperienza di possesso + \u00e8 valida?\" width=\"1200\" height=\"675\" src=\"https:\/\/www.youtube-nocookie.com\/embed\/9Jj843oO5EE?feature=oembed\" frameborder=\"0\" allow=\"accelerometer; autoplay; clipboard-write; encrypted-media; gyroscope; picture-in-picture; web-share\" referrerpolicy=\"strict-origin-when-cross-origin\" allowfullscreen><\/iframe>\n<\/div><\/figure>\n\n\n\n<p><\/p>","protected":false},"excerpt":{"rendered":"","protected":false},"author":1,"featured_media":49422,"comment_status":"open","ping_status":"open","sticky":false,"template":"","format":"standard","meta":{"_acf_changed":false,"_sitemap_exclude":false,"_sitemap_priority":"","_sitemap_frequency":"","footnotes":""},"categories":[23],"tags":[443],"class_list":["post-49328","post","type-post","status-publish","format-standard","has-post-thumbnail","hentry","category-ferrari","tag-ferrari-348","generate-columns","tablet-grid-50","mobile-grid-100","grid-parent","grid-33"],"acf":[],"yoast_head":"<!-- This site is optimized with the Yoast SEO plugin v25.8 - https:\/\/yoast.com\/wordpress\/plugins\/seo\/ -->\n<title>La Ferrari 348 s&#039;est fait d\u00e9truire par la presse \u00e0 sa sortie\u2026 &quot;ceux qui s&#039;y connaissent vraiment en ont tous une&quot; - ItalPassion<\/title>\n<meta name=\"description\" content=\"Lorsqu\u2019elle appara\u00eet au d\u00e9but des ann\u00e9es 1990, la Ferrari 348 n\u2019a pas la vie facile. Succ\u00e9dant \u00e0 la tr\u00e8s \u00e9l\u00e9gante Ferrari 328, elle choque imm\u00e9diatement.\" \/>\n<meta name=\"robots\" content=\"index, follow, max-snippet:-1, max-image-preview:large, max-video-preview:-1\" \/>\n<link rel=\"canonical\" href=\"https:\/\/www.italpassion.fr\/it\/ferrari\/la-ferrari-348-e-stata-distrutta-dalla-stampa-quando-e-uscita-coloro-che-ne-sanno-veramente-di-piu-ne-hanno-una\/\" \/>\n<meta property=\"og:locale\" content=\"it_IT\" \/>\n<meta property=\"og:type\" content=\"article\" \/>\n<meta property=\"og:title\" content=\"La Ferrari 348 s&#039;est fait d\u00e9truire par la presse \u00e0 sa sortie\u2026 &quot;ceux qui s&#039;y connaissent vraiment en ont tous une&quot; - ItalPassion\" \/>\n<meta property=\"og:description\" content=\"Lorsqu\u2019elle appara\u00eet au d\u00e9but des ann\u00e9es 1990, la Ferrari 348 n\u2019a pas la vie facile. Succ\u00e9dant \u00e0 la tr\u00e8s \u00e9l\u00e9gante Ferrari 328, elle choque imm\u00e9diatement.\" \/>\n<meta property=\"og:url\" content=\"https:\/\/www.italpassion.fr\/it\/ferrari\/la-ferrari-348-e-stata-distrutta-dalla-stampa-quando-e-uscita-coloro-che-ne-sanno-veramente-di-piu-ne-hanno-una\/\" \/>\n<meta property=\"og:site_name\" content=\"ItalPassion\" \/>\n<meta property=\"article:publisher\" content=\"https:\/\/www.facebook.com\/italpassion\" \/>\n<meta property=\"article:published_time\" content=\"2026-04-28T13:24:37+00:00\" \/>\n<meta property=\"og:image\" content=\"https:\/\/www.italpassion.fr\/wp-content\/uploads\/2026\/04\/348-jaune.jpg\" \/>\n\t<meta property=\"og:image:width\" content=\"1200\" \/>\n\t<meta property=\"og:image:height\" content=\"800\" \/>\n\t<meta property=\"og:image:type\" content=\"image\/jpeg\" \/>\n<meta name=\"author\" content=\"Alexandre Filluzeau\" \/>\n<meta name=\"twitter:card\" content=\"summary_large_image\" \/>\n<meta name=\"twitter:creator\" content=\"@italpassion\" \/>\n<meta name=\"twitter:site\" content=\"@italpassion\" \/>\n<script type=\"application\/ld+json\" class=\"yoast-schema-graph\">{\"@context\":\"https:\/\/schema.org\",\"@graph\":[{\"@type\":\"NewsArticle\",\"@id\":\"https:\/\/www.italpassion.fr\/it\/ferrari\/la-ferrari-348-sest-fait-detruire-par-la-presse-a-sa-sortie-ceux-qui-sy-connaissent-vraiment-en-ont-tous-une\/#article\",\"isPartOf\":{\"@id\":\"https:\/\/www.italpassion.fr\/it\/ferrari\/la-ferrari-348-sest-fait-detruire-par-la-presse-a-sa-sortie-ceux-qui-sy-connaissent-vraiment-en-ont-tous-une\/\"},\"author\":{\"name\":\"Alexandre Filluzeau\",\"@id\":\"https:\/\/www.italpassion.fr\/it\/#\/schema\/person\/36f747b2a759ca202d847e85a9434ca0\"},\"headline\":\"La Ferrari 348 s&rsquo;est fait d\u00e9truire par la presse \u00e0 sa sortie\u2026 \u00ab\u00a0ceux qui s&rsquo;y connaissent vraiment en ont tous une\u00a0\u00bb\",\"datePublished\":\"2026-04-28T13:24:37+00:00\",\"mainEntityOfPage\":{\"@id\":\"https:\/\/www.italpassion.fr\/it\/ferrari\/la-ferrari-348-sest-fait-detruire-par-la-presse-a-sa-sortie-ceux-qui-sy-connaissent-vraiment-en-ont-tous-une\/\"},\"wordCount\":753,\"commentCount\":0,\"publisher\":{\"@id\":\"https:\/\/www.italpassion.fr\/it\/#organization\"},\"image\":{\"@id\":\"https:\/\/www.italpassion.fr\/it\/ferrari\/la-ferrari-348-sest-fait-detruire-par-la-presse-a-sa-sortie-ceux-qui-sy-connaissent-vraiment-en-ont-tous-une\/#primaryimage\"},\"thumbnailUrl\":\"https:\/\/www.italpassion.fr\/wp-content\/uploads\/2026\/04\/348-jaune.jpg\",\"keywords\":[\"Ferrari 348\"],\"articleSection\":[\"Ferrari\"],\"inLanguage\":\"it-IT\",\"potentialAction\":[{\"@type\":\"CommentAction\",\"name\":\"Comment\",\"target\":[\"https:\/\/www.italpassion.fr\/it\/ferrari\/la-ferrari-348-sest-fait-detruire-par-la-presse-a-sa-sortie-ceux-qui-sy-connaissent-vraiment-en-ont-tous-une\/#respond\"]}]},{\"@type\":\"WebPage\",\"@id\":\"https:\/\/www.italpassion.fr\/it\/ferrari\/la-ferrari-348-sest-fait-detruire-par-la-presse-a-sa-sortie-ceux-qui-sy-connaissent-vraiment-en-ont-tous-une\/\",\"url\":\"https:\/\/www.italpassion.fr\/it\/ferrari\/la-ferrari-348-sest-fait-detruire-par-la-presse-a-sa-sortie-ceux-qui-sy-connaissent-vraiment-en-ont-tous-une\/\",\"name\":\"La Ferrari 348 s'est fait d\u00e9truire par la presse \u00e0 sa sortie\u2026 \\\"ceux qui s'y connaissent vraiment en ont tous une\\\" - ItalPassion\",\"isPartOf\":{\"@id\":\"https:\/\/www.italpassion.fr\/it\/#website\"},\"primaryImageOfPage\":{\"@id\":\"https:\/\/www.italpassion.fr\/it\/ferrari\/la-ferrari-348-sest-fait-detruire-par-la-presse-a-sa-sortie-ceux-qui-sy-connaissent-vraiment-en-ont-tous-une\/#primaryimage\"},\"image\":{\"@id\":\"https:\/\/www.italpassion.fr\/it\/ferrari\/la-ferrari-348-sest-fait-detruire-par-la-presse-a-sa-sortie-ceux-qui-sy-connaissent-vraiment-en-ont-tous-une\/#primaryimage\"},\"thumbnailUrl\":\"https:\/\/www.italpassion.fr\/wp-content\/uploads\/2026\/04\/348-jaune.jpg\",\"datePublished\":\"2026-04-28T13:24:37+00:00\",\"description\":\"Lorsqu\u2019elle appara\u00eet au d\u00e9but des ann\u00e9es 1990, la Ferrari 348 n\u2019a pas la vie facile. Succ\u00e9dant \u00e0 la tr\u00e8s \u00e9l\u00e9gante Ferrari 328, elle choque imm\u00e9diatement.\",\"breadcrumb\":{\"@id\":\"https:\/\/www.italpassion.fr\/it\/ferrari\/la-ferrari-348-sest-fait-detruire-par-la-presse-a-sa-sortie-ceux-qui-sy-connaissent-vraiment-en-ont-tous-une\/#breadcrumb\"},\"inLanguage\":\"it-IT\",\"potentialAction\":[{\"@type\":\"ReadAction\",\"target\":[\"https:\/\/www.italpassion.fr\/it\/ferrari\/la-ferrari-348-sest-fait-detruire-par-la-presse-a-sa-sortie-ceux-qui-sy-connaissent-vraiment-en-ont-tous-une\/\"]}]},{\"@type\":\"ImageObject\",\"inLanguage\":\"it-IT\",\"@id\":\"https:\/\/www.italpassion.fr\/it\/ferrari\/la-ferrari-348-sest-fait-detruire-par-la-presse-a-sa-sortie-ceux-qui-sy-connaissent-vraiment-en-ont-tous-une\/#primaryimage\",\"url\":\"https:\/\/www.italpassion.fr\/wp-content\/uploads\/2026\/04\/348-jaune.jpg\",\"contentUrl\":\"https:\/\/www.italpassion.fr\/wp-content\/uploads\/2026\/04\/348-jaune.jpg\",\"width\":1200,\"height\":800},{\"@type\":\"BreadcrumbList\",\"@id\":\"https:\/\/www.italpassion.fr\/it\/ferrari\/la-ferrari-348-sest-fait-detruire-par-la-presse-a-sa-sortie-ceux-qui-sy-connaissent-vraiment-en-ont-tous-une\/#breadcrumb\",\"itemListElement\":[{\"@type\":\"ListItem\",\"position\":1,\"name\":\"Accueil\",\"item\":\"https:\/\/www.italpassion.fr\/it\/\"},{\"@type\":\"ListItem\",\"position\":2,\"name\":\"La Ferrari 348 s&rsquo;est fait d\u00e9truire par la presse \u00e0 sa sortie\u2026 \u00ab\u00a0ceux qui s&rsquo;y connaissent vraiment en ont tous une\u00a0\u00bb\"}]},{\"@type\":\"WebSite\",\"@id\":\"https:\/\/www.italpassion.fr\/it\/#website\",\"url\":\"https:\/\/www.italpassion.fr\/it\/\",\"name\":\"ItalPassion\",\"description\":\"Les Passionn\u00e9s d&#039;Automobiles Italiennes\",\"publisher\":{\"@id\":\"https:\/\/www.italpassion.fr\/it\/#organization\"},\"potentialAction\":[{\"@type\":\"SearchAction\",\"target\":{\"@type\":\"EntryPoint\",\"urlTemplate\":\"https:\/\/www.italpassion.fr\/it\/?s={search_term_string}\"},\"query-input\":{\"@type\":\"PropertyValueSpecification\",\"valueRequired\":true,\"valueName\":\"search_term_string\"}}],\"inLanguage\":\"it-IT\"},{\"@type\":\"Organization\",\"@id\":\"https:\/\/www.italpassion.fr\/it\/#organization\",\"name\":\"Italpassion\",\"url\":\"https:\/\/www.italpassion.fr\/it\/\",\"logo\":{\"@type\":\"ImageObject\",\"inLanguage\":\"it-IT\",\"@id\":\"https:\/\/www.italpassion.fr\/it\/#\/schema\/logo\/image\/\",\"url\":\"https:\/\/www.italpassion.fr\/wp-content\/uploads\/2023\/07\/italpassion-yoast.jpg\",\"contentUrl\":\"https:\/\/www.italpassion.fr\/wp-content\/uploads\/2023\/07\/italpassion-yoast.jpg\",\"width\":696,\"height\":696,\"caption\":\"Italpassion\"},\"image\":{\"@id\":\"https:\/\/www.italpassion.fr\/it\/#\/schema\/logo\/image\/\"},\"sameAs\":[\"https:\/\/www.facebook.com\/italpassion\",\"https:\/\/x.com\/italpassion\",\"https:\/\/www.instagram.com\/italpassionfr\/\",\"https:\/\/www.youtube.com\/channel\/UCleq-ByQaA42OjhopwevRjQ\",\"https:\/\/www.facebook.com\/italpassion.en\/\",\"https:\/\/www.facebook.com\/italpassion.it\/\",\"https:\/\/www.facebook.com\/italpassion.de\/\",\"https:\/\/www.facebook.com\/italpassion.ja\/\"]},{\"@type\":\"Person\",\"@id\":\"https:\/\/www.italpassion.fr\/it\/#\/schema\/person\/36f747b2a759ca202d847e85a9434ca0\",\"name\":\"Alexandre Filluzeau\",\"image\":{\"@type\":\"ImageObject\",\"inLanguage\":\"it-IT\",\"@id\":\"https:\/\/www.italpassion.fr\/it\/#\/schema\/person\/image\/\",\"url\":\"https:\/\/www.italpassion.fr\/wp-content\/uploads\/2025\/04\/avatar-alexandre-160x160.jpg\",\"contentUrl\":\"https:\/\/www.italpassion.fr\/wp-content\/uploads\/2025\/04\/avatar-alexandre-160x160.jpg\",\"caption\":\"Alexandre Filluzeau\"},\"description\":\"Fondateur du site ItalPassion, passionn\u00e9 de voitures italiennes et de l'Italie en g\u00e9n\u00e9ral. J'apporte un regard critique et technique aux actualit\u00e9s des marques italiennes quand cela est possible. Propri\u00e9taire d'une Maserati GranTurismo, Alfa Romeo MiTo, Lancia Fulvia et Ducati 695. Ex-propri\u00e9taire d'une Alfa Romeo Giulia.\",\"sameAs\":[\"https:\/\/www.italpassion.fr\/\"],\"url\":\"https:\/\/www.italpassion.fr\/it\/author\/alexandre\/\"}]}<\/script>\n<!-- \/ Yoast SEO plugin. -->","yoast_head_json":{"title":"La Ferrari 348 \u00e8 stata distrutta dalla stampa alla sua uscita... \"Quelli che sanno davvero il fatto loro ne hanno una\" - ItalPassion","description":"Quando apparve all'inizio degli anni '90, la Ferrari 348 non ebbe vita facile. Come successore dell'elegantissima Ferrari 328, fu uno shock immediato.","robots":{"index":"index","follow":"follow","max-snippet":"max-snippet:-1","max-image-preview":"max-image-preview:large","max-video-preview":"max-video-preview:-1"},"canonical":"https:\/\/www.italpassion.fr\/it\/ferrari\/la-ferrari-348-e-stata-distrutta-dalla-stampa-quando-e-uscita-coloro-che-ne-sanno-veramente-di-piu-ne-hanno-una\/","og_locale":"it_IT","og_type":"article","og_title":"La Ferrari 348 s'est fait d\u00e9truire par la presse \u00e0 sa sortie\u2026 \"ceux qui s'y connaissent vraiment en ont tous une\" - ItalPassion","og_description":"Lorsqu\u2019elle appara\u00eet au d\u00e9but des ann\u00e9es 1990, la Ferrari 348 n\u2019a pas la vie facile. Succ\u00e9dant \u00e0 la tr\u00e8s \u00e9l\u00e9gante Ferrari 328, elle choque imm\u00e9diatement.","og_url":"https:\/\/www.italpassion.fr\/it\/ferrari\/la-ferrari-348-e-stata-distrutta-dalla-stampa-quando-e-uscita-coloro-che-ne-sanno-veramente-di-piu-ne-hanno-una\/","og_site_name":"ItalPassion","article_publisher":"https:\/\/www.facebook.com\/italpassion","article_published_time":"2026-04-28T13:24:37+00:00","og_image":[{"width":1200,"height":800,"url":"https:\/\/www.italpassion.fr\/wp-content\/uploads\/2026\/04\/348-jaune.jpg","type":"image\/jpeg"}],"author":"Alexandre Filluzeau","twitter_card":"summary_large_image","twitter_creator":"@italpassion","twitter_site":"@italpassion","schema":{"@context":"https:\/\/schema.org","@graph":[{"@type":"NewsArticle","@id":"https:\/\/www.italpassion.fr\/it\/ferrari\/la-ferrari-348-sest-fait-detruire-par-la-presse-a-sa-sortie-ceux-qui-sy-connaissent-vraiment-en-ont-tous-une\/#article","isPartOf":{"@id":"https:\/\/www.italpassion.fr\/it\/ferrari\/la-ferrari-348-sest-fait-detruire-par-la-presse-a-sa-sortie-ceux-qui-sy-connaissent-vraiment-en-ont-tous-une\/"},"author":{"name":"Alexandre Filluzeau","@id":"https:\/\/www.italpassion.fr\/it\/#\/schema\/person\/36f747b2a759ca202d847e85a9434ca0"},"headline":"La Ferrari 348 s&rsquo;est fait d\u00e9truire par la presse \u00e0 sa sortie\u2026 \u00ab\u00a0ceux qui s&rsquo;y connaissent vraiment en ont tous une\u00a0\u00bb","datePublished":"2026-04-28T13:24:37+00:00","mainEntityOfPage":{"@id":"https:\/\/www.italpassion.fr\/it\/ferrari\/la-ferrari-348-sest-fait-detruire-par-la-presse-a-sa-sortie-ceux-qui-sy-connaissent-vraiment-en-ont-tous-une\/"},"wordCount":753,"commentCount":0,"publisher":{"@id":"https:\/\/www.italpassion.fr\/it\/#organization"},"image":{"@id":"https:\/\/www.italpassion.fr\/it\/ferrari\/la-ferrari-348-sest-fait-detruire-par-la-presse-a-sa-sortie-ceux-qui-sy-connaissent-vraiment-en-ont-tous-une\/#primaryimage"},"thumbnailUrl":"https:\/\/www.italpassion.fr\/wp-content\/uploads\/2026\/04\/348-jaune.jpg","keywords":["Ferrari 348"],"articleSection":["Ferrari"],"inLanguage":"it-IT","potentialAction":[{"@type":"CommentAction","name":"Comment","target":["https:\/\/www.italpassion.fr\/it\/ferrari\/la-ferrari-348-sest-fait-detruire-par-la-presse-a-sa-sortie-ceux-qui-sy-connaissent-vraiment-en-ont-tous-une\/#respond"]}]},{"@type":"WebPage","@id":"https:\/\/www.italpassion.fr\/it\/ferrari\/la-ferrari-348-sest-fait-detruire-par-la-presse-a-sa-sortie-ceux-qui-sy-connaissent-vraiment-en-ont-tous-une\/","url":"https:\/\/www.italpassion.fr\/it\/ferrari\/la-ferrari-348-sest-fait-detruire-par-la-presse-a-sa-sortie-ceux-qui-sy-connaissent-vraiment-en-ont-tous-une\/","name":"La Ferrari 348 \u00e8 stata distrutta dalla stampa alla sua uscita... \"Quelli che sanno davvero il fatto loro ne hanno una\" - ItalPassion","isPartOf":{"@id":"https:\/\/www.italpassion.fr\/it\/#website"},"primaryImageOfPage":{"@id":"https:\/\/www.italpassion.fr\/it\/ferrari\/la-ferrari-348-sest-fait-detruire-par-la-presse-a-sa-sortie-ceux-qui-sy-connaissent-vraiment-en-ont-tous-une\/#primaryimage"},"image":{"@id":"https:\/\/www.italpassion.fr\/it\/ferrari\/la-ferrari-348-sest-fait-detruire-par-la-presse-a-sa-sortie-ceux-qui-sy-connaissent-vraiment-en-ont-tous-une\/#primaryimage"},"thumbnailUrl":"https:\/\/www.italpassion.fr\/wp-content\/uploads\/2026\/04\/348-jaune.jpg","datePublished":"2026-04-28T13:24:37+00:00","description":"Quando apparve all'inizio degli anni '90, la Ferrari 348 non ebbe vita facile. Come successore dell'elegantissima Ferrari 328, fu uno shock immediato.","breadcrumb":{"@id":"https:\/\/www.italpassion.fr\/it\/ferrari\/la-ferrari-348-sest-fait-detruire-par-la-presse-a-sa-sortie-ceux-qui-sy-connaissent-vraiment-en-ont-tous-une\/#breadcrumb"},"inLanguage":"it-IT","potentialAction":[{"@type":"ReadAction","target":["https:\/\/www.italpassion.fr\/it\/ferrari\/la-ferrari-348-sest-fait-detruire-par-la-presse-a-sa-sortie-ceux-qui-sy-connaissent-vraiment-en-ont-tous-une\/"]}]},{"@type":"ImageObject","inLanguage":"it-IT","@id":"https:\/\/www.italpassion.fr\/it\/ferrari\/la-ferrari-348-sest-fait-detruire-par-la-presse-a-sa-sortie-ceux-qui-sy-connaissent-vraiment-en-ont-tous-une\/#primaryimage","url":"https:\/\/www.italpassion.fr\/wp-content\/uploads\/2026\/04\/348-jaune.jpg","contentUrl":"https:\/\/www.italpassion.fr\/wp-content\/uploads\/2026\/04\/348-jaune.jpg","width":1200,"height":800},{"@type":"BreadcrumbList","@id":"https:\/\/www.italpassion.fr\/it\/ferrari\/la-ferrari-348-sest-fait-detruire-par-la-presse-a-sa-sortie-ceux-qui-sy-connaissent-vraiment-en-ont-tous-une\/#breadcrumb","itemListElement":[{"@type":"ListItem","position":1,"name":"Accueil","item":"https:\/\/www.italpassion.fr\/it\/"},{"@type":"ListItem","position":2,"name":"La Ferrari 348 s&rsquo;est fait d\u00e9truire par la presse \u00e0 sa sortie\u2026 \u00ab\u00a0ceux qui s&rsquo;y connaissent vraiment en ont tous une\u00a0\u00bb"}]},{"@type":"WebSite","@id":"https:\/\/www.italpassion.fr\/it\/#website","url":"https:\/\/www.italpassion.fr\/it\/","name":"ItalPassion","description":"Appassionati di auto italiane","publisher":{"@id":"https:\/\/www.italpassion.fr\/it\/#organization"},"potentialAction":[{"@type":"SearchAction","target":{"@type":"EntryPoint","urlTemplate":"https:\/\/www.italpassion.fr\/it\/?s={search_term_string}"},"query-input":{"@type":"PropertyValueSpecification","valueRequired":true,"valueName":"search_term_string"}}],"inLanguage":"it-IT"},{"@type":"Organization","@id":"https:\/\/www.italpassion.fr\/it\/#organization","name":"Italpassion","url":"https:\/\/www.italpassion.fr\/it\/","logo":{"@type":"ImageObject","inLanguage":"it-IT","@id":"https:\/\/www.italpassion.fr\/it\/#\/schema\/logo\/image\/","url":"https:\/\/www.italpassion.fr\/wp-content\/uploads\/2023\/07\/italpassion-yoast.jpg","contentUrl":"https:\/\/www.italpassion.fr\/wp-content\/uploads\/2023\/07\/italpassion-yoast.jpg","width":696,"height":696,"caption":"Italpassion"},"image":{"@id":"https:\/\/www.italpassion.fr\/it\/#\/schema\/logo\/image\/"},"sameAs":["https:\/\/www.facebook.com\/italpassion","https:\/\/x.com\/italpassion","https:\/\/www.instagram.com\/italpassionfr\/","https:\/\/www.youtube.com\/channel\/UCleq-ByQaA42OjhopwevRjQ","https:\/\/www.facebook.com\/italpassion.en\/","https:\/\/www.facebook.com\/italpassion.it\/","https:\/\/www.facebook.com\/italpassion.de\/","https:\/\/www.facebook.com\/italpassion.ja\/"]},{"@type":"Person","@id":"https:\/\/www.italpassion.fr\/it\/#\/schema\/person\/36f747b2a759ca202d847e85a9434ca0","name":"Alexandre Filluzeau","image":{"@type":"ImageObject","inLanguage":"it-IT","@id":"https:\/\/www.italpassion.fr\/it\/#\/schema\/person\/image\/","url":"https:\/\/www.italpassion.fr\/wp-content\/uploads\/2025\/04\/avatar-alexandre-160x160.jpg","contentUrl":"https:\/\/www.italpassion.fr\/wp-content\/uploads\/2025\/04\/avatar-alexandre-160x160.jpg","caption":"Alexandre Filluzeau"},"description":"Fondatore del sito ItalPassion, appassionato di auto italiane e dell'Italia in generale. Porto un occhio critico e tecnico alle notizie dei marchi italiani, quando possibile. Proprietario di una Maserati GranTurismo, di un'Alfa Romeo MiTo, di una Lancia Fulvia e di una Ducati 695. Ex proprietario di un'Alfa Romeo Giulia.","sameAs":["https:\/\/www.italpassion.fr\/"],"url":"https:\/\/www.italpassion.fr\/it\/author\/alexandre\/"}]}},"_links":{"self":[{"href":"https:\/\/www.italpassion.fr\/it\/wp-json\/wp\/v2\/posts\/49328","targetHints":{"allow":["GET"]}}],"collection":[{"href":"https:\/\/www.italpassion.fr\/it\/wp-json\/wp\/v2\/posts"}],"about":[{"href":"https:\/\/www.italpassion.fr\/it\/wp-json\/wp\/v2\/types\/post"}],"author":[{"embeddable":true,"href":"https:\/\/www.italpassion.fr\/it\/wp-json\/wp\/v2\/users\/1"}],"replies":[{"embeddable":true,"href":"https:\/\/www.italpassion.fr\/it\/wp-json\/wp\/v2\/comments?post=49328"}],"version-history":[{"count":2,"href":"https:\/\/www.italpassion.fr\/it\/wp-json\/wp\/v2\/posts\/49328\/revisions"}],"predecessor-version":[{"id":49431,"href":"https:\/\/www.italpassion.fr\/it\/wp-json\/wp\/v2\/posts\/49328\/revisions\/49431"}],"wp:featuredmedia":[{"embeddable":true,"href":"https:\/\/www.italpassion.fr\/it\/wp-json\/wp\/v2\/media\/49422"}],"wp:attachment":[{"href":"https:\/\/www.italpassion.fr\/it\/wp-json\/wp\/v2\/media?parent=49328"}],"wp:term":[{"taxonomy":"category","embeddable":true,"href":"https:\/\/www.italpassion.fr\/it\/wp-json\/wp\/v2\/categories?post=49328"},{"taxonomy":"post_tag","embeddable":true,"href":"https:\/\/www.italpassion.fr\/it\/wp-json\/wp\/v2\/tags?post=49328"}],"curies":[{"name":"wp","href":"https:\/\/api.w.org\/{rel}","templated":true}]}}