{"id":49032,"date":"2026-04-29T15:03:07","date_gmt":"2026-04-29T13:03:07","guid":{"rendered":"https:\/\/www.italpassion.fr\/?p=49032"},"modified":"2026-04-27T16:31:09","modified_gmt":"2026-04-27T14:31:09","slug":"questa-strana-ferrari-non-ha-ne-porte-ne-tetto-e-viene-paragonata-a-una-scarpa","status":"publish","type":"post","link":"https:\/\/www.italpassion.fr\/it\/ferrari\/cette-etrange-ferrari-na-ni-portes-ni-toit-et-est-comparee-a-une-chaussure\/","title":{"rendered":"Questa strana Ferrari non ha n\u00e9 porte n\u00e9 tetto... ed \u00e8 paragonata a una scarpa"},"content":{"rendered":"<figure class=\"wp-block-image size-full\"><img loading=\"lazy\" decoding=\"async\" width=\"1200\" height=\"800\" src=\"https:\/\/www.italpassion.fr\/wp-content\/uploads\/2026\/04\/ferrari-conciso.jpg\" alt=\"\" class=\"wp-image-49372\" srcset=\"https:\/\/www.italpassion.fr\/wp-content\/uploads\/2026\/04\/ferrari-conciso.jpg 1200w, https:\/\/www.italpassion.fr\/wp-content\/uploads\/2026\/04\/ferrari-conciso-420x280.jpg 420w, https:\/\/www.italpassion.fr\/wp-content\/uploads\/2026\/04\/ferrari-conciso-768x512.jpg 768w, https:\/\/www.italpassion.fr\/wp-content\/uploads\/2026\/04\/ferrari-conciso-18x12.jpg 18w\" sizes=\"auto, (max-width: 1200px) 100vw, 1200px\" \/><\/figure>\n\n\n\n<p>A <a href=\"https:\/\/www.italpassion.fr\/it\/ferrari\/\">Ferrari<\/a>, Ogni modello raro fa generalmente scalpore. Le one-off del marchio vengono esaminate, commentate e fotografate da ogni angolazione. Eppure c'\u00e8 un'eccezione quasi dimenticata: la Ferrari Conciso. Un modello cos\u00ec atipico che persino alcuni appassionati farebbero fatica a identificarlo come una Ferrari.<\/p>\n\n\n\n<p>Presentata nel 1993, questa creazione unica non \u00e8 uscita direttamente dalle officine di Maranello, ma dall'immaginazione del designer tedesco Bernd Michalak. Basata su una Ferrari 328 GTS del 1989, la Conciso \u00e8 l'interpretazione radicale che il designer d\u00e0 di ci\u00f2 che pu\u00f2 essere un'auto sportiva: spoglia, estrema, quasi sconcertante.<\/p>\n\n\n\n<figure class=\"wp-block-image size-full\"><img loading=\"lazy\" decoding=\"async\" width=\"1200\" height=\"623\" src=\"https:\/\/www.italpassion.fr\/wp-content\/uploads\/2026\/04\/Bernd-Michalak.jpg\" alt=\"\" class=\"wp-image-49374\" srcset=\"https:\/\/www.italpassion.fr\/wp-content\/uploads\/2026\/04\/Bernd-Michalak.jpg 1200w, https:\/\/www.italpassion.fr\/wp-content\/uploads\/2026\/04\/Bernd-Michalak-420x218.jpg 420w, https:\/\/www.italpassion.fr\/wp-content\/uploads\/2026\/04\/Bernd-Michalak-768x399.jpg 768w, https:\/\/www.italpassion.fr\/wp-content\/uploads\/2026\/04\/Bernd-Michalak-18x9.jpg 18w\" sizes=\"auto, (max-width: 1200px) 100vw, 1200px\" \/><\/figure>\n\n\n\n<p>A prima vista, \u00e8 uno shock visivo. Se le Ferrari degli anni \u00ab80 avevano linee tese e aggressive, la Conciso adotta forme rotonde e compatte, quasi giocose. Alcuni l'hanno paragonata a una \u00bbscarpa sorridente\", altri a un ornitorinco o addirittura a un aspirapolvere portatile. Questi soprannomi riflettono il disagio che pu\u00f2 suscitare nei puristi.<\/p>\n\n\n\n<p>Ma dietro questa silhouette insolita si nasconde un vero e proprio approccio. Il nome \u00abConciso\u00bb, che in italiano significa \u00abconciso\u00bb, riassume perfettamente la filosofia del progetto. L'idea? Eliminare tutto ci\u00f2 che non \u00e8 essenziale per la guida. Il risultato: niente tetto, niente porte e una parvenza di parabrezza. Per salire a bordo, bisogna letteralmente scavalcare la carrozzeria.<\/p>\n\n\n\n<figure class=\"wp-block-image size-full\"><img loading=\"lazy\" decoding=\"async\" width=\"1200\" height=\"836\" src=\"https:\/\/www.italpassion.fr\/wp-content\/uploads\/2026\/04\/ferrari-conciso-6.jpg\" alt=\"\" class=\"wp-image-49375\" srcset=\"https:\/\/www.italpassion.fr\/wp-content\/uploads\/2026\/04\/ferrari-conciso-6.jpg 1200w, https:\/\/www.italpassion.fr\/wp-content\/uploads\/2026\/04\/ferrari-conciso-6-420x293.jpg 420w, https:\/\/www.italpassion.fr\/wp-content\/uploads\/2026\/04\/ferrari-conciso-6-768x535.jpg 768w, https:\/\/www.italpassion.fr\/wp-content\/uploads\/2026\/04\/ferrari-conciso-6-18x12.jpg 18w\" sizes=\"auto, (max-width: 1200px) 100vw, 1200px\" \/><\/figure>\n\n\n\n<figure class=\"wp-block-image size-full\"><img loading=\"lazy\" decoding=\"async\" width=\"1200\" height=\"836\" src=\"https:\/\/www.italpassion.fr\/wp-content\/uploads\/2026\/04\/ferrari-conciso-7.jpg\" alt=\"\" class=\"wp-image-49376\" srcset=\"https:\/\/www.italpassion.fr\/wp-content\/uploads\/2026\/04\/ferrari-conciso-7.jpg 1200w, https:\/\/www.italpassion.fr\/wp-content\/uploads\/2026\/04\/ferrari-conciso-7-420x293.jpg 420w, https:\/\/www.italpassion.fr\/wp-content\/uploads\/2026\/04\/ferrari-conciso-7-768x535.jpg 768w, https:\/\/www.italpassion.fr\/wp-content\/uploads\/2026\/04\/ferrari-conciso-7-18x12.jpg 18w\" sizes=\"auto, (max-width: 1200px) 100vw, 1200px\" \/><\/figure>\n\n\n\n<figure class=\"wp-block-image size-full\"><img loading=\"lazy\" decoding=\"async\" width=\"1200\" height=\"836\" src=\"https:\/\/www.italpassion.fr\/wp-content\/uploads\/2026\/04\/ferrari-conciso-8.jpg\" alt=\"\" class=\"wp-image-49377\" srcset=\"https:\/\/www.italpassion.fr\/wp-content\/uploads\/2026\/04\/ferrari-conciso-8.jpg 1200w, https:\/\/www.italpassion.fr\/wp-content\/uploads\/2026\/04\/ferrari-conciso-8-420x293.jpg 420w, https:\/\/www.italpassion.fr\/wp-content\/uploads\/2026\/04\/ferrari-conciso-8-768x535.jpg 768w, https:\/\/www.italpassion.fr\/wp-content\/uploads\/2026\/04\/ferrari-conciso-8-18x12.jpg 18w\" sizes=\"auto, (max-width: 1200px) 100vw, 1200px\" \/><\/figure>\n\n\n\n<p>Questo approccio minimalista ha portato a una spettacolare riduzione del peso. Pi\u00f9 leggera di circa 30 % rispetto alla 328 GTS originale, la Conciso pesa solo 932 kg. Questo dimagrimento \u00e8 stato possibile grazie alla carrozzeria in alluminio lavorato a mano e all'eliminazione di numerosi comfort.<\/p>\n\n\n\n<figure class=\"wp-block-image size-full\"><img loading=\"lazy\" decoding=\"async\" width=\"1200\" height=\"800\" src=\"https:\/\/www.italpassion.fr\/wp-content\/uploads\/2026\/04\/ferrari-conciso-2.jpg\" alt=\"\" class=\"wp-image-49378\" srcset=\"https:\/\/www.italpassion.fr\/wp-content\/uploads\/2026\/04\/ferrari-conciso-2.jpg 1200w, https:\/\/www.italpassion.fr\/wp-content\/uploads\/2026\/04\/ferrari-conciso-2-420x280.jpg 420w, https:\/\/www.italpassion.fr\/wp-content\/uploads\/2026\/04\/ferrari-conciso-2-768x512.jpg 768w, https:\/\/www.italpassion.fr\/wp-content\/uploads\/2026\/04\/ferrari-conciso-2-18x12.jpg 18w\" sizes=\"auto, (max-width: 1200px) 100vw, 1200px\" \/><\/figure>\n\n\n\n<figure class=\"wp-block-image size-full\"><img loading=\"lazy\" decoding=\"async\" width=\"1200\" height=\"800\" src=\"https:\/\/www.italpassion.fr\/wp-content\/uploads\/2026\/04\/ferrari-conciso-3.jpg\" alt=\"\" class=\"wp-image-49379\" srcset=\"https:\/\/www.italpassion.fr\/wp-content\/uploads\/2026\/04\/ferrari-conciso-3.jpg 1200w, https:\/\/www.italpassion.fr\/wp-content\/uploads\/2026\/04\/ferrari-conciso-3-420x280.jpg 420w, https:\/\/www.italpassion.fr\/wp-content\/uploads\/2026\/04\/ferrari-conciso-3-768x512.jpg 768w, https:\/\/www.italpassion.fr\/wp-content\/uploads\/2026\/04\/ferrari-conciso-3-18x12.jpg 18w\" sizes=\"auto, (max-width: 1200px) 100vw, 1200px\" \/><\/figure>\n\n\n\n<p>Sotto questo aspetto atipico si nasconde un propulsore familiare. Il V8 Quattrovalvole da 3,2 litri della 328 GTS \u00e8 ancora presente e sviluppa circa 270 CV. Abbinato a un cambio manuale a porte aperte, spinge questa insolita Ferrari da 0 a 100 km\/h in circa 5 secondi, con una velocit\u00e0 massima che si avvicina ai 278 km\/h. Queste prestazioni sono ancora pi\u00f9 impressionanti se si considera che l'esperienza di guida \u00e8 totalmente grezza, non filtrata ed esposta agli elementi.<\/p>\n\n\n\n<figure class=\"wp-block-image size-full\"><img loading=\"lazy\" decoding=\"async\" width=\"1200\" height=\"800\" src=\"https:\/\/www.italpassion.fr\/wp-content\/uploads\/2026\/04\/ferrari-conciso-moteur.jpg\" alt=\"\" class=\"wp-image-49384\" srcset=\"https:\/\/www.italpassion.fr\/wp-content\/uploads\/2026\/04\/ferrari-conciso-moteur.jpg 1200w, https:\/\/www.italpassion.fr\/wp-content\/uploads\/2026\/04\/ferrari-conciso-moteur-420x280.jpg 420w, https:\/\/www.italpassion.fr\/wp-content\/uploads\/2026\/04\/ferrari-conciso-moteur-768x512.jpg 768w, https:\/\/www.italpassion.fr\/wp-content\/uploads\/2026\/04\/ferrari-conciso-moteur-18x12.jpg 18w\" sizes=\"auto, (max-width: 1200px) 100vw, 1200px\" \/><\/figure>\n\n\n\n<figure class=\"wp-block-image size-full\"><img loading=\"lazy\" decoding=\"async\" width=\"1200\" height=\"800\" src=\"https:\/\/www.italpassion.fr\/wp-content\/uploads\/2026\/04\/ferrari-conciso-10.jpg\" alt=\"\" class=\"wp-image-49381\" srcset=\"https:\/\/www.italpassion.fr\/wp-content\/uploads\/2026\/04\/ferrari-conciso-10.jpg 1200w, https:\/\/www.italpassion.fr\/wp-content\/uploads\/2026\/04\/ferrari-conciso-10-420x280.jpg 420w, https:\/\/www.italpassion.fr\/wp-content\/uploads\/2026\/04\/ferrari-conciso-10-768x512.jpg 768w, https:\/\/www.italpassion.fr\/wp-content\/uploads\/2026\/04\/ferrari-conciso-10-18x12.jpg 18w\" sizes=\"auto, (max-width: 1200px) 100vw, 1200px\" \/><\/figure>\n\n\n\n<figure class=\"wp-block-image size-full\"><img loading=\"lazy\" decoding=\"async\" width=\"1200\" height=\"800\" src=\"https:\/\/www.italpassion.fr\/wp-content\/uploads\/2026\/04\/ferrari-conciso-9.jpg\" alt=\"\" class=\"wp-image-49382\" srcset=\"https:\/\/www.italpassion.fr\/wp-content\/uploads\/2026\/04\/ferrari-conciso-9.jpg 1200w, https:\/\/www.italpassion.fr\/wp-content\/uploads\/2026\/04\/ferrari-conciso-9-420x280.jpg 420w, https:\/\/www.italpassion.fr\/wp-content\/uploads\/2026\/04\/ferrari-conciso-9-768x512.jpg 768w, https:\/\/www.italpassion.fr\/wp-content\/uploads\/2026\/04\/ferrari-conciso-9-18x12.jpg 18w\" sizes=\"auto, (max-width: 1200px) 100vw, 1200px\" \/><\/figure>\n\n\n\n<p>All'interno, l'atmosfera \u00e8 decisamente orientata alle prestazioni. I sedili a guscio, le cinture di sicurezza, il volante sportivo e la strumentazione analogica ci ricordano che l'essenziale \u00e8 altrove: nel legame diretto tra il guidatore e la macchina. Guidare una Conciso significa sentire ogni vibrazione, ogni rumore meccanico, ogni respiro del motore.<\/p>\n\n\n\n<figure class=\"wp-block-image size-full\"><img loading=\"lazy\" decoding=\"async\" width=\"1200\" height=\"800\" src=\"https:\/\/www.italpassion.fr\/wp-content\/uploads\/2026\/04\/ferrari-conciso-5.jpg\" alt=\"\" class=\"wp-image-49380\" srcset=\"https:\/\/www.italpassion.fr\/wp-content\/uploads\/2026\/04\/ferrari-conciso-5.jpg 1200w, https:\/\/www.italpassion.fr\/wp-content\/uploads\/2026\/04\/ferrari-conciso-5-420x280.jpg 420w, https:\/\/www.italpassion.fr\/wp-content\/uploads\/2026\/04\/ferrari-conciso-5-768x512.jpg 768w, https:\/\/www.italpassion.fr\/wp-content\/uploads\/2026\/04\/ferrari-conciso-5-18x12.jpg 18w\" sizes=\"auto, (max-width: 1200px) 100vw, 1200px\" \/><\/figure>\n\n\n\n<figure class=\"wp-block-image size-full\"><img loading=\"lazy\" decoding=\"async\" width=\"1200\" height=\"800\" src=\"https:\/\/www.italpassion.fr\/wp-content\/uploads\/2026\/04\/ferrari-conciso-11.jpg\" alt=\"\" class=\"wp-image-49383\" srcset=\"https:\/\/www.italpassion.fr\/wp-content\/uploads\/2026\/04\/ferrari-conciso-11.jpg 1200w, https:\/\/www.italpassion.fr\/wp-content\/uploads\/2026\/04\/ferrari-conciso-11-420x280.jpg 420w, https:\/\/www.italpassion.fr\/wp-content\/uploads\/2026\/04\/ferrari-conciso-11-768x512.jpg 768w, https:\/\/www.italpassion.fr\/wp-content\/uploads\/2026\/04\/ferrari-conciso-11-18x12.jpg 18w\" sizes=\"auto, (max-width: 1200px) 100vw, 1200px\" \/><\/figure>\n\n\n\n<p>Presentata al Salone di Francoforte, la Conciso non fu mai destinata alla produzione. Faceva parte di un'epoca in cui i carrozzieri indipendenti osavano ancora sperimentare senza vincoli, superando i confini del design automobilistico. Questa audacia fu premiata nel 1994 con un premio agli Eurosign Design Awards.<\/p>\n\n\n\n<p>Dopo essere passata di mano tra collezionisti europei e americani, la vettura \u00e8 stata persino esposta... in un salone privato, come un'opera d'arte. Pi\u00f9 di recente, \u00e8 riemersa all'asta, aggiudicandosi poco pi\u00f9 di 117.000 euro nel 2017. Oggi la Ferrari Conciso emerge occasionalmente dall'ombra, come accade attualmente al Petersen Automotive Museum, dove \u00e8 esposta. Una rara opportunit\u00e0 per i curiosi di scoprire questo eccentrico concept Ferrari.<\/p>\n\n\n\n<figure class=\"wp-block-embed is-type-video is-provider-youtube wp-block-embed-youtube wp-embed-aspect-16-9 wp-has-aspect-ratio\"><div class=\"wp-block-embed__wrapper\">\n<iframe loading=\"lazy\" title=\"ONE OF ONE | La storia non raccontata della costruzione pi\u00f9 unica della Ferrari\" width=\"1200\" height=\"675\" src=\"https:\/\/www.youtube-nocookie.com\/embed\/Q-eG2i0bf2s?feature=oembed\" frameborder=\"0\" allow=\"accelerometer; autoplay; clipboard-write; encrypted-media; gyroscope; picture-in-picture; web-share\" referrerpolicy=\"strict-origin-when-cross-origin\" allowfullscreen><\/iframe>\n<\/div><\/figure>\n\n\n\n<p><\/p>","protected":false},"excerpt":{"rendered":"","protected":false},"author":1,"featured_media":49372,"comment_status":"open","ping_status":"open","sticky":false,"template":"","format":"standard","meta":{"_acf_changed":false,"_sitemap_exclude":false,"_sitemap_priority":"","_sitemap_frequency":"","footnotes":""},"categories":[23],"tags":[785],"class_list":["post-49032","post","type-post","status-publish","format-standard","has-post-thumbnail","hentry","category-ferrari","tag-ferrari-conciso","generate-columns","tablet-grid-50","mobile-grid-100","grid-parent","grid-33"],"acf":[],"yoast_head":"<!-- This site is optimized with the Yoast SEO plugin v25.8 - https:\/\/yoast.com\/wordpress\/plugins\/seo\/ -->\n<title>Cette \u00e9trange Ferrari n&#039;a ni portes ni toit\u2026 et est compar\u00e9e \u00e0 une chaussure - ItalPassion<\/title>\n<meta name=\"description\" content=\"Chez Ferrari, chaque mod\u00e8le rare fait g\u00e9n\u00e9ralement grand bruit. Les one-off de la marque sont scrut\u00e9s, comment\u00e9s, photographi\u00e9s sous tous les angles. Et\" \/>\n<meta name=\"robots\" content=\"index, follow, max-snippet:-1, max-image-preview:large, max-video-preview:-1\" \/>\n<link rel=\"canonical\" href=\"https:\/\/www.italpassion.fr\/it\/ferrari\/questa-strana-ferrari-non-ha-ne-porte-ne-tetto-e-viene-paragonata-a-una-scarpa\/\" \/>\n<meta property=\"og:locale\" content=\"it_IT\" \/>\n<meta property=\"og:type\" content=\"article\" \/>\n<meta property=\"og:title\" content=\"Cette \u00e9trange Ferrari n&#039;a ni portes ni toit\u2026 et est compar\u00e9e \u00e0 une chaussure - ItalPassion\" \/>\n<meta property=\"og:description\" content=\"Chez Ferrari, chaque mod\u00e8le rare fait g\u00e9n\u00e9ralement grand bruit. Les one-off de la marque sont scrut\u00e9s, comment\u00e9s, photographi\u00e9s sous tous les angles. Et\" \/>\n<meta property=\"og:url\" content=\"https:\/\/www.italpassion.fr\/it\/ferrari\/questa-strana-ferrari-non-ha-ne-porte-ne-tetto-e-viene-paragonata-a-una-scarpa\/\" \/>\n<meta property=\"og:site_name\" content=\"ItalPassion\" \/>\n<meta property=\"article:publisher\" content=\"https:\/\/www.facebook.com\/italpassion\" \/>\n<meta property=\"article:published_time\" content=\"2026-04-29T13:03:07+00:00\" \/>\n<meta property=\"og:image\" content=\"https:\/\/www.italpassion.fr\/wp-content\/uploads\/2026\/04\/ferrari-conciso.jpg\" \/>\n\t<meta property=\"og:image:width\" content=\"1200\" \/>\n\t<meta property=\"og:image:height\" content=\"800\" \/>\n\t<meta property=\"og:image:type\" content=\"image\/jpeg\" \/>\n<meta name=\"author\" content=\"Alexandre Filluzeau\" \/>\n<meta name=\"twitter:card\" content=\"summary_large_image\" \/>\n<meta name=\"twitter:creator\" content=\"@italpassion\" \/>\n<meta name=\"twitter:site\" content=\"@italpassion\" \/>\n<script type=\"application\/ld+json\" class=\"yoast-schema-graph\">{\"@context\":\"https:\/\/schema.org\",\"@graph\":[{\"@type\":\"NewsArticle\",\"@id\":\"https:\/\/www.italpassion.fr\/it\/ferrari\/cette-etrange-ferrari-na-ni-portes-ni-toit-et-est-comparee-a-une-chaussure\/#article\",\"isPartOf\":{\"@id\":\"https:\/\/www.italpassion.fr\/it\/ferrari\/cette-etrange-ferrari-na-ni-portes-ni-toit-et-est-comparee-a-une-chaussure\/\"},\"author\":{\"name\":\"Alexandre Filluzeau\",\"@id\":\"https:\/\/www.italpassion.fr\/it\/#\/schema\/person\/36f747b2a759ca202d847e85a9434ca0\"},\"headline\":\"Cette \u00e9trange Ferrari n&rsquo;a ni portes ni toit\u2026 et est compar\u00e9e \u00e0 une chaussure\",\"datePublished\":\"2026-04-29T13:03:07+00:00\",\"mainEntityOfPage\":{\"@id\":\"https:\/\/www.italpassion.fr\/it\/ferrari\/cette-etrange-ferrari-na-ni-portes-ni-toit-et-est-comparee-a-une-chaussure\/\"},\"wordCount\":597,\"commentCount\":0,\"publisher\":{\"@id\":\"https:\/\/www.italpassion.fr\/it\/#organization\"},\"image\":{\"@id\":\"https:\/\/www.italpassion.fr\/it\/ferrari\/cette-etrange-ferrari-na-ni-portes-ni-toit-et-est-comparee-a-une-chaussure\/#primaryimage\"},\"thumbnailUrl\":\"https:\/\/www.italpassion.fr\/wp-content\/uploads\/2026\/04\/ferrari-conciso.jpg\",\"keywords\":[\"Ferrari Conciso\"],\"articleSection\":[\"Ferrari\"],\"inLanguage\":\"it-IT\",\"potentialAction\":[{\"@type\":\"CommentAction\",\"name\":\"Comment\",\"target\":[\"https:\/\/www.italpassion.fr\/it\/ferrari\/cette-etrange-ferrari-na-ni-portes-ni-toit-et-est-comparee-a-une-chaussure\/#respond\"]}]},{\"@type\":\"WebPage\",\"@id\":\"https:\/\/www.italpassion.fr\/it\/ferrari\/cette-etrange-ferrari-na-ni-portes-ni-toit-et-est-comparee-a-une-chaussure\/\",\"url\":\"https:\/\/www.italpassion.fr\/it\/ferrari\/cette-etrange-ferrari-na-ni-portes-ni-toit-et-est-comparee-a-une-chaussure\/\",\"name\":\"Cette \u00e9trange Ferrari n'a ni portes ni toit\u2026 et est compar\u00e9e \u00e0 une chaussure - ItalPassion\",\"isPartOf\":{\"@id\":\"https:\/\/www.italpassion.fr\/it\/#website\"},\"primaryImageOfPage\":{\"@id\":\"https:\/\/www.italpassion.fr\/it\/ferrari\/cette-etrange-ferrari-na-ni-portes-ni-toit-et-est-comparee-a-une-chaussure\/#primaryimage\"},\"image\":{\"@id\":\"https:\/\/www.italpassion.fr\/it\/ferrari\/cette-etrange-ferrari-na-ni-portes-ni-toit-et-est-comparee-a-une-chaussure\/#primaryimage\"},\"thumbnailUrl\":\"https:\/\/www.italpassion.fr\/wp-content\/uploads\/2026\/04\/ferrari-conciso.jpg\",\"datePublished\":\"2026-04-29T13:03:07+00:00\",\"description\":\"Chez Ferrari, chaque mod\u00e8le rare fait g\u00e9n\u00e9ralement grand bruit. Les one-off de la marque sont scrut\u00e9s, comment\u00e9s, photographi\u00e9s sous tous les angles. Et\",\"breadcrumb\":{\"@id\":\"https:\/\/www.italpassion.fr\/it\/ferrari\/cette-etrange-ferrari-na-ni-portes-ni-toit-et-est-comparee-a-une-chaussure\/#breadcrumb\"},\"inLanguage\":\"it-IT\",\"potentialAction\":[{\"@type\":\"ReadAction\",\"target\":[\"https:\/\/www.italpassion.fr\/it\/ferrari\/cette-etrange-ferrari-na-ni-portes-ni-toit-et-est-comparee-a-une-chaussure\/\"]}]},{\"@type\":\"ImageObject\",\"inLanguage\":\"it-IT\",\"@id\":\"https:\/\/www.italpassion.fr\/it\/ferrari\/cette-etrange-ferrari-na-ni-portes-ni-toit-et-est-comparee-a-une-chaussure\/#primaryimage\",\"url\":\"https:\/\/www.italpassion.fr\/wp-content\/uploads\/2026\/04\/ferrari-conciso.jpg\",\"contentUrl\":\"https:\/\/www.italpassion.fr\/wp-content\/uploads\/2026\/04\/ferrari-conciso.jpg\",\"width\":1200,\"height\":800},{\"@type\":\"BreadcrumbList\",\"@id\":\"https:\/\/www.italpassion.fr\/it\/ferrari\/cette-etrange-ferrari-na-ni-portes-ni-toit-et-est-comparee-a-une-chaussure\/#breadcrumb\",\"itemListElement\":[{\"@type\":\"ListItem\",\"position\":1,\"name\":\"Accueil\",\"item\":\"https:\/\/www.italpassion.fr\/it\/\"},{\"@type\":\"ListItem\",\"position\":2,\"name\":\"Cette \u00e9trange Ferrari n&rsquo;a ni portes ni toit\u2026 et est compar\u00e9e \u00e0 une chaussure\"}]},{\"@type\":\"WebSite\",\"@id\":\"https:\/\/www.italpassion.fr\/it\/#website\",\"url\":\"https:\/\/www.italpassion.fr\/it\/\",\"name\":\"ItalPassion\",\"description\":\"Les Passionn\u00e9s d&#039;Automobiles Italiennes\",\"publisher\":{\"@id\":\"https:\/\/www.italpassion.fr\/it\/#organization\"},\"potentialAction\":[{\"@type\":\"SearchAction\",\"target\":{\"@type\":\"EntryPoint\",\"urlTemplate\":\"https:\/\/www.italpassion.fr\/it\/?s={search_term_string}\"},\"query-input\":{\"@type\":\"PropertyValueSpecification\",\"valueRequired\":true,\"valueName\":\"search_term_string\"}}],\"inLanguage\":\"it-IT\"},{\"@type\":\"Organization\",\"@id\":\"https:\/\/www.italpassion.fr\/it\/#organization\",\"name\":\"Italpassion\",\"url\":\"https:\/\/www.italpassion.fr\/it\/\",\"logo\":{\"@type\":\"ImageObject\",\"inLanguage\":\"it-IT\",\"@id\":\"https:\/\/www.italpassion.fr\/it\/#\/schema\/logo\/image\/\",\"url\":\"https:\/\/www.italpassion.fr\/wp-content\/uploads\/2023\/07\/italpassion-yoast.jpg\",\"contentUrl\":\"https:\/\/www.italpassion.fr\/wp-content\/uploads\/2023\/07\/italpassion-yoast.jpg\",\"width\":696,\"height\":696,\"caption\":\"Italpassion\"},\"image\":{\"@id\":\"https:\/\/www.italpassion.fr\/it\/#\/schema\/logo\/image\/\"},\"sameAs\":[\"https:\/\/www.facebook.com\/italpassion\",\"https:\/\/x.com\/italpassion\",\"https:\/\/www.instagram.com\/italpassionfr\/\",\"https:\/\/www.youtube.com\/channel\/UCleq-ByQaA42OjhopwevRjQ\",\"https:\/\/www.facebook.com\/italpassion.en\/\",\"https:\/\/www.facebook.com\/italpassion.it\/\",\"https:\/\/www.facebook.com\/italpassion.de\/\",\"https:\/\/www.facebook.com\/italpassion.ja\/\"]},{\"@type\":\"Person\",\"@id\":\"https:\/\/www.italpassion.fr\/it\/#\/schema\/person\/36f747b2a759ca202d847e85a9434ca0\",\"name\":\"Alexandre Filluzeau\",\"image\":{\"@type\":\"ImageObject\",\"inLanguage\":\"it-IT\",\"@id\":\"https:\/\/www.italpassion.fr\/it\/#\/schema\/person\/image\/\",\"url\":\"https:\/\/www.italpassion.fr\/wp-content\/uploads\/2025\/04\/avatar-alexandre-160x160.jpg\",\"contentUrl\":\"https:\/\/www.italpassion.fr\/wp-content\/uploads\/2025\/04\/avatar-alexandre-160x160.jpg\",\"caption\":\"Alexandre Filluzeau\"},\"description\":\"Fondateur du site ItalPassion, passionn\u00e9 de voitures italiennes et de l'Italie en g\u00e9n\u00e9ral. J'apporte un regard critique et technique aux actualit\u00e9s des marques italiennes quand cela est possible. Propri\u00e9taire d'une Maserati GranTurismo, Alfa Romeo MiTo, Lancia Fulvia et Ducati 695. Ex-propri\u00e9taire d'une Alfa Romeo Giulia.\",\"sameAs\":[\"https:\/\/www.italpassion.fr\/\"],\"url\":\"https:\/\/www.italpassion.fr\/it\/author\/alexandre\/\"}]}<\/script>\n<!-- \/ Yoast SEO plugin. -->","yoast_head_json":{"title":"Questa strana Ferrari non ha n\u00e9 porte n\u00e9 tetto... ed \u00e8 paragonata ad una scarpa - ItalPassion","description":"Alla Ferrari, ogni modello raro fa generalmente scalpore. I pezzi unici del marchio vengono esaminati, commentati e fotografati da ogni angolazione. E","robots":{"index":"index","follow":"follow","max-snippet":"max-snippet:-1","max-image-preview":"max-image-preview:large","max-video-preview":"max-video-preview:-1"},"canonical":"https:\/\/www.italpassion.fr\/it\/ferrari\/questa-strana-ferrari-non-ha-ne-porte-ne-tetto-e-viene-paragonata-a-una-scarpa\/","og_locale":"it_IT","og_type":"article","og_title":"Cette \u00e9trange Ferrari n'a ni portes ni toit\u2026 et est compar\u00e9e \u00e0 une chaussure - ItalPassion","og_description":"Chez Ferrari, chaque mod\u00e8le rare fait g\u00e9n\u00e9ralement grand bruit. Les one-off de la marque sont scrut\u00e9s, comment\u00e9s, photographi\u00e9s sous tous les angles. Et","og_url":"https:\/\/www.italpassion.fr\/it\/ferrari\/questa-strana-ferrari-non-ha-ne-porte-ne-tetto-e-viene-paragonata-a-una-scarpa\/","og_site_name":"ItalPassion","article_publisher":"https:\/\/www.facebook.com\/italpassion","article_published_time":"2026-04-29T13:03:07+00:00","og_image":[{"width":1200,"height":800,"url":"https:\/\/www.italpassion.fr\/wp-content\/uploads\/2026\/04\/ferrari-conciso.jpg","type":"image\/jpeg"}],"author":"Alexandre Filluzeau","twitter_card":"summary_large_image","twitter_creator":"@italpassion","twitter_site":"@italpassion","schema":{"@context":"https:\/\/schema.org","@graph":[{"@type":"NewsArticle","@id":"https:\/\/www.italpassion.fr\/it\/ferrari\/cette-etrange-ferrari-na-ni-portes-ni-toit-et-est-comparee-a-une-chaussure\/#article","isPartOf":{"@id":"https:\/\/www.italpassion.fr\/it\/ferrari\/cette-etrange-ferrari-na-ni-portes-ni-toit-et-est-comparee-a-une-chaussure\/"},"author":{"name":"Alexandre Filluzeau","@id":"https:\/\/www.italpassion.fr\/it\/#\/schema\/person\/36f747b2a759ca202d847e85a9434ca0"},"headline":"Cette \u00e9trange Ferrari n&rsquo;a ni portes ni toit\u2026 et est compar\u00e9e \u00e0 une chaussure","datePublished":"2026-04-29T13:03:07+00:00","mainEntityOfPage":{"@id":"https:\/\/www.italpassion.fr\/it\/ferrari\/cette-etrange-ferrari-na-ni-portes-ni-toit-et-est-comparee-a-une-chaussure\/"},"wordCount":597,"commentCount":0,"publisher":{"@id":"https:\/\/www.italpassion.fr\/it\/#organization"},"image":{"@id":"https:\/\/www.italpassion.fr\/it\/ferrari\/cette-etrange-ferrari-na-ni-portes-ni-toit-et-est-comparee-a-une-chaussure\/#primaryimage"},"thumbnailUrl":"https:\/\/www.italpassion.fr\/wp-content\/uploads\/2026\/04\/ferrari-conciso.jpg","keywords":["Ferrari Conciso"],"articleSection":["Ferrari"],"inLanguage":"it-IT","potentialAction":[{"@type":"CommentAction","name":"Comment","target":["https:\/\/www.italpassion.fr\/it\/ferrari\/cette-etrange-ferrari-na-ni-portes-ni-toit-et-est-comparee-a-une-chaussure\/#respond"]}]},{"@type":"WebPage","@id":"https:\/\/www.italpassion.fr\/it\/ferrari\/cette-etrange-ferrari-na-ni-portes-ni-toit-et-est-comparee-a-une-chaussure\/","url":"https:\/\/www.italpassion.fr\/it\/ferrari\/cette-etrange-ferrari-na-ni-portes-ni-toit-et-est-comparee-a-une-chaussure\/","name":"Questa strana Ferrari non ha n\u00e9 porte n\u00e9 tetto... ed \u00e8 paragonata ad una scarpa - ItalPassion","isPartOf":{"@id":"https:\/\/www.italpassion.fr\/it\/#website"},"primaryImageOfPage":{"@id":"https:\/\/www.italpassion.fr\/it\/ferrari\/cette-etrange-ferrari-na-ni-portes-ni-toit-et-est-comparee-a-une-chaussure\/#primaryimage"},"image":{"@id":"https:\/\/www.italpassion.fr\/it\/ferrari\/cette-etrange-ferrari-na-ni-portes-ni-toit-et-est-comparee-a-une-chaussure\/#primaryimage"},"thumbnailUrl":"https:\/\/www.italpassion.fr\/wp-content\/uploads\/2026\/04\/ferrari-conciso.jpg","datePublished":"2026-04-29T13:03:07+00:00","description":"Alla Ferrari, ogni modello raro fa generalmente scalpore. I pezzi unici del marchio vengono esaminati, commentati e fotografati da ogni angolazione. E","breadcrumb":{"@id":"https:\/\/www.italpassion.fr\/it\/ferrari\/cette-etrange-ferrari-na-ni-portes-ni-toit-et-est-comparee-a-une-chaussure\/#breadcrumb"},"inLanguage":"it-IT","potentialAction":[{"@type":"ReadAction","target":["https:\/\/www.italpassion.fr\/it\/ferrari\/cette-etrange-ferrari-na-ni-portes-ni-toit-et-est-comparee-a-une-chaussure\/"]}]},{"@type":"ImageObject","inLanguage":"it-IT","@id":"https:\/\/www.italpassion.fr\/it\/ferrari\/cette-etrange-ferrari-na-ni-portes-ni-toit-et-est-comparee-a-une-chaussure\/#primaryimage","url":"https:\/\/www.italpassion.fr\/wp-content\/uploads\/2026\/04\/ferrari-conciso.jpg","contentUrl":"https:\/\/www.italpassion.fr\/wp-content\/uploads\/2026\/04\/ferrari-conciso.jpg","width":1200,"height":800},{"@type":"BreadcrumbList","@id":"https:\/\/www.italpassion.fr\/it\/ferrari\/cette-etrange-ferrari-na-ni-portes-ni-toit-et-est-comparee-a-une-chaussure\/#breadcrumb","itemListElement":[{"@type":"ListItem","position":1,"name":"Accueil","item":"https:\/\/www.italpassion.fr\/it\/"},{"@type":"ListItem","position":2,"name":"Cette \u00e9trange Ferrari n&rsquo;a ni portes ni toit\u2026 et est compar\u00e9e \u00e0 une chaussure"}]},{"@type":"WebSite","@id":"https:\/\/www.italpassion.fr\/it\/#website","url":"https:\/\/www.italpassion.fr\/it\/","name":"ItalPassion","description":"Appassionati di auto italiane","publisher":{"@id":"https:\/\/www.italpassion.fr\/it\/#organization"},"potentialAction":[{"@type":"SearchAction","target":{"@type":"EntryPoint","urlTemplate":"https:\/\/www.italpassion.fr\/it\/?s={search_term_string}"},"query-input":{"@type":"PropertyValueSpecification","valueRequired":true,"valueName":"search_term_string"}}],"inLanguage":"it-IT"},{"@type":"Organization","@id":"https:\/\/www.italpassion.fr\/it\/#organization","name":"Italpassion","url":"https:\/\/www.italpassion.fr\/it\/","logo":{"@type":"ImageObject","inLanguage":"it-IT","@id":"https:\/\/www.italpassion.fr\/it\/#\/schema\/logo\/image\/","url":"https:\/\/www.italpassion.fr\/wp-content\/uploads\/2023\/07\/italpassion-yoast.jpg","contentUrl":"https:\/\/www.italpassion.fr\/wp-content\/uploads\/2023\/07\/italpassion-yoast.jpg","width":696,"height":696,"caption":"Italpassion"},"image":{"@id":"https:\/\/www.italpassion.fr\/it\/#\/schema\/logo\/image\/"},"sameAs":["https:\/\/www.facebook.com\/italpassion","https:\/\/x.com\/italpassion","https:\/\/www.instagram.com\/italpassionfr\/","https:\/\/www.youtube.com\/channel\/UCleq-ByQaA42OjhopwevRjQ","https:\/\/www.facebook.com\/italpassion.en\/","https:\/\/www.facebook.com\/italpassion.it\/","https:\/\/www.facebook.com\/italpassion.de\/","https:\/\/www.facebook.com\/italpassion.ja\/"]},{"@type":"Person","@id":"https:\/\/www.italpassion.fr\/it\/#\/schema\/person\/36f747b2a759ca202d847e85a9434ca0","name":"Alexandre Filluzeau","image":{"@type":"ImageObject","inLanguage":"it-IT","@id":"https:\/\/www.italpassion.fr\/it\/#\/schema\/person\/image\/","url":"https:\/\/www.italpassion.fr\/wp-content\/uploads\/2025\/04\/avatar-alexandre-160x160.jpg","contentUrl":"https:\/\/www.italpassion.fr\/wp-content\/uploads\/2025\/04\/avatar-alexandre-160x160.jpg","caption":"Alexandre Filluzeau"},"description":"Fondatore del sito ItalPassion, appassionato di auto italiane e dell'Italia in generale. Porto un occhio critico e tecnico alle notizie dei marchi italiani, quando possibile. Proprietario di una Maserati GranTurismo, di un'Alfa Romeo MiTo, di una Lancia Fulvia e di una Ducati 695. Ex proprietario di un'Alfa Romeo Giulia.","sameAs":["https:\/\/www.italpassion.fr\/"],"url":"https:\/\/www.italpassion.fr\/it\/author\/alexandre\/"}]}},"_links":{"self":[{"href":"https:\/\/www.italpassion.fr\/it\/wp-json\/wp\/v2\/posts\/49032","targetHints":{"allow":["GET"]}}],"collection":[{"href":"https:\/\/www.italpassion.fr\/it\/wp-json\/wp\/v2\/posts"}],"about":[{"href":"https:\/\/www.italpassion.fr\/it\/wp-json\/wp\/v2\/types\/post"}],"author":[{"embeddable":true,"href":"https:\/\/www.italpassion.fr\/it\/wp-json\/wp\/v2\/users\/1"}],"replies":[{"embeddable":true,"href":"https:\/\/www.italpassion.fr\/it\/wp-json\/wp\/v2\/comments?post=49032"}],"version-history":[{"count":3,"href":"https:\/\/www.italpassion.fr\/it\/wp-json\/wp\/v2\/posts\/49032\/revisions"}],"predecessor-version":[{"id":49385,"href":"https:\/\/www.italpassion.fr\/it\/wp-json\/wp\/v2\/posts\/49032\/revisions\/49385"}],"wp:featuredmedia":[{"embeddable":true,"href":"https:\/\/www.italpassion.fr\/it\/wp-json\/wp\/v2\/media\/49372"}],"wp:attachment":[{"href":"https:\/\/www.italpassion.fr\/it\/wp-json\/wp\/v2\/media?parent=49032"}],"wp:term":[{"taxonomy":"category","embeddable":true,"href":"https:\/\/www.italpassion.fr\/it\/wp-json\/wp\/v2\/categories?post=49032"},{"taxonomy":"post_tag","embeddable":true,"href":"https:\/\/www.italpassion.fr\/it\/wp-json\/wp\/v2\/tags?post=49032"}],"curies":[{"name":"wp","href":"https:\/\/api.w.org\/{rel}","templated":true}]}}