{"id":47525,"date":"2026-03-16T14:08:13","date_gmt":"2026-03-16T13:08:13","guid":{"rendered":"https:\/\/www.italpassion.fr\/?p=47525"},"modified":"2026-03-16T10:59:27","modified_gmt":"2026-03-16T09:59:27","slug":"la-prima-ferrari-elettrica-potrebbe-gia-dover-cambiare-nome-a-causa-di-mazda","status":"publish","type":"post","link":"https:\/\/www.italpassion.fr\/it\/ferrari\/la-premiere-ferrari-electrique-pourrait-deja-devoir-changer-de-nom-a-cause-de-mazda\/","title":{"rendered":"La prima Ferrari elettrica potrebbe gi\u00e0 dover cambiare nome... per colpa di Mazda"},"content":{"rendered":"<figure class=\"wp-block-image size-full\"><img loading=\"lazy\" decoding=\"async\" width=\"1200\" height=\"800\" src=\"https:\/\/www.italpassion.fr\/wp-content\/uploads\/2026\/03\/ferrari-luce.jpg\" alt=\"\" class=\"wp-image-47398\" srcset=\"https:\/\/www.italpassion.fr\/wp-content\/uploads\/2026\/03\/ferrari-luce.jpg 1200w, https:\/\/www.italpassion.fr\/wp-content\/uploads\/2026\/03\/ferrari-luce-420x280.jpg 420w, https:\/\/www.italpassion.fr\/wp-content\/uploads\/2026\/03\/ferrari-luce-768x512.jpg 768w, https:\/\/www.italpassion.fr\/wp-content\/uploads\/2026\/03\/ferrari-luce-18x12.jpg 18w\" sizes=\"auto, (max-width: 1200px) 100vw, 1200px\" \/><figcaption class=\"wp-element-caption\">Ferrari Luce<\/figcaption><\/figure>\n\n\n\n<p>Il primo modello elettrico 100 % di <a href=\"https:\/\/www.italpassion.fr\/it\/ferrari\/\">Ferrari<\/a> non \u00e8 ancora stata presentata ufficialmente, potrebbe gi\u00e0 trovarsi di fronte a un problema inaspettato. Il marchio di Maranello ha recentemente svelato il nome Luce per il suo futuro modello elettrico, ma questa scelta potrebbe essere messa in discussione. Il motivo? Anche la casa automobilistica giapponese Mazda ha appena presentato una domanda di protezione per lo stesso nome.<\/p>\n\n\n\n<p>Questa situazione potrebbe creare un conflitto legale inaspettato e costringere <a href=\"https:\/\/www.italpassion.fr\/it\/ferrari\/\">Ferrari<\/a> di rivedere i propri piani alla luce degli sviluppi delle procedure di registrazione dei marchi.<\/p>\n\n\n\n<h2 class=\"wp-block-heading\">Ferrari svela il nome Luce per il suo primo modello elettrico<\/h2>\n\n\n\n<p>All'inizio del mese di febbraio 2026, la Ferrari ha iniziato a svelare il suo primo modello completamente elettrico. <a href=\"https:\/\/www.italpassion.fr\/it\/ferrari\/ferrari-ha-svelato-il-nome-e-il-design-della-sua-prima-auto-elettrica\/\">in particolare l'interno del veicolo<\/a>. In questa occasione, il marchio italiano ha citato per la prima volta il nome di <a href=\"https:\/\/www.italpassion.fr\/it\/auto\/ferrari-luce\/\">Luce<\/a>.<\/p>\n\n\n\n<p>Poco dopo questo annuncio, il 9 febbraio Ferrari ha registrato ufficialmente il marchio in Italia. Il nome, che in italiano significa \u00abluce\u00bb, sembrava adattarsi perfettamente alla strategia del marchio: simboleggiare una nuova era tecnologica pur mantenendo una forte identit\u00e0 italiana.<\/p>\n\n\n\n<p>Il futuro modello elettrico della Ferrari promette di essere particolarmente ambizioso. Secondo le prime indiscrezioni, sar\u00e0 dotata di quattro motori elettrici, in grado di accelerare da 0 a 100 km\/h in circa 2,5 secondi e di raggiungere una velocit\u00e0 massima prossima ai 310 km\/h. L'energia sarebbe fornita da una batteria da 122 kWh, per un'autonomia stimata di 530 km, con la possibilit\u00e0 di una ricarica rapida fino a 350 kW.<\/p>\n\n\n\n<h2 class=\"wp-block-heading\">Mazda registra anche il marchio Luce<\/h2>\n\n\n\n<p>Ma poche settimane dopo la mossa della Ferrari, un altro costruttore si \u00e8 inserito nella vicenda. Il 4 marzo 2026, Mazda ha presentato una domanda di protezione del nome Luce, questa volta presso l'Ufficio brevetti giapponese.<\/p>\n\n\n\n<p>Questo deposito potrebbe complicare l'uso del nome Ferrari in alcuni mercati, a seconda di come le autorit\u00e0 si pronunceranno sulle varie richieste.<\/p>\n\n\n\n<p>Per gli appassionati del marchio giapponese, questa scelta non \u00e8 casuale. Il nome Luce fa parte della storia di Mazda: \u00e8 stato utilizzato per una grande berlina di lusso prodotta dagli anni Sessanta fino ai primi anni Novanta. In alcuni Paesi, questo modello era conosciuto anche come Mazda 929, ma il nome Luce mantiene il suo valore storico per il produttore.<\/p>\n\n\n\n<p>Mazda aveva gi\u00e0 riportato il nome alla ribalta nel 2017 con la <strong>Vision Coup\u00e9<\/strong>, Il design era un omaggio alla Luce Rotary Coup\u00e9 del 1969.<\/p>\n\n\n\n<h2 class=\"wp-block-heading\">La tempistica \u00e8 un problema<\/h2>\n\n\n\n<p>Nell'industria automobilistica, non \u00e8 raro che i produttori registrino o rinnovino vecchi marchi, semplicemente per proteggere il loro patrimonio e impedire ad altri marchi di utilizzarli.<\/p>\n\n\n\n<p>Mazda potrebbe quindi semplicemente cercare di assicurarsi un nome storico. Ma la tempistica di questa richiesta \u00e8 destinata ad attirare l'attenzione: \u00e8 stata presentata subito dopo che la Ferrari ha svelato il nome del suo futuro modello elettrico.<\/p>\n\n\n\n<p>Se Mazda dovesse ottenere i diritti in alcuni mercati, la Ferrari potrebbe essere costretta a utilizzare un nome diverso per la sua auto elettrica in quelle regioni, o addirittura a cambiare completamente nome prima del lancio commerciale.<\/p>\n\n\n\n<h2 class=\"wp-block-heading\">I cambi di nome non sono rari nell'industria automobilistica.<\/h2>\n\n\n\n<p>Questo tipo di situazione si \u00e8 gi\u00e0 verificata diverse volte nella storia dell'automobile. Pi\u00f9 recentemente, l'Alfa Romeo ha dovuto <a href=\"https:\/\/www.italpassion.fr\/it\/alfa-romeo\/lalfa-romeo-milano-ufficiale-cambia-nome-in-junior\/\">ribattezzare il suo crossover Milano Junior<\/a> poco dopo la sua presentazione, sotto la pressione politica legata al fatto che il modello non era prodotto in Italia.<\/p>\n\n\n\n<p>Un altro caso famoso risale al 1963, quando Porsche dovette abbandonare il nome 901 per il suo nuovo modello sportivo. Peugeot possedeva gi\u00e0 i diritti per i nomi a tre cifre con uno zero in mezzo, che alla fine hanno dato origine al famoso nome 911.<\/p>\n\n\n\n<p>Resta ora da vedere se Ferrari e Mazda troveranno un terreno comune o se il marchio italiano dovr\u00e0 trovare una nuova identit\u00e0 per la sua prima auto elettrica. Una cosa \u00e8 certa: anche prima del lancio ufficiale che avverr\u00e0 nei prossimi mesi, questa Ferrari elettrica \u00e8 gi\u00e0 sulla bocca di tutti.<\/p>","protected":false},"excerpt":{"rendered":"","protected":false},"author":1,"featured_media":47398,"comment_status":"open","ping_status":"open","sticky":false,"template":"","format":"standard","meta":{"_acf_changed":false,"_sitemap_exclude":false,"_sitemap_priority":"","_sitemap_frequency":"","footnotes":""},"categories":[23],"tags":[448],"class_list":["post-47525","post","type-post","status-publish","format-standard","has-post-thumbnail","hentry","category-ferrari","tag-ferrari-elettrica","generate-columns","tablet-grid-50","mobile-grid-100","grid-parent","grid-33"],"acf":[],"yoast_head":"<!-- This site is optimized with the Yoast SEO plugin v25.8 - https:\/\/yoast.com\/wordpress\/plugins\/seo\/ -->\n<title>La premi\u00e8re Ferrari \u00e9lectrique pourrait d\u00e9j\u00e0 devoir changer de nom\u2026 \u00e0 cause de Mazda - ItalPassion<\/title>\n<meta name=\"description\" content=\"Ferrari Luce Le premier mod\u00e8le 100 % \u00e9lectrique de Ferrari n\u2019est m\u00eame pas encore officiellement pr\u00e9sent\u00e9 qu\u2019il pourrait d\u00e9j\u00e0 rencontrer un probl\u00e8me\" \/>\n<meta name=\"robots\" content=\"index, follow, max-snippet:-1, max-image-preview:large, max-video-preview:-1\" \/>\n<link rel=\"canonical\" href=\"https:\/\/www.italpassion.fr\/it\/ferrari\/la-prima-ferrari-elettrica-potrebbe-gia-dover-cambiare-nome-a-causa-di-mazda\/\" \/>\n<meta property=\"og:locale\" content=\"it_IT\" \/>\n<meta property=\"og:type\" content=\"article\" \/>\n<meta property=\"og:title\" content=\"La premi\u00e8re Ferrari \u00e9lectrique pourrait d\u00e9j\u00e0 devoir changer de nom\u2026 \u00e0 cause de Mazda - ItalPassion\" \/>\n<meta property=\"og:description\" content=\"Ferrari Luce Le premier mod\u00e8le 100 % \u00e9lectrique de Ferrari n\u2019est m\u00eame pas encore officiellement pr\u00e9sent\u00e9 qu\u2019il pourrait d\u00e9j\u00e0 rencontrer un probl\u00e8me\" \/>\n<meta property=\"og:url\" content=\"https:\/\/www.italpassion.fr\/it\/ferrari\/la-prima-ferrari-elettrica-potrebbe-gia-dover-cambiare-nome-a-causa-di-mazda\/\" \/>\n<meta property=\"og:site_name\" content=\"ItalPassion\" \/>\n<meta property=\"article:publisher\" content=\"https:\/\/www.facebook.com\/italpassion\" \/>\n<meta property=\"article:published_time\" content=\"2026-03-16T13:08:13+00:00\" \/>\n<meta property=\"og:image\" content=\"https:\/\/www.italpassion.fr\/wp-content\/uploads\/2026\/03\/ferrari-luce.jpg\" \/>\n\t<meta property=\"og:image:width\" content=\"1200\" \/>\n\t<meta property=\"og:image:height\" content=\"800\" \/>\n\t<meta property=\"og:image:type\" content=\"image\/jpeg\" \/>\n<meta name=\"author\" content=\"Alexandre Filluzeau\" \/>\n<meta name=\"twitter:card\" content=\"summary_large_image\" \/>\n<meta name=\"twitter:creator\" content=\"@italpassion\" \/>\n<meta name=\"twitter:site\" content=\"@italpassion\" \/>\n<script type=\"application\/ld+json\" class=\"yoast-schema-graph\">{\"@context\":\"https:\/\/schema.org\",\"@graph\":[{\"@type\":\"NewsArticle\",\"@id\":\"https:\/\/www.italpassion.fr\/it\/ferrari\/la-premiere-ferrari-electrique-pourrait-deja-devoir-changer-de-nom-a-cause-de-mazda\/#article\",\"isPartOf\":{\"@id\":\"https:\/\/www.italpassion.fr\/it\/ferrari\/la-premiere-ferrari-electrique-pourrait-deja-devoir-changer-de-nom-a-cause-de-mazda\/\"},\"author\":{\"name\":\"Alexandre Filluzeau\",\"@id\":\"https:\/\/www.italpassion.fr\/it\/#\/schema\/person\/36f747b2a759ca202d847e85a9434ca0\"},\"headline\":\"La premi\u00e8re Ferrari \u00e9lectrique pourrait d\u00e9j\u00e0 devoir changer de nom\u2026 \u00e0 cause de Mazda\",\"datePublished\":\"2026-03-16T13:08:13+00:00\",\"mainEntityOfPage\":{\"@id\":\"https:\/\/www.italpassion.fr\/it\/ferrari\/la-premiere-ferrari-electrique-pourrait-deja-devoir-changer-de-nom-a-cause-de-mazda\/\"},\"wordCount\":764,\"commentCount\":7,\"publisher\":{\"@id\":\"https:\/\/www.italpassion.fr\/it\/#organization\"},\"image\":{\"@id\":\"https:\/\/www.italpassion.fr\/it\/ferrari\/la-premiere-ferrari-electrique-pourrait-deja-devoir-changer-de-nom-a-cause-de-mazda\/#primaryimage\"},\"thumbnailUrl\":\"https:\/\/www.italpassion.fr\/wp-content\/uploads\/2026\/03\/ferrari-luce.jpg\",\"keywords\":[\"Ferrari Elettrica\"],\"articleSection\":[\"Ferrari\"],\"inLanguage\":\"it-IT\",\"potentialAction\":[{\"@type\":\"CommentAction\",\"name\":\"Comment\",\"target\":[\"https:\/\/www.italpassion.fr\/it\/ferrari\/la-premiere-ferrari-electrique-pourrait-deja-devoir-changer-de-nom-a-cause-de-mazda\/#respond\"]}]},{\"@type\":\"WebPage\",\"@id\":\"https:\/\/www.italpassion.fr\/it\/ferrari\/la-premiere-ferrari-electrique-pourrait-deja-devoir-changer-de-nom-a-cause-de-mazda\/\",\"url\":\"https:\/\/www.italpassion.fr\/it\/ferrari\/la-premiere-ferrari-electrique-pourrait-deja-devoir-changer-de-nom-a-cause-de-mazda\/\",\"name\":\"La premi\u00e8re Ferrari \u00e9lectrique pourrait d\u00e9j\u00e0 devoir changer de nom\u2026 \u00e0 cause de Mazda - ItalPassion\",\"isPartOf\":{\"@id\":\"https:\/\/www.italpassion.fr\/it\/#website\"},\"primaryImageOfPage\":{\"@id\":\"https:\/\/www.italpassion.fr\/it\/ferrari\/la-premiere-ferrari-electrique-pourrait-deja-devoir-changer-de-nom-a-cause-de-mazda\/#primaryimage\"},\"image\":{\"@id\":\"https:\/\/www.italpassion.fr\/it\/ferrari\/la-premiere-ferrari-electrique-pourrait-deja-devoir-changer-de-nom-a-cause-de-mazda\/#primaryimage\"},\"thumbnailUrl\":\"https:\/\/www.italpassion.fr\/wp-content\/uploads\/2026\/03\/ferrari-luce.jpg\",\"datePublished\":\"2026-03-16T13:08:13+00:00\",\"description\":\"Ferrari Luce Le premier mod\u00e8le 100 % \u00e9lectrique de Ferrari n\u2019est m\u00eame pas encore officiellement pr\u00e9sent\u00e9 qu\u2019il pourrait d\u00e9j\u00e0 rencontrer un probl\u00e8me\",\"breadcrumb\":{\"@id\":\"https:\/\/www.italpassion.fr\/it\/ferrari\/la-premiere-ferrari-electrique-pourrait-deja-devoir-changer-de-nom-a-cause-de-mazda\/#breadcrumb\"},\"inLanguage\":\"it-IT\",\"potentialAction\":[{\"@type\":\"ReadAction\",\"target\":[\"https:\/\/www.italpassion.fr\/it\/ferrari\/la-premiere-ferrari-electrique-pourrait-deja-devoir-changer-de-nom-a-cause-de-mazda\/\"]}]},{\"@type\":\"ImageObject\",\"inLanguage\":\"it-IT\",\"@id\":\"https:\/\/www.italpassion.fr\/it\/ferrari\/la-premiere-ferrari-electrique-pourrait-deja-devoir-changer-de-nom-a-cause-de-mazda\/#primaryimage\",\"url\":\"https:\/\/www.italpassion.fr\/wp-content\/uploads\/2026\/03\/ferrari-luce.jpg\",\"contentUrl\":\"https:\/\/www.italpassion.fr\/wp-content\/uploads\/2026\/03\/ferrari-luce.jpg\",\"width\":1200,\"height\":800,\"caption\":\"Ferrari Luce\"},{\"@type\":\"BreadcrumbList\",\"@id\":\"https:\/\/www.italpassion.fr\/it\/ferrari\/la-premiere-ferrari-electrique-pourrait-deja-devoir-changer-de-nom-a-cause-de-mazda\/#breadcrumb\",\"itemListElement\":[{\"@type\":\"ListItem\",\"position\":1,\"name\":\"Accueil\",\"item\":\"https:\/\/www.italpassion.fr\/it\/\"},{\"@type\":\"ListItem\",\"position\":2,\"name\":\"La premi\u00e8re Ferrari \u00e9lectrique pourrait d\u00e9j\u00e0 devoir changer de nom\u2026 \u00e0 cause de Mazda\"}]},{\"@type\":\"WebSite\",\"@id\":\"https:\/\/www.italpassion.fr\/it\/#website\",\"url\":\"https:\/\/www.italpassion.fr\/it\/\",\"name\":\"ItalPassion\",\"description\":\"Les Passionn\u00e9s d&#039;Automobiles Italiennes\",\"publisher\":{\"@id\":\"https:\/\/www.italpassion.fr\/it\/#organization\"},\"potentialAction\":[{\"@type\":\"SearchAction\",\"target\":{\"@type\":\"EntryPoint\",\"urlTemplate\":\"https:\/\/www.italpassion.fr\/it\/?s={search_term_string}\"},\"query-input\":{\"@type\":\"PropertyValueSpecification\",\"valueRequired\":true,\"valueName\":\"search_term_string\"}}],\"inLanguage\":\"it-IT\"},{\"@type\":\"Organization\",\"@id\":\"https:\/\/www.italpassion.fr\/it\/#organization\",\"name\":\"Italpassion\",\"url\":\"https:\/\/www.italpassion.fr\/it\/\",\"logo\":{\"@type\":\"ImageObject\",\"inLanguage\":\"it-IT\",\"@id\":\"https:\/\/www.italpassion.fr\/it\/#\/schema\/logo\/image\/\",\"url\":\"https:\/\/www.italpassion.fr\/wp-content\/uploads\/2023\/07\/italpassion-yoast.jpg\",\"contentUrl\":\"https:\/\/www.italpassion.fr\/wp-content\/uploads\/2023\/07\/italpassion-yoast.jpg\",\"width\":696,\"height\":696,\"caption\":\"Italpassion\"},\"image\":{\"@id\":\"https:\/\/www.italpassion.fr\/it\/#\/schema\/logo\/image\/\"},\"sameAs\":[\"https:\/\/www.facebook.com\/italpassion\",\"https:\/\/x.com\/italpassion\",\"https:\/\/www.instagram.com\/italpassionfr\/\",\"https:\/\/www.youtube.com\/channel\/UCleq-ByQaA42OjhopwevRjQ\",\"https:\/\/www.facebook.com\/italpassion.en\/\",\"https:\/\/www.facebook.com\/italpassion.it\/\",\"https:\/\/www.facebook.com\/italpassion.de\/\",\"https:\/\/www.facebook.com\/italpassion.ja\/\"]},{\"@type\":\"Person\",\"@id\":\"https:\/\/www.italpassion.fr\/it\/#\/schema\/person\/36f747b2a759ca202d847e85a9434ca0\",\"name\":\"Alexandre Filluzeau\",\"image\":{\"@type\":\"ImageObject\",\"inLanguage\":\"it-IT\",\"@id\":\"https:\/\/www.italpassion.fr\/it\/#\/schema\/person\/image\/\",\"url\":\"https:\/\/www.italpassion.fr\/wp-content\/uploads\/2025\/04\/avatar-alexandre-160x160.jpg\",\"contentUrl\":\"https:\/\/www.italpassion.fr\/wp-content\/uploads\/2025\/04\/avatar-alexandre-160x160.jpg\",\"caption\":\"Alexandre Filluzeau\"},\"description\":\"Fondateur du site ItalPassion, passionn\u00e9 de voitures italiennes et de l'Italie en g\u00e9n\u00e9ral. J'apporte un regard critique et technique aux actualit\u00e9s des marques italiennes quand cela est possible. Propri\u00e9taire d'une Maserati GranTurismo, Alfa Romeo MiTo, Lancia Fulvia et Ducati 695. Ex-propri\u00e9taire d'une Alfa Romeo Giulia.\",\"sameAs\":[\"https:\/\/www.italpassion.fr\/\"],\"url\":\"https:\/\/www.italpassion.fr\/it\/author\/alexandre\/\"}]}<\/script>\n<!-- \/ Yoast SEO plugin. -->","yoast_head_json":{"title":"La prima Ferrari elettrica potrebbe gi\u00e0 dover cambiare nome... per colpa di Mazda - ItalPassion","description":"Ferrari Luce Il primo modello elettrico 100 % della Ferrari non \u00e8 ancora stato presentato ufficialmente, ma potrebbe gi\u00e0 avere un problema.","robots":{"index":"index","follow":"follow","max-snippet":"max-snippet:-1","max-image-preview":"max-image-preview:large","max-video-preview":"max-video-preview:-1"},"canonical":"https:\/\/www.italpassion.fr\/it\/ferrari\/la-prima-ferrari-elettrica-potrebbe-gia-dover-cambiare-nome-a-causa-di-mazda\/","og_locale":"it_IT","og_type":"article","og_title":"La premi\u00e8re Ferrari \u00e9lectrique pourrait d\u00e9j\u00e0 devoir changer de nom\u2026 \u00e0 cause de Mazda - ItalPassion","og_description":"Ferrari Luce Le premier mod\u00e8le 100 % \u00e9lectrique de Ferrari n\u2019est m\u00eame pas encore officiellement pr\u00e9sent\u00e9 qu\u2019il pourrait d\u00e9j\u00e0 rencontrer un probl\u00e8me","og_url":"https:\/\/www.italpassion.fr\/it\/ferrari\/la-prima-ferrari-elettrica-potrebbe-gia-dover-cambiare-nome-a-causa-di-mazda\/","og_site_name":"ItalPassion","article_publisher":"https:\/\/www.facebook.com\/italpassion","article_published_time":"2026-03-16T13:08:13+00:00","og_image":[{"width":1200,"height":800,"url":"https:\/\/www.italpassion.fr\/wp-content\/uploads\/2026\/03\/ferrari-luce.jpg","type":"image\/jpeg"}],"author":"Alexandre Filluzeau","twitter_card":"summary_large_image","twitter_creator":"@italpassion","twitter_site":"@italpassion","schema":{"@context":"https:\/\/schema.org","@graph":[{"@type":"NewsArticle","@id":"https:\/\/www.italpassion.fr\/it\/ferrari\/la-premiere-ferrari-electrique-pourrait-deja-devoir-changer-de-nom-a-cause-de-mazda\/#article","isPartOf":{"@id":"https:\/\/www.italpassion.fr\/it\/ferrari\/la-premiere-ferrari-electrique-pourrait-deja-devoir-changer-de-nom-a-cause-de-mazda\/"},"author":{"name":"Alexandre Filluzeau","@id":"https:\/\/www.italpassion.fr\/it\/#\/schema\/person\/36f747b2a759ca202d847e85a9434ca0"},"headline":"La premi\u00e8re Ferrari \u00e9lectrique pourrait d\u00e9j\u00e0 devoir changer de nom\u2026 \u00e0 cause de Mazda","datePublished":"2026-03-16T13:08:13+00:00","mainEntityOfPage":{"@id":"https:\/\/www.italpassion.fr\/it\/ferrari\/la-premiere-ferrari-electrique-pourrait-deja-devoir-changer-de-nom-a-cause-de-mazda\/"},"wordCount":764,"commentCount":7,"publisher":{"@id":"https:\/\/www.italpassion.fr\/it\/#organization"},"image":{"@id":"https:\/\/www.italpassion.fr\/it\/ferrari\/la-premiere-ferrari-electrique-pourrait-deja-devoir-changer-de-nom-a-cause-de-mazda\/#primaryimage"},"thumbnailUrl":"https:\/\/www.italpassion.fr\/wp-content\/uploads\/2026\/03\/ferrari-luce.jpg","keywords":["Ferrari Elettrica"],"articleSection":["Ferrari"],"inLanguage":"it-IT","potentialAction":[{"@type":"CommentAction","name":"Comment","target":["https:\/\/www.italpassion.fr\/it\/ferrari\/la-premiere-ferrari-electrique-pourrait-deja-devoir-changer-de-nom-a-cause-de-mazda\/#respond"]}]},{"@type":"WebPage","@id":"https:\/\/www.italpassion.fr\/it\/ferrari\/la-premiere-ferrari-electrique-pourrait-deja-devoir-changer-de-nom-a-cause-de-mazda\/","url":"https:\/\/www.italpassion.fr\/it\/ferrari\/la-premiere-ferrari-electrique-pourrait-deja-devoir-changer-de-nom-a-cause-de-mazda\/","name":"La prima Ferrari elettrica potrebbe gi\u00e0 dover cambiare nome... per colpa di Mazda - ItalPassion","isPartOf":{"@id":"https:\/\/www.italpassion.fr\/it\/#website"},"primaryImageOfPage":{"@id":"https:\/\/www.italpassion.fr\/it\/ferrari\/la-premiere-ferrari-electrique-pourrait-deja-devoir-changer-de-nom-a-cause-de-mazda\/#primaryimage"},"image":{"@id":"https:\/\/www.italpassion.fr\/it\/ferrari\/la-premiere-ferrari-electrique-pourrait-deja-devoir-changer-de-nom-a-cause-de-mazda\/#primaryimage"},"thumbnailUrl":"https:\/\/www.italpassion.fr\/wp-content\/uploads\/2026\/03\/ferrari-luce.jpg","datePublished":"2026-03-16T13:08:13+00:00","description":"Ferrari Luce Il primo modello elettrico 100 % della Ferrari non \u00e8 ancora stato presentato ufficialmente, ma potrebbe gi\u00e0 avere un problema.","breadcrumb":{"@id":"https:\/\/www.italpassion.fr\/it\/ferrari\/la-premiere-ferrari-electrique-pourrait-deja-devoir-changer-de-nom-a-cause-de-mazda\/#breadcrumb"},"inLanguage":"it-IT","potentialAction":[{"@type":"ReadAction","target":["https:\/\/www.italpassion.fr\/it\/ferrari\/la-premiere-ferrari-electrique-pourrait-deja-devoir-changer-de-nom-a-cause-de-mazda\/"]}]},{"@type":"ImageObject","inLanguage":"it-IT","@id":"https:\/\/www.italpassion.fr\/it\/ferrari\/la-premiere-ferrari-electrique-pourrait-deja-devoir-changer-de-nom-a-cause-de-mazda\/#primaryimage","url":"https:\/\/www.italpassion.fr\/wp-content\/uploads\/2026\/03\/ferrari-luce.jpg","contentUrl":"https:\/\/www.italpassion.fr\/wp-content\/uploads\/2026\/03\/ferrari-luce.jpg","width":1200,"height":800,"caption":"Ferrari Luce"},{"@type":"BreadcrumbList","@id":"https:\/\/www.italpassion.fr\/it\/ferrari\/la-premiere-ferrari-electrique-pourrait-deja-devoir-changer-de-nom-a-cause-de-mazda\/#breadcrumb","itemListElement":[{"@type":"ListItem","position":1,"name":"Accueil","item":"https:\/\/www.italpassion.fr\/it\/"},{"@type":"ListItem","position":2,"name":"La premi\u00e8re Ferrari \u00e9lectrique pourrait d\u00e9j\u00e0 devoir changer de nom\u2026 \u00e0 cause de Mazda"}]},{"@type":"WebSite","@id":"https:\/\/www.italpassion.fr\/it\/#website","url":"https:\/\/www.italpassion.fr\/it\/","name":"ItalPassion","description":"Appassionati di auto italiane","publisher":{"@id":"https:\/\/www.italpassion.fr\/it\/#organization"},"potentialAction":[{"@type":"SearchAction","target":{"@type":"EntryPoint","urlTemplate":"https:\/\/www.italpassion.fr\/it\/?s={search_term_string}"},"query-input":{"@type":"PropertyValueSpecification","valueRequired":true,"valueName":"search_term_string"}}],"inLanguage":"it-IT"},{"@type":"Organization","@id":"https:\/\/www.italpassion.fr\/it\/#organization","name":"Italpassion","url":"https:\/\/www.italpassion.fr\/it\/","logo":{"@type":"ImageObject","inLanguage":"it-IT","@id":"https:\/\/www.italpassion.fr\/it\/#\/schema\/logo\/image\/","url":"https:\/\/www.italpassion.fr\/wp-content\/uploads\/2023\/07\/italpassion-yoast.jpg","contentUrl":"https:\/\/www.italpassion.fr\/wp-content\/uploads\/2023\/07\/italpassion-yoast.jpg","width":696,"height":696,"caption":"Italpassion"},"image":{"@id":"https:\/\/www.italpassion.fr\/it\/#\/schema\/logo\/image\/"},"sameAs":["https:\/\/www.facebook.com\/italpassion","https:\/\/x.com\/italpassion","https:\/\/www.instagram.com\/italpassionfr\/","https:\/\/www.youtube.com\/channel\/UCleq-ByQaA42OjhopwevRjQ","https:\/\/www.facebook.com\/italpassion.en\/","https:\/\/www.facebook.com\/italpassion.it\/","https:\/\/www.facebook.com\/italpassion.de\/","https:\/\/www.facebook.com\/italpassion.ja\/"]},{"@type":"Person","@id":"https:\/\/www.italpassion.fr\/it\/#\/schema\/person\/36f747b2a759ca202d847e85a9434ca0","name":"Alexandre Filluzeau","image":{"@type":"ImageObject","inLanguage":"it-IT","@id":"https:\/\/www.italpassion.fr\/it\/#\/schema\/person\/image\/","url":"https:\/\/www.italpassion.fr\/wp-content\/uploads\/2025\/04\/avatar-alexandre-160x160.jpg","contentUrl":"https:\/\/www.italpassion.fr\/wp-content\/uploads\/2025\/04\/avatar-alexandre-160x160.jpg","caption":"Alexandre Filluzeau"},"description":"Fondatore del sito ItalPassion, appassionato di auto italiane e dell'Italia in generale. Porto un occhio critico e tecnico alle notizie dei marchi italiani, quando possibile. Proprietario di una Maserati GranTurismo, di un'Alfa Romeo MiTo, di una Lancia Fulvia e di una Ducati 695. Ex proprietario di un'Alfa Romeo Giulia.","sameAs":["https:\/\/www.italpassion.fr\/"],"url":"https:\/\/www.italpassion.fr\/it\/author\/alexandre\/"}]}},"_links":{"self":[{"href":"https:\/\/www.italpassion.fr\/it\/wp-json\/wp\/v2\/posts\/47525","targetHints":{"allow":["GET"]}}],"collection":[{"href":"https:\/\/www.italpassion.fr\/it\/wp-json\/wp\/v2\/posts"}],"about":[{"href":"https:\/\/www.italpassion.fr\/it\/wp-json\/wp\/v2\/types\/post"}],"author":[{"embeddable":true,"href":"https:\/\/www.italpassion.fr\/it\/wp-json\/wp\/v2\/users\/1"}],"replies":[{"embeddable":true,"href":"https:\/\/www.italpassion.fr\/it\/wp-json\/wp\/v2\/comments?post=47525"}],"version-history":[{"count":2,"href":"https:\/\/www.italpassion.fr\/it\/wp-json\/wp\/v2\/posts\/47525\/revisions"}],"predecessor-version":[{"id":47571,"href":"https:\/\/www.italpassion.fr\/it\/wp-json\/wp\/v2\/posts\/47525\/revisions\/47571"}],"wp:featuredmedia":[{"embeddable":true,"href":"https:\/\/www.italpassion.fr\/it\/wp-json\/wp\/v2\/media\/47398"}],"wp:attachment":[{"href":"https:\/\/www.italpassion.fr\/it\/wp-json\/wp\/v2\/media?parent=47525"}],"wp:term":[{"taxonomy":"category","embeddable":true,"href":"https:\/\/www.italpassion.fr\/it\/wp-json\/wp\/v2\/categories?post=47525"},{"taxonomy":"post_tag","embeddable":true,"href":"https:\/\/www.italpassion.fr\/it\/wp-json\/wp\/v2\/tags?post=47525"}],"curies":[{"name":"wp","href":"https:\/\/api.w.org\/{rel}","templated":true}]}}