{"id":47458,"date":"2026-03-13T10:36:02","date_gmt":"2026-03-13T09:36:02","guid":{"rendered":"https:\/\/www.italpassion.fr\/?p=47458"},"modified":"2026-03-13T10:36:02","modified_gmt":"2026-03-13T09:36:02","slug":"ferrari-presenta-la-spider-lamalfi-e-finalmente-corregge-il-difetto-principale-che-i-proprietari-lamentavano-con-la-spider-roma","status":"publish","type":"post","link":"https:\/\/www.italpassion.fr\/it\/ferrari\/ferrari-devoile-lamalfi-spider-et-corrige-enfin-le-principal-defaut-que-les-proprietaires-reprochaient-a-la-roma-spider\/","title":{"rendered":"La Ferrari presenta l'Amalfi Spider... e finalmente corregge il difetto principale che i proprietari avevano con la Roma Spider"},"content":{"rendered":"<figure class=\"wp-block-image size-large\"><img loading=\"lazy\" decoding=\"async\" width=\"1200\" height=\"800\" src=\"https:\/\/www.italpassion.fr\/wp-content\/uploads\/2026\/03\/ferrari-amalfi-spider-0-1200x800.jpg\" alt=\"\" class=\"wp-image-47459\" srcset=\"https:\/\/www.italpassion.fr\/wp-content\/uploads\/2026\/03\/ferrari-amalfi-spider-0-scaled.jpg 1200w, https:\/\/www.italpassion.fr\/wp-content\/uploads\/2026\/03\/ferrari-amalfi-spider-0-420x280.jpg 420w, https:\/\/www.italpassion.fr\/wp-content\/uploads\/2026\/03\/ferrari-amalfi-spider-0-768x512.jpg 768w, https:\/\/www.italpassion.fr\/wp-content\/uploads\/2026\/03\/ferrari-amalfi-spider-0-18x12.jpg 18w\" sizes=\"auto, (max-width: 1200px) 100vw, 1200px\" \/><\/figure>\n\n\n\n<p>A Maranello, alcune novit\u00e0 non sono una sorpresa... ma sono sempre un evento. A meno di un anno dalla presentazione della <a href=\"https:\/\/www.italpassion.fr\/it\/auto\/ferrari-amalfi-amalfi-spider\/\">Ferrari Amalfi<\/a>, il marchio italiano presenta ora la sua versione Spider. Un'evoluzione logica, visto che la precedente <a href=\"https:\/\/www.italpassion.fr\/it\/auto\/ferrari-roma-spider\/\">Ferrari Roma<\/a> era gi\u00e0 disponibile come coup\u00e9 e cabriolet.<\/p>\n\n\n\n<p>Ma questa Amalfi Spider non si limita a rimuovere il tetto. Corregge anche un dettaglio di design molto criticato sulla Roma Spider, migliorando al contempo la disposizione degli interni e mantenendo le impressionanti prestazioni del V8 biturbo.<\/p>\n\n\n\n<h2 class=\"wp-block-heading\">Un design che finalmente corregge il punto debole della Roma Spider<\/h2>\n\n\n\n<p>Quando la Roma Spider fu presentata, il suo stile diviso fu oggetto di molte discussioni. Mentre le linee generali erano eleganti, il frontale, e in particolare la griglia integrata nel paraurti, suscit\u00f2 reazioni contrastanti. Con l'Amalfi Spider, <a href=\"https:\/\/www.italpassion.fr\/it\/ferrari\/\">Ferrari<\/a> sembra aver ascoltato queste critiche.<\/p>\n\n\n\n<figure class=\"wp-block-image size-large\"><img loading=\"lazy\" decoding=\"async\" width=\"1200\" height=\"800\" src=\"https:\/\/www.italpassion.fr\/wp-content\/uploads\/2026\/03\/ferrari-amalfi-spider-10-1200x800.jpg\" alt=\"\" class=\"wp-image-47462\" srcset=\"https:\/\/www.italpassion.fr\/wp-content\/uploads\/2026\/03\/ferrari-amalfi-spider-10-scaled.jpg 1200w, https:\/\/www.italpassion.fr\/wp-content\/uploads\/2026\/03\/ferrari-amalfi-spider-10-420x280.jpg 420w, https:\/\/www.italpassion.fr\/wp-content\/uploads\/2026\/03\/ferrari-amalfi-spider-10-768x512.jpg 768w, https:\/\/www.italpassion.fr\/wp-content\/uploads\/2026\/03\/ferrari-amalfi-spider-10-18x12.jpg 18w\" sizes=\"auto, (max-width: 1200px) 100vw, 1200px\" \/><figcaption class=\"wp-element-caption\">Ferrari Amalfi Spider<\/figcaption><\/figure>\n\n\n\n<figure class=\"wp-block-image size-full\"><img loading=\"lazy\" decoding=\"async\" width=\"1200\" height=\"800\" src=\"https:\/\/www.italpassion.fr\/wp-content\/uploads\/2026\/01\/roma-spider.jpg\" alt=\"\" class=\"wp-image-45393\" srcset=\"https:\/\/www.italpassion.fr\/wp-content\/uploads\/2026\/01\/roma-spider.jpg 1200w, https:\/\/www.italpassion.fr\/wp-content\/uploads\/2026\/01\/roma-spider-420x280.jpg 420w, https:\/\/www.italpassion.fr\/wp-content\/uploads\/2026\/01\/roma-spider-768x512.jpg 768w, https:\/\/www.italpassion.fr\/wp-content\/uploads\/2026\/01\/roma-spider-18x12.jpg 18w\" sizes=\"auto, (max-width: 1200px) 100vw, 1200px\" \/><figcaption class=\"wp-element-caption\">Ferrari Roma Spider<\/figcaption><\/figure>\n\n\n\n<p>Il nuovo frontale ha un design pi\u00f9 pulito e convenzionale, con una sottile fascia nera e un paraurti ridisegnato che semplifica la firma visiva. Il risultato \u00e8 pi\u00f9 atemporale e meno divisivo rispetto a quello della Roma Spider, il cui design anteriore non ha riscosso un consenso unanime.<\/p>\n\n\n\n<figure class=\"wp-block-image size-large\"><img loading=\"lazy\" decoding=\"async\" width=\"1200\" height=\"800\" src=\"https:\/\/www.italpassion.fr\/wp-content\/uploads\/2026\/03\/ferrari-amalfi-spider-8-1200x800.jpg\" alt=\"\" class=\"wp-image-47463\" srcset=\"https:\/\/www.italpassion.fr\/wp-content\/uploads\/2026\/03\/ferrari-amalfi-spider-8-scaled.jpg 1200w, https:\/\/www.italpassion.fr\/wp-content\/uploads\/2026\/03\/ferrari-amalfi-spider-8-420x280.jpg 420w, https:\/\/www.italpassion.fr\/wp-content\/uploads\/2026\/03\/ferrari-amalfi-spider-8-768x512.jpg 768w, https:\/\/www.italpassion.fr\/wp-content\/uploads\/2026\/03\/ferrari-amalfi-spider-8-18x12.jpg 18w\" sizes=\"auto, (max-width: 1200px) 100vw, 1200px\" \/><\/figure>\n\n\n\n<p>Il resto della carrozzeria \u00e8 chiaramente correlato. Le proporzioni complessive, come la posizione delle ruote, il parabrezza, le porte e persino l'area dietro i poggiatesta, sono in gran parte basate sull'architettura della Roma Spider. Ma la Ferrari ha rielaborato alcuni elementi: le fiancate sono ora caratterizzate da una linea ondulata intorno alle portiere, mentre il posteriore mantiene la silhouette alta caratteristica delle moderne Ferrari convertibili.<\/p>\n\n\n\n<h2 class=\"wp-block-heading\">Una Spider progettata per il piacere dell'automobilismo a cielo aperto<\/h2>\n\n\n\n<p>Come per tutte le Ferrari cabrio, il tetto \u00e8 ovviamente l'elemento centrale. L'Amalfi Spider \u00e8 dotata di una capote in tessuto, disponibile in una gamma di colori, che pu\u00f2 essere aperta o chiusa in 13,5 secondi. Inoltre, questa operazione pu\u00f2 essere effettuata fino a una velocit\u00e0 di 60 km\/h, consentendo di godersi il sole o di proteggersi rapidamente in caso di maltempo. Nonostante il tetto flessibile, la Ferrari dichiara un livello di isolamento termico e acustico paragonabile a quello dei suoi modelli con tetto rigido retrattile.<\/p>\n\n\n\n<figure class=\"wp-block-image size-large\"><img loading=\"lazy\" decoding=\"async\" width=\"1200\" height=\"800\" src=\"https:\/\/www.italpassion.fr\/wp-content\/uploads\/2026\/03\/ferrari-amalfi-spider-7-1200x800.jpg\" alt=\"\" class=\"wp-image-47464\" srcset=\"https:\/\/www.italpassion.fr\/wp-content\/uploads\/2026\/03\/ferrari-amalfi-spider-7-scaled.jpg 1200w, https:\/\/www.italpassion.fr\/wp-content\/uploads\/2026\/03\/ferrari-amalfi-spider-7-420x280.jpg 420w, https:\/\/www.italpassion.fr\/wp-content\/uploads\/2026\/03\/ferrari-amalfi-spider-7-768x512.jpg 768w, https:\/\/www.italpassion.fr\/wp-content\/uploads\/2026\/03\/ferrari-amalfi-spider-7-18x12.jpg 18w\" sizes=\"auto, (max-width: 1200px) 100vw, 1200px\" \/><\/figure>\n\n\n\n<figure class=\"wp-block-image size-large\"><img loading=\"lazy\" decoding=\"async\" width=\"1200\" height=\"800\" src=\"https:\/\/www.italpassion.fr\/wp-content\/uploads\/2026\/03\/ferrari-amalfi-spider-4-1200x800.jpg\" alt=\"\" class=\"wp-image-47465\" srcset=\"https:\/\/www.italpassion.fr\/wp-content\/uploads\/2026\/03\/ferrari-amalfi-spider-4-scaled.jpg 1200w, https:\/\/www.italpassion.fr\/wp-content\/uploads\/2026\/03\/ferrari-amalfi-spider-4-420x280.jpg 420w, https:\/\/www.italpassion.fr\/wp-content\/uploads\/2026\/03\/ferrari-amalfi-spider-4-768x512.jpg 768w, https:\/\/www.italpassion.fr\/wp-content\/uploads\/2026\/03\/ferrari-amalfi-spider-4-18x12.jpg 18w\" sizes=\"auto, (max-width: 1200px) 100vw, 1200px\" \/><\/figure>\n\n\n\n<p>L'architettura rimane quella di una configurazione \u00ab2+\u00bb. I due piccoli sedili posteriori sono ancora presenti, pi\u00f9 per comodit\u00e0 o per trasportare bagagli che per ospitare effettivamente passeggeri adulti. Si tratta di un compromesso gi\u00e0 noto per la Roma Spider, ma che consente di conservare ulteriore spazio di stivaggio. Il bagagliaio offre 255 litri con il tetto chiuso e 172 litri con la capote ripiegata.<\/p>\n\n\n\n<figure class=\"wp-block-image size-large\"><img loading=\"lazy\" decoding=\"async\" width=\"1200\" height=\"800\" src=\"https:\/\/www.italpassion.fr\/wp-content\/uploads\/2026\/03\/ferrari-amalfi-spider-5-1200x800.jpg\" alt=\"\" class=\"wp-image-47466\" srcset=\"https:\/\/www.italpassion.fr\/wp-content\/uploads\/2026\/03\/ferrari-amalfi-spider-5-scaled.jpg 1200w, https:\/\/www.italpassion.fr\/wp-content\/uploads\/2026\/03\/ferrari-amalfi-spider-5-420x280.jpg 420w, https:\/\/www.italpassion.fr\/wp-content\/uploads\/2026\/03\/ferrari-amalfi-spider-5-768x512.jpg 768w, https:\/\/www.italpassion.fr\/wp-content\/uploads\/2026\/03\/ferrari-amalfi-spider-5-18x12.jpg 18w\" sizes=\"auto, (max-width: 1200px) 100vw, 1200px\" \/><\/figure>\n\n\n\n<h2 class=\"wp-block-heading\">Un V8 biturbo sempre presente<\/h2>\n\n\n\n<p>Sotto il cofano, la Ferrari rimane fedele alla sua ricetta collaudata. L'Amalfi Spider \u00e8 spinta dal V8 biturbo da 3,9 litri della famiglia F154. Questo motore sviluppa 640 CV e 760 Nm di coppia, con un leggero incremento rispetto alla Roma Spider.<\/p>\n\n\n\n<figure class=\"wp-block-image size-large\"><img loading=\"lazy\" decoding=\"async\" width=\"1200\" height=\"800\" src=\"https:\/\/www.italpassion.fr\/wp-content\/uploads\/2026\/03\/ferrari-amalfi-spider-1-1200x800.jpg\" alt=\"\" class=\"wp-image-47461\" srcset=\"https:\/\/www.italpassion.fr\/wp-content\/uploads\/2026\/03\/ferrari-amalfi-spider-1-scaled.jpg 1200w, https:\/\/www.italpassion.fr\/wp-content\/uploads\/2026\/03\/ferrari-amalfi-spider-1-420x280.jpg 420w, https:\/\/www.italpassion.fr\/wp-content\/uploads\/2026\/03\/ferrari-amalfi-spider-1-768x512.jpg 768w, https:\/\/www.italpassion.fr\/wp-content\/uploads\/2026\/03\/ferrari-amalfi-spider-1-18x12.jpg 18w\" sizes=\"auto, (max-width: 1200px) 100vw, 1200px\" \/><\/figure>\n\n\n\n<figure class=\"wp-block-image size-large\"><img loading=\"lazy\" decoding=\"async\" width=\"1200\" height=\"800\" src=\"https:\/\/www.italpassion.fr\/wp-content\/uploads\/2026\/03\/ferrari-amalfi-spider-3-1200x800.jpg\" alt=\"\" class=\"wp-image-47460\" srcset=\"https:\/\/www.italpassion.fr\/wp-content\/uploads\/2026\/03\/ferrari-amalfi-spider-3-scaled.jpg 1200w, https:\/\/www.italpassion.fr\/wp-content\/uploads\/2026\/03\/ferrari-amalfi-spider-3-420x280.jpg 420w, https:\/\/www.italpassion.fr\/wp-content\/uploads\/2026\/03\/ferrari-amalfi-spider-3-768x512.jpg 768w, https:\/\/www.italpassion.fr\/wp-content\/uploads\/2026\/03\/ferrari-amalfi-spider-3-18x12.jpg 18w\" sizes=\"auto, (max-width: 1200px) 100vw, 1200px\" \/><\/figure>\n\n\n\n<p>Abbinato a un cambio automatico a doppia frizione a otto rapporti derivato dalla SF90 Stradale, questo motore offre prestazioni degne di una vera supercar: lo scatto da 0 a 100 km\/h avviene in circa 3,3 secondi, mentre la velocit\u00e0 massima raggiunge i 320 km\/h. Anche nella gamma Ferrari, l'Amalfi Spider \u00e8 tutt'altro che un'auto \u201ctranquilla\u201d.<\/p>\n\n\n\n<h2 class=\"wp-block-heading\">Interni completamente modernizzati<\/h2>\n\n\n\n<p>\u00c8 a bordo che i cambiamenti sono pi\u00f9 visibili. L'Amalfi Spider presenta gli interni completamente ridisegnati della versione coup\u00e9. L'abitacolo adotta un'architettura minimalista con tre schermi: un quadro strumenti digitale da 15,6 pollici per il conducente, uno schermo centrale da 10,25 pollici per il sistema multimediale e uno schermo da 8,8 pollici per il passeggero.<\/p>\n\n\n\n<figure class=\"wp-block-image size-large\"><img loading=\"lazy\" decoding=\"async\" width=\"1200\" height=\"800\" src=\"https:\/\/www.italpassion.fr\/wp-content\/uploads\/2026\/03\/ferrari-amalfi-spider-6-1200x800.jpg\" alt=\"\" class=\"wp-image-47467\" srcset=\"https:\/\/www.italpassion.fr\/wp-content\/uploads\/2026\/03\/ferrari-amalfi-spider-6-scaled.jpg 1200w, https:\/\/www.italpassion.fr\/wp-content\/uploads\/2026\/03\/ferrari-amalfi-spider-6-420x280.jpg 420w, https:\/\/www.italpassion.fr\/wp-content\/uploads\/2026\/03\/ferrari-amalfi-spider-6-768x512.jpg 768w, https:\/\/www.italpassion.fr\/wp-content\/uploads\/2026\/03\/ferrari-amalfi-spider-6-18x12.jpg 18w\" sizes=\"auto, (max-width: 1200px) 100vw, 1200px\" \/><\/figure>\n\n\n\n<p>La Ferrari ha anche fatto un gradito ritorno ai pulsanti fisici sul volante e al pulsante di avviamento in alluminio. Si tratta di una risposta indiretta alle critiche rivolte all'ergonomia dei precedenti modelli Ferrari con schermo tattile. Il design complessivo mantiene la filosofia del \u00abdoppio abitacolo\u00bb tanto cara al marchio, separando visivamente l'area del guidatore da quella del passeggero.<\/p>\n\n\n\n<h2 class=\"wp-block-heading\">Una Ferrari progettata per il grand touring... la versione dolce vita<\/h2>\n\n\n\n<p>La Ferrari Amalfi Spider appartiene a una categoria piuttosto unica: quella delle GT sportive convertibili con un motore V8 collocato in posizione anteriore centrale. Questo segmento comprende modelli come la Porsche 911 Turbo S Cabriolet, l'Aston Martin V8 Vantage Roadster e la Bentley Continental GTC. Ma l'approccio della Ferrari \u00e8 pi\u00f9 esotico ed emozionale.<\/p>\n\n\n\n<p>I prezzi non sono ancora stati confermati ufficialmente, ma le stime suggeriscono un range compreso tra 270.000 e 300.000 euro, circa 30.000 euro in pi\u00f9 rispetto alla versione coup\u00e9.<\/p>\n\n\n\n<p>Con la Spider Amalfi, la Ferrari non rivoluziona la ricetta della Roma... ma la migliora dove serve. Il design del frontale \u00e8 meno controverso, gli interni sono stati modernizzati e il V8 biturbo continua a trasformare ogni guida in un'esperienza.<\/p>\n\n\n\n<figure class=\"wp-block-embed is-type-video is-provider-youtube wp-block-embed-youtube wp-embed-aspect-16-9 wp-has-aspect-ratio\"><div class=\"wp-block-embed__wrapper\">\n<iframe loading=\"lazy\" title=\"Salutate la Ferrari Amalfi Spider\" width=\"1200\" height=\"675\" src=\"https:\/\/www.youtube-nocookie.com\/embed\/TY_icXkd0oI?feature=oembed\" frameborder=\"0\" allow=\"accelerometer; autoplay; clipboard-write; encrypted-media; gyroscope; picture-in-picture; web-share\" referrerpolicy=\"strict-origin-when-cross-origin\" allowfullscreen><\/iframe>\n<\/div><\/figure>","protected":false},"excerpt":{"rendered":"","protected":false},"author":1,"featured_media":47459,"comment_status":"open","ping_status":"open","sticky":false,"template":"","format":"standard","meta":{"_acf_changed":false,"_sitemap_exclude":false,"_sitemap_priority":"","_sitemap_frequency":"","footnotes":""},"categories":[23],"tags":[455,479],"class_list":["post-47458","post","type-post","status-publish","format-standard","has-post-thumbnail","hentry","category-ferrari","tag-ferrari-amalfi","tag-ferrari-amalfi-spider","generate-columns","tablet-grid-50","mobile-grid-100","grid-parent","grid-33"],"acf":[],"yoast_head":"<!-- This site is optimized with the Yoast SEO plugin v25.8 - https:\/\/yoast.com\/wordpress\/plugins\/seo\/ -->\n<title>Ferrari d\u00e9voile l&#039;Amalfi Spider\u2026 et corrige enfin le principal d\u00e9faut que les propri\u00e9taires reprochaient \u00e0 la Roma Spider - ItalPassion<\/title>\n<meta name=\"description\" content=\"\u00c0 Maranello, certaines nouveaut\u00e9s n\u2019ont rien d\u2019une surprise\u2026 mais elles restent toujours un \u00e9v\u00e9nement. Moins d\u2019un an apr\u00e8s la pr\u00e9sentation de la Ferrari\" \/>\n<meta name=\"robots\" content=\"index, follow, max-snippet:-1, max-image-preview:large, max-video-preview:-1\" \/>\n<link rel=\"canonical\" href=\"https:\/\/www.italpassion.fr\/it\/ferrari\/ferrari-presenta-la-spider-lamalfi-e-finalmente-corregge-il-difetto-principale-che-i-proprietari-lamentavano-con-la-spider-roma\/\" \/>\n<meta property=\"og:locale\" content=\"it_IT\" \/>\n<meta property=\"og:type\" content=\"article\" \/>\n<meta property=\"og:title\" content=\"Ferrari d\u00e9voile l&#039;Amalfi Spider\u2026 et corrige enfin le principal d\u00e9faut que les propri\u00e9taires reprochaient \u00e0 la Roma Spider - ItalPassion\" \/>\n<meta property=\"og:description\" content=\"\u00c0 Maranello, certaines nouveaut\u00e9s n\u2019ont rien d\u2019une surprise\u2026 mais elles restent toujours un \u00e9v\u00e9nement. Moins d\u2019un an apr\u00e8s la pr\u00e9sentation de la Ferrari\" \/>\n<meta property=\"og:url\" content=\"https:\/\/www.italpassion.fr\/it\/ferrari\/ferrari-presenta-la-spider-lamalfi-e-finalmente-corregge-il-difetto-principale-che-i-proprietari-lamentavano-con-la-spider-roma\/\" \/>\n<meta property=\"og:site_name\" content=\"ItalPassion\" \/>\n<meta property=\"article:publisher\" content=\"https:\/\/www.facebook.com\/italpassion\" \/>\n<meta property=\"article:published_time\" content=\"2026-03-13T09:36:02+00:00\" \/>\n<meta property=\"og:image\" content=\"https:\/\/www.italpassion.fr\/wp-content\/uploads\/2026\/03\/ferrari-amalfi-spider-0-scaled.jpg\" \/>\n\t<meta property=\"og:image:width\" content=\"1200\" \/>\n\t<meta property=\"og:image:height\" content=\"800\" \/>\n\t<meta property=\"og:image:type\" content=\"image\/jpeg\" \/>\n<meta name=\"author\" content=\"Alexandre Filluzeau\" \/>\n<meta name=\"twitter:card\" content=\"summary_large_image\" \/>\n<meta name=\"twitter:creator\" content=\"@italpassion\" \/>\n<meta name=\"twitter:site\" content=\"@italpassion\" \/>\n<script type=\"application\/ld+json\" class=\"yoast-schema-graph\">{\"@context\":\"https:\/\/schema.org\",\"@graph\":[{\"@type\":\"NewsArticle\",\"@id\":\"https:\/\/www.italpassion.fr\/it\/ferrari\/ferrari-devoile-lamalfi-spider-et-corrige-enfin-le-principal-defaut-que-les-proprietaires-reprochaient-a-la-roma-spider\/#article\",\"isPartOf\":{\"@id\":\"https:\/\/www.italpassion.fr\/it\/ferrari\/ferrari-devoile-lamalfi-spider-et-corrige-enfin-le-principal-defaut-que-les-proprietaires-reprochaient-a-la-roma-spider\/\"},\"author\":{\"name\":\"Alexandre Filluzeau\",\"@id\":\"https:\/\/www.italpassion.fr\/it\/#\/schema\/person\/36f747b2a759ca202d847e85a9434ca0\"},\"headline\":\"Ferrari d\u00e9voile l&rsquo;Amalfi Spider\u2026 et corrige enfin le principal d\u00e9faut que les propri\u00e9taires reprochaient \u00e0 la Roma Spider\",\"datePublished\":\"2026-03-13T09:36:02+00:00\",\"mainEntityOfPage\":{\"@id\":\"https:\/\/www.italpassion.fr\/it\/ferrari\/ferrari-devoile-lamalfi-spider-et-corrige-enfin-le-principal-defaut-que-les-proprietaires-reprochaient-a-la-roma-spider\/\"},\"wordCount\":882,\"commentCount\":2,\"publisher\":{\"@id\":\"https:\/\/www.italpassion.fr\/it\/#organization\"},\"image\":{\"@id\":\"https:\/\/www.italpassion.fr\/it\/ferrari\/ferrari-devoile-lamalfi-spider-et-corrige-enfin-le-principal-defaut-que-les-proprietaires-reprochaient-a-la-roma-spider\/#primaryimage\"},\"thumbnailUrl\":\"https:\/\/www.italpassion.fr\/wp-content\/uploads\/2026\/03\/ferrari-amalfi-spider-0-scaled.jpg\",\"keywords\":[\"Ferrari Amalfi\",\"Ferrari Amalfi Spider\"],\"articleSection\":[\"Ferrari\"],\"inLanguage\":\"it-IT\",\"potentialAction\":[{\"@type\":\"CommentAction\",\"name\":\"Comment\",\"target\":[\"https:\/\/www.italpassion.fr\/it\/ferrari\/ferrari-devoile-lamalfi-spider-et-corrige-enfin-le-principal-defaut-que-les-proprietaires-reprochaient-a-la-roma-spider\/#respond\"]}]},{\"@type\":\"WebPage\",\"@id\":\"https:\/\/www.italpassion.fr\/it\/ferrari\/ferrari-devoile-lamalfi-spider-et-corrige-enfin-le-principal-defaut-que-les-proprietaires-reprochaient-a-la-roma-spider\/\",\"url\":\"https:\/\/www.italpassion.fr\/it\/ferrari\/ferrari-devoile-lamalfi-spider-et-corrige-enfin-le-principal-defaut-que-les-proprietaires-reprochaient-a-la-roma-spider\/\",\"name\":\"Ferrari d\u00e9voile l'Amalfi Spider\u2026 et corrige enfin le principal d\u00e9faut que les propri\u00e9taires reprochaient \u00e0 la Roma Spider - ItalPassion\",\"isPartOf\":{\"@id\":\"https:\/\/www.italpassion.fr\/it\/#website\"},\"primaryImageOfPage\":{\"@id\":\"https:\/\/www.italpassion.fr\/it\/ferrari\/ferrari-devoile-lamalfi-spider-et-corrige-enfin-le-principal-defaut-que-les-proprietaires-reprochaient-a-la-roma-spider\/#primaryimage\"},\"image\":{\"@id\":\"https:\/\/www.italpassion.fr\/it\/ferrari\/ferrari-devoile-lamalfi-spider-et-corrige-enfin-le-principal-defaut-que-les-proprietaires-reprochaient-a-la-roma-spider\/#primaryimage\"},\"thumbnailUrl\":\"https:\/\/www.italpassion.fr\/wp-content\/uploads\/2026\/03\/ferrari-amalfi-spider-0-scaled.jpg\",\"datePublished\":\"2026-03-13T09:36:02+00:00\",\"description\":\"\u00c0 Maranello, certaines nouveaut\u00e9s n\u2019ont rien d\u2019une surprise\u2026 mais elles restent toujours un \u00e9v\u00e9nement. Moins d\u2019un an apr\u00e8s la pr\u00e9sentation de la Ferrari\",\"breadcrumb\":{\"@id\":\"https:\/\/www.italpassion.fr\/it\/ferrari\/ferrari-devoile-lamalfi-spider-et-corrige-enfin-le-principal-defaut-que-les-proprietaires-reprochaient-a-la-roma-spider\/#breadcrumb\"},\"inLanguage\":\"it-IT\",\"potentialAction\":[{\"@type\":\"ReadAction\",\"target\":[\"https:\/\/www.italpassion.fr\/it\/ferrari\/ferrari-devoile-lamalfi-spider-et-corrige-enfin-le-principal-defaut-que-les-proprietaires-reprochaient-a-la-roma-spider\/\"]}]},{\"@type\":\"ImageObject\",\"inLanguage\":\"it-IT\",\"@id\":\"https:\/\/www.italpassion.fr\/it\/ferrari\/ferrari-devoile-lamalfi-spider-et-corrige-enfin-le-principal-defaut-que-les-proprietaires-reprochaient-a-la-roma-spider\/#primaryimage\",\"url\":\"https:\/\/www.italpassion.fr\/wp-content\/uploads\/2026\/03\/ferrari-amalfi-spider-0-scaled.jpg\",\"contentUrl\":\"https:\/\/www.italpassion.fr\/wp-content\/uploads\/2026\/03\/ferrari-amalfi-spider-0-scaled.jpg\",\"width\":1200,\"height\":800},{\"@type\":\"BreadcrumbList\",\"@id\":\"https:\/\/www.italpassion.fr\/it\/ferrari\/ferrari-devoile-lamalfi-spider-et-corrige-enfin-le-principal-defaut-que-les-proprietaires-reprochaient-a-la-roma-spider\/#breadcrumb\",\"itemListElement\":[{\"@type\":\"ListItem\",\"position\":1,\"name\":\"Accueil\",\"item\":\"https:\/\/www.italpassion.fr\/it\/\"},{\"@type\":\"ListItem\",\"position\":2,\"name\":\"Ferrari d\u00e9voile l&rsquo;Amalfi Spider\u2026 et corrige enfin le principal d\u00e9faut que les propri\u00e9taires reprochaient \u00e0 la Roma Spider\"}]},{\"@type\":\"WebSite\",\"@id\":\"https:\/\/www.italpassion.fr\/it\/#website\",\"url\":\"https:\/\/www.italpassion.fr\/it\/\",\"name\":\"ItalPassion\",\"description\":\"Les Passionn\u00e9s d&#039;Automobiles Italiennes\",\"publisher\":{\"@id\":\"https:\/\/www.italpassion.fr\/it\/#organization\"},\"potentialAction\":[{\"@type\":\"SearchAction\",\"target\":{\"@type\":\"EntryPoint\",\"urlTemplate\":\"https:\/\/www.italpassion.fr\/it\/?s={search_term_string}\"},\"query-input\":{\"@type\":\"PropertyValueSpecification\",\"valueRequired\":true,\"valueName\":\"search_term_string\"}}],\"inLanguage\":\"it-IT\"},{\"@type\":\"Organization\",\"@id\":\"https:\/\/www.italpassion.fr\/it\/#organization\",\"name\":\"Italpassion\",\"url\":\"https:\/\/www.italpassion.fr\/it\/\",\"logo\":{\"@type\":\"ImageObject\",\"inLanguage\":\"it-IT\",\"@id\":\"https:\/\/www.italpassion.fr\/it\/#\/schema\/logo\/image\/\",\"url\":\"https:\/\/www.italpassion.fr\/wp-content\/uploads\/2023\/07\/italpassion-yoast.jpg\",\"contentUrl\":\"https:\/\/www.italpassion.fr\/wp-content\/uploads\/2023\/07\/italpassion-yoast.jpg\",\"width\":696,\"height\":696,\"caption\":\"Italpassion\"},\"image\":{\"@id\":\"https:\/\/www.italpassion.fr\/it\/#\/schema\/logo\/image\/\"},\"sameAs\":[\"https:\/\/www.facebook.com\/italpassion\",\"https:\/\/x.com\/italpassion\",\"https:\/\/www.instagram.com\/italpassionfr\/\",\"https:\/\/www.youtube.com\/channel\/UCleq-ByQaA42OjhopwevRjQ\",\"https:\/\/www.facebook.com\/italpassion.en\/\",\"https:\/\/www.facebook.com\/italpassion.it\/\",\"https:\/\/www.facebook.com\/italpassion.de\/\",\"https:\/\/www.facebook.com\/italpassion.ja\/\"]},{\"@type\":\"Person\",\"@id\":\"https:\/\/www.italpassion.fr\/it\/#\/schema\/person\/36f747b2a759ca202d847e85a9434ca0\",\"name\":\"Alexandre Filluzeau\",\"image\":{\"@type\":\"ImageObject\",\"inLanguage\":\"it-IT\",\"@id\":\"https:\/\/www.italpassion.fr\/it\/#\/schema\/person\/image\/\",\"url\":\"https:\/\/www.italpassion.fr\/wp-content\/uploads\/2025\/04\/avatar-alexandre-160x160.jpg\",\"contentUrl\":\"https:\/\/www.italpassion.fr\/wp-content\/uploads\/2025\/04\/avatar-alexandre-160x160.jpg\",\"caption\":\"Alexandre Filluzeau\"},\"description\":\"Fondateur du site ItalPassion, passionn\u00e9 de voitures italiennes et de l'Italie en g\u00e9n\u00e9ral. J'apporte un regard critique et technique aux actualit\u00e9s des marques italiennes quand cela est possible. Propri\u00e9taire d'une Maserati GranTurismo, Alfa Romeo MiTo, Lancia Fulvia et Ducati 695. Ex-propri\u00e9taire d'une Alfa Romeo Giulia.\",\"sameAs\":[\"https:\/\/www.italpassion.fr\/\"],\"url\":\"https:\/\/www.italpassion.fr\/it\/author\/alexandre\/\"}]}<\/script>\n<!-- \/ Yoast SEO plugin. -->","yoast_head_json":{"title":"La Ferrari presenta la Spider Amalfi... e finalmente corregge il difetto principale della Spider Roma - ItalPassion","description":"A Maranello, alcune novit\u00e0 non sono una sorpresa... ma sono sempre un evento. A meno di un anno dalla presentazione della Ferrari","robots":{"index":"index","follow":"follow","max-snippet":"max-snippet:-1","max-image-preview":"max-image-preview:large","max-video-preview":"max-video-preview:-1"},"canonical":"https:\/\/www.italpassion.fr\/it\/ferrari\/ferrari-presenta-la-spider-lamalfi-e-finalmente-corregge-il-difetto-principale-che-i-proprietari-lamentavano-con-la-spider-roma\/","og_locale":"it_IT","og_type":"article","og_title":"Ferrari d\u00e9voile l'Amalfi Spider\u2026 et corrige enfin le principal d\u00e9faut que les propri\u00e9taires reprochaient \u00e0 la Roma Spider - ItalPassion","og_description":"\u00c0 Maranello, certaines nouveaut\u00e9s n\u2019ont rien d\u2019une surprise\u2026 mais elles restent toujours un \u00e9v\u00e9nement. Moins d\u2019un an apr\u00e8s la pr\u00e9sentation de la Ferrari","og_url":"https:\/\/www.italpassion.fr\/it\/ferrari\/ferrari-presenta-la-spider-lamalfi-e-finalmente-corregge-il-difetto-principale-che-i-proprietari-lamentavano-con-la-spider-roma\/","og_site_name":"ItalPassion","article_publisher":"https:\/\/www.facebook.com\/italpassion","article_published_time":"2026-03-13T09:36:02+00:00","og_image":[{"width":1200,"height":800,"url":"https:\/\/www.italpassion.fr\/wp-content\/uploads\/2026\/03\/ferrari-amalfi-spider-0-scaled.jpg","type":"image\/jpeg"}],"author":"Alexandre Filluzeau","twitter_card":"summary_large_image","twitter_creator":"@italpassion","twitter_site":"@italpassion","schema":{"@context":"https:\/\/schema.org","@graph":[{"@type":"NewsArticle","@id":"https:\/\/www.italpassion.fr\/it\/ferrari\/ferrari-devoile-lamalfi-spider-et-corrige-enfin-le-principal-defaut-que-les-proprietaires-reprochaient-a-la-roma-spider\/#article","isPartOf":{"@id":"https:\/\/www.italpassion.fr\/it\/ferrari\/ferrari-devoile-lamalfi-spider-et-corrige-enfin-le-principal-defaut-que-les-proprietaires-reprochaient-a-la-roma-spider\/"},"author":{"name":"Alexandre Filluzeau","@id":"https:\/\/www.italpassion.fr\/it\/#\/schema\/person\/36f747b2a759ca202d847e85a9434ca0"},"headline":"Ferrari d\u00e9voile l&rsquo;Amalfi Spider\u2026 et corrige enfin le principal d\u00e9faut que les propri\u00e9taires reprochaient \u00e0 la Roma Spider","datePublished":"2026-03-13T09:36:02+00:00","mainEntityOfPage":{"@id":"https:\/\/www.italpassion.fr\/it\/ferrari\/ferrari-devoile-lamalfi-spider-et-corrige-enfin-le-principal-defaut-que-les-proprietaires-reprochaient-a-la-roma-spider\/"},"wordCount":882,"commentCount":2,"publisher":{"@id":"https:\/\/www.italpassion.fr\/it\/#organization"},"image":{"@id":"https:\/\/www.italpassion.fr\/it\/ferrari\/ferrari-devoile-lamalfi-spider-et-corrige-enfin-le-principal-defaut-que-les-proprietaires-reprochaient-a-la-roma-spider\/#primaryimage"},"thumbnailUrl":"https:\/\/www.italpassion.fr\/wp-content\/uploads\/2026\/03\/ferrari-amalfi-spider-0-scaled.jpg","keywords":["Ferrari Amalfi","Ferrari Amalfi Spider"],"articleSection":["Ferrari"],"inLanguage":"it-IT","potentialAction":[{"@type":"CommentAction","name":"Comment","target":["https:\/\/www.italpassion.fr\/it\/ferrari\/ferrari-devoile-lamalfi-spider-et-corrige-enfin-le-principal-defaut-que-les-proprietaires-reprochaient-a-la-roma-spider\/#respond"]}]},{"@type":"WebPage","@id":"https:\/\/www.italpassion.fr\/it\/ferrari\/ferrari-devoile-lamalfi-spider-et-corrige-enfin-le-principal-defaut-que-les-proprietaires-reprochaient-a-la-roma-spider\/","url":"https:\/\/www.italpassion.fr\/it\/ferrari\/ferrari-devoile-lamalfi-spider-et-corrige-enfin-le-principal-defaut-que-les-proprietaires-reprochaient-a-la-roma-spider\/","name":"La Ferrari presenta la Spider Amalfi... e finalmente corregge il difetto principale della Spider Roma - ItalPassion","isPartOf":{"@id":"https:\/\/www.italpassion.fr\/it\/#website"},"primaryImageOfPage":{"@id":"https:\/\/www.italpassion.fr\/it\/ferrari\/ferrari-devoile-lamalfi-spider-et-corrige-enfin-le-principal-defaut-que-les-proprietaires-reprochaient-a-la-roma-spider\/#primaryimage"},"image":{"@id":"https:\/\/www.italpassion.fr\/it\/ferrari\/ferrari-devoile-lamalfi-spider-et-corrige-enfin-le-principal-defaut-que-les-proprietaires-reprochaient-a-la-roma-spider\/#primaryimage"},"thumbnailUrl":"https:\/\/www.italpassion.fr\/wp-content\/uploads\/2026\/03\/ferrari-amalfi-spider-0-scaled.jpg","datePublished":"2026-03-13T09:36:02+00:00","description":"A Maranello, alcune novit\u00e0 non sono una sorpresa... ma sono sempre un evento. A meno di un anno dalla presentazione della Ferrari","breadcrumb":{"@id":"https:\/\/www.italpassion.fr\/it\/ferrari\/ferrari-devoile-lamalfi-spider-et-corrige-enfin-le-principal-defaut-que-les-proprietaires-reprochaient-a-la-roma-spider\/#breadcrumb"},"inLanguage":"it-IT","potentialAction":[{"@type":"ReadAction","target":["https:\/\/www.italpassion.fr\/it\/ferrari\/ferrari-devoile-lamalfi-spider-et-corrige-enfin-le-principal-defaut-que-les-proprietaires-reprochaient-a-la-roma-spider\/"]}]},{"@type":"ImageObject","inLanguage":"it-IT","@id":"https:\/\/www.italpassion.fr\/it\/ferrari\/ferrari-devoile-lamalfi-spider-et-corrige-enfin-le-principal-defaut-que-les-proprietaires-reprochaient-a-la-roma-spider\/#primaryimage","url":"https:\/\/www.italpassion.fr\/wp-content\/uploads\/2026\/03\/ferrari-amalfi-spider-0-scaled.jpg","contentUrl":"https:\/\/www.italpassion.fr\/wp-content\/uploads\/2026\/03\/ferrari-amalfi-spider-0-scaled.jpg","width":1200,"height":800},{"@type":"BreadcrumbList","@id":"https:\/\/www.italpassion.fr\/it\/ferrari\/ferrari-devoile-lamalfi-spider-et-corrige-enfin-le-principal-defaut-que-les-proprietaires-reprochaient-a-la-roma-spider\/#breadcrumb","itemListElement":[{"@type":"ListItem","position":1,"name":"Accueil","item":"https:\/\/www.italpassion.fr\/it\/"},{"@type":"ListItem","position":2,"name":"Ferrari d\u00e9voile l&rsquo;Amalfi Spider\u2026 et corrige enfin le principal d\u00e9faut que les propri\u00e9taires reprochaient \u00e0 la Roma Spider"}]},{"@type":"WebSite","@id":"https:\/\/www.italpassion.fr\/it\/#website","url":"https:\/\/www.italpassion.fr\/it\/","name":"ItalPassion","description":"Appassionati di auto italiane","publisher":{"@id":"https:\/\/www.italpassion.fr\/it\/#organization"},"potentialAction":[{"@type":"SearchAction","target":{"@type":"EntryPoint","urlTemplate":"https:\/\/www.italpassion.fr\/it\/?s={search_term_string}"},"query-input":{"@type":"PropertyValueSpecification","valueRequired":true,"valueName":"search_term_string"}}],"inLanguage":"it-IT"},{"@type":"Organization","@id":"https:\/\/www.italpassion.fr\/it\/#organization","name":"Italpassion","url":"https:\/\/www.italpassion.fr\/it\/","logo":{"@type":"ImageObject","inLanguage":"it-IT","@id":"https:\/\/www.italpassion.fr\/it\/#\/schema\/logo\/image\/","url":"https:\/\/www.italpassion.fr\/wp-content\/uploads\/2023\/07\/italpassion-yoast.jpg","contentUrl":"https:\/\/www.italpassion.fr\/wp-content\/uploads\/2023\/07\/italpassion-yoast.jpg","width":696,"height":696,"caption":"Italpassion"},"image":{"@id":"https:\/\/www.italpassion.fr\/it\/#\/schema\/logo\/image\/"},"sameAs":["https:\/\/www.facebook.com\/italpassion","https:\/\/x.com\/italpassion","https:\/\/www.instagram.com\/italpassionfr\/","https:\/\/www.youtube.com\/channel\/UCleq-ByQaA42OjhopwevRjQ","https:\/\/www.facebook.com\/italpassion.en\/","https:\/\/www.facebook.com\/italpassion.it\/","https:\/\/www.facebook.com\/italpassion.de\/","https:\/\/www.facebook.com\/italpassion.ja\/"]},{"@type":"Person","@id":"https:\/\/www.italpassion.fr\/it\/#\/schema\/person\/36f747b2a759ca202d847e85a9434ca0","name":"Alexandre Filluzeau","image":{"@type":"ImageObject","inLanguage":"it-IT","@id":"https:\/\/www.italpassion.fr\/it\/#\/schema\/person\/image\/","url":"https:\/\/www.italpassion.fr\/wp-content\/uploads\/2025\/04\/avatar-alexandre-160x160.jpg","contentUrl":"https:\/\/www.italpassion.fr\/wp-content\/uploads\/2025\/04\/avatar-alexandre-160x160.jpg","caption":"Alexandre Filluzeau"},"description":"Fondatore del sito ItalPassion, appassionato di auto italiane e dell'Italia in generale. Porto un occhio critico e tecnico alle notizie dei marchi italiani, quando possibile. Proprietario di una Maserati GranTurismo, di un'Alfa Romeo MiTo, di una Lancia Fulvia e di una Ducati 695. Ex proprietario di un'Alfa Romeo Giulia.","sameAs":["https:\/\/www.italpassion.fr\/"],"url":"https:\/\/www.italpassion.fr\/it\/author\/alexandre\/"}]}},"_links":{"self":[{"href":"https:\/\/www.italpassion.fr\/it\/wp-json\/wp\/v2\/posts\/47458","targetHints":{"allow":["GET"]}}],"collection":[{"href":"https:\/\/www.italpassion.fr\/it\/wp-json\/wp\/v2\/posts"}],"about":[{"href":"https:\/\/www.italpassion.fr\/it\/wp-json\/wp\/v2\/types\/post"}],"author":[{"embeddable":true,"href":"https:\/\/www.italpassion.fr\/it\/wp-json\/wp\/v2\/users\/1"}],"replies":[{"embeddable":true,"href":"https:\/\/www.italpassion.fr\/it\/wp-json\/wp\/v2\/comments?post=47458"}],"version-history":[{"count":1,"href":"https:\/\/www.italpassion.fr\/it\/wp-json\/wp\/v2\/posts\/47458\/revisions"}],"predecessor-version":[{"id":47468,"href":"https:\/\/www.italpassion.fr\/it\/wp-json\/wp\/v2\/posts\/47458\/revisions\/47468"}],"wp:featuredmedia":[{"embeddable":true,"href":"https:\/\/www.italpassion.fr\/it\/wp-json\/wp\/v2\/media\/47459"}],"wp:attachment":[{"href":"https:\/\/www.italpassion.fr\/it\/wp-json\/wp\/v2\/media?parent=47458"}],"wp:term":[{"taxonomy":"category","embeddable":true,"href":"https:\/\/www.italpassion.fr\/it\/wp-json\/wp\/v2\/categories?post=47458"},{"taxonomy":"post_tag","embeddable":true,"href":"https:\/\/www.italpassion.fr\/it\/wp-json\/wp\/v2\/tags?post=47458"}],"curies":[{"name":"wp","href":"https:\/\/api.w.org\/{rel}","templated":true}]}}