{"id":47364,"date":"2026-03-12T17:33:14","date_gmt":"2026-03-12T16:33:14","guid":{"rendered":"https:\/\/www.italpassion.fr\/?p=47364"},"modified":"2026-03-10T14:50:21","modified_gmt":"2026-03-10T13:50:21","slug":"tanto-di-cappello-alle-auto-cinesi-il-figlio-del-fondatore-della-lamborghini-ha-annunciato-che-ne-comprera-una","status":"publish","type":"post","link":"https:\/\/www.italpassion.fr\/it\/lamborghini\/je-me-tire-mon-chapeau-devant-les-voitures-chinoises-le-fils-du-fondateur-de-lamborghini-annonce-quil-va-en-acheter-une\/","title":{"rendered":"\u00abTanto di cappello alle auto cinesi\u00bb: il figlio del fondatore della Lamborghini annuncia che ne comprer\u00e0 una"},"content":{"rendered":"<figure class=\"wp-block-image size-full\"><img loading=\"lazy\" decoding=\"async\" width=\"1200\" height=\"800\" src=\"https:\/\/www.italpassion.fr\/wp-content\/uploads\/2026\/03\/tonino-lamborghini.jpg\" alt=\"\" class=\"wp-image-47365\" srcset=\"https:\/\/www.italpassion.fr\/wp-content\/uploads\/2026\/03\/tonino-lamborghini.jpg 1200w, https:\/\/www.italpassion.fr\/wp-content\/uploads\/2026\/03\/tonino-lamborghini-420x280.jpg 420w, https:\/\/www.italpassion.fr\/wp-content\/uploads\/2026\/03\/tonino-lamborghini-768x512.jpg 768w, https:\/\/www.italpassion.fr\/wp-content\/uploads\/2026\/03\/tonino-lamborghini-18x12.jpg 18w\" sizes=\"auto, (max-width: 1200px) 100vw, 1200px\" \/><\/figure>\n\n\n\n<p>Il mercato automobilistico si sta evolvendo a rotta di collo e i produttori cinesi si stanno affermando come protagonisti. \u00c8 una realt\u00e0 che anche alcune delle figure pi\u00f9 emblematiche dell'industria automobilistica italiana riconoscono apertamente. Questo \u00e8 particolarmente vero per Tonino <a href=\"https:\/\/www.italpassion.fr\/it\/lamborghini\/\">Lamborghini<\/a>, figlio del fondatore del famoso marchio di supercar, che non ha esitato a lodare gli impressionanti progressi compiuti dai costruttori cinesi... al punto da pensare di acquistarne una.<\/p>\n\n\n\n<p>Queste dichiarazioni sono state rilasciate al Salone Automotoretr\u00f2 di Parma, evento dedicato alle auto tradizionali, di lusso e sportive. Tonino Lamborghini ha partecipato a una conferenza insieme all'ingegnere Giampaolo Dallara e al creatore di contenuti Noah Cooks F1, per discutere dell'evoluzione del mercato automobilistico, delle nuove tecnologie e dell'ascesa dei marchi cinesi.<\/p>\n\n\n\n<h2 class=\"wp-block-heading\">\u00abAuto altamente avanzate\u00bb<\/h2>\n\n\n\n<p>Interrogato sull'arrivo massiccio delle case automobilistiche cinesi sul mercato europeo, Tonino Lamborghini ha offerto un'analisi franca. A suo avviso, i tempi in cui i marchi cinesi si limitavano a copiare i produttori occidentali sono finiti.<\/p>\n\n\n\n<blockquote class=\"wp-block-quote is-layout-flow wp-block-quote-is-layout-flow\"><svg aria-hidden=\"true\" focusable=\"false\" class=\"icon icon-quote\" width=\"48\" height=\"48\"><use xlink:href=\"#icon-quote\"><\/use><\/svg>\n<p>\u00abI produttori cinesi ora producono auto di tutto rispetto e tecnologicamente avanzate. Una volta si diceva che all'inizio copiavano, ma ora producono modelli sempre pi\u00f9 belli e competitivi\u00bb, ha dichiarato.<\/p>\n<\/blockquote>\n\n\n\n<p>Per il figlio del fondatore della Lamborghini, queste auto combinano diversi vantaggi importanti: prezzi spesso inferiori alle rivali europee e tecnologia particolarmente avanzata. Una combinazione che spiega in larga misura la loro rapida ascesa sul mercato internazionale.<\/p>\n\n\n\n<p>Alla luce di questi progressi, Tonino Lamborghini non ha nascosto la sua ammirazione: \u00abMi tolgo il cappello\u00bb.<\/p>\n\n\n\n<h2 class=\"wp-block-heading\">Tonino Lamborghini potrebbe acquistare un ibrido cinese<\/h2>\n\n\n\n<p>L'imprenditore italiano si \u00e8 spinto oltre, rivelando che lui stesso stava valutando di diventare cliente di un produttore cinese.<\/p>\n\n\n\n<p>A suo avviso, anche se questi marchi non hanno ancora il prestigio e l'immagine dei grandi marchi europei, sono pi\u00f9 che compensati dalla loro qualit\u00e0 tecnica e dai prezzi competitivi.<\/p>\n\n\n\n<p>\u00abNon hanno ancora la reputazione dei marchi europei, ma hanno dalla loro parte la qualit\u00e0, il prezzo e la tecnologia\u00bb, spiega, prima di aggiungere: \u00abProbabilmente prender\u00f2 un ibrido cinese\u00bb.<\/p>\n\n\n\n<p>Tuttavia, Tonino Lamborghini ha tenuto a qualificare l'argomento spesso associato ai veicoli elettrificati. A suo avviso, il reale impatto ecologico di queste vetture rimane discutibile se si considera l'intero ciclo di produzione e di vita del veicolo.<\/p>\n\n\n\n<p>\u00abNon facciamo finta che siano davvero \u201cverdi\u201d. Oggi non \u00e8 cos\u00ec\u00bb, ha detto, pur riconoscendo che si tratta pi\u00f9 di una sua convinzione personale che di un'analisi basata su dati precisi.<\/p>\n\n\n\n<h2 class=\"wp-block-heading\">Il futuro della vettura secondo Dallara<\/h2>\n\n\n\n<p>Nel corso della stessa conferenza, Giampaolo Dallara ha fatto un ulteriore passo avanti nella discussione, parlando del futuro dell'automobile e del mutato rapporto con l'auto.<\/p>\n\n\n\n<p>Secondo il fondatore dell'azienda ingegneristica italiana, le generazioni future potrebbero adottare un approccio completamente diverso alla mobilit\u00e0.<\/p>\n\n\n\n<blockquote class=\"wp-block-quote is-layout-flow wp-block-quote-is-layout-flow\"><svg aria-hidden=\"true\" focusable=\"false\" class=\"icon icon-quote\" width=\"48\" height=\"48\"><use xlink:href=\"#icon-quote\"><\/use><\/svg>\n<p>\u00abNon sono entusiasta dell'idea, ma credo che i miei nipoti viaggeranno su auto elettriche, forse autonome, e probabilmente non le possederanno nemmeno\u00bb, ha spiegato.<\/p>\n<\/blockquote>\n\n\n\n<p>A suo avviso, il futuro potrebbe essere segnato da una separazione tra due usi ben distinti dell'automobile. Da un lato, la mobilit\u00e0 quotidiana potrebbe essere garantita da veicoli autonomi e condivisi, potenzialmente prodotti in Cina. Dall'altro, gli appassionati continueranno a possedere auto tradizionali, utilizzate per il piacere e il tempo libero.<\/p>\n\n\n\n<p>Una cosa rimane certa per Dallara: anche in un futuro dominato da nuove forme di mobilit\u00e0, le supercar avranno sempre il loro posto.<\/p>","protected":false},"excerpt":{"rendered":"","protected":false},"author":1,"featured_media":47365,"comment_status":"open","ping_status":"open","sticky":false,"template":"","format":"standard","meta":{"_acf_changed":false,"_sitemap_exclude":false,"_sitemap_priority":"","_sitemap_frequency":"","footnotes":""},"categories":[25],"tags":[732],"class_list":["post-47364","post","type-post","status-publish","format-standard","has-post-thumbnail","hentry","category-lamborghini","tag-tonino-lamborghini","generate-columns","tablet-grid-50","mobile-grid-100","grid-parent","grid-33"],"acf":[],"yoast_head":"<!-- This site is optimized with the Yoast SEO plugin v25.8 - https:\/\/yoast.com\/wordpress\/plugins\/seo\/ -->\n<title>\u00ab Je me tire mon chapeau devant les voitures chinoises \u00bb : le fils du fondateur de Lamborghini annonce qu&#039;il va en acheter une - ItalPassion<\/title>\n<meta name=\"description\" content=\"Le march\u00e9 automobile \u00e9volue \u00e0 grande vitesse et les constructeurs chinois s\u2019imposent d\u00e9sormais comme des acteurs incontournables. Une r\u00e9alit\u00e9 que m\u00eame\" \/>\n<meta name=\"robots\" content=\"index, follow, max-snippet:-1, max-image-preview:large, max-video-preview:-1\" \/>\n<link rel=\"canonical\" href=\"https:\/\/www.italpassion.fr\/it\/lamborghini\/tanto-di-cappello-alle-auto-cinesi-il-figlio-del-fondatore-della-lamborghini-ha-annunciato-che-ne-comprera-una\/\" \/>\n<meta property=\"og:locale\" content=\"it_IT\" \/>\n<meta property=\"og:type\" content=\"article\" \/>\n<meta property=\"og:title\" content=\"\u00ab Je me tire mon chapeau devant les voitures chinoises \u00bb : le fils du fondateur de Lamborghini annonce qu&#039;il va en acheter une - ItalPassion\" \/>\n<meta property=\"og:description\" content=\"Le march\u00e9 automobile \u00e9volue \u00e0 grande vitesse et les constructeurs chinois s\u2019imposent d\u00e9sormais comme des acteurs incontournables. Une r\u00e9alit\u00e9 que m\u00eame\" \/>\n<meta property=\"og:url\" content=\"https:\/\/www.italpassion.fr\/it\/lamborghini\/tanto-di-cappello-alle-auto-cinesi-il-figlio-del-fondatore-della-lamborghini-ha-annunciato-che-ne-comprera-una\/\" \/>\n<meta property=\"og:site_name\" content=\"ItalPassion\" \/>\n<meta property=\"article:publisher\" content=\"https:\/\/www.facebook.com\/italpassion\" \/>\n<meta property=\"article:published_time\" content=\"2026-03-12T16:33:14+00:00\" \/>\n<meta property=\"og:image\" content=\"https:\/\/www.italpassion.fr\/wp-content\/uploads\/2026\/03\/tonino-lamborghini.jpg\" \/>\n\t<meta property=\"og:image:width\" content=\"1200\" \/>\n\t<meta property=\"og:image:height\" content=\"800\" \/>\n\t<meta property=\"og:image:type\" content=\"image\/jpeg\" \/>\n<meta name=\"author\" content=\"Alexandre Filluzeau\" \/>\n<meta name=\"twitter:card\" content=\"summary_large_image\" \/>\n<meta name=\"twitter:creator\" content=\"@italpassion\" \/>\n<meta name=\"twitter:site\" content=\"@italpassion\" \/>\n<script type=\"application\/ld+json\" class=\"yoast-schema-graph\">{\"@context\":\"https:\/\/schema.org\",\"@graph\":[{\"@type\":\"NewsArticle\",\"@id\":\"https:\/\/www.italpassion.fr\/it\/lamborghini\/je-me-tire-mon-chapeau-devant-les-voitures-chinoises-le-fils-du-fondateur-de-lamborghini-annonce-quil-va-en-acheter-une\/#article\",\"isPartOf\":{\"@id\":\"https:\/\/www.italpassion.fr\/it\/lamborghini\/je-me-tire-mon-chapeau-devant-les-voitures-chinoises-le-fils-du-fondateur-de-lamborghini-annonce-quil-va-en-acheter-une\/\"},\"author\":{\"name\":\"Alexandre Filluzeau\",\"@id\":\"https:\/\/www.italpassion.fr\/it\/#\/schema\/person\/36f747b2a759ca202d847e85a9434ca0\"},\"headline\":\"\u00ab Je me tire mon chapeau devant les voitures chinoises \u00bb : le fils du fondateur de Lamborghini annonce qu&rsquo;il va en acheter une\",\"datePublished\":\"2026-03-12T16:33:14+00:00\",\"mainEntityOfPage\":{\"@id\":\"https:\/\/www.italpassion.fr\/it\/lamborghini\/je-me-tire-mon-chapeau-devant-les-voitures-chinoises-le-fils-du-fondateur-de-lamborghini-annonce-quil-va-en-acheter-une\/\"},\"wordCount\":701,\"commentCount\":2,\"publisher\":{\"@id\":\"https:\/\/www.italpassion.fr\/it\/#organization\"},\"image\":{\"@id\":\"https:\/\/www.italpassion.fr\/it\/lamborghini\/je-me-tire-mon-chapeau-devant-les-voitures-chinoises-le-fils-du-fondateur-de-lamborghini-annonce-quil-va-en-acheter-une\/#primaryimage\"},\"thumbnailUrl\":\"https:\/\/www.italpassion.fr\/wp-content\/uploads\/2026\/03\/tonino-lamborghini.jpg\",\"keywords\":[\"Tonino Lamborghini\"],\"articleSection\":[\"Lamborghini\"],\"inLanguage\":\"it-IT\",\"potentialAction\":[{\"@type\":\"CommentAction\",\"name\":\"Comment\",\"target\":[\"https:\/\/www.italpassion.fr\/it\/lamborghini\/je-me-tire-mon-chapeau-devant-les-voitures-chinoises-le-fils-du-fondateur-de-lamborghini-annonce-quil-va-en-acheter-une\/#respond\"]}]},{\"@type\":\"WebPage\",\"@id\":\"https:\/\/www.italpassion.fr\/it\/lamborghini\/je-me-tire-mon-chapeau-devant-les-voitures-chinoises-le-fils-du-fondateur-de-lamborghini-annonce-quil-va-en-acheter-une\/\",\"url\":\"https:\/\/www.italpassion.fr\/it\/lamborghini\/je-me-tire-mon-chapeau-devant-les-voitures-chinoises-le-fils-du-fondateur-de-lamborghini-annonce-quil-va-en-acheter-une\/\",\"name\":\"\u00ab Je me tire mon chapeau devant les voitures chinoises \u00bb : le fils du fondateur de Lamborghini annonce qu'il va en acheter une - ItalPassion\",\"isPartOf\":{\"@id\":\"https:\/\/www.italpassion.fr\/it\/#website\"},\"primaryImageOfPage\":{\"@id\":\"https:\/\/www.italpassion.fr\/it\/lamborghini\/je-me-tire-mon-chapeau-devant-les-voitures-chinoises-le-fils-du-fondateur-de-lamborghini-annonce-quil-va-en-acheter-une\/#primaryimage\"},\"image\":{\"@id\":\"https:\/\/www.italpassion.fr\/it\/lamborghini\/je-me-tire-mon-chapeau-devant-les-voitures-chinoises-le-fils-du-fondateur-de-lamborghini-annonce-quil-va-en-acheter-une\/#primaryimage\"},\"thumbnailUrl\":\"https:\/\/www.italpassion.fr\/wp-content\/uploads\/2026\/03\/tonino-lamborghini.jpg\",\"datePublished\":\"2026-03-12T16:33:14+00:00\",\"description\":\"Le march\u00e9 automobile \u00e9volue \u00e0 grande vitesse et les constructeurs chinois s\u2019imposent d\u00e9sormais comme des acteurs incontournables. Une r\u00e9alit\u00e9 que m\u00eame\",\"breadcrumb\":{\"@id\":\"https:\/\/www.italpassion.fr\/it\/lamborghini\/je-me-tire-mon-chapeau-devant-les-voitures-chinoises-le-fils-du-fondateur-de-lamborghini-annonce-quil-va-en-acheter-une\/#breadcrumb\"},\"inLanguage\":\"it-IT\",\"potentialAction\":[{\"@type\":\"ReadAction\",\"target\":[\"https:\/\/www.italpassion.fr\/it\/lamborghini\/je-me-tire-mon-chapeau-devant-les-voitures-chinoises-le-fils-du-fondateur-de-lamborghini-annonce-quil-va-en-acheter-une\/\"]}]},{\"@type\":\"ImageObject\",\"inLanguage\":\"it-IT\",\"@id\":\"https:\/\/www.italpassion.fr\/it\/lamborghini\/je-me-tire-mon-chapeau-devant-les-voitures-chinoises-le-fils-du-fondateur-de-lamborghini-annonce-quil-va-en-acheter-une\/#primaryimage\",\"url\":\"https:\/\/www.italpassion.fr\/wp-content\/uploads\/2026\/03\/tonino-lamborghini.jpg\",\"contentUrl\":\"https:\/\/www.italpassion.fr\/wp-content\/uploads\/2026\/03\/tonino-lamborghini.jpg\",\"width\":1200,\"height\":800},{\"@type\":\"BreadcrumbList\",\"@id\":\"https:\/\/www.italpassion.fr\/it\/lamborghini\/je-me-tire-mon-chapeau-devant-les-voitures-chinoises-le-fils-du-fondateur-de-lamborghini-annonce-quil-va-en-acheter-une\/#breadcrumb\",\"itemListElement\":[{\"@type\":\"ListItem\",\"position\":1,\"name\":\"Accueil\",\"item\":\"https:\/\/www.italpassion.fr\/it\/\"},{\"@type\":\"ListItem\",\"position\":2,\"name\":\"\u00ab Je me tire mon chapeau devant les voitures chinoises \u00bb : le fils du fondateur de Lamborghini annonce qu&rsquo;il va en acheter une\"}]},{\"@type\":\"WebSite\",\"@id\":\"https:\/\/www.italpassion.fr\/it\/#website\",\"url\":\"https:\/\/www.italpassion.fr\/it\/\",\"name\":\"ItalPassion\",\"description\":\"Les Passionn\u00e9s d&#039;Automobiles Italiennes\",\"publisher\":{\"@id\":\"https:\/\/www.italpassion.fr\/it\/#organization\"},\"potentialAction\":[{\"@type\":\"SearchAction\",\"target\":{\"@type\":\"EntryPoint\",\"urlTemplate\":\"https:\/\/www.italpassion.fr\/it\/?s={search_term_string}\"},\"query-input\":{\"@type\":\"PropertyValueSpecification\",\"valueRequired\":true,\"valueName\":\"search_term_string\"}}],\"inLanguage\":\"it-IT\"},{\"@type\":\"Organization\",\"@id\":\"https:\/\/www.italpassion.fr\/it\/#organization\",\"name\":\"Italpassion\",\"url\":\"https:\/\/www.italpassion.fr\/it\/\",\"logo\":{\"@type\":\"ImageObject\",\"inLanguage\":\"it-IT\",\"@id\":\"https:\/\/www.italpassion.fr\/it\/#\/schema\/logo\/image\/\",\"url\":\"https:\/\/www.italpassion.fr\/wp-content\/uploads\/2023\/07\/italpassion-yoast.jpg\",\"contentUrl\":\"https:\/\/www.italpassion.fr\/wp-content\/uploads\/2023\/07\/italpassion-yoast.jpg\",\"width\":696,\"height\":696,\"caption\":\"Italpassion\"},\"image\":{\"@id\":\"https:\/\/www.italpassion.fr\/it\/#\/schema\/logo\/image\/\"},\"sameAs\":[\"https:\/\/www.facebook.com\/italpassion\",\"https:\/\/x.com\/italpassion\",\"https:\/\/www.instagram.com\/italpassionfr\/\",\"https:\/\/www.youtube.com\/channel\/UCleq-ByQaA42OjhopwevRjQ\",\"https:\/\/www.facebook.com\/italpassion.en\/\",\"https:\/\/www.facebook.com\/italpassion.it\/\",\"https:\/\/www.facebook.com\/italpassion.de\/\",\"https:\/\/www.facebook.com\/italpassion.ja\/\"]},{\"@type\":\"Person\",\"@id\":\"https:\/\/www.italpassion.fr\/it\/#\/schema\/person\/36f747b2a759ca202d847e85a9434ca0\",\"name\":\"Alexandre Filluzeau\",\"image\":{\"@type\":\"ImageObject\",\"inLanguage\":\"it-IT\",\"@id\":\"https:\/\/www.italpassion.fr\/it\/#\/schema\/person\/image\/\",\"url\":\"https:\/\/www.italpassion.fr\/wp-content\/uploads\/2025\/04\/avatar-alexandre-160x160.jpg\",\"contentUrl\":\"https:\/\/www.italpassion.fr\/wp-content\/uploads\/2025\/04\/avatar-alexandre-160x160.jpg\",\"caption\":\"Alexandre Filluzeau\"},\"description\":\"Fondateur du site ItalPassion, passionn\u00e9 de voitures italiennes et de l'Italie en g\u00e9n\u00e9ral. J'apporte un regard critique et technique aux actualit\u00e9s des marques italiennes quand cela est possible. Propri\u00e9taire d'une Maserati GranTurismo, Alfa Romeo MiTo, Lancia Fulvia et Ducati 695. Ex-propri\u00e9taire d'une Alfa Romeo Giulia.\",\"sameAs\":[\"https:\/\/www.italpassion.fr\/\"],\"url\":\"https:\/\/www.italpassion.fr\/it\/author\/alexandre\/\"}]}<\/script>\n<!-- \/ Yoast SEO plugin. -->","yoast_head_json":{"title":"\u00abTanto di cappello alle auto cinesi\u00bb: il figlio del fondatore della Lamborghini annuncia che ne comprer\u00e0 una - ItalPassion","description":"Il mercato automobilistico si sta evolvendo a rotta di collo e i produttori cinesi si stanno affermando come protagonisti. Una realt\u00e0 che anche","robots":{"index":"index","follow":"follow","max-snippet":"max-snippet:-1","max-image-preview":"max-image-preview:large","max-video-preview":"max-video-preview:-1"},"canonical":"https:\/\/www.italpassion.fr\/it\/lamborghini\/tanto-di-cappello-alle-auto-cinesi-il-figlio-del-fondatore-della-lamborghini-ha-annunciato-che-ne-comprera-una\/","og_locale":"it_IT","og_type":"article","og_title":"\u00ab Je me tire mon chapeau devant les voitures chinoises \u00bb : le fils du fondateur de Lamborghini annonce qu'il va en acheter une - ItalPassion","og_description":"Le march\u00e9 automobile \u00e9volue \u00e0 grande vitesse et les constructeurs chinois s\u2019imposent d\u00e9sormais comme des acteurs incontournables. Une r\u00e9alit\u00e9 que m\u00eame","og_url":"https:\/\/www.italpassion.fr\/it\/lamborghini\/tanto-di-cappello-alle-auto-cinesi-il-figlio-del-fondatore-della-lamborghini-ha-annunciato-che-ne-comprera-una\/","og_site_name":"ItalPassion","article_publisher":"https:\/\/www.facebook.com\/italpassion","article_published_time":"2026-03-12T16:33:14+00:00","og_image":[{"width":1200,"height":800,"url":"https:\/\/www.italpassion.fr\/wp-content\/uploads\/2026\/03\/tonino-lamborghini.jpg","type":"image\/jpeg"}],"author":"Alexandre Filluzeau","twitter_card":"summary_large_image","twitter_creator":"@italpassion","twitter_site":"@italpassion","schema":{"@context":"https:\/\/schema.org","@graph":[{"@type":"NewsArticle","@id":"https:\/\/www.italpassion.fr\/it\/lamborghini\/je-me-tire-mon-chapeau-devant-les-voitures-chinoises-le-fils-du-fondateur-de-lamborghini-annonce-quil-va-en-acheter-une\/#article","isPartOf":{"@id":"https:\/\/www.italpassion.fr\/it\/lamborghini\/je-me-tire-mon-chapeau-devant-les-voitures-chinoises-le-fils-du-fondateur-de-lamborghini-annonce-quil-va-en-acheter-une\/"},"author":{"name":"Alexandre Filluzeau","@id":"https:\/\/www.italpassion.fr\/it\/#\/schema\/person\/36f747b2a759ca202d847e85a9434ca0"},"headline":"\u00ab Je me tire mon chapeau devant les voitures chinoises \u00bb : le fils du fondateur de Lamborghini annonce qu&rsquo;il va en acheter une","datePublished":"2026-03-12T16:33:14+00:00","mainEntityOfPage":{"@id":"https:\/\/www.italpassion.fr\/it\/lamborghini\/je-me-tire-mon-chapeau-devant-les-voitures-chinoises-le-fils-du-fondateur-de-lamborghini-annonce-quil-va-en-acheter-une\/"},"wordCount":701,"commentCount":2,"publisher":{"@id":"https:\/\/www.italpassion.fr\/it\/#organization"},"image":{"@id":"https:\/\/www.italpassion.fr\/it\/lamborghini\/je-me-tire-mon-chapeau-devant-les-voitures-chinoises-le-fils-du-fondateur-de-lamborghini-annonce-quil-va-en-acheter-une\/#primaryimage"},"thumbnailUrl":"https:\/\/www.italpassion.fr\/wp-content\/uploads\/2026\/03\/tonino-lamborghini.jpg","keywords":["Tonino Lamborghini"],"articleSection":["Lamborghini"],"inLanguage":"it-IT","potentialAction":[{"@type":"CommentAction","name":"Comment","target":["https:\/\/www.italpassion.fr\/it\/lamborghini\/je-me-tire-mon-chapeau-devant-les-voitures-chinoises-le-fils-du-fondateur-de-lamborghini-annonce-quil-va-en-acheter-une\/#respond"]}]},{"@type":"WebPage","@id":"https:\/\/www.italpassion.fr\/it\/lamborghini\/je-me-tire-mon-chapeau-devant-les-voitures-chinoises-le-fils-du-fondateur-de-lamborghini-annonce-quil-va-en-acheter-une\/","url":"https:\/\/www.italpassion.fr\/it\/lamborghini\/je-me-tire-mon-chapeau-devant-les-voitures-chinoises-le-fils-du-fondateur-de-lamborghini-annonce-quil-va-en-acheter-une\/","name":"\u00abTanto di cappello alle auto cinesi\u00bb: il figlio del fondatore della Lamborghini annuncia che ne comprer\u00e0 una - ItalPassion","isPartOf":{"@id":"https:\/\/www.italpassion.fr\/it\/#website"},"primaryImageOfPage":{"@id":"https:\/\/www.italpassion.fr\/it\/lamborghini\/je-me-tire-mon-chapeau-devant-les-voitures-chinoises-le-fils-du-fondateur-de-lamborghini-annonce-quil-va-en-acheter-une\/#primaryimage"},"image":{"@id":"https:\/\/www.italpassion.fr\/it\/lamborghini\/je-me-tire-mon-chapeau-devant-les-voitures-chinoises-le-fils-du-fondateur-de-lamborghini-annonce-quil-va-en-acheter-une\/#primaryimage"},"thumbnailUrl":"https:\/\/www.italpassion.fr\/wp-content\/uploads\/2026\/03\/tonino-lamborghini.jpg","datePublished":"2026-03-12T16:33:14+00:00","description":"Il mercato automobilistico si sta evolvendo a rotta di collo e i produttori cinesi si stanno affermando come protagonisti. Una realt\u00e0 che anche","breadcrumb":{"@id":"https:\/\/www.italpassion.fr\/it\/lamborghini\/je-me-tire-mon-chapeau-devant-les-voitures-chinoises-le-fils-du-fondateur-de-lamborghini-annonce-quil-va-en-acheter-une\/#breadcrumb"},"inLanguage":"it-IT","potentialAction":[{"@type":"ReadAction","target":["https:\/\/www.italpassion.fr\/it\/lamborghini\/je-me-tire-mon-chapeau-devant-les-voitures-chinoises-le-fils-du-fondateur-de-lamborghini-annonce-quil-va-en-acheter-une\/"]}]},{"@type":"ImageObject","inLanguage":"it-IT","@id":"https:\/\/www.italpassion.fr\/it\/lamborghini\/je-me-tire-mon-chapeau-devant-les-voitures-chinoises-le-fils-du-fondateur-de-lamborghini-annonce-quil-va-en-acheter-une\/#primaryimage","url":"https:\/\/www.italpassion.fr\/wp-content\/uploads\/2026\/03\/tonino-lamborghini.jpg","contentUrl":"https:\/\/www.italpassion.fr\/wp-content\/uploads\/2026\/03\/tonino-lamborghini.jpg","width":1200,"height":800},{"@type":"BreadcrumbList","@id":"https:\/\/www.italpassion.fr\/it\/lamborghini\/je-me-tire-mon-chapeau-devant-les-voitures-chinoises-le-fils-du-fondateur-de-lamborghini-annonce-quil-va-en-acheter-une\/#breadcrumb","itemListElement":[{"@type":"ListItem","position":1,"name":"Accueil","item":"https:\/\/www.italpassion.fr\/it\/"},{"@type":"ListItem","position":2,"name":"\u00ab Je me tire mon chapeau devant les voitures chinoises \u00bb : le fils du fondateur de Lamborghini annonce qu&rsquo;il va en acheter une"}]},{"@type":"WebSite","@id":"https:\/\/www.italpassion.fr\/it\/#website","url":"https:\/\/www.italpassion.fr\/it\/","name":"ItalPassion","description":"Appassionati di auto italiane","publisher":{"@id":"https:\/\/www.italpassion.fr\/it\/#organization"},"potentialAction":[{"@type":"SearchAction","target":{"@type":"EntryPoint","urlTemplate":"https:\/\/www.italpassion.fr\/it\/?s={search_term_string}"},"query-input":{"@type":"PropertyValueSpecification","valueRequired":true,"valueName":"search_term_string"}}],"inLanguage":"it-IT"},{"@type":"Organization","@id":"https:\/\/www.italpassion.fr\/it\/#organization","name":"Italpassion","url":"https:\/\/www.italpassion.fr\/it\/","logo":{"@type":"ImageObject","inLanguage":"it-IT","@id":"https:\/\/www.italpassion.fr\/it\/#\/schema\/logo\/image\/","url":"https:\/\/www.italpassion.fr\/wp-content\/uploads\/2023\/07\/italpassion-yoast.jpg","contentUrl":"https:\/\/www.italpassion.fr\/wp-content\/uploads\/2023\/07\/italpassion-yoast.jpg","width":696,"height":696,"caption":"Italpassion"},"image":{"@id":"https:\/\/www.italpassion.fr\/it\/#\/schema\/logo\/image\/"},"sameAs":["https:\/\/www.facebook.com\/italpassion","https:\/\/x.com\/italpassion","https:\/\/www.instagram.com\/italpassionfr\/","https:\/\/www.youtube.com\/channel\/UCleq-ByQaA42OjhopwevRjQ","https:\/\/www.facebook.com\/italpassion.en\/","https:\/\/www.facebook.com\/italpassion.it\/","https:\/\/www.facebook.com\/italpassion.de\/","https:\/\/www.facebook.com\/italpassion.ja\/"]},{"@type":"Person","@id":"https:\/\/www.italpassion.fr\/it\/#\/schema\/person\/36f747b2a759ca202d847e85a9434ca0","name":"Alexandre Filluzeau","image":{"@type":"ImageObject","inLanguage":"it-IT","@id":"https:\/\/www.italpassion.fr\/it\/#\/schema\/person\/image\/","url":"https:\/\/www.italpassion.fr\/wp-content\/uploads\/2025\/04\/avatar-alexandre-160x160.jpg","contentUrl":"https:\/\/www.italpassion.fr\/wp-content\/uploads\/2025\/04\/avatar-alexandre-160x160.jpg","caption":"Alexandre Filluzeau"},"description":"Fondatore del sito ItalPassion, appassionato di auto italiane e dell'Italia in generale. Porto un occhio critico e tecnico alle notizie dei marchi italiani, quando possibile. Proprietario di una Maserati GranTurismo, di un'Alfa Romeo MiTo, di una Lancia Fulvia e di una Ducati 695. Ex proprietario di un'Alfa Romeo Giulia.","sameAs":["https:\/\/www.italpassion.fr\/"],"url":"https:\/\/www.italpassion.fr\/it\/author\/alexandre\/"}]}},"_links":{"self":[{"href":"https:\/\/www.italpassion.fr\/it\/wp-json\/wp\/v2\/posts\/47364","targetHints":{"allow":["GET"]}}],"collection":[{"href":"https:\/\/www.italpassion.fr\/it\/wp-json\/wp\/v2\/posts"}],"about":[{"href":"https:\/\/www.italpassion.fr\/it\/wp-json\/wp\/v2\/types\/post"}],"author":[{"embeddable":true,"href":"https:\/\/www.italpassion.fr\/it\/wp-json\/wp\/v2\/users\/1"}],"replies":[{"embeddable":true,"href":"https:\/\/www.italpassion.fr\/it\/wp-json\/wp\/v2\/comments?post=47364"}],"version-history":[{"count":1,"href":"https:\/\/www.italpassion.fr\/it\/wp-json\/wp\/v2\/posts\/47364\/revisions"}],"predecessor-version":[{"id":47366,"href":"https:\/\/www.italpassion.fr\/it\/wp-json\/wp\/v2\/posts\/47364\/revisions\/47366"}],"wp:featuredmedia":[{"embeddable":true,"href":"https:\/\/www.italpassion.fr\/it\/wp-json\/wp\/v2\/media\/47365"}],"wp:attachment":[{"href":"https:\/\/www.italpassion.fr\/it\/wp-json\/wp\/v2\/media?parent=47364"}],"wp:term":[{"taxonomy":"category","embeddable":true,"href":"https:\/\/www.italpassion.fr\/it\/wp-json\/wp\/v2\/categories?post=47364"},{"taxonomy":"post_tag","embeddable":true,"href":"https:\/\/www.italpassion.fr\/it\/wp-json\/wp\/v2\/tags?post=47364"}],"curies":[{"name":"wp","href":"https:\/\/api.w.org\/{rel}","templated":true}]}}