{"id":45776,"date":"2026-01-27T09:24:51","date_gmt":"2026-01-27T08:24:51","guid":{"rendered":"https:\/\/www.italpassion.fr\/?p=45776"},"modified":"2026-01-27T09:24:51","modified_gmt":"2026-01-27T08:24:51","slug":"questa-alfa-romeo-alfetta-gtv-tedesca-sviluppata-per-la-gr5-erogava-400-cv-da-un-motore-a-4-cilindri-da-1-3l","status":"publish","type":"post","link":"https:\/\/www.italpassion.fr\/it\/alfa-romeo\/cette-alfa-romeo-alfetta-gtv-allemande-developpee-pour-le-gr5-atteignait-400-ch-avec-un-moteur-4-cylindres-1-3l\/","title":{"rendered":"Questa Alfa Romeo GTV tedesca sviluppata per il Gr5 produceva 400 CV... con un motore a 4 cilindri da 1,3L!"},"content":{"rendered":"<figure class=\"wp-block-image size-full\"><img loading=\"lazy\" decoding=\"async\" width=\"1200\" height=\"800\" src=\"https:\/\/www.italpassion.fr\/wp-content\/uploads\/2026\/01\/alfa-romeo-gtv-0.jpg\" alt=\"\" class=\"wp-image-45783\" srcset=\"https:\/\/www.italpassion.fr\/wp-content\/uploads\/2026\/01\/alfa-romeo-gtv-0.jpg 1200w, https:\/\/www.italpassion.fr\/wp-content\/uploads\/2026\/01\/alfa-romeo-gtv-0-420x280.jpg 420w, https:\/\/www.italpassion.fr\/wp-content\/uploads\/2026\/01\/alfa-romeo-gtv-0-768x512.jpg 768w, https:\/\/www.italpassion.fr\/wp-content\/uploads\/2026\/01\/alfa-romeo-gtv-0-18x12.jpg 18w\" sizes=\"auto, (max-width: 1200px) 100vw, 1200px\" \/><\/figure>\n\n\n\n<p>Per la stagione 1976, la FIA introdusse una nuova categoria di Gruppo 5, \"Special Production Cars\", che consentiva di apportare modifiche estese alle auto di serie omologate nei Gruppi FIA da 1 a 4. Il Deutsche Rennsport Meisterschaft (DRM), il predecessore del DTM, utilizz\u00f2 questo regolamento dal 1977 al 1981, fino a quando la categoria fu abolita alla fine del 1982 a favore del Gruppo B, ma le Gr.5 continuarono a gareggiare nell'IMSA GTX e in altri campionati nazionali di auto sportive ancora per qualche anno.<\/p>\n\n\n\n<p>Il regolamento limitava la larghezza standard della carrozzeria, ma consentiva di allargare i parafanghi. Solo il cofano, il tetto, le portiere e i pannelli laterali dovevano rimanere invariati. Tutto il resto era lasciato alla discrezione degli ingegneri. In breve, i costruttori avevano piena libert\u00e0 di giocare con l'aerodinamica, utilizzare materiali ultraleggeri o installare enormi turbocompressori. Un esempio eccellente \u00e8 la mostruosa Ford Capri Zakspeed, la cui versione biturbo da 1,7 litri, alimentata da un turbo KKK, poteva erogare 600 CV. Per un'auto che pesava meno di 800 kg, tale potenza le conferiva prestazioni eccezionali.<\/p>\n\n\n\n<h2 class=\"wp-block-heading\">Un progetto tedesco<\/h2>\n\n\n\n<p>Molti costruttori si cimentarono in questa impresa, con diversi gradi di supporto da parte della fabbrica: Lancia con la Stratos e poi la Beta Monte Carlo, BMW con la 320 Turbo, Porsche con la 935, Lotus con l'Esprit e persino Toyota con la Celica! E tutti, <a href=\"https:\/\/www.italpassion.fr\/it\/alfa-romeo\/\">Alfa Romeo<\/a> anche qualche apparizione! Una versione Grp.5 dell'Alfetta GTV fu sviluppata per il DRM e vi corse tra il 1979 e il 1981. Il progetto era frutto della collaborazione tra Isert Motorsport (che costru\u00ec la vettura), Sachs Racing (sospensioni) e Dr. Schrick, che contribu\u00ec alla progettazione del motore. L'Alfa Romeo Germania finanzi\u00f2 l'intero progetto, pur non essendo ufficialmente coinvolta.<\/p>\n\n\n\n<figure class=\"wp-block-image size-full\"><img loading=\"lazy\" decoding=\"async\" width=\"1200\" height=\"800\" src=\"https:\/\/www.italpassion.fr\/wp-content\/uploads\/2026\/01\/allfa-gtv-6.jpg\" alt=\"\" class=\"wp-image-45780\" srcset=\"https:\/\/www.italpassion.fr\/wp-content\/uploads\/2026\/01\/allfa-gtv-6.jpg 1200w, https:\/\/www.italpassion.fr\/wp-content\/uploads\/2026\/01\/allfa-gtv-6-420x280.jpg 420w, https:\/\/www.italpassion.fr\/wp-content\/uploads\/2026\/01\/allfa-gtv-6-768x512.jpg 768w, https:\/\/www.italpassion.fr\/wp-content\/uploads\/2026\/01\/allfa-gtv-6-18x12.jpg 18w\" sizes=\"auto, (max-width: 1200px) 100vw, 1200px\" \/><\/figure>\n\n\n\n<figure class=\"wp-block-image size-full\"><img loading=\"lazy\" decoding=\"async\" width=\"1200\" height=\"800\" src=\"https:\/\/www.italpassion.fr\/wp-content\/uploads\/2026\/01\/alfa-gtv-7.jpg\" alt=\"\" class=\"wp-image-45781\" srcset=\"https:\/\/www.italpassion.fr\/wp-content\/uploads\/2026\/01\/alfa-gtv-7.jpg 1200w, https:\/\/www.italpassion.fr\/wp-content\/uploads\/2026\/01\/alfa-gtv-7-420x280.jpg 420w, https:\/\/www.italpassion.fr\/wp-content\/uploads\/2026\/01\/alfa-gtv-7-768x512.jpg 768w, https:\/\/www.italpassion.fr\/wp-content\/uploads\/2026\/01\/alfa-gtv-7-18x12.jpg 18w\" sizes=\"auto, (max-width: 1200px) 100vw, 1200px\" \/><\/figure>\n\n\n\n<h2 class=\"wp-block-heading\">400 CV da un motore da 1,3 L!<\/h2>\n\n\n\n<p>Il motore \u00e8 a corsa corta da 67,5 mm, con alesaggio di 81 mm, basato su un albero motore GTA 1300 e una testata a 4 valvole.  Con la sua cilindrata, la vettura era idonea per la Divisione 2 del Gruppo 5. La prima versione di prova era dotata di trasmissione a catena, convertita in trasmissione a cinghia nel 1981. Questa vettura \u00e8 stata anche l'unica DRM a sperimentare l'iniezione elettronica, prima di essere infine dotata di iniezione meccanica Kugelfischer. In questa configurazione, l'Alfetta GTV sviluppava circa 400 CV, un valore certamente impressionante, ma ben lontano dai 600 CV raggiunti dalla Ford Capri Zakspeed e dalla Porsche 935!<\/p>\n\n\n\n<figure class=\"wp-block-image size-full\"><img loading=\"lazy\" decoding=\"async\" width=\"1200\" height=\"800\" src=\"https:\/\/www.italpassion.fr\/wp-content\/uploads\/2026\/01\/moteur.jpg\" alt=\"\" class=\"wp-image-45784\" srcset=\"https:\/\/www.italpassion.fr\/wp-content\/uploads\/2026\/01\/moteur.jpg 1200w, https:\/\/www.italpassion.fr\/wp-content\/uploads\/2026\/01\/moteur-420x280.jpg 420w, https:\/\/www.italpassion.fr\/wp-content\/uploads\/2026\/01\/moteur-768x512.jpg 768w, https:\/\/www.italpassion.fr\/wp-content\/uploads\/2026\/01\/moteur-18x12.jpg 18w\" sizes=\"auto, (max-width: 1200px) 100vw, 1200px\" \/><\/figure>\n\n\n\n<figure class=\"wp-block-image size-full\"><img loading=\"lazy\" decoding=\"async\" width=\"1200\" height=\"800\" src=\"https:\/\/www.italpassion.fr\/wp-content\/uploads\/2026\/01\/alffa-gtv-3.jpg\" alt=\"\" class=\"wp-image-45779\" srcset=\"https:\/\/www.italpassion.fr\/wp-content\/uploads\/2026\/01\/alffa-gtv-3.jpg 1200w, https:\/\/www.italpassion.fr\/wp-content\/uploads\/2026\/01\/alffa-gtv-3-420x280.jpg 420w, https:\/\/www.italpassion.fr\/wp-content\/uploads\/2026\/01\/alffa-gtv-3-768x512.jpg 768w, https:\/\/www.italpassion.fr\/wp-content\/uploads\/2026\/01\/alffa-gtv-3-18x12.jpg 18w\" sizes=\"auto, (max-width: 1200px) 100vw, 1200px\" \/><\/figure>\n\n\n\n<figure class=\"wp-block-image size-full\"><img loading=\"lazy\" decoding=\"async\" width=\"1200\" height=\"800\" src=\"https:\/\/www.italpassion.fr\/wp-content\/uploads\/2026\/01\/alfa-gtv-5.jpg\" alt=\"\" class=\"wp-image-45782\" srcset=\"https:\/\/www.italpassion.fr\/wp-content\/uploads\/2026\/01\/alfa-gtv-5.jpg 1200w, https:\/\/www.italpassion.fr\/wp-content\/uploads\/2026\/01\/alfa-gtv-5-420x280.jpg 420w, https:\/\/www.italpassion.fr\/wp-content\/uploads\/2026\/01\/alfa-gtv-5-768x512.jpg 768w, https:\/\/www.italpassion.fr\/wp-content\/uploads\/2026\/01\/alfa-gtv-5-18x12.jpg 18w\" sizes=\"auto, (max-width: 1200px) 100vw, 1200px\" \/><\/figure>\n\n\n\n<p>Aveva una sospensione posteriore a 4 bracci (come le Ford Escort e Capri dell'epoca) con barra antibloccaggio. Questa GTV Gr5 \u00e8 un vero e proprio patchwork Alfa, con freni posteriori da Rallye Alfetta Gr.4 e pinze prese dalla Tipo 33.<\/p>\n\n\n\n<h2 class=\"wp-block-heading\">Un look strano, ancor pi\u00f9 nel 1981!<\/h2>\n\n\n\n<p>Tutti i pannelli esterni della carrozzeria sono in plastica, a eccezione del tetto. Oltre alla carreggiata allargata, il frontale \u00e8 caratterizzato da un enorme spoiler, che ricorda molto da vicino quello della Quattro S2 di Gruppo B uscita qualche anno dopo. Questo spoiler sgraziato e massiccio valse alla GTV il soprannome di \"pala da neve\".<\/p>\n\n\n\n<figure class=\"wp-block-image size-full\"><img loading=\"lazy\" decoding=\"async\" width=\"1200\" height=\"800\" src=\"https:\/\/www.italpassion.fr\/wp-content\/uploads\/2026\/01\/alfa-gtv-2.jpg\" alt=\"\" class=\"wp-image-45777\" srcset=\"https:\/\/www.italpassion.fr\/wp-content\/uploads\/2026\/01\/alfa-gtv-2.jpg 1200w, https:\/\/www.italpassion.fr\/wp-content\/uploads\/2026\/01\/alfa-gtv-2-420x280.jpg 420w, https:\/\/www.italpassion.fr\/wp-content\/uploads\/2026\/01\/alfa-gtv-2-768x512.jpg 768w, https:\/\/www.italpassion.fr\/wp-content\/uploads\/2026\/01\/alfa-gtv-2-18x12.jpg 18w\" sizes=\"auto, (max-width: 1200px) 100vw, 1200px\" \/><\/figure>\n\n\n\n<figure class=\"wp-block-image size-full\"><img loading=\"lazy\" decoding=\"async\" width=\"1200\" height=\"800\" src=\"https:\/\/www.italpassion.fr\/wp-content\/uploads\/2026\/01\/alfa-gtv-1.jpg\" alt=\"\" class=\"wp-image-45778\" srcset=\"https:\/\/www.italpassion.fr\/wp-content\/uploads\/2026\/01\/alfa-gtv-1.jpg 1200w, https:\/\/www.italpassion.fr\/wp-content\/uploads\/2026\/01\/alfa-gtv-1-420x280.jpg 420w, https:\/\/www.italpassion.fr\/wp-content\/uploads\/2026\/01\/alfa-gtv-1-768x512.jpg 768w, https:\/\/www.italpassion.fr\/wp-content\/uploads\/2026\/01\/alfa-gtv-1-18x12.jpg 18w\" sizes=\"auto, (max-width: 1200px) 100vw, 1200px\" \/><\/figure>\n\n\n\n<p>In seguito, il design sub\u00ec una strana evoluzione: la GTV ricevette un nuovo frontale con l'aspetto di una Porsche 935. Allo stesso tempo, la livrea bianca (che, secondo alcune foto, era anche prevalentemente gialla) pass\u00f2 al rosso! Prodotto nel 1981, questo kit aveva un muso sporgente e fari piuttosto simili a quelli della bomba tedesca. Il risultato era molto discutibile, oltre a toglierle la sua caratteristica identit\u00e0! Solo un piccolo scudetto ci ricordava che si trattava di un'Alfa Romeo in questa bizzarra veste.<br>\u00a0<br>Non avendo ottenuto risultati significativi (n\u00e9 concluso una sola gara, a causa di una meccanica indebolita dai 400 CV e dal turbo), la vettura fu ritirata all'inizio del 1982, dopo la scomparsa della DRM. Rimase fuori servizio per molto tempo, nelle sue condizioni originali, prima di essere restaurata negli ultimi anni dopo diversi passaggi di propriet\u00e0. L'ultima volta che l'ho sentita, era in Portogallo!\u00a0<\/p>","protected":false},"excerpt":{"rendered":"","protected":false},"author":8,"featured_media":45783,"comment_status":"open","ping_status":"open","sticky":false,"template":"","format":"standard","meta":{"_acf_changed":false,"_sitemap_exclude":false,"_sitemap_priority":"","_sitemap_frequency":"","footnotes":""},"categories":[22],"tags":[516],"class_list":["post-45776","post","type-post","status-publish","format-standard","has-post-thumbnail","hentry","category-alfa-romeo","tag-alfa-romeo-alfetta-gtv","generate-columns","tablet-grid-50","mobile-grid-100","grid-parent","grid-33"],"acf":[],"yoast_head":"<!-- This site is optimized with the Yoast SEO plugin v25.8 - https:\/\/yoast.com\/wordpress\/plugins\/seo\/ -->\n<title>Cette Alfa Romeo Alfetta GTV allemande d\u00e9velopp\u00e9e pour le Gr5 atteignait 400 ch... avec un moteur 4 cylindres 1.3L ! - ItalPassion<\/title>\n<meta name=\"description\" content=\"Pour la saison 1976, la FIA a introduit une nouvelle cat\u00e9gorie du Groupe 5, les \u00ab Voitures de Production Sp\u00e9ciales \u00bb, autorisant d&#039;importantes\" \/>\n<meta name=\"robots\" content=\"index, follow, max-snippet:-1, max-image-preview:large, max-video-preview:-1\" \/>\n<link rel=\"canonical\" href=\"https:\/\/www.italpassion.fr\/it\/alfa-romeo\/questa-alfa-romeo-alfetta-gtv-tedesca-sviluppata-per-la-gr5-erogava-400-cv-da-un-motore-a-4-cilindri-da-1-3l\/\" \/>\n<meta property=\"og:locale\" content=\"it_IT\" \/>\n<meta property=\"og:type\" content=\"article\" \/>\n<meta property=\"og:title\" content=\"Cette Alfa Romeo Alfetta GTV allemande d\u00e9velopp\u00e9e pour le Gr5 atteignait 400 ch... avec un moteur 4 cylindres 1.3L ! - ItalPassion\" \/>\n<meta property=\"og:description\" content=\"Pour la saison 1976, la FIA a introduit une nouvelle cat\u00e9gorie du Groupe 5, les \u00ab Voitures de Production Sp\u00e9ciales \u00bb, autorisant d&#039;importantes\" \/>\n<meta property=\"og:url\" content=\"https:\/\/www.italpassion.fr\/it\/alfa-romeo\/questa-alfa-romeo-alfetta-gtv-tedesca-sviluppata-per-la-gr5-erogava-400-cv-da-un-motore-a-4-cilindri-da-1-3l\/\" \/>\n<meta property=\"og:site_name\" content=\"ItalPassion\" \/>\n<meta property=\"article:publisher\" content=\"https:\/\/www.facebook.com\/italpassion\" \/>\n<meta property=\"article:published_time\" content=\"2026-01-27T08:24:51+00:00\" \/>\n<meta property=\"og:image\" content=\"https:\/\/www.italpassion.fr\/wp-content\/uploads\/2026\/01\/alfa-romeo-gtv-0.jpg\" \/>\n\t<meta property=\"og:image:width\" content=\"1200\" \/>\n\t<meta property=\"og:image:height\" content=\"800\" \/>\n\t<meta property=\"og:image:type\" content=\"image\/jpeg\" \/>\n<meta name=\"author\" content=\"Nicolas Anderbegani\" \/>\n<meta name=\"twitter:card\" content=\"summary_large_image\" \/>\n<meta name=\"twitter:creator\" content=\"@italpassion\" \/>\n<meta name=\"twitter:site\" content=\"@italpassion\" \/>\n<script type=\"application\/ld+json\" class=\"yoast-schema-graph\">{\"@context\":\"https:\/\/schema.org\",\"@graph\":[{\"@type\":\"NewsArticle\",\"@id\":\"https:\/\/www.italpassion.fr\/it\/alfa-romeo\/cette-alfa-romeo-alfetta-gtv-allemande-developpee-pour-le-gr5-atteignait-400-ch-avec-un-moteur-4-cylindres-1-3l\/#article\",\"isPartOf\":{\"@id\":\"https:\/\/www.italpassion.fr\/it\/alfa-romeo\/cette-alfa-romeo-alfetta-gtv-allemande-developpee-pour-le-gr5-atteignait-400-ch-avec-un-moteur-4-cylindres-1-3l\/\"},\"author\":{\"name\":\"Nicolas Anderbegani\",\"@id\":\"https:\/\/www.italpassion.fr\/it\/#\/schema\/person\/efd63d72fc8007741c5836a896805b04\"},\"headline\":\"Cette Alfa Romeo Alfetta GTV allemande d\u00e9velopp\u00e9e pour le Gr5 atteignait 400 ch&#8230; avec un moteur 4 cylindres 1.3L !\",\"datePublished\":\"2026-01-27T08:24:51+00:00\",\"mainEntityOfPage\":{\"@id\":\"https:\/\/www.italpassion.fr\/it\/alfa-romeo\/cette-alfa-romeo-alfetta-gtv-allemande-developpee-pour-le-gr5-atteignait-400-ch-avec-un-moteur-4-cylindres-1-3l\/\"},\"wordCount\":750,\"commentCount\":0,\"publisher\":{\"@id\":\"https:\/\/www.italpassion.fr\/it\/#organization\"},\"image\":{\"@id\":\"https:\/\/www.italpassion.fr\/it\/alfa-romeo\/cette-alfa-romeo-alfetta-gtv-allemande-developpee-pour-le-gr5-atteignait-400-ch-avec-un-moteur-4-cylindres-1-3l\/#primaryimage\"},\"thumbnailUrl\":\"https:\/\/www.italpassion.fr\/wp-content\/uploads\/2026\/01\/alfa-romeo-gtv-0.jpg\",\"keywords\":[\"Alfa Romeo Alfetta GTV\"],\"articleSection\":[\"Alfa Romeo\"],\"inLanguage\":\"it-IT\",\"potentialAction\":[{\"@type\":\"CommentAction\",\"name\":\"Comment\",\"target\":[\"https:\/\/www.italpassion.fr\/it\/alfa-romeo\/cette-alfa-romeo-alfetta-gtv-allemande-developpee-pour-le-gr5-atteignait-400-ch-avec-un-moteur-4-cylindres-1-3l\/#respond\"]}]},{\"@type\":\"WebPage\",\"@id\":\"https:\/\/www.italpassion.fr\/it\/alfa-romeo\/cette-alfa-romeo-alfetta-gtv-allemande-developpee-pour-le-gr5-atteignait-400-ch-avec-un-moteur-4-cylindres-1-3l\/\",\"url\":\"https:\/\/www.italpassion.fr\/it\/alfa-romeo\/cette-alfa-romeo-alfetta-gtv-allemande-developpee-pour-le-gr5-atteignait-400-ch-avec-un-moteur-4-cylindres-1-3l\/\",\"name\":\"Cette Alfa Romeo Alfetta GTV allemande d\u00e9velopp\u00e9e pour le Gr5 atteignait 400 ch... avec un moteur 4 cylindres 1.3L ! - ItalPassion\",\"isPartOf\":{\"@id\":\"https:\/\/www.italpassion.fr\/it\/#website\"},\"primaryImageOfPage\":{\"@id\":\"https:\/\/www.italpassion.fr\/it\/alfa-romeo\/cette-alfa-romeo-alfetta-gtv-allemande-developpee-pour-le-gr5-atteignait-400-ch-avec-un-moteur-4-cylindres-1-3l\/#primaryimage\"},\"image\":{\"@id\":\"https:\/\/www.italpassion.fr\/it\/alfa-romeo\/cette-alfa-romeo-alfetta-gtv-allemande-developpee-pour-le-gr5-atteignait-400-ch-avec-un-moteur-4-cylindres-1-3l\/#primaryimage\"},\"thumbnailUrl\":\"https:\/\/www.italpassion.fr\/wp-content\/uploads\/2026\/01\/alfa-romeo-gtv-0.jpg\",\"datePublished\":\"2026-01-27T08:24:51+00:00\",\"description\":\"Pour la saison 1976, la FIA a introduit une nouvelle cat\u00e9gorie du Groupe 5, les \u00ab Voitures de Production Sp\u00e9ciales \u00bb, autorisant d'importantes\",\"breadcrumb\":{\"@id\":\"https:\/\/www.italpassion.fr\/it\/alfa-romeo\/cette-alfa-romeo-alfetta-gtv-allemande-developpee-pour-le-gr5-atteignait-400-ch-avec-un-moteur-4-cylindres-1-3l\/#breadcrumb\"},\"inLanguage\":\"it-IT\",\"potentialAction\":[{\"@type\":\"ReadAction\",\"target\":[\"https:\/\/www.italpassion.fr\/it\/alfa-romeo\/cette-alfa-romeo-alfetta-gtv-allemande-developpee-pour-le-gr5-atteignait-400-ch-avec-un-moteur-4-cylindres-1-3l\/\"]}]},{\"@type\":\"ImageObject\",\"inLanguage\":\"it-IT\",\"@id\":\"https:\/\/www.italpassion.fr\/it\/alfa-romeo\/cette-alfa-romeo-alfetta-gtv-allemande-developpee-pour-le-gr5-atteignait-400-ch-avec-un-moteur-4-cylindres-1-3l\/#primaryimage\",\"url\":\"https:\/\/www.italpassion.fr\/wp-content\/uploads\/2026\/01\/alfa-romeo-gtv-0.jpg\",\"contentUrl\":\"https:\/\/www.italpassion.fr\/wp-content\/uploads\/2026\/01\/alfa-romeo-gtv-0.jpg\",\"width\":1200,\"height\":800},{\"@type\":\"BreadcrumbList\",\"@id\":\"https:\/\/www.italpassion.fr\/it\/alfa-romeo\/cette-alfa-romeo-alfetta-gtv-allemande-developpee-pour-le-gr5-atteignait-400-ch-avec-un-moteur-4-cylindres-1-3l\/#breadcrumb\",\"itemListElement\":[{\"@type\":\"ListItem\",\"position\":1,\"name\":\"Accueil\",\"item\":\"https:\/\/www.italpassion.fr\/it\/\"},{\"@type\":\"ListItem\",\"position\":2,\"name\":\"Cette Alfa Romeo Alfetta GTV allemande d\u00e9velopp\u00e9e pour le Gr5 atteignait 400 ch&#8230; avec un moteur 4 cylindres 1.3L !\"}]},{\"@type\":\"WebSite\",\"@id\":\"https:\/\/www.italpassion.fr\/it\/#website\",\"url\":\"https:\/\/www.italpassion.fr\/it\/\",\"name\":\"ItalPassion\",\"description\":\"Les Passionn\u00e9s d&#039;Automobiles Italiennes\",\"publisher\":{\"@id\":\"https:\/\/www.italpassion.fr\/it\/#organization\"},\"potentialAction\":[{\"@type\":\"SearchAction\",\"target\":{\"@type\":\"EntryPoint\",\"urlTemplate\":\"https:\/\/www.italpassion.fr\/it\/?s={search_term_string}\"},\"query-input\":{\"@type\":\"PropertyValueSpecification\",\"valueRequired\":true,\"valueName\":\"search_term_string\"}}],\"inLanguage\":\"it-IT\"},{\"@type\":\"Organization\",\"@id\":\"https:\/\/www.italpassion.fr\/it\/#organization\",\"name\":\"Italpassion\",\"url\":\"https:\/\/www.italpassion.fr\/it\/\",\"logo\":{\"@type\":\"ImageObject\",\"inLanguage\":\"it-IT\",\"@id\":\"https:\/\/www.italpassion.fr\/it\/#\/schema\/logo\/image\/\",\"url\":\"https:\/\/www.italpassion.fr\/wp-content\/uploads\/2023\/07\/italpassion-yoast.jpg\",\"contentUrl\":\"https:\/\/www.italpassion.fr\/wp-content\/uploads\/2023\/07\/italpassion-yoast.jpg\",\"width\":696,\"height\":696,\"caption\":\"Italpassion\"},\"image\":{\"@id\":\"https:\/\/www.italpassion.fr\/it\/#\/schema\/logo\/image\/\"},\"sameAs\":[\"https:\/\/www.facebook.com\/italpassion\",\"https:\/\/x.com\/italpassion\",\"https:\/\/www.instagram.com\/italpassionfr\/\",\"https:\/\/www.youtube.com\/channel\/UCleq-ByQaA42OjhopwevRjQ\",\"https:\/\/www.facebook.com\/italpassion.en\/\",\"https:\/\/www.facebook.com\/italpassion.it\/\",\"https:\/\/www.facebook.com\/italpassion.de\/\",\"https:\/\/www.facebook.com\/italpassion.ja\/\"]},{\"@type\":\"Person\",\"@id\":\"https:\/\/www.italpassion.fr\/it\/#\/schema\/person\/efd63d72fc8007741c5836a896805b04\",\"name\":\"Nicolas Anderbegani\",\"image\":{\"@type\":\"ImageObject\",\"inLanguage\":\"it-IT\",\"@id\":\"https:\/\/www.italpassion.fr\/it\/#\/schema\/person\/image\/\",\"url\":\"https:\/\/www.italpassion.fr\/wp-content\/uploads\/2025\/05\/nicolas-anderbegani-160x160.jpg\",\"contentUrl\":\"https:\/\/www.italpassion.fr\/wp-content\/uploads\/2025\/05\/nicolas-anderbegani-160x160.jpg\",\"caption\":\"Nicolas Anderbegani\"},\"description\":\"Nicolas est passionn\u00e9 d\u2019histoire et de sport automobile. Il roule en Alfa Romeo Giulietta et vous partagera avec vous sa passion de l\u2019automobile italienne.\",\"url\":\"https:\/\/www.italpassion.fr\/it\/author\/nicolas\/\"}]}<\/script>\n<!-- \/ Yoast SEO plugin. -->","yoast_head_json":{"title":"Questa Alfa Romeo GTV tedesca sviluppata per il Gr5 raggiunge i 400 CV... con un motore a 4 cilindri da 1.3L! - ItalPassion","description":"Per la stagione 1976, la FIA introdusse una nuova categoria del Gruppo 5, la \"Special Production Cars\", che autorizzava un numero significativo di vetture di serie.","robots":{"index":"index","follow":"follow","max-snippet":"max-snippet:-1","max-image-preview":"max-image-preview:large","max-video-preview":"max-video-preview:-1"},"canonical":"https:\/\/www.italpassion.fr\/it\/alfa-romeo\/questa-alfa-romeo-alfetta-gtv-tedesca-sviluppata-per-la-gr5-erogava-400-cv-da-un-motore-a-4-cilindri-da-1-3l\/","og_locale":"it_IT","og_type":"article","og_title":"Cette Alfa Romeo Alfetta GTV allemande d\u00e9velopp\u00e9e pour le Gr5 atteignait 400 ch... avec un moteur 4 cylindres 1.3L ! - ItalPassion","og_description":"Pour la saison 1976, la FIA a introduit une nouvelle cat\u00e9gorie du Groupe 5, les \u00ab Voitures de Production Sp\u00e9ciales \u00bb, autorisant d'importantes","og_url":"https:\/\/www.italpassion.fr\/it\/alfa-romeo\/questa-alfa-romeo-alfetta-gtv-tedesca-sviluppata-per-la-gr5-erogava-400-cv-da-un-motore-a-4-cilindri-da-1-3l\/","og_site_name":"ItalPassion","article_publisher":"https:\/\/www.facebook.com\/italpassion","article_published_time":"2026-01-27T08:24:51+00:00","og_image":[{"width":1200,"height":800,"url":"https:\/\/www.italpassion.fr\/wp-content\/uploads\/2026\/01\/alfa-romeo-gtv-0.jpg","type":"image\/jpeg"}],"author":"Nicolas Anderbegani","twitter_card":"summary_large_image","twitter_creator":"@italpassion","twitter_site":"@italpassion","schema":{"@context":"https:\/\/schema.org","@graph":[{"@type":"NewsArticle","@id":"https:\/\/www.italpassion.fr\/it\/alfa-romeo\/cette-alfa-romeo-alfetta-gtv-allemande-developpee-pour-le-gr5-atteignait-400-ch-avec-un-moteur-4-cylindres-1-3l\/#article","isPartOf":{"@id":"https:\/\/www.italpassion.fr\/it\/alfa-romeo\/cette-alfa-romeo-alfetta-gtv-allemande-developpee-pour-le-gr5-atteignait-400-ch-avec-un-moteur-4-cylindres-1-3l\/"},"author":{"name":"Nicolas Anderbegani","@id":"https:\/\/www.italpassion.fr\/it\/#\/schema\/person\/efd63d72fc8007741c5836a896805b04"},"headline":"Cette Alfa Romeo Alfetta GTV allemande d\u00e9velopp\u00e9e pour le Gr5 atteignait 400 ch&#8230; avec un moteur 4 cylindres 1.3L !","datePublished":"2026-01-27T08:24:51+00:00","mainEntityOfPage":{"@id":"https:\/\/www.italpassion.fr\/it\/alfa-romeo\/cette-alfa-romeo-alfetta-gtv-allemande-developpee-pour-le-gr5-atteignait-400-ch-avec-un-moteur-4-cylindres-1-3l\/"},"wordCount":750,"commentCount":0,"publisher":{"@id":"https:\/\/www.italpassion.fr\/it\/#organization"},"image":{"@id":"https:\/\/www.italpassion.fr\/it\/alfa-romeo\/cette-alfa-romeo-alfetta-gtv-allemande-developpee-pour-le-gr5-atteignait-400-ch-avec-un-moteur-4-cylindres-1-3l\/#primaryimage"},"thumbnailUrl":"https:\/\/www.italpassion.fr\/wp-content\/uploads\/2026\/01\/alfa-romeo-gtv-0.jpg","keywords":["Alfa Romeo Alfetta GTV"],"articleSection":["Alfa Romeo"],"inLanguage":"it-IT","potentialAction":[{"@type":"CommentAction","name":"Comment","target":["https:\/\/www.italpassion.fr\/it\/alfa-romeo\/cette-alfa-romeo-alfetta-gtv-allemande-developpee-pour-le-gr5-atteignait-400-ch-avec-un-moteur-4-cylindres-1-3l\/#respond"]}]},{"@type":"WebPage","@id":"https:\/\/www.italpassion.fr\/it\/alfa-romeo\/cette-alfa-romeo-alfetta-gtv-allemande-developpee-pour-le-gr5-atteignait-400-ch-avec-un-moteur-4-cylindres-1-3l\/","url":"https:\/\/www.italpassion.fr\/it\/alfa-romeo\/cette-alfa-romeo-alfetta-gtv-allemande-developpee-pour-le-gr5-atteignait-400-ch-avec-un-moteur-4-cylindres-1-3l\/","name":"Questa Alfa Romeo GTV tedesca sviluppata per il Gr5 raggiunge i 400 CV... con un motore a 4 cilindri da 1.3L! - ItalPassion","isPartOf":{"@id":"https:\/\/www.italpassion.fr\/it\/#website"},"primaryImageOfPage":{"@id":"https:\/\/www.italpassion.fr\/it\/alfa-romeo\/cette-alfa-romeo-alfetta-gtv-allemande-developpee-pour-le-gr5-atteignait-400-ch-avec-un-moteur-4-cylindres-1-3l\/#primaryimage"},"image":{"@id":"https:\/\/www.italpassion.fr\/it\/alfa-romeo\/cette-alfa-romeo-alfetta-gtv-allemande-developpee-pour-le-gr5-atteignait-400-ch-avec-un-moteur-4-cylindres-1-3l\/#primaryimage"},"thumbnailUrl":"https:\/\/www.italpassion.fr\/wp-content\/uploads\/2026\/01\/alfa-romeo-gtv-0.jpg","datePublished":"2026-01-27T08:24:51+00:00","description":"Per la stagione 1976, la FIA introdusse una nuova categoria del Gruppo 5, la \"Special Production Cars\", che autorizzava un numero significativo di vetture di serie.","breadcrumb":{"@id":"https:\/\/www.italpassion.fr\/it\/alfa-romeo\/cette-alfa-romeo-alfetta-gtv-allemande-developpee-pour-le-gr5-atteignait-400-ch-avec-un-moteur-4-cylindres-1-3l\/#breadcrumb"},"inLanguage":"it-IT","potentialAction":[{"@type":"ReadAction","target":["https:\/\/www.italpassion.fr\/it\/alfa-romeo\/cette-alfa-romeo-alfetta-gtv-allemande-developpee-pour-le-gr5-atteignait-400-ch-avec-un-moteur-4-cylindres-1-3l\/"]}]},{"@type":"ImageObject","inLanguage":"it-IT","@id":"https:\/\/www.italpassion.fr\/it\/alfa-romeo\/cette-alfa-romeo-alfetta-gtv-allemande-developpee-pour-le-gr5-atteignait-400-ch-avec-un-moteur-4-cylindres-1-3l\/#primaryimage","url":"https:\/\/www.italpassion.fr\/wp-content\/uploads\/2026\/01\/alfa-romeo-gtv-0.jpg","contentUrl":"https:\/\/www.italpassion.fr\/wp-content\/uploads\/2026\/01\/alfa-romeo-gtv-0.jpg","width":1200,"height":800},{"@type":"BreadcrumbList","@id":"https:\/\/www.italpassion.fr\/it\/alfa-romeo\/cette-alfa-romeo-alfetta-gtv-allemande-developpee-pour-le-gr5-atteignait-400-ch-avec-un-moteur-4-cylindres-1-3l\/#breadcrumb","itemListElement":[{"@type":"ListItem","position":1,"name":"Accueil","item":"https:\/\/www.italpassion.fr\/it\/"},{"@type":"ListItem","position":2,"name":"Cette Alfa Romeo Alfetta GTV allemande d\u00e9velopp\u00e9e pour le Gr5 atteignait 400 ch&#8230; avec un moteur 4 cylindres 1.3L !"}]},{"@type":"WebSite","@id":"https:\/\/www.italpassion.fr\/it\/#website","url":"https:\/\/www.italpassion.fr\/it\/","name":"ItalPassion","description":"Appassionati di auto italiane","publisher":{"@id":"https:\/\/www.italpassion.fr\/it\/#organization"},"potentialAction":[{"@type":"SearchAction","target":{"@type":"EntryPoint","urlTemplate":"https:\/\/www.italpassion.fr\/it\/?s={search_term_string}"},"query-input":{"@type":"PropertyValueSpecification","valueRequired":true,"valueName":"search_term_string"}}],"inLanguage":"it-IT"},{"@type":"Organization","@id":"https:\/\/www.italpassion.fr\/it\/#organization","name":"Italpassion","url":"https:\/\/www.italpassion.fr\/it\/","logo":{"@type":"ImageObject","inLanguage":"it-IT","@id":"https:\/\/www.italpassion.fr\/it\/#\/schema\/logo\/image\/","url":"https:\/\/www.italpassion.fr\/wp-content\/uploads\/2023\/07\/italpassion-yoast.jpg","contentUrl":"https:\/\/www.italpassion.fr\/wp-content\/uploads\/2023\/07\/italpassion-yoast.jpg","width":696,"height":696,"caption":"Italpassion"},"image":{"@id":"https:\/\/www.italpassion.fr\/it\/#\/schema\/logo\/image\/"},"sameAs":["https:\/\/www.facebook.com\/italpassion","https:\/\/x.com\/italpassion","https:\/\/www.instagram.com\/italpassionfr\/","https:\/\/www.youtube.com\/channel\/UCleq-ByQaA42OjhopwevRjQ","https:\/\/www.facebook.com\/italpassion.en\/","https:\/\/www.facebook.com\/italpassion.it\/","https:\/\/www.facebook.com\/italpassion.de\/","https:\/\/www.facebook.com\/italpassion.ja\/"]},{"@type":"Person","@id":"https:\/\/www.italpassion.fr\/it\/#\/schema\/person\/efd63d72fc8007741c5836a896805b04","name":"Nicolas Anderbegani","image":{"@type":"ImageObject","inLanguage":"it-IT","@id":"https:\/\/www.italpassion.fr\/it\/#\/schema\/person\/image\/","url":"https:\/\/www.italpassion.fr\/wp-content\/uploads\/2025\/05\/nicolas-anderbegani-160x160.jpg","contentUrl":"https:\/\/www.italpassion.fr\/wp-content\/uploads\/2025\/05\/nicolas-anderbegani-160x160.jpg","caption":"Nicolas Anderbegani"},"description":"Nicolas \u00e8 appassionato di storia e di sport motoristici. Guida un'Alfa Romeo Giulietta e sar\u00e0 lieto di condividere con voi la sua passione per le auto italiane.","url":"https:\/\/www.italpassion.fr\/it\/author\/nicolas\/"}]}},"_links":{"self":[{"href":"https:\/\/www.italpassion.fr\/it\/wp-json\/wp\/v2\/posts\/45776","targetHints":{"allow":["GET"]}}],"collection":[{"href":"https:\/\/www.italpassion.fr\/it\/wp-json\/wp\/v2\/posts"}],"about":[{"href":"https:\/\/www.italpassion.fr\/it\/wp-json\/wp\/v2\/types\/post"}],"author":[{"embeddable":true,"href":"https:\/\/www.italpassion.fr\/it\/wp-json\/wp\/v2\/users\/8"}],"replies":[{"embeddable":true,"href":"https:\/\/www.italpassion.fr\/it\/wp-json\/wp\/v2\/comments?post=45776"}],"version-history":[{"count":1,"href":"https:\/\/www.italpassion.fr\/it\/wp-json\/wp\/v2\/posts\/45776\/revisions"}],"predecessor-version":[{"id":45785,"href":"https:\/\/www.italpassion.fr\/it\/wp-json\/wp\/v2\/posts\/45776\/revisions\/45785"}],"wp:featuredmedia":[{"embeddable":true,"href":"https:\/\/www.italpassion.fr\/it\/wp-json\/wp\/v2\/media\/45783"}],"wp:attachment":[{"href":"https:\/\/www.italpassion.fr\/it\/wp-json\/wp\/v2\/media?parent=45776"}],"wp:term":[{"taxonomy":"category","embeddable":true,"href":"https:\/\/www.italpassion.fr\/it\/wp-json\/wp\/v2\/categories?post=45776"},{"taxonomy":"post_tag","embeddable":true,"href":"https:\/\/www.italpassion.fr\/it\/wp-json\/wp\/v2\/tags?post=45776"}],"curies":[{"name":"wp","href":"https:\/\/api.w.org\/{rel}","templated":true}]}}