{"id":45748,"date":"2026-01-26T12:25:14","date_gmt":"2026-01-26T11:25:14","guid":{"rendered":"https:\/\/www.italpassion.fr\/?p=45748"},"modified":"2026-01-26T12:25:14","modified_gmt":"2026-01-26T11:25:14","slug":"perche-ferrari-e-porsche-hanno-lo-stesso-cavallino-rampante-sul-loro-logo","status":"publish","type":"post","link":"https:\/\/www.italpassion.fr\/it\/ferrari\/pourquoi-ferrari-et-porsche-ont-le-meme-cheval-cabre-sur-le-logo\/","title":{"rendered":"Perch\u00e9 Ferrari e Porsche hanno un cavallino rampante nel loro logo?"},"content":{"rendered":"<figure class=\"wp-block-image size-full\"><img loading=\"lazy\" decoding=\"async\" width=\"1200\" height=\"800\" src=\"https:\/\/www.italpassion.fr\/wp-content\/uploads\/2026\/01\/logo-ferrari-porsche.jpg\" alt=\"\" class=\"wp-image-45749\" srcset=\"https:\/\/www.italpassion.fr\/wp-content\/uploads\/2026\/01\/logo-ferrari-porsche.jpg 1200w, https:\/\/www.italpassion.fr\/wp-content\/uploads\/2026\/01\/logo-ferrari-porsche-420x280.jpg 420w, https:\/\/www.italpassion.fr\/wp-content\/uploads\/2026\/01\/logo-ferrari-porsche-768x512.jpg 768w, https:\/\/www.italpassion.fr\/wp-content\/uploads\/2026\/01\/logo-ferrari-porsche-18x12.jpg 18w\" sizes=\"auto, (max-width: 1200px) 100vw, 1200px\" \/><\/figure>\n\n\n\n<p>A prima vista, la somiglianza \u00e8 sorprendente. Due dei marchi automobilistici pi\u00f9 prestigiosi al mondo, <a href=\"https:\/\/www.italpassion.fr\/it\/ferrari\/\">Ferrari<\/a> e Porsche, entrambi presentano un cavallo rampante nel loro logo. Coincidenza grafica, omaggio discreto o prestito deliberato? La realt\u00e0 \u00e8 pi\u00f9 sottile e soprattutto molto pi\u00f9 antica della storia dell'automobile moderna. Contrariamente a quanto si potrebbe pensare, questa somiglianza non \u00e8 il frutto di una strategia di marketing n\u00e9 di una fertilizzazione incrociata tra due produttori rivali. Le sue radici affondano in due traiettorie storiche distinte, plasmate dalla cultura europea del primo Novecento, in cui il cavallo occupa un posto simbolico centrale.<\/p>\n\n\n\n<h2 class=\"wp-block-heading\">Il cavallo Porsche, eredit\u00e0 diretta di Stoccarda<\/h2>\n\n\n\n<p>Per capire il cavallo Porsche, dobbiamo innanzitutto tornare alla citt\u00e0 in cui \u00e8 nato il marchio: Stoccarda. Molto prima della comparsa della prima Porsche, la citt\u00e0 utilizzava gi\u00e0 un cavallo rampante come simbolo ufficiale. Il nome stesso di Stoccarda deriva da Stuotgarten, che letteralmente significa \"scuderia\", a ricordare l'importanza dell'allevamento di cavalli nella regione fin dal Medioevo. Quando Porsche svel\u00f2 il suo emblema all'inizio degli anni Cinquanta, la scelta del cavallo non fu una decisione estetica arbitraria. Era un omaggio alle sue radici geografiche. Il cavallo \u00e8 posto al centro di un complesso stemma che incorpora il nome di Stoccarda, quello di Porsche e i colori e i motivi dell'ex Stato Libero del W\u00fcrttemberg. Dalla Porsche 356 in poi, questo stemma \u00e8 diventato parte integrante dell'identit\u00e0 del marchio. Nel corso dei decenni, il logo si \u00e8 evoluto nel design e nelle finiture, ma il cavallo \u00e8 rimasto invariato nel cuore dell'emblema.<\/p>\n\n\n\n<figure class=\"wp-block-image size-full\"><img loading=\"lazy\" decoding=\"async\" width=\"1200\" height=\"800\" src=\"https:\/\/www.italpassion.fr\/wp-content\/uploads\/2026\/01\/logo-porsche.jpg\" alt=\"\" class=\"wp-image-45750\" srcset=\"https:\/\/www.italpassion.fr\/wp-content\/uploads\/2026\/01\/logo-porsche.jpg 1200w, https:\/\/www.italpassion.fr\/wp-content\/uploads\/2026\/01\/logo-porsche-420x280.jpg 420w, https:\/\/www.italpassion.fr\/wp-content\/uploads\/2026\/01\/logo-porsche-768x512.jpg 768w, https:\/\/www.italpassion.fr\/wp-content\/uploads\/2026\/01\/logo-porsche-18x12.jpg 18w\" sizes=\"auto, (max-width: 1200px) 100vw, 1200px\" \/><\/figure>\n\n\n\n<h2 class=\"wp-block-heading\">Il cavallo Ferrari, simbolo militare prima ancora che automobilistico<\/h2>\n\n\n\n<p>In Ferrari, l'origine del cavallo \u00e8 radicalmente diversa e profondamente personale. Il famoso Cavallino Rampante non deriva da una citt\u00e0 o da un territorio, ma da un uomo: Francesco Baracca, un eroe dell'aviazione italiana durante la Prima Guerra Mondiale. Prima ancora di diventare pilota di caccia, Baracca era un ufficiale di cavalleria del prestigioso 2\u00b0 Reggimento Piemonte Reale Cavalleria, un'unit\u00e0 d'\u00e9lite dell'esercito italiano il cui emblema araldico era gi\u00e0 un cavallo rampante. Quando, a partire dal 1917, adott\u00f2 un emblema distintivo per i suoi aerei, Baracca non cre\u00f2 un nuovo simbolo: utilizz\u00f2 quello del suo reggimento, semplificandolo e dipingendolo di nero per farlo risaltare meglio sulla fusoliera del suo aereo.<\/p>\n\n\n\n<figure class=\"wp-block-image size-full\"><img loading=\"lazy\" decoding=\"async\" width=\"1200\" height=\"800\" src=\"https:\/\/www.italpassion.fr\/wp-content\/uploads\/2026\/01\/regiment.jpg\" alt=\"\" class=\"wp-image-45754\" srcset=\"https:\/\/www.italpassion.fr\/wp-content\/uploads\/2026\/01\/regiment.jpg 1200w, https:\/\/www.italpassion.fr\/wp-content\/uploads\/2026\/01\/regiment-420x280.jpg 420w, https:\/\/www.italpassion.fr\/wp-content\/uploads\/2026\/01\/regiment-768x512.jpg 768w, https:\/\/www.italpassion.fr\/wp-content\/uploads\/2026\/01\/regiment-18x12.jpg 18w\" sizes=\"auto, (max-width: 1200px) 100vw, 1200px\" \/><figcaption class=\"wp-element-caption\">Stemma del Reggimento di Cavalleria del Piemonte Reale<\/figcaption><\/figure>\n\n\n\n<figure class=\"wp-block-image size-full\"><img loading=\"lazy\" decoding=\"async\" width=\"1200\" height=\"800\" src=\"https:\/\/www.italpassion.fr\/wp-content\/uploads\/2026\/01\/francesco-baccara.jpg\" alt=\"\" class=\"wp-image-45751\" srcset=\"https:\/\/www.italpassion.fr\/wp-content\/uploads\/2026\/01\/francesco-baccara.jpg 1200w, https:\/\/www.italpassion.fr\/wp-content\/uploads\/2026\/01\/francesco-baccara-420x280.jpg 420w, https:\/\/www.italpassion.fr\/wp-content\/uploads\/2026\/01\/francesco-baccara-768x512.jpg 768w, https:\/\/www.italpassion.fr\/wp-content\/uploads\/2026\/01\/francesco-baccara-18x12.jpg 18w\" sizes=\"auto, (max-width: 1200px) 100vw, 1200px\" \/><\/figure>\n\n\n\n<figure class=\"wp-block-image size-full\"><img loading=\"lazy\" decoding=\"async\" width=\"1200\" height=\"800\" src=\"https:\/\/www.italpassion.fr\/wp-content\/uploads\/2026\/01\/francesco-baccara-2.jpg\" alt=\"\" class=\"wp-image-45752\" srcset=\"https:\/\/www.italpassion.fr\/wp-content\/uploads\/2026\/01\/francesco-baccara-2.jpg 1200w, https:\/\/www.italpassion.fr\/wp-content\/uploads\/2026\/01\/francesco-baccara-2-420x280.jpg 420w, https:\/\/www.italpassion.fr\/wp-content\/uploads\/2026\/01\/francesco-baccara-2-768x512.jpg 768w, https:\/\/www.italpassion.fr\/wp-content\/uploads\/2026\/01\/francesco-baccara-2-18x12.jpg 18w\" sizes=\"auto, (max-width: 1200px) 100vw, 1200px\" \/><\/figure>\n\n\n\n<p>Il cavallo divenne rapidamente parte integrante della sua leggenda. Dopo la morte di Baracca nel 1918, il simbolo assunse in Italia una forte dimensione commemorativa, incarnando il coraggio, la nobilt\u00e0 e lo spirito cavalleresco dei primi aviatori.<\/p>\n\n\n\n<h2 class=\"wp-block-heading\">Da Enzo Ferrari alla Scuderia Ferrari<\/h2>\n\n\n\n<p>Nel 1923, durante una vittoria sul circuito del Savio, Enzo Ferrari incontr\u00f2 i genitori di Francesco Baracca. La madre del pilota gli sugger\u00ec di utilizzare il cavallo del figlio sulle sue auto, convinta che gli avrebbe portato fortuna. All'epoca, Enzo Ferrari era ancora pilota e direttore sportivo dell'Alfa Romeo, quindi non poteva apporre il simbolo sulle proprie auto. Solo nel 1929, con la creazione della Scuderia Ferrari, il cavallo inizi\u00f2 a comparire ufficialmente nelle competizioni. Nel 1932, alla 24 Ore di Spa-Francorchamps, le Alfa Romeo iscritte dalla Scuderia Ferrari sfoggiarono per la prima volta il cavallino rampante.<\/p>\n\n\n\n<figure class=\"wp-block-image size-full\"><img loading=\"lazy\" decoding=\"async\" width=\"1200\" height=\"800\" src=\"https:\/\/www.italpassion.fr\/wp-content\/uploads\/2026\/01\/alfa-romeo-ferrari.jpg\" alt=\"\" class=\"wp-image-45753\" srcset=\"https:\/\/www.italpassion.fr\/wp-content\/uploads\/2026\/01\/alfa-romeo-ferrari.jpg 1200w, https:\/\/www.italpassion.fr\/wp-content\/uploads\/2026\/01\/alfa-romeo-ferrari-420x280.jpg 420w, https:\/\/www.italpassion.fr\/wp-content\/uploads\/2026\/01\/alfa-romeo-ferrari-768x512.jpg 768w, https:\/\/www.italpassion.fr\/wp-content\/uploads\/2026\/01\/alfa-romeo-ferrari-18x12.jpg 18w\" sizes=\"auto, (max-width: 1200px) 100vw, 1200px\" \/><figcaption class=\"wp-element-caption\">Antonio Brivo, pilota Alfa Romeo nel 1932<\/figcaption><\/figure>\n\n\n\n<p>Il simbolo poi cambi\u00f2. Non era pi\u00f9 esattamente quello di Baracca: il cavallo assunse una postura leggermente diversa, la coda fu alzata e fu posto su uno sfondo giallo, il colore di Modena, citt\u00e0 natale di Enzo Ferrari, sormontato dalla bandiera italiana. Dopo la Seconda Guerra Mondiale, quando la Ferrari divenne una casa produttrice a s\u00e9 stante, questo cavallo divenne l'emblema permanente del marchio.<\/p>\n\n\n\n<figure class=\"wp-block-image size-full\"><img loading=\"lazy\" decoding=\"async\" width=\"1200\" height=\"800\" src=\"https:\/\/www.italpassion.fr\/wp-content\/uploads\/2025\/11\/logo-ferrari-00.jpg\" alt=\"\" class=\"wp-image-43345\" srcset=\"https:\/\/www.italpassion.fr\/wp-content\/uploads\/2025\/11\/logo-ferrari-00.jpg 1200w, https:\/\/www.italpassion.fr\/wp-content\/uploads\/2025\/11\/logo-ferrari-00-420x280.jpg 420w, https:\/\/www.italpassion.fr\/wp-content\/uploads\/2025\/11\/logo-ferrari-00-768x512.jpg 768w, https:\/\/www.italpassion.fr\/wp-content\/uploads\/2025\/11\/logo-ferrari-00-18x12.jpg 18w\" sizes=\"auto, (max-width: 1200px) 100vw, 1200px\" \/><\/figure>\n\n\n\n<h2 class=\"wp-block-heading\">Dal cavallo Baracca al cavallo Ferrari<\/h2>\n\n\n\n<p>Sebbene Enzo Ferrari si sia ispirato al cavallo di Francesco Baracca, il simbolo che sarebbe diventato della Ferrari non era una riproduzione fedele dell'emblema dipinto sull'aereo del pilota italiano. Diversi elementi grafici differiscono nettamente: la postura, lo stile del disegno e soprattutto la coda del cavallo, che nel logo Ferrari \u00e8 sollevata mentre nell'aereo di Baracca \u00e8 generalmente rivolta verso il basso. Questa evoluzione si spiega con una tappa spesso trascurata. Nel 1930, in occasione dell'inaugurazione del santuario dedicato a Francesco Baracca a Nervesa della Battaglia, fu pubblicato un libretto commemorativo intitolato \"Per Francesco Baracca sul Montello\". La copertina riporta lo stemma araldico della famiglia Baracca, disegnato dal pittore lughese Gino Croari.<\/p>\n\n\n\n<figure class=\"wp-block-image size-full\"><img loading=\"lazy\" decoding=\"async\" width=\"1200\" height=\"800\" src=\"https:\/\/www.italpassion.fr\/wp-content\/uploads\/2026\/01\/baracca.jpg\" alt=\"\" class=\"wp-image-45755\" srcset=\"https:\/\/www.italpassion.fr\/wp-content\/uploads\/2026\/01\/baracca.jpg 1200w, https:\/\/www.italpassion.fr\/wp-content\/uploads\/2026\/01\/baracca-420x280.jpg 420w, https:\/\/www.italpassion.fr\/wp-content\/uploads\/2026\/01\/baracca-768x512.jpg 768w, https:\/\/www.italpassion.fr\/wp-content\/uploads\/2026\/01\/baracca-18x12.jpg 18w\" sizes=\"auto, (max-width: 1200px) 100vw, 1200px\" \/><figcaption class=\"wp-element-caption\">Fonte Museo Francesco Baracca<\/figcaption><\/figure>\n\n\n\n<p>In questa versione, l'artista reinterpreta liberamente il cavallino rampante: lo stile \u00e8 pi\u00f9 grafico, la silhouette pi\u00f9 dinamica e la coda chiaramente sollevata. Questo cavallo, posto su uno scudo, corrisponde quasi esattamente a quello che apparir\u00e0 qualche anno dopo sulle vetture della Scuderia Ferrari. Non si tratta pi\u00f9 del cavallo dell'aereo Baracca, ma di una versione stilizzata pensata per un uso araldico e simbolico. \u00c8 quindi molto probabile che Enzo Ferrari, volendo onorare la promessa fatta alla madre di Francesco Baracca, si sia ispirato a questa versione disegnata da Croari per definire l'emblema della sua squadra.<\/p>\n\n\n\n<h2 class=\"wp-block-heading\">Due cavalli, una possibile origine comune?<\/h2>\n\n\n\n<p>\u00c8 qui che la storia deve essere qualificata. Se i due cavalli sono cos\u00ec simili, non \u00e8 detto che sia solo un caso, ma sarebbe semplicistico vedere un'unica origine. Nel caso di Francesco Baracca, la spiegazione pi\u00f9 accreditata \u00e8 soprattutto quella militare. Prima di diventare l'asso dell'aviazione italiana, Baracca era un ufficiale di cavalleria del prestigioso Reggimento Reale di Cavalleria del Piemonte, un'unit\u00e0 d'\u00e9lite il cui emblema araldico era gi\u00e0 un cavallo rampante. Quando, a partire dal 1917, adott\u00f2 un emblema distintivo per i suoi aerei, Baracca segu\u00ec naturalmente le orme del suo reggimento, adottando questo simbolo come affermazione della sua identit\u00e0 militare e del suo attaccamento alla tradizione della cavalleria.<\/p>\n\n\n\n<p>Ma questo non esclude altre influenze. Durante la Prima guerra mondiale, molti piloti personalizzavano i loro aerei con emblemi legati alla loro unit\u00e0, alla loro regione d'origine o talvolta alle loro vittorie. Alcuni resoconti del dopoguerra sostengono che Baracca abbia abbattuto un aereo tedesco con un cavallo rampante, un simbolo forse ispirato alla citt\u00e0 di Stoccarda, il cui stemma presenta questo motivo da secoli. Sebbene questa ipotesi sia impossibile da dimostrare formalmente, essa illustra la circolazione dei simboli in Europa all'inizio del XX secolo. In questo scenario, il cavallo potrebbe essere esistito contemporaneamente in diverse tradizioni - araldica tedesca, cavalleria italiana, aviazione militare - senza che si possa parlare di una copia diretta.<\/p>\n\n\n\n<p>In assenza di documenti inconfutabili, questa possibilit\u00e0 rimane nel campo delle speculazioni. Non invalida l'origine cavalleresca del cavallo Baracca, ormai ampiamente documentata, ma dimostra come lo stesso simbolo, profondamente radicato nell'immaginario europeo, possa apparire indipendentemente in contesti diversi per poi diventare uno degli emblemi pi\u00f9 famosi della storia dell'automobile. Nonostante la loro straordinaria somiglianza, i cavalli Ferrari e Porsche non hanno mai posto problemi legali o simbolici. Il motivo \u00e8 semplice: ognuno racconta una storia diversa. Per Porsche, il cavallo \u00e8 un marcatore territoriale, radicato nella storia di Stoccarda. Per la Ferrari \u00e8 l'eredit\u00e0 di un eroe nazionale, trasformata in un simbolo di competizione e prestazioni.<\/p>","protected":false},"excerpt":{"rendered":"","protected":false},"author":1,"featured_media":45749,"comment_status":"open","ping_status":"open","sticky":false,"template":"","format":"standard","meta":{"_acf_changed":false,"_sitemap_exclude":false,"_sitemap_priority":"","_sitemap_frequency":"","footnotes":""},"categories":[23],"tags":[],"class_list":["post-45748","post","type-post","status-publish","format-standard","has-post-thumbnail","hentry","category-ferrari","generate-columns","tablet-grid-50","mobile-grid-100","grid-parent","grid-33"],"acf":[],"yoast_head":"<!-- This site is optimized with the Yoast SEO plugin v25.8 - https:\/\/yoast.com\/wordpress\/plugins\/seo\/ -->\n<title>Pourquoi Ferrari et Porsche ont un cheval cabr\u00e9 sur le logo ? - ItalPassion<\/title>\n<meta name=\"description\" content=\"\u00c0 premi\u00e8re vue, la ressemblance est troublante. Deux des marques automobiles les plus prestigieuses au monde, Ferrari et Porsche, arborent toutes deux un\" \/>\n<meta name=\"robots\" content=\"index, follow, max-snippet:-1, max-image-preview:large, max-video-preview:-1\" \/>\n<link rel=\"canonical\" href=\"https:\/\/www.italpassion.fr\/it\/ferrari\/perche-ferrari-e-porsche-hanno-lo-stesso-cavallino-rampante-sul-loro-logo\/\" \/>\n<meta property=\"og:locale\" content=\"it_IT\" \/>\n<meta property=\"og:type\" content=\"article\" \/>\n<meta property=\"og:title\" content=\"Pourquoi Ferrari et Porsche ont un cheval cabr\u00e9 sur le logo ? - ItalPassion\" \/>\n<meta property=\"og:description\" content=\"\u00c0 premi\u00e8re vue, la ressemblance est troublante. Deux des marques automobiles les plus prestigieuses au monde, Ferrari et Porsche, arborent toutes deux un\" \/>\n<meta property=\"og:url\" content=\"https:\/\/www.italpassion.fr\/it\/ferrari\/perche-ferrari-e-porsche-hanno-lo-stesso-cavallino-rampante-sul-loro-logo\/\" \/>\n<meta property=\"og:site_name\" content=\"ItalPassion\" \/>\n<meta property=\"article:publisher\" content=\"https:\/\/www.facebook.com\/italpassion\" \/>\n<meta property=\"article:published_time\" content=\"2026-01-26T11:25:14+00:00\" \/>\n<meta property=\"og:image\" content=\"https:\/\/www.italpassion.fr\/wp-content\/uploads\/2026\/01\/logo-ferrari-porsche.jpg\" \/>\n\t<meta property=\"og:image:width\" content=\"1200\" \/>\n\t<meta property=\"og:image:height\" content=\"800\" \/>\n\t<meta property=\"og:image:type\" content=\"image\/jpeg\" \/>\n<meta name=\"author\" content=\"Alexandre Filluzeau\" \/>\n<meta name=\"twitter:card\" content=\"summary_large_image\" \/>\n<meta name=\"twitter:creator\" content=\"@italpassion\" \/>\n<meta name=\"twitter:site\" content=\"@italpassion\" \/>\n<script type=\"application\/ld+json\" class=\"yoast-schema-graph\">{\"@context\":\"https:\/\/schema.org\",\"@graph\":[{\"@type\":\"NewsArticle\",\"@id\":\"https:\/\/www.italpassion.fr\/it\/ferrari\/pourquoi-ferrari-et-porsche-ont-le-meme-cheval-cabre-sur-le-logo\/#article\",\"isPartOf\":{\"@id\":\"https:\/\/www.italpassion.fr\/it\/ferrari\/pourquoi-ferrari-et-porsche-ont-le-meme-cheval-cabre-sur-le-logo\/\"},\"author\":{\"name\":\"Alexandre Filluzeau\",\"@id\":\"https:\/\/www.italpassion.fr\/it\/#\/schema\/person\/36f747b2a759ca202d847e85a9434ca0\"},\"headline\":\"Pourquoi Ferrari et Porsche ont un cheval cabr\u00e9 sur le logo ?\",\"datePublished\":\"2026-01-26T11:25:14+00:00\",\"mainEntityOfPage\":{\"@id\":\"https:\/\/www.italpassion.fr\/it\/ferrari\/pourquoi-ferrari-et-porsche-ont-le-meme-cheval-cabre-sur-le-logo\/\"},\"wordCount\":1409,\"commentCount\":4,\"publisher\":{\"@id\":\"https:\/\/www.italpassion.fr\/it\/#organization\"},\"image\":{\"@id\":\"https:\/\/www.italpassion.fr\/it\/ferrari\/pourquoi-ferrari-et-porsche-ont-le-meme-cheval-cabre-sur-le-logo\/#primaryimage\"},\"thumbnailUrl\":\"https:\/\/www.italpassion.fr\/wp-content\/uploads\/2026\/01\/logo-ferrari-porsche.jpg\",\"articleSection\":[\"Ferrari\"],\"inLanguage\":\"it-IT\",\"potentialAction\":[{\"@type\":\"CommentAction\",\"name\":\"Comment\",\"target\":[\"https:\/\/www.italpassion.fr\/it\/ferrari\/pourquoi-ferrari-et-porsche-ont-le-meme-cheval-cabre-sur-le-logo\/#respond\"]}]},{\"@type\":\"WebPage\",\"@id\":\"https:\/\/www.italpassion.fr\/it\/ferrari\/pourquoi-ferrari-et-porsche-ont-le-meme-cheval-cabre-sur-le-logo\/\",\"url\":\"https:\/\/www.italpassion.fr\/it\/ferrari\/pourquoi-ferrari-et-porsche-ont-le-meme-cheval-cabre-sur-le-logo\/\",\"name\":\"Pourquoi Ferrari et Porsche ont un cheval cabr\u00e9 sur le logo ? - ItalPassion\",\"isPartOf\":{\"@id\":\"https:\/\/www.italpassion.fr\/it\/#website\"},\"primaryImageOfPage\":{\"@id\":\"https:\/\/www.italpassion.fr\/it\/ferrari\/pourquoi-ferrari-et-porsche-ont-le-meme-cheval-cabre-sur-le-logo\/#primaryimage\"},\"image\":{\"@id\":\"https:\/\/www.italpassion.fr\/it\/ferrari\/pourquoi-ferrari-et-porsche-ont-le-meme-cheval-cabre-sur-le-logo\/#primaryimage\"},\"thumbnailUrl\":\"https:\/\/www.italpassion.fr\/wp-content\/uploads\/2026\/01\/logo-ferrari-porsche.jpg\",\"datePublished\":\"2026-01-26T11:25:14+00:00\",\"description\":\"\u00c0 premi\u00e8re vue, la ressemblance est troublante. Deux des marques automobiles les plus prestigieuses au monde, Ferrari et Porsche, arborent toutes deux un\",\"breadcrumb\":{\"@id\":\"https:\/\/www.italpassion.fr\/it\/ferrari\/pourquoi-ferrari-et-porsche-ont-le-meme-cheval-cabre-sur-le-logo\/#breadcrumb\"},\"inLanguage\":\"it-IT\",\"potentialAction\":[{\"@type\":\"ReadAction\",\"target\":[\"https:\/\/www.italpassion.fr\/it\/ferrari\/pourquoi-ferrari-et-porsche-ont-le-meme-cheval-cabre-sur-le-logo\/\"]}]},{\"@type\":\"ImageObject\",\"inLanguage\":\"it-IT\",\"@id\":\"https:\/\/www.italpassion.fr\/it\/ferrari\/pourquoi-ferrari-et-porsche-ont-le-meme-cheval-cabre-sur-le-logo\/#primaryimage\",\"url\":\"https:\/\/www.italpassion.fr\/wp-content\/uploads\/2026\/01\/logo-ferrari-porsche.jpg\",\"contentUrl\":\"https:\/\/www.italpassion.fr\/wp-content\/uploads\/2026\/01\/logo-ferrari-porsche.jpg\",\"width\":1200,\"height\":800},{\"@type\":\"BreadcrumbList\",\"@id\":\"https:\/\/www.italpassion.fr\/it\/ferrari\/pourquoi-ferrari-et-porsche-ont-le-meme-cheval-cabre-sur-le-logo\/#breadcrumb\",\"itemListElement\":[{\"@type\":\"ListItem\",\"position\":1,\"name\":\"Accueil\",\"item\":\"https:\/\/www.italpassion.fr\/it\/\"},{\"@type\":\"ListItem\",\"position\":2,\"name\":\"Pourquoi Ferrari et Porsche ont un cheval cabr\u00e9 sur le logo ?\"}]},{\"@type\":\"WebSite\",\"@id\":\"https:\/\/www.italpassion.fr\/it\/#website\",\"url\":\"https:\/\/www.italpassion.fr\/it\/\",\"name\":\"ItalPassion\",\"description\":\"Les Passionn\u00e9s d&#039;Automobiles Italiennes\",\"publisher\":{\"@id\":\"https:\/\/www.italpassion.fr\/it\/#organization\"},\"potentialAction\":[{\"@type\":\"SearchAction\",\"target\":{\"@type\":\"EntryPoint\",\"urlTemplate\":\"https:\/\/www.italpassion.fr\/it\/?s={search_term_string}\"},\"query-input\":{\"@type\":\"PropertyValueSpecification\",\"valueRequired\":true,\"valueName\":\"search_term_string\"}}],\"inLanguage\":\"it-IT\"},{\"@type\":\"Organization\",\"@id\":\"https:\/\/www.italpassion.fr\/it\/#organization\",\"name\":\"Italpassion\",\"url\":\"https:\/\/www.italpassion.fr\/it\/\",\"logo\":{\"@type\":\"ImageObject\",\"inLanguage\":\"it-IT\",\"@id\":\"https:\/\/www.italpassion.fr\/it\/#\/schema\/logo\/image\/\",\"url\":\"https:\/\/www.italpassion.fr\/wp-content\/uploads\/2023\/07\/italpassion-yoast.jpg\",\"contentUrl\":\"https:\/\/www.italpassion.fr\/wp-content\/uploads\/2023\/07\/italpassion-yoast.jpg\",\"width\":696,\"height\":696,\"caption\":\"Italpassion\"},\"image\":{\"@id\":\"https:\/\/www.italpassion.fr\/it\/#\/schema\/logo\/image\/\"},\"sameAs\":[\"https:\/\/www.facebook.com\/italpassion\",\"https:\/\/x.com\/italpassion\",\"https:\/\/www.instagram.com\/italpassionfr\/\",\"https:\/\/www.youtube.com\/channel\/UCleq-ByQaA42OjhopwevRjQ\",\"https:\/\/www.facebook.com\/italpassion.en\/\",\"https:\/\/www.facebook.com\/italpassion.it\/\",\"https:\/\/www.facebook.com\/italpassion.de\/\",\"https:\/\/www.facebook.com\/italpassion.ja\/\"]},{\"@type\":\"Person\",\"@id\":\"https:\/\/www.italpassion.fr\/it\/#\/schema\/person\/36f747b2a759ca202d847e85a9434ca0\",\"name\":\"Alexandre Filluzeau\",\"image\":{\"@type\":\"ImageObject\",\"inLanguage\":\"it-IT\",\"@id\":\"https:\/\/www.italpassion.fr\/it\/#\/schema\/person\/image\/\",\"url\":\"https:\/\/www.italpassion.fr\/wp-content\/uploads\/2025\/04\/avatar-alexandre-160x160.jpg\",\"contentUrl\":\"https:\/\/www.italpassion.fr\/wp-content\/uploads\/2025\/04\/avatar-alexandre-160x160.jpg\",\"caption\":\"Alexandre Filluzeau\"},\"description\":\"Fondateur du site ItalPassion, passionn\u00e9 de voitures italiennes et de l'Italie en g\u00e9n\u00e9ral. J'apporte un regard critique et technique aux actualit\u00e9s des marques italiennes quand cela est possible. Propri\u00e9taire d'une Maserati GranTurismo, Alfa Romeo MiTo, Lancia Fulvia et Ducati 695. Ex-propri\u00e9taire d'une Alfa Romeo Giulia.\",\"sameAs\":[\"https:\/\/www.italpassion.fr\/\"],\"url\":\"https:\/\/www.italpassion.fr\/it\/author\/alexandre\/\"}]}<\/script>\n<!-- \/ Yoast SEO plugin. -->","yoast_head_json":{"title":"Perch\u00e9 Ferrari e Porsche hanno un cavallino rampante nel loro logo? - ItalPassion","description":"A prima vista, la somiglianza \u00e8 sorprendente. Due dei marchi automobilistici pi\u00f9 prestigiosi al mondo, Ferrari e Porsche, hanno entrambi una","robots":{"index":"index","follow":"follow","max-snippet":"max-snippet:-1","max-image-preview":"max-image-preview:large","max-video-preview":"max-video-preview:-1"},"canonical":"https:\/\/www.italpassion.fr\/it\/ferrari\/perche-ferrari-e-porsche-hanno-lo-stesso-cavallino-rampante-sul-loro-logo\/","og_locale":"it_IT","og_type":"article","og_title":"Pourquoi Ferrari et Porsche ont un cheval cabr\u00e9 sur le logo ? - ItalPassion","og_description":"\u00c0 premi\u00e8re vue, la ressemblance est troublante. Deux des marques automobiles les plus prestigieuses au monde, Ferrari et Porsche, arborent toutes deux un","og_url":"https:\/\/www.italpassion.fr\/it\/ferrari\/perche-ferrari-e-porsche-hanno-lo-stesso-cavallino-rampante-sul-loro-logo\/","og_site_name":"ItalPassion","article_publisher":"https:\/\/www.facebook.com\/italpassion","article_published_time":"2026-01-26T11:25:14+00:00","og_image":[{"width":1200,"height":800,"url":"https:\/\/www.italpassion.fr\/wp-content\/uploads\/2026\/01\/logo-ferrari-porsche.jpg","type":"image\/jpeg"}],"author":"Alexandre Filluzeau","twitter_card":"summary_large_image","twitter_creator":"@italpassion","twitter_site":"@italpassion","schema":{"@context":"https:\/\/schema.org","@graph":[{"@type":"NewsArticle","@id":"https:\/\/www.italpassion.fr\/it\/ferrari\/pourquoi-ferrari-et-porsche-ont-le-meme-cheval-cabre-sur-le-logo\/#article","isPartOf":{"@id":"https:\/\/www.italpassion.fr\/it\/ferrari\/pourquoi-ferrari-et-porsche-ont-le-meme-cheval-cabre-sur-le-logo\/"},"author":{"name":"Alexandre Filluzeau","@id":"https:\/\/www.italpassion.fr\/it\/#\/schema\/person\/36f747b2a759ca202d847e85a9434ca0"},"headline":"Pourquoi Ferrari et Porsche ont un cheval cabr\u00e9 sur le logo ?","datePublished":"2026-01-26T11:25:14+00:00","mainEntityOfPage":{"@id":"https:\/\/www.italpassion.fr\/it\/ferrari\/pourquoi-ferrari-et-porsche-ont-le-meme-cheval-cabre-sur-le-logo\/"},"wordCount":1409,"commentCount":4,"publisher":{"@id":"https:\/\/www.italpassion.fr\/it\/#organization"},"image":{"@id":"https:\/\/www.italpassion.fr\/it\/ferrari\/pourquoi-ferrari-et-porsche-ont-le-meme-cheval-cabre-sur-le-logo\/#primaryimage"},"thumbnailUrl":"https:\/\/www.italpassion.fr\/wp-content\/uploads\/2026\/01\/logo-ferrari-porsche.jpg","articleSection":["Ferrari"],"inLanguage":"it-IT","potentialAction":[{"@type":"CommentAction","name":"Comment","target":["https:\/\/www.italpassion.fr\/it\/ferrari\/pourquoi-ferrari-et-porsche-ont-le-meme-cheval-cabre-sur-le-logo\/#respond"]}]},{"@type":"WebPage","@id":"https:\/\/www.italpassion.fr\/it\/ferrari\/pourquoi-ferrari-et-porsche-ont-le-meme-cheval-cabre-sur-le-logo\/","url":"https:\/\/www.italpassion.fr\/it\/ferrari\/pourquoi-ferrari-et-porsche-ont-le-meme-cheval-cabre-sur-le-logo\/","name":"Perch\u00e9 Ferrari e Porsche hanno un cavallino rampante nel loro logo? - ItalPassion","isPartOf":{"@id":"https:\/\/www.italpassion.fr\/it\/#website"},"primaryImageOfPage":{"@id":"https:\/\/www.italpassion.fr\/it\/ferrari\/pourquoi-ferrari-et-porsche-ont-le-meme-cheval-cabre-sur-le-logo\/#primaryimage"},"image":{"@id":"https:\/\/www.italpassion.fr\/it\/ferrari\/pourquoi-ferrari-et-porsche-ont-le-meme-cheval-cabre-sur-le-logo\/#primaryimage"},"thumbnailUrl":"https:\/\/www.italpassion.fr\/wp-content\/uploads\/2026\/01\/logo-ferrari-porsche.jpg","datePublished":"2026-01-26T11:25:14+00:00","description":"A prima vista, la somiglianza \u00e8 sorprendente. Due dei marchi automobilistici pi\u00f9 prestigiosi al mondo, Ferrari e Porsche, hanno entrambi una","breadcrumb":{"@id":"https:\/\/www.italpassion.fr\/it\/ferrari\/pourquoi-ferrari-et-porsche-ont-le-meme-cheval-cabre-sur-le-logo\/#breadcrumb"},"inLanguage":"it-IT","potentialAction":[{"@type":"ReadAction","target":["https:\/\/www.italpassion.fr\/it\/ferrari\/pourquoi-ferrari-et-porsche-ont-le-meme-cheval-cabre-sur-le-logo\/"]}]},{"@type":"ImageObject","inLanguage":"it-IT","@id":"https:\/\/www.italpassion.fr\/it\/ferrari\/pourquoi-ferrari-et-porsche-ont-le-meme-cheval-cabre-sur-le-logo\/#primaryimage","url":"https:\/\/www.italpassion.fr\/wp-content\/uploads\/2026\/01\/logo-ferrari-porsche.jpg","contentUrl":"https:\/\/www.italpassion.fr\/wp-content\/uploads\/2026\/01\/logo-ferrari-porsche.jpg","width":1200,"height":800},{"@type":"BreadcrumbList","@id":"https:\/\/www.italpassion.fr\/it\/ferrari\/pourquoi-ferrari-et-porsche-ont-le-meme-cheval-cabre-sur-le-logo\/#breadcrumb","itemListElement":[{"@type":"ListItem","position":1,"name":"Accueil","item":"https:\/\/www.italpassion.fr\/it\/"},{"@type":"ListItem","position":2,"name":"Pourquoi Ferrari et Porsche ont un cheval cabr\u00e9 sur le logo ?"}]},{"@type":"WebSite","@id":"https:\/\/www.italpassion.fr\/it\/#website","url":"https:\/\/www.italpassion.fr\/it\/","name":"ItalPassion","description":"Appassionati di auto italiane","publisher":{"@id":"https:\/\/www.italpassion.fr\/it\/#organization"},"potentialAction":[{"@type":"SearchAction","target":{"@type":"EntryPoint","urlTemplate":"https:\/\/www.italpassion.fr\/it\/?s={search_term_string}"},"query-input":{"@type":"PropertyValueSpecification","valueRequired":true,"valueName":"search_term_string"}}],"inLanguage":"it-IT"},{"@type":"Organization","@id":"https:\/\/www.italpassion.fr\/it\/#organization","name":"Italpassion","url":"https:\/\/www.italpassion.fr\/it\/","logo":{"@type":"ImageObject","inLanguage":"it-IT","@id":"https:\/\/www.italpassion.fr\/it\/#\/schema\/logo\/image\/","url":"https:\/\/www.italpassion.fr\/wp-content\/uploads\/2023\/07\/italpassion-yoast.jpg","contentUrl":"https:\/\/www.italpassion.fr\/wp-content\/uploads\/2023\/07\/italpassion-yoast.jpg","width":696,"height":696,"caption":"Italpassion"},"image":{"@id":"https:\/\/www.italpassion.fr\/it\/#\/schema\/logo\/image\/"},"sameAs":["https:\/\/www.facebook.com\/italpassion","https:\/\/x.com\/italpassion","https:\/\/www.instagram.com\/italpassionfr\/","https:\/\/www.youtube.com\/channel\/UCleq-ByQaA42OjhopwevRjQ","https:\/\/www.facebook.com\/italpassion.en\/","https:\/\/www.facebook.com\/italpassion.it\/","https:\/\/www.facebook.com\/italpassion.de\/","https:\/\/www.facebook.com\/italpassion.ja\/"]},{"@type":"Person","@id":"https:\/\/www.italpassion.fr\/it\/#\/schema\/person\/36f747b2a759ca202d847e85a9434ca0","name":"Alexandre Filluzeau","image":{"@type":"ImageObject","inLanguage":"it-IT","@id":"https:\/\/www.italpassion.fr\/it\/#\/schema\/person\/image\/","url":"https:\/\/www.italpassion.fr\/wp-content\/uploads\/2025\/04\/avatar-alexandre-160x160.jpg","contentUrl":"https:\/\/www.italpassion.fr\/wp-content\/uploads\/2025\/04\/avatar-alexandre-160x160.jpg","caption":"Alexandre Filluzeau"},"description":"Fondatore del sito ItalPassion, appassionato di auto italiane e dell'Italia in generale. Porto un occhio critico e tecnico alle notizie dei marchi italiani, quando possibile. Proprietario di una Maserati GranTurismo, di un'Alfa Romeo MiTo, di una Lancia Fulvia e di una Ducati 695. Ex proprietario di un'Alfa Romeo Giulia.","sameAs":["https:\/\/www.italpassion.fr\/"],"url":"https:\/\/www.italpassion.fr\/it\/author\/alexandre\/"}]}},"_links":{"self":[{"href":"https:\/\/www.italpassion.fr\/it\/wp-json\/wp\/v2\/posts\/45748","targetHints":{"allow":["GET"]}}],"collection":[{"href":"https:\/\/www.italpassion.fr\/it\/wp-json\/wp\/v2\/posts"}],"about":[{"href":"https:\/\/www.italpassion.fr\/it\/wp-json\/wp\/v2\/types\/post"}],"author":[{"embeddable":true,"href":"https:\/\/www.italpassion.fr\/it\/wp-json\/wp\/v2\/users\/1"}],"replies":[{"embeddable":true,"href":"https:\/\/www.italpassion.fr\/it\/wp-json\/wp\/v2\/comments?post=45748"}],"version-history":[{"count":2,"href":"https:\/\/www.italpassion.fr\/it\/wp-json\/wp\/v2\/posts\/45748\/revisions"}],"predecessor-version":[{"id":45761,"href":"https:\/\/www.italpassion.fr\/it\/wp-json\/wp\/v2\/posts\/45748\/revisions\/45761"}],"wp:featuredmedia":[{"embeddable":true,"href":"https:\/\/www.italpassion.fr\/it\/wp-json\/wp\/v2\/media\/45749"}],"wp:attachment":[{"href":"https:\/\/www.italpassion.fr\/it\/wp-json\/wp\/v2\/media?parent=45748"}],"wp:term":[{"taxonomy":"category","embeddable":true,"href":"https:\/\/www.italpassion.fr\/it\/wp-json\/wp\/v2\/categories?post=45748"},{"taxonomy":"post_tag","embeddable":true,"href":"https:\/\/www.italpassion.fr\/it\/wp-json\/wp\/v2\/tags?post=45748"}],"curies":[{"name":"wp","href":"https:\/\/api.w.org\/{rel}","templated":true}]}}