{"id":44176,"date":"2025-12-09T09:45:55","date_gmt":"2025-12-09T08:45:55","guid":{"rendered":"https:\/\/www.italpassion.fr\/?p=44176"},"modified":"2025-12-09T11:33:15","modified_gmt":"2025-12-09T10:33:15","slug":"la-ferrari-296-challenge-sta-gia-correndo-e-vincendo-unauto-straordinaria","status":"publish","type":"post","link":"https:\/\/www.italpassion.fr\/it\/ferrari\/la-ferrari-296-challenge-est-deja-en-course-de-cote-et-gagne-une-voiture-extraordinaire\/","title":{"rendered":"Il Ferrari 296 Challenge sta gi\u00e0 correndo in salita e sta vincendo! \"Una vettura straordinaria"},"content":{"rendered":"<figure class=\"wp-block-image size-full\"><img loading=\"lazy\" decoding=\"async\" width=\"1200\" height=\"800\" src=\"https:\/\/www.italpassion.fr\/wp-content\/uploads\/2025\/12\/ferrari-296-challenge-00.jpg\" alt=\"\" class=\"wp-image-44186\" srcset=\"https:\/\/www.italpassion.fr\/wp-content\/uploads\/2025\/12\/ferrari-296-challenge-00.jpg 1200w, https:\/\/www.italpassion.fr\/wp-content\/uploads\/2025\/12\/ferrari-296-challenge-00-420x280.jpg 420w, https:\/\/www.italpassion.fr\/wp-content\/uploads\/2025\/12\/ferrari-296-challenge-00-768x512.jpg 768w, https:\/\/www.italpassion.fr\/wp-content\/uploads\/2025\/12\/ferrari-296-challenge-00-18x12.jpg 18w\" sizes=\"auto, (max-width: 1200px) 100vw, 1200px\" \/><figcaption class=\"wp-element-caption\">Foto Giuseppe Garrone per Mattiperlecorse<\/figcaption><\/figure>\n\n\n\n<p>Le cronoscalate sono l'occasione per vedere vecchie glorie ritirate da tempo dai campionati ufficiali, come la Lancia Delta HF, l'Alfa Romeo 155\/156 e la Fiat X1\/9. Per altri, invece, sono le macchine pi\u00f9 recenti a farsi notare: perch\u00e9 aspettare a lanciare un'auto da corsa tipo GT3 alle \"cronoscalate\"? I modelli <a href=\"https:\/\/www.italpassion.fr\/it\/ferrari\/\">Ferrari<\/a>Le Lamborghini e le Porsche del tipo GT3 o Challenge \/ Trofeo \/ Cup sono pi\u00f9 adatte ai circuiti che alle strade tortuose d'Italia, ma l'eccellenza dei loro telai e dei loro motori pu\u00f2 essere un punto di forza!<\/p>\n\n\n\n<h2 class=\"wp-block-heading\">Re d'Italia<\/h2>\n\n\n\n<p>Lucio Peruggini \u00e8 un pilota italiano di Foggia specializzato nelle corse in montagna. Peruggini aveva gi\u00e0 vinto il titolo nel 2016, 2017 e 2018 con una Ferrari 458 GT3. Nel 2019 ha sostituito la sua 458 \"senza fiato\" con una Huracan GT3, che gli ha permesso di conservare il titolo nel 2019 e nel 2020. Nel 2022 \u00e8 tornato all'ovile Ferrari e ha vinto i campionati italiani di cronoscalata 2022 e 2023 nella categoria GT con una Ferrari 488 Challenge Evo. Tra il 2000 e il 2010 ha partecipato occasionalmente anche a rally storici, guidando una Lancia Delta S4.<\/p>\n\n\n\n<h2 class=\"wp-block-heading\">AF Corse a supporto<\/h2>\n\n\n\n<p>Nel 2025, Peruggini ha lanciato la sua nuova arma, una Ferrari 296 Challenge completamente nera. Una vettura formidabile, tanto pi\u00f9 che Peruggini ha uno status di pilota quasi ufficiale: l'auto \u00e8 preparata puramente e semplicemente da AF Corse, l'ente che supervisiona l'impegno della Ferrari nel GT e nel WEC.\u00a0<\/p>\n\n\n\n<figure class=\"wp-block-image size-full\"><img loading=\"lazy\" decoding=\"async\" width=\"1200\" height=\"800\" src=\"https:\/\/www.italpassion.fr\/wp-content\/uploads\/2025\/12\/ferrari-296-challenge-2.jpg\" alt=\"\" class=\"wp-image-44178\" srcset=\"https:\/\/www.italpassion.fr\/wp-content\/uploads\/2025\/12\/ferrari-296-challenge-2.jpg 1200w, https:\/\/www.italpassion.fr\/wp-content\/uploads\/2025\/12\/ferrari-296-challenge-2-420x280.jpg 420w, https:\/\/www.italpassion.fr\/wp-content\/uploads\/2025\/12\/ferrari-296-challenge-2-768x512.jpg 768w, https:\/\/www.italpassion.fr\/wp-content\/uploads\/2025\/12\/ferrari-296-challenge-2-18x12.jpg 18w\" sizes=\"auto, (max-width: 1200px) 100vw, 1200px\" \/><\/figure>\n\n\n\n<figure class=\"wp-block-image size-full\"><img loading=\"lazy\" decoding=\"async\" width=\"1200\" height=\"800\" src=\"https:\/\/www.italpassion.fr\/wp-content\/uploads\/2025\/12\/ferrari-296-challenge-3.jpg\" alt=\"\" class=\"wp-image-44179\" srcset=\"https:\/\/www.italpassion.fr\/wp-content\/uploads\/2025\/12\/ferrari-296-challenge-3.jpg 1200w, https:\/\/www.italpassion.fr\/wp-content\/uploads\/2025\/12\/ferrari-296-challenge-3-420x280.jpg 420w, https:\/\/www.italpassion.fr\/wp-content\/uploads\/2025\/12\/ferrari-296-challenge-3-768x512.jpg 768w, https:\/\/www.italpassion.fr\/wp-content\/uploads\/2025\/12\/ferrari-296-challenge-3-18x12.jpg 18w\" sizes=\"auto, (max-width: 1200px) 100vw, 1200px\" \/><\/figure>\n\n\n\n<figure class=\"wp-block-image size-full\"><img loading=\"lazy\" decoding=\"async\" width=\"1200\" height=\"800\" src=\"https:\/\/www.italpassion.fr\/wp-content\/uploads\/2025\/12\/ferrari-296-challenge-4.jpg\" alt=\"\" class=\"wp-image-44180\" srcset=\"https:\/\/www.italpassion.fr\/wp-content\/uploads\/2025\/12\/ferrari-296-challenge-4.jpg 1200w, https:\/\/www.italpassion.fr\/wp-content\/uploads\/2025\/12\/ferrari-296-challenge-4-420x280.jpg 420w, https:\/\/www.italpassion.fr\/wp-content\/uploads\/2025\/12\/ferrari-296-challenge-4-768x512.jpg 768w, https:\/\/www.italpassion.fr\/wp-content\/uploads\/2025\/12\/ferrari-296-challenge-4-18x12.jpg 18w\" sizes=\"auto, (max-width: 1200px) 100vw, 1200px\" \/><\/figure>\n\n\n\n<p>Secondo lo stesso Peruggini, il passaggio alla 296 Challenge rappresenta \"un netto salto di qualit\u00e0\" rispetto alla 488 che guidava in precedenza. I primi test a Cremona avevano evidenziato l'entusiasmo del pilota: \"\u00c8 un'auto molto migliore della 488 che guido di solito. Pi\u00f9 potenza, migliore frenata, un cambio pi\u00f9 preciso e una notevole agilit\u00e0 in curva. Un'auto straordinaria. Sul circuito \u00e8 un netto miglioramento; in salita sar\u00e0 una vera sfida\".<\/p>\n\n\n\n<h2 class=\"wp-block-heading\">Una sfida Ferrari ottimale<\/h2>\n\n\n\n<p>Il <a href=\"https:\/\/www.italpassion.fr\/it\/ferrari\/ferrari-296-sfida-lauto-da-corsa-che-non-ha-un-ibrido\/\">296 La sfida \u00e8 apparsa nel 2024<\/a>dopo il lancio della GT3 (da allora sostituita dalla <a href=\"https:\/\/www.italpassion.fr\/it\/ferrari\/ferrari-presenta-la-temibile-296-gt3-evo-un-mostro-nato-per-dominare\/\">la 296 GT3 Evo<\/a>). Questo nono modello nella storia del Ferrari Challenge Trofeo Pirelli \u00e8 alimentato da un motore biturbo di 2.992 cm3 gi\u00e0 utilizzato nella 296 GT3. Come per la GT3, il Challenge non dispone di un sistema ibrido, a differenza della versione \"civile\". L'architettura sprigiona 700 CV e 740 Nm di coppia, ovvero oltre 240 CV per litro! La sola eliminazione dell'ibrido rappresenta un risparmio di 130 chili sulla bilancia.<\/p>\n\n\n\n<figure class=\"wp-block-image size-full\"><img loading=\"lazy\" decoding=\"async\" width=\"1200\" height=\"800\" src=\"https:\/\/www.italpassion.fr\/wp-content\/uploads\/2025\/12\/ferrari-296-challenge-5.jpg\" alt=\"\" class=\"wp-image-44181\" srcset=\"https:\/\/www.italpassion.fr\/wp-content\/uploads\/2025\/12\/ferrari-296-challenge-5.jpg 1200w, https:\/\/www.italpassion.fr\/wp-content\/uploads\/2025\/12\/ferrari-296-challenge-5-420x280.jpg 420w, https:\/\/www.italpassion.fr\/wp-content\/uploads\/2025\/12\/ferrari-296-challenge-5-768x512.jpg 768w, https:\/\/www.italpassion.fr\/wp-content\/uploads\/2025\/12\/ferrari-296-challenge-5-18x12.jpg 18w\" sizes=\"auto, (max-width: 1200px) 100vw, 1200px\" \/><\/figure>\n\n\n\n<p>In termini di aerodinamica, la 296 Challenge offre una deportanza senza precedenti nella storia della serie, con oltre 870 kg di deportanza a 250 km\/h con lo spoiler al massimo angolo di attacco. Altre caratteristiche includono l'ABS Evo Track, un adattamento dell'innovativo sistema introdotto sulla 296 GTB, un sistema di frenata \"brake-by-wire\", nuovi dischi freno CCM-R Plus e pneumatici Pirelli da 19\u2033 sviluppati su misura.<\/p>\n\n\n\n<h2 class=\"wp-block-heading\">Un titolo che sar\u00e0 seguito da molti altri!<\/h2>\n\n\n\n<p>I risultati sono stati all'altezza delle aspettative. Il Ferrari 296 Challenge ha fatto il suo debutto alla 74\u1d43 edizione della Trento-Bondone (6-8 giugno 2025). In questa prima prova, super\u00f2 alcuni concorrenti di rilievo (GT3 e altre supercar) e vinse il gruppo GT. I successi si susseguono e Peruggini conquista un altro titolo nel 2025, l'ottavo della sua carriera, il primo nella 296 Hillclimb.&nbsp;<\/p>\n\n\n\n<figure class=\"wp-block-embed is-type-video is-provider-youtube wp-block-embed-youtube wp-embed-aspect-16-9 wp-has-aspect-ratio\"><div class=\"wp-block-embed__wrapper\">\n<iframe loading=\"lazy\" title=\"SALITA TRENTO - BONDONE 2025 | LUCIO PERUGGINI | FERRARI 296 CHALLENGE | BY BELLUNOVIDEO\" width=\"1200\" height=\"675\" src=\"https:\/\/www.youtube-nocookie.com\/embed\/l5WunylLCFw?feature=oembed\" frameborder=\"0\" allow=\"accelerometer; autoplay; clipboard-write; encrypted-media; gyroscope; picture-in-picture; web-share\" referrerpolicy=\"strict-origin-when-cross-origin\" allowfullscreen><\/iframe>\n<\/div><\/figure>","protected":false},"excerpt":{"rendered":"","protected":false},"author":8,"featured_media":44186,"comment_status":"open","ping_status":"open","sticky":false,"template":"","format":"standard","meta":{"_acf_changed":false,"_sitemap_exclude":false,"_sitemap_priority":"","_sitemap_frequency":"","footnotes":""},"categories":[23],"tags":[439,647],"class_list":["post-44176","post","type-post","status-publish","format-standard","has-post-thumbnail","hentry","category-ferrari","tag-ferrari-296","tag-ferrari-296-challenge","generate-columns","tablet-grid-50","mobile-grid-100","grid-parent","grid-33"],"acf":[],"yoast_head":"<!-- This site is optimized with the Yoast SEO plugin v25.8 - https:\/\/yoast.com\/wordpress\/plugins\/seo\/ -->\n<title>La Ferrari 296 Challenge est d\u00e9j\u00e0 en course de c\u00f4te et gagne ! &quot;Une voiture extraordinaire&quot; - ItalPassion<\/title>\n<meta name=\"description\" content=\"Photo Giuseppe Garrone pour Mattiperlecorse Les courses de c\u00f4te sont l\u2019occasion de voir encore en action de vieilles gloires retir\u00e9es depuis longtemps des\" \/>\n<meta name=\"robots\" content=\"index, follow, max-snippet:-1, max-image-preview:large, max-video-preview:-1\" \/>\n<link rel=\"canonical\" href=\"https:\/\/www.italpassion.fr\/it\/ferrari\/la-ferrari-296-challenge-sta-gia-correndo-e-vincendo-unauto-straordinaria\/\" \/>\n<meta property=\"og:locale\" content=\"it_IT\" \/>\n<meta property=\"og:type\" content=\"article\" \/>\n<meta property=\"og:title\" content=\"La Ferrari 296 Challenge est d\u00e9j\u00e0 en course de c\u00f4te et gagne ! &quot;Une voiture extraordinaire&quot; - ItalPassion\" \/>\n<meta property=\"og:description\" content=\"Photo Giuseppe Garrone pour Mattiperlecorse Les courses de c\u00f4te sont l\u2019occasion de voir encore en action de vieilles gloires retir\u00e9es depuis longtemps des\" \/>\n<meta property=\"og:url\" content=\"https:\/\/www.italpassion.fr\/it\/ferrari\/la-ferrari-296-challenge-sta-gia-correndo-e-vincendo-unauto-straordinaria\/\" \/>\n<meta property=\"og:site_name\" content=\"ItalPassion\" \/>\n<meta property=\"article:publisher\" content=\"https:\/\/www.facebook.com\/italpassion\" \/>\n<meta property=\"article:published_time\" content=\"2025-12-09T08:45:55+00:00\" \/>\n<meta property=\"article:modified_time\" content=\"2025-12-09T10:33:15+00:00\" \/>\n<meta property=\"og:image\" content=\"https:\/\/www.italpassion.fr\/wp-content\/uploads\/2025\/12\/ferrari-296-challenge-00.jpg\" \/>\n\t<meta property=\"og:image:width\" content=\"1200\" \/>\n\t<meta property=\"og:image:height\" content=\"800\" \/>\n\t<meta property=\"og:image:type\" content=\"image\/jpeg\" \/>\n<meta name=\"author\" content=\"Nicolas Anderbegani\" \/>\n<meta name=\"twitter:card\" content=\"summary_large_image\" \/>\n<meta name=\"twitter:creator\" content=\"@italpassion\" \/>\n<meta name=\"twitter:site\" content=\"@italpassion\" \/>\n<script type=\"application\/ld+json\" class=\"yoast-schema-graph\">{\"@context\":\"https:\/\/schema.org\",\"@graph\":[{\"@type\":\"NewsArticle\",\"@id\":\"https:\/\/www.italpassion.fr\/it\/ferrari\/la-ferrari-296-challenge-est-deja-en-course-de-cote-et-gagne-une-voiture-extraordinaire\/#article\",\"isPartOf\":{\"@id\":\"https:\/\/www.italpassion.fr\/it\/ferrari\/la-ferrari-296-challenge-est-deja-en-course-de-cote-et-gagne-une-voiture-extraordinaire\/\"},\"author\":{\"name\":\"Nicolas Anderbegani\",\"@id\":\"https:\/\/www.italpassion.fr\/it\/#\/schema\/person\/efd63d72fc8007741c5836a896805b04\"},\"headline\":\"La Ferrari 296 Challenge est d\u00e9j\u00e0 en course de c\u00f4te et gagne ! \u00ab\u00a0Une voiture extraordinaire\u00a0\u00bb\",\"datePublished\":\"2025-12-09T08:45:55+00:00\",\"dateModified\":\"2025-12-09T10:33:15+00:00\",\"mainEntityOfPage\":{\"@id\":\"https:\/\/www.italpassion.fr\/it\/ferrari\/la-ferrari-296-challenge-est-deja-en-course-de-cote-et-gagne-une-voiture-extraordinaire\/\"},\"wordCount\":650,\"commentCount\":19,\"publisher\":{\"@id\":\"https:\/\/www.italpassion.fr\/it\/#organization\"},\"image\":{\"@id\":\"https:\/\/www.italpassion.fr\/it\/ferrari\/la-ferrari-296-challenge-est-deja-en-course-de-cote-et-gagne-une-voiture-extraordinaire\/#primaryimage\"},\"thumbnailUrl\":\"https:\/\/www.italpassion.fr\/wp-content\/uploads\/2025\/12\/ferrari-296-challenge-00.jpg\",\"keywords\":[\"Ferrari 296\",\"Ferrari 296 Challenge\"],\"articleSection\":[\"Ferrari\"],\"inLanguage\":\"it-IT\",\"potentialAction\":[{\"@type\":\"CommentAction\",\"name\":\"Comment\",\"target\":[\"https:\/\/www.italpassion.fr\/it\/ferrari\/la-ferrari-296-challenge-est-deja-en-course-de-cote-et-gagne-une-voiture-extraordinaire\/#respond\"]}]},{\"@type\":\"WebPage\",\"@id\":\"https:\/\/www.italpassion.fr\/it\/ferrari\/la-ferrari-296-challenge-est-deja-en-course-de-cote-et-gagne-une-voiture-extraordinaire\/\",\"url\":\"https:\/\/www.italpassion.fr\/it\/ferrari\/la-ferrari-296-challenge-est-deja-en-course-de-cote-et-gagne-une-voiture-extraordinaire\/\",\"name\":\"La Ferrari 296 Challenge est d\u00e9j\u00e0 en course de c\u00f4te et gagne ! \\\"Une voiture extraordinaire\\\" - ItalPassion\",\"isPartOf\":{\"@id\":\"https:\/\/www.italpassion.fr\/it\/#website\"},\"primaryImageOfPage\":{\"@id\":\"https:\/\/www.italpassion.fr\/it\/ferrari\/la-ferrari-296-challenge-est-deja-en-course-de-cote-et-gagne-une-voiture-extraordinaire\/#primaryimage\"},\"image\":{\"@id\":\"https:\/\/www.italpassion.fr\/it\/ferrari\/la-ferrari-296-challenge-est-deja-en-course-de-cote-et-gagne-une-voiture-extraordinaire\/#primaryimage\"},\"thumbnailUrl\":\"https:\/\/www.italpassion.fr\/wp-content\/uploads\/2025\/12\/ferrari-296-challenge-00.jpg\",\"datePublished\":\"2025-12-09T08:45:55+00:00\",\"dateModified\":\"2025-12-09T10:33:15+00:00\",\"description\":\"Photo Giuseppe Garrone pour Mattiperlecorse Les courses de c\u00f4te sont l\u2019occasion de voir encore en action de vieilles gloires retir\u00e9es depuis longtemps des\",\"breadcrumb\":{\"@id\":\"https:\/\/www.italpassion.fr\/it\/ferrari\/la-ferrari-296-challenge-est-deja-en-course-de-cote-et-gagne-une-voiture-extraordinaire\/#breadcrumb\"},\"inLanguage\":\"it-IT\",\"potentialAction\":[{\"@type\":\"ReadAction\",\"target\":[\"https:\/\/www.italpassion.fr\/it\/ferrari\/la-ferrari-296-challenge-est-deja-en-course-de-cote-et-gagne-une-voiture-extraordinaire\/\"]}]},{\"@type\":\"ImageObject\",\"inLanguage\":\"it-IT\",\"@id\":\"https:\/\/www.italpassion.fr\/it\/ferrari\/la-ferrari-296-challenge-est-deja-en-course-de-cote-et-gagne-une-voiture-extraordinaire\/#primaryimage\",\"url\":\"https:\/\/www.italpassion.fr\/wp-content\/uploads\/2025\/12\/ferrari-296-challenge-00.jpg\",\"contentUrl\":\"https:\/\/www.italpassion.fr\/wp-content\/uploads\/2025\/12\/ferrari-296-challenge-00.jpg\",\"width\":1200,\"height\":800},{\"@type\":\"BreadcrumbList\",\"@id\":\"https:\/\/www.italpassion.fr\/it\/ferrari\/la-ferrari-296-challenge-est-deja-en-course-de-cote-et-gagne-une-voiture-extraordinaire\/#breadcrumb\",\"itemListElement\":[{\"@type\":\"ListItem\",\"position\":1,\"name\":\"Accueil\",\"item\":\"https:\/\/www.italpassion.fr\/it\/\"},{\"@type\":\"ListItem\",\"position\":2,\"name\":\"La Ferrari 296 Challenge est d\u00e9j\u00e0 en course de c\u00f4te et gagne ! \u00ab\u00a0Une voiture extraordinaire\u00a0\u00bb\"}]},{\"@type\":\"WebSite\",\"@id\":\"https:\/\/www.italpassion.fr\/it\/#website\",\"url\":\"https:\/\/www.italpassion.fr\/it\/\",\"name\":\"ItalPassion\",\"description\":\"Les Passionn\u00e9s d&#039;Automobiles Italiennes\",\"publisher\":{\"@id\":\"https:\/\/www.italpassion.fr\/it\/#organization\"},\"potentialAction\":[{\"@type\":\"SearchAction\",\"target\":{\"@type\":\"EntryPoint\",\"urlTemplate\":\"https:\/\/www.italpassion.fr\/it\/?s={search_term_string}\"},\"query-input\":{\"@type\":\"PropertyValueSpecification\",\"valueRequired\":true,\"valueName\":\"search_term_string\"}}],\"inLanguage\":\"it-IT\"},{\"@type\":\"Organization\",\"@id\":\"https:\/\/www.italpassion.fr\/it\/#organization\",\"name\":\"Italpassion\",\"url\":\"https:\/\/www.italpassion.fr\/it\/\",\"logo\":{\"@type\":\"ImageObject\",\"inLanguage\":\"it-IT\",\"@id\":\"https:\/\/www.italpassion.fr\/it\/#\/schema\/logo\/image\/\",\"url\":\"https:\/\/www.italpassion.fr\/wp-content\/uploads\/2023\/07\/italpassion-yoast.jpg\",\"contentUrl\":\"https:\/\/www.italpassion.fr\/wp-content\/uploads\/2023\/07\/italpassion-yoast.jpg\",\"width\":696,\"height\":696,\"caption\":\"Italpassion\"},\"image\":{\"@id\":\"https:\/\/www.italpassion.fr\/it\/#\/schema\/logo\/image\/\"},\"sameAs\":[\"https:\/\/www.facebook.com\/italpassion\",\"https:\/\/x.com\/italpassion\",\"https:\/\/www.instagram.com\/italpassionfr\/\",\"https:\/\/www.youtube.com\/channel\/UCleq-ByQaA42OjhopwevRjQ\",\"https:\/\/www.facebook.com\/italpassion.en\/\",\"https:\/\/www.facebook.com\/italpassion.it\/\",\"https:\/\/www.facebook.com\/italpassion.de\/\",\"https:\/\/www.facebook.com\/italpassion.ja\/\"]},{\"@type\":\"Person\",\"@id\":\"https:\/\/www.italpassion.fr\/it\/#\/schema\/person\/efd63d72fc8007741c5836a896805b04\",\"name\":\"Nicolas Anderbegani\",\"image\":{\"@type\":\"ImageObject\",\"inLanguage\":\"it-IT\",\"@id\":\"https:\/\/www.italpassion.fr\/it\/#\/schema\/person\/image\/\",\"url\":\"https:\/\/www.italpassion.fr\/wp-content\/uploads\/2025\/05\/nicolas-anderbegani-160x160.jpg\",\"contentUrl\":\"https:\/\/www.italpassion.fr\/wp-content\/uploads\/2025\/05\/nicolas-anderbegani-160x160.jpg\",\"caption\":\"Nicolas Anderbegani\"},\"description\":\"Nicolas est passionn\u00e9 d\u2019histoire et de sport automobile. Il roule en Alfa Romeo Giulietta et vous partagera avec vous sa passion de l\u2019automobile italienne.\",\"url\":\"https:\/\/www.italpassion.fr\/it\/author\/nicolas\/\"}]}<\/script>\n<!-- \/ Yoast SEO plugin. -->","yoast_head_json":{"title":"La Ferrari 296 Challenge corre gi\u00e0 in salita e vince! \"Una vettura straordinaria\" - ItalPassion","description":"Foto Giuseppe Garrone per Mattiperlecorse Le corse in salita sono un'occasione per vedere in azione vecchie glorie, ormai ritirate da tempo da questo sport.","robots":{"index":"index","follow":"follow","max-snippet":"max-snippet:-1","max-image-preview":"max-image-preview:large","max-video-preview":"max-video-preview:-1"},"canonical":"https:\/\/www.italpassion.fr\/it\/ferrari\/la-ferrari-296-challenge-sta-gia-correndo-e-vincendo-unauto-straordinaria\/","og_locale":"it_IT","og_type":"article","og_title":"La Ferrari 296 Challenge est d\u00e9j\u00e0 en course de c\u00f4te et gagne ! \"Une voiture extraordinaire\" - ItalPassion","og_description":"Photo Giuseppe Garrone pour Mattiperlecorse Les courses de c\u00f4te sont l\u2019occasion de voir encore en action de vieilles gloires retir\u00e9es depuis longtemps des","og_url":"https:\/\/www.italpassion.fr\/it\/ferrari\/la-ferrari-296-challenge-sta-gia-correndo-e-vincendo-unauto-straordinaria\/","og_site_name":"ItalPassion","article_publisher":"https:\/\/www.facebook.com\/italpassion","article_published_time":"2025-12-09T08:45:55+00:00","article_modified_time":"2025-12-09T10:33:15+00:00","og_image":[{"width":1200,"height":800,"url":"https:\/\/www.italpassion.fr\/wp-content\/uploads\/2025\/12\/ferrari-296-challenge-00.jpg","type":"image\/jpeg"}],"author":"Nicolas Anderbegani","twitter_card":"summary_large_image","twitter_creator":"@italpassion","twitter_site":"@italpassion","schema":{"@context":"https:\/\/schema.org","@graph":[{"@type":"NewsArticle","@id":"https:\/\/www.italpassion.fr\/it\/ferrari\/la-ferrari-296-challenge-est-deja-en-course-de-cote-et-gagne-une-voiture-extraordinaire\/#article","isPartOf":{"@id":"https:\/\/www.italpassion.fr\/it\/ferrari\/la-ferrari-296-challenge-est-deja-en-course-de-cote-et-gagne-une-voiture-extraordinaire\/"},"author":{"name":"Nicolas Anderbegani","@id":"https:\/\/www.italpassion.fr\/it\/#\/schema\/person\/efd63d72fc8007741c5836a896805b04"},"headline":"La Ferrari 296 Challenge est d\u00e9j\u00e0 en course de c\u00f4te et gagne ! \u00ab\u00a0Une voiture extraordinaire\u00a0\u00bb","datePublished":"2025-12-09T08:45:55+00:00","dateModified":"2025-12-09T10:33:15+00:00","mainEntityOfPage":{"@id":"https:\/\/www.italpassion.fr\/it\/ferrari\/la-ferrari-296-challenge-est-deja-en-course-de-cote-et-gagne-une-voiture-extraordinaire\/"},"wordCount":650,"commentCount":19,"publisher":{"@id":"https:\/\/www.italpassion.fr\/it\/#organization"},"image":{"@id":"https:\/\/www.italpassion.fr\/it\/ferrari\/la-ferrari-296-challenge-est-deja-en-course-de-cote-et-gagne-une-voiture-extraordinaire\/#primaryimage"},"thumbnailUrl":"https:\/\/www.italpassion.fr\/wp-content\/uploads\/2025\/12\/ferrari-296-challenge-00.jpg","keywords":["Ferrari 296","Ferrari 296 Challenge"],"articleSection":["Ferrari"],"inLanguage":"it-IT","potentialAction":[{"@type":"CommentAction","name":"Comment","target":["https:\/\/www.italpassion.fr\/it\/ferrari\/la-ferrari-296-challenge-est-deja-en-course-de-cote-et-gagne-une-voiture-extraordinaire\/#respond"]}]},{"@type":"WebPage","@id":"https:\/\/www.italpassion.fr\/it\/ferrari\/la-ferrari-296-challenge-est-deja-en-course-de-cote-et-gagne-une-voiture-extraordinaire\/","url":"https:\/\/www.italpassion.fr\/it\/ferrari\/la-ferrari-296-challenge-est-deja-en-course-de-cote-et-gagne-une-voiture-extraordinaire\/","name":"La Ferrari 296 Challenge corre gi\u00e0 in salita e vince! \"Una vettura straordinaria\" - ItalPassion","isPartOf":{"@id":"https:\/\/www.italpassion.fr\/it\/#website"},"primaryImageOfPage":{"@id":"https:\/\/www.italpassion.fr\/it\/ferrari\/la-ferrari-296-challenge-est-deja-en-course-de-cote-et-gagne-une-voiture-extraordinaire\/#primaryimage"},"image":{"@id":"https:\/\/www.italpassion.fr\/it\/ferrari\/la-ferrari-296-challenge-est-deja-en-course-de-cote-et-gagne-une-voiture-extraordinaire\/#primaryimage"},"thumbnailUrl":"https:\/\/www.italpassion.fr\/wp-content\/uploads\/2025\/12\/ferrari-296-challenge-00.jpg","datePublished":"2025-12-09T08:45:55+00:00","dateModified":"2025-12-09T10:33:15+00:00","description":"Foto Giuseppe Garrone per Mattiperlecorse Le corse in salita sono un'occasione per vedere in azione vecchie glorie, ormai ritirate da tempo da questo sport.","breadcrumb":{"@id":"https:\/\/www.italpassion.fr\/it\/ferrari\/la-ferrari-296-challenge-est-deja-en-course-de-cote-et-gagne-une-voiture-extraordinaire\/#breadcrumb"},"inLanguage":"it-IT","potentialAction":[{"@type":"ReadAction","target":["https:\/\/www.italpassion.fr\/it\/ferrari\/la-ferrari-296-challenge-est-deja-en-course-de-cote-et-gagne-une-voiture-extraordinaire\/"]}]},{"@type":"ImageObject","inLanguage":"it-IT","@id":"https:\/\/www.italpassion.fr\/it\/ferrari\/la-ferrari-296-challenge-est-deja-en-course-de-cote-et-gagne-une-voiture-extraordinaire\/#primaryimage","url":"https:\/\/www.italpassion.fr\/wp-content\/uploads\/2025\/12\/ferrari-296-challenge-00.jpg","contentUrl":"https:\/\/www.italpassion.fr\/wp-content\/uploads\/2025\/12\/ferrari-296-challenge-00.jpg","width":1200,"height":800},{"@type":"BreadcrumbList","@id":"https:\/\/www.italpassion.fr\/it\/ferrari\/la-ferrari-296-challenge-est-deja-en-course-de-cote-et-gagne-une-voiture-extraordinaire\/#breadcrumb","itemListElement":[{"@type":"ListItem","position":1,"name":"Accueil","item":"https:\/\/www.italpassion.fr\/it\/"},{"@type":"ListItem","position":2,"name":"La Ferrari 296 Challenge est d\u00e9j\u00e0 en course de c\u00f4te et gagne ! \u00ab\u00a0Une voiture extraordinaire\u00a0\u00bb"}]},{"@type":"WebSite","@id":"https:\/\/www.italpassion.fr\/it\/#website","url":"https:\/\/www.italpassion.fr\/it\/","name":"ItalPassion","description":"Appassionati di auto italiane","publisher":{"@id":"https:\/\/www.italpassion.fr\/it\/#organization"},"potentialAction":[{"@type":"SearchAction","target":{"@type":"EntryPoint","urlTemplate":"https:\/\/www.italpassion.fr\/it\/?s={search_term_string}"},"query-input":{"@type":"PropertyValueSpecification","valueRequired":true,"valueName":"search_term_string"}}],"inLanguage":"it-IT"},{"@type":"Organization","@id":"https:\/\/www.italpassion.fr\/it\/#organization","name":"Italpassion","url":"https:\/\/www.italpassion.fr\/it\/","logo":{"@type":"ImageObject","inLanguage":"it-IT","@id":"https:\/\/www.italpassion.fr\/it\/#\/schema\/logo\/image\/","url":"https:\/\/www.italpassion.fr\/wp-content\/uploads\/2023\/07\/italpassion-yoast.jpg","contentUrl":"https:\/\/www.italpassion.fr\/wp-content\/uploads\/2023\/07\/italpassion-yoast.jpg","width":696,"height":696,"caption":"Italpassion"},"image":{"@id":"https:\/\/www.italpassion.fr\/it\/#\/schema\/logo\/image\/"},"sameAs":["https:\/\/www.facebook.com\/italpassion","https:\/\/x.com\/italpassion","https:\/\/www.instagram.com\/italpassionfr\/","https:\/\/www.youtube.com\/channel\/UCleq-ByQaA42OjhopwevRjQ","https:\/\/www.facebook.com\/italpassion.en\/","https:\/\/www.facebook.com\/italpassion.it\/","https:\/\/www.facebook.com\/italpassion.de\/","https:\/\/www.facebook.com\/italpassion.ja\/"]},{"@type":"Person","@id":"https:\/\/www.italpassion.fr\/it\/#\/schema\/person\/efd63d72fc8007741c5836a896805b04","name":"Nicolas Anderbegani","image":{"@type":"ImageObject","inLanguage":"it-IT","@id":"https:\/\/www.italpassion.fr\/it\/#\/schema\/person\/image\/","url":"https:\/\/www.italpassion.fr\/wp-content\/uploads\/2025\/05\/nicolas-anderbegani-160x160.jpg","contentUrl":"https:\/\/www.italpassion.fr\/wp-content\/uploads\/2025\/05\/nicolas-anderbegani-160x160.jpg","caption":"Nicolas Anderbegani"},"description":"Nicolas \u00e8 appassionato di storia e di sport motoristici. Guida un'Alfa Romeo Giulietta e sar\u00e0 lieto di condividere con voi la sua passione per le auto italiane.","url":"https:\/\/www.italpassion.fr\/it\/author\/nicolas\/"}]}},"_links":{"self":[{"href":"https:\/\/www.italpassion.fr\/it\/wp-json\/wp\/v2\/posts\/44176","targetHints":{"allow":["GET"]}}],"collection":[{"href":"https:\/\/www.italpassion.fr\/it\/wp-json\/wp\/v2\/posts"}],"about":[{"href":"https:\/\/www.italpassion.fr\/it\/wp-json\/wp\/v2\/types\/post"}],"author":[{"embeddable":true,"href":"https:\/\/www.italpassion.fr\/it\/wp-json\/wp\/v2\/users\/8"}],"replies":[{"embeddable":true,"href":"https:\/\/www.italpassion.fr\/it\/wp-json\/wp\/v2\/comments?post=44176"}],"version-history":[{"count":2,"href":"https:\/\/www.italpassion.fr\/it\/wp-json\/wp\/v2\/posts\/44176\/revisions"}],"predecessor-version":[{"id":44187,"href":"https:\/\/www.italpassion.fr\/it\/wp-json\/wp\/v2\/posts\/44176\/revisions\/44187"}],"wp:featuredmedia":[{"embeddable":true,"href":"https:\/\/www.italpassion.fr\/it\/wp-json\/wp\/v2\/media\/44186"}],"wp:attachment":[{"href":"https:\/\/www.italpassion.fr\/it\/wp-json\/wp\/v2\/media?parent=44176"}],"wp:term":[{"taxonomy":"category","embeddable":true,"href":"https:\/\/www.italpassion.fr\/it\/wp-json\/wp\/v2\/categories?post=44176"},{"taxonomy":"post_tag","embeddable":true,"href":"https:\/\/www.italpassion.fr\/it\/wp-json\/wp\/v2\/tags?post=44176"}],"curies":[{"name":"wp","href":"https:\/\/api.w.org\/{rel}","templated":true}]}}