{"id":44023,"date":"2025-12-05T09:29:18","date_gmt":"2025-12-05T08:29:18","guid":{"rendered":"https:\/\/www.italpassion.fr\/?p=44023"},"modified":"2025-12-05T09:29:18","modified_gmt":"2025-12-05T08:29:18","slug":"lamministratore-delegato-di-stellantis-le-ipotesi-sulle-auto-elettriche-erano-sbagliate-abbiamo-ascoltato-il-mercato-e-rivisto-la-nostra-strategia","status":"publish","type":"post","link":"https:\/\/www.italpassion.fr\/it\/stellantis\/le-ceo-de-stellantis-les-hypotheses-sur-les-voitures-electriques-etaient-erronees-nous-avons-ecoute-le-marche-et-revu-notre-strategie\/","title":{"rendered":"Il CEO di Stellantis: \"Le ipotesi sulle auto elettriche erano sbagliate, quindi abbiamo ascoltato il mercato e rivisto la nostra strategia\"."},"content":{"rendered":"<figure class=\"wp-block-image size-large\"><img loading=\"lazy\" decoding=\"async\" width=\"1024\" height=\"683\" src=\"https:\/\/www.italpassion.fr\/wp-content\/uploads\/2025\/01\/antonio-filosa-1024x683.jpg\" alt=\"\" class=\"wp-image-36056\" srcset=\"https:\/\/www.italpassion.fr\/wp-content\/uploads\/2025\/01\/antonio-filosa-1024x683.jpg 1024w, https:\/\/www.italpassion.fr\/wp-content\/uploads\/2025\/01\/antonio-filosa-300x200.jpg 300w, https:\/\/www.italpassion.fr\/wp-content\/uploads\/2025\/01\/antonio-filosa-768x512.jpg 768w, https:\/\/www.italpassion.fr\/wp-content\/uploads\/2025\/01\/antonio-filosa-18x12.jpg 18w, https:\/\/www.italpassion.fr\/wp-content\/uploads\/2025\/01\/antonio-filosa-561x374.jpg 561w, https:\/\/www.italpassion.fr\/wp-content\/uploads\/2025\/01\/antonio-filosa-1122x748.jpg 1122w, https:\/\/www.italpassion.fr\/wp-content\/uploads\/2025\/01\/antonio-filosa-265x177.jpg 265w, https:\/\/www.italpassion.fr\/wp-content\/uploads\/2025\/01\/antonio-filosa-531x354.jpg 531w, https:\/\/www.italpassion.fr\/wp-content\/uploads\/2025\/01\/antonio-filosa-364x243.jpg 364w, https:\/\/www.italpassion.fr\/wp-content\/uploads\/2025\/01\/antonio-filosa-728x485.jpg 728w, https:\/\/www.italpassion.fr\/wp-content\/uploads\/2025\/01\/antonio-filosa-608x405.jpg 608w, https:\/\/www.italpassion.fr\/wp-content\/uploads\/2025\/01\/antonio-filosa-758x505.jpg 758w, https:\/\/www.italpassion.fr\/wp-content\/uploads\/2025\/01\/antonio-filosa-1152x768.jpg 1152w, https:\/\/www.italpassion.fr\/wp-content\/uploads\/2025\/01\/antonio-filosa.jpg 1200w\" sizes=\"auto, (max-width: 1024px) 100vw, 1024px\" \/><\/figure>\n\n\n\n<p>Antonio Filosa non \u00e8 certo uno che usa mezzi termini. Un mese dopo aver criticato <a href=\"https:\/\/www.italpassion.fr\/it\/stellante\/lamministratore-delegato-di-stellantis-critica-ancora-una-volta-leuropa-le-regole-stabilite-da-bruxelles-non-sono-imperfette-ma-cattive\/\">regole europee ritenute \"negative\" per l'industria automobilistica<\/a>l'amministratore delegato di <a href=\"https:\/\/www.italpassion.fr\/it\/stellante\/\">Stellantis<\/a> ha approfittato della Goldman Sachs Industrials &amp; Autos Week per fare una chiara ammissione che molti produttori pensavano senza osare dirlo: le previsioni interne sulla transizione ai veicoli elettrici erano semplicemente sbagliate. E il gruppo ha gi\u00e0 riorientato profondamente la propria strategia.<\/p>\n\n\n\n<h2 class=\"wp-block-heading\">\"Alcune ipotesi erano sbagliate<\/h2>\n\n\n\n<p>Alla domanda sulla traiettoria americana ed europea di Stellantis, Antonio Filosa ha riconosciuto una grande discrepanza tra le proiezioni interne fatte negli ultimi anni e la realt\u00e0 del mercato. In passato, il Gruppo prevedeva una penetrazione dei veicoli elettrici nel mercato statunitense di 50 % entro il 2030. Oggi, il mercato non ha ancora superato le 6 %. Per quanto riguarda l'Europa, l'idea di raggiungere 100 veicoli elettrici da % entro il 2035 sembra ora troppo ottimistica, considerando la domanda reale e il potere d'acquisto. \"Alcune ipotesi erano sbagliate, ma abbiamo ascoltato il mercato\", afferma. Nell'arco di quattro mesi, Stellantis ha dichiarato di aver rivisto la propria strategia di prodotto e di investimento.<\/p>\n\n\n\n<h2 class=\"wp-block-heading\">Gli ibridi tornano ad essere un'arma strategica<\/h2>\n\n\n\n<p>L'esempio pi\u00f9 evidente viene dagli Stati Uniti. A lungo considerato la patria naturale dei veicoli elettrici per Stellantis, il mercato nordamericano sta riscoprendo gli ibridi... e persino i V8. Il ritorno del motore Hemi sui pick-up Ram ha creato un terremoto commerciale: diecimila ordini in ventiquattro ore, cinquantamila in sei settimane, al punto che la produzione \u00e8 dovuta raddoppiare. Filosa \u00e8 ora convinto che gli ibridi, e in particolare gli ibridi semplici, diventeranno una delle tecnologie preferite dagli automobilisti americani.<\/p>\n\n\n\n<figure class=\"wp-block-image size-full\"><img loading=\"lazy\" decoding=\"async\" width=\"1200\" height=\"800\" src=\"https:\/\/www.italpassion.fr\/wp-content\/uploads\/2025\/12\/ram-v8-hybride.jpg\" alt=\"\" class=\"wp-image-44024\" srcset=\"https:\/\/www.italpassion.fr\/wp-content\/uploads\/2025\/12\/ram-v8-hybride.jpg 1200w, https:\/\/www.italpassion.fr\/wp-content\/uploads\/2025\/12\/ram-v8-hybride-420x280.jpg 420w, https:\/\/www.italpassion.fr\/wp-content\/uploads\/2025\/12\/ram-v8-hybride-768x512.jpg 768w, https:\/\/www.italpassion.fr\/wp-content\/uploads\/2025\/12\/ram-v8-hybride-18x12.jpg 18w\" sizes=\"auto, (max-width: 1200px) 100vw, 1200px\" \/><\/figure>\n\n\n\n<p>Il successo del Ram V8 non \u00e8 un fuoco di paglia. La nuova Jeep Cherokee, completamente riprogettata dopo aver \"ascoltato i consumatori\", arriva nel secondo segmento pi\u00f9 grande degli Stati Uniti, dove intende svolgere un ruolo strutturante. Per Stellantis si tratta di un perfetto esempio di rifocalizzazione del prodotto guidata dalla domanda, non da dogmi normativi o di marketing.<\/p>\n\n\n\n<h2 class=\"wp-block-heading\">Gli Stati Uniti si rilassano, l'Europa si interroga<\/h2>\n\n\n\n<p>La dinamica americana \u00e8 tanto pi\u00f9 promettente in quanto accompagnata da un importante cambiamento politico. L'amministrazione Trump ha appena alleggerito gli standard CAFE, offrendo ai produttori una maggiore flessibilit\u00e0. Filosa vede in questo un'opportunit\u00e0 per riequilibrare il mix di prodotti e catturare una nuova domanda che dieci mesi fa non esisteva.<\/p>\n\n\n\n<p>In Europa l'atmosfera \u00e8 molto diversa. Bruxelles sta preparando un nuovo pacchetto normativo a lungo atteso, ma non c'\u00e8 ancora alcun segnale di allentamento immediato. Filosa torna a chiedere una transizione energetica \"equilibrata e gentile\", sottolineando che un'equazione ragionevole deve tenere conto di tre pilastri: la tutela dell'ambiente, il mantenimento dei posti di lavoro e l'accessibilit\u00e0 economica.<\/p>\n\n\n\n<p>Inoltre, evidenzia un fatto spesso trascurato: le esigenze dei veicoli commerciali leggeri differiscono profondamente da quelle delle auto private. Gli elevati costi di gestione dei veicoli elettrici in questo segmento rendono indispensabile un adeguamento degli standard, aprendosi al contempo a tecnologie alternative come i carburanti sintetici. Ci\u00f2 contrasta con le posizioni pi\u00f9 rigide adottate negli ultimi anni (100 % elettrico, idrogeno, ecc.).<\/p>\n\n\n\n<h2 class=\"wp-block-heading\">Cambio di metodo e revisione della strategia<\/h2>\n\n\n\n<p>Se da un lato Filosa sembra assumere una posizione offensiva sulla direzione tecnologica dell'azienda, dall'altro \u00e8 molto pi\u00f9 cauto sulla sua situazione finanziaria. L'amministratore delegato afferma che Stellantis \u00e8 sostanzialmente in linea con le previsioni di fine novembre, ma riconosce che la priorit\u00e0 \u00e8 tornare a generare un flusso di cassa positivo. Ci vorranno ancora alcuni mesi di progressi trimestre su trimestre per consolidare i fondamentali.<\/p>\n\n\n\n<p>Il Capital Market Day, ora previsto tra maggio e giugno 2026, sveler\u00e0 il nuovo piano strategico del Gruppo. Questo tempo supplementare dimostra la determinazione del management a ricostruire un piano realistico, basato su ipotesi riviste e su una pi\u00f9 chiara comprensione del mercato. Una maggiore disciplina nei lanci, un migliore controllo delle scorte e uno spostamento verso l'alto del mercato nei segmenti redditizi dovrebbero essere le leve principali di questa ripresa.<\/p>\n\n\n\n<h2 class=\"wp-block-heading\">Una nuova era per Stellantis?<\/h2>\n\n\n\n<p>Nel giro di poche settimane, Antonio Filosa avr\u00e0 imposto un chiaro cambio di direzione: riportare Stellantis a una strategia allineata alla domanda reale, alla diversit\u00e0 dei mercati e agli imperativi economici del momento. Un approccio che contrasta radicalmente con quello del suo predecessore Carlos Tavares, pi\u00f9 concentrato su una transizione elettrica accelerata.<\/p>\n\n\n\n<p>Riconoscendo pubblicamente che alcune ipotesi erano sbagliate, il CEO sta inviando un segnale raro nel settore: quello di un'azienda pronta a correggere rapidamente la rotta piuttosto che subire le conseguenze di una strategia rigida. Il mercato statunitense sta gi\u00e0 reagendo positivamente. L'Europa, invece, \u00e8 ancora in attesa di un quadro di riferimento che le permetta di tornare a respirare. Se Bruxelles allenter\u00e0 la sua visione, Stellantis promette di investire di pi\u00f9 nel continente. In caso contrario, la partita potrebbe essere giocata altrove... dove sono i consumatori a dettare il ritmo, non le normative.<\/p>","protected":false},"excerpt":{"rendered":"","protected":false},"author":1,"featured_media":36056,"comment_status":"open","ping_status":"open","sticky":false,"template":"","format":"standard","meta":{"_acf_changed":false,"_sitemap_exclude":false,"_sitemap_priority":"","_sitemap_frequency":"","footnotes":""},"categories":[29],"tags":[565],"class_list":["post-44023","post","type-post","status-publish","format-standard","has-post-thumbnail","hentry","category-stellantis","tag-antonio-filosa","generate-columns","tablet-grid-50","mobile-grid-100","grid-parent","grid-33"],"acf":[],"yoast_head":"<!-- This site is optimized with the Yoast SEO plugin v25.8 - https:\/\/yoast.com\/wordpress\/plugins\/seo\/ -->\n<title>Le CEO de Stellantis : &quot;les hypoth\u00e8ses sur les voitures \u00e9lectriques \u00e9taient erron\u00e9es, nous avons \u00e9cout\u00e9 le march\u00e9 et revu notre strat\u00e9gie&quot; - ItalPassion<\/title>\n<meta name=\"description\" content=\"Antonio Filosa n\u2019est d\u00e9cid\u00e9ment pas un dirigeant qui parle \u00e0 demi-mot. Un mois apr\u00e8s avoir fustig\u00e9 \u00e0 Paris les r\u00e8gles europ\u00e9ennes jug\u00e9es \u00ab mauvaises \u00bb\" \/>\n<meta name=\"robots\" content=\"index, follow, max-snippet:-1, max-image-preview:large, max-video-preview:-1\" \/>\n<link rel=\"canonical\" href=\"https:\/\/www.italpassion.fr\/it\/stellante\/lamministratore-delegato-di-stellantis-le-ipotesi-sulle-auto-elettriche-erano-sbagliate-abbiamo-ascoltato-il-mercato-e-rivisto-la-nostra-strategia\/\" \/>\n<meta property=\"og:locale\" content=\"it_IT\" \/>\n<meta property=\"og:type\" content=\"article\" \/>\n<meta property=\"og:title\" content=\"Le CEO de Stellantis : &quot;les hypoth\u00e8ses sur les voitures \u00e9lectriques \u00e9taient erron\u00e9es, nous avons \u00e9cout\u00e9 le march\u00e9 et revu notre strat\u00e9gie&quot; - ItalPassion\" \/>\n<meta property=\"og:description\" content=\"Antonio Filosa n\u2019est d\u00e9cid\u00e9ment pas un dirigeant qui parle \u00e0 demi-mot. Un mois apr\u00e8s avoir fustig\u00e9 \u00e0 Paris les r\u00e8gles europ\u00e9ennes jug\u00e9es \u00ab mauvaises \u00bb\" \/>\n<meta property=\"og:url\" content=\"https:\/\/www.italpassion.fr\/it\/stellante\/lamministratore-delegato-di-stellantis-le-ipotesi-sulle-auto-elettriche-erano-sbagliate-abbiamo-ascoltato-il-mercato-e-rivisto-la-nostra-strategia\/\" \/>\n<meta property=\"og:site_name\" content=\"ItalPassion\" \/>\n<meta property=\"article:publisher\" content=\"https:\/\/www.facebook.com\/italpassion\" \/>\n<meta property=\"article:published_time\" content=\"2025-12-05T08:29:18+00:00\" \/>\n<meta property=\"og:image\" content=\"https:\/\/www.italpassion.fr\/wp-content\/uploads\/2025\/01\/antonio-filosa.jpg\" \/>\n\t<meta property=\"og:image:width\" content=\"1200\" \/>\n\t<meta property=\"og:image:height\" content=\"800\" \/>\n\t<meta property=\"og:image:type\" content=\"image\/jpeg\" \/>\n<meta name=\"author\" content=\"Alexandre Filluzeau\" \/>\n<meta name=\"twitter:card\" content=\"summary_large_image\" \/>\n<meta name=\"twitter:creator\" content=\"@italpassion\" \/>\n<meta name=\"twitter:site\" content=\"@italpassion\" \/>\n<script type=\"application\/ld+json\" class=\"yoast-schema-graph\">{\"@context\":\"https:\/\/schema.org\",\"@graph\":[{\"@type\":\"NewsArticle\",\"@id\":\"https:\/\/www.italpassion.fr\/it\/stellantis\/le-ceo-de-stellantis-les-hypotheses-sur-les-voitures-electriques-etaient-erronees-nous-avons-ecoute-le-marche-et-revu-notre-strategie\/#article\",\"isPartOf\":{\"@id\":\"https:\/\/www.italpassion.fr\/it\/stellantis\/le-ceo-de-stellantis-les-hypotheses-sur-les-voitures-electriques-etaient-erronees-nous-avons-ecoute-le-marche-et-revu-notre-strategie\/\"},\"author\":{\"name\":\"Alexandre Filluzeau\",\"@id\":\"https:\/\/www.italpassion.fr\/it\/#\/schema\/person\/36f747b2a759ca202d847e85a9434ca0\"},\"headline\":\"Le CEO de Stellantis : \u00ab\u00a0les hypoth\u00e8ses sur les voitures \u00e9lectriques \u00e9taient erron\u00e9es, nous avons \u00e9cout\u00e9 le march\u00e9 et revu notre strat\u00e9gie\u00a0\u00bb\",\"datePublished\":\"2025-12-05T08:29:18+00:00\",\"mainEntityOfPage\":{\"@id\":\"https:\/\/www.italpassion.fr\/it\/stellantis\/le-ceo-de-stellantis-les-hypotheses-sur-les-voitures-electriques-etaient-erronees-nous-avons-ecoute-le-marche-et-revu-notre-strategie\/\"},\"wordCount\":924,\"commentCount\":22,\"publisher\":{\"@id\":\"https:\/\/www.italpassion.fr\/it\/#organization\"},\"image\":{\"@id\":\"https:\/\/www.italpassion.fr\/it\/stellantis\/le-ceo-de-stellantis-les-hypotheses-sur-les-voitures-electriques-etaient-erronees-nous-avons-ecoute-le-marche-et-revu-notre-strategie\/#primaryimage\"},\"thumbnailUrl\":\"https:\/\/www.italpassion.fr\/wp-content\/uploads\/2025\/01\/antonio-filosa.jpg\",\"keywords\":[\"Antonio Filosa\"],\"articleSection\":[\"Stellantis\"],\"inLanguage\":\"it-IT\",\"potentialAction\":[{\"@type\":\"CommentAction\",\"name\":\"Comment\",\"target\":[\"https:\/\/www.italpassion.fr\/it\/stellantis\/le-ceo-de-stellantis-les-hypotheses-sur-les-voitures-electriques-etaient-erronees-nous-avons-ecoute-le-marche-et-revu-notre-strategie\/#respond\"]}]},{\"@type\":\"WebPage\",\"@id\":\"https:\/\/www.italpassion.fr\/it\/stellantis\/le-ceo-de-stellantis-les-hypotheses-sur-les-voitures-electriques-etaient-erronees-nous-avons-ecoute-le-marche-et-revu-notre-strategie\/\",\"url\":\"https:\/\/www.italpassion.fr\/it\/stellantis\/le-ceo-de-stellantis-les-hypotheses-sur-les-voitures-electriques-etaient-erronees-nous-avons-ecoute-le-marche-et-revu-notre-strategie\/\",\"name\":\"Le CEO de Stellantis : \\\"les hypoth\u00e8ses sur les voitures \u00e9lectriques \u00e9taient erron\u00e9es, nous avons \u00e9cout\u00e9 le march\u00e9 et revu notre strat\u00e9gie\\\" - ItalPassion\",\"isPartOf\":{\"@id\":\"https:\/\/www.italpassion.fr\/it\/#website\"},\"primaryImageOfPage\":{\"@id\":\"https:\/\/www.italpassion.fr\/it\/stellantis\/le-ceo-de-stellantis-les-hypotheses-sur-les-voitures-electriques-etaient-erronees-nous-avons-ecoute-le-marche-et-revu-notre-strategie\/#primaryimage\"},\"image\":{\"@id\":\"https:\/\/www.italpassion.fr\/it\/stellantis\/le-ceo-de-stellantis-les-hypotheses-sur-les-voitures-electriques-etaient-erronees-nous-avons-ecoute-le-marche-et-revu-notre-strategie\/#primaryimage\"},\"thumbnailUrl\":\"https:\/\/www.italpassion.fr\/wp-content\/uploads\/2025\/01\/antonio-filosa.jpg\",\"datePublished\":\"2025-12-05T08:29:18+00:00\",\"description\":\"Antonio Filosa n\u2019est d\u00e9cid\u00e9ment pas un dirigeant qui parle \u00e0 demi-mot. Un mois apr\u00e8s avoir fustig\u00e9 \u00e0 Paris les r\u00e8gles europ\u00e9ennes jug\u00e9es \u00ab mauvaises \u00bb\",\"breadcrumb\":{\"@id\":\"https:\/\/www.italpassion.fr\/it\/stellantis\/le-ceo-de-stellantis-les-hypotheses-sur-les-voitures-electriques-etaient-erronees-nous-avons-ecoute-le-marche-et-revu-notre-strategie\/#breadcrumb\"},\"inLanguage\":\"it-IT\",\"potentialAction\":[{\"@type\":\"ReadAction\",\"target\":[\"https:\/\/www.italpassion.fr\/it\/stellantis\/le-ceo-de-stellantis-les-hypotheses-sur-les-voitures-electriques-etaient-erronees-nous-avons-ecoute-le-marche-et-revu-notre-strategie\/\"]}]},{\"@type\":\"ImageObject\",\"inLanguage\":\"it-IT\",\"@id\":\"https:\/\/www.italpassion.fr\/it\/stellantis\/le-ceo-de-stellantis-les-hypotheses-sur-les-voitures-electriques-etaient-erronees-nous-avons-ecoute-le-marche-et-revu-notre-strategie\/#primaryimage\",\"url\":\"https:\/\/www.italpassion.fr\/wp-content\/uploads\/2025\/01\/antonio-filosa.jpg\",\"contentUrl\":\"https:\/\/www.italpassion.fr\/wp-content\/uploads\/2025\/01\/antonio-filosa.jpg\",\"width\":1200,\"height\":800},{\"@type\":\"BreadcrumbList\",\"@id\":\"https:\/\/www.italpassion.fr\/it\/stellantis\/le-ceo-de-stellantis-les-hypotheses-sur-les-voitures-electriques-etaient-erronees-nous-avons-ecoute-le-marche-et-revu-notre-strategie\/#breadcrumb\",\"itemListElement\":[{\"@type\":\"ListItem\",\"position\":1,\"name\":\"Accueil\",\"item\":\"https:\/\/www.italpassion.fr\/it\/\"},{\"@type\":\"ListItem\",\"position\":2,\"name\":\"Le CEO de Stellantis : \u00ab\u00a0les hypoth\u00e8ses sur les voitures \u00e9lectriques \u00e9taient erron\u00e9es, nous avons \u00e9cout\u00e9 le march\u00e9 et revu notre strat\u00e9gie\u00a0\u00bb\"}]},{\"@type\":\"WebSite\",\"@id\":\"https:\/\/www.italpassion.fr\/it\/#website\",\"url\":\"https:\/\/www.italpassion.fr\/it\/\",\"name\":\"ItalPassion\",\"description\":\"Les Passionn\u00e9s d&#039;Automobiles Italiennes\",\"publisher\":{\"@id\":\"https:\/\/www.italpassion.fr\/it\/#organization\"},\"potentialAction\":[{\"@type\":\"SearchAction\",\"target\":{\"@type\":\"EntryPoint\",\"urlTemplate\":\"https:\/\/www.italpassion.fr\/it\/?s={search_term_string}\"},\"query-input\":{\"@type\":\"PropertyValueSpecification\",\"valueRequired\":true,\"valueName\":\"search_term_string\"}}],\"inLanguage\":\"it-IT\"},{\"@type\":\"Organization\",\"@id\":\"https:\/\/www.italpassion.fr\/it\/#organization\",\"name\":\"Italpassion\",\"url\":\"https:\/\/www.italpassion.fr\/it\/\",\"logo\":{\"@type\":\"ImageObject\",\"inLanguage\":\"it-IT\",\"@id\":\"https:\/\/www.italpassion.fr\/it\/#\/schema\/logo\/image\/\",\"url\":\"https:\/\/www.italpassion.fr\/wp-content\/uploads\/2023\/07\/italpassion-yoast.jpg\",\"contentUrl\":\"https:\/\/www.italpassion.fr\/wp-content\/uploads\/2023\/07\/italpassion-yoast.jpg\",\"width\":696,\"height\":696,\"caption\":\"Italpassion\"},\"image\":{\"@id\":\"https:\/\/www.italpassion.fr\/it\/#\/schema\/logo\/image\/\"},\"sameAs\":[\"https:\/\/www.facebook.com\/italpassion\",\"https:\/\/x.com\/italpassion\",\"https:\/\/www.instagram.com\/italpassionfr\/\",\"https:\/\/www.youtube.com\/channel\/UCleq-ByQaA42OjhopwevRjQ\",\"https:\/\/www.facebook.com\/italpassion.en\/\",\"https:\/\/www.facebook.com\/italpassion.it\/\",\"https:\/\/www.facebook.com\/italpassion.de\/\",\"https:\/\/www.facebook.com\/italpassion.ja\/\"]},{\"@type\":\"Person\",\"@id\":\"https:\/\/www.italpassion.fr\/it\/#\/schema\/person\/36f747b2a759ca202d847e85a9434ca0\",\"name\":\"Alexandre Filluzeau\",\"image\":{\"@type\":\"ImageObject\",\"inLanguage\":\"it-IT\",\"@id\":\"https:\/\/www.italpassion.fr\/it\/#\/schema\/person\/image\/\",\"url\":\"https:\/\/www.italpassion.fr\/wp-content\/uploads\/2025\/04\/avatar-alexandre-160x160.jpg\",\"contentUrl\":\"https:\/\/www.italpassion.fr\/wp-content\/uploads\/2025\/04\/avatar-alexandre-160x160.jpg\",\"caption\":\"Alexandre Filluzeau\"},\"description\":\"Fondateur du site ItalPassion, passionn\u00e9 de voitures italiennes et de l'Italie en g\u00e9n\u00e9ral. J'apporte un regard critique et technique aux actualit\u00e9s des marques italiennes quand cela est possible. Propri\u00e9taire d'une Maserati GranTurismo, Alfa Romeo MiTo, Lancia Fulvia et Ducati 695. Ex-propri\u00e9taire d'une Alfa Romeo Giulia.\",\"sameAs\":[\"https:\/\/www.italpassion.fr\/\"],\"url\":\"https:\/\/www.italpassion.fr\/it\/author\/alexandre\/\"}]}<\/script>\n<!-- \/ Yoast SEO plugin. -->","yoast_head_json":{"title":"L'amministratore delegato di Stellantis: \"Le ipotesi sulle auto elettriche erano sbagliate, abbiamo ascoltato il mercato e rivisto la nostra strategia\" - ItalPassion","description":"Antonio Filosa non \u00e8 certo un leader che parla a met\u00e0. Un mese dopo aver criticato le \"cattive\" regole europee a Parigi","robots":{"index":"index","follow":"follow","max-snippet":"max-snippet:-1","max-image-preview":"max-image-preview:large","max-video-preview":"max-video-preview:-1"},"canonical":"https:\/\/www.italpassion.fr\/it\/stellante\/lamministratore-delegato-di-stellantis-le-ipotesi-sulle-auto-elettriche-erano-sbagliate-abbiamo-ascoltato-il-mercato-e-rivisto-la-nostra-strategia\/","og_locale":"it_IT","og_type":"article","og_title":"Le CEO de Stellantis : \"les hypoth\u00e8ses sur les voitures \u00e9lectriques \u00e9taient erron\u00e9es, nous avons \u00e9cout\u00e9 le march\u00e9 et revu notre strat\u00e9gie\" - ItalPassion","og_description":"Antonio Filosa n\u2019est d\u00e9cid\u00e9ment pas un dirigeant qui parle \u00e0 demi-mot. Un mois apr\u00e8s avoir fustig\u00e9 \u00e0 Paris les r\u00e8gles europ\u00e9ennes jug\u00e9es \u00ab mauvaises \u00bb","og_url":"https:\/\/www.italpassion.fr\/it\/stellante\/lamministratore-delegato-di-stellantis-le-ipotesi-sulle-auto-elettriche-erano-sbagliate-abbiamo-ascoltato-il-mercato-e-rivisto-la-nostra-strategia\/","og_site_name":"ItalPassion","article_publisher":"https:\/\/www.facebook.com\/italpassion","article_published_time":"2025-12-05T08:29:18+00:00","og_image":[{"width":1200,"height":800,"url":"https:\/\/www.italpassion.fr\/wp-content\/uploads\/2025\/01\/antonio-filosa.jpg","type":"image\/jpeg"}],"author":"Alexandre Filluzeau","twitter_card":"summary_large_image","twitter_creator":"@italpassion","twitter_site":"@italpassion","schema":{"@context":"https:\/\/schema.org","@graph":[{"@type":"NewsArticle","@id":"https:\/\/www.italpassion.fr\/it\/stellantis\/le-ceo-de-stellantis-les-hypotheses-sur-les-voitures-electriques-etaient-erronees-nous-avons-ecoute-le-marche-et-revu-notre-strategie\/#article","isPartOf":{"@id":"https:\/\/www.italpassion.fr\/it\/stellantis\/le-ceo-de-stellantis-les-hypotheses-sur-les-voitures-electriques-etaient-erronees-nous-avons-ecoute-le-marche-et-revu-notre-strategie\/"},"author":{"name":"Alexandre Filluzeau","@id":"https:\/\/www.italpassion.fr\/it\/#\/schema\/person\/36f747b2a759ca202d847e85a9434ca0"},"headline":"Le CEO de Stellantis : \u00ab\u00a0les hypoth\u00e8ses sur les voitures \u00e9lectriques \u00e9taient erron\u00e9es, nous avons \u00e9cout\u00e9 le march\u00e9 et revu notre strat\u00e9gie\u00a0\u00bb","datePublished":"2025-12-05T08:29:18+00:00","mainEntityOfPage":{"@id":"https:\/\/www.italpassion.fr\/it\/stellantis\/le-ceo-de-stellantis-les-hypotheses-sur-les-voitures-electriques-etaient-erronees-nous-avons-ecoute-le-marche-et-revu-notre-strategie\/"},"wordCount":924,"commentCount":22,"publisher":{"@id":"https:\/\/www.italpassion.fr\/it\/#organization"},"image":{"@id":"https:\/\/www.italpassion.fr\/it\/stellantis\/le-ceo-de-stellantis-les-hypotheses-sur-les-voitures-electriques-etaient-erronees-nous-avons-ecoute-le-marche-et-revu-notre-strategie\/#primaryimage"},"thumbnailUrl":"https:\/\/www.italpassion.fr\/wp-content\/uploads\/2025\/01\/antonio-filosa.jpg","keywords":["Antonio Filosa"],"articleSection":["Stellantis"],"inLanguage":"it-IT","potentialAction":[{"@type":"CommentAction","name":"Comment","target":["https:\/\/www.italpassion.fr\/it\/stellantis\/le-ceo-de-stellantis-les-hypotheses-sur-les-voitures-electriques-etaient-erronees-nous-avons-ecoute-le-marche-et-revu-notre-strategie\/#respond"]}]},{"@type":"WebPage","@id":"https:\/\/www.italpassion.fr\/it\/stellantis\/le-ceo-de-stellantis-les-hypotheses-sur-les-voitures-electriques-etaient-erronees-nous-avons-ecoute-le-marche-et-revu-notre-strategie\/","url":"https:\/\/www.italpassion.fr\/it\/stellantis\/le-ceo-de-stellantis-les-hypotheses-sur-les-voitures-electriques-etaient-erronees-nous-avons-ecoute-le-marche-et-revu-notre-strategie\/","name":"L'amministratore delegato di Stellantis: \"Le ipotesi sulle auto elettriche erano sbagliate, abbiamo ascoltato il mercato e rivisto la nostra strategia\" - ItalPassion","isPartOf":{"@id":"https:\/\/www.italpassion.fr\/it\/#website"},"primaryImageOfPage":{"@id":"https:\/\/www.italpassion.fr\/it\/stellantis\/le-ceo-de-stellantis-les-hypotheses-sur-les-voitures-electriques-etaient-erronees-nous-avons-ecoute-le-marche-et-revu-notre-strategie\/#primaryimage"},"image":{"@id":"https:\/\/www.italpassion.fr\/it\/stellantis\/le-ceo-de-stellantis-les-hypotheses-sur-les-voitures-electriques-etaient-erronees-nous-avons-ecoute-le-marche-et-revu-notre-strategie\/#primaryimage"},"thumbnailUrl":"https:\/\/www.italpassion.fr\/wp-content\/uploads\/2025\/01\/antonio-filosa.jpg","datePublished":"2025-12-05T08:29:18+00:00","description":"Antonio Filosa non \u00e8 certo un leader che parla a met\u00e0. Un mese dopo aver criticato le \"cattive\" regole europee a Parigi","breadcrumb":{"@id":"https:\/\/www.italpassion.fr\/it\/stellantis\/le-ceo-de-stellantis-les-hypotheses-sur-les-voitures-electriques-etaient-erronees-nous-avons-ecoute-le-marche-et-revu-notre-strategie\/#breadcrumb"},"inLanguage":"it-IT","potentialAction":[{"@type":"ReadAction","target":["https:\/\/www.italpassion.fr\/it\/stellantis\/le-ceo-de-stellantis-les-hypotheses-sur-les-voitures-electriques-etaient-erronees-nous-avons-ecoute-le-marche-et-revu-notre-strategie\/"]}]},{"@type":"ImageObject","inLanguage":"it-IT","@id":"https:\/\/www.italpassion.fr\/it\/stellantis\/le-ceo-de-stellantis-les-hypotheses-sur-les-voitures-electriques-etaient-erronees-nous-avons-ecoute-le-marche-et-revu-notre-strategie\/#primaryimage","url":"https:\/\/www.italpassion.fr\/wp-content\/uploads\/2025\/01\/antonio-filosa.jpg","contentUrl":"https:\/\/www.italpassion.fr\/wp-content\/uploads\/2025\/01\/antonio-filosa.jpg","width":1200,"height":800},{"@type":"BreadcrumbList","@id":"https:\/\/www.italpassion.fr\/it\/stellantis\/le-ceo-de-stellantis-les-hypotheses-sur-les-voitures-electriques-etaient-erronees-nous-avons-ecoute-le-marche-et-revu-notre-strategie\/#breadcrumb","itemListElement":[{"@type":"ListItem","position":1,"name":"Accueil","item":"https:\/\/www.italpassion.fr\/it\/"},{"@type":"ListItem","position":2,"name":"Le CEO de Stellantis : \u00ab\u00a0les hypoth\u00e8ses sur les voitures \u00e9lectriques \u00e9taient erron\u00e9es, nous avons \u00e9cout\u00e9 le march\u00e9 et revu notre strat\u00e9gie\u00a0\u00bb"}]},{"@type":"WebSite","@id":"https:\/\/www.italpassion.fr\/it\/#website","url":"https:\/\/www.italpassion.fr\/it\/","name":"ItalPassion","description":"Appassionati di auto italiane","publisher":{"@id":"https:\/\/www.italpassion.fr\/it\/#organization"},"potentialAction":[{"@type":"SearchAction","target":{"@type":"EntryPoint","urlTemplate":"https:\/\/www.italpassion.fr\/it\/?s={search_term_string}"},"query-input":{"@type":"PropertyValueSpecification","valueRequired":true,"valueName":"search_term_string"}}],"inLanguage":"it-IT"},{"@type":"Organization","@id":"https:\/\/www.italpassion.fr\/it\/#organization","name":"Italpassion","url":"https:\/\/www.italpassion.fr\/it\/","logo":{"@type":"ImageObject","inLanguage":"it-IT","@id":"https:\/\/www.italpassion.fr\/it\/#\/schema\/logo\/image\/","url":"https:\/\/www.italpassion.fr\/wp-content\/uploads\/2023\/07\/italpassion-yoast.jpg","contentUrl":"https:\/\/www.italpassion.fr\/wp-content\/uploads\/2023\/07\/italpassion-yoast.jpg","width":696,"height":696,"caption":"Italpassion"},"image":{"@id":"https:\/\/www.italpassion.fr\/it\/#\/schema\/logo\/image\/"},"sameAs":["https:\/\/www.facebook.com\/italpassion","https:\/\/x.com\/italpassion","https:\/\/www.instagram.com\/italpassionfr\/","https:\/\/www.youtube.com\/channel\/UCleq-ByQaA42OjhopwevRjQ","https:\/\/www.facebook.com\/italpassion.en\/","https:\/\/www.facebook.com\/italpassion.it\/","https:\/\/www.facebook.com\/italpassion.de\/","https:\/\/www.facebook.com\/italpassion.ja\/"]},{"@type":"Person","@id":"https:\/\/www.italpassion.fr\/it\/#\/schema\/person\/36f747b2a759ca202d847e85a9434ca0","name":"Alexandre Filluzeau","image":{"@type":"ImageObject","inLanguage":"it-IT","@id":"https:\/\/www.italpassion.fr\/it\/#\/schema\/person\/image\/","url":"https:\/\/www.italpassion.fr\/wp-content\/uploads\/2025\/04\/avatar-alexandre-160x160.jpg","contentUrl":"https:\/\/www.italpassion.fr\/wp-content\/uploads\/2025\/04\/avatar-alexandre-160x160.jpg","caption":"Alexandre Filluzeau"},"description":"Fondatore del sito ItalPassion, appassionato di auto italiane e dell'Italia in generale. Porto un occhio critico e tecnico alle notizie dei marchi italiani, quando possibile. Proprietario di una Maserati GranTurismo, di un'Alfa Romeo MiTo, di una Lancia Fulvia e di una Ducati 695. Ex proprietario di un'Alfa Romeo Giulia.","sameAs":["https:\/\/www.italpassion.fr\/"],"url":"https:\/\/www.italpassion.fr\/it\/author\/alexandre\/"}]}},"_links":{"self":[{"href":"https:\/\/www.italpassion.fr\/it\/wp-json\/wp\/v2\/posts\/44023","targetHints":{"allow":["GET"]}}],"collection":[{"href":"https:\/\/www.italpassion.fr\/it\/wp-json\/wp\/v2\/posts"}],"about":[{"href":"https:\/\/www.italpassion.fr\/it\/wp-json\/wp\/v2\/types\/post"}],"author":[{"embeddable":true,"href":"https:\/\/www.italpassion.fr\/it\/wp-json\/wp\/v2\/users\/1"}],"replies":[{"embeddable":true,"href":"https:\/\/www.italpassion.fr\/it\/wp-json\/wp\/v2\/comments?post=44023"}],"version-history":[{"count":1,"href":"https:\/\/www.italpassion.fr\/it\/wp-json\/wp\/v2\/posts\/44023\/revisions"}],"predecessor-version":[{"id":44025,"href":"https:\/\/www.italpassion.fr\/it\/wp-json\/wp\/v2\/posts\/44023\/revisions\/44025"}],"wp:featuredmedia":[{"embeddable":true,"href":"https:\/\/www.italpassion.fr\/it\/wp-json\/wp\/v2\/media\/36056"}],"wp:attachment":[{"href":"https:\/\/www.italpassion.fr\/it\/wp-json\/wp\/v2\/media?parent=44023"}],"wp:term":[{"taxonomy":"category","embeddable":true,"href":"https:\/\/www.italpassion.fr\/it\/wp-json\/wp\/v2\/categories?post=44023"},{"taxonomy":"post_tag","embeddable":true,"href":"https:\/\/www.italpassion.fr\/it\/wp-json\/wp\/v2\/tags?post=44023"}],"curies":[{"name":"wp","href":"https:\/\/api.w.org\/{rel}","templated":true}]}}