{"id":42514,"date":"2025-10-28T08:01:54","date_gmt":"2025-10-28T07:01:54","guid":{"rendered":"https:\/\/www.italpassion.fr\/?p=42514"},"modified":"2025-10-27T21:50:40","modified_gmt":"2025-10-27T20:50:40","slug":"carlos-tavares-la-mia-prima-auto-da-corsa-unalfa-romeo-alfasud-sprint-saldata-con-gomme-da-masticare","status":"publish","type":"post","link":"https:\/\/www.italpassion.fr\/it\/alfa-romeo\/carlos-tavares-ma-premiere-voiture-de-course-une-alfa-romeo-alfasud-sprint-soudee-au-chewing-gum\/","title":{"rendered":"Carlos Tavares: la mia prima auto da corsa, un'Alfa Romeo Alfasud Sprint, saldata con gomma da masticare"},"content":{"rendered":"<figure class=\"wp-block-image size-full\"><img loading=\"lazy\" decoding=\"async\" width=\"1200\" height=\"800\" src=\"https:\/\/www.italpassion.fr\/wp-content\/uploads\/2025\/10\/alfa-romeo-alfasud.jpg\" alt=\"\" class=\"wp-image-42529\" srcset=\"https:\/\/www.italpassion.fr\/wp-content\/uploads\/2025\/10\/alfa-romeo-alfasud.jpg 1200w, https:\/\/www.italpassion.fr\/wp-content\/uploads\/2025\/10\/alfa-romeo-alfasud-420x280.jpg 420w, https:\/\/www.italpassion.fr\/wp-content\/uploads\/2025\/10\/alfa-romeo-alfasud-768x512.jpg 768w, https:\/\/www.italpassion.fr\/wp-content\/uploads\/2025\/10\/alfa-romeo-alfasud-18x12.jpg 18w\" sizes=\"auto, (max-width: 1200px) 100vw, 1200px\" \/><figcaption class=\"wp-element-caption\">Illustrazione dell'immagine generata dall'AI di Italpassion<\/figcaption><\/figure>\n\n\n\n<p>Quasi un anno dopo <a href=\"https:\/\/www.italpassion.fr\/it\/stellante\/tuono-alle-dimissioni-dellamministratore-delegato-di-stellantis-carlos-tavares\/\">le sue dimissioni da amministratore delegato di Stellantis<\/a>Carlos Tavares torna a far parlare di s\u00e9, dopo essere stato sostituito da Antonio Filosa nel giugno 2025. Il dirigente portoghese ha appena pubblicato un libro intitolato Un pilote dans la temp\u00eate, che abbiamo letto, in cui ripercorre la sua vita, la sua carriera e la sua passione per le auto. Tra i tanti aneddoti che racconta, uno far\u00e0 sorridere gli alfisti: quello della sua prima auto da corsa, un'Alfasud Sprint 1.5L... parzialmente saldata con una gomma da masticare.<\/p>\n\n\n\n<h2 class=\"wp-block-heading\">L'Alfa Romeo degli esordi<\/h2>\n\n\n\n<figure class=\"wp-block-image size-full\"><img loading=\"lazy\" decoding=\"async\" width=\"1200\" height=\"800\" src=\"https:\/\/www.italpassion.fr\/wp-content\/uploads\/2025\/10\/alfa-romeo-alfasud-2.jpg\" alt=\"\" class=\"wp-image-42530\" srcset=\"https:\/\/www.italpassion.fr\/wp-content\/uploads\/2025\/10\/alfa-romeo-alfasud-2.jpg 1200w, https:\/\/www.italpassion.fr\/wp-content\/uploads\/2025\/10\/alfa-romeo-alfasud-2-420x280.jpg 420w, https:\/\/www.italpassion.fr\/wp-content\/uploads\/2025\/10\/alfa-romeo-alfasud-2-768x512.jpg 768w, https:\/\/www.italpassion.fr\/wp-content\/uploads\/2025\/10\/alfa-romeo-alfasud-2-18x12.jpg 18w\" sizes=\"auto, (max-width: 1200px) 100vw, 1200px\" \/><\/figure>\n\n\n\n<p>Nel capitolo 15, sobriamente intitolato \"Il pilota\", Carlos Tavares racconta come la sua passione per lo sport automobilistico sia iniziata quando era adolescente. La sua prima gara ufficiale risale al luglio 1980, al volante della sua auto: un'Alfa Romeo Alfasud Sprint 1.5L, regalatagli dai genitori. Ma prima di poterla iscrivere a una gara, dovette trasformarla. Estintore, interruttore automatico, roll bar... tutto deve essere montato. Il giovane Tavares non aveva n\u00e9 budget n\u00e9 infrastrutture, quindi ha preparato la sua auto come meglio poteva.<\/p>\n\n\n\n<h2 class=\"wp-block-heading\">Il cerchio fatto in casa<\/h2>\n\n\n\n<p>Il roll bar, obbligatorio per la corsa, sar\u00e0 realizzato su misura... presso un produttore di cancelli situato ai piedi del condominio in cui vive. L'acciaio utilizzato? Approssimativamente. Lo spessore? Incerto. Quanto alle saldature, sono, secondo le sue stesse parole, \"tutt'altro che regolamentari\". <\/p>\n\n\n\n<p>Ricorda di aver tagliato la moquette dell'abitacolo per fissare i tubi, poi di aver improvvisato dove l'accesso era troppo difficile. In queste aree, impossibili da saldare correttamente, utilizz\u00f2... una gomma da masticare, che poi dipinse dello stesso colore del resto del roll bar, per ingannare i controllori.<\/p>\n\n\n\n<h2 class=\"wp-block-heading\">Un podio inaspettato<\/h2>\n\n\n\n<p>Contro ogni previsione, l'auto ha superato il test e ha preso il via. Questa audace mossa fai-da-te non ha impedito a Tavares di ottenere una buona prestazione: si \u00e8 classificato secondo nella sua classe e decimo in assoluto.<br>Quel giorno, il futuro ex-patrono di Stellantis vinse il suo primo trofeo.<\/p>","protected":false},"excerpt":{"rendered":"","protected":false},"author":1,"featured_media":42529,"comment_status":"open","ping_status":"open","sticky":false,"template":"","format":"standard","meta":{"_acf_changed":false,"_sitemap_exclude":false,"_sitemap_priority":"","_sitemap_frequency":"","footnotes":""},"categories":[22],"tags":[398],"class_list":["post-42514","post","type-post","status-publish","format-standard","has-post-thumbnail","hentry","category-alfa-romeo","tag-carlos-tavares","generate-columns","tablet-grid-50","mobile-grid-100","grid-parent","grid-33"],"acf":[],"yoast_head":"<!-- This site is optimized with the Yoast SEO plugin v25.8 - https:\/\/yoast.com\/wordpress\/plugins\/seo\/ -->\n<title>Carlos Tavares : ma premi\u00e8re voiture de course, une Alfa Romeo Alfasud Sprint, soud\u00e9e au chewing-gum - ItalPassion<\/title>\n<meta name=\"description\" content=\"Image illustration g\u00e9n\u00e9r\u00e9e par IA par Italpassion Pr\u00e8s d\u2019un an apr\u00e8s sa d\u00e9mission de la direction g\u00e9n\u00e9rale de Stellantis, remplac\u00e9 depuis juin 2025 par\" \/>\n<meta name=\"robots\" content=\"index, follow, max-snippet:-1, max-image-preview:large, max-video-preview:-1\" \/>\n<link rel=\"canonical\" href=\"https:\/\/www.italpassion.fr\/it\/alfa-romeo\/carlos-tavares-la-mia-prima-auto-da-corsa-unalfa-romeo-alfasud-sprint-saldata-con-gomme-da-masticare\/\" \/>\n<meta property=\"og:locale\" content=\"it_IT\" \/>\n<meta property=\"og:type\" content=\"article\" \/>\n<meta property=\"og:title\" content=\"Carlos Tavares : ma premi\u00e8re voiture de course, une Alfa Romeo Alfasud Sprint, soud\u00e9e au chewing-gum - ItalPassion\" \/>\n<meta property=\"og:description\" content=\"Image illustration g\u00e9n\u00e9r\u00e9e par IA par Italpassion Pr\u00e8s d\u2019un an apr\u00e8s sa d\u00e9mission de la direction g\u00e9n\u00e9rale de Stellantis, remplac\u00e9 depuis juin 2025 par\" \/>\n<meta property=\"og:url\" content=\"https:\/\/www.italpassion.fr\/it\/alfa-romeo\/carlos-tavares-la-mia-prima-auto-da-corsa-unalfa-romeo-alfasud-sprint-saldata-con-gomme-da-masticare\/\" \/>\n<meta property=\"og:site_name\" content=\"ItalPassion\" \/>\n<meta property=\"article:publisher\" content=\"https:\/\/www.facebook.com\/italpassion\" \/>\n<meta property=\"article:published_time\" content=\"2025-10-28T07:01:54+00:00\" \/>\n<meta property=\"og:image\" content=\"https:\/\/www.italpassion.fr\/wp-content\/uploads\/2025\/10\/alfa-romeo-alfasud.jpg\" \/>\n\t<meta property=\"og:image:width\" content=\"1200\" \/>\n\t<meta property=\"og:image:height\" content=\"800\" \/>\n\t<meta property=\"og:image:type\" content=\"image\/jpeg\" \/>\n<meta name=\"author\" content=\"Alexandre Filluzeau\" \/>\n<meta name=\"twitter:card\" content=\"summary_large_image\" \/>\n<meta name=\"twitter:creator\" content=\"@italpassion\" \/>\n<meta name=\"twitter:site\" content=\"@italpassion\" \/>\n<script type=\"application\/ld+json\" class=\"yoast-schema-graph\">{\"@context\":\"https:\/\/schema.org\",\"@graph\":[{\"@type\":\"NewsArticle\",\"@id\":\"https:\/\/www.italpassion.fr\/it\/alfa-romeo\/carlos-tavares-ma-premiere-voiture-de-course-une-alfa-romeo-alfasud-sprint-soudee-au-chewing-gum\/#article\",\"isPartOf\":{\"@id\":\"https:\/\/www.italpassion.fr\/it\/alfa-romeo\/carlos-tavares-ma-premiere-voiture-de-course-une-alfa-romeo-alfasud-sprint-soudee-au-chewing-gum\/\"},\"author\":{\"name\":\"Alexandre Filluzeau\",\"@id\":\"https:\/\/www.italpassion.fr\/it\/#\/schema\/person\/36f747b2a759ca202d847e85a9434ca0\"},\"headline\":\"Carlos Tavares : ma premi\u00e8re voiture de course, une Alfa Romeo Alfasud Sprint, soud\u00e9e au chewing-gum\",\"datePublished\":\"2025-10-28T07:01:54+00:00\",\"mainEntityOfPage\":{\"@id\":\"https:\/\/www.italpassion.fr\/it\/alfa-romeo\/carlos-tavares-ma-premiere-voiture-de-course-une-alfa-romeo-alfasud-sprint-soudee-au-chewing-gum\/\"},\"wordCount\":397,\"commentCount\":7,\"publisher\":{\"@id\":\"https:\/\/www.italpassion.fr\/it\/#organization\"},\"image\":{\"@id\":\"https:\/\/www.italpassion.fr\/it\/alfa-romeo\/carlos-tavares-ma-premiere-voiture-de-course-une-alfa-romeo-alfasud-sprint-soudee-au-chewing-gum\/#primaryimage\"},\"thumbnailUrl\":\"https:\/\/www.italpassion.fr\/wp-content\/uploads\/2025\/10\/alfa-romeo-alfasud.jpg\",\"keywords\":[\"Carlos Tavares\"],\"articleSection\":[\"Alfa Romeo\"],\"inLanguage\":\"it-IT\",\"potentialAction\":[{\"@type\":\"CommentAction\",\"name\":\"Comment\",\"target\":[\"https:\/\/www.italpassion.fr\/it\/alfa-romeo\/carlos-tavares-ma-premiere-voiture-de-course-une-alfa-romeo-alfasud-sprint-soudee-au-chewing-gum\/#respond\"]}]},{\"@type\":\"WebPage\",\"@id\":\"https:\/\/www.italpassion.fr\/it\/alfa-romeo\/carlos-tavares-ma-premiere-voiture-de-course-une-alfa-romeo-alfasud-sprint-soudee-au-chewing-gum\/\",\"url\":\"https:\/\/www.italpassion.fr\/it\/alfa-romeo\/carlos-tavares-ma-premiere-voiture-de-course-une-alfa-romeo-alfasud-sprint-soudee-au-chewing-gum\/\",\"name\":\"Carlos Tavares : ma premi\u00e8re voiture de course, une Alfa Romeo Alfasud Sprint, soud\u00e9e au chewing-gum - ItalPassion\",\"isPartOf\":{\"@id\":\"https:\/\/www.italpassion.fr\/it\/#website\"},\"primaryImageOfPage\":{\"@id\":\"https:\/\/www.italpassion.fr\/it\/alfa-romeo\/carlos-tavares-ma-premiere-voiture-de-course-une-alfa-romeo-alfasud-sprint-soudee-au-chewing-gum\/#primaryimage\"},\"image\":{\"@id\":\"https:\/\/www.italpassion.fr\/it\/alfa-romeo\/carlos-tavares-ma-premiere-voiture-de-course-une-alfa-romeo-alfasud-sprint-soudee-au-chewing-gum\/#primaryimage\"},\"thumbnailUrl\":\"https:\/\/www.italpassion.fr\/wp-content\/uploads\/2025\/10\/alfa-romeo-alfasud.jpg\",\"datePublished\":\"2025-10-28T07:01:54+00:00\",\"description\":\"Image illustration g\u00e9n\u00e9r\u00e9e par IA par Italpassion Pr\u00e8s d\u2019un an apr\u00e8s sa d\u00e9mission de la direction g\u00e9n\u00e9rale de Stellantis, remplac\u00e9 depuis juin 2025 par\",\"breadcrumb\":{\"@id\":\"https:\/\/www.italpassion.fr\/it\/alfa-romeo\/carlos-tavares-ma-premiere-voiture-de-course-une-alfa-romeo-alfasud-sprint-soudee-au-chewing-gum\/#breadcrumb\"},\"inLanguage\":\"it-IT\",\"potentialAction\":[{\"@type\":\"ReadAction\",\"target\":[\"https:\/\/www.italpassion.fr\/it\/alfa-romeo\/carlos-tavares-ma-premiere-voiture-de-course-une-alfa-romeo-alfasud-sprint-soudee-au-chewing-gum\/\"]}]},{\"@type\":\"ImageObject\",\"inLanguage\":\"it-IT\",\"@id\":\"https:\/\/www.italpassion.fr\/it\/alfa-romeo\/carlos-tavares-ma-premiere-voiture-de-course-une-alfa-romeo-alfasud-sprint-soudee-au-chewing-gum\/#primaryimage\",\"url\":\"https:\/\/www.italpassion.fr\/wp-content\/uploads\/2025\/10\/alfa-romeo-alfasud.jpg\",\"contentUrl\":\"https:\/\/www.italpassion.fr\/wp-content\/uploads\/2025\/10\/alfa-romeo-alfasud.jpg\",\"width\":1200,\"height\":800},{\"@type\":\"BreadcrumbList\",\"@id\":\"https:\/\/www.italpassion.fr\/it\/alfa-romeo\/carlos-tavares-ma-premiere-voiture-de-course-une-alfa-romeo-alfasud-sprint-soudee-au-chewing-gum\/#breadcrumb\",\"itemListElement\":[{\"@type\":\"ListItem\",\"position\":1,\"name\":\"Accueil\",\"item\":\"https:\/\/www.italpassion.fr\/it\/\"},{\"@type\":\"ListItem\",\"position\":2,\"name\":\"Carlos Tavares : ma premi\u00e8re voiture de course, une Alfa Romeo Alfasud Sprint, soud\u00e9e au chewing-gum\"}]},{\"@type\":\"WebSite\",\"@id\":\"https:\/\/www.italpassion.fr\/it\/#website\",\"url\":\"https:\/\/www.italpassion.fr\/it\/\",\"name\":\"ItalPassion\",\"description\":\"Les Passionn\u00e9s d&#039;Automobiles Italiennes\",\"publisher\":{\"@id\":\"https:\/\/www.italpassion.fr\/it\/#organization\"},\"potentialAction\":[{\"@type\":\"SearchAction\",\"target\":{\"@type\":\"EntryPoint\",\"urlTemplate\":\"https:\/\/www.italpassion.fr\/it\/?s={search_term_string}\"},\"query-input\":{\"@type\":\"PropertyValueSpecification\",\"valueRequired\":true,\"valueName\":\"search_term_string\"}}],\"inLanguage\":\"it-IT\"},{\"@type\":\"Organization\",\"@id\":\"https:\/\/www.italpassion.fr\/it\/#organization\",\"name\":\"Italpassion\",\"url\":\"https:\/\/www.italpassion.fr\/it\/\",\"logo\":{\"@type\":\"ImageObject\",\"inLanguage\":\"it-IT\",\"@id\":\"https:\/\/www.italpassion.fr\/it\/#\/schema\/logo\/image\/\",\"url\":\"https:\/\/www.italpassion.fr\/wp-content\/uploads\/2023\/07\/italpassion-yoast.jpg\",\"contentUrl\":\"https:\/\/www.italpassion.fr\/wp-content\/uploads\/2023\/07\/italpassion-yoast.jpg\",\"width\":696,\"height\":696,\"caption\":\"Italpassion\"},\"image\":{\"@id\":\"https:\/\/www.italpassion.fr\/it\/#\/schema\/logo\/image\/\"},\"sameAs\":[\"https:\/\/www.facebook.com\/italpassion\",\"https:\/\/x.com\/italpassion\",\"https:\/\/www.instagram.com\/italpassionfr\/\",\"https:\/\/www.youtube.com\/channel\/UCleq-ByQaA42OjhopwevRjQ\",\"https:\/\/www.facebook.com\/italpassion.en\/\",\"https:\/\/www.facebook.com\/italpassion.it\/\",\"https:\/\/www.facebook.com\/italpassion.de\/\",\"https:\/\/www.facebook.com\/italpassion.ja\/\"]},{\"@type\":\"Person\",\"@id\":\"https:\/\/www.italpassion.fr\/it\/#\/schema\/person\/36f747b2a759ca202d847e85a9434ca0\",\"name\":\"Alexandre Filluzeau\",\"image\":{\"@type\":\"ImageObject\",\"inLanguage\":\"it-IT\",\"@id\":\"https:\/\/www.italpassion.fr\/it\/#\/schema\/person\/image\/\",\"url\":\"https:\/\/www.italpassion.fr\/wp-content\/uploads\/2025\/04\/avatar-alexandre-160x160.jpg\",\"contentUrl\":\"https:\/\/www.italpassion.fr\/wp-content\/uploads\/2025\/04\/avatar-alexandre-160x160.jpg\",\"caption\":\"Alexandre Filluzeau\"},\"description\":\"Fondateur du site ItalPassion, passionn\u00e9 de voitures italiennes et de l'Italie en g\u00e9n\u00e9ral. J'apporte un regard critique et technique aux actualit\u00e9s des marques italiennes quand cela est possible. Propri\u00e9taire d'une Maserati GranTurismo, Alfa Romeo MiTo, Lancia Fulvia et Ducati 695. Ex-propri\u00e9taire d'une Alfa Romeo Giulia.\",\"sameAs\":[\"https:\/\/www.italpassion.fr\/\"],\"url\":\"https:\/\/www.italpassion.fr\/it\/author\/alexandre\/\"}]}<\/script>\n<!-- \/ Yoast SEO plugin. -->","yoast_head_json":{"title":"Carlos Tavares: la mia prima auto da corsa, un'Alfa Romeo Alfasud Sprint, saldata con gomme da masticare - ItalPassion","description":"Illustrazione generata da AI by Italpassion A quasi un anno dalle sue dimissioni da CEO di Stellantis, sostituito dal giugno 2025 da","robots":{"index":"index","follow":"follow","max-snippet":"max-snippet:-1","max-image-preview":"max-image-preview:large","max-video-preview":"max-video-preview:-1"},"canonical":"https:\/\/www.italpassion.fr\/it\/alfa-romeo\/carlos-tavares-la-mia-prima-auto-da-corsa-unalfa-romeo-alfasud-sprint-saldata-con-gomme-da-masticare\/","og_locale":"it_IT","og_type":"article","og_title":"Carlos Tavares : ma premi\u00e8re voiture de course, une Alfa Romeo Alfasud Sprint, soud\u00e9e au chewing-gum - ItalPassion","og_description":"Image illustration g\u00e9n\u00e9r\u00e9e par IA par Italpassion Pr\u00e8s d\u2019un an apr\u00e8s sa d\u00e9mission de la direction g\u00e9n\u00e9rale de Stellantis, remplac\u00e9 depuis juin 2025 par","og_url":"https:\/\/www.italpassion.fr\/it\/alfa-romeo\/carlos-tavares-la-mia-prima-auto-da-corsa-unalfa-romeo-alfasud-sprint-saldata-con-gomme-da-masticare\/","og_site_name":"ItalPassion","article_publisher":"https:\/\/www.facebook.com\/italpassion","article_published_time":"2025-10-28T07:01:54+00:00","og_image":[{"width":1200,"height":800,"url":"https:\/\/www.italpassion.fr\/wp-content\/uploads\/2025\/10\/alfa-romeo-alfasud.jpg","type":"image\/jpeg"}],"author":"Alexandre Filluzeau","twitter_card":"summary_large_image","twitter_creator":"@italpassion","twitter_site":"@italpassion","schema":{"@context":"https:\/\/schema.org","@graph":[{"@type":"NewsArticle","@id":"https:\/\/www.italpassion.fr\/it\/alfa-romeo\/carlos-tavares-ma-premiere-voiture-de-course-une-alfa-romeo-alfasud-sprint-soudee-au-chewing-gum\/#article","isPartOf":{"@id":"https:\/\/www.italpassion.fr\/it\/alfa-romeo\/carlos-tavares-ma-premiere-voiture-de-course-une-alfa-romeo-alfasud-sprint-soudee-au-chewing-gum\/"},"author":{"name":"Alexandre Filluzeau","@id":"https:\/\/www.italpassion.fr\/it\/#\/schema\/person\/36f747b2a759ca202d847e85a9434ca0"},"headline":"Carlos Tavares : ma premi\u00e8re voiture de course, une Alfa Romeo Alfasud Sprint, soud\u00e9e au chewing-gum","datePublished":"2025-10-28T07:01:54+00:00","mainEntityOfPage":{"@id":"https:\/\/www.italpassion.fr\/it\/alfa-romeo\/carlos-tavares-ma-premiere-voiture-de-course-une-alfa-romeo-alfasud-sprint-soudee-au-chewing-gum\/"},"wordCount":397,"commentCount":7,"publisher":{"@id":"https:\/\/www.italpassion.fr\/it\/#organization"},"image":{"@id":"https:\/\/www.italpassion.fr\/it\/alfa-romeo\/carlos-tavares-ma-premiere-voiture-de-course-une-alfa-romeo-alfasud-sprint-soudee-au-chewing-gum\/#primaryimage"},"thumbnailUrl":"https:\/\/www.italpassion.fr\/wp-content\/uploads\/2025\/10\/alfa-romeo-alfasud.jpg","keywords":["Carlos Tavares"],"articleSection":["Alfa Romeo"],"inLanguage":"it-IT","potentialAction":[{"@type":"CommentAction","name":"Comment","target":["https:\/\/www.italpassion.fr\/it\/alfa-romeo\/carlos-tavares-ma-premiere-voiture-de-course-une-alfa-romeo-alfasud-sprint-soudee-au-chewing-gum\/#respond"]}]},{"@type":"WebPage","@id":"https:\/\/www.italpassion.fr\/it\/alfa-romeo\/carlos-tavares-ma-premiere-voiture-de-course-une-alfa-romeo-alfasud-sprint-soudee-au-chewing-gum\/","url":"https:\/\/www.italpassion.fr\/it\/alfa-romeo\/carlos-tavares-ma-premiere-voiture-de-course-une-alfa-romeo-alfasud-sprint-soudee-au-chewing-gum\/","name":"Carlos Tavares: la mia prima auto da corsa, un'Alfa Romeo Alfasud Sprint, saldata con gomme da masticare - ItalPassion","isPartOf":{"@id":"https:\/\/www.italpassion.fr\/it\/#website"},"primaryImageOfPage":{"@id":"https:\/\/www.italpassion.fr\/it\/alfa-romeo\/carlos-tavares-ma-premiere-voiture-de-course-une-alfa-romeo-alfasud-sprint-soudee-au-chewing-gum\/#primaryimage"},"image":{"@id":"https:\/\/www.italpassion.fr\/it\/alfa-romeo\/carlos-tavares-ma-premiere-voiture-de-course-une-alfa-romeo-alfasud-sprint-soudee-au-chewing-gum\/#primaryimage"},"thumbnailUrl":"https:\/\/www.italpassion.fr\/wp-content\/uploads\/2025\/10\/alfa-romeo-alfasud.jpg","datePublished":"2025-10-28T07:01:54+00:00","description":"Illustrazione generata da AI by Italpassion A quasi un anno dalle sue dimissioni da CEO di Stellantis, sostituito dal giugno 2025 da","breadcrumb":{"@id":"https:\/\/www.italpassion.fr\/it\/alfa-romeo\/carlos-tavares-ma-premiere-voiture-de-course-une-alfa-romeo-alfasud-sprint-soudee-au-chewing-gum\/#breadcrumb"},"inLanguage":"it-IT","potentialAction":[{"@type":"ReadAction","target":["https:\/\/www.italpassion.fr\/it\/alfa-romeo\/carlos-tavares-ma-premiere-voiture-de-course-une-alfa-romeo-alfasud-sprint-soudee-au-chewing-gum\/"]}]},{"@type":"ImageObject","inLanguage":"it-IT","@id":"https:\/\/www.italpassion.fr\/it\/alfa-romeo\/carlos-tavares-ma-premiere-voiture-de-course-une-alfa-romeo-alfasud-sprint-soudee-au-chewing-gum\/#primaryimage","url":"https:\/\/www.italpassion.fr\/wp-content\/uploads\/2025\/10\/alfa-romeo-alfasud.jpg","contentUrl":"https:\/\/www.italpassion.fr\/wp-content\/uploads\/2025\/10\/alfa-romeo-alfasud.jpg","width":1200,"height":800},{"@type":"BreadcrumbList","@id":"https:\/\/www.italpassion.fr\/it\/alfa-romeo\/carlos-tavares-ma-premiere-voiture-de-course-une-alfa-romeo-alfasud-sprint-soudee-au-chewing-gum\/#breadcrumb","itemListElement":[{"@type":"ListItem","position":1,"name":"Accueil","item":"https:\/\/www.italpassion.fr\/it\/"},{"@type":"ListItem","position":2,"name":"Carlos Tavares : ma premi\u00e8re voiture de course, une Alfa Romeo Alfasud Sprint, soud\u00e9e au chewing-gum"}]},{"@type":"WebSite","@id":"https:\/\/www.italpassion.fr\/it\/#website","url":"https:\/\/www.italpassion.fr\/it\/","name":"ItalPassion","description":"Appassionati di auto italiane","publisher":{"@id":"https:\/\/www.italpassion.fr\/it\/#organization"},"potentialAction":[{"@type":"SearchAction","target":{"@type":"EntryPoint","urlTemplate":"https:\/\/www.italpassion.fr\/it\/?s={search_term_string}"},"query-input":{"@type":"PropertyValueSpecification","valueRequired":true,"valueName":"search_term_string"}}],"inLanguage":"it-IT"},{"@type":"Organization","@id":"https:\/\/www.italpassion.fr\/it\/#organization","name":"Italpassion","url":"https:\/\/www.italpassion.fr\/it\/","logo":{"@type":"ImageObject","inLanguage":"it-IT","@id":"https:\/\/www.italpassion.fr\/it\/#\/schema\/logo\/image\/","url":"https:\/\/www.italpassion.fr\/wp-content\/uploads\/2023\/07\/italpassion-yoast.jpg","contentUrl":"https:\/\/www.italpassion.fr\/wp-content\/uploads\/2023\/07\/italpassion-yoast.jpg","width":696,"height":696,"caption":"Italpassion"},"image":{"@id":"https:\/\/www.italpassion.fr\/it\/#\/schema\/logo\/image\/"},"sameAs":["https:\/\/www.facebook.com\/italpassion","https:\/\/x.com\/italpassion","https:\/\/www.instagram.com\/italpassionfr\/","https:\/\/www.youtube.com\/channel\/UCleq-ByQaA42OjhopwevRjQ","https:\/\/www.facebook.com\/italpassion.en\/","https:\/\/www.facebook.com\/italpassion.it\/","https:\/\/www.facebook.com\/italpassion.de\/","https:\/\/www.facebook.com\/italpassion.ja\/"]},{"@type":"Person","@id":"https:\/\/www.italpassion.fr\/it\/#\/schema\/person\/36f747b2a759ca202d847e85a9434ca0","name":"Alexandre Filluzeau","image":{"@type":"ImageObject","inLanguage":"it-IT","@id":"https:\/\/www.italpassion.fr\/it\/#\/schema\/person\/image\/","url":"https:\/\/www.italpassion.fr\/wp-content\/uploads\/2025\/04\/avatar-alexandre-160x160.jpg","contentUrl":"https:\/\/www.italpassion.fr\/wp-content\/uploads\/2025\/04\/avatar-alexandre-160x160.jpg","caption":"Alexandre Filluzeau"},"description":"Fondatore del sito ItalPassion, appassionato di auto italiane e dell'Italia in generale. Porto un occhio critico e tecnico alle notizie dei marchi italiani, quando possibile. Proprietario di una Maserati GranTurismo, di un'Alfa Romeo MiTo, di una Lancia Fulvia e di una Ducati 695. Ex proprietario di un'Alfa Romeo Giulia.","sameAs":["https:\/\/www.italpassion.fr\/"],"url":"https:\/\/www.italpassion.fr\/it\/author\/alexandre\/"}]}},"_links":{"self":[{"href":"https:\/\/www.italpassion.fr\/it\/wp-json\/wp\/v2\/posts\/42514","targetHints":{"allow":["GET"]}}],"collection":[{"href":"https:\/\/www.italpassion.fr\/it\/wp-json\/wp\/v2\/posts"}],"about":[{"href":"https:\/\/www.italpassion.fr\/it\/wp-json\/wp\/v2\/types\/post"}],"author":[{"embeddable":true,"href":"https:\/\/www.italpassion.fr\/it\/wp-json\/wp\/v2\/users\/1"}],"replies":[{"embeddable":true,"href":"https:\/\/www.italpassion.fr\/it\/wp-json\/wp\/v2\/comments?post=42514"}],"version-history":[{"count":3,"href":"https:\/\/www.italpassion.fr\/it\/wp-json\/wp\/v2\/posts\/42514\/revisions"}],"predecessor-version":[{"id":42547,"href":"https:\/\/www.italpassion.fr\/it\/wp-json\/wp\/v2\/posts\/42514\/revisions\/42547"}],"wp:featuredmedia":[{"embeddable":true,"href":"https:\/\/www.italpassion.fr\/it\/wp-json\/wp\/v2\/media\/42529"}],"wp:attachment":[{"href":"https:\/\/www.italpassion.fr\/it\/wp-json\/wp\/v2\/media?parent=42514"}],"wp:term":[{"taxonomy":"category","embeddable":true,"href":"https:\/\/www.italpassion.fr\/it\/wp-json\/wp\/v2\/categories?post=42514"},{"taxonomy":"post_tag","embeddable":true,"href":"https:\/\/www.italpassion.fr\/it\/wp-json\/wp\/v2\/tags?post=42514"}],"curies":[{"name":"wp","href":"https:\/\/api.w.org\/{rel}","templated":true}]}}