{"id":42412,"date":"2025-10-24T14:33:56","date_gmt":"2025-10-24T12:33:56","guid":{"rendered":"https:\/\/www.italpassion.fr\/?p=42412"},"modified":"2025-10-24T14:20:43","modified_gmt":"2025-10-24T12:20:43","slug":"i-piloti-charles-leclerc-e-antonio-giovinazzi-provano-la-ferrari-849-da-1050-cv-in-pista-il-suono-e-davvero-fantastico","status":"publish","type":"post","link":"https:\/\/www.italpassion.fr\/it\/ferrari\/les-pilotes-charles-leclerc-et-antonio-giovinazzi-testent-la-ferrari-849-de-1050-ch-sur-circuit-le-son-est-tres-cool\/","title":{"rendered":"I piloti Charles Leclerc e Antonio Giovinazzi provano in pista la Ferrari 849 da 1050 CV: \"Il suono \u00e8 molto bello"},"content":{"rendered":"<figure class=\"wp-block-image size-full\"><img loading=\"lazy\" decoding=\"async\" width=\"960\" height=\"640\" src=\"https:\/\/www.italpassion.fr\/wp-content\/uploads\/2025\/10\/charles-leclerc-849.jpg\" alt=\"\" class=\"wp-image-42467\" srcset=\"https:\/\/www.italpassion.fr\/wp-content\/uploads\/2025\/10\/charles-leclerc-849.jpg 960w, https:\/\/www.italpassion.fr\/wp-content\/uploads\/2025\/10\/charles-leclerc-849-420x280.jpg 420w, https:\/\/www.italpassion.fr\/wp-content\/uploads\/2025\/10\/charles-leclerc-849-768x512.jpg 768w, https:\/\/www.italpassion.fr\/wp-content\/uploads\/2025\/10\/charles-leclerc-849-18x12.jpg 18w\" sizes=\"auto, (max-width: 960px) 100vw, 960px\" \/><\/figure>\n\n\n\n<p>Tra due Gran Premi, <a href=\"https:\/\/www.italpassion.fr\/it\/tag\/charles-leclerc\/\">Charles Leclerc<\/a> non ha saputo resistere al richiamo del motore V8. Il pilota monegasco della <a href=\"https:\/\/www.italpassion.fr\/it\/tag\/scuderia-ferrari\/\">Scuderia Ferrari<\/a> \u00e8 tornato sul circuito privato di Fiorano per provare insieme ad Antonio Giovinazzi,<a href=\"https:\/\/www.italpassion.fr\/it\/ferrari\/ferrari-presenta-la-nuova-849-testarossa-con-un-v8-da-1050-cv-la-guerra-con-lamborghini-e-dichiarata\/\"> la nuova Ferrari 849 Testarossa<\/a>la supercar ibrida da 1050 CV che succede alla SF90 Stradale.<\/p>\n\n\n\n<p>Con una livrea mimetica, tenuta segreta fino alla presentazione pubblica avvenuta quasi 2 mesi fa, la 849 Testarossa ha fatto ruggire il suo motore biturbo in un mix di adrenalina e pioggia! I due piloti si sono alternati al volante, accompagnati da Raffaele De Simone, che ha supervisionato i test e raccolto feedback fondamentali per le fasi finali dello sviluppo.<\/p>\n\n\n\n<figure class=\"wp-block-image size-full\"><img loading=\"lazy\" decoding=\"async\" width=\"960\" height=\"640\" src=\"https:\/\/www.italpassion.fr\/wp-content\/uploads\/2025\/10\/charles-leclerc-849-2.jpg\" alt=\"\" class=\"wp-image-42469\" srcset=\"https:\/\/www.italpassion.fr\/wp-content\/uploads\/2025\/10\/charles-leclerc-849-2.jpg 960w, https:\/\/www.italpassion.fr\/wp-content\/uploads\/2025\/10\/charles-leclerc-849-2-420x280.jpg 420w, https:\/\/www.italpassion.fr\/wp-content\/uploads\/2025\/10\/charles-leclerc-849-2-768x512.jpg 768w, https:\/\/www.italpassion.fr\/wp-content\/uploads\/2025\/10\/charles-leclerc-849-2-18x12.jpg 18w\" sizes=\"auto, (max-width: 960px) 100vw, 960px\" \/><\/figure>\n\n\n\n<h2 class=\"wp-block-heading\">Il ritorno di un nome leggendario<\/h2>\n\n\n\n<p>Presentata all'inizio di settembre, la 849 Testarossa resuscita un nome leggendario, questa volta associato a una vettura ibrida ricaricabile che produce una potenza combinata di 1.050 CV. Il cuore di questa bestia \u00e8 un V8 biturbo da 830 CV completamente rielaborato, supportato da tre motori elettrici per una potenza combinata superiore a quella della SF90 Stradale e fino a 415 kg di supporto aerodinamico a 250 km\/h.<\/p>\n\n\n\n<p>Ispirata ai prototipi da corsa degli anni Settanta, come la 512 S e la 512 M, la vettura unisce design e tecnologia retr\u00f2. La sua silhouette, dominata da un alettone posteriore a doppia coda, illustra la ricerca dell'efficienza aerodinamica e la nuova identit\u00e0 stilistica di Maranello.<\/p>\n\n\n\n<h2 class=\"wp-block-heading\">Leclerc: \"Il feeling con l'acceleratore \u00e8 incredibile\".<\/h2>\n\n\n\n<figure class=\"wp-block-image size-full\"><img loading=\"lazy\" decoding=\"async\" width=\"960\" height=\"640\" src=\"https:\/\/www.italpassion.fr\/wp-content\/uploads\/2025\/10\/charles-leclerc-849-1.jpg\" alt=\"\" class=\"wp-image-42466\" srcset=\"https:\/\/www.italpassion.fr\/wp-content\/uploads\/2025\/10\/charles-leclerc-849-1.jpg 960w, https:\/\/www.italpassion.fr\/wp-content\/uploads\/2025\/10\/charles-leclerc-849-1-420x280.jpg 420w, https:\/\/www.italpassion.fr\/wp-content\/uploads\/2025\/10\/charles-leclerc-849-1-768x512.jpg 768w, https:\/\/www.italpassion.fr\/wp-content\/uploads\/2025\/10\/charles-leclerc-849-1-18x12.jpg 18w\" sizes=\"auto, (max-width: 960px) 100vw, 960px\" \/><\/figure>\n\n\n\n<p>Con un tempo capriccioso, Leclerc \u00e8 stato il primo a partire. Fin dai primi giri si \u00e8 dimostrato entusiasta:<\/p>\n\n\n\n<blockquote class=\"wp-block-quote is-layout-flow wp-block-quote-is-layout-flow\"><svg aria-hidden=\"true\" focusable=\"false\" class=\"icon icon-quote\" width=\"48\" height=\"48\"><use xlink:href=\"#icon-quote\"><\/use><\/svg>\n<p>\"Mi piace molto di pi\u00f9 la sensazione dell'acceleratore. La potenza si sente sempre, ma non ti sorprende mai\", ha confidato.<\/p>\n<\/blockquote>\n\n\n\n<p>Una frase che la dice lunga sull'evoluzione tecnica della vettura: pi\u00f9 potenza, ma con un controllo totale. De Simone ha confermato:<\/p>\n\n\n\n<blockquote class=\"wp-block-quote is-layout-flow wp-block-quote-is-layout-flow\"><svg aria-hidden=\"true\" focusable=\"false\" class=\"icon icon-quote\" width=\"48\" height=\"48\"><use xlink:href=\"#icon-quote\"><\/use><\/svg>\n<p>\"Abbiamo trascorso sei mesi a rielaborare la coppia e la risposta dell'acceleratore. L'obiettivo era ottenere maggiori prestazioni del motore mantenendo lo stesso tempo di reazione\".<\/p>\n<\/blockquote>\n\n\n\n<h2 class=\"wp-block-heading\">Giovinazzi: \"1050 cavalli, ma stabilit\u00e0 reale\".<\/h2>\n\n\n\n<figure class=\"wp-block-image size-full\"><img loading=\"lazy\" decoding=\"async\" width=\"960\" height=\"640\" src=\"https:\/\/www.italpassion.fr\/wp-content\/uploads\/2025\/10\/giovinazzi-849-2.jpg\" alt=\"\" class=\"wp-image-42470\" srcset=\"https:\/\/www.italpassion.fr\/wp-content\/uploads\/2025\/10\/giovinazzi-849-2.jpg 960w, https:\/\/www.italpassion.fr\/wp-content\/uploads\/2025\/10\/giovinazzi-849-2-420x280.jpg 420w, https:\/\/www.italpassion.fr\/wp-content\/uploads\/2025\/10\/giovinazzi-849-2-768x512.jpg 768w, https:\/\/www.italpassion.fr\/wp-content\/uploads\/2025\/10\/giovinazzi-849-2-18x12.jpg 18w\" sizes=\"auto, (max-width: 960px) 100vw, 960px\" \/><\/figure>\n\n\n\n<p>Anche Antonio Giovinazzi, vincitore della 24 Ore di Le Mans con la Ferrari, ha espresso un giudizio positivo:<\/p>\n\n\n\n<blockquote class=\"wp-block-quote is-layout-flow wp-block-quote-is-layout-flow\"><svg aria-hidden=\"true\" focusable=\"false\" class=\"icon icon-quote\" width=\"48\" height=\"48\"><use xlink:href=\"#icon-quote\"><\/use><\/svg>\n<p>\"La macchina \u00e8 molto stabile, anche con tutta quella potenza. Quando si accelera, si sente la potenza, ma si \u00e8 comunque sicuri.<\/p>\n<\/blockquote>\n\n\n\n<p>Nonostante le condizioni mutevoli, con un'alternanza di caldo soffocante e pioggia, la 849 ha dimostrato una guidabilit\u00e0 esemplare.<\/p>\n\n\n\n<h2 class=\"wp-block-heading\">Il suono di una moderna Ferrari<\/h2>\n\n\n\n<figure class=\"wp-block-image size-full\"><img loading=\"lazy\" decoding=\"async\" width=\"960\" height=\"640\" src=\"https:\/\/www.italpassion.fr\/wp-content\/uploads\/2025\/10\/antonio-giovinazzi-849.jpg\" alt=\"\" class=\"wp-image-42468\" srcset=\"https:\/\/www.italpassion.fr\/wp-content\/uploads\/2025\/10\/antonio-giovinazzi-849.jpg 960w, https:\/\/www.italpassion.fr\/wp-content\/uploads\/2025\/10\/antonio-giovinazzi-849-420x280.jpg 420w, https:\/\/www.italpassion.fr\/wp-content\/uploads\/2025\/10\/antonio-giovinazzi-849-768x512.jpg 768w, https:\/\/www.italpassion.fr\/wp-content\/uploads\/2025\/10\/antonio-giovinazzi-849-18x12.jpg 18w\" sizes=\"auto, (max-width: 960px) 100vw, 960px\" \/><\/figure>\n\n\n\n<p>Le hypercar ibride sono spesso criticate per la loro eccessiva silenziosit\u00e0, ma la 849 Testarossa non rientra in questa categoria. Come ha riassunto Antonio Giovinazzi con un sorriso:<\/p>\n\n\n\n<blockquote class=\"wp-block-quote is-layout-flow wp-block-quote-is-layout-flow\"><svg aria-hidden=\"true\" focusable=\"false\" class=\"icon icon-quote\" width=\"48\" height=\"48\"><use xlink:href=\"#icon-quote\"><\/use><\/svg>\n<p>\"Il suono \u00e8 molto bello\".<\/p>\n<\/blockquote>\n\n\n\n<p>Un complimento che rassicurer\u00e0 i puristi: il V8 Ferrari conserva la sua voce rauca e metallica, firma indissolubile del Cavallino Rampante.<\/p>\n\n\n\n<h2 class=\"wp-block-heading\">Una nuova era per le Ferrari stradali<\/h2>\n\n\n\n<p>La Ferrari 849 Testarossa segna un passo decisivo nella transizione tecnologica del marchio. Pi\u00f9 potente della SF90, quasi altrettanto radicale della F80, incarna il compromesso perfetto. E quando due piloti del marchio, Charles Leclerc e Antonio Giovinazzi, ne sono rimasti entusiasti, si pu\u00f2 essere certi di una cosa: il successore della SF90 \u00e8 assicurato.<\/p>\n\n\n\n<figure class=\"wp-block-embed is-type-video is-provider-youtube wp-block-embed-youtube wp-embed-aspect-16-9 wp-has-aspect-ratio\"><div class=\"wp-block-embed__wrapper\">\n<iframe loading=\"lazy\" title=\"Leclerc e Giovinazzi guidano per la prima volta la Ferrari 849 Testarossa\" width=\"1200\" height=\"675\" src=\"https:\/\/www.youtube-nocookie.com\/embed\/kwWZ66VdXQE?feature=oembed\" frameborder=\"0\" allow=\"accelerometer; autoplay; clipboard-write; encrypted-media; gyroscope; picture-in-picture; web-share\" referrerpolicy=\"strict-origin-when-cross-origin\" allowfullscreen><\/iframe>\n<\/div><\/figure>","protected":false},"excerpt":{"rendered":"","protected":false},"author":1,"featured_media":42467,"comment_status":"open","ping_status":"open","sticky":false,"template":"","format":"standard","meta":{"_acf_changed":false,"_sitemap_exclude":false,"_sitemap_priority":"","_sitemap_frequency":"","footnotes":""},"categories":[23],"tags":[608,346,567],"class_list":["post-42412","post","type-post","status-publish","format-standard","has-post-thumbnail","hentry","category-ferrari","tag-antonio-giovinazzi","tag-charles-leclerc","tag-ferrari-849-testarossa","generate-columns","tablet-grid-50","mobile-grid-100","grid-parent","grid-33"],"acf":[],"yoast_head":"<!-- This site is optimized with the Yoast SEO plugin v25.8 - https:\/\/yoast.com\/wordpress\/plugins\/seo\/ -->\n<title>Les pilotes Charles Leclerc et Antonio Giovinazzi testent la Ferrari 849 de 1050 ch sur circuit : &quot;le son est tr\u00e8s cool&quot; - ItalPassion<\/title>\n<meta name=\"description\" content=\"Entre deux Grands Prix, Charles Leclerc n\u2019a pas r\u00e9sist\u00e9 \u00e0 l\u2019appel du moteur V8. Le pilote mon\u00e9gasque de la Scuderia Ferrari a retrouv\u00e9 le circuit priv\u00e9 de\" \/>\n<meta name=\"robots\" content=\"index, follow, max-snippet:-1, max-image-preview:large, max-video-preview:-1\" \/>\n<link rel=\"canonical\" href=\"https:\/\/www.italpassion.fr\/it\/ferrari\/i-piloti-charles-leclerc-e-antonio-giovinazzi-provano-la-ferrari-849-da-1050-cv-in-pista-il-suono-e-davvero-fantastico\/\" \/>\n<meta property=\"og:locale\" content=\"it_IT\" \/>\n<meta property=\"og:type\" content=\"article\" \/>\n<meta property=\"og:title\" content=\"Les pilotes Charles Leclerc et Antonio Giovinazzi testent la Ferrari 849 de 1050 ch sur circuit : &quot;le son est tr\u00e8s cool&quot; - ItalPassion\" \/>\n<meta property=\"og:description\" content=\"Entre deux Grands Prix, Charles Leclerc n\u2019a pas r\u00e9sist\u00e9 \u00e0 l\u2019appel du moteur V8. Le pilote mon\u00e9gasque de la Scuderia Ferrari a retrouv\u00e9 le circuit priv\u00e9 de\" \/>\n<meta property=\"og:url\" content=\"https:\/\/www.italpassion.fr\/it\/ferrari\/i-piloti-charles-leclerc-e-antonio-giovinazzi-provano-la-ferrari-849-da-1050-cv-in-pista-il-suono-e-davvero-fantastico\/\" \/>\n<meta property=\"og:site_name\" content=\"ItalPassion\" \/>\n<meta property=\"article:publisher\" content=\"https:\/\/www.facebook.com\/italpassion\" \/>\n<meta property=\"article:published_time\" content=\"2025-10-24T12:33:56+00:00\" \/>\n<meta property=\"og:image\" content=\"https:\/\/www.italpassion.fr\/wp-content\/uploads\/2025\/10\/charles-leclerc-849.jpg\" \/>\n\t<meta property=\"og:image:width\" content=\"960\" \/>\n\t<meta property=\"og:image:height\" content=\"640\" \/>\n\t<meta property=\"og:image:type\" content=\"image\/jpeg\" \/>\n<meta name=\"author\" content=\"Alexandre Filluzeau\" \/>\n<meta name=\"twitter:card\" content=\"summary_large_image\" \/>\n<meta name=\"twitter:creator\" content=\"@italpassion\" \/>\n<meta name=\"twitter:site\" content=\"@italpassion\" \/>\n<script type=\"application\/ld+json\" class=\"yoast-schema-graph\">{\"@context\":\"https:\/\/schema.org\",\"@graph\":[{\"@type\":\"NewsArticle\",\"@id\":\"https:\/\/www.italpassion.fr\/it\/ferrari\/les-pilotes-charles-leclerc-et-antonio-giovinazzi-testent-la-ferrari-849-de-1050-ch-sur-circuit-le-son-est-tres-cool\/#article\",\"isPartOf\":{\"@id\":\"https:\/\/www.italpassion.fr\/it\/ferrari\/les-pilotes-charles-leclerc-et-antonio-giovinazzi-testent-la-ferrari-849-de-1050-ch-sur-circuit-le-son-est-tres-cool\/\"},\"author\":{\"name\":\"Alexandre Filluzeau\",\"@id\":\"https:\/\/www.italpassion.fr\/it\/#\/schema\/person\/36f747b2a759ca202d847e85a9434ca0\"},\"headline\":\"Les pilotes Charles Leclerc et Antonio Giovinazzi testent la Ferrari 849 de 1050 ch sur circuit : \u00ab\u00a0le son est tr\u00e8s cool\u00a0\u00bb\",\"datePublished\":\"2025-10-24T12:33:56+00:00\",\"mainEntityOfPage\":{\"@id\":\"https:\/\/www.italpassion.fr\/it\/ferrari\/les-pilotes-charles-leclerc-et-antonio-giovinazzi-testent-la-ferrari-849-de-1050-ch-sur-circuit-le-son-est-tres-cool\/\"},\"wordCount\":600,\"commentCount\":0,\"publisher\":{\"@id\":\"https:\/\/www.italpassion.fr\/it\/#organization\"},\"image\":{\"@id\":\"https:\/\/www.italpassion.fr\/it\/ferrari\/les-pilotes-charles-leclerc-et-antonio-giovinazzi-testent-la-ferrari-849-de-1050-ch-sur-circuit-le-son-est-tres-cool\/#primaryimage\"},\"thumbnailUrl\":\"https:\/\/www.italpassion.fr\/wp-content\/uploads\/2025\/10\/charles-leclerc-849.jpg\",\"keywords\":[\"Antonio Giovinazzi\",\"Charles Leclerc\",\"Ferrari 849 Testarossa\"],\"articleSection\":[\"Ferrari\"],\"inLanguage\":\"it-IT\",\"potentialAction\":[{\"@type\":\"CommentAction\",\"name\":\"Comment\",\"target\":[\"https:\/\/www.italpassion.fr\/it\/ferrari\/les-pilotes-charles-leclerc-et-antonio-giovinazzi-testent-la-ferrari-849-de-1050-ch-sur-circuit-le-son-est-tres-cool\/#respond\"]}]},{\"@type\":\"WebPage\",\"@id\":\"https:\/\/www.italpassion.fr\/it\/ferrari\/les-pilotes-charles-leclerc-et-antonio-giovinazzi-testent-la-ferrari-849-de-1050-ch-sur-circuit-le-son-est-tres-cool\/\",\"url\":\"https:\/\/www.italpassion.fr\/it\/ferrari\/les-pilotes-charles-leclerc-et-antonio-giovinazzi-testent-la-ferrari-849-de-1050-ch-sur-circuit-le-son-est-tres-cool\/\",\"name\":\"Les pilotes Charles Leclerc et Antonio Giovinazzi testent la Ferrari 849 de 1050 ch sur circuit : \\\"le son est tr\u00e8s cool\\\" - ItalPassion\",\"isPartOf\":{\"@id\":\"https:\/\/www.italpassion.fr\/it\/#website\"},\"primaryImageOfPage\":{\"@id\":\"https:\/\/www.italpassion.fr\/it\/ferrari\/les-pilotes-charles-leclerc-et-antonio-giovinazzi-testent-la-ferrari-849-de-1050-ch-sur-circuit-le-son-est-tres-cool\/#primaryimage\"},\"image\":{\"@id\":\"https:\/\/www.italpassion.fr\/it\/ferrari\/les-pilotes-charles-leclerc-et-antonio-giovinazzi-testent-la-ferrari-849-de-1050-ch-sur-circuit-le-son-est-tres-cool\/#primaryimage\"},\"thumbnailUrl\":\"https:\/\/www.italpassion.fr\/wp-content\/uploads\/2025\/10\/charles-leclerc-849.jpg\",\"datePublished\":\"2025-10-24T12:33:56+00:00\",\"description\":\"Entre deux Grands Prix, Charles Leclerc n\u2019a pas r\u00e9sist\u00e9 \u00e0 l\u2019appel du moteur V8. Le pilote mon\u00e9gasque de la Scuderia Ferrari a retrouv\u00e9 le circuit priv\u00e9 de\",\"breadcrumb\":{\"@id\":\"https:\/\/www.italpassion.fr\/it\/ferrari\/les-pilotes-charles-leclerc-et-antonio-giovinazzi-testent-la-ferrari-849-de-1050-ch-sur-circuit-le-son-est-tres-cool\/#breadcrumb\"},\"inLanguage\":\"it-IT\",\"potentialAction\":[{\"@type\":\"ReadAction\",\"target\":[\"https:\/\/www.italpassion.fr\/it\/ferrari\/les-pilotes-charles-leclerc-et-antonio-giovinazzi-testent-la-ferrari-849-de-1050-ch-sur-circuit-le-son-est-tres-cool\/\"]}]},{\"@type\":\"ImageObject\",\"inLanguage\":\"it-IT\",\"@id\":\"https:\/\/www.italpassion.fr\/it\/ferrari\/les-pilotes-charles-leclerc-et-antonio-giovinazzi-testent-la-ferrari-849-de-1050-ch-sur-circuit-le-son-est-tres-cool\/#primaryimage\",\"url\":\"https:\/\/www.italpassion.fr\/wp-content\/uploads\/2025\/10\/charles-leclerc-849.jpg\",\"contentUrl\":\"https:\/\/www.italpassion.fr\/wp-content\/uploads\/2025\/10\/charles-leclerc-849.jpg\",\"width\":960,\"height\":640},{\"@type\":\"BreadcrumbList\",\"@id\":\"https:\/\/www.italpassion.fr\/it\/ferrari\/les-pilotes-charles-leclerc-et-antonio-giovinazzi-testent-la-ferrari-849-de-1050-ch-sur-circuit-le-son-est-tres-cool\/#breadcrumb\",\"itemListElement\":[{\"@type\":\"ListItem\",\"position\":1,\"name\":\"Accueil\",\"item\":\"https:\/\/www.italpassion.fr\/it\/\"},{\"@type\":\"ListItem\",\"position\":2,\"name\":\"Les pilotes Charles Leclerc et Antonio Giovinazzi testent la Ferrari 849 de 1050 ch sur circuit : \u00ab\u00a0le son est tr\u00e8s cool\u00a0\u00bb\"}]},{\"@type\":\"WebSite\",\"@id\":\"https:\/\/www.italpassion.fr\/it\/#website\",\"url\":\"https:\/\/www.italpassion.fr\/it\/\",\"name\":\"ItalPassion\",\"description\":\"Les Passionn\u00e9s d&#039;Automobiles Italiennes\",\"publisher\":{\"@id\":\"https:\/\/www.italpassion.fr\/it\/#organization\"},\"potentialAction\":[{\"@type\":\"SearchAction\",\"target\":{\"@type\":\"EntryPoint\",\"urlTemplate\":\"https:\/\/www.italpassion.fr\/it\/?s={search_term_string}\"},\"query-input\":{\"@type\":\"PropertyValueSpecification\",\"valueRequired\":true,\"valueName\":\"search_term_string\"}}],\"inLanguage\":\"it-IT\"},{\"@type\":\"Organization\",\"@id\":\"https:\/\/www.italpassion.fr\/it\/#organization\",\"name\":\"Italpassion\",\"url\":\"https:\/\/www.italpassion.fr\/it\/\",\"logo\":{\"@type\":\"ImageObject\",\"inLanguage\":\"it-IT\",\"@id\":\"https:\/\/www.italpassion.fr\/it\/#\/schema\/logo\/image\/\",\"url\":\"https:\/\/www.italpassion.fr\/wp-content\/uploads\/2023\/07\/italpassion-yoast.jpg\",\"contentUrl\":\"https:\/\/www.italpassion.fr\/wp-content\/uploads\/2023\/07\/italpassion-yoast.jpg\",\"width\":696,\"height\":696,\"caption\":\"Italpassion\"},\"image\":{\"@id\":\"https:\/\/www.italpassion.fr\/it\/#\/schema\/logo\/image\/\"},\"sameAs\":[\"https:\/\/www.facebook.com\/italpassion\",\"https:\/\/x.com\/italpassion\",\"https:\/\/www.instagram.com\/italpassionfr\/\",\"https:\/\/www.youtube.com\/channel\/UCleq-ByQaA42OjhopwevRjQ\",\"https:\/\/www.facebook.com\/italpassion.en\/\",\"https:\/\/www.facebook.com\/italpassion.it\/\",\"https:\/\/www.facebook.com\/italpassion.de\/\",\"https:\/\/www.facebook.com\/italpassion.ja\/\"]},{\"@type\":\"Person\",\"@id\":\"https:\/\/www.italpassion.fr\/it\/#\/schema\/person\/36f747b2a759ca202d847e85a9434ca0\",\"name\":\"Alexandre Filluzeau\",\"image\":{\"@type\":\"ImageObject\",\"inLanguage\":\"it-IT\",\"@id\":\"https:\/\/www.italpassion.fr\/it\/#\/schema\/person\/image\/\",\"url\":\"https:\/\/www.italpassion.fr\/wp-content\/uploads\/2025\/04\/avatar-alexandre-160x160.jpg\",\"contentUrl\":\"https:\/\/www.italpassion.fr\/wp-content\/uploads\/2025\/04\/avatar-alexandre-160x160.jpg\",\"caption\":\"Alexandre Filluzeau\"},\"description\":\"Fondateur du site ItalPassion, passionn\u00e9 de voitures italiennes et de l'Italie en g\u00e9n\u00e9ral. J'apporte un regard critique et technique aux actualit\u00e9s des marques italiennes quand cela est possible. Propri\u00e9taire d'une Maserati GranTurismo, Alfa Romeo MiTo, Lancia Fulvia et Ducati 695. Ex-propri\u00e9taire d'une Alfa Romeo Giulia.\",\"sameAs\":[\"https:\/\/www.italpassion.fr\/\"],\"url\":\"https:\/\/www.italpassion.fr\/it\/author\/alexandre\/\"}]}<\/script>\n<!-- \/ Yoast SEO plugin. -->","yoast_head_json":{"title":"I piloti Charles Leclerc e Antonio Giovinazzi provano in pista la Ferrari 849 da 1050 CV: \"Il suono \u00e8 molto bello\" - ItalPassion","description":"Tra un Gran Premio e l'altro, Charles Leclerc non ha resistito al richiamo del motore V8. Il pilota monegasco della Scuderia Ferrari \u00e8 tornato al circuito privato di","robots":{"index":"index","follow":"follow","max-snippet":"max-snippet:-1","max-image-preview":"max-image-preview:large","max-video-preview":"max-video-preview:-1"},"canonical":"https:\/\/www.italpassion.fr\/it\/ferrari\/i-piloti-charles-leclerc-e-antonio-giovinazzi-provano-la-ferrari-849-da-1050-cv-in-pista-il-suono-e-davvero-fantastico\/","og_locale":"it_IT","og_type":"article","og_title":"Les pilotes Charles Leclerc et Antonio Giovinazzi testent la Ferrari 849 de 1050 ch sur circuit : \"le son est tr\u00e8s cool\" - ItalPassion","og_description":"Entre deux Grands Prix, Charles Leclerc n\u2019a pas r\u00e9sist\u00e9 \u00e0 l\u2019appel du moteur V8. Le pilote mon\u00e9gasque de la Scuderia Ferrari a retrouv\u00e9 le circuit priv\u00e9 de","og_url":"https:\/\/www.italpassion.fr\/it\/ferrari\/i-piloti-charles-leclerc-e-antonio-giovinazzi-provano-la-ferrari-849-da-1050-cv-in-pista-il-suono-e-davvero-fantastico\/","og_site_name":"ItalPassion","article_publisher":"https:\/\/www.facebook.com\/italpassion","article_published_time":"2025-10-24T12:33:56+00:00","og_image":[{"width":960,"height":640,"url":"https:\/\/www.italpassion.fr\/wp-content\/uploads\/2025\/10\/charles-leclerc-849.jpg","type":"image\/jpeg"}],"author":"Alexandre Filluzeau","twitter_card":"summary_large_image","twitter_creator":"@italpassion","twitter_site":"@italpassion","schema":{"@context":"https:\/\/schema.org","@graph":[{"@type":"NewsArticle","@id":"https:\/\/www.italpassion.fr\/it\/ferrari\/les-pilotes-charles-leclerc-et-antonio-giovinazzi-testent-la-ferrari-849-de-1050-ch-sur-circuit-le-son-est-tres-cool\/#article","isPartOf":{"@id":"https:\/\/www.italpassion.fr\/it\/ferrari\/les-pilotes-charles-leclerc-et-antonio-giovinazzi-testent-la-ferrari-849-de-1050-ch-sur-circuit-le-son-est-tres-cool\/"},"author":{"name":"Alexandre Filluzeau","@id":"https:\/\/www.italpassion.fr\/it\/#\/schema\/person\/36f747b2a759ca202d847e85a9434ca0"},"headline":"Les pilotes Charles Leclerc et Antonio Giovinazzi testent la Ferrari 849 de 1050 ch sur circuit : \u00ab\u00a0le son est tr\u00e8s cool\u00a0\u00bb","datePublished":"2025-10-24T12:33:56+00:00","mainEntityOfPage":{"@id":"https:\/\/www.italpassion.fr\/it\/ferrari\/les-pilotes-charles-leclerc-et-antonio-giovinazzi-testent-la-ferrari-849-de-1050-ch-sur-circuit-le-son-est-tres-cool\/"},"wordCount":600,"commentCount":0,"publisher":{"@id":"https:\/\/www.italpassion.fr\/it\/#organization"},"image":{"@id":"https:\/\/www.italpassion.fr\/it\/ferrari\/les-pilotes-charles-leclerc-et-antonio-giovinazzi-testent-la-ferrari-849-de-1050-ch-sur-circuit-le-son-est-tres-cool\/#primaryimage"},"thumbnailUrl":"https:\/\/www.italpassion.fr\/wp-content\/uploads\/2025\/10\/charles-leclerc-849.jpg","keywords":["Antonio Giovinazzi","Charles Leclerc","Ferrari 849 Testarossa"],"articleSection":["Ferrari"],"inLanguage":"it-IT","potentialAction":[{"@type":"CommentAction","name":"Comment","target":["https:\/\/www.italpassion.fr\/it\/ferrari\/les-pilotes-charles-leclerc-et-antonio-giovinazzi-testent-la-ferrari-849-de-1050-ch-sur-circuit-le-son-est-tres-cool\/#respond"]}]},{"@type":"WebPage","@id":"https:\/\/www.italpassion.fr\/it\/ferrari\/les-pilotes-charles-leclerc-et-antonio-giovinazzi-testent-la-ferrari-849-de-1050-ch-sur-circuit-le-son-est-tres-cool\/","url":"https:\/\/www.italpassion.fr\/it\/ferrari\/les-pilotes-charles-leclerc-et-antonio-giovinazzi-testent-la-ferrari-849-de-1050-ch-sur-circuit-le-son-est-tres-cool\/","name":"I piloti Charles Leclerc e Antonio Giovinazzi provano in pista la Ferrari 849 da 1050 CV: \"Il suono \u00e8 molto bello\" - ItalPassion","isPartOf":{"@id":"https:\/\/www.italpassion.fr\/it\/#website"},"primaryImageOfPage":{"@id":"https:\/\/www.italpassion.fr\/it\/ferrari\/les-pilotes-charles-leclerc-et-antonio-giovinazzi-testent-la-ferrari-849-de-1050-ch-sur-circuit-le-son-est-tres-cool\/#primaryimage"},"image":{"@id":"https:\/\/www.italpassion.fr\/it\/ferrari\/les-pilotes-charles-leclerc-et-antonio-giovinazzi-testent-la-ferrari-849-de-1050-ch-sur-circuit-le-son-est-tres-cool\/#primaryimage"},"thumbnailUrl":"https:\/\/www.italpassion.fr\/wp-content\/uploads\/2025\/10\/charles-leclerc-849.jpg","datePublished":"2025-10-24T12:33:56+00:00","description":"Tra un Gran Premio e l'altro, Charles Leclerc non ha resistito al richiamo del motore V8. Il pilota monegasco della Scuderia Ferrari \u00e8 tornato al circuito privato di","breadcrumb":{"@id":"https:\/\/www.italpassion.fr\/it\/ferrari\/les-pilotes-charles-leclerc-et-antonio-giovinazzi-testent-la-ferrari-849-de-1050-ch-sur-circuit-le-son-est-tres-cool\/#breadcrumb"},"inLanguage":"it-IT","potentialAction":[{"@type":"ReadAction","target":["https:\/\/www.italpassion.fr\/it\/ferrari\/les-pilotes-charles-leclerc-et-antonio-giovinazzi-testent-la-ferrari-849-de-1050-ch-sur-circuit-le-son-est-tres-cool\/"]}]},{"@type":"ImageObject","inLanguage":"it-IT","@id":"https:\/\/www.italpassion.fr\/it\/ferrari\/les-pilotes-charles-leclerc-et-antonio-giovinazzi-testent-la-ferrari-849-de-1050-ch-sur-circuit-le-son-est-tres-cool\/#primaryimage","url":"https:\/\/www.italpassion.fr\/wp-content\/uploads\/2025\/10\/charles-leclerc-849.jpg","contentUrl":"https:\/\/www.italpassion.fr\/wp-content\/uploads\/2025\/10\/charles-leclerc-849.jpg","width":960,"height":640},{"@type":"BreadcrumbList","@id":"https:\/\/www.italpassion.fr\/it\/ferrari\/les-pilotes-charles-leclerc-et-antonio-giovinazzi-testent-la-ferrari-849-de-1050-ch-sur-circuit-le-son-est-tres-cool\/#breadcrumb","itemListElement":[{"@type":"ListItem","position":1,"name":"Accueil","item":"https:\/\/www.italpassion.fr\/it\/"},{"@type":"ListItem","position":2,"name":"Les pilotes Charles Leclerc et Antonio Giovinazzi testent la Ferrari 849 de 1050 ch sur circuit : \u00ab\u00a0le son est tr\u00e8s cool\u00a0\u00bb"}]},{"@type":"WebSite","@id":"https:\/\/www.italpassion.fr\/it\/#website","url":"https:\/\/www.italpassion.fr\/it\/","name":"ItalPassion","description":"Appassionati di auto italiane","publisher":{"@id":"https:\/\/www.italpassion.fr\/it\/#organization"},"potentialAction":[{"@type":"SearchAction","target":{"@type":"EntryPoint","urlTemplate":"https:\/\/www.italpassion.fr\/it\/?s={search_term_string}"},"query-input":{"@type":"PropertyValueSpecification","valueRequired":true,"valueName":"search_term_string"}}],"inLanguage":"it-IT"},{"@type":"Organization","@id":"https:\/\/www.italpassion.fr\/it\/#organization","name":"Italpassion","url":"https:\/\/www.italpassion.fr\/it\/","logo":{"@type":"ImageObject","inLanguage":"it-IT","@id":"https:\/\/www.italpassion.fr\/it\/#\/schema\/logo\/image\/","url":"https:\/\/www.italpassion.fr\/wp-content\/uploads\/2023\/07\/italpassion-yoast.jpg","contentUrl":"https:\/\/www.italpassion.fr\/wp-content\/uploads\/2023\/07\/italpassion-yoast.jpg","width":696,"height":696,"caption":"Italpassion"},"image":{"@id":"https:\/\/www.italpassion.fr\/it\/#\/schema\/logo\/image\/"},"sameAs":["https:\/\/www.facebook.com\/italpassion","https:\/\/x.com\/italpassion","https:\/\/www.instagram.com\/italpassionfr\/","https:\/\/www.youtube.com\/channel\/UCleq-ByQaA42OjhopwevRjQ","https:\/\/www.facebook.com\/italpassion.en\/","https:\/\/www.facebook.com\/italpassion.it\/","https:\/\/www.facebook.com\/italpassion.de\/","https:\/\/www.facebook.com\/italpassion.ja\/"]},{"@type":"Person","@id":"https:\/\/www.italpassion.fr\/it\/#\/schema\/person\/36f747b2a759ca202d847e85a9434ca0","name":"Alexandre Filluzeau","image":{"@type":"ImageObject","inLanguage":"it-IT","@id":"https:\/\/www.italpassion.fr\/it\/#\/schema\/person\/image\/","url":"https:\/\/www.italpassion.fr\/wp-content\/uploads\/2025\/04\/avatar-alexandre-160x160.jpg","contentUrl":"https:\/\/www.italpassion.fr\/wp-content\/uploads\/2025\/04\/avatar-alexandre-160x160.jpg","caption":"Alexandre Filluzeau"},"description":"Fondatore del sito ItalPassion, appassionato di auto italiane e dell'Italia in generale. Porto un occhio critico e tecnico alle notizie dei marchi italiani, quando possibile. Proprietario di una Maserati GranTurismo, di un'Alfa Romeo MiTo, di una Lancia Fulvia e di una Ducati 695. Ex proprietario di un'Alfa Romeo Giulia.","sameAs":["https:\/\/www.italpassion.fr\/"],"url":"https:\/\/www.italpassion.fr\/it\/author\/alexandre\/"}]}},"_links":{"self":[{"href":"https:\/\/www.italpassion.fr\/it\/wp-json\/wp\/v2\/posts\/42412","targetHints":{"allow":["GET"]}}],"collection":[{"href":"https:\/\/www.italpassion.fr\/it\/wp-json\/wp\/v2\/posts"}],"about":[{"href":"https:\/\/www.italpassion.fr\/it\/wp-json\/wp\/v2\/types\/post"}],"author":[{"embeddable":true,"href":"https:\/\/www.italpassion.fr\/it\/wp-json\/wp\/v2\/users\/1"}],"replies":[{"embeddable":true,"href":"https:\/\/www.italpassion.fr\/it\/wp-json\/wp\/v2\/comments?post=42412"}],"version-history":[{"count":3,"href":"https:\/\/www.italpassion.fr\/it\/wp-json\/wp\/v2\/posts\/42412\/revisions"}],"predecessor-version":[{"id":42471,"href":"https:\/\/www.italpassion.fr\/it\/wp-json\/wp\/v2\/posts\/42412\/revisions\/42471"}],"wp:featuredmedia":[{"embeddable":true,"href":"https:\/\/www.italpassion.fr\/it\/wp-json\/wp\/v2\/media\/42467"}],"wp:attachment":[{"href":"https:\/\/www.italpassion.fr\/it\/wp-json\/wp\/v2\/media?parent=42412"}],"wp:term":[{"taxonomy":"category","embeddable":true,"href":"https:\/\/www.italpassion.fr\/it\/wp-json\/wp\/v2\/categories?post=42412"},{"taxonomy":"post_tag","embeddable":true,"href":"https:\/\/www.italpassion.fr\/it\/wp-json\/wp\/v2\/tags?post=42412"}],"curies":[{"name":"wp","href":"https:\/\/api.w.org\/{rel}","templated":true}]}}