{"id":42364,"date":"2025-10-21T17:14:36","date_gmt":"2025-10-21T15:14:36","guid":{"rendered":"https:\/\/www.italpassion.fr\/?p=42364"},"modified":"2025-10-21T17:14:36","modified_gmt":"2025-10-21T15:14:36","slug":"lancia-entra-nel-wrc2-ma-fatica-a-vendere-auto","status":"publish","type":"post","link":"https:\/\/www.italpassion.fr\/it\/lancia\/lancia-sengage-en-wrc2-mais-peine-a-vendre-ses-voitures\/","title":{"rendered":"Lancia entra nel WRC2... ma fatica a vendere automobili"},"content":{"rendered":"<figure class=\"wp-block-image size-full\"><img loading=\"lazy\" decoding=\"async\" width=\"1200\" height=\"800\" src=\"https:\/\/www.italpassion.fr\/wp-content\/uploads\/2025\/06\/lancia-ypsilon-Vernice-Arancio-Lava-con-tetto-nero.jpg\" alt=\"\" class=\"wp-image-39503\" srcset=\"https:\/\/www.italpassion.fr\/wp-content\/uploads\/2025\/06\/lancia-ypsilon-Vernice-Arancio-Lava-con-tetto-nero.jpg 1200w, https:\/\/www.italpassion.fr\/wp-content\/uploads\/2025\/06\/lancia-ypsilon-Vernice-Arancio-Lava-con-tetto-nero-420x280.jpg 420w, https:\/\/www.italpassion.fr\/wp-content\/uploads\/2025\/06\/lancia-ypsilon-Vernice-Arancio-Lava-con-tetto-nero-768x512.jpg 768w, https:\/\/www.italpassion.fr\/wp-content\/uploads\/2025\/06\/lancia-ypsilon-Vernice-Arancio-Lava-con-tetto-nero-18x12.jpg 18w\" sizes=\"auto, (max-width: 1200px) 100vw, 1200px\" \/><\/figure>\n\n\n\n<p>Mentre <a href=\"https:\/\/www.italpassion.fr\/it\/lancia\/\">Lancia<\/a> ha appena confermato <a href=\"https:\/\/www.italpassion.fr\/it\/lancia\/lancia-conferma-il-suo-ritorno-nel-campionato-mondiale-wrc2-e-potrebbe-presto-giocarsi-la-vittoria\/\">il suo impegno nel WRC2 per la stagione 2026<\/a>Tuttavia, la situazione commerciale del marchio rimane molto pi\u00f9 fragile. Se riuscir\u00e0 a infrangere la barriera simbolica delle 10.000 auto immatricolate in tutto il 2025, sar\u00e0 gi\u00e0 un piccolo miracolo.<\/p>\n\n\n\n<h2 class=\"wp-block-heading\">Dati stagnanti o addirittura in calo<\/h2>\n\n\n\n<p>Dopo un inizio d'anno discreto, le immatricolazioni di Lancia continuano a riflettere le difficolt\u00e0 di un marchio che sopravvive piuttosto che riprendersi. In Italia, il mercato principale, la curva rimane altalenante. A settembre sono state vendute appena 712 unit\u00e0, ben lontane dal picco di 1.110 raggiunto a marzo. Di conseguenza, nei primi nove mesi del 2025 sono state immatricolate in Italia 7.325 vetture.<\/p>\n\n\n\n<p>La Lancia Ypsilon, ancora l'unico modello in catalogo, non \u00e8 pi\u00f9 nemmeno nella top 50 del mercato italiano. Con 7.324 immatricolazioni cumulate, si colloca al 47\u00b0 posto, dietro l'Audi A1 (7.453) e molto lontano dalla Suzuki Swift (8.690). \u00c8 un simbolo forte: la city car italiana, un tempo re delle vendite nazionali, sta scivolando indietro di fronte a concorrenti pi\u00f9 recenti, ma meglio supportati commercialmente.<\/p>\n\n\n\n<figure class=\"wp-block-image size-full\"><img loading=\"lazy\" decoding=\"async\" width=\"1089\" height=\"583\" src=\"https:\/\/www.italpassion.fr\/wp-content\/uploads\/2025\/10\/lancia-vente-italie.jpg\" alt=\"\" class=\"wp-image-42366\" srcset=\"https:\/\/www.italpassion.fr\/wp-content\/uploads\/2025\/10\/lancia-vente-italie.jpg 1089w, https:\/\/www.italpassion.fr\/wp-content\/uploads\/2025\/10\/lancia-vente-italie-420x225.jpg 420w, https:\/\/www.italpassion.fr\/wp-content\/uploads\/2025\/10\/lancia-vente-italie-768x411.jpg 768w, https:\/\/www.italpassion.fr\/wp-content\/uploads\/2025\/10\/lancia-vente-italie-18x10.jpg 18w\" sizes=\"auto, (max-width: 1089px) 100vw, 1089px\" \/><\/figure>\n\n\n\n<h2 class=\"wp-block-heading\">A livello internazionale, il marchio rimane invisibile<\/h2>\n\n\n\n<p>All'estero la situazione non migliora. In Francia le vendite sono rimaste a un livello molto modesto, con 61 immatricolazioni a settembre, in linea con la bassa media dell'anno, per un totale di 571 unit\u00e0 da gennaio.<\/p>\n\n\n\n<p>In Spagna, dove viene assemblata la Ypsilon, il contrasto \u00e8 eclatante: solo 20 auto vendute a settembre, contro le 459 dell'inizio dell'anno. In Belgio, la media \u00e8 rimasta stabile a 18 unit\u00e0 a settembre, per un totale di 161 vetture. Nei Paesi Bassi, il mercato \u00e8 praticamente inesistente: solo 3 vendite nel mese, 107 in nove mesi. E in Germania, semplicemente, il marchio non \u00e8 ancora presente sul mercato.<\/p>\n\n\n\n<p>Delle 8.623 Lancia immatricolate in Europa dall'inizio dell'anno, quasi 85 % sono state immatricolate in Italia. La conclusione \u00e8 chiara: senza il suo mercato nazionale, il marchio sarebbe gi\u00e0 scomparso dai radar. Lancia rimane un marchio locale nonostante il desiderio iniziale di tornare a essere europeo.<\/p>\n\n\n\n<figure class=\"wp-block-table\"><table class=\"has-fixed-layout\"><thead><tr><th>Paese<\/th><th>Gennaio - settembre 2025<\/th><\/tr><\/thead><tbody><tr><td>Italia<\/td><td>7325<\/td><\/tr><tr><td>Francia<\/td><td>571<\/td><\/tr><tr><td>Germania<\/td><td>0<\/td><\/tr><tr><td>Spagna<\/td><td>459<\/td><\/tr><tr><td>Belgio<\/td><td>161<\/td><\/tr><tr><td>Paesi Bassi<\/td><td>107<\/td><\/tr><\/tbody><\/table><figcaption class=\"wp-element-caption\">Si prega di citare Italpassion per le cifre<\/figcaption><\/figure>\n\n\n\n<h2 class=\"wp-block-heading\">10.000 vendite: un obiettivo quasi simbolico<\/h2>\n\n\n\n<p>Il raggiungimento di 10.000 immatricolazioni entro il 2025 sembra ora raggiungibile, ma soprattutto aneddotico. Certo, per un marchio che offre un solo modello, senza la minima campagna pubblicitaria visibile, questa cifra potrebbe quasi essere considerata un successo. Ma in realt\u00e0 illustra soprattutto l'estrema fragilit\u00e0 di un marchio che fatica a esistere di fronte alle sue cugine, la Peugeot 208 e la Opel Corsa, all'interno dello stesso gruppo.<\/p>\n\n\n\n<h2 class=\"wp-block-heading\">La speranza di una rinascita nel 2026<\/h2>\n\n\n\n<p>La sfida \u00e8 ora rappresentata dall'arrivo della futura Lancia Gamma, prevista per il 2026. Questo SUV pi\u00f9 grande e ambizioso, destinato all'Europa, potrebbe finalmente dare nuova linfa al marchio italiano. Ma Stellantis dovr\u00e0 comunque fare un vero e proprio investimento nella comunicazione e nel posizionamento del marchio. Senza visibilit\u00e0, anche il miglior design rimarr\u00e0 invisibile.<\/p>","protected":false},"excerpt":{"rendered":"","protected":false},"author":1,"featured_media":39503,"comment_status":"open","ping_status":"open","sticky":false,"template":"","format":"standard","meta":{"_acf_changed":false,"_sitemap_exclude":false,"_sitemap_priority":"","_sitemap_frequency":"","footnotes":""},"categories":[26],"tags":[],"class_list":["post-42364","post","type-post","status-publish","format-standard","has-post-thumbnail","hentry","category-lancia","generate-columns","tablet-grid-50","mobile-grid-100","grid-parent","grid-33"],"acf":[],"yoast_head":"<!-- This site is optimized with the Yoast SEO plugin v25.8 - https:\/\/yoast.com\/wordpress\/plugins\/seo\/ -->\n<title>Lancia s\u2019engage en WRC2\u2026 mais peine \u00e0 vendre ses voitures - ItalPassion<\/title>\n<meta name=\"description\" content=\"Alors que Lancia vient tout juste de confirmer son engagement en WRC2 pour la saison 2026, la situation commerciale de la marque reste, elle, nettement\" \/>\n<meta name=\"robots\" content=\"index, follow, max-snippet:-1, max-image-preview:large, max-video-preview:-1\" \/>\n<link rel=\"canonical\" href=\"https:\/\/www.italpassion.fr\/it\/lancia\/lancia-entra-nel-wrc2-ma-fatica-a-vendere-auto\/\" \/>\n<meta property=\"og:locale\" content=\"it_IT\" \/>\n<meta property=\"og:type\" content=\"article\" \/>\n<meta property=\"og:title\" content=\"Lancia s\u2019engage en WRC2\u2026 mais peine \u00e0 vendre ses voitures - ItalPassion\" \/>\n<meta property=\"og:description\" content=\"Alors que Lancia vient tout juste de confirmer son engagement en WRC2 pour la saison 2026, la situation commerciale de la marque reste, elle, nettement\" \/>\n<meta property=\"og:url\" content=\"https:\/\/www.italpassion.fr\/it\/lancia\/lancia-entra-nel-wrc2-ma-fatica-a-vendere-auto\/\" \/>\n<meta property=\"og:site_name\" content=\"ItalPassion\" \/>\n<meta property=\"article:publisher\" content=\"https:\/\/www.facebook.com\/italpassion\" \/>\n<meta property=\"article:published_time\" content=\"2025-10-21T15:14:36+00:00\" \/>\n<meta property=\"og:image\" content=\"https:\/\/www.italpassion.fr\/wp-content\/uploads\/2025\/06\/lancia-ypsilon-Vernice-Arancio-Lava-con-tetto-nero.jpg\" \/>\n\t<meta property=\"og:image:width\" content=\"1200\" \/>\n\t<meta property=\"og:image:height\" content=\"800\" \/>\n\t<meta property=\"og:image:type\" content=\"image\/jpeg\" \/>\n<meta name=\"author\" content=\"Alexandre Filluzeau\" \/>\n<meta name=\"twitter:card\" content=\"summary_large_image\" \/>\n<meta name=\"twitter:creator\" content=\"@italpassion\" \/>\n<meta name=\"twitter:site\" content=\"@italpassion\" \/>\n<script type=\"application\/ld+json\" class=\"yoast-schema-graph\">{\"@context\":\"https:\/\/schema.org\",\"@graph\":[{\"@type\":\"NewsArticle\",\"@id\":\"https:\/\/www.italpassion.fr\/it\/lancia\/lancia-sengage-en-wrc2-mais-peine-a-vendre-ses-voitures\/#article\",\"isPartOf\":{\"@id\":\"https:\/\/www.italpassion.fr\/it\/lancia\/lancia-sengage-en-wrc2-mais-peine-a-vendre-ses-voitures\/\"},\"author\":{\"name\":\"Alexandre Filluzeau\",\"@id\":\"https:\/\/www.italpassion.fr\/it\/#\/schema\/person\/36f747b2a759ca202d847e85a9434ca0\"},\"headline\":\"Lancia s\u2019engage en WRC2\u2026 mais peine \u00e0 vendre ses voitures\",\"datePublished\":\"2025-10-21T15:14:36+00:00\",\"mainEntityOfPage\":{\"@id\":\"https:\/\/www.italpassion.fr\/it\/lancia\/lancia-sengage-en-wrc2-mais-peine-a-vendre-ses-voitures\/\"},\"wordCount\":535,\"commentCount\":26,\"publisher\":{\"@id\":\"https:\/\/www.italpassion.fr\/it\/#organization\"},\"image\":{\"@id\":\"https:\/\/www.italpassion.fr\/it\/lancia\/lancia-sengage-en-wrc2-mais-peine-a-vendre-ses-voitures\/#primaryimage\"},\"thumbnailUrl\":\"https:\/\/www.italpassion.fr\/wp-content\/uploads\/2025\/06\/lancia-ypsilon-Vernice-Arancio-Lava-con-tetto-nero.jpg\",\"articleSection\":[\"Lancia\"],\"inLanguage\":\"it-IT\",\"potentialAction\":[{\"@type\":\"CommentAction\",\"name\":\"Comment\",\"target\":[\"https:\/\/www.italpassion.fr\/it\/lancia\/lancia-sengage-en-wrc2-mais-peine-a-vendre-ses-voitures\/#respond\"]}]},{\"@type\":\"WebPage\",\"@id\":\"https:\/\/www.italpassion.fr\/it\/lancia\/lancia-sengage-en-wrc2-mais-peine-a-vendre-ses-voitures\/\",\"url\":\"https:\/\/www.italpassion.fr\/it\/lancia\/lancia-sengage-en-wrc2-mais-peine-a-vendre-ses-voitures\/\",\"name\":\"Lancia s\u2019engage en WRC2\u2026 mais peine \u00e0 vendre ses voitures - ItalPassion\",\"isPartOf\":{\"@id\":\"https:\/\/www.italpassion.fr\/it\/#website\"},\"primaryImageOfPage\":{\"@id\":\"https:\/\/www.italpassion.fr\/it\/lancia\/lancia-sengage-en-wrc2-mais-peine-a-vendre-ses-voitures\/#primaryimage\"},\"image\":{\"@id\":\"https:\/\/www.italpassion.fr\/it\/lancia\/lancia-sengage-en-wrc2-mais-peine-a-vendre-ses-voitures\/#primaryimage\"},\"thumbnailUrl\":\"https:\/\/www.italpassion.fr\/wp-content\/uploads\/2025\/06\/lancia-ypsilon-Vernice-Arancio-Lava-con-tetto-nero.jpg\",\"datePublished\":\"2025-10-21T15:14:36+00:00\",\"description\":\"Alors que Lancia vient tout juste de confirmer son engagement en WRC2 pour la saison 2026, la situation commerciale de la marque reste, elle, nettement\",\"breadcrumb\":{\"@id\":\"https:\/\/www.italpassion.fr\/it\/lancia\/lancia-sengage-en-wrc2-mais-peine-a-vendre-ses-voitures\/#breadcrumb\"},\"inLanguage\":\"it-IT\",\"potentialAction\":[{\"@type\":\"ReadAction\",\"target\":[\"https:\/\/www.italpassion.fr\/it\/lancia\/lancia-sengage-en-wrc2-mais-peine-a-vendre-ses-voitures\/\"]}]},{\"@type\":\"ImageObject\",\"inLanguage\":\"it-IT\",\"@id\":\"https:\/\/www.italpassion.fr\/it\/lancia\/lancia-sengage-en-wrc2-mais-peine-a-vendre-ses-voitures\/#primaryimage\",\"url\":\"https:\/\/www.italpassion.fr\/wp-content\/uploads\/2025\/06\/lancia-ypsilon-Vernice-Arancio-Lava-con-tetto-nero.jpg\",\"contentUrl\":\"https:\/\/www.italpassion.fr\/wp-content\/uploads\/2025\/06\/lancia-ypsilon-Vernice-Arancio-Lava-con-tetto-nero.jpg\",\"width\":1200,\"height\":800},{\"@type\":\"BreadcrumbList\",\"@id\":\"https:\/\/www.italpassion.fr\/it\/lancia\/lancia-sengage-en-wrc2-mais-peine-a-vendre-ses-voitures\/#breadcrumb\",\"itemListElement\":[{\"@type\":\"ListItem\",\"position\":1,\"name\":\"Accueil\",\"item\":\"https:\/\/www.italpassion.fr\/it\/\"},{\"@type\":\"ListItem\",\"position\":2,\"name\":\"Lancia s\u2019engage en WRC2\u2026 mais peine \u00e0 vendre ses voitures\"}]},{\"@type\":\"WebSite\",\"@id\":\"https:\/\/www.italpassion.fr\/it\/#website\",\"url\":\"https:\/\/www.italpassion.fr\/it\/\",\"name\":\"ItalPassion\",\"description\":\"Les Passionn\u00e9s d&#039;Automobiles Italiennes\",\"publisher\":{\"@id\":\"https:\/\/www.italpassion.fr\/it\/#organization\"},\"potentialAction\":[{\"@type\":\"SearchAction\",\"target\":{\"@type\":\"EntryPoint\",\"urlTemplate\":\"https:\/\/www.italpassion.fr\/it\/?s={search_term_string}\"},\"query-input\":{\"@type\":\"PropertyValueSpecification\",\"valueRequired\":true,\"valueName\":\"search_term_string\"}}],\"inLanguage\":\"it-IT\"},{\"@type\":\"Organization\",\"@id\":\"https:\/\/www.italpassion.fr\/it\/#organization\",\"name\":\"Italpassion\",\"url\":\"https:\/\/www.italpassion.fr\/it\/\",\"logo\":{\"@type\":\"ImageObject\",\"inLanguage\":\"it-IT\",\"@id\":\"https:\/\/www.italpassion.fr\/it\/#\/schema\/logo\/image\/\",\"url\":\"https:\/\/www.italpassion.fr\/wp-content\/uploads\/2023\/07\/italpassion-yoast.jpg\",\"contentUrl\":\"https:\/\/www.italpassion.fr\/wp-content\/uploads\/2023\/07\/italpassion-yoast.jpg\",\"width\":696,\"height\":696,\"caption\":\"Italpassion\"},\"image\":{\"@id\":\"https:\/\/www.italpassion.fr\/it\/#\/schema\/logo\/image\/\"},\"sameAs\":[\"https:\/\/www.facebook.com\/italpassion\",\"https:\/\/x.com\/italpassion\",\"https:\/\/www.instagram.com\/italpassionfr\/\",\"https:\/\/www.youtube.com\/channel\/UCleq-ByQaA42OjhopwevRjQ\",\"https:\/\/www.facebook.com\/italpassion.en\/\",\"https:\/\/www.facebook.com\/italpassion.it\/\",\"https:\/\/www.facebook.com\/italpassion.de\/\",\"https:\/\/www.facebook.com\/italpassion.ja\/\"]},{\"@type\":\"Person\",\"@id\":\"https:\/\/www.italpassion.fr\/it\/#\/schema\/person\/36f747b2a759ca202d847e85a9434ca0\",\"name\":\"Alexandre Filluzeau\",\"image\":{\"@type\":\"ImageObject\",\"inLanguage\":\"it-IT\",\"@id\":\"https:\/\/www.italpassion.fr\/it\/#\/schema\/person\/image\/\",\"url\":\"https:\/\/www.italpassion.fr\/wp-content\/uploads\/2025\/04\/avatar-alexandre-160x160.jpg\",\"contentUrl\":\"https:\/\/www.italpassion.fr\/wp-content\/uploads\/2025\/04\/avatar-alexandre-160x160.jpg\",\"caption\":\"Alexandre Filluzeau\"},\"description\":\"Fondateur du site ItalPassion, passionn\u00e9 de voitures italiennes et de l'Italie en g\u00e9n\u00e9ral. J'apporte un regard critique et technique aux actualit\u00e9s des marques italiennes quand cela est possible. Propri\u00e9taire d'une Maserati GranTurismo, Alfa Romeo MiTo, Lancia Fulvia et Ducati 695. Ex-propri\u00e9taire d'une Alfa Romeo Giulia.\",\"sameAs\":[\"https:\/\/www.italpassion.fr\/\"],\"url\":\"https:\/\/www.italpassion.fr\/it\/author\/alexandre\/\"}]}<\/script>\n<!-- \/ Yoast SEO plugin. -->","yoast_head_json":{"title":"Lancia entra nel WRC2... ma fatica a vendere le auto - ItalPassion","description":"Mentre Lancia ha appena confermato il suo impegno nel WRC2 per la stagione 2026, la situazione commerciale del marchio rimane tutt'altro che soddisfacente.","robots":{"index":"index","follow":"follow","max-snippet":"max-snippet:-1","max-image-preview":"max-image-preview:large","max-video-preview":"max-video-preview:-1"},"canonical":"https:\/\/www.italpassion.fr\/it\/lancia\/lancia-entra-nel-wrc2-ma-fatica-a-vendere-auto\/","og_locale":"it_IT","og_type":"article","og_title":"Lancia s\u2019engage en WRC2\u2026 mais peine \u00e0 vendre ses voitures - ItalPassion","og_description":"Alors que Lancia vient tout juste de confirmer son engagement en WRC2 pour la saison 2026, la situation commerciale de la marque reste, elle, nettement","og_url":"https:\/\/www.italpassion.fr\/it\/lancia\/lancia-entra-nel-wrc2-ma-fatica-a-vendere-auto\/","og_site_name":"ItalPassion","article_publisher":"https:\/\/www.facebook.com\/italpassion","article_published_time":"2025-10-21T15:14:36+00:00","og_image":[{"width":1200,"height":800,"url":"https:\/\/www.italpassion.fr\/wp-content\/uploads\/2025\/06\/lancia-ypsilon-Vernice-Arancio-Lava-con-tetto-nero.jpg","type":"image\/jpeg"}],"author":"Alexandre Filluzeau","twitter_card":"summary_large_image","twitter_creator":"@italpassion","twitter_site":"@italpassion","schema":{"@context":"https:\/\/schema.org","@graph":[{"@type":"NewsArticle","@id":"https:\/\/www.italpassion.fr\/it\/lancia\/lancia-sengage-en-wrc2-mais-peine-a-vendre-ses-voitures\/#article","isPartOf":{"@id":"https:\/\/www.italpassion.fr\/it\/lancia\/lancia-sengage-en-wrc2-mais-peine-a-vendre-ses-voitures\/"},"author":{"name":"Alexandre Filluzeau","@id":"https:\/\/www.italpassion.fr\/it\/#\/schema\/person\/36f747b2a759ca202d847e85a9434ca0"},"headline":"Lancia s\u2019engage en WRC2\u2026 mais peine \u00e0 vendre ses voitures","datePublished":"2025-10-21T15:14:36+00:00","mainEntityOfPage":{"@id":"https:\/\/www.italpassion.fr\/it\/lancia\/lancia-sengage-en-wrc2-mais-peine-a-vendre-ses-voitures\/"},"wordCount":535,"commentCount":26,"publisher":{"@id":"https:\/\/www.italpassion.fr\/it\/#organization"},"image":{"@id":"https:\/\/www.italpassion.fr\/it\/lancia\/lancia-sengage-en-wrc2-mais-peine-a-vendre-ses-voitures\/#primaryimage"},"thumbnailUrl":"https:\/\/www.italpassion.fr\/wp-content\/uploads\/2025\/06\/lancia-ypsilon-Vernice-Arancio-Lava-con-tetto-nero.jpg","articleSection":["Lancia"],"inLanguage":"it-IT","potentialAction":[{"@type":"CommentAction","name":"Comment","target":["https:\/\/www.italpassion.fr\/it\/lancia\/lancia-sengage-en-wrc2-mais-peine-a-vendre-ses-voitures\/#respond"]}]},{"@type":"WebPage","@id":"https:\/\/www.italpassion.fr\/it\/lancia\/lancia-sengage-en-wrc2-mais-peine-a-vendre-ses-voitures\/","url":"https:\/\/www.italpassion.fr\/it\/lancia\/lancia-sengage-en-wrc2-mais-peine-a-vendre-ses-voitures\/","name":"Lancia entra nel WRC2... ma fatica a vendere le auto - ItalPassion","isPartOf":{"@id":"https:\/\/www.italpassion.fr\/it\/#website"},"primaryImageOfPage":{"@id":"https:\/\/www.italpassion.fr\/it\/lancia\/lancia-sengage-en-wrc2-mais-peine-a-vendre-ses-voitures\/#primaryimage"},"image":{"@id":"https:\/\/www.italpassion.fr\/it\/lancia\/lancia-sengage-en-wrc2-mais-peine-a-vendre-ses-voitures\/#primaryimage"},"thumbnailUrl":"https:\/\/www.italpassion.fr\/wp-content\/uploads\/2025\/06\/lancia-ypsilon-Vernice-Arancio-Lava-con-tetto-nero.jpg","datePublished":"2025-10-21T15:14:36+00:00","description":"Mentre Lancia ha appena confermato il suo impegno nel WRC2 per la stagione 2026, la situazione commerciale del marchio rimane tutt'altro che soddisfacente.","breadcrumb":{"@id":"https:\/\/www.italpassion.fr\/it\/lancia\/lancia-sengage-en-wrc2-mais-peine-a-vendre-ses-voitures\/#breadcrumb"},"inLanguage":"it-IT","potentialAction":[{"@type":"ReadAction","target":["https:\/\/www.italpassion.fr\/it\/lancia\/lancia-sengage-en-wrc2-mais-peine-a-vendre-ses-voitures\/"]}]},{"@type":"ImageObject","inLanguage":"it-IT","@id":"https:\/\/www.italpassion.fr\/it\/lancia\/lancia-sengage-en-wrc2-mais-peine-a-vendre-ses-voitures\/#primaryimage","url":"https:\/\/www.italpassion.fr\/wp-content\/uploads\/2025\/06\/lancia-ypsilon-Vernice-Arancio-Lava-con-tetto-nero.jpg","contentUrl":"https:\/\/www.italpassion.fr\/wp-content\/uploads\/2025\/06\/lancia-ypsilon-Vernice-Arancio-Lava-con-tetto-nero.jpg","width":1200,"height":800},{"@type":"BreadcrumbList","@id":"https:\/\/www.italpassion.fr\/it\/lancia\/lancia-sengage-en-wrc2-mais-peine-a-vendre-ses-voitures\/#breadcrumb","itemListElement":[{"@type":"ListItem","position":1,"name":"Accueil","item":"https:\/\/www.italpassion.fr\/it\/"},{"@type":"ListItem","position":2,"name":"Lancia s\u2019engage en WRC2\u2026 mais peine \u00e0 vendre ses voitures"}]},{"@type":"WebSite","@id":"https:\/\/www.italpassion.fr\/it\/#website","url":"https:\/\/www.italpassion.fr\/it\/","name":"ItalPassion","description":"Appassionati di auto italiane","publisher":{"@id":"https:\/\/www.italpassion.fr\/it\/#organization"},"potentialAction":[{"@type":"SearchAction","target":{"@type":"EntryPoint","urlTemplate":"https:\/\/www.italpassion.fr\/it\/?s={search_term_string}"},"query-input":{"@type":"PropertyValueSpecification","valueRequired":true,"valueName":"search_term_string"}}],"inLanguage":"it-IT"},{"@type":"Organization","@id":"https:\/\/www.italpassion.fr\/it\/#organization","name":"Italpassion","url":"https:\/\/www.italpassion.fr\/it\/","logo":{"@type":"ImageObject","inLanguage":"it-IT","@id":"https:\/\/www.italpassion.fr\/it\/#\/schema\/logo\/image\/","url":"https:\/\/www.italpassion.fr\/wp-content\/uploads\/2023\/07\/italpassion-yoast.jpg","contentUrl":"https:\/\/www.italpassion.fr\/wp-content\/uploads\/2023\/07\/italpassion-yoast.jpg","width":696,"height":696,"caption":"Italpassion"},"image":{"@id":"https:\/\/www.italpassion.fr\/it\/#\/schema\/logo\/image\/"},"sameAs":["https:\/\/www.facebook.com\/italpassion","https:\/\/x.com\/italpassion","https:\/\/www.instagram.com\/italpassionfr\/","https:\/\/www.youtube.com\/channel\/UCleq-ByQaA42OjhopwevRjQ","https:\/\/www.facebook.com\/italpassion.en\/","https:\/\/www.facebook.com\/italpassion.it\/","https:\/\/www.facebook.com\/italpassion.de\/","https:\/\/www.facebook.com\/italpassion.ja\/"]},{"@type":"Person","@id":"https:\/\/www.italpassion.fr\/it\/#\/schema\/person\/36f747b2a759ca202d847e85a9434ca0","name":"Alexandre Filluzeau","image":{"@type":"ImageObject","inLanguage":"it-IT","@id":"https:\/\/www.italpassion.fr\/it\/#\/schema\/person\/image\/","url":"https:\/\/www.italpassion.fr\/wp-content\/uploads\/2025\/04\/avatar-alexandre-160x160.jpg","contentUrl":"https:\/\/www.italpassion.fr\/wp-content\/uploads\/2025\/04\/avatar-alexandre-160x160.jpg","caption":"Alexandre Filluzeau"},"description":"Fondatore del sito ItalPassion, appassionato di auto italiane e dell'Italia in generale. Porto un occhio critico e tecnico alle notizie dei marchi italiani, quando possibile. Proprietario di una Maserati GranTurismo, di un'Alfa Romeo MiTo, di una Lancia Fulvia e di una Ducati 695. Ex proprietario di un'Alfa Romeo Giulia.","sameAs":["https:\/\/www.italpassion.fr\/"],"url":"https:\/\/www.italpassion.fr\/it\/author\/alexandre\/"}]}},"_links":{"self":[{"href":"https:\/\/www.italpassion.fr\/it\/wp-json\/wp\/v2\/posts\/42364","targetHints":{"allow":["GET"]}}],"collection":[{"href":"https:\/\/www.italpassion.fr\/it\/wp-json\/wp\/v2\/posts"}],"about":[{"href":"https:\/\/www.italpassion.fr\/it\/wp-json\/wp\/v2\/types\/post"}],"author":[{"embeddable":true,"href":"https:\/\/www.italpassion.fr\/it\/wp-json\/wp\/v2\/users\/1"}],"replies":[{"embeddable":true,"href":"https:\/\/www.italpassion.fr\/it\/wp-json\/wp\/v2\/comments?post=42364"}],"version-history":[{"count":1,"href":"https:\/\/www.italpassion.fr\/it\/wp-json\/wp\/v2\/posts\/42364\/revisions"}],"predecessor-version":[{"id":42367,"href":"https:\/\/www.italpassion.fr\/it\/wp-json\/wp\/v2\/posts\/42364\/revisions\/42367"}],"wp:featuredmedia":[{"embeddable":true,"href":"https:\/\/www.italpassion.fr\/it\/wp-json\/wp\/v2\/media\/39503"}],"wp:attachment":[{"href":"https:\/\/www.italpassion.fr\/it\/wp-json\/wp\/v2\/media?parent=42364"}],"wp:term":[{"taxonomy":"category","embeddable":true,"href":"https:\/\/www.italpassion.fr\/it\/wp-json\/wp\/v2\/categories?post=42364"},{"taxonomy":"post_tag","embeddable":true,"href":"https:\/\/www.italpassion.fr\/it\/wp-json\/wp\/v2\/tags?post=42364"}],"curies":[{"name":"wp","href":"https:\/\/api.w.org\/{rel}","templated":true}]}}