{"id":42321,"date":"2025-10-21T09:37:43","date_gmt":"2025-10-21T07:37:43","guid":{"rendered":"https:\/\/www.italpassion.fr\/?p=42321"},"modified":"2025-10-21T09:37:43","modified_gmt":"2025-10-21T07:37:43","slug":"il-nuovo-amministratore-delegato-di-stellantis-visita-i-sindacati-italiani-e-parla-a-bruxelles-dobbiamo-rivedere-i-regolamenti-europei","status":"publish","type":"post","link":"https:\/\/www.italpassion.fr\/it\/stellantis\/le-nouveau-ceo-de-stellantis-rend-visite-aux-syndicats-italiens-et-sadresse-a-bruxelles-nous-devons-revoir-la-reglementation-europeenne\/","title":{"rendered":"Il nuovo CEO di Stellantis visita i sindacati italiani e si rivolge a Bruxelles: \"Dobbiamo rivedere i regolamenti europei!"},"content":{"rendered":"<figure class=\"wp-block-image size-full\"><img loading=\"lazy\" decoding=\"async\" width=\"1200\" height=\"800\" src=\"https:\/\/www.italpassion.fr\/wp-content\/uploads\/2025\/10\/antonio-filosa-10.jpg\" alt=\"\" class=\"wp-image-42322\" srcset=\"https:\/\/www.italpassion.fr\/wp-content\/uploads\/2025\/10\/antonio-filosa-10.jpg 1200w, https:\/\/www.italpassion.fr\/wp-content\/uploads\/2025\/10\/antonio-filosa-10-420x280.jpg 420w, https:\/\/www.italpassion.fr\/wp-content\/uploads\/2025\/10\/antonio-filosa-10-768x512.jpg 768w, https:\/\/www.italpassion.fr\/wp-content\/uploads\/2025\/10\/antonio-filosa-10-18x12.jpg 18w\" sizes=\"auto, (max-width: 1200px) 100vw, 1200px\" \/><\/figure>\n\n\n\n<p>Luned\u00ec 20 ottobre 2025 rimarr\u00e0 una data simbolica per i lavoratori di Mirafiori. Per la prima volta dalla sua nomina, il nuovo amministratore delegato di <a href=\"https:\/\/www.italpassion.fr\/it\/stellante\/\">Stellantis<\/a>Antonio Filosa, si \u00e8 recato a Torino per incontrare i sindacati italiani. Si trattava di una visita molto attesa, che era stata richiesta da anni, anche sotto la guida di Carlos Tavares.<\/p>\n\n\n\n<h2 class=\"wp-block-heading\">La tanto attesa visita a Mirafiori<\/h2>\n\n\n\n<p>Mentre Stellantis ha recentemente confermato un colossale investimento di 13 miliardi di dollari negli Stati Uniti, la situazione in Italia rimane segnata dal dubbio. I sindacati chiedono un gesto concreto per rilanciare la produzione nazionale, in declino da diversi anni.<\/p>\n\n\n\n<p>Filosa non \u00e8 rimasto a mani vuote: ha annunciato 400 nuovi posti di lavoro nello stabilimento di Mirafiori per sostenere la produzione della nuova Fiat 500 ibrida, che inizier\u00e0 a novembre. Questa decisione consentir\u00e0 allo stabilimento torinese di passare a una nuova fase produttiva nel febbraio 2026, arrivando a produrre 150.000 vetture all'anno.<\/p>\n\n\n\n<blockquote class=\"wp-block-quote is-layout-flow wp-block-quote-is-layout-flow\"><svg aria-hidden=\"true\" focusable=\"false\" class=\"icon icon-quote\" width=\"48\" height=\"48\"><use xlink:href=\"#icon-quote\"><\/use><\/svg>\n<p>\"Non \u00e8 ancora sufficiente, ma \u00e8 tutto quello che possiamo fare dato il contesto\", ha ammesso, salutando comunque \"un passo importante per l'occupazione in Italia\".<\/p>\n<\/blockquote>\n\n\n\n<p>\u00c8 la prima volta in quasi trent'anni che Mirafiori vede un'ondata di assunzioni paragonabile a quella della fine degli anni Novanta.<\/p>\n\n\n\n<h2 class=\"wp-block-heading\">Un messaggio politico a Bruxelles<\/h2>\n\n\n\n<p>Ma al di l\u00e0 di questo annuncio simbolico, il cuore del messaggio di Filosa era altrove: il quadro normativo europeo deve cambiare.<\/p>\n\n\n\n<blockquote class=\"wp-block-quote is-layout-flow wp-block-quote-is-layout-flow\"><svg aria-hidden=\"true\" focusable=\"false\" class=\"icon icon-quote\" width=\"48\" height=\"48\"><use xlink:href=\"#icon-quote\"><\/use><\/svg>\n<p>\"\u00c8 necessario rivedere le normative europee, che non tengono conto della realt\u00e0 del mercato e del contesto industriale\", ha dichiarato il capo di Stellantis, invitando i sindacati italiani a sostenere questo approccio presso le istituzioni europee.<\/p>\n<\/blockquote>\n\n\n\n<p>A suo avviso, gli obiettivi di neutralit\u00e0 del carbonio e il divieto di vendita di motori a combustione entro il 2035 sono semplicemente \"irrealistici\". Egli sostiene un approccio pi\u00f9 pragmatico, basato sulla neutralit\u00e0 tecnologica: \"Dobbiamo permettere ai nostri clienti di scegliere tra l'intera gamma di veicoli che desiderano, siano essi elettrici, ibridi o a combustione interna. \u00c8 l'unico modo per far ripartire la produzione\".<\/p>\n\n\n\n<h2 class=\"wp-block-heading\">Fabbriche ancora incerte<\/h2>\n\n\n\n<p>Mentre Mirafiori vede una rinascita con la 500 ibrida, altri siti sono ancora in attesa.<\/p>\n\n\n\n<ul class=\"wp-block-list\">\n<li>Cassino, dove verranno prodotte le future Alfa Romeo Stelvio e Giulia sulla piattaforma STLA Large, \u00e8 ancora in attesa del lancio effettivo del programma, che \u00e8 stato spostato al 2027 per includere le versioni ibride.<\/li>\n\n\n\n<li>A Termoli, la situazione rimane la pi\u00f9 critica: la Gigafactory per le batterie \u00e8 ancora sospesa e non \u00e8 stata annunciata una nuova assegnazione chiara.<\/li>\n\n\n\n<li>Infine, a Melfi, Stellantis sta preparando la produzione della nuova Jeep Compass ibrida, seguita dalla DS7 e dalla Lancia Gamma a partire dal 2026.<\/li>\n<\/ul>\n\n\n\n<p>Di fronte a queste incertezze, i sindacati accolgono con favore il gesto per Mirafiori, ma chiedono un rafforzamento del \"Piano Italia\" e impegni concreti per gli altri stabilimenti.<\/p>\n\n\n\n<h2 class=\"wp-block-heading\">Un primo contatto, ma molte domande<\/h2>\n\n\n\n<p>Per Filosa, questo incontro \u00e8 stato soprattutto un primo contatto simbolico con i rappresentanti italiani. Ha cercato di rassicurarli: \"L'Italia resta al centro della nostra visione strategica\". Ma ha anche sottolineato i limiti del modello europeo, confrontando la situazione con quella degli Stati Uniti, dove un quadro pi\u00f9 favorevole ha permesso a Stellantis di investire 13 miliardi di dollari e creare 5.000 posti di lavoro.<\/p>\n\n\n\n<p>I sindacati, divisi tra cautela e speranza, hanno riconosciuto un cambiamento di tono: \"Il lancio di modelli ibridi \u00e8 un buon punto di partenza\", ha commentato la Uilm. Il lancio di modelli ibridi \u00e8 un buon punto di partenza\", ha commentato la Uilm. \"Ma siamo solo all'inizio di un percorso difficile, che dipender\u00e0 tanto da Stellantis quanto dalla politica europea\".<\/p>\n\n\n\n<h2 class=\"wp-block-heading\">Battaglia normativa in corso<\/h2>\n\n\n\n<p>Rinviando la presentazione del suo nuovo <a href=\"https:\/\/www.italpassion.fr\/it\/stellante\/stellantis-rinvia-la-presentazione-del-nuovo-piano-industriale\/\">piano industriale entro la fine del primo semestre del 2026<\/a>Antonio Filosa sta gettando le basi per un'offensiva politica e industriale. Stellantis intende ora influenzare il dibattito europeo per ottenere un allentamento delle norme ambientali, il riconoscimento della neutralit\u00e0 tecnologica e il sostegno al segmento delle piccole auto, vitale per l'industria italiana.<\/p>\n\n\n\n<p>Una cosa \u00e8 certa: dopo anni di tensioni tra gli stabilimenti italiani e la direzione del gruppo, il dialogo \u00e8 stato finalmente riaperto. Ma la ripresa sostenibile della produzione dipender\u00e0 ora dalle decisioni prese a Bruxelles come a Torino.<\/p>","protected":false},"excerpt":{"rendered":"","protected":false},"author":1,"featured_media":42322,"comment_status":"open","ping_status":"open","sticky":false,"template":"","format":"standard","meta":{"_acf_changed":false,"_sitemap_exclude":false,"_sitemap_priority":"","_sitemap_frequency":"","footnotes":""},"categories":[29],"tags":[565],"class_list":["post-42321","post","type-post","status-publish","format-standard","has-post-thumbnail","hentry","category-stellantis","tag-antonio-filosa","generate-columns","tablet-grid-50","mobile-grid-100","grid-parent","grid-33"],"acf":[],"yoast_head":"<!-- This site is optimized with the Yoast SEO plugin v25.8 - https:\/\/yoast.com\/wordpress\/plugins\/seo\/ -->\n<title>Le nouveau CEO de Stellantis rend visite aux syndicats italiens et s&#039;adresse \u00e0 Bruxelles : &quot;Nous devons revoir\u00a0la r\u00e9glementation europ\u00e9enne !&quot; - ItalPassion<\/title>\n<meta name=\"description\" content=\"Lundi 20 octobre 2025 restera comme une date symbolique pour les ouvriers de Mirafiori. Pour la premi\u00e8re fois depuis sa nomination, le nouveau CEO de\" \/>\n<meta name=\"robots\" content=\"index, follow, max-snippet:-1, max-image-preview:large, max-video-preview:-1\" \/>\n<link rel=\"canonical\" href=\"https:\/\/www.italpassion.fr\/it\/stellante\/il-nuovo-amministratore-delegato-di-stellantis-visita-i-sindacati-italiani-e-parla-a-bruxelles-dobbiamo-rivedere-i-regolamenti-europei\/\" \/>\n<meta property=\"og:locale\" content=\"it_IT\" \/>\n<meta property=\"og:type\" content=\"article\" \/>\n<meta property=\"og:title\" content=\"Le nouveau CEO de Stellantis rend visite aux syndicats italiens et s&#039;adresse \u00e0 Bruxelles : &quot;Nous devons revoir\u00a0la r\u00e9glementation europ\u00e9enne !&quot; - ItalPassion\" \/>\n<meta property=\"og:description\" content=\"Lundi 20 octobre 2025 restera comme une date symbolique pour les ouvriers de Mirafiori. Pour la premi\u00e8re fois depuis sa nomination, le nouveau CEO de\" \/>\n<meta property=\"og:url\" content=\"https:\/\/www.italpassion.fr\/it\/stellante\/il-nuovo-amministratore-delegato-di-stellantis-visita-i-sindacati-italiani-e-parla-a-bruxelles-dobbiamo-rivedere-i-regolamenti-europei\/\" \/>\n<meta property=\"og:site_name\" content=\"ItalPassion\" \/>\n<meta property=\"article:publisher\" content=\"https:\/\/www.facebook.com\/italpassion\" \/>\n<meta property=\"article:published_time\" content=\"2025-10-21T07:37:43+00:00\" \/>\n<meta property=\"og:image\" content=\"https:\/\/www.italpassion.fr\/wp-content\/uploads\/2025\/10\/antonio-filosa-10.jpg\" \/>\n\t<meta property=\"og:image:width\" content=\"1200\" \/>\n\t<meta property=\"og:image:height\" content=\"800\" \/>\n\t<meta property=\"og:image:type\" content=\"image\/jpeg\" \/>\n<meta name=\"author\" content=\"Alexandre Filluzeau\" \/>\n<meta name=\"twitter:card\" content=\"summary_large_image\" \/>\n<meta name=\"twitter:creator\" content=\"@italpassion\" \/>\n<meta name=\"twitter:site\" content=\"@italpassion\" \/>\n<script type=\"application\/ld+json\" class=\"yoast-schema-graph\">{\"@context\":\"https:\/\/schema.org\",\"@graph\":[{\"@type\":\"NewsArticle\",\"@id\":\"https:\/\/www.italpassion.fr\/it\/stellantis\/le-nouveau-ceo-de-stellantis-rend-visite-aux-syndicats-italiens-et-sadresse-a-bruxelles-nous-devons-revoir-la-reglementation-europeenne\/#article\",\"isPartOf\":{\"@id\":\"https:\/\/www.italpassion.fr\/it\/stellantis\/le-nouveau-ceo-de-stellantis-rend-visite-aux-syndicats-italiens-et-sadresse-a-bruxelles-nous-devons-revoir-la-reglementation-europeenne\/\"},\"author\":{\"name\":\"Alexandre Filluzeau\",\"@id\":\"https:\/\/www.italpassion.fr\/it\/#\/schema\/person\/36f747b2a759ca202d847e85a9434ca0\"},\"headline\":\"Le nouveau CEO de Stellantis rend visite aux syndicats italiens et s&rsquo;adresse \u00e0 Bruxelles : \u00ab\u00a0Nous devons revoir\u00a0la r\u00e9glementation europ\u00e9enne !\u00a0\u00bb\",\"datePublished\":\"2025-10-21T07:37:43+00:00\",\"mainEntityOfPage\":{\"@id\":\"https:\/\/www.italpassion.fr\/it\/stellantis\/le-nouveau-ceo-de-stellantis-rend-visite-aux-syndicats-italiens-et-sadresse-a-bruxelles-nous-devons-revoir-la-reglementation-europeenne\/\"},\"wordCount\":756,\"commentCount\":13,\"publisher\":{\"@id\":\"https:\/\/www.italpassion.fr\/it\/#organization\"},\"image\":{\"@id\":\"https:\/\/www.italpassion.fr\/it\/stellantis\/le-nouveau-ceo-de-stellantis-rend-visite-aux-syndicats-italiens-et-sadresse-a-bruxelles-nous-devons-revoir-la-reglementation-europeenne\/#primaryimage\"},\"thumbnailUrl\":\"https:\/\/www.italpassion.fr\/wp-content\/uploads\/2025\/10\/antonio-filosa-10.jpg\",\"keywords\":[\"Antonio Filosa\"],\"articleSection\":[\"Stellantis\"],\"inLanguage\":\"it-IT\",\"potentialAction\":[{\"@type\":\"CommentAction\",\"name\":\"Comment\",\"target\":[\"https:\/\/www.italpassion.fr\/it\/stellantis\/le-nouveau-ceo-de-stellantis-rend-visite-aux-syndicats-italiens-et-sadresse-a-bruxelles-nous-devons-revoir-la-reglementation-europeenne\/#respond\"]}]},{\"@type\":\"WebPage\",\"@id\":\"https:\/\/www.italpassion.fr\/it\/stellantis\/le-nouveau-ceo-de-stellantis-rend-visite-aux-syndicats-italiens-et-sadresse-a-bruxelles-nous-devons-revoir-la-reglementation-europeenne\/\",\"url\":\"https:\/\/www.italpassion.fr\/it\/stellantis\/le-nouveau-ceo-de-stellantis-rend-visite-aux-syndicats-italiens-et-sadresse-a-bruxelles-nous-devons-revoir-la-reglementation-europeenne\/\",\"name\":\"Le nouveau CEO de Stellantis rend visite aux syndicats italiens et s'adresse \u00e0 Bruxelles : \\\"Nous devons revoir\u00a0la r\u00e9glementation europ\u00e9enne !\\\" - ItalPassion\",\"isPartOf\":{\"@id\":\"https:\/\/www.italpassion.fr\/it\/#website\"},\"primaryImageOfPage\":{\"@id\":\"https:\/\/www.italpassion.fr\/it\/stellantis\/le-nouveau-ceo-de-stellantis-rend-visite-aux-syndicats-italiens-et-sadresse-a-bruxelles-nous-devons-revoir-la-reglementation-europeenne\/#primaryimage\"},\"image\":{\"@id\":\"https:\/\/www.italpassion.fr\/it\/stellantis\/le-nouveau-ceo-de-stellantis-rend-visite-aux-syndicats-italiens-et-sadresse-a-bruxelles-nous-devons-revoir-la-reglementation-europeenne\/#primaryimage\"},\"thumbnailUrl\":\"https:\/\/www.italpassion.fr\/wp-content\/uploads\/2025\/10\/antonio-filosa-10.jpg\",\"datePublished\":\"2025-10-21T07:37:43+00:00\",\"description\":\"Lundi 20 octobre 2025 restera comme une date symbolique pour les ouvriers de Mirafiori. Pour la premi\u00e8re fois depuis sa nomination, le nouveau CEO de\",\"breadcrumb\":{\"@id\":\"https:\/\/www.italpassion.fr\/it\/stellantis\/le-nouveau-ceo-de-stellantis-rend-visite-aux-syndicats-italiens-et-sadresse-a-bruxelles-nous-devons-revoir-la-reglementation-europeenne\/#breadcrumb\"},\"inLanguage\":\"it-IT\",\"potentialAction\":[{\"@type\":\"ReadAction\",\"target\":[\"https:\/\/www.italpassion.fr\/it\/stellantis\/le-nouveau-ceo-de-stellantis-rend-visite-aux-syndicats-italiens-et-sadresse-a-bruxelles-nous-devons-revoir-la-reglementation-europeenne\/\"]}]},{\"@type\":\"ImageObject\",\"inLanguage\":\"it-IT\",\"@id\":\"https:\/\/www.italpassion.fr\/it\/stellantis\/le-nouveau-ceo-de-stellantis-rend-visite-aux-syndicats-italiens-et-sadresse-a-bruxelles-nous-devons-revoir-la-reglementation-europeenne\/#primaryimage\",\"url\":\"https:\/\/www.italpassion.fr\/wp-content\/uploads\/2025\/10\/antonio-filosa-10.jpg\",\"contentUrl\":\"https:\/\/www.italpassion.fr\/wp-content\/uploads\/2025\/10\/antonio-filosa-10.jpg\",\"width\":1200,\"height\":800},{\"@type\":\"BreadcrumbList\",\"@id\":\"https:\/\/www.italpassion.fr\/it\/stellantis\/le-nouveau-ceo-de-stellantis-rend-visite-aux-syndicats-italiens-et-sadresse-a-bruxelles-nous-devons-revoir-la-reglementation-europeenne\/#breadcrumb\",\"itemListElement\":[{\"@type\":\"ListItem\",\"position\":1,\"name\":\"Accueil\",\"item\":\"https:\/\/www.italpassion.fr\/it\/\"},{\"@type\":\"ListItem\",\"position\":2,\"name\":\"Le nouveau CEO de Stellantis rend visite aux syndicats italiens et s&rsquo;adresse \u00e0 Bruxelles : \u00ab\u00a0Nous devons revoir\u00a0la r\u00e9glementation europ\u00e9enne !\u00a0\u00bb\"}]},{\"@type\":\"WebSite\",\"@id\":\"https:\/\/www.italpassion.fr\/it\/#website\",\"url\":\"https:\/\/www.italpassion.fr\/it\/\",\"name\":\"ItalPassion\",\"description\":\"Les Passionn\u00e9s d&#039;Automobiles Italiennes\",\"publisher\":{\"@id\":\"https:\/\/www.italpassion.fr\/it\/#organization\"},\"potentialAction\":[{\"@type\":\"SearchAction\",\"target\":{\"@type\":\"EntryPoint\",\"urlTemplate\":\"https:\/\/www.italpassion.fr\/it\/?s={search_term_string}\"},\"query-input\":{\"@type\":\"PropertyValueSpecification\",\"valueRequired\":true,\"valueName\":\"search_term_string\"}}],\"inLanguage\":\"it-IT\"},{\"@type\":\"Organization\",\"@id\":\"https:\/\/www.italpassion.fr\/it\/#organization\",\"name\":\"Italpassion\",\"url\":\"https:\/\/www.italpassion.fr\/it\/\",\"logo\":{\"@type\":\"ImageObject\",\"inLanguage\":\"it-IT\",\"@id\":\"https:\/\/www.italpassion.fr\/it\/#\/schema\/logo\/image\/\",\"url\":\"https:\/\/www.italpassion.fr\/wp-content\/uploads\/2023\/07\/italpassion-yoast.jpg\",\"contentUrl\":\"https:\/\/www.italpassion.fr\/wp-content\/uploads\/2023\/07\/italpassion-yoast.jpg\",\"width\":696,\"height\":696,\"caption\":\"Italpassion\"},\"image\":{\"@id\":\"https:\/\/www.italpassion.fr\/it\/#\/schema\/logo\/image\/\"},\"sameAs\":[\"https:\/\/www.facebook.com\/italpassion\",\"https:\/\/x.com\/italpassion\",\"https:\/\/www.instagram.com\/italpassionfr\/\",\"https:\/\/www.youtube.com\/channel\/UCleq-ByQaA42OjhopwevRjQ\",\"https:\/\/www.facebook.com\/italpassion.en\/\",\"https:\/\/www.facebook.com\/italpassion.it\/\",\"https:\/\/www.facebook.com\/italpassion.de\/\",\"https:\/\/www.facebook.com\/italpassion.ja\/\"]},{\"@type\":\"Person\",\"@id\":\"https:\/\/www.italpassion.fr\/it\/#\/schema\/person\/36f747b2a759ca202d847e85a9434ca0\",\"name\":\"Alexandre Filluzeau\",\"image\":{\"@type\":\"ImageObject\",\"inLanguage\":\"it-IT\",\"@id\":\"https:\/\/www.italpassion.fr\/it\/#\/schema\/person\/image\/\",\"url\":\"https:\/\/www.italpassion.fr\/wp-content\/uploads\/2025\/04\/avatar-alexandre-160x160.jpg\",\"contentUrl\":\"https:\/\/www.italpassion.fr\/wp-content\/uploads\/2025\/04\/avatar-alexandre-160x160.jpg\",\"caption\":\"Alexandre Filluzeau\"},\"description\":\"Fondateur du site ItalPassion, passionn\u00e9 de voitures italiennes et de l'Italie en g\u00e9n\u00e9ral. J'apporte un regard critique et technique aux actualit\u00e9s des marques italiennes quand cela est possible. Propri\u00e9taire d'une Maserati GranTurismo, Alfa Romeo MiTo, Lancia Fulvia et Ducati 695. Ex-propri\u00e9taire d'une Alfa Romeo Giulia.\",\"sameAs\":[\"https:\/\/www.italpassion.fr\/\"],\"url\":\"https:\/\/www.italpassion.fr\/it\/author\/alexandre\/\"}]}<\/script>\n<!-- \/ Yoast SEO plugin. -->","yoast_head_json":{"title":"Il nuovo amministratore delegato di Stellantis visita i sindacati italiani e si rivolge a Bruxelles: \"Occorre rivedere le normative europee!\" - ItalPassion","description":"Luned\u00ec 20 ottobre 2025 rimarr\u00e0 una data simbolica per i lavoratori di Mirafiori. Per la prima volta dalla sua nomina, il nuovo amministratore delegato di","robots":{"index":"index","follow":"follow","max-snippet":"max-snippet:-1","max-image-preview":"max-image-preview:large","max-video-preview":"max-video-preview:-1"},"canonical":"https:\/\/www.italpassion.fr\/it\/stellante\/il-nuovo-amministratore-delegato-di-stellantis-visita-i-sindacati-italiani-e-parla-a-bruxelles-dobbiamo-rivedere-i-regolamenti-europei\/","og_locale":"it_IT","og_type":"article","og_title":"Le nouveau CEO de Stellantis rend visite aux syndicats italiens et s'adresse \u00e0 Bruxelles : \"Nous devons revoir\u00a0la r\u00e9glementation europ\u00e9enne !\" - ItalPassion","og_description":"Lundi 20 octobre 2025 restera comme une date symbolique pour les ouvriers de Mirafiori. Pour la premi\u00e8re fois depuis sa nomination, le nouveau CEO de","og_url":"https:\/\/www.italpassion.fr\/it\/stellante\/il-nuovo-amministratore-delegato-di-stellantis-visita-i-sindacati-italiani-e-parla-a-bruxelles-dobbiamo-rivedere-i-regolamenti-europei\/","og_site_name":"ItalPassion","article_publisher":"https:\/\/www.facebook.com\/italpassion","article_published_time":"2025-10-21T07:37:43+00:00","og_image":[{"width":1200,"height":800,"url":"https:\/\/www.italpassion.fr\/wp-content\/uploads\/2025\/10\/antonio-filosa-10.jpg","type":"image\/jpeg"}],"author":"Alexandre Filluzeau","twitter_card":"summary_large_image","twitter_creator":"@italpassion","twitter_site":"@italpassion","schema":{"@context":"https:\/\/schema.org","@graph":[{"@type":"NewsArticle","@id":"https:\/\/www.italpassion.fr\/it\/stellantis\/le-nouveau-ceo-de-stellantis-rend-visite-aux-syndicats-italiens-et-sadresse-a-bruxelles-nous-devons-revoir-la-reglementation-europeenne\/#article","isPartOf":{"@id":"https:\/\/www.italpassion.fr\/it\/stellantis\/le-nouveau-ceo-de-stellantis-rend-visite-aux-syndicats-italiens-et-sadresse-a-bruxelles-nous-devons-revoir-la-reglementation-europeenne\/"},"author":{"name":"Alexandre Filluzeau","@id":"https:\/\/www.italpassion.fr\/it\/#\/schema\/person\/36f747b2a759ca202d847e85a9434ca0"},"headline":"Le nouveau CEO de Stellantis rend visite aux syndicats italiens et s&rsquo;adresse \u00e0 Bruxelles : \u00ab\u00a0Nous devons revoir\u00a0la r\u00e9glementation europ\u00e9enne !\u00a0\u00bb","datePublished":"2025-10-21T07:37:43+00:00","mainEntityOfPage":{"@id":"https:\/\/www.italpassion.fr\/it\/stellantis\/le-nouveau-ceo-de-stellantis-rend-visite-aux-syndicats-italiens-et-sadresse-a-bruxelles-nous-devons-revoir-la-reglementation-europeenne\/"},"wordCount":756,"commentCount":13,"publisher":{"@id":"https:\/\/www.italpassion.fr\/it\/#organization"},"image":{"@id":"https:\/\/www.italpassion.fr\/it\/stellantis\/le-nouveau-ceo-de-stellantis-rend-visite-aux-syndicats-italiens-et-sadresse-a-bruxelles-nous-devons-revoir-la-reglementation-europeenne\/#primaryimage"},"thumbnailUrl":"https:\/\/www.italpassion.fr\/wp-content\/uploads\/2025\/10\/antonio-filosa-10.jpg","keywords":["Antonio Filosa"],"articleSection":["Stellantis"],"inLanguage":"it-IT","potentialAction":[{"@type":"CommentAction","name":"Comment","target":["https:\/\/www.italpassion.fr\/it\/stellantis\/le-nouveau-ceo-de-stellantis-rend-visite-aux-syndicats-italiens-et-sadresse-a-bruxelles-nous-devons-revoir-la-reglementation-europeenne\/#respond"]}]},{"@type":"WebPage","@id":"https:\/\/www.italpassion.fr\/it\/stellantis\/le-nouveau-ceo-de-stellantis-rend-visite-aux-syndicats-italiens-et-sadresse-a-bruxelles-nous-devons-revoir-la-reglementation-europeenne\/","url":"https:\/\/www.italpassion.fr\/it\/stellantis\/le-nouveau-ceo-de-stellantis-rend-visite-aux-syndicats-italiens-et-sadresse-a-bruxelles-nous-devons-revoir-la-reglementation-europeenne\/","name":"Il nuovo amministratore delegato di Stellantis visita i sindacati italiani e si rivolge a Bruxelles: \"Occorre rivedere le normative europee!\" - ItalPassion","isPartOf":{"@id":"https:\/\/www.italpassion.fr\/it\/#website"},"primaryImageOfPage":{"@id":"https:\/\/www.italpassion.fr\/it\/stellantis\/le-nouveau-ceo-de-stellantis-rend-visite-aux-syndicats-italiens-et-sadresse-a-bruxelles-nous-devons-revoir-la-reglementation-europeenne\/#primaryimage"},"image":{"@id":"https:\/\/www.italpassion.fr\/it\/stellantis\/le-nouveau-ceo-de-stellantis-rend-visite-aux-syndicats-italiens-et-sadresse-a-bruxelles-nous-devons-revoir-la-reglementation-europeenne\/#primaryimage"},"thumbnailUrl":"https:\/\/www.italpassion.fr\/wp-content\/uploads\/2025\/10\/antonio-filosa-10.jpg","datePublished":"2025-10-21T07:37:43+00:00","description":"Luned\u00ec 20 ottobre 2025 rimarr\u00e0 una data simbolica per i lavoratori di Mirafiori. Per la prima volta dalla sua nomina, il nuovo amministratore delegato di","breadcrumb":{"@id":"https:\/\/www.italpassion.fr\/it\/stellantis\/le-nouveau-ceo-de-stellantis-rend-visite-aux-syndicats-italiens-et-sadresse-a-bruxelles-nous-devons-revoir-la-reglementation-europeenne\/#breadcrumb"},"inLanguage":"it-IT","potentialAction":[{"@type":"ReadAction","target":["https:\/\/www.italpassion.fr\/it\/stellantis\/le-nouveau-ceo-de-stellantis-rend-visite-aux-syndicats-italiens-et-sadresse-a-bruxelles-nous-devons-revoir-la-reglementation-europeenne\/"]}]},{"@type":"ImageObject","inLanguage":"it-IT","@id":"https:\/\/www.italpassion.fr\/it\/stellantis\/le-nouveau-ceo-de-stellantis-rend-visite-aux-syndicats-italiens-et-sadresse-a-bruxelles-nous-devons-revoir-la-reglementation-europeenne\/#primaryimage","url":"https:\/\/www.italpassion.fr\/wp-content\/uploads\/2025\/10\/antonio-filosa-10.jpg","contentUrl":"https:\/\/www.italpassion.fr\/wp-content\/uploads\/2025\/10\/antonio-filosa-10.jpg","width":1200,"height":800},{"@type":"BreadcrumbList","@id":"https:\/\/www.italpassion.fr\/it\/stellantis\/le-nouveau-ceo-de-stellantis-rend-visite-aux-syndicats-italiens-et-sadresse-a-bruxelles-nous-devons-revoir-la-reglementation-europeenne\/#breadcrumb","itemListElement":[{"@type":"ListItem","position":1,"name":"Accueil","item":"https:\/\/www.italpassion.fr\/it\/"},{"@type":"ListItem","position":2,"name":"Le nouveau CEO de Stellantis rend visite aux syndicats italiens et s&rsquo;adresse \u00e0 Bruxelles : \u00ab\u00a0Nous devons revoir\u00a0la r\u00e9glementation europ\u00e9enne !\u00a0\u00bb"}]},{"@type":"WebSite","@id":"https:\/\/www.italpassion.fr\/it\/#website","url":"https:\/\/www.italpassion.fr\/it\/","name":"ItalPassion","description":"Appassionati di auto italiane","publisher":{"@id":"https:\/\/www.italpassion.fr\/it\/#organization"},"potentialAction":[{"@type":"SearchAction","target":{"@type":"EntryPoint","urlTemplate":"https:\/\/www.italpassion.fr\/it\/?s={search_term_string}"},"query-input":{"@type":"PropertyValueSpecification","valueRequired":true,"valueName":"search_term_string"}}],"inLanguage":"it-IT"},{"@type":"Organization","@id":"https:\/\/www.italpassion.fr\/it\/#organization","name":"Italpassion","url":"https:\/\/www.italpassion.fr\/it\/","logo":{"@type":"ImageObject","inLanguage":"it-IT","@id":"https:\/\/www.italpassion.fr\/it\/#\/schema\/logo\/image\/","url":"https:\/\/www.italpassion.fr\/wp-content\/uploads\/2023\/07\/italpassion-yoast.jpg","contentUrl":"https:\/\/www.italpassion.fr\/wp-content\/uploads\/2023\/07\/italpassion-yoast.jpg","width":696,"height":696,"caption":"Italpassion"},"image":{"@id":"https:\/\/www.italpassion.fr\/it\/#\/schema\/logo\/image\/"},"sameAs":["https:\/\/www.facebook.com\/italpassion","https:\/\/x.com\/italpassion","https:\/\/www.instagram.com\/italpassionfr\/","https:\/\/www.youtube.com\/channel\/UCleq-ByQaA42OjhopwevRjQ","https:\/\/www.facebook.com\/italpassion.en\/","https:\/\/www.facebook.com\/italpassion.it\/","https:\/\/www.facebook.com\/italpassion.de\/","https:\/\/www.facebook.com\/italpassion.ja\/"]},{"@type":"Person","@id":"https:\/\/www.italpassion.fr\/it\/#\/schema\/person\/36f747b2a759ca202d847e85a9434ca0","name":"Alexandre Filluzeau","image":{"@type":"ImageObject","inLanguage":"it-IT","@id":"https:\/\/www.italpassion.fr\/it\/#\/schema\/person\/image\/","url":"https:\/\/www.italpassion.fr\/wp-content\/uploads\/2025\/04\/avatar-alexandre-160x160.jpg","contentUrl":"https:\/\/www.italpassion.fr\/wp-content\/uploads\/2025\/04\/avatar-alexandre-160x160.jpg","caption":"Alexandre Filluzeau"},"description":"Fondatore del sito ItalPassion, appassionato di auto italiane e dell'Italia in generale. Porto un occhio critico e tecnico alle notizie dei marchi italiani, quando possibile. Proprietario di una Maserati GranTurismo, di un'Alfa Romeo MiTo, di una Lancia Fulvia e di una Ducati 695. Ex proprietario di un'Alfa Romeo Giulia.","sameAs":["https:\/\/www.italpassion.fr\/"],"url":"https:\/\/www.italpassion.fr\/it\/author\/alexandre\/"}]}},"_links":{"self":[{"href":"https:\/\/www.italpassion.fr\/it\/wp-json\/wp\/v2\/posts\/42321","targetHints":{"allow":["GET"]}}],"collection":[{"href":"https:\/\/www.italpassion.fr\/it\/wp-json\/wp\/v2\/posts"}],"about":[{"href":"https:\/\/www.italpassion.fr\/it\/wp-json\/wp\/v2\/types\/post"}],"author":[{"embeddable":true,"href":"https:\/\/www.italpassion.fr\/it\/wp-json\/wp\/v2\/users\/1"}],"replies":[{"embeddable":true,"href":"https:\/\/www.italpassion.fr\/it\/wp-json\/wp\/v2\/comments?post=42321"}],"version-history":[{"count":1,"href":"https:\/\/www.italpassion.fr\/it\/wp-json\/wp\/v2\/posts\/42321\/revisions"}],"predecessor-version":[{"id":42323,"href":"https:\/\/www.italpassion.fr\/it\/wp-json\/wp\/v2\/posts\/42321\/revisions\/42323"}],"wp:featuredmedia":[{"embeddable":true,"href":"https:\/\/www.italpassion.fr\/it\/wp-json\/wp\/v2\/media\/42322"}],"wp:attachment":[{"href":"https:\/\/www.italpassion.fr\/it\/wp-json\/wp\/v2\/media?parent=42321"}],"wp:term":[{"taxonomy":"category","embeddable":true,"href":"https:\/\/www.italpassion.fr\/it\/wp-json\/wp\/v2\/categories?post=42321"},{"taxonomy":"post_tag","embeddable":true,"href":"https:\/\/www.italpassion.fr\/it\/wp-json\/wp\/v2\/tags?post=42321"}],"curies":[{"name":"wp","href":"https:\/\/api.w.org\/{rel}","templated":true}]}}