{"id":41369,"date":"2025-09-18T10:28:24","date_gmt":"2025-09-18T08:28:24","guid":{"rendered":"https:\/\/www.italpassion.fr\/?p=41369"},"modified":"2025-09-18T10:28:24","modified_gmt":"2025-09-18T08:28:24","slug":"il-pilota-della-falsa-ferrari-f1-rivela-il-video-del-suo-arresto","status":"publish","type":"post","link":"https:\/\/www.italpassion.fr\/it\/ferrari\/le-pilote-de-la-fausse-ferrari-f1-devoile-la-video-de-son-arrestation\/","title":{"rendered":"Il pilota della falsa Ferrari di F1 rivela il video del suo arresto"},"content":{"rendered":"<figure class=\"wp-block-image size-full\"><img loading=\"lazy\" decoding=\"async\" width=\"1200\" height=\"800\" src=\"https:\/\/www.italpassion.fr\/wp-content\/uploads\/2025\/09\/pilote-arrestataion.jpg\" alt=\"\" class=\"wp-image-41372\" srcset=\"https:\/\/www.italpassion.fr\/wp-content\/uploads\/2025\/09\/pilote-arrestataion.jpg 1200w, https:\/\/www.italpassion.fr\/wp-content\/uploads\/2025\/09\/pilote-arrestataion-420x280.jpg 420w, https:\/\/www.italpassion.fr\/wp-content\/uploads\/2025\/09\/pilote-arrestataion-768x512.jpg 768w, https:\/\/www.italpassion.fr\/wp-content\/uploads\/2025\/09\/pilote-arrestataion-18x12.jpg 18w\" sizes=\"auto, (max-width: 1200px) 100vw, 1200px\" \/><\/figure>\n\n\n\n<p>Sembrava una scena scritta per il cinema: una monoposto rossa, dipinta con i colori di <a href=\"https:\/\/www.italpassion.fr\/it\/ferrari\/\">Ferrari<\/a>L'auto, priva di targa e di indicatori di direzione, ha percorso i chilometri sulla D4, si \u00e8 fermata per un rifornimento di benzina, quindi \u00e8 tornata in paese dove l'attendeva un vero e proprio nugolo di agenti di polizia e un elicottero. Dieci giorni dopo la diffusione delle prime immagini da parte di media e network, il canale Youtube TrackZone, legato al presunto proprietario, ha pubblicato il video integrale dell'arresto. E questa volta lo spettacolo non \u00e8 quello di un corteo di auto glamour: \u00e8 un confronto teso e surreale tra un uomo con il casco e la polizia.<\/p>\n\n\n\n<h2 class=\"wp-block-heading\">L'arresto che mette fine a sei anni di latitanza<\/h2>\n\n\n\n<p>La cronologia \u00e8 ormai chiara: la monoposto era gi\u00e0 stata pi\u00f9 volte al centro delle cronache dal 2019 su questo stesso percorso a sud-ovest di Praga, sempre filmata, sempre guidata da un casco senza volto visibile, e diversi video virali hanno mantenuto viva la leggenda. Il 7 settembre 2025, gli automobilisti hanno nuovamente segnalato la sosta della monoposto presso una stazione di servizio Shell vicino a Dob\u0159\u00ed\u0161; la polizia ha mobilitato pattuglie e un elicottero, ha seguito il convoglio fino al villaggio di Buk e lo ha intercettato. Il conducente, un uomo di 51 anni, \u00e8 stato infine identificato e portato alla stazione di polizia.<\/p>\n\n\n\n<figure class=\"wp-block-image size-full\"><img loading=\"lazy\" decoding=\"async\" width=\"1200\" height=\"800\" src=\"https:\/\/www.italpassion.fr\/wp-content\/uploads\/2025\/09\/ferrari-f1-arrest.jpg\" alt=\"\" class=\"wp-image-41370\" srcset=\"https:\/\/www.italpassion.fr\/wp-content\/uploads\/2025\/09\/ferrari-f1-arrest.jpg 1200w, https:\/\/www.italpassion.fr\/wp-content\/uploads\/2025\/09\/ferrari-f1-arrest-420x280.jpg 420w, https:\/\/www.italpassion.fr\/wp-content\/uploads\/2025\/09\/ferrari-f1-arrest-768x512.jpg 768w, https:\/\/www.italpassion.fr\/wp-content\/uploads\/2025\/09\/ferrari-f1-arrest-18x12.jpg 18w\" sizes=\"auto, (max-width: 1200px) 100vw, 1200px\" \/><\/figure>\n\n\n\n<h2 class=\"wp-block-heading\">Il video di TrackZone rivela tutto<\/h2>\n\n\n\n<p>Il video pubblicato da TrackZone racconta la storia da un punto di vista diretto: prima vediamo l'auto uscire di strada in un corteo (la monoposto accompagnata da una Ferrari F40 e da una Lamborghini Murci\u00e9lago), con alcune inquadrature e accelerazioni ben precise - tutto sembra essere stato girato per fare scena. Poi, sulla via del ritorno, un compagno di viaggio avverte: \"Alla stazione di servizio SHELL c'\u00e8 polizia ovunque, letteralmente ovunque\". Vediamo il convoglio parcheggiare e tentare di trainare la monoposto con una Skoda che sembra appartenere al figlio dell'autista; \u00e8 a questo punto che compare la polizia e inizia lo scambio filmato.<\/p>\n\n\n\n<p>Il dialogo da solo riassume l'intera vicenda:<br>- Polizia: \"Salve signore, scenda dal suo veicolo...\".<br>- Pilota: \"Credo che siate in una propriet\u00e0 privata, signori\".<br>- Polizia: \"In nome della legge, la polizia le ordina di identificarsi, ok?<br>- Pilota: \"Avete un mandato di perquisizione? Lasciate questa propriet\u00e0 privata\".<\/p>\n\n\n\n<p>Lo schema si ripete per quasi dieci minuti: l'autista rifiuta di identificarsi, sostenendo di non avere un mandato, mentre la polizia gli ricorda il sospetto di reato e la legalit\u00e0 del suo intervento. Alla fine, l'autista si arrende alla polizia.<\/p>\n\n\n\n<figure class=\"wp-block-image size-full\"><img loading=\"lazy\" decoding=\"async\" width=\"1200\" height=\"800\" src=\"https:\/\/www.italpassion.fr\/wp-content\/uploads\/2025\/09\/ferrari-f1-arrest-2.jpg\" alt=\"\" class=\"wp-image-41371\" srcset=\"https:\/\/www.italpassion.fr\/wp-content\/uploads\/2025\/09\/ferrari-f1-arrest-2.jpg 1200w, https:\/\/www.italpassion.fr\/wp-content\/uploads\/2025\/09\/ferrari-f1-arrest-2-420x280.jpg 420w, https:\/\/www.italpassion.fr\/wp-content\/uploads\/2025\/09\/ferrari-f1-arrest-2-768x512.jpg 768w, https:\/\/www.italpassion.fr\/wp-content\/uploads\/2025\/09\/ferrari-f1-arrest-2-18x12.jpg 18w\" sizes=\"auto, (max-width: 1200px) 100vw, 1200px\" \/><\/figure>\n\n\n\n<h2 class=\"wp-block-heading\">F1, Dallara GPF1 2006 o Dallara GP2 2008?<\/h2>\n\n\n\n<p>Sul piano tecnico, circolano diverse versioni: la vettura, pur vestita come una \"Ferrari\", molto probabilmente non \u00e8 una moderna auto di F1. Alcuni osservatori fanno riferimento a un telaio Dallara GP2 del 2008 con V8 ad aspirazione naturale; il figlio del proprietario, in un video precedente, fa riferimento a una \"Ferrari Dallara GPF1 del 2006\". Il dubbio alimenta la curiosit\u00e0... e il pubblico.<\/p>\n\n\n\n<p>Il video ha raggiunto rapidamente le 300.000 visualizzazioni, con quasi 3.000 commenti. Il tono dominante: scherno e indignazione per l'atteggiamento del pilota e rispetto per la pazienza degli agenti di polizia. Molti hanno riassunto l'episodio in una frase: \"da eroe a zero\".<\/p>\n\n\n\n<h2 class=\"wp-block-heading\">Cosa succede al conducente?<\/h2>\n\n\n\n<p>Il caso \u00e8 stato deferito alle autorit\u00e0 amministrative: multe salate, possibile ritiro della patente e fermo del veicolo non omologato n\u00e9 assicurato. I video precedenti, comprese le riprese autostradali, potrebbero essere utilizzati per valutare le infrazioni. Va notato che i test non hanno rilevato n\u00e9 alcol n\u00e9 droghe al momento dell'arresto.<\/p>\n\n\n\n<figure class=\"wp-block-embed is-type-video is-provider-youtube wp-block-embed-youtube wp-embed-aspect-16-9 wp-has-aspect-ratio\"><div class=\"wp-block-embed__wrapper\">\n<iframe loading=\"lazy\" title=\"Cosa succede quando un&#039;auto di F1 colpisce pi\u00f9 volte l&#039;autostrada?\" width=\"1200\" height=\"675\" src=\"https:\/\/www.youtube-nocookie.com\/embed\/65kM1y820E4?feature=oembed\" frameborder=\"0\" allow=\"accelerometer; autoplay; clipboard-write; encrypted-media; gyroscope; picture-in-picture; web-share\" referrerpolicy=\"strict-origin-when-cross-origin\" allowfullscreen><\/iframe>\n<\/div><\/figure>","protected":false},"excerpt":{"rendered":"","protected":false},"author":1,"featured_media":41372,"comment_status":"open","ping_status":"open","sticky":false,"template":"","format":"standard","meta":{"_acf_changed":false,"_sitemap_exclude":false,"_sitemap_priority":"","_sitemap_frequency":"","footnotes":""},"categories":[23],"tags":[],"class_list":["post-41369","post","type-post","status-publish","format-standard","has-post-thumbnail","hentry","category-ferrari","generate-columns","tablet-grid-50","mobile-grid-100","grid-parent","grid-33"],"acf":[],"yoast_head":"<!-- This site is optimized with the Yoast SEO plugin v25.8 - https:\/\/yoast.com\/wordpress\/plugins\/seo\/ -->\n<title>Le pilote de la fausse Ferrari F1 d\u00e9voile la vid\u00e9o de son arrestation - ItalPassion<\/title>\n<meta name=\"description\" content=\"On aurait dit une sc\u00e8ne \u00e9crite pour le cin\u00e9ma : une monoplace rouge, peinte aux couleurs de Ferrari, sans plaques ni clignotants, avale les kilom\u00e8tres sur\" \/>\n<meta name=\"robots\" content=\"index, follow, max-snippet:-1, max-image-preview:large, max-video-preview:-1\" \/>\n<link rel=\"canonical\" href=\"https:\/\/www.italpassion.fr\/it\/ferrari\/il-pilota-della-falsa-ferrari-f1-rivela-il-video-del-suo-arresto\/\" \/>\n<meta property=\"og:locale\" content=\"it_IT\" \/>\n<meta property=\"og:type\" content=\"article\" \/>\n<meta property=\"og:title\" content=\"Le pilote de la fausse Ferrari F1 d\u00e9voile la vid\u00e9o de son arrestation - ItalPassion\" \/>\n<meta property=\"og:description\" content=\"On aurait dit une sc\u00e8ne \u00e9crite pour le cin\u00e9ma : une monoplace rouge, peinte aux couleurs de Ferrari, sans plaques ni clignotants, avale les kilom\u00e8tres sur\" \/>\n<meta property=\"og:url\" content=\"https:\/\/www.italpassion.fr\/it\/ferrari\/il-pilota-della-falsa-ferrari-f1-rivela-il-video-del-suo-arresto\/\" \/>\n<meta property=\"og:site_name\" content=\"ItalPassion\" \/>\n<meta property=\"article:publisher\" content=\"https:\/\/www.facebook.com\/italpassion\" \/>\n<meta property=\"article:published_time\" content=\"2025-09-18T08:28:24+00:00\" \/>\n<meta property=\"og:image\" content=\"https:\/\/www.italpassion.fr\/wp-content\/uploads\/2025\/09\/pilote-arrestataion.jpg\" \/>\n\t<meta property=\"og:image:width\" content=\"1200\" \/>\n\t<meta property=\"og:image:height\" content=\"800\" \/>\n\t<meta property=\"og:image:type\" content=\"image\/jpeg\" \/>\n<meta name=\"author\" content=\"Alexandre Filluzeau\" \/>\n<meta name=\"twitter:card\" content=\"summary_large_image\" \/>\n<meta name=\"twitter:creator\" content=\"@italpassion\" \/>\n<meta name=\"twitter:site\" content=\"@italpassion\" \/>\n<script type=\"application\/ld+json\" class=\"yoast-schema-graph\">{\"@context\":\"https:\/\/schema.org\",\"@graph\":[{\"@type\":\"NewsArticle\",\"@id\":\"https:\/\/www.italpassion.fr\/it\/ferrari\/le-pilote-de-la-fausse-ferrari-f1-devoile-la-video-de-son-arrestation\/#article\",\"isPartOf\":{\"@id\":\"https:\/\/www.italpassion.fr\/it\/ferrari\/le-pilote-de-la-fausse-ferrari-f1-devoile-la-video-de-son-arrestation\/\"},\"author\":{\"name\":\"Alexandre Filluzeau\",\"@id\":\"https:\/\/www.italpassion.fr\/it\/#\/schema\/person\/36f747b2a759ca202d847e85a9434ca0\"},\"headline\":\"Le pilote de la fausse Ferrari F1 d\u00e9voile la vid\u00e9o de son arrestation\",\"datePublished\":\"2025-09-18T08:28:24+00:00\",\"mainEntityOfPage\":{\"@id\":\"https:\/\/www.italpassion.fr\/it\/ferrari\/le-pilote-de-la-fausse-ferrari-f1-devoile-la-video-de-son-arrestation\/\"},\"wordCount\":677,\"commentCount\":0,\"publisher\":{\"@id\":\"https:\/\/www.italpassion.fr\/it\/#organization\"},\"image\":{\"@id\":\"https:\/\/www.italpassion.fr\/it\/ferrari\/le-pilote-de-la-fausse-ferrari-f1-devoile-la-video-de-son-arrestation\/#primaryimage\"},\"thumbnailUrl\":\"https:\/\/www.italpassion.fr\/wp-content\/uploads\/2025\/09\/pilote-arrestataion.jpg\",\"articleSection\":[\"Ferrari\"],\"inLanguage\":\"it-IT\",\"potentialAction\":[{\"@type\":\"CommentAction\",\"name\":\"Comment\",\"target\":[\"https:\/\/www.italpassion.fr\/it\/ferrari\/le-pilote-de-la-fausse-ferrari-f1-devoile-la-video-de-son-arrestation\/#respond\"]}]},{\"@type\":\"WebPage\",\"@id\":\"https:\/\/www.italpassion.fr\/it\/ferrari\/le-pilote-de-la-fausse-ferrari-f1-devoile-la-video-de-son-arrestation\/\",\"url\":\"https:\/\/www.italpassion.fr\/it\/ferrari\/le-pilote-de-la-fausse-ferrari-f1-devoile-la-video-de-son-arrestation\/\",\"name\":\"Le pilote de la fausse Ferrari F1 d\u00e9voile la vid\u00e9o de son arrestation - ItalPassion\",\"isPartOf\":{\"@id\":\"https:\/\/www.italpassion.fr\/it\/#website\"},\"primaryImageOfPage\":{\"@id\":\"https:\/\/www.italpassion.fr\/it\/ferrari\/le-pilote-de-la-fausse-ferrari-f1-devoile-la-video-de-son-arrestation\/#primaryimage\"},\"image\":{\"@id\":\"https:\/\/www.italpassion.fr\/it\/ferrari\/le-pilote-de-la-fausse-ferrari-f1-devoile-la-video-de-son-arrestation\/#primaryimage\"},\"thumbnailUrl\":\"https:\/\/www.italpassion.fr\/wp-content\/uploads\/2025\/09\/pilote-arrestataion.jpg\",\"datePublished\":\"2025-09-18T08:28:24+00:00\",\"description\":\"On aurait dit une sc\u00e8ne \u00e9crite pour le cin\u00e9ma : une monoplace rouge, peinte aux couleurs de Ferrari, sans plaques ni clignotants, avale les kilom\u00e8tres sur\",\"breadcrumb\":{\"@id\":\"https:\/\/www.italpassion.fr\/it\/ferrari\/le-pilote-de-la-fausse-ferrari-f1-devoile-la-video-de-son-arrestation\/#breadcrumb\"},\"inLanguage\":\"it-IT\",\"potentialAction\":[{\"@type\":\"ReadAction\",\"target\":[\"https:\/\/www.italpassion.fr\/it\/ferrari\/le-pilote-de-la-fausse-ferrari-f1-devoile-la-video-de-son-arrestation\/\"]}]},{\"@type\":\"ImageObject\",\"inLanguage\":\"it-IT\",\"@id\":\"https:\/\/www.italpassion.fr\/it\/ferrari\/le-pilote-de-la-fausse-ferrari-f1-devoile-la-video-de-son-arrestation\/#primaryimage\",\"url\":\"https:\/\/www.italpassion.fr\/wp-content\/uploads\/2025\/09\/pilote-arrestataion.jpg\",\"contentUrl\":\"https:\/\/www.italpassion.fr\/wp-content\/uploads\/2025\/09\/pilote-arrestataion.jpg\",\"width\":1200,\"height\":800},{\"@type\":\"BreadcrumbList\",\"@id\":\"https:\/\/www.italpassion.fr\/it\/ferrari\/le-pilote-de-la-fausse-ferrari-f1-devoile-la-video-de-son-arrestation\/#breadcrumb\",\"itemListElement\":[{\"@type\":\"ListItem\",\"position\":1,\"name\":\"Accueil\",\"item\":\"https:\/\/www.italpassion.fr\/it\/\"},{\"@type\":\"ListItem\",\"position\":2,\"name\":\"Le pilote de la fausse Ferrari F1 d\u00e9voile la vid\u00e9o de son arrestation\"}]},{\"@type\":\"WebSite\",\"@id\":\"https:\/\/www.italpassion.fr\/it\/#website\",\"url\":\"https:\/\/www.italpassion.fr\/it\/\",\"name\":\"ItalPassion\",\"description\":\"Les Passionn\u00e9s d&#039;Automobiles Italiennes\",\"publisher\":{\"@id\":\"https:\/\/www.italpassion.fr\/it\/#organization\"},\"potentialAction\":[{\"@type\":\"SearchAction\",\"target\":{\"@type\":\"EntryPoint\",\"urlTemplate\":\"https:\/\/www.italpassion.fr\/it\/?s={search_term_string}\"},\"query-input\":{\"@type\":\"PropertyValueSpecification\",\"valueRequired\":true,\"valueName\":\"search_term_string\"}}],\"inLanguage\":\"it-IT\"},{\"@type\":\"Organization\",\"@id\":\"https:\/\/www.italpassion.fr\/it\/#organization\",\"name\":\"Italpassion\",\"url\":\"https:\/\/www.italpassion.fr\/it\/\",\"logo\":{\"@type\":\"ImageObject\",\"inLanguage\":\"it-IT\",\"@id\":\"https:\/\/www.italpassion.fr\/it\/#\/schema\/logo\/image\/\",\"url\":\"https:\/\/www.italpassion.fr\/wp-content\/uploads\/2023\/07\/italpassion-yoast.jpg\",\"contentUrl\":\"https:\/\/www.italpassion.fr\/wp-content\/uploads\/2023\/07\/italpassion-yoast.jpg\",\"width\":696,\"height\":696,\"caption\":\"Italpassion\"},\"image\":{\"@id\":\"https:\/\/www.italpassion.fr\/it\/#\/schema\/logo\/image\/\"},\"sameAs\":[\"https:\/\/www.facebook.com\/italpassion\",\"https:\/\/x.com\/italpassion\",\"https:\/\/www.instagram.com\/italpassionfr\/\",\"https:\/\/www.youtube.com\/channel\/UCleq-ByQaA42OjhopwevRjQ\",\"https:\/\/www.facebook.com\/italpassion.en\/\",\"https:\/\/www.facebook.com\/italpassion.it\/\",\"https:\/\/www.facebook.com\/italpassion.de\/\",\"https:\/\/www.facebook.com\/italpassion.ja\/\"]},{\"@type\":\"Person\",\"@id\":\"https:\/\/www.italpassion.fr\/it\/#\/schema\/person\/36f747b2a759ca202d847e85a9434ca0\",\"name\":\"Alexandre Filluzeau\",\"image\":{\"@type\":\"ImageObject\",\"inLanguage\":\"it-IT\",\"@id\":\"https:\/\/www.italpassion.fr\/it\/#\/schema\/person\/image\/\",\"url\":\"https:\/\/www.italpassion.fr\/wp-content\/uploads\/2025\/04\/avatar-alexandre-160x160.jpg\",\"contentUrl\":\"https:\/\/www.italpassion.fr\/wp-content\/uploads\/2025\/04\/avatar-alexandre-160x160.jpg\",\"caption\":\"Alexandre Filluzeau\"},\"description\":\"Fondateur du site ItalPassion, passionn\u00e9 de voitures italiennes et de l'Italie en g\u00e9n\u00e9ral. J'apporte un regard critique et technique aux actualit\u00e9s des marques italiennes quand cela est possible. Propri\u00e9taire d'une Maserati GranTurismo, Alfa Romeo MiTo, Lancia Fulvia et Ducati 695. Ex-propri\u00e9taire d'une Alfa Romeo Giulia.\",\"sameAs\":[\"https:\/\/www.italpassion.fr\/\"],\"url\":\"https:\/\/www.italpassion.fr\/it\/author\/alexandre\/\"}]}<\/script>\n<!-- \/ Yoast SEO plugin. -->","yoast_head_json":{"title":"Il pilota della falsa Ferrari di F1 rivela il video del suo arresto - ItalPassion","description":"Sembrava una scena scritta per il cinema: una monoposto rossa, dipinta con i colori della Ferrari, senza targa n\u00e9 indicatori di direzione, sfrecciava lungo la strada su","robots":{"index":"index","follow":"follow","max-snippet":"max-snippet:-1","max-image-preview":"max-image-preview:large","max-video-preview":"max-video-preview:-1"},"canonical":"https:\/\/www.italpassion.fr\/it\/ferrari\/il-pilota-della-falsa-ferrari-f1-rivela-il-video-del-suo-arresto\/","og_locale":"it_IT","og_type":"article","og_title":"Le pilote de la fausse Ferrari F1 d\u00e9voile la vid\u00e9o de son arrestation - ItalPassion","og_description":"On aurait dit une sc\u00e8ne \u00e9crite pour le cin\u00e9ma : une monoplace rouge, peinte aux couleurs de Ferrari, sans plaques ni clignotants, avale les kilom\u00e8tres sur","og_url":"https:\/\/www.italpassion.fr\/it\/ferrari\/il-pilota-della-falsa-ferrari-f1-rivela-il-video-del-suo-arresto\/","og_site_name":"ItalPassion","article_publisher":"https:\/\/www.facebook.com\/italpassion","article_published_time":"2025-09-18T08:28:24+00:00","og_image":[{"width":1200,"height":800,"url":"https:\/\/www.italpassion.fr\/wp-content\/uploads\/2025\/09\/pilote-arrestataion.jpg","type":"image\/jpeg"}],"author":"Alexandre Filluzeau","twitter_card":"summary_large_image","twitter_creator":"@italpassion","twitter_site":"@italpassion","schema":{"@context":"https:\/\/schema.org","@graph":[{"@type":"NewsArticle","@id":"https:\/\/www.italpassion.fr\/it\/ferrari\/le-pilote-de-la-fausse-ferrari-f1-devoile-la-video-de-son-arrestation\/#article","isPartOf":{"@id":"https:\/\/www.italpassion.fr\/it\/ferrari\/le-pilote-de-la-fausse-ferrari-f1-devoile-la-video-de-son-arrestation\/"},"author":{"name":"Alexandre Filluzeau","@id":"https:\/\/www.italpassion.fr\/it\/#\/schema\/person\/36f747b2a759ca202d847e85a9434ca0"},"headline":"Le pilote de la fausse Ferrari F1 d\u00e9voile la vid\u00e9o de son arrestation","datePublished":"2025-09-18T08:28:24+00:00","mainEntityOfPage":{"@id":"https:\/\/www.italpassion.fr\/it\/ferrari\/le-pilote-de-la-fausse-ferrari-f1-devoile-la-video-de-son-arrestation\/"},"wordCount":677,"commentCount":0,"publisher":{"@id":"https:\/\/www.italpassion.fr\/it\/#organization"},"image":{"@id":"https:\/\/www.italpassion.fr\/it\/ferrari\/le-pilote-de-la-fausse-ferrari-f1-devoile-la-video-de-son-arrestation\/#primaryimage"},"thumbnailUrl":"https:\/\/www.italpassion.fr\/wp-content\/uploads\/2025\/09\/pilote-arrestataion.jpg","articleSection":["Ferrari"],"inLanguage":"it-IT","potentialAction":[{"@type":"CommentAction","name":"Comment","target":["https:\/\/www.italpassion.fr\/it\/ferrari\/le-pilote-de-la-fausse-ferrari-f1-devoile-la-video-de-son-arrestation\/#respond"]}]},{"@type":"WebPage","@id":"https:\/\/www.italpassion.fr\/it\/ferrari\/le-pilote-de-la-fausse-ferrari-f1-devoile-la-video-de-son-arrestation\/","url":"https:\/\/www.italpassion.fr\/it\/ferrari\/le-pilote-de-la-fausse-ferrari-f1-devoile-la-video-de-son-arrestation\/","name":"Il pilota della falsa Ferrari di F1 rivela il video del suo arresto - ItalPassion","isPartOf":{"@id":"https:\/\/www.italpassion.fr\/it\/#website"},"primaryImageOfPage":{"@id":"https:\/\/www.italpassion.fr\/it\/ferrari\/le-pilote-de-la-fausse-ferrari-f1-devoile-la-video-de-son-arrestation\/#primaryimage"},"image":{"@id":"https:\/\/www.italpassion.fr\/it\/ferrari\/le-pilote-de-la-fausse-ferrari-f1-devoile-la-video-de-son-arrestation\/#primaryimage"},"thumbnailUrl":"https:\/\/www.italpassion.fr\/wp-content\/uploads\/2025\/09\/pilote-arrestataion.jpg","datePublished":"2025-09-18T08:28:24+00:00","description":"Sembrava una scena scritta per il cinema: una monoposto rossa, dipinta con i colori della Ferrari, senza targa n\u00e9 indicatori di direzione, sfrecciava lungo la strada su","breadcrumb":{"@id":"https:\/\/www.italpassion.fr\/it\/ferrari\/le-pilote-de-la-fausse-ferrari-f1-devoile-la-video-de-son-arrestation\/#breadcrumb"},"inLanguage":"it-IT","potentialAction":[{"@type":"ReadAction","target":["https:\/\/www.italpassion.fr\/it\/ferrari\/le-pilote-de-la-fausse-ferrari-f1-devoile-la-video-de-son-arrestation\/"]}]},{"@type":"ImageObject","inLanguage":"it-IT","@id":"https:\/\/www.italpassion.fr\/it\/ferrari\/le-pilote-de-la-fausse-ferrari-f1-devoile-la-video-de-son-arrestation\/#primaryimage","url":"https:\/\/www.italpassion.fr\/wp-content\/uploads\/2025\/09\/pilote-arrestataion.jpg","contentUrl":"https:\/\/www.italpassion.fr\/wp-content\/uploads\/2025\/09\/pilote-arrestataion.jpg","width":1200,"height":800},{"@type":"BreadcrumbList","@id":"https:\/\/www.italpassion.fr\/it\/ferrari\/le-pilote-de-la-fausse-ferrari-f1-devoile-la-video-de-son-arrestation\/#breadcrumb","itemListElement":[{"@type":"ListItem","position":1,"name":"Accueil","item":"https:\/\/www.italpassion.fr\/it\/"},{"@type":"ListItem","position":2,"name":"Le pilote de la fausse Ferrari F1 d\u00e9voile la vid\u00e9o de son arrestation"}]},{"@type":"WebSite","@id":"https:\/\/www.italpassion.fr\/it\/#website","url":"https:\/\/www.italpassion.fr\/it\/","name":"ItalPassion","description":"Appassionati di auto italiane","publisher":{"@id":"https:\/\/www.italpassion.fr\/it\/#organization"},"potentialAction":[{"@type":"SearchAction","target":{"@type":"EntryPoint","urlTemplate":"https:\/\/www.italpassion.fr\/it\/?s={search_term_string}"},"query-input":{"@type":"PropertyValueSpecification","valueRequired":true,"valueName":"search_term_string"}}],"inLanguage":"it-IT"},{"@type":"Organization","@id":"https:\/\/www.italpassion.fr\/it\/#organization","name":"Italpassion","url":"https:\/\/www.italpassion.fr\/it\/","logo":{"@type":"ImageObject","inLanguage":"it-IT","@id":"https:\/\/www.italpassion.fr\/it\/#\/schema\/logo\/image\/","url":"https:\/\/www.italpassion.fr\/wp-content\/uploads\/2023\/07\/italpassion-yoast.jpg","contentUrl":"https:\/\/www.italpassion.fr\/wp-content\/uploads\/2023\/07\/italpassion-yoast.jpg","width":696,"height":696,"caption":"Italpassion"},"image":{"@id":"https:\/\/www.italpassion.fr\/it\/#\/schema\/logo\/image\/"},"sameAs":["https:\/\/www.facebook.com\/italpassion","https:\/\/x.com\/italpassion","https:\/\/www.instagram.com\/italpassionfr\/","https:\/\/www.youtube.com\/channel\/UCleq-ByQaA42OjhopwevRjQ","https:\/\/www.facebook.com\/italpassion.en\/","https:\/\/www.facebook.com\/italpassion.it\/","https:\/\/www.facebook.com\/italpassion.de\/","https:\/\/www.facebook.com\/italpassion.ja\/"]},{"@type":"Person","@id":"https:\/\/www.italpassion.fr\/it\/#\/schema\/person\/36f747b2a759ca202d847e85a9434ca0","name":"Alexandre Filluzeau","image":{"@type":"ImageObject","inLanguage":"it-IT","@id":"https:\/\/www.italpassion.fr\/it\/#\/schema\/person\/image\/","url":"https:\/\/www.italpassion.fr\/wp-content\/uploads\/2025\/04\/avatar-alexandre-160x160.jpg","contentUrl":"https:\/\/www.italpassion.fr\/wp-content\/uploads\/2025\/04\/avatar-alexandre-160x160.jpg","caption":"Alexandre Filluzeau"},"description":"Fondatore del sito ItalPassion, appassionato di auto italiane e dell'Italia in generale. Porto un occhio critico e tecnico alle notizie dei marchi italiani, quando possibile. Proprietario di una Maserati GranTurismo, di un'Alfa Romeo MiTo, di una Lancia Fulvia e di una Ducati 695. Ex proprietario di un'Alfa Romeo Giulia.","sameAs":["https:\/\/www.italpassion.fr\/"],"url":"https:\/\/www.italpassion.fr\/it\/author\/alexandre\/"}]}},"_links":{"self":[{"href":"https:\/\/www.italpassion.fr\/it\/wp-json\/wp\/v2\/posts\/41369","targetHints":{"allow":["GET"]}}],"collection":[{"href":"https:\/\/www.italpassion.fr\/it\/wp-json\/wp\/v2\/posts"}],"about":[{"href":"https:\/\/www.italpassion.fr\/it\/wp-json\/wp\/v2\/types\/post"}],"author":[{"embeddable":true,"href":"https:\/\/www.italpassion.fr\/it\/wp-json\/wp\/v2\/users\/1"}],"replies":[{"embeddable":true,"href":"https:\/\/www.italpassion.fr\/it\/wp-json\/wp\/v2\/comments?post=41369"}],"version-history":[{"count":1,"href":"https:\/\/www.italpassion.fr\/it\/wp-json\/wp\/v2\/posts\/41369\/revisions"}],"predecessor-version":[{"id":41373,"href":"https:\/\/www.italpassion.fr\/it\/wp-json\/wp\/v2\/posts\/41369\/revisions\/41373"}],"wp:featuredmedia":[{"embeddable":true,"href":"https:\/\/www.italpassion.fr\/it\/wp-json\/wp\/v2\/media\/41372"}],"wp:attachment":[{"href":"https:\/\/www.italpassion.fr\/it\/wp-json\/wp\/v2\/media?parent=41369"}],"wp:term":[{"taxonomy":"category","embeddable":true,"href":"https:\/\/www.italpassion.fr\/it\/wp-json\/wp\/v2\/categories?post=41369"},{"taxonomy":"post_tag","embeddable":true,"href":"https:\/\/www.italpassion.fr\/it\/wp-json\/wp\/v2\/tags?post=41369"}],"curies":[{"name":"wp","href":"https:\/\/api.w.org\/{rel}","templated":true}]}}