{"id":40627,"date":"2025-09-03T16:19:15","date_gmt":"2025-09-03T14:19:15","guid":{"rendered":"https:\/\/www.italpassion.fr\/?p=40627"},"modified":"2025-09-03T16:19:15","modified_gmt":"2025-09-03T14:19:15","slug":"lamborghini-non-e-pronta-a-fermare-il-v12-oltre-il-2030","status":"publish","type":"post","link":"https:\/\/www.italpassion.fr\/it\/lamborghini\/lamborghini-nest-pas-pres-darreter-le-v12-au-dela-de-2030\/","title":{"rendered":"Lamborghini non intende rinunciare al V12! \"Oltre il 2030"},"content":{"rendered":"<figure class=\"wp-block-image size-full\"><img loading=\"lazy\" decoding=\"async\" width=\"1200\" height=\"800\" src=\"https:\/\/www.italpassion.fr\/wp-content\/uploads\/2025\/08\/lamborghini-revuelto-v12-00.jpg\" alt=\"\" class=\"wp-image-41041\" srcset=\"https:\/\/www.italpassion.fr\/wp-content\/uploads\/2025\/08\/lamborghini-revuelto-v12-00.jpg 1200w, https:\/\/www.italpassion.fr\/wp-content\/uploads\/2025\/08\/lamborghini-revuelto-v12-00-420x280.jpg 420w, https:\/\/www.italpassion.fr\/wp-content\/uploads\/2025\/08\/lamborghini-revuelto-v12-00-768x512.jpg 768w, https:\/\/www.italpassion.fr\/wp-content\/uploads\/2025\/08\/lamborghini-revuelto-v12-00-18x12.jpg 18w\" sizes=\"auto, (max-width: 1200px) 100vw, 1200px\" \/><\/figure>\n\n\n\n<p>A <a href=\"https:\/\/www.italpassion.fr\/it\/lamborghini\/\">Lamborghini<\/a>Ma ci sono cose che non cambiano mai. Il design spigoloso, le porte a elitre... e soprattutto il leggendario motore V12. In un momento in cui il mondo dell'auto si sta muovendo verso il downsizing e l'elettrificazione di massa, il marchio di Sant'Agata Bolognese conferma che non ha intenzione di voltare pagina rispetto alla sua icona meccanica. Meglio ancora, il V12 sopravviver\u00e0 ben oltre il 2030.<\/p>\n\n\n\n<p>Matteo Ortenzi, Direttore della gamma di prodotti Lamborghini, lo ha detto chiaramente alla presentazione dell'ultima creazione del marchio, <a href=\"https:\/\/www.italpassion.fr\/it\/lamborghini\/la-lamborghini-fenomeno-piu-potente-e-veloce-in-edizione-limitata\/\">il Fenomeno<\/a> Il V12 \u00e8 molto sicuro in Lamborghini. Per noi l'orizzonte \u00e8 addirittura oltre il 2030. Per noi \u00e8 una firma, amiamo la reattivit\u00e0 di questo motore e non vogliamo cambiarlo\".<\/p>\n\n\n\n<p>Una dichiarazione forte, soprattutto in un momento in cui persino la Ferrari ha dovuto scendere a compromessi sostituendo i suoi V8 con dei V6 ibridi. La Lamborghini, un costruttore di dimensioni modeste rispetto ai giganti dell'industria automobilistica, deve destreggiarsi con standard sempre pi\u00f9 severi. Ma l'italiana ha trovato una soluzione: l'ibridazione.<\/p>\n\n\n\n<figure class=\"wp-block-image size-full\"><img loading=\"lazy\" decoding=\"async\" width=\"1200\" height=\"800\" src=\"https:\/\/www.italpassion.fr\/wp-content\/uploads\/2025\/08\/lamborghini-v12-revuelto.jpg\" alt=\"\" class=\"wp-image-41040\" srcset=\"https:\/\/www.italpassion.fr\/wp-content\/uploads\/2025\/08\/lamborghini-v12-revuelto.jpg 1200w, https:\/\/www.italpassion.fr\/wp-content\/uploads\/2025\/08\/lamborghini-v12-revuelto-420x280.jpg 420w, https:\/\/www.italpassion.fr\/wp-content\/uploads\/2025\/08\/lamborghini-v12-revuelto-768x512.jpg 768w, https:\/\/www.italpassion.fr\/wp-content\/uploads\/2025\/08\/lamborghini-v12-revuelto-18x12.jpg 18w\" sizes=\"auto, (max-width: 1200px) 100vw, 1200px\" \/><\/figure>\n\n\n\n<p>La prova \u00e8 data dalla Revuelto, lanciata nel 2023, e ancora pi\u00f9 recentemente dalla Fenomeno, una \"few-off\" presentata durante la Monterey Car Week. Sotto la sua carrozzeria in fibra di carbonio, il Fenomeno nasconde un V12 da 6,5 litri aspirato naturalmente, sostenuto da tre motori elettrici per una potenza combinata di 1.065 CV. Il tutto \u00e8 in grado di accelerare da 0 a 100 km\/h in 2,4 secondi e di raggiungere velocit\u00e0 superiori a 350 km\/h. \u00c8 un mostro tecnologico che urla fino a 9.500 giri al minuto ed \u00e8 anche in grado di viaggiare quasi silenziosamente in modalit\u00e0 elettrica.<\/p>\n\n\n\n<p>L'elettrificazione non \u00e8 una negazione, ma un'ancora di salvezza per preservare il carattere del V12 di fronte alle normative. Dobbiamo essere realistici\", spiega Ortenzi. Ci sono legislazioni diverse in tutto il mondo, come quella della C6 in Cina. Dobbiamo avere un'unica soluzione che funzioni ovunque\".<\/p>\n\n\n\n<p>In pratica, ci\u00f2 significa che Lamborghini non sta seguendo la strada dell'elettrico a pieno ritmo. Mentre un primo modello elettrico 100 % era previsto per il 2028, seguito da una Urus elettrica nel 2029, il CEO Stephan Winkelmann ha gi\u00e0 qualificato questi piani: questi modelli <a href=\"https:\/\/www.italpassion.fr\/it\/lamborghini\/la-prima-lamborghini-elettrica-potrebbe-finalmente-avere-un-motore-a-benzina\/\">potrebbe finalmente arrivare in una versione ibrida plug-in piuttosto che in una versione puramente a zero emissioni<\/a>.<\/p>\n\n\n\n<p>Il futuro della Lamborghini \u00e8 chiaro: motori elettrificati, s\u00ec, ma sempre associati a propulsori nobili, di cui il V12 rimane il gioiello. <\/p>\n\n\n\n<figure class=\"wp-block-embed is-type-video is-provider-youtube wp-block-embed-youtube wp-embed-aspect-9-16 wp-has-aspect-ratio\"><div class=\"wp-block-embed__wrapper\">\n<iframe loading=\"lazy\" title=\"Suono dello scarico della Lamborghini Revuelto V12: Gintani vs Novitec vs R1 Motorsport\" width=\"563\" height=\"1000\" src=\"https:\/\/www.youtube-nocookie.com\/embed\/9Vdil5D5U9k?feature=oembed\" frameborder=\"0\" allow=\"accelerometer; autoplay; clipboard-write; encrypted-media; gyroscope; picture-in-picture; web-share\" referrerpolicy=\"strict-origin-when-cross-origin\" allowfullscreen><\/iframe>\n<\/div><\/figure>","protected":false},"excerpt":{"rendered":"","protected":false},"author":1,"featured_media":41041,"comment_status":"open","ping_status":"open","sticky":false,"template":"","format":"standard","meta":{"_acf_changed":false,"_sitemap_exclude":false,"_sitemap_priority":"","_sitemap_frequency":"","footnotes":""},"categories":[25],"tags":[],"class_list":["post-40627","post","type-post","status-publish","format-standard","has-post-thumbnail","hentry","category-lamborghini","generate-columns","tablet-grid-50","mobile-grid-100","grid-parent","grid-33"],"acf":[],"yoast_head":"<!-- This site is optimized with the Yoast SEO plugin v25.8 - https:\/\/yoast.com\/wordpress\/plugins\/seo\/ -->\n<title>Lamborghini n&#039;est pas pr\u00e8s d&#039;arr\u00eater le V12 ! &quot;Au-del\u00e0 de 2030&quot; - ItalPassion<\/title>\n<meta name=\"description\" content=\"Chez Lamborghini, certaines choses semblent immuables. Le design anguleux, les portes en \u00e9lytre\u2026 et surtout, le mythique moteur V12. Alors que le monde\" \/>\n<meta name=\"robots\" content=\"index, follow, max-snippet:-1, max-image-preview:large, max-video-preview:-1\" \/>\n<link rel=\"canonical\" href=\"https:\/\/www.italpassion.fr\/it\/lamborghini\/lamborghini-non-e-pronta-a-fermare-il-v12-oltre-il-2030\/\" \/>\n<meta property=\"og:locale\" content=\"it_IT\" \/>\n<meta property=\"og:type\" content=\"article\" \/>\n<meta property=\"og:title\" content=\"Lamborghini n&#039;est pas pr\u00e8s d&#039;arr\u00eater le V12 ! &quot;Au-del\u00e0 de 2030&quot; - ItalPassion\" \/>\n<meta property=\"og:description\" content=\"Chez Lamborghini, certaines choses semblent immuables. Le design anguleux, les portes en \u00e9lytre\u2026 et surtout, le mythique moteur V12. Alors que le monde\" \/>\n<meta property=\"og:url\" content=\"https:\/\/www.italpassion.fr\/it\/lamborghini\/lamborghini-non-e-pronta-a-fermare-il-v12-oltre-il-2030\/\" \/>\n<meta property=\"og:site_name\" content=\"ItalPassion\" \/>\n<meta property=\"article:publisher\" content=\"https:\/\/www.facebook.com\/italpassion\" \/>\n<meta property=\"article:published_time\" content=\"2025-09-03T14:19:15+00:00\" \/>\n<meta property=\"og:image\" content=\"https:\/\/www.italpassion.fr\/wp-content\/uploads\/2025\/08\/lamborghini-revuelto-v12-00.jpg\" \/>\n\t<meta property=\"og:image:width\" content=\"1200\" \/>\n\t<meta property=\"og:image:height\" content=\"800\" \/>\n\t<meta property=\"og:image:type\" content=\"image\/jpeg\" \/>\n<meta name=\"author\" content=\"Alexandre Filluzeau\" \/>\n<meta name=\"twitter:card\" content=\"summary_large_image\" \/>\n<meta name=\"twitter:creator\" content=\"@italpassion\" \/>\n<meta name=\"twitter:site\" content=\"@italpassion\" \/>\n<script type=\"application\/ld+json\" class=\"yoast-schema-graph\">{\"@context\":\"https:\/\/schema.org\",\"@graph\":[{\"@type\":\"NewsArticle\",\"@id\":\"https:\/\/www.italpassion.fr\/it\/lamborghini\/lamborghini-nest-pas-pres-darreter-le-v12-au-dela-de-2030\/#article\",\"isPartOf\":{\"@id\":\"https:\/\/www.italpassion.fr\/it\/lamborghini\/lamborghini-nest-pas-pres-darreter-le-v12-au-dela-de-2030\/\"},\"author\":{\"name\":\"Alexandre Filluzeau\",\"@id\":\"https:\/\/www.italpassion.fr\/it\/#\/schema\/person\/36f747b2a759ca202d847e85a9434ca0\"},\"headline\":\"Lamborghini n&rsquo;est pas pr\u00e8s d&rsquo;arr\u00eater le V12 ! \u00ab\u00a0Au-del\u00e0 de 2030\u00a0\u00bb\",\"datePublished\":\"2025-09-03T14:19:15+00:00\",\"mainEntityOfPage\":{\"@id\":\"https:\/\/www.italpassion.fr\/it\/lamborghini\/lamborghini-nest-pas-pres-darreter-le-v12-au-dela-de-2030\/\"},\"wordCount\":452,\"commentCount\":0,\"publisher\":{\"@id\":\"https:\/\/www.italpassion.fr\/it\/#organization\"},\"image\":{\"@id\":\"https:\/\/www.italpassion.fr\/it\/lamborghini\/lamborghini-nest-pas-pres-darreter-le-v12-au-dela-de-2030\/#primaryimage\"},\"thumbnailUrl\":\"https:\/\/www.italpassion.fr\/wp-content\/uploads\/2025\/08\/lamborghini-revuelto-v12-00.jpg\",\"articleSection\":[\"Lamborghini\"],\"inLanguage\":\"it-IT\",\"potentialAction\":[{\"@type\":\"CommentAction\",\"name\":\"Comment\",\"target\":[\"https:\/\/www.italpassion.fr\/it\/lamborghini\/lamborghini-nest-pas-pres-darreter-le-v12-au-dela-de-2030\/#respond\"]}]},{\"@type\":\"WebPage\",\"@id\":\"https:\/\/www.italpassion.fr\/it\/lamborghini\/lamborghini-nest-pas-pres-darreter-le-v12-au-dela-de-2030\/\",\"url\":\"https:\/\/www.italpassion.fr\/it\/lamborghini\/lamborghini-nest-pas-pres-darreter-le-v12-au-dela-de-2030\/\",\"name\":\"Lamborghini n'est pas pr\u00e8s d'arr\u00eater le V12 ! \\\"Au-del\u00e0 de 2030\\\" - ItalPassion\",\"isPartOf\":{\"@id\":\"https:\/\/www.italpassion.fr\/it\/#website\"},\"primaryImageOfPage\":{\"@id\":\"https:\/\/www.italpassion.fr\/it\/lamborghini\/lamborghini-nest-pas-pres-darreter-le-v12-au-dela-de-2030\/#primaryimage\"},\"image\":{\"@id\":\"https:\/\/www.italpassion.fr\/it\/lamborghini\/lamborghini-nest-pas-pres-darreter-le-v12-au-dela-de-2030\/#primaryimage\"},\"thumbnailUrl\":\"https:\/\/www.italpassion.fr\/wp-content\/uploads\/2025\/08\/lamborghini-revuelto-v12-00.jpg\",\"datePublished\":\"2025-09-03T14:19:15+00:00\",\"description\":\"Chez Lamborghini, certaines choses semblent immuables. Le design anguleux, les portes en \u00e9lytre\u2026 et surtout, le mythique moteur V12. Alors que le monde\",\"breadcrumb\":{\"@id\":\"https:\/\/www.italpassion.fr\/it\/lamborghini\/lamborghini-nest-pas-pres-darreter-le-v12-au-dela-de-2030\/#breadcrumb\"},\"inLanguage\":\"it-IT\",\"potentialAction\":[{\"@type\":\"ReadAction\",\"target\":[\"https:\/\/www.italpassion.fr\/it\/lamborghini\/lamborghini-nest-pas-pres-darreter-le-v12-au-dela-de-2030\/\"]}]},{\"@type\":\"ImageObject\",\"inLanguage\":\"it-IT\",\"@id\":\"https:\/\/www.italpassion.fr\/it\/lamborghini\/lamborghini-nest-pas-pres-darreter-le-v12-au-dela-de-2030\/#primaryimage\",\"url\":\"https:\/\/www.italpassion.fr\/wp-content\/uploads\/2025\/08\/lamborghini-revuelto-v12-00.jpg\",\"contentUrl\":\"https:\/\/www.italpassion.fr\/wp-content\/uploads\/2025\/08\/lamborghini-revuelto-v12-00.jpg\",\"width\":1200,\"height\":800},{\"@type\":\"BreadcrumbList\",\"@id\":\"https:\/\/www.italpassion.fr\/it\/lamborghini\/lamborghini-nest-pas-pres-darreter-le-v12-au-dela-de-2030\/#breadcrumb\",\"itemListElement\":[{\"@type\":\"ListItem\",\"position\":1,\"name\":\"Accueil\",\"item\":\"https:\/\/www.italpassion.fr\/it\/\"},{\"@type\":\"ListItem\",\"position\":2,\"name\":\"Lamborghini n&rsquo;est pas pr\u00e8s d&rsquo;arr\u00eater le V12 ! \u00ab\u00a0Au-del\u00e0 de 2030\u00a0\u00bb\"}]},{\"@type\":\"WebSite\",\"@id\":\"https:\/\/www.italpassion.fr\/it\/#website\",\"url\":\"https:\/\/www.italpassion.fr\/it\/\",\"name\":\"ItalPassion\",\"description\":\"Les Passionn\u00e9s d&#039;Automobiles Italiennes\",\"publisher\":{\"@id\":\"https:\/\/www.italpassion.fr\/it\/#organization\"},\"potentialAction\":[{\"@type\":\"SearchAction\",\"target\":{\"@type\":\"EntryPoint\",\"urlTemplate\":\"https:\/\/www.italpassion.fr\/it\/?s={search_term_string}\"},\"query-input\":{\"@type\":\"PropertyValueSpecification\",\"valueRequired\":true,\"valueName\":\"search_term_string\"}}],\"inLanguage\":\"it-IT\"},{\"@type\":\"Organization\",\"@id\":\"https:\/\/www.italpassion.fr\/it\/#organization\",\"name\":\"Italpassion\",\"url\":\"https:\/\/www.italpassion.fr\/it\/\",\"logo\":{\"@type\":\"ImageObject\",\"inLanguage\":\"it-IT\",\"@id\":\"https:\/\/www.italpassion.fr\/it\/#\/schema\/logo\/image\/\",\"url\":\"https:\/\/www.italpassion.fr\/wp-content\/uploads\/2023\/07\/italpassion-yoast.jpg\",\"contentUrl\":\"https:\/\/www.italpassion.fr\/wp-content\/uploads\/2023\/07\/italpassion-yoast.jpg\",\"width\":696,\"height\":696,\"caption\":\"Italpassion\"},\"image\":{\"@id\":\"https:\/\/www.italpassion.fr\/it\/#\/schema\/logo\/image\/\"},\"sameAs\":[\"https:\/\/www.facebook.com\/italpassion\",\"https:\/\/x.com\/italpassion\",\"https:\/\/www.instagram.com\/italpassionfr\/\",\"https:\/\/www.youtube.com\/channel\/UCleq-ByQaA42OjhopwevRjQ\",\"https:\/\/www.facebook.com\/italpassion.en\/\",\"https:\/\/www.facebook.com\/italpassion.it\/\",\"https:\/\/www.facebook.com\/italpassion.de\/\",\"https:\/\/www.facebook.com\/italpassion.ja\/\"]},{\"@type\":\"Person\",\"@id\":\"https:\/\/www.italpassion.fr\/it\/#\/schema\/person\/36f747b2a759ca202d847e85a9434ca0\",\"name\":\"Alexandre Filluzeau\",\"image\":{\"@type\":\"ImageObject\",\"inLanguage\":\"it-IT\",\"@id\":\"https:\/\/www.italpassion.fr\/it\/#\/schema\/person\/image\/\",\"url\":\"https:\/\/www.italpassion.fr\/wp-content\/uploads\/2025\/04\/avatar-alexandre-160x160.jpg\",\"contentUrl\":\"https:\/\/www.italpassion.fr\/wp-content\/uploads\/2025\/04\/avatar-alexandre-160x160.jpg\",\"caption\":\"Alexandre Filluzeau\"},\"description\":\"Fondateur du site ItalPassion, passionn\u00e9 de voitures italiennes et de l'Italie en g\u00e9n\u00e9ral. J'apporte un regard critique et technique aux actualit\u00e9s des marques italiennes quand cela est possible. Propri\u00e9taire d'une Maserati GranTurismo, Alfa Romeo MiTo, Lancia Fulvia et Ducati 695. Ex-propri\u00e9taire d'une Alfa Romeo Giulia.\",\"sameAs\":[\"https:\/\/www.italpassion.fr\/\"],\"url\":\"https:\/\/www.italpassion.fr\/it\/author\/alexandre\/\"}]}<\/script>\n<!-- \/ Yoast SEO plugin. -->","yoast_head_json":{"title":"Lamborghini non vuole fermare il V12! \"Oltre il 2030 - ItalPassion","description":"In Lamborghini, alcune cose sembrano immutabili. Il design spigoloso, le porte a elitre... e soprattutto il leggendario motore V12. Mentre il mondo","robots":{"index":"index","follow":"follow","max-snippet":"max-snippet:-1","max-image-preview":"max-image-preview:large","max-video-preview":"max-video-preview:-1"},"canonical":"https:\/\/www.italpassion.fr\/it\/lamborghini\/lamborghini-non-e-pronta-a-fermare-il-v12-oltre-il-2030\/","og_locale":"it_IT","og_type":"article","og_title":"Lamborghini n'est pas pr\u00e8s d'arr\u00eater le V12 ! \"Au-del\u00e0 de 2030\" - ItalPassion","og_description":"Chez Lamborghini, certaines choses semblent immuables. Le design anguleux, les portes en \u00e9lytre\u2026 et surtout, le mythique moteur V12. Alors que le monde","og_url":"https:\/\/www.italpassion.fr\/it\/lamborghini\/lamborghini-non-e-pronta-a-fermare-il-v12-oltre-il-2030\/","og_site_name":"ItalPassion","article_publisher":"https:\/\/www.facebook.com\/italpassion","article_published_time":"2025-09-03T14:19:15+00:00","og_image":[{"width":1200,"height":800,"url":"https:\/\/www.italpassion.fr\/wp-content\/uploads\/2025\/08\/lamborghini-revuelto-v12-00.jpg","type":"image\/jpeg"}],"author":"Alexandre Filluzeau","twitter_card":"summary_large_image","twitter_creator":"@italpassion","twitter_site":"@italpassion","schema":{"@context":"https:\/\/schema.org","@graph":[{"@type":"NewsArticle","@id":"https:\/\/www.italpassion.fr\/it\/lamborghini\/lamborghini-nest-pas-pres-darreter-le-v12-au-dela-de-2030\/#article","isPartOf":{"@id":"https:\/\/www.italpassion.fr\/it\/lamborghini\/lamborghini-nest-pas-pres-darreter-le-v12-au-dela-de-2030\/"},"author":{"name":"Alexandre Filluzeau","@id":"https:\/\/www.italpassion.fr\/it\/#\/schema\/person\/36f747b2a759ca202d847e85a9434ca0"},"headline":"Lamborghini n&rsquo;est pas pr\u00e8s d&rsquo;arr\u00eater le V12 ! \u00ab\u00a0Au-del\u00e0 de 2030\u00a0\u00bb","datePublished":"2025-09-03T14:19:15+00:00","mainEntityOfPage":{"@id":"https:\/\/www.italpassion.fr\/it\/lamborghini\/lamborghini-nest-pas-pres-darreter-le-v12-au-dela-de-2030\/"},"wordCount":452,"commentCount":0,"publisher":{"@id":"https:\/\/www.italpassion.fr\/it\/#organization"},"image":{"@id":"https:\/\/www.italpassion.fr\/it\/lamborghini\/lamborghini-nest-pas-pres-darreter-le-v12-au-dela-de-2030\/#primaryimage"},"thumbnailUrl":"https:\/\/www.italpassion.fr\/wp-content\/uploads\/2025\/08\/lamborghini-revuelto-v12-00.jpg","articleSection":["Lamborghini"],"inLanguage":"it-IT","potentialAction":[{"@type":"CommentAction","name":"Comment","target":["https:\/\/www.italpassion.fr\/it\/lamborghini\/lamborghini-nest-pas-pres-darreter-le-v12-au-dela-de-2030\/#respond"]}]},{"@type":"WebPage","@id":"https:\/\/www.italpassion.fr\/it\/lamborghini\/lamborghini-nest-pas-pres-darreter-le-v12-au-dela-de-2030\/","url":"https:\/\/www.italpassion.fr\/it\/lamborghini\/lamborghini-nest-pas-pres-darreter-le-v12-au-dela-de-2030\/","name":"Lamborghini non vuole fermare il V12! \"Oltre il 2030 - ItalPassion","isPartOf":{"@id":"https:\/\/www.italpassion.fr\/it\/#website"},"primaryImageOfPage":{"@id":"https:\/\/www.italpassion.fr\/it\/lamborghini\/lamborghini-nest-pas-pres-darreter-le-v12-au-dela-de-2030\/#primaryimage"},"image":{"@id":"https:\/\/www.italpassion.fr\/it\/lamborghini\/lamborghini-nest-pas-pres-darreter-le-v12-au-dela-de-2030\/#primaryimage"},"thumbnailUrl":"https:\/\/www.italpassion.fr\/wp-content\/uploads\/2025\/08\/lamborghini-revuelto-v12-00.jpg","datePublished":"2025-09-03T14:19:15+00:00","description":"In Lamborghini, alcune cose sembrano immutabili. Il design spigoloso, le porte a elitre... e soprattutto il leggendario motore V12. Mentre il mondo","breadcrumb":{"@id":"https:\/\/www.italpassion.fr\/it\/lamborghini\/lamborghini-nest-pas-pres-darreter-le-v12-au-dela-de-2030\/#breadcrumb"},"inLanguage":"it-IT","potentialAction":[{"@type":"ReadAction","target":["https:\/\/www.italpassion.fr\/it\/lamborghini\/lamborghini-nest-pas-pres-darreter-le-v12-au-dela-de-2030\/"]}]},{"@type":"ImageObject","inLanguage":"it-IT","@id":"https:\/\/www.italpassion.fr\/it\/lamborghini\/lamborghini-nest-pas-pres-darreter-le-v12-au-dela-de-2030\/#primaryimage","url":"https:\/\/www.italpassion.fr\/wp-content\/uploads\/2025\/08\/lamborghini-revuelto-v12-00.jpg","contentUrl":"https:\/\/www.italpassion.fr\/wp-content\/uploads\/2025\/08\/lamborghini-revuelto-v12-00.jpg","width":1200,"height":800},{"@type":"BreadcrumbList","@id":"https:\/\/www.italpassion.fr\/it\/lamborghini\/lamborghini-nest-pas-pres-darreter-le-v12-au-dela-de-2030\/#breadcrumb","itemListElement":[{"@type":"ListItem","position":1,"name":"Accueil","item":"https:\/\/www.italpassion.fr\/it\/"},{"@type":"ListItem","position":2,"name":"Lamborghini n&rsquo;est pas pr\u00e8s d&rsquo;arr\u00eater le V12 ! \u00ab\u00a0Au-del\u00e0 de 2030\u00a0\u00bb"}]},{"@type":"WebSite","@id":"https:\/\/www.italpassion.fr\/it\/#website","url":"https:\/\/www.italpassion.fr\/it\/","name":"ItalPassion","description":"Appassionati di auto italiane","publisher":{"@id":"https:\/\/www.italpassion.fr\/it\/#organization"},"potentialAction":[{"@type":"SearchAction","target":{"@type":"EntryPoint","urlTemplate":"https:\/\/www.italpassion.fr\/it\/?s={search_term_string}"},"query-input":{"@type":"PropertyValueSpecification","valueRequired":true,"valueName":"search_term_string"}}],"inLanguage":"it-IT"},{"@type":"Organization","@id":"https:\/\/www.italpassion.fr\/it\/#organization","name":"Italpassion","url":"https:\/\/www.italpassion.fr\/it\/","logo":{"@type":"ImageObject","inLanguage":"it-IT","@id":"https:\/\/www.italpassion.fr\/it\/#\/schema\/logo\/image\/","url":"https:\/\/www.italpassion.fr\/wp-content\/uploads\/2023\/07\/italpassion-yoast.jpg","contentUrl":"https:\/\/www.italpassion.fr\/wp-content\/uploads\/2023\/07\/italpassion-yoast.jpg","width":696,"height":696,"caption":"Italpassion"},"image":{"@id":"https:\/\/www.italpassion.fr\/it\/#\/schema\/logo\/image\/"},"sameAs":["https:\/\/www.facebook.com\/italpassion","https:\/\/x.com\/italpassion","https:\/\/www.instagram.com\/italpassionfr\/","https:\/\/www.youtube.com\/channel\/UCleq-ByQaA42OjhopwevRjQ","https:\/\/www.facebook.com\/italpassion.en\/","https:\/\/www.facebook.com\/italpassion.it\/","https:\/\/www.facebook.com\/italpassion.de\/","https:\/\/www.facebook.com\/italpassion.ja\/"]},{"@type":"Person","@id":"https:\/\/www.italpassion.fr\/it\/#\/schema\/person\/36f747b2a759ca202d847e85a9434ca0","name":"Alexandre Filluzeau","image":{"@type":"ImageObject","inLanguage":"it-IT","@id":"https:\/\/www.italpassion.fr\/it\/#\/schema\/person\/image\/","url":"https:\/\/www.italpassion.fr\/wp-content\/uploads\/2025\/04\/avatar-alexandre-160x160.jpg","contentUrl":"https:\/\/www.italpassion.fr\/wp-content\/uploads\/2025\/04\/avatar-alexandre-160x160.jpg","caption":"Alexandre Filluzeau"},"description":"Fondatore del sito ItalPassion, appassionato di auto italiane e dell'Italia in generale. Porto un occhio critico e tecnico alle notizie dei marchi italiani, quando possibile. Proprietario di una Maserati GranTurismo, di un'Alfa Romeo MiTo, di una Lancia Fulvia e di una Ducati 695. Ex proprietario di un'Alfa Romeo Giulia.","sameAs":["https:\/\/www.italpassion.fr\/"],"url":"https:\/\/www.italpassion.fr\/it\/author\/alexandre\/"}]}},"_links":{"self":[{"href":"https:\/\/www.italpassion.fr\/it\/wp-json\/wp\/v2\/posts\/40627","targetHints":{"allow":["GET"]}}],"collection":[{"href":"https:\/\/www.italpassion.fr\/it\/wp-json\/wp\/v2\/posts"}],"about":[{"href":"https:\/\/www.italpassion.fr\/it\/wp-json\/wp\/v2\/types\/post"}],"author":[{"embeddable":true,"href":"https:\/\/www.italpassion.fr\/it\/wp-json\/wp\/v2\/users\/1"}],"replies":[{"embeddable":true,"href":"https:\/\/www.italpassion.fr\/it\/wp-json\/wp\/v2\/comments?post=40627"}],"version-history":[{"count":2,"href":"https:\/\/www.italpassion.fr\/it\/wp-json\/wp\/v2\/posts\/40627\/revisions"}],"predecessor-version":[{"id":41042,"href":"https:\/\/www.italpassion.fr\/it\/wp-json\/wp\/v2\/posts\/40627\/revisions\/41042"}],"wp:featuredmedia":[{"embeddable":true,"href":"https:\/\/www.italpassion.fr\/it\/wp-json\/wp\/v2\/media\/41041"}],"wp:attachment":[{"href":"https:\/\/www.italpassion.fr\/it\/wp-json\/wp\/v2\/media?parent=40627"}],"wp:term":[{"taxonomy":"category","embeddable":true,"href":"https:\/\/www.italpassion.fr\/it\/wp-json\/wp\/v2\/categories?post=40627"},{"taxonomy":"post_tag","embeddable":true,"href":"https:\/\/www.italpassion.fr\/it\/wp-json\/wp\/v2\/tags?post=40627"}],"curies":[{"name":"wp","href":"https:\/\/api.w.org\/{rel}","templated":true}]}}