{"id":40536,"date":"2025-08-15T08:19:03","date_gmt":"2025-08-15T06:19:03","guid":{"rendered":"https:\/\/www.italpassion.fr\/?p=40536"},"modified":"2025-08-14T17:32:42","modified_gmt":"2025-08-14T15:32:42","slug":"sonus-faber-e-lamborghini-presentano-gli-altoparlanti-cremonesi-ex3me-in-edizione-limitata-al-prezzo-di-unauto-di-lusso","status":"publish","type":"post","link":"https:\/\/www.italpassion.fr\/it\/lamborghini\/sonus-faber-et-lamborghini-devoilent-des-enceintes-cremonese-ex3me-en-edition-limitee-et-au-prix-dune-voiture-de-luxe\/","title":{"rendered":"Sonus Faber e Lamborghini presentano l'edizione limitata dei diffusori \"Cremonese Ex3me\"... al prezzo di un'auto di lusso!"},"content":{"rendered":"<figure class=\"wp-block-image size-full\"><img loading=\"lazy\" decoding=\"async\" width=\"1200\" height=\"800\" src=\"https:\/\/www.italpassion.fr\/wp-content\/uploads\/2025\/08\/lamborghini-sonus-faber-2.jpg\" alt=\"\" class=\"wp-image-40537\" srcset=\"https:\/\/www.italpassion.fr\/wp-content\/uploads\/2025\/08\/lamborghini-sonus-faber-2.jpg 1200w, https:\/\/www.italpassion.fr\/wp-content\/uploads\/2025\/08\/lamborghini-sonus-faber-2-420x280.jpg 420w, https:\/\/www.italpassion.fr\/wp-content\/uploads\/2025\/08\/lamborghini-sonus-faber-2-768x512.jpg 768w, https:\/\/www.italpassion.fr\/wp-content\/uploads\/2025\/08\/lamborghini-sonus-faber-2-18x12.jpg 18w\" sizes=\"auto, (max-width: 1200px) 100vw, 1200px\" \/><\/figure>\n\n\n\n<p>L'Italia sa come emozionare! Su strada, con il rombo di un V12 Lamborghini. A casa, con i diffusori Sonus faber. Questa volta, le due icone italiane hanno unito le loro competenze per creare qualcosa di tanto esclusivo quanto desiderabile: \"Cremonese Ex3me - Automobili Lamborghini Edition\", una coppia di diffusori dal design devastante... e dal prezzo di un'auto sportiva.<\/p>\n\n\n\n<h2 class=\"wp-block-heading\">Il matrimonio tra suono e velocit\u00e0<\/h2>\n\n\n\n<p>Sonus faber \u00e8 nota fin dagli anni '80 per i suoi diffusori artigianali, apprezzati dagli appassionati di hi-fi pi\u00f9 esigenti, e ha gi\u00e0 collaborato con Lamborghini, in particolare per la supercar Revuelto. Ma qui non si tratta pi\u00f9 di equipaggiare un abitacolo: l'obiettivo \u00e8 trasformare il vostro salotto in una sala da concerto... con un tocco di Lamborghini.<\/p>\n\n\n\n<figure class=\"wp-block-image size-full\"><img loading=\"lazy\" decoding=\"async\" width=\"1200\" height=\"800\" src=\"https:\/\/www.italpassion.fr\/wp-content\/uploads\/2025\/08\/lamborgini-sonus-faber.jpg\" alt=\"\" class=\"wp-image-40538\" srcset=\"https:\/\/www.italpassion.fr\/wp-content\/uploads\/2025\/08\/lamborgini-sonus-faber.jpg 1200w, https:\/\/www.italpassion.fr\/wp-content\/uploads\/2025\/08\/lamborgini-sonus-faber-420x280.jpg 420w, https:\/\/www.italpassion.fr\/wp-content\/uploads\/2025\/08\/lamborgini-sonus-faber-768x512.jpg 768w, https:\/\/www.italpassion.fr\/wp-content\/uploads\/2025\/08\/lamborgini-sonus-faber-18x12.jpg 18w\" sizes=\"auto, (max-width: 1200px) 100vw, 1200px\" \/><\/figure>\n\n\n\n<p>Limitata a 50 esemplari numerati, questa edizione speciale riprende la base tecnica del modello Ex3me, rivisto e migliorato per l'occasione. Il design ricorda quello di una supercar, con una cassa angolare a cinque lati, finiture Corsa-Tex\u00ae by Dinamica, inserti in fibra di carbonio e l'emblematico stemma Lamborghini.<\/p>\n\n\n\n<h2 class=\"wp-block-heading\">Un concentrato di tecnologia audiophile<\/h2>\n\n\n\n<p>Sotto le sue linee eleganti, ogni diffusore nasconde un eccezionale arsenale acustico:<\/p>\n\n\n\n<ul class=\"wp-block-list\">\n<li>Tweeter a diaframma in berillio<\/li>\n\n\n\n<li>Driver midrange da 180 mm<\/li>\n\n\n\n<li>Due woofer da 180 mm<\/li>\n\n\n\n<li>Infrawoofer laterali rinforzati in fibra di carbonio<\/li>\n\n\n\n<li>Nuovo filtro Paracross Topology, messo a punto dagli ingegneri Sonus faber per una riproduzione ottimale<\/li>\n<\/ul>\n\n\n\n<p>Il risultato \u00e8 un suono di precisione chirurgica, in cui ogni strumento trova la sua collocazione con una chiarezza quasi viva.<\/p>\n\n\n\n<h2 class=\"wp-block-heading\">Cinque colori, tutti dalla tavolozza Lamborghini<\/h2>\n\n\n\n<p>Gli acquirenti potranno abbinare l'impianto audio al proprio garage o al proprio gusto personale grazie a cinque colori leggendari:<\/p>\n\n\n\n<ul class=\"wp-block-list\">\n<li>Giallo Countach (giallo)<\/li>\n\n\n\n<li>Arancio Egon (arancione)<\/li>\n\n\n\n<li>Blu Marinus Matte (blu opaco)<\/li>\n\n\n\n<li>Verde Mercurio (verde)<\/li>\n\n\n\n<li>Nero Nemesis Matte (nero opaco)<\/li>\n<\/ul>\n\n\n\n<h2 class=\"wp-block-heading\">Una prima volta a Monterey... e un premio che fa girare la testa<\/h2>\n\n\n\n<p>La \"Cremonese Ex3me - Automobili Lamborghini Edition\" sar\u00e0 presentata in anteprima mondiale durante la Monterey Car Week presso la Villa Lamborghini di Pebble Beach, in California. Anche se il prezzo ufficiale non \u00e8 ancora stato annunciato, le stime si aggirano intorno ai 130.000 dollari a coppia.<\/p>\n\n\n\n<p>Come riassume Christian Mastro, Direttore Marketing di Automobili Lamborghini:<\/p>\n\n\n\n<blockquote class=\"wp-block-quote is-layout-flow wp-block-quote-is-layout-flow\"><svg aria-hidden=\"true\" focusable=\"false\" class=\"icon icon-quote\" width=\"48\" height=\"48\"><use xlink:href=\"#icon-quote\"><\/use><\/svg>\n<p>\"Questa collaborazione rappresenta il perfetto connubio tra due icone italiane. Il risultato \u00e8 un'esperienza acustica senza compromessi che riflette il nostro patrimonio culturale e la nostra incessante ricerca della perfezione\".<\/p>\n<\/blockquote>\n\n\n\n<p>Con il loro design e le loro prestazioni sonore, questi diffusori sono un tributo al Made in Italy. Resta da vedere se riusciranno a farvi battere il cuore pi\u00f9 velocemente del suono di un motore V12.<\/p>\n\n\n\n<figure class=\"wp-block-embed is-type-video is-provider-youtube wp-block-embed-youtube wp-embed-aspect-16-9 wp-has-aspect-ratio\"><div class=\"wp-block-embed__wrapper\">\n<iframe loading=\"lazy\" title=\"Lamborghini X Sonus Faber\" width=\"1200\" height=\"675\" src=\"https:\/\/www.youtube-nocookie.com\/embed\/KQ7bbpTzi6U?feature=oembed\" frameborder=\"0\" allow=\"accelerometer; autoplay; clipboard-write; encrypted-media; gyroscope; picture-in-picture; web-share\" referrerpolicy=\"strict-origin-when-cross-origin\" allowfullscreen><\/iframe>\n<\/div><\/figure>","protected":false},"excerpt":{"rendered":"","protected":false},"author":1,"featured_media":40537,"comment_status":"open","ping_status":"open","sticky":false,"template":"","format":"standard","meta":{"_acf_changed":false,"_sitemap_exclude":false,"_sitemap_priority":"","_sitemap_frequency":"","footnotes":""},"categories":[25],"tags":[536],"class_list":["post-40536","post","type-post","status-publish","format-standard","has-post-thumbnail","hentry","category-lamborghini","tag-sonus-faber","generate-columns","tablet-grid-50","mobile-grid-100","grid-parent","grid-33"],"acf":[],"yoast_head":"<!-- This site is optimized with the Yoast SEO plugin v25.8 - https:\/\/yoast.com\/wordpress\/plugins\/seo\/ -->\n<title>Sonus Faber et Lamborghini d\u00e9voilent des enceintes &quot;Cremonese Ex3me&quot; en \u00e9dition limit\u00e9e... et au prix d&#039;une voiture de luxe ! - ItalPassion<\/title>\n<meta name=\"description\" content=\"L\u2019Italie sait faire vibrer ! Sur la route, avec les rugissements d\u2019un V12 Lamborghini. \u00c0 la maison, avec les enceintes Sonus faber. Cette fois, les deux\" \/>\n<meta name=\"robots\" content=\"index, follow, max-snippet:-1, max-image-preview:large, max-video-preview:-1\" \/>\n<link rel=\"canonical\" href=\"https:\/\/www.italpassion.fr\/it\/lamborghini\/sonus-faber-e-lamborghini-presentano-gli-altoparlanti-cremonesi-ex3me-in-edizione-limitata-al-prezzo-di-unauto-di-lusso\/\" \/>\n<meta property=\"og:locale\" content=\"it_IT\" \/>\n<meta property=\"og:type\" content=\"article\" \/>\n<meta property=\"og:title\" content=\"Sonus Faber et Lamborghini d\u00e9voilent des enceintes &quot;Cremonese Ex3me&quot; en \u00e9dition limit\u00e9e... et au prix d&#039;une voiture de luxe ! - ItalPassion\" \/>\n<meta property=\"og:description\" content=\"L\u2019Italie sait faire vibrer ! Sur la route, avec les rugissements d\u2019un V12 Lamborghini. \u00c0 la maison, avec les enceintes Sonus faber. Cette fois, les deux\" \/>\n<meta property=\"og:url\" content=\"https:\/\/www.italpassion.fr\/it\/lamborghini\/sonus-faber-e-lamborghini-presentano-gli-altoparlanti-cremonesi-ex3me-in-edizione-limitata-al-prezzo-di-unauto-di-lusso\/\" \/>\n<meta property=\"og:site_name\" content=\"ItalPassion\" \/>\n<meta property=\"article:publisher\" content=\"https:\/\/www.facebook.com\/italpassion\" \/>\n<meta property=\"article:published_time\" content=\"2025-08-15T06:19:03+00:00\" \/>\n<meta property=\"og:image\" content=\"https:\/\/www.italpassion.fr\/wp-content\/uploads\/2025\/08\/lamborghini-sonus-faber-2.jpg\" \/>\n\t<meta property=\"og:image:width\" content=\"1200\" \/>\n\t<meta property=\"og:image:height\" content=\"800\" \/>\n\t<meta property=\"og:image:type\" content=\"image\/jpeg\" \/>\n<meta name=\"author\" content=\"Alexandre Filluzeau\" \/>\n<meta name=\"twitter:card\" content=\"summary_large_image\" \/>\n<meta name=\"twitter:creator\" content=\"@italpassion\" \/>\n<meta name=\"twitter:site\" content=\"@italpassion\" \/>\n<script type=\"application\/ld+json\" class=\"yoast-schema-graph\">{\"@context\":\"https:\/\/schema.org\",\"@graph\":[{\"@type\":\"NewsArticle\",\"@id\":\"https:\/\/www.italpassion.fr\/it\/lamborghini\/sonus-faber-et-lamborghini-devoilent-des-enceintes-cremonese-ex3me-en-edition-limitee-et-au-prix-dune-voiture-de-luxe\/#article\",\"isPartOf\":{\"@id\":\"https:\/\/www.italpassion.fr\/it\/lamborghini\/sonus-faber-et-lamborghini-devoilent-des-enceintes-cremonese-ex3me-en-edition-limitee-et-au-prix-dune-voiture-de-luxe\/\"},\"author\":{\"name\":\"Alexandre Filluzeau\",\"@id\":\"https:\/\/www.italpassion.fr\/it\/#\/schema\/person\/36f747b2a759ca202d847e85a9434ca0\"},\"headline\":\"Sonus Faber et Lamborghini d\u00e9voilent des enceintes \u00ab\u00a0Cremonese Ex3me\u00a0\u00bb en \u00e9dition limit\u00e9e&#8230; et au prix d&rsquo;une voiture de luxe !\",\"datePublished\":\"2025-08-15T06:19:03+00:00\",\"mainEntityOfPage\":{\"@id\":\"https:\/\/www.italpassion.fr\/it\/lamborghini\/sonus-faber-et-lamborghini-devoilent-des-enceintes-cremonese-ex3me-en-edition-limitee-et-au-prix-dune-voiture-de-luxe\/\"},\"wordCount\":481,\"commentCount\":0,\"publisher\":{\"@id\":\"https:\/\/www.italpassion.fr\/it\/#organization\"},\"image\":{\"@id\":\"https:\/\/www.italpassion.fr\/it\/lamborghini\/sonus-faber-et-lamborghini-devoilent-des-enceintes-cremonese-ex3me-en-edition-limitee-et-au-prix-dune-voiture-de-luxe\/#primaryimage\"},\"thumbnailUrl\":\"https:\/\/www.italpassion.fr\/wp-content\/uploads\/2025\/08\/lamborghini-sonus-faber-2.jpg\",\"keywords\":[\"Sonus Faber\"],\"articleSection\":[\"Lamborghini\"],\"inLanguage\":\"it-IT\",\"potentialAction\":[{\"@type\":\"CommentAction\",\"name\":\"Comment\",\"target\":[\"https:\/\/www.italpassion.fr\/it\/lamborghini\/sonus-faber-et-lamborghini-devoilent-des-enceintes-cremonese-ex3me-en-edition-limitee-et-au-prix-dune-voiture-de-luxe\/#respond\"]}]},{\"@type\":\"WebPage\",\"@id\":\"https:\/\/www.italpassion.fr\/it\/lamborghini\/sonus-faber-et-lamborghini-devoilent-des-enceintes-cremonese-ex3me-en-edition-limitee-et-au-prix-dune-voiture-de-luxe\/\",\"url\":\"https:\/\/www.italpassion.fr\/it\/lamborghini\/sonus-faber-et-lamborghini-devoilent-des-enceintes-cremonese-ex3me-en-edition-limitee-et-au-prix-dune-voiture-de-luxe\/\",\"name\":\"Sonus Faber et Lamborghini d\u00e9voilent des enceintes \\\"Cremonese Ex3me\\\" en \u00e9dition limit\u00e9e... et au prix d'une voiture de luxe ! - ItalPassion\",\"isPartOf\":{\"@id\":\"https:\/\/www.italpassion.fr\/it\/#website\"},\"primaryImageOfPage\":{\"@id\":\"https:\/\/www.italpassion.fr\/it\/lamborghini\/sonus-faber-et-lamborghini-devoilent-des-enceintes-cremonese-ex3me-en-edition-limitee-et-au-prix-dune-voiture-de-luxe\/#primaryimage\"},\"image\":{\"@id\":\"https:\/\/www.italpassion.fr\/it\/lamborghini\/sonus-faber-et-lamborghini-devoilent-des-enceintes-cremonese-ex3me-en-edition-limitee-et-au-prix-dune-voiture-de-luxe\/#primaryimage\"},\"thumbnailUrl\":\"https:\/\/www.italpassion.fr\/wp-content\/uploads\/2025\/08\/lamborghini-sonus-faber-2.jpg\",\"datePublished\":\"2025-08-15T06:19:03+00:00\",\"description\":\"L\u2019Italie sait faire vibrer ! Sur la route, avec les rugissements d\u2019un V12 Lamborghini. \u00c0 la maison, avec les enceintes Sonus faber. Cette fois, les deux\",\"breadcrumb\":{\"@id\":\"https:\/\/www.italpassion.fr\/it\/lamborghini\/sonus-faber-et-lamborghini-devoilent-des-enceintes-cremonese-ex3me-en-edition-limitee-et-au-prix-dune-voiture-de-luxe\/#breadcrumb\"},\"inLanguage\":\"it-IT\",\"potentialAction\":[{\"@type\":\"ReadAction\",\"target\":[\"https:\/\/www.italpassion.fr\/it\/lamborghini\/sonus-faber-et-lamborghini-devoilent-des-enceintes-cremonese-ex3me-en-edition-limitee-et-au-prix-dune-voiture-de-luxe\/\"]}]},{\"@type\":\"ImageObject\",\"inLanguage\":\"it-IT\",\"@id\":\"https:\/\/www.italpassion.fr\/it\/lamborghini\/sonus-faber-et-lamborghini-devoilent-des-enceintes-cremonese-ex3me-en-edition-limitee-et-au-prix-dune-voiture-de-luxe\/#primaryimage\",\"url\":\"https:\/\/www.italpassion.fr\/wp-content\/uploads\/2025\/08\/lamborghini-sonus-faber-2.jpg\",\"contentUrl\":\"https:\/\/www.italpassion.fr\/wp-content\/uploads\/2025\/08\/lamborghini-sonus-faber-2.jpg\",\"width\":1200,\"height\":800},{\"@type\":\"BreadcrumbList\",\"@id\":\"https:\/\/www.italpassion.fr\/it\/lamborghini\/sonus-faber-et-lamborghini-devoilent-des-enceintes-cremonese-ex3me-en-edition-limitee-et-au-prix-dune-voiture-de-luxe\/#breadcrumb\",\"itemListElement\":[{\"@type\":\"ListItem\",\"position\":1,\"name\":\"Accueil\",\"item\":\"https:\/\/www.italpassion.fr\/it\/\"},{\"@type\":\"ListItem\",\"position\":2,\"name\":\"Sonus Faber et Lamborghini d\u00e9voilent des enceintes \u00ab\u00a0Cremonese Ex3me\u00a0\u00bb en \u00e9dition limit\u00e9e&#8230; et au prix d&rsquo;une voiture de luxe !\"}]},{\"@type\":\"WebSite\",\"@id\":\"https:\/\/www.italpassion.fr\/it\/#website\",\"url\":\"https:\/\/www.italpassion.fr\/it\/\",\"name\":\"ItalPassion\",\"description\":\"Les Passionn\u00e9s d&#039;Automobiles Italiennes\",\"publisher\":{\"@id\":\"https:\/\/www.italpassion.fr\/it\/#organization\"},\"potentialAction\":[{\"@type\":\"SearchAction\",\"target\":{\"@type\":\"EntryPoint\",\"urlTemplate\":\"https:\/\/www.italpassion.fr\/it\/?s={search_term_string}\"},\"query-input\":{\"@type\":\"PropertyValueSpecification\",\"valueRequired\":true,\"valueName\":\"search_term_string\"}}],\"inLanguage\":\"it-IT\"},{\"@type\":\"Organization\",\"@id\":\"https:\/\/www.italpassion.fr\/it\/#organization\",\"name\":\"Italpassion\",\"url\":\"https:\/\/www.italpassion.fr\/it\/\",\"logo\":{\"@type\":\"ImageObject\",\"inLanguage\":\"it-IT\",\"@id\":\"https:\/\/www.italpassion.fr\/it\/#\/schema\/logo\/image\/\",\"url\":\"https:\/\/www.italpassion.fr\/wp-content\/uploads\/2023\/07\/italpassion-yoast.jpg\",\"contentUrl\":\"https:\/\/www.italpassion.fr\/wp-content\/uploads\/2023\/07\/italpassion-yoast.jpg\",\"width\":696,\"height\":696,\"caption\":\"Italpassion\"},\"image\":{\"@id\":\"https:\/\/www.italpassion.fr\/it\/#\/schema\/logo\/image\/\"},\"sameAs\":[\"https:\/\/www.facebook.com\/italpassion\",\"https:\/\/x.com\/italpassion\",\"https:\/\/www.instagram.com\/italpassionfr\/\",\"https:\/\/www.youtube.com\/channel\/UCleq-ByQaA42OjhopwevRjQ\",\"https:\/\/www.facebook.com\/italpassion.en\/\",\"https:\/\/www.facebook.com\/italpassion.it\/\",\"https:\/\/www.facebook.com\/italpassion.de\/\",\"https:\/\/www.facebook.com\/italpassion.ja\/\"]},{\"@type\":\"Person\",\"@id\":\"https:\/\/www.italpassion.fr\/it\/#\/schema\/person\/36f747b2a759ca202d847e85a9434ca0\",\"name\":\"Alexandre Filluzeau\",\"image\":{\"@type\":\"ImageObject\",\"inLanguage\":\"it-IT\",\"@id\":\"https:\/\/www.italpassion.fr\/it\/#\/schema\/person\/image\/\",\"url\":\"https:\/\/www.italpassion.fr\/wp-content\/uploads\/2025\/04\/avatar-alexandre-160x160.jpg\",\"contentUrl\":\"https:\/\/www.italpassion.fr\/wp-content\/uploads\/2025\/04\/avatar-alexandre-160x160.jpg\",\"caption\":\"Alexandre Filluzeau\"},\"description\":\"Fondateur du site ItalPassion, passionn\u00e9 de voitures italiennes et de l'Italie en g\u00e9n\u00e9ral. J'apporte un regard critique et technique aux actualit\u00e9s des marques italiennes quand cela est possible. Propri\u00e9taire d'une Maserati GranTurismo, Alfa Romeo MiTo, Lancia Fulvia et Ducati 695. Ex-propri\u00e9taire d'une Alfa Romeo Giulia.\",\"sameAs\":[\"https:\/\/www.italpassion.fr\/\"],\"url\":\"https:\/\/www.italpassion.fr\/it\/author\/alexandre\/\"}]}<\/script>\n<!-- \/ Yoast SEO plugin. -->","yoast_head_json":{"title":"Sonus Faber e Lamborghini presentano l'edizione limitata dei diffusori \"Cremonese Ex3me\"... al prezzo di un'auto di lusso! - ItalPassion","description":"L'Italia sa come emozionare! Su strada, con il rombo di un V12 Lamborghini. A casa, con i diffusori Sonus faber. Questa volta, entrambi","robots":{"index":"index","follow":"follow","max-snippet":"max-snippet:-1","max-image-preview":"max-image-preview:large","max-video-preview":"max-video-preview:-1"},"canonical":"https:\/\/www.italpassion.fr\/it\/lamborghini\/sonus-faber-e-lamborghini-presentano-gli-altoparlanti-cremonesi-ex3me-in-edizione-limitata-al-prezzo-di-unauto-di-lusso\/","og_locale":"it_IT","og_type":"article","og_title":"Sonus Faber et Lamborghini d\u00e9voilent des enceintes \"Cremonese Ex3me\" en \u00e9dition limit\u00e9e... et au prix d'une voiture de luxe ! - ItalPassion","og_description":"L\u2019Italie sait faire vibrer ! Sur la route, avec les rugissements d\u2019un V12 Lamborghini. \u00c0 la maison, avec les enceintes Sonus faber. Cette fois, les deux","og_url":"https:\/\/www.italpassion.fr\/it\/lamborghini\/sonus-faber-e-lamborghini-presentano-gli-altoparlanti-cremonesi-ex3me-in-edizione-limitata-al-prezzo-di-unauto-di-lusso\/","og_site_name":"ItalPassion","article_publisher":"https:\/\/www.facebook.com\/italpassion","article_published_time":"2025-08-15T06:19:03+00:00","og_image":[{"width":1200,"height":800,"url":"https:\/\/www.italpassion.fr\/wp-content\/uploads\/2025\/08\/lamborghini-sonus-faber-2.jpg","type":"image\/jpeg"}],"author":"Alexandre Filluzeau","twitter_card":"summary_large_image","twitter_creator":"@italpassion","twitter_site":"@italpassion","schema":{"@context":"https:\/\/schema.org","@graph":[{"@type":"NewsArticle","@id":"https:\/\/www.italpassion.fr\/it\/lamborghini\/sonus-faber-et-lamborghini-devoilent-des-enceintes-cremonese-ex3me-en-edition-limitee-et-au-prix-dune-voiture-de-luxe\/#article","isPartOf":{"@id":"https:\/\/www.italpassion.fr\/it\/lamborghini\/sonus-faber-et-lamborghini-devoilent-des-enceintes-cremonese-ex3me-en-edition-limitee-et-au-prix-dune-voiture-de-luxe\/"},"author":{"name":"Alexandre Filluzeau","@id":"https:\/\/www.italpassion.fr\/it\/#\/schema\/person\/36f747b2a759ca202d847e85a9434ca0"},"headline":"Sonus Faber et Lamborghini d\u00e9voilent des enceintes \u00ab\u00a0Cremonese Ex3me\u00a0\u00bb en \u00e9dition limit\u00e9e&#8230; et au prix d&rsquo;une voiture de luxe !","datePublished":"2025-08-15T06:19:03+00:00","mainEntityOfPage":{"@id":"https:\/\/www.italpassion.fr\/it\/lamborghini\/sonus-faber-et-lamborghini-devoilent-des-enceintes-cremonese-ex3me-en-edition-limitee-et-au-prix-dune-voiture-de-luxe\/"},"wordCount":481,"commentCount":0,"publisher":{"@id":"https:\/\/www.italpassion.fr\/it\/#organization"},"image":{"@id":"https:\/\/www.italpassion.fr\/it\/lamborghini\/sonus-faber-et-lamborghini-devoilent-des-enceintes-cremonese-ex3me-en-edition-limitee-et-au-prix-dune-voiture-de-luxe\/#primaryimage"},"thumbnailUrl":"https:\/\/www.italpassion.fr\/wp-content\/uploads\/2025\/08\/lamborghini-sonus-faber-2.jpg","keywords":["Sonus Faber"],"articleSection":["Lamborghini"],"inLanguage":"it-IT","potentialAction":[{"@type":"CommentAction","name":"Comment","target":["https:\/\/www.italpassion.fr\/it\/lamborghini\/sonus-faber-et-lamborghini-devoilent-des-enceintes-cremonese-ex3me-en-edition-limitee-et-au-prix-dune-voiture-de-luxe\/#respond"]}]},{"@type":"WebPage","@id":"https:\/\/www.italpassion.fr\/it\/lamborghini\/sonus-faber-et-lamborghini-devoilent-des-enceintes-cremonese-ex3me-en-edition-limitee-et-au-prix-dune-voiture-de-luxe\/","url":"https:\/\/www.italpassion.fr\/it\/lamborghini\/sonus-faber-et-lamborghini-devoilent-des-enceintes-cremonese-ex3me-en-edition-limitee-et-au-prix-dune-voiture-de-luxe\/","name":"Sonus Faber e Lamborghini presentano l'edizione limitata dei diffusori \"Cremonese Ex3me\"... al prezzo di un'auto di lusso! - ItalPassion","isPartOf":{"@id":"https:\/\/www.italpassion.fr\/it\/#website"},"primaryImageOfPage":{"@id":"https:\/\/www.italpassion.fr\/it\/lamborghini\/sonus-faber-et-lamborghini-devoilent-des-enceintes-cremonese-ex3me-en-edition-limitee-et-au-prix-dune-voiture-de-luxe\/#primaryimage"},"image":{"@id":"https:\/\/www.italpassion.fr\/it\/lamborghini\/sonus-faber-et-lamborghini-devoilent-des-enceintes-cremonese-ex3me-en-edition-limitee-et-au-prix-dune-voiture-de-luxe\/#primaryimage"},"thumbnailUrl":"https:\/\/www.italpassion.fr\/wp-content\/uploads\/2025\/08\/lamborghini-sonus-faber-2.jpg","datePublished":"2025-08-15T06:19:03+00:00","description":"L'Italia sa come emozionare! Su strada, con il rombo di un V12 Lamborghini. A casa, con i diffusori Sonus faber. Questa volta, entrambi","breadcrumb":{"@id":"https:\/\/www.italpassion.fr\/it\/lamborghini\/sonus-faber-et-lamborghini-devoilent-des-enceintes-cremonese-ex3me-en-edition-limitee-et-au-prix-dune-voiture-de-luxe\/#breadcrumb"},"inLanguage":"it-IT","potentialAction":[{"@type":"ReadAction","target":["https:\/\/www.italpassion.fr\/it\/lamborghini\/sonus-faber-et-lamborghini-devoilent-des-enceintes-cremonese-ex3me-en-edition-limitee-et-au-prix-dune-voiture-de-luxe\/"]}]},{"@type":"ImageObject","inLanguage":"it-IT","@id":"https:\/\/www.italpassion.fr\/it\/lamborghini\/sonus-faber-et-lamborghini-devoilent-des-enceintes-cremonese-ex3me-en-edition-limitee-et-au-prix-dune-voiture-de-luxe\/#primaryimage","url":"https:\/\/www.italpassion.fr\/wp-content\/uploads\/2025\/08\/lamborghini-sonus-faber-2.jpg","contentUrl":"https:\/\/www.italpassion.fr\/wp-content\/uploads\/2025\/08\/lamborghini-sonus-faber-2.jpg","width":1200,"height":800},{"@type":"BreadcrumbList","@id":"https:\/\/www.italpassion.fr\/it\/lamborghini\/sonus-faber-et-lamborghini-devoilent-des-enceintes-cremonese-ex3me-en-edition-limitee-et-au-prix-dune-voiture-de-luxe\/#breadcrumb","itemListElement":[{"@type":"ListItem","position":1,"name":"Accueil","item":"https:\/\/www.italpassion.fr\/it\/"},{"@type":"ListItem","position":2,"name":"Sonus Faber et Lamborghini d\u00e9voilent des enceintes \u00ab\u00a0Cremonese Ex3me\u00a0\u00bb en \u00e9dition limit\u00e9e&#8230; et au prix d&rsquo;une voiture de luxe !"}]},{"@type":"WebSite","@id":"https:\/\/www.italpassion.fr\/it\/#website","url":"https:\/\/www.italpassion.fr\/it\/","name":"ItalPassion","description":"Appassionati di auto italiane","publisher":{"@id":"https:\/\/www.italpassion.fr\/it\/#organization"},"potentialAction":[{"@type":"SearchAction","target":{"@type":"EntryPoint","urlTemplate":"https:\/\/www.italpassion.fr\/it\/?s={search_term_string}"},"query-input":{"@type":"PropertyValueSpecification","valueRequired":true,"valueName":"search_term_string"}}],"inLanguage":"it-IT"},{"@type":"Organization","@id":"https:\/\/www.italpassion.fr\/it\/#organization","name":"Italpassion","url":"https:\/\/www.italpassion.fr\/it\/","logo":{"@type":"ImageObject","inLanguage":"it-IT","@id":"https:\/\/www.italpassion.fr\/it\/#\/schema\/logo\/image\/","url":"https:\/\/www.italpassion.fr\/wp-content\/uploads\/2023\/07\/italpassion-yoast.jpg","contentUrl":"https:\/\/www.italpassion.fr\/wp-content\/uploads\/2023\/07\/italpassion-yoast.jpg","width":696,"height":696,"caption":"Italpassion"},"image":{"@id":"https:\/\/www.italpassion.fr\/it\/#\/schema\/logo\/image\/"},"sameAs":["https:\/\/www.facebook.com\/italpassion","https:\/\/x.com\/italpassion","https:\/\/www.instagram.com\/italpassionfr\/","https:\/\/www.youtube.com\/channel\/UCleq-ByQaA42OjhopwevRjQ","https:\/\/www.facebook.com\/italpassion.en\/","https:\/\/www.facebook.com\/italpassion.it\/","https:\/\/www.facebook.com\/italpassion.de\/","https:\/\/www.facebook.com\/italpassion.ja\/"]},{"@type":"Person","@id":"https:\/\/www.italpassion.fr\/it\/#\/schema\/person\/36f747b2a759ca202d847e85a9434ca0","name":"Alexandre Filluzeau","image":{"@type":"ImageObject","inLanguage":"it-IT","@id":"https:\/\/www.italpassion.fr\/it\/#\/schema\/person\/image\/","url":"https:\/\/www.italpassion.fr\/wp-content\/uploads\/2025\/04\/avatar-alexandre-160x160.jpg","contentUrl":"https:\/\/www.italpassion.fr\/wp-content\/uploads\/2025\/04\/avatar-alexandre-160x160.jpg","caption":"Alexandre Filluzeau"},"description":"Fondatore del sito ItalPassion, appassionato di auto italiane e dell'Italia in generale. Porto un occhio critico e tecnico alle notizie dei marchi italiani, quando possibile. Proprietario di una Maserati GranTurismo, di un'Alfa Romeo MiTo, di una Lancia Fulvia e di una Ducati 695. Ex proprietario di un'Alfa Romeo Giulia.","sameAs":["https:\/\/www.italpassion.fr\/"],"url":"https:\/\/www.italpassion.fr\/it\/author\/alexandre\/"}]}},"_links":{"self":[{"href":"https:\/\/www.italpassion.fr\/it\/wp-json\/wp\/v2\/posts\/40536","targetHints":{"allow":["GET"]}}],"collection":[{"href":"https:\/\/www.italpassion.fr\/it\/wp-json\/wp\/v2\/posts"}],"about":[{"href":"https:\/\/www.italpassion.fr\/it\/wp-json\/wp\/v2\/types\/post"}],"author":[{"embeddable":true,"href":"https:\/\/www.italpassion.fr\/it\/wp-json\/wp\/v2\/users\/1"}],"replies":[{"embeddable":true,"href":"https:\/\/www.italpassion.fr\/it\/wp-json\/wp\/v2\/comments?post=40536"}],"version-history":[{"count":2,"href":"https:\/\/www.italpassion.fr\/it\/wp-json\/wp\/v2\/posts\/40536\/revisions"}],"predecessor-version":[{"id":40554,"href":"https:\/\/www.italpassion.fr\/it\/wp-json\/wp\/v2\/posts\/40536\/revisions\/40554"}],"wp:featuredmedia":[{"embeddable":true,"href":"https:\/\/www.italpassion.fr\/it\/wp-json\/wp\/v2\/media\/40537"}],"wp:attachment":[{"href":"https:\/\/www.italpassion.fr\/it\/wp-json\/wp\/v2\/media?parent=40536"}],"wp:term":[{"taxonomy":"category","embeddable":true,"href":"https:\/\/www.italpassion.fr\/it\/wp-json\/wp\/v2\/categories?post=40536"},{"taxonomy":"post_tag","embeddable":true,"href":"https:\/\/www.italpassion.fr\/it\/wp-json\/wp\/v2\/tags?post=40536"}],"curies":[{"name":"wp","href":"https:\/\/api.w.org\/{rel}","templated":true}]}}