{"id":40318,"date":"2025-08-06T12:07:37","date_gmt":"2025-08-06T10:07:37","guid":{"rendered":"https:\/\/www.italpassion.fr\/?p=40318"},"modified":"2025-08-06T10:56:16","modified_gmt":"2025-08-06T08:56:16","slug":"la-prima-lamborghini-temerario-personalizzata-e-stata-consegnata-a-un-cliente-delite","status":"publish","type":"post","link":"https:\/\/www.italpassion.fr\/it\/lamborghini\/la-premiere-lamborghini-temerario-personnalisee-a-ete-livree-a-un-client-elite\/","title":{"rendered":"La prima Lamborghini Temerario personalizzata \u00e8 stata consegnata a un cliente \"Elite\"."},"content":{"rendered":"<figure class=\"wp-block-image size-full\"><img loading=\"lazy\" decoding=\"async\" width=\"1200\" height=\"800\" src=\"https:\/\/www.italpassion.fr\/wp-content\/uploads\/2025\/08\/lamborghini-temerario-sardaine.jpg\" alt=\"\" class=\"wp-image-40348\" srcset=\"https:\/\/www.italpassion.fr\/wp-content\/uploads\/2025\/08\/lamborghini-temerario-sardaine.jpg 1200w, https:\/\/www.italpassion.fr\/wp-content\/uploads\/2025\/08\/lamborghini-temerario-sardaine-420x280.jpg 420w, https:\/\/www.italpassion.fr\/wp-content\/uploads\/2025\/08\/lamborghini-temerario-sardaine-768x512.jpg 768w, https:\/\/www.italpassion.fr\/wp-content\/uploads\/2025\/08\/lamborghini-temerario-sardaine-18x12.jpg 18w\" sizes=\"auto, (max-width: 1200px) 100vw, 1200px\" \/><\/figure>\n\n\n\n<p>In piena estate, nella cornice ultra-elegante di Porto Cervo, in Sardegna, <a href=\"https:\/\/www.italpassion.fr\/it\/lamborghini\/\">Lamborghini<\/a> ha presentato il primo Temerario personalizzato del suo programma Ad Personam. Questo modello unico, progettato per un cliente descritto come \"Elite\", incarna sia il lusso discreto del Mediterraneo sia le prestazioni grezze tipiche del marchio del toro.<\/p>\n\n\n\n<h2 class=\"wp-block-heading\">Omaggio unico alla Sardegna<\/h2>\n\n\n\n<p>Presentata in occasione di un evento privato tenutosi sulle terrazze di Casa Fiorichiari, nell'esclusivo club Twiga, questa \"Temerario Porto Cervo\" \u00e8 un vero pezzo di alta moda automobilistica. Ispirato al paesaggio sardo.<\/p>\n\n\n\n<figure class=\"wp-block-image size-full\"><img loading=\"lazy\" decoding=\"async\" width=\"1200\" height=\"800\" src=\"https:\/\/www.italpassion.fr\/wp-content\/uploads\/2025\/08\/lamborghini-temerario-sardaigne-1.jpg\" alt=\"\" class=\"wp-image-40349\" srcset=\"https:\/\/www.italpassion.fr\/wp-content\/uploads\/2025\/08\/lamborghini-temerario-sardaigne-1.jpg 1200w, https:\/\/www.italpassion.fr\/wp-content\/uploads\/2025\/08\/lamborghini-temerario-sardaigne-1-420x280.jpg 420w, https:\/\/www.italpassion.fr\/wp-content\/uploads\/2025\/08\/lamborghini-temerario-sardaigne-1-768x512.jpg 768w, https:\/\/www.italpassion.fr\/wp-content\/uploads\/2025\/08\/lamborghini-temerario-sardaigne-1-18x12.jpg 18w\" sizes=\"auto, (max-width: 1200px) 100vw, 1200px\" \/><\/figure>\n\n\n\n<p>Il colore esterno Grigio Serget, un grigio con riflessi bluastri visibili alla luce del sole, evoca le acque turchesi e il cielo limpido dell'isola. Il colore \u00e8 accentuato da elementi in Nero Noctis lucido, dal piping Blu Royal che scende fino allo spoiler posteriore e da parti in fibra di carbonio nera lucida. Anche i cerchi Velador, in nero lucido, contrastano con le pinze dei freni blu, riprendendo il tema cromatico del modello.<\/p>\n\n\n\n<figure class=\"wp-block-image size-full\"><img loading=\"lazy\" decoding=\"async\" width=\"1200\" height=\"800\" src=\"https:\/\/www.italpassion.fr\/wp-content\/uploads\/2025\/08\/lamborghini-temerario-sardaigne-2.jpg\" alt=\"\" class=\"wp-image-40350\" srcset=\"https:\/\/www.italpassion.fr\/wp-content\/uploads\/2025\/08\/lamborghini-temerario-sardaigne-2.jpg 1200w, https:\/\/www.italpassion.fr\/wp-content\/uploads\/2025\/08\/lamborghini-temerario-sardaigne-2-420x280.jpg 420w, https:\/\/www.italpassion.fr\/wp-content\/uploads\/2025\/08\/lamborghini-temerario-sardaigne-2-768x512.jpg 768w, https:\/\/www.italpassion.fr\/wp-content\/uploads\/2025\/08\/lamborghini-temerario-sardaigne-2-18x12.jpg 18w\" sizes=\"auto, (max-width: 1200px) 100vw, 1200px\" \/><\/figure>\n\n\n\n<h2 class=\"wp-block-heading\">Interni su misura<\/h2>\n\n\n\n<p>Anche gli interni non sono da meno. Combina materiali nobili come la pelle Grigio Octans, la fibra Corsa Tex e gli inserti in pelle Blu Nethuns su sedili, portiere e cuciture. Il nome \"Temerario\", accompagnato dalla bandiera italiana, \u00e8 ricamato sul retro dell'abitacolo, mentre un profilo della vettura \u00e8 visibile sui pannelli delle portiere. A bordo sono presenti due targhe speciali: una riporta la scritta Ad Personam, l'altra l'evento Porto Cervo 2025, sostituita prima della consegna da una targa personalizzata con il nome del proprietario.<\/p>\n\n\n\n<figure class=\"wp-block-image size-full\"><img loading=\"lazy\" decoding=\"async\" width=\"1200\" height=\"800\" src=\"https:\/\/www.italpassion.fr\/wp-content\/uploads\/2025\/08\/lamborghini-temerario-sardaigne-4.jpg\" alt=\"\" class=\"wp-image-40351\" srcset=\"https:\/\/www.italpassion.fr\/wp-content\/uploads\/2025\/08\/lamborghini-temerario-sardaigne-4.jpg 1200w, https:\/\/www.italpassion.fr\/wp-content\/uploads\/2025\/08\/lamborghini-temerario-sardaigne-4-420x280.jpg 420w, https:\/\/www.italpassion.fr\/wp-content\/uploads\/2025\/08\/lamborghini-temerario-sardaigne-4-768x512.jpg 768w, https:\/\/www.italpassion.fr\/wp-content\/uploads\/2025\/08\/lamborghini-temerario-sardaigne-4-18x12.jpg 18w\" sizes=\"auto, (max-width: 1200px) 100vw, 1200px\" \/><\/figure>\n\n\n\n<figure class=\"wp-block-image size-full\"><img loading=\"lazy\" decoding=\"async\" width=\"1200\" height=\"800\" src=\"https:\/\/www.italpassion.fr\/wp-content\/uploads\/2025\/08\/lamborghini-temerario-sardaigne-5.jpg\" alt=\"\" class=\"wp-image-40352\" srcset=\"https:\/\/www.italpassion.fr\/wp-content\/uploads\/2025\/08\/lamborghini-temerario-sardaigne-5.jpg 1200w, https:\/\/www.italpassion.fr\/wp-content\/uploads\/2025\/08\/lamborghini-temerario-sardaigne-5-420x280.jpg 420w, https:\/\/www.italpassion.fr\/wp-content\/uploads\/2025\/08\/lamborghini-temerario-sardaigne-5-768x512.jpg 768w, https:\/\/www.italpassion.fr\/wp-content\/uploads\/2025\/08\/lamborghini-temerario-sardaigne-5-18x12.jpg 18w\" sizes=\"auto, (max-width: 1200px) 100vw, 1200px\" \/><\/figure>\n\n\n\n<h2 class=\"wp-block-heading\">Meccanica invariata<\/h2>\n\n\n\n<p>Sotto questo aspetto esclusivo, il gruppo propulsore rimane invariato: il V8 biturbo da 4,0 litri abbinato a un motore elettrico eroga una potenza combinata di 920 CV. Tutto ci\u00f2 pone la Temerario tra le supercar ibride pi\u00f9 potenti del mercato attuale.<\/p>\n\n\n\n<h2 class=\"wp-block-heading\">Un cliente misterioso ma non sconosciuto?<\/h2>\n\n\n\n<p>Sebbene Lamborghini non abbia rivelato l'identit\u00e0 del proprietario, tutto lascia pensare che sar\u00e0 lo stesso sponsor di una precedente Revuelto one-off ispirata alla Sardegna. Stessa ispirazione, stessa palette di colori nero e blu e stesso livello estremo di personalizzazione. Una serie di coincidenze che fanno pensare a un collezionista appassionato e fedele dietro queste due creazioni uniche.<\/p>\n\n\n\n<p>Con questa prima Temerario personalizzata, Lamborghini dimostra la potenza del suo programma Ad Personam, che consente a ciascun cliente di trasformare la propria supercar in un oggetto d'arte mobile.<\/p>\n\n\n\n<blockquote class=\"wp-block-quote is-layout-flow wp-block-quote-is-layout-flow\"><svg aria-hidden=\"true\" focusable=\"false\" class=\"icon icon-quote\" width=\"48\" height=\"48\"><use xlink:href=\"#icon-quote\"><\/use><\/svg>\n<p>Come riassume il CEO di Lamborghini Stephan Winkelmann:<br><em>\"Il programma Ad Personam consente a ciascun cliente di possedere una vera Lamborghini, affermando al contempo la propria personalit\u00e0.<\/em><\/p>\n<\/blockquote>\n\n\n\n<figure class=\"wp-block-image size-full\"><img loading=\"lazy\" decoding=\"async\" width=\"1200\" height=\"800\" src=\"https:\/\/www.italpassion.fr\/wp-content\/uploads\/2025\/08\/lamborghini-temerario-sardaigne-7.jpg\" alt=\"\" class=\"wp-image-40353\" srcset=\"https:\/\/www.italpassion.fr\/wp-content\/uploads\/2025\/08\/lamborghini-temerario-sardaigne-7.jpg 1200w, https:\/\/www.italpassion.fr\/wp-content\/uploads\/2025\/08\/lamborghini-temerario-sardaigne-7-420x280.jpg 420w, https:\/\/www.italpassion.fr\/wp-content\/uploads\/2025\/08\/lamborghini-temerario-sardaigne-7-768x512.jpg 768w, https:\/\/www.italpassion.fr\/wp-content\/uploads\/2025\/08\/lamborghini-temerario-sardaigne-7-18x12.jpg 18w\" sizes=\"auto, (max-width: 1200px) 100vw, 1200px\" \/><\/figure>","protected":false},"excerpt":{"rendered":"","protected":false},"author":1,"featured_media":40348,"comment_status":"open","ping_status":"open","sticky":false,"template":"","format":"standard","meta":{"_acf_changed":false,"_sitemap_exclude":false,"_sitemap_priority":"","_sitemap_frequency":"","footnotes":""},"categories":[25],"tags":[374],"class_list":["post-40318","post","type-post","status-publish","format-standard","has-post-thumbnail","hentry","category-lamborghini","tag-lamborghini-temerario","generate-columns","tablet-grid-50","mobile-grid-100","grid-parent","grid-33"],"acf":[],"yoast_head":"<!-- This site is optimized with the Yoast SEO plugin v25.8 - https:\/\/yoast.com\/wordpress\/plugins\/seo\/ -->\n<title>La premi\u00e8re Lamborghini Temerario personnalis\u00e9e a \u00e9t\u00e9 livr\u00e9e \u00e0 un client &quot;Elite&quot; - ItalPassion<\/title>\n<meta name=\"description\" content=\"En plein c\u0153ur de l\u2019\u00e9t\u00e9, dans le cadre ultra-s\u00e9lect de Porto Cervo en Sardaigne, Lamborghini a r\u00e9v\u00e9l\u00e9 la premi\u00e8re Temerario personnalis\u00e9e de son programme\" \/>\n<meta name=\"robots\" content=\"index, follow, max-snippet:-1, max-image-preview:large, max-video-preview:-1\" \/>\n<link rel=\"canonical\" href=\"https:\/\/www.italpassion.fr\/it\/lamborghini\/la-prima-lamborghini-temerario-personalizzata-e-stata-consegnata-a-un-cliente-delite\/\" \/>\n<meta property=\"og:locale\" content=\"it_IT\" \/>\n<meta property=\"og:type\" content=\"article\" \/>\n<meta property=\"og:title\" content=\"La premi\u00e8re Lamborghini Temerario personnalis\u00e9e a \u00e9t\u00e9 livr\u00e9e \u00e0 un client &quot;Elite&quot; - ItalPassion\" \/>\n<meta property=\"og:description\" content=\"En plein c\u0153ur de l\u2019\u00e9t\u00e9, dans le cadre ultra-s\u00e9lect de Porto Cervo en Sardaigne, Lamborghini a r\u00e9v\u00e9l\u00e9 la premi\u00e8re Temerario personnalis\u00e9e de son programme\" \/>\n<meta property=\"og:url\" content=\"https:\/\/www.italpassion.fr\/it\/lamborghini\/la-prima-lamborghini-temerario-personalizzata-e-stata-consegnata-a-un-cliente-delite\/\" \/>\n<meta property=\"og:site_name\" content=\"ItalPassion\" \/>\n<meta property=\"article:publisher\" content=\"https:\/\/www.facebook.com\/italpassion\" \/>\n<meta property=\"article:published_time\" content=\"2025-08-06T10:07:37+00:00\" \/>\n<meta property=\"og:image\" content=\"https:\/\/www.italpassion.fr\/wp-content\/uploads\/2025\/08\/lamborghini-temerario-sardaine.jpg\" \/>\n\t<meta property=\"og:image:width\" content=\"1200\" \/>\n\t<meta property=\"og:image:height\" content=\"800\" \/>\n\t<meta property=\"og:image:type\" content=\"image\/jpeg\" \/>\n<meta name=\"author\" content=\"Alexandre Filluzeau\" \/>\n<meta name=\"twitter:card\" content=\"summary_large_image\" \/>\n<meta name=\"twitter:creator\" content=\"@italpassion\" \/>\n<meta name=\"twitter:site\" content=\"@italpassion\" \/>\n<script type=\"application\/ld+json\" class=\"yoast-schema-graph\">{\"@context\":\"https:\/\/schema.org\",\"@graph\":[{\"@type\":\"NewsArticle\",\"@id\":\"https:\/\/www.italpassion.fr\/it\/lamborghini\/la-premiere-lamborghini-temerario-personnalisee-a-ete-livree-a-un-client-elite\/#article\",\"isPartOf\":{\"@id\":\"https:\/\/www.italpassion.fr\/it\/lamborghini\/la-premiere-lamborghini-temerario-personnalisee-a-ete-livree-a-un-client-elite\/\"},\"author\":{\"name\":\"Alexandre Filluzeau\",\"@id\":\"https:\/\/www.italpassion.fr\/it\/#\/schema\/person\/36f747b2a759ca202d847e85a9434ca0\"},\"headline\":\"La premi\u00e8re Lamborghini Temerario personnalis\u00e9e a \u00e9t\u00e9 livr\u00e9e \u00e0 un client \u00ab\u00a0Elite\u00a0\u00bb\",\"datePublished\":\"2025-08-06T10:07:37+00:00\",\"mainEntityOfPage\":{\"@id\":\"https:\/\/www.italpassion.fr\/it\/lamborghini\/la-premiere-lamborghini-temerario-personnalisee-a-ete-livree-a-un-client-elite\/\"},\"wordCount\":518,\"commentCount\":0,\"publisher\":{\"@id\":\"https:\/\/www.italpassion.fr\/it\/#organization\"},\"image\":{\"@id\":\"https:\/\/www.italpassion.fr\/it\/lamborghini\/la-premiere-lamborghini-temerario-personnalisee-a-ete-livree-a-un-client-elite\/#primaryimage\"},\"thumbnailUrl\":\"https:\/\/www.italpassion.fr\/wp-content\/uploads\/2025\/08\/lamborghini-temerario-sardaine.jpg\",\"keywords\":[\"Lamborghini Temerario\"],\"articleSection\":[\"Lamborghini\"],\"inLanguage\":\"it-IT\",\"potentialAction\":[{\"@type\":\"CommentAction\",\"name\":\"Comment\",\"target\":[\"https:\/\/www.italpassion.fr\/it\/lamborghini\/la-premiere-lamborghini-temerario-personnalisee-a-ete-livree-a-un-client-elite\/#respond\"]}]},{\"@type\":\"WebPage\",\"@id\":\"https:\/\/www.italpassion.fr\/it\/lamborghini\/la-premiere-lamborghini-temerario-personnalisee-a-ete-livree-a-un-client-elite\/\",\"url\":\"https:\/\/www.italpassion.fr\/it\/lamborghini\/la-premiere-lamborghini-temerario-personnalisee-a-ete-livree-a-un-client-elite\/\",\"name\":\"La premi\u00e8re Lamborghini Temerario personnalis\u00e9e a \u00e9t\u00e9 livr\u00e9e \u00e0 un client \\\"Elite\\\" - ItalPassion\",\"isPartOf\":{\"@id\":\"https:\/\/www.italpassion.fr\/it\/#website\"},\"primaryImageOfPage\":{\"@id\":\"https:\/\/www.italpassion.fr\/it\/lamborghini\/la-premiere-lamborghini-temerario-personnalisee-a-ete-livree-a-un-client-elite\/#primaryimage\"},\"image\":{\"@id\":\"https:\/\/www.italpassion.fr\/it\/lamborghini\/la-premiere-lamborghini-temerario-personnalisee-a-ete-livree-a-un-client-elite\/#primaryimage\"},\"thumbnailUrl\":\"https:\/\/www.italpassion.fr\/wp-content\/uploads\/2025\/08\/lamborghini-temerario-sardaine.jpg\",\"datePublished\":\"2025-08-06T10:07:37+00:00\",\"description\":\"En plein c\u0153ur de l\u2019\u00e9t\u00e9, dans le cadre ultra-s\u00e9lect de Porto Cervo en Sardaigne, Lamborghini a r\u00e9v\u00e9l\u00e9 la premi\u00e8re Temerario personnalis\u00e9e de son programme\",\"breadcrumb\":{\"@id\":\"https:\/\/www.italpassion.fr\/it\/lamborghini\/la-premiere-lamborghini-temerario-personnalisee-a-ete-livree-a-un-client-elite\/#breadcrumb\"},\"inLanguage\":\"it-IT\",\"potentialAction\":[{\"@type\":\"ReadAction\",\"target\":[\"https:\/\/www.italpassion.fr\/it\/lamborghini\/la-premiere-lamborghini-temerario-personnalisee-a-ete-livree-a-un-client-elite\/\"]}]},{\"@type\":\"ImageObject\",\"inLanguage\":\"it-IT\",\"@id\":\"https:\/\/www.italpassion.fr\/it\/lamborghini\/la-premiere-lamborghini-temerario-personnalisee-a-ete-livree-a-un-client-elite\/#primaryimage\",\"url\":\"https:\/\/www.italpassion.fr\/wp-content\/uploads\/2025\/08\/lamborghini-temerario-sardaine.jpg\",\"contentUrl\":\"https:\/\/www.italpassion.fr\/wp-content\/uploads\/2025\/08\/lamborghini-temerario-sardaine.jpg\",\"width\":1200,\"height\":800},{\"@type\":\"BreadcrumbList\",\"@id\":\"https:\/\/www.italpassion.fr\/it\/lamborghini\/la-premiere-lamborghini-temerario-personnalisee-a-ete-livree-a-un-client-elite\/#breadcrumb\",\"itemListElement\":[{\"@type\":\"ListItem\",\"position\":1,\"name\":\"Accueil\",\"item\":\"https:\/\/www.italpassion.fr\/it\/\"},{\"@type\":\"ListItem\",\"position\":2,\"name\":\"La premi\u00e8re Lamborghini Temerario personnalis\u00e9e a \u00e9t\u00e9 livr\u00e9e \u00e0 un client \u00ab\u00a0Elite\u00a0\u00bb\"}]},{\"@type\":\"WebSite\",\"@id\":\"https:\/\/www.italpassion.fr\/it\/#website\",\"url\":\"https:\/\/www.italpassion.fr\/it\/\",\"name\":\"ItalPassion\",\"description\":\"Les Passionn\u00e9s d&#039;Automobiles Italiennes\",\"publisher\":{\"@id\":\"https:\/\/www.italpassion.fr\/it\/#organization\"},\"potentialAction\":[{\"@type\":\"SearchAction\",\"target\":{\"@type\":\"EntryPoint\",\"urlTemplate\":\"https:\/\/www.italpassion.fr\/it\/?s={search_term_string}\"},\"query-input\":{\"@type\":\"PropertyValueSpecification\",\"valueRequired\":true,\"valueName\":\"search_term_string\"}}],\"inLanguage\":\"it-IT\"},{\"@type\":\"Organization\",\"@id\":\"https:\/\/www.italpassion.fr\/it\/#organization\",\"name\":\"Italpassion\",\"url\":\"https:\/\/www.italpassion.fr\/it\/\",\"logo\":{\"@type\":\"ImageObject\",\"inLanguage\":\"it-IT\",\"@id\":\"https:\/\/www.italpassion.fr\/it\/#\/schema\/logo\/image\/\",\"url\":\"https:\/\/www.italpassion.fr\/wp-content\/uploads\/2023\/07\/italpassion-yoast.jpg\",\"contentUrl\":\"https:\/\/www.italpassion.fr\/wp-content\/uploads\/2023\/07\/italpassion-yoast.jpg\",\"width\":696,\"height\":696,\"caption\":\"Italpassion\"},\"image\":{\"@id\":\"https:\/\/www.italpassion.fr\/it\/#\/schema\/logo\/image\/\"},\"sameAs\":[\"https:\/\/www.facebook.com\/italpassion\",\"https:\/\/x.com\/italpassion\",\"https:\/\/www.instagram.com\/italpassionfr\/\",\"https:\/\/www.youtube.com\/channel\/UCleq-ByQaA42OjhopwevRjQ\",\"https:\/\/www.facebook.com\/italpassion.en\/\",\"https:\/\/www.facebook.com\/italpassion.it\/\",\"https:\/\/www.facebook.com\/italpassion.de\/\",\"https:\/\/www.facebook.com\/italpassion.ja\/\"]},{\"@type\":\"Person\",\"@id\":\"https:\/\/www.italpassion.fr\/it\/#\/schema\/person\/36f747b2a759ca202d847e85a9434ca0\",\"name\":\"Alexandre Filluzeau\",\"image\":{\"@type\":\"ImageObject\",\"inLanguage\":\"it-IT\",\"@id\":\"https:\/\/www.italpassion.fr\/it\/#\/schema\/person\/image\/\",\"url\":\"https:\/\/www.italpassion.fr\/wp-content\/uploads\/2025\/04\/avatar-alexandre-160x160.jpg\",\"contentUrl\":\"https:\/\/www.italpassion.fr\/wp-content\/uploads\/2025\/04\/avatar-alexandre-160x160.jpg\",\"caption\":\"Alexandre Filluzeau\"},\"description\":\"Fondateur du site ItalPassion, passionn\u00e9 de voitures italiennes et de l'Italie en g\u00e9n\u00e9ral. J'apporte un regard critique et technique aux actualit\u00e9s des marques italiennes quand cela est possible. Propri\u00e9taire d'une Maserati GranTurismo, Alfa Romeo MiTo, Lancia Fulvia et Ducati 695. Ex-propri\u00e9taire d'une Alfa Romeo Giulia.\",\"sameAs\":[\"https:\/\/www.italpassion.fr\/\"],\"url\":\"https:\/\/www.italpassion.fr\/it\/author\/alexandre\/\"}]}<\/script>\n<!-- \/ Yoast SEO plugin. -->","yoast_head_json":{"title":"La prima Lamborghini Temerario personalizzata \u00e8 stata consegnata a un cliente \"Elite\" - ItalPassion","description":"In piena estate, nell'elegantissima cornice di Porto Cervo in Sardegna, Lamborghini ha svelato la prima Temerario personalizzata del suo programma di","robots":{"index":"index","follow":"follow","max-snippet":"max-snippet:-1","max-image-preview":"max-image-preview:large","max-video-preview":"max-video-preview:-1"},"canonical":"https:\/\/www.italpassion.fr\/it\/lamborghini\/la-prima-lamborghini-temerario-personalizzata-e-stata-consegnata-a-un-cliente-delite\/","og_locale":"it_IT","og_type":"article","og_title":"La premi\u00e8re Lamborghini Temerario personnalis\u00e9e a \u00e9t\u00e9 livr\u00e9e \u00e0 un client \"Elite\" - ItalPassion","og_description":"En plein c\u0153ur de l\u2019\u00e9t\u00e9, dans le cadre ultra-s\u00e9lect de Porto Cervo en Sardaigne, Lamborghini a r\u00e9v\u00e9l\u00e9 la premi\u00e8re Temerario personnalis\u00e9e de son programme","og_url":"https:\/\/www.italpassion.fr\/it\/lamborghini\/la-prima-lamborghini-temerario-personalizzata-e-stata-consegnata-a-un-cliente-delite\/","og_site_name":"ItalPassion","article_publisher":"https:\/\/www.facebook.com\/italpassion","article_published_time":"2025-08-06T10:07:37+00:00","og_image":[{"width":1200,"height":800,"url":"https:\/\/www.italpassion.fr\/wp-content\/uploads\/2025\/08\/lamborghini-temerario-sardaine.jpg","type":"image\/jpeg"}],"author":"Alexandre Filluzeau","twitter_card":"summary_large_image","twitter_creator":"@italpassion","twitter_site":"@italpassion","schema":{"@context":"https:\/\/schema.org","@graph":[{"@type":"NewsArticle","@id":"https:\/\/www.italpassion.fr\/it\/lamborghini\/la-premiere-lamborghini-temerario-personnalisee-a-ete-livree-a-un-client-elite\/#article","isPartOf":{"@id":"https:\/\/www.italpassion.fr\/it\/lamborghini\/la-premiere-lamborghini-temerario-personnalisee-a-ete-livree-a-un-client-elite\/"},"author":{"name":"Alexandre Filluzeau","@id":"https:\/\/www.italpassion.fr\/it\/#\/schema\/person\/36f747b2a759ca202d847e85a9434ca0"},"headline":"La premi\u00e8re Lamborghini Temerario personnalis\u00e9e a \u00e9t\u00e9 livr\u00e9e \u00e0 un client \u00ab\u00a0Elite\u00a0\u00bb","datePublished":"2025-08-06T10:07:37+00:00","mainEntityOfPage":{"@id":"https:\/\/www.italpassion.fr\/it\/lamborghini\/la-premiere-lamborghini-temerario-personnalisee-a-ete-livree-a-un-client-elite\/"},"wordCount":518,"commentCount":0,"publisher":{"@id":"https:\/\/www.italpassion.fr\/it\/#organization"},"image":{"@id":"https:\/\/www.italpassion.fr\/it\/lamborghini\/la-premiere-lamborghini-temerario-personnalisee-a-ete-livree-a-un-client-elite\/#primaryimage"},"thumbnailUrl":"https:\/\/www.italpassion.fr\/wp-content\/uploads\/2025\/08\/lamborghini-temerario-sardaine.jpg","keywords":["Lamborghini Temerario"],"articleSection":["Lamborghini"],"inLanguage":"it-IT","potentialAction":[{"@type":"CommentAction","name":"Comment","target":["https:\/\/www.italpassion.fr\/it\/lamborghini\/la-premiere-lamborghini-temerario-personnalisee-a-ete-livree-a-un-client-elite\/#respond"]}]},{"@type":"WebPage","@id":"https:\/\/www.italpassion.fr\/it\/lamborghini\/la-premiere-lamborghini-temerario-personnalisee-a-ete-livree-a-un-client-elite\/","url":"https:\/\/www.italpassion.fr\/it\/lamborghini\/la-premiere-lamborghini-temerario-personnalisee-a-ete-livree-a-un-client-elite\/","name":"La prima Lamborghini Temerario personalizzata \u00e8 stata consegnata a un cliente \"Elite\" - ItalPassion","isPartOf":{"@id":"https:\/\/www.italpassion.fr\/it\/#website"},"primaryImageOfPage":{"@id":"https:\/\/www.italpassion.fr\/it\/lamborghini\/la-premiere-lamborghini-temerario-personnalisee-a-ete-livree-a-un-client-elite\/#primaryimage"},"image":{"@id":"https:\/\/www.italpassion.fr\/it\/lamborghini\/la-premiere-lamborghini-temerario-personnalisee-a-ete-livree-a-un-client-elite\/#primaryimage"},"thumbnailUrl":"https:\/\/www.italpassion.fr\/wp-content\/uploads\/2025\/08\/lamborghini-temerario-sardaine.jpg","datePublished":"2025-08-06T10:07:37+00:00","description":"In piena estate, nell'elegantissima cornice di Porto Cervo in Sardegna, Lamborghini ha svelato la prima Temerario personalizzata del suo programma di","breadcrumb":{"@id":"https:\/\/www.italpassion.fr\/it\/lamborghini\/la-premiere-lamborghini-temerario-personnalisee-a-ete-livree-a-un-client-elite\/#breadcrumb"},"inLanguage":"it-IT","potentialAction":[{"@type":"ReadAction","target":["https:\/\/www.italpassion.fr\/it\/lamborghini\/la-premiere-lamborghini-temerario-personnalisee-a-ete-livree-a-un-client-elite\/"]}]},{"@type":"ImageObject","inLanguage":"it-IT","@id":"https:\/\/www.italpassion.fr\/it\/lamborghini\/la-premiere-lamborghini-temerario-personnalisee-a-ete-livree-a-un-client-elite\/#primaryimage","url":"https:\/\/www.italpassion.fr\/wp-content\/uploads\/2025\/08\/lamborghini-temerario-sardaine.jpg","contentUrl":"https:\/\/www.italpassion.fr\/wp-content\/uploads\/2025\/08\/lamborghini-temerario-sardaine.jpg","width":1200,"height":800},{"@type":"BreadcrumbList","@id":"https:\/\/www.italpassion.fr\/it\/lamborghini\/la-premiere-lamborghini-temerario-personnalisee-a-ete-livree-a-un-client-elite\/#breadcrumb","itemListElement":[{"@type":"ListItem","position":1,"name":"Accueil","item":"https:\/\/www.italpassion.fr\/it\/"},{"@type":"ListItem","position":2,"name":"La premi\u00e8re Lamborghini Temerario personnalis\u00e9e a \u00e9t\u00e9 livr\u00e9e \u00e0 un client \u00ab\u00a0Elite\u00a0\u00bb"}]},{"@type":"WebSite","@id":"https:\/\/www.italpassion.fr\/it\/#website","url":"https:\/\/www.italpassion.fr\/it\/","name":"ItalPassion","description":"Appassionati di auto italiane","publisher":{"@id":"https:\/\/www.italpassion.fr\/it\/#organization"},"potentialAction":[{"@type":"SearchAction","target":{"@type":"EntryPoint","urlTemplate":"https:\/\/www.italpassion.fr\/it\/?s={search_term_string}"},"query-input":{"@type":"PropertyValueSpecification","valueRequired":true,"valueName":"search_term_string"}}],"inLanguage":"it-IT"},{"@type":"Organization","@id":"https:\/\/www.italpassion.fr\/it\/#organization","name":"Italpassion","url":"https:\/\/www.italpassion.fr\/it\/","logo":{"@type":"ImageObject","inLanguage":"it-IT","@id":"https:\/\/www.italpassion.fr\/it\/#\/schema\/logo\/image\/","url":"https:\/\/www.italpassion.fr\/wp-content\/uploads\/2023\/07\/italpassion-yoast.jpg","contentUrl":"https:\/\/www.italpassion.fr\/wp-content\/uploads\/2023\/07\/italpassion-yoast.jpg","width":696,"height":696,"caption":"Italpassion"},"image":{"@id":"https:\/\/www.italpassion.fr\/it\/#\/schema\/logo\/image\/"},"sameAs":["https:\/\/www.facebook.com\/italpassion","https:\/\/x.com\/italpassion","https:\/\/www.instagram.com\/italpassionfr\/","https:\/\/www.youtube.com\/channel\/UCleq-ByQaA42OjhopwevRjQ","https:\/\/www.facebook.com\/italpassion.en\/","https:\/\/www.facebook.com\/italpassion.it\/","https:\/\/www.facebook.com\/italpassion.de\/","https:\/\/www.facebook.com\/italpassion.ja\/"]},{"@type":"Person","@id":"https:\/\/www.italpassion.fr\/it\/#\/schema\/person\/36f747b2a759ca202d847e85a9434ca0","name":"Alexandre Filluzeau","image":{"@type":"ImageObject","inLanguage":"it-IT","@id":"https:\/\/www.italpassion.fr\/it\/#\/schema\/person\/image\/","url":"https:\/\/www.italpassion.fr\/wp-content\/uploads\/2025\/04\/avatar-alexandre-160x160.jpg","contentUrl":"https:\/\/www.italpassion.fr\/wp-content\/uploads\/2025\/04\/avatar-alexandre-160x160.jpg","caption":"Alexandre Filluzeau"},"description":"Fondatore del sito ItalPassion, appassionato di auto italiane e dell'Italia in generale. Porto un occhio critico e tecnico alle notizie dei marchi italiani, quando possibile. Proprietario di una Maserati GranTurismo, di un'Alfa Romeo MiTo, di una Lancia Fulvia e di una Ducati 695. Ex proprietario di un'Alfa Romeo Giulia.","sameAs":["https:\/\/www.italpassion.fr\/"],"url":"https:\/\/www.italpassion.fr\/it\/author\/alexandre\/"}]}},"_links":{"self":[{"href":"https:\/\/www.italpassion.fr\/it\/wp-json\/wp\/v2\/posts\/40318","targetHints":{"allow":["GET"]}}],"collection":[{"href":"https:\/\/www.italpassion.fr\/it\/wp-json\/wp\/v2\/posts"}],"about":[{"href":"https:\/\/www.italpassion.fr\/it\/wp-json\/wp\/v2\/types\/post"}],"author":[{"embeddable":true,"href":"https:\/\/www.italpassion.fr\/it\/wp-json\/wp\/v2\/users\/1"}],"replies":[{"embeddable":true,"href":"https:\/\/www.italpassion.fr\/it\/wp-json\/wp\/v2\/comments?post=40318"}],"version-history":[{"count":3,"href":"https:\/\/www.italpassion.fr\/it\/wp-json\/wp\/v2\/posts\/40318\/revisions"}],"predecessor-version":[{"id":40354,"href":"https:\/\/www.italpassion.fr\/it\/wp-json\/wp\/v2\/posts\/40318\/revisions\/40354"}],"wp:featuredmedia":[{"embeddable":true,"href":"https:\/\/www.italpassion.fr\/it\/wp-json\/wp\/v2\/media\/40348"}],"wp:attachment":[{"href":"https:\/\/www.italpassion.fr\/it\/wp-json\/wp\/v2\/media?parent=40318"}],"wp:term":[{"taxonomy":"category","embeddable":true,"href":"https:\/\/www.italpassion.fr\/it\/wp-json\/wp\/v2\/categories?post=40318"},{"taxonomy":"post_tag","embeddable":true,"href":"https:\/\/www.italpassion.fr\/it\/wp-json\/wp\/v2\/tags?post=40318"}],"curies":[{"name":"wp","href":"https:\/\/api.w.org\/{rel}","templated":true}]}}