{"id":40067,"date":"2025-07-29T08:46:14","date_gmt":"2025-07-29T06:46:14","guid":{"rendered":"https:\/\/www.italpassion.fr\/?p=40067"},"modified":"2025-07-28T16:41:40","modified_gmt":"2025-07-28T14:41:40","slug":"insolito-trasforma-la-sua-alfa-romeo-junior-in-una-milano","status":"publish","type":"post","link":"https:\/\/www.italpassion.fr\/it\/alfa-romeo\/insolite-il-transforme-son-alfa-romeo-junior-en-milano\/","title":{"rendered":"Insolito: trasforma la sua Alfa Romeo Junior... in una Milano!"},"content":{"rendered":"<p>Quando alcune persone si accontentano di postare con orgoglio una foto del loro nuovo <a href=\"https:\/\/www.italpassion.fr\/it\/auto\/alfa-romeo-junior\/\">Alfa Romeo Junior<\/a> su Facebook, altri si spingono oltre... molto oltre. A quasi un anno e mezzo dal lancio, il piccolo SUV del Biscione continua a fare scalpore, a volte in modo inaspettato. La prova \u00e8 data da un appassionato proprietario che ha deciso di trasformare la sua Alfa Romeo Junior... in una Milano. Un cenno a una polemica che ha fatto scorrere molto inchiostro.<\/p>\n\n\n\n<h2 class=\"wp-block-heading\">Il ritorno del nome proibito<\/h2>\n\n\n\n<p>Ricordate: nell'aprile 2024, il BSUV di<a href=\"https:\/\/www.italpassion.fr\/it\/alfa-romeo\/\">Alfa Romeo<\/a> doveva chiamarsi Milano, in omaggio alla citt\u00e0 in cui il marchio \u00e8 nato nel 1910. Un nome forte e simbolico... eppure proibito. Il motivo? Una legge italiana del 2003 che impedisce l'\"Italian Sounding\" per i prodotti fabbricati all'estero. Junior \u00e8 prodotto a Tychy, in Polonia. <a href=\"https:\/\/www.italpassion.fr\/it\/alfa-romeo\/alfa-romeo-milano-il-nome-non-piace-al-ministro-del-made-in-italy\/\">Il Ministro per il Made in Italy, Adolfo Urso, \u00e8 intervenuto denunciando un nome fuorviante<\/a>e Stellantis dovette arrendersi: <a href=\"https:\/\/www.italpassion.fr\/it\/alfa-romeo\/lalfa-romeo-milano-ufficiale-cambia-nome-in-junior\/\">Milano \u00e8 diventata Junior, solo tre giorni dopo la presentazione ufficiale<\/a>.<\/p>\n\n\n\n<h2 class=\"wp-block-heading\">Il modello Junior \u00e8 molto apprezzato... ma c'\u00e8 chi vuole l'originale<\/h2>\n\n\n\n<p>Fin dal suo lancio, l'Alfa Romeo Junior ha conquistato il pubblico. Sui social network, molti proprietari condividono ogni dettaglio del loro nuovo acquisto. Ma un proprietario ha deciso di superare una linea che nemmeno l'Alfa Romeo ha osato superare ufficialmente: far rivivere la Milano.<\/p>\n\n\n\n<figure class=\"wp-block-image size-full\"><img loading=\"lazy\" decoding=\"async\" width=\"1200\" height=\"800\" src=\"https:\/\/www.italpassion.fr\/wp-content\/uploads\/2025\/07\/alfa-romeo-milano-blanc-2.jpg\" alt=\"\" class=\"wp-image-40149\" srcset=\"https:\/\/www.italpassion.fr\/wp-content\/uploads\/2025\/07\/alfa-romeo-milano-blanc-2.jpg 1200w, https:\/\/www.italpassion.fr\/wp-content\/uploads\/2025\/07\/alfa-romeo-milano-blanc-2-420x280.jpg 420w, https:\/\/www.italpassion.fr\/wp-content\/uploads\/2025\/07\/alfa-romeo-milano-blanc-2-768x512.jpg 768w, https:\/\/www.italpassion.fr\/wp-content\/uploads\/2025\/07\/alfa-romeo-milano-blanc-2-18x12.jpg 18w\" sizes=\"auto, (max-width: 1200px) 100vw, 1200px\" \/><figcaption class=\"wp-element-caption\">Alfa Romeo Milano di Mario<\/figcaption><\/figure>\n\n\n\n<figure class=\"wp-block-image size-full\"><img loading=\"lazy\" decoding=\"async\" width=\"1200\" height=\"800\" src=\"https:\/\/www.italpassion.fr\/wp-content\/uploads\/2025\/07\/alfa-romeo-milano-blanc-3.jpg\" alt=\"\" class=\"wp-image-40150\" srcset=\"https:\/\/www.italpassion.fr\/wp-content\/uploads\/2025\/07\/alfa-romeo-milano-blanc-3.jpg 1200w, https:\/\/www.italpassion.fr\/wp-content\/uploads\/2025\/07\/alfa-romeo-milano-blanc-3-420x280.jpg 420w, https:\/\/www.italpassion.fr\/wp-content\/uploads\/2025\/07\/alfa-romeo-milano-blanc-3-768x512.jpg 768w, https:\/\/www.italpassion.fr\/wp-content\/uploads\/2025\/07\/alfa-romeo-milano-blanc-3-18x12.jpg 18w\" sizes=\"auto, (max-width: 1200px) 100vw, 1200px\" \/><figcaption class=\"wp-element-caption\">Alfa Romeo Milano di Mario<\/figcaption><\/figure>\n\n\n\n<figure class=\"wp-block-image size-full\"><img loading=\"lazy\" decoding=\"async\" width=\"1200\" height=\"800\" src=\"https:\/\/www.italpassion.fr\/wp-content\/uploads\/2025\/07\/alfa-romeo-milano-1.jpg\" alt=\"\" class=\"wp-image-40148\" srcset=\"https:\/\/www.italpassion.fr\/wp-content\/uploads\/2025\/07\/alfa-romeo-milano-1.jpg 1200w, https:\/\/www.italpassion.fr\/wp-content\/uploads\/2025\/07\/alfa-romeo-milano-1-420x280.jpg 420w, https:\/\/www.italpassion.fr\/wp-content\/uploads\/2025\/07\/alfa-romeo-milano-1-768x512.jpg 768w, https:\/\/www.italpassion.fr\/wp-content\/uploads\/2025\/07\/alfa-romeo-milano-1-18x12.jpg 18w\" sizes=\"auto, (max-width: 1200px) 100vw, 1200px\" \/><figcaption class=\"wp-element-caption\">Alfa Romeo Milano di Mario<\/figcaption><\/figure>\n\n\n\n<p>Il modello in questione? Una Junior bianca, trasformata con precisione. All'esterno, il logo Milano campeggia con orgoglio sui parafanghi. I cerchi sono stati sostituiti da MAK Monza da 18 pollici, con uno stile pi\u00f9 deciso. Il cofano presenta un adesivo che rappresenta il Biscione, storico emblema dell'Alfa Romeo. Gli specchietti retrovisori presentano una bandiera italiana.<\/p>\n\n\n\n<p>All'interno, la personalizzazione continua: volante in alcantara, tappetini Milano ricamati e un dettaglio che far\u00e0 sorridere gli appassionati: il pulsante \"Start\" \u00e8 stato cambiato da nero a rosso, come sulla Giulia e sullo Stelvio Quadrifoglio. <\/p>\n\n\n\n<figure class=\"wp-block-image size-full\"><img loading=\"lazy\" decoding=\"async\" width=\"1200\" height=\"800\" src=\"https:\/\/www.italpassion.fr\/wp-content\/uploads\/2025\/07\/alfa-romeo-milano-blanc-4.jpg\" alt=\"\" class=\"wp-image-40151\" srcset=\"https:\/\/www.italpassion.fr\/wp-content\/uploads\/2025\/07\/alfa-romeo-milano-blanc-4.jpg 1200w, https:\/\/www.italpassion.fr\/wp-content\/uploads\/2025\/07\/alfa-romeo-milano-blanc-4-420x280.jpg 420w, https:\/\/www.italpassion.fr\/wp-content\/uploads\/2025\/07\/alfa-romeo-milano-blanc-4-768x512.jpg 768w, https:\/\/www.italpassion.fr\/wp-content\/uploads\/2025\/07\/alfa-romeo-milano-blanc-4-18x12.jpg 18w\" sizes=\"auto, (max-width: 1200px) 100vw, 1200px\" \/><figcaption class=\"wp-element-caption\">Alfa Romeo Milano di Mario<\/figcaption><\/figure>\n\n\n\n<p>Questo modello non sar\u00e0 ufficialmente una Milano, ma simboleggia anche una forma di protesta gentile, contro una decisione politica che ha stravolto la storia di un modello appena lanciato. Ad oggi, \u00e8 probabilmente l'unica \"Milano\" che si vede sulle strade d'Europa. <\/p>\n\n\n\n<p>PS: per favore, siate rispettosi nei vostri commenti.<\/p>","protected":false},"excerpt":{"rendered":"","protected":false},"author":1,"featured_media":40149,"comment_status":"open","ping_status":"open","sticky":false,"template":"","format":"standard","meta":{"_acf_changed":false,"_sitemap_exclude":false,"_sitemap_priority":"","_sitemap_frequency":"","footnotes":""},"categories":[22],"tags":[403],"class_list":["post-40067","post","type-post","status-publish","format-standard","has-post-thumbnail","hentry","category-alfa-romeo","tag-alfa-romeo-junior","generate-columns","tablet-grid-50","mobile-grid-100","grid-parent","grid-33"],"acf":[],"yoast_head":"<!-- This site is optimized with the Yoast SEO plugin v25.8 - https:\/\/yoast.com\/wordpress\/plugins\/seo\/ -->\n<title>Insolite : il transforme son Alfa Romeo Junior... en Milano ! - ItalPassion<\/title>\n<meta name=\"description\" content=\"Quand certains se contentent de poster fi\u00e8rement la photo de leur nouvelle Alfa Romeo Junior sur Facebook, d\u2019autres vont plus loin\u2026 Beaucoup plus loin.\" \/>\n<meta name=\"robots\" content=\"index, follow, max-snippet:-1, max-image-preview:large, max-video-preview:-1\" \/>\n<link rel=\"canonical\" href=\"https:\/\/www.italpassion.fr\/it\/alfa-romeo\/insolito-trasforma-la-sua-alfa-romeo-junior-in-una-milano\/\" \/>\n<meta property=\"og:locale\" content=\"it_IT\" \/>\n<meta property=\"og:type\" content=\"article\" \/>\n<meta property=\"og:title\" content=\"Insolite : il transforme son Alfa Romeo Junior... en Milano ! - ItalPassion\" \/>\n<meta property=\"og:description\" content=\"Quand certains se contentent de poster fi\u00e8rement la photo de leur nouvelle Alfa Romeo Junior sur Facebook, d\u2019autres vont plus loin\u2026 Beaucoup plus loin.\" \/>\n<meta property=\"og:url\" content=\"https:\/\/www.italpassion.fr\/it\/alfa-romeo\/insolito-trasforma-la-sua-alfa-romeo-junior-in-una-milano\/\" \/>\n<meta property=\"og:site_name\" content=\"ItalPassion\" \/>\n<meta property=\"article:publisher\" content=\"https:\/\/www.facebook.com\/italpassion\" \/>\n<meta property=\"article:published_time\" content=\"2025-07-29T06:46:14+00:00\" \/>\n<meta property=\"og:image\" content=\"https:\/\/www.italpassion.fr\/wp-content\/uploads\/2025\/07\/alfa-romeo-milano-blanc-2.jpg\" \/>\n\t<meta property=\"og:image:width\" content=\"1200\" \/>\n\t<meta property=\"og:image:height\" content=\"800\" \/>\n\t<meta property=\"og:image:type\" content=\"image\/jpeg\" \/>\n<meta name=\"author\" content=\"Alexandre Filluzeau\" \/>\n<meta name=\"twitter:card\" content=\"summary_large_image\" \/>\n<meta name=\"twitter:creator\" content=\"@italpassion\" \/>\n<meta name=\"twitter:site\" content=\"@italpassion\" \/>\n<script type=\"application\/ld+json\" class=\"yoast-schema-graph\">{\"@context\":\"https:\/\/schema.org\",\"@graph\":[{\"@type\":\"NewsArticle\",\"@id\":\"https:\/\/www.italpassion.fr\/it\/alfa-romeo\/insolite-il-transforme-son-alfa-romeo-junior-en-milano\/#article\",\"isPartOf\":{\"@id\":\"https:\/\/www.italpassion.fr\/it\/alfa-romeo\/insolite-il-transforme-son-alfa-romeo-junior-en-milano\/\"},\"author\":{\"name\":\"Alexandre Filluzeau\",\"@id\":\"https:\/\/www.italpassion.fr\/it\/#\/schema\/person\/36f747b2a759ca202d847e85a9434ca0\"},\"headline\":\"Insolite : il transforme son Alfa Romeo Junior&#8230; en Milano !\",\"datePublished\":\"2025-07-29T06:46:14+00:00\",\"mainEntityOfPage\":{\"@id\":\"https:\/\/www.italpassion.fr\/it\/alfa-romeo\/insolite-il-transforme-son-alfa-romeo-junior-en-milano\/\"},\"wordCount\":455,\"commentCount\":8,\"publisher\":{\"@id\":\"https:\/\/www.italpassion.fr\/it\/#organization\"},\"image\":{\"@id\":\"https:\/\/www.italpassion.fr\/it\/alfa-romeo\/insolite-il-transforme-son-alfa-romeo-junior-en-milano\/#primaryimage\"},\"thumbnailUrl\":\"https:\/\/www.italpassion.fr\/wp-content\/uploads\/2025\/07\/alfa-romeo-milano-blanc-2.jpg\",\"keywords\":[\"Alfa Romeo Junior\"],\"articleSection\":[\"Alfa Romeo\"],\"inLanguage\":\"it-IT\",\"potentialAction\":[{\"@type\":\"CommentAction\",\"name\":\"Comment\",\"target\":[\"https:\/\/www.italpassion.fr\/it\/alfa-romeo\/insolite-il-transforme-son-alfa-romeo-junior-en-milano\/#respond\"]}]},{\"@type\":\"WebPage\",\"@id\":\"https:\/\/www.italpassion.fr\/it\/alfa-romeo\/insolite-il-transforme-son-alfa-romeo-junior-en-milano\/\",\"url\":\"https:\/\/www.italpassion.fr\/it\/alfa-romeo\/insolite-il-transforme-son-alfa-romeo-junior-en-milano\/\",\"name\":\"Insolite : il transforme son Alfa Romeo Junior... en Milano ! - ItalPassion\",\"isPartOf\":{\"@id\":\"https:\/\/www.italpassion.fr\/it\/#website\"},\"primaryImageOfPage\":{\"@id\":\"https:\/\/www.italpassion.fr\/it\/alfa-romeo\/insolite-il-transforme-son-alfa-romeo-junior-en-milano\/#primaryimage\"},\"image\":{\"@id\":\"https:\/\/www.italpassion.fr\/it\/alfa-romeo\/insolite-il-transforme-son-alfa-romeo-junior-en-milano\/#primaryimage\"},\"thumbnailUrl\":\"https:\/\/www.italpassion.fr\/wp-content\/uploads\/2025\/07\/alfa-romeo-milano-blanc-2.jpg\",\"datePublished\":\"2025-07-29T06:46:14+00:00\",\"description\":\"Quand certains se contentent de poster fi\u00e8rement la photo de leur nouvelle Alfa Romeo Junior sur Facebook, d\u2019autres vont plus loin\u2026 Beaucoup plus loin.\",\"breadcrumb\":{\"@id\":\"https:\/\/www.italpassion.fr\/it\/alfa-romeo\/insolite-il-transforme-son-alfa-romeo-junior-en-milano\/#breadcrumb\"},\"inLanguage\":\"it-IT\",\"potentialAction\":[{\"@type\":\"ReadAction\",\"target\":[\"https:\/\/www.italpassion.fr\/it\/alfa-romeo\/insolite-il-transforme-son-alfa-romeo-junior-en-milano\/\"]}]},{\"@type\":\"ImageObject\",\"inLanguage\":\"it-IT\",\"@id\":\"https:\/\/www.italpassion.fr\/it\/alfa-romeo\/insolite-il-transforme-son-alfa-romeo-junior-en-milano\/#primaryimage\",\"url\":\"https:\/\/www.italpassion.fr\/wp-content\/uploads\/2025\/07\/alfa-romeo-milano-blanc-2.jpg\",\"contentUrl\":\"https:\/\/www.italpassion.fr\/wp-content\/uploads\/2025\/07\/alfa-romeo-milano-blanc-2.jpg\",\"width\":1200,\"height\":800},{\"@type\":\"BreadcrumbList\",\"@id\":\"https:\/\/www.italpassion.fr\/it\/alfa-romeo\/insolite-il-transforme-son-alfa-romeo-junior-en-milano\/#breadcrumb\",\"itemListElement\":[{\"@type\":\"ListItem\",\"position\":1,\"name\":\"Accueil\",\"item\":\"https:\/\/www.italpassion.fr\/it\/\"},{\"@type\":\"ListItem\",\"position\":2,\"name\":\"Insolite : il transforme son Alfa Romeo Junior&#8230; en Milano !\"}]},{\"@type\":\"WebSite\",\"@id\":\"https:\/\/www.italpassion.fr\/it\/#website\",\"url\":\"https:\/\/www.italpassion.fr\/it\/\",\"name\":\"ItalPassion\",\"description\":\"Les Passionn\u00e9s d&#039;Automobiles Italiennes\",\"publisher\":{\"@id\":\"https:\/\/www.italpassion.fr\/it\/#organization\"},\"potentialAction\":[{\"@type\":\"SearchAction\",\"target\":{\"@type\":\"EntryPoint\",\"urlTemplate\":\"https:\/\/www.italpassion.fr\/it\/?s={search_term_string}\"},\"query-input\":{\"@type\":\"PropertyValueSpecification\",\"valueRequired\":true,\"valueName\":\"search_term_string\"}}],\"inLanguage\":\"it-IT\"},{\"@type\":\"Organization\",\"@id\":\"https:\/\/www.italpassion.fr\/it\/#organization\",\"name\":\"Italpassion\",\"url\":\"https:\/\/www.italpassion.fr\/it\/\",\"logo\":{\"@type\":\"ImageObject\",\"inLanguage\":\"it-IT\",\"@id\":\"https:\/\/www.italpassion.fr\/it\/#\/schema\/logo\/image\/\",\"url\":\"https:\/\/www.italpassion.fr\/wp-content\/uploads\/2023\/07\/italpassion-yoast.jpg\",\"contentUrl\":\"https:\/\/www.italpassion.fr\/wp-content\/uploads\/2023\/07\/italpassion-yoast.jpg\",\"width\":696,\"height\":696,\"caption\":\"Italpassion\"},\"image\":{\"@id\":\"https:\/\/www.italpassion.fr\/it\/#\/schema\/logo\/image\/\"},\"sameAs\":[\"https:\/\/www.facebook.com\/italpassion\",\"https:\/\/x.com\/italpassion\",\"https:\/\/www.instagram.com\/italpassionfr\/\",\"https:\/\/www.youtube.com\/channel\/UCleq-ByQaA42OjhopwevRjQ\",\"https:\/\/www.facebook.com\/italpassion.en\/\",\"https:\/\/www.facebook.com\/italpassion.it\/\",\"https:\/\/www.facebook.com\/italpassion.de\/\",\"https:\/\/www.facebook.com\/italpassion.ja\/\"]},{\"@type\":\"Person\",\"@id\":\"https:\/\/www.italpassion.fr\/it\/#\/schema\/person\/36f747b2a759ca202d847e85a9434ca0\",\"name\":\"Alexandre Filluzeau\",\"image\":{\"@type\":\"ImageObject\",\"inLanguage\":\"it-IT\",\"@id\":\"https:\/\/www.italpassion.fr\/it\/#\/schema\/person\/image\/\",\"url\":\"https:\/\/www.italpassion.fr\/wp-content\/uploads\/2025\/04\/avatar-alexandre-160x160.jpg\",\"contentUrl\":\"https:\/\/www.italpassion.fr\/wp-content\/uploads\/2025\/04\/avatar-alexandre-160x160.jpg\",\"caption\":\"Alexandre Filluzeau\"},\"description\":\"Fondateur du site ItalPassion, passionn\u00e9 de voitures italiennes et de l'Italie en g\u00e9n\u00e9ral. J'apporte un regard critique et technique aux actualit\u00e9s des marques italiennes quand cela est possible. Propri\u00e9taire d'une Maserati GranTurismo, Alfa Romeo MiTo, Lancia Fulvia et Ducati 695. Ex-propri\u00e9taire d'une Alfa Romeo Giulia.\",\"sameAs\":[\"https:\/\/www.italpassion.fr\/\"],\"url\":\"https:\/\/www.italpassion.fr\/it\/author\/alexandre\/\"}]}<\/script>\n<!-- \/ Yoast SEO plugin. -->","yoast_head_json":{"title":"Insolito: trasforma la sua Alfa Romeo Junior... in una Milano! - ItalPassion","description":"Mentre alcuni si accontentano di postare con orgoglio le foto della loro nuova Alfa Romeo Junior su Facebook, altri si spingono oltre... molto oltre.","robots":{"index":"index","follow":"follow","max-snippet":"max-snippet:-1","max-image-preview":"max-image-preview:large","max-video-preview":"max-video-preview:-1"},"canonical":"https:\/\/www.italpassion.fr\/it\/alfa-romeo\/insolito-trasforma-la-sua-alfa-romeo-junior-in-una-milano\/","og_locale":"it_IT","og_type":"article","og_title":"Insolite : il transforme son Alfa Romeo Junior... en Milano ! - ItalPassion","og_description":"Quand certains se contentent de poster fi\u00e8rement la photo de leur nouvelle Alfa Romeo Junior sur Facebook, d\u2019autres vont plus loin\u2026 Beaucoup plus loin.","og_url":"https:\/\/www.italpassion.fr\/it\/alfa-romeo\/insolito-trasforma-la-sua-alfa-romeo-junior-in-una-milano\/","og_site_name":"ItalPassion","article_publisher":"https:\/\/www.facebook.com\/italpassion","article_published_time":"2025-07-29T06:46:14+00:00","og_image":[{"width":1200,"height":800,"url":"https:\/\/www.italpassion.fr\/wp-content\/uploads\/2025\/07\/alfa-romeo-milano-blanc-2.jpg","type":"image\/jpeg"}],"author":"Alexandre Filluzeau","twitter_card":"summary_large_image","twitter_creator":"@italpassion","twitter_site":"@italpassion","schema":{"@context":"https:\/\/schema.org","@graph":[{"@type":"NewsArticle","@id":"https:\/\/www.italpassion.fr\/it\/alfa-romeo\/insolite-il-transforme-son-alfa-romeo-junior-en-milano\/#article","isPartOf":{"@id":"https:\/\/www.italpassion.fr\/it\/alfa-romeo\/insolite-il-transforme-son-alfa-romeo-junior-en-milano\/"},"author":{"name":"Alexandre Filluzeau","@id":"https:\/\/www.italpassion.fr\/it\/#\/schema\/person\/36f747b2a759ca202d847e85a9434ca0"},"headline":"Insolite : il transforme son Alfa Romeo Junior&#8230; en Milano !","datePublished":"2025-07-29T06:46:14+00:00","mainEntityOfPage":{"@id":"https:\/\/www.italpassion.fr\/it\/alfa-romeo\/insolite-il-transforme-son-alfa-romeo-junior-en-milano\/"},"wordCount":455,"commentCount":8,"publisher":{"@id":"https:\/\/www.italpassion.fr\/it\/#organization"},"image":{"@id":"https:\/\/www.italpassion.fr\/it\/alfa-romeo\/insolite-il-transforme-son-alfa-romeo-junior-en-milano\/#primaryimage"},"thumbnailUrl":"https:\/\/www.italpassion.fr\/wp-content\/uploads\/2025\/07\/alfa-romeo-milano-blanc-2.jpg","keywords":["Alfa Romeo Junior"],"articleSection":["Alfa Romeo"],"inLanguage":"it-IT","potentialAction":[{"@type":"CommentAction","name":"Comment","target":["https:\/\/www.italpassion.fr\/it\/alfa-romeo\/insolite-il-transforme-son-alfa-romeo-junior-en-milano\/#respond"]}]},{"@type":"WebPage","@id":"https:\/\/www.italpassion.fr\/it\/alfa-romeo\/insolite-il-transforme-son-alfa-romeo-junior-en-milano\/","url":"https:\/\/www.italpassion.fr\/it\/alfa-romeo\/insolite-il-transforme-son-alfa-romeo-junior-en-milano\/","name":"Insolito: trasforma la sua Alfa Romeo Junior... in una Milano! - ItalPassion","isPartOf":{"@id":"https:\/\/www.italpassion.fr\/it\/#website"},"primaryImageOfPage":{"@id":"https:\/\/www.italpassion.fr\/it\/alfa-romeo\/insolite-il-transforme-son-alfa-romeo-junior-en-milano\/#primaryimage"},"image":{"@id":"https:\/\/www.italpassion.fr\/it\/alfa-romeo\/insolite-il-transforme-son-alfa-romeo-junior-en-milano\/#primaryimage"},"thumbnailUrl":"https:\/\/www.italpassion.fr\/wp-content\/uploads\/2025\/07\/alfa-romeo-milano-blanc-2.jpg","datePublished":"2025-07-29T06:46:14+00:00","description":"Mentre alcuni si accontentano di postare con orgoglio le foto della loro nuova Alfa Romeo Junior su Facebook, altri si spingono oltre... molto oltre.","breadcrumb":{"@id":"https:\/\/www.italpassion.fr\/it\/alfa-romeo\/insolite-il-transforme-son-alfa-romeo-junior-en-milano\/#breadcrumb"},"inLanguage":"it-IT","potentialAction":[{"@type":"ReadAction","target":["https:\/\/www.italpassion.fr\/it\/alfa-romeo\/insolite-il-transforme-son-alfa-romeo-junior-en-milano\/"]}]},{"@type":"ImageObject","inLanguage":"it-IT","@id":"https:\/\/www.italpassion.fr\/it\/alfa-romeo\/insolite-il-transforme-son-alfa-romeo-junior-en-milano\/#primaryimage","url":"https:\/\/www.italpassion.fr\/wp-content\/uploads\/2025\/07\/alfa-romeo-milano-blanc-2.jpg","contentUrl":"https:\/\/www.italpassion.fr\/wp-content\/uploads\/2025\/07\/alfa-romeo-milano-blanc-2.jpg","width":1200,"height":800},{"@type":"BreadcrumbList","@id":"https:\/\/www.italpassion.fr\/it\/alfa-romeo\/insolite-il-transforme-son-alfa-romeo-junior-en-milano\/#breadcrumb","itemListElement":[{"@type":"ListItem","position":1,"name":"Accueil","item":"https:\/\/www.italpassion.fr\/it\/"},{"@type":"ListItem","position":2,"name":"Insolite : il transforme son Alfa Romeo Junior&#8230; en Milano !"}]},{"@type":"WebSite","@id":"https:\/\/www.italpassion.fr\/it\/#website","url":"https:\/\/www.italpassion.fr\/it\/","name":"ItalPassion","description":"Appassionati di auto italiane","publisher":{"@id":"https:\/\/www.italpassion.fr\/it\/#organization"},"potentialAction":[{"@type":"SearchAction","target":{"@type":"EntryPoint","urlTemplate":"https:\/\/www.italpassion.fr\/it\/?s={search_term_string}"},"query-input":{"@type":"PropertyValueSpecification","valueRequired":true,"valueName":"search_term_string"}}],"inLanguage":"it-IT"},{"@type":"Organization","@id":"https:\/\/www.italpassion.fr\/it\/#organization","name":"Italpassion","url":"https:\/\/www.italpassion.fr\/it\/","logo":{"@type":"ImageObject","inLanguage":"it-IT","@id":"https:\/\/www.italpassion.fr\/it\/#\/schema\/logo\/image\/","url":"https:\/\/www.italpassion.fr\/wp-content\/uploads\/2023\/07\/italpassion-yoast.jpg","contentUrl":"https:\/\/www.italpassion.fr\/wp-content\/uploads\/2023\/07\/italpassion-yoast.jpg","width":696,"height":696,"caption":"Italpassion"},"image":{"@id":"https:\/\/www.italpassion.fr\/it\/#\/schema\/logo\/image\/"},"sameAs":["https:\/\/www.facebook.com\/italpassion","https:\/\/x.com\/italpassion","https:\/\/www.instagram.com\/italpassionfr\/","https:\/\/www.youtube.com\/channel\/UCleq-ByQaA42OjhopwevRjQ","https:\/\/www.facebook.com\/italpassion.en\/","https:\/\/www.facebook.com\/italpassion.it\/","https:\/\/www.facebook.com\/italpassion.de\/","https:\/\/www.facebook.com\/italpassion.ja\/"]},{"@type":"Person","@id":"https:\/\/www.italpassion.fr\/it\/#\/schema\/person\/36f747b2a759ca202d847e85a9434ca0","name":"Alexandre Filluzeau","image":{"@type":"ImageObject","inLanguage":"it-IT","@id":"https:\/\/www.italpassion.fr\/it\/#\/schema\/person\/image\/","url":"https:\/\/www.italpassion.fr\/wp-content\/uploads\/2025\/04\/avatar-alexandre-160x160.jpg","contentUrl":"https:\/\/www.italpassion.fr\/wp-content\/uploads\/2025\/04\/avatar-alexandre-160x160.jpg","caption":"Alexandre Filluzeau"},"description":"Fondatore del sito ItalPassion, appassionato di auto italiane e dell'Italia in generale. Porto un occhio critico e tecnico alle notizie dei marchi italiani, quando possibile. Proprietario di una Maserati GranTurismo, di un'Alfa Romeo MiTo, di una Lancia Fulvia e di una Ducati 695. Ex proprietario di un'Alfa Romeo Giulia.","sameAs":["https:\/\/www.italpassion.fr\/"],"url":"https:\/\/www.italpassion.fr\/it\/author\/alexandre\/"}]}},"_links":{"self":[{"href":"https:\/\/www.italpassion.fr\/it\/wp-json\/wp\/v2\/posts\/40067","targetHints":{"allow":["GET"]}}],"collection":[{"href":"https:\/\/www.italpassion.fr\/it\/wp-json\/wp\/v2\/posts"}],"about":[{"href":"https:\/\/www.italpassion.fr\/it\/wp-json\/wp\/v2\/types\/post"}],"author":[{"embeddable":true,"href":"https:\/\/www.italpassion.fr\/it\/wp-json\/wp\/v2\/users\/1"}],"replies":[{"embeddable":true,"href":"https:\/\/www.italpassion.fr\/it\/wp-json\/wp\/v2\/comments?post=40067"}],"version-history":[{"count":3,"href":"https:\/\/www.italpassion.fr\/it\/wp-json\/wp\/v2\/posts\/40067\/revisions"}],"predecessor-version":[{"id":40153,"href":"https:\/\/www.italpassion.fr\/it\/wp-json\/wp\/v2\/posts\/40067\/revisions\/40153"}],"wp:featuredmedia":[{"embeddable":true,"href":"https:\/\/www.italpassion.fr\/it\/wp-json\/wp\/v2\/media\/40149"}],"wp:attachment":[{"href":"https:\/\/www.italpassion.fr\/it\/wp-json\/wp\/v2\/media?parent=40067"}],"wp:term":[{"taxonomy":"category","embeddable":true,"href":"https:\/\/www.italpassion.fr\/it\/wp-json\/wp\/v2\/categories?post=40067"},{"taxonomy":"post_tag","embeddable":true,"href":"https:\/\/www.italpassion.fr\/it\/wp-json\/wp\/v2\/tags?post=40067"}],"curies":[{"name":"wp","href":"https:\/\/api.w.org\/{rel}","templated":true}]}}