{"id":40044,"date":"2025-07-24T10:35:19","date_gmt":"2025-07-24T08:35:19","guid":{"rendered":"https:\/\/www.italpassion.fr\/?p=40044"},"modified":"2025-07-24T10:35:19","modified_gmt":"2025-07-24T08:35:19","slug":"i-dati-di-maserati-per-il-primo-semestre-del-2025-quando-il-marchio-avra-toccato-il-fondo","status":"publish","type":"post","link":"https:\/\/www.italpassion.fr\/it\/maserati\/chiffres-maserati-du-premier-semestre-2025-quand-est-ce-que-la-marque-aura-touche-le-fond\/","title":{"rendered":"I dati Maserati del primo semestre 2025: quando il marchio avr\u00e0 toccato il fondo?"},"content":{"rendered":"<figure class=\"wp-block-image size-large\"><img loading=\"lazy\" decoding=\"async\" width=\"1024\" height=\"683\" src=\"https:\/\/www.italpassion.fr\/wp-content\/uploads\/2025\/03\/maserati-mc20-modene-1024x683.jpg\" alt=\"\" class=\"wp-image-37189\" srcset=\"https:\/\/www.italpassion.fr\/wp-content\/uploads\/2025\/03\/maserati-mc20-modene-1024x683.jpg 1024w, https:\/\/www.italpassion.fr\/wp-content\/uploads\/2025\/03\/maserati-mc20-modene-300x200.jpg 300w, https:\/\/www.italpassion.fr\/wp-content\/uploads\/2025\/03\/maserati-mc20-modene-768x512.jpg 768w, https:\/\/www.italpassion.fr\/wp-content\/uploads\/2025\/03\/maserati-mc20-modene-18x12.jpg 18w, https:\/\/www.italpassion.fr\/wp-content\/uploads\/2025\/03\/maserati-mc20-modene-561x374.jpg 561w, https:\/\/www.italpassion.fr\/wp-content\/uploads\/2025\/03\/maserati-mc20-modene-1122x748.jpg 1122w, https:\/\/www.italpassion.fr\/wp-content\/uploads\/2025\/03\/maserati-mc20-modene-265x177.jpg 265w, https:\/\/www.italpassion.fr\/wp-content\/uploads\/2025\/03\/maserati-mc20-modene-531x354.jpg 531w, https:\/\/www.italpassion.fr\/wp-content\/uploads\/2025\/03\/maserati-mc20-modene-364x243.jpg 364w, https:\/\/www.italpassion.fr\/wp-content\/uploads\/2025\/03\/maserati-mc20-modene-728x485.jpg 728w, https:\/\/www.italpassion.fr\/wp-content\/uploads\/2025\/03\/maserati-mc20-modene-608x405.jpg 608w, https:\/\/www.italpassion.fr\/wp-content\/uploads\/2025\/03\/maserati-mc20-modene-758x505.jpg 758w, https:\/\/www.italpassion.fr\/wp-content\/uploads\/2025\/03\/maserati-mc20-modene-1152x768.jpg 1152w, https:\/\/www.italpassion.fr\/wp-content\/uploads\/2025\/03\/maserati-mc20-modene.jpg 1200w\" sizes=\"auto, (max-width: 1024px) 100vw, 1024px\" \/><\/figure>\n\n\n\n<p>Dalla seconda met\u00e0 del 2023, <a href=\"https:\/\/www.italpassion.fr\/it\/maserati\/\">Maserati<\/a> sta lentamente ma inesorabilmente scivolando verso il fondo della classifica mondiale delle immatricolazioni di marchi di lusso. Dopo <a href=\"https:\/\/www.italpassion.fr\/it\/maserati\/maserati-dati-per-il-2024-il-marchio-senfonce-in-rosso-quando-avverra-lelettroshock\/\">2024 gi\u00e0 in rosso<\/a>Purtroppo, il marchio italiano conferma la tendenza del 2025, con un primo semestre catastrofico: -32 % di immatricolazioni nei 10 Paesi pi\u00f9 importanti, dopo un calo di -31 % nel 2024. <strong>In due anni i volumi si sono dimezzati.<\/strong><\/p>\n\n\n\n<h2 class=\"wp-block-heading\">Un forte calo in quasi tutti i paesi<\/h2>\n\n\n\n<p><strong>Tutte le cifre riportate di seguito sono recuperate da Italpassion e richiedono ore di lavoro. Grazie per averci citato.<\/strong><\/p>\n\n\n\n<p>Il mercato statunitense, storicamente il pi\u00f9 grande del marchio, \u00e8 sceso bruscamente a 1.830 unit\u00e0, rispetto alle 2.921 dello stesso periodo dell'anno precedente, con un calo di 37 %. L'Italia, patria della Maserati, non ha fatto eccezione, con un calo delle vendite di 30 %, mentre il Regno Unito \u00e8 crollato a 38 %. Le uniche eccezioni degne di nota sono state la Germania, che ha registrato un leggero aumento con un +12 %, e la Francia, che ha fatto un timido progresso (+7 %, ma con solo... 48 immatricolazioni in sei mesi).<\/p>\n\n\n\n<p>La Svizzera \u00e8 un chiaro esempio: -50 %, cos\u00ec come il Giappone (-36 %), la Spagna (-15 %) e l'Australia (-25 %). Anche la Turchia, che nel 2024 era ancora un piccolo mercato in crescita, \u00e8 in calo di -8 %. Nel primo semestre, Maserati ha registrato 4.328 immatricolazioni, contro le 6.324 del 2024 e le 9.194 del 2023.<\/p>\n\n\n\n<figure class=\"wp-block-table\"><table class=\"has-fixed-layout\"><thead><tr><th>Paese<\/th><th>H1 2023<\/th><th>H1 2024<\/th><th>H1 2025<\/th><th>Modifica n-1<\/th><\/tr><\/thead><tbody><tr><td>Stati Uniti<\/td><td>3811<\/td><td>2921<\/td><td>1830<\/td><td>-37%<\/td><\/tr><tr><td>Italia<\/td><td>2223<\/td><td>1445<\/td><td>1017<\/td><td>-30%<\/td><\/tr><tr><td>Giappone<\/td><td>667<\/td><td>659<\/td><td>424<\/td><td>-36%<\/td><\/tr><tr><td>Germania<\/td><td>696<\/td><td>300<\/td><td>336<\/td><td>12%<\/td><\/tr><tr><td>Regno Unito<\/td><td>544<\/td><td>277<\/td><td>171<\/td><td>-38%<\/td><\/tr><tr><td>Svizzera<\/td><td>312<\/td><td>181<\/td><td>91<\/td><td>-50%<\/td><\/tr><tr><td>Australia<\/td><td>319<\/td><td>200<\/td><td>151<\/td><td>-25%<\/td><\/tr><tr><td>Turchia<\/td><td>307<\/td><td>131<\/td><td>120<\/td><td>-8%<\/td><\/tr><tr><td>Spagna<\/td><td>245<\/td><td>165<\/td><td>140<\/td><td>-15%<\/td><\/tr><tr><td>Francia<\/td><td>70<\/td><td>45<\/td><td>48<\/td><td>7%<\/td><\/tr><tr><td><\/td><td>9194<\/td><td>6324<\/td><td>4328<\/td><td>-32%<\/td><\/tr><\/tbody><\/table><\/figure>\n\n\n\n<h2 class=\"wp-block-heading\">Ma buoni prodotti...<\/h2>\n\n\n\n<p>Il paradosso \u00e8 che il marchio offre diversi modelli molto interessanti, soprattutto per gli appassionati di auto sportive:<\/p>\n\n\n\n<ul class=\"wp-block-list\">\n<li>La GT2 Stradale, la versione stradale della GT2 da corsa.<\/li>\n\n\n\n<li>La MCXtrema, una hypercar estrema non omologata per la strada, riservata a una manciata di collezionisti.<\/li>\n\n\n\n<li>La MCPURA, una supercar esclusiva prodotta a Modena, \u00e8 una delle ultime senza motore ibrido.<\/li>\n<\/ul>\n\n\n\n<p>Ma questi modelli sono rari, costosi e non cambiano la situazione commerciale complessiva della Maserati.<\/p>\n\n\n\n<h2 class=\"wp-block-heading\">Una gamma incoerente e mal posizionata<\/h2>\n\n\n\n<p>Le vere difficolt\u00e0 vengono dalla fascia dei consumatori:<\/p>\n\n\n\n<ul class=\"wp-block-list\">\n<li>La gamma elettrica Folgore 100 % \u00e8 un fallimento.<\/li>\n\n\n\n<li>Il SUV Grecale, che doveva essere un pilastro del volume, non viene ancora offerto con un motore ibrido V6.<\/li>\n\n\n\n<li>Le nuove Granturismo e Grancabrio, bench\u00e9 tecnicamente riuscite, sono state lanciate a prezzi decisamente troppo elevati. <a href=\"https:\/\/www.italpassion.fr\/it\/maserati\/maserati-inizia-a-ridurre-i-prezzi-di-alcuni-modelli-della-gamma-2025\/\">Seguono tagli ai prezzi<\/a>Ma il danno era gi\u00e0 stato fatto.<\/li>\n\n\n\n<li>La scomparsa della Ghibli, della Quattroporte e del Levante, che non sono state sostituite, ha lasciato un vuoto nella gamma Maserati.<\/li>\n<\/ul>\n\n\n\n<h2 class=\"wp-block-heading\">Un futuro vago... o un futuro finalmente in divenire?<\/h2>\n\n\n\n<p>Di fronte a questa situazione preoccupante, il silenzio di Maserati negli ultimi mesi solleva alcuni interrogativi. Ci \u00e8 stato promesso un piano di rilancio dalla fine del 2024. All'inizio doveva essere nel febbraio 2025. Poi \u00e8 stato rinviato alla fine di giugno. Ora siamo a fine luglio... e non c'\u00e8 ancora un annuncio ufficiale.<\/p>\n\n\n\n<p>Tuttavia, secondo le nostre informazioni, un piano di prodotto \u00e8 stato presentato internamente ad alcuni dipendenti del marchio. Dovrebbe riorganizzare la gamma attorno a modelli pi\u00f9 in linea con le aspettative del mercato e incorporare propulsori ibridi.<\/p>\n\n\n\n<p>La produzione della Granturismo e della Grancabrio si sposter\u00e0 a Modena entro la fine del 2025, dove condivider\u00e0 la linea con la MCPURA. Si tratta di un modo per razionalizzare i costi e dare un nuovo significato alla tradizionale produzione italiana.<\/p>\n\n\n\n<h2 class=\"wp-block-heading\">Maserati pu\u00f2 riprendersi?<\/h2>\n\n\n\n<p>Ci sono tutte le ragioni per credere che la Maserati non abbia ancora toccato il fondo... ma che ci si stia avvicinando pericolosamente. In due anni, il crollo delle vendite \u00e8 stato reale. Gli errori strategici commessi da Stellantis si stanno facendo sentire: una gamma elettrica senza mercato, un SUV di scarsa potenza, berline abbandonate, auto sportive troppo costose, ecc.<\/p>","protected":false},"excerpt":{"rendered":"","protected":false},"author":1,"featured_media":37189,"comment_status":"open","ping_status":"open","sticky":false,"template":"","format":"standard","meta":{"_acf_changed":false,"_sitemap_exclude":false,"_sitemap_priority":"","_sitemap_frequency":"","footnotes":""},"categories":[27],"tags":[],"class_list":["post-40044","post","type-post","status-publish","format-standard","has-post-thumbnail","hentry","category-maserati","generate-columns","tablet-grid-50","mobile-grid-100","grid-parent","grid-33"],"acf":[],"yoast_head":"<!-- This site is optimized with the Yoast SEO plugin v25.8 - https:\/\/yoast.com\/wordpress\/plugins\/seo\/ -->\n<title>Chiffres Maserati du premier semestre 2025 : quand est-ce que la marque aura touch\u00e9 le fond ? - ItalPassion<\/title>\n<meta name=\"description\" content=\"Depuis la deuxi\u00e8me moiti\u00e9 de l\u2019ann\u00e9e 2023, Maserati glisse lentement, mais s\u00fbrement vers le fond du classement mondial des immatriculations des marques de\" \/>\n<meta name=\"robots\" content=\"index, follow, max-snippet:-1, max-image-preview:large, max-video-preview:-1\" \/>\n<link rel=\"canonical\" href=\"https:\/\/www.italpassion.fr\/it\/maserati\/i-dati-di-maserati-per-il-primo-semestre-del-2025-quando-il-marchio-avra-toccato-il-fondo\/\" \/>\n<meta property=\"og:locale\" content=\"it_IT\" \/>\n<meta property=\"og:type\" content=\"article\" \/>\n<meta property=\"og:title\" content=\"Chiffres Maserati du premier semestre 2025 : quand est-ce que la marque aura touch\u00e9 le fond ? - ItalPassion\" \/>\n<meta property=\"og:description\" content=\"Depuis la deuxi\u00e8me moiti\u00e9 de l\u2019ann\u00e9e 2023, Maserati glisse lentement, mais s\u00fbrement vers le fond du classement mondial des immatriculations des marques de\" \/>\n<meta property=\"og:url\" content=\"https:\/\/www.italpassion.fr\/it\/maserati\/i-dati-di-maserati-per-il-primo-semestre-del-2025-quando-il-marchio-avra-toccato-il-fondo\/\" \/>\n<meta property=\"og:site_name\" content=\"ItalPassion\" \/>\n<meta property=\"article:publisher\" content=\"https:\/\/www.facebook.com\/italpassion\" \/>\n<meta property=\"article:published_time\" content=\"2025-07-24T08:35:19+00:00\" \/>\n<meta property=\"og:image\" content=\"https:\/\/www.italpassion.fr\/wp-content\/uploads\/2025\/03\/maserati-mc20-modene.jpg\" \/>\n\t<meta property=\"og:image:width\" content=\"1200\" \/>\n\t<meta property=\"og:image:height\" content=\"800\" \/>\n\t<meta property=\"og:image:type\" content=\"image\/jpeg\" \/>\n<meta name=\"author\" content=\"Alexandre Filluzeau\" \/>\n<meta name=\"twitter:card\" content=\"summary_large_image\" \/>\n<meta name=\"twitter:creator\" content=\"@italpassion\" \/>\n<meta name=\"twitter:site\" content=\"@italpassion\" \/>\n<script type=\"application\/ld+json\" class=\"yoast-schema-graph\">{\"@context\":\"https:\/\/schema.org\",\"@graph\":[{\"@type\":\"NewsArticle\",\"@id\":\"https:\/\/www.italpassion.fr\/it\/maserati\/chiffres-maserati-du-premier-semestre-2025-quand-est-ce-que-la-marque-aura-touche-le-fond\/#article\",\"isPartOf\":{\"@id\":\"https:\/\/www.italpassion.fr\/it\/maserati\/chiffres-maserati-du-premier-semestre-2025-quand-est-ce-que-la-marque-aura-touche-le-fond\/\"},\"author\":{\"name\":\"Alexandre Filluzeau\",\"@id\":\"https:\/\/www.italpassion.fr\/it\/#\/schema\/person\/36f747b2a759ca202d847e85a9434ca0\"},\"headline\":\"Chiffres Maserati du premier semestre 2025 : quand est-ce que la marque aura touch\u00e9 le fond ?\",\"datePublished\":\"2025-07-24T08:35:19+00:00\",\"mainEntityOfPage\":{\"@id\":\"https:\/\/www.italpassion.fr\/it\/maserati\/chiffres-maserati-du-premier-semestre-2025-quand-est-ce-que-la-marque-aura-touche-le-fond\/\"},\"wordCount\":672,\"commentCount\":18,\"publisher\":{\"@id\":\"https:\/\/www.italpassion.fr\/it\/#organization\"},\"image\":{\"@id\":\"https:\/\/www.italpassion.fr\/it\/maserati\/chiffres-maserati-du-premier-semestre-2025-quand-est-ce-que-la-marque-aura-touche-le-fond\/#primaryimage\"},\"thumbnailUrl\":\"https:\/\/www.italpassion.fr\/wp-content\/uploads\/2025\/03\/maserati-mc20-modene.jpg\",\"articleSection\":[\"Maserati\"],\"inLanguage\":\"it-IT\",\"potentialAction\":[{\"@type\":\"CommentAction\",\"name\":\"Comment\",\"target\":[\"https:\/\/www.italpassion.fr\/it\/maserati\/chiffres-maserati-du-premier-semestre-2025-quand-est-ce-que-la-marque-aura-touche-le-fond\/#respond\"]}]},{\"@type\":\"WebPage\",\"@id\":\"https:\/\/www.italpassion.fr\/it\/maserati\/chiffres-maserati-du-premier-semestre-2025-quand-est-ce-que-la-marque-aura-touche-le-fond\/\",\"url\":\"https:\/\/www.italpassion.fr\/it\/maserati\/chiffres-maserati-du-premier-semestre-2025-quand-est-ce-que-la-marque-aura-touche-le-fond\/\",\"name\":\"Chiffres Maserati du premier semestre 2025 : quand est-ce que la marque aura touch\u00e9 le fond ? - ItalPassion\",\"isPartOf\":{\"@id\":\"https:\/\/www.italpassion.fr\/it\/#website\"},\"primaryImageOfPage\":{\"@id\":\"https:\/\/www.italpassion.fr\/it\/maserati\/chiffres-maserati-du-premier-semestre-2025-quand-est-ce-que-la-marque-aura-touche-le-fond\/#primaryimage\"},\"image\":{\"@id\":\"https:\/\/www.italpassion.fr\/it\/maserati\/chiffres-maserati-du-premier-semestre-2025-quand-est-ce-que-la-marque-aura-touche-le-fond\/#primaryimage\"},\"thumbnailUrl\":\"https:\/\/www.italpassion.fr\/wp-content\/uploads\/2025\/03\/maserati-mc20-modene.jpg\",\"datePublished\":\"2025-07-24T08:35:19+00:00\",\"description\":\"Depuis la deuxi\u00e8me moiti\u00e9 de l\u2019ann\u00e9e 2023, Maserati glisse lentement, mais s\u00fbrement vers le fond du classement mondial des immatriculations des marques de\",\"breadcrumb\":{\"@id\":\"https:\/\/www.italpassion.fr\/it\/maserati\/chiffres-maserati-du-premier-semestre-2025-quand-est-ce-que-la-marque-aura-touche-le-fond\/#breadcrumb\"},\"inLanguage\":\"it-IT\",\"potentialAction\":[{\"@type\":\"ReadAction\",\"target\":[\"https:\/\/www.italpassion.fr\/it\/maserati\/chiffres-maserati-du-premier-semestre-2025-quand-est-ce-que-la-marque-aura-touche-le-fond\/\"]}]},{\"@type\":\"ImageObject\",\"inLanguage\":\"it-IT\",\"@id\":\"https:\/\/www.italpassion.fr\/it\/maserati\/chiffres-maserati-du-premier-semestre-2025-quand-est-ce-que-la-marque-aura-touche-le-fond\/#primaryimage\",\"url\":\"https:\/\/www.italpassion.fr\/wp-content\/uploads\/2025\/03\/maserati-mc20-modene.jpg\",\"contentUrl\":\"https:\/\/www.italpassion.fr\/wp-content\/uploads\/2025\/03\/maserati-mc20-modene.jpg\",\"width\":1200,\"height\":800},{\"@type\":\"BreadcrumbList\",\"@id\":\"https:\/\/www.italpassion.fr\/it\/maserati\/chiffres-maserati-du-premier-semestre-2025-quand-est-ce-que-la-marque-aura-touche-le-fond\/#breadcrumb\",\"itemListElement\":[{\"@type\":\"ListItem\",\"position\":1,\"name\":\"Accueil\",\"item\":\"https:\/\/www.italpassion.fr\/it\/\"},{\"@type\":\"ListItem\",\"position\":2,\"name\":\"Chiffres Maserati du premier semestre 2025 : quand est-ce que la marque aura touch\u00e9 le fond ?\"}]},{\"@type\":\"WebSite\",\"@id\":\"https:\/\/www.italpassion.fr\/it\/#website\",\"url\":\"https:\/\/www.italpassion.fr\/it\/\",\"name\":\"ItalPassion\",\"description\":\"Les Passionn\u00e9s d&#039;Automobiles Italiennes\",\"publisher\":{\"@id\":\"https:\/\/www.italpassion.fr\/it\/#organization\"},\"potentialAction\":[{\"@type\":\"SearchAction\",\"target\":{\"@type\":\"EntryPoint\",\"urlTemplate\":\"https:\/\/www.italpassion.fr\/it\/?s={search_term_string}\"},\"query-input\":{\"@type\":\"PropertyValueSpecification\",\"valueRequired\":true,\"valueName\":\"search_term_string\"}}],\"inLanguage\":\"it-IT\"},{\"@type\":\"Organization\",\"@id\":\"https:\/\/www.italpassion.fr\/it\/#organization\",\"name\":\"Italpassion\",\"url\":\"https:\/\/www.italpassion.fr\/it\/\",\"logo\":{\"@type\":\"ImageObject\",\"inLanguage\":\"it-IT\",\"@id\":\"https:\/\/www.italpassion.fr\/it\/#\/schema\/logo\/image\/\",\"url\":\"https:\/\/www.italpassion.fr\/wp-content\/uploads\/2023\/07\/italpassion-yoast.jpg\",\"contentUrl\":\"https:\/\/www.italpassion.fr\/wp-content\/uploads\/2023\/07\/italpassion-yoast.jpg\",\"width\":696,\"height\":696,\"caption\":\"Italpassion\"},\"image\":{\"@id\":\"https:\/\/www.italpassion.fr\/it\/#\/schema\/logo\/image\/\"},\"sameAs\":[\"https:\/\/www.facebook.com\/italpassion\",\"https:\/\/x.com\/italpassion\",\"https:\/\/www.instagram.com\/italpassionfr\/\",\"https:\/\/www.youtube.com\/channel\/UCleq-ByQaA42OjhopwevRjQ\",\"https:\/\/www.facebook.com\/italpassion.en\/\",\"https:\/\/www.facebook.com\/italpassion.it\/\",\"https:\/\/www.facebook.com\/italpassion.de\/\",\"https:\/\/www.facebook.com\/italpassion.ja\/\"]},{\"@type\":\"Person\",\"@id\":\"https:\/\/www.italpassion.fr\/it\/#\/schema\/person\/36f747b2a759ca202d847e85a9434ca0\",\"name\":\"Alexandre Filluzeau\",\"image\":{\"@type\":\"ImageObject\",\"inLanguage\":\"it-IT\",\"@id\":\"https:\/\/www.italpassion.fr\/it\/#\/schema\/person\/image\/\",\"url\":\"https:\/\/www.italpassion.fr\/wp-content\/uploads\/2025\/04\/avatar-alexandre-160x160.jpg\",\"contentUrl\":\"https:\/\/www.italpassion.fr\/wp-content\/uploads\/2025\/04\/avatar-alexandre-160x160.jpg\",\"caption\":\"Alexandre Filluzeau\"},\"description\":\"Fondateur du site ItalPassion, passionn\u00e9 de voitures italiennes et de l'Italie en g\u00e9n\u00e9ral. J'apporte un regard critique et technique aux actualit\u00e9s des marques italiennes quand cela est possible. Propri\u00e9taire d'une Maserati GranTurismo, Alfa Romeo MiTo, Lancia Fulvia et Ducati 695. Ex-propri\u00e9taire d'une Alfa Romeo Giulia.\",\"sameAs\":[\"https:\/\/www.italpassion.fr\/\"],\"url\":\"https:\/\/www.italpassion.fr\/it\/author\/alexandre\/\"}]}<\/script>\n<!-- \/ Yoast SEO plugin. -->","yoast_head_json":{"title":"I dati Maserati del primo semestre 2025: quando il marchio avr\u00e0 toccato il fondo? - ItalPassion","description":"Dalla seconda met\u00e0 del 2023, la Maserati \u00e8 scivolata lentamente ma inesorabilmente verso il fondo della classifica mondiale delle immatricolazioni dei marchi automobilistici.","robots":{"index":"index","follow":"follow","max-snippet":"max-snippet:-1","max-image-preview":"max-image-preview:large","max-video-preview":"max-video-preview:-1"},"canonical":"https:\/\/www.italpassion.fr\/it\/maserati\/i-dati-di-maserati-per-il-primo-semestre-del-2025-quando-il-marchio-avra-toccato-il-fondo\/","og_locale":"it_IT","og_type":"article","og_title":"Chiffres Maserati du premier semestre 2025 : quand est-ce que la marque aura touch\u00e9 le fond ? - ItalPassion","og_description":"Depuis la deuxi\u00e8me moiti\u00e9 de l\u2019ann\u00e9e 2023, Maserati glisse lentement, mais s\u00fbrement vers le fond du classement mondial des immatriculations des marques de","og_url":"https:\/\/www.italpassion.fr\/it\/maserati\/i-dati-di-maserati-per-il-primo-semestre-del-2025-quando-il-marchio-avra-toccato-il-fondo\/","og_site_name":"ItalPassion","article_publisher":"https:\/\/www.facebook.com\/italpassion","article_published_time":"2025-07-24T08:35:19+00:00","og_image":[{"width":1200,"height":800,"url":"https:\/\/www.italpassion.fr\/wp-content\/uploads\/2025\/03\/maserati-mc20-modene.jpg","type":"image\/jpeg"}],"author":"Alexandre Filluzeau","twitter_card":"summary_large_image","twitter_creator":"@italpassion","twitter_site":"@italpassion","schema":{"@context":"https:\/\/schema.org","@graph":[{"@type":"NewsArticle","@id":"https:\/\/www.italpassion.fr\/it\/maserati\/chiffres-maserati-du-premier-semestre-2025-quand-est-ce-que-la-marque-aura-touche-le-fond\/#article","isPartOf":{"@id":"https:\/\/www.italpassion.fr\/it\/maserati\/chiffres-maserati-du-premier-semestre-2025-quand-est-ce-que-la-marque-aura-touche-le-fond\/"},"author":{"name":"Alexandre Filluzeau","@id":"https:\/\/www.italpassion.fr\/it\/#\/schema\/person\/36f747b2a759ca202d847e85a9434ca0"},"headline":"Chiffres Maserati du premier semestre 2025 : quand est-ce que la marque aura touch\u00e9 le fond ?","datePublished":"2025-07-24T08:35:19+00:00","mainEntityOfPage":{"@id":"https:\/\/www.italpassion.fr\/it\/maserati\/chiffres-maserati-du-premier-semestre-2025-quand-est-ce-que-la-marque-aura-touche-le-fond\/"},"wordCount":672,"commentCount":18,"publisher":{"@id":"https:\/\/www.italpassion.fr\/it\/#organization"},"image":{"@id":"https:\/\/www.italpassion.fr\/it\/maserati\/chiffres-maserati-du-premier-semestre-2025-quand-est-ce-que-la-marque-aura-touche-le-fond\/#primaryimage"},"thumbnailUrl":"https:\/\/www.italpassion.fr\/wp-content\/uploads\/2025\/03\/maserati-mc20-modene.jpg","articleSection":["Maserati"],"inLanguage":"it-IT","potentialAction":[{"@type":"CommentAction","name":"Comment","target":["https:\/\/www.italpassion.fr\/it\/maserati\/chiffres-maserati-du-premier-semestre-2025-quand-est-ce-que-la-marque-aura-touche-le-fond\/#respond"]}]},{"@type":"WebPage","@id":"https:\/\/www.italpassion.fr\/it\/maserati\/chiffres-maserati-du-premier-semestre-2025-quand-est-ce-que-la-marque-aura-touche-le-fond\/","url":"https:\/\/www.italpassion.fr\/it\/maserati\/chiffres-maserati-du-premier-semestre-2025-quand-est-ce-que-la-marque-aura-touche-le-fond\/","name":"I dati Maserati del primo semestre 2025: quando il marchio avr\u00e0 toccato il fondo? - ItalPassion","isPartOf":{"@id":"https:\/\/www.italpassion.fr\/it\/#website"},"primaryImageOfPage":{"@id":"https:\/\/www.italpassion.fr\/it\/maserati\/chiffres-maserati-du-premier-semestre-2025-quand-est-ce-que-la-marque-aura-touche-le-fond\/#primaryimage"},"image":{"@id":"https:\/\/www.italpassion.fr\/it\/maserati\/chiffres-maserati-du-premier-semestre-2025-quand-est-ce-que-la-marque-aura-touche-le-fond\/#primaryimage"},"thumbnailUrl":"https:\/\/www.italpassion.fr\/wp-content\/uploads\/2025\/03\/maserati-mc20-modene.jpg","datePublished":"2025-07-24T08:35:19+00:00","description":"Dalla seconda met\u00e0 del 2023, la Maserati \u00e8 scivolata lentamente ma inesorabilmente verso il fondo della classifica mondiale delle immatricolazioni dei marchi automobilistici.","breadcrumb":{"@id":"https:\/\/www.italpassion.fr\/it\/maserati\/chiffres-maserati-du-premier-semestre-2025-quand-est-ce-que-la-marque-aura-touche-le-fond\/#breadcrumb"},"inLanguage":"it-IT","potentialAction":[{"@type":"ReadAction","target":["https:\/\/www.italpassion.fr\/it\/maserati\/chiffres-maserati-du-premier-semestre-2025-quand-est-ce-que-la-marque-aura-touche-le-fond\/"]}]},{"@type":"ImageObject","inLanguage":"it-IT","@id":"https:\/\/www.italpassion.fr\/it\/maserati\/chiffres-maserati-du-premier-semestre-2025-quand-est-ce-que-la-marque-aura-touche-le-fond\/#primaryimage","url":"https:\/\/www.italpassion.fr\/wp-content\/uploads\/2025\/03\/maserati-mc20-modene.jpg","contentUrl":"https:\/\/www.italpassion.fr\/wp-content\/uploads\/2025\/03\/maserati-mc20-modene.jpg","width":1200,"height":800},{"@type":"BreadcrumbList","@id":"https:\/\/www.italpassion.fr\/it\/maserati\/chiffres-maserati-du-premier-semestre-2025-quand-est-ce-que-la-marque-aura-touche-le-fond\/#breadcrumb","itemListElement":[{"@type":"ListItem","position":1,"name":"Accueil","item":"https:\/\/www.italpassion.fr\/it\/"},{"@type":"ListItem","position":2,"name":"Chiffres Maserati du premier semestre 2025 : quand est-ce que la marque aura touch\u00e9 le fond ?"}]},{"@type":"WebSite","@id":"https:\/\/www.italpassion.fr\/it\/#website","url":"https:\/\/www.italpassion.fr\/it\/","name":"ItalPassion","description":"Appassionati di auto italiane","publisher":{"@id":"https:\/\/www.italpassion.fr\/it\/#organization"},"potentialAction":[{"@type":"SearchAction","target":{"@type":"EntryPoint","urlTemplate":"https:\/\/www.italpassion.fr\/it\/?s={search_term_string}"},"query-input":{"@type":"PropertyValueSpecification","valueRequired":true,"valueName":"search_term_string"}}],"inLanguage":"it-IT"},{"@type":"Organization","@id":"https:\/\/www.italpassion.fr\/it\/#organization","name":"Italpassion","url":"https:\/\/www.italpassion.fr\/it\/","logo":{"@type":"ImageObject","inLanguage":"it-IT","@id":"https:\/\/www.italpassion.fr\/it\/#\/schema\/logo\/image\/","url":"https:\/\/www.italpassion.fr\/wp-content\/uploads\/2023\/07\/italpassion-yoast.jpg","contentUrl":"https:\/\/www.italpassion.fr\/wp-content\/uploads\/2023\/07\/italpassion-yoast.jpg","width":696,"height":696,"caption":"Italpassion"},"image":{"@id":"https:\/\/www.italpassion.fr\/it\/#\/schema\/logo\/image\/"},"sameAs":["https:\/\/www.facebook.com\/italpassion","https:\/\/x.com\/italpassion","https:\/\/www.instagram.com\/italpassionfr\/","https:\/\/www.youtube.com\/channel\/UCleq-ByQaA42OjhopwevRjQ","https:\/\/www.facebook.com\/italpassion.en\/","https:\/\/www.facebook.com\/italpassion.it\/","https:\/\/www.facebook.com\/italpassion.de\/","https:\/\/www.facebook.com\/italpassion.ja\/"]},{"@type":"Person","@id":"https:\/\/www.italpassion.fr\/it\/#\/schema\/person\/36f747b2a759ca202d847e85a9434ca0","name":"Alexandre Filluzeau","image":{"@type":"ImageObject","inLanguage":"it-IT","@id":"https:\/\/www.italpassion.fr\/it\/#\/schema\/person\/image\/","url":"https:\/\/www.italpassion.fr\/wp-content\/uploads\/2025\/04\/avatar-alexandre-160x160.jpg","contentUrl":"https:\/\/www.italpassion.fr\/wp-content\/uploads\/2025\/04\/avatar-alexandre-160x160.jpg","caption":"Alexandre Filluzeau"},"description":"Fondatore del sito ItalPassion, appassionato di auto italiane e dell'Italia in generale. Porto un occhio critico e tecnico alle notizie dei marchi italiani, quando possibile. Proprietario di una Maserati GranTurismo, di un'Alfa Romeo MiTo, di una Lancia Fulvia e di una Ducati 695. Ex proprietario di un'Alfa Romeo Giulia.","sameAs":["https:\/\/www.italpassion.fr\/"],"url":"https:\/\/www.italpassion.fr\/it\/author\/alexandre\/"}]}},"_links":{"self":[{"href":"https:\/\/www.italpassion.fr\/it\/wp-json\/wp\/v2\/posts\/40044","targetHints":{"allow":["GET"]}}],"collection":[{"href":"https:\/\/www.italpassion.fr\/it\/wp-json\/wp\/v2\/posts"}],"about":[{"href":"https:\/\/www.italpassion.fr\/it\/wp-json\/wp\/v2\/types\/post"}],"author":[{"embeddable":true,"href":"https:\/\/www.italpassion.fr\/it\/wp-json\/wp\/v2\/users\/1"}],"replies":[{"embeddable":true,"href":"https:\/\/www.italpassion.fr\/it\/wp-json\/wp\/v2\/comments?post=40044"}],"version-history":[{"count":1,"href":"https:\/\/www.italpassion.fr\/it\/wp-json\/wp\/v2\/posts\/40044\/revisions"}],"predecessor-version":[{"id":40045,"href":"https:\/\/www.italpassion.fr\/it\/wp-json\/wp\/v2\/posts\/40044\/revisions\/40045"}],"wp:featuredmedia":[{"embeddable":true,"href":"https:\/\/www.italpassion.fr\/it\/wp-json\/wp\/v2\/media\/37189"}],"wp:attachment":[{"href":"https:\/\/www.italpassion.fr\/it\/wp-json\/wp\/v2\/media?parent=40044"}],"wp:term":[{"taxonomy":"category","embeddable":true,"href":"https:\/\/www.italpassion.fr\/it\/wp-json\/wp\/v2\/categories?post=40044"},{"taxonomy":"post_tag","embeddable":true,"href":"https:\/\/www.italpassion.fr\/it\/wp-json\/wp\/v2\/tags?post=40044"}],"curies":[{"name":"wp","href":"https:\/\/api.w.org\/{rel}","templated":true}]}}