{"id":39941,"date":"2025-07-21T09:13:05","date_gmt":"2025-07-21T07:13:05","guid":{"rendered":"https:\/\/www.italpassion.fr\/?p=39941"},"modified":"2025-07-21T09:13:05","modified_gmt":"2025-07-21T07:13:05","slug":"lalfa-romeo-misteriosa-che-sara-presentata-nel-2026-e","status":"publish","type":"post","link":"https:\/\/www.italpassion.fr\/it\/alfa-romeo\/lalfa-romeo-mystere-qui-sera-presentee-en-2026-est\/","title":{"rendered":"L'Alfa Romeo misteriosa che sar\u00e0 presentata nel 2026 \u00e8..."},"content":{"rendered":"<figure class=\"wp-block-image size-large\"><img loading=\"lazy\" decoding=\"async\" width=\"1024\" height=\"683\" src=\"https:\/\/www.italpassion.fr\/wp-content\/uploads\/2025\/03\/alfa-romeo-scudetto-3-1024x683.jpg\" alt=\"\" class=\"wp-image-37203\" srcset=\"https:\/\/www.italpassion.fr\/wp-content\/uploads\/2025\/03\/alfa-romeo-scudetto-3-1024x683.jpg 1024w, https:\/\/www.italpassion.fr\/wp-content\/uploads\/2025\/03\/alfa-romeo-scudetto-3-300x200.jpg 300w, https:\/\/www.italpassion.fr\/wp-content\/uploads\/2025\/03\/alfa-romeo-scudetto-3-768x512.jpg 768w, https:\/\/www.italpassion.fr\/wp-content\/uploads\/2025\/03\/alfa-romeo-scudetto-3-18x12.jpg 18w, https:\/\/www.italpassion.fr\/wp-content\/uploads\/2025\/03\/alfa-romeo-scudetto-3-561x374.jpg 561w, https:\/\/www.italpassion.fr\/wp-content\/uploads\/2025\/03\/alfa-romeo-scudetto-3-1122x748.jpg 1122w, https:\/\/www.italpassion.fr\/wp-content\/uploads\/2025\/03\/alfa-romeo-scudetto-3-265x177.jpg 265w, https:\/\/www.italpassion.fr\/wp-content\/uploads\/2025\/03\/alfa-romeo-scudetto-3-531x354.jpg 531w, https:\/\/www.italpassion.fr\/wp-content\/uploads\/2025\/03\/alfa-romeo-scudetto-3-364x243.jpg 364w, https:\/\/www.italpassion.fr\/wp-content\/uploads\/2025\/03\/alfa-romeo-scudetto-3-728x485.jpg 728w, https:\/\/www.italpassion.fr\/wp-content\/uploads\/2025\/03\/alfa-romeo-scudetto-3-608x405.jpg 608w, https:\/\/www.italpassion.fr\/wp-content\/uploads\/2025\/03\/alfa-romeo-scudetto-3-758x505.jpg 758w, https:\/\/www.italpassion.fr\/wp-content\/uploads\/2025\/03\/alfa-romeo-scudetto-3-1152x768.jpg 1152w, https:\/\/www.italpassion.fr\/wp-content\/uploads\/2025\/03\/alfa-romeo-scudetto-3.jpg 1200w\" sizes=\"auto, (max-width: 1024px) 100vw, 1024px\" \/><\/figure>\n\n\n\n<p>Qualche giorno fa abbiamo rivelato che<a href=\"https:\/\/www.italpassion.fr\/it\/alfa-romeo\/una-nuova-alfa-romeo-per-il-2026-e-non-e-ne-la-giulia-ne-lo-stelvio\/\">una fonte aveva avvistato un'Alfa Romeo completamente nuova<\/a>che dovrebbe essere presentato nel 2026. Questa informazione \u00e8 stata una sorpresa, soprattutto se si considera l'attuale contesto del piano prodotti del marchio italiano. <a href=\"https:\/\/www.italpassion.fr\/it\/alfa-romeo\/\">Alfa Romeo<\/a>.<\/p>\n\n\n\n<p>La presentazione della nuova Stelvio \u00e8 stata posticipata dal 2025 al 2027 (alcune voci suggeriscono addirittura il 2028) e quella della nuova Giulia dal 2026 al 2027, lasciando un vuoto nel calendario dei prodotti. La Junior \u00e8 gi\u00e0 stata lanciata nel 2024. Quale potrebbe essere quindi questo modello inaspettato, avvistato insieme ai futuri veicoli del marchio?<\/p>\n\n\n\n<p>Secondo la nostra fonte, questo misterioso modello \u00e8 stato visto in compagnia del Tonale, sottoposto a un leggero restyling, delle nuove generazioni di Giulia e Stelvio, nonch\u00e9 di un nuovo modello, lo Stelvio. <strong>di un SUV a met\u00e0 tra il Tonale e lo Stelvio.<\/strong> Un modello che, finora, non era presente in nessuna roadmap conosciuta.<\/p>\n\n\n\n<p>Ma un'altra fonte, altrettanto attendibile e stupita, \u00e8 stata in grado di dirci di pi\u00f9: si tratterebbe semplicemente del nuovo Tonale. Si baserebbe sulla piattaforma STLA Medium e normalmente entrerebbe in produzione a partire da settembre 2027. Tuttavia, l'Alfa Romeo sembra intenzionata a presentare questo modello gi\u00e0 nel 2026, anticipando potenzialmente la produzione.<\/p>\n\n\n\n<p>Questo futuro Tonale offrir\u00e0 diverse motorizzazioni: ibrida semplice, ibrida plug-in e 100 % elettrica. Condivider\u00e0 la sua base tecnica con la nuova Peugeot 3008 e la Jeep Compass recentemente presentata.<\/p>\n\n\n\n<p>Rimane una domanda essenziale: <strong>Perch\u00e9 presentare un nuovo Tonale nel 2026, quando il modello attuale \u00e8 uscito nel 2022 e nei prossimi mesi \u00e8 previsto un restyling?<\/strong> I due Tonales coesisteranno? Il modello attuale sar\u00e0 eliminato rapidamente? O il nuovo modello cambier\u00e0 nome per evitare confusione?<\/p>\n\n\n\n<p>Il contesto potrebbe spiegare questa decisione. Il futuro Stelvio era previsto solo in versione elettrica 100 %, in un mercato dove la domanda \u00e8 ancora limitata. Se a questo si aggiungono i dazi doganali recentemente introdotti negli Stati Uniti sui veicoli elettrici importati, l'Alfa Romeo potrebbe aver riconsiderato i suoi piani.<\/p>\n\n\n\n<p>Una cosa \u00e8 certa: il mistero si sta dipanando, ma il nuovo Tonale solleva ancora molte domande.<\/p>","protected":false},"excerpt":{"rendered":"","protected":false},"author":1,"featured_media":37203,"comment_status":"open","ping_status":"open","sticky":false,"template":"","format":"standard","meta":{"_acf_changed":false,"_sitemap_exclude":false,"_sitemap_priority":"","_sitemap_frequency":"","footnotes":""},"categories":[22],"tags":[294],"class_list":["post-39941","post","type-post","status-publish","format-standard","has-post-thumbnail","hentry","category-alfa-romeo","tag-alfa-romeo-tonale","generate-columns","tablet-grid-50","mobile-grid-100","grid-parent","grid-33"],"acf":[],"yoast_head":"<!-- This site is optimized with the Yoast SEO plugin v25.8 - https:\/\/yoast.com\/wordpress\/plugins\/seo\/ -->\n<title>L&#039;Alfa Romeo myst\u00e8re qui sera pr\u00e9sent\u00e9e en 2026 est... - ItalPassion<\/title>\n<meta name=\"description\" content=\"Il y a quelques jours, nous r\u00e9v\u00e9lions qu&#039;une source avait aper\u00e7u une Alfa Romeo totalement in\u00e9dite, dont la pr\u00e9sentation est pr\u00e9vue pour 2026. Cette\" \/>\n<meta name=\"robots\" content=\"index, follow, max-snippet:-1, max-image-preview:large, max-video-preview:-1\" \/>\n<link rel=\"canonical\" href=\"https:\/\/www.italpassion.fr\/it\/alfa-romeo\/lalfa-romeo-misteriosa-che-sara-presentata-nel-2026-e\/\" \/>\n<meta property=\"og:locale\" content=\"it_IT\" \/>\n<meta property=\"og:type\" content=\"article\" \/>\n<meta property=\"og:title\" content=\"L&#039;Alfa Romeo myst\u00e8re qui sera pr\u00e9sent\u00e9e en 2026 est... - ItalPassion\" \/>\n<meta property=\"og:description\" content=\"Il y a quelques jours, nous r\u00e9v\u00e9lions qu&#039;une source avait aper\u00e7u une Alfa Romeo totalement in\u00e9dite, dont la pr\u00e9sentation est pr\u00e9vue pour 2026. Cette\" \/>\n<meta property=\"og:url\" content=\"https:\/\/www.italpassion.fr\/it\/alfa-romeo\/lalfa-romeo-misteriosa-che-sara-presentata-nel-2026-e\/\" \/>\n<meta property=\"og:site_name\" content=\"ItalPassion\" \/>\n<meta property=\"article:publisher\" content=\"https:\/\/www.facebook.com\/italpassion\" \/>\n<meta property=\"article:published_time\" content=\"2025-07-21T07:13:05+00:00\" \/>\n<meta property=\"og:image\" content=\"https:\/\/www.italpassion.fr\/wp-content\/uploads\/2025\/03\/alfa-romeo-scudetto-3.jpg\" \/>\n\t<meta property=\"og:image:width\" content=\"1200\" \/>\n\t<meta property=\"og:image:height\" content=\"800\" \/>\n\t<meta property=\"og:image:type\" content=\"image\/jpeg\" \/>\n<meta name=\"author\" content=\"Alexandre Filluzeau\" \/>\n<meta name=\"twitter:card\" content=\"summary_large_image\" \/>\n<meta name=\"twitter:creator\" content=\"@italpassion\" \/>\n<meta name=\"twitter:site\" content=\"@italpassion\" \/>\n<script type=\"application\/ld+json\" class=\"yoast-schema-graph\">{\"@context\":\"https:\/\/schema.org\",\"@graph\":[{\"@type\":\"NewsArticle\",\"@id\":\"https:\/\/www.italpassion.fr\/it\/alfa-romeo\/lalfa-romeo-mystere-qui-sera-presentee-en-2026-est\/#article\",\"isPartOf\":{\"@id\":\"https:\/\/www.italpassion.fr\/it\/alfa-romeo\/lalfa-romeo-mystere-qui-sera-presentee-en-2026-est\/\"},\"author\":{\"name\":\"Alexandre Filluzeau\",\"@id\":\"https:\/\/www.italpassion.fr\/it\/#\/schema\/person\/36f747b2a759ca202d847e85a9434ca0\"},\"headline\":\"L&rsquo;Alfa Romeo myst\u00e8re qui sera pr\u00e9sent\u00e9e en 2026 est&#8230;\",\"datePublished\":\"2025-07-21T07:13:05+00:00\",\"mainEntityOfPage\":{\"@id\":\"https:\/\/www.italpassion.fr\/it\/alfa-romeo\/lalfa-romeo-mystere-qui-sera-presentee-en-2026-est\/\"},\"wordCount\":413,\"commentCount\":17,\"publisher\":{\"@id\":\"https:\/\/www.italpassion.fr\/it\/#organization\"},\"image\":{\"@id\":\"https:\/\/www.italpassion.fr\/it\/alfa-romeo\/lalfa-romeo-mystere-qui-sera-presentee-en-2026-est\/#primaryimage\"},\"thumbnailUrl\":\"https:\/\/www.italpassion.fr\/wp-content\/uploads\/2025\/03\/alfa-romeo-scudetto-3.jpg\",\"keywords\":[\"Alfa Romeo Tonale\"],\"articleSection\":[\"Alfa Romeo\"],\"inLanguage\":\"it-IT\",\"potentialAction\":[{\"@type\":\"CommentAction\",\"name\":\"Comment\",\"target\":[\"https:\/\/www.italpassion.fr\/it\/alfa-romeo\/lalfa-romeo-mystere-qui-sera-presentee-en-2026-est\/#respond\"]}]},{\"@type\":\"WebPage\",\"@id\":\"https:\/\/www.italpassion.fr\/it\/alfa-romeo\/lalfa-romeo-mystere-qui-sera-presentee-en-2026-est\/\",\"url\":\"https:\/\/www.italpassion.fr\/it\/alfa-romeo\/lalfa-romeo-mystere-qui-sera-presentee-en-2026-est\/\",\"name\":\"L'Alfa Romeo myst\u00e8re qui sera pr\u00e9sent\u00e9e en 2026 est... - ItalPassion\",\"isPartOf\":{\"@id\":\"https:\/\/www.italpassion.fr\/it\/#website\"},\"primaryImageOfPage\":{\"@id\":\"https:\/\/www.italpassion.fr\/it\/alfa-romeo\/lalfa-romeo-mystere-qui-sera-presentee-en-2026-est\/#primaryimage\"},\"image\":{\"@id\":\"https:\/\/www.italpassion.fr\/it\/alfa-romeo\/lalfa-romeo-mystere-qui-sera-presentee-en-2026-est\/#primaryimage\"},\"thumbnailUrl\":\"https:\/\/www.italpassion.fr\/wp-content\/uploads\/2025\/03\/alfa-romeo-scudetto-3.jpg\",\"datePublished\":\"2025-07-21T07:13:05+00:00\",\"description\":\"Il y a quelques jours, nous r\u00e9v\u00e9lions qu'une source avait aper\u00e7u une Alfa Romeo totalement in\u00e9dite, dont la pr\u00e9sentation est pr\u00e9vue pour 2026. Cette\",\"breadcrumb\":{\"@id\":\"https:\/\/www.italpassion.fr\/it\/alfa-romeo\/lalfa-romeo-mystere-qui-sera-presentee-en-2026-est\/#breadcrumb\"},\"inLanguage\":\"it-IT\",\"potentialAction\":[{\"@type\":\"ReadAction\",\"target\":[\"https:\/\/www.italpassion.fr\/it\/alfa-romeo\/lalfa-romeo-mystere-qui-sera-presentee-en-2026-est\/\"]}]},{\"@type\":\"ImageObject\",\"inLanguage\":\"it-IT\",\"@id\":\"https:\/\/www.italpassion.fr\/it\/alfa-romeo\/lalfa-romeo-mystere-qui-sera-presentee-en-2026-est\/#primaryimage\",\"url\":\"https:\/\/www.italpassion.fr\/wp-content\/uploads\/2025\/03\/alfa-romeo-scudetto-3.jpg\",\"contentUrl\":\"https:\/\/www.italpassion.fr\/wp-content\/uploads\/2025\/03\/alfa-romeo-scudetto-3.jpg\",\"width\":1200,\"height\":800},{\"@type\":\"BreadcrumbList\",\"@id\":\"https:\/\/www.italpassion.fr\/it\/alfa-romeo\/lalfa-romeo-mystere-qui-sera-presentee-en-2026-est\/#breadcrumb\",\"itemListElement\":[{\"@type\":\"ListItem\",\"position\":1,\"name\":\"Accueil\",\"item\":\"https:\/\/www.italpassion.fr\/it\/\"},{\"@type\":\"ListItem\",\"position\":2,\"name\":\"L&rsquo;Alfa Romeo myst\u00e8re qui sera pr\u00e9sent\u00e9e en 2026 est&#8230;\"}]},{\"@type\":\"WebSite\",\"@id\":\"https:\/\/www.italpassion.fr\/it\/#website\",\"url\":\"https:\/\/www.italpassion.fr\/it\/\",\"name\":\"ItalPassion\",\"description\":\"Les Passionn\u00e9s d&#039;Automobiles Italiennes\",\"publisher\":{\"@id\":\"https:\/\/www.italpassion.fr\/it\/#organization\"},\"potentialAction\":[{\"@type\":\"SearchAction\",\"target\":{\"@type\":\"EntryPoint\",\"urlTemplate\":\"https:\/\/www.italpassion.fr\/it\/?s={search_term_string}\"},\"query-input\":{\"@type\":\"PropertyValueSpecification\",\"valueRequired\":true,\"valueName\":\"search_term_string\"}}],\"inLanguage\":\"it-IT\"},{\"@type\":\"Organization\",\"@id\":\"https:\/\/www.italpassion.fr\/it\/#organization\",\"name\":\"Italpassion\",\"url\":\"https:\/\/www.italpassion.fr\/it\/\",\"logo\":{\"@type\":\"ImageObject\",\"inLanguage\":\"it-IT\",\"@id\":\"https:\/\/www.italpassion.fr\/it\/#\/schema\/logo\/image\/\",\"url\":\"https:\/\/www.italpassion.fr\/wp-content\/uploads\/2023\/07\/italpassion-yoast.jpg\",\"contentUrl\":\"https:\/\/www.italpassion.fr\/wp-content\/uploads\/2023\/07\/italpassion-yoast.jpg\",\"width\":696,\"height\":696,\"caption\":\"Italpassion\"},\"image\":{\"@id\":\"https:\/\/www.italpassion.fr\/it\/#\/schema\/logo\/image\/\"},\"sameAs\":[\"https:\/\/www.facebook.com\/italpassion\",\"https:\/\/x.com\/italpassion\",\"https:\/\/www.instagram.com\/italpassionfr\/\",\"https:\/\/www.youtube.com\/channel\/UCleq-ByQaA42OjhopwevRjQ\",\"https:\/\/www.facebook.com\/italpassion.en\/\",\"https:\/\/www.facebook.com\/italpassion.it\/\",\"https:\/\/www.facebook.com\/italpassion.de\/\",\"https:\/\/www.facebook.com\/italpassion.ja\/\"]},{\"@type\":\"Person\",\"@id\":\"https:\/\/www.italpassion.fr\/it\/#\/schema\/person\/36f747b2a759ca202d847e85a9434ca0\",\"name\":\"Alexandre Filluzeau\",\"image\":{\"@type\":\"ImageObject\",\"inLanguage\":\"it-IT\",\"@id\":\"https:\/\/www.italpassion.fr\/it\/#\/schema\/person\/image\/\",\"url\":\"https:\/\/www.italpassion.fr\/wp-content\/uploads\/2025\/04\/avatar-alexandre-160x160.jpg\",\"contentUrl\":\"https:\/\/www.italpassion.fr\/wp-content\/uploads\/2025\/04\/avatar-alexandre-160x160.jpg\",\"caption\":\"Alexandre Filluzeau\"},\"description\":\"Fondateur du site ItalPassion, passionn\u00e9 de voitures italiennes et de l'Italie en g\u00e9n\u00e9ral. J'apporte un regard critique et technique aux actualit\u00e9s des marques italiennes quand cela est possible. Propri\u00e9taire d'une Maserati GranTurismo, Alfa Romeo MiTo, Lancia Fulvia et Ducati 695. Ex-propri\u00e9taire d'une Alfa Romeo Giulia.\",\"sameAs\":[\"https:\/\/www.italpassion.fr\/\"],\"url\":\"https:\/\/www.italpassion.fr\/it\/author\/alexandre\/\"}]}<\/script>\n<!-- \/ Yoast SEO plugin. -->","yoast_head_json":{"title":"L'Alfa Romeo misteriosa che sar\u00e0 presentata nel 2026 \u00e8... - ItalPassion","description":"Qualche giorno fa, abbiamo rivelato che una fonte aveva avvistato un'Alfa Romeo completamente nuova, che sar\u00e0 presentata nel 2026. Questa","robots":{"index":"index","follow":"follow","max-snippet":"max-snippet:-1","max-image-preview":"max-image-preview:large","max-video-preview":"max-video-preview:-1"},"canonical":"https:\/\/www.italpassion.fr\/it\/alfa-romeo\/lalfa-romeo-misteriosa-che-sara-presentata-nel-2026-e\/","og_locale":"it_IT","og_type":"article","og_title":"L'Alfa Romeo myst\u00e8re qui sera pr\u00e9sent\u00e9e en 2026 est... - ItalPassion","og_description":"Il y a quelques jours, nous r\u00e9v\u00e9lions qu'une source avait aper\u00e7u une Alfa Romeo totalement in\u00e9dite, dont la pr\u00e9sentation est pr\u00e9vue pour 2026. Cette","og_url":"https:\/\/www.italpassion.fr\/it\/alfa-romeo\/lalfa-romeo-misteriosa-che-sara-presentata-nel-2026-e\/","og_site_name":"ItalPassion","article_publisher":"https:\/\/www.facebook.com\/italpassion","article_published_time":"2025-07-21T07:13:05+00:00","og_image":[{"width":1200,"height":800,"url":"https:\/\/www.italpassion.fr\/wp-content\/uploads\/2025\/03\/alfa-romeo-scudetto-3.jpg","type":"image\/jpeg"}],"author":"Alexandre Filluzeau","twitter_card":"summary_large_image","twitter_creator":"@italpassion","twitter_site":"@italpassion","schema":{"@context":"https:\/\/schema.org","@graph":[{"@type":"NewsArticle","@id":"https:\/\/www.italpassion.fr\/it\/alfa-romeo\/lalfa-romeo-mystere-qui-sera-presentee-en-2026-est\/#article","isPartOf":{"@id":"https:\/\/www.italpassion.fr\/it\/alfa-romeo\/lalfa-romeo-mystere-qui-sera-presentee-en-2026-est\/"},"author":{"name":"Alexandre Filluzeau","@id":"https:\/\/www.italpassion.fr\/it\/#\/schema\/person\/36f747b2a759ca202d847e85a9434ca0"},"headline":"L&rsquo;Alfa Romeo myst\u00e8re qui sera pr\u00e9sent\u00e9e en 2026 est&#8230;","datePublished":"2025-07-21T07:13:05+00:00","mainEntityOfPage":{"@id":"https:\/\/www.italpassion.fr\/it\/alfa-romeo\/lalfa-romeo-mystere-qui-sera-presentee-en-2026-est\/"},"wordCount":413,"commentCount":17,"publisher":{"@id":"https:\/\/www.italpassion.fr\/it\/#organization"},"image":{"@id":"https:\/\/www.italpassion.fr\/it\/alfa-romeo\/lalfa-romeo-mystere-qui-sera-presentee-en-2026-est\/#primaryimage"},"thumbnailUrl":"https:\/\/www.italpassion.fr\/wp-content\/uploads\/2025\/03\/alfa-romeo-scudetto-3.jpg","keywords":["Alfa Romeo Tonale"],"articleSection":["Alfa Romeo"],"inLanguage":"it-IT","potentialAction":[{"@type":"CommentAction","name":"Comment","target":["https:\/\/www.italpassion.fr\/it\/alfa-romeo\/lalfa-romeo-mystere-qui-sera-presentee-en-2026-est\/#respond"]}]},{"@type":"WebPage","@id":"https:\/\/www.italpassion.fr\/it\/alfa-romeo\/lalfa-romeo-mystere-qui-sera-presentee-en-2026-est\/","url":"https:\/\/www.italpassion.fr\/it\/alfa-romeo\/lalfa-romeo-mystere-qui-sera-presentee-en-2026-est\/","name":"L'Alfa Romeo misteriosa che sar\u00e0 presentata nel 2026 \u00e8... - ItalPassion","isPartOf":{"@id":"https:\/\/www.italpassion.fr\/it\/#website"},"primaryImageOfPage":{"@id":"https:\/\/www.italpassion.fr\/it\/alfa-romeo\/lalfa-romeo-mystere-qui-sera-presentee-en-2026-est\/#primaryimage"},"image":{"@id":"https:\/\/www.italpassion.fr\/it\/alfa-romeo\/lalfa-romeo-mystere-qui-sera-presentee-en-2026-est\/#primaryimage"},"thumbnailUrl":"https:\/\/www.italpassion.fr\/wp-content\/uploads\/2025\/03\/alfa-romeo-scudetto-3.jpg","datePublished":"2025-07-21T07:13:05+00:00","description":"Qualche giorno fa, abbiamo rivelato che una fonte aveva avvistato un'Alfa Romeo completamente nuova, che sar\u00e0 presentata nel 2026. Questa","breadcrumb":{"@id":"https:\/\/www.italpassion.fr\/it\/alfa-romeo\/lalfa-romeo-mystere-qui-sera-presentee-en-2026-est\/#breadcrumb"},"inLanguage":"it-IT","potentialAction":[{"@type":"ReadAction","target":["https:\/\/www.italpassion.fr\/it\/alfa-romeo\/lalfa-romeo-mystere-qui-sera-presentee-en-2026-est\/"]}]},{"@type":"ImageObject","inLanguage":"it-IT","@id":"https:\/\/www.italpassion.fr\/it\/alfa-romeo\/lalfa-romeo-mystere-qui-sera-presentee-en-2026-est\/#primaryimage","url":"https:\/\/www.italpassion.fr\/wp-content\/uploads\/2025\/03\/alfa-romeo-scudetto-3.jpg","contentUrl":"https:\/\/www.italpassion.fr\/wp-content\/uploads\/2025\/03\/alfa-romeo-scudetto-3.jpg","width":1200,"height":800},{"@type":"BreadcrumbList","@id":"https:\/\/www.italpassion.fr\/it\/alfa-romeo\/lalfa-romeo-mystere-qui-sera-presentee-en-2026-est\/#breadcrumb","itemListElement":[{"@type":"ListItem","position":1,"name":"Accueil","item":"https:\/\/www.italpassion.fr\/it\/"},{"@type":"ListItem","position":2,"name":"L&rsquo;Alfa Romeo myst\u00e8re qui sera pr\u00e9sent\u00e9e en 2026 est&#8230;"}]},{"@type":"WebSite","@id":"https:\/\/www.italpassion.fr\/it\/#website","url":"https:\/\/www.italpassion.fr\/it\/","name":"ItalPassion","description":"Appassionati di auto italiane","publisher":{"@id":"https:\/\/www.italpassion.fr\/it\/#organization"},"potentialAction":[{"@type":"SearchAction","target":{"@type":"EntryPoint","urlTemplate":"https:\/\/www.italpassion.fr\/it\/?s={search_term_string}"},"query-input":{"@type":"PropertyValueSpecification","valueRequired":true,"valueName":"search_term_string"}}],"inLanguage":"it-IT"},{"@type":"Organization","@id":"https:\/\/www.italpassion.fr\/it\/#organization","name":"Italpassion","url":"https:\/\/www.italpassion.fr\/it\/","logo":{"@type":"ImageObject","inLanguage":"it-IT","@id":"https:\/\/www.italpassion.fr\/it\/#\/schema\/logo\/image\/","url":"https:\/\/www.italpassion.fr\/wp-content\/uploads\/2023\/07\/italpassion-yoast.jpg","contentUrl":"https:\/\/www.italpassion.fr\/wp-content\/uploads\/2023\/07\/italpassion-yoast.jpg","width":696,"height":696,"caption":"Italpassion"},"image":{"@id":"https:\/\/www.italpassion.fr\/it\/#\/schema\/logo\/image\/"},"sameAs":["https:\/\/www.facebook.com\/italpassion","https:\/\/x.com\/italpassion","https:\/\/www.instagram.com\/italpassionfr\/","https:\/\/www.youtube.com\/channel\/UCleq-ByQaA42OjhopwevRjQ","https:\/\/www.facebook.com\/italpassion.en\/","https:\/\/www.facebook.com\/italpassion.it\/","https:\/\/www.facebook.com\/italpassion.de\/","https:\/\/www.facebook.com\/italpassion.ja\/"]},{"@type":"Person","@id":"https:\/\/www.italpassion.fr\/it\/#\/schema\/person\/36f747b2a759ca202d847e85a9434ca0","name":"Alexandre Filluzeau","image":{"@type":"ImageObject","inLanguage":"it-IT","@id":"https:\/\/www.italpassion.fr\/it\/#\/schema\/person\/image\/","url":"https:\/\/www.italpassion.fr\/wp-content\/uploads\/2025\/04\/avatar-alexandre-160x160.jpg","contentUrl":"https:\/\/www.italpassion.fr\/wp-content\/uploads\/2025\/04\/avatar-alexandre-160x160.jpg","caption":"Alexandre Filluzeau"},"description":"Fondatore del sito ItalPassion, appassionato di auto italiane e dell'Italia in generale. Porto un occhio critico e tecnico alle notizie dei marchi italiani, quando possibile. Proprietario di una Maserati GranTurismo, di un'Alfa Romeo MiTo, di una Lancia Fulvia e di una Ducati 695. Ex proprietario di un'Alfa Romeo Giulia.","sameAs":["https:\/\/www.italpassion.fr\/"],"url":"https:\/\/www.italpassion.fr\/it\/author\/alexandre\/"}]}},"_links":{"self":[{"href":"https:\/\/www.italpassion.fr\/it\/wp-json\/wp\/v2\/posts\/39941","targetHints":{"allow":["GET"]}}],"collection":[{"href":"https:\/\/www.italpassion.fr\/it\/wp-json\/wp\/v2\/posts"}],"about":[{"href":"https:\/\/www.italpassion.fr\/it\/wp-json\/wp\/v2\/types\/post"}],"author":[{"embeddable":true,"href":"https:\/\/www.italpassion.fr\/it\/wp-json\/wp\/v2\/users\/1"}],"replies":[{"embeddable":true,"href":"https:\/\/www.italpassion.fr\/it\/wp-json\/wp\/v2\/comments?post=39941"}],"version-history":[{"count":1,"href":"https:\/\/www.italpassion.fr\/it\/wp-json\/wp\/v2\/posts\/39941\/revisions"}],"predecessor-version":[{"id":39942,"href":"https:\/\/www.italpassion.fr\/it\/wp-json\/wp\/v2\/posts\/39941\/revisions\/39942"}],"wp:featuredmedia":[{"embeddable":true,"href":"https:\/\/www.italpassion.fr\/it\/wp-json\/wp\/v2\/media\/37203"}],"wp:attachment":[{"href":"https:\/\/www.italpassion.fr\/it\/wp-json\/wp\/v2\/media?parent=39941"}],"wp:term":[{"taxonomy":"category","embeddable":true,"href":"https:\/\/www.italpassion.fr\/it\/wp-json\/wp\/v2\/categories?post=39941"},{"taxonomy":"post_tag","embeddable":true,"href":"https:\/\/www.italpassion.fr\/it\/wp-json\/wp\/v2\/tags?post=39941"}],"curies":[{"name":"wp","href":"https:\/\/api.w.org\/{rel}","templated":true}]}}