{"id":39177,"date":"2025-07-19T09:39:46","date_gmt":"2025-07-19T07:39:46","guid":{"rendered":"https:\/\/www.italpassion.fr\/?p=39177"},"modified":"2025-07-01T10:42:57","modified_gmt":"2025-07-01T08:42:57","slug":"quando-lex-presidente-della-ferrari-dichiaro-che-la-348-era-una-macchina-di-merda","status":"publish","type":"post","link":"https:\/\/www.italpassion.fr\/it\/ferrari\/quand-lancien-president-de-ferrari-a-declare-la-348-une-voiture-de-merde\/","title":{"rendered":"Quando l'ex presidente della Ferrari disse: \"la 348 \u00e8 una macchina di merda\"!"},"content":{"rendered":"<figure class=\"wp-block-image size-full\"><img loading=\"lazy\" decoding=\"async\" width=\"1200\" height=\"800\" src=\"https:\/\/www.italpassion.fr\/wp-content\/uploads\/2025\/06\/ferrari-348.jpg\" alt=\"\" class=\"wp-image-39535\" srcset=\"https:\/\/www.italpassion.fr\/wp-content\/uploads\/2025\/06\/ferrari-348.jpg 1200w, https:\/\/www.italpassion.fr\/wp-content\/uploads\/2025\/06\/ferrari-348-420x280.jpg 420w, https:\/\/www.italpassion.fr\/wp-content\/uploads\/2025\/06\/ferrari-348-768x512.jpg 768w, https:\/\/www.italpassion.fr\/wp-content\/uploads\/2025\/06\/ferrari-348-18x12.jpg 18w\" sizes=\"auto, (max-width: 1200px) 100vw, 1200px\" \/><\/figure>\n\n\n\n<p>Tutti i fan di <a href=\"https:\/\/www.italpassion.fr\/it\/ferrari\/\">Ferrari<\/a> conoscono la 348. Ma non tutti sanno che porta con s\u00e9 un aneddoto piuttosto gustoso, raccontato dallo stesso Luca di Montezemolo, ex presidente del Cavallino Rampante.<\/p>\n\n\n\n<p>Era il 1991, subito dopo i Mondiali di calcio in Italia. Montezemolo, soddisfatto del successo dell'evento, decise di regalarsi una Ferrari 348 gialla nuova di zecca. Se non fosse che un giorno, mentre era alla guida della sua auto a Roma, sub\u00ec un'umiliazione: fermo a un semaforo, fu letteralmente scaricato per i primi 30-40 metri da... una Golf GTi nera. Il commento pi\u00f9 piccato fu quello del conducente della Volkswagen: \"Ehi Montezemolo, questa \u00e8 molto meglio!<\/p>\n\n\n\n<p>Anni dopo, in occasione della presentazione della sublime 458 Italia nel 2009, raccont\u00f2 l'episodio alla stampa: \"Non lo dimenticher\u00f2 mai! Dopo quella volta, ho convocato una riunione senza dirlo a nessuno alla Ferrari. Mi mostrarono con orgoglio una diapositiva in cui si annunciava la 348 come 'migliore della classe' in accelerazione. Li ho lasciati parlare, poi ho detto: \"Ragazzi, che sfortuna, sono un cliente di questa macchina di merda. Fa molto rumore, ma non va da nessuna parte!<\/p>\n\n\n\n<figure class=\"wp-block-image size-full\"><img loading=\"lazy\" decoding=\"async\" width=\"1200\" height=\"800\" src=\"https:\/\/www.italpassion.fr\/wp-content\/uploads\/2025\/06\/ferrari-348-2.jpg\" alt=\"\" class=\"wp-image-39536\" srcset=\"https:\/\/www.italpassion.fr\/wp-content\/uploads\/2025\/06\/ferrari-348-2.jpg 1200w, https:\/\/www.italpassion.fr\/wp-content\/uploads\/2025\/06\/ferrari-348-2-420x280.jpg 420w, https:\/\/www.italpassion.fr\/wp-content\/uploads\/2025\/06\/ferrari-348-2-768x512.jpg 768w, https:\/\/www.italpassion.fr\/wp-content\/uploads\/2025\/06\/ferrari-348-2-18x12.jpg 18w\" sizes=\"auto, (max-width: 1200px) 100vw, 1200px\" \/><\/figure>\n\n\n\n<p>Come se non bastasse, Montezemolo ha persino invitato Niki Lauda a testare la 348. Il giudizio della leggenda austriaca? Il verdetto della leggenda austriaca? Esattamente lo stesso: un magnifico coup\u00e9, ma terribilmente lento per una Ferrari.<\/p>\n\n\n\n<p>Naturalmente, alcuni puristi contestarono la storia: sulla carta, la 348 accelerava da 0 a 100 km\/h in 5,6 secondi, contro gli 8,3 secondi della Golf GTi dell'epoca. A meno che non ci si imbatta in una Golf preparata, \u00e8 difficile credere che possa competere sull'intero rettilineo. Ma non importa: l'importante \u00e8 che questa frase sia diventata un cult, e che da sola simboleggi gli alti standard che Montezemolo voleva ripristinare alla Ferrari appena arrivato.<\/p>\n\n\n\n<p>Tuttavia, la Ferrari 348 rimane un'auto fondamentale: l'ultima Ferrari costruita nell'era Enzo, quasi 9.000 esemplari prodotti tra il 1989 e il 1994, prima di essere sostituita dalla 355, molto pi\u00f9 affilata.<\/p>\n\n\n\n<figure class=\"wp-block-image size-full\"><img loading=\"lazy\" decoding=\"async\" width=\"1200\" height=\"800\" src=\"https:\/\/www.italpassion.fr\/wp-content\/uploads\/2025\/06\/ferrari-348-3.jpg\" alt=\"\" class=\"wp-image-39537\" srcset=\"https:\/\/www.italpassion.fr\/wp-content\/uploads\/2025\/06\/ferrari-348-3.jpg 1200w, https:\/\/www.italpassion.fr\/wp-content\/uploads\/2025\/06\/ferrari-348-3-420x280.jpg 420w, https:\/\/www.italpassion.fr\/wp-content\/uploads\/2025\/06\/ferrari-348-3-768x512.jpg 768w, https:\/\/www.italpassion.fr\/wp-content\/uploads\/2025\/06\/ferrari-348-3-18x12.jpg 18w\" sizes=\"auto, (max-width: 1200px) 100vw, 1200px\" \/><\/figure>","protected":false},"excerpt":{"rendered":"","protected":false},"author":1,"featured_media":39535,"comment_status":"open","ping_status":"open","sticky":false,"template":"","format":"standard","meta":{"_acf_changed":false,"_sitemap_exclude":false,"_sitemap_priority":"","_sitemap_frequency":"","footnotes":""},"categories":[23],"tags":[443],"class_list":["post-39177","post","type-post","status-publish","format-standard","has-post-thumbnail","hentry","category-ferrari","tag-ferrari-348","generate-columns","tablet-grid-50","mobile-grid-100","grid-parent","grid-33"],"acf":[],"yoast_head":"<!-- This site is optimized with the Yoast SEO plugin v25.8 - https:\/\/yoast.com\/wordpress\/plugins\/seo\/ -->\n<title>Quand l&#039;ancien pr\u00e9sident de Ferrari \u00e0 d\u00e9clar\u00e9 : &quot;la 348, une voiture de merde&quot; ! - ItalPassion<\/title>\n<meta name=\"description\" content=\"Tout passionn\u00e9 de Ferrari conna\u00eet la 348. Mais tout le monde ne sait pas qu\u2019elle tra\u00eene derri\u00e8re elle une anecdote plut\u00f4t savoureuse, racont\u00e9e par Luca di\" \/>\n<meta name=\"robots\" content=\"index, follow, max-snippet:-1, max-image-preview:large, max-video-preview:-1\" \/>\n<link rel=\"canonical\" href=\"https:\/\/www.italpassion.fr\/it\/ferrari\/quando-lex-presidente-della-ferrari-dichiaro-che-la-348-era-una-macchina-di-merda\/\" \/>\n<meta property=\"og:locale\" content=\"it_IT\" \/>\n<meta property=\"og:type\" content=\"article\" \/>\n<meta property=\"og:title\" content=\"Quand l&#039;ancien pr\u00e9sident de Ferrari \u00e0 d\u00e9clar\u00e9 : &quot;la 348, une voiture de merde&quot; ! - ItalPassion\" \/>\n<meta property=\"og:description\" content=\"Tout passionn\u00e9 de Ferrari conna\u00eet la 348. Mais tout le monde ne sait pas qu\u2019elle tra\u00eene derri\u00e8re elle une anecdote plut\u00f4t savoureuse, racont\u00e9e par Luca di\" \/>\n<meta property=\"og:url\" content=\"https:\/\/www.italpassion.fr\/it\/ferrari\/quando-lex-presidente-della-ferrari-dichiaro-che-la-348-era-una-macchina-di-merda\/\" \/>\n<meta property=\"og:site_name\" content=\"ItalPassion\" \/>\n<meta property=\"article:publisher\" content=\"https:\/\/www.facebook.com\/italpassion\" \/>\n<meta property=\"article:published_time\" content=\"2025-07-19T07:39:46+00:00\" \/>\n<meta property=\"og:image\" content=\"https:\/\/www.italpassion.fr\/wp-content\/uploads\/2025\/06\/ferrari-348.jpg\" \/>\n\t<meta property=\"og:image:width\" content=\"1200\" \/>\n\t<meta property=\"og:image:height\" content=\"800\" \/>\n\t<meta property=\"og:image:type\" content=\"image\/jpeg\" \/>\n<meta name=\"author\" content=\"Alexandre Filluzeau\" \/>\n<meta name=\"twitter:card\" content=\"summary_large_image\" \/>\n<meta name=\"twitter:creator\" content=\"@italpassion\" \/>\n<meta name=\"twitter:site\" content=\"@italpassion\" \/>\n<script type=\"application\/ld+json\" class=\"yoast-schema-graph\">{\"@context\":\"https:\/\/schema.org\",\"@graph\":[{\"@type\":\"NewsArticle\",\"@id\":\"https:\/\/www.italpassion.fr\/it\/ferrari\/quand-lancien-president-de-ferrari-a-declare-la-348-une-voiture-de-merde\/#article\",\"isPartOf\":{\"@id\":\"https:\/\/www.italpassion.fr\/it\/ferrari\/quand-lancien-president-de-ferrari-a-declare-la-348-une-voiture-de-merde\/\"},\"author\":{\"name\":\"Alexandre Filluzeau\",\"@id\":\"https:\/\/www.italpassion.fr\/it\/#\/schema\/person\/36f747b2a759ca202d847e85a9434ca0\"},\"headline\":\"Quand l&rsquo;ancien pr\u00e9sident de Ferrari \u00e0 d\u00e9clar\u00e9 : \u00ab\u00a0la 348, une voiture de merde\u00a0\u00bb !\",\"datePublished\":\"2025-07-19T07:39:46+00:00\",\"mainEntityOfPage\":{\"@id\":\"https:\/\/www.italpassion.fr\/it\/ferrari\/quand-lancien-president-de-ferrari-a-declare-la-348-une-voiture-de-merde\/\"},\"wordCount\":387,\"commentCount\":2,\"publisher\":{\"@id\":\"https:\/\/www.italpassion.fr\/it\/#organization\"},\"image\":{\"@id\":\"https:\/\/www.italpassion.fr\/it\/ferrari\/quand-lancien-president-de-ferrari-a-declare-la-348-une-voiture-de-merde\/#primaryimage\"},\"thumbnailUrl\":\"https:\/\/www.italpassion.fr\/wp-content\/uploads\/2025\/06\/ferrari-348.jpg\",\"keywords\":[\"Ferrari 348\"],\"articleSection\":[\"Ferrari\"],\"inLanguage\":\"it-IT\",\"potentialAction\":[{\"@type\":\"CommentAction\",\"name\":\"Comment\",\"target\":[\"https:\/\/www.italpassion.fr\/it\/ferrari\/quand-lancien-president-de-ferrari-a-declare-la-348-une-voiture-de-merde\/#respond\"]}]},{\"@type\":\"WebPage\",\"@id\":\"https:\/\/www.italpassion.fr\/it\/ferrari\/quand-lancien-president-de-ferrari-a-declare-la-348-une-voiture-de-merde\/\",\"url\":\"https:\/\/www.italpassion.fr\/it\/ferrari\/quand-lancien-president-de-ferrari-a-declare-la-348-une-voiture-de-merde\/\",\"name\":\"Quand l'ancien pr\u00e9sident de Ferrari \u00e0 d\u00e9clar\u00e9 : \\\"la 348, une voiture de merde\\\" ! - ItalPassion\",\"isPartOf\":{\"@id\":\"https:\/\/www.italpassion.fr\/it\/#website\"},\"primaryImageOfPage\":{\"@id\":\"https:\/\/www.italpassion.fr\/it\/ferrari\/quand-lancien-president-de-ferrari-a-declare-la-348-une-voiture-de-merde\/#primaryimage\"},\"image\":{\"@id\":\"https:\/\/www.italpassion.fr\/it\/ferrari\/quand-lancien-president-de-ferrari-a-declare-la-348-une-voiture-de-merde\/#primaryimage\"},\"thumbnailUrl\":\"https:\/\/www.italpassion.fr\/wp-content\/uploads\/2025\/06\/ferrari-348.jpg\",\"datePublished\":\"2025-07-19T07:39:46+00:00\",\"description\":\"Tout passionn\u00e9 de Ferrari conna\u00eet la 348. Mais tout le monde ne sait pas qu\u2019elle tra\u00eene derri\u00e8re elle une anecdote plut\u00f4t savoureuse, racont\u00e9e par Luca di\",\"breadcrumb\":{\"@id\":\"https:\/\/www.italpassion.fr\/it\/ferrari\/quand-lancien-president-de-ferrari-a-declare-la-348-une-voiture-de-merde\/#breadcrumb\"},\"inLanguage\":\"it-IT\",\"potentialAction\":[{\"@type\":\"ReadAction\",\"target\":[\"https:\/\/www.italpassion.fr\/it\/ferrari\/quand-lancien-president-de-ferrari-a-declare-la-348-une-voiture-de-merde\/\"]}]},{\"@type\":\"ImageObject\",\"inLanguage\":\"it-IT\",\"@id\":\"https:\/\/www.italpassion.fr\/it\/ferrari\/quand-lancien-president-de-ferrari-a-declare-la-348-une-voiture-de-merde\/#primaryimage\",\"url\":\"https:\/\/www.italpassion.fr\/wp-content\/uploads\/2025\/06\/ferrari-348.jpg\",\"contentUrl\":\"https:\/\/www.italpassion.fr\/wp-content\/uploads\/2025\/06\/ferrari-348.jpg\",\"width\":1200,\"height\":800},{\"@type\":\"BreadcrumbList\",\"@id\":\"https:\/\/www.italpassion.fr\/it\/ferrari\/quand-lancien-president-de-ferrari-a-declare-la-348-une-voiture-de-merde\/#breadcrumb\",\"itemListElement\":[{\"@type\":\"ListItem\",\"position\":1,\"name\":\"Accueil\",\"item\":\"https:\/\/www.italpassion.fr\/it\/\"},{\"@type\":\"ListItem\",\"position\":2,\"name\":\"Quand l&rsquo;ancien pr\u00e9sident de Ferrari \u00e0 d\u00e9clar\u00e9 : \u00ab\u00a0la 348, une voiture de merde\u00a0\u00bb !\"}]},{\"@type\":\"WebSite\",\"@id\":\"https:\/\/www.italpassion.fr\/it\/#website\",\"url\":\"https:\/\/www.italpassion.fr\/it\/\",\"name\":\"ItalPassion\",\"description\":\"Les Passionn\u00e9s d&#039;Automobiles Italiennes\",\"publisher\":{\"@id\":\"https:\/\/www.italpassion.fr\/it\/#organization\"},\"potentialAction\":[{\"@type\":\"SearchAction\",\"target\":{\"@type\":\"EntryPoint\",\"urlTemplate\":\"https:\/\/www.italpassion.fr\/it\/?s={search_term_string}\"},\"query-input\":{\"@type\":\"PropertyValueSpecification\",\"valueRequired\":true,\"valueName\":\"search_term_string\"}}],\"inLanguage\":\"it-IT\"},{\"@type\":\"Organization\",\"@id\":\"https:\/\/www.italpassion.fr\/it\/#organization\",\"name\":\"Italpassion\",\"url\":\"https:\/\/www.italpassion.fr\/it\/\",\"logo\":{\"@type\":\"ImageObject\",\"inLanguage\":\"it-IT\",\"@id\":\"https:\/\/www.italpassion.fr\/it\/#\/schema\/logo\/image\/\",\"url\":\"https:\/\/www.italpassion.fr\/wp-content\/uploads\/2023\/07\/italpassion-yoast.jpg\",\"contentUrl\":\"https:\/\/www.italpassion.fr\/wp-content\/uploads\/2023\/07\/italpassion-yoast.jpg\",\"width\":696,\"height\":696,\"caption\":\"Italpassion\"},\"image\":{\"@id\":\"https:\/\/www.italpassion.fr\/it\/#\/schema\/logo\/image\/\"},\"sameAs\":[\"https:\/\/www.facebook.com\/italpassion\",\"https:\/\/x.com\/italpassion\",\"https:\/\/www.instagram.com\/italpassionfr\/\",\"https:\/\/www.youtube.com\/channel\/UCleq-ByQaA42OjhopwevRjQ\",\"https:\/\/www.facebook.com\/italpassion.en\/\",\"https:\/\/www.facebook.com\/italpassion.it\/\",\"https:\/\/www.facebook.com\/italpassion.de\/\",\"https:\/\/www.facebook.com\/italpassion.ja\/\"]},{\"@type\":\"Person\",\"@id\":\"https:\/\/www.italpassion.fr\/it\/#\/schema\/person\/36f747b2a759ca202d847e85a9434ca0\",\"name\":\"Alexandre Filluzeau\",\"image\":{\"@type\":\"ImageObject\",\"inLanguage\":\"it-IT\",\"@id\":\"https:\/\/www.italpassion.fr\/it\/#\/schema\/person\/image\/\",\"url\":\"https:\/\/www.italpassion.fr\/wp-content\/uploads\/2025\/04\/avatar-alexandre-160x160.jpg\",\"contentUrl\":\"https:\/\/www.italpassion.fr\/wp-content\/uploads\/2025\/04\/avatar-alexandre-160x160.jpg\",\"caption\":\"Alexandre Filluzeau\"},\"description\":\"Fondateur du site ItalPassion, passionn\u00e9 de voitures italiennes et de l'Italie en g\u00e9n\u00e9ral. J'apporte un regard critique et technique aux actualit\u00e9s des marques italiennes quand cela est possible. Propri\u00e9taire d'une Maserati GranTurismo, Alfa Romeo MiTo, Lancia Fulvia et Ducati 695. Ex-propri\u00e9taire d'une Alfa Romeo Giulia.\",\"sameAs\":[\"https:\/\/www.italpassion.fr\/\"],\"url\":\"https:\/\/www.italpassion.fr\/it\/author\/alexandre\/\"}]}<\/script>\n<!-- \/ Yoast SEO plugin. -->","yoast_head_json":{"title":"Quando l'ex presidente della Ferrari disse: \"la 348 \u00e8 una macchina di merda\"! - ItalPassion","description":"Ogni appassionato di Ferrari conosce la 348. Ma non tutti sanno che ha alle spalle un aneddoto piuttosto gustoso, raccontato da Luca di","robots":{"index":"index","follow":"follow","max-snippet":"max-snippet:-1","max-image-preview":"max-image-preview:large","max-video-preview":"max-video-preview:-1"},"canonical":"https:\/\/www.italpassion.fr\/it\/ferrari\/quando-lex-presidente-della-ferrari-dichiaro-che-la-348-era-una-macchina-di-merda\/","og_locale":"it_IT","og_type":"article","og_title":"Quand l'ancien pr\u00e9sident de Ferrari \u00e0 d\u00e9clar\u00e9 : \"la 348, une voiture de merde\" ! - ItalPassion","og_description":"Tout passionn\u00e9 de Ferrari conna\u00eet la 348. Mais tout le monde ne sait pas qu\u2019elle tra\u00eene derri\u00e8re elle une anecdote plut\u00f4t savoureuse, racont\u00e9e par Luca di","og_url":"https:\/\/www.italpassion.fr\/it\/ferrari\/quando-lex-presidente-della-ferrari-dichiaro-che-la-348-era-una-macchina-di-merda\/","og_site_name":"ItalPassion","article_publisher":"https:\/\/www.facebook.com\/italpassion","article_published_time":"2025-07-19T07:39:46+00:00","og_image":[{"width":1200,"height":800,"url":"https:\/\/www.italpassion.fr\/wp-content\/uploads\/2025\/06\/ferrari-348.jpg","type":"image\/jpeg"}],"author":"Alexandre Filluzeau","twitter_card":"summary_large_image","twitter_creator":"@italpassion","twitter_site":"@italpassion","schema":{"@context":"https:\/\/schema.org","@graph":[{"@type":"NewsArticle","@id":"https:\/\/www.italpassion.fr\/it\/ferrari\/quand-lancien-president-de-ferrari-a-declare-la-348-une-voiture-de-merde\/#article","isPartOf":{"@id":"https:\/\/www.italpassion.fr\/it\/ferrari\/quand-lancien-president-de-ferrari-a-declare-la-348-une-voiture-de-merde\/"},"author":{"name":"Alexandre Filluzeau","@id":"https:\/\/www.italpassion.fr\/it\/#\/schema\/person\/36f747b2a759ca202d847e85a9434ca0"},"headline":"Quand l&rsquo;ancien pr\u00e9sident de Ferrari \u00e0 d\u00e9clar\u00e9 : \u00ab\u00a0la 348, une voiture de merde\u00a0\u00bb !","datePublished":"2025-07-19T07:39:46+00:00","mainEntityOfPage":{"@id":"https:\/\/www.italpassion.fr\/it\/ferrari\/quand-lancien-president-de-ferrari-a-declare-la-348-une-voiture-de-merde\/"},"wordCount":387,"commentCount":2,"publisher":{"@id":"https:\/\/www.italpassion.fr\/it\/#organization"},"image":{"@id":"https:\/\/www.italpassion.fr\/it\/ferrari\/quand-lancien-president-de-ferrari-a-declare-la-348-une-voiture-de-merde\/#primaryimage"},"thumbnailUrl":"https:\/\/www.italpassion.fr\/wp-content\/uploads\/2025\/06\/ferrari-348.jpg","keywords":["Ferrari 348"],"articleSection":["Ferrari"],"inLanguage":"it-IT","potentialAction":[{"@type":"CommentAction","name":"Comment","target":["https:\/\/www.italpassion.fr\/it\/ferrari\/quand-lancien-president-de-ferrari-a-declare-la-348-une-voiture-de-merde\/#respond"]}]},{"@type":"WebPage","@id":"https:\/\/www.italpassion.fr\/it\/ferrari\/quand-lancien-president-de-ferrari-a-declare-la-348-une-voiture-de-merde\/","url":"https:\/\/www.italpassion.fr\/it\/ferrari\/quand-lancien-president-de-ferrari-a-declare-la-348-une-voiture-de-merde\/","name":"Quando l'ex presidente della Ferrari disse: \"la 348 \u00e8 una macchina di merda\"! - ItalPassion","isPartOf":{"@id":"https:\/\/www.italpassion.fr\/it\/#website"},"primaryImageOfPage":{"@id":"https:\/\/www.italpassion.fr\/it\/ferrari\/quand-lancien-president-de-ferrari-a-declare-la-348-une-voiture-de-merde\/#primaryimage"},"image":{"@id":"https:\/\/www.italpassion.fr\/it\/ferrari\/quand-lancien-president-de-ferrari-a-declare-la-348-une-voiture-de-merde\/#primaryimage"},"thumbnailUrl":"https:\/\/www.italpassion.fr\/wp-content\/uploads\/2025\/06\/ferrari-348.jpg","datePublished":"2025-07-19T07:39:46+00:00","description":"Ogni appassionato di Ferrari conosce la 348. Ma non tutti sanno che ha alle spalle un aneddoto piuttosto gustoso, raccontato da Luca di","breadcrumb":{"@id":"https:\/\/www.italpassion.fr\/it\/ferrari\/quand-lancien-president-de-ferrari-a-declare-la-348-une-voiture-de-merde\/#breadcrumb"},"inLanguage":"it-IT","potentialAction":[{"@type":"ReadAction","target":["https:\/\/www.italpassion.fr\/it\/ferrari\/quand-lancien-president-de-ferrari-a-declare-la-348-une-voiture-de-merde\/"]}]},{"@type":"ImageObject","inLanguage":"it-IT","@id":"https:\/\/www.italpassion.fr\/it\/ferrari\/quand-lancien-president-de-ferrari-a-declare-la-348-une-voiture-de-merde\/#primaryimage","url":"https:\/\/www.italpassion.fr\/wp-content\/uploads\/2025\/06\/ferrari-348.jpg","contentUrl":"https:\/\/www.italpassion.fr\/wp-content\/uploads\/2025\/06\/ferrari-348.jpg","width":1200,"height":800},{"@type":"BreadcrumbList","@id":"https:\/\/www.italpassion.fr\/it\/ferrari\/quand-lancien-president-de-ferrari-a-declare-la-348-une-voiture-de-merde\/#breadcrumb","itemListElement":[{"@type":"ListItem","position":1,"name":"Accueil","item":"https:\/\/www.italpassion.fr\/it\/"},{"@type":"ListItem","position":2,"name":"Quand l&rsquo;ancien pr\u00e9sident de Ferrari \u00e0 d\u00e9clar\u00e9 : \u00ab\u00a0la 348, une voiture de merde\u00a0\u00bb !"}]},{"@type":"WebSite","@id":"https:\/\/www.italpassion.fr\/it\/#website","url":"https:\/\/www.italpassion.fr\/it\/","name":"ItalPassion","description":"Appassionati di auto italiane","publisher":{"@id":"https:\/\/www.italpassion.fr\/it\/#organization"},"potentialAction":[{"@type":"SearchAction","target":{"@type":"EntryPoint","urlTemplate":"https:\/\/www.italpassion.fr\/it\/?s={search_term_string}"},"query-input":{"@type":"PropertyValueSpecification","valueRequired":true,"valueName":"search_term_string"}}],"inLanguage":"it-IT"},{"@type":"Organization","@id":"https:\/\/www.italpassion.fr\/it\/#organization","name":"Italpassion","url":"https:\/\/www.italpassion.fr\/it\/","logo":{"@type":"ImageObject","inLanguage":"it-IT","@id":"https:\/\/www.italpassion.fr\/it\/#\/schema\/logo\/image\/","url":"https:\/\/www.italpassion.fr\/wp-content\/uploads\/2023\/07\/italpassion-yoast.jpg","contentUrl":"https:\/\/www.italpassion.fr\/wp-content\/uploads\/2023\/07\/italpassion-yoast.jpg","width":696,"height":696,"caption":"Italpassion"},"image":{"@id":"https:\/\/www.italpassion.fr\/it\/#\/schema\/logo\/image\/"},"sameAs":["https:\/\/www.facebook.com\/italpassion","https:\/\/x.com\/italpassion","https:\/\/www.instagram.com\/italpassionfr\/","https:\/\/www.youtube.com\/channel\/UCleq-ByQaA42OjhopwevRjQ","https:\/\/www.facebook.com\/italpassion.en\/","https:\/\/www.facebook.com\/italpassion.it\/","https:\/\/www.facebook.com\/italpassion.de\/","https:\/\/www.facebook.com\/italpassion.ja\/"]},{"@type":"Person","@id":"https:\/\/www.italpassion.fr\/it\/#\/schema\/person\/36f747b2a759ca202d847e85a9434ca0","name":"Alexandre Filluzeau","image":{"@type":"ImageObject","inLanguage":"it-IT","@id":"https:\/\/www.italpassion.fr\/it\/#\/schema\/person\/image\/","url":"https:\/\/www.italpassion.fr\/wp-content\/uploads\/2025\/04\/avatar-alexandre-160x160.jpg","contentUrl":"https:\/\/www.italpassion.fr\/wp-content\/uploads\/2025\/04\/avatar-alexandre-160x160.jpg","caption":"Alexandre Filluzeau"},"description":"Fondatore del sito ItalPassion, appassionato di auto italiane e dell'Italia in generale. Porto un occhio critico e tecnico alle notizie dei marchi italiani, quando possibile. Proprietario di una Maserati GranTurismo, di un'Alfa Romeo MiTo, di una Lancia Fulvia e di una Ducati 695. Ex proprietario di un'Alfa Romeo Giulia.","sameAs":["https:\/\/www.italpassion.fr\/"],"url":"https:\/\/www.italpassion.fr\/it\/author\/alexandre\/"}]}},"_links":{"self":[{"href":"https:\/\/www.italpassion.fr\/it\/wp-json\/wp\/v2\/posts\/39177","targetHints":{"allow":["GET"]}}],"collection":[{"href":"https:\/\/www.italpassion.fr\/it\/wp-json\/wp\/v2\/posts"}],"about":[{"href":"https:\/\/www.italpassion.fr\/it\/wp-json\/wp\/v2\/types\/post"}],"author":[{"embeddable":true,"href":"https:\/\/www.italpassion.fr\/it\/wp-json\/wp\/v2\/users\/1"}],"replies":[{"embeddable":true,"href":"https:\/\/www.italpassion.fr\/it\/wp-json\/wp\/v2\/comments?post=39177"}],"version-history":[{"count":3,"href":"https:\/\/www.italpassion.fr\/it\/wp-json\/wp\/v2\/posts\/39177\/revisions"}],"predecessor-version":[{"id":39917,"href":"https:\/\/www.italpassion.fr\/it\/wp-json\/wp\/v2\/posts\/39177\/revisions\/39917"}],"wp:featuredmedia":[{"embeddable":true,"href":"https:\/\/www.italpassion.fr\/it\/wp-json\/wp\/v2\/media\/39535"}],"wp:attachment":[{"href":"https:\/\/www.italpassion.fr\/it\/wp-json\/wp\/v2\/media?parent=39177"}],"wp:term":[{"taxonomy":"category","embeddable":true,"href":"https:\/\/www.italpassion.fr\/it\/wp-json\/wp\/v2\/categories?post=39177"},{"taxonomy":"post_tag","embeddable":true,"href":"https:\/\/www.italpassion.fr\/it\/wp-json\/wp\/v2\/tags?post=39177"}],"curies":[{"name":"wp","href":"https:\/\/api.w.org\/{rel}","templated":true}]}}