{"id":38823,"date":"2025-06-02T10:02:43","date_gmt":"2025-06-02T08:02:43","guid":{"rendered":"https:\/\/www.italpassion.fr\/?p=38823"},"modified":"2025-06-02T10:06:48","modified_gmt":"2025-06-02T08:06:48","slug":"siamo-stati-ai-delta-days-ecco-i-delta-di-lancia-piu-spettacolari-in-foto","status":"publish","type":"post","link":"https:\/\/www.italpassion.fr\/it\/lancia\/on-etait-aux-delta-days-voici-les-lancia-delta-les-plus-spectaculaires-en-images\/","title":{"rendered":"Siamo stati ai Delta Days: ecco le immagini pi\u00f9 spettacolari della Lancia Delta!"},"content":{"rendered":"<figure class=\"wp-block-image size-full\"><img loading=\"lazy\" decoding=\"async\" width=\"1200\" height=\"800\" src=\"https:\/\/www.italpassion.fr\/wp-content\/uploads\/2025\/06\/lancia-delta-days-thumn.jpg\" alt=\"\" class=\"wp-image-38840\" srcset=\"https:\/\/www.italpassion.fr\/wp-content\/uploads\/2025\/06\/lancia-delta-days-thumn.jpg 1200w, https:\/\/www.italpassion.fr\/wp-content\/uploads\/2025\/06\/lancia-delta-days-thumn-420x280.jpg 420w, https:\/\/www.italpassion.fr\/wp-content\/uploads\/2025\/06\/lancia-delta-days-thumn-768x512.jpg 768w, https:\/\/www.italpassion.fr\/wp-content\/uploads\/2025\/06\/lancia-delta-days-thumn-18x12.jpg 18w\" sizes=\"auto, (max-width: 1200px) 100vw, 1200px\" \/><\/figure>\n\n\n\n<p><strong>Creata nel 2001, la Scuderia Lancia Int\u00e9grale, con sede nel sud-est della Francia, ha organizzato la prima edizione dei \"Delta Days\", un importante raduno dedicato alla <a href=\"https:\/\/www.italpassion.fr\/it\/lancia\/\">Lancia<\/a> Delta.<\/strong> Una prima volta al di qua delle Alpi. Il cuore del raduno si trovava nel comune di Roquebilli\u00e8re, nella valle della V\u00e9subie. Nel cuore di questa terra di rally, dove si trova il leggendario Col du Turini, era d'obbligo un omaggio alla regina del Gruppo A.<\/p>\n\n\n\n<p><strong>A questa prima edizione erano attese quasi 120 Lancia Delta.<\/strong> Per vari motivi amministrativi, la storica scalata del Col du Turini e i battesimi non hanno potuto avere luogo, ma la Scuderia intende ripetere l'evento e renderlo pi\u00f9 grande. Non c'\u00e8 che da sperare, perch\u00e9 la qualit\u00e0 delle auto esposte \u00e8 pari solo alla loro simpatia! <strong>Uno dei partecipanti, l'ex pilota di rally Raul Marchisio, era tra coloro che hanno preso parte all'evento,<\/strong> ben noto ai giovani come spalla di GMK in numerosi video.<\/p>\n\n\n\n<p>La Lancia Delta fu lanciata nel 1979. La berlina di classe impazzisce quando nel 1983 viene affiancata dalla versione HF Turbo, nel 1986 dalla HF 4WD e poi nel 1987 dalla HF Integrale, che diventa la punta di diamante del marchio nei rally dopo la brusca fine della categoria Gruppo B. Questa vettura sub\u00ec a sua volta una serie di modifiche, con il passaggio alle 16 valvole nel 1989, seguito dalla \"Evoluzione 1\" nel 1991 e dalla \"Evoluzione 2\" nel 1993. Nei rally, la Delta arriv\u00f2 nel 1985 nell'era del Gruppo B con la S4, ma fu nell'era del Gruppo A che la Delta scrisse la sua leggenda, con i titoli piloti di Biasion (1988, 1989) e Kankkunen (1991), ma soprattutto sei titoli costruttori consecutivi tra il 1987 e il 1992.<\/p>\n\n\n\n<h2 class=\"wp-block-heading\">Ecco alcuni dei punti salienti dell'evento<\/h2>\n\n\n\n<p><strong>Questa \u00e8 l'auto del \"boss\" Marco, un modello del 1994 ma ancora in configurazione Evolution 1, importato dal Giappone. <\/strong>L'evoluzione \u00e8 immediatamente evidente nei parafanghi allargati e nello spoiler posteriore in cima al portellone. La verniciatura e le decorazioni sono state eseguite in Italia, mentre il propulsore ha ricevuto alcune piccole ottimizzazioni per raggiungere i 215 CV, quasi quanto la Evolution 2.<\/p>\n\n\n\n<figure class=\"wp-block-image size-full\"><img loading=\"lazy\" decoding=\"async\" width=\"1200\" height=\"800\" src=\"https:\/\/www.italpassion.fr\/wp-content\/uploads\/2025\/06\/lancia-delta-days-1.jpg\" alt=\"\" class=\"wp-image-38824\" srcset=\"https:\/\/www.italpassion.fr\/wp-content\/uploads\/2025\/06\/lancia-delta-days-1.jpg 1200w, https:\/\/www.italpassion.fr\/wp-content\/uploads\/2025\/06\/lancia-delta-days-1-420x280.jpg 420w, https:\/\/www.italpassion.fr\/wp-content\/uploads\/2025\/06\/lancia-delta-days-1-768x512.jpg 768w, https:\/\/www.italpassion.fr\/wp-content\/uploads\/2025\/06\/lancia-delta-days-1-18x12.jpg 18w\" sizes=\"auto, (max-width: 1200px) 100vw, 1200px\" \/><figcaption class=\"wp-element-caption\">Foto Nicolas Anderbegani per Italpassion<\/figcaption><\/figure>\n\n\n\n<figure class=\"wp-block-image size-full\"><img loading=\"lazy\" decoding=\"async\" width=\"1200\" height=\"800\" src=\"https:\/\/www.italpassion.fr\/wp-content\/uploads\/2025\/06\/lancia-delta-days-2.jpg\" alt=\"\" class=\"wp-image-38825\" srcset=\"https:\/\/www.italpassion.fr\/wp-content\/uploads\/2025\/06\/lancia-delta-days-2.jpg 1200w, https:\/\/www.italpassion.fr\/wp-content\/uploads\/2025\/06\/lancia-delta-days-2-420x280.jpg 420w, https:\/\/www.italpassion.fr\/wp-content\/uploads\/2025\/06\/lancia-delta-days-2-768x512.jpg 768w, https:\/\/www.italpassion.fr\/wp-content\/uploads\/2025\/06\/lancia-delta-days-2-18x12.jpg 18w\" sizes=\"auto, (max-width: 1200px) 100vw, 1200px\" \/><figcaption class=\"wp-element-caption\">Foto Nicolas Anderbegani per Italpassion<\/figcaption><\/figure>\n\n\n\n<figure class=\"wp-block-image size-full\"><img loading=\"lazy\" decoding=\"async\" width=\"1200\" height=\"800\" src=\"https:\/\/www.italpassion.fr\/wp-content\/uploads\/2025\/06\/lancia-delta-days-3.jpg\" alt=\"\" class=\"wp-image-38826\" srcset=\"https:\/\/www.italpassion.fr\/wp-content\/uploads\/2025\/06\/lancia-delta-days-3.jpg 1200w, https:\/\/www.italpassion.fr\/wp-content\/uploads\/2025\/06\/lancia-delta-days-3-420x280.jpg 420w, https:\/\/www.italpassion.fr\/wp-content\/uploads\/2025\/06\/lancia-delta-days-3-768x512.jpg 768w, https:\/\/www.italpassion.fr\/wp-content\/uploads\/2025\/06\/lancia-delta-days-3-18x12.jpg 18w\" sizes=\"auto, (max-width: 1200px) 100vw, 1200px\" \/><figcaption class=\"wp-element-caption\">Foto Nicolas Anderbegani per Italpassion<\/figcaption><\/figure>\n\n\n\n<p>Un'ottima Evolution 1 (210 CV a 5.750 giri\/min e 300 Nm di coppia), <strong>con qualche piccolo tocco di decalcomania e, soprattutto, una bella tonalit\u00e0 di blu scuro,<\/strong> che non \u00e8 originale e non era in catalogo all'epoca.<\/p>\n\n\n\n<figure class=\"wp-block-image size-full\"><img loading=\"lazy\" decoding=\"async\" width=\"1200\" height=\"800\" src=\"https:\/\/www.italpassion.fr\/wp-content\/uploads\/2025\/06\/lancia-delta-days-5.jpg\" alt=\"\" class=\"wp-image-38828\" srcset=\"https:\/\/www.italpassion.fr\/wp-content\/uploads\/2025\/06\/lancia-delta-days-5.jpg 1200w, https:\/\/www.italpassion.fr\/wp-content\/uploads\/2025\/06\/lancia-delta-days-5-420x280.jpg 420w, https:\/\/www.italpassion.fr\/wp-content\/uploads\/2025\/06\/lancia-delta-days-5-768x512.jpg 768w, https:\/\/www.italpassion.fr\/wp-content\/uploads\/2025\/06\/lancia-delta-days-5-18x12.jpg 18w\" sizes=\"auto, (max-width: 1200px) 100vw, 1200px\" \/><figcaption class=\"wp-element-caption\">Foto Nicolas Anderbegani per Italpassion<\/figcaption><\/figure>\n\n\n\n<figure class=\"wp-block-image size-full\"><img loading=\"lazy\" decoding=\"async\" width=\"1200\" height=\"800\" src=\"https:\/\/www.italpassion.fr\/wp-content\/uploads\/2025\/06\/lancia-delta-days-4.jpg\" alt=\"\" class=\"wp-image-38827\" srcset=\"https:\/\/www.italpassion.fr\/wp-content\/uploads\/2025\/06\/lancia-delta-days-4.jpg 1200w, https:\/\/www.italpassion.fr\/wp-content\/uploads\/2025\/06\/lancia-delta-days-4-420x280.jpg 420w, https:\/\/www.italpassion.fr\/wp-content\/uploads\/2025\/06\/lancia-delta-days-4-768x512.jpg 768w, https:\/\/www.italpassion.fr\/wp-content\/uploads\/2025\/06\/lancia-delta-days-4-18x12.jpg 18w\" sizes=\"auto, (max-width: 1200px) 100vw, 1200px\" \/><figcaption class=\"wp-element-caption\">Foto Nicolas Anderbegani per Italpassion<\/figcaption><\/figure>\n\n\n\n<p><strong>Non poteva mancare questa Delta Int\u00e9grale HF 16V \"Fina\", che ha partecipato al Campionato del Mondo di Rally del 1991. <\/strong>Era iscritta dal Jolly Club, mentre le Delta \"di fabbrica\" avevano naturalmente la famosa livrea Martini. Come si pu\u00f2 vedere dalla portiera, la n\u00b06, immatricolata a Torino, fu guidata da Didier Auriol e Bernard Occelli al Rally dell'Acropoli, che concluse al 4\u00b0 posto. Questo modello appartiene a Raul Marchisio. Poco pi\u00f9 avanti c'\u00e8 la HF Int\u00e9grale Evoluzione, che ha corso nel 1992, ultimo anno di partecipazione ufficiale della Lancia al campionato mondiale.<\/p>\n\n\n\n<figure class=\"wp-block-image size-full\"><img loading=\"lazy\" decoding=\"async\" width=\"1200\" height=\"662\" src=\"https:\/\/www.italpassion.fr\/wp-content\/uploads\/2025\/06\/lancia-delta-days-6.jpg\" alt=\"\" class=\"wp-image-38829\" srcset=\"https:\/\/www.italpassion.fr\/wp-content\/uploads\/2025\/06\/lancia-delta-days-6.jpg 1200w, https:\/\/www.italpassion.fr\/wp-content\/uploads\/2025\/06\/lancia-delta-days-6-420x232.jpg 420w, https:\/\/www.italpassion.fr\/wp-content\/uploads\/2025\/06\/lancia-delta-days-6-768x424.jpg 768w, https:\/\/www.italpassion.fr\/wp-content\/uploads\/2025\/06\/lancia-delta-days-6-18x10.jpg 18w\" sizes=\"auto, (max-width: 1200px) 100vw, 1200px\" \/><figcaption class=\"wp-element-caption\">Foto Nicolas Anderbegani per Italpassion<\/figcaption><\/figure>\n\n\n\n<figure class=\"wp-block-image size-full\"><img loading=\"lazy\" decoding=\"async\" width=\"1200\" height=\"800\" src=\"https:\/\/www.italpassion.fr\/wp-content\/uploads\/2025\/06\/lancia-delta-days-7.jpg\" alt=\"\" class=\"wp-image-38830\" srcset=\"https:\/\/www.italpassion.fr\/wp-content\/uploads\/2025\/06\/lancia-delta-days-7.jpg 1200w, https:\/\/www.italpassion.fr\/wp-content\/uploads\/2025\/06\/lancia-delta-days-7-420x280.jpg 420w, https:\/\/www.italpassion.fr\/wp-content\/uploads\/2025\/06\/lancia-delta-days-7-768x512.jpg 768w, https:\/\/www.italpassion.fr\/wp-content\/uploads\/2025\/06\/lancia-delta-days-7-18x12.jpg 18w\" sizes=\"auto, (max-width: 1200px) 100vw, 1200px\" \/><\/figure>\n\n\n\n<p>Si tratta di una bellissima HF Int\u00e9grale \"Evoluzione\" italiana, con le stesse decorazioni, gli stessi sponsor e lo stesso design delle vetture del Gruppo A iscritte dal 1992 in poi, che si distinguevano in particolare per gli specchietti retrovisori aerodinamici. Tuttavia, nella parte anteriore sono stati aggiunti dei deflettori per le ruote.<\/p>\n\n\n\n<figure class=\"wp-block-image size-full\"><img loading=\"lazy\" decoding=\"async\" width=\"1200\" height=\"800\" src=\"https:\/\/www.italpassion.fr\/wp-content\/uploads\/2025\/06\/lancia-delta-days-9.jpg\" alt=\"\" class=\"wp-image-38831\" srcset=\"https:\/\/www.italpassion.fr\/wp-content\/uploads\/2025\/06\/lancia-delta-days-9.jpg 1200w, https:\/\/www.italpassion.fr\/wp-content\/uploads\/2025\/06\/lancia-delta-days-9-420x280.jpg 420w, https:\/\/www.italpassion.fr\/wp-content\/uploads\/2025\/06\/lancia-delta-days-9-768x512.jpg 768w, https:\/\/www.italpassion.fr\/wp-content\/uploads\/2025\/06\/lancia-delta-days-9-18x12.jpg 18w\" sizes=\"auto, (max-width: 1200px) 100vw, 1200px\" \/><figcaption class=\"wp-element-caption\">Foto Nicolas Anderbegani per Italpassion<\/figcaption><\/figure>\n\n\n\n<figure class=\"wp-block-image size-full\"><img loading=\"lazy\" decoding=\"async\" width=\"1200\" height=\"800\" src=\"https:\/\/www.italpassion.fr\/wp-content\/uploads\/2025\/06\/lancia-delta-days-10.jpg\" alt=\"\" class=\"wp-image-38832\" srcset=\"https:\/\/www.italpassion.fr\/wp-content\/uploads\/2025\/06\/lancia-delta-days-10.jpg 1200w, https:\/\/www.italpassion.fr\/wp-content\/uploads\/2025\/06\/lancia-delta-days-10-420x280.jpg 420w, https:\/\/www.italpassion.fr\/wp-content\/uploads\/2025\/06\/lancia-delta-days-10-768x512.jpg 768w, https:\/\/www.italpassion.fr\/wp-content\/uploads\/2025\/06\/lancia-delta-days-10-18x12.jpg 18w\" sizes=\"auto, (max-width: 1200px) 100vw, 1200px\" \/><figcaption class=\"wp-element-caption\">Foto Nicolas Anderbegani per Italpassion<\/figcaption><\/figure>\n\n\n\n<p><strong>L'HF Int\u00e9grale Evoluzione era presente in forze, nelle versioni 1 o 2, con un'ampia variet\u00e0 di colori,<\/strong> tra cui nero, rosso e giallo, alcune rifinite con interni in pelle. La Gialla Ginestra gialla \u00e8 una Evo 2, una delle ultime serie speciali prodotte. Presenta vetri azzurrati Solextra e interni pi\u00f9 ricchi e rifiniti. Quella bianca \u00e8 una serie speciale per il \"5\u00b0 Campione del Mondo di Rally\", commercializzata dalla fine di gennaio 1992 per celebrare il quinto campionato costruttori vinto dalla Delta. Come motto principale, questa versione speciale aveva decorazioni martiniane, oltre all'aria condizionata - s\u00ec, c'\u00e8 un certo comfort nel purismo - all'ABS e ai sedili anteriori in tessuto alcantara nero. <\/p>\n\n\n\n<figure class=\"wp-block-image size-full\"><img loading=\"lazy\" decoding=\"async\" width=\"1200\" height=\"800\" src=\"https:\/\/www.italpassion.fr\/wp-content\/uploads\/2025\/06\/lancia-delta-11.jpg\" alt=\"\" class=\"wp-image-38833\" srcset=\"https:\/\/www.italpassion.fr\/wp-content\/uploads\/2025\/06\/lancia-delta-11.jpg 1200w, https:\/\/www.italpassion.fr\/wp-content\/uploads\/2025\/06\/lancia-delta-11-420x280.jpg 420w, https:\/\/www.italpassion.fr\/wp-content\/uploads\/2025\/06\/lancia-delta-11-768x512.jpg 768w, https:\/\/www.italpassion.fr\/wp-content\/uploads\/2025\/06\/lancia-delta-11-18x12.jpg 18w\" sizes=\"auto, (max-width: 1200px) 100vw, 1200px\" \/><figcaption class=\"wp-element-caption\">Foto Nicolas Anderbegani per Italpassion<\/figcaption><\/figure>\n\n\n\n<figure class=\"wp-block-image size-full\"><img loading=\"lazy\" decoding=\"async\" width=\"1200\" height=\"800\" src=\"https:\/\/www.italpassion.fr\/wp-content\/uploads\/2025\/06\/lancia-delta-days-12.jpg\" alt=\"\" class=\"wp-image-38834\" srcset=\"https:\/\/www.italpassion.fr\/wp-content\/uploads\/2025\/06\/lancia-delta-days-12.jpg 1200w, https:\/\/www.italpassion.fr\/wp-content\/uploads\/2025\/06\/lancia-delta-days-12-420x280.jpg 420w, https:\/\/www.italpassion.fr\/wp-content\/uploads\/2025\/06\/lancia-delta-days-12-768x512.jpg 768w, https:\/\/www.italpassion.fr\/wp-content\/uploads\/2025\/06\/lancia-delta-days-12-18x12.jpg 18w\" sizes=\"auto, (max-width: 1200px) 100vw, 1200px\" \/><figcaption class=\"wp-element-caption\">Foto Nicolas Anderbegani per Italpassion<\/figcaption><\/figure>\n\n\n\n<figure class=\"wp-block-image size-full\"><img loading=\"lazy\" decoding=\"async\" width=\"1200\" height=\"800\" src=\"https:\/\/www.italpassion.fr\/wp-content\/uploads\/2025\/06\/lancia-delta-days.jpg\" alt=\"\" class=\"wp-image-38835\" srcset=\"https:\/\/www.italpassion.fr\/wp-content\/uploads\/2025\/06\/lancia-delta-days.jpg 1200w, https:\/\/www.italpassion.fr\/wp-content\/uploads\/2025\/06\/lancia-delta-days-420x280.jpg 420w, https:\/\/www.italpassion.fr\/wp-content\/uploads\/2025\/06\/lancia-delta-days-768x512.jpg 768w, https:\/\/www.italpassion.fr\/wp-content\/uploads\/2025\/06\/lancia-delta-days-18x12.jpg 18w\" sizes=\"auto, (max-width: 1200px) 100vw, 1200px\" \/><figcaption class=\"wp-element-caption\">Foto Nicolas Anderbegani per Italpassion<\/figcaption><\/figure>\n\n\n\n<figure class=\"wp-block-image size-full\"><img loading=\"lazy\" decoding=\"async\" width=\"1200\" height=\"800\" src=\"https:\/\/www.italpassion.fr\/wp-content\/uploads\/2025\/06\/lancia-delta-days-14.jpg\" alt=\"\" class=\"wp-image-38836\" srcset=\"https:\/\/www.italpassion.fr\/wp-content\/uploads\/2025\/06\/lancia-delta-days-14.jpg 1200w, https:\/\/www.italpassion.fr\/wp-content\/uploads\/2025\/06\/lancia-delta-days-14-420x280.jpg 420w, https:\/\/www.italpassion.fr\/wp-content\/uploads\/2025\/06\/lancia-delta-days-14-768x512.jpg 768w, https:\/\/www.italpassion.fr\/wp-content\/uploads\/2025\/06\/lancia-delta-days-14-18x12.jpg 18w\" sizes=\"auto, (max-width: 1200px) 100vw, 1200px\" \/><figcaption class=\"wp-element-caption\">Foto Nicolas Anderbegani per Italpassion<\/figcaption><\/figure>\n\n\n\n<p>In un certo senso, la Delta HF Turbo ha aperto la strada alla leggenda, anche se poi \u00e8 stata eclissata dalla Int\u00e9grale. Nella versione HF, il blocco da 1585 cm3 raggiungeva 130 CV grazie a questo Garrett T3 Turbo, rispetto ai 105 CV della versione ad aspirazione naturale (la GT).<\/p>\n\n\n\n<p><strong>Questa Lancia delta hf turbo ie \u00e8 dotata del famoso kit Martini Racing sviluppato nel 1984 da Chardonnet,<\/strong> Un noto importatore per Lancia e Autobianchi: oltre ai parafanghi e al kit aerodinamico, presentava le famose tubazioni Martini Racing, anche sul volante, e i doppi fari. <\/p>\n\n\n\n<figure class=\"wp-block-image size-full\"><img loading=\"lazy\" decoding=\"async\" width=\"1200\" height=\"800\" src=\"https:\/\/www.italpassion.fr\/wp-content\/uploads\/2025\/06\/lancia-delta-days-15.jpg\" alt=\"\" class=\"wp-image-38837\" srcset=\"https:\/\/www.italpassion.fr\/wp-content\/uploads\/2025\/06\/lancia-delta-days-15.jpg 1200w, https:\/\/www.italpassion.fr\/wp-content\/uploads\/2025\/06\/lancia-delta-days-15-420x280.jpg 420w, https:\/\/www.italpassion.fr\/wp-content\/uploads\/2025\/06\/lancia-delta-days-15-768x512.jpg 768w, https:\/\/www.italpassion.fr\/wp-content\/uploads\/2025\/06\/lancia-delta-days-15-18x12.jpg 18w\" sizes=\"auto, (max-width: 1200px) 100vw, 1200px\" \/><figcaption class=\"wp-element-caption\">Foto Nicolas Anderbegani per Italpassion<\/figcaption><\/figure>\n\n\n\n<figure class=\"wp-block-image size-full\"><img loading=\"lazy\" decoding=\"async\" width=\"1200\" height=\"800\" src=\"https:\/\/www.italpassion.fr\/wp-content\/uploads\/2025\/06\/lancia-delta-days-16.jpg\" alt=\"\" class=\"wp-image-38838\" srcset=\"https:\/\/www.italpassion.fr\/wp-content\/uploads\/2025\/06\/lancia-delta-days-16.jpg 1200w, https:\/\/www.italpassion.fr\/wp-content\/uploads\/2025\/06\/lancia-delta-days-16-420x280.jpg 420w, https:\/\/www.italpassion.fr\/wp-content\/uploads\/2025\/06\/lancia-delta-days-16-768x512.jpg 768w, https:\/\/www.italpassion.fr\/wp-content\/uploads\/2025\/06\/lancia-delta-days-16-18x12.jpg 18w\" sizes=\"auto, (max-width: 1200px) 100vw, 1200px\" \/><figcaption class=\"wp-element-caption\">Foto Nicolas Anderbegani per Italpassion<\/figcaption><\/figure>\n\n\n\n<p>Da notare che, poich\u00e9 i battesimi non hanno potuto avere luogo, sono stati i membri del club a unire le forze con l'associazione per firmare un assegno di 2.000 euro all'ASBH, l'Associazione Nazionale Spinda Bifida e Handicap.<\/p>\n\n\n\n<figure class=\"wp-block-embed is-type-video is-provider-youtube wp-block-embed-youtube wp-embed-aspect-16-9 wp-has-aspect-ratio\"><div class=\"wp-block-embed__wrapper\">\n<iframe loading=\"lazy\" title=\"DELTA DAYS: IL FESTIVAL DELTA INTEGRALE DI LANCIA 06!\" width=\"1200\" height=\"675\" src=\"https:\/\/www.youtube-nocookie.com\/embed\/PkvkTPQ4D4A?feature=oembed\" frameborder=\"0\" allow=\"accelerometer; autoplay; clipboard-write; encrypted-media; gyroscope; picture-in-picture; web-share\" referrerpolicy=\"strict-origin-when-cross-origin\" allowfullscreen><\/iframe>\n<\/div><\/figure>","protected":false},"excerpt":{"rendered":"","protected":false},"author":8,"featured_media":38840,"comment_status":"open","ping_status":"open","sticky":false,"template":"","format":"standard","meta":{"_acf_changed":false,"_sitemap_exclude":false,"_sitemap_priority":"","_sitemap_frequency":"","footnotes":""},"categories":[26],"tags":[],"class_list":["post-38823","post","type-post","status-publish","format-standard","has-post-thumbnail","hentry","category-lancia","generate-columns","tablet-grid-50","mobile-grid-100","grid-parent","grid-33"],"acf":[],"yoast_head":"<!-- This site is optimized with the Yoast SEO plugin v25.8 - https:\/\/yoast.com\/wordpress\/plugins\/seo\/ -->\n<title>On \u00e9tait aux Delta Days : voici les Lancia Delta les plus spectaculaires en images ! - ItalPassion<\/title>\n<meta name=\"description\" content=\"Cr\u00e9\u00e9e en 2001, la Scuderia Lancia Int\u00e9grale, bas\u00e9e dans le sud-est de la France, organisait la premi\u00e8re \u00e9dition des \u00ab&nbsp;Delta Days&nbsp;\u00bb, un grand\" \/>\n<meta name=\"robots\" content=\"index, follow, max-snippet:-1, max-image-preview:large, max-video-preview:-1\" \/>\n<link rel=\"canonical\" href=\"https:\/\/www.italpassion.fr\/it\/lancia\/siamo-stati-ai-delta-days-ecco-i-delta-di-lancia-piu-spettacolari-in-foto\/\" \/>\n<meta property=\"og:locale\" content=\"it_IT\" \/>\n<meta property=\"og:type\" content=\"article\" \/>\n<meta property=\"og:title\" content=\"On \u00e9tait aux Delta Days : voici les Lancia Delta les plus spectaculaires en images ! - ItalPassion\" \/>\n<meta property=\"og:description\" content=\"Cr\u00e9\u00e9e en 2001, la Scuderia Lancia Int\u00e9grale, bas\u00e9e dans le sud-est de la France, organisait la premi\u00e8re \u00e9dition des \u00ab&nbsp;Delta Days&nbsp;\u00bb, un grand\" \/>\n<meta property=\"og:url\" content=\"https:\/\/www.italpassion.fr\/it\/lancia\/siamo-stati-ai-delta-days-ecco-i-delta-di-lancia-piu-spettacolari-in-foto\/\" \/>\n<meta property=\"og:site_name\" content=\"ItalPassion\" \/>\n<meta property=\"article:publisher\" content=\"https:\/\/www.facebook.com\/italpassion\" \/>\n<meta property=\"article:published_time\" content=\"2025-06-02T08:02:43+00:00\" \/>\n<meta property=\"article:modified_time\" content=\"2025-06-02T08:06:48+00:00\" \/>\n<meta property=\"og:image\" content=\"https:\/\/www.italpassion.fr\/wp-content\/uploads\/2025\/06\/lancia-delta-days-thumn.jpg\" \/>\n\t<meta property=\"og:image:width\" content=\"1200\" \/>\n\t<meta property=\"og:image:height\" content=\"800\" \/>\n\t<meta property=\"og:image:type\" content=\"image\/jpeg\" \/>\n<meta name=\"author\" content=\"Nicolas Anderbegani\" \/>\n<meta name=\"twitter:card\" content=\"summary_large_image\" \/>\n<meta name=\"twitter:creator\" content=\"@italpassion\" \/>\n<meta name=\"twitter:site\" content=\"@italpassion\" \/>\n<script type=\"application\/ld+json\" class=\"yoast-schema-graph\">{\"@context\":\"https:\/\/schema.org\",\"@graph\":[{\"@type\":\"NewsArticle\",\"@id\":\"https:\/\/www.italpassion.fr\/it\/lancia\/on-etait-aux-delta-days-voici-les-lancia-delta-les-plus-spectaculaires-en-images\/#article\",\"isPartOf\":{\"@id\":\"https:\/\/www.italpassion.fr\/it\/lancia\/on-etait-aux-delta-days-voici-les-lancia-delta-les-plus-spectaculaires-en-images\/\"},\"author\":{\"name\":\"Nicolas Anderbegani\",\"@id\":\"https:\/\/www.italpassion.fr\/it\/#\/schema\/person\/efd63d72fc8007741c5836a896805b04\"},\"headline\":\"On \u00e9tait aux Delta Days : voici les Lancia Delta les plus spectaculaires en images !\",\"datePublished\":\"2025-06-02T08:02:43+00:00\",\"dateModified\":\"2025-06-02T08:06:48+00:00\",\"mainEntityOfPage\":{\"@id\":\"https:\/\/www.italpassion.fr\/it\/lancia\/on-etait-aux-delta-days-voici-les-lancia-delta-les-plus-spectaculaires-en-images\/\"},\"wordCount\":1032,\"commentCount\":0,\"publisher\":{\"@id\":\"https:\/\/www.italpassion.fr\/it\/#organization\"},\"image\":{\"@id\":\"https:\/\/www.italpassion.fr\/it\/lancia\/on-etait-aux-delta-days-voici-les-lancia-delta-les-plus-spectaculaires-en-images\/#primaryimage\"},\"thumbnailUrl\":\"https:\/\/www.italpassion.fr\/wp-content\/uploads\/2025\/06\/lancia-delta-days-thumn.jpg\",\"articleSection\":[\"Lancia\"],\"inLanguage\":\"it-IT\",\"potentialAction\":[{\"@type\":\"CommentAction\",\"name\":\"Comment\",\"target\":[\"https:\/\/www.italpassion.fr\/it\/lancia\/on-etait-aux-delta-days-voici-les-lancia-delta-les-plus-spectaculaires-en-images\/#respond\"]}]},{\"@type\":\"WebPage\",\"@id\":\"https:\/\/www.italpassion.fr\/it\/lancia\/on-etait-aux-delta-days-voici-les-lancia-delta-les-plus-spectaculaires-en-images\/\",\"url\":\"https:\/\/www.italpassion.fr\/it\/lancia\/on-etait-aux-delta-days-voici-les-lancia-delta-les-plus-spectaculaires-en-images\/\",\"name\":\"On \u00e9tait aux Delta Days : voici les Lancia Delta les plus spectaculaires en images ! - ItalPassion\",\"isPartOf\":{\"@id\":\"https:\/\/www.italpassion.fr\/it\/#website\"},\"primaryImageOfPage\":{\"@id\":\"https:\/\/www.italpassion.fr\/it\/lancia\/on-etait-aux-delta-days-voici-les-lancia-delta-les-plus-spectaculaires-en-images\/#primaryimage\"},\"image\":{\"@id\":\"https:\/\/www.italpassion.fr\/it\/lancia\/on-etait-aux-delta-days-voici-les-lancia-delta-les-plus-spectaculaires-en-images\/#primaryimage\"},\"thumbnailUrl\":\"https:\/\/www.italpassion.fr\/wp-content\/uploads\/2025\/06\/lancia-delta-days-thumn.jpg\",\"datePublished\":\"2025-06-02T08:02:43+00:00\",\"dateModified\":\"2025-06-02T08:06:48+00:00\",\"description\":\"Cr\u00e9\u00e9e en 2001, la Scuderia Lancia Int\u00e9grale, bas\u00e9e dans le sud-est de la France, organisait la premi\u00e8re \u00e9dition des \u00ab&nbsp;Delta Days&nbsp;\u00bb, un grand\",\"breadcrumb\":{\"@id\":\"https:\/\/www.italpassion.fr\/it\/lancia\/on-etait-aux-delta-days-voici-les-lancia-delta-les-plus-spectaculaires-en-images\/#breadcrumb\"},\"inLanguage\":\"it-IT\",\"potentialAction\":[{\"@type\":\"ReadAction\",\"target\":[\"https:\/\/www.italpassion.fr\/it\/lancia\/on-etait-aux-delta-days-voici-les-lancia-delta-les-plus-spectaculaires-en-images\/\"]}]},{\"@type\":\"ImageObject\",\"inLanguage\":\"it-IT\",\"@id\":\"https:\/\/www.italpassion.fr\/it\/lancia\/on-etait-aux-delta-days-voici-les-lancia-delta-les-plus-spectaculaires-en-images\/#primaryimage\",\"url\":\"https:\/\/www.italpassion.fr\/wp-content\/uploads\/2025\/06\/lancia-delta-days-thumn.jpg\",\"contentUrl\":\"https:\/\/www.italpassion.fr\/wp-content\/uploads\/2025\/06\/lancia-delta-days-thumn.jpg\",\"width\":1200,\"height\":800},{\"@type\":\"BreadcrumbList\",\"@id\":\"https:\/\/www.italpassion.fr\/it\/lancia\/on-etait-aux-delta-days-voici-les-lancia-delta-les-plus-spectaculaires-en-images\/#breadcrumb\",\"itemListElement\":[{\"@type\":\"ListItem\",\"position\":1,\"name\":\"Accueil\",\"item\":\"https:\/\/www.italpassion.fr\/it\/\"},{\"@type\":\"ListItem\",\"position\":2,\"name\":\"On \u00e9tait aux Delta Days : voici les Lancia Delta les plus spectaculaires en images !\"}]},{\"@type\":\"WebSite\",\"@id\":\"https:\/\/www.italpassion.fr\/it\/#website\",\"url\":\"https:\/\/www.italpassion.fr\/it\/\",\"name\":\"ItalPassion\",\"description\":\"Les Passionn\u00e9s d&#039;Automobiles Italiennes\",\"publisher\":{\"@id\":\"https:\/\/www.italpassion.fr\/it\/#organization\"},\"potentialAction\":[{\"@type\":\"SearchAction\",\"target\":{\"@type\":\"EntryPoint\",\"urlTemplate\":\"https:\/\/www.italpassion.fr\/it\/?s={search_term_string}\"},\"query-input\":{\"@type\":\"PropertyValueSpecification\",\"valueRequired\":true,\"valueName\":\"search_term_string\"}}],\"inLanguage\":\"it-IT\"},{\"@type\":\"Organization\",\"@id\":\"https:\/\/www.italpassion.fr\/it\/#organization\",\"name\":\"Italpassion\",\"url\":\"https:\/\/www.italpassion.fr\/it\/\",\"logo\":{\"@type\":\"ImageObject\",\"inLanguage\":\"it-IT\",\"@id\":\"https:\/\/www.italpassion.fr\/it\/#\/schema\/logo\/image\/\",\"url\":\"https:\/\/www.italpassion.fr\/wp-content\/uploads\/2023\/07\/italpassion-yoast.jpg\",\"contentUrl\":\"https:\/\/www.italpassion.fr\/wp-content\/uploads\/2023\/07\/italpassion-yoast.jpg\",\"width\":696,\"height\":696,\"caption\":\"Italpassion\"},\"image\":{\"@id\":\"https:\/\/www.italpassion.fr\/it\/#\/schema\/logo\/image\/\"},\"sameAs\":[\"https:\/\/www.facebook.com\/italpassion\",\"https:\/\/x.com\/italpassion\",\"https:\/\/www.instagram.com\/italpassionfr\/\",\"https:\/\/www.youtube.com\/channel\/UCleq-ByQaA42OjhopwevRjQ\",\"https:\/\/www.facebook.com\/italpassion.en\/\",\"https:\/\/www.facebook.com\/italpassion.it\/\",\"https:\/\/www.facebook.com\/italpassion.de\/\",\"https:\/\/www.facebook.com\/italpassion.ja\/\"]},{\"@type\":\"Person\",\"@id\":\"https:\/\/www.italpassion.fr\/it\/#\/schema\/person\/efd63d72fc8007741c5836a896805b04\",\"name\":\"Nicolas Anderbegani\",\"image\":{\"@type\":\"ImageObject\",\"inLanguage\":\"it-IT\",\"@id\":\"https:\/\/www.italpassion.fr\/it\/#\/schema\/person\/image\/\",\"url\":\"https:\/\/www.italpassion.fr\/wp-content\/uploads\/2025\/05\/nicolas-anderbegani-160x160.jpg\",\"contentUrl\":\"https:\/\/www.italpassion.fr\/wp-content\/uploads\/2025\/05\/nicolas-anderbegani-160x160.jpg\",\"caption\":\"Nicolas Anderbegani\"},\"description\":\"Nicolas est passionn\u00e9 d\u2019histoire et de sport automobile. Il roule en Alfa Romeo Giulietta et vous partagera avec vous sa passion de l\u2019automobile italienne.\",\"url\":\"https:\/\/www.italpassion.fr\/it\/author\/nicolas\/\"}]}<\/script>\n<!-- \/ Yoast SEO plugin. -->","yoast_head_json":{"title":"Siamo stati ai Delta Days: ecco le foto pi\u00f9 spettacolari della Lancia Delta! - ItalPassion","description":"Creata nel 2001, la Scuderia Lancia Int\u00e9grale, con sede nel sud-est della Francia, ha organizzato la prima edizione dei Delta Days, una manifestazione su larga scala che ha visto la partecipazione di un gruppo di persone.","robots":{"index":"index","follow":"follow","max-snippet":"max-snippet:-1","max-image-preview":"max-image-preview:large","max-video-preview":"max-video-preview:-1"},"canonical":"https:\/\/www.italpassion.fr\/it\/lancia\/siamo-stati-ai-delta-days-ecco-i-delta-di-lancia-piu-spettacolari-in-foto\/","og_locale":"it_IT","og_type":"article","og_title":"On \u00e9tait aux Delta Days : voici les Lancia Delta les plus spectaculaires en images ! - ItalPassion","og_description":"Cr\u00e9\u00e9e en 2001, la Scuderia Lancia Int\u00e9grale, bas\u00e9e dans le sud-est de la France, organisait la premi\u00e8re \u00e9dition des \u00ab&nbsp;Delta Days&nbsp;\u00bb, un grand","og_url":"https:\/\/www.italpassion.fr\/it\/lancia\/siamo-stati-ai-delta-days-ecco-i-delta-di-lancia-piu-spettacolari-in-foto\/","og_site_name":"ItalPassion","article_publisher":"https:\/\/www.facebook.com\/italpassion","article_published_time":"2025-06-02T08:02:43+00:00","article_modified_time":"2025-06-02T08:06:48+00:00","og_image":[{"width":1200,"height":800,"url":"https:\/\/www.italpassion.fr\/wp-content\/uploads\/2025\/06\/lancia-delta-days-thumn.jpg","type":"image\/jpeg"}],"author":"Nicolas Anderbegani","twitter_card":"summary_large_image","twitter_creator":"@italpassion","twitter_site":"@italpassion","schema":{"@context":"https:\/\/schema.org","@graph":[{"@type":"NewsArticle","@id":"https:\/\/www.italpassion.fr\/it\/lancia\/on-etait-aux-delta-days-voici-les-lancia-delta-les-plus-spectaculaires-en-images\/#article","isPartOf":{"@id":"https:\/\/www.italpassion.fr\/it\/lancia\/on-etait-aux-delta-days-voici-les-lancia-delta-les-plus-spectaculaires-en-images\/"},"author":{"name":"Nicolas Anderbegani","@id":"https:\/\/www.italpassion.fr\/it\/#\/schema\/person\/efd63d72fc8007741c5836a896805b04"},"headline":"On \u00e9tait aux Delta Days : voici les Lancia Delta les plus spectaculaires en images !","datePublished":"2025-06-02T08:02:43+00:00","dateModified":"2025-06-02T08:06:48+00:00","mainEntityOfPage":{"@id":"https:\/\/www.italpassion.fr\/it\/lancia\/on-etait-aux-delta-days-voici-les-lancia-delta-les-plus-spectaculaires-en-images\/"},"wordCount":1032,"commentCount":0,"publisher":{"@id":"https:\/\/www.italpassion.fr\/it\/#organization"},"image":{"@id":"https:\/\/www.italpassion.fr\/it\/lancia\/on-etait-aux-delta-days-voici-les-lancia-delta-les-plus-spectaculaires-en-images\/#primaryimage"},"thumbnailUrl":"https:\/\/www.italpassion.fr\/wp-content\/uploads\/2025\/06\/lancia-delta-days-thumn.jpg","articleSection":["Lancia"],"inLanguage":"it-IT","potentialAction":[{"@type":"CommentAction","name":"Comment","target":["https:\/\/www.italpassion.fr\/it\/lancia\/on-etait-aux-delta-days-voici-les-lancia-delta-les-plus-spectaculaires-en-images\/#respond"]}]},{"@type":"WebPage","@id":"https:\/\/www.italpassion.fr\/it\/lancia\/on-etait-aux-delta-days-voici-les-lancia-delta-les-plus-spectaculaires-en-images\/","url":"https:\/\/www.italpassion.fr\/it\/lancia\/on-etait-aux-delta-days-voici-les-lancia-delta-les-plus-spectaculaires-en-images\/","name":"Siamo stati ai Delta Days: ecco le foto pi\u00f9 spettacolari della Lancia Delta! - ItalPassion","isPartOf":{"@id":"https:\/\/www.italpassion.fr\/it\/#website"},"primaryImageOfPage":{"@id":"https:\/\/www.italpassion.fr\/it\/lancia\/on-etait-aux-delta-days-voici-les-lancia-delta-les-plus-spectaculaires-en-images\/#primaryimage"},"image":{"@id":"https:\/\/www.italpassion.fr\/it\/lancia\/on-etait-aux-delta-days-voici-les-lancia-delta-les-plus-spectaculaires-en-images\/#primaryimage"},"thumbnailUrl":"https:\/\/www.italpassion.fr\/wp-content\/uploads\/2025\/06\/lancia-delta-days-thumn.jpg","datePublished":"2025-06-02T08:02:43+00:00","dateModified":"2025-06-02T08:06:48+00:00","description":"Creata nel 2001, la Scuderia Lancia Int\u00e9grale, con sede nel sud-est della Francia, ha organizzato la prima edizione dei Delta Days, una manifestazione su larga scala che ha visto la partecipazione di un gruppo di persone.","breadcrumb":{"@id":"https:\/\/www.italpassion.fr\/it\/lancia\/on-etait-aux-delta-days-voici-les-lancia-delta-les-plus-spectaculaires-en-images\/#breadcrumb"},"inLanguage":"it-IT","potentialAction":[{"@type":"ReadAction","target":["https:\/\/www.italpassion.fr\/it\/lancia\/on-etait-aux-delta-days-voici-les-lancia-delta-les-plus-spectaculaires-en-images\/"]}]},{"@type":"ImageObject","inLanguage":"it-IT","@id":"https:\/\/www.italpassion.fr\/it\/lancia\/on-etait-aux-delta-days-voici-les-lancia-delta-les-plus-spectaculaires-en-images\/#primaryimage","url":"https:\/\/www.italpassion.fr\/wp-content\/uploads\/2025\/06\/lancia-delta-days-thumn.jpg","contentUrl":"https:\/\/www.italpassion.fr\/wp-content\/uploads\/2025\/06\/lancia-delta-days-thumn.jpg","width":1200,"height":800},{"@type":"BreadcrumbList","@id":"https:\/\/www.italpassion.fr\/it\/lancia\/on-etait-aux-delta-days-voici-les-lancia-delta-les-plus-spectaculaires-en-images\/#breadcrumb","itemListElement":[{"@type":"ListItem","position":1,"name":"Accueil","item":"https:\/\/www.italpassion.fr\/it\/"},{"@type":"ListItem","position":2,"name":"On \u00e9tait aux Delta Days : voici les Lancia Delta les plus spectaculaires en images !"}]},{"@type":"WebSite","@id":"https:\/\/www.italpassion.fr\/it\/#website","url":"https:\/\/www.italpassion.fr\/it\/","name":"ItalPassion","description":"Appassionati di auto italiane","publisher":{"@id":"https:\/\/www.italpassion.fr\/it\/#organization"},"potentialAction":[{"@type":"SearchAction","target":{"@type":"EntryPoint","urlTemplate":"https:\/\/www.italpassion.fr\/it\/?s={search_term_string}"},"query-input":{"@type":"PropertyValueSpecification","valueRequired":true,"valueName":"search_term_string"}}],"inLanguage":"it-IT"},{"@type":"Organization","@id":"https:\/\/www.italpassion.fr\/it\/#organization","name":"Italpassion","url":"https:\/\/www.italpassion.fr\/it\/","logo":{"@type":"ImageObject","inLanguage":"it-IT","@id":"https:\/\/www.italpassion.fr\/it\/#\/schema\/logo\/image\/","url":"https:\/\/www.italpassion.fr\/wp-content\/uploads\/2023\/07\/italpassion-yoast.jpg","contentUrl":"https:\/\/www.italpassion.fr\/wp-content\/uploads\/2023\/07\/italpassion-yoast.jpg","width":696,"height":696,"caption":"Italpassion"},"image":{"@id":"https:\/\/www.italpassion.fr\/it\/#\/schema\/logo\/image\/"},"sameAs":["https:\/\/www.facebook.com\/italpassion","https:\/\/x.com\/italpassion","https:\/\/www.instagram.com\/italpassionfr\/","https:\/\/www.youtube.com\/channel\/UCleq-ByQaA42OjhopwevRjQ","https:\/\/www.facebook.com\/italpassion.en\/","https:\/\/www.facebook.com\/italpassion.it\/","https:\/\/www.facebook.com\/italpassion.de\/","https:\/\/www.facebook.com\/italpassion.ja\/"]},{"@type":"Person","@id":"https:\/\/www.italpassion.fr\/it\/#\/schema\/person\/efd63d72fc8007741c5836a896805b04","name":"Nicolas Anderbegani","image":{"@type":"ImageObject","inLanguage":"it-IT","@id":"https:\/\/www.italpassion.fr\/it\/#\/schema\/person\/image\/","url":"https:\/\/www.italpassion.fr\/wp-content\/uploads\/2025\/05\/nicolas-anderbegani-160x160.jpg","contentUrl":"https:\/\/www.italpassion.fr\/wp-content\/uploads\/2025\/05\/nicolas-anderbegani-160x160.jpg","caption":"Nicolas Anderbegani"},"description":"Nicolas \u00e8 appassionato di storia e di sport motoristici. Guida un'Alfa Romeo Giulietta e sar\u00e0 lieto di condividere con voi la sua passione per le auto italiane.","url":"https:\/\/www.italpassion.fr\/it\/author\/nicolas\/"}]}},"_links":{"self":[{"href":"https:\/\/www.italpassion.fr\/it\/wp-json\/wp\/v2\/posts\/38823","targetHints":{"allow":["GET"]}}],"collection":[{"href":"https:\/\/www.italpassion.fr\/it\/wp-json\/wp\/v2\/posts"}],"about":[{"href":"https:\/\/www.italpassion.fr\/it\/wp-json\/wp\/v2\/types\/post"}],"author":[{"embeddable":true,"href":"https:\/\/www.italpassion.fr\/it\/wp-json\/wp\/v2\/users\/8"}],"replies":[{"embeddable":true,"href":"https:\/\/www.italpassion.fr\/it\/wp-json\/wp\/v2\/comments?post=38823"}],"version-history":[{"count":3,"href":"https:\/\/www.italpassion.fr\/it\/wp-json\/wp\/v2\/posts\/38823\/revisions"}],"predecessor-version":[{"id":38843,"href":"https:\/\/www.italpassion.fr\/it\/wp-json\/wp\/v2\/posts\/38823\/revisions\/38843"}],"wp:featuredmedia":[{"embeddable":true,"href":"https:\/\/www.italpassion.fr\/it\/wp-json\/wp\/v2\/media\/38840"}],"wp:attachment":[{"href":"https:\/\/www.italpassion.fr\/it\/wp-json\/wp\/v2\/media?parent=38823"}],"wp:term":[{"taxonomy":"category","embeddable":true,"href":"https:\/\/www.italpassion.fr\/it\/wp-json\/wp\/v2\/categories?post=38823"},{"taxonomy":"post_tag","embeddable":true,"href":"https:\/\/www.italpassion.fr\/it\/wp-json\/wp\/v2\/tags?post=38823"}],"curies":[{"name":"wp","href":"https:\/\/api.w.org\/{rel}","templated":true}]}}