{"id":38778,"date":"2025-05-29T14:25:23","date_gmt":"2025-05-29T12:25:23","guid":{"rendered":"https:\/\/www.italpassion.fr\/?p=38778"},"modified":"2025-05-29T14:25:23","modified_gmt":"2025-05-29T12:25:23","slug":"parcheggia-la-sua-lamborghini-in-uno-spazio-per-disabili-e-viene-criticato-e-insultato","status":"publish","type":"post","link":"https:\/\/www.italpassion.fr\/it\/lamborghini\/il-gare-sa-lamborghini-sur-une-place-handicape-se-fait-critiquer-insulter-et-pourtant\/","title":{"rendered":"Parcheggia la sua Lamborghini in uno spazio per disabili, viene criticato e insultato, eppure..."},"content":{"rendered":"<p><strong>Sui social network l'indignazione pu\u00f2 essere travolgente. E a volte... totalmente ingiusta. <\/strong>\u00c8 esattamente quello che \u00e8 successo qualche giorno fa, quando un uomo \u00e8 stato violentemente criticato per aver parcheggiato il suo <a href=\"https:\/\/www.italpassion.fr\/it\/lamborghini\/\">Lamborghini<\/a> in uno spazio riservato ai disabili. Giudicato in pochi secondi e insultato al volo, ha messo le cose in chiaro.<\/p>\n\n\n\n<h2 class=\"wp-block-heading\">Una supercar in una piazza blu, ed esplode l'indignazione<\/h2>\n\n\n\n<figure class=\"wp-block-image size-full\"><img loading=\"lazy\" decoding=\"async\" width=\"1200\" height=\"800\" src=\"https:\/\/www.italpassion.fr\/wp-content\/uploads\/2025\/05\/lamborghini-handicap.jpg\" alt=\"\" class=\"wp-image-38779\" srcset=\"https:\/\/www.italpassion.fr\/wp-content\/uploads\/2025\/05\/lamborghini-handicap.jpg 1200w, https:\/\/www.italpassion.fr\/wp-content\/uploads\/2025\/05\/lamborghini-handicap-420x280.jpg 420w, https:\/\/www.italpassion.fr\/wp-content\/uploads\/2025\/05\/lamborghini-handicap-768x512.jpg 768w, https:\/\/www.italpassion.fr\/wp-content\/uploads\/2025\/05\/lamborghini-handicap-18x12.jpg 18w\" sizes=\"auto, (max-width: 1200px) 100vw, 1200px\" \/><\/figure>\n\n\n\n<p>La scena \u00e8 stata immortalata in una foto e poi diffusa su Facebook, Instagram e Reddit: <em>una Lamborghini Hurac\u00e1n che si erge orgogliosa in un parcheggio per disabili.<\/em> \u00c8 bastato questo per scatenare una valanga di commenti.<\/p>\n\n\n\n<p>\"Un altro ricco che pensa di farla franca\", \"Davvero? Che egoismo!\", \"Dovrebbe essere multato con una cifra record\"... Gli utenti di Internet si sono affrettati a condannare, immaginando un proprietario arrogante, spensierato, persino sprezzante. Ma come spesso accade, la verit\u00e0 \u00e8 pi\u00f9 complessa delle apparenze.<\/p>\n\n\n\n<h2 class=\"wp-block-heading\">La risposta del proprietario: un colpo che fermer\u00e0 tutti<\/h2>\n\n\n\n<p>Mentre la polemica cresceva, il proprietario della supercar ha deciso di rispondere. E lo ha fatto con una foto che ha messo fine al dibattito. La foto lo ritrae sdraiato accanto alla sua Lamborghini, mostrando non solo un contrassegno di parcheggio per disabili... ma anche la sua protesi alla gamba. Sotto l'immagine c'\u00e8 una didascalia ironica e agghiacciante: <strong>\"Una foto per tutti i miei fan\".<\/strong><\/p>\n\n\n\n<figure class=\"wp-block-image size-full\"><img loading=\"lazy\" decoding=\"async\" width=\"1200\" height=\"900\" src=\"https:\/\/www.italpassion.fr\/wp-content\/uploads\/2025\/05\/lamborghini-handicap-2.jpg\" alt=\"\" class=\"wp-image-38780\" srcset=\"https:\/\/www.italpassion.fr\/wp-content\/uploads\/2025\/05\/lamborghini-handicap-2.jpg 1200w, https:\/\/www.italpassion.fr\/wp-content\/uploads\/2025\/05\/lamborghini-handicap-2-420x315.jpg 420w, https:\/\/www.italpassion.fr\/wp-content\/uploads\/2025\/05\/lamborghini-handicap-2-768x576.jpg 768w, https:\/\/www.italpassion.fr\/wp-content\/uploads\/2025\/05\/lamborghini-handicap-2-16x12.jpg 16w\" sizes=\"auto, (max-width: 1200px) 100vw, 1200px\" \/><\/figure>\n\n\n\n<p>La pubblicazione ha sconvolto l'opinione pubblica. Non solo quest'uomo aveva tutto il diritto di parcheggiare l\u00ec, ma aveva anche scelto uno spazio pi\u00f9 ampio per poter scendere dalla sua auto in condizioni adeguate.<\/p>\n\n\n\n<h2 class=\"wp-block-heading\">Un utile promemoria: mai giudicare troppo in fretta<\/h2>\n\n\n\n<p>Questa notizia, tanto virale quanto istruttiva, evidenzia quanto le apparenze possano essere ingannevoli, soprattutto quando si tratta di auto di lusso. Possedere una Lamborghini non significa non avere una disabilit\u00e0. E anche se la carta di credito non era immediatamente visibile sul cruscotto, questo non giustificava il fiume di odio ricevuto.<\/p>\n\n\n\n<p>Va inoltre ricordato che sulle auto molto basse e con parabrezza inclinato, come le supercar, le schede possono scivolare e diventare invisibili dall'esterno.<\/p>\n\n\n\n<p><strong>La morale della storia?<\/strong> Prima di esprimere un giudizio sulle reti, \u00e8 meglio aspettare di conoscere tutti i fatti. Perch\u00e9 a volte, dietro le apparenze di lusso ostentato, si nasconde una realt\u00e0 molto pi\u00f9 umana.<\/p>\n\n\n\n<iframe loading=\"lazy\" src=\"https:\/\/www.facebook.com\/plugins\/post.php?href=https%3A%2F%2Fwww.facebook.com%2Fspottedtorquay%2Fposts%2Fpfbid02Cgtc7VE3A4ZYpyf14aZLCRofcHTvFkqP1FFqhVN6QaXQWBC9TELAoXmYX41ovqw4l&#038;show_text=true&#038;width=500\" width=\"500\" height=\"466\" style=\"border:none;overflow:hidden\" scrolling=\"no\" frameborder=\"0\" allowfullscreen=\"true\" allow=\"autoplay; clipboard-write; encrypted-media; picture-in-picture; web-share\"><\/iframe>","protected":false},"excerpt":{"rendered":"","protected":false},"author":1,"featured_media":38779,"comment_status":"open","ping_status":"open","sticky":false,"template":"","format":"standard","meta":{"_acf_changed":false,"_sitemap_exclude":false,"_sitemap_priority":"","_sitemap_frequency":"","footnotes":""},"categories":[25],"tags":[375],"class_list":["post-38778","post","type-post","status-publish","format-standard","has-post-thumbnail","hentry","category-lamborghini","tag-lamborghini-huracan","generate-columns","tablet-grid-50","mobile-grid-100","grid-parent","grid-33"],"acf":[],"yoast_head":"<!-- This site is optimized with the Yoast SEO plugin v25.8 - https:\/\/yoast.com\/wordpress\/plugins\/seo\/ -->\n<title>Il gare sa Lamborghini sur une place handicap\u00e9, se fait critiquer, insulter, et pourtant... - ItalPassion<\/title>\n<meta name=\"description\" content=\"Sur les r\u00e9seaux sociaux, l\u2019indignation peut \u00eatre foudroyante. Et parfois\u2026 totalement injuste. C\u2019est exactement ce qui s\u2019est produit il y a quelques jours\" \/>\n<meta name=\"robots\" content=\"index, follow, max-snippet:-1, max-image-preview:large, max-video-preview:-1\" \/>\n<link rel=\"canonical\" href=\"https:\/\/www.italpassion.fr\/it\/lamborghini\/parcheggia-la-sua-lamborghini-in-uno-spazio-per-disabili-e-viene-criticato-e-insultato\/\" \/>\n<meta property=\"og:locale\" content=\"it_IT\" \/>\n<meta property=\"og:type\" content=\"article\" \/>\n<meta property=\"og:title\" content=\"Il gare sa Lamborghini sur une place handicap\u00e9, se fait critiquer, insulter, et pourtant... - ItalPassion\" \/>\n<meta property=\"og:description\" content=\"Sur les r\u00e9seaux sociaux, l\u2019indignation peut \u00eatre foudroyante. Et parfois\u2026 totalement injuste. C\u2019est exactement ce qui s\u2019est produit il y a quelques jours\" \/>\n<meta property=\"og:url\" content=\"https:\/\/www.italpassion.fr\/it\/lamborghini\/parcheggia-la-sua-lamborghini-in-uno-spazio-per-disabili-e-viene-criticato-e-insultato\/\" \/>\n<meta property=\"og:site_name\" content=\"ItalPassion\" \/>\n<meta property=\"article:publisher\" content=\"https:\/\/www.facebook.com\/italpassion\" \/>\n<meta property=\"article:published_time\" content=\"2025-05-29T12:25:23+00:00\" \/>\n<meta property=\"og:image\" content=\"https:\/\/www.italpassion.fr\/wp-content\/uploads\/2025\/05\/lamborghini-handicap.jpg\" \/>\n\t<meta property=\"og:image:width\" content=\"1200\" \/>\n\t<meta property=\"og:image:height\" content=\"800\" \/>\n\t<meta property=\"og:image:type\" content=\"image\/jpeg\" \/>\n<meta name=\"author\" content=\"Alexandre Filluzeau\" \/>\n<meta name=\"twitter:card\" content=\"summary_large_image\" \/>\n<meta name=\"twitter:creator\" content=\"@italpassion\" \/>\n<meta name=\"twitter:site\" content=\"@italpassion\" \/>\n<script type=\"application\/ld+json\" class=\"yoast-schema-graph\">{\"@context\":\"https:\/\/schema.org\",\"@graph\":[{\"@type\":\"NewsArticle\",\"@id\":\"https:\/\/www.italpassion.fr\/it\/lamborghini\/il-gare-sa-lamborghini-sur-une-place-handicape-se-fait-critiquer-insulter-et-pourtant\/#article\",\"isPartOf\":{\"@id\":\"https:\/\/www.italpassion.fr\/it\/lamborghini\/il-gare-sa-lamborghini-sur-une-place-handicape-se-fait-critiquer-insulter-et-pourtant\/\"},\"author\":{\"name\":\"Alexandre Filluzeau\",\"@id\":\"https:\/\/www.italpassion.fr\/it\/#\/schema\/person\/36f747b2a759ca202d847e85a9434ca0\"},\"headline\":\"Il gare sa Lamborghini sur une place handicap\u00e9, se fait critiquer, insulter, et pourtant&#8230;\",\"datePublished\":\"2025-05-29T12:25:23+00:00\",\"mainEntityOfPage\":{\"@id\":\"https:\/\/www.italpassion.fr\/it\/lamborghini\/il-gare-sa-lamborghini-sur-une-place-handicape-se-fait-critiquer-insulter-et-pourtant\/\"},\"wordCount\":459,\"commentCount\":5,\"publisher\":{\"@id\":\"https:\/\/www.italpassion.fr\/it\/#organization\"},\"image\":{\"@id\":\"https:\/\/www.italpassion.fr\/it\/lamborghini\/il-gare-sa-lamborghini-sur-une-place-handicape-se-fait-critiquer-insulter-et-pourtant\/#primaryimage\"},\"thumbnailUrl\":\"https:\/\/www.italpassion.fr\/wp-content\/uploads\/2025\/05\/lamborghini-handicap.jpg\",\"keywords\":[\"Lamborghini Huracan\"],\"articleSection\":[\"Lamborghini\"],\"inLanguage\":\"it-IT\",\"potentialAction\":[{\"@type\":\"CommentAction\",\"name\":\"Comment\",\"target\":[\"https:\/\/www.italpassion.fr\/it\/lamborghini\/il-gare-sa-lamborghini-sur-une-place-handicape-se-fait-critiquer-insulter-et-pourtant\/#respond\"]}]},{\"@type\":\"WebPage\",\"@id\":\"https:\/\/www.italpassion.fr\/it\/lamborghini\/il-gare-sa-lamborghini-sur-une-place-handicape-se-fait-critiquer-insulter-et-pourtant\/\",\"url\":\"https:\/\/www.italpassion.fr\/it\/lamborghini\/il-gare-sa-lamborghini-sur-une-place-handicape-se-fait-critiquer-insulter-et-pourtant\/\",\"name\":\"Il gare sa Lamborghini sur une place handicap\u00e9, se fait critiquer, insulter, et pourtant... - ItalPassion\",\"isPartOf\":{\"@id\":\"https:\/\/www.italpassion.fr\/it\/#website\"},\"primaryImageOfPage\":{\"@id\":\"https:\/\/www.italpassion.fr\/it\/lamborghini\/il-gare-sa-lamborghini-sur-une-place-handicape-se-fait-critiquer-insulter-et-pourtant\/#primaryimage\"},\"image\":{\"@id\":\"https:\/\/www.italpassion.fr\/it\/lamborghini\/il-gare-sa-lamborghini-sur-une-place-handicape-se-fait-critiquer-insulter-et-pourtant\/#primaryimage\"},\"thumbnailUrl\":\"https:\/\/www.italpassion.fr\/wp-content\/uploads\/2025\/05\/lamborghini-handicap.jpg\",\"datePublished\":\"2025-05-29T12:25:23+00:00\",\"description\":\"Sur les r\u00e9seaux sociaux, l\u2019indignation peut \u00eatre foudroyante. Et parfois\u2026 totalement injuste. C\u2019est exactement ce qui s\u2019est produit il y a quelques jours\",\"breadcrumb\":{\"@id\":\"https:\/\/www.italpassion.fr\/it\/lamborghini\/il-gare-sa-lamborghini-sur-une-place-handicape-se-fait-critiquer-insulter-et-pourtant\/#breadcrumb\"},\"inLanguage\":\"it-IT\",\"potentialAction\":[{\"@type\":\"ReadAction\",\"target\":[\"https:\/\/www.italpassion.fr\/it\/lamborghini\/il-gare-sa-lamborghini-sur-une-place-handicape-se-fait-critiquer-insulter-et-pourtant\/\"]}]},{\"@type\":\"ImageObject\",\"inLanguage\":\"it-IT\",\"@id\":\"https:\/\/www.italpassion.fr\/it\/lamborghini\/il-gare-sa-lamborghini-sur-une-place-handicape-se-fait-critiquer-insulter-et-pourtant\/#primaryimage\",\"url\":\"https:\/\/www.italpassion.fr\/wp-content\/uploads\/2025\/05\/lamborghini-handicap.jpg\",\"contentUrl\":\"https:\/\/www.italpassion.fr\/wp-content\/uploads\/2025\/05\/lamborghini-handicap.jpg\",\"width\":1200,\"height\":800},{\"@type\":\"BreadcrumbList\",\"@id\":\"https:\/\/www.italpassion.fr\/it\/lamborghini\/il-gare-sa-lamborghini-sur-une-place-handicape-se-fait-critiquer-insulter-et-pourtant\/#breadcrumb\",\"itemListElement\":[{\"@type\":\"ListItem\",\"position\":1,\"name\":\"Accueil\",\"item\":\"https:\/\/www.italpassion.fr\/it\/\"},{\"@type\":\"ListItem\",\"position\":2,\"name\":\"Il gare sa Lamborghini sur une place handicap\u00e9, se fait critiquer, insulter, et pourtant&#8230;\"}]},{\"@type\":\"WebSite\",\"@id\":\"https:\/\/www.italpassion.fr\/it\/#website\",\"url\":\"https:\/\/www.italpassion.fr\/it\/\",\"name\":\"ItalPassion\",\"description\":\"Les Passionn\u00e9s d&#039;Automobiles Italiennes\",\"publisher\":{\"@id\":\"https:\/\/www.italpassion.fr\/it\/#organization\"},\"potentialAction\":[{\"@type\":\"SearchAction\",\"target\":{\"@type\":\"EntryPoint\",\"urlTemplate\":\"https:\/\/www.italpassion.fr\/it\/?s={search_term_string}\"},\"query-input\":{\"@type\":\"PropertyValueSpecification\",\"valueRequired\":true,\"valueName\":\"search_term_string\"}}],\"inLanguage\":\"it-IT\"},{\"@type\":\"Organization\",\"@id\":\"https:\/\/www.italpassion.fr\/it\/#organization\",\"name\":\"Italpassion\",\"url\":\"https:\/\/www.italpassion.fr\/it\/\",\"logo\":{\"@type\":\"ImageObject\",\"inLanguage\":\"it-IT\",\"@id\":\"https:\/\/www.italpassion.fr\/it\/#\/schema\/logo\/image\/\",\"url\":\"https:\/\/www.italpassion.fr\/wp-content\/uploads\/2023\/07\/italpassion-yoast.jpg\",\"contentUrl\":\"https:\/\/www.italpassion.fr\/wp-content\/uploads\/2023\/07\/italpassion-yoast.jpg\",\"width\":696,\"height\":696,\"caption\":\"Italpassion\"},\"image\":{\"@id\":\"https:\/\/www.italpassion.fr\/it\/#\/schema\/logo\/image\/\"},\"sameAs\":[\"https:\/\/www.facebook.com\/italpassion\",\"https:\/\/x.com\/italpassion\",\"https:\/\/www.instagram.com\/italpassionfr\/\",\"https:\/\/www.youtube.com\/channel\/UCleq-ByQaA42OjhopwevRjQ\",\"https:\/\/www.facebook.com\/italpassion.en\/\",\"https:\/\/www.facebook.com\/italpassion.it\/\",\"https:\/\/www.facebook.com\/italpassion.de\/\",\"https:\/\/www.facebook.com\/italpassion.ja\/\"]},{\"@type\":\"Person\",\"@id\":\"https:\/\/www.italpassion.fr\/it\/#\/schema\/person\/36f747b2a759ca202d847e85a9434ca0\",\"name\":\"Alexandre Filluzeau\",\"image\":{\"@type\":\"ImageObject\",\"inLanguage\":\"it-IT\",\"@id\":\"https:\/\/www.italpassion.fr\/it\/#\/schema\/person\/image\/\",\"url\":\"https:\/\/www.italpassion.fr\/wp-content\/uploads\/2025\/04\/avatar-alexandre-160x160.jpg\",\"contentUrl\":\"https:\/\/www.italpassion.fr\/wp-content\/uploads\/2025\/04\/avatar-alexandre-160x160.jpg\",\"caption\":\"Alexandre Filluzeau\"},\"description\":\"Fondateur du site ItalPassion, passionn\u00e9 de voitures italiennes et de l'Italie en g\u00e9n\u00e9ral. J'apporte un regard critique et technique aux actualit\u00e9s des marques italiennes quand cela est possible. Propri\u00e9taire d'une Maserati GranTurismo, Alfa Romeo MiTo, Lancia Fulvia et Ducati 695. Ex-propri\u00e9taire d'une Alfa Romeo Giulia.\",\"sameAs\":[\"https:\/\/www.italpassion.fr\/\"],\"url\":\"https:\/\/www.italpassion.fr\/it\/author\/alexandre\/\"}]}<\/script>\n<!-- \/ Yoast SEO plugin. -->","yoast_head_json":{"title":"Ha parcheggiato la sua Lamborghini in uno spazio per disabili, \u00e8 stato criticato e insultato, eppure... - ItalPassion","description":"Sui social network l'indignazione pu\u00f2 essere feroce. E a volte... totalmente ingiusta. \u00c8 esattamente quello che \u00e8 successo qualche giorno fa","robots":{"index":"index","follow":"follow","max-snippet":"max-snippet:-1","max-image-preview":"max-image-preview:large","max-video-preview":"max-video-preview:-1"},"canonical":"https:\/\/www.italpassion.fr\/it\/lamborghini\/parcheggia-la-sua-lamborghini-in-uno-spazio-per-disabili-e-viene-criticato-e-insultato\/","og_locale":"it_IT","og_type":"article","og_title":"Il gare sa Lamborghini sur une place handicap\u00e9, se fait critiquer, insulter, et pourtant... - ItalPassion","og_description":"Sur les r\u00e9seaux sociaux, l\u2019indignation peut \u00eatre foudroyante. Et parfois\u2026 totalement injuste. C\u2019est exactement ce qui s\u2019est produit il y a quelques jours","og_url":"https:\/\/www.italpassion.fr\/it\/lamborghini\/parcheggia-la-sua-lamborghini-in-uno-spazio-per-disabili-e-viene-criticato-e-insultato\/","og_site_name":"ItalPassion","article_publisher":"https:\/\/www.facebook.com\/italpassion","article_published_time":"2025-05-29T12:25:23+00:00","og_image":[{"width":1200,"height":800,"url":"https:\/\/www.italpassion.fr\/wp-content\/uploads\/2025\/05\/lamborghini-handicap.jpg","type":"image\/jpeg"}],"author":"Alexandre Filluzeau","twitter_card":"summary_large_image","twitter_creator":"@italpassion","twitter_site":"@italpassion","schema":{"@context":"https:\/\/schema.org","@graph":[{"@type":"NewsArticle","@id":"https:\/\/www.italpassion.fr\/it\/lamborghini\/il-gare-sa-lamborghini-sur-une-place-handicape-se-fait-critiquer-insulter-et-pourtant\/#article","isPartOf":{"@id":"https:\/\/www.italpassion.fr\/it\/lamborghini\/il-gare-sa-lamborghini-sur-une-place-handicape-se-fait-critiquer-insulter-et-pourtant\/"},"author":{"name":"Alexandre Filluzeau","@id":"https:\/\/www.italpassion.fr\/it\/#\/schema\/person\/36f747b2a759ca202d847e85a9434ca0"},"headline":"Il gare sa Lamborghini sur une place handicap\u00e9, se fait critiquer, insulter, et pourtant&#8230;","datePublished":"2025-05-29T12:25:23+00:00","mainEntityOfPage":{"@id":"https:\/\/www.italpassion.fr\/it\/lamborghini\/il-gare-sa-lamborghini-sur-une-place-handicape-se-fait-critiquer-insulter-et-pourtant\/"},"wordCount":459,"commentCount":5,"publisher":{"@id":"https:\/\/www.italpassion.fr\/it\/#organization"},"image":{"@id":"https:\/\/www.italpassion.fr\/it\/lamborghini\/il-gare-sa-lamborghini-sur-une-place-handicape-se-fait-critiquer-insulter-et-pourtant\/#primaryimage"},"thumbnailUrl":"https:\/\/www.italpassion.fr\/wp-content\/uploads\/2025\/05\/lamborghini-handicap.jpg","keywords":["Lamborghini Huracan"],"articleSection":["Lamborghini"],"inLanguage":"it-IT","potentialAction":[{"@type":"CommentAction","name":"Comment","target":["https:\/\/www.italpassion.fr\/it\/lamborghini\/il-gare-sa-lamborghini-sur-une-place-handicape-se-fait-critiquer-insulter-et-pourtant\/#respond"]}]},{"@type":"WebPage","@id":"https:\/\/www.italpassion.fr\/it\/lamborghini\/il-gare-sa-lamborghini-sur-une-place-handicape-se-fait-critiquer-insulter-et-pourtant\/","url":"https:\/\/www.italpassion.fr\/it\/lamborghini\/il-gare-sa-lamborghini-sur-une-place-handicape-se-fait-critiquer-insulter-et-pourtant\/","name":"Ha parcheggiato la sua Lamborghini in uno spazio per disabili, \u00e8 stato criticato e insultato, eppure... - ItalPassion","isPartOf":{"@id":"https:\/\/www.italpassion.fr\/it\/#website"},"primaryImageOfPage":{"@id":"https:\/\/www.italpassion.fr\/it\/lamborghini\/il-gare-sa-lamborghini-sur-une-place-handicape-se-fait-critiquer-insulter-et-pourtant\/#primaryimage"},"image":{"@id":"https:\/\/www.italpassion.fr\/it\/lamborghini\/il-gare-sa-lamborghini-sur-une-place-handicape-se-fait-critiquer-insulter-et-pourtant\/#primaryimage"},"thumbnailUrl":"https:\/\/www.italpassion.fr\/wp-content\/uploads\/2025\/05\/lamborghini-handicap.jpg","datePublished":"2025-05-29T12:25:23+00:00","description":"Sui social network l'indignazione pu\u00f2 essere feroce. E a volte... totalmente ingiusta. \u00c8 esattamente quello che \u00e8 successo qualche giorno fa","breadcrumb":{"@id":"https:\/\/www.italpassion.fr\/it\/lamborghini\/il-gare-sa-lamborghini-sur-une-place-handicape-se-fait-critiquer-insulter-et-pourtant\/#breadcrumb"},"inLanguage":"it-IT","potentialAction":[{"@type":"ReadAction","target":["https:\/\/www.italpassion.fr\/it\/lamborghini\/il-gare-sa-lamborghini-sur-une-place-handicape-se-fait-critiquer-insulter-et-pourtant\/"]}]},{"@type":"ImageObject","inLanguage":"it-IT","@id":"https:\/\/www.italpassion.fr\/it\/lamborghini\/il-gare-sa-lamborghini-sur-une-place-handicape-se-fait-critiquer-insulter-et-pourtant\/#primaryimage","url":"https:\/\/www.italpassion.fr\/wp-content\/uploads\/2025\/05\/lamborghini-handicap.jpg","contentUrl":"https:\/\/www.italpassion.fr\/wp-content\/uploads\/2025\/05\/lamborghini-handicap.jpg","width":1200,"height":800},{"@type":"BreadcrumbList","@id":"https:\/\/www.italpassion.fr\/it\/lamborghini\/il-gare-sa-lamborghini-sur-une-place-handicape-se-fait-critiquer-insulter-et-pourtant\/#breadcrumb","itemListElement":[{"@type":"ListItem","position":1,"name":"Accueil","item":"https:\/\/www.italpassion.fr\/it\/"},{"@type":"ListItem","position":2,"name":"Il gare sa Lamborghini sur une place handicap\u00e9, se fait critiquer, insulter, et pourtant&#8230;"}]},{"@type":"WebSite","@id":"https:\/\/www.italpassion.fr\/it\/#website","url":"https:\/\/www.italpassion.fr\/it\/","name":"ItalPassion","description":"Appassionati di auto italiane","publisher":{"@id":"https:\/\/www.italpassion.fr\/it\/#organization"},"potentialAction":[{"@type":"SearchAction","target":{"@type":"EntryPoint","urlTemplate":"https:\/\/www.italpassion.fr\/it\/?s={search_term_string}"},"query-input":{"@type":"PropertyValueSpecification","valueRequired":true,"valueName":"search_term_string"}}],"inLanguage":"it-IT"},{"@type":"Organization","@id":"https:\/\/www.italpassion.fr\/it\/#organization","name":"Italpassion","url":"https:\/\/www.italpassion.fr\/it\/","logo":{"@type":"ImageObject","inLanguage":"it-IT","@id":"https:\/\/www.italpassion.fr\/it\/#\/schema\/logo\/image\/","url":"https:\/\/www.italpassion.fr\/wp-content\/uploads\/2023\/07\/italpassion-yoast.jpg","contentUrl":"https:\/\/www.italpassion.fr\/wp-content\/uploads\/2023\/07\/italpassion-yoast.jpg","width":696,"height":696,"caption":"Italpassion"},"image":{"@id":"https:\/\/www.italpassion.fr\/it\/#\/schema\/logo\/image\/"},"sameAs":["https:\/\/www.facebook.com\/italpassion","https:\/\/x.com\/italpassion","https:\/\/www.instagram.com\/italpassionfr\/","https:\/\/www.youtube.com\/channel\/UCleq-ByQaA42OjhopwevRjQ","https:\/\/www.facebook.com\/italpassion.en\/","https:\/\/www.facebook.com\/italpassion.it\/","https:\/\/www.facebook.com\/italpassion.de\/","https:\/\/www.facebook.com\/italpassion.ja\/"]},{"@type":"Person","@id":"https:\/\/www.italpassion.fr\/it\/#\/schema\/person\/36f747b2a759ca202d847e85a9434ca0","name":"Alexandre Filluzeau","image":{"@type":"ImageObject","inLanguage":"it-IT","@id":"https:\/\/www.italpassion.fr\/it\/#\/schema\/person\/image\/","url":"https:\/\/www.italpassion.fr\/wp-content\/uploads\/2025\/04\/avatar-alexandre-160x160.jpg","contentUrl":"https:\/\/www.italpassion.fr\/wp-content\/uploads\/2025\/04\/avatar-alexandre-160x160.jpg","caption":"Alexandre Filluzeau"},"description":"Fondatore del sito ItalPassion, appassionato di auto italiane e dell'Italia in generale. Porto un occhio critico e tecnico alle notizie dei marchi italiani, quando possibile. Proprietario di una Maserati GranTurismo, di un'Alfa Romeo MiTo, di una Lancia Fulvia e di una Ducati 695. Ex proprietario di un'Alfa Romeo Giulia.","sameAs":["https:\/\/www.italpassion.fr\/"],"url":"https:\/\/www.italpassion.fr\/it\/author\/alexandre\/"}]}},"_links":{"self":[{"href":"https:\/\/www.italpassion.fr\/it\/wp-json\/wp\/v2\/posts\/38778","targetHints":{"allow":["GET"]}}],"collection":[{"href":"https:\/\/www.italpassion.fr\/it\/wp-json\/wp\/v2\/posts"}],"about":[{"href":"https:\/\/www.italpassion.fr\/it\/wp-json\/wp\/v2\/types\/post"}],"author":[{"embeddable":true,"href":"https:\/\/www.italpassion.fr\/it\/wp-json\/wp\/v2\/users\/1"}],"replies":[{"embeddable":true,"href":"https:\/\/www.italpassion.fr\/it\/wp-json\/wp\/v2\/comments?post=38778"}],"version-history":[{"count":1,"href":"https:\/\/www.italpassion.fr\/it\/wp-json\/wp\/v2\/posts\/38778\/revisions"}],"predecessor-version":[{"id":38781,"href":"https:\/\/www.italpassion.fr\/it\/wp-json\/wp\/v2\/posts\/38778\/revisions\/38781"}],"wp:featuredmedia":[{"embeddable":true,"href":"https:\/\/www.italpassion.fr\/it\/wp-json\/wp\/v2\/media\/38779"}],"wp:attachment":[{"href":"https:\/\/www.italpassion.fr\/it\/wp-json\/wp\/v2\/media?parent=38778"}],"wp:term":[{"taxonomy":"category","embeddable":true,"href":"https:\/\/www.italpassion.fr\/it\/wp-json\/wp\/v2\/categories?post=38778"},{"taxonomy":"post_tag","embeddable":true,"href":"https:\/\/www.italpassion.fr\/it\/wp-json\/wp\/v2\/tags?post=38778"}],"curies":[{"name":"wp","href":"https:\/\/api.w.org\/{rel}","templated":true}]}}