{"id":38764,"date":"2025-05-29T09:27:55","date_gmt":"2025-05-29T07:27:55","guid":{"rendered":"https:\/\/www.italpassion.fr\/?p=38764"},"modified":"2025-05-29T09:27:55","modified_gmt":"2025-05-29T07:27:55","slug":"stellantis-il-nuovo-amministratore-delegato-rende-omaggio-a-sergio-marchionne","status":"publish","type":"post","link":"https:\/\/www.italpassion.fr\/it\/stellantis\/stellantis-le-nouveau-ceo-rend-hommage-a-sergio-marchionne\/","title":{"rendered":"Stellantis: il nuovo amministratore delegato rende omaggio a... Sergio Marchionne"},"content":{"rendered":"<figure class=\"wp-block-image size-full\"><img loading=\"lazy\" decoding=\"async\" width=\"1200\" height=\"800\" src=\"https:\/\/www.italpassion.fr\/wp-content\/uploads\/2025\/05\/sergio-marchionne.jpg\" alt=\"\" class=\"wp-image-38773\" srcset=\"https:\/\/www.italpassion.fr\/wp-content\/uploads\/2025\/05\/sergio-marchionne.jpg 1200w, https:\/\/www.italpassion.fr\/wp-content\/uploads\/2025\/05\/sergio-marchionne-420x280.jpg 420w, https:\/\/www.italpassion.fr\/wp-content\/uploads\/2025\/05\/sergio-marchionne-768x512.jpg 768w, https:\/\/www.italpassion.fr\/wp-content\/uploads\/2025\/05\/sergio-marchionne-18x12.jpg 18w\" sizes=\"auto, (max-width: 1200px) 100vw, 1200px\" \/><\/figure>\n\n\n\n<p>Antonio Filosa non ha dovuto aspettare di assumere ufficialmente il ruolo di <a href=\"https:\/\/www.italpassion.fr\/it\/stellante\/litaliano-antonio-filosa-ex-di-fca-diventa-ceo-del-gruppo-stellantis\/\">nuovo CEO di Stellantis<\/a>il 23 giugno per stabilire il tono. In un breve messaggio pubblicato ieri sera su LinkedIn, il futuro capo di <a href=\"https:\/\/www.italpassion.fr\/it\/stellante\/\">Stellantis<\/a> ha ringraziato il Presidente John Elkann, il Consiglio di Amministrazione, i 272.000 dipendenti del Gruppo... e, soprattutto, la memoria di Sergio Marchionne:<\/p>\n\n\n\n<blockquote class=\"wp-block-quote is-layout-flow wp-block-quote-is-layout-flow\"><svg aria-hidden=\"true\" focusable=\"false\" class=\"icon icon-quote\" width=\"48\" height=\"48\"><use xlink:href=\"#icon-quote\"><\/use><\/svg>\n<p>Come direbbe Sergio Marchionne: \"La mediocrit\u00e0 non vale il viaggio\". Portiamo a casa questa vittoria insieme!<\/p>\n<\/blockquote>\n\n\n\n<p><strong>In due sole frasi, Filosa ci ha ricordato da dove viene,<\/strong> a chi deve gran parte della sua ascesa e quale cultura dell'eccellenza intende ripristinare nel cuore della quarta casa automobilistica del mondo. Ancora pi\u00f9 sorprendente: non una parola per il suo predecessore, Carlos Tavares, che si \u00e8 dimesso il 1\u1d49\u02b3 dicembre 2024. Un silenzio che la dice lunga.<\/p>\n\n\n\n<h2 class=\"wp-block-heading\">Il ritorno di uno dei figli di Marchionne<\/h2>\n\n\n\n<p>Nato a Napoli e laureato in ingegneria meccanica, Antonio Filosa \u00e8 cresciuto all'ombra del \"Maestro\". Nel 2004, Marchionne aveva appena preso il timone della Fiat, mentre Filosa, allora trentenne, dirigeva gi\u00e0 lo stabilimento di Betim, in Brasile. I due uomini si sono incontrati nuovamente nel 2014 per l'inaugurazione del complesso Jeep di Pernambuco, uno dei progetti di punta del programma \"Jeep Global\" che avrebbe incrementato i profitti di FCA in America Latina. Nel marzo 2018, il capo ha nominato il suo protetto nel Group Executive Council, il pi\u00f9 alto organo decisionale del gruppo.<\/p>\n\n\n\n<p>Quando Marchionne \u00e8 morto improvvisamente il 25 luglio 2018, Filosa ha perso il suo mentore, ma ha tenuto inciso il motto: \"La mediocrit\u00e0 non vale il viaggio\". Sette anni pi\u00f9 tardi, lo cita pubblicamente come un principio.<\/p>\n\n\n\n<p><strong>Il 28 maggio Stellantis ha ufficializzato un segreto aperto: dopo venticinque anni di lavoro in azienda, Antonio Filosa diventer\u00e0 amministratore delegato il 23 giugno. <\/strong>Nel frattempo, il napoletano visiter\u00e0 le fabbriche e le concessionarie di tutto il mondo per \"ascoltare\" e tastare il polso a un gruppo scosso: utile operativo diviso per quasi tre nel 2024, scorte record negli Stati Uniti, concorrenza cinese pi\u00f9 agguerrita che mai sulle city car elettriche.<\/p>\n\n\n\n<p>Se John Elkann elogia la \"leadership forte ed efficace\", \u00e8 anche perch\u00e9 Filosa ha una comprovata esperienza: numero uno della regione sudamericana, ha riportato la Fiat ai vertici del mercato brasiliano, incrementando le vendite di Peugeot, Citro\u00ebn, Ram e Jeep. Successivamente, nominato COO delle Americhe, ha ridotto le scorte statunitensi in sei mesi e ha preparato una nuova ondata di modelli ibridi ed elettrici.<\/p>\n\n\n\n<h2 class=\"wp-block-heading\">Dimenticare Tavares?<\/h2>\n\n\n\n<p><strong>L'assenza di riferimenti a Carlos Tavares non \u00e8 certo casuale.<\/strong> In primo luogo, perch\u00e9 il portoghese-francese incarnava una ferrea disciplina di bilancio, talvolta criticata per aver stretto le viti fino a soffocare la rete di distribuzione. Soprattutto, perch\u00e9 Tavares partiva da una posizione severa: mercati in declino, redditivit\u00e0 in calo, tensioni crescenti con il governo italiano.<\/p>\n\n\n\n<p>Citando Marchionne, Filosa lega Stellantis al suo DNA italo-americano, rassicurando Torino e Modena sulla sua attenzione ai marchi transalpini (Fiat, Alfa Romeo, Lancia, Maserati) e ponendosi simbolicamente come l'erede di un leader che ha saputo trasformare un gigante assopito in una macchina da soldi.<\/p>","protected":false},"excerpt":{"rendered":"","protected":false},"author":1,"featured_media":38773,"comment_status":"open","ping_status":"open","sticky":false,"template":"","format":"standard","meta":{"_acf_changed":false,"_sitemap_exclude":false,"_sitemap_priority":"","_sitemap_frequency":"","footnotes":""},"categories":[29],"tags":[],"class_list":["post-38764","post","type-post","status-publish","format-standard","has-post-thumbnail","hentry","category-stellantis","generate-columns","tablet-grid-50","mobile-grid-100","grid-parent","grid-33"],"acf":[],"yoast_head":"<!-- This site is optimized with the Yoast SEO plugin v25.8 - https:\/\/yoast.com\/wordpress\/plugins\/seo\/ -->\n<title>Stellantis : le nouveau CEO rend hommage \u00e0\u2026 Sergio Marchionne - ItalPassion<\/title>\n<meta name=\"description\" content=\"Antonio Filosa n\u2019aura pas attendu de prendre officiellement ses fonctions de nouveau CEO de Stellantis, le 23 juin prochain, pour donner le ton. Dans un\" \/>\n<meta name=\"robots\" content=\"index, follow, max-snippet:-1, max-image-preview:large, max-video-preview:-1\" \/>\n<link rel=\"canonical\" href=\"https:\/\/www.italpassion.fr\/it\/stellante\/stellantis-il-nuovo-amministratore-delegato-rende-omaggio-a-sergio-marchionne\/\" \/>\n<meta property=\"og:locale\" content=\"it_IT\" \/>\n<meta property=\"og:type\" content=\"article\" \/>\n<meta property=\"og:title\" content=\"Stellantis : le nouveau CEO rend hommage \u00e0\u2026 Sergio Marchionne - ItalPassion\" \/>\n<meta property=\"og:description\" content=\"Antonio Filosa n\u2019aura pas attendu de prendre officiellement ses fonctions de nouveau CEO de Stellantis, le 23 juin prochain, pour donner le ton. Dans un\" \/>\n<meta property=\"og:url\" content=\"https:\/\/www.italpassion.fr\/it\/stellante\/stellantis-il-nuovo-amministratore-delegato-rende-omaggio-a-sergio-marchionne\/\" \/>\n<meta property=\"og:site_name\" content=\"ItalPassion\" \/>\n<meta property=\"article:publisher\" content=\"https:\/\/www.facebook.com\/italpassion\" \/>\n<meta property=\"article:published_time\" content=\"2025-05-29T07:27:55+00:00\" \/>\n<meta property=\"og:image\" content=\"https:\/\/www.italpassion.fr\/wp-content\/uploads\/2025\/05\/sergio-marchionne.jpg\" \/>\n\t<meta property=\"og:image:width\" content=\"1200\" \/>\n\t<meta property=\"og:image:height\" content=\"800\" \/>\n\t<meta property=\"og:image:type\" content=\"image\/jpeg\" \/>\n<meta name=\"author\" content=\"Alexandre Filluzeau\" \/>\n<meta name=\"twitter:card\" content=\"summary_large_image\" \/>\n<meta name=\"twitter:creator\" content=\"@italpassion\" \/>\n<meta name=\"twitter:site\" content=\"@italpassion\" \/>\n<script type=\"application\/ld+json\" class=\"yoast-schema-graph\">{\"@context\":\"https:\/\/schema.org\",\"@graph\":[{\"@type\":\"NewsArticle\",\"@id\":\"https:\/\/www.italpassion.fr\/it\/stellantis\/stellantis-le-nouveau-ceo-rend-hommage-a-sergio-marchionne\/#article\",\"isPartOf\":{\"@id\":\"https:\/\/www.italpassion.fr\/it\/stellantis\/stellantis-le-nouveau-ceo-rend-hommage-a-sergio-marchionne\/\"},\"author\":{\"name\":\"Alexandre Filluzeau\",\"@id\":\"https:\/\/www.italpassion.fr\/it\/#\/schema\/person\/36f747b2a759ca202d847e85a9434ca0\"},\"headline\":\"Stellantis : le nouveau CEO rend hommage \u00e0\u2026 Sergio Marchionne\",\"datePublished\":\"2025-05-29T07:27:55+00:00\",\"mainEntityOfPage\":{\"@id\":\"https:\/\/www.italpassion.fr\/it\/stellantis\/stellantis-le-nouveau-ceo-rend-hommage-a-sergio-marchionne\/\"},\"wordCount\":557,\"commentCount\":16,\"publisher\":{\"@id\":\"https:\/\/www.italpassion.fr\/it\/#organization\"},\"image\":{\"@id\":\"https:\/\/www.italpassion.fr\/it\/stellantis\/stellantis-le-nouveau-ceo-rend-hommage-a-sergio-marchionne\/#primaryimage\"},\"thumbnailUrl\":\"https:\/\/www.italpassion.fr\/wp-content\/uploads\/2025\/05\/sergio-marchionne.jpg\",\"articleSection\":[\"Stellantis\"],\"inLanguage\":\"it-IT\",\"potentialAction\":[{\"@type\":\"CommentAction\",\"name\":\"Comment\",\"target\":[\"https:\/\/www.italpassion.fr\/it\/stellantis\/stellantis-le-nouveau-ceo-rend-hommage-a-sergio-marchionne\/#respond\"]}]},{\"@type\":\"WebPage\",\"@id\":\"https:\/\/www.italpassion.fr\/it\/stellantis\/stellantis-le-nouveau-ceo-rend-hommage-a-sergio-marchionne\/\",\"url\":\"https:\/\/www.italpassion.fr\/it\/stellantis\/stellantis-le-nouveau-ceo-rend-hommage-a-sergio-marchionne\/\",\"name\":\"Stellantis : le nouveau CEO rend hommage \u00e0\u2026 Sergio Marchionne - ItalPassion\",\"isPartOf\":{\"@id\":\"https:\/\/www.italpassion.fr\/it\/#website\"},\"primaryImageOfPage\":{\"@id\":\"https:\/\/www.italpassion.fr\/it\/stellantis\/stellantis-le-nouveau-ceo-rend-hommage-a-sergio-marchionne\/#primaryimage\"},\"image\":{\"@id\":\"https:\/\/www.italpassion.fr\/it\/stellantis\/stellantis-le-nouveau-ceo-rend-hommage-a-sergio-marchionne\/#primaryimage\"},\"thumbnailUrl\":\"https:\/\/www.italpassion.fr\/wp-content\/uploads\/2025\/05\/sergio-marchionne.jpg\",\"datePublished\":\"2025-05-29T07:27:55+00:00\",\"description\":\"Antonio Filosa n\u2019aura pas attendu de prendre officiellement ses fonctions de nouveau CEO de Stellantis, le 23 juin prochain, pour donner le ton. Dans un\",\"breadcrumb\":{\"@id\":\"https:\/\/www.italpassion.fr\/it\/stellantis\/stellantis-le-nouveau-ceo-rend-hommage-a-sergio-marchionne\/#breadcrumb\"},\"inLanguage\":\"it-IT\",\"potentialAction\":[{\"@type\":\"ReadAction\",\"target\":[\"https:\/\/www.italpassion.fr\/it\/stellantis\/stellantis-le-nouveau-ceo-rend-hommage-a-sergio-marchionne\/\"]}]},{\"@type\":\"ImageObject\",\"inLanguage\":\"it-IT\",\"@id\":\"https:\/\/www.italpassion.fr\/it\/stellantis\/stellantis-le-nouveau-ceo-rend-hommage-a-sergio-marchionne\/#primaryimage\",\"url\":\"https:\/\/www.italpassion.fr\/wp-content\/uploads\/2025\/05\/sergio-marchionne.jpg\",\"contentUrl\":\"https:\/\/www.italpassion.fr\/wp-content\/uploads\/2025\/05\/sergio-marchionne.jpg\",\"width\":1200,\"height\":800},{\"@type\":\"BreadcrumbList\",\"@id\":\"https:\/\/www.italpassion.fr\/it\/stellantis\/stellantis-le-nouveau-ceo-rend-hommage-a-sergio-marchionne\/#breadcrumb\",\"itemListElement\":[{\"@type\":\"ListItem\",\"position\":1,\"name\":\"Accueil\",\"item\":\"https:\/\/www.italpassion.fr\/it\/\"},{\"@type\":\"ListItem\",\"position\":2,\"name\":\"Stellantis : le nouveau CEO rend hommage \u00e0\u2026 Sergio Marchionne\"}]},{\"@type\":\"WebSite\",\"@id\":\"https:\/\/www.italpassion.fr\/it\/#website\",\"url\":\"https:\/\/www.italpassion.fr\/it\/\",\"name\":\"ItalPassion\",\"description\":\"Les Passionn\u00e9s d&#039;Automobiles Italiennes\",\"publisher\":{\"@id\":\"https:\/\/www.italpassion.fr\/it\/#organization\"},\"potentialAction\":[{\"@type\":\"SearchAction\",\"target\":{\"@type\":\"EntryPoint\",\"urlTemplate\":\"https:\/\/www.italpassion.fr\/it\/?s={search_term_string}\"},\"query-input\":{\"@type\":\"PropertyValueSpecification\",\"valueRequired\":true,\"valueName\":\"search_term_string\"}}],\"inLanguage\":\"it-IT\"},{\"@type\":\"Organization\",\"@id\":\"https:\/\/www.italpassion.fr\/it\/#organization\",\"name\":\"Italpassion\",\"url\":\"https:\/\/www.italpassion.fr\/it\/\",\"logo\":{\"@type\":\"ImageObject\",\"inLanguage\":\"it-IT\",\"@id\":\"https:\/\/www.italpassion.fr\/it\/#\/schema\/logo\/image\/\",\"url\":\"https:\/\/www.italpassion.fr\/wp-content\/uploads\/2023\/07\/italpassion-yoast.jpg\",\"contentUrl\":\"https:\/\/www.italpassion.fr\/wp-content\/uploads\/2023\/07\/italpassion-yoast.jpg\",\"width\":696,\"height\":696,\"caption\":\"Italpassion\"},\"image\":{\"@id\":\"https:\/\/www.italpassion.fr\/it\/#\/schema\/logo\/image\/\"},\"sameAs\":[\"https:\/\/www.facebook.com\/italpassion\",\"https:\/\/x.com\/italpassion\",\"https:\/\/www.instagram.com\/italpassionfr\/\",\"https:\/\/www.youtube.com\/channel\/UCleq-ByQaA42OjhopwevRjQ\",\"https:\/\/www.facebook.com\/italpassion.en\/\",\"https:\/\/www.facebook.com\/italpassion.it\/\",\"https:\/\/www.facebook.com\/italpassion.de\/\",\"https:\/\/www.facebook.com\/italpassion.ja\/\"]},{\"@type\":\"Person\",\"@id\":\"https:\/\/www.italpassion.fr\/it\/#\/schema\/person\/36f747b2a759ca202d847e85a9434ca0\",\"name\":\"Alexandre Filluzeau\",\"image\":{\"@type\":\"ImageObject\",\"inLanguage\":\"it-IT\",\"@id\":\"https:\/\/www.italpassion.fr\/it\/#\/schema\/person\/image\/\",\"url\":\"https:\/\/www.italpassion.fr\/wp-content\/uploads\/2025\/04\/avatar-alexandre-160x160.jpg\",\"contentUrl\":\"https:\/\/www.italpassion.fr\/wp-content\/uploads\/2025\/04\/avatar-alexandre-160x160.jpg\",\"caption\":\"Alexandre Filluzeau\"},\"description\":\"Fondateur du site ItalPassion, passionn\u00e9 de voitures italiennes et de l'Italie en g\u00e9n\u00e9ral. J'apporte un regard critique et technique aux actualit\u00e9s des marques italiennes quand cela est possible. Propri\u00e9taire d'une Maserati GranTurismo, Alfa Romeo MiTo, Lancia Fulvia et Ducati 695. Ex-propri\u00e9taire d'une Alfa Romeo Giulia.\",\"sameAs\":[\"https:\/\/www.italpassion.fr\/\"],\"url\":\"https:\/\/www.italpassion.fr\/it\/author\/alexandre\/\"}]}<\/script>\n<!-- \/ Yoast SEO plugin. -->","yoast_head_json":{"title":"Stellantis: il nuovo amministratore delegato rende omaggio a... Sergio Marchionne - ItalPassion","description":"Antonio Filosa non ha dovuto aspettare il 23 giugno per assumere ufficialmente la carica di nuovo CEO di Stellantis per dare il tono giusto. In un","robots":{"index":"index","follow":"follow","max-snippet":"max-snippet:-1","max-image-preview":"max-image-preview:large","max-video-preview":"max-video-preview:-1"},"canonical":"https:\/\/www.italpassion.fr\/it\/stellante\/stellantis-il-nuovo-amministratore-delegato-rende-omaggio-a-sergio-marchionne\/","og_locale":"it_IT","og_type":"article","og_title":"Stellantis : le nouveau CEO rend hommage \u00e0\u2026 Sergio Marchionne - ItalPassion","og_description":"Antonio Filosa n\u2019aura pas attendu de prendre officiellement ses fonctions de nouveau CEO de Stellantis, le 23 juin prochain, pour donner le ton. Dans un","og_url":"https:\/\/www.italpassion.fr\/it\/stellante\/stellantis-il-nuovo-amministratore-delegato-rende-omaggio-a-sergio-marchionne\/","og_site_name":"ItalPassion","article_publisher":"https:\/\/www.facebook.com\/italpassion","article_published_time":"2025-05-29T07:27:55+00:00","og_image":[{"width":1200,"height":800,"url":"https:\/\/www.italpassion.fr\/wp-content\/uploads\/2025\/05\/sergio-marchionne.jpg","type":"image\/jpeg"}],"author":"Alexandre Filluzeau","twitter_card":"summary_large_image","twitter_creator":"@italpassion","twitter_site":"@italpassion","schema":{"@context":"https:\/\/schema.org","@graph":[{"@type":"NewsArticle","@id":"https:\/\/www.italpassion.fr\/it\/stellantis\/stellantis-le-nouveau-ceo-rend-hommage-a-sergio-marchionne\/#article","isPartOf":{"@id":"https:\/\/www.italpassion.fr\/it\/stellantis\/stellantis-le-nouveau-ceo-rend-hommage-a-sergio-marchionne\/"},"author":{"name":"Alexandre Filluzeau","@id":"https:\/\/www.italpassion.fr\/it\/#\/schema\/person\/36f747b2a759ca202d847e85a9434ca0"},"headline":"Stellantis : le nouveau CEO rend hommage \u00e0\u2026 Sergio Marchionne","datePublished":"2025-05-29T07:27:55+00:00","mainEntityOfPage":{"@id":"https:\/\/www.italpassion.fr\/it\/stellantis\/stellantis-le-nouveau-ceo-rend-hommage-a-sergio-marchionne\/"},"wordCount":557,"commentCount":16,"publisher":{"@id":"https:\/\/www.italpassion.fr\/it\/#organization"},"image":{"@id":"https:\/\/www.italpassion.fr\/it\/stellantis\/stellantis-le-nouveau-ceo-rend-hommage-a-sergio-marchionne\/#primaryimage"},"thumbnailUrl":"https:\/\/www.italpassion.fr\/wp-content\/uploads\/2025\/05\/sergio-marchionne.jpg","articleSection":["Stellantis"],"inLanguage":"it-IT","potentialAction":[{"@type":"CommentAction","name":"Comment","target":["https:\/\/www.italpassion.fr\/it\/stellantis\/stellantis-le-nouveau-ceo-rend-hommage-a-sergio-marchionne\/#respond"]}]},{"@type":"WebPage","@id":"https:\/\/www.italpassion.fr\/it\/stellantis\/stellantis-le-nouveau-ceo-rend-hommage-a-sergio-marchionne\/","url":"https:\/\/www.italpassion.fr\/it\/stellantis\/stellantis-le-nouveau-ceo-rend-hommage-a-sergio-marchionne\/","name":"Stellantis: il nuovo amministratore delegato rende omaggio a... Sergio Marchionne - ItalPassion","isPartOf":{"@id":"https:\/\/www.italpassion.fr\/it\/#website"},"primaryImageOfPage":{"@id":"https:\/\/www.italpassion.fr\/it\/stellantis\/stellantis-le-nouveau-ceo-rend-hommage-a-sergio-marchionne\/#primaryimage"},"image":{"@id":"https:\/\/www.italpassion.fr\/it\/stellantis\/stellantis-le-nouveau-ceo-rend-hommage-a-sergio-marchionne\/#primaryimage"},"thumbnailUrl":"https:\/\/www.italpassion.fr\/wp-content\/uploads\/2025\/05\/sergio-marchionne.jpg","datePublished":"2025-05-29T07:27:55+00:00","description":"Antonio Filosa non ha dovuto aspettare il 23 giugno per assumere ufficialmente la carica di nuovo CEO di Stellantis per dare il tono giusto. In un","breadcrumb":{"@id":"https:\/\/www.italpassion.fr\/it\/stellantis\/stellantis-le-nouveau-ceo-rend-hommage-a-sergio-marchionne\/#breadcrumb"},"inLanguage":"it-IT","potentialAction":[{"@type":"ReadAction","target":["https:\/\/www.italpassion.fr\/it\/stellantis\/stellantis-le-nouveau-ceo-rend-hommage-a-sergio-marchionne\/"]}]},{"@type":"ImageObject","inLanguage":"it-IT","@id":"https:\/\/www.italpassion.fr\/it\/stellantis\/stellantis-le-nouveau-ceo-rend-hommage-a-sergio-marchionne\/#primaryimage","url":"https:\/\/www.italpassion.fr\/wp-content\/uploads\/2025\/05\/sergio-marchionne.jpg","contentUrl":"https:\/\/www.italpassion.fr\/wp-content\/uploads\/2025\/05\/sergio-marchionne.jpg","width":1200,"height":800},{"@type":"BreadcrumbList","@id":"https:\/\/www.italpassion.fr\/it\/stellantis\/stellantis-le-nouveau-ceo-rend-hommage-a-sergio-marchionne\/#breadcrumb","itemListElement":[{"@type":"ListItem","position":1,"name":"Accueil","item":"https:\/\/www.italpassion.fr\/it\/"},{"@type":"ListItem","position":2,"name":"Stellantis : le nouveau CEO rend hommage \u00e0\u2026 Sergio Marchionne"}]},{"@type":"WebSite","@id":"https:\/\/www.italpassion.fr\/it\/#website","url":"https:\/\/www.italpassion.fr\/it\/","name":"ItalPassion","description":"Appassionati di auto italiane","publisher":{"@id":"https:\/\/www.italpassion.fr\/it\/#organization"},"potentialAction":[{"@type":"SearchAction","target":{"@type":"EntryPoint","urlTemplate":"https:\/\/www.italpassion.fr\/it\/?s={search_term_string}"},"query-input":{"@type":"PropertyValueSpecification","valueRequired":true,"valueName":"search_term_string"}}],"inLanguage":"it-IT"},{"@type":"Organization","@id":"https:\/\/www.italpassion.fr\/it\/#organization","name":"Italpassion","url":"https:\/\/www.italpassion.fr\/it\/","logo":{"@type":"ImageObject","inLanguage":"it-IT","@id":"https:\/\/www.italpassion.fr\/it\/#\/schema\/logo\/image\/","url":"https:\/\/www.italpassion.fr\/wp-content\/uploads\/2023\/07\/italpassion-yoast.jpg","contentUrl":"https:\/\/www.italpassion.fr\/wp-content\/uploads\/2023\/07\/italpassion-yoast.jpg","width":696,"height":696,"caption":"Italpassion"},"image":{"@id":"https:\/\/www.italpassion.fr\/it\/#\/schema\/logo\/image\/"},"sameAs":["https:\/\/www.facebook.com\/italpassion","https:\/\/x.com\/italpassion","https:\/\/www.instagram.com\/italpassionfr\/","https:\/\/www.youtube.com\/channel\/UCleq-ByQaA42OjhopwevRjQ","https:\/\/www.facebook.com\/italpassion.en\/","https:\/\/www.facebook.com\/italpassion.it\/","https:\/\/www.facebook.com\/italpassion.de\/","https:\/\/www.facebook.com\/italpassion.ja\/"]},{"@type":"Person","@id":"https:\/\/www.italpassion.fr\/it\/#\/schema\/person\/36f747b2a759ca202d847e85a9434ca0","name":"Alexandre Filluzeau","image":{"@type":"ImageObject","inLanguage":"it-IT","@id":"https:\/\/www.italpassion.fr\/it\/#\/schema\/person\/image\/","url":"https:\/\/www.italpassion.fr\/wp-content\/uploads\/2025\/04\/avatar-alexandre-160x160.jpg","contentUrl":"https:\/\/www.italpassion.fr\/wp-content\/uploads\/2025\/04\/avatar-alexandre-160x160.jpg","caption":"Alexandre Filluzeau"},"description":"Fondatore del sito ItalPassion, appassionato di auto italiane e dell'Italia in generale. Porto un occhio critico e tecnico alle notizie dei marchi italiani, quando possibile. Proprietario di una Maserati GranTurismo, di un'Alfa Romeo MiTo, di una Lancia Fulvia e di una Ducati 695. Ex proprietario di un'Alfa Romeo Giulia.","sameAs":["https:\/\/www.italpassion.fr\/"],"url":"https:\/\/www.italpassion.fr\/it\/author\/alexandre\/"}]}},"_links":{"self":[{"href":"https:\/\/www.italpassion.fr\/it\/wp-json\/wp\/v2\/posts\/38764","targetHints":{"allow":["GET"]}}],"collection":[{"href":"https:\/\/www.italpassion.fr\/it\/wp-json\/wp\/v2\/posts"}],"about":[{"href":"https:\/\/www.italpassion.fr\/it\/wp-json\/wp\/v2\/types\/post"}],"author":[{"embeddable":true,"href":"https:\/\/www.italpassion.fr\/it\/wp-json\/wp\/v2\/users\/1"}],"replies":[{"embeddable":true,"href":"https:\/\/www.italpassion.fr\/it\/wp-json\/wp\/v2\/comments?post=38764"}],"version-history":[{"count":3,"href":"https:\/\/www.italpassion.fr\/it\/wp-json\/wp\/v2\/posts\/38764\/revisions"}],"predecessor-version":[{"id":38777,"href":"https:\/\/www.italpassion.fr\/it\/wp-json\/wp\/v2\/posts\/38764\/revisions\/38777"}],"wp:featuredmedia":[{"embeddable":true,"href":"https:\/\/www.italpassion.fr\/it\/wp-json\/wp\/v2\/media\/38773"}],"wp:attachment":[{"href":"https:\/\/www.italpassion.fr\/it\/wp-json\/wp\/v2\/media?parent=38764"}],"wp:term":[{"taxonomy":"category","embeddable":true,"href":"https:\/\/www.italpassion.fr\/it\/wp-json\/wp\/v2\/categories?post=38764"},{"taxonomy":"post_tag","embeddable":true,"href":"https:\/\/www.italpassion.fr\/it\/wp-json\/wp\/v2\/tags?post=38764"}],"curies":[{"name":"wp","href":"https:\/\/api.w.org\/{rel}","templated":true}]}}