{"id":38708,"date":"2025-05-27T10:02:15","date_gmt":"2025-05-27T08:02:15","guid":{"rendered":"https:\/\/www.italpassion.fr\/?p=38708"},"modified":"2025-05-27T10:02:15","modified_gmt":"2025-05-27T08:02:15","slug":"il-ceo-di-alfa-romeo-conferma-le-quadrifogli-a-benzina-ed-elettriche","status":"publish","type":"post","link":"https:\/\/www.italpassion.fr\/it\/alfa-romeo\/alfa-romeo-le-ceo-a-confirme-des-quadrifoglio-a-essence-et-electrique\/","title":{"rendered":"Alfa Romeo: l'amministratore delegato conferma la Quadrifoglio a benzina ed elettrica"},"content":{"rendered":"<figure class=\"wp-block-image size-full\"><img loading=\"lazy\" decoding=\"async\" width=\"1200\" height=\"800\" src=\"https:\/\/www.italpassion.fr\/wp-content\/uploads\/2025\/05\/alfa-romeo-quadrifoglio-2025.jpg\" alt=\"\" class=\"wp-image-38711\" srcset=\"https:\/\/www.italpassion.fr\/wp-content\/uploads\/2025\/05\/alfa-romeo-quadrifoglio-2025.jpg 1200w, https:\/\/www.italpassion.fr\/wp-content\/uploads\/2025\/05\/alfa-romeo-quadrifoglio-2025-420x280.jpg 420w, https:\/\/www.italpassion.fr\/wp-content\/uploads\/2025\/05\/alfa-romeo-quadrifoglio-2025-768x512.jpg 768w, https:\/\/www.italpassion.fr\/wp-content\/uploads\/2025\/05\/alfa-romeo-quadrifoglio-2025-18x12.jpg 18w\" sizes=\"auto, (max-width: 1200px) 100vw, 1200px\" \/><\/figure>\n\n\n\n<p>Si \u00e8 trattato del prestigioso evento FuoriConcorso 2025, tenutosi il 24 e 25 maggio sulle rive del Lago di Como insieme al Concorso d'Eleganza di Villa d'Este, <strong>che Santo Ficili, amministratore delegato di Alfa Romeo, ha sollevato un angolo di velo sul futuro delle versioni Quadrifoglio. <\/strong>E se le sue affermazioni sono confermate, gli appassionati di prestazioni avranno delle sorprese dal punto di vista elettrico... e termico.<\/p>\n\n\n\n<p>Tra i gioielli esposti c'era l'esclusivissima Alfa Romeo 33 Stradale, insieme ad altri modelli iconici del marchio. Ma \u00e8 stata soprattutto l'intervista di Ficili alla stampa, in particolare a Motor1, a catturare l'attenzione. Quando gli \u00e8 stato chiesto del futuro del Quadrifoglio, ha detto chiaramente:<\/p>\n\n\n\n<blockquote class=\"wp-block-quote is-layout-flow wp-block-quote-is-layout-flow\"><svg aria-hidden=\"true\" focusable=\"false\" class=\"icon icon-quote\" width=\"48\" height=\"48\"><use xlink:href=\"#icon-quote\"><\/use><\/svg>\n<p>\"Vi sorprenderemo con motori sia elettrici che a combustione.<\/p>\n<\/blockquote>\n\n\n\n<p>Si tratta di una risposta significativa, dato che l'Alfa Romeo aveva inizialmente annunciato una 100 % elettrica per il 2027. Il responsabile dell'Alfa Romeo ha dichiarato ai media \"alvolanti\" che il marchio stava lavorando per ridefinire il calendario del motore a combustione interna:<\/p>\n\n\n\n<blockquote class=\"wp-block-quote is-layout-flow wp-block-quote-is-layout-flow\"><svg aria-hidden=\"true\" focusable=\"false\" class=\"icon icon-quote\" width=\"48\" height=\"48\"><use xlink:href=\"#icon-quote\"><\/use><\/svg>\n<p>\"Come sapete, eravamo andati nella direzione di avere solo auto elettriche, invece dobbiamo sviluppare anche motori a combustione interna, per i quali stiamo definendo un calendario\".<br>Sulla questione del ritorno all'energia termica entro il 2026, Ficili \u00e8 rimasto evasivo:<br>\"Vi faremo sapere presto\".<\/p>\n<\/blockquote>\n\n\n\n<h2 class=\"wp-block-heading\">Verso una doppia offerta Quadrifoglio?<\/h2>\n\n\n\n<p>Questo significa che Alfa Romeo sta preparando una doppia versione Quadrifoglio per i suoi modelli futuri: una versione ibrida con motore a combustione interna (forse per la Giulia e lo Stelvio di nuova generazione), e una versione elettrica 100 % (come quella attesa per la 33 Stradale)? <strong>Oppure che \"a combustione ed elettrico\" indichi semplicemente una versione ibrida plug-in.<\/strong><\/p>\n\n\n\n<p>Il mistero rimane, ma una cosa \u00e8 certa: il motore a combustione interna \u00e8 ancora in programma. Santo Ficili non ha confermato quale sar\u00e0 il blocco motore utilizzato, ma due candidati sembrano spiccare:<\/p>\n\n\n\n<ul class=\"wp-block-list\">\n<li>il <strong>GME 3.0L 6 cilindri<\/strong>gi\u00e0 utilizzato negli Stati Uniti sui modelli Dodge, Ram e Jeep;<\/li>\n\n\n\n<li>il <strong>Nettuno 3.0L V6<\/strong>  da Maserati, in particolare montato sulla MC20 (e derivato dal V6 da 2,9 litri dell'Alfa Romeo).<\/li>\n<\/ul>\n\n\n\n<p>In tutti i casi, l'ibridazione \u00e8 prevedibile. E proprio in tempo: abbiamo rivelato che <a href=\"https:\/\/www.italpassion.fr\/it\/stellante\/stellantis-lancera-nuovi-motori-a-combustione-ibrida-per-i-suoi-modelli-di-alta-gamma\/\">Stellantis collabora con ZF per integrare una trasmissione ibrida<\/a> sulla piattaforma STLA Large, che servir\u00e0 da base per i futuri modelli top di gamma di Alfa Romeo, Dodge e Jeep.<\/p>\n\n\n\n<h2 class=\"wp-block-heading\">Tecnologia ZF a supporto<\/h2>\n\n\n\n<p>ZF ha sviluppato il cambio automatico 8HP Gen 4, la cui produzione \u00e8 iniziata in Germania e sar\u00e0 presto realizzata negli Stati Uniti. Questa trasmissione incorpora un potente motore elettrico nell'alloggiamento del cambio, offrendo fino a 160 kW (218 CV) e 450 Nm di coppia, prestazioni degne di un veicolo elettrico. Ancora meglio:<\/p>\n\n\n\n<blockquote class=\"wp-block-quote is-layout-flow wp-block-quote-is-layout-flow\"><svg aria-hidden=\"true\" focusable=\"false\" class=\"icon icon-quote\" width=\"48\" height=\"48\"><use xlink:href=\"#icon-quote\"><\/use><\/svg>\n<p>\"A seconda del produttore e della batteria utilizzata, \u00e8 possibile un'autonomia di oltre 120 km\".<\/p>\n<\/blockquote>\n\n\n\n<p>In altre parole, con questa tecnologia l'Alfa Romeo potrebbe offrire un ibrido plug-in Quadrifoglio ad alte prestazioni, pur mantenendo il suono, il carattere e le sensazioni di un motore a combustione. Il meglio dei due mondi?<\/p>\n\n\n\n<figure class=\"wp-block-image size-full\"><img loading=\"lazy\" decoding=\"async\" width=\"960\" height=\"540\" src=\"https:\/\/www.italpassion.fr\/wp-content\/uploads\/2025\/05\/zf-8h-gen4.jpg\" alt=\"\" class=\"wp-image-38710\" srcset=\"https:\/\/www.italpassion.fr\/wp-content\/uploads\/2025\/05\/zf-8h-gen4.jpg 960w, https:\/\/www.italpassion.fr\/wp-content\/uploads\/2025\/05\/zf-8h-gen4-420x236.jpg 420w, https:\/\/www.italpassion.fr\/wp-content\/uploads\/2025\/05\/zf-8h-gen4-768x432.jpg 768w, https:\/\/www.italpassion.fr\/wp-content\/uploads\/2025\/05\/zf-8h-gen4-18x10.jpg 18w\" sizes=\"auto, (max-width: 960px) 100vw, 960px\" \/><\/figure>","protected":false},"excerpt":{"rendered":"","protected":false},"author":1,"featured_media":38711,"comment_status":"open","ping_status":"open","sticky":false,"template":"","format":"standard","meta":{"_acf_changed":false,"_sitemap_exclude":false,"_sitemap_priority":"","_sitemap_frequency":"","footnotes":""},"categories":[22],"tags":[],"class_list":["post-38708","post","type-post","status-publish","format-standard","has-post-thumbnail","hentry","category-alfa-romeo","generate-columns","tablet-grid-50","mobile-grid-100","grid-parent","grid-33"],"acf":[],"yoast_head":"<!-- This site is optimized with the Yoast SEO plugin v25.8 - https:\/\/yoast.com\/wordpress\/plugins\/seo\/ -->\n<title>Alfa Romeo : le CEO a confirm\u00e9 des Quadrifoglio \u00e0 essence et \u00e9lectrique - ItalPassion<\/title>\n<meta name=\"description\" content=\"C\u2019est \u00e0 l\u2019occasion du prestigieux \u00e9v\u00e9nement FuoriConcorso 2025, qui se tenait les 24 et 25 mai sur les rives du lac de C\u00f4me en marge du Concours\" \/>\n<meta name=\"robots\" content=\"index, follow, max-snippet:-1, max-image-preview:large, max-video-preview:-1\" \/>\n<link rel=\"canonical\" href=\"https:\/\/www.italpassion.fr\/it\/alfa-romeo\/il-ceo-di-alfa-romeo-conferma-le-quadrifogli-a-benzina-ed-elettriche\/\" \/>\n<meta property=\"og:locale\" content=\"it_IT\" \/>\n<meta property=\"og:type\" content=\"article\" \/>\n<meta property=\"og:title\" content=\"Alfa Romeo : le CEO a confirm\u00e9 des Quadrifoglio \u00e0 essence et \u00e9lectrique - ItalPassion\" \/>\n<meta property=\"og:description\" content=\"C\u2019est \u00e0 l\u2019occasion du prestigieux \u00e9v\u00e9nement FuoriConcorso 2025, qui se tenait les 24 et 25 mai sur les rives du lac de C\u00f4me en marge du Concours\" \/>\n<meta property=\"og:url\" content=\"https:\/\/www.italpassion.fr\/it\/alfa-romeo\/il-ceo-di-alfa-romeo-conferma-le-quadrifogli-a-benzina-ed-elettriche\/\" \/>\n<meta property=\"og:site_name\" content=\"ItalPassion\" \/>\n<meta property=\"article:publisher\" content=\"https:\/\/www.facebook.com\/italpassion\" \/>\n<meta property=\"article:published_time\" content=\"2025-05-27T08:02:15+00:00\" \/>\n<meta property=\"og:image\" content=\"https:\/\/www.italpassion.fr\/wp-content\/uploads\/2025\/05\/alfa-romeo-quadrifoglio-2025.jpg\" \/>\n\t<meta property=\"og:image:width\" content=\"1200\" \/>\n\t<meta property=\"og:image:height\" content=\"800\" \/>\n\t<meta property=\"og:image:type\" content=\"image\/jpeg\" \/>\n<meta name=\"author\" content=\"Alexandre Filluzeau\" \/>\n<meta name=\"twitter:card\" content=\"summary_large_image\" \/>\n<meta name=\"twitter:creator\" content=\"@italpassion\" \/>\n<meta name=\"twitter:site\" content=\"@italpassion\" \/>\n<script type=\"application\/ld+json\" class=\"yoast-schema-graph\">{\"@context\":\"https:\/\/schema.org\",\"@graph\":[{\"@type\":\"NewsArticle\",\"@id\":\"https:\/\/www.italpassion.fr\/it\/alfa-romeo\/alfa-romeo-le-ceo-a-confirme-des-quadrifoglio-a-essence-et-electrique\/#article\",\"isPartOf\":{\"@id\":\"https:\/\/www.italpassion.fr\/it\/alfa-romeo\/alfa-romeo-le-ceo-a-confirme-des-quadrifoglio-a-essence-et-electrique\/\"},\"author\":{\"name\":\"Alexandre Filluzeau\",\"@id\":\"https:\/\/www.italpassion.fr\/it\/#\/schema\/person\/36f747b2a759ca202d847e85a9434ca0\"},\"headline\":\"Alfa Romeo : le CEO a confirm\u00e9 des Quadrifoglio \u00e0 essence et \u00e9lectrique\",\"datePublished\":\"2025-05-27T08:02:15+00:00\",\"mainEntityOfPage\":{\"@id\":\"https:\/\/www.italpassion.fr\/it\/alfa-romeo\/alfa-romeo-le-ceo-a-confirme-des-quadrifoglio-a-essence-et-electrique\/\"},\"wordCount\":557,\"commentCount\":6,\"publisher\":{\"@id\":\"https:\/\/www.italpassion.fr\/it\/#organization\"},\"image\":{\"@id\":\"https:\/\/www.italpassion.fr\/it\/alfa-romeo\/alfa-romeo-le-ceo-a-confirme-des-quadrifoglio-a-essence-et-electrique\/#primaryimage\"},\"thumbnailUrl\":\"https:\/\/www.italpassion.fr\/wp-content\/uploads\/2025\/05\/alfa-romeo-quadrifoglio-2025.jpg\",\"articleSection\":[\"Alfa Romeo\"],\"inLanguage\":\"it-IT\",\"potentialAction\":[{\"@type\":\"CommentAction\",\"name\":\"Comment\",\"target\":[\"https:\/\/www.italpassion.fr\/it\/alfa-romeo\/alfa-romeo-le-ceo-a-confirme-des-quadrifoglio-a-essence-et-electrique\/#respond\"]}]},{\"@type\":\"WebPage\",\"@id\":\"https:\/\/www.italpassion.fr\/it\/alfa-romeo\/alfa-romeo-le-ceo-a-confirme-des-quadrifoglio-a-essence-et-electrique\/\",\"url\":\"https:\/\/www.italpassion.fr\/it\/alfa-romeo\/alfa-romeo-le-ceo-a-confirme-des-quadrifoglio-a-essence-et-electrique\/\",\"name\":\"Alfa Romeo : le CEO a confirm\u00e9 des Quadrifoglio \u00e0 essence et \u00e9lectrique - ItalPassion\",\"isPartOf\":{\"@id\":\"https:\/\/www.italpassion.fr\/it\/#website\"},\"primaryImageOfPage\":{\"@id\":\"https:\/\/www.italpassion.fr\/it\/alfa-romeo\/alfa-romeo-le-ceo-a-confirme-des-quadrifoglio-a-essence-et-electrique\/#primaryimage\"},\"image\":{\"@id\":\"https:\/\/www.italpassion.fr\/it\/alfa-romeo\/alfa-romeo-le-ceo-a-confirme-des-quadrifoglio-a-essence-et-electrique\/#primaryimage\"},\"thumbnailUrl\":\"https:\/\/www.italpassion.fr\/wp-content\/uploads\/2025\/05\/alfa-romeo-quadrifoglio-2025.jpg\",\"datePublished\":\"2025-05-27T08:02:15+00:00\",\"description\":\"C\u2019est \u00e0 l\u2019occasion du prestigieux \u00e9v\u00e9nement FuoriConcorso 2025, qui se tenait les 24 et 25 mai sur les rives du lac de C\u00f4me en marge du Concours\",\"breadcrumb\":{\"@id\":\"https:\/\/www.italpassion.fr\/it\/alfa-romeo\/alfa-romeo-le-ceo-a-confirme-des-quadrifoglio-a-essence-et-electrique\/#breadcrumb\"},\"inLanguage\":\"it-IT\",\"potentialAction\":[{\"@type\":\"ReadAction\",\"target\":[\"https:\/\/www.italpassion.fr\/it\/alfa-romeo\/alfa-romeo-le-ceo-a-confirme-des-quadrifoglio-a-essence-et-electrique\/\"]}]},{\"@type\":\"ImageObject\",\"inLanguage\":\"it-IT\",\"@id\":\"https:\/\/www.italpassion.fr\/it\/alfa-romeo\/alfa-romeo-le-ceo-a-confirme-des-quadrifoglio-a-essence-et-electrique\/#primaryimage\",\"url\":\"https:\/\/www.italpassion.fr\/wp-content\/uploads\/2025\/05\/alfa-romeo-quadrifoglio-2025.jpg\",\"contentUrl\":\"https:\/\/www.italpassion.fr\/wp-content\/uploads\/2025\/05\/alfa-romeo-quadrifoglio-2025.jpg\",\"width\":1200,\"height\":800},{\"@type\":\"BreadcrumbList\",\"@id\":\"https:\/\/www.italpassion.fr\/it\/alfa-romeo\/alfa-romeo-le-ceo-a-confirme-des-quadrifoglio-a-essence-et-electrique\/#breadcrumb\",\"itemListElement\":[{\"@type\":\"ListItem\",\"position\":1,\"name\":\"Accueil\",\"item\":\"https:\/\/www.italpassion.fr\/it\/\"},{\"@type\":\"ListItem\",\"position\":2,\"name\":\"Alfa Romeo : le CEO a confirm\u00e9 des Quadrifoglio \u00e0 essence et \u00e9lectrique\"}]},{\"@type\":\"WebSite\",\"@id\":\"https:\/\/www.italpassion.fr\/it\/#website\",\"url\":\"https:\/\/www.italpassion.fr\/it\/\",\"name\":\"ItalPassion\",\"description\":\"Les Passionn\u00e9s d&#039;Automobiles Italiennes\",\"publisher\":{\"@id\":\"https:\/\/www.italpassion.fr\/it\/#organization\"},\"potentialAction\":[{\"@type\":\"SearchAction\",\"target\":{\"@type\":\"EntryPoint\",\"urlTemplate\":\"https:\/\/www.italpassion.fr\/it\/?s={search_term_string}\"},\"query-input\":{\"@type\":\"PropertyValueSpecification\",\"valueRequired\":true,\"valueName\":\"search_term_string\"}}],\"inLanguage\":\"it-IT\"},{\"@type\":\"Organization\",\"@id\":\"https:\/\/www.italpassion.fr\/it\/#organization\",\"name\":\"Italpassion\",\"url\":\"https:\/\/www.italpassion.fr\/it\/\",\"logo\":{\"@type\":\"ImageObject\",\"inLanguage\":\"it-IT\",\"@id\":\"https:\/\/www.italpassion.fr\/it\/#\/schema\/logo\/image\/\",\"url\":\"https:\/\/www.italpassion.fr\/wp-content\/uploads\/2023\/07\/italpassion-yoast.jpg\",\"contentUrl\":\"https:\/\/www.italpassion.fr\/wp-content\/uploads\/2023\/07\/italpassion-yoast.jpg\",\"width\":696,\"height\":696,\"caption\":\"Italpassion\"},\"image\":{\"@id\":\"https:\/\/www.italpassion.fr\/it\/#\/schema\/logo\/image\/\"},\"sameAs\":[\"https:\/\/www.facebook.com\/italpassion\",\"https:\/\/x.com\/italpassion\",\"https:\/\/www.instagram.com\/italpassionfr\/\",\"https:\/\/www.youtube.com\/channel\/UCleq-ByQaA42OjhopwevRjQ\",\"https:\/\/www.facebook.com\/italpassion.en\/\",\"https:\/\/www.facebook.com\/italpassion.it\/\",\"https:\/\/www.facebook.com\/italpassion.de\/\",\"https:\/\/www.facebook.com\/italpassion.ja\/\"]},{\"@type\":\"Person\",\"@id\":\"https:\/\/www.italpassion.fr\/it\/#\/schema\/person\/36f747b2a759ca202d847e85a9434ca0\",\"name\":\"Alexandre Filluzeau\",\"image\":{\"@type\":\"ImageObject\",\"inLanguage\":\"it-IT\",\"@id\":\"https:\/\/www.italpassion.fr\/it\/#\/schema\/person\/image\/\",\"url\":\"https:\/\/www.italpassion.fr\/wp-content\/uploads\/2025\/04\/avatar-alexandre-160x160.jpg\",\"contentUrl\":\"https:\/\/www.italpassion.fr\/wp-content\/uploads\/2025\/04\/avatar-alexandre-160x160.jpg\",\"caption\":\"Alexandre Filluzeau\"},\"description\":\"Fondateur du site ItalPassion, passionn\u00e9 de voitures italiennes et de l'Italie en g\u00e9n\u00e9ral. J'apporte un regard critique et technique aux actualit\u00e9s des marques italiennes quand cela est possible. Propri\u00e9taire d'une Maserati GranTurismo, Alfa Romeo MiTo, Lancia Fulvia et Ducati 695. Ex-propri\u00e9taire d'une Alfa Romeo Giulia.\",\"sameAs\":[\"https:\/\/www.italpassion.fr\/\"],\"url\":\"https:\/\/www.italpassion.fr\/it\/author\/alexandre\/\"}]}<\/script>\n<!-- \/ Yoast SEO plugin. -->","yoast_head_json":{"title":"Alfa Romeo: l'amministratore delegato conferma la Quadrifoglio a benzina ed elettrica - ItalPassion","description":"\u00c8 stato in occasione del prestigioso evento FuoriConcorso 2025, tenutosi il 24 e 25 maggio sulle rive del Lago di Como insieme al Concours","robots":{"index":"index","follow":"follow","max-snippet":"max-snippet:-1","max-image-preview":"max-image-preview:large","max-video-preview":"max-video-preview:-1"},"canonical":"https:\/\/www.italpassion.fr\/it\/alfa-romeo\/il-ceo-di-alfa-romeo-conferma-le-quadrifogli-a-benzina-ed-elettriche\/","og_locale":"it_IT","og_type":"article","og_title":"Alfa Romeo : le CEO a confirm\u00e9 des Quadrifoglio \u00e0 essence et \u00e9lectrique - ItalPassion","og_description":"C\u2019est \u00e0 l\u2019occasion du prestigieux \u00e9v\u00e9nement FuoriConcorso 2025, qui se tenait les 24 et 25 mai sur les rives du lac de C\u00f4me en marge du Concours","og_url":"https:\/\/www.italpassion.fr\/it\/alfa-romeo\/il-ceo-di-alfa-romeo-conferma-le-quadrifogli-a-benzina-ed-elettriche\/","og_site_name":"ItalPassion","article_publisher":"https:\/\/www.facebook.com\/italpassion","article_published_time":"2025-05-27T08:02:15+00:00","og_image":[{"width":1200,"height":800,"url":"https:\/\/www.italpassion.fr\/wp-content\/uploads\/2025\/05\/alfa-romeo-quadrifoglio-2025.jpg","type":"image\/jpeg"}],"author":"Alexandre Filluzeau","twitter_card":"summary_large_image","twitter_creator":"@italpassion","twitter_site":"@italpassion","schema":{"@context":"https:\/\/schema.org","@graph":[{"@type":"NewsArticle","@id":"https:\/\/www.italpassion.fr\/it\/alfa-romeo\/alfa-romeo-le-ceo-a-confirme-des-quadrifoglio-a-essence-et-electrique\/#article","isPartOf":{"@id":"https:\/\/www.italpassion.fr\/it\/alfa-romeo\/alfa-romeo-le-ceo-a-confirme-des-quadrifoglio-a-essence-et-electrique\/"},"author":{"name":"Alexandre Filluzeau","@id":"https:\/\/www.italpassion.fr\/it\/#\/schema\/person\/36f747b2a759ca202d847e85a9434ca0"},"headline":"Alfa Romeo : le CEO a confirm\u00e9 des Quadrifoglio \u00e0 essence et \u00e9lectrique","datePublished":"2025-05-27T08:02:15+00:00","mainEntityOfPage":{"@id":"https:\/\/www.italpassion.fr\/it\/alfa-romeo\/alfa-romeo-le-ceo-a-confirme-des-quadrifoglio-a-essence-et-electrique\/"},"wordCount":557,"commentCount":6,"publisher":{"@id":"https:\/\/www.italpassion.fr\/it\/#organization"},"image":{"@id":"https:\/\/www.italpassion.fr\/it\/alfa-romeo\/alfa-romeo-le-ceo-a-confirme-des-quadrifoglio-a-essence-et-electrique\/#primaryimage"},"thumbnailUrl":"https:\/\/www.italpassion.fr\/wp-content\/uploads\/2025\/05\/alfa-romeo-quadrifoglio-2025.jpg","articleSection":["Alfa Romeo"],"inLanguage":"it-IT","potentialAction":[{"@type":"CommentAction","name":"Comment","target":["https:\/\/www.italpassion.fr\/it\/alfa-romeo\/alfa-romeo-le-ceo-a-confirme-des-quadrifoglio-a-essence-et-electrique\/#respond"]}]},{"@type":"WebPage","@id":"https:\/\/www.italpassion.fr\/it\/alfa-romeo\/alfa-romeo-le-ceo-a-confirme-des-quadrifoglio-a-essence-et-electrique\/","url":"https:\/\/www.italpassion.fr\/it\/alfa-romeo\/alfa-romeo-le-ceo-a-confirme-des-quadrifoglio-a-essence-et-electrique\/","name":"Alfa Romeo: l'amministratore delegato conferma la Quadrifoglio a benzina ed elettrica - ItalPassion","isPartOf":{"@id":"https:\/\/www.italpassion.fr\/it\/#website"},"primaryImageOfPage":{"@id":"https:\/\/www.italpassion.fr\/it\/alfa-romeo\/alfa-romeo-le-ceo-a-confirme-des-quadrifoglio-a-essence-et-electrique\/#primaryimage"},"image":{"@id":"https:\/\/www.italpassion.fr\/it\/alfa-romeo\/alfa-romeo-le-ceo-a-confirme-des-quadrifoglio-a-essence-et-electrique\/#primaryimage"},"thumbnailUrl":"https:\/\/www.italpassion.fr\/wp-content\/uploads\/2025\/05\/alfa-romeo-quadrifoglio-2025.jpg","datePublished":"2025-05-27T08:02:15+00:00","description":"\u00c8 stato in occasione del prestigioso evento FuoriConcorso 2025, tenutosi il 24 e 25 maggio sulle rive del Lago di Como insieme al Concours","breadcrumb":{"@id":"https:\/\/www.italpassion.fr\/it\/alfa-romeo\/alfa-romeo-le-ceo-a-confirme-des-quadrifoglio-a-essence-et-electrique\/#breadcrumb"},"inLanguage":"it-IT","potentialAction":[{"@type":"ReadAction","target":["https:\/\/www.italpassion.fr\/it\/alfa-romeo\/alfa-romeo-le-ceo-a-confirme-des-quadrifoglio-a-essence-et-electrique\/"]}]},{"@type":"ImageObject","inLanguage":"it-IT","@id":"https:\/\/www.italpassion.fr\/it\/alfa-romeo\/alfa-romeo-le-ceo-a-confirme-des-quadrifoglio-a-essence-et-electrique\/#primaryimage","url":"https:\/\/www.italpassion.fr\/wp-content\/uploads\/2025\/05\/alfa-romeo-quadrifoglio-2025.jpg","contentUrl":"https:\/\/www.italpassion.fr\/wp-content\/uploads\/2025\/05\/alfa-romeo-quadrifoglio-2025.jpg","width":1200,"height":800},{"@type":"BreadcrumbList","@id":"https:\/\/www.italpassion.fr\/it\/alfa-romeo\/alfa-romeo-le-ceo-a-confirme-des-quadrifoglio-a-essence-et-electrique\/#breadcrumb","itemListElement":[{"@type":"ListItem","position":1,"name":"Accueil","item":"https:\/\/www.italpassion.fr\/it\/"},{"@type":"ListItem","position":2,"name":"Alfa Romeo : le CEO a confirm\u00e9 des Quadrifoglio \u00e0 essence et \u00e9lectrique"}]},{"@type":"WebSite","@id":"https:\/\/www.italpassion.fr\/it\/#website","url":"https:\/\/www.italpassion.fr\/it\/","name":"ItalPassion","description":"Appassionati di auto italiane","publisher":{"@id":"https:\/\/www.italpassion.fr\/it\/#organization"},"potentialAction":[{"@type":"SearchAction","target":{"@type":"EntryPoint","urlTemplate":"https:\/\/www.italpassion.fr\/it\/?s={search_term_string}"},"query-input":{"@type":"PropertyValueSpecification","valueRequired":true,"valueName":"search_term_string"}}],"inLanguage":"it-IT"},{"@type":"Organization","@id":"https:\/\/www.italpassion.fr\/it\/#organization","name":"Italpassion","url":"https:\/\/www.italpassion.fr\/it\/","logo":{"@type":"ImageObject","inLanguage":"it-IT","@id":"https:\/\/www.italpassion.fr\/it\/#\/schema\/logo\/image\/","url":"https:\/\/www.italpassion.fr\/wp-content\/uploads\/2023\/07\/italpassion-yoast.jpg","contentUrl":"https:\/\/www.italpassion.fr\/wp-content\/uploads\/2023\/07\/italpassion-yoast.jpg","width":696,"height":696,"caption":"Italpassion"},"image":{"@id":"https:\/\/www.italpassion.fr\/it\/#\/schema\/logo\/image\/"},"sameAs":["https:\/\/www.facebook.com\/italpassion","https:\/\/x.com\/italpassion","https:\/\/www.instagram.com\/italpassionfr\/","https:\/\/www.youtube.com\/channel\/UCleq-ByQaA42OjhopwevRjQ","https:\/\/www.facebook.com\/italpassion.en\/","https:\/\/www.facebook.com\/italpassion.it\/","https:\/\/www.facebook.com\/italpassion.de\/","https:\/\/www.facebook.com\/italpassion.ja\/"]},{"@type":"Person","@id":"https:\/\/www.italpassion.fr\/it\/#\/schema\/person\/36f747b2a759ca202d847e85a9434ca0","name":"Alexandre Filluzeau","image":{"@type":"ImageObject","inLanguage":"it-IT","@id":"https:\/\/www.italpassion.fr\/it\/#\/schema\/person\/image\/","url":"https:\/\/www.italpassion.fr\/wp-content\/uploads\/2025\/04\/avatar-alexandre-160x160.jpg","contentUrl":"https:\/\/www.italpassion.fr\/wp-content\/uploads\/2025\/04\/avatar-alexandre-160x160.jpg","caption":"Alexandre Filluzeau"},"description":"Fondatore del sito ItalPassion, appassionato di auto italiane e dell'Italia in generale. Porto un occhio critico e tecnico alle notizie dei marchi italiani, quando possibile. Proprietario di una Maserati GranTurismo, di un'Alfa Romeo MiTo, di una Lancia Fulvia e di una Ducati 695. Ex proprietario di un'Alfa Romeo Giulia.","sameAs":["https:\/\/www.italpassion.fr\/"],"url":"https:\/\/www.italpassion.fr\/it\/author\/alexandre\/"}]}},"_links":{"self":[{"href":"https:\/\/www.italpassion.fr\/it\/wp-json\/wp\/v2\/posts\/38708","targetHints":{"allow":["GET"]}}],"collection":[{"href":"https:\/\/www.italpassion.fr\/it\/wp-json\/wp\/v2\/posts"}],"about":[{"href":"https:\/\/www.italpassion.fr\/it\/wp-json\/wp\/v2\/types\/post"}],"author":[{"embeddable":true,"href":"https:\/\/www.italpassion.fr\/it\/wp-json\/wp\/v2\/users\/1"}],"replies":[{"embeddable":true,"href":"https:\/\/www.italpassion.fr\/it\/wp-json\/wp\/v2\/comments?post=38708"}],"version-history":[{"count":2,"href":"https:\/\/www.italpassion.fr\/it\/wp-json\/wp\/v2\/posts\/38708\/revisions"}],"predecessor-version":[{"id":38712,"href":"https:\/\/www.italpassion.fr\/it\/wp-json\/wp\/v2\/posts\/38708\/revisions\/38712"}],"wp:featuredmedia":[{"embeddable":true,"href":"https:\/\/www.italpassion.fr\/it\/wp-json\/wp\/v2\/media\/38711"}],"wp:attachment":[{"href":"https:\/\/www.italpassion.fr\/it\/wp-json\/wp\/v2\/media?parent=38708"}],"wp:term":[{"taxonomy":"category","embeddable":true,"href":"https:\/\/www.italpassion.fr\/it\/wp-json\/wp\/v2\/categories?post=38708"},{"taxonomy":"post_tag","embeddable":true,"href":"https:\/\/www.italpassion.fr\/it\/wp-json\/wp\/v2\/tags?post=38708"}],"curies":[{"name":"wp","href":"https:\/\/api.w.org\/{rel}","templated":true}]}}