{"id":38082,"date":"2025-04-23T17:30:45","date_gmt":"2025-04-23T15:30:45","guid":{"rendered":"https:\/\/www.italpassion.fr\/?p=38082"},"modified":"2025-04-23T17:42:58","modified_gmt":"2025-04-23T15:42:58","slug":"stellantis-lo-stabilimento-italiano-dei-motori-fiat-sara-smantellato-a-partire-da-questestate-non-ci-sara-piu-nulla-da-produrre","status":"publish","type":"post","link":"https:\/\/www.italpassion.fr\/it\/stellantis\/stellantis-lusine-italienne-de-moteurs-fiat-demantelee-a-partir-de-cet-ete-il-ny-aura-plus-rien-a-produire\/","title":{"rendered":"Stellantis: lo stabilimento italiano di motori Fiat sar\u00e0 smantellato? \"Da quest'estate non ci sar\u00e0 pi\u00f9 nulla da produrre\"."},"content":{"rendered":"<figure class=\"wp-block-image size-large\"><img loading=\"lazy\" decoding=\"async\" width=\"1024\" height=\"683\" src=\"https:\/\/www.italpassion.fr\/wp-content\/uploads\/2024\/09\/firefly-1024x683.jpg\" alt=\"\" class=\"wp-image-34619\" srcset=\"https:\/\/www.italpassion.fr\/wp-content\/uploads\/2024\/09\/firefly-1024x683.jpg 1024w, https:\/\/www.italpassion.fr\/wp-content\/uploads\/2024\/09\/firefly-300x200.jpg 300w, https:\/\/www.italpassion.fr\/wp-content\/uploads\/2024\/09\/firefly-768x512.jpg 768w, https:\/\/www.italpassion.fr\/wp-content\/uploads\/2024\/09\/firefly-18x12.jpg 18w, https:\/\/www.italpassion.fr\/wp-content\/uploads\/2024\/09\/firefly-561x374.jpg 561w, https:\/\/www.italpassion.fr\/wp-content\/uploads\/2024\/09\/firefly-1122x748.jpg 1122w, https:\/\/www.italpassion.fr\/wp-content\/uploads\/2024\/09\/firefly-265x177.jpg 265w, https:\/\/www.italpassion.fr\/wp-content\/uploads\/2024\/09\/firefly-531x354.jpg 531w, https:\/\/www.italpassion.fr\/wp-content\/uploads\/2024\/09\/firefly-364x243.jpg 364w, https:\/\/www.italpassion.fr\/wp-content\/uploads\/2024\/09\/firefly-728x485.jpg 728w, https:\/\/www.italpassion.fr\/wp-content\/uploads\/2024\/09\/firefly-608x405.jpg 608w, https:\/\/www.italpassion.fr\/wp-content\/uploads\/2024\/09\/firefly-758x505.jpg 758w, https:\/\/www.italpassion.fr\/wp-content\/uploads\/2024\/09\/firefly-1152x768.jpg 1152w, https:\/\/www.italpassion.fr\/wp-content\/uploads\/2024\/09\/firefly-600x400.jpg 600w, https:\/\/www.italpassion.fr\/wp-content\/uploads\/2024\/09\/firefly.jpg 1200w\" sizes=\"auto, (max-width: 1024px) 100vw, 1024px\" \/><\/figure>\n\n\n\n<p>L'avvertimento \u00e8 ormai chiaro: il <a href=\"https:\/\/www.italpassion.fr\/it\/tag\/termoli\/\">Termoli<\/a>simbolo dell'industria automobilistica italiana per decenni, sta per essere smantellata. S\u00ec, \u00e8 successo un mese fa, <a href=\"https:\/\/www.italpassion.fr\/it\/stellante\/\">Stellantis<\/a> si accontentava del silenzio o di formule vaghe, gli ultimi segnali non lasciano spazio a dubbi. \"Da giugno o luglio in poi non ci sar\u00e0 pi\u00f9 nulla da produrre\", avvertono i sindacati, tra rabbia e rassegnazione.<\/p>\n\n\n\n<h2 class=\"wp-block-heading\">Un mese prima, un futuro gi\u00e0 incerto...<\/h2>\n\n\n\n<p>Il mese scorso abbiamo parlato di <a href=\"https:\/\/www.italpassion.fr\/it\/stellante\/stellantis-quale-futuro-per-lo-stabilimento-di-termoli-e-la-produzione-di-motori-in-italia\/\">crescenti preoccupazioni per il sito<\/a> Tra questi, il graduale calo dei volumi dei motori a combustione, la fine del Nettuno V6 per Maserati e del GME per Alfa Romeo, e la scarsa visibilit\u00e0 sul futuro dei motori GSE 1.0L per le Fiat Panda e 500 ibride. All'epoca, il progetto di trasformare lo stabilimento in una gigafactory tramite ACC (Automotive Cells Company) sembrava gi\u00e0 essere stato accantonato, a causa della mancanza di solide prospettive nel mercato delle auto elettriche.<\/p>\n\n\n\n<h2 class=\"wp-block-heading\">Oggi \u00e8 in corso lo smantellamento<\/h2>\n\n\n\n<p>Ma negli ultimi giorni le immagini che ci arrivano da Termoli sono inequivocabili: secondo i media italiani primonumero, <strong>Gli autocarri lasciano lo stabilimento trasportando le ultime cabine elettriche dalla linea di cambio.<\/strong> I dipendenti assistono impotenti allo smantellamento fisico di un futuro che era stato loro promesso. \"\u00c8 un disinvestimento pezzo per pezzo\", sintetizza Gianluca Falcone, segretario della FIOM Molise.<\/p>\n\n\n\n<p>Il messaggio \u00e8 diretto: la linea Fire \u00e8 ferma, i motori a 8 valvole hanno cessato la produzione e i motori a 16 valvole termineranno quest'estate. Il motore GME? In via di estinzione. Il V6? Troppo costoso, troppo marginale. La produzione di batterie, che avrebbe dovuto incarnare la transizione verde del sito, \u00e8 semplicemente scomparsa dal radar.<\/p>\n\n\n\n<h2 class=\"wp-block-heading\">La Gigafactory \u00e8 un miraggio politico?<\/h2>\n\n\n\n<p>Promossa con grande entusiasmo da politici locali e nazionali, la gigafactory di Termoli \u00e8 ormai solo un ricordo. Lo stesso John Elkann ha ammesso in un'audizione parlamentare che sarebbe \"molto difficile\" costruirla, citando i costi energetici eccessivi. Dietro le quinte, <a href=\"https:\/\/www.italpassion.fr\/it\/stellante\/stellantis-catl-factory-perche-la-spagna-vince-su-francia-germania-e-italia\/\">La Spagna si aggiudica la torta con 4 miliardi di euro di investimenti e una partnership con la cinese CATL<\/a>. Nel frattempo, i 370 milioni di euro stanziati dalla Regione Molise sono stati ritirati.<\/p>\n\n\n\n<h2 class=\"wp-block-heading\">Un vuoto strategico totale<\/h2>\n\n\n\n<p>Quello che stanno vivendo i lavoratori di Termoli non \u00e8 una ristrutturazione. \u00c8 un'agonia silenziosa. Meno di 2.000 dipendenti oggi, contro gli oltre 3.500 dei giorni di gloria. Il loro futuro professionale \u00e8 appeso a promesse non mantenute, senza un piano industriale e senza alternative concrete. E <a href=\"https:\/\/www.italpassion.fr\/it\/stellante\/lo-stabilimento-di-termoli-di-stellantis-produrra-finalmente-trasmissioni-batteria-gigafactory-acc-abbandonata\/\">la famosa linea di produzione eDCT<\/a>annunciata come un'ancora di salvezza, dovrebbe riguardare solo circa 300 dipendenti... a partire dal 2026. \"E fino ad allora, cosa facciamo?\", chiedono i sindacati.<\/p>\n\n\n\n<p>L'ultima speranza risiede nella futura Fiat 500 ibrida, prevista per novembre 2025, e nell'ibridazione dei motori V6 e GME a 4 cilindri per i futuri modelli Alfa Romeo e Maserati, ma per il momento non \u00e8 stato annunciato nulla di ufficiale a riguardo.<\/p>","protected":false},"excerpt":{"rendered":"","protected":false},"author":1,"featured_media":34619,"comment_status":"open","ping_status":"open","sticky":false,"template":"","format":"standard","meta":{"_acf_changed":false,"_sitemap_exclude":false,"_sitemap_priority":"","_sitemap_frequency":"","footnotes":""},"categories":[29],"tags":[386],"class_list":["post-38082","post","type-post","status-publish","format-standard","has-post-thumbnail","hentry","category-stellantis","tag-termoli","generate-columns","tablet-grid-50","mobile-grid-100","grid-parent","grid-33"],"acf":[],"yoast_head":"<!-- This site is optimized with the Yoast SEO plugin v25.8 - https:\/\/yoast.com\/wordpress\/plugins\/seo\/ -->\n<title>Stellantis : l&#039;usine italienne de moteurs Fiat d\u00e9mantel\u00e9e ? &quot;A partir de cet \u00e9t\u00e9, il n&#039;y aura plus rien \u00e0 produire&quot; - ItalPassion<\/title>\n<meta name=\"description\" content=\"L\u2019alerte est d\u00e9sormais claire : l\u2019usine de Termoli, symbole de l\u2019industrie automobile italienne depuis des d\u00e9cennies, est en passe d\u2019\u00eatre d\u00e9mantel\u00e9e. Si,\" \/>\n<meta name=\"robots\" content=\"index, follow, max-snippet:-1, max-image-preview:large, max-video-preview:-1\" \/>\n<link rel=\"canonical\" href=\"https:\/\/www.italpassion.fr\/it\/stellante\/stellantis-lo-stabilimento-italiano-dei-motori-fiat-sara-smantellato-a-partire-da-questestate-non-ci-sara-piu-nulla-da-produrre\/\" \/>\n<meta property=\"og:locale\" content=\"it_IT\" \/>\n<meta property=\"og:type\" content=\"article\" \/>\n<meta property=\"og:title\" content=\"Stellantis : l&#039;usine italienne de moteurs Fiat d\u00e9mantel\u00e9e ? &quot;A partir de cet \u00e9t\u00e9, il n&#039;y aura plus rien \u00e0 produire&quot; - ItalPassion\" \/>\n<meta property=\"og:description\" content=\"L\u2019alerte est d\u00e9sormais claire : l\u2019usine de Termoli, symbole de l\u2019industrie automobile italienne depuis des d\u00e9cennies, est en passe d\u2019\u00eatre d\u00e9mantel\u00e9e. Si,\" \/>\n<meta property=\"og:url\" content=\"https:\/\/www.italpassion.fr\/it\/stellante\/stellantis-lo-stabilimento-italiano-dei-motori-fiat-sara-smantellato-a-partire-da-questestate-non-ci-sara-piu-nulla-da-produrre\/\" \/>\n<meta property=\"og:site_name\" content=\"ItalPassion\" \/>\n<meta property=\"article:publisher\" content=\"https:\/\/www.facebook.com\/italpassion\" \/>\n<meta property=\"article:published_time\" content=\"2025-04-23T15:30:45+00:00\" \/>\n<meta property=\"article:modified_time\" content=\"2025-04-23T15:42:58+00:00\" \/>\n<meta property=\"og:image\" content=\"https:\/\/www.italpassion.fr\/wp-content\/uploads\/2024\/09\/firefly.jpg\" \/>\n\t<meta property=\"og:image:width\" content=\"1200\" \/>\n\t<meta property=\"og:image:height\" content=\"800\" \/>\n\t<meta property=\"og:image:type\" content=\"image\/jpeg\" \/>\n<meta name=\"author\" content=\"Alexandre Filluzeau\" \/>\n<meta name=\"twitter:card\" content=\"summary_large_image\" \/>\n<meta name=\"twitter:creator\" content=\"@italpassion\" \/>\n<meta name=\"twitter:site\" content=\"@italpassion\" \/>\n<script type=\"application\/ld+json\" class=\"yoast-schema-graph\">{\"@context\":\"https:\/\/schema.org\",\"@graph\":[{\"@type\":\"NewsArticle\",\"@id\":\"https:\/\/www.italpassion.fr\/it\/stellantis\/stellantis-lusine-italienne-de-moteurs-fiat-demantelee-a-partir-de-cet-ete-il-ny-aura-plus-rien-a-produire\/#article\",\"isPartOf\":{\"@id\":\"https:\/\/www.italpassion.fr\/it\/stellantis\/stellantis-lusine-italienne-de-moteurs-fiat-demantelee-a-partir-de-cet-ete-il-ny-aura-plus-rien-a-produire\/\"},\"author\":{\"name\":\"Alexandre Filluzeau\",\"@id\":\"https:\/\/www.italpassion.fr\/it\/#\/schema\/person\/36f747b2a759ca202d847e85a9434ca0\"},\"headline\":\"Stellantis : l&rsquo;usine italienne de moteurs Fiat d\u00e9mantel\u00e9e ? \u00ab\u00a0A partir de cet \u00e9t\u00e9, il n&rsquo;y aura plus rien \u00e0 produire\u00a0\u00bb\",\"datePublished\":\"2025-04-23T15:30:45+00:00\",\"dateModified\":\"2025-04-23T15:42:58+00:00\",\"mainEntityOfPage\":{\"@id\":\"https:\/\/www.italpassion.fr\/it\/stellantis\/stellantis-lusine-italienne-de-moteurs-fiat-demantelee-a-partir-de-cet-ete-il-ny-aura-plus-rien-a-produire\/\"},\"wordCount\":552,\"commentCount\":20,\"publisher\":{\"@id\":\"https:\/\/www.italpassion.fr\/it\/#organization\"},\"image\":{\"@id\":\"https:\/\/www.italpassion.fr\/it\/stellantis\/stellantis-lusine-italienne-de-moteurs-fiat-demantelee-a-partir-de-cet-ete-il-ny-aura-plus-rien-a-produire\/#primaryimage\"},\"thumbnailUrl\":\"https:\/\/www.italpassion.fr\/wp-content\/uploads\/2024\/09\/firefly.jpg\",\"keywords\":[\"Termoli\"],\"articleSection\":[\"Stellantis\"],\"inLanguage\":\"it-IT\",\"potentialAction\":[{\"@type\":\"CommentAction\",\"name\":\"Comment\",\"target\":[\"https:\/\/www.italpassion.fr\/it\/stellantis\/stellantis-lusine-italienne-de-moteurs-fiat-demantelee-a-partir-de-cet-ete-il-ny-aura-plus-rien-a-produire\/#respond\"]}]},{\"@type\":\"WebPage\",\"@id\":\"https:\/\/www.italpassion.fr\/it\/stellantis\/stellantis-lusine-italienne-de-moteurs-fiat-demantelee-a-partir-de-cet-ete-il-ny-aura-plus-rien-a-produire\/\",\"url\":\"https:\/\/www.italpassion.fr\/it\/stellantis\/stellantis-lusine-italienne-de-moteurs-fiat-demantelee-a-partir-de-cet-ete-il-ny-aura-plus-rien-a-produire\/\",\"name\":\"Stellantis : l'usine italienne de moteurs Fiat d\u00e9mantel\u00e9e ? \\\"A partir de cet \u00e9t\u00e9, il n'y aura plus rien \u00e0 produire\\\" - ItalPassion\",\"isPartOf\":{\"@id\":\"https:\/\/www.italpassion.fr\/it\/#website\"},\"primaryImageOfPage\":{\"@id\":\"https:\/\/www.italpassion.fr\/it\/stellantis\/stellantis-lusine-italienne-de-moteurs-fiat-demantelee-a-partir-de-cet-ete-il-ny-aura-plus-rien-a-produire\/#primaryimage\"},\"image\":{\"@id\":\"https:\/\/www.italpassion.fr\/it\/stellantis\/stellantis-lusine-italienne-de-moteurs-fiat-demantelee-a-partir-de-cet-ete-il-ny-aura-plus-rien-a-produire\/#primaryimage\"},\"thumbnailUrl\":\"https:\/\/www.italpassion.fr\/wp-content\/uploads\/2024\/09\/firefly.jpg\",\"datePublished\":\"2025-04-23T15:30:45+00:00\",\"dateModified\":\"2025-04-23T15:42:58+00:00\",\"description\":\"L\u2019alerte est d\u00e9sormais claire : l\u2019usine de Termoli, symbole de l\u2019industrie automobile italienne depuis des d\u00e9cennies, est en passe d\u2019\u00eatre d\u00e9mantel\u00e9e. Si,\",\"breadcrumb\":{\"@id\":\"https:\/\/www.italpassion.fr\/it\/stellantis\/stellantis-lusine-italienne-de-moteurs-fiat-demantelee-a-partir-de-cet-ete-il-ny-aura-plus-rien-a-produire\/#breadcrumb\"},\"inLanguage\":\"it-IT\",\"potentialAction\":[{\"@type\":\"ReadAction\",\"target\":[\"https:\/\/www.italpassion.fr\/it\/stellantis\/stellantis-lusine-italienne-de-moteurs-fiat-demantelee-a-partir-de-cet-ete-il-ny-aura-plus-rien-a-produire\/\"]}]},{\"@type\":\"ImageObject\",\"inLanguage\":\"it-IT\",\"@id\":\"https:\/\/www.italpassion.fr\/it\/stellantis\/stellantis-lusine-italienne-de-moteurs-fiat-demantelee-a-partir-de-cet-ete-il-ny-aura-plus-rien-a-produire\/#primaryimage\",\"url\":\"https:\/\/www.italpassion.fr\/wp-content\/uploads\/2024\/09\/firefly.jpg\",\"contentUrl\":\"https:\/\/www.italpassion.fr\/wp-content\/uploads\/2024\/09\/firefly.jpg\",\"width\":1200,\"height\":800},{\"@type\":\"BreadcrumbList\",\"@id\":\"https:\/\/www.italpassion.fr\/it\/stellantis\/stellantis-lusine-italienne-de-moteurs-fiat-demantelee-a-partir-de-cet-ete-il-ny-aura-plus-rien-a-produire\/#breadcrumb\",\"itemListElement\":[{\"@type\":\"ListItem\",\"position\":1,\"name\":\"Accueil\",\"item\":\"https:\/\/www.italpassion.fr\/it\/\"},{\"@type\":\"ListItem\",\"position\":2,\"name\":\"Stellantis : l&rsquo;usine italienne de moteurs Fiat d\u00e9mantel\u00e9e ? \u00ab\u00a0A partir de cet \u00e9t\u00e9, il n&rsquo;y aura plus rien \u00e0 produire\u00a0\u00bb\"}]},{\"@type\":\"WebSite\",\"@id\":\"https:\/\/www.italpassion.fr\/it\/#website\",\"url\":\"https:\/\/www.italpassion.fr\/it\/\",\"name\":\"ItalPassion\",\"description\":\"Les Passionn\u00e9s d&#039;Automobiles Italiennes\",\"publisher\":{\"@id\":\"https:\/\/www.italpassion.fr\/it\/#organization\"},\"potentialAction\":[{\"@type\":\"SearchAction\",\"target\":{\"@type\":\"EntryPoint\",\"urlTemplate\":\"https:\/\/www.italpassion.fr\/it\/?s={search_term_string}\"},\"query-input\":{\"@type\":\"PropertyValueSpecification\",\"valueRequired\":true,\"valueName\":\"search_term_string\"}}],\"inLanguage\":\"it-IT\"},{\"@type\":\"Organization\",\"@id\":\"https:\/\/www.italpassion.fr\/it\/#organization\",\"name\":\"Italpassion\",\"url\":\"https:\/\/www.italpassion.fr\/it\/\",\"logo\":{\"@type\":\"ImageObject\",\"inLanguage\":\"it-IT\",\"@id\":\"https:\/\/www.italpassion.fr\/it\/#\/schema\/logo\/image\/\",\"url\":\"https:\/\/www.italpassion.fr\/wp-content\/uploads\/2023\/07\/italpassion-yoast.jpg\",\"contentUrl\":\"https:\/\/www.italpassion.fr\/wp-content\/uploads\/2023\/07\/italpassion-yoast.jpg\",\"width\":696,\"height\":696,\"caption\":\"Italpassion\"},\"image\":{\"@id\":\"https:\/\/www.italpassion.fr\/it\/#\/schema\/logo\/image\/\"},\"sameAs\":[\"https:\/\/www.facebook.com\/italpassion\",\"https:\/\/x.com\/italpassion\",\"https:\/\/www.instagram.com\/italpassionfr\/\",\"https:\/\/www.youtube.com\/channel\/UCleq-ByQaA42OjhopwevRjQ\",\"https:\/\/www.facebook.com\/italpassion.en\/\",\"https:\/\/www.facebook.com\/italpassion.it\/\",\"https:\/\/www.facebook.com\/italpassion.de\/\",\"https:\/\/www.facebook.com\/italpassion.ja\/\"]},{\"@type\":\"Person\",\"@id\":\"https:\/\/www.italpassion.fr\/it\/#\/schema\/person\/36f747b2a759ca202d847e85a9434ca0\",\"name\":\"Alexandre Filluzeau\",\"image\":{\"@type\":\"ImageObject\",\"inLanguage\":\"it-IT\",\"@id\":\"https:\/\/www.italpassion.fr\/it\/#\/schema\/person\/image\/\",\"url\":\"https:\/\/www.italpassion.fr\/wp-content\/uploads\/2025\/04\/avatar-alexandre-160x160.jpg\",\"contentUrl\":\"https:\/\/www.italpassion.fr\/wp-content\/uploads\/2025\/04\/avatar-alexandre-160x160.jpg\",\"caption\":\"Alexandre Filluzeau\"},\"description\":\"Fondateur du site ItalPassion, passionn\u00e9 de voitures italiennes et de l'Italie en g\u00e9n\u00e9ral. J'apporte un regard critique et technique aux actualit\u00e9s des marques italiennes quand cela est possible. Propri\u00e9taire d'une Maserati GranTurismo, Alfa Romeo MiTo, Lancia Fulvia et Ducati 695. Ex-propri\u00e9taire d'une Alfa Romeo Giulia.\",\"sameAs\":[\"https:\/\/www.italpassion.fr\/\"],\"url\":\"https:\/\/www.italpassion.fr\/it\/author\/alexandre\/\"}]}<\/script>\n<!-- \/ Yoast SEO plugin. -->","yoast_head_json":{"title":"Stellantis: lo stabilimento italiano dei motori Fiat sar\u00e0 smantellato? \"Da quest'estate non ci sar\u00e0 pi\u00f9 nulla da produrre\" - ItalPassion","description":"L'allarme \u00e8 ormai chiaro: lo stabilimento di Termoli, da decenni simbolo dell'industria automobilistica italiana, sta per essere smantellato. S\u00ec, \u00e8 cos\u00ec,","robots":{"index":"index","follow":"follow","max-snippet":"max-snippet:-1","max-image-preview":"max-image-preview:large","max-video-preview":"max-video-preview:-1"},"canonical":"https:\/\/www.italpassion.fr\/it\/stellante\/stellantis-lo-stabilimento-italiano-dei-motori-fiat-sara-smantellato-a-partire-da-questestate-non-ci-sara-piu-nulla-da-produrre\/","og_locale":"it_IT","og_type":"article","og_title":"Stellantis : l'usine italienne de moteurs Fiat d\u00e9mantel\u00e9e ? \"A partir de cet \u00e9t\u00e9, il n'y aura plus rien \u00e0 produire\" - ItalPassion","og_description":"L\u2019alerte est d\u00e9sormais claire : l\u2019usine de Termoli, symbole de l\u2019industrie automobile italienne depuis des d\u00e9cennies, est en passe d\u2019\u00eatre d\u00e9mantel\u00e9e. Si,","og_url":"https:\/\/www.italpassion.fr\/it\/stellante\/stellantis-lo-stabilimento-italiano-dei-motori-fiat-sara-smantellato-a-partire-da-questestate-non-ci-sara-piu-nulla-da-produrre\/","og_site_name":"ItalPassion","article_publisher":"https:\/\/www.facebook.com\/italpassion","article_published_time":"2025-04-23T15:30:45+00:00","article_modified_time":"2025-04-23T15:42:58+00:00","og_image":[{"width":1200,"height":800,"url":"https:\/\/www.italpassion.fr\/wp-content\/uploads\/2024\/09\/firefly.jpg","type":"image\/jpeg"}],"author":"Alexandre Filluzeau","twitter_card":"summary_large_image","twitter_creator":"@italpassion","twitter_site":"@italpassion","schema":{"@context":"https:\/\/schema.org","@graph":[{"@type":"NewsArticle","@id":"https:\/\/www.italpassion.fr\/it\/stellantis\/stellantis-lusine-italienne-de-moteurs-fiat-demantelee-a-partir-de-cet-ete-il-ny-aura-plus-rien-a-produire\/#article","isPartOf":{"@id":"https:\/\/www.italpassion.fr\/it\/stellantis\/stellantis-lusine-italienne-de-moteurs-fiat-demantelee-a-partir-de-cet-ete-il-ny-aura-plus-rien-a-produire\/"},"author":{"name":"Alexandre Filluzeau","@id":"https:\/\/www.italpassion.fr\/it\/#\/schema\/person\/36f747b2a759ca202d847e85a9434ca0"},"headline":"Stellantis : l&rsquo;usine italienne de moteurs Fiat d\u00e9mantel\u00e9e ? \u00ab\u00a0A partir de cet \u00e9t\u00e9, il n&rsquo;y aura plus rien \u00e0 produire\u00a0\u00bb","datePublished":"2025-04-23T15:30:45+00:00","dateModified":"2025-04-23T15:42:58+00:00","mainEntityOfPage":{"@id":"https:\/\/www.italpassion.fr\/it\/stellantis\/stellantis-lusine-italienne-de-moteurs-fiat-demantelee-a-partir-de-cet-ete-il-ny-aura-plus-rien-a-produire\/"},"wordCount":552,"commentCount":20,"publisher":{"@id":"https:\/\/www.italpassion.fr\/it\/#organization"},"image":{"@id":"https:\/\/www.italpassion.fr\/it\/stellantis\/stellantis-lusine-italienne-de-moteurs-fiat-demantelee-a-partir-de-cet-ete-il-ny-aura-plus-rien-a-produire\/#primaryimage"},"thumbnailUrl":"https:\/\/www.italpassion.fr\/wp-content\/uploads\/2024\/09\/firefly.jpg","keywords":["Termoli"],"articleSection":["Stellantis"],"inLanguage":"it-IT","potentialAction":[{"@type":"CommentAction","name":"Comment","target":["https:\/\/www.italpassion.fr\/it\/stellantis\/stellantis-lusine-italienne-de-moteurs-fiat-demantelee-a-partir-de-cet-ete-il-ny-aura-plus-rien-a-produire\/#respond"]}]},{"@type":"WebPage","@id":"https:\/\/www.italpassion.fr\/it\/stellantis\/stellantis-lusine-italienne-de-moteurs-fiat-demantelee-a-partir-de-cet-ete-il-ny-aura-plus-rien-a-produire\/","url":"https:\/\/www.italpassion.fr\/it\/stellantis\/stellantis-lusine-italienne-de-moteurs-fiat-demantelee-a-partir-de-cet-ete-il-ny-aura-plus-rien-a-produire\/","name":"Stellantis: lo stabilimento italiano dei motori Fiat sar\u00e0 smantellato? \"Da quest'estate non ci sar\u00e0 pi\u00f9 nulla da produrre\" - ItalPassion","isPartOf":{"@id":"https:\/\/www.italpassion.fr\/it\/#website"},"primaryImageOfPage":{"@id":"https:\/\/www.italpassion.fr\/it\/stellantis\/stellantis-lusine-italienne-de-moteurs-fiat-demantelee-a-partir-de-cet-ete-il-ny-aura-plus-rien-a-produire\/#primaryimage"},"image":{"@id":"https:\/\/www.italpassion.fr\/it\/stellantis\/stellantis-lusine-italienne-de-moteurs-fiat-demantelee-a-partir-de-cet-ete-il-ny-aura-plus-rien-a-produire\/#primaryimage"},"thumbnailUrl":"https:\/\/www.italpassion.fr\/wp-content\/uploads\/2024\/09\/firefly.jpg","datePublished":"2025-04-23T15:30:45+00:00","dateModified":"2025-04-23T15:42:58+00:00","description":"L'allarme \u00e8 ormai chiaro: lo stabilimento di Termoli, da decenni simbolo dell'industria automobilistica italiana, sta per essere smantellato. S\u00ec, \u00e8 cos\u00ec,","breadcrumb":{"@id":"https:\/\/www.italpassion.fr\/it\/stellantis\/stellantis-lusine-italienne-de-moteurs-fiat-demantelee-a-partir-de-cet-ete-il-ny-aura-plus-rien-a-produire\/#breadcrumb"},"inLanguage":"it-IT","potentialAction":[{"@type":"ReadAction","target":["https:\/\/www.italpassion.fr\/it\/stellantis\/stellantis-lusine-italienne-de-moteurs-fiat-demantelee-a-partir-de-cet-ete-il-ny-aura-plus-rien-a-produire\/"]}]},{"@type":"ImageObject","inLanguage":"it-IT","@id":"https:\/\/www.italpassion.fr\/it\/stellantis\/stellantis-lusine-italienne-de-moteurs-fiat-demantelee-a-partir-de-cet-ete-il-ny-aura-plus-rien-a-produire\/#primaryimage","url":"https:\/\/www.italpassion.fr\/wp-content\/uploads\/2024\/09\/firefly.jpg","contentUrl":"https:\/\/www.italpassion.fr\/wp-content\/uploads\/2024\/09\/firefly.jpg","width":1200,"height":800},{"@type":"BreadcrumbList","@id":"https:\/\/www.italpassion.fr\/it\/stellantis\/stellantis-lusine-italienne-de-moteurs-fiat-demantelee-a-partir-de-cet-ete-il-ny-aura-plus-rien-a-produire\/#breadcrumb","itemListElement":[{"@type":"ListItem","position":1,"name":"Accueil","item":"https:\/\/www.italpassion.fr\/it\/"},{"@type":"ListItem","position":2,"name":"Stellantis : l&rsquo;usine italienne de moteurs Fiat d\u00e9mantel\u00e9e ? \u00ab\u00a0A partir de cet \u00e9t\u00e9, il n&rsquo;y aura plus rien \u00e0 produire\u00a0\u00bb"}]},{"@type":"WebSite","@id":"https:\/\/www.italpassion.fr\/it\/#website","url":"https:\/\/www.italpassion.fr\/it\/","name":"ItalPassion","description":"Appassionati di auto italiane","publisher":{"@id":"https:\/\/www.italpassion.fr\/it\/#organization"},"potentialAction":[{"@type":"SearchAction","target":{"@type":"EntryPoint","urlTemplate":"https:\/\/www.italpassion.fr\/it\/?s={search_term_string}"},"query-input":{"@type":"PropertyValueSpecification","valueRequired":true,"valueName":"search_term_string"}}],"inLanguage":"it-IT"},{"@type":"Organization","@id":"https:\/\/www.italpassion.fr\/it\/#organization","name":"Italpassion","url":"https:\/\/www.italpassion.fr\/it\/","logo":{"@type":"ImageObject","inLanguage":"it-IT","@id":"https:\/\/www.italpassion.fr\/it\/#\/schema\/logo\/image\/","url":"https:\/\/www.italpassion.fr\/wp-content\/uploads\/2023\/07\/italpassion-yoast.jpg","contentUrl":"https:\/\/www.italpassion.fr\/wp-content\/uploads\/2023\/07\/italpassion-yoast.jpg","width":696,"height":696,"caption":"Italpassion"},"image":{"@id":"https:\/\/www.italpassion.fr\/it\/#\/schema\/logo\/image\/"},"sameAs":["https:\/\/www.facebook.com\/italpassion","https:\/\/x.com\/italpassion","https:\/\/www.instagram.com\/italpassionfr\/","https:\/\/www.youtube.com\/channel\/UCleq-ByQaA42OjhopwevRjQ","https:\/\/www.facebook.com\/italpassion.en\/","https:\/\/www.facebook.com\/italpassion.it\/","https:\/\/www.facebook.com\/italpassion.de\/","https:\/\/www.facebook.com\/italpassion.ja\/"]},{"@type":"Person","@id":"https:\/\/www.italpassion.fr\/it\/#\/schema\/person\/36f747b2a759ca202d847e85a9434ca0","name":"Alexandre Filluzeau","image":{"@type":"ImageObject","inLanguage":"it-IT","@id":"https:\/\/www.italpassion.fr\/it\/#\/schema\/person\/image\/","url":"https:\/\/www.italpassion.fr\/wp-content\/uploads\/2025\/04\/avatar-alexandre-160x160.jpg","contentUrl":"https:\/\/www.italpassion.fr\/wp-content\/uploads\/2025\/04\/avatar-alexandre-160x160.jpg","caption":"Alexandre Filluzeau"},"description":"Fondatore del sito ItalPassion, appassionato di auto italiane e dell'Italia in generale. Porto un occhio critico e tecnico alle notizie dei marchi italiani, quando possibile. Proprietario di una Maserati GranTurismo, di un'Alfa Romeo MiTo, di una Lancia Fulvia e di una Ducati 695. Ex proprietario di un'Alfa Romeo Giulia.","sameAs":["https:\/\/www.italpassion.fr\/"],"url":"https:\/\/www.italpassion.fr\/it\/author\/alexandre\/"}]}},"_links":{"self":[{"href":"https:\/\/www.italpassion.fr\/it\/wp-json\/wp\/v2\/posts\/38082","targetHints":{"allow":["GET"]}}],"collection":[{"href":"https:\/\/www.italpassion.fr\/it\/wp-json\/wp\/v2\/posts"}],"about":[{"href":"https:\/\/www.italpassion.fr\/it\/wp-json\/wp\/v2\/types\/post"}],"author":[{"embeddable":true,"href":"https:\/\/www.italpassion.fr\/it\/wp-json\/wp\/v2\/users\/1"}],"replies":[{"embeddable":true,"href":"https:\/\/www.italpassion.fr\/it\/wp-json\/wp\/v2\/comments?post=38082"}],"version-history":[{"count":2,"href":"https:\/\/www.italpassion.fr\/it\/wp-json\/wp\/v2\/posts\/38082\/revisions"}],"predecessor-version":[{"id":38084,"href":"https:\/\/www.italpassion.fr\/it\/wp-json\/wp\/v2\/posts\/38082\/revisions\/38084"}],"wp:featuredmedia":[{"embeddable":true,"href":"https:\/\/www.italpassion.fr\/it\/wp-json\/wp\/v2\/media\/34619"}],"wp:attachment":[{"href":"https:\/\/www.italpassion.fr\/it\/wp-json\/wp\/v2\/media?parent=38082"}],"wp:term":[{"taxonomy":"category","embeddable":true,"href":"https:\/\/www.italpassion.fr\/it\/wp-json\/wp\/v2\/categories?post=38082"},{"taxonomy":"post_tag","embeddable":true,"href":"https:\/\/www.italpassion.fr\/it\/wp-json\/wp\/v2\/tags?post=38082"}],"curies":[{"name":"wp","href":"https:\/\/api.w.org\/{rel}","templated":true}]}}