{"id":37983,"date":"2025-04-16T12:32:35","date_gmt":"2025-04-16T10:32:35","guid":{"rendered":"https:\/\/www.italpassion.fr\/?p=37983"},"modified":"2025-04-16T12:32:35","modified_gmt":"2025-04-16T10:32:35","slug":"un-ex-amministratore-delegato-del-gruppo-volkswagen-tra-i-candidati-alla-guida-di-stellantis","status":"publish","type":"post","link":"https:\/\/www.italpassion.fr\/it\/stellantis\/un-ex-ceo-du-groupe-volkswagen-parmi-les-candidats-a-la-tete-de-stellantis\/","title":{"rendered":"Un ex-CEO del Gruppo Volkswagen tra i candidati alla guida di Stellantis?"},"content":{"rendered":"<figure class=\"wp-block-image size-full\"><img loading=\"lazy\" decoding=\"async\" width=\"1200\" height=\"800\" src=\"https:\/\/www.italpassion.fr\/wp-content\/uploads\/2025\/04\/wayne-griffiths.jpg\" alt=\"\" class=\"wp-image-37984\" srcset=\"https:\/\/www.italpassion.fr\/wp-content\/uploads\/2025\/04\/wayne-griffiths.jpg 1200w, https:\/\/www.italpassion.fr\/wp-content\/uploads\/2025\/04\/wayne-griffiths-420x280.jpg 420w, https:\/\/www.italpassion.fr\/wp-content\/uploads\/2025\/04\/wayne-griffiths-768x512.jpg 768w, https:\/\/www.italpassion.fr\/wp-content\/uploads\/2025\/04\/wayne-griffiths-18x12.jpg 18w\" sizes=\"auto, (max-width: 1200px) 100vw, 1200px\" \/><\/figure>\n\n\n\n<p><strong>Dal momento che il <a href=\"https:\/\/www.italpassion.fr\/it\/stellante\/tuono-alle-dimissioni-dellamministratore-delegato-di-stellantis-carlos-tavares\/\">dimissioni a sorpresa di Carlos Tavares alla fine del 2024<\/a>, <a href=\"https:\/\/www.italpassion.fr\/it\/stellante\/\">Stellantis<\/a> \u00e8 alla ricerca del suo futuro CEO. <\/strong>Mentre il Gruppo aveva annunciato una nomina per la prima met\u00e0 del 2025, siamo a met\u00e0 aprile... e ancora non \u00e8 emerso alcun nome ufficiale. Ma le speculazioni si moltiplicano.<\/p>\n\n\n\n<h2 class=\"wp-block-heading\">Una rosa di cinque nomi<\/h2>\n\n\n\n<p>Secondo le ultime indiscrezioni, Stellantis ha ridotto la sua lista di pretendenti a cinque candidati: due profili interni e tre esterni.<\/p>\n\n\n\n<p>Sul fronte interno, Antonio Filosa, attuale CEO di Stellantis North America, \u00e8 il favorito. Accanto a lui, viene preso in considerazione anche Maxime Picat, ex-CEO di Stellantis Europe e ora Direttore Acquisti del Gruppo. Entrambi gli uomini sono ben noti al Gruppo e hanno una certa esperienza, ma si trovano di fronte a concorrenti esterni con profili... intriganti. Secondo le nostre informazioni, anche Jean-Philippe Imparato, CEO di Stellantis Europe, era in lista, ma ha rifiutato.<\/p>\n\n\n\n<h2 class=\"wp-block-heading\">Wayne Griffiths, un outsider credibile<\/h2>\n\n\n\n<p><strong>Tra i candidati esterni, un nome sta diventando credibile: Wayne Griffiths, ex-CEO di Seat e Cupra. <\/strong>Ufficialmente ha lasciato l'incarico il 31 marzo 2025, \"su sua richiesta\", per affrontare nuove sfide. Questa tempistica \u00e8 destinata a suscitare domande, soprattutto perch\u00e9 non \u00e8 stata ancora annunciata alcuna destinazione.<\/p>\n\n\n\n<blockquote class=\"wp-block-quote is-layout-flow wp-block-quote-is-layout-flow\"><svg aria-hidden=\"true\" focusable=\"false\" class=\"icon icon-quote\" width=\"48\" height=\"48\"><use xlink:href=\"#icon-quote\"><\/use><\/svg>\n<p>Ieri, dopo 37 anni, ho deciso di lasciare il Gruppo Volkswagen.<\/p>\n\n\n\n<p>Sono entrato in AUDI AG all'et\u00e0 di 21 anni e me ne sono andato ieri come CEO di SEAT S.A. e CUPRA.<\/p>\n\n\n\n<p>\u00c8 stato un viaggio incredibile, con troppi momenti salienti da elencare. Ma la cosa pi\u00f9 importante per me sono state le persone fantastiche che ho incontrato e con cui ho lavorato lungo il percorso, e vorrei ringraziarvi tutti per la vostra amicizia e lealt\u00e0.<\/p>\n\n\n\n<p>Volevo solo farti sapere che sono felice e in forma come non mai, e non vedo l'ora di vedere dove mi porter\u00e0 il mio destino.<\/p>\n\n\n\n<p>Come disse una volta il mio eroe David Bowie: \"Non so dove andr\u00f2 da qui, ma vi prometto che non mi annoier\u00f2\".<\/p>\n<\/blockquote>\n\n\n\n<p>Griffiths \u00e8 un prodotto puro del Gruppo Volkswagen. Entrato in Audi nel 1989, si \u00e8 poi alternato tra Seat e il marchio con gli anelli. Nominato CEO di Cupra nel 2019 e di Seat nel 2020, ha dato nuova vita a entrambi i marchi. Sotto la sua guida, <strong>Cupra \u00e8 diventato uno dei marchi europei a pi\u00f9 rapida crescita,<\/strong> con modelli come il Born e il Terramar.<\/p>\n\n\n\n<p>\u00c8 stato anche in grado di affrontare tempi turbolenti, in particolare l'ascesa della concorrenza cinese e le recenti incertezze doganali negli Stati Uniti. La sua visione strategica, il suo profilo internazionale e la sua esperienza nello sviluppo del marchio potrebbero interessare un gruppo vasto e multiculturale come Stellantis.<\/p>\n\n\n\n<h2 class=\"wp-block-heading\">Una corsa contro il tempo<\/h2>\n\n\n\n<p>Attualmente Stellantis \u00e8 nel bel mezzo di una grande trasformazione: l'ascesa dell'energia elettrica \u00e8 pi\u00f9 difficile del previsto, i marchi sono in fase di razionalizzazione, l'azienda si sta adattando al mercato nordamericano e alla concorrenza cinese, tutti fattori che richiedono una leadership chiara e stabile.<\/p>\n\n\n\n<p>Se l'arrivo di Wayne Griffiths sar\u00e0 confermato, sar\u00e0 un segnale forte. Resta da vedere se l'ex capo della Cupra far\u00e0 parte dell'annuncio ufficiale... che non dovrebbe tardare ad arrivare.<\/p>","protected":false},"excerpt":{"rendered":"","protected":false},"author":1,"featured_media":37984,"comment_status":"open","ping_status":"open","sticky":false,"template":"","format":"standard","meta":{"_acf_changed":false,"_sitemap_exclude":false,"_sitemap_priority":"","_sitemap_frequency":"","footnotes":""},"categories":[29],"tags":[],"class_list":["post-37983","post","type-post","status-publish","format-standard","has-post-thumbnail","hentry","category-stellantis","generate-columns","tablet-grid-50","mobile-grid-100","grid-parent","grid-33"],"acf":[],"yoast_head":"<!-- This site is optimized with the Yoast SEO plugin v25.8 - https:\/\/yoast.com\/wordpress\/plugins\/seo\/ -->\n<title>Un ex-CEO du groupe Volkswagen parmi les candidats \u00e0 la t\u00eate de Stellantis ? - ItalPassion<\/title>\n<meta name=\"description\" content=\"Depuis la d\u00e9mission surprise de Carlos Tavares fin 2024, Stellantis est \u00e0 la recherche de son futur CEO. Alors que le groupe avait annonc\u00e9 une nomination\" \/>\n<meta name=\"robots\" content=\"index, follow, max-snippet:-1, max-image-preview:large, max-video-preview:-1\" \/>\n<link rel=\"canonical\" href=\"https:\/\/www.italpassion.fr\/it\/stellante\/un-ex-amministratore-delegato-del-gruppo-volkswagen-tra-i-candidati-alla-guida-di-stellantis\/\" \/>\n<meta property=\"og:locale\" content=\"it_IT\" \/>\n<meta property=\"og:type\" content=\"article\" \/>\n<meta property=\"og:title\" content=\"Un ex-CEO du groupe Volkswagen parmi les candidats \u00e0 la t\u00eate de Stellantis ? - ItalPassion\" \/>\n<meta property=\"og:description\" content=\"Depuis la d\u00e9mission surprise de Carlos Tavares fin 2024, Stellantis est \u00e0 la recherche de son futur CEO. Alors que le groupe avait annonc\u00e9 une nomination\" \/>\n<meta property=\"og:url\" content=\"https:\/\/www.italpassion.fr\/it\/stellante\/un-ex-amministratore-delegato-del-gruppo-volkswagen-tra-i-candidati-alla-guida-di-stellantis\/\" \/>\n<meta property=\"og:site_name\" content=\"ItalPassion\" \/>\n<meta property=\"article:publisher\" content=\"https:\/\/www.facebook.com\/italpassion\" \/>\n<meta property=\"article:published_time\" content=\"2025-04-16T10:32:35+00:00\" \/>\n<meta property=\"og:image\" content=\"https:\/\/www.italpassion.fr\/wp-content\/uploads\/2025\/04\/wayne-griffiths.jpg\" \/>\n\t<meta property=\"og:image:width\" content=\"1200\" \/>\n\t<meta property=\"og:image:height\" content=\"800\" \/>\n\t<meta property=\"og:image:type\" content=\"image\/jpeg\" \/>\n<meta name=\"author\" content=\"Alexandre Filluzeau\" \/>\n<meta name=\"twitter:card\" content=\"summary_large_image\" \/>\n<meta name=\"twitter:creator\" content=\"@italpassion\" \/>\n<meta name=\"twitter:site\" content=\"@italpassion\" \/>\n<script type=\"application\/ld+json\" class=\"yoast-schema-graph\">{\"@context\":\"https:\/\/schema.org\",\"@graph\":[{\"@type\":\"NewsArticle\",\"@id\":\"https:\/\/www.italpassion.fr\/it\/stellantis\/un-ex-ceo-du-groupe-volkswagen-parmi-les-candidats-a-la-tete-de-stellantis\/#article\",\"isPartOf\":{\"@id\":\"https:\/\/www.italpassion.fr\/it\/stellantis\/un-ex-ceo-du-groupe-volkswagen-parmi-les-candidats-a-la-tete-de-stellantis\/\"},\"author\":{\"name\":\"Alexandre Filluzeau\",\"@id\":\"https:\/\/www.italpassion.fr\/it\/#\/schema\/person\/36f747b2a759ca202d847e85a9434ca0\"},\"headline\":\"Un ex-CEO du groupe Volkswagen parmi les candidats \u00e0 la t\u00eate de Stellantis ?\",\"datePublished\":\"2025-04-16T10:32:35+00:00\",\"mainEntityOfPage\":{\"@id\":\"https:\/\/www.italpassion.fr\/it\/stellantis\/un-ex-ceo-du-groupe-volkswagen-parmi-les-candidats-a-la-tete-de-stellantis\/\"},\"wordCount\":591,\"commentCount\":0,\"publisher\":{\"@id\":\"https:\/\/www.italpassion.fr\/it\/#organization\"},\"image\":{\"@id\":\"https:\/\/www.italpassion.fr\/it\/stellantis\/un-ex-ceo-du-groupe-volkswagen-parmi-les-candidats-a-la-tete-de-stellantis\/#primaryimage\"},\"thumbnailUrl\":\"https:\/\/www.italpassion.fr\/wp-content\/uploads\/2025\/04\/wayne-griffiths.jpg\",\"articleSection\":[\"Stellantis\"],\"inLanguage\":\"it-IT\",\"potentialAction\":[{\"@type\":\"CommentAction\",\"name\":\"Comment\",\"target\":[\"https:\/\/www.italpassion.fr\/it\/stellantis\/un-ex-ceo-du-groupe-volkswagen-parmi-les-candidats-a-la-tete-de-stellantis\/#respond\"]}]},{\"@type\":\"WebPage\",\"@id\":\"https:\/\/www.italpassion.fr\/it\/stellantis\/un-ex-ceo-du-groupe-volkswagen-parmi-les-candidats-a-la-tete-de-stellantis\/\",\"url\":\"https:\/\/www.italpassion.fr\/it\/stellantis\/un-ex-ceo-du-groupe-volkswagen-parmi-les-candidats-a-la-tete-de-stellantis\/\",\"name\":\"Un ex-CEO du groupe Volkswagen parmi les candidats \u00e0 la t\u00eate de Stellantis ? - ItalPassion\",\"isPartOf\":{\"@id\":\"https:\/\/www.italpassion.fr\/it\/#website\"},\"primaryImageOfPage\":{\"@id\":\"https:\/\/www.italpassion.fr\/it\/stellantis\/un-ex-ceo-du-groupe-volkswagen-parmi-les-candidats-a-la-tete-de-stellantis\/#primaryimage\"},\"image\":{\"@id\":\"https:\/\/www.italpassion.fr\/it\/stellantis\/un-ex-ceo-du-groupe-volkswagen-parmi-les-candidats-a-la-tete-de-stellantis\/#primaryimage\"},\"thumbnailUrl\":\"https:\/\/www.italpassion.fr\/wp-content\/uploads\/2025\/04\/wayne-griffiths.jpg\",\"datePublished\":\"2025-04-16T10:32:35+00:00\",\"description\":\"Depuis la d\u00e9mission surprise de Carlos Tavares fin 2024, Stellantis est \u00e0 la recherche de son futur CEO. Alors que le groupe avait annonc\u00e9 une nomination\",\"breadcrumb\":{\"@id\":\"https:\/\/www.italpassion.fr\/it\/stellantis\/un-ex-ceo-du-groupe-volkswagen-parmi-les-candidats-a-la-tete-de-stellantis\/#breadcrumb\"},\"inLanguage\":\"it-IT\",\"potentialAction\":[{\"@type\":\"ReadAction\",\"target\":[\"https:\/\/www.italpassion.fr\/it\/stellantis\/un-ex-ceo-du-groupe-volkswagen-parmi-les-candidats-a-la-tete-de-stellantis\/\"]}]},{\"@type\":\"ImageObject\",\"inLanguage\":\"it-IT\",\"@id\":\"https:\/\/www.italpassion.fr\/it\/stellantis\/un-ex-ceo-du-groupe-volkswagen-parmi-les-candidats-a-la-tete-de-stellantis\/#primaryimage\",\"url\":\"https:\/\/www.italpassion.fr\/wp-content\/uploads\/2025\/04\/wayne-griffiths.jpg\",\"contentUrl\":\"https:\/\/www.italpassion.fr\/wp-content\/uploads\/2025\/04\/wayne-griffiths.jpg\",\"width\":1200,\"height\":800},{\"@type\":\"BreadcrumbList\",\"@id\":\"https:\/\/www.italpassion.fr\/it\/stellantis\/un-ex-ceo-du-groupe-volkswagen-parmi-les-candidats-a-la-tete-de-stellantis\/#breadcrumb\",\"itemListElement\":[{\"@type\":\"ListItem\",\"position\":1,\"name\":\"Accueil\",\"item\":\"https:\/\/www.italpassion.fr\/it\/\"},{\"@type\":\"ListItem\",\"position\":2,\"name\":\"Un ex-CEO du groupe Volkswagen parmi les candidats \u00e0 la t\u00eate de Stellantis ?\"}]},{\"@type\":\"WebSite\",\"@id\":\"https:\/\/www.italpassion.fr\/it\/#website\",\"url\":\"https:\/\/www.italpassion.fr\/it\/\",\"name\":\"ItalPassion\",\"description\":\"Les Passionn\u00e9s d&#039;Automobiles Italiennes\",\"publisher\":{\"@id\":\"https:\/\/www.italpassion.fr\/it\/#organization\"},\"potentialAction\":[{\"@type\":\"SearchAction\",\"target\":{\"@type\":\"EntryPoint\",\"urlTemplate\":\"https:\/\/www.italpassion.fr\/it\/?s={search_term_string}\"},\"query-input\":{\"@type\":\"PropertyValueSpecification\",\"valueRequired\":true,\"valueName\":\"search_term_string\"}}],\"inLanguage\":\"it-IT\"},{\"@type\":\"Organization\",\"@id\":\"https:\/\/www.italpassion.fr\/it\/#organization\",\"name\":\"Italpassion\",\"url\":\"https:\/\/www.italpassion.fr\/it\/\",\"logo\":{\"@type\":\"ImageObject\",\"inLanguage\":\"it-IT\",\"@id\":\"https:\/\/www.italpassion.fr\/it\/#\/schema\/logo\/image\/\",\"url\":\"https:\/\/www.italpassion.fr\/wp-content\/uploads\/2023\/07\/italpassion-yoast.jpg\",\"contentUrl\":\"https:\/\/www.italpassion.fr\/wp-content\/uploads\/2023\/07\/italpassion-yoast.jpg\",\"width\":696,\"height\":696,\"caption\":\"Italpassion\"},\"image\":{\"@id\":\"https:\/\/www.italpassion.fr\/it\/#\/schema\/logo\/image\/\"},\"sameAs\":[\"https:\/\/www.facebook.com\/italpassion\",\"https:\/\/x.com\/italpassion\",\"https:\/\/www.instagram.com\/italpassionfr\/\",\"https:\/\/www.youtube.com\/channel\/UCleq-ByQaA42OjhopwevRjQ\",\"https:\/\/www.facebook.com\/italpassion.en\/\",\"https:\/\/www.facebook.com\/italpassion.it\/\",\"https:\/\/www.facebook.com\/italpassion.de\/\",\"https:\/\/www.facebook.com\/italpassion.ja\/\"]},{\"@type\":\"Person\",\"@id\":\"https:\/\/www.italpassion.fr\/it\/#\/schema\/person\/36f747b2a759ca202d847e85a9434ca0\",\"name\":\"Alexandre Filluzeau\",\"image\":{\"@type\":\"ImageObject\",\"inLanguage\":\"it-IT\",\"@id\":\"https:\/\/www.italpassion.fr\/it\/#\/schema\/person\/image\/\",\"url\":\"https:\/\/www.italpassion.fr\/wp-content\/uploads\/2025\/04\/avatar-alexandre-160x160.jpg\",\"contentUrl\":\"https:\/\/www.italpassion.fr\/wp-content\/uploads\/2025\/04\/avatar-alexandre-160x160.jpg\",\"caption\":\"Alexandre Filluzeau\"},\"description\":\"Fondateur du site ItalPassion, passionn\u00e9 de voitures italiennes et de l'Italie en g\u00e9n\u00e9ral. J'apporte un regard critique et technique aux actualit\u00e9s des marques italiennes quand cela est possible. Propri\u00e9taire d'une Maserati GranTurismo, Alfa Romeo MiTo, Lancia Fulvia et Ducati 695. Ex-propri\u00e9taire d'une Alfa Romeo Giulia.\",\"sameAs\":[\"https:\/\/www.italpassion.fr\/\"],\"url\":\"https:\/\/www.italpassion.fr\/it\/author\/alexandre\/\"}]}<\/script>\n<!-- \/ Yoast SEO plugin. -->","yoast_head_json":{"title":"Un ex-CEO del gruppo Volkswagen tra i candidati alla guida di Stellantis? - ItalPassion","description":"Dopo le dimissioni a sorpresa di Carlos Tavares alla fine del 2024, Stellantis \u00e8 alla ricerca del suo futuro CEO. Mentre il gruppo aveva annunciato una nomina","robots":{"index":"index","follow":"follow","max-snippet":"max-snippet:-1","max-image-preview":"max-image-preview:large","max-video-preview":"max-video-preview:-1"},"canonical":"https:\/\/www.italpassion.fr\/it\/stellante\/un-ex-amministratore-delegato-del-gruppo-volkswagen-tra-i-candidati-alla-guida-di-stellantis\/","og_locale":"it_IT","og_type":"article","og_title":"Un ex-CEO du groupe Volkswagen parmi les candidats \u00e0 la t\u00eate de Stellantis ? - ItalPassion","og_description":"Depuis la d\u00e9mission surprise de Carlos Tavares fin 2024, Stellantis est \u00e0 la recherche de son futur CEO. Alors que le groupe avait annonc\u00e9 une nomination","og_url":"https:\/\/www.italpassion.fr\/it\/stellante\/un-ex-amministratore-delegato-del-gruppo-volkswagen-tra-i-candidati-alla-guida-di-stellantis\/","og_site_name":"ItalPassion","article_publisher":"https:\/\/www.facebook.com\/italpassion","article_published_time":"2025-04-16T10:32:35+00:00","og_image":[{"width":1200,"height":800,"url":"https:\/\/www.italpassion.fr\/wp-content\/uploads\/2025\/04\/wayne-griffiths.jpg","type":"image\/jpeg"}],"author":"Alexandre Filluzeau","twitter_card":"summary_large_image","twitter_creator":"@italpassion","twitter_site":"@italpassion","schema":{"@context":"https:\/\/schema.org","@graph":[{"@type":"NewsArticle","@id":"https:\/\/www.italpassion.fr\/it\/stellantis\/un-ex-ceo-du-groupe-volkswagen-parmi-les-candidats-a-la-tete-de-stellantis\/#article","isPartOf":{"@id":"https:\/\/www.italpassion.fr\/it\/stellantis\/un-ex-ceo-du-groupe-volkswagen-parmi-les-candidats-a-la-tete-de-stellantis\/"},"author":{"name":"Alexandre Filluzeau","@id":"https:\/\/www.italpassion.fr\/it\/#\/schema\/person\/36f747b2a759ca202d847e85a9434ca0"},"headline":"Un ex-CEO du groupe Volkswagen parmi les candidats \u00e0 la t\u00eate de Stellantis ?","datePublished":"2025-04-16T10:32:35+00:00","mainEntityOfPage":{"@id":"https:\/\/www.italpassion.fr\/it\/stellantis\/un-ex-ceo-du-groupe-volkswagen-parmi-les-candidats-a-la-tete-de-stellantis\/"},"wordCount":591,"commentCount":0,"publisher":{"@id":"https:\/\/www.italpassion.fr\/it\/#organization"},"image":{"@id":"https:\/\/www.italpassion.fr\/it\/stellantis\/un-ex-ceo-du-groupe-volkswagen-parmi-les-candidats-a-la-tete-de-stellantis\/#primaryimage"},"thumbnailUrl":"https:\/\/www.italpassion.fr\/wp-content\/uploads\/2025\/04\/wayne-griffiths.jpg","articleSection":["Stellantis"],"inLanguage":"it-IT","potentialAction":[{"@type":"CommentAction","name":"Comment","target":["https:\/\/www.italpassion.fr\/it\/stellantis\/un-ex-ceo-du-groupe-volkswagen-parmi-les-candidats-a-la-tete-de-stellantis\/#respond"]}]},{"@type":"WebPage","@id":"https:\/\/www.italpassion.fr\/it\/stellantis\/un-ex-ceo-du-groupe-volkswagen-parmi-les-candidats-a-la-tete-de-stellantis\/","url":"https:\/\/www.italpassion.fr\/it\/stellantis\/un-ex-ceo-du-groupe-volkswagen-parmi-les-candidats-a-la-tete-de-stellantis\/","name":"Un ex-CEO del gruppo Volkswagen tra i candidati alla guida di Stellantis? - ItalPassion","isPartOf":{"@id":"https:\/\/www.italpassion.fr\/it\/#website"},"primaryImageOfPage":{"@id":"https:\/\/www.italpassion.fr\/it\/stellantis\/un-ex-ceo-du-groupe-volkswagen-parmi-les-candidats-a-la-tete-de-stellantis\/#primaryimage"},"image":{"@id":"https:\/\/www.italpassion.fr\/it\/stellantis\/un-ex-ceo-du-groupe-volkswagen-parmi-les-candidats-a-la-tete-de-stellantis\/#primaryimage"},"thumbnailUrl":"https:\/\/www.italpassion.fr\/wp-content\/uploads\/2025\/04\/wayne-griffiths.jpg","datePublished":"2025-04-16T10:32:35+00:00","description":"Dopo le dimissioni a sorpresa di Carlos Tavares alla fine del 2024, Stellantis \u00e8 alla ricerca del suo futuro CEO. Mentre il gruppo aveva annunciato una nomina","breadcrumb":{"@id":"https:\/\/www.italpassion.fr\/it\/stellantis\/un-ex-ceo-du-groupe-volkswagen-parmi-les-candidats-a-la-tete-de-stellantis\/#breadcrumb"},"inLanguage":"it-IT","potentialAction":[{"@type":"ReadAction","target":["https:\/\/www.italpassion.fr\/it\/stellantis\/un-ex-ceo-du-groupe-volkswagen-parmi-les-candidats-a-la-tete-de-stellantis\/"]}]},{"@type":"ImageObject","inLanguage":"it-IT","@id":"https:\/\/www.italpassion.fr\/it\/stellantis\/un-ex-ceo-du-groupe-volkswagen-parmi-les-candidats-a-la-tete-de-stellantis\/#primaryimage","url":"https:\/\/www.italpassion.fr\/wp-content\/uploads\/2025\/04\/wayne-griffiths.jpg","contentUrl":"https:\/\/www.italpassion.fr\/wp-content\/uploads\/2025\/04\/wayne-griffiths.jpg","width":1200,"height":800},{"@type":"BreadcrumbList","@id":"https:\/\/www.italpassion.fr\/it\/stellantis\/un-ex-ceo-du-groupe-volkswagen-parmi-les-candidats-a-la-tete-de-stellantis\/#breadcrumb","itemListElement":[{"@type":"ListItem","position":1,"name":"Accueil","item":"https:\/\/www.italpassion.fr\/it\/"},{"@type":"ListItem","position":2,"name":"Un ex-CEO du groupe Volkswagen parmi les candidats \u00e0 la t\u00eate de Stellantis ?"}]},{"@type":"WebSite","@id":"https:\/\/www.italpassion.fr\/it\/#website","url":"https:\/\/www.italpassion.fr\/it\/","name":"ItalPassion","description":"Appassionati di auto italiane","publisher":{"@id":"https:\/\/www.italpassion.fr\/it\/#organization"},"potentialAction":[{"@type":"SearchAction","target":{"@type":"EntryPoint","urlTemplate":"https:\/\/www.italpassion.fr\/it\/?s={search_term_string}"},"query-input":{"@type":"PropertyValueSpecification","valueRequired":true,"valueName":"search_term_string"}}],"inLanguage":"it-IT"},{"@type":"Organization","@id":"https:\/\/www.italpassion.fr\/it\/#organization","name":"Italpassion","url":"https:\/\/www.italpassion.fr\/it\/","logo":{"@type":"ImageObject","inLanguage":"it-IT","@id":"https:\/\/www.italpassion.fr\/it\/#\/schema\/logo\/image\/","url":"https:\/\/www.italpassion.fr\/wp-content\/uploads\/2023\/07\/italpassion-yoast.jpg","contentUrl":"https:\/\/www.italpassion.fr\/wp-content\/uploads\/2023\/07\/italpassion-yoast.jpg","width":696,"height":696,"caption":"Italpassion"},"image":{"@id":"https:\/\/www.italpassion.fr\/it\/#\/schema\/logo\/image\/"},"sameAs":["https:\/\/www.facebook.com\/italpassion","https:\/\/x.com\/italpassion","https:\/\/www.instagram.com\/italpassionfr\/","https:\/\/www.youtube.com\/channel\/UCleq-ByQaA42OjhopwevRjQ","https:\/\/www.facebook.com\/italpassion.en\/","https:\/\/www.facebook.com\/italpassion.it\/","https:\/\/www.facebook.com\/italpassion.de\/","https:\/\/www.facebook.com\/italpassion.ja\/"]},{"@type":"Person","@id":"https:\/\/www.italpassion.fr\/it\/#\/schema\/person\/36f747b2a759ca202d847e85a9434ca0","name":"Alexandre Filluzeau","image":{"@type":"ImageObject","inLanguage":"it-IT","@id":"https:\/\/www.italpassion.fr\/it\/#\/schema\/person\/image\/","url":"https:\/\/www.italpassion.fr\/wp-content\/uploads\/2025\/04\/avatar-alexandre-160x160.jpg","contentUrl":"https:\/\/www.italpassion.fr\/wp-content\/uploads\/2025\/04\/avatar-alexandre-160x160.jpg","caption":"Alexandre Filluzeau"},"description":"Fondatore del sito ItalPassion, appassionato di auto italiane e dell'Italia in generale. Porto un occhio critico e tecnico alle notizie dei marchi italiani, quando possibile. Proprietario di una Maserati GranTurismo, di un'Alfa Romeo MiTo, di una Lancia Fulvia e di una Ducati 695. Ex proprietario di un'Alfa Romeo Giulia.","sameAs":["https:\/\/www.italpassion.fr\/"],"url":"https:\/\/www.italpassion.fr\/it\/author\/alexandre\/"}]}},"_links":{"self":[{"href":"https:\/\/www.italpassion.fr\/it\/wp-json\/wp\/v2\/posts\/37983","targetHints":{"allow":["GET"]}}],"collection":[{"href":"https:\/\/www.italpassion.fr\/it\/wp-json\/wp\/v2\/posts"}],"about":[{"href":"https:\/\/www.italpassion.fr\/it\/wp-json\/wp\/v2\/types\/post"}],"author":[{"embeddable":true,"href":"https:\/\/www.italpassion.fr\/it\/wp-json\/wp\/v2\/users\/1"}],"replies":[{"embeddable":true,"href":"https:\/\/www.italpassion.fr\/it\/wp-json\/wp\/v2\/comments?post=37983"}],"version-history":[{"count":1,"href":"https:\/\/www.italpassion.fr\/it\/wp-json\/wp\/v2\/posts\/37983\/revisions"}],"predecessor-version":[{"id":37985,"href":"https:\/\/www.italpassion.fr\/it\/wp-json\/wp\/v2\/posts\/37983\/revisions\/37985"}],"wp:featuredmedia":[{"embeddable":true,"href":"https:\/\/www.italpassion.fr\/it\/wp-json\/wp\/v2\/media\/37984"}],"wp:attachment":[{"href":"https:\/\/www.italpassion.fr\/it\/wp-json\/wp\/v2\/media?parent=37983"}],"wp:term":[{"taxonomy":"category","embeddable":true,"href":"https:\/\/www.italpassion.fr\/it\/wp-json\/wp\/v2\/categories?post=37983"},{"taxonomy":"post_tag","embeddable":true,"href":"https:\/\/www.italpassion.fr\/it\/wp-json\/wp\/v2\/tags?post=37983"}],"curies":[{"name":"wp","href":"https:\/\/api.w.org\/{rel}","templated":true}]}}