{"id":37578,"date":"2025-04-01T11:36:36","date_gmt":"2025-04-01T09:36:36","guid":{"rendered":"https:\/\/www.italpassion.fr\/?p=37578"},"modified":"2025-04-01T12:52:14","modified_gmt":"2025-04-01T10:52:14","slug":"alfa-romeo-sta-preparando-un-nuovo-piccolo-suv-e-ne-conosciamo-gia-il-nome","status":"publish","type":"post","link":"https:\/\/www.italpassion.fr\/it\/alfa-romeo\/alfa-romeo-prepare-un-nouveau-petit-suv-et-on-connait-deja-son-nom\/","title":{"rendered":"Alfa Romeo sta preparando un nuovo piccolo SUV, di cui conosciamo gi\u00e0 il nome!"},"content":{"rendered":"<figure class=\"wp-block-image size-full\"><img loading=\"lazy\" decoding=\"async\" width=\"1200\" height=\"800\" src=\"https:\/\/www.italpassion.fr\/wp-content\/uploads\/2025\/04\/alfa-romeo-adolfo.jpg\" alt=\"\" class=\"wp-image-37593\" srcset=\"https:\/\/www.italpassion.fr\/wp-content\/uploads\/2025\/04\/alfa-romeo-adolfo.jpg 1200w, https:\/\/www.italpassion.fr\/wp-content\/uploads\/2025\/04\/alfa-romeo-adolfo-420x280.jpg 420w, https:\/\/www.italpassion.fr\/wp-content\/uploads\/2025\/04\/alfa-romeo-adolfo-768x512.jpg 768w, https:\/\/www.italpassion.fr\/wp-content\/uploads\/2025\/04\/alfa-romeo-adolfo-18x12.jpg 18w\" sizes=\"auto, (max-width: 1200px) 100vw, 1200px\" \/><\/figure>\n\n\n\n<p><strong><a href=\"https:\/\/www.italpassion.fr\/it\/alfa-romeo\/\">Alfa Romeo<\/a> ha deciso di diversificare ulteriormente il mercato dei SUV annunciando l'imminente arrivo di un nuovo modello nella sua gamma.<\/strong> Non si tratta di un classico SUV, ma di un B-SUV che completer\u00e0 la famiglia Alfa Romeo, pi\u00f9 piccolo dell'Alfa Romeo Junior. Attesissimo, questo nuovo SUV si chiamer\u00e0 Alfa Romeo Adolfo e si preannuncia gi\u00e0 come un futuro best-seller.<\/p>\n\n\n\n<p><strong>L'Alfa Romeo Adolfo misurer\u00e0 3,99 metri di lunghezza, <\/strong>che lo rende uno dei SUV pi\u00f9 compatti del marchio. Sar\u00e0 basato sulla piattaforma Smart Car, una tecnologia condivisa con la Fiat Grande Panda e la Citro\u00ebn e-C3, due modelli gi\u00e0 prodotti nello stesso stabilimento in Serbia. Questa piattaforma comune consentir\u00e0 all'Adolfo di essere agile ed economico, con dimensioni ridotte ideali per le citt\u00e0 europee dove le auto piccole sono molto richieste.<\/p>\n\n\n\n<p><strong>Il nome di questo nuovo SUV \u00e8 un vero mistero. <\/strong>Sebbene Alfa Romeo non abbia ancora spiegato l'origine del nome, \u00e8 probabile che il marchio riveler\u00e0 di pi\u00f9 alla presentazione ufficiale. Nel frattempo, la scelta sembra intrigante, ma forse ha a che fare con un ministro italiano che ha a cuore il marchio?<\/p>\n\n\n\n<p><strong>Per quanto riguarda i motori, l'Alfa Romeo Adolfo non \u00e8 da meno.<\/strong> Sar\u00e0 disponibile con un motore ibrido da 1,2L da 100 CV, perfetto per gli automobilisti che desiderano combinare consumi e autonomia ridotti. Per chi preferisce un modello pi\u00f9 ecologico, sar\u00e0 disponibile anche una versione elettrica % da 113 CV. Questa scelta di motori riflette la volont\u00e0 dell'Alfa Romeo di continuare a elettrificare la propria gamma.<\/p>\n\n\n\n<p><strong>Si parla anche di una versione Q4 dell'Adolfo. <\/strong>Sembra che questa versione off-road sar\u00e0 dotata di un motore elettrico nella parte posteriore, una tecnologia che potrebbe essere condivisa con la Fiat Grande Panda 4\u00d74. Questo modello offrirebbe quindi capacit\u00e0 di trazione integrale.<\/p>\n\n\n\n<p><strong>Il prezzo dell'Alfa Romeo Adolfo dovrebbe essere competitivo sul mercato dei B-SUV. <\/strong>Per la versione ibrida \u00e8 previsto un prezzo di partenza di 24.900 euro, mentre la versione completamente elettrica potrebbe partire da 31.900 euro. Prezzi che sembrano ragionevoli viste le caratteristiche del veicolo e la concorrenza nel segmento. <strong>La data di presentazione \u00e8 prevista per il 24 giugno 2025.<\/strong><\/p>\n\n\n\n<figure class=\"wp-block-table\"><table class=\"has-fixed-layout\"><thead><tr><th>Auto<\/th><th>Premi<\/th><\/tr><\/thead><tbody><tr><td>Alfa Romeo Adolfo Ibrida<\/td><td>24 900 \u20ac<\/td><\/tr><tr><td>Alfa Romeo Adolfo Ibrida Q4<\/td><td>29 900 \u20ac<\/td><\/tr><tr><td>Alfa Romeo Adolfo Elettrica<\/td><td>31 900 \u20ac<\/td><\/tr><\/tbody><\/table><\/figure>\n\n\n\n<p><\/p>","protected":false},"excerpt":{"rendered":"","protected":false},"author":1,"featured_media":37592,"comment_status":"open","ping_status":"open","sticky":false,"template":"","format":"standard","meta":{"_acf_changed":false,"_sitemap_exclude":false,"_sitemap_priority":"","_sitemap_frequency":"","footnotes":""},"categories":[22],"tags":[],"class_list":["post-37578","post","type-post","status-publish","format-standard","has-post-thumbnail","hentry","category-alfa-romeo","generate-columns","tablet-grid-50","mobile-grid-100","grid-parent","grid-33"],"acf":[],"yoast_head":"<!-- This site is optimized with the Yoast SEO plugin v25.8 - https:\/\/yoast.com\/wordpress\/plugins\/seo\/ -->\n<title>Alfa Romeo pr\u00e9pare un nouveau petit SUV et on connait d\u00e9j\u00e0 son nom ! - ItalPassion<\/title>\n<meta name=\"description\" content=\"Alfa Romeo a d\u00e9cid\u00e9 de se diversifier davantage sur le march\u00e9 des SUV en annon\u00e7ant l&#039;arriv\u00e9e imminente d&#039;un nouveau mod\u00e8le dans sa gamme. Ce n&#039;est pas un\" \/>\n<meta name=\"robots\" content=\"index, follow, max-snippet:-1, max-image-preview:large, max-video-preview:-1\" \/>\n<link rel=\"canonical\" href=\"https:\/\/www.italpassion.fr\/it\/alfa-romeo\/alfa-romeo-sta-preparando-un-nuovo-piccolo-suv-e-ne-conosciamo-gia-il-nome\/\" \/>\n<meta property=\"og:locale\" content=\"it_IT\" \/>\n<meta property=\"og:type\" content=\"article\" \/>\n<meta property=\"og:title\" content=\"Alfa Romeo pr\u00e9pare un nouveau petit SUV et on connait d\u00e9j\u00e0 son nom ! - ItalPassion\" \/>\n<meta property=\"og:description\" content=\"Alfa Romeo a d\u00e9cid\u00e9 de se diversifier davantage sur le march\u00e9 des SUV en annon\u00e7ant l&#039;arriv\u00e9e imminente d&#039;un nouveau mod\u00e8le dans sa gamme. Ce n&#039;est pas un\" \/>\n<meta property=\"og:url\" content=\"https:\/\/www.italpassion.fr\/it\/alfa-romeo\/alfa-romeo-sta-preparando-un-nuovo-piccolo-suv-e-ne-conosciamo-gia-il-nome\/\" \/>\n<meta property=\"og:site_name\" content=\"ItalPassion\" \/>\n<meta property=\"article:publisher\" content=\"https:\/\/www.facebook.com\/italpassion\" \/>\n<meta property=\"article:published_time\" content=\"2025-04-01T09:36:36+00:00\" \/>\n<meta property=\"article:modified_time\" content=\"2025-04-01T10:52:14+00:00\" \/>\n<meta property=\"og:image\" content=\"https:\/\/www.italpassion.fr\/wp-content\/uploads\/2025\/04\/alfa-romeo-adolfo-thumb.jpg\" \/>\n\t<meta property=\"og:image:width\" content=\"1200\" \/>\n\t<meta property=\"og:image:height\" content=\"800\" \/>\n\t<meta property=\"og:image:type\" content=\"image\/jpeg\" \/>\n<meta name=\"author\" content=\"Alexandre Filluzeau\" \/>\n<meta name=\"twitter:card\" content=\"summary_large_image\" \/>\n<meta name=\"twitter:creator\" content=\"@italpassion\" \/>\n<meta name=\"twitter:site\" content=\"@italpassion\" \/>\n<script type=\"application\/ld+json\" class=\"yoast-schema-graph\">{\"@context\":\"https:\/\/schema.org\",\"@graph\":[{\"@type\":\"NewsArticle\",\"@id\":\"https:\/\/www.italpassion.fr\/it\/alfa-romeo\/alfa-romeo-prepare-un-nouveau-petit-suv-et-on-connait-deja-son-nom\/#article\",\"isPartOf\":{\"@id\":\"https:\/\/www.italpassion.fr\/it\/alfa-romeo\/alfa-romeo-prepare-un-nouveau-petit-suv-et-on-connait-deja-son-nom\/\"},\"author\":{\"name\":\"Alexandre Filluzeau\",\"@id\":\"https:\/\/www.italpassion.fr\/it\/#\/schema\/person\/36f747b2a759ca202d847e85a9434ca0\"},\"headline\":\"Alfa Romeo pr\u00e9pare un nouveau petit SUV et on connait d\u00e9j\u00e0 son nom !\",\"datePublished\":\"2025-04-01T09:36:36+00:00\",\"dateModified\":\"2025-04-01T10:52:14+00:00\",\"mainEntityOfPage\":{\"@id\":\"https:\/\/www.italpassion.fr\/it\/alfa-romeo\/alfa-romeo-prepare-un-nouveau-petit-suv-et-on-connait-deja-son-nom\/\"},\"wordCount\":464,\"commentCount\":23,\"publisher\":{\"@id\":\"https:\/\/www.italpassion.fr\/it\/#organization\"},\"image\":{\"@id\":\"https:\/\/www.italpassion.fr\/it\/alfa-romeo\/alfa-romeo-prepare-un-nouveau-petit-suv-et-on-connait-deja-son-nom\/#primaryimage\"},\"thumbnailUrl\":\"https:\/\/www.italpassion.fr\/wp-content\/uploads\/2025\/04\/alfa-romeo-adolfo-thumb.jpg\",\"articleSection\":[\"Alfa Romeo\"],\"inLanguage\":\"it-IT\",\"potentialAction\":[{\"@type\":\"CommentAction\",\"name\":\"Comment\",\"target\":[\"https:\/\/www.italpassion.fr\/it\/alfa-romeo\/alfa-romeo-prepare-un-nouveau-petit-suv-et-on-connait-deja-son-nom\/#respond\"]}]},{\"@type\":\"WebPage\",\"@id\":\"https:\/\/www.italpassion.fr\/it\/alfa-romeo\/alfa-romeo-prepare-un-nouveau-petit-suv-et-on-connait-deja-son-nom\/\",\"url\":\"https:\/\/www.italpassion.fr\/it\/alfa-romeo\/alfa-romeo-prepare-un-nouveau-petit-suv-et-on-connait-deja-son-nom\/\",\"name\":\"Alfa Romeo pr\u00e9pare un nouveau petit SUV et on connait d\u00e9j\u00e0 son nom ! - ItalPassion\",\"isPartOf\":{\"@id\":\"https:\/\/www.italpassion.fr\/it\/#website\"},\"primaryImageOfPage\":{\"@id\":\"https:\/\/www.italpassion.fr\/it\/alfa-romeo\/alfa-romeo-prepare-un-nouveau-petit-suv-et-on-connait-deja-son-nom\/#primaryimage\"},\"image\":{\"@id\":\"https:\/\/www.italpassion.fr\/it\/alfa-romeo\/alfa-romeo-prepare-un-nouveau-petit-suv-et-on-connait-deja-son-nom\/#primaryimage\"},\"thumbnailUrl\":\"https:\/\/www.italpassion.fr\/wp-content\/uploads\/2025\/04\/alfa-romeo-adolfo-thumb.jpg\",\"datePublished\":\"2025-04-01T09:36:36+00:00\",\"dateModified\":\"2025-04-01T10:52:14+00:00\",\"description\":\"Alfa Romeo a d\u00e9cid\u00e9 de se diversifier davantage sur le march\u00e9 des SUV en annon\u00e7ant l'arriv\u00e9e imminente d'un nouveau mod\u00e8le dans sa gamme. Ce n'est pas un\",\"breadcrumb\":{\"@id\":\"https:\/\/www.italpassion.fr\/it\/alfa-romeo\/alfa-romeo-prepare-un-nouveau-petit-suv-et-on-connait-deja-son-nom\/#breadcrumb\"},\"inLanguage\":\"it-IT\",\"potentialAction\":[{\"@type\":\"ReadAction\",\"target\":[\"https:\/\/www.italpassion.fr\/it\/alfa-romeo\/alfa-romeo-prepare-un-nouveau-petit-suv-et-on-connait-deja-son-nom\/\"]}]},{\"@type\":\"ImageObject\",\"inLanguage\":\"it-IT\",\"@id\":\"https:\/\/www.italpassion.fr\/it\/alfa-romeo\/alfa-romeo-prepare-un-nouveau-petit-suv-et-on-connait-deja-son-nom\/#primaryimage\",\"url\":\"https:\/\/www.italpassion.fr\/wp-content\/uploads\/2025\/04\/alfa-romeo-adolfo-thumb.jpg\",\"contentUrl\":\"https:\/\/www.italpassion.fr\/wp-content\/uploads\/2025\/04\/alfa-romeo-adolfo-thumb.jpg\",\"width\":1200,\"height\":800},{\"@type\":\"BreadcrumbList\",\"@id\":\"https:\/\/www.italpassion.fr\/it\/alfa-romeo\/alfa-romeo-prepare-un-nouveau-petit-suv-et-on-connait-deja-son-nom\/#breadcrumb\",\"itemListElement\":[{\"@type\":\"ListItem\",\"position\":1,\"name\":\"Accueil\",\"item\":\"https:\/\/www.italpassion.fr\/it\/\"},{\"@type\":\"ListItem\",\"position\":2,\"name\":\"Alfa Romeo pr\u00e9pare un nouveau petit SUV et on connait d\u00e9j\u00e0 son nom !\"}]},{\"@type\":\"WebSite\",\"@id\":\"https:\/\/www.italpassion.fr\/it\/#website\",\"url\":\"https:\/\/www.italpassion.fr\/it\/\",\"name\":\"ItalPassion\",\"description\":\"Les Passionn\u00e9s d&#039;Automobiles Italiennes\",\"publisher\":{\"@id\":\"https:\/\/www.italpassion.fr\/it\/#organization\"},\"potentialAction\":[{\"@type\":\"SearchAction\",\"target\":{\"@type\":\"EntryPoint\",\"urlTemplate\":\"https:\/\/www.italpassion.fr\/it\/?s={search_term_string}\"},\"query-input\":{\"@type\":\"PropertyValueSpecification\",\"valueRequired\":true,\"valueName\":\"search_term_string\"}}],\"inLanguage\":\"it-IT\"},{\"@type\":\"Organization\",\"@id\":\"https:\/\/www.italpassion.fr\/it\/#organization\",\"name\":\"Italpassion\",\"url\":\"https:\/\/www.italpassion.fr\/it\/\",\"logo\":{\"@type\":\"ImageObject\",\"inLanguage\":\"it-IT\",\"@id\":\"https:\/\/www.italpassion.fr\/it\/#\/schema\/logo\/image\/\",\"url\":\"https:\/\/www.italpassion.fr\/wp-content\/uploads\/2023\/07\/italpassion-yoast.jpg\",\"contentUrl\":\"https:\/\/www.italpassion.fr\/wp-content\/uploads\/2023\/07\/italpassion-yoast.jpg\",\"width\":696,\"height\":696,\"caption\":\"Italpassion\"},\"image\":{\"@id\":\"https:\/\/www.italpassion.fr\/it\/#\/schema\/logo\/image\/\"},\"sameAs\":[\"https:\/\/www.facebook.com\/italpassion\",\"https:\/\/x.com\/italpassion\",\"https:\/\/www.instagram.com\/italpassionfr\/\",\"https:\/\/www.youtube.com\/channel\/UCleq-ByQaA42OjhopwevRjQ\",\"https:\/\/www.facebook.com\/italpassion.en\/\",\"https:\/\/www.facebook.com\/italpassion.it\/\",\"https:\/\/www.facebook.com\/italpassion.de\/\",\"https:\/\/www.facebook.com\/italpassion.ja\/\"]},{\"@type\":\"Person\",\"@id\":\"https:\/\/www.italpassion.fr\/it\/#\/schema\/person\/36f747b2a759ca202d847e85a9434ca0\",\"name\":\"Alexandre Filluzeau\",\"image\":{\"@type\":\"ImageObject\",\"inLanguage\":\"it-IT\",\"@id\":\"https:\/\/www.italpassion.fr\/it\/#\/schema\/person\/image\/\",\"url\":\"https:\/\/www.italpassion.fr\/wp-content\/uploads\/2025\/04\/avatar-alexandre-160x160.jpg\",\"contentUrl\":\"https:\/\/www.italpassion.fr\/wp-content\/uploads\/2025\/04\/avatar-alexandre-160x160.jpg\",\"caption\":\"Alexandre Filluzeau\"},\"description\":\"Fondateur du site ItalPassion, passionn\u00e9 de voitures italiennes et de l'Italie en g\u00e9n\u00e9ral. J'apporte un regard critique et technique aux actualit\u00e9s des marques italiennes quand cela est possible. Propri\u00e9taire d'une Maserati GranTurismo, Alfa Romeo MiTo, Lancia Fulvia et Ducati 695. Ex-propri\u00e9taire d'une Alfa Romeo Giulia.\",\"sameAs\":[\"https:\/\/www.italpassion.fr\/\"],\"url\":\"https:\/\/www.italpassion.fr\/it\/author\/alexandre\/\"}]}<\/script>\n<!-- \/ Yoast SEO plugin. -->","yoast_head_json":{"title":"Alfa Romeo sta preparando un nuovo piccolo SUV e sappiamo gi\u00e0 il suo nome! - ItalPassion","description":"Alfa Romeo ha deciso di diversificare ulteriormente il mercato dei SUV annunciando l'imminente arrivo di un nuovo modello nella sua gamma. Non si tratta di un","robots":{"index":"index","follow":"follow","max-snippet":"max-snippet:-1","max-image-preview":"max-image-preview:large","max-video-preview":"max-video-preview:-1"},"canonical":"https:\/\/www.italpassion.fr\/it\/alfa-romeo\/alfa-romeo-sta-preparando-un-nuovo-piccolo-suv-e-ne-conosciamo-gia-il-nome\/","og_locale":"it_IT","og_type":"article","og_title":"Alfa Romeo pr\u00e9pare un nouveau petit SUV et on connait d\u00e9j\u00e0 son nom ! - ItalPassion","og_description":"Alfa Romeo a d\u00e9cid\u00e9 de se diversifier davantage sur le march\u00e9 des SUV en annon\u00e7ant l'arriv\u00e9e imminente d'un nouveau mod\u00e8le dans sa gamme. Ce n'est pas un","og_url":"https:\/\/www.italpassion.fr\/it\/alfa-romeo\/alfa-romeo-sta-preparando-un-nuovo-piccolo-suv-e-ne-conosciamo-gia-il-nome\/","og_site_name":"ItalPassion","article_publisher":"https:\/\/www.facebook.com\/italpassion","article_published_time":"2025-04-01T09:36:36+00:00","article_modified_time":"2025-04-01T10:52:14+00:00","og_image":[{"width":1200,"height":800,"url":"https:\/\/www.italpassion.fr\/wp-content\/uploads\/2025\/04\/alfa-romeo-adolfo-thumb.jpg","type":"image\/jpeg"}],"author":"Alexandre Filluzeau","twitter_card":"summary_large_image","twitter_creator":"@italpassion","twitter_site":"@italpassion","schema":{"@context":"https:\/\/schema.org","@graph":[{"@type":"NewsArticle","@id":"https:\/\/www.italpassion.fr\/it\/alfa-romeo\/alfa-romeo-prepare-un-nouveau-petit-suv-et-on-connait-deja-son-nom\/#article","isPartOf":{"@id":"https:\/\/www.italpassion.fr\/it\/alfa-romeo\/alfa-romeo-prepare-un-nouveau-petit-suv-et-on-connait-deja-son-nom\/"},"author":{"name":"Alexandre Filluzeau","@id":"https:\/\/www.italpassion.fr\/it\/#\/schema\/person\/36f747b2a759ca202d847e85a9434ca0"},"headline":"Alfa Romeo pr\u00e9pare un nouveau petit SUV et on connait d\u00e9j\u00e0 son nom !","datePublished":"2025-04-01T09:36:36+00:00","dateModified":"2025-04-01T10:52:14+00:00","mainEntityOfPage":{"@id":"https:\/\/www.italpassion.fr\/it\/alfa-romeo\/alfa-romeo-prepare-un-nouveau-petit-suv-et-on-connait-deja-son-nom\/"},"wordCount":464,"commentCount":23,"publisher":{"@id":"https:\/\/www.italpassion.fr\/it\/#organization"},"image":{"@id":"https:\/\/www.italpassion.fr\/it\/alfa-romeo\/alfa-romeo-prepare-un-nouveau-petit-suv-et-on-connait-deja-son-nom\/#primaryimage"},"thumbnailUrl":"https:\/\/www.italpassion.fr\/wp-content\/uploads\/2025\/04\/alfa-romeo-adolfo-thumb.jpg","articleSection":["Alfa Romeo"],"inLanguage":"it-IT","potentialAction":[{"@type":"CommentAction","name":"Comment","target":["https:\/\/www.italpassion.fr\/it\/alfa-romeo\/alfa-romeo-prepare-un-nouveau-petit-suv-et-on-connait-deja-son-nom\/#respond"]}]},{"@type":"WebPage","@id":"https:\/\/www.italpassion.fr\/it\/alfa-romeo\/alfa-romeo-prepare-un-nouveau-petit-suv-et-on-connait-deja-son-nom\/","url":"https:\/\/www.italpassion.fr\/it\/alfa-romeo\/alfa-romeo-prepare-un-nouveau-petit-suv-et-on-connait-deja-son-nom\/","name":"Alfa Romeo sta preparando un nuovo piccolo SUV e sappiamo gi\u00e0 il suo nome! - ItalPassion","isPartOf":{"@id":"https:\/\/www.italpassion.fr\/it\/#website"},"primaryImageOfPage":{"@id":"https:\/\/www.italpassion.fr\/it\/alfa-romeo\/alfa-romeo-prepare-un-nouveau-petit-suv-et-on-connait-deja-son-nom\/#primaryimage"},"image":{"@id":"https:\/\/www.italpassion.fr\/it\/alfa-romeo\/alfa-romeo-prepare-un-nouveau-petit-suv-et-on-connait-deja-son-nom\/#primaryimage"},"thumbnailUrl":"https:\/\/www.italpassion.fr\/wp-content\/uploads\/2025\/04\/alfa-romeo-adolfo-thumb.jpg","datePublished":"2025-04-01T09:36:36+00:00","dateModified":"2025-04-01T10:52:14+00:00","description":"Alfa Romeo ha deciso di diversificare ulteriormente il mercato dei SUV annunciando l'imminente arrivo di un nuovo modello nella sua gamma. Non si tratta di un","breadcrumb":{"@id":"https:\/\/www.italpassion.fr\/it\/alfa-romeo\/alfa-romeo-prepare-un-nouveau-petit-suv-et-on-connait-deja-son-nom\/#breadcrumb"},"inLanguage":"it-IT","potentialAction":[{"@type":"ReadAction","target":["https:\/\/www.italpassion.fr\/it\/alfa-romeo\/alfa-romeo-prepare-un-nouveau-petit-suv-et-on-connait-deja-son-nom\/"]}]},{"@type":"ImageObject","inLanguage":"it-IT","@id":"https:\/\/www.italpassion.fr\/it\/alfa-romeo\/alfa-romeo-prepare-un-nouveau-petit-suv-et-on-connait-deja-son-nom\/#primaryimage","url":"https:\/\/www.italpassion.fr\/wp-content\/uploads\/2025\/04\/alfa-romeo-adolfo-thumb.jpg","contentUrl":"https:\/\/www.italpassion.fr\/wp-content\/uploads\/2025\/04\/alfa-romeo-adolfo-thumb.jpg","width":1200,"height":800},{"@type":"BreadcrumbList","@id":"https:\/\/www.italpassion.fr\/it\/alfa-romeo\/alfa-romeo-prepare-un-nouveau-petit-suv-et-on-connait-deja-son-nom\/#breadcrumb","itemListElement":[{"@type":"ListItem","position":1,"name":"Accueil","item":"https:\/\/www.italpassion.fr\/it\/"},{"@type":"ListItem","position":2,"name":"Alfa Romeo pr\u00e9pare un nouveau petit SUV et on connait d\u00e9j\u00e0 son nom !"}]},{"@type":"WebSite","@id":"https:\/\/www.italpassion.fr\/it\/#website","url":"https:\/\/www.italpassion.fr\/it\/","name":"ItalPassion","description":"Appassionati di auto italiane","publisher":{"@id":"https:\/\/www.italpassion.fr\/it\/#organization"},"potentialAction":[{"@type":"SearchAction","target":{"@type":"EntryPoint","urlTemplate":"https:\/\/www.italpassion.fr\/it\/?s={search_term_string}"},"query-input":{"@type":"PropertyValueSpecification","valueRequired":true,"valueName":"search_term_string"}}],"inLanguage":"it-IT"},{"@type":"Organization","@id":"https:\/\/www.italpassion.fr\/it\/#organization","name":"Italpassion","url":"https:\/\/www.italpassion.fr\/it\/","logo":{"@type":"ImageObject","inLanguage":"it-IT","@id":"https:\/\/www.italpassion.fr\/it\/#\/schema\/logo\/image\/","url":"https:\/\/www.italpassion.fr\/wp-content\/uploads\/2023\/07\/italpassion-yoast.jpg","contentUrl":"https:\/\/www.italpassion.fr\/wp-content\/uploads\/2023\/07\/italpassion-yoast.jpg","width":696,"height":696,"caption":"Italpassion"},"image":{"@id":"https:\/\/www.italpassion.fr\/it\/#\/schema\/logo\/image\/"},"sameAs":["https:\/\/www.facebook.com\/italpassion","https:\/\/x.com\/italpassion","https:\/\/www.instagram.com\/italpassionfr\/","https:\/\/www.youtube.com\/channel\/UCleq-ByQaA42OjhopwevRjQ","https:\/\/www.facebook.com\/italpassion.en\/","https:\/\/www.facebook.com\/italpassion.it\/","https:\/\/www.facebook.com\/italpassion.de\/","https:\/\/www.facebook.com\/italpassion.ja\/"]},{"@type":"Person","@id":"https:\/\/www.italpassion.fr\/it\/#\/schema\/person\/36f747b2a759ca202d847e85a9434ca0","name":"Alexandre Filluzeau","image":{"@type":"ImageObject","inLanguage":"it-IT","@id":"https:\/\/www.italpassion.fr\/it\/#\/schema\/person\/image\/","url":"https:\/\/www.italpassion.fr\/wp-content\/uploads\/2025\/04\/avatar-alexandre-160x160.jpg","contentUrl":"https:\/\/www.italpassion.fr\/wp-content\/uploads\/2025\/04\/avatar-alexandre-160x160.jpg","caption":"Alexandre Filluzeau"},"description":"Fondatore del sito ItalPassion, appassionato di auto italiane e dell'Italia in generale. Porto un occhio critico e tecnico alle notizie dei marchi italiani, quando possibile. Proprietario di una Maserati GranTurismo, di un'Alfa Romeo MiTo, di una Lancia Fulvia e di una Ducati 695. Ex proprietario di un'Alfa Romeo Giulia.","sameAs":["https:\/\/www.italpassion.fr\/"],"url":"https:\/\/www.italpassion.fr\/it\/author\/alexandre\/"}]}},"_links":{"self":[{"href":"https:\/\/www.italpassion.fr\/it\/wp-json\/wp\/v2\/posts\/37578","targetHints":{"allow":["GET"]}}],"collection":[{"href":"https:\/\/www.italpassion.fr\/it\/wp-json\/wp\/v2\/posts"}],"about":[{"href":"https:\/\/www.italpassion.fr\/it\/wp-json\/wp\/v2\/types\/post"}],"author":[{"embeddable":true,"href":"https:\/\/www.italpassion.fr\/it\/wp-json\/wp\/v2\/users\/1"}],"replies":[{"embeddable":true,"href":"https:\/\/www.italpassion.fr\/it\/wp-json\/wp\/v2\/comments?post=37578"}],"version-history":[{"count":3,"href":"https:\/\/www.italpassion.fr\/it\/wp-json\/wp\/v2\/posts\/37578\/revisions"}],"predecessor-version":[{"id":37633,"href":"https:\/\/www.italpassion.fr\/it\/wp-json\/wp\/v2\/posts\/37578\/revisions\/37633"}],"wp:featuredmedia":[{"embeddable":true,"href":"https:\/\/www.italpassion.fr\/it\/wp-json\/wp\/v2\/media\/37592"}],"wp:attachment":[{"href":"https:\/\/www.italpassion.fr\/it\/wp-json\/wp\/v2\/media?parent=37578"}],"wp:term":[{"taxonomy":"category","embeddable":true,"href":"https:\/\/www.italpassion.fr\/it\/wp-json\/wp\/v2\/categories?post=37578"},{"taxonomy":"post_tag","embeddable":true,"href":"https:\/\/www.italpassion.fr\/it\/wp-json\/wp\/v2\/tags?post=37578"}],"curies":[{"name":"wp","href":"https:\/\/api.w.org\/{rel}","templated":true}]}}