{"id":37395,"date":"2025-03-24T10:40:46","date_gmt":"2025-03-24T09:40:46","guid":{"rendered":"https:\/\/www.italpassion.fr\/?p=37395"},"modified":"2025-03-24T10:42:15","modified_gmt":"2025-03-24T09:42:15","slug":"stellantis-dettagli-dellofferta-fatta-ai-dipendenti-maserati-di-modena-di-lavorare-per-fiat-in-serbia","status":"publish","type":"post","link":"https:\/\/www.italpassion.fr\/it\/maserati\/stellantis-les-details-de-loffre-faite-aux-employes-maserati-de-modene-pour-travailler-pour-fiat-en-serbie\/","title":{"rendered":"Stellantis: i dettagli dell'offerta fatta ai dipendenti Maserati di Modena di lavorare per Fiat in Serbia"},"content":{"rendered":"<figure class=\"wp-block-image size-large\"><img loading=\"lazy\" decoding=\"async\" width=\"1024\" height=\"683\" src=\"https:\/\/www.italpassion.fr\/wp-content\/uploads\/2025\/03\/maserati-mc20-modene-1024x683.jpg\" alt=\"\" class=\"wp-image-37189\" srcset=\"https:\/\/www.italpassion.fr\/wp-content\/uploads\/2025\/03\/maserati-mc20-modene-1024x683.jpg 1024w, https:\/\/www.italpassion.fr\/wp-content\/uploads\/2025\/03\/maserati-mc20-modene-300x200.jpg 300w, https:\/\/www.italpassion.fr\/wp-content\/uploads\/2025\/03\/maserati-mc20-modene-768x512.jpg 768w, https:\/\/www.italpassion.fr\/wp-content\/uploads\/2025\/03\/maserati-mc20-modene-18x12.jpg 18w, https:\/\/www.italpassion.fr\/wp-content\/uploads\/2025\/03\/maserati-mc20-modene-561x374.jpg 561w, https:\/\/www.italpassion.fr\/wp-content\/uploads\/2025\/03\/maserati-mc20-modene-1122x748.jpg 1122w, https:\/\/www.italpassion.fr\/wp-content\/uploads\/2025\/03\/maserati-mc20-modene-265x177.jpg 265w, https:\/\/www.italpassion.fr\/wp-content\/uploads\/2025\/03\/maserati-mc20-modene-531x354.jpg 531w, https:\/\/www.italpassion.fr\/wp-content\/uploads\/2025\/03\/maserati-mc20-modene-364x243.jpg 364w, https:\/\/www.italpassion.fr\/wp-content\/uploads\/2025\/03\/maserati-mc20-modene-728x485.jpg 728w, https:\/\/www.italpassion.fr\/wp-content\/uploads\/2025\/03\/maserati-mc20-modene-608x405.jpg 608w, https:\/\/www.italpassion.fr\/wp-content\/uploads\/2025\/03\/maserati-mc20-modene-758x505.jpg 758w, https:\/\/www.italpassion.fr\/wp-content\/uploads\/2025\/03\/maserati-mc20-modene-1152x768.jpg 1152w, https:\/\/www.italpassion.fr\/wp-content\/uploads\/2025\/03\/maserati-mc20-modene.jpg 1200w\" sizes=\"auto, (max-width: 1024px) 100vw, 1024px\" \/><\/figure>\n\n\n\n<p><strong>Il <a href=\"https:\/\/www.italpassion.fr\/it\/stellante\/\">Stellantis<\/a> finalizzato all'invio di <a href=\"https:\/\/www.italpassion.fr\/it\/maserati\/\">Maserati<\/a> a Modena, in Serbia, sta facendo scalpore. <\/strong>In un momento in cui la produzione Maserati a Modena sta rallentando, questa proposta ha suscitato un misto di sconcerto e indignazione tra i lavoratori e i sindacati.<\/p>\n\n\n\n<p>Dal novembre 2024, lo stabilimento Maserati di Modena \u00e8 in regime di orario ridotto a causa della scarsa produzione, <strong>con appena 220 Maserati MC20 costruite entro il 2024. <\/strong>Stellantis ha trovato una soluzione apparentemente semplice:<a href=\"https:\/\/www.italpassion.fr\/it\/maserati\/stellantis-offre-ai-dipendenti-maserati-di-modena-la-possibilita-di-lavorare-in-serbia-e-una-farsa\/\"> inviare i lavoratori a Kragujevac in Serbia<\/a>per lavorare alla produzione della Fiat Grande Panda. Ma questa proposta non ha mancato di suscitare reazioni.<\/p>\n\n\n\n<h2 class=\"wp-block-heading\">Una chiamata WhatsApp<\/h2>\n\n\n\n<p>Luigi Cozzolino, 57 anni, operaio della Maserati da 35 anni e rappresentante sindacale, ha rivelato di aver ricevuto l'offerta tramite un messaggio WhatsApp. Ha dichiarato di non avere intenzione di accettare l'offerta: \"Alla mia et\u00e0, non lascer\u00f2 la mia famiglia e la mia casa per andare in Serbia per 1.000 euro in pi\u00f9\", ha detto.<\/p>\n\n\n\n<p>Questa proposta, che consiste in un trasferimento volontario di sei mesi con la possibilit\u00e0 di tornare a casa ogni 45 giorni, comprende alloggio, vitto e una diaria di 25 euro. Lo stipendio base dei lavoratori rimarrebbe di 1.700 euro, pi\u00f9 circa 1.000 euro. L'indennit\u00e0 sarebbe molto pi\u00f9 bassa di quella prevista per chi lavora a Modena.<\/p>\n\n\n\n<h2 class=\"wp-block-heading\">Rifiuto complessivo dell'offerta<\/h2>\n\n\n\n<p>L'idea di lavorare all'estero in un contesto geopolitico instabile e con condizioni poco chiare \u00e8 stata rapidamente rifiutata da diversi dipendenti. Luigi, che ha perso 7.000 euro nel 2024 a causa dell'orario ridotto, ha sottolineato che l'offerta era un \"insulto\" alla sua dignit\u00e0. Inoltre, nessun sindacato \u00e8 stato coinvolto nella discussione preliminare di questa opzione, il che ha aumentato la frustrazione dei lavoratori.<\/p>\n\n\n\n<p>Il sindacato Fiom ha definito l'offerta \"umiliante\". Secondo i leader sindacali, le proposte di Stellantis non fanno che aggiungere ingiustizia a una situazione gi\u00e0 tesa. Lungi dall'essere una soluzione praticabile per Maserati, questa proposta ha incontrato una forte opposizione, soprattutto a causa della sua natura precaria e della mancanza di consultazione con i sindacati.<\/p>\n\n\n\n<p>Luigi conclude che il trasferimento della produzione di GranCabrio e GranTurismo da Mirafiori a Modena potrebbe essere una buona notizia.<\/p>\n\n\n\n<p>Fonte: Corriere Di Bologna<\/p>","protected":false},"excerpt":{"rendered":"","protected":false},"author":1,"featured_media":37189,"comment_status":"open","ping_status":"open","sticky":false,"template":"","format":"standard","meta":{"_acf_changed":false,"_sitemap_exclude":false,"_sitemap_priority":"","_sitemap_frequency":"","footnotes":""},"categories":[27],"tags":[],"class_list":["post-37395","post","type-post","status-publish","format-standard","has-post-thumbnail","hentry","category-maserati","generate-columns","tablet-grid-50","mobile-grid-100","grid-parent","grid-33"],"acf":[],"yoast_head":"<!-- This site is optimized with the Yoast SEO plugin v25.8 - https:\/\/yoast.com\/wordpress\/plugins\/seo\/ -->\n<title>Stellantis : les d\u00e9tails de l&#039;offre faite aux employ\u00e9s Maserati de Mod\u00e8ne pour travailler pour Fiat en Serbie - ItalPassion<\/title>\n<meta name=\"description\" content=\"L\u2019offre de Stellantis visant \u00e0 envoyer les employ\u00e9s de Maserati de Mod\u00e8ne en Serbie fait grand bruit. Alors que la production de Maserati \u00e0 Mod\u00e8ne est au\" \/>\n<meta name=\"robots\" content=\"index, follow, max-snippet:-1, max-image-preview:large, max-video-preview:-1\" \/>\n<link rel=\"canonical\" href=\"https:\/\/www.italpassion.fr\/it\/maserati\/stellantis-dettagli-dellofferta-fatta-ai-dipendenti-maserati-di-modena-di-lavorare-per-fiat-in-serbia\/\" \/>\n<meta property=\"og:locale\" content=\"it_IT\" \/>\n<meta property=\"og:type\" content=\"article\" \/>\n<meta property=\"og:title\" content=\"Stellantis : les d\u00e9tails de l&#039;offre faite aux employ\u00e9s Maserati de Mod\u00e8ne pour travailler pour Fiat en Serbie - ItalPassion\" \/>\n<meta property=\"og:description\" content=\"L\u2019offre de Stellantis visant \u00e0 envoyer les employ\u00e9s de Maserati de Mod\u00e8ne en Serbie fait grand bruit. Alors que la production de Maserati \u00e0 Mod\u00e8ne est au\" \/>\n<meta property=\"og:url\" content=\"https:\/\/www.italpassion.fr\/it\/maserati\/stellantis-dettagli-dellofferta-fatta-ai-dipendenti-maserati-di-modena-di-lavorare-per-fiat-in-serbia\/\" \/>\n<meta property=\"og:site_name\" content=\"ItalPassion\" \/>\n<meta property=\"article:publisher\" content=\"https:\/\/www.facebook.com\/italpassion\" \/>\n<meta property=\"article:published_time\" content=\"2025-03-24T09:40:46+00:00\" \/>\n<meta property=\"article:modified_time\" content=\"2025-03-24T09:42:15+00:00\" \/>\n<meta property=\"og:image\" content=\"https:\/\/www.italpassion.fr\/wp-content\/uploads\/2025\/03\/maserati-mc20-modene.jpg\" \/>\n\t<meta property=\"og:image:width\" content=\"1200\" \/>\n\t<meta property=\"og:image:height\" content=\"800\" \/>\n\t<meta property=\"og:image:type\" content=\"image\/jpeg\" \/>\n<meta name=\"author\" content=\"Alexandre Filluzeau\" \/>\n<meta name=\"twitter:card\" content=\"summary_large_image\" \/>\n<meta name=\"twitter:creator\" content=\"@italpassion\" \/>\n<meta name=\"twitter:site\" content=\"@italpassion\" \/>\n<script type=\"application\/ld+json\" class=\"yoast-schema-graph\">{\"@context\":\"https:\/\/schema.org\",\"@graph\":[{\"@type\":\"NewsArticle\",\"@id\":\"https:\/\/www.italpassion.fr\/it\/maserati\/stellantis-les-details-de-loffre-faite-aux-employes-maserati-de-modene-pour-travailler-pour-fiat-en-serbie\/#article\",\"isPartOf\":{\"@id\":\"https:\/\/www.italpassion.fr\/it\/maserati\/stellantis-les-details-de-loffre-faite-aux-employes-maserati-de-modene-pour-travailler-pour-fiat-en-serbie\/\"},\"author\":{\"name\":\"Alexandre Filluzeau\",\"@id\":\"https:\/\/www.italpassion.fr\/it\/#\/schema\/person\/36f747b2a759ca202d847e85a9434ca0\"},\"headline\":\"Stellantis : les d\u00e9tails de l&rsquo;offre faite aux employ\u00e9s Maserati de Mod\u00e8ne pour travailler pour Fiat en Serbie\",\"datePublished\":\"2025-03-24T09:40:46+00:00\",\"dateModified\":\"2025-03-24T09:42:15+00:00\",\"mainEntityOfPage\":{\"@id\":\"https:\/\/www.italpassion.fr\/it\/maserati\/stellantis-les-details-de-loffre-faite-aux-employes-maserati-de-modene-pour-travailler-pour-fiat-en-serbie\/\"},\"wordCount\":438,\"commentCount\":1,\"publisher\":{\"@id\":\"https:\/\/www.italpassion.fr\/it\/#organization\"},\"image\":{\"@id\":\"https:\/\/www.italpassion.fr\/it\/maserati\/stellantis-les-details-de-loffre-faite-aux-employes-maserati-de-modene-pour-travailler-pour-fiat-en-serbie\/#primaryimage\"},\"thumbnailUrl\":\"https:\/\/www.italpassion.fr\/wp-content\/uploads\/2025\/03\/maserati-mc20-modene.jpg\",\"articleSection\":[\"Maserati\"],\"inLanguage\":\"it-IT\",\"potentialAction\":[{\"@type\":\"CommentAction\",\"name\":\"Comment\",\"target\":[\"https:\/\/www.italpassion.fr\/it\/maserati\/stellantis-les-details-de-loffre-faite-aux-employes-maserati-de-modene-pour-travailler-pour-fiat-en-serbie\/#respond\"]}]},{\"@type\":\"WebPage\",\"@id\":\"https:\/\/www.italpassion.fr\/it\/maserati\/stellantis-les-details-de-loffre-faite-aux-employes-maserati-de-modene-pour-travailler-pour-fiat-en-serbie\/\",\"url\":\"https:\/\/www.italpassion.fr\/it\/maserati\/stellantis-les-details-de-loffre-faite-aux-employes-maserati-de-modene-pour-travailler-pour-fiat-en-serbie\/\",\"name\":\"Stellantis : les d\u00e9tails de l'offre faite aux employ\u00e9s Maserati de Mod\u00e8ne pour travailler pour Fiat en Serbie - ItalPassion\",\"isPartOf\":{\"@id\":\"https:\/\/www.italpassion.fr\/it\/#website\"},\"primaryImageOfPage\":{\"@id\":\"https:\/\/www.italpassion.fr\/it\/maserati\/stellantis-les-details-de-loffre-faite-aux-employes-maserati-de-modene-pour-travailler-pour-fiat-en-serbie\/#primaryimage\"},\"image\":{\"@id\":\"https:\/\/www.italpassion.fr\/it\/maserati\/stellantis-les-details-de-loffre-faite-aux-employes-maserati-de-modene-pour-travailler-pour-fiat-en-serbie\/#primaryimage\"},\"thumbnailUrl\":\"https:\/\/www.italpassion.fr\/wp-content\/uploads\/2025\/03\/maserati-mc20-modene.jpg\",\"datePublished\":\"2025-03-24T09:40:46+00:00\",\"dateModified\":\"2025-03-24T09:42:15+00:00\",\"description\":\"L\u2019offre de Stellantis visant \u00e0 envoyer les employ\u00e9s de Maserati de Mod\u00e8ne en Serbie fait grand bruit. Alors que la production de Maserati \u00e0 Mod\u00e8ne est au\",\"breadcrumb\":{\"@id\":\"https:\/\/www.italpassion.fr\/it\/maserati\/stellantis-les-details-de-loffre-faite-aux-employes-maserati-de-modene-pour-travailler-pour-fiat-en-serbie\/#breadcrumb\"},\"inLanguage\":\"it-IT\",\"potentialAction\":[{\"@type\":\"ReadAction\",\"target\":[\"https:\/\/www.italpassion.fr\/it\/maserati\/stellantis-les-details-de-loffre-faite-aux-employes-maserati-de-modene-pour-travailler-pour-fiat-en-serbie\/\"]}]},{\"@type\":\"ImageObject\",\"inLanguage\":\"it-IT\",\"@id\":\"https:\/\/www.italpassion.fr\/it\/maserati\/stellantis-les-details-de-loffre-faite-aux-employes-maserati-de-modene-pour-travailler-pour-fiat-en-serbie\/#primaryimage\",\"url\":\"https:\/\/www.italpassion.fr\/wp-content\/uploads\/2025\/03\/maserati-mc20-modene.jpg\",\"contentUrl\":\"https:\/\/www.italpassion.fr\/wp-content\/uploads\/2025\/03\/maserati-mc20-modene.jpg\",\"width\":1200,\"height\":800},{\"@type\":\"BreadcrumbList\",\"@id\":\"https:\/\/www.italpassion.fr\/it\/maserati\/stellantis-les-details-de-loffre-faite-aux-employes-maserati-de-modene-pour-travailler-pour-fiat-en-serbie\/#breadcrumb\",\"itemListElement\":[{\"@type\":\"ListItem\",\"position\":1,\"name\":\"Accueil\",\"item\":\"https:\/\/www.italpassion.fr\/it\/\"},{\"@type\":\"ListItem\",\"position\":2,\"name\":\"Stellantis : les d\u00e9tails de l&rsquo;offre faite aux employ\u00e9s Maserati de Mod\u00e8ne pour travailler pour Fiat en Serbie\"}]},{\"@type\":\"WebSite\",\"@id\":\"https:\/\/www.italpassion.fr\/it\/#website\",\"url\":\"https:\/\/www.italpassion.fr\/it\/\",\"name\":\"ItalPassion\",\"description\":\"Les Passionn\u00e9s d&#039;Automobiles Italiennes\",\"publisher\":{\"@id\":\"https:\/\/www.italpassion.fr\/it\/#organization\"},\"potentialAction\":[{\"@type\":\"SearchAction\",\"target\":{\"@type\":\"EntryPoint\",\"urlTemplate\":\"https:\/\/www.italpassion.fr\/it\/?s={search_term_string}\"},\"query-input\":{\"@type\":\"PropertyValueSpecification\",\"valueRequired\":true,\"valueName\":\"search_term_string\"}}],\"inLanguage\":\"it-IT\"},{\"@type\":\"Organization\",\"@id\":\"https:\/\/www.italpassion.fr\/it\/#organization\",\"name\":\"Italpassion\",\"url\":\"https:\/\/www.italpassion.fr\/it\/\",\"logo\":{\"@type\":\"ImageObject\",\"inLanguage\":\"it-IT\",\"@id\":\"https:\/\/www.italpassion.fr\/it\/#\/schema\/logo\/image\/\",\"url\":\"https:\/\/www.italpassion.fr\/wp-content\/uploads\/2023\/07\/italpassion-yoast.jpg\",\"contentUrl\":\"https:\/\/www.italpassion.fr\/wp-content\/uploads\/2023\/07\/italpassion-yoast.jpg\",\"width\":696,\"height\":696,\"caption\":\"Italpassion\"},\"image\":{\"@id\":\"https:\/\/www.italpassion.fr\/it\/#\/schema\/logo\/image\/\"},\"sameAs\":[\"https:\/\/www.facebook.com\/italpassion\",\"https:\/\/x.com\/italpassion\",\"https:\/\/www.instagram.com\/italpassionfr\/\",\"https:\/\/www.youtube.com\/channel\/UCleq-ByQaA42OjhopwevRjQ\",\"https:\/\/www.facebook.com\/italpassion.en\/\",\"https:\/\/www.facebook.com\/italpassion.it\/\",\"https:\/\/www.facebook.com\/italpassion.de\/\",\"https:\/\/www.facebook.com\/italpassion.ja\/\"]},{\"@type\":\"Person\",\"@id\":\"https:\/\/www.italpassion.fr\/it\/#\/schema\/person\/36f747b2a759ca202d847e85a9434ca0\",\"name\":\"Alexandre Filluzeau\",\"image\":{\"@type\":\"ImageObject\",\"inLanguage\":\"it-IT\",\"@id\":\"https:\/\/www.italpassion.fr\/it\/#\/schema\/person\/image\/\",\"url\":\"https:\/\/www.italpassion.fr\/wp-content\/uploads\/2025\/04\/avatar-alexandre-160x160.jpg\",\"contentUrl\":\"https:\/\/www.italpassion.fr\/wp-content\/uploads\/2025\/04\/avatar-alexandre-160x160.jpg\",\"caption\":\"Alexandre Filluzeau\"},\"description\":\"Fondateur du site ItalPassion, passionn\u00e9 de voitures italiennes et de l'Italie en g\u00e9n\u00e9ral. J'apporte un regard critique et technique aux actualit\u00e9s des marques italiennes quand cela est possible. Propri\u00e9taire d'une Maserati GranTurismo, Alfa Romeo MiTo, Lancia Fulvia et Ducati 695. Ex-propri\u00e9taire d'une Alfa Romeo Giulia.\",\"sameAs\":[\"https:\/\/www.italpassion.fr\/\"],\"url\":\"https:\/\/www.italpassion.fr\/it\/author\/alexandre\/\"}]}<\/script>\n<!-- \/ Yoast SEO plugin. -->","yoast_head_json":{"title":"Stellantis: i dettagli dell'offerta fatta ai dipendenti Maserati di Modena di lavorare per Fiat in Serbia - ItalPassion","description":"L'offerta di Stellantis di inviare i dipendenti Maserati da Modena in Serbia sta suscitando grande scalpore. In un momento in cui la produzione del Tridente a Modena \u00e8 al","robots":{"index":"index","follow":"follow","max-snippet":"max-snippet:-1","max-image-preview":"max-image-preview:large","max-video-preview":"max-video-preview:-1"},"canonical":"https:\/\/www.italpassion.fr\/it\/maserati\/stellantis-dettagli-dellofferta-fatta-ai-dipendenti-maserati-di-modena-di-lavorare-per-fiat-in-serbia\/","og_locale":"it_IT","og_type":"article","og_title":"Stellantis : les d\u00e9tails de l'offre faite aux employ\u00e9s Maserati de Mod\u00e8ne pour travailler pour Fiat en Serbie - ItalPassion","og_description":"L\u2019offre de Stellantis visant \u00e0 envoyer les employ\u00e9s de Maserati de Mod\u00e8ne en Serbie fait grand bruit. Alors que la production de Maserati \u00e0 Mod\u00e8ne est au","og_url":"https:\/\/www.italpassion.fr\/it\/maserati\/stellantis-dettagli-dellofferta-fatta-ai-dipendenti-maserati-di-modena-di-lavorare-per-fiat-in-serbia\/","og_site_name":"ItalPassion","article_publisher":"https:\/\/www.facebook.com\/italpassion","article_published_time":"2025-03-24T09:40:46+00:00","article_modified_time":"2025-03-24T09:42:15+00:00","og_image":[{"width":1200,"height":800,"url":"https:\/\/www.italpassion.fr\/wp-content\/uploads\/2025\/03\/maserati-mc20-modene.jpg","type":"image\/jpeg"}],"author":"Alexandre Filluzeau","twitter_card":"summary_large_image","twitter_creator":"@italpassion","twitter_site":"@italpassion","schema":{"@context":"https:\/\/schema.org","@graph":[{"@type":"NewsArticle","@id":"https:\/\/www.italpassion.fr\/it\/maserati\/stellantis-les-details-de-loffre-faite-aux-employes-maserati-de-modene-pour-travailler-pour-fiat-en-serbie\/#article","isPartOf":{"@id":"https:\/\/www.italpassion.fr\/it\/maserati\/stellantis-les-details-de-loffre-faite-aux-employes-maserati-de-modene-pour-travailler-pour-fiat-en-serbie\/"},"author":{"name":"Alexandre Filluzeau","@id":"https:\/\/www.italpassion.fr\/it\/#\/schema\/person\/36f747b2a759ca202d847e85a9434ca0"},"headline":"Stellantis : les d\u00e9tails de l&rsquo;offre faite aux employ\u00e9s Maserati de Mod\u00e8ne pour travailler pour Fiat en Serbie","datePublished":"2025-03-24T09:40:46+00:00","dateModified":"2025-03-24T09:42:15+00:00","mainEntityOfPage":{"@id":"https:\/\/www.italpassion.fr\/it\/maserati\/stellantis-les-details-de-loffre-faite-aux-employes-maserati-de-modene-pour-travailler-pour-fiat-en-serbie\/"},"wordCount":438,"commentCount":1,"publisher":{"@id":"https:\/\/www.italpassion.fr\/it\/#organization"},"image":{"@id":"https:\/\/www.italpassion.fr\/it\/maserati\/stellantis-les-details-de-loffre-faite-aux-employes-maserati-de-modene-pour-travailler-pour-fiat-en-serbie\/#primaryimage"},"thumbnailUrl":"https:\/\/www.italpassion.fr\/wp-content\/uploads\/2025\/03\/maserati-mc20-modene.jpg","articleSection":["Maserati"],"inLanguage":"it-IT","potentialAction":[{"@type":"CommentAction","name":"Comment","target":["https:\/\/www.italpassion.fr\/it\/maserati\/stellantis-les-details-de-loffre-faite-aux-employes-maserati-de-modene-pour-travailler-pour-fiat-en-serbie\/#respond"]}]},{"@type":"WebPage","@id":"https:\/\/www.italpassion.fr\/it\/maserati\/stellantis-les-details-de-loffre-faite-aux-employes-maserati-de-modene-pour-travailler-pour-fiat-en-serbie\/","url":"https:\/\/www.italpassion.fr\/it\/maserati\/stellantis-les-details-de-loffre-faite-aux-employes-maserati-de-modene-pour-travailler-pour-fiat-en-serbie\/","name":"Stellantis: i dettagli dell'offerta fatta ai dipendenti Maserati di Modena di lavorare per Fiat in Serbia - ItalPassion","isPartOf":{"@id":"https:\/\/www.italpassion.fr\/it\/#website"},"primaryImageOfPage":{"@id":"https:\/\/www.italpassion.fr\/it\/maserati\/stellantis-les-details-de-loffre-faite-aux-employes-maserati-de-modene-pour-travailler-pour-fiat-en-serbie\/#primaryimage"},"image":{"@id":"https:\/\/www.italpassion.fr\/it\/maserati\/stellantis-les-details-de-loffre-faite-aux-employes-maserati-de-modene-pour-travailler-pour-fiat-en-serbie\/#primaryimage"},"thumbnailUrl":"https:\/\/www.italpassion.fr\/wp-content\/uploads\/2025\/03\/maserati-mc20-modene.jpg","datePublished":"2025-03-24T09:40:46+00:00","dateModified":"2025-03-24T09:42:15+00:00","description":"L'offerta di Stellantis di inviare i dipendenti Maserati da Modena in Serbia sta suscitando grande scalpore. In un momento in cui la produzione del Tridente a Modena \u00e8 al","breadcrumb":{"@id":"https:\/\/www.italpassion.fr\/it\/maserati\/stellantis-les-details-de-loffre-faite-aux-employes-maserati-de-modene-pour-travailler-pour-fiat-en-serbie\/#breadcrumb"},"inLanguage":"it-IT","potentialAction":[{"@type":"ReadAction","target":["https:\/\/www.italpassion.fr\/it\/maserati\/stellantis-les-details-de-loffre-faite-aux-employes-maserati-de-modene-pour-travailler-pour-fiat-en-serbie\/"]}]},{"@type":"ImageObject","inLanguage":"it-IT","@id":"https:\/\/www.italpassion.fr\/it\/maserati\/stellantis-les-details-de-loffre-faite-aux-employes-maserati-de-modene-pour-travailler-pour-fiat-en-serbie\/#primaryimage","url":"https:\/\/www.italpassion.fr\/wp-content\/uploads\/2025\/03\/maserati-mc20-modene.jpg","contentUrl":"https:\/\/www.italpassion.fr\/wp-content\/uploads\/2025\/03\/maserati-mc20-modene.jpg","width":1200,"height":800},{"@type":"BreadcrumbList","@id":"https:\/\/www.italpassion.fr\/it\/maserati\/stellantis-les-details-de-loffre-faite-aux-employes-maserati-de-modene-pour-travailler-pour-fiat-en-serbie\/#breadcrumb","itemListElement":[{"@type":"ListItem","position":1,"name":"Accueil","item":"https:\/\/www.italpassion.fr\/it\/"},{"@type":"ListItem","position":2,"name":"Stellantis : les d\u00e9tails de l&rsquo;offre faite aux employ\u00e9s Maserati de Mod\u00e8ne pour travailler pour Fiat en Serbie"}]},{"@type":"WebSite","@id":"https:\/\/www.italpassion.fr\/it\/#website","url":"https:\/\/www.italpassion.fr\/it\/","name":"ItalPassion","description":"Appassionati di auto italiane","publisher":{"@id":"https:\/\/www.italpassion.fr\/it\/#organization"},"potentialAction":[{"@type":"SearchAction","target":{"@type":"EntryPoint","urlTemplate":"https:\/\/www.italpassion.fr\/it\/?s={search_term_string}"},"query-input":{"@type":"PropertyValueSpecification","valueRequired":true,"valueName":"search_term_string"}}],"inLanguage":"it-IT"},{"@type":"Organization","@id":"https:\/\/www.italpassion.fr\/it\/#organization","name":"Italpassion","url":"https:\/\/www.italpassion.fr\/it\/","logo":{"@type":"ImageObject","inLanguage":"it-IT","@id":"https:\/\/www.italpassion.fr\/it\/#\/schema\/logo\/image\/","url":"https:\/\/www.italpassion.fr\/wp-content\/uploads\/2023\/07\/italpassion-yoast.jpg","contentUrl":"https:\/\/www.italpassion.fr\/wp-content\/uploads\/2023\/07\/italpassion-yoast.jpg","width":696,"height":696,"caption":"Italpassion"},"image":{"@id":"https:\/\/www.italpassion.fr\/it\/#\/schema\/logo\/image\/"},"sameAs":["https:\/\/www.facebook.com\/italpassion","https:\/\/x.com\/italpassion","https:\/\/www.instagram.com\/italpassionfr\/","https:\/\/www.youtube.com\/channel\/UCleq-ByQaA42OjhopwevRjQ","https:\/\/www.facebook.com\/italpassion.en\/","https:\/\/www.facebook.com\/italpassion.it\/","https:\/\/www.facebook.com\/italpassion.de\/","https:\/\/www.facebook.com\/italpassion.ja\/"]},{"@type":"Person","@id":"https:\/\/www.italpassion.fr\/it\/#\/schema\/person\/36f747b2a759ca202d847e85a9434ca0","name":"Alexandre Filluzeau","image":{"@type":"ImageObject","inLanguage":"it-IT","@id":"https:\/\/www.italpassion.fr\/it\/#\/schema\/person\/image\/","url":"https:\/\/www.italpassion.fr\/wp-content\/uploads\/2025\/04\/avatar-alexandre-160x160.jpg","contentUrl":"https:\/\/www.italpassion.fr\/wp-content\/uploads\/2025\/04\/avatar-alexandre-160x160.jpg","caption":"Alexandre Filluzeau"},"description":"Fondatore del sito ItalPassion, appassionato di auto italiane e dell'Italia in generale. Porto un occhio critico e tecnico alle notizie dei marchi italiani, quando possibile. Proprietario di una Maserati GranTurismo, di un'Alfa Romeo MiTo, di una Lancia Fulvia e di una Ducati 695. Ex proprietario di un'Alfa Romeo Giulia.","sameAs":["https:\/\/www.italpassion.fr\/"],"url":"https:\/\/www.italpassion.fr\/it\/author\/alexandre\/"}]}},"_links":{"self":[{"href":"https:\/\/www.italpassion.fr\/it\/wp-json\/wp\/v2\/posts\/37395","targetHints":{"allow":["GET"]}}],"collection":[{"href":"https:\/\/www.italpassion.fr\/it\/wp-json\/wp\/v2\/posts"}],"about":[{"href":"https:\/\/www.italpassion.fr\/it\/wp-json\/wp\/v2\/types\/post"}],"author":[{"embeddable":true,"href":"https:\/\/www.italpassion.fr\/it\/wp-json\/wp\/v2\/users\/1"}],"replies":[{"embeddable":true,"href":"https:\/\/www.italpassion.fr\/it\/wp-json\/wp\/v2\/comments?post=37395"}],"version-history":[{"count":2,"href":"https:\/\/www.italpassion.fr\/it\/wp-json\/wp\/v2\/posts\/37395\/revisions"}],"predecessor-version":[{"id":37397,"href":"https:\/\/www.italpassion.fr\/it\/wp-json\/wp\/v2\/posts\/37395\/revisions\/37397"}],"wp:featuredmedia":[{"embeddable":true,"href":"https:\/\/www.italpassion.fr\/it\/wp-json\/wp\/v2\/media\/37189"}],"wp:attachment":[{"href":"https:\/\/www.italpassion.fr\/it\/wp-json\/wp\/v2\/media?parent=37395"}],"wp:term":[{"taxonomy":"category","embeddable":true,"href":"https:\/\/www.italpassion.fr\/it\/wp-json\/wp\/v2\/categories?post=37395"},{"taxonomy":"post_tag","embeddable":true,"href":"https:\/\/www.italpassion.fr\/it\/wp-json\/wp\/v2\/tags?post=37395"}],"curies":[{"name":"wp","href":"https:\/\/api.w.org\/{rel}","templated":true}]}}