{"id":36577,"date":"2025-02-14T12:07:49","date_gmt":"2025-02-14T11:07:49","guid":{"rendered":"https:\/\/www.italpassion.fr\/?p=36577"},"modified":"2025-02-14T12:07:50","modified_gmt":"2025-02-14T11:07:50","slug":"alfa-romeo-la-giulietta-e-morta-lunga-vita-alla-lalfetta","status":"publish","type":"post","link":"https:\/\/www.italpassion.fr\/it\/alfa-romeo\/alfa-romeo-la-giulietta-est-morte-vive-lalfetta\/","title":{"rendered":"Alfa Romeo: la Giulietta \u00e8 morta, viva l'Alfetta!"},"content":{"rendered":"<figure class=\"wp-block-image size-large\"><img loading=\"lazy\" decoding=\"async\" width=\"1024\" height=\"683\" src=\"https:\/\/www.italpassion.fr\/wp-content\/uploads\/2024\/12\/alfa-romeo-visuel-1-1024x683.jpg\" alt=\"\" class=\"wp-image-35767\" srcset=\"https:\/\/www.italpassion.fr\/wp-content\/uploads\/2024\/12\/alfa-romeo-visuel-1-1024x683.jpg 1024w, https:\/\/www.italpassion.fr\/wp-content\/uploads\/2024\/12\/alfa-romeo-visuel-1-300x200.jpg 300w, https:\/\/www.italpassion.fr\/wp-content\/uploads\/2024\/12\/alfa-romeo-visuel-1-768x512.jpg 768w, https:\/\/www.italpassion.fr\/wp-content\/uploads\/2024\/12\/alfa-romeo-visuel-1-18x12.jpg 18w, https:\/\/www.italpassion.fr\/wp-content\/uploads\/2024\/12\/alfa-romeo-visuel-1-561x374.jpg 561w, https:\/\/www.italpassion.fr\/wp-content\/uploads\/2024\/12\/alfa-romeo-visuel-1-1122x748.jpg 1122w, https:\/\/www.italpassion.fr\/wp-content\/uploads\/2024\/12\/alfa-romeo-visuel-1-265x177.jpg 265w, https:\/\/www.italpassion.fr\/wp-content\/uploads\/2024\/12\/alfa-romeo-visuel-1-531x354.jpg 531w, https:\/\/www.italpassion.fr\/wp-content\/uploads\/2024\/12\/alfa-romeo-visuel-1-364x243.jpg 364w, https:\/\/www.italpassion.fr\/wp-content\/uploads\/2024\/12\/alfa-romeo-visuel-1-728x485.jpg 728w, https:\/\/www.italpassion.fr\/wp-content\/uploads\/2024\/12\/alfa-romeo-visuel-1-608x405.jpg 608w, https:\/\/www.italpassion.fr\/wp-content\/uploads\/2024\/12\/alfa-romeo-visuel-1-758x505.jpg 758w, https:\/\/www.italpassion.fr\/wp-content\/uploads\/2024\/12\/alfa-romeo-visuel-1-1152x768.jpg 1152w, https:\/\/www.italpassion.fr\/wp-content\/uploads\/2024\/12\/alfa-romeo-visuel-1.jpg 1200w\" sizes=\"auto, (max-width: 1024px) 100vw, 1024px\" \/><\/figure>\n\n\n\n<p><strong>La questione della Giulietta a <a href=\"https:\/\/www.italpassion.fr\/it\/alfa-romeo\/\">Alfa Romeo<\/a> sembra essere stata risolta una volta per tutte.<\/strong> Circa quindici giorni fa, Santo Ficili, il nuovo amministratore delegato dell'Alfa Romeo, ha messo fine alle voci sul ritorno dell'iconica vettura compatta del marchio. In un'intervista rilasciata a <em>L'Argus<\/em>Ha dichiarato inequivocabilmente che non c'\u00e8 spazio per una nuova Giulietta nel mercato attuale. Il futuro, secondo lui, appartiene ai SUV, ed \u00e8 con il Tonale che la Giulietta si fa strada.<\/p>\n\n\n\n<p>La Giulietta, un tempo modello di punta dell'Alfa Romeo, ha visto le sue vendite crollare con l'arrivo dei SUV. Infatti, dopo aver venduto oltre 482.000 unit\u00e0 tra il 2010 e il 2020, la sua produzione \u00e8 stata definitivamente interrotta nel dicembre 2020. Secondo Ficili, \"\u00a0<a href=\"https:\/\/www.italpassion.fr\/it\/alfa-romeo\/lamministratore-delegato-di-dalfa-romeo-dice-no-al-progetto-della-nuova-giulietta-e-spiega-perche\/\">la Giulietta \u00e8 il Tonale di oggi<\/a>. Il SUV compatto ha cos\u00ec preso il posto della vecchia compatta, diventando il modello chiave del marchio in questo segmento.<\/p>\n\n\n\n<p>Tuttavia, questa decisione non significa che Alfa Romeo abbia abbandonato completamente il segmento delle berline compatte. Come promemoria, nella primavera del 2023, Jean-Philippe Imparato, <strong>l'ex amministratore delegato dell'Alfa Romeo, ha accennato alla possibilit\u00e0 di rilanciare una vettura compatta se le condizioni fossero favorevoli. <\/strong>Per il momento, tuttavia, non \u00e8 prevista alcuna vettura compatta prima del 2028, essendo la priorit\u00e0 data al SUV Junior e al rinnovo dei modelli Stelvio e Giulia.<\/p>\n\n\n\n<blockquote class=\"wp-block-quote is-layout-flow wp-block-quote-is-layout-flow\"><svg aria-hidden=\"true\" focusable=\"false\" class=\"icon icon-quote\" width=\"48\" height=\"48\"><use xlink:href=\"#icon-quote\"><\/use><\/svg>\n<p>\"Il segmento C per Alfa Romeo non sar\u00e0 solo il Tonale. Quello che voglio fare \u00e8... un'Alfetta\" Jean-Philippe Imparato, marzo 2023<\/p>\n<\/blockquote>\n\n\n\n<p>Ed \u00e8 qui che entra in gioco l'Alfetta, la vera novit\u00e0 che potrebbe succedere alla Giulietta. Mentre la Giulietta sembra ormai fuori portata, un progetto a parte, quello dell'Alfetta, sembra ancora in ballo, perch\u00e9 Imparato ha parlato di un'Alfetta, mentre Ficili parla di una Giulietta, <strong>e si tratta di due modelli diversi.<\/strong><\/p>\n\n\n\n<p><strong>La Giulietta, nome in codice A2H,<\/strong> doveva essere lanciata pi\u00f9 o meno contemporaneamente al Tonale, con il nome in codice A4U, sulla piattaforma STLA Medium nel 2027. Tuttavia, la Giulietta potrebbe essere stata cancellata a causa del prezzo elevato dei veicoli sulla piattaforma STLA Medium. Se guardiamo a modelli come la Peugeot 3008, il cui prezzo parte da 36.000 euro per la versione ibrida da 136 CV, \u00e8 facile capire perch\u00e9 la Giulietta, che avrebbe avuto un prezzo simile su questa piattaforma, avrebbe avuto difficolt\u00e0 ad attrarre un pubblico ampio.<\/p>\n\n\n\n<figure class=\"wp-block-image size-large\"><img loading=\"lazy\" decoding=\"async\" width=\"1024\" height=\"580\" src=\"https:\/\/www.italpassion.fr\/wp-content\/uploads\/2025\/01\/alfa-romeo-giulietta-2028-1024x580.jpg\" alt=\"\" class=\"wp-image-36274\" srcset=\"https:\/\/www.italpassion.fr\/wp-content\/uploads\/2025\/01\/alfa-romeo-giulietta-2028-1024x580.jpg 1024w, https:\/\/www.italpassion.fr\/wp-content\/uploads\/2025\/01\/alfa-romeo-giulietta-2028-300x170.jpg 300w, https:\/\/www.italpassion.fr\/wp-content\/uploads\/2025\/01\/alfa-romeo-giulietta-2028-768x435.jpg 768w, https:\/\/www.italpassion.fr\/wp-content\/uploads\/2025\/01\/alfa-romeo-giulietta-2028-18x10.jpg 18w, https:\/\/www.italpassion.fr\/wp-content\/uploads\/2025\/01\/alfa-romeo-giulietta-2028-192x108.jpg 192w, https:\/\/www.italpassion.fr\/wp-content\/uploads\/2025\/01\/alfa-romeo-giulietta-2028-364x205.jpg 364w, https:\/\/www.italpassion.fr\/wp-content\/uploads\/2025\/01\/alfa-romeo-giulietta-2028-561x318.jpg 561w, https:\/\/www.italpassion.fr\/wp-content\/uploads\/2025\/01\/alfa-romeo-giulietta-2028-1122x635.jpg 1122w, https:\/\/www.italpassion.fr\/wp-content\/uploads\/2025\/01\/alfa-romeo-giulietta-2028-265x150.jpg 265w, https:\/\/www.italpassion.fr\/wp-content\/uploads\/2025\/01\/alfa-romeo-giulietta-2028-531x301.jpg 531w, https:\/\/www.italpassion.fr\/wp-content\/uploads\/2025\/01\/alfa-romeo-giulietta-2028-728x412.jpg 728w, https:\/\/www.italpassion.fr\/wp-content\/uploads\/2025\/01\/alfa-romeo-giulietta-2028-608x344.jpg 608w, https:\/\/www.italpassion.fr\/wp-content\/uploads\/2025\/01\/alfa-romeo-giulietta-2028-758x429.jpg 758w, https:\/\/www.italpassion.fr\/wp-content\/uploads\/2025\/01\/alfa-romeo-giulietta-2028-1152x652.jpg 1152w, https:\/\/www.italpassion.fr\/wp-content\/uploads\/2025\/01\/alfa-romeo-giulietta-2028.jpg 1279w\" sizes=\"auto, (max-width: 1024px) 100vw, 1024px\" \/><\/figure>\n\n\n\n<p><strong>A nostro avviso, \u00e8 qui che entra in gioco il progetto Alfetta, nome in codice A2X,<\/strong> entra in gioco. Potrebbe essere la risposta dell'Alfa Romeo al segmento C. Basata sulla piattaforma STLA Small, che \u00e8 l'evoluzione della piattaforma eCMP (utilizzata dalla Junior), l'Alfetta potrebbe offrire un modello compatto, pi\u00f9 leggero e pi\u00f9 conveniente. Nel nostro <a href=\"https:\/\/www.italpassion.fr\/it\/alfa-romeo\/alfa-romeo-come-potrebbe-essere-la-nuova-gamma-fino-al-2029-2\/\">ultimo piano di prodotto Alfa Romeo<\/a>All'epoca, avevamo stimato che il lancio sarebbe potuto avvenire nel 2029. Infine, come abbiamo riferito ieri, il<a href=\"https:\/\/www.italpassion.fr\/it\/fiat\/futura-fiat-500-2030-e-panda-2030-cambio-di-piattaforma\/\">a Fiat Panda non sar\u00e0 pi\u00f9 presente su STLA Small<\/a>che lascia <strong>l'opportunit\u00e0 che questa Alfetta venga prodotta in Italia a Pomigliano d'Arco<\/strong>uno dei due modelli ancora sconosciuti annunciati da Stellantis nel 2028.<\/p>\n\n\n\n<figure class=\"wp-block-image size-large\"><img loading=\"lazy\" decoding=\"async\" width=\"1024\" height=\"885\" src=\"https:\/\/www.italpassion.fr\/wp-content\/uploads\/2024\/12\/stellantis-pomigliano-darco-1024x885.jpg\" alt=\"\" class=\"wp-image-35600\" srcset=\"https:\/\/www.italpassion.fr\/wp-content\/uploads\/2024\/12\/stellantis-pomigliano-darco-1024x885.jpg 1024w, https:\/\/www.italpassion.fr\/wp-content\/uploads\/2024\/12\/stellantis-pomigliano-darco-300x259.jpg 300w, https:\/\/www.italpassion.fr\/wp-content\/uploads\/2024\/12\/stellantis-pomigliano-darco-768x664.jpg 768w, https:\/\/www.italpassion.fr\/wp-content\/uploads\/2024\/12\/stellantis-pomigliano-darco-14x12.jpg 14w, https:\/\/www.italpassion.fr\/wp-content\/uploads\/2024\/12\/stellantis-pomigliano-darco-561x485.jpg 561w, https:\/\/www.italpassion.fr\/wp-content\/uploads\/2024\/12\/stellantis-pomigliano-darco-1122x970.jpg 1122w, https:\/\/www.italpassion.fr\/wp-content\/uploads\/2024\/12\/stellantis-pomigliano-darco-265x229.jpg 265w, https:\/\/www.italpassion.fr\/wp-content\/uploads\/2024\/12\/stellantis-pomigliano-darco-531x459.jpg 531w, https:\/\/www.italpassion.fr\/wp-content\/uploads\/2024\/12\/stellantis-pomigliano-darco-364x315.jpg 364w, https:\/\/www.italpassion.fr\/wp-content\/uploads\/2024\/12\/stellantis-pomigliano-darco-728x629.jpg 728w, https:\/\/www.italpassion.fr\/wp-content\/uploads\/2024\/12\/stellantis-pomigliano-darco-608x526.jpg 608w, https:\/\/www.italpassion.fr\/wp-content\/uploads\/2024\/12\/stellantis-pomigliano-darco-758x655.jpg 758w, https:\/\/www.italpassion.fr\/wp-content\/uploads\/2024\/12\/stellantis-pomigliano-darco-1152x996.jpg 1152w, https:\/\/www.italpassion.fr\/wp-content\/uploads\/2024\/12\/stellantis-pomigliano-darco.jpg 1504w\" sizes=\"auto, (max-width: 1024px) 100vw, 1024px\" \/><\/figure>\n\n\n\n<p>Naturalmente, queste sono solo speculazioni basate sulle informazioni in nostro possesso e sui nostri pensieri. E il 2028, 2029 \u00e8 ancora molto lontano!<\/p>","protected":false},"excerpt":{"rendered":"","protected":false},"author":1,"featured_media":35767,"comment_status":"open","ping_status":"open","sticky":false,"template":"","format":"standard","meta":{"_acf_changed":false,"_sitemap_exclude":false,"_sitemap_priority":"","_sitemap_frequency":"","footnotes":""},"categories":[22],"tags":[291],"class_list":["post-36577","post","type-post","status-publish","format-standard","has-post-thumbnail","hentry","category-alfa-romeo","tag-alfa-romeo-giulietta","generate-columns","tablet-grid-50","mobile-grid-100","grid-parent","grid-33"],"acf":[],"yoast_head":"<!-- This site is optimized with the Yoast SEO plugin v25.8 - https:\/\/yoast.com\/wordpress\/plugins\/seo\/ -->\n<title>Alfa Romeo : la Giulietta est morte, vive l&#039;Alfetta ! - ItalPassion<\/title>\n<meta name=\"description\" content=\"La question de la Giulietta chez Alfa Romeo semble d\u00e9finitivement r\u00e9gl\u00e9e. Il y a environ deux semaines, Santo Ficili, le nouveau PDG d&#039;Alfa Romeo, a mis\" \/>\n<meta name=\"robots\" content=\"index, follow, max-snippet:-1, max-image-preview:large, max-video-preview:-1\" \/>\n<link rel=\"canonical\" href=\"https:\/\/www.italpassion.fr\/it\/alfa-romeo\/alfa-romeo-la-giulietta-e-morta-lunga-vita-alla-lalfetta\/\" \/>\n<meta property=\"og:locale\" content=\"it_IT\" \/>\n<meta property=\"og:type\" content=\"article\" \/>\n<meta property=\"og:title\" content=\"Alfa Romeo : la Giulietta est morte, vive l&#039;Alfetta ! - ItalPassion\" \/>\n<meta property=\"og:description\" content=\"La question de la Giulietta chez Alfa Romeo semble d\u00e9finitivement r\u00e9gl\u00e9e. Il y a environ deux semaines, Santo Ficili, le nouveau PDG d&#039;Alfa Romeo, a mis\" \/>\n<meta property=\"og:url\" content=\"https:\/\/www.italpassion.fr\/it\/alfa-romeo\/alfa-romeo-la-giulietta-e-morta-lunga-vita-alla-lalfetta\/\" \/>\n<meta property=\"og:site_name\" content=\"ItalPassion\" \/>\n<meta property=\"article:publisher\" content=\"https:\/\/www.facebook.com\/italpassion\" \/>\n<meta property=\"article:published_time\" content=\"2025-02-14T11:07:49+00:00\" \/>\n<meta property=\"article:modified_time\" content=\"2025-02-14T11:07:50+00:00\" \/>\n<meta property=\"og:image\" content=\"https:\/\/www.italpassion.fr\/wp-content\/uploads\/2024\/12\/alfa-romeo-visuel-1.jpg\" \/>\n\t<meta property=\"og:image:width\" content=\"1200\" \/>\n\t<meta property=\"og:image:height\" content=\"800\" \/>\n\t<meta property=\"og:image:type\" content=\"image\/jpeg\" \/>\n<meta name=\"author\" content=\"Alexandre Filluzeau\" \/>\n<meta name=\"twitter:card\" content=\"summary_large_image\" \/>\n<meta name=\"twitter:creator\" content=\"@italpassion\" \/>\n<meta name=\"twitter:site\" content=\"@italpassion\" \/>\n<script type=\"application\/ld+json\" class=\"yoast-schema-graph\">{\"@context\":\"https:\/\/schema.org\",\"@graph\":[{\"@type\":\"NewsArticle\",\"@id\":\"https:\/\/www.italpassion.fr\/it\/alfa-romeo\/alfa-romeo-la-giulietta-est-morte-vive-lalfetta\/#article\",\"isPartOf\":{\"@id\":\"https:\/\/www.italpassion.fr\/it\/alfa-romeo\/alfa-romeo-la-giulietta-est-morte-vive-lalfetta\/\"},\"author\":{\"name\":\"Alexandre Filluzeau\",\"@id\":\"https:\/\/www.italpassion.fr\/it\/#\/schema\/person\/36f747b2a759ca202d847e85a9434ca0\"},\"headline\":\"Alfa Romeo : la Giulietta est morte, vive l&rsquo;Alfetta !\",\"datePublished\":\"2025-02-14T11:07:49+00:00\",\"dateModified\":\"2025-02-14T11:07:50+00:00\",\"mainEntityOfPage\":{\"@id\":\"https:\/\/www.italpassion.fr\/it\/alfa-romeo\/alfa-romeo-la-giulietta-est-morte-vive-lalfetta\/\"},\"wordCount\":598,\"commentCount\":16,\"publisher\":{\"@id\":\"https:\/\/www.italpassion.fr\/it\/#organization\"},\"image\":{\"@id\":\"https:\/\/www.italpassion.fr\/it\/alfa-romeo\/alfa-romeo-la-giulietta-est-morte-vive-lalfetta\/#primaryimage\"},\"thumbnailUrl\":\"https:\/\/www.italpassion.fr\/wp-content\/uploads\/2024\/12\/alfa-romeo-visuel-1.jpg\",\"keywords\":[\"Alfa Romeo Giulietta\"],\"articleSection\":[\"Alfa Romeo\"],\"inLanguage\":\"it-IT\",\"potentialAction\":[{\"@type\":\"CommentAction\",\"name\":\"Comment\",\"target\":[\"https:\/\/www.italpassion.fr\/it\/alfa-romeo\/alfa-romeo-la-giulietta-est-morte-vive-lalfetta\/#respond\"]}]},{\"@type\":\"WebPage\",\"@id\":\"https:\/\/www.italpassion.fr\/it\/alfa-romeo\/alfa-romeo-la-giulietta-est-morte-vive-lalfetta\/\",\"url\":\"https:\/\/www.italpassion.fr\/it\/alfa-romeo\/alfa-romeo-la-giulietta-est-morte-vive-lalfetta\/\",\"name\":\"Alfa Romeo : la Giulietta est morte, vive l'Alfetta ! - ItalPassion\",\"isPartOf\":{\"@id\":\"https:\/\/www.italpassion.fr\/it\/#website\"},\"primaryImageOfPage\":{\"@id\":\"https:\/\/www.italpassion.fr\/it\/alfa-romeo\/alfa-romeo-la-giulietta-est-morte-vive-lalfetta\/#primaryimage\"},\"image\":{\"@id\":\"https:\/\/www.italpassion.fr\/it\/alfa-romeo\/alfa-romeo-la-giulietta-est-morte-vive-lalfetta\/#primaryimage\"},\"thumbnailUrl\":\"https:\/\/www.italpassion.fr\/wp-content\/uploads\/2024\/12\/alfa-romeo-visuel-1.jpg\",\"datePublished\":\"2025-02-14T11:07:49+00:00\",\"dateModified\":\"2025-02-14T11:07:50+00:00\",\"description\":\"La question de la Giulietta chez Alfa Romeo semble d\u00e9finitivement r\u00e9gl\u00e9e. Il y a environ deux semaines, Santo Ficili, le nouveau PDG d'Alfa Romeo, a mis\",\"breadcrumb\":{\"@id\":\"https:\/\/www.italpassion.fr\/it\/alfa-romeo\/alfa-romeo-la-giulietta-est-morte-vive-lalfetta\/#breadcrumb\"},\"inLanguage\":\"it-IT\",\"potentialAction\":[{\"@type\":\"ReadAction\",\"target\":[\"https:\/\/www.italpassion.fr\/it\/alfa-romeo\/alfa-romeo-la-giulietta-est-morte-vive-lalfetta\/\"]}]},{\"@type\":\"ImageObject\",\"inLanguage\":\"it-IT\",\"@id\":\"https:\/\/www.italpassion.fr\/it\/alfa-romeo\/alfa-romeo-la-giulietta-est-morte-vive-lalfetta\/#primaryimage\",\"url\":\"https:\/\/www.italpassion.fr\/wp-content\/uploads\/2024\/12\/alfa-romeo-visuel-1.jpg\",\"contentUrl\":\"https:\/\/www.italpassion.fr\/wp-content\/uploads\/2024\/12\/alfa-romeo-visuel-1.jpg\",\"width\":1200,\"height\":800},{\"@type\":\"BreadcrumbList\",\"@id\":\"https:\/\/www.italpassion.fr\/it\/alfa-romeo\/alfa-romeo-la-giulietta-est-morte-vive-lalfetta\/#breadcrumb\",\"itemListElement\":[{\"@type\":\"ListItem\",\"position\":1,\"name\":\"Accueil\",\"item\":\"https:\/\/www.italpassion.fr\/it\/\"},{\"@type\":\"ListItem\",\"position\":2,\"name\":\"Alfa Romeo : la Giulietta est morte, vive l&rsquo;Alfetta !\"}]},{\"@type\":\"WebSite\",\"@id\":\"https:\/\/www.italpassion.fr\/it\/#website\",\"url\":\"https:\/\/www.italpassion.fr\/it\/\",\"name\":\"ItalPassion\",\"description\":\"Les Passionn\u00e9s d&#039;Automobiles Italiennes\",\"publisher\":{\"@id\":\"https:\/\/www.italpassion.fr\/it\/#organization\"},\"potentialAction\":[{\"@type\":\"SearchAction\",\"target\":{\"@type\":\"EntryPoint\",\"urlTemplate\":\"https:\/\/www.italpassion.fr\/it\/?s={search_term_string}\"},\"query-input\":{\"@type\":\"PropertyValueSpecification\",\"valueRequired\":true,\"valueName\":\"search_term_string\"}}],\"inLanguage\":\"it-IT\"},{\"@type\":\"Organization\",\"@id\":\"https:\/\/www.italpassion.fr\/it\/#organization\",\"name\":\"Italpassion\",\"url\":\"https:\/\/www.italpassion.fr\/it\/\",\"logo\":{\"@type\":\"ImageObject\",\"inLanguage\":\"it-IT\",\"@id\":\"https:\/\/www.italpassion.fr\/it\/#\/schema\/logo\/image\/\",\"url\":\"https:\/\/www.italpassion.fr\/wp-content\/uploads\/2023\/07\/italpassion-yoast.jpg\",\"contentUrl\":\"https:\/\/www.italpassion.fr\/wp-content\/uploads\/2023\/07\/italpassion-yoast.jpg\",\"width\":696,\"height\":696,\"caption\":\"Italpassion\"},\"image\":{\"@id\":\"https:\/\/www.italpassion.fr\/it\/#\/schema\/logo\/image\/\"},\"sameAs\":[\"https:\/\/www.facebook.com\/italpassion\",\"https:\/\/x.com\/italpassion\",\"https:\/\/www.instagram.com\/italpassionfr\/\",\"https:\/\/www.youtube.com\/channel\/UCleq-ByQaA42OjhopwevRjQ\",\"https:\/\/www.facebook.com\/italpassion.en\/\",\"https:\/\/www.facebook.com\/italpassion.it\/\",\"https:\/\/www.facebook.com\/italpassion.de\/\",\"https:\/\/www.facebook.com\/italpassion.ja\/\"]},{\"@type\":\"Person\",\"@id\":\"https:\/\/www.italpassion.fr\/it\/#\/schema\/person\/36f747b2a759ca202d847e85a9434ca0\",\"name\":\"Alexandre Filluzeau\",\"image\":{\"@type\":\"ImageObject\",\"inLanguage\":\"it-IT\",\"@id\":\"https:\/\/www.italpassion.fr\/it\/#\/schema\/person\/image\/\",\"url\":\"https:\/\/www.italpassion.fr\/wp-content\/uploads\/2025\/04\/avatar-alexandre-160x160.jpg\",\"contentUrl\":\"https:\/\/www.italpassion.fr\/wp-content\/uploads\/2025\/04\/avatar-alexandre-160x160.jpg\",\"caption\":\"Alexandre Filluzeau\"},\"description\":\"Fondateur du site ItalPassion, passionn\u00e9 de voitures italiennes et de l'Italie en g\u00e9n\u00e9ral. J'apporte un regard critique et technique aux actualit\u00e9s des marques italiennes quand cela est possible. Propri\u00e9taire d'une Maserati GranTurismo, Alfa Romeo MiTo, Lancia Fulvia et Ducati 695. Ex-propri\u00e9taire d'une Alfa Romeo Giulia.\",\"sameAs\":[\"https:\/\/www.italpassion.fr\/\"],\"url\":\"https:\/\/www.italpassion.fr\/it\/author\/alexandre\/\"}]}<\/script>\n<!-- \/ Yoast SEO plugin. -->","yoast_head_json":{"title":"Alfa Romeo: la Giulietta \u00e8 morta, viva l'Alfetta! - ItalPassion","description":"La questione della Giulietta dell'Alfa Romeo sembra essere stata risolta una volta per tutte. Circa quindici giorni fa, Santo Ficili, il nuovo Amministratore Delegato dell'Alfa Romeo, ha annunciato che la Giulietta sarebbe stata","robots":{"index":"index","follow":"follow","max-snippet":"max-snippet:-1","max-image-preview":"max-image-preview:large","max-video-preview":"max-video-preview:-1"},"canonical":"https:\/\/www.italpassion.fr\/it\/alfa-romeo\/alfa-romeo-la-giulietta-e-morta-lunga-vita-alla-lalfetta\/","og_locale":"it_IT","og_type":"article","og_title":"Alfa Romeo : la Giulietta est morte, vive l'Alfetta ! - ItalPassion","og_description":"La question de la Giulietta chez Alfa Romeo semble d\u00e9finitivement r\u00e9gl\u00e9e. Il y a environ deux semaines, Santo Ficili, le nouveau PDG d'Alfa Romeo, a mis","og_url":"https:\/\/www.italpassion.fr\/it\/alfa-romeo\/alfa-romeo-la-giulietta-e-morta-lunga-vita-alla-lalfetta\/","og_site_name":"ItalPassion","article_publisher":"https:\/\/www.facebook.com\/italpassion","article_published_time":"2025-02-14T11:07:49+00:00","article_modified_time":"2025-02-14T11:07:50+00:00","og_image":[{"width":1200,"height":800,"url":"https:\/\/www.italpassion.fr\/wp-content\/uploads\/2024\/12\/alfa-romeo-visuel-1.jpg","type":"image\/jpeg"}],"author":"Alexandre Filluzeau","twitter_card":"summary_large_image","twitter_creator":"@italpassion","twitter_site":"@italpassion","schema":{"@context":"https:\/\/schema.org","@graph":[{"@type":"NewsArticle","@id":"https:\/\/www.italpassion.fr\/it\/alfa-romeo\/alfa-romeo-la-giulietta-est-morte-vive-lalfetta\/#article","isPartOf":{"@id":"https:\/\/www.italpassion.fr\/it\/alfa-romeo\/alfa-romeo-la-giulietta-est-morte-vive-lalfetta\/"},"author":{"name":"Alexandre Filluzeau","@id":"https:\/\/www.italpassion.fr\/it\/#\/schema\/person\/36f747b2a759ca202d847e85a9434ca0"},"headline":"Alfa Romeo : la Giulietta est morte, vive l&rsquo;Alfetta !","datePublished":"2025-02-14T11:07:49+00:00","dateModified":"2025-02-14T11:07:50+00:00","mainEntityOfPage":{"@id":"https:\/\/www.italpassion.fr\/it\/alfa-romeo\/alfa-romeo-la-giulietta-est-morte-vive-lalfetta\/"},"wordCount":598,"commentCount":16,"publisher":{"@id":"https:\/\/www.italpassion.fr\/it\/#organization"},"image":{"@id":"https:\/\/www.italpassion.fr\/it\/alfa-romeo\/alfa-romeo-la-giulietta-est-morte-vive-lalfetta\/#primaryimage"},"thumbnailUrl":"https:\/\/www.italpassion.fr\/wp-content\/uploads\/2024\/12\/alfa-romeo-visuel-1.jpg","keywords":["Alfa Romeo Giulietta"],"articleSection":["Alfa Romeo"],"inLanguage":"it-IT","potentialAction":[{"@type":"CommentAction","name":"Comment","target":["https:\/\/www.italpassion.fr\/it\/alfa-romeo\/alfa-romeo-la-giulietta-est-morte-vive-lalfetta\/#respond"]}]},{"@type":"WebPage","@id":"https:\/\/www.italpassion.fr\/it\/alfa-romeo\/alfa-romeo-la-giulietta-est-morte-vive-lalfetta\/","url":"https:\/\/www.italpassion.fr\/it\/alfa-romeo\/alfa-romeo-la-giulietta-est-morte-vive-lalfetta\/","name":"Alfa Romeo: la Giulietta \u00e8 morta, viva l'Alfetta! - ItalPassion","isPartOf":{"@id":"https:\/\/www.italpassion.fr\/it\/#website"},"primaryImageOfPage":{"@id":"https:\/\/www.italpassion.fr\/it\/alfa-romeo\/alfa-romeo-la-giulietta-est-morte-vive-lalfetta\/#primaryimage"},"image":{"@id":"https:\/\/www.italpassion.fr\/it\/alfa-romeo\/alfa-romeo-la-giulietta-est-morte-vive-lalfetta\/#primaryimage"},"thumbnailUrl":"https:\/\/www.italpassion.fr\/wp-content\/uploads\/2024\/12\/alfa-romeo-visuel-1.jpg","datePublished":"2025-02-14T11:07:49+00:00","dateModified":"2025-02-14T11:07:50+00:00","description":"La questione della Giulietta dell'Alfa Romeo sembra essere stata risolta una volta per tutte. Circa quindici giorni fa, Santo Ficili, il nuovo Amministratore Delegato dell'Alfa Romeo, ha annunciato che la Giulietta sarebbe stata","breadcrumb":{"@id":"https:\/\/www.italpassion.fr\/it\/alfa-romeo\/alfa-romeo-la-giulietta-est-morte-vive-lalfetta\/#breadcrumb"},"inLanguage":"it-IT","potentialAction":[{"@type":"ReadAction","target":["https:\/\/www.italpassion.fr\/it\/alfa-romeo\/alfa-romeo-la-giulietta-est-morte-vive-lalfetta\/"]}]},{"@type":"ImageObject","inLanguage":"it-IT","@id":"https:\/\/www.italpassion.fr\/it\/alfa-romeo\/alfa-romeo-la-giulietta-est-morte-vive-lalfetta\/#primaryimage","url":"https:\/\/www.italpassion.fr\/wp-content\/uploads\/2024\/12\/alfa-romeo-visuel-1.jpg","contentUrl":"https:\/\/www.italpassion.fr\/wp-content\/uploads\/2024\/12\/alfa-romeo-visuel-1.jpg","width":1200,"height":800},{"@type":"BreadcrumbList","@id":"https:\/\/www.italpassion.fr\/it\/alfa-romeo\/alfa-romeo-la-giulietta-est-morte-vive-lalfetta\/#breadcrumb","itemListElement":[{"@type":"ListItem","position":1,"name":"Accueil","item":"https:\/\/www.italpassion.fr\/it\/"},{"@type":"ListItem","position":2,"name":"Alfa Romeo : la Giulietta est morte, vive l&rsquo;Alfetta !"}]},{"@type":"WebSite","@id":"https:\/\/www.italpassion.fr\/it\/#website","url":"https:\/\/www.italpassion.fr\/it\/","name":"ItalPassion","description":"Appassionati di auto italiane","publisher":{"@id":"https:\/\/www.italpassion.fr\/it\/#organization"},"potentialAction":[{"@type":"SearchAction","target":{"@type":"EntryPoint","urlTemplate":"https:\/\/www.italpassion.fr\/it\/?s={search_term_string}"},"query-input":{"@type":"PropertyValueSpecification","valueRequired":true,"valueName":"search_term_string"}}],"inLanguage":"it-IT"},{"@type":"Organization","@id":"https:\/\/www.italpassion.fr\/it\/#organization","name":"Italpassion","url":"https:\/\/www.italpassion.fr\/it\/","logo":{"@type":"ImageObject","inLanguage":"it-IT","@id":"https:\/\/www.italpassion.fr\/it\/#\/schema\/logo\/image\/","url":"https:\/\/www.italpassion.fr\/wp-content\/uploads\/2023\/07\/italpassion-yoast.jpg","contentUrl":"https:\/\/www.italpassion.fr\/wp-content\/uploads\/2023\/07\/italpassion-yoast.jpg","width":696,"height":696,"caption":"Italpassion"},"image":{"@id":"https:\/\/www.italpassion.fr\/it\/#\/schema\/logo\/image\/"},"sameAs":["https:\/\/www.facebook.com\/italpassion","https:\/\/x.com\/italpassion","https:\/\/www.instagram.com\/italpassionfr\/","https:\/\/www.youtube.com\/channel\/UCleq-ByQaA42OjhopwevRjQ","https:\/\/www.facebook.com\/italpassion.en\/","https:\/\/www.facebook.com\/italpassion.it\/","https:\/\/www.facebook.com\/italpassion.de\/","https:\/\/www.facebook.com\/italpassion.ja\/"]},{"@type":"Person","@id":"https:\/\/www.italpassion.fr\/it\/#\/schema\/person\/36f747b2a759ca202d847e85a9434ca0","name":"Alexandre Filluzeau","image":{"@type":"ImageObject","inLanguage":"it-IT","@id":"https:\/\/www.italpassion.fr\/it\/#\/schema\/person\/image\/","url":"https:\/\/www.italpassion.fr\/wp-content\/uploads\/2025\/04\/avatar-alexandre-160x160.jpg","contentUrl":"https:\/\/www.italpassion.fr\/wp-content\/uploads\/2025\/04\/avatar-alexandre-160x160.jpg","caption":"Alexandre Filluzeau"},"description":"Fondatore del sito ItalPassion, appassionato di auto italiane e dell'Italia in generale. Porto un occhio critico e tecnico alle notizie dei marchi italiani, quando possibile. Proprietario di una Maserati GranTurismo, di un'Alfa Romeo MiTo, di una Lancia Fulvia e di una Ducati 695. Ex proprietario di un'Alfa Romeo Giulia.","sameAs":["https:\/\/www.italpassion.fr\/"],"url":"https:\/\/www.italpassion.fr\/it\/author\/alexandre\/"}]}},"_links":{"self":[{"href":"https:\/\/www.italpassion.fr\/it\/wp-json\/wp\/v2\/posts\/36577","targetHints":{"allow":["GET"]}}],"collection":[{"href":"https:\/\/www.italpassion.fr\/it\/wp-json\/wp\/v2\/posts"}],"about":[{"href":"https:\/\/www.italpassion.fr\/it\/wp-json\/wp\/v2\/types\/post"}],"author":[{"embeddable":true,"href":"https:\/\/www.italpassion.fr\/it\/wp-json\/wp\/v2\/users\/1"}],"replies":[{"embeddable":true,"href":"https:\/\/www.italpassion.fr\/it\/wp-json\/wp\/v2\/comments?post=36577"}],"version-history":[{"count":3,"href":"https:\/\/www.italpassion.fr\/it\/wp-json\/wp\/v2\/posts\/36577\/revisions"}],"predecessor-version":[{"id":36648,"href":"https:\/\/www.italpassion.fr\/it\/wp-json\/wp\/v2\/posts\/36577\/revisions\/36648"}],"wp:featuredmedia":[{"embeddable":true,"href":"https:\/\/www.italpassion.fr\/it\/wp-json\/wp\/v2\/media\/35767"}],"wp:attachment":[{"href":"https:\/\/www.italpassion.fr\/it\/wp-json\/wp\/v2\/media?parent=36577"}],"wp:term":[{"taxonomy":"category","embeddable":true,"href":"https:\/\/www.italpassion.fr\/it\/wp-json\/wp\/v2\/categories?post=36577"},{"taxonomy":"post_tag","embeddable":true,"href":"https:\/\/www.italpassion.fr\/it\/wp-json\/wp\/v2\/tags?post=36577"}],"curies":[{"name":"wp","href":"https:\/\/api.w.org\/{rel}","templated":true}]}}