{"id":36372,"date":"2025-02-02T15:27:07","date_gmt":"2025-02-02T14:27:07","guid":{"rendered":"https:\/\/www.italpassion.fr\/?p=36372"},"modified":"2025-02-02T15:27:09","modified_gmt":"2025-02-02T14:27:09","slug":"incidente-tra-una-lamborghini-urus-e-una-fiat-il-suv-prende-fuoco","status":"publish","type":"post","link":"https:\/\/www.italpassion.fr\/it\/fiat\/accident-entre-un-lamborghini-urus-et-une-fiat-le-suv-prend-feu\/","title":{"rendered":"Incidente tra una Lamborghini Urus e una FIAT: il SUV prende fuoco"},"content":{"rendered":"<figure class=\"wp-block-image size-large\"><img loading=\"lazy\" decoding=\"async\" width=\"1024\" height=\"683\" src=\"https:\/\/www.italpassion.fr\/wp-content\/uploads\/2025\/02\/lamborghini-urus-en-feu2-1024x683.jpg\" alt=\"\" class=\"wp-image-36374\" srcset=\"https:\/\/www.italpassion.fr\/wp-content\/uploads\/2025\/02\/lamborghini-urus-en-feu2-1024x683.jpg 1024w, https:\/\/www.italpassion.fr\/wp-content\/uploads\/2025\/02\/lamborghini-urus-en-feu2-300x200.jpg 300w, https:\/\/www.italpassion.fr\/wp-content\/uploads\/2025\/02\/lamborghini-urus-en-feu2-768x512.jpg 768w, https:\/\/www.italpassion.fr\/wp-content\/uploads\/2025\/02\/lamborghini-urus-en-feu2-18x12.jpg 18w, https:\/\/www.italpassion.fr\/wp-content\/uploads\/2025\/02\/lamborghini-urus-en-feu2-561x374.jpg 561w, https:\/\/www.italpassion.fr\/wp-content\/uploads\/2025\/02\/lamborghini-urus-en-feu2-1122x748.jpg 1122w, https:\/\/www.italpassion.fr\/wp-content\/uploads\/2025\/02\/lamborghini-urus-en-feu2-265x177.jpg 265w, https:\/\/www.italpassion.fr\/wp-content\/uploads\/2025\/02\/lamborghini-urus-en-feu2-531x354.jpg 531w, https:\/\/www.italpassion.fr\/wp-content\/uploads\/2025\/02\/lamborghini-urus-en-feu2-364x243.jpg 364w, https:\/\/www.italpassion.fr\/wp-content\/uploads\/2025\/02\/lamborghini-urus-en-feu2-728x485.jpg 728w, https:\/\/www.italpassion.fr\/wp-content\/uploads\/2025\/02\/lamborghini-urus-en-feu2-608x405.jpg 608w, https:\/\/www.italpassion.fr\/wp-content\/uploads\/2025\/02\/lamborghini-urus-en-feu2-758x505.jpg 758w, https:\/\/www.italpassion.fr\/wp-content\/uploads\/2025\/02\/lamborghini-urus-en-feu2-1152x768.jpg 1152w, https:\/\/www.italpassion.fr\/wp-content\/uploads\/2025\/02\/lamborghini-urus-en-feu2.jpg 1200w\" sizes=\"auto, (max-width: 1024px) 100vw, 1024px\" \/><figcaption class=\"wp-element-caption\">Immagine tratta dal video \"Scicli Video Notizie<\/figcaption><\/figure>\n\n\n\n<p>A Scicli, in provincia di Ragusa, si \u00e8 verificato uno spettacolare incidente tra una Lamborghini Urus e una FIAT Idea. Fortunatamente, questo impressionante incidente non ha avuto gravi conseguenze. La scena, che ha sconvolto i passanti, \u00e8 stata rapidamente ripresa in video e ha fatto il giro dei social network.<\/p>\n\n\n\n<h2 class=\"wp-block-heading\">Il contesto dell'incidente<\/h2>\n\n\n\n<p>Tutto \u00e8 iniziato nei pressi di una stazione di servizio a Barone. Secondo i testimoni, la FIAT Idea, un'auto compatta che esiste da oltre 20 anni, stava per girare per fare il pieno. La Lamborghini Urus, un SUV di lusso che costa oltre 200.000 euro, era subito dietro. Il conducente della Lamborghini, apparentemente troppo frettoloso, ha tentato un sorpasso senza anticipare la manovra della FIAT.<\/p>\n\n\n\n<p>La collisione tra i due veicoli \u00e8 stata inevitabile. Dopo il contatto con la FIAT, <strong>la Lamborghini Urus si \u00e8 ribaltata pi\u00f9 volte prima di prendere fuoco.<\/strong><\/p>\n\n\n\n<h2 class=\"wp-block-heading\">Un incidente spettacolare<\/h2>\n\n\n\n<figure class=\"wp-block-image size-large\"><img loading=\"lazy\" decoding=\"async\" width=\"1024\" height=\"683\" src=\"https:\/\/www.italpassion.fr\/wp-content\/uploads\/2025\/02\/lamborghini-urus-en-feu-1024x683.jpg\" alt=\"\" class=\"wp-image-36373\" srcset=\"https:\/\/www.italpassion.fr\/wp-content\/uploads\/2025\/02\/lamborghini-urus-en-feu-1024x683.jpg 1024w, https:\/\/www.italpassion.fr\/wp-content\/uploads\/2025\/02\/lamborghini-urus-en-feu-300x200.jpg 300w, https:\/\/www.italpassion.fr\/wp-content\/uploads\/2025\/02\/lamborghini-urus-en-feu-768x512.jpg 768w, https:\/\/www.italpassion.fr\/wp-content\/uploads\/2025\/02\/lamborghini-urus-en-feu-18x12.jpg 18w, https:\/\/www.italpassion.fr\/wp-content\/uploads\/2025\/02\/lamborghini-urus-en-feu-561x374.jpg 561w, https:\/\/www.italpassion.fr\/wp-content\/uploads\/2025\/02\/lamborghini-urus-en-feu-1122x748.jpg 1122w, https:\/\/www.italpassion.fr\/wp-content\/uploads\/2025\/02\/lamborghini-urus-en-feu-265x177.jpg 265w, https:\/\/www.italpassion.fr\/wp-content\/uploads\/2025\/02\/lamborghini-urus-en-feu-531x354.jpg 531w, https:\/\/www.italpassion.fr\/wp-content\/uploads\/2025\/02\/lamborghini-urus-en-feu-364x243.jpg 364w, https:\/\/www.italpassion.fr\/wp-content\/uploads\/2025\/02\/lamborghini-urus-en-feu-728x485.jpg 728w, https:\/\/www.italpassion.fr\/wp-content\/uploads\/2025\/02\/lamborghini-urus-en-feu-608x405.jpg 608w, https:\/\/www.italpassion.fr\/wp-content\/uploads\/2025\/02\/lamborghini-urus-en-feu-758x505.jpg 758w, https:\/\/www.italpassion.fr\/wp-content\/uploads\/2025\/02\/lamborghini-urus-en-feu-1152x768.jpg 1152w, https:\/\/www.italpassion.fr\/wp-content\/uploads\/2025\/02\/lamborghini-urus-en-feu.jpg 1200w\" sizes=\"auto, (max-width: 1024px) 100vw, 1024px\" \/><figcaption class=\"wp-element-caption\">Lamborghini Urus con FIAT Idea sullo sfondo. Immagine tratta dal video \"Scicli Video Notizie<\/figcaption><\/figure>\n\n\n\n<p>L'impatto \u00e8 stato piuttosto violento. La Lamborghini ha colpito delle rocce o un muretto, scaraventando i detriti sulla strada. Nonostante la violenza dell'incidente, <strong>il conducente della FIAT Idea, un'auto molto pi\u00f9 piccola della Urus, \u00e8 rimasto illeso,<\/strong> con l'eccezione di alcuni danni alla parte anteriore del suo veicolo. Per quanto riguarda il conducente della Lamborghini, il suo veicolo ha preso fuoco,<strong> era relativamente indenne, con solo qualche graffio.<\/strong><\/p>\n\n\n\n<p>I servizi di emergenza sono arrivati rapidamente sul posto, fornendo assistenza al conducente della Lamborghini e mettendo in sicurezza l'area. Fortunatamente nessun passeggero o passante \u00e8 rimasto ferito.<\/p>\n\n\n\n<h2 class=\"wp-block-heading\">Una scena virale sui social network<\/h2>\n\n\n\n<p><strong>Le immagini del SUV Lamborghini Urus sul tetto e in fiamme dopo l'incidente hanno fatto rapidamente il giro dei social network.<\/strong> Gli utenti di Internet hanno subito ironizzato sull'inaspettata robustezza della FIAT Idea, che ha resistito all'impatto con danni minimi. Il contrasto tra i due veicoli, uno simbolo di lusso e potenza e l'altro un veicolo utilitario molto pi\u00f9 modesto, ha reso l'incidente un argomento virale.<\/p>\n\n\n\n<figure class=\"wp-block-embed is-type-video is-provider-youtube wp-block-embed-youtube wp-embed-aspect-16-9 wp-has-aspect-ratio\"><div class=\"wp-block-embed__wrapper\">\n<iframe loading=\"lazy\" title=\"SCICLI-AUTO IN FIAMME DOPO ESSERSI RIBALTATA\" width=\"1200\" height=\"675\" src=\"https:\/\/www.youtube-nocookie.com\/embed\/kaxbbhicrDQ?feature=oembed\" frameborder=\"0\" allow=\"accelerometer; autoplay; clipboard-write; encrypted-media; gyroscope; picture-in-picture; web-share\" referrerpolicy=\"strict-origin-when-cross-origin\" allowfullscreen><\/iframe>\n<\/div><\/figure>\n\n\n\n<p><\/p>","protected":false},"excerpt":{"rendered":"","protected":false},"author":1,"featured_media":36373,"comment_status":"open","ping_status":"open","sticky":false,"template":"","format":"standard","meta":{"_acf_changed":false,"_sitemap_exclude":false,"_sitemap_priority":"","_sitemap_frequency":"","footnotes":""},"categories":[24,413,25],"tags":[],"class_list":["post-36372","post","type-post","status-publish","format-standard","has-post-thumbnail","hentry","category-fiat","category-insolite","category-lamborghini","generate-columns","tablet-grid-50","mobile-grid-100","grid-parent","grid-33"],"acf":[],"yoast_head":"<!-- This site is optimized with the Yoast SEO plugin v25.8 - https:\/\/yoast.com\/wordpress\/plugins\/seo\/ -->\n<title>Accident entre un\u00a0Lamborghini Urus\u00a0et une\u00a0FIAT : le SUV prend feu - ItalPassion<\/title>\n<meta name=\"description\" content=\"Image extraite de la vid\u00e9o &quot;Scicli Video Notizie&quot; Un accident spectaculaire s\u2019est produit \u00e0 Scicli, dans la province de Ragusa, en Italie, entre une\" \/>\n<meta name=\"robots\" content=\"index, follow, max-snippet:-1, max-image-preview:large, max-video-preview:-1\" \/>\n<link rel=\"canonical\" href=\"https:\/\/www.italpassion.fr\/it\/fiat\/incidente-tra-una-lamborghini-urus-e-una-fiat-il-suv-prende-fuoco\/\" \/>\n<meta property=\"og:locale\" content=\"it_IT\" \/>\n<meta property=\"og:type\" content=\"article\" \/>\n<meta property=\"og:title\" content=\"Accident entre un\u00a0Lamborghini Urus\u00a0et une\u00a0FIAT : le SUV prend feu - ItalPassion\" \/>\n<meta property=\"og:description\" content=\"Image extraite de la vid\u00e9o &quot;Scicli Video Notizie&quot; Un accident spectaculaire s\u2019est produit \u00e0 Scicli, dans la province de Ragusa, en Italie, entre une\" \/>\n<meta property=\"og:url\" content=\"https:\/\/www.italpassion.fr\/it\/fiat\/incidente-tra-una-lamborghini-urus-e-una-fiat-il-suv-prende-fuoco\/\" \/>\n<meta property=\"og:site_name\" content=\"ItalPassion\" \/>\n<meta property=\"article:publisher\" content=\"https:\/\/www.facebook.com\/italpassion\" \/>\n<meta property=\"article:published_time\" content=\"2025-02-02T14:27:07+00:00\" \/>\n<meta property=\"article:modified_time\" content=\"2025-02-02T14:27:09+00:00\" \/>\n<meta property=\"og:image\" content=\"https:\/\/www.italpassion.fr\/wp-content\/uploads\/2025\/02\/lamborghini-urus-en-feu.jpg\" \/>\n\t<meta property=\"og:image:width\" content=\"1200\" \/>\n\t<meta property=\"og:image:height\" content=\"800\" \/>\n\t<meta property=\"og:image:type\" content=\"image\/jpeg\" \/>\n<meta name=\"author\" content=\"Alexandre Filluzeau\" \/>\n<meta name=\"twitter:card\" content=\"summary_large_image\" \/>\n<meta name=\"twitter:creator\" content=\"@italpassion\" \/>\n<meta name=\"twitter:site\" content=\"@italpassion\" \/>\n<script type=\"application\/ld+json\" class=\"yoast-schema-graph\">{\"@context\":\"https:\/\/schema.org\",\"@graph\":[{\"@type\":\"NewsArticle\",\"@id\":\"https:\/\/www.italpassion.fr\/it\/fiat\/accident-entre-un-lamborghini-urus-et-une-fiat-le-suv-prend-feu\/#article\",\"isPartOf\":{\"@id\":\"https:\/\/www.italpassion.fr\/it\/fiat\/accident-entre-un-lamborghini-urus-et-une-fiat-le-suv-prend-feu\/\"},\"author\":{\"name\":\"Alexandre Filluzeau\",\"@id\":\"https:\/\/www.italpassion.fr\/it\/#\/schema\/person\/36f747b2a759ca202d847e85a9434ca0\"},\"headline\":\"Accident entre un\u00a0Lamborghini Urus\u00a0et une\u00a0FIAT : le SUV prend feu\",\"datePublished\":\"2025-02-02T14:27:07+00:00\",\"dateModified\":\"2025-02-02T14:27:09+00:00\",\"mainEntityOfPage\":{\"@id\":\"https:\/\/www.italpassion.fr\/it\/fiat\/accident-entre-un-lamborghini-urus-et-une-fiat-le-suv-prend-feu\/\"},\"wordCount\":420,\"commentCount\":0,\"publisher\":{\"@id\":\"https:\/\/www.italpassion.fr\/it\/#organization\"},\"image\":{\"@id\":\"https:\/\/www.italpassion.fr\/it\/fiat\/accident-entre-un-lamborghini-urus-et-une-fiat-le-suv-prend-feu\/#primaryimage\"},\"thumbnailUrl\":\"https:\/\/www.italpassion.fr\/wp-content\/uploads\/2025\/02\/lamborghini-urus-en-feu.jpg\",\"articleSection\":[\"Fiat\",\"Insolite\",\"Lamborghini\"],\"inLanguage\":\"it-IT\",\"potentialAction\":[{\"@type\":\"CommentAction\",\"name\":\"Comment\",\"target\":[\"https:\/\/www.italpassion.fr\/it\/fiat\/accident-entre-un-lamborghini-urus-et-une-fiat-le-suv-prend-feu\/#respond\"]}]},{\"@type\":\"WebPage\",\"@id\":\"https:\/\/www.italpassion.fr\/it\/fiat\/accident-entre-un-lamborghini-urus-et-une-fiat-le-suv-prend-feu\/\",\"url\":\"https:\/\/www.italpassion.fr\/it\/fiat\/accident-entre-un-lamborghini-urus-et-une-fiat-le-suv-prend-feu\/\",\"name\":\"Accident entre un\u00a0Lamborghini Urus\u00a0et une\u00a0FIAT : le SUV prend feu - ItalPassion\",\"isPartOf\":{\"@id\":\"https:\/\/www.italpassion.fr\/it\/#website\"},\"primaryImageOfPage\":{\"@id\":\"https:\/\/www.italpassion.fr\/it\/fiat\/accident-entre-un-lamborghini-urus-et-une-fiat-le-suv-prend-feu\/#primaryimage\"},\"image\":{\"@id\":\"https:\/\/www.italpassion.fr\/it\/fiat\/accident-entre-un-lamborghini-urus-et-une-fiat-le-suv-prend-feu\/#primaryimage\"},\"thumbnailUrl\":\"https:\/\/www.italpassion.fr\/wp-content\/uploads\/2025\/02\/lamborghini-urus-en-feu.jpg\",\"datePublished\":\"2025-02-02T14:27:07+00:00\",\"dateModified\":\"2025-02-02T14:27:09+00:00\",\"description\":\"Image extraite de la vid\u00e9o \\\"Scicli Video Notizie\\\" Un accident spectaculaire s\u2019est produit \u00e0 Scicli, dans la province de Ragusa, en Italie, entre une\",\"breadcrumb\":{\"@id\":\"https:\/\/www.italpassion.fr\/it\/fiat\/accident-entre-un-lamborghini-urus-et-une-fiat-le-suv-prend-feu\/#breadcrumb\"},\"inLanguage\":\"it-IT\",\"potentialAction\":[{\"@type\":\"ReadAction\",\"target\":[\"https:\/\/www.italpassion.fr\/it\/fiat\/accident-entre-un-lamborghini-urus-et-une-fiat-le-suv-prend-feu\/\"]}]},{\"@type\":\"ImageObject\",\"inLanguage\":\"it-IT\",\"@id\":\"https:\/\/www.italpassion.fr\/it\/fiat\/accident-entre-un-lamborghini-urus-et-une-fiat-le-suv-prend-feu\/#primaryimage\",\"url\":\"https:\/\/www.italpassion.fr\/wp-content\/uploads\/2025\/02\/lamborghini-urus-en-feu.jpg\",\"contentUrl\":\"https:\/\/www.italpassion.fr\/wp-content\/uploads\/2025\/02\/lamborghini-urus-en-feu.jpg\",\"width\":1200,\"height\":800},{\"@type\":\"BreadcrumbList\",\"@id\":\"https:\/\/www.italpassion.fr\/it\/fiat\/accident-entre-un-lamborghini-urus-et-une-fiat-le-suv-prend-feu\/#breadcrumb\",\"itemListElement\":[{\"@type\":\"ListItem\",\"position\":1,\"name\":\"Accueil\",\"item\":\"https:\/\/www.italpassion.fr\/it\/\"},{\"@type\":\"ListItem\",\"position\":2,\"name\":\"Accident entre un\u00a0Lamborghini Urus\u00a0et une\u00a0FIAT : le SUV prend feu\"}]},{\"@type\":\"WebSite\",\"@id\":\"https:\/\/www.italpassion.fr\/it\/#website\",\"url\":\"https:\/\/www.italpassion.fr\/it\/\",\"name\":\"ItalPassion\",\"description\":\"Les Passionn\u00e9s d&#039;Automobiles Italiennes\",\"publisher\":{\"@id\":\"https:\/\/www.italpassion.fr\/it\/#organization\"},\"potentialAction\":[{\"@type\":\"SearchAction\",\"target\":{\"@type\":\"EntryPoint\",\"urlTemplate\":\"https:\/\/www.italpassion.fr\/it\/?s={search_term_string}\"},\"query-input\":{\"@type\":\"PropertyValueSpecification\",\"valueRequired\":true,\"valueName\":\"search_term_string\"}}],\"inLanguage\":\"it-IT\"},{\"@type\":\"Organization\",\"@id\":\"https:\/\/www.italpassion.fr\/it\/#organization\",\"name\":\"Italpassion\",\"url\":\"https:\/\/www.italpassion.fr\/it\/\",\"logo\":{\"@type\":\"ImageObject\",\"inLanguage\":\"it-IT\",\"@id\":\"https:\/\/www.italpassion.fr\/it\/#\/schema\/logo\/image\/\",\"url\":\"https:\/\/www.italpassion.fr\/wp-content\/uploads\/2023\/07\/italpassion-yoast.jpg\",\"contentUrl\":\"https:\/\/www.italpassion.fr\/wp-content\/uploads\/2023\/07\/italpassion-yoast.jpg\",\"width\":696,\"height\":696,\"caption\":\"Italpassion\"},\"image\":{\"@id\":\"https:\/\/www.italpassion.fr\/it\/#\/schema\/logo\/image\/\"},\"sameAs\":[\"https:\/\/www.facebook.com\/italpassion\",\"https:\/\/x.com\/italpassion\",\"https:\/\/www.instagram.com\/italpassionfr\/\",\"https:\/\/www.youtube.com\/channel\/UCleq-ByQaA42OjhopwevRjQ\",\"https:\/\/www.facebook.com\/italpassion.en\/\",\"https:\/\/www.facebook.com\/italpassion.it\/\",\"https:\/\/www.facebook.com\/italpassion.de\/\",\"https:\/\/www.facebook.com\/italpassion.ja\/\"]},{\"@type\":\"Person\",\"@id\":\"https:\/\/www.italpassion.fr\/it\/#\/schema\/person\/36f747b2a759ca202d847e85a9434ca0\",\"name\":\"Alexandre Filluzeau\",\"image\":{\"@type\":\"ImageObject\",\"inLanguage\":\"it-IT\",\"@id\":\"https:\/\/www.italpassion.fr\/it\/#\/schema\/person\/image\/\",\"url\":\"https:\/\/www.italpassion.fr\/wp-content\/uploads\/2025\/04\/avatar-alexandre-160x160.jpg\",\"contentUrl\":\"https:\/\/www.italpassion.fr\/wp-content\/uploads\/2025\/04\/avatar-alexandre-160x160.jpg\",\"caption\":\"Alexandre Filluzeau\"},\"description\":\"Fondateur du site ItalPassion, passionn\u00e9 de voitures italiennes et de l'Italie en g\u00e9n\u00e9ral. J'apporte un regard critique et technique aux actualit\u00e9s des marques italiennes quand cela est possible. Propri\u00e9taire d'une Maserati GranTurismo, Alfa Romeo MiTo, Lancia Fulvia et Ducati 695. Ex-propri\u00e9taire d'une Alfa Romeo Giulia.\",\"sameAs\":[\"https:\/\/www.italpassion.fr\/\"],\"url\":\"https:\/\/www.italpassion.fr\/it\/author\/alexandre\/\"}]}<\/script>\n<!-- \/ Yoast SEO plugin. -->","yoast_head_json":{"title":"Incidente tra una Lamborghini Urus e una FIAT: il SUV prende fuoco - ItalPassion","description":"Immagine tratta dal video \"Scicli Video Notizie\" Uno spettacolare incidente \u00e8 avvenuto a Scicli, in provincia di Ragusa, tra un'auto e un camion.","robots":{"index":"index","follow":"follow","max-snippet":"max-snippet:-1","max-image-preview":"max-image-preview:large","max-video-preview":"max-video-preview:-1"},"canonical":"https:\/\/www.italpassion.fr\/it\/fiat\/incidente-tra-una-lamborghini-urus-e-una-fiat-il-suv-prende-fuoco\/","og_locale":"it_IT","og_type":"article","og_title":"Accident entre un\u00a0Lamborghini Urus\u00a0et une\u00a0FIAT : le SUV prend feu - ItalPassion","og_description":"Image extraite de la vid\u00e9o \"Scicli Video Notizie\" Un accident spectaculaire s\u2019est produit \u00e0 Scicli, dans la province de Ragusa, en Italie, entre une","og_url":"https:\/\/www.italpassion.fr\/it\/fiat\/incidente-tra-una-lamborghini-urus-e-una-fiat-il-suv-prende-fuoco\/","og_site_name":"ItalPassion","article_publisher":"https:\/\/www.facebook.com\/italpassion","article_published_time":"2025-02-02T14:27:07+00:00","article_modified_time":"2025-02-02T14:27:09+00:00","og_image":[{"width":1200,"height":800,"url":"https:\/\/www.italpassion.fr\/wp-content\/uploads\/2025\/02\/lamborghini-urus-en-feu.jpg","type":"image\/jpeg"}],"author":"Alexandre Filluzeau","twitter_card":"summary_large_image","twitter_creator":"@italpassion","twitter_site":"@italpassion","schema":{"@context":"https:\/\/schema.org","@graph":[{"@type":"NewsArticle","@id":"https:\/\/www.italpassion.fr\/it\/fiat\/accident-entre-un-lamborghini-urus-et-une-fiat-le-suv-prend-feu\/#article","isPartOf":{"@id":"https:\/\/www.italpassion.fr\/it\/fiat\/accident-entre-un-lamborghini-urus-et-une-fiat-le-suv-prend-feu\/"},"author":{"name":"Alexandre Filluzeau","@id":"https:\/\/www.italpassion.fr\/it\/#\/schema\/person\/36f747b2a759ca202d847e85a9434ca0"},"headline":"Accident entre un\u00a0Lamborghini Urus\u00a0et une\u00a0FIAT : le SUV prend feu","datePublished":"2025-02-02T14:27:07+00:00","dateModified":"2025-02-02T14:27:09+00:00","mainEntityOfPage":{"@id":"https:\/\/www.italpassion.fr\/it\/fiat\/accident-entre-un-lamborghini-urus-et-une-fiat-le-suv-prend-feu\/"},"wordCount":420,"commentCount":0,"publisher":{"@id":"https:\/\/www.italpassion.fr\/it\/#organization"},"image":{"@id":"https:\/\/www.italpassion.fr\/it\/fiat\/accident-entre-un-lamborghini-urus-et-une-fiat-le-suv-prend-feu\/#primaryimage"},"thumbnailUrl":"https:\/\/www.italpassion.fr\/wp-content\/uploads\/2025\/02\/lamborghini-urus-en-feu.jpg","articleSection":["Fiat","Insolite","Lamborghini"],"inLanguage":"it-IT","potentialAction":[{"@type":"CommentAction","name":"Comment","target":["https:\/\/www.italpassion.fr\/it\/fiat\/accident-entre-un-lamborghini-urus-et-une-fiat-le-suv-prend-feu\/#respond"]}]},{"@type":"WebPage","@id":"https:\/\/www.italpassion.fr\/it\/fiat\/accident-entre-un-lamborghini-urus-et-une-fiat-le-suv-prend-feu\/","url":"https:\/\/www.italpassion.fr\/it\/fiat\/accident-entre-un-lamborghini-urus-et-une-fiat-le-suv-prend-feu\/","name":"Incidente tra una Lamborghini Urus e una FIAT: il SUV prende fuoco - ItalPassion","isPartOf":{"@id":"https:\/\/www.italpassion.fr\/it\/#website"},"primaryImageOfPage":{"@id":"https:\/\/www.italpassion.fr\/it\/fiat\/accident-entre-un-lamborghini-urus-et-une-fiat-le-suv-prend-feu\/#primaryimage"},"image":{"@id":"https:\/\/www.italpassion.fr\/it\/fiat\/accident-entre-un-lamborghini-urus-et-une-fiat-le-suv-prend-feu\/#primaryimage"},"thumbnailUrl":"https:\/\/www.italpassion.fr\/wp-content\/uploads\/2025\/02\/lamborghini-urus-en-feu.jpg","datePublished":"2025-02-02T14:27:07+00:00","dateModified":"2025-02-02T14:27:09+00:00","description":"Immagine tratta dal video \"Scicli Video Notizie\" Uno spettacolare incidente \u00e8 avvenuto a Scicli, in provincia di Ragusa, tra un'auto e un camion.","breadcrumb":{"@id":"https:\/\/www.italpassion.fr\/it\/fiat\/accident-entre-un-lamborghini-urus-et-une-fiat-le-suv-prend-feu\/#breadcrumb"},"inLanguage":"it-IT","potentialAction":[{"@type":"ReadAction","target":["https:\/\/www.italpassion.fr\/it\/fiat\/accident-entre-un-lamborghini-urus-et-une-fiat-le-suv-prend-feu\/"]}]},{"@type":"ImageObject","inLanguage":"it-IT","@id":"https:\/\/www.italpassion.fr\/it\/fiat\/accident-entre-un-lamborghini-urus-et-une-fiat-le-suv-prend-feu\/#primaryimage","url":"https:\/\/www.italpassion.fr\/wp-content\/uploads\/2025\/02\/lamborghini-urus-en-feu.jpg","contentUrl":"https:\/\/www.italpassion.fr\/wp-content\/uploads\/2025\/02\/lamborghini-urus-en-feu.jpg","width":1200,"height":800},{"@type":"BreadcrumbList","@id":"https:\/\/www.italpassion.fr\/it\/fiat\/accident-entre-un-lamborghini-urus-et-une-fiat-le-suv-prend-feu\/#breadcrumb","itemListElement":[{"@type":"ListItem","position":1,"name":"Accueil","item":"https:\/\/www.italpassion.fr\/it\/"},{"@type":"ListItem","position":2,"name":"Accident entre un\u00a0Lamborghini Urus\u00a0et une\u00a0FIAT : le SUV prend feu"}]},{"@type":"WebSite","@id":"https:\/\/www.italpassion.fr\/it\/#website","url":"https:\/\/www.italpassion.fr\/it\/","name":"ItalPassion","description":"Appassionati di auto italiane","publisher":{"@id":"https:\/\/www.italpassion.fr\/it\/#organization"},"potentialAction":[{"@type":"SearchAction","target":{"@type":"EntryPoint","urlTemplate":"https:\/\/www.italpassion.fr\/it\/?s={search_term_string}"},"query-input":{"@type":"PropertyValueSpecification","valueRequired":true,"valueName":"search_term_string"}}],"inLanguage":"it-IT"},{"@type":"Organization","@id":"https:\/\/www.italpassion.fr\/it\/#organization","name":"Italpassion","url":"https:\/\/www.italpassion.fr\/it\/","logo":{"@type":"ImageObject","inLanguage":"it-IT","@id":"https:\/\/www.italpassion.fr\/it\/#\/schema\/logo\/image\/","url":"https:\/\/www.italpassion.fr\/wp-content\/uploads\/2023\/07\/italpassion-yoast.jpg","contentUrl":"https:\/\/www.italpassion.fr\/wp-content\/uploads\/2023\/07\/italpassion-yoast.jpg","width":696,"height":696,"caption":"Italpassion"},"image":{"@id":"https:\/\/www.italpassion.fr\/it\/#\/schema\/logo\/image\/"},"sameAs":["https:\/\/www.facebook.com\/italpassion","https:\/\/x.com\/italpassion","https:\/\/www.instagram.com\/italpassionfr\/","https:\/\/www.youtube.com\/channel\/UCleq-ByQaA42OjhopwevRjQ","https:\/\/www.facebook.com\/italpassion.en\/","https:\/\/www.facebook.com\/italpassion.it\/","https:\/\/www.facebook.com\/italpassion.de\/","https:\/\/www.facebook.com\/italpassion.ja\/"]},{"@type":"Person","@id":"https:\/\/www.italpassion.fr\/it\/#\/schema\/person\/36f747b2a759ca202d847e85a9434ca0","name":"Alexandre Filluzeau","image":{"@type":"ImageObject","inLanguage":"it-IT","@id":"https:\/\/www.italpassion.fr\/it\/#\/schema\/person\/image\/","url":"https:\/\/www.italpassion.fr\/wp-content\/uploads\/2025\/04\/avatar-alexandre-160x160.jpg","contentUrl":"https:\/\/www.italpassion.fr\/wp-content\/uploads\/2025\/04\/avatar-alexandre-160x160.jpg","caption":"Alexandre Filluzeau"},"description":"Fondatore del sito ItalPassion, appassionato di auto italiane e dell'Italia in generale. Porto un occhio critico e tecnico alle notizie dei marchi italiani, quando possibile. Proprietario di una Maserati GranTurismo, di un'Alfa Romeo MiTo, di una Lancia Fulvia e di una Ducati 695. Ex proprietario di un'Alfa Romeo Giulia.","sameAs":["https:\/\/www.italpassion.fr\/"],"url":"https:\/\/www.italpassion.fr\/it\/author\/alexandre\/"}]}},"_links":{"self":[{"href":"https:\/\/www.italpassion.fr\/it\/wp-json\/wp\/v2\/posts\/36372","targetHints":{"allow":["GET"]}}],"collection":[{"href":"https:\/\/www.italpassion.fr\/it\/wp-json\/wp\/v2\/posts"}],"about":[{"href":"https:\/\/www.italpassion.fr\/it\/wp-json\/wp\/v2\/types\/post"}],"author":[{"embeddable":true,"href":"https:\/\/www.italpassion.fr\/it\/wp-json\/wp\/v2\/users\/1"}],"replies":[{"embeddable":true,"href":"https:\/\/www.italpassion.fr\/it\/wp-json\/wp\/v2\/comments?post=36372"}],"version-history":[{"count":1,"href":"https:\/\/www.italpassion.fr\/it\/wp-json\/wp\/v2\/posts\/36372\/revisions"}],"predecessor-version":[{"id":36375,"href":"https:\/\/www.italpassion.fr\/it\/wp-json\/wp\/v2\/posts\/36372\/revisions\/36375"}],"wp:featuredmedia":[{"embeddable":true,"href":"https:\/\/www.italpassion.fr\/it\/wp-json\/wp\/v2\/media\/36373"}],"wp:attachment":[{"href":"https:\/\/www.italpassion.fr\/it\/wp-json\/wp\/v2\/media?parent=36372"}],"wp:term":[{"taxonomy":"category","embeddable":true,"href":"https:\/\/www.italpassion.fr\/it\/wp-json\/wp\/v2\/categories?post=36372"},{"taxonomy":"post_tag","embeddable":true,"href":"https:\/\/www.italpassion.fr\/it\/wp-json\/wp\/v2\/tags?post=36372"}],"curies":[{"name":"wp","href":"https:\/\/api.w.org\/{rel}","templated":true}]}}