{"id":35330,"date":"2024-12-02T20:21:42","date_gmt":"2024-12-02T19:21:42","guid":{"rendered":"https:\/\/www.italpassion.fr\/?p=35330"},"modified":"2024-12-02T20:21:44","modified_gmt":"2024-12-02T19:21:44","slug":"carlos-tavares-si-dimette-un-osare-in-avanti-2030-non-piu-sostenibile-revisione-delle-cifre","status":"publish","type":"post","link":"https:\/\/www.italpassion.fr\/it\/stellantis\/demission-de-carlos-tavares-un-dare-forward-2030-plus-tenable-rappel-des-chiffres\/","title":{"rendered":"Carlos Tavares si dimette: Dare Forward 2030 non \u00e8 pi\u00f9 sostenibile? Cifre chiave"},"content":{"rendered":"<figure class=\"wp-block-image size-large\"><img loading=\"lazy\" decoding=\"async\" width=\"1024\" height=\"683\" src=\"https:\/\/www.italpassion.fr\/wp-content\/uploads\/2024\/12\/dare-forward-carlos-tavares-1024x683.jpg\" alt=\"\" class=\"wp-image-35334\" srcset=\"https:\/\/www.italpassion.fr\/wp-content\/uploads\/2024\/12\/dare-forward-carlos-tavares-1024x683.jpg 1024w, https:\/\/www.italpassion.fr\/wp-content\/uploads\/2024\/12\/dare-forward-carlos-tavares-300x200.jpg 300w, https:\/\/www.italpassion.fr\/wp-content\/uploads\/2024\/12\/dare-forward-carlos-tavares-768x512.jpg 768w, https:\/\/www.italpassion.fr\/wp-content\/uploads\/2024\/12\/dare-forward-carlos-tavares-18x12.jpg 18w, https:\/\/www.italpassion.fr\/wp-content\/uploads\/2024\/12\/dare-forward-carlos-tavares-561x374.jpg 561w, https:\/\/www.italpassion.fr\/wp-content\/uploads\/2024\/12\/dare-forward-carlos-tavares-1122x748.jpg 1122w, https:\/\/www.italpassion.fr\/wp-content\/uploads\/2024\/12\/dare-forward-carlos-tavares-265x177.jpg 265w, https:\/\/www.italpassion.fr\/wp-content\/uploads\/2024\/12\/dare-forward-carlos-tavares-531x354.jpg 531w, https:\/\/www.italpassion.fr\/wp-content\/uploads\/2024\/12\/dare-forward-carlos-tavares-364x243.jpg 364w, https:\/\/www.italpassion.fr\/wp-content\/uploads\/2024\/12\/dare-forward-carlos-tavares-728x485.jpg 728w, https:\/\/www.italpassion.fr\/wp-content\/uploads\/2024\/12\/dare-forward-carlos-tavares-608x405.jpg 608w, https:\/\/www.italpassion.fr\/wp-content\/uploads\/2024\/12\/dare-forward-carlos-tavares-758x505.jpg 758w, https:\/\/www.italpassion.fr\/wp-content\/uploads\/2024\/12\/dare-forward-carlos-tavares-1152x768.jpg 1152w, https:\/\/www.italpassion.fr\/wp-content\/uploads\/2024\/12\/dare-forward-carlos-tavares.jpg 1200w\" sizes=\"auto, (max-width: 1024px) 100vw, 1024px\" \/><\/figure>\n\n\n\n<p>Le improvvise dimissioni di Carlos Tavares, <a href=\"https:\/\/www.italpassion.fr\/it\/stellante\/tuono-alle-dimissioni-dellamministratore-delegato-di-stellantis-carlos-tavares\/\">annunciato domenica 1 dicembre 2024<\/a>segna un punto di svolta nella storia recente di <a href=\"https:\/\/www.italpassion.fr\/it\/stellante\/\">Stellantis<\/a>. <strong>Mentre le ragioni ufficiali citano le differenze strategiche, <\/strong>le difficolt\u00e0 incontrate dal Gruppo, in particolare in Nord America, e le ambizioni talvolta giudicate irrealistiche del suo piano Dare Forward 2030, sollevano la questione di <strong>la fattibilit\u00e0 degli obiettivi fissati. <\/strong>Questa partenza rappresenta un'opportunit\u00e0 per rivedere le priorit\u00e0 del colosso automobilistico?<\/p>\n\n\n\n<h2 class=\"wp-block-heading\">Obiettivi ambiziosi in un contesto complicato<\/h2>\n\n\n\n<p><a href=\"https:\/\/www.italpassion.fr\/it\/tag\/carlos-tavares\/\">Carlos Tavares<\/a> aveva fatto <strong>Dare Forward 2030 un piano coraggioso per trasformare Stellantis in un leader mondiale nell'elettrificazione e nella mobilit\u00e0 sostenibile<\/strong>. I suoi principali obiettivi per il 2024 comprendono un fatturato di 200 miliardi di euro, un margine operativo a due cifre, 8 % di spesa in R&amp;S e un forte aumento dei veicoli elettrici.<\/p>\n\n\n<div class=\"wp-block-image\">\n<figure class=\"aligncenter size-full\"><img loading=\"lazy\" decoding=\"async\" width=\"501\" height=\"489\" src=\"https:\/\/www.italpassion.fr\/wp-content\/uploads\/2024\/12\/dareforward-2030.jpg\" alt=\"\" class=\"wp-image-35331\" srcset=\"https:\/\/www.italpassion.fr\/wp-content\/uploads\/2024\/12\/dareforward-2030.jpg 501w, https:\/\/www.italpassion.fr\/wp-content\/uploads\/2024\/12\/dareforward-2030-300x293.jpg 300w, https:\/\/www.italpassion.fr\/wp-content\/uploads\/2024\/12\/dareforward-2030-12x12.jpg 12w, https:\/\/www.italpassion.fr\/wp-content\/uploads\/2024\/12\/dareforward-2030-265x259.jpg 265w, https:\/\/www.italpassion.fr\/wp-content\/uploads\/2024\/12\/dareforward-2030-364x355.jpg 364w\" sizes=\"auto, (max-width: 501px) 100vw, 501px\" \/><figcaption class=\"wp-element-caption\">Obiettivi del piano Dare Forward 2030<\/figcaption><\/figure>\n<\/div>\n\n\n<p>Tuttavia, i recenti risultati finanziari hanno dimostrato che la strada verso queste ambizioni \u00e8 piena di insidie.<strong> Le vendite del terzo trimestre del 2024 sono crollate di 27 % e le vendite consolidate sono diminuite di 20 % su base annua.<\/strong> Tra le ragioni addotte vi sono le interruzioni della produzione, l'eccesso di scorte in Nord America e il difficile contesto economico in Europa.<\/p>\n\n\n\n<p>Questi problemi finanziari hanno esacerbato le tensioni interne, soprattutto di fronte a un Consiglio di Amministrazione sempre pi\u00f9 scettico sulla strategia di Tavares.<\/p>\n\n\n\n<h2 class=\"wp-block-heading\">Disaccordi strategici sullo sfondo<\/h2>\n\n\n\n<p>Il Presidente del Consiglio di amministrazione, <strong>John Elkann, sembrava insoddisfatto dei risultati di vendita di Stellantis in Nord America.<\/strong>una regione storicamente redditizia. Il malcontento dei concessionari e dei sindacati, unito agli errori nella gestione delle scorte e a una strategia di elettrificazione considerata troppo rapida, ha creato un clima di tensione.<\/p>\n\n\n\n<p>La Union of Automobile Workers (UAW) ha criticato apertamente la gestione di Tavares, in particolare per quanto riguarda il ritardo nella riapertura dello stabilimento di Belvidere. Queste critiche hanno raggiunto il culmine all'inizio dell'anno, quando <strong>Il leader dell'UAW Shawn Fain ha definito il suo lavoro \"scadente\".<\/strong><\/p>\n\n\n\n<p>A ci\u00f2 si aggiungono piccoli problemi di comunicazione, come quello con Nathalie Knight, ex direttore finanziario di Stellantis, che <a href=\"https:\/\/www.italpassion.fr\/it\/maserati\/stellantis-sta-preparando-la-vendita-o-lo-scorporo-di-maserati\/\">ha confermato di essere disponibile alla vendita di una Maserati<\/a>prima <a href=\"https:\/\/www.italpassion.fr\/it\/maserati\/stellantis-non-ha-intenzione-di-vendere-maserati\/\">il gruppo ha rilasciato una smentita pochi giorni dopo<\/a>. Nathalie Knight lasci\u00f2 Stellantis pochi mesi dopo.<\/p>\n\n\n\n<h2 class=\"wp-block-heading\">Il peso delle ambizioni di Dare Forward<\/h2>\n\n\n\n<p>Il piano Dare Forward 2030 \u00e8 stato concepito per trasformare Stellantis attraverso una serie di obiettivi ambiziosi, tra cui la riduzione delle emissioni di CO2, l'integrazione verticale dei componenti elettrici, l'aumento del mix di vendite di veicoli elettrificati e il taglio di oltre 30.000 posti di lavoro, principalmente in Europa e Nord America, tra il 2021 e il 2023... Si<strong> sono stati raggiunti importanti traguardi<\/strong>Questi progressi sono stati oscurati da importanti sfide operative.<\/p>\n\n\n\n<figure class=\"wp-block-image size-full\"><img loading=\"lazy\" decoding=\"async\" width=\"1021\" height=\"476\" src=\"https:\/\/www.italpassion.fr\/wp-content\/uploads\/2024\/12\/dare-forward-2038.jpg\" alt=\"\" class=\"wp-image-35332\" srcset=\"https:\/\/www.italpassion.fr\/wp-content\/uploads\/2024\/12\/dare-forward-2038.jpg 1021w, https:\/\/www.italpassion.fr\/wp-content\/uploads\/2024\/12\/dare-forward-2038-300x140.jpg 300w, https:\/\/www.italpassion.fr\/wp-content\/uploads\/2024\/12\/dare-forward-2038-768x358.jpg 768w, https:\/\/www.italpassion.fr\/wp-content\/uploads\/2024\/12\/dare-forward-2038-18x8.jpg 18w, https:\/\/www.italpassion.fr\/wp-content\/uploads\/2024\/12\/dare-forward-2038-561x262.jpg 561w, https:\/\/www.italpassion.fr\/wp-content\/uploads\/2024\/12\/dare-forward-2038-265x124.jpg 265w, https:\/\/www.italpassion.fr\/wp-content\/uploads\/2024\/12\/dare-forward-2038-531x248.jpg 531w, https:\/\/www.italpassion.fr\/wp-content\/uploads\/2024\/12\/dare-forward-2038-364x170.jpg 364w, https:\/\/www.italpassion.fr\/wp-content\/uploads\/2024\/12\/dare-forward-2038-728x339.jpg 728w, https:\/\/www.italpassion.fr\/wp-content\/uploads\/2024\/12\/dare-forward-2038-608x283.jpg 608w, https:\/\/www.italpassion.fr\/wp-content\/uploads\/2024\/12\/dare-forward-2038-758x353.jpg 758w\" sizes=\"auto, (max-width: 1021px) 100vw, 1021px\" \/><\/figure>\n\n\n\n<figure class=\"wp-block-image size-full\"><img loading=\"lazy\" decoding=\"async\" width=\"986\" height=\"705\" src=\"https:\/\/www.italpassion.fr\/wp-content\/uploads\/2024\/12\/chiffres-stellantis.jpg\" alt=\"\" class=\"wp-image-35338\" srcset=\"https:\/\/www.italpassion.fr\/wp-content\/uploads\/2024\/12\/chiffres-stellantis.jpg 986w, https:\/\/www.italpassion.fr\/wp-content\/uploads\/2024\/12\/chiffres-stellantis-300x215.jpg 300w, https:\/\/www.italpassion.fr\/wp-content\/uploads\/2024\/12\/chiffres-stellantis-768x549.jpg 768w, https:\/\/www.italpassion.fr\/wp-content\/uploads\/2024\/12\/chiffres-stellantis-18x12.jpg 18w, https:\/\/www.italpassion.fr\/wp-content\/uploads\/2024\/12\/chiffres-stellantis-561x401.jpg 561w, https:\/\/www.italpassion.fr\/wp-content\/uploads\/2024\/12\/chiffres-stellantis-265x189.jpg 265w, https:\/\/www.italpassion.fr\/wp-content\/uploads\/2024\/12\/chiffres-stellantis-531x380.jpg 531w, https:\/\/www.italpassion.fr\/wp-content\/uploads\/2024\/12\/chiffres-stellantis-364x260.jpg 364w, https:\/\/www.italpassion.fr\/wp-content\/uploads\/2024\/12\/chiffres-stellantis-728x521.jpg 728w, https:\/\/www.italpassion.fr\/wp-content\/uploads\/2024\/12\/chiffres-stellantis-608x435.jpg 608w, https:\/\/www.italpassion.fr\/wp-content\/uploads\/2024\/12\/chiffres-stellantis-758x542.jpg 758w\" sizes=\"auto, (max-width: 986px) 100vw, 986px\" \/><figcaption class=\"wp-element-caption\">Le cifre di Stellantis 2021 - 2023. tabella italpassion<\/figcaption><\/figure>\n\n\n\n<p>In Nord America, le vendite dei modelli Jeep e RAM hanno sofferto, cos\u00ec come la capacit\u00e0 di Stellantis di competere con i produttori cinesi nel mercato elettrico. In Europa, i massicci investimenti per il passaggio ai veicoli elettrici hanno pesato sui margini. <strong>La ricerca di una redditivit\u00e0 a due cifre, pietra miliare del piano Dare Forward, sembra ormai fuori portata.<\/strong> in un contesto cos\u00ec teso.<\/p>\n\n\n\n<h2 class=\"wp-block-heading\">Un'opportunit\u00e0 per un nuovo inizio?<\/h2>\n\n\n\n<p>La partenza di Carlos Tavares<strong> apre la porta ad una revisione approfondita del piano Dare Forward<\/strong>. Il Consiglio potrebbe optare per un approccio pi\u00f9 realistico, incentrato sull'adattamento alle realt\u00e0 dei mercati locali. Le tensioni con i concessionari, i dipendenti e i sindacati americani dovranno essere attenuate, mentre si potrebbe prevedere una strategia pi\u00f9 misurata per mantenere la competitivit\u00e0 in Europa di fronte all'offensiva cinese.<\/p>\n\n\n\n<p><strong>Un nuovo piano Dare Forward, adattato alle realt\u00e0 economiche e industriali<\/strong>potrebbe essere lanciato nel 2025 sotto la guida del futuro CEO. Le sfide includono il rilancio delle vendite in Nord America, il consolidamento dei guadagni nel mercato europeo dei veicoli elettrici e una migliore gestione delle relazioni con gli stakeholder.<\/p>\n\n\n\n<p><strong>Il Gruppo deve trovare un equilibrio tra ambizione e pragmatismo.<\/strong> Il successore di Tavares avr\u00e0 il gravoso compito di riconciliare il consiglio di amministrazione, i dipendenti e gli investitori attorno a un progetto comune.<\/p>\n\n\n\n<p>Se Dare Forward 2030 verr\u00e0 modificato, non sar\u00e0 una negazione della visione di Tavares, ma un riallineamento necessario per affrontare un futuro incerto. Stellantis sta giocando su una posta alta: non si tratta solo di ribaltare i dati, ma anche di riconquistare la fiducia dei mercati (-45 % dall'inizio dell'anno) e dei consumatori.<\/p>\n\n\n\n<figure class=\"wp-block-image size-full\"><img loading=\"lazy\" decoding=\"async\" width=\"995\" height=\"402\" src=\"https:\/\/www.italpassion.fr\/wp-content\/uploads\/2024\/12\/cours-stellantis-2024.jpg\" alt=\"\" class=\"wp-image-35333\" srcset=\"https:\/\/www.italpassion.fr\/wp-content\/uploads\/2024\/12\/cours-stellantis-2024.jpg 995w, https:\/\/www.italpassion.fr\/wp-content\/uploads\/2024\/12\/cours-stellantis-2024-300x121.jpg 300w, https:\/\/www.italpassion.fr\/wp-content\/uploads\/2024\/12\/cours-stellantis-2024-768x310.jpg 768w, https:\/\/www.italpassion.fr\/wp-content\/uploads\/2024\/12\/cours-stellantis-2024-18x7.jpg 18w, https:\/\/www.italpassion.fr\/wp-content\/uploads\/2024\/12\/cours-stellantis-2024-561x227.jpg 561w, https:\/\/www.italpassion.fr\/wp-content\/uploads\/2024\/12\/cours-stellantis-2024-265x107.jpg 265w, https:\/\/www.italpassion.fr\/wp-content\/uploads\/2024\/12\/cours-stellantis-2024-531x215.jpg 531w, https:\/\/www.italpassion.fr\/wp-content\/uploads\/2024\/12\/cours-stellantis-2024-364x147.jpg 364w, https:\/\/www.italpassion.fr\/wp-content\/uploads\/2024\/12\/cours-stellantis-2024-728x294.jpg 728w, https:\/\/www.italpassion.fr\/wp-content\/uploads\/2024\/12\/cours-stellantis-2024-608x246.jpg 608w, https:\/\/www.italpassion.fr\/wp-content\/uploads\/2024\/12\/cours-stellantis-2024-758x306.jpg 758w\" sizes=\"auto, (max-width: 995px) 100vw, 995px\" \/><\/figure>","protected":false},"excerpt":{"rendered":"","protected":false},"author":1,"featured_media":35334,"comment_status":"open","ping_status":"open","sticky":false,"template":"","format":"standard","meta":{"_acf_changed":false,"_sitemap_exclude":false,"_sitemap_priority":"","_sitemap_frequency":"","footnotes":""},"categories":[29],"tags":[398],"class_list":["post-35330","post","type-post","status-publish","format-standard","has-post-thumbnail","hentry","category-stellantis","tag-carlos-tavares","generate-columns","tablet-grid-50","mobile-grid-100","grid-parent","grid-33"],"acf":[],"yoast_head":"<!-- This site is optimized with the Yoast SEO plugin v25.8 - https:\/\/yoast.com\/wordpress\/plugins\/seo\/ -->\n<title>D\u00e9mission de Carlos Tavares : un Dare Forward 2030 plus tenable ? Rappel des chiffres - ItalPassion<\/title>\n<meta name=\"description\" content=\"La d\u00e9mission soudaine de Carlos Tavares, annonc\u00e9e le dimanche 1er d\u00e9cembre 2024, marque un tournant dans l\u2019histoire r\u00e9cente de Stellantis. Si les raisons\" \/>\n<meta name=\"robots\" content=\"index, follow, max-snippet:-1, max-image-preview:large, max-video-preview:-1\" \/>\n<link rel=\"canonical\" href=\"https:\/\/www.italpassion.fr\/it\/stellante\/carlos-tavares-si-dimette-un-osare-in-avanti-2030-non-piu-sostenibile-revisione-delle-cifre\/\" \/>\n<meta property=\"og:locale\" content=\"it_IT\" \/>\n<meta property=\"og:type\" content=\"article\" \/>\n<meta property=\"og:title\" content=\"D\u00e9mission de Carlos Tavares : un Dare Forward 2030 plus tenable ? Rappel des chiffres - ItalPassion\" \/>\n<meta property=\"og:description\" content=\"La d\u00e9mission soudaine de Carlos Tavares, annonc\u00e9e le dimanche 1er d\u00e9cembre 2024, marque un tournant dans l\u2019histoire r\u00e9cente de Stellantis. Si les raisons\" \/>\n<meta property=\"og:url\" content=\"https:\/\/www.italpassion.fr\/it\/stellante\/carlos-tavares-si-dimette-un-osare-in-avanti-2030-non-piu-sostenibile-revisione-delle-cifre\/\" \/>\n<meta property=\"og:site_name\" content=\"ItalPassion\" \/>\n<meta property=\"article:publisher\" content=\"https:\/\/www.facebook.com\/italpassion\" \/>\n<meta property=\"article:published_time\" content=\"2024-12-02T19:21:42+00:00\" \/>\n<meta property=\"article:modified_time\" content=\"2024-12-02T19:21:44+00:00\" \/>\n<meta property=\"og:image\" content=\"https:\/\/www.italpassion.fr\/wp-content\/uploads\/2024\/12\/dare-forward-carlos-tavares.jpg\" \/>\n\t<meta property=\"og:image:width\" content=\"1200\" \/>\n\t<meta property=\"og:image:height\" content=\"800\" \/>\n\t<meta property=\"og:image:type\" content=\"image\/jpeg\" \/>\n<meta name=\"author\" content=\"Alexandre Filluzeau\" \/>\n<meta name=\"twitter:card\" content=\"summary_large_image\" \/>\n<meta name=\"twitter:creator\" content=\"@italpassion\" \/>\n<meta name=\"twitter:site\" content=\"@italpassion\" \/>\n<script type=\"application\/ld+json\" class=\"yoast-schema-graph\">{\"@context\":\"https:\/\/schema.org\",\"@graph\":[{\"@type\":\"NewsArticle\",\"@id\":\"https:\/\/www.italpassion.fr\/it\/stellantis\/demission-de-carlos-tavares-un-dare-forward-2030-plus-tenable-rappel-des-chiffres\/#article\",\"isPartOf\":{\"@id\":\"https:\/\/www.italpassion.fr\/it\/stellantis\/demission-de-carlos-tavares-un-dare-forward-2030-plus-tenable-rappel-des-chiffres\/\"},\"author\":{\"name\":\"Alexandre Filluzeau\",\"@id\":\"https:\/\/www.italpassion.fr\/it\/#\/schema\/person\/36f747b2a759ca202d847e85a9434ca0\"},\"headline\":\"D\u00e9mission de Carlos Tavares : un Dare Forward 2030 plus tenable ? Rappel des chiffres\",\"datePublished\":\"2024-12-02T19:21:42+00:00\",\"dateModified\":\"2024-12-02T19:21:44+00:00\",\"mainEntityOfPage\":{\"@id\":\"https:\/\/www.italpassion.fr\/it\/stellantis\/demission-de-carlos-tavares-un-dare-forward-2030-plus-tenable-rappel-des-chiffres\/\"},\"wordCount\":855,\"commentCount\":4,\"publisher\":{\"@id\":\"https:\/\/www.italpassion.fr\/it\/#organization\"},\"image\":{\"@id\":\"https:\/\/www.italpassion.fr\/it\/stellantis\/demission-de-carlos-tavares-un-dare-forward-2030-plus-tenable-rappel-des-chiffres\/#primaryimage\"},\"thumbnailUrl\":\"https:\/\/www.italpassion.fr\/wp-content\/uploads\/2024\/12\/dare-forward-carlos-tavares.jpg\",\"keywords\":[\"Carlos Tavares\"],\"articleSection\":[\"Stellantis\"],\"inLanguage\":\"it-IT\",\"potentialAction\":[{\"@type\":\"CommentAction\",\"name\":\"Comment\",\"target\":[\"https:\/\/www.italpassion.fr\/it\/stellantis\/demission-de-carlos-tavares-un-dare-forward-2030-plus-tenable-rappel-des-chiffres\/#respond\"]}]},{\"@type\":\"WebPage\",\"@id\":\"https:\/\/www.italpassion.fr\/it\/stellantis\/demission-de-carlos-tavares-un-dare-forward-2030-plus-tenable-rappel-des-chiffres\/\",\"url\":\"https:\/\/www.italpassion.fr\/it\/stellantis\/demission-de-carlos-tavares-un-dare-forward-2030-plus-tenable-rappel-des-chiffres\/\",\"name\":\"D\u00e9mission de Carlos Tavares : un Dare Forward 2030 plus tenable ? Rappel des chiffres - ItalPassion\",\"isPartOf\":{\"@id\":\"https:\/\/www.italpassion.fr\/it\/#website\"},\"primaryImageOfPage\":{\"@id\":\"https:\/\/www.italpassion.fr\/it\/stellantis\/demission-de-carlos-tavares-un-dare-forward-2030-plus-tenable-rappel-des-chiffres\/#primaryimage\"},\"image\":{\"@id\":\"https:\/\/www.italpassion.fr\/it\/stellantis\/demission-de-carlos-tavares-un-dare-forward-2030-plus-tenable-rappel-des-chiffres\/#primaryimage\"},\"thumbnailUrl\":\"https:\/\/www.italpassion.fr\/wp-content\/uploads\/2024\/12\/dare-forward-carlos-tavares.jpg\",\"datePublished\":\"2024-12-02T19:21:42+00:00\",\"dateModified\":\"2024-12-02T19:21:44+00:00\",\"description\":\"La d\u00e9mission soudaine de Carlos Tavares, annonc\u00e9e le dimanche 1er d\u00e9cembre 2024, marque un tournant dans l\u2019histoire r\u00e9cente de Stellantis. Si les raisons\",\"breadcrumb\":{\"@id\":\"https:\/\/www.italpassion.fr\/it\/stellantis\/demission-de-carlos-tavares-un-dare-forward-2030-plus-tenable-rappel-des-chiffres\/#breadcrumb\"},\"inLanguage\":\"it-IT\",\"potentialAction\":[{\"@type\":\"ReadAction\",\"target\":[\"https:\/\/www.italpassion.fr\/it\/stellantis\/demission-de-carlos-tavares-un-dare-forward-2030-plus-tenable-rappel-des-chiffres\/\"]}]},{\"@type\":\"ImageObject\",\"inLanguage\":\"it-IT\",\"@id\":\"https:\/\/www.italpassion.fr\/it\/stellantis\/demission-de-carlos-tavares-un-dare-forward-2030-plus-tenable-rappel-des-chiffres\/#primaryimage\",\"url\":\"https:\/\/www.italpassion.fr\/wp-content\/uploads\/2024\/12\/dare-forward-carlos-tavares.jpg\",\"contentUrl\":\"https:\/\/www.italpassion.fr\/wp-content\/uploads\/2024\/12\/dare-forward-carlos-tavares.jpg\",\"width\":1200,\"height\":800},{\"@type\":\"BreadcrumbList\",\"@id\":\"https:\/\/www.italpassion.fr\/it\/stellantis\/demission-de-carlos-tavares-un-dare-forward-2030-plus-tenable-rappel-des-chiffres\/#breadcrumb\",\"itemListElement\":[{\"@type\":\"ListItem\",\"position\":1,\"name\":\"Accueil\",\"item\":\"https:\/\/www.italpassion.fr\/it\/\"},{\"@type\":\"ListItem\",\"position\":2,\"name\":\"D\u00e9mission de Carlos Tavares : un Dare Forward 2030 plus tenable ? Rappel des chiffres\"}]},{\"@type\":\"WebSite\",\"@id\":\"https:\/\/www.italpassion.fr\/it\/#website\",\"url\":\"https:\/\/www.italpassion.fr\/it\/\",\"name\":\"ItalPassion\",\"description\":\"Les Passionn\u00e9s d&#039;Automobiles Italiennes\",\"publisher\":{\"@id\":\"https:\/\/www.italpassion.fr\/it\/#organization\"},\"potentialAction\":[{\"@type\":\"SearchAction\",\"target\":{\"@type\":\"EntryPoint\",\"urlTemplate\":\"https:\/\/www.italpassion.fr\/it\/?s={search_term_string}\"},\"query-input\":{\"@type\":\"PropertyValueSpecification\",\"valueRequired\":true,\"valueName\":\"search_term_string\"}}],\"inLanguage\":\"it-IT\"},{\"@type\":\"Organization\",\"@id\":\"https:\/\/www.italpassion.fr\/it\/#organization\",\"name\":\"Italpassion\",\"url\":\"https:\/\/www.italpassion.fr\/it\/\",\"logo\":{\"@type\":\"ImageObject\",\"inLanguage\":\"it-IT\",\"@id\":\"https:\/\/www.italpassion.fr\/it\/#\/schema\/logo\/image\/\",\"url\":\"https:\/\/www.italpassion.fr\/wp-content\/uploads\/2023\/07\/italpassion-yoast.jpg\",\"contentUrl\":\"https:\/\/www.italpassion.fr\/wp-content\/uploads\/2023\/07\/italpassion-yoast.jpg\",\"width\":696,\"height\":696,\"caption\":\"Italpassion\"},\"image\":{\"@id\":\"https:\/\/www.italpassion.fr\/it\/#\/schema\/logo\/image\/\"},\"sameAs\":[\"https:\/\/www.facebook.com\/italpassion\",\"https:\/\/x.com\/italpassion\",\"https:\/\/www.instagram.com\/italpassionfr\/\",\"https:\/\/www.youtube.com\/channel\/UCleq-ByQaA42OjhopwevRjQ\",\"https:\/\/www.facebook.com\/italpassion.en\/\",\"https:\/\/www.facebook.com\/italpassion.it\/\",\"https:\/\/www.facebook.com\/italpassion.de\/\",\"https:\/\/www.facebook.com\/italpassion.ja\/\"]},{\"@type\":\"Person\",\"@id\":\"https:\/\/www.italpassion.fr\/it\/#\/schema\/person\/36f747b2a759ca202d847e85a9434ca0\",\"name\":\"Alexandre Filluzeau\",\"image\":{\"@type\":\"ImageObject\",\"inLanguage\":\"it-IT\",\"@id\":\"https:\/\/www.italpassion.fr\/it\/#\/schema\/person\/image\/\",\"url\":\"https:\/\/www.italpassion.fr\/wp-content\/uploads\/2025\/04\/avatar-alexandre-160x160.jpg\",\"contentUrl\":\"https:\/\/www.italpassion.fr\/wp-content\/uploads\/2025\/04\/avatar-alexandre-160x160.jpg\",\"caption\":\"Alexandre Filluzeau\"},\"description\":\"Fondateur du site ItalPassion, passionn\u00e9 de voitures italiennes et de l'Italie en g\u00e9n\u00e9ral. J'apporte un regard critique et technique aux actualit\u00e9s des marques italiennes quand cela est possible. Propri\u00e9taire d'une Maserati GranTurismo, Alfa Romeo MiTo, Lancia Fulvia et Ducati 695. Ex-propri\u00e9taire d'une Alfa Romeo Giulia.\",\"sameAs\":[\"https:\/\/www.italpassion.fr\/\"],\"url\":\"https:\/\/www.italpassion.fr\/it\/author\/alexandre\/\"}]}<\/script>\n<!-- \/ Yoast SEO plugin. -->","yoast_head_json":{"title":"Carlos Tavares si dimette: Dare Forward 2030 non \u00e8 pi\u00f9 sostenibile? Fatti e cifre - ItalPassion","description":"Le improvvise dimissioni di Carlos Tavares, annunciate domenica 1\u00b0 dicembre 2024, segnano una svolta nella storia recente di Stellantis. Se le ragioni","robots":{"index":"index","follow":"follow","max-snippet":"max-snippet:-1","max-image-preview":"max-image-preview:large","max-video-preview":"max-video-preview:-1"},"canonical":"https:\/\/www.italpassion.fr\/it\/stellante\/carlos-tavares-si-dimette-un-osare-in-avanti-2030-non-piu-sostenibile-revisione-delle-cifre\/","og_locale":"it_IT","og_type":"article","og_title":"D\u00e9mission de Carlos Tavares : un Dare Forward 2030 plus tenable ? Rappel des chiffres - ItalPassion","og_description":"La d\u00e9mission soudaine de Carlos Tavares, annonc\u00e9e le dimanche 1er d\u00e9cembre 2024, marque un tournant dans l\u2019histoire r\u00e9cente de Stellantis. Si les raisons","og_url":"https:\/\/www.italpassion.fr\/it\/stellante\/carlos-tavares-si-dimette-un-osare-in-avanti-2030-non-piu-sostenibile-revisione-delle-cifre\/","og_site_name":"ItalPassion","article_publisher":"https:\/\/www.facebook.com\/italpassion","article_published_time":"2024-12-02T19:21:42+00:00","article_modified_time":"2024-12-02T19:21:44+00:00","og_image":[{"width":1200,"height":800,"url":"https:\/\/www.italpassion.fr\/wp-content\/uploads\/2024\/12\/dare-forward-carlos-tavares.jpg","type":"image\/jpeg"}],"author":"Alexandre Filluzeau","twitter_card":"summary_large_image","twitter_creator":"@italpassion","twitter_site":"@italpassion","schema":{"@context":"https:\/\/schema.org","@graph":[{"@type":"NewsArticle","@id":"https:\/\/www.italpassion.fr\/it\/stellantis\/demission-de-carlos-tavares-un-dare-forward-2030-plus-tenable-rappel-des-chiffres\/#article","isPartOf":{"@id":"https:\/\/www.italpassion.fr\/it\/stellantis\/demission-de-carlos-tavares-un-dare-forward-2030-plus-tenable-rappel-des-chiffres\/"},"author":{"name":"Alexandre Filluzeau","@id":"https:\/\/www.italpassion.fr\/it\/#\/schema\/person\/36f747b2a759ca202d847e85a9434ca0"},"headline":"D\u00e9mission de Carlos Tavares : un Dare Forward 2030 plus tenable ? Rappel des chiffres","datePublished":"2024-12-02T19:21:42+00:00","dateModified":"2024-12-02T19:21:44+00:00","mainEntityOfPage":{"@id":"https:\/\/www.italpassion.fr\/it\/stellantis\/demission-de-carlos-tavares-un-dare-forward-2030-plus-tenable-rappel-des-chiffres\/"},"wordCount":855,"commentCount":4,"publisher":{"@id":"https:\/\/www.italpassion.fr\/it\/#organization"},"image":{"@id":"https:\/\/www.italpassion.fr\/it\/stellantis\/demission-de-carlos-tavares-un-dare-forward-2030-plus-tenable-rappel-des-chiffres\/#primaryimage"},"thumbnailUrl":"https:\/\/www.italpassion.fr\/wp-content\/uploads\/2024\/12\/dare-forward-carlos-tavares.jpg","keywords":["Carlos Tavares"],"articleSection":["Stellantis"],"inLanguage":"it-IT","potentialAction":[{"@type":"CommentAction","name":"Comment","target":["https:\/\/www.italpassion.fr\/it\/stellantis\/demission-de-carlos-tavares-un-dare-forward-2030-plus-tenable-rappel-des-chiffres\/#respond"]}]},{"@type":"WebPage","@id":"https:\/\/www.italpassion.fr\/it\/stellantis\/demission-de-carlos-tavares-un-dare-forward-2030-plus-tenable-rappel-des-chiffres\/","url":"https:\/\/www.italpassion.fr\/it\/stellantis\/demission-de-carlos-tavares-un-dare-forward-2030-plus-tenable-rappel-des-chiffres\/","name":"Carlos Tavares si dimette: Dare Forward 2030 non \u00e8 pi\u00f9 sostenibile? Fatti e cifre - ItalPassion","isPartOf":{"@id":"https:\/\/www.italpassion.fr\/it\/#website"},"primaryImageOfPage":{"@id":"https:\/\/www.italpassion.fr\/it\/stellantis\/demission-de-carlos-tavares-un-dare-forward-2030-plus-tenable-rappel-des-chiffres\/#primaryimage"},"image":{"@id":"https:\/\/www.italpassion.fr\/it\/stellantis\/demission-de-carlos-tavares-un-dare-forward-2030-plus-tenable-rappel-des-chiffres\/#primaryimage"},"thumbnailUrl":"https:\/\/www.italpassion.fr\/wp-content\/uploads\/2024\/12\/dare-forward-carlos-tavares.jpg","datePublished":"2024-12-02T19:21:42+00:00","dateModified":"2024-12-02T19:21:44+00:00","description":"Le improvvise dimissioni di Carlos Tavares, annunciate domenica 1\u00b0 dicembre 2024, segnano una svolta nella storia recente di Stellantis. Se le ragioni","breadcrumb":{"@id":"https:\/\/www.italpassion.fr\/it\/stellantis\/demission-de-carlos-tavares-un-dare-forward-2030-plus-tenable-rappel-des-chiffres\/#breadcrumb"},"inLanguage":"it-IT","potentialAction":[{"@type":"ReadAction","target":["https:\/\/www.italpassion.fr\/it\/stellantis\/demission-de-carlos-tavares-un-dare-forward-2030-plus-tenable-rappel-des-chiffres\/"]}]},{"@type":"ImageObject","inLanguage":"it-IT","@id":"https:\/\/www.italpassion.fr\/it\/stellantis\/demission-de-carlos-tavares-un-dare-forward-2030-plus-tenable-rappel-des-chiffres\/#primaryimage","url":"https:\/\/www.italpassion.fr\/wp-content\/uploads\/2024\/12\/dare-forward-carlos-tavares.jpg","contentUrl":"https:\/\/www.italpassion.fr\/wp-content\/uploads\/2024\/12\/dare-forward-carlos-tavares.jpg","width":1200,"height":800},{"@type":"BreadcrumbList","@id":"https:\/\/www.italpassion.fr\/it\/stellantis\/demission-de-carlos-tavares-un-dare-forward-2030-plus-tenable-rappel-des-chiffres\/#breadcrumb","itemListElement":[{"@type":"ListItem","position":1,"name":"Accueil","item":"https:\/\/www.italpassion.fr\/it\/"},{"@type":"ListItem","position":2,"name":"D\u00e9mission de Carlos Tavares : un Dare Forward 2030 plus tenable ? Rappel des chiffres"}]},{"@type":"WebSite","@id":"https:\/\/www.italpassion.fr\/it\/#website","url":"https:\/\/www.italpassion.fr\/it\/","name":"ItalPassion","description":"Appassionati di auto italiane","publisher":{"@id":"https:\/\/www.italpassion.fr\/it\/#organization"},"potentialAction":[{"@type":"SearchAction","target":{"@type":"EntryPoint","urlTemplate":"https:\/\/www.italpassion.fr\/it\/?s={search_term_string}"},"query-input":{"@type":"PropertyValueSpecification","valueRequired":true,"valueName":"search_term_string"}}],"inLanguage":"it-IT"},{"@type":"Organization","@id":"https:\/\/www.italpassion.fr\/it\/#organization","name":"Italpassion","url":"https:\/\/www.italpassion.fr\/it\/","logo":{"@type":"ImageObject","inLanguage":"it-IT","@id":"https:\/\/www.italpassion.fr\/it\/#\/schema\/logo\/image\/","url":"https:\/\/www.italpassion.fr\/wp-content\/uploads\/2023\/07\/italpassion-yoast.jpg","contentUrl":"https:\/\/www.italpassion.fr\/wp-content\/uploads\/2023\/07\/italpassion-yoast.jpg","width":696,"height":696,"caption":"Italpassion"},"image":{"@id":"https:\/\/www.italpassion.fr\/it\/#\/schema\/logo\/image\/"},"sameAs":["https:\/\/www.facebook.com\/italpassion","https:\/\/x.com\/italpassion","https:\/\/www.instagram.com\/italpassionfr\/","https:\/\/www.youtube.com\/channel\/UCleq-ByQaA42OjhopwevRjQ","https:\/\/www.facebook.com\/italpassion.en\/","https:\/\/www.facebook.com\/italpassion.it\/","https:\/\/www.facebook.com\/italpassion.de\/","https:\/\/www.facebook.com\/italpassion.ja\/"]},{"@type":"Person","@id":"https:\/\/www.italpassion.fr\/it\/#\/schema\/person\/36f747b2a759ca202d847e85a9434ca0","name":"Alexandre Filluzeau","image":{"@type":"ImageObject","inLanguage":"it-IT","@id":"https:\/\/www.italpassion.fr\/it\/#\/schema\/person\/image\/","url":"https:\/\/www.italpassion.fr\/wp-content\/uploads\/2025\/04\/avatar-alexandre-160x160.jpg","contentUrl":"https:\/\/www.italpassion.fr\/wp-content\/uploads\/2025\/04\/avatar-alexandre-160x160.jpg","caption":"Alexandre Filluzeau"},"description":"Fondatore del sito ItalPassion, appassionato di auto italiane e dell'Italia in generale. Porto un occhio critico e tecnico alle notizie dei marchi italiani, quando possibile. Proprietario di una Maserati GranTurismo, di un'Alfa Romeo MiTo, di una Lancia Fulvia e di una Ducati 695. Ex proprietario di un'Alfa Romeo Giulia.","sameAs":["https:\/\/www.italpassion.fr\/"],"url":"https:\/\/www.italpassion.fr\/it\/author\/alexandre\/"}]}},"_links":{"self":[{"href":"https:\/\/www.italpassion.fr\/it\/wp-json\/wp\/v2\/posts\/35330","targetHints":{"allow":["GET"]}}],"collection":[{"href":"https:\/\/www.italpassion.fr\/it\/wp-json\/wp\/v2\/posts"}],"about":[{"href":"https:\/\/www.italpassion.fr\/it\/wp-json\/wp\/v2\/types\/post"}],"author":[{"embeddable":true,"href":"https:\/\/www.italpassion.fr\/it\/wp-json\/wp\/v2\/users\/1"}],"replies":[{"embeddable":true,"href":"https:\/\/www.italpassion.fr\/it\/wp-json\/wp\/v2\/comments?post=35330"}],"version-history":[{"count":4,"href":"https:\/\/www.italpassion.fr\/it\/wp-json\/wp\/v2\/posts\/35330\/revisions"}],"predecessor-version":[{"id":35339,"href":"https:\/\/www.italpassion.fr\/it\/wp-json\/wp\/v2\/posts\/35330\/revisions\/35339"}],"wp:featuredmedia":[{"embeddable":true,"href":"https:\/\/www.italpassion.fr\/it\/wp-json\/wp\/v2\/media\/35334"}],"wp:attachment":[{"href":"https:\/\/www.italpassion.fr\/it\/wp-json\/wp\/v2\/media?parent=35330"}],"wp:term":[{"taxonomy":"category","embeddable":true,"href":"https:\/\/www.italpassion.fr\/it\/wp-json\/wp\/v2\/categories?post=35330"},{"taxonomy":"post_tag","embeddable":true,"href":"https:\/\/www.italpassion.fr\/it\/wp-json\/wp\/v2\/tags?post=35330"}],"curies":[{"name":"wp","href":"https:\/\/api.w.org\/{rel}","templated":true}]}}