{"id":34819,"date":"2024-10-14T20:54:47","date_gmt":"2024-10-14T18:54:47","guid":{"rendered":"https:\/\/www.italpassion.fr\/?p=34819"},"modified":"2024-10-15T22:06:50","modified_gmt":"2024-10-15T20:06:50","slug":"alfa-romeo-presenta-una-nuova-versione-del-suo-suv-tonale","status":"publish","type":"post","link":"https:\/\/www.italpassion.fr\/it\/alfa-romeo\/alfa-romeo-devoile-une-nouvelle-version-de-son-suv-tonale\/","title":{"rendered":"Alfa Romeo presenta una nuova versione del suo SUV Tonale"},"content":{"rendered":"<figure class=\"wp-block-image size-large\"><img loading=\"lazy\" decoding=\"async\" width=\"1024\" height=\"683\" src=\"https:\/\/www.italpassion.fr\/wp-content\/uploads\/2024\/10\/alfa-romeo-tonale-my25-1-1024x683.jpg\" alt=\"\" class=\"wp-image-34822\" srcset=\"https:\/\/www.italpassion.fr\/wp-content\/uploads\/2024\/10\/alfa-romeo-tonale-my25-1-1024x683.jpg 1024w, https:\/\/www.italpassion.fr\/wp-content\/uploads\/2024\/10\/alfa-romeo-tonale-my25-1-300x200.jpg 300w, https:\/\/www.italpassion.fr\/wp-content\/uploads\/2024\/10\/alfa-romeo-tonale-my25-1-768x512.jpg 768w, https:\/\/www.italpassion.fr\/wp-content\/uploads\/2024\/10\/alfa-romeo-tonale-my25-1-18x12.jpg 18w, https:\/\/www.italpassion.fr\/wp-content\/uploads\/2024\/10\/alfa-romeo-tonale-my25-1-561x374.jpg 561w, https:\/\/www.italpassion.fr\/wp-content\/uploads\/2024\/10\/alfa-romeo-tonale-my25-1-1122x748.jpg 1122w, https:\/\/www.italpassion.fr\/wp-content\/uploads\/2024\/10\/alfa-romeo-tonale-my25-1-265x177.jpg 265w, https:\/\/www.italpassion.fr\/wp-content\/uploads\/2024\/10\/alfa-romeo-tonale-my25-1-531x354.jpg 531w, https:\/\/www.italpassion.fr\/wp-content\/uploads\/2024\/10\/alfa-romeo-tonale-my25-1-364x243.jpg 364w, https:\/\/www.italpassion.fr\/wp-content\/uploads\/2024\/10\/alfa-romeo-tonale-my25-1-728x485.jpg 728w, https:\/\/www.italpassion.fr\/wp-content\/uploads\/2024\/10\/alfa-romeo-tonale-my25-1-608x405.jpg 608w, https:\/\/www.italpassion.fr\/wp-content\/uploads\/2024\/10\/alfa-romeo-tonale-my25-1-758x505.jpg 758w, https:\/\/www.italpassion.fr\/wp-content\/uploads\/2024\/10\/alfa-romeo-tonale-my25-1-1152x768.jpg 1152w, https:\/\/www.italpassion.fr\/wp-content\/uploads\/2024\/10\/alfa-romeo-tonale-my25-1-600x400.jpg 600w, https:\/\/www.italpassion.fr\/wp-content\/uploads\/2024\/10\/alfa-romeo-tonale-my25-1.jpg 1200w\" sizes=\"auto, (max-width: 1024px) 100vw, 1024px\" \/><\/figure>\n\n\n\n<p>Alfa Romeo approfitta del Salone dell'Automobile di Parigi 2024 per svelare <strong>un'evoluzione del suo famoso SUV, il Tonale<\/strong>. Il <a href=\"https:\/\/www.italpassion.fr\/it\/alfa-romeo\/alfa-romeo-tonale-rappresentera-il-55-delle-immatricolazioni-nel-2023-dettagli-per-paese\/\">il marchio pi\u00f9 venduto<\/a>Questo SUV del segmento C si aggiorna per rimanere competitivo. Il <a href=\"https:\/\/www.italpassion.fr\/it\/alfa-romeo\/dati-alfa-romeo-q3-2024-diversi-paesi-in-rosso\/\">dati relativi al terzo trimestre del 2024<\/a> mostrano un leggero calo delle vendite e questa nuova versione, <strong>battezzato Tonale MY25<\/strong>\u00e8 stato progettato per dare nuova vita alla gamma.<\/p>\n\n\n\n<h2 class=\"wp-block-heading\">Innovazioni estetiche e tecnologiche<\/h2>\n\n\n\n<p>L'aggiornamento del Tonale si concentra principalmente sugli interni del veicolo, con un sottile rinnovamento. <strong>Il tunnel centrale \u00e8 stato ridisegnato,<\/strong> aggiungendo un tocco di modernit\u00e0 ed eleganza. Alfa Romeo ha anche optato per un nuovo selettore di marcia rotante che sostituisce il tradizionale comando a leva, un cambiamento sia estetico che funzionale, che semplifica l'interfaccia per il guidatore.<\/p>\n\n\n\n<figure class=\"wp-block-image size-large\"><img loading=\"lazy\" decoding=\"async\" width=\"1024\" height=\"682\" src=\"https:\/\/www.italpassion.fr\/wp-content\/uploads\/2024\/10\/alfa-romeo-tonale-my25-1024x682.jpg\" alt=\"\" class=\"wp-image-34820\" srcset=\"https:\/\/www.italpassion.fr\/wp-content\/uploads\/2024\/10\/alfa-romeo-tonale-my25-1024x682.jpg 1024w, https:\/\/www.italpassion.fr\/wp-content\/uploads\/2024\/10\/alfa-romeo-tonale-my25-300x200.jpg 300w, https:\/\/www.italpassion.fr\/wp-content\/uploads\/2024\/10\/alfa-romeo-tonale-my25-768x512.jpg 768w, https:\/\/www.italpassion.fr\/wp-content\/uploads\/2024\/10\/alfa-romeo-tonale-my25-1536x1024.jpg 1536w, https:\/\/www.italpassion.fr\/wp-content\/uploads\/2024\/10\/alfa-romeo-tonale-my25-18x12.jpg 18w, https:\/\/www.italpassion.fr\/wp-content\/uploads\/2024\/10\/alfa-romeo-tonale-my25-561x374.jpg 561w, https:\/\/www.italpassion.fr\/wp-content\/uploads\/2024\/10\/alfa-romeo-tonale-my25-1122x748.jpg 1122w, https:\/\/www.italpassion.fr\/wp-content\/uploads\/2024\/10\/alfa-romeo-tonale-my25-265x177.jpg 265w, https:\/\/www.italpassion.fr\/wp-content\/uploads\/2024\/10\/alfa-romeo-tonale-my25-531x354.jpg 531w, https:\/\/www.italpassion.fr\/wp-content\/uploads\/2024\/10\/alfa-romeo-tonale-my25-364x243.jpg 364w, https:\/\/www.italpassion.fr\/wp-content\/uploads\/2024\/10\/alfa-romeo-tonale-my25-728x485.jpg 728w, https:\/\/www.italpassion.fr\/wp-content\/uploads\/2024\/10\/alfa-romeo-tonale-my25-608x405.jpg 608w, https:\/\/www.italpassion.fr\/wp-content\/uploads\/2024\/10\/alfa-romeo-tonale-my25-758x505.jpg 758w, https:\/\/www.italpassion.fr\/wp-content\/uploads\/2024\/10\/alfa-romeo-tonale-my25-1152x768.jpg 1152w, https:\/\/www.italpassion.fr\/wp-content\/uploads\/2024\/10\/alfa-romeo-tonale-my25-600x400.jpg 600w, https:\/\/www.italpassion.fr\/wp-content\/uploads\/2024\/10\/alfa-romeo-tonale-my25.jpg 2000w\" sizes=\"auto, (max-width: 1024px) 100vw, 1024px\" \/><\/figure>\n\n\n\n<p>Inoltre, il cruscotto \u00e8 stato ottimizzato, con <strong>un display migliorato per la strumentazione <\/strong>per una migliore leggibilit\u00e0 delle informazioni essenziali, come il livello del carburante, la batteria e l'orologio. <\/p>\n\n\n\n<h2 class=\"wp-block-heading\">Motori e versioni disponibili<\/h2>\n\n\n\n<p>Il Tonale MY25 sar\u00e0 disponibile in due livelli di allestimento, Sprint e Veloce, con <strong>una gamma semplificata di motori<\/strong>. Alfa Romeo ha deciso di ritirare la versione Mild Hybrid (MHEV) da 130 CV, lasciando disponibili le seguenti opzioni:<\/p>\n\n\n\n<ul class=\"wp-block-list\">\n<li><strong>1.6 Turbo Diesel 130 CV<\/strong> La versione diesel rimane in catalogo per gli amanti delle lunghe distanze.<\/li>\n\n\n\n<li><strong>1.5 ibrido a benzina da 160 CV<\/strong> La versione ibrida rimane la colonna portante della gamma, con un motore 1.5 turbo a 4 cilindri da 160 CV, abbinato a un cambio automatico a doppia frizione e a un motore elettrico da 48 V per ottimizzare le prestazioni ibride.<\/li>\n\n\n\n<li><strong>Ibrido plug-in Q4 da 280 CV<\/strong> Per chi cerca pi\u00f9 potenza, \u00e8 ancora disponibile la versione ibrida plug-in, con trazione integrale e 280 CV di potenza.<\/li>\n<\/ul>\n\n\n\n<h2 class=\"wp-block-heading\">Una sottile evoluzione<\/h2>\n\n\n\n<p>Sebbene questa versione MY25 del Tonale non porti alcuna rivoluzione, presenta alcune modifiche mirate, soprattutto nell'abitacolo. In confronto, il SUV Junior, anch'esso presentato al Salone di Parigi, beneficia di un volante completamente nuovo, cosa che non accade al Tonale. Tuttavia, il <strong>semplificazione della gamma e ottimizzazione dei dettagli interni<\/strong> cercher\u00e0 di sedurre i futuri clienti Alfa Romeo.<\/p>\n\n\n\n<figure class=\"wp-block-image size-large\"><img loading=\"lazy\" decoding=\"async\" width=\"1024\" height=\"683\" src=\"https:\/\/www.italpassion.fr\/wp-content\/uploads\/2024\/10\/alfa-romeo-tonale-my25-2-1024x683.jpg\" alt=\"\" class=\"wp-image-34821\" srcset=\"https:\/\/www.italpassion.fr\/wp-content\/uploads\/2024\/10\/alfa-romeo-tonale-my25-2-1024x683.jpg 1024w, https:\/\/www.italpassion.fr\/wp-content\/uploads\/2024\/10\/alfa-romeo-tonale-my25-2-300x200.jpg 300w, https:\/\/www.italpassion.fr\/wp-content\/uploads\/2024\/10\/alfa-romeo-tonale-my25-2-768x512.jpg 768w, https:\/\/www.italpassion.fr\/wp-content\/uploads\/2024\/10\/alfa-romeo-tonale-my25-2-18x12.jpg 18w, https:\/\/www.italpassion.fr\/wp-content\/uploads\/2024\/10\/alfa-romeo-tonale-my25-2-561x374.jpg 561w, https:\/\/www.italpassion.fr\/wp-content\/uploads\/2024\/10\/alfa-romeo-tonale-my25-2-1122x748.jpg 1122w, https:\/\/www.italpassion.fr\/wp-content\/uploads\/2024\/10\/alfa-romeo-tonale-my25-2-265x177.jpg 265w, https:\/\/www.italpassion.fr\/wp-content\/uploads\/2024\/10\/alfa-romeo-tonale-my25-2-531x354.jpg 531w, https:\/\/www.italpassion.fr\/wp-content\/uploads\/2024\/10\/alfa-romeo-tonale-my25-2-364x243.jpg 364w, https:\/\/www.italpassion.fr\/wp-content\/uploads\/2024\/10\/alfa-romeo-tonale-my25-2-728x485.jpg 728w, https:\/\/www.italpassion.fr\/wp-content\/uploads\/2024\/10\/alfa-romeo-tonale-my25-2-608x405.jpg 608w, https:\/\/www.italpassion.fr\/wp-content\/uploads\/2024\/10\/alfa-romeo-tonale-my25-2-758x505.jpg 758w, https:\/\/www.italpassion.fr\/wp-content\/uploads\/2024\/10\/alfa-romeo-tonale-my25-2-1152x768.jpg 1152w, https:\/\/www.italpassion.fr\/wp-content\/uploads\/2024\/10\/alfa-romeo-tonale-my25-2-600x400.jpg 600w, https:\/\/www.italpassion.fr\/wp-content\/uploads\/2024\/10\/alfa-romeo-tonale-my25-2.jpg 1200w\" sizes=\"auto, (max-width: 1024px) 100vw, 1024px\" \/><\/figure>\n\n\n\n<p>La domanda che rimane senza risposta \u00e8 quella della<strong> tariffe<\/strong>. L'Alfa Romeo non ha ancora reso noti i dettagli di una possibile revisione dei prezzi, ma sar\u00e0 interessante vedere se questi sviluppi tecnici e la semplificazione della gamma saranno sufficienti a invertire la tendenza e a rilanciare le vendite.<\/p>","protected":false},"excerpt":{"rendered":"","protected":false},"author":1,"featured_media":34822,"comment_status":"open","ping_status":"open","sticky":false,"template":"","format":"standard","meta":{"_acf_changed":false,"_sitemap_exclude":false,"_sitemap_priority":"","_sitemap_frequency":"","footnotes":""},"categories":[22],"tags":[],"class_list":["post-34819","post","type-post","status-publish","format-standard","has-post-thumbnail","hentry","category-alfa-romeo","generate-columns","tablet-grid-50","mobile-grid-100","grid-parent","grid-33"],"acf":[],"yoast_head":"<!-- This site is optimized with the Yoast SEO plugin v25.8 - https:\/\/yoast.com\/wordpress\/plugins\/seo\/ -->\n<title>Alfa Romeo d\u00e9voile une nouvelle version de son SUV Tonale - ItalPassion<\/title>\n<meta name=\"description\" content=\"Alfa Romeo profite du Mondial de l&#039;Automobile de Paris 2024 pour d\u00e9voiler une \u00e9volution de son c\u00e9l\u00e8bre SUV, le Tonale. D\u00e9j\u00e0 le mod\u00e8le le plus vendu de la\" \/>\n<meta name=\"robots\" content=\"index, follow, max-snippet:-1, max-image-preview:large, max-video-preview:-1\" \/>\n<link rel=\"canonical\" href=\"https:\/\/www.italpassion.fr\/it\/alfa-romeo\/alfa-romeo-presenta-una-nuova-versione-del-suo-suv-tonale\/\" \/>\n<meta property=\"og:locale\" content=\"it_IT\" \/>\n<meta property=\"og:type\" content=\"article\" \/>\n<meta property=\"og:title\" content=\"Alfa Romeo d\u00e9voile une nouvelle version de son SUV Tonale - ItalPassion\" \/>\n<meta property=\"og:description\" content=\"Alfa Romeo profite du Mondial de l&#039;Automobile de Paris 2024 pour d\u00e9voiler une \u00e9volution de son c\u00e9l\u00e8bre SUV, le Tonale. D\u00e9j\u00e0 le mod\u00e8le le plus vendu de la\" \/>\n<meta property=\"og:url\" content=\"https:\/\/www.italpassion.fr\/it\/alfa-romeo\/alfa-romeo-presenta-una-nuova-versione-del-suo-suv-tonale\/\" \/>\n<meta property=\"og:site_name\" content=\"ItalPassion\" \/>\n<meta property=\"article:publisher\" content=\"https:\/\/www.facebook.com\/italpassion\" \/>\n<meta property=\"article:published_time\" content=\"2024-10-14T18:54:47+00:00\" \/>\n<meta property=\"article:modified_time\" content=\"2024-10-15T20:06:50+00:00\" \/>\n<meta property=\"og:image\" content=\"https:\/\/www.italpassion.fr\/wp-content\/uploads\/2024\/10\/alfa-romeo-tonale-my25-1.jpg\" \/>\n\t<meta property=\"og:image:width\" content=\"1200\" \/>\n\t<meta property=\"og:image:height\" content=\"800\" \/>\n\t<meta property=\"og:image:type\" content=\"image\/jpeg\" \/>\n<meta name=\"author\" content=\"Alexandre Filluzeau\" \/>\n<meta name=\"twitter:card\" content=\"summary_large_image\" \/>\n<meta name=\"twitter:creator\" content=\"@italpassion\" \/>\n<meta name=\"twitter:site\" content=\"@italpassion\" \/>\n<script type=\"application\/ld+json\" class=\"yoast-schema-graph\">{\"@context\":\"https:\/\/schema.org\",\"@graph\":[{\"@type\":\"NewsArticle\",\"@id\":\"https:\/\/www.italpassion.fr\/it\/alfa-romeo\/alfa-romeo-devoile-une-nouvelle-version-de-son-suv-tonale\/#article\",\"isPartOf\":{\"@id\":\"https:\/\/www.italpassion.fr\/it\/alfa-romeo\/alfa-romeo-devoile-une-nouvelle-version-de-son-suv-tonale\/\"},\"author\":{\"name\":\"Alexandre Filluzeau\",\"@id\":\"https:\/\/www.italpassion.fr\/it\/#\/schema\/person\/36f747b2a759ca202d847e85a9434ca0\"},\"headline\":\"Alfa Romeo d\u00e9voile une nouvelle version de son SUV Tonale\",\"datePublished\":\"2024-10-14T18:54:47+00:00\",\"dateModified\":\"2024-10-15T20:06:50+00:00\",\"mainEntityOfPage\":{\"@id\":\"https:\/\/www.italpassion.fr\/it\/alfa-romeo\/alfa-romeo-devoile-une-nouvelle-version-de-son-suv-tonale\/\"},\"wordCount\":451,\"commentCount\":5,\"publisher\":{\"@id\":\"https:\/\/www.italpassion.fr\/it\/#organization\"},\"image\":{\"@id\":\"https:\/\/www.italpassion.fr\/it\/alfa-romeo\/alfa-romeo-devoile-une-nouvelle-version-de-son-suv-tonale\/#primaryimage\"},\"thumbnailUrl\":\"https:\/\/www.italpassion.fr\/wp-content\/uploads\/2024\/10\/alfa-romeo-tonale-my25-1.jpg\",\"articleSection\":[\"Alfa Romeo\"],\"inLanguage\":\"it-IT\",\"potentialAction\":[{\"@type\":\"CommentAction\",\"name\":\"Comment\",\"target\":[\"https:\/\/www.italpassion.fr\/it\/alfa-romeo\/alfa-romeo-devoile-une-nouvelle-version-de-son-suv-tonale\/#respond\"]}]},{\"@type\":\"WebPage\",\"@id\":\"https:\/\/www.italpassion.fr\/it\/alfa-romeo\/alfa-romeo-devoile-une-nouvelle-version-de-son-suv-tonale\/\",\"url\":\"https:\/\/www.italpassion.fr\/it\/alfa-romeo\/alfa-romeo-devoile-une-nouvelle-version-de-son-suv-tonale\/\",\"name\":\"Alfa Romeo d\u00e9voile une nouvelle version de son SUV Tonale - ItalPassion\",\"isPartOf\":{\"@id\":\"https:\/\/www.italpassion.fr\/it\/#website\"},\"primaryImageOfPage\":{\"@id\":\"https:\/\/www.italpassion.fr\/it\/alfa-romeo\/alfa-romeo-devoile-une-nouvelle-version-de-son-suv-tonale\/#primaryimage\"},\"image\":{\"@id\":\"https:\/\/www.italpassion.fr\/it\/alfa-romeo\/alfa-romeo-devoile-une-nouvelle-version-de-son-suv-tonale\/#primaryimage\"},\"thumbnailUrl\":\"https:\/\/www.italpassion.fr\/wp-content\/uploads\/2024\/10\/alfa-romeo-tonale-my25-1.jpg\",\"datePublished\":\"2024-10-14T18:54:47+00:00\",\"dateModified\":\"2024-10-15T20:06:50+00:00\",\"description\":\"Alfa Romeo profite du Mondial de l'Automobile de Paris 2024 pour d\u00e9voiler une \u00e9volution de son c\u00e9l\u00e8bre SUV, le Tonale. D\u00e9j\u00e0 le mod\u00e8le le plus vendu de la\",\"breadcrumb\":{\"@id\":\"https:\/\/www.italpassion.fr\/it\/alfa-romeo\/alfa-romeo-devoile-une-nouvelle-version-de-son-suv-tonale\/#breadcrumb\"},\"inLanguage\":\"it-IT\",\"potentialAction\":[{\"@type\":\"ReadAction\",\"target\":[\"https:\/\/www.italpassion.fr\/it\/alfa-romeo\/alfa-romeo-devoile-une-nouvelle-version-de-son-suv-tonale\/\"]}]},{\"@type\":\"ImageObject\",\"inLanguage\":\"it-IT\",\"@id\":\"https:\/\/www.italpassion.fr\/it\/alfa-romeo\/alfa-romeo-devoile-une-nouvelle-version-de-son-suv-tonale\/#primaryimage\",\"url\":\"https:\/\/www.italpassion.fr\/wp-content\/uploads\/2024\/10\/alfa-romeo-tonale-my25-1.jpg\",\"contentUrl\":\"https:\/\/www.italpassion.fr\/wp-content\/uploads\/2024\/10\/alfa-romeo-tonale-my25-1.jpg\",\"width\":1200,\"height\":800},{\"@type\":\"BreadcrumbList\",\"@id\":\"https:\/\/www.italpassion.fr\/it\/alfa-romeo\/alfa-romeo-devoile-une-nouvelle-version-de-son-suv-tonale\/#breadcrumb\",\"itemListElement\":[{\"@type\":\"ListItem\",\"position\":1,\"name\":\"Accueil\",\"item\":\"https:\/\/www.italpassion.fr\/it\/\"},{\"@type\":\"ListItem\",\"position\":2,\"name\":\"Alfa Romeo d\u00e9voile une nouvelle version de son SUV Tonale\"}]},{\"@type\":\"WebSite\",\"@id\":\"https:\/\/www.italpassion.fr\/it\/#website\",\"url\":\"https:\/\/www.italpassion.fr\/it\/\",\"name\":\"ItalPassion\",\"description\":\"Les Passionn\u00e9s d&#039;Automobiles Italiennes\",\"publisher\":{\"@id\":\"https:\/\/www.italpassion.fr\/it\/#organization\"},\"potentialAction\":[{\"@type\":\"SearchAction\",\"target\":{\"@type\":\"EntryPoint\",\"urlTemplate\":\"https:\/\/www.italpassion.fr\/it\/?s={search_term_string}\"},\"query-input\":{\"@type\":\"PropertyValueSpecification\",\"valueRequired\":true,\"valueName\":\"search_term_string\"}}],\"inLanguage\":\"it-IT\"},{\"@type\":\"Organization\",\"@id\":\"https:\/\/www.italpassion.fr\/it\/#organization\",\"name\":\"Italpassion\",\"url\":\"https:\/\/www.italpassion.fr\/it\/\",\"logo\":{\"@type\":\"ImageObject\",\"inLanguage\":\"it-IT\",\"@id\":\"https:\/\/www.italpassion.fr\/it\/#\/schema\/logo\/image\/\",\"url\":\"https:\/\/www.italpassion.fr\/wp-content\/uploads\/2023\/07\/italpassion-yoast.jpg\",\"contentUrl\":\"https:\/\/www.italpassion.fr\/wp-content\/uploads\/2023\/07\/italpassion-yoast.jpg\",\"width\":696,\"height\":696,\"caption\":\"Italpassion\"},\"image\":{\"@id\":\"https:\/\/www.italpassion.fr\/it\/#\/schema\/logo\/image\/\"},\"sameAs\":[\"https:\/\/www.facebook.com\/italpassion\",\"https:\/\/x.com\/italpassion\",\"https:\/\/www.instagram.com\/italpassionfr\/\",\"https:\/\/www.youtube.com\/channel\/UCleq-ByQaA42OjhopwevRjQ\",\"https:\/\/www.facebook.com\/italpassion.en\/\",\"https:\/\/www.facebook.com\/italpassion.it\/\",\"https:\/\/www.facebook.com\/italpassion.de\/\",\"https:\/\/www.facebook.com\/italpassion.ja\/\"]},{\"@type\":\"Person\",\"@id\":\"https:\/\/www.italpassion.fr\/it\/#\/schema\/person\/36f747b2a759ca202d847e85a9434ca0\",\"name\":\"Alexandre Filluzeau\",\"image\":{\"@type\":\"ImageObject\",\"inLanguage\":\"it-IT\",\"@id\":\"https:\/\/www.italpassion.fr\/it\/#\/schema\/person\/image\/\",\"url\":\"https:\/\/www.italpassion.fr\/wp-content\/uploads\/2025\/04\/avatar-alexandre-160x160.jpg\",\"contentUrl\":\"https:\/\/www.italpassion.fr\/wp-content\/uploads\/2025\/04\/avatar-alexandre-160x160.jpg\",\"caption\":\"Alexandre Filluzeau\"},\"description\":\"Fondateur du site ItalPassion, passionn\u00e9 de voitures italiennes et de l'Italie en g\u00e9n\u00e9ral. J'apporte un regard critique et technique aux actualit\u00e9s des marques italiennes quand cela est possible. Propri\u00e9taire d'une Maserati GranTurismo, Alfa Romeo MiTo, Lancia Fulvia et Ducati 695. Ex-propri\u00e9taire d'une Alfa Romeo Giulia.\",\"sameAs\":[\"https:\/\/www.italpassion.fr\/\"],\"url\":\"https:\/\/www.italpassion.fr\/it\/author\/alexandre\/\"}]}<\/script>\n<!-- \/ Yoast SEO plugin. -->","yoast_head_json":{"title":"Alfa Romeo svela una nuova versione del suo SUV Tonale - ItalPassion","description":"L'Alfa Romeo approfitta del Salone di Parigi 2024 per presentare un'evoluzione del suo famoso SUV, il Tonale. Gi\u00e0 il pi\u00f9 venduto di Alfa Romeo","robots":{"index":"index","follow":"follow","max-snippet":"max-snippet:-1","max-image-preview":"max-image-preview:large","max-video-preview":"max-video-preview:-1"},"canonical":"https:\/\/www.italpassion.fr\/it\/alfa-romeo\/alfa-romeo-presenta-una-nuova-versione-del-suo-suv-tonale\/","og_locale":"it_IT","og_type":"article","og_title":"Alfa Romeo d\u00e9voile une nouvelle version de son SUV Tonale - ItalPassion","og_description":"Alfa Romeo profite du Mondial de l'Automobile de Paris 2024 pour d\u00e9voiler une \u00e9volution de son c\u00e9l\u00e8bre SUV, le Tonale. D\u00e9j\u00e0 le mod\u00e8le le plus vendu de la","og_url":"https:\/\/www.italpassion.fr\/it\/alfa-romeo\/alfa-romeo-presenta-una-nuova-versione-del-suo-suv-tonale\/","og_site_name":"ItalPassion","article_publisher":"https:\/\/www.facebook.com\/italpassion","article_published_time":"2024-10-14T18:54:47+00:00","article_modified_time":"2024-10-15T20:06:50+00:00","og_image":[{"width":1200,"height":800,"url":"https:\/\/www.italpassion.fr\/wp-content\/uploads\/2024\/10\/alfa-romeo-tonale-my25-1.jpg","type":"image\/jpeg"}],"author":"Alexandre Filluzeau","twitter_card":"summary_large_image","twitter_creator":"@italpassion","twitter_site":"@italpassion","schema":{"@context":"https:\/\/schema.org","@graph":[{"@type":"NewsArticle","@id":"https:\/\/www.italpassion.fr\/it\/alfa-romeo\/alfa-romeo-devoile-une-nouvelle-version-de-son-suv-tonale\/#article","isPartOf":{"@id":"https:\/\/www.italpassion.fr\/it\/alfa-romeo\/alfa-romeo-devoile-une-nouvelle-version-de-son-suv-tonale\/"},"author":{"name":"Alexandre Filluzeau","@id":"https:\/\/www.italpassion.fr\/it\/#\/schema\/person\/36f747b2a759ca202d847e85a9434ca0"},"headline":"Alfa Romeo d\u00e9voile une nouvelle version de son SUV Tonale","datePublished":"2024-10-14T18:54:47+00:00","dateModified":"2024-10-15T20:06:50+00:00","mainEntityOfPage":{"@id":"https:\/\/www.italpassion.fr\/it\/alfa-romeo\/alfa-romeo-devoile-une-nouvelle-version-de-son-suv-tonale\/"},"wordCount":451,"commentCount":5,"publisher":{"@id":"https:\/\/www.italpassion.fr\/it\/#organization"},"image":{"@id":"https:\/\/www.italpassion.fr\/it\/alfa-romeo\/alfa-romeo-devoile-une-nouvelle-version-de-son-suv-tonale\/#primaryimage"},"thumbnailUrl":"https:\/\/www.italpassion.fr\/wp-content\/uploads\/2024\/10\/alfa-romeo-tonale-my25-1.jpg","articleSection":["Alfa Romeo"],"inLanguage":"it-IT","potentialAction":[{"@type":"CommentAction","name":"Comment","target":["https:\/\/www.italpassion.fr\/it\/alfa-romeo\/alfa-romeo-devoile-une-nouvelle-version-de-son-suv-tonale\/#respond"]}]},{"@type":"WebPage","@id":"https:\/\/www.italpassion.fr\/it\/alfa-romeo\/alfa-romeo-devoile-une-nouvelle-version-de-son-suv-tonale\/","url":"https:\/\/www.italpassion.fr\/it\/alfa-romeo\/alfa-romeo-devoile-une-nouvelle-version-de-son-suv-tonale\/","name":"Alfa Romeo svela una nuova versione del suo SUV Tonale - ItalPassion","isPartOf":{"@id":"https:\/\/www.italpassion.fr\/it\/#website"},"primaryImageOfPage":{"@id":"https:\/\/www.italpassion.fr\/it\/alfa-romeo\/alfa-romeo-devoile-une-nouvelle-version-de-son-suv-tonale\/#primaryimage"},"image":{"@id":"https:\/\/www.italpassion.fr\/it\/alfa-romeo\/alfa-romeo-devoile-une-nouvelle-version-de-son-suv-tonale\/#primaryimage"},"thumbnailUrl":"https:\/\/www.italpassion.fr\/wp-content\/uploads\/2024\/10\/alfa-romeo-tonale-my25-1.jpg","datePublished":"2024-10-14T18:54:47+00:00","dateModified":"2024-10-15T20:06:50+00:00","description":"L'Alfa Romeo approfitta del Salone di Parigi 2024 per presentare un'evoluzione del suo famoso SUV, il Tonale. Gi\u00e0 il pi\u00f9 venduto di Alfa Romeo","breadcrumb":{"@id":"https:\/\/www.italpassion.fr\/it\/alfa-romeo\/alfa-romeo-devoile-une-nouvelle-version-de-son-suv-tonale\/#breadcrumb"},"inLanguage":"it-IT","potentialAction":[{"@type":"ReadAction","target":["https:\/\/www.italpassion.fr\/it\/alfa-romeo\/alfa-romeo-devoile-une-nouvelle-version-de-son-suv-tonale\/"]}]},{"@type":"ImageObject","inLanguage":"it-IT","@id":"https:\/\/www.italpassion.fr\/it\/alfa-romeo\/alfa-romeo-devoile-une-nouvelle-version-de-son-suv-tonale\/#primaryimage","url":"https:\/\/www.italpassion.fr\/wp-content\/uploads\/2024\/10\/alfa-romeo-tonale-my25-1.jpg","contentUrl":"https:\/\/www.italpassion.fr\/wp-content\/uploads\/2024\/10\/alfa-romeo-tonale-my25-1.jpg","width":1200,"height":800},{"@type":"BreadcrumbList","@id":"https:\/\/www.italpassion.fr\/it\/alfa-romeo\/alfa-romeo-devoile-une-nouvelle-version-de-son-suv-tonale\/#breadcrumb","itemListElement":[{"@type":"ListItem","position":1,"name":"Accueil","item":"https:\/\/www.italpassion.fr\/it\/"},{"@type":"ListItem","position":2,"name":"Alfa Romeo d\u00e9voile une nouvelle version de son SUV Tonale"}]},{"@type":"WebSite","@id":"https:\/\/www.italpassion.fr\/it\/#website","url":"https:\/\/www.italpassion.fr\/it\/","name":"ItalPassion","description":"Appassionati di auto italiane","publisher":{"@id":"https:\/\/www.italpassion.fr\/it\/#organization"},"potentialAction":[{"@type":"SearchAction","target":{"@type":"EntryPoint","urlTemplate":"https:\/\/www.italpassion.fr\/it\/?s={search_term_string}"},"query-input":{"@type":"PropertyValueSpecification","valueRequired":true,"valueName":"search_term_string"}}],"inLanguage":"it-IT"},{"@type":"Organization","@id":"https:\/\/www.italpassion.fr\/it\/#organization","name":"Italpassion","url":"https:\/\/www.italpassion.fr\/it\/","logo":{"@type":"ImageObject","inLanguage":"it-IT","@id":"https:\/\/www.italpassion.fr\/it\/#\/schema\/logo\/image\/","url":"https:\/\/www.italpassion.fr\/wp-content\/uploads\/2023\/07\/italpassion-yoast.jpg","contentUrl":"https:\/\/www.italpassion.fr\/wp-content\/uploads\/2023\/07\/italpassion-yoast.jpg","width":696,"height":696,"caption":"Italpassion"},"image":{"@id":"https:\/\/www.italpassion.fr\/it\/#\/schema\/logo\/image\/"},"sameAs":["https:\/\/www.facebook.com\/italpassion","https:\/\/x.com\/italpassion","https:\/\/www.instagram.com\/italpassionfr\/","https:\/\/www.youtube.com\/channel\/UCleq-ByQaA42OjhopwevRjQ","https:\/\/www.facebook.com\/italpassion.en\/","https:\/\/www.facebook.com\/italpassion.it\/","https:\/\/www.facebook.com\/italpassion.de\/","https:\/\/www.facebook.com\/italpassion.ja\/"]},{"@type":"Person","@id":"https:\/\/www.italpassion.fr\/it\/#\/schema\/person\/36f747b2a759ca202d847e85a9434ca0","name":"Alexandre Filluzeau","image":{"@type":"ImageObject","inLanguage":"it-IT","@id":"https:\/\/www.italpassion.fr\/it\/#\/schema\/person\/image\/","url":"https:\/\/www.italpassion.fr\/wp-content\/uploads\/2025\/04\/avatar-alexandre-160x160.jpg","contentUrl":"https:\/\/www.italpassion.fr\/wp-content\/uploads\/2025\/04\/avatar-alexandre-160x160.jpg","caption":"Alexandre Filluzeau"},"description":"Fondatore del sito ItalPassion, appassionato di auto italiane e dell'Italia in generale. Porto un occhio critico e tecnico alle notizie dei marchi italiani, quando possibile. Proprietario di una Maserati GranTurismo, di un'Alfa Romeo MiTo, di una Lancia Fulvia e di una Ducati 695. Ex proprietario di un'Alfa Romeo Giulia.","sameAs":["https:\/\/www.italpassion.fr\/"],"url":"https:\/\/www.italpassion.fr\/it\/author\/alexandre\/"}]}},"_links":{"self":[{"href":"https:\/\/www.italpassion.fr\/it\/wp-json\/wp\/v2\/posts\/34819","targetHints":{"allow":["GET"]}}],"collection":[{"href":"https:\/\/www.italpassion.fr\/it\/wp-json\/wp\/v2\/posts"}],"about":[{"href":"https:\/\/www.italpassion.fr\/it\/wp-json\/wp\/v2\/types\/post"}],"author":[{"embeddable":true,"href":"https:\/\/www.italpassion.fr\/it\/wp-json\/wp\/v2\/users\/1"}],"replies":[{"embeddable":true,"href":"https:\/\/www.italpassion.fr\/it\/wp-json\/wp\/v2\/comments?post=34819"}],"version-history":[{"count":2,"href":"https:\/\/www.italpassion.fr\/it\/wp-json\/wp\/v2\/posts\/34819\/revisions"}],"predecessor-version":[{"id":34824,"href":"https:\/\/www.italpassion.fr\/it\/wp-json\/wp\/v2\/posts\/34819\/revisions\/34824"}],"wp:featuredmedia":[{"embeddable":true,"href":"https:\/\/www.italpassion.fr\/it\/wp-json\/wp\/v2\/media\/34822"}],"wp:attachment":[{"href":"https:\/\/www.italpassion.fr\/it\/wp-json\/wp\/v2\/media?parent=34819"}],"wp:term":[{"taxonomy":"category","embeddable":true,"href":"https:\/\/www.italpassion.fr\/it\/wp-json\/wp\/v2\/categories?post=34819"},{"taxonomy":"post_tag","embeddable":true,"href":"https:\/\/www.italpassion.fr\/it\/wp-json\/wp\/v2\/tags?post=34819"}],"curies":[{"name":"wp","href":"https:\/\/api.w.org\/{rel}","templated":true}]}}