{"id":34035,"date":"2024-05-23T14:33:52","date_gmt":"2024-05-23T12:33:52","guid":{"rendered":"https:\/\/www.italpassion.fr\/?p=34035"},"modified":"2024-05-23T14:33:54","modified_gmt":"2024-05-23T12:33:54","slug":"un-italiano-nominato-responsabile-del-design-di-lancia","status":"publish","type":"post","link":"https:\/\/www.italpassion.fr\/it\/lancia\/un-italien-nomme-a-la-tete-du-design-de-lancia\/","title":{"rendered":"L'italiano nominato responsabile del design Lancia"},"content":{"rendered":"<figure class=\"wp-block-image size-large\"><img loading=\"lazy\" decoding=\"async\" width=\"1024\" height=\"683\" src=\"https:\/\/www.italpassion.fr\/wp-content\/uploads\/2024\/05\/Gianni-Colonello-1024x683.jpg\" alt=\"\" class=\"wp-image-34036\" srcset=\"https:\/\/www.italpassion.fr\/wp-content\/uploads\/2024\/05\/Gianni-Colonello-1024x683.jpg 1024w, https:\/\/www.italpassion.fr\/wp-content\/uploads\/2024\/05\/Gianni-Colonello-300x200.jpg 300w, https:\/\/www.italpassion.fr\/wp-content\/uploads\/2024\/05\/Gianni-Colonello-768x512.jpg 768w, https:\/\/www.italpassion.fr\/wp-content\/uploads\/2024\/05\/Gianni-Colonello-18x12.jpg 18w, https:\/\/www.italpassion.fr\/wp-content\/uploads\/2024\/05\/Gianni-Colonello-561x374.jpg 561w, https:\/\/www.italpassion.fr\/wp-content\/uploads\/2024\/05\/Gianni-Colonello-1122x748.jpg 1122w, https:\/\/www.italpassion.fr\/wp-content\/uploads\/2024\/05\/Gianni-Colonello-265x177.jpg 265w, https:\/\/www.italpassion.fr\/wp-content\/uploads\/2024\/05\/Gianni-Colonello-531x354.jpg 531w, https:\/\/www.italpassion.fr\/wp-content\/uploads\/2024\/05\/Gianni-Colonello-364x243.jpg 364w, https:\/\/www.italpassion.fr\/wp-content\/uploads\/2024\/05\/Gianni-Colonello-728x485.jpg 728w, https:\/\/www.italpassion.fr\/wp-content\/uploads\/2024\/05\/Gianni-Colonello-608x405.jpg 608w, https:\/\/www.italpassion.fr\/wp-content\/uploads\/2024\/05\/Gianni-Colonello-758x505.jpg 758w, https:\/\/www.italpassion.fr\/wp-content\/uploads\/2024\/05\/Gianni-Colonello-1152x768.jpg 1152w, https:\/\/www.italpassion.fr\/wp-content\/uploads\/2024\/05\/Gianni-Colonello-600x400.jpg 600w, https:\/\/www.italpassion.fr\/wp-content\/uploads\/2024\/05\/Gianni-Colonello.jpg 1200w\" sizes=\"auto, (max-width: 1024px) 100vw, 1024px\" \/><\/figure>\n\n\n\n<p><strong><a href=\"https:\/\/www.italpassion.fr\/it\/lancia\/\">Lancia<\/a> annuncia la nomina di Gianni Colonnello a Responsabile del Design<\/strong>Jean-Pierre Plou\u00e9, Chief Design Officer di Stellantis. Questa nomina segna un passo significativo nell'evoluzione del marchio, che cerca di ridefinire la propria immagine e di rafforzare la propria posizione nel mercato automobilistico europeo.<\/p>\n\n\n\n<p>Gianni Colonnello, figura nota nell'industria automobilistica, \u00e8 stato <strong>responsabile del design degli interni di Lancia dal 2021 al 2024.<\/strong> In questo periodo ha contribuito alla definizione del nuovo linguaggio di design del marchio. La sua esperienza \u00e8 stata decisiva per la creazione degli interni della nuova Ypsilon, della concept Lancia Pu+Ra HPE e dell'intera nuova gamma del marchio italiano.<\/p>\n\n\n\n<p>Prima di approdare in Lancia, Colonnello ha ricoperto la posizione di <strong>Responsabile dell'Interior Design di Maserati dal 2012 al 2021<\/strong>. Durante questo periodo, ha supervisionato lo sviluppo di concept car e vetture di serie per il marchio del Tridente, contribuendo alla realizzazione di diversi modelli iconici di Maserati.<\/p>\n\n\n\n<p>La carriera di Colonnello \u00e8 stata segnata anche da esperienze internazionali. <strong>Dal 2011 al 2012 ha lavorato presso il Design Center di FCA North America.<\/strong> come Lead Designer, con sede a Metro Detroit, Michigan. In precedenza, ha iniziato la sua carriera <strong>nel 2002 presso Fiat Auto, <\/strong>dove ha ricoperto diverse posizioni all'interno del Design Center, salendo di grado e assumendo responsabilit\u00e0 sempre pi\u00f9 importanti.<\/p>\n\n\n\n<p>La nomina di Gianni Colonnello arriva in un momento strategico per Lancia, che torna con una nuova gamma: la Ypsilon, che arriver\u00e0 gradualmente sui mercati europei nel 2024, la Ypsilon HF nel 2025, la Gamma nel 2026 e la Delta nel 2028.<\/p>\n\n\n\n<p>Fonte : auto&amp;design (grazie Luc)<\/p>","protected":false},"excerpt":{"rendered":"","protected":false},"author":1,"featured_media":34037,"comment_status":"open","ping_status":"open","sticky":false,"template":"","format":"standard","meta":{"_acf_changed":false,"_sitemap_exclude":false,"_sitemap_priority":"","_sitemap_frequency":"","footnotes":""},"categories":[26],"tags":[],"class_list":["post-34035","post","type-post","status-publish","format-standard","has-post-thumbnail","hentry","category-lancia","generate-columns","tablet-grid-50","mobile-grid-100","grid-parent","grid-33"],"acf":[],"yoast_head":"<!-- This site is optimized with the Yoast SEO plugin v25.8 - https:\/\/yoast.com\/wordpress\/plugins\/seo\/ -->\n<title>Un Italien nomm\u00e9 \u00e0 la t\u00eate du design de Lancia - ItalPassion<\/title>\n<meta name=\"description\" content=\"Lancia annonce la nomination de Gianni Colonello au poste de Chef du Design, succ\u00e9dant \u00e0 Jean-Pierre Plou\u00e9, Chief Design Officer de Stellantis. Cette\" \/>\n<meta name=\"robots\" content=\"index, follow, max-snippet:-1, max-image-preview:large, max-video-preview:-1\" \/>\n<link rel=\"canonical\" href=\"https:\/\/www.italpassion.fr\/it\/lancia\/un-italiano-nominato-responsabile-del-design-di-lancia\/\" \/>\n<meta property=\"og:locale\" content=\"it_IT\" \/>\n<meta property=\"og:type\" content=\"article\" \/>\n<meta property=\"og:title\" content=\"Un Italien nomm\u00e9 \u00e0 la t\u00eate du design de Lancia - ItalPassion\" \/>\n<meta property=\"og:description\" content=\"Lancia annonce la nomination de Gianni Colonello au poste de Chef du Design, succ\u00e9dant \u00e0 Jean-Pierre Plou\u00e9, Chief Design Officer de Stellantis. Cette\" \/>\n<meta property=\"og:url\" content=\"https:\/\/www.italpassion.fr\/it\/lancia\/un-italiano-nominato-responsabile-del-design-di-lancia\/\" \/>\n<meta property=\"og:site_name\" content=\"ItalPassion\" \/>\n<meta property=\"article:publisher\" content=\"https:\/\/www.facebook.com\/italpassion\" \/>\n<meta property=\"article:published_time\" content=\"2024-05-23T12:33:52+00:00\" \/>\n<meta property=\"article:modified_time\" content=\"2024-05-23T12:33:54+00:00\" \/>\n<meta property=\"og:image\" content=\"https:\/\/www.italpassion.fr\/wp-content\/uploads\/2024\/05\/Gianni-Colonello-1.jpg\" \/>\n\t<meta property=\"og:image:width\" content=\"1200\" \/>\n\t<meta property=\"og:image:height\" content=\"800\" \/>\n\t<meta property=\"og:image:type\" content=\"image\/jpeg\" \/>\n<meta name=\"author\" content=\"Alexandre Filluzeau\" \/>\n<meta name=\"twitter:card\" content=\"summary_large_image\" \/>\n<meta name=\"twitter:creator\" content=\"@italpassion\" \/>\n<meta name=\"twitter:site\" content=\"@italpassion\" \/>\n<script type=\"application\/ld+json\" class=\"yoast-schema-graph\">{\"@context\":\"https:\/\/schema.org\",\"@graph\":[{\"@type\":\"NewsArticle\",\"@id\":\"https:\/\/www.italpassion.fr\/it\/lancia\/un-italien-nomme-a-la-tete-du-design-de-lancia\/#article\",\"isPartOf\":{\"@id\":\"https:\/\/www.italpassion.fr\/it\/lancia\/un-italien-nomme-a-la-tete-du-design-de-lancia\/\"},\"author\":{\"name\":\"Alexandre Filluzeau\",\"@id\":\"https:\/\/www.italpassion.fr\/it\/#\/schema\/person\/36f747b2a759ca202d847e85a9434ca0\"},\"headline\":\"Un Italien nomm\u00e9 \u00e0 la t\u00eate du design de Lancia\",\"datePublished\":\"2024-05-23T12:33:52+00:00\",\"dateModified\":\"2024-05-23T12:33:54+00:00\",\"mainEntityOfPage\":{\"@id\":\"https:\/\/www.italpassion.fr\/it\/lancia\/un-italien-nomme-a-la-tete-du-design-de-lancia\/\"},\"wordCount\":312,\"commentCount\":1,\"publisher\":{\"@id\":\"https:\/\/www.italpassion.fr\/it\/#organization\"},\"image\":{\"@id\":\"https:\/\/www.italpassion.fr\/it\/lancia\/un-italien-nomme-a-la-tete-du-design-de-lancia\/#primaryimage\"},\"thumbnailUrl\":\"https:\/\/www.italpassion.fr\/wp-content\/uploads\/2024\/05\/Gianni-Colonello-1.jpg\",\"articleSection\":[\"Lancia\"],\"inLanguage\":\"it-IT\",\"potentialAction\":[{\"@type\":\"CommentAction\",\"name\":\"Comment\",\"target\":[\"https:\/\/www.italpassion.fr\/it\/lancia\/un-italien-nomme-a-la-tete-du-design-de-lancia\/#respond\"]}]},{\"@type\":\"WebPage\",\"@id\":\"https:\/\/www.italpassion.fr\/it\/lancia\/un-italien-nomme-a-la-tete-du-design-de-lancia\/\",\"url\":\"https:\/\/www.italpassion.fr\/it\/lancia\/un-italien-nomme-a-la-tete-du-design-de-lancia\/\",\"name\":\"Un Italien nomm\u00e9 \u00e0 la t\u00eate du design de Lancia - ItalPassion\",\"isPartOf\":{\"@id\":\"https:\/\/www.italpassion.fr\/it\/#website\"},\"primaryImageOfPage\":{\"@id\":\"https:\/\/www.italpassion.fr\/it\/lancia\/un-italien-nomme-a-la-tete-du-design-de-lancia\/#primaryimage\"},\"image\":{\"@id\":\"https:\/\/www.italpassion.fr\/it\/lancia\/un-italien-nomme-a-la-tete-du-design-de-lancia\/#primaryimage\"},\"thumbnailUrl\":\"https:\/\/www.italpassion.fr\/wp-content\/uploads\/2024\/05\/Gianni-Colonello-1.jpg\",\"datePublished\":\"2024-05-23T12:33:52+00:00\",\"dateModified\":\"2024-05-23T12:33:54+00:00\",\"description\":\"Lancia annonce la nomination de Gianni Colonello au poste de Chef du Design, succ\u00e9dant \u00e0 Jean-Pierre Plou\u00e9, Chief Design Officer de Stellantis. Cette\",\"breadcrumb\":{\"@id\":\"https:\/\/www.italpassion.fr\/it\/lancia\/un-italien-nomme-a-la-tete-du-design-de-lancia\/#breadcrumb\"},\"inLanguage\":\"it-IT\",\"potentialAction\":[{\"@type\":\"ReadAction\",\"target\":[\"https:\/\/www.italpassion.fr\/it\/lancia\/un-italien-nomme-a-la-tete-du-design-de-lancia\/\"]}]},{\"@type\":\"ImageObject\",\"inLanguage\":\"it-IT\",\"@id\":\"https:\/\/www.italpassion.fr\/it\/lancia\/un-italien-nomme-a-la-tete-du-design-de-lancia\/#primaryimage\",\"url\":\"https:\/\/www.italpassion.fr\/wp-content\/uploads\/2024\/05\/Gianni-Colonello-1.jpg\",\"contentUrl\":\"https:\/\/www.italpassion.fr\/wp-content\/uploads\/2024\/05\/Gianni-Colonello-1.jpg\",\"width\":1200,\"height\":800},{\"@type\":\"BreadcrumbList\",\"@id\":\"https:\/\/www.italpassion.fr\/it\/lancia\/un-italien-nomme-a-la-tete-du-design-de-lancia\/#breadcrumb\",\"itemListElement\":[{\"@type\":\"ListItem\",\"position\":1,\"name\":\"Accueil\",\"item\":\"https:\/\/www.italpassion.fr\/it\/\"},{\"@type\":\"ListItem\",\"position\":2,\"name\":\"Un Italien nomm\u00e9 \u00e0 la t\u00eate du design de Lancia\"}]},{\"@type\":\"WebSite\",\"@id\":\"https:\/\/www.italpassion.fr\/it\/#website\",\"url\":\"https:\/\/www.italpassion.fr\/it\/\",\"name\":\"ItalPassion\",\"description\":\"Les Passionn\u00e9s d&#039;Automobiles Italiennes\",\"publisher\":{\"@id\":\"https:\/\/www.italpassion.fr\/it\/#organization\"},\"potentialAction\":[{\"@type\":\"SearchAction\",\"target\":{\"@type\":\"EntryPoint\",\"urlTemplate\":\"https:\/\/www.italpassion.fr\/it\/?s={search_term_string}\"},\"query-input\":{\"@type\":\"PropertyValueSpecification\",\"valueRequired\":true,\"valueName\":\"search_term_string\"}}],\"inLanguage\":\"it-IT\"},{\"@type\":\"Organization\",\"@id\":\"https:\/\/www.italpassion.fr\/it\/#organization\",\"name\":\"Italpassion\",\"url\":\"https:\/\/www.italpassion.fr\/it\/\",\"logo\":{\"@type\":\"ImageObject\",\"inLanguage\":\"it-IT\",\"@id\":\"https:\/\/www.italpassion.fr\/it\/#\/schema\/logo\/image\/\",\"url\":\"https:\/\/www.italpassion.fr\/wp-content\/uploads\/2023\/07\/italpassion-yoast.jpg\",\"contentUrl\":\"https:\/\/www.italpassion.fr\/wp-content\/uploads\/2023\/07\/italpassion-yoast.jpg\",\"width\":696,\"height\":696,\"caption\":\"Italpassion\"},\"image\":{\"@id\":\"https:\/\/www.italpassion.fr\/it\/#\/schema\/logo\/image\/\"},\"sameAs\":[\"https:\/\/www.facebook.com\/italpassion\",\"https:\/\/x.com\/italpassion\",\"https:\/\/www.instagram.com\/italpassionfr\/\",\"https:\/\/www.youtube.com\/channel\/UCleq-ByQaA42OjhopwevRjQ\",\"https:\/\/www.facebook.com\/italpassion.en\/\",\"https:\/\/www.facebook.com\/italpassion.it\/\",\"https:\/\/www.facebook.com\/italpassion.de\/\",\"https:\/\/www.facebook.com\/italpassion.ja\/\"]},{\"@type\":\"Person\",\"@id\":\"https:\/\/www.italpassion.fr\/it\/#\/schema\/person\/36f747b2a759ca202d847e85a9434ca0\",\"name\":\"Alexandre Filluzeau\",\"image\":{\"@type\":\"ImageObject\",\"inLanguage\":\"it-IT\",\"@id\":\"https:\/\/www.italpassion.fr\/it\/#\/schema\/person\/image\/\",\"url\":\"https:\/\/www.italpassion.fr\/wp-content\/uploads\/2025\/04\/avatar-alexandre-160x160.jpg\",\"contentUrl\":\"https:\/\/www.italpassion.fr\/wp-content\/uploads\/2025\/04\/avatar-alexandre-160x160.jpg\",\"caption\":\"Alexandre Filluzeau\"},\"description\":\"Fondateur du site ItalPassion, passionn\u00e9 de voitures italiennes et de l'Italie en g\u00e9n\u00e9ral. J'apporte un regard critique et technique aux actualit\u00e9s des marques italiennes quand cela est possible. Propri\u00e9taire d'une Maserati GranTurismo, Alfa Romeo MiTo, Lancia Fulvia et Ducati 695. Ex-propri\u00e9taire d'une Alfa Romeo Giulia.\",\"sameAs\":[\"https:\/\/www.italpassion.fr\/\"],\"url\":\"https:\/\/www.italpassion.fr\/it\/author\/alexandre\/\"}]}<\/script>\n<!-- \/ Yoast SEO plugin. -->","yoast_head_json":{"title":"Un italiano nominato responsabile del design Lancia - ItalPassion","description":"Lancia annuncia la nomina di Gianni Colonnello a Responsabile del Design, che succede a Jean-Pierre Plou\u00e9, Chief Design Officer di Stellantis. Questo","robots":{"index":"index","follow":"follow","max-snippet":"max-snippet:-1","max-image-preview":"max-image-preview:large","max-video-preview":"max-video-preview:-1"},"canonical":"https:\/\/www.italpassion.fr\/it\/lancia\/un-italiano-nominato-responsabile-del-design-di-lancia\/","og_locale":"it_IT","og_type":"article","og_title":"Un Italien nomm\u00e9 \u00e0 la t\u00eate du design de Lancia - ItalPassion","og_description":"Lancia annonce la nomination de Gianni Colonello au poste de Chef du Design, succ\u00e9dant \u00e0 Jean-Pierre Plou\u00e9, Chief Design Officer de Stellantis. Cette","og_url":"https:\/\/www.italpassion.fr\/it\/lancia\/un-italiano-nominato-responsabile-del-design-di-lancia\/","og_site_name":"ItalPassion","article_publisher":"https:\/\/www.facebook.com\/italpassion","article_published_time":"2024-05-23T12:33:52+00:00","article_modified_time":"2024-05-23T12:33:54+00:00","og_image":[{"width":1200,"height":800,"url":"https:\/\/www.italpassion.fr\/wp-content\/uploads\/2024\/05\/Gianni-Colonello-1.jpg","type":"image\/jpeg"}],"author":"Alexandre Filluzeau","twitter_card":"summary_large_image","twitter_creator":"@italpassion","twitter_site":"@italpassion","schema":{"@context":"https:\/\/schema.org","@graph":[{"@type":"NewsArticle","@id":"https:\/\/www.italpassion.fr\/it\/lancia\/un-italien-nomme-a-la-tete-du-design-de-lancia\/#article","isPartOf":{"@id":"https:\/\/www.italpassion.fr\/it\/lancia\/un-italien-nomme-a-la-tete-du-design-de-lancia\/"},"author":{"name":"Alexandre Filluzeau","@id":"https:\/\/www.italpassion.fr\/it\/#\/schema\/person\/36f747b2a759ca202d847e85a9434ca0"},"headline":"Un Italien nomm\u00e9 \u00e0 la t\u00eate du design de Lancia","datePublished":"2024-05-23T12:33:52+00:00","dateModified":"2024-05-23T12:33:54+00:00","mainEntityOfPage":{"@id":"https:\/\/www.italpassion.fr\/it\/lancia\/un-italien-nomme-a-la-tete-du-design-de-lancia\/"},"wordCount":312,"commentCount":1,"publisher":{"@id":"https:\/\/www.italpassion.fr\/it\/#organization"},"image":{"@id":"https:\/\/www.italpassion.fr\/it\/lancia\/un-italien-nomme-a-la-tete-du-design-de-lancia\/#primaryimage"},"thumbnailUrl":"https:\/\/www.italpassion.fr\/wp-content\/uploads\/2024\/05\/Gianni-Colonello-1.jpg","articleSection":["Lancia"],"inLanguage":"it-IT","potentialAction":[{"@type":"CommentAction","name":"Comment","target":["https:\/\/www.italpassion.fr\/it\/lancia\/un-italien-nomme-a-la-tete-du-design-de-lancia\/#respond"]}]},{"@type":"WebPage","@id":"https:\/\/www.italpassion.fr\/it\/lancia\/un-italien-nomme-a-la-tete-du-design-de-lancia\/","url":"https:\/\/www.italpassion.fr\/it\/lancia\/un-italien-nomme-a-la-tete-du-design-de-lancia\/","name":"Un italiano nominato responsabile del design Lancia - ItalPassion","isPartOf":{"@id":"https:\/\/www.italpassion.fr\/it\/#website"},"primaryImageOfPage":{"@id":"https:\/\/www.italpassion.fr\/it\/lancia\/un-italien-nomme-a-la-tete-du-design-de-lancia\/#primaryimage"},"image":{"@id":"https:\/\/www.italpassion.fr\/it\/lancia\/un-italien-nomme-a-la-tete-du-design-de-lancia\/#primaryimage"},"thumbnailUrl":"https:\/\/www.italpassion.fr\/wp-content\/uploads\/2024\/05\/Gianni-Colonello-1.jpg","datePublished":"2024-05-23T12:33:52+00:00","dateModified":"2024-05-23T12:33:54+00:00","description":"Lancia annuncia la nomina di Gianni Colonnello a Responsabile del Design, che succede a Jean-Pierre Plou\u00e9, Chief Design Officer di Stellantis. Questo","breadcrumb":{"@id":"https:\/\/www.italpassion.fr\/it\/lancia\/un-italien-nomme-a-la-tete-du-design-de-lancia\/#breadcrumb"},"inLanguage":"it-IT","potentialAction":[{"@type":"ReadAction","target":["https:\/\/www.italpassion.fr\/it\/lancia\/un-italien-nomme-a-la-tete-du-design-de-lancia\/"]}]},{"@type":"ImageObject","inLanguage":"it-IT","@id":"https:\/\/www.italpassion.fr\/it\/lancia\/un-italien-nomme-a-la-tete-du-design-de-lancia\/#primaryimage","url":"https:\/\/www.italpassion.fr\/wp-content\/uploads\/2024\/05\/Gianni-Colonello-1.jpg","contentUrl":"https:\/\/www.italpassion.fr\/wp-content\/uploads\/2024\/05\/Gianni-Colonello-1.jpg","width":1200,"height":800},{"@type":"BreadcrumbList","@id":"https:\/\/www.italpassion.fr\/it\/lancia\/un-italien-nomme-a-la-tete-du-design-de-lancia\/#breadcrumb","itemListElement":[{"@type":"ListItem","position":1,"name":"Accueil","item":"https:\/\/www.italpassion.fr\/it\/"},{"@type":"ListItem","position":2,"name":"Un Italien nomm\u00e9 \u00e0 la t\u00eate du design de Lancia"}]},{"@type":"WebSite","@id":"https:\/\/www.italpassion.fr\/it\/#website","url":"https:\/\/www.italpassion.fr\/it\/","name":"ItalPassion","description":"Appassionati di auto italiane","publisher":{"@id":"https:\/\/www.italpassion.fr\/it\/#organization"},"potentialAction":[{"@type":"SearchAction","target":{"@type":"EntryPoint","urlTemplate":"https:\/\/www.italpassion.fr\/it\/?s={search_term_string}"},"query-input":{"@type":"PropertyValueSpecification","valueRequired":true,"valueName":"search_term_string"}}],"inLanguage":"it-IT"},{"@type":"Organization","@id":"https:\/\/www.italpassion.fr\/it\/#organization","name":"Italpassion","url":"https:\/\/www.italpassion.fr\/it\/","logo":{"@type":"ImageObject","inLanguage":"it-IT","@id":"https:\/\/www.italpassion.fr\/it\/#\/schema\/logo\/image\/","url":"https:\/\/www.italpassion.fr\/wp-content\/uploads\/2023\/07\/italpassion-yoast.jpg","contentUrl":"https:\/\/www.italpassion.fr\/wp-content\/uploads\/2023\/07\/italpassion-yoast.jpg","width":696,"height":696,"caption":"Italpassion"},"image":{"@id":"https:\/\/www.italpassion.fr\/it\/#\/schema\/logo\/image\/"},"sameAs":["https:\/\/www.facebook.com\/italpassion","https:\/\/x.com\/italpassion","https:\/\/www.instagram.com\/italpassionfr\/","https:\/\/www.youtube.com\/channel\/UCleq-ByQaA42OjhopwevRjQ","https:\/\/www.facebook.com\/italpassion.en\/","https:\/\/www.facebook.com\/italpassion.it\/","https:\/\/www.facebook.com\/italpassion.de\/","https:\/\/www.facebook.com\/italpassion.ja\/"]},{"@type":"Person","@id":"https:\/\/www.italpassion.fr\/it\/#\/schema\/person\/36f747b2a759ca202d847e85a9434ca0","name":"Alexandre Filluzeau","image":{"@type":"ImageObject","inLanguage":"it-IT","@id":"https:\/\/www.italpassion.fr\/it\/#\/schema\/person\/image\/","url":"https:\/\/www.italpassion.fr\/wp-content\/uploads\/2025\/04\/avatar-alexandre-160x160.jpg","contentUrl":"https:\/\/www.italpassion.fr\/wp-content\/uploads\/2025\/04\/avatar-alexandre-160x160.jpg","caption":"Alexandre Filluzeau"},"description":"Fondatore del sito ItalPassion, appassionato di auto italiane e dell'Italia in generale. Porto un occhio critico e tecnico alle notizie dei marchi italiani, quando possibile. Proprietario di una Maserati GranTurismo, di un'Alfa Romeo MiTo, di una Lancia Fulvia e di una Ducati 695. Ex proprietario di un'Alfa Romeo Giulia.","sameAs":["https:\/\/www.italpassion.fr\/"],"url":"https:\/\/www.italpassion.fr\/it\/author\/alexandre\/"}]}},"_links":{"self":[{"href":"https:\/\/www.italpassion.fr\/it\/wp-json\/wp\/v2\/posts\/34035","targetHints":{"allow":["GET"]}}],"collection":[{"href":"https:\/\/www.italpassion.fr\/it\/wp-json\/wp\/v2\/posts"}],"about":[{"href":"https:\/\/www.italpassion.fr\/it\/wp-json\/wp\/v2\/types\/post"}],"author":[{"embeddable":true,"href":"https:\/\/www.italpassion.fr\/it\/wp-json\/wp\/v2\/users\/1"}],"replies":[{"embeddable":true,"href":"https:\/\/www.italpassion.fr\/it\/wp-json\/wp\/v2\/comments?post=34035"}],"version-history":[{"count":2,"href":"https:\/\/www.italpassion.fr\/it\/wp-json\/wp\/v2\/posts\/34035\/revisions"}],"predecessor-version":[{"id":34039,"href":"https:\/\/www.italpassion.fr\/it\/wp-json\/wp\/v2\/posts\/34035\/revisions\/34039"}],"wp:featuredmedia":[{"embeddable":true,"href":"https:\/\/www.italpassion.fr\/it\/wp-json\/wp\/v2\/media\/34037"}],"wp:attachment":[{"href":"https:\/\/www.italpassion.fr\/it\/wp-json\/wp\/v2\/media?parent=34035"}],"wp:term":[{"taxonomy":"category","embeddable":true,"href":"https:\/\/www.italpassion.fr\/it\/wp-json\/wp\/v2\/categories?post=34035"},{"taxonomy":"post_tag","embeddable":true,"href":"https:\/\/www.italpassion.fr\/it\/wp-json\/wp\/v2\/tags?post=34035"}],"curies":[{"name":"wp","href":"https:\/\/api.w.org\/{rel}","templated":true}]}}