{"id":33805,"date":"2024-04-19T14:53:48","date_gmt":"2024-04-19T12:53:48","guid":{"rendered":"https:\/\/www.italpassion.fr\/?p=33805"},"modified":"2024-04-19T14:53:50","modified_gmt":"2024-04-19T12:53:50","slug":"da-milano-a-junior-lalfa-romeo-temeva-di-perdere-50-dei-suoi-clienti","status":"publish","type":"post","link":"https:\/\/www.italpassion.fr\/it\/alfa-romeo\/de-milano-a-junior-alfa-romeo-a-eu-peur-de-perdre-50-des-clients\/","title":{"rendered":"Da Milano a Junior: Alfa Romeo temeva di perdere 50 clienti %"},"content":{"rendered":"<figure class=\"wp-block-image size-large\"><img loading=\"lazy\" decoding=\"async\" width=\"1024\" height=\"683\" src=\"https:\/\/www.italpassion.fr\/wp-content\/uploads\/2024\/04\/alfa-romeo-junior-1024x683.jpg\" alt=\"\" class=\"wp-image-33806\" srcset=\"https:\/\/www.italpassion.fr\/wp-content\/uploads\/2024\/04\/alfa-romeo-junior-1024x683.jpg 1024w, https:\/\/www.italpassion.fr\/wp-content\/uploads\/2024\/04\/alfa-romeo-junior-300x200.jpg 300w, https:\/\/www.italpassion.fr\/wp-content\/uploads\/2024\/04\/alfa-romeo-junior-768x512.jpg 768w, https:\/\/www.italpassion.fr\/wp-content\/uploads\/2024\/04\/alfa-romeo-junior-18x12.jpg 18w, https:\/\/www.italpassion.fr\/wp-content\/uploads\/2024\/04\/alfa-romeo-junior-561x374.jpg 561w, https:\/\/www.italpassion.fr\/wp-content\/uploads\/2024\/04\/alfa-romeo-junior-1122x748.jpg 1122w, https:\/\/www.italpassion.fr\/wp-content\/uploads\/2024\/04\/alfa-romeo-junior-265x177.jpg 265w, https:\/\/www.italpassion.fr\/wp-content\/uploads\/2024\/04\/alfa-romeo-junior-531x354.jpg 531w, https:\/\/www.italpassion.fr\/wp-content\/uploads\/2024\/04\/alfa-romeo-junior-364x243.jpg 364w, https:\/\/www.italpassion.fr\/wp-content\/uploads\/2024\/04\/alfa-romeo-junior-728x485.jpg 728w, https:\/\/www.italpassion.fr\/wp-content\/uploads\/2024\/04\/alfa-romeo-junior-608x405.jpg 608w, https:\/\/www.italpassion.fr\/wp-content\/uploads\/2024\/04\/alfa-romeo-junior-758x505.jpg 758w, https:\/\/www.italpassion.fr\/wp-content\/uploads\/2024\/04\/alfa-romeo-junior-1152x768.jpg 1152w, https:\/\/www.italpassion.fr\/wp-content\/uploads\/2024\/04\/alfa-romeo-junior-600x400.jpg 600w, https:\/\/www.italpassion.fr\/wp-content\/uploads\/2024\/04\/alfa-romeo-junior.jpg 1200w\" sizes=\"auto, (max-width: 1024px) 100vw, 1024px\" \/><\/figure>\n\n\n\n<p>Il cambio di nome del nuovo SUV da<a href=\"https:\/\/www.italpassion.fr\/it\/alfa-romeo\/\">Alfa Romeo<\/a>da Milano a Junior \u00e8 stata una vera e propria soap opera.<strong> Jean Philippe Imparato, CEO del marchio, svela i retroscena di una decisione presa sotto pressione politica ed economica.<\/strong><\/p>\n\n\n\n<p>Quando il 10 aprile \u00e8 stato presentato il nuovo SUV compatto dell'Alfa Romeo, c'era una grande sorpresa in serbo per gli appassionati del marchio del Biscione. Inizialmente battezzato \"Milano\", in omaggio alla citt\u00e0 natale del marchio, <a href=\"https:\/\/www.italpassion.fr\/it\/alfa-romeo\/lalfa-romeo-milano-ufficiale-cambia-nome-in-junior\/\">il nome del veicolo \u00e8 stato rapidamente cambiato in \"Junior\".<\/a>. Le ragioni di questo cambiamento inatteso sono molto specifiche, come spiega Jean Philippe Imparato.<\/p>\n\n\n\n<p>Il nome \"Milano\" ha suscitato polemiche, anche perch\u00e9 il veicolo \u00e8 prodotto in Polonia e non in Italia. La polemica ha raggiunto proporzioni tali da indurre personalit\u00e0 politiche, tra le quali il <a href=\"https:\/\/www.italpassion.fr\/it\/alfa-romeo\/alfa-romeo-milano-il-nome-non-piace-al-ministro-del-made-in-italy\/\">\u00c8 intervenuto il ministro Adolfo Urso,<\/a> suggerendo che <strong>il nome potrebbe essere considerato illegale <\/strong>a causa della potenziale confusione che potrebbe creare nei consumatori. Imparato, che ha un'esperienza di tre decenni nell'industria automobilistica, ha valutato subito i rischi: <strong>\"Entrare in conflitto con il mondo politico significa perdere automaticamente 50% dei nostri clienti\".<\/strong>ha confidato in un'intervista a Sky.<\/p>\n\n\n\n<p>La decisione di cambiare il nostro nome non \u00e8 stata facile, ma \u00e8 stata una necessit\u00e0 per <strong>preservare l'immagine del marchio e prevenire l'erosione della sua base di clienti<\/strong>. Imparato fa notare che, pur non ritenendo che il nome \"Milano\" violasse la legge, ha scelto di sostituirlo per<strong> porre fine a tutte le controversie.<\/strong> \"Avevamo previsto almeno 50 nomi alternativi per questo modello e, alla fine, la questione del nome non \u00e8 cos\u00ec cruciale\", dice.<\/p>\n\n\n\n<p>L'Amministratore Delegato punta su una fase di calma del sentiment e ritiene che <strong>la controversia sar\u00e0 probabilmente dimenticata nel giro di una settimana.<\/strong> Tuttavia, esclude categoricamente la possibilit\u00e0 di rimpatriare la produzione in Italia, poich\u00e9 nessuno dei siti produttivi italiani \u00e8 attualmente in grado di produrre veicoli sulla piattaforma CMP.<\/p>\n\n\n\n<p>Alfa Romeo ha in programma il lancio di una serie di nuovi modelli nei prossimi anni, tra cui le nuove versioni della<strong> le Alfa Romeo Giulia e Stelvio, che saranno prodotte a Cassino, in Italia,<\/strong> sulla piattaforma STLA Large. Imparato rimane quindi fedele alla sua visione di rafforzare la presenza industriale dell'Alfa Romeo in Italia, navigando abilmente attraverso le attuali sfide politiche ed economiche.<\/p>\n\n\n\n<p>Per approfondire, abbiamo gi\u00e0 accennato al tema del <a href=\"https:\/\/www.italpassion.fr\/it\/fiat\/alfa-romeo-milano-diventa-junior-perche-fiat-500-e-600-non-sono-interessate\/\">perch\u00e9 \u00e8 stata colpita la Milano\/Junior e non le Fiat 500 e 600<\/a>.<\/p>","protected":false},"excerpt":{"rendered":"","protected":false},"author":1,"featured_media":33806,"comment_status":"open","ping_status":"open","sticky":false,"template":"","format":"standard","meta":{"_acf_changed":false,"_sitemap_exclude":false,"_sitemap_priority":"","_sitemap_frequency":"","footnotes":""},"categories":[22],"tags":[364],"class_list":["post-33805","post","type-post","status-publish","format-standard","has-post-thumbnail","hentry","category-alfa-romeo","tag-alfa-romeo-milano","generate-columns","tablet-grid-50","mobile-grid-100","grid-parent","grid-33"],"acf":[],"yoast_head":"<!-- This site is optimized with the Yoast SEO plugin v25.8 - https:\/\/yoast.com\/wordpress\/plugins\/seo\/ -->\n<title>De Milano \u00e0 Junior : Alfa Romeo a eu peur de perdre 50 % des clients - ItalPassion<\/title>\n<meta name=\"description\" content=\"Le changement de nom du nouveau SUV d&#039;Alfa Romeo, de Milano \u00e0 Junior, a \u00e9t\u00e9 un v\u00e9ritable feuilleton. Jean Philippe Imparato, le PDG de la marque, r\u00e9v\u00e8le\" \/>\n<meta name=\"robots\" content=\"index, follow, max-snippet:-1, max-image-preview:large, max-video-preview:-1\" \/>\n<link rel=\"canonical\" href=\"https:\/\/www.italpassion.fr\/it\/alfa-romeo\/da-milano-a-junior-lalfa-romeo-temeva-di-perdere-50-dei-suoi-clienti\/\" \/>\n<meta property=\"og:locale\" content=\"it_IT\" \/>\n<meta property=\"og:type\" content=\"article\" \/>\n<meta property=\"og:title\" content=\"De Milano \u00e0 Junior : Alfa Romeo a eu peur de perdre 50 % des clients - ItalPassion\" \/>\n<meta property=\"og:description\" content=\"Le changement de nom du nouveau SUV d&#039;Alfa Romeo, de Milano \u00e0 Junior, a \u00e9t\u00e9 un v\u00e9ritable feuilleton. Jean Philippe Imparato, le PDG de la marque, r\u00e9v\u00e8le\" \/>\n<meta property=\"og:url\" content=\"https:\/\/www.italpassion.fr\/it\/alfa-romeo\/da-milano-a-junior-lalfa-romeo-temeva-di-perdere-50-dei-suoi-clienti\/\" \/>\n<meta property=\"og:site_name\" content=\"ItalPassion\" \/>\n<meta property=\"article:publisher\" content=\"https:\/\/www.facebook.com\/italpassion\" \/>\n<meta property=\"article:published_time\" content=\"2024-04-19T12:53:48+00:00\" \/>\n<meta property=\"article:modified_time\" content=\"2024-04-19T12:53:50+00:00\" \/>\n<meta property=\"og:image\" content=\"https:\/\/www.italpassion.fr\/wp-content\/uploads\/2024\/04\/alfa-romeo-junior.jpg\" \/>\n\t<meta property=\"og:image:width\" content=\"1200\" \/>\n\t<meta property=\"og:image:height\" content=\"800\" \/>\n\t<meta property=\"og:image:type\" content=\"image\/jpeg\" \/>\n<meta name=\"author\" content=\"Alexandre Filluzeau\" \/>\n<meta name=\"twitter:card\" content=\"summary_large_image\" \/>\n<meta name=\"twitter:creator\" content=\"@italpassion\" \/>\n<meta name=\"twitter:site\" content=\"@italpassion\" \/>\n<script type=\"application\/ld+json\" class=\"yoast-schema-graph\">{\"@context\":\"https:\/\/schema.org\",\"@graph\":[{\"@type\":\"NewsArticle\",\"@id\":\"https:\/\/www.italpassion.fr\/it\/alfa-romeo\/de-milano-a-junior-alfa-romeo-a-eu-peur-de-perdre-50-des-clients\/#article\",\"isPartOf\":{\"@id\":\"https:\/\/www.italpassion.fr\/it\/alfa-romeo\/de-milano-a-junior-alfa-romeo-a-eu-peur-de-perdre-50-des-clients\/\"},\"author\":{\"name\":\"Alexandre Filluzeau\",\"@id\":\"https:\/\/www.italpassion.fr\/it\/#\/schema\/person\/36f747b2a759ca202d847e85a9434ca0\"},\"headline\":\"De Milano \u00e0 Junior : Alfa Romeo a eu peur de perdre 50 % des clients\",\"datePublished\":\"2024-04-19T12:53:48+00:00\",\"dateModified\":\"2024-04-19T12:53:50+00:00\",\"mainEntityOfPage\":{\"@id\":\"https:\/\/www.italpassion.fr\/it\/alfa-romeo\/de-milano-a-junior-alfa-romeo-a-eu-peur-de-perdre-50-des-clients\/\"},\"wordCount\":478,\"commentCount\":19,\"publisher\":{\"@id\":\"https:\/\/www.italpassion.fr\/it\/#organization\"},\"image\":{\"@id\":\"https:\/\/www.italpassion.fr\/it\/alfa-romeo\/de-milano-a-junior-alfa-romeo-a-eu-peur-de-perdre-50-des-clients\/#primaryimage\"},\"thumbnailUrl\":\"https:\/\/www.italpassion.fr\/wp-content\/uploads\/2024\/04\/alfa-romeo-junior.jpg\",\"keywords\":[\"Alfa Romeo Milano\"],\"articleSection\":[\"Alfa Romeo\"],\"inLanguage\":\"it-IT\",\"potentialAction\":[{\"@type\":\"CommentAction\",\"name\":\"Comment\",\"target\":[\"https:\/\/www.italpassion.fr\/it\/alfa-romeo\/de-milano-a-junior-alfa-romeo-a-eu-peur-de-perdre-50-des-clients\/#respond\"]}]},{\"@type\":\"WebPage\",\"@id\":\"https:\/\/www.italpassion.fr\/it\/alfa-romeo\/de-milano-a-junior-alfa-romeo-a-eu-peur-de-perdre-50-des-clients\/\",\"url\":\"https:\/\/www.italpassion.fr\/it\/alfa-romeo\/de-milano-a-junior-alfa-romeo-a-eu-peur-de-perdre-50-des-clients\/\",\"name\":\"De Milano \u00e0 Junior : Alfa Romeo a eu peur de perdre 50 % des clients - ItalPassion\",\"isPartOf\":{\"@id\":\"https:\/\/www.italpassion.fr\/it\/#website\"},\"primaryImageOfPage\":{\"@id\":\"https:\/\/www.italpassion.fr\/it\/alfa-romeo\/de-milano-a-junior-alfa-romeo-a-eu-peur-de-perdre-50-des-clients\/#primaryimage\"},\"image\":{\"@id\":\"https:\/\/www.italpassion.fr\/it\/alfa-romeo\/de-milano-a-junior-alfa-romeo-a-eu-peur-de-perdre-50-des-clients\/#primaryimage\"},\"thumbnailUrl\":\"https:\/\/www.italpassion.fr\/wp-content\/uploads\/2024\/04\/alfa-romeo-junior.jpg\",\"datePublished\":\"2024-04-19T12:53:48+00:00\",\"dateModified\":\"2024-04-19T12:53:50+00:00\",\"description\":\"Le changement de nom du nouveau SUV d'Alfa Romeo, de Milano \u00e0 Junior, a \u00e9t\u00e9 un v\u00e9ritable feuilleton. Jean Philippe Imparato, le PDG de la marque, r\u00e9v\u00e8le\",\"breadcrumb\":{\"@id\":\"https:\/\/www.italpassion.fr\/it\/alfa-romeo\/de-milano-a-junior-alfa-romeo-a-eu-peur-de-perdre-50-des-clients\/#breadcrumb\"},\"inLanguage\":\"it-IT\",\"potentialAction\":[{\"@type\":\"ReadAction\",\"target\":[\"https:\/\/www.italpassion.fr\/it\/alfa-romeo\/de-milano-a-junior-alfa-romeo-a-eu-peur-de-perdre-50-des-clients\/\"]}]},{\"@type\":\"ImageObject\",\"inLanguage\":\"it-IT\",\"@id\":\"https:\/\/www.italpassion.fr\/it\/alfa-romeo\/de-milano-a-junior-alfa-romeo-a-eu-peur-de-perdre-50-des-clients\/#primaryimage\",\"url\":\"https:\/\/www.italpassion.fr\/wp-content\/uploads\/2024\/04\/alfa-romeo-junior.jpg\",\"contentUrl\":\"https:\/\/www.italpassion.fr\/wp-content\/uploads\/2024\/04\/alfa-romeo-junior.jpg\",\"width\":1200,\"height\":800},{\"@type\":\"BreadcrumbList\",\"@id\":\"https:\/\/www.italpassion.fr\/it\/alfa-romeo\/de-milano-a-junior-alfa-romeo-a-eu-peur-de-perdre-50-des-clients\/#breadcrumb\",\"itemListElement\":[{\"@type\":\"ListItem\",\"position\":1,\"name\":\"Accueil\",\"item\":\"https:\/\/www.italpassion.fr\/it\/\"},{\"@type\":\"ListItem\",\"position\":2,\"name\":\"De Milano \u00e0 Junior : Alfa Romeo a eu peur de perdre 50 % des clients\"}]},{\"@type\":\"WebSite\",\"@id\":\"https:\/\/www.italpassion.fr\/it\/#website\",\"url\":\"https:\/\/www.italpassion.fr\/it\/\",\"name\":\"ItalPassion\",\"description\":\"Les Passionn\u00e9s d&#039;Automobiles Italiennes\",\"publisher\":{\"@id\":\"https:\/\/www.italpassion.fr\/it\/#organization\"},\"potentialAction\":[{\"@type\":\"SearchAction\",\"target\":{\"@type\":\"EntryPoint\",\"urlTemplate\":\"https:\/\/www.italpassion.fr\/it\/?s={search_term_string}\"},\"query-input\":{\"@type\":\"PropertyValueSpecification\",\"valueRequired\":true,\"valueName\":\"search_term_string\"}}],\"inLanguage\":\"it-IT\"},{\"@type\":\"Organization\",\"@id\":\"https:\/\/www.italpassion.fr\/it\/#organization\",\"name\":\"Italpassion\",\"url\":\"https:\/\/www.italpassion.fr\/it\/\",\"logo\":{\"@type\":\"ImageObject\",\"inLanguage\":\"it-IT\",\"@id\":\"https:\/\/www.italpassion.fr\/it\/#\/schema\/logo\/image\/\",\"url\":\"https:\/\/www.italpassion.fr\/wp-content\/uploads\/2023\/07\/italpassion-yoast.jpg\",\"contentUrl\":\"https:\/\/www.italpassion.fr\/wp-content\/uploads\/2023\/07\/italpassion-yoast.jpg\",\"width\":696,\"height\":696,\"caption\":\"Italpassion\"},\"image\":{\"@id\":\"https:\/\/www.italpassion.fr\/it\/#\/schema\/logo\/image\/\"},\"sameAs\":[\"https:\/\/www.facebook.com\/italpassion\",\"https:\/\/x.com\/italpassion\",\"https:\/\/www.instagram.com\/italpassionfr\/\",\"https:\/\/www.youtube.com\/channel\/UCleq-ByQaA42OjhopwevRjQ\",\"https:\/\/www.facebook.com\/italpassion.en\/\",\"https:\/\/www.facebook.com\/italpassion.it\/\",\"https:\/\/www.facebook.com\/italpassion.de\/\",\"https:\/\/www.facebook.com\/italpassion.ja\/\"]},{\"@type\":\"Person\",\"@id\":\"https:\/\/www.italpassion.fr\/it\/#\/schema\/person\/36f747b2a759ca202d847e85a9434ca0\",\"name\":\"Alexandre Filluzeau\",\"image\":{\"@type\":\"ImageObject\",\"inLanguage\":\"it-IT\",\"@id\":\"https:\/\/www.italpassion.fr\/it\/#\/schema\/person\/image\/\",\"url\":\"https:\/\/www.italpassion.fr\/wp-content\/uploads\/2025\/04\/avatar-alexandre-160x160.jpg\",\"contentUrl\":\"https:\/\/www.italpassion.fr\/wp-content\/uploads\/2025\/04\/avatar-alexandre-160x160.jpg\",\"caption\":\"Alexandre Filluzeau\"},\"description\":\"Fondateur du site ItalPassion, passionn\u00e9 de voitures italiennes et de l'Italie en g\u00e9n\u00e9ral. J'apporte un regard critique et technique aux actualit\u00e9s des marques italiennes quand cela est possible. Propri\u00e9taire d'une Maserati GranTurismo, Alfa Romeo MiTo, Lancia Fulvia et Ducati 695. Ex-propri\u00e9taire d'une Alfa Romeo Giulia.\",\"sameAs\":[\"https:\/\/www.italpassion.fr\/\"],\"url\":\"https:\/\/www.italpassion.fr\/it\/author\/alexandre\/\"}]}<\/script>\n<!-- \/ Yoast SEO plugin. -->","yoast_head_json":{"title":"Da Milano a Junior: Alfa Romeo temeva di perdere 50 clienti % - ItalPassion","description":"Il cambio del nome del nuovo SUV dell'Alfa Romeo da Milano a Junior \u00e8 stata una vera e propria telenovela. Jean Philippe Imparato, Amministratore Delegato del marchio, rivela","robots":{"index":"index","follow":"follow","max-snippet":"max-snippet:-1","max-image-preview":"max-image-preview:large","max-video-preview":"max-video-preview:-1"},"canonical":"https:\/\/www.italpassion.fr\/it\/alfa-romeo\/da-milano-a-junior-lalfa-romeo-temeva-di-perdere-50-dei-suoi-clienti\/","og_locale":"it_IT","og_type":"article","og_title":"De Milano \u00e0 Junior : Alfa Romeo a eu peur de perdre 50 % des clients - ItalPassion","og_description":"Le changement de nom du nouveau SUV d'Alfa Romeo, de Milano \u00e0 Junior, a \u00e9t\u00e9 un v\u00e9ritable feuilleton. Jean Philippe Imparato, le PDG de la marque, r\u00e9v\u00e8le","og_url":"https:\/\/www.italpassion.fr\/it\/alfa-romeo\/da-milano-a-junior-lalfa-romeo-temeva-di-perdere-50-dei-suoi-clienti\/","og_site_name":"ItalPassion","article_publisher":"https:\/\/www.facebook.com\/italpassion","article_published_time":"2024-04-19T12:53:48+00:00","article_modified_time":"2024-04-19T12:53:50+00:00","og_image":[{"width":1200,"height":800,"url":"https:\/\/www.italpassion.fr\/wp-content\/uploads\/2024\/04\/alfa-romeo-junior.jpg","type":"image\/jpeg"}],"author":"Alexandre Filluzeau","twitter_card":"summary_large_image","twitter_creator":"@italpassion","twitter_site":"@italpassion","schema":{"@context":"https:\/\/schema.org","@graph":[{"@type":"NewsArticle","@id":"https:\/\/www.italpassion.fr\/it\/alfa-romeo\/de-milano-a-junior-alfa-romeo-a-eu-peur-de-perdre-50-des-clients\/#article","isPartOf":{"@id":"https:\/\/www.italpassion.fr\/it\/alfa-romeo\/de-milano-a-junior-alfa-romeo-a-eu-peur-de-perdre-50-des-clients\/"},"author":{"name":"Alexandre Filluzeau","@id":"https:\/\/www.italpassion.fr\/it\/#\/schema\/person\/36f747b2a759ca202d847e85a9434ca0"},"headline":"De Milano \u00e0 Junior : Alfa Romeo a eu peur de perdre 50 % des clients","datePublished":"2024-04-19T12:53:48+00:00","dateModified":"2024-04-19T12:53:50+00:00","mainEntityOfPage":{"@id":"https:\/\/www.italpassion.fr\/it\/alfa-romeo\/de-milano-a-junior-alfa-romeo-a-eu-peur-de-perdre-50-des-clients\/"},"wordCount":478,"commentCount":19,"publisher":{"@id":"https:\/\/www.italpassion.fr\/it\/#organization"},"image":{"@id":"https:\/\/www.italpassion.fr\/it\/alfa-romeo\/de-milano-a-junior-alfa-romeo-a-eu-peur-de-perdre-50-des-clients\/#primaryimage"},"thumbnailUrl":"https:\/\/www.italpassion.fr\/wp-content\/uploads\/2024\/04\/alfa-romeo-junior.jpg","keywords":["Alfa Romeo Milano"],"articleSection":["Alfa Romeo"],"inLanguage":"it-IT","potentialAction":[{"@type":"CommentAction","name":"Comment","target":["https:\/\/www.italpassion.fr\/it\/alfa-romeo\/de-milano-a-junior-alfa-romeo-a-eu-peur-de-perdre-50-des-clients\/#respond"]}]},{"@type":"WebPage","@id":"https:\/\/www.italpassion.fr\/it\/alfa-romeo\/de-milano-a-junior-alfa-romeo-a-eu-peur-de-perdre-50-des-clients\/","url":"https:\/\/www.italpassion.fr\/it\/alfa-romeo\/de-milano-a-junior-alfa-romeo-a-eu-peur-de-perdre-50-des-clients\/","name":"Da Milano a Junior: Alfa Romeo temeva di perdere 50 clienti % - ItalPassion","isPartOf":{"@id":"https:\/\/www.italpassion.fr\/it\/#website"},"primaryImageOfPage":{"@id":"https:\/\/www.italpassion.fr\/it\/alfa-romeo\/de-milano-a-junior-alfa-romeo-a-eu-peur-de-perdre-50-des-clients\/#primaryimage"},"image":{"@id":"https:\/\/www.italpassion.fr\/it\/alfa-romeo\/de-milano-a-junior-alfa-romeo-a-eu-peur-de-perdre-50-des-clients\/#primaryimage"},"thumbnailUrl":"https:\/\/www.italpassion.fr\/wp-content\/uploads\/2024\/04\/alfa-romeo-junior.jpg","datePublished":"2024-04-19T12:53:48+00:00","dateModified":"2024-04-19T12:53:50+00:00","description":"Il cambio del nome del nuovo SUV dell'Alfa Romeo da Milano a Junior \u00e8 stata una vera e propria telenovela. Jean Philippe Imparato, Amministratore Delegato del marchio, rivela","breadcrumb":{"@id":"https:\/\/www.italpassion.fr\/it\/alfa-romeo\/de-milano-a-junior-alfa-romeo-a-eu-peur-de-perdre-50-des-clients\/#breadcrumb"},"inLanguage":"it-IT","potentialAction":[{"@type":"ReadAction","target":["https:\/\/www.italpassion.fr\/it\/alfa-romeo\/de-milano-a-junior-alfa-romeo-a-eu-peur-de-perdre-50-des-clients\/"]}]},{"@type":"ImageObject","inLanguage":"it-IT","@id":"https:\/\/www.italpassion.fr\/it\/alfa-romeo\/de-milano-a-junior-alfa-romeo-a-eu-peur-de-perdre-50-des-clients\/#primaryimage","url":"https:\/\/www.italpassion.fr\/wp-content\/uploads\/2024\/04\/alfa-romeo-junior.jpg","contentUrl":"https:\/\/www.italpassion.fr\/wp-content\/uploads\/2024\/04\/alfa-romeo-junior.jpg","width":1200,"height":800},{"@type":"BreadcrumbList","@id":"https:\/\/www.italpassion.fr\/it\/alfa-romeo\/de-milano-a-junior-alfa-romeo-a-eu-peur-de-perdre-50-des-clients\/#breadcrumb","itemListElement":[{"@type":"ListItem","position":1,"name":"Accueil","item":"https:\/\/www.italpassion.fr\/it\/"},{"@type":"ListItem","position":2,"name":"De Milano \u00e0 Junior : Alfa Romeo a eu peur de perdre 50 % des clients"}]},{"@type":"WebSite","@id":"https:\/\/www.italpassion.fr\/it\/#website","url":"https:\/\/www.italpassion.fr\/it\/","name":"ItalPassion","description":"Appassionati di auto italiane","publisher":{"@id":"https:\/\/www.italpassion.fr\/it\/#organization"},"potentialAction":[{"@type":"SearchAction","target":{"@type":"EntryPoint","urlTemplate":"https:\/\/www.italpassion.fr\/it\/?s={search_term_string}"},"query-input":{"@type":"PropertyValueSpecification","valueRequired":true,"valueName":"search_term_string"}}],"inLanguage":"it-IT"},{"@type":"Organization","@id":"https:\/\/www.italpassion.fr\/it\/#organization","name":"Italpassion","url":"https:\/\/www.italpassion.fr\/it\/","logo":{"@type":"ImageObject","inLanguage":"it-IT","@id":"https:\/\/www.italpassion.fr\/it\/#\/schema\/logo\/image\/","url":"https:\/\/www.italpassion.fr\/wp-content\/uploads\/2023\/07\/italpassion-yoast.jpg","contentUrl":"https:\/\/www.italpassion.fr\/wp-content\/uploads\/2023\/07\/italpassion-yoast.jpg","width":696,"height":696,"caption":"Italpassion"},"image":{"@id":"https:\/\/www.italpassion.fr\/it\/#\/schema\/logo\/image\/"},"sameAs":["https:\/\/www.facebook.com\/italpassion","https:\/\/x.com\/italpassion","https:\/\/www.instagram.com\/italpassionfr\/","https:\/\/www.youtube.com\/channel\/UCleq-ByQaA42OjhopwevRjQ","https:\/\/www.facebook.com\/italpassion.en\/","https:\/\/www.facebook.com\/italpassion.it\/","https:\/\/www.facebook.com\/italpassion.de\/","https:\/\/www.facebook.com\/italpassion.ja\/"]},{"@type":"Person","@id":"https:\/\/www.italpassion.fr\/it\/#\/schema\/person\/36f747b2a759ca202d847e85a9434ca0","name":"Alexandre Filluzeau","image":{"@type":"ImageObject","inLanguage":"it-IT","@id":"https:\/\/www.italpassion.fr\/it\/#\/schema\/person\/image\/","url":"https:\/\/www.italpassion.fr\/wp-content\/uploads\/2025\/04\/avatar-alexandre-160x160.jpg","contentUrl":"https:\/\/www.italpassion.fr\/wp-content\/uploads\/2025\/04\/avatar-alexandre-160x160.jpg","caption":"Alexandre Filluzeau"},"description":"Fondatore del sito ItalPassion, appassionato di auto italiane e dell'Italia in generale. Porto un occhio critico e tecnico alle notizie dei marchi italiani, quando possibile. Proprietario di una Maserati GranTurismo, di un'Alfa Romeo MiTo, di una Lancia Fulvia e di una Ducati 695. Ex proprietario di un'Alfa Romeo Giulia.","sameAs":["https:\/\/www.italpassion.fr\/"],"url":"https:\/\/www.italpassion.fr\/it\/author\/alexandre\/"}]}},"_links":{"self":[{"href":"https:\/\/www.italpassion.fr\/it\/wp-json\/wp\/v2\/posts\/33805","targetHints":{"allow":["GET"]}}],"collection":[{"href":"https:\/\/www.italpassion.fr\/it\/wp-json\/wp\/v2\/posts"}],"about":[{"href":"https:\/\/www.italpassion.fr\/it\/wp-json\/wp\/v2\/types\/post"}],"author":[{"embeddable":true,"href":"https:\/\/www.italpassion.fr\/it\/wp-json\/wp\/v2\/users\/1"}],"replies":[{"embeddable":true,"href":"https:\/\/www.italpassion.fr\/it\/wp-json\/wp\/v2\/comments?post=33805"}],"version-history":[{"count":3,"href":"https:\/\/www.italpassion.fr\/it\/wp-json\/wp\/v2\/posts\/33805\/revisions"}],"predecessor-version":[{"id":33809,"href":"https:\/\/www.italpassion.fr\/it\/wp-json\/wp\/v2\/posts\/33805\/revisions\/33809"}],"wp:featuredmedia":[{"embeddable":true,"href":"https:\/\/www.italpassion.fr\/it\/wp-json\/wp\/v2\/media\/33806"}],"wp:attachment":[{"href":"https:\/\/www.italpassion.fr\/it\/wp-json\/wp\/v2\/media?parent=33805"}],"wp:term":[{"taxonomy":"category","embeddable":true,"href":"https:\/\/www.italpassion.fr\/it\/wp-json\/wp\/v2\/categories?post=33805"},{"taxonomy":"post_tag","embeddable":true,"href":"https:\/\/www.italpassion.fr\/it\/wp-json\/wp\/v2\/tags?post=33805"}],"curies":[{"name":"wp","href":"https:\/\/api.w.org\/{rel}","templated":true}]}}