{"id":33466,"date":"2024-03-04T21:36:27","date_gmt":"2024-03-04T20:36:27","guid":{"rendered":"https:\/\/www.italpassion.fr\/?p=33466"},"modified":"2024-03-04T21:36:29","modified_gmt":"2024-03-04T20:36:29","slug":"nuova-fiat-pandina-ecco-dove-sara-venduta","status":"publish","type":"post","link":"https:\/\/www.italpassion.fr\/it\/fiat\/nouvelle-fiat-pandina-voici-dans-quels-pays-elle-sera-commercialisee\/","title":{"rendered":"Nuova Fiat Pandina: ecco dove sar\u00e0 venduta"},"content":{"rendered":"<p><a href=\"https:\/\/www.italpassion.fr\/it\/fiat\/come-previsto-la-fiat-panda-diventa-pandina-e-si-evolve\/\">La Fiat Panda \u00e8 stata recentemente ribattezzata Fiat Pandina.<\/a>. Olivier Fran\u00e7ois, amministratore delegato di <a href=\"https:\/\/www.italpassion.fr\/it\/fiat\/\">FIAT<\/a>ha espresso il profondo affetto che gli italiani nutrono per questo modello. <strong>La produzione di Pandina,<\/strong> previsto fino ad almeno il 2027 presso lo stabilimento di Pomigliano d'Arco, promette<strong> un aumento di 20 % <\/strong>per soddisfare la crescente domanda.<\/p>\n\n\n\n<figure class=\"wp-block-image size-large\"><img loading=\"lazy\" decoding=\"async\" width=\"1024\" height=\"683\" src=\"https:\/\/www.italpassion.fr\/wp-content\/uploads\/2024\/02\/fiat-pandina-1-1-1024x683.jpg\" alt=\"fiat-pandina-1-1\" class=\"wp-image-33449\" srcset=\"https:\/\/www.italpassion.fr\/wp-content\/uploads\/2024\/02\/fiat-pandina-1-1-1024x683.jpg 1024w, https:\/\/www.italpassion.fr\/wp-content\/uploads\/2024\/02\/fiat-pandina-1-1-300x200.jpg 300w, https:\/\/www.italpassion.fr\/wp-content\/uploads\/2024\/02\/fiat-pandina-1-1-768x512.jpg 768w, https:\/\/www.italpassion.fr\/wp-content\/uploads\/2024\/02\/fiat-pandina-1-1-18x12.jpg 18w, https:\/\/www.italpassion.fr\/wp-content\/uploads\/2024\/02\/fiat-pandina-1-1-561x374.jpg 561w, https:\/\/www.italpassion.fr\/wp-content\/uploads\/2024\/02\/fiat-pandina-1-1-1122x748.jpg 1122w, https:\/\/www.italpassion.fr\/wp-content\/uploads\/2024\/02\/fiat-pandina-1-1-265x177.jpg 265w, https:\/\/www.italpassion.fr\/wp-content\/uploads\/2024\/02\/fiat-pandina-1-1-531x354.jpg 531w, https:\/\/www.italpassion.fr\/wp-content\/uploads\/2024\/02\/fiat-pandina-1-1-364x243.jpg 364w, https:\/\/www.italpassion.fr\/wp-content\/uploads\/2024\/02\/fiat-pandina-1-1-728x485.jpg 728w, https:\/\/www.italpassion.fr\/wp-content\/uploads\/2024\/02\/fiat-pandina-1-1-608x405.jpg 608w, https:\/\/www.italpassion.fr\/wp-content\/uploads\/2024\/02\/fiat-pandina-1-1-758x505.jpg 758w, https:\/\/www.italpassion.fr\/wp-content\/uploads\/2024\/02\/fiat-pandina-1-1-1152x768.jpg 1152w, https:\/\/www.italpassion.fr\/wp-content\/uploads\/2024\/02\/fiat-pandina-1-1-600x400.jpg 600w, https:\/\/www.italpassion.fr\/wp-content\/uploads\/2024\/02\/fiat-pandina-1-1.jpg 1200w\" sizes=\"auto, (max-width: 1024px) 100vw, 1024px\" \/><\/figure>\n\n\n\n<p><strong>La nuova Pandina vanta una serie di nuove caratteristiche.<\/strong> \u00c8 dotata di sistemi avanzati di assistenza alla guida (ADAS) e di un quadro strumenti completamente digitale. Per quanto riguarda il design, la nuova plancia verniciata di bianco, i sedili impreziositi dal logo \"Pandina\" e le nuove opzioni di colore, tra cui il giallo Positano e le combinazioni bicolore, ne esaltano l'aspetto.<\/p>\n\n\n\n<figure class=\"wp-block-image size-large\"><img loading=\"lazy\" decoding=\"async\" width=\"1024\" height=\"683\" src=\"https:\/\/www.italpassion.fr\/wp-content\/uploads\/2024\/02\/fiat-pandina-6-1024x683.jpg\" alt=\"\" class=\"wp-image-33454\" srcset=\"https:\/\/www.italpassion.fr\/wp-content\/uploads\/2024\/02\/fiat-pandina-6-1024x683.jpg 1024w, https:\/\/www.italpassion.fr\/wp-content\/uploads\/2024\/02\/fiat-pandina-6-300x200.jpg 300w, https:\/\/www.italpassion.fr\/wp-content\/uploads\/2024\/02\/fiat-pandina-6-768x512.jpg 768w, https:\/\/www.italpassion.fr\/wp-content\/uploads\/2024\/02\/fiat-pandina-6-18x12.jpg 18w, https:\/\/www.italpassion.fr\/wp-content\/uploads\/2024\/02\/fiat-pandina-6-561x374.jpg 561w, https:\/\/www.italpassion.fr\/wp-content\/uploads\/2024\/02\/fiat-pandina-6-1122x748.jpg 1122w, https:\/\/www.italpassion.fr\/wp-content\/uploads\/2024\/02\/fiat-pandina-6-265x177.jpg 265w, https:\/\/www.italpassion.fr\/wp-content\/uploads\/2024\/02\/fiat-pandina-6-531x354.jpg 531w, https:\/\/www.italpassion.fr\/wp-content\/uploads\/2024\/02\/fiat-pandina-6-364x243.jpg 364w, https:\/\/www.italpassion.fr\/wp-content\/uploads\/2024\/02\/fiat-pandina-6-728x485.jpg 728w, https:\/\/www.italpassion.fr\/wp-content\/uploads\/2024\/02\/fiat-pandina-6-608x405.jpg 608w, https:\/\/www.italpassion.fr\/wp-content\/uploads\/2024\/02\/fiat-pandina-6-758x505.jpg 758w, https:\/\/www.italpassion.fr\/wp-content\/uploads\/2024\/02\/fiat-pandina-6-1152x768.jpg 1152w, https:\/\/www.italpassion.fr\/wp-content\/uploads\/2024\/02\/fiat-pandina-6-600x400.jpg 600w, https:\/\/www.italpassion.fr\/wp-content\/uploads\/2024\/02\/fiat-pandina-6.jpg 1200w\" sizes=\"auto, (max-width: 1024px) 100vw, 1024px\" \/><\/figure>\n\n\n\n<p>Mentre il<strong> disponibilit\u00e0 di questo modello al di fuori dell'Italia <\/strong>che pu\u00f2 aver sollevato dubbi, \u00e8 arrivata una foto a chiarire la situazione. Grazie a Luc, un fedele lettore di Italpassion, sappiamo ora che <strong>la Fiat Pandina sar\u00e0 venduta in dieci paesi europei<\/strong> Italia, Francia, Paesi Bassi, Austria, Belgio, Portogallo, Polonia, Svizzera, Germania e Spagna. Questo spiega il previsto aumento delle vendite di 20 %.<\/p>\n\n\n\n<figure class=\"wp-block-image size-large\"><img loading=\"lazy\" decoding=\"async\" width=\"1024\" height=\"574\" src=\"https:\/\/www.italpassion.fr\/wp-content\/uploads\/2024\/03\/fiat-pandina-pays-1024x574.jpg\" alt=\"\" class=\"wp-image-33467\" srcset=\"https:\/\/www.italpassion.fr\/wp-content\/uploads\/2024\/03\/fiat-pandina-pays-1024x574.jpg 1024w, https:\/\/www.italpassion.fr\/wp-content\/uploads\/2024\/03\/fiat-pandina-pays-300x168.jpg 300w, https:\/\/www.italpassion.fr\/wp-content\/uploads\/2024\/03\/fiat-pandina-pays-768x430.jpg 768w, https:\/\/www.italpassion.fr\/wp-content\/uploads\/2024\/03\/fiat-pandina-pays-18x10.jpg 18w, https:\/\/www.italpassion.fr\/wp-content\/uploads\/2024\/03\/fiat-pandina-pays-192x108.jpg 192w, https:\/\/www.italpassion.fr\/wp-content\/uploads\/2024\/03\/fiat-pandina-pays-384x216.jpg 384w, https:\/\/www.italpassion.fr\/wp-content\/uploads\/2024\/03\/fiat-pandina-pays-364x205.jpg 364w, https:\/\/www.italpassion.fr\/wp-content\/uploads\/2024\/03\/fiat-pandina-pays-728x409.jpg 728w, https:\/\/www.italpassion.fr\/wp-content\/uploads\/2024\/03\/fiat-pandina-pays-561x314.jpg 561w, https:\/\/www.italpassion.fr\/wp-content\/uploads\/2024\/03\/fiat-pandina-pays-1122x629.jpg 1122w, https:\/\/www.italpassion.fr\/wp-content\/uploads\/2024\/03\/fiat-pandina-pays-265x149.jpg 265w, https:\/\/www.italpassion.fr\/wp-content\/uploads\/2024\/03\/fiat-pandina-pays-531x298.jpg 531w, https:\/\/www.italpassion.fr\/wp-content\/uploads\/2024\/03\/fiat-pandina-pays-608x341.jpg 608w, https:\/\/www.italpassion.fr\/wp-content\/uploads\/2024\/03\/fiat-pandina-pays-758x426.jpg 758w, https:\/\/www.italpassion.fr\/wp-content\/uploads\/2024\/03\/fiat-pandina-pays-1152x646.jpg 1152w, https:\/\/www.italpassion.fr\/wp-content\/uploads\/2024\/03\/fiat-pandina-pays-600x336.jpg 600w, https:\/\/www.italpassion.fr\/wp-content\/uploads\/2024\/03\/fiat-pandina-pays.jpg 1440w\" sizes=\"auto, (max-width: 1024px) 100vw, 1024px\" \/><\/figure>\n\n\n\n<p>La decisione di Fiat di offrire la Pandina in questi paesi non solo riflette <strong>la popolarit\u00e0 del modello,<\/strong> ma anche una strategia di distribuzione attenta alle caratteristiche specifiche di ogni mercato. Mentre la versione a combustione interna di alcuni modelli Fiat sta diventando rara in alcuni Paesi, la Francia, ad esempio, privilegia le versioni elettriche. Il passaggio ai veicoli elettrici sar\u00e0 confermato nel luglio 2024, con il lancio di una Panda completamente elettrica.<\/p>\n\n\n\n<p>Con la disponibilit\u00e0 in 10 Paesi, la nuova Fiat Pandina continuer\u00e0 ad essere apprezzata da un pubblico ancora pi\u00f9 vasto, a un prezzo pi\u00f9 che mai competitivo.<\/p>","protected":false},"excerpt":{"rendered":"","protected":false},"author":1,"featured_media":33449,"comment_status":"open","ping_status":"open","sticky":false,"template":"","format":"standard","meta":{"_acf_changed":false,"_sitemap_exclude":false,"_sitemap_priority":"","_sitemap_frequency":"","footnotes":""},"categories":[24],"tags":[372],"class_list":["post-33466","post","type-post","status-publish","format-standard","has-post-thumbnail","hentry","category-fiat","tag-fiat-pandina","generate-columns","tablet-grid-50","mobile-grid-100","grid-parent","grid-33"],"acf":[],"yoast_head":"<!-- This site is optimized with the Yoast SEO plugin v25.8 - https:\/\/yoast.com\/wordpress\/plugins\/seo\/ -->\n<title>Nouvelle Fiat Pandina : voici dans quels pays elle sera commercialis\u00e9e - ItalPassion<\/title>\n<meta name=\"description\" content=\"La Fiat Panda a r\u00e9cemment \u00e9t\u00e9 renomm\u00e9e en Fiat Pandina. D\u00e9voil\u00e9e le 29 f\u00e9vrier lors d&#039;une conf\u00e9rence de presse, Olivier Fran\u00e7ois, le CEO de FIAT, a\" \/>\n<meta name=\"robots\" content=\"index, follow, max-snippet:-1, max-image-preview:large, max-video-preview:-1\" \/>\n<link rel=\"canonical\" href=\"https:\/\/www.italpassion.fr\/it\/fiat\/nuova-fiat-pandina-ecco-dove-sara-venduta\/\" \/>\n<meta property=\"og:locale\" content=\"it_IT\" \/>\n<meta property=\"og:type\" content=\"article\" \/>\n<meta property=\"og:title\" content=\"Nouvelle Fiat Pandina : voici dans quels pays elle sera commercialis\u00e9e - ItalPassion\" \/>\n<meta property=\"og:description\" content=\"La Fiat Panda a r\u00e9cemment \u00e9t\u00e9 renomm\u00e9e en Fiat Pandina. D\u00e9voil\u00e9e le 29 f\u00e9vrier lors d&#039;une conf\u00e9rence de presse, Olivier Fran\u00e7ois, le CEO de FIAT, a\" \/>\n<meta property=\"og:url\" content=\"https:\/\/www.italpassion.fr\/it\/fiat\/nuova-fiat-pandina-ecco-dove-sara-venduta\/\" \/>\n<meta property=\"og:site_name\" content=\"ItalPassion\" \/>\n<meta property=\"article:publisher\" content=\"https:\/\/www.facebook.com\/italpassion\" \/>\n<meta property=\"article:published_time\" content=\"2024-03-04T20:36:27+00:00\" \/>\n<meta property=\"article:modified_time\" content=\"2024-03-04T20:36:29+00:00\" \/>\n<meta property=\"og:image\" content=\"https:\/\/www.italpassion.fr\/wp-content\/uploads\/2024\/02\/fiat-pandina-1-1.jpg\" \/>\n\t<meta property=\"og:image:width\" content=\"1200\" \/>\n\t<meta property=\"og:image:height\" content=\"800\" \/>\n\t<meta property=\"og:image:type\" content=\"image\/jpeg\" \/>\n<meta name=\"author\" content=\"Alexandre Filluzeau\" \/>\n<meta name=\"twitter:card\" content=\"summary_large_image\" \/>\n<meta name=\"twitter:creator\" content=\"@italpassion\" \/>\n<meta name=\"twitter:site\" content=\"@italpassion\" \/>\n<script type=\"application\/ld+json\" class=\"yoast-schema-graph\">{\"@context\":\"https:\/\/schema.org\",\"@graph\":[{\"@type\":\"NewsArticle\",\"@id\":\"https:\/\/www.italpassion.fr\/it\/fiat\/nouvelle-fiat-pandina-voici-dans-quels-pays-elle-sera-commercialisee\/#article\",\"isPartOf\":{\"@id\":\"https:\/\/www.italpassion.fr\/it\/fiat\/nouvelle-fiat-pandina-voici-dans-quels-pays-elle-sera-commercialisee\/\"},\"author\":{\"name\":\"Alexandre Filluzeau\",\"@id\":\"https:\/\/www.italpassion.fr\/it\/#\/schema\/person\/36f747b2a759ca202d847e85a9434ca0\"},\"headline\":\"Nouvelle Fiat Pandina : voici dans quels pays elle sera commercialis\u00e9e\",\"datePublished\":\"2024-03-04T20:36:27+00:00\",\"dateModified\":\"2024-03-04T20:36:29+00:00\",\"mainEntityOfPage\":{\"@id\":\"https:\/\/www.italpassion.fr\/it\/fiat\/nouvelle-fiat-pandina-voici-dans-quels-pays-elle-sera-commercialisee\/\"},\"wordCount\":328,\"commentCount\":14,\"publisher\":{\"@id\":\"https:\/\/www.italpassion.fr\/it\/#organization\"},\"image\":{\"@id\":\"https:\/\/www.italpassion.fr\/it\/fiat\/nouvelle-fiat-pandina-voici-dans-quels-pays-elle-sera-commercialisee\/#primaryimage\"},\"thumbnailUrl\":\"https:\/\/www.italpassion.fr\/wp-content\/uploads\/2024\/02\/fiat-pandina-1-1.jpg\",\"keywords\":[\"Fiat Pandina\"],\"articleSection\":[\"Fiat\"],\"inLanguage\":\"it-IT\",\"potentialAction\":[{\"@type\":\"CommentAction\",\"name\":\"Comment\",\"target\":[\"https:\/\/www.italpassion.fr\/it\/fiat\/nouvelle-fiat-pandina-voici-dans-quels-pays-elle-sera-commercialisee\/#respond\"]}]},{\"@type\":\"WebPage\",\"@id\":\"https:\/\/www.italpassion.fr\/it\/fiat\/nouvelle-fiat-pandina-voici-dans-quels-pays-elle-sera-commercialisee\/\",\"url\":\"https:\/\/www.italpassion.fr\/it\/fiat\/nouvelle-fiat-pandina-voici-dans-quels-pays-elle-sera-commercialisee\/\",\"name\":\"Nouvelle Fiat Pandina : voici dans quels pays elle sera commercialis\u00e9e - ItalPassion\",\"isPartOf\":{\"@id\":\"https:\/\/www.italpassion.fr\/it\/#website\"},\"primaryImageOfPage\":{\"@id\":\"https:\/\/www.italpassion.fr\/it\/fiat\/nouvelle-fiat-pandina-voici-dans-quels-pays-elle-sera-commercialisee\/#primaryimage\"},\"image\":{\"@id\":\"https:\/\/www.italpassion.fr\/it\/fiat\/nouvelle-fiat-pandina-voici-dans-quels-pays-elle-sera-commercialisee\/#primaryimage\"},\"thumbnailUrl\":\"https:\/\/www.italpassion.fr\/wp-content\/uploads\/2024\/02\/fiat-pandina-1-1.jpg\",\"datePublished\":\"2024-03-04T20:36:27+00:00\",\"dateModified\":\"2024-03-04T20:36:29+00:00\",\"description\":\"La Fiat Panda a r\u00e9cemment \u00e9t\u00e9 renomm\u00e9e en Fiat Pandina. D\u00e9voil\u00e9e le 29 f\u00e9vrier lors d'une conf\u00e9rence de presse, Olivier Fran\u00e7ois, le CEO de FIAT, a\",\"breadcrumb\":{\"@id\":\"https:\/\/www.italpassion.fr\/it\/fiat\/nouvelle-fiat-pandina-voici-dans-quels-pays-elle-sera-commercialisee\/#breadcrumb\"},\"inLanguage\":\"it-IT\",\"potentialAction\":[{\"@type\":\"ReadAction\",\"target\":[\"https:\/\/www.italpassion.fr\/it\/fiat\/nouvelle-fiat-pandina-voici-dans-quels-pays-elle-sera-commercialisee\/\"]}]},{\"@type\":\"ImageObject\",\"inLanguage\":\"it-IT\",\"@id\":\"https:\/\/www.italpassion.fr\/it\/fiat\/nouvelle-fiat-pandina-voici-dans-quels-pays-elle-sera-commercialisee\/#primaryimage\",\"url\":\"https:\/\/www.italpassion.fr\/wp-content\/uploads\/2024\/02\/fiat-pandina-1-1.jpg\",\"contentUrl\":\"https:\/\/www.italpassion.fr\/wp-content\/uploads\/2024\/02\/fiat-pandina-1-1.jpg\",\"width\":1200,\"height\":800,\"caption\":\"fiat-pandina-1-1\"},{\"@type\":\"BreadcrumbList\",\"@id\":\"https:\/\/www.italpassion.fr\/it\/fiat\/nouvelle-fiat-pandina-voici-dans-quels-pays-elle-sera-commercialisee\/#breadcrumb\",\"itemListElement\":[{\"@type\":\"ListItem\",\"position\":1,\"name\":\"Accueil\",\"item\":\"https:\/\/www.italpassion.fr\/it\/\"},{\"@type\":\"ListItem\",\"position\":2,\"name\":\"Nouvelle Fiat Pandina : voici dans quels pays elle sera commercialis\u00e9e\"}]},{\"@type\":\"WebSite\",\"@id\":\"https:\/\/www.italpassion.fr\/it\/#website\",\"url\":\"https:\/\/www.italpassion.fr\/it\/\",\"name\":\"ItalPassion\",\"description\":\"Les Passionn\u00e9s d&#039;Automobiles Italiennes\",\"publisher\":{\"@id\":\"https:\/\/www.italpassion.fr\/it\/#organization\"},\"potentialAction\":[{\"@type\":\"SearchAction\",\"target\":{\"@type\":\"EntryPoint\",\"urlTemplate\":\"https:\/\/www.italpassion.fr\/it\/?s={search_term_string}\"},\"query-input\":{\"@type\":\"PropertyValueSpecification\",\"valueRequired\":true,\"valueName\":\"search_term_string\"}}],\"inLanguage\":\"it-IT\"},{\"@type\":\"Organization\",\"@id\":\"https:\/\/www.italpassion.fr\/it\/#organization\",\"name\":\"Italpassion\",\"url\":\"https:\/\/www.italpassion.fr\/it\/\",\"logo\":{\"@type\":\"ImageObject\",\"inLanguage\":\"it-IT\",\"@id\":\"https:\/\/www.italpassion.fr\/it\/#\/schema\/logo\/image\/\",\"url\":\"https:\/\/www.italpassion.fr\/wp-content\/uploads\/2023\/07\/italpassion-yoast.jpg\",\"contentUrl\":\"https:\/\/www.italpassion.fr\/wp-content\/uploads\/2023\/07\/italpassion-yoast.jpg\",\"width\":696,\"height\":696,\"caption\":\"Italpassion\"},\"image\":{\"@id\":\"https:\/\/www.italpassion.fr\/it\/#\/schema\/logo\/image\/\"},\"sameAs\":[\"https:\/\/www.facebook.com\/italpassion\",\"https:\/\/x.com\/italpassion\",\"https:\/\/www.instagram.com\/italpassionfr\/\",\"https:\/\/www.youtube.com\/channel\/UCleq-ByQaA42OjhopwevRjQ\",\"https:\/\/www.facebook.com\/italpassion.en\/\",\"https:\/\/www.facebook.com\/italpassion.it\/\",\"https:\/\/www.facebook.com\/italpassion.de\/\",\"https:\/\/www.facebook.com\/italpassion.ja\/\"]},{\"@type\":\"Person\",\"@id\":\"https:\/\/www.italpassion.fr\/it\/#\/schema\/person\/36f747b2a759ca202d847e85a9434ca0\",\"name\":\"Alexandre Filluzeau\",\"image\":{\"@type\":\"ImageObject\",\"inLanguage\":\"it-IT\",\"@id\":\"https:\/\/www.italpassion.fr\/it\/#\/schema\/person\/image\/\",\"url\":\"https:\/\/www.italpassion.fr\/wp-content\/uploads\/2025\/04\/avatar-alexandre-160x160.jpg\",\"contentUrl\":\"https:\/\/www.italpassion.fr\/wp-content\/uploads\/2025\/04\/avatar-alexandre-160x160.jpg\",\"caption\":\"Alexandre Filluzeau\"},\"description\":\"Fondateur du site ItalPassion, passionn\u00e9 de voitures italiennes et de l'Italie en g\u00e9n\u00e9ral. J'apporte un regard critique et technique aux actualit\u00e9s des marques italiennes quand cela est possible. Propri\u00e9taire d'une Maserati GranTurismo, Alfa Romeo MiTo, Lancia Fulvia et Ducati 695. Ex-propri\u00e9taire d'une Alfa Romeo Giulia.\",\"sameAs\":[\"https:\/\/www.italpassion.fr\/\"],\"url\":\"https:\/\/www.italpassion.fr\/it\/author\/alexandre\/\"}]}<\/script>\n<!-- \/ Yoast SEO plugin. -->","yoast_head_json":{"title":"Nuova Fiat Pandina: ecco dove sar\u00e0 venduta - ItalPassion","description":"La Fiat Panda \u00e8 stata recentemente ribattezzata Fiat Pandina. Il 29 febbraio, in occasione di una conferenza stampa, l'amministratore delegato di FIAT Olivier Fran\u00e7ois","robots":{"index":"index","follow":"follow","max-snippet":"max-snippet:-1","max-image-preview":"max-image-preview:large","max-video-preview":"max-video-preview:-1"},"canonical":"https:\/\/www.italpassion.fr\/it\/fiat\/nuova-fiat-pandina-ecco-dove-sara-venduta\/","og_locale":"it_IT","og_type":"article","og_title":"Nouvelle Fiat Pandina : voici dans quels pays elle sera commercialis\u00e9e - ItalPassion","og_description":"La Fiat Panda a r\u00e9cemment \u00e9t\u00e9 renomm\u00e9e en Fiat Pandina. D\u00e9voil\u00e9e le 29 f\u00e9vrier lors d'une conf\u00e9rence de presse, Olivier Fran\u00e7ois, le CEO de FIAT, a","og_url":"https:\/\/www.italpassion.fr\/it\/fiat\/nuova-fiat-pandina-ecco-dove-sara-venduta\/","og_site_name":"ItalPassion","article_publisher":"https:\/\/www.facebook.com\/italpassion","article_published_time":"2024-03-04T20:36:27+00:00","article_modified_time":"2024-03-04T20:36:29+00:00","og_image":[{"width":1200,"height":800,"url":"https:\/\/www.italpassion.fr\/wp-content\/uploads\/2024\/02\/fiat-pandina-1-1.jpg","type":"image\/jpeg"}],"author":"Alexandre Filluzeau","twitter_card":"summary_large_image","twitter_creator":"@italpassion","twitter_site":"@italpassion","schema":{"@context":"https:\/\/schema.org","@graph":[{"@type":"NewsArticle","@id":"https:\/\/www.italpassion.fr\/it\/fiat\/nouvelle-fiat-pandina-voici-dans-quels-pays-elle-sera-commercialisee\/#article","isPartOf":{"@id":"https:\/\/www.italpassion.fr\/it\/fiat\/nouvelle-fiat-pandina-voici-dans-quels-pays-elle-sera-commercialisee\/"},"author":{"name":"Alexandre Filluzeau","@id":"https:\/\/www.italpassion.fr\/it\/#\/schema\/person\/36f747b2a759ca202d847e85a9434ca0"},"headline":"Nouvelle Fiat Pandina : voici dans quels pays elle sera commercialis\u00e9e","datePublished":"2024-03-04T20:36:27+00:00","dateModified":"2024-03-04T20:36:29+00:00","mainEntityOfPage":{"@id":"https:\/\/www.italpassion.fr\/it\/fiat\/nouvelle-fiat-pandina-voici-dans-quels-pays-elle-sera-commercialisee\/"},"wordCount":328,"commentCount":14,"publisher":{"@id":"https:\/\/www.italpassion.fr\/it\/#organization"},"image":{"@id":"https:\/\/www.italpassion.fr\/it\/fiat\/nouvelle-fiat-pandina-voici-dans-quels-pays-elle-sera-commercialisee\/#primaryimage"},"thumbnailUrl":"https:\/\/www.italpassion.fr\/wp-content\/uploads\/2024\/02\/fiat-pandina-1-1.jpg","keywords":["Fiat Pandina"],"articleSection":["Fiat"],"inLanguage":"it-IT","potentialAction":[{"@type":"CommentAction","name":"Comment","target":["https:\/\/www.italpassion.fr\/it\/fiat\/nouvelle-fiat-pandina-voici-dans-quels-pays-elle-sera-commercialisee\/#respond"]}]},{"@type":"WebPage","@id":"https:\/\/www.italpassion.fr\/it\/fiat\/nouvelle-fiat-pandina-voici-dans-quels-pays-elle-sera-commercialisee\/","url":"https:\/\/www.italpassion.fr\/it\/fiat\/nouvelle-fiat-pandina-voici-dans-quels-pays-elle-sera-commercialisee\/","name":"Nuova Fiat Pandina: ecco dove sar\u00e0 venduta - ItalPassion","isPartOf":{"@id":"https:\/\/www.italpassion.fr\/it\/#website"},"primaryImageOfPage":{"@id":"https:\/\/www.italpassion.fr\/it\/fiat\/nouvelle-fiat-pandina-voici-dans-quels-pays-elle-sera-commercialisee\/#primaryimage"},"image":{"@id":"https:\/\/www.italpassion.fr\/it\/fiat\/nouvelle-fiat-pandina-voici-dans-quels-pays-elle-sera-commercialisee\/#primaryimage"},"thumbnailUrl":"https:\/\/www.italpassion.fr\/wp-content\/uploads\/2024\/02\/fiat-pandina-1-1.jpg","datePublished":"2024-03-04T20:36:27+00:00","dateModified":"2024-03-04T20:36:29+00:00","description":"La Fiat Panda \u00e8 stata recentemente ribattezzata Fiat Pandina. Il 29 febbraio, in occasione di una conferenza stampa, l'amministratore delegato di FIAT Olivier Fran\u00e7ois","breadcrumb":{"@id":"https:\/\/www.italpassion.fr\/it\/fiat\/nouvelle-fiat-pandina-voici-dans-quels-pays-elle-sera-commercialisee\/#breadcrumb"},"inLanguage":"it-IT","potentialAction":[{"@type":"ReadAction","target":["https:\/\/www.italpassion.fr\/it\/fiat\/nouvelle-fiat-pandina-voici-dans-quels-pays-elle-sera-commercialisee\/"]}]},{"@type":"ImageObject","inLanguage":"it-IT","@id":"https:\/\/www.italpassion.fr\/it\/fiat\/nouvelle-fiat-pandina-voici-dans-quels-pays-elle-sera-commercialisee\/#primaryimage","url":"https:\/\/www.italpassion.fr\/wp-content\/uploads\/2024\/02\/fiat-pandina-1-1.jpg","contentUrl":"https:\/\/www.italpassion.fr\/wp-content\/uploads\/2024\/02\/fiat-pandina-1-1.jpg","width":1200,"height":800,"caption":"fiat-pandina-1-1"},{"@type":"BreadcrumbList","@id":"https:\/\/www.italpassion.fr\/it\/fiat\/nouvelle-fiat-pandina-voici-dans-quels-pays-elle-sera-commercialisee\/#breadcrumb","itemListElement":[{"@type":"ListItem","position":1,"name":"Accueil","item":"https:\/\/www.italpassion.fr\/it\/"},{"@type":"ListItem","position":2,"name":"Nouvelle Fiat Pandina : voici dans quels pays elle sera commercialis\u00e9e"}]},{"@type":"WebSite","@id":"https:\/\/www.italpassion.fr\/it\/#website","url":"https:\/\/www.italpassion.fr\/it\/","name":"ItalPassion","description":"Appassionati di auto italiane","publisher":{"@id":"https:\/\/www.italpassion.fr\/it\/#organization"},"potentialAction":[{"@type":"SearchAction","target":{"@type":"EntryPoint","urlTemplate":"https:\/\/www.italpassion.fr\/it\/?s={search_term_string}"},"query-input":{"@type":"PropertyValueSpecification","valueRequired":true,"valueName":"search_term_string"}}],"inLanguage":"it-IT"},{"@type":"Organization","@id":"https:\/\/www.italpassion.fr\/it\/#organization","name":"Italpassion","url":"https:\/\/www.italpassion.fr\/it\/","logo":{"@type":"ImageObject","inLanguage":"it-IT","@id":"https:\/\/www.italpassion.fr\/it\/#\/schema\/logo\/image\/","url":"https:\/\/www.italpassion.fr\/wp-content\/uploads\/2023\/07\/italpassion-yoast.jpg","contentUrl":"https:\/\/www.italpassion.fr\/wp-content\/uploads\/2023\/07\/italpassion-yoast.jpg","width":696,"height":696,"caption":"Italpassion"},"image":{"@id":"https:\/\/www.italpassion.fr\/it\/#\/schema\/logo\/image\/"},"sameAs":["https:\/\/www.facebook.com\/italpassion","https:\/\/x.com\/italpassion","https:\/\/www.instagram.com\/italpassionfr\/","https:\/\/www.youtube.com\/channel\/UCleq-ByQaA42OjhopwevRjQ","https:\/\/www.facebook.com\/italpassion.en\/","https:\/\/www.facebook.com\/italpassion.it\/","https:\/\/www.facebook.com\/italpassion.de\/","https:\/\/www.facebook.com\/italpassion.ja\/"]},{"@type":"Person","@id":"https:\/\/www.italpassion.fr\/it\/#\/schema\/person\/36f747b2a759ca202d847e85a9434ca0","name":"Alexandre Filluzeau","image":{"@type":"ImageObject","inLanguage":"it-IT","@id":"https:\/\/www.italpassion.fr\/it\/#\/schema\/person\/image\/","url":"https:\/\/www.italpassion.fr\/wp-content\/uploads\/2025\/04\/avatar-alexandre-160x160.jpg","contentUrl":"https:\/\/www.italpassion.fr\/wp-content\/uploads\/2025\/04\/avatar-alexandre-160x160.jpg","caption":"Alexandre Filluzeau"},"description":"Fondatore del sito ItalPassion, appassionato di auto italiane e dell'Italia in generale. Porto un occhio critico e tecnico alle notizie dei marchi italiani, quando possibile. Proprietario di una Maserati GranTurismo, di un'Alfa Romeo MiTo, di una Lancia Fulvia e di una Ducati 695. Ex proprietario di un'Alfa Romeo Giulia.","sameAs":["https:\/\/www.italpassion.fr\/"],"url":"https:\/\/www.italpassion.fr\/it\/author\/alexandre\/"}]}},"_links":{"self":[{"href":"https:\/\/www.italpassion.fr\/it\/wp-json\/wp\/v2\/posts\/33466","targetHints":{"allow":["GET"]}}],"collection":[{"href":"https:\/\/www.italpassion.fr\/it\/wp-json\/wp\/v2\/posts"}],"about":[{"href":"https:\/\/www.italpassion.fr\/it\/wp-json\/wp\/v2\/types\/post"}],"author":[{"embeddable":true,"href":"https:\/\/www.italpassion.fr\/it\/wp-json\/wp\/v2\/users\/1"}],"replies":[{"embeddable":true,"href":"https:\/\/www.italpassion.fr\/it\/wp-json\/wp\/v2\/comments?post=33466"}],"version-history":[{"count":2,"href":"https:\/\/www.italpassion.fr\/it\/wp-json\/wp\/v2\/posts\/33466\/revisions"}],"predecessor-version":[{"id":33469,"href":"https:\/\/www.italpassion.fr\/it\/wp-json\/wp\/v2\/posts\/33466\/revisions\/33469"}],"wp:featuredmedia":[{"embeddable":true,"href":"https:\/\/www.italpassion.fr\/it\/wp-json\/wp\/v2\/media\/33449"}],"wp:attachment":[{"href":"https:\/\/www.italpassion.fr\/it\/wp-json\/wp\/v2\/media?parent=33466"}],"wp:term":[{"taxonomy":"category","embeddable":true,"href":"https:\/\/www.italpassion.fr\/it\/wp-json\/wp\/v2\/categories?post=33466"},{"taxonomy":"post_tag","embeddable":true,"href":"https:\/\/www.italpassion.fr\/it\/wp-json\/wp\/v2\/tags?post=33466"}],"curies":[{"name":"wp","href":"https:\/\/api.w.org\/{rel}","templated":true}]}}