{"id":33407,"date":"2024-02-25T22:13:32","date_gmt":"2024-02-25T21:13:32","guid":{"rendered":"https:\/\/www.italpassion.fr\/?p=33407"},"modified":"2024-02-25T22:13:34","modified_gmt":"2024-02-25T21:13:34","slug":"fiat-conferma-la-sua-roadmap-con-i-concept-e-prende-in-giro-il-salone-di-ginevra","status":"publish","type":"post","link":"https:\/\/www.italpassion.fr\/it\/fiat\/fiat-confirme-sa-roadmap-avec-des-concepts-et-se-moque-du-salon-auto-de-geneve\/","title":{"rendered":"Fiat conferma la sua roadmap con i concept (e prende in giro il Salone di Ginevra)"},"content":{"rendered":"<p>Finalmente un po' di comunicazione che fa piacere vedere. <a href=\"https:\/\/www.italpassion.fr\/it\/fiat\/\">Fiat<\/a> ha appena confermato, in video, la<strong>L'azienda continuer\u00e0 a sviluppare nuovi modelli della sua gamma fino al 2027. <\/strong>Attraverso il suo amministratore delegato, Olivier Fran\u00e7ois, che sale sul palco di un autentico caff\u00e8 italiano nel cuore di Parigi. <strong>citt\u00e0 di Ginevra<\/strong>Scopriamo qualcosa di pi\u00f9 sulla gamma futura fino al 2027, con un focus su <strong>\"funzionalit\u00e0 per piacere\".<\/strong><\/p>\n\n\n\n<p>Una serie di concetti accompagna ogni annuncio. Si noti che tutti questi <strong>I modelli saranno disponibili in tutto il mondo e i modelli multi-energia<\/strong>Sono disponibili nelle versioni elettrica, ibrida e a combustione interna. Si noti che ci\u00f2 non significa che tutti questi motori saranno offerti in tutte le regioni...<\/p>\n\n\n\n<p>In altre notizie, sono stati svelati 5 concetti e <strong>l'ordine in cui i concetti sono presentati nel video non corrisponde automaticamente all'ordine in cui vengono lanciati. <\/strong>Inoltre, sono previsti 5 concept per i prossimi 4 anni, al ritmo di un lancio all'anno... capito?<\/p>\n\n\n\n<p>Senza ulteriori indugi, ecco i futuri modelli Fiat, nell'ordine in cui si prevede che saranno lanciati grazie all'articolo precedente <a href=\"https:\/\/www.italpassion.fr\/it\/fiat\/fiat-esclude-i-modelli-futuri-fino-al-2029\/\">Tabella di marcia Fiat 2029<\/a>.<\/p>\n\n\n\n<h2 class=\"wp-block-heading\">2024: un grande Panda<\/h2>\n\n\n\n<figure class=\"wp-block-image size-large\"><img loading=\"lazy\" decoding=\"async\" width=\"1024\" height=\"576\" src=\"https:\/\/www.italpassion.fr\/wp-content\/uploads\/2024\/02\/concept-fiat-panda-1024x576.jpg\" alt=\"\" class=\"wp-image-33408\" srcset=\"https:\/\/www.italpassion.fr\/wp-content\/uploads\/2024\/02\/concept-fiat-panda-1024x576.jpg 1024w, https:\/\/www.italpassion.fr\/wp-content\/uploads\/2024\/02\/concept-fiat-panda-300x169.jpg 300w, https:\/\/www.italpassion.fr\/wp-content\/uploads\/2024\/02\/concept-fiat-panda-768x432.jpg 768w, https:\/\/www.italpassion.fr\/wp-content\/uploads\/2024\/02\/concept-fiat-panda-18x10.jpg 18w, https:\/\/www.italpassion.fr\/wp-content\/uploads\/2024\/02\/concept-fiat-panda-192x108.jpg 192w, https:\/\/www.italpassion.fr\/wp-content\/uploads\/2024\/02\/concept-fiat-panda-384x216.jpg 384w, https:\/\/www.italpassion.fr\/wp-content\/uploads\/2024\/02\/concept-fiat-panda-364x205.jpg 364w, https:\/\/www.italpassion.fr\/wp-content\/uploads\/2024\/02\/concept-fiat-panda-728x409.jpg 728w, https:\/\/www.italpassion.fr\/wp-content\/uploads\/2024\/02\/concept-fiat-panda-561x316.jpg 561w, https:\/\/www.italpassion.fr\/wp-content\/uploads\/2024\/02\/concept-fiat-panda-1122x631.jpg 1122w, https:\/\/www.italpassion.fr\/wp-content\/uploads\/2024\/02\/concept-fiat-panda-265x149.jpg 265w, https:\/\/www.italpassion.fr\/wp-content\/uploads\/2024\/02\/concept-fiat-panda-531x299.jpg 531w, https:\/\/www.italpassion.fr\/wp-content\/uploads\/2024\/02\/concept-fiat-panda-608x342.jpg 608w, https:\/\/www.italpassion.fr\/wp-content\/uploads\/2024\/02\/concept-fiat-panda-758x426.jpg 758w, https:\/\/www.italpassion.fr\/wp-content\/uploads\/2024\/02\/concept-fiat-panda-1152x648.jpg 1152w, https:\/\/www.italpassion.fr\/wp-content\/uploads\/2024\/02\/concept-fiat-panda-600x338.jpg 600w, https:\/\/www.italpassion.fr\/wp-content\/uploads\/2024\/02\/concept-fiat-panda.jpg 1200w\" sizes=\"auto, (max-width: 1024px) 100vw, 1024px\" \/><\/figure>\n\n\n\n<p>La tanto attesa Fiat Panda. Sar\u00e0 molto pi\u00f9 grande dell'attuale Panda e utilizzer\u00e0 materiali sostenibili, tra cui plastiche riciclate e tessuti a base di bamb\u00f9.<\/p>\n\n\n\n<p>Si dice che offra un'interessante innovazione sotto forma di cavo di ricarica auto-retrattile. Ci vediamo in<strong> Luglio 2024 <\/strong>per la sua presentazione, che confermer\u00e0 <a href=\"https:\/\/www.italpassion.fr\/it\/fiat\/nuova-fiat-panda-ecco-come-potrebbe-apparire\/\">se assomiglier\u00e0 o meno alle immagini 3D trapelate<\/a>.<\/p>\n\n\n\n<h2 class=\"wp-block-heading\">2025: un SUV \"Giga-panda\", la famosa Multipla?<\/h2>\n\n\n\n<figure class=\"wp-block-image size-large\"><img loading=\"lazy\" decoding=\"async\" width=\"1024\" height=\"576\" src=\"https:\/\/www.italpassion.fr\/wp-content\/uploads\/2024\/02\/concept-giga-panda-1024x576.jpg\" alt=\"\" class=\"wp-image-33411\" srcset=\"https:\/\/www.italpassion.fr\/wp-content\/uploads\/2024\/02\/concept-giga-panda-1024x576.jpg 1024w, https:\/\/www.italpassion.fr\/wp-content\/uploads\/2024\/02\/concept-giga-panda-300x169.jpg 300w, https:\/\/www.italpassion.fr\/wp-content\/uploads\/2024\/02\/concept-giga-panda-768x432.jpg 768w, https:\/\/www.italpassion.fr\/wp-content\/uploads\/2024\/02\/concept-giga-panda-18x10.jpg 18w, https:\/\/www.italpassion.fr\/wp-content\/uploads\/2024\/02\/concept-giga-panda-192x108.jpg 192w, https:\/\/www.italpassion.fr\/wp-content\/uploads\/2024\/02\/concept-giga-panda-384x216.jpg 384w, https:\/\/www.italpassion.fr\/wp-content\/uploads\/2024\/02\/concept-giga-panda-364x205.jpg 364w, https:\/\/www.italpassion.fr\/wp-content\/uploads\/2024\/02\/concept-giga-panda-728x409.jpg 728w, https:\/\/www.italpassion.fr\/wp-content\/uploads\/2024\/02\/concept-giga-panda-561x316.jpg 561w, https:\/\/www.italpassion.fr\/wp-content\/uploads\/2024\/02\/concept-giga-panda-1122x631.jpg 1122w, https:\/\/www.italpassion.fr\/wp-content\/uploads\/2024\/02\/concept-giga-panda-265x149.jpg 265w, https:\/\/www.italpassion.fr\/wp-content\/uploads\/2024\/02\/concept-giga-panda-531x299.jpg 531w, https:\/\/www.italpassion.fr\/wp-content\/uploads\/2024\/02\/concept-giga-panda-608x342.jpg 608w, https:\/\/www.italpassion.fr\/wp-content\/uploads\/2024\/02\/concept-giga-panda-758x426.jpg 758w, https:\/\/www.italpassion.fr\/wp-content\/uploads\/2024\/02\/concept-giga-panda-1152x648.jpg 1152w, https:\/\/www.italpassion.fr\/wp-content\/uploads\/2024\/02\/concept-giga-panda-600x338.jpg 600w, https:\/\/www.italpassion.fr\/wp-content\/uploads\/2024\/02\/concept-giga-panda.jpg 1200w\" sizes=\"auto, (max-width: 1024px) 100vw, 1024px\" \/><\/figure>\n\n\n\n<p>Nel 2025 ci aspettavamo un SUV che potesse essere la nuova Multipla. E in effetti, il quarto concept del video \u00e8 uno spazioso SUV familiare, una sorta di \"Giga-Panda\". <\/p>\n\n\n\n<p>Questa vettura soddisfer\u00e0 le esigenze dei consumatori in materia di trasporto familiare. Il concept sembra piuttosto imponente, ma resta da vedere se la vettura sar\u00e0 altrettanto impressionante nella realt\u00e0.<\/p>\n\n\n\n<p>Nel video che potete vedere in fondo a questo articolo, scopriamo anche che questa Giga-Panda avr\u00e0 anche una versione \"camper\", per gli avventurieri.<\/p>\n\n\n\n<figure class=\"wp-block-image size-large\"><img loading=\"lazy\" decoding=\"async\" width=\"1024\" height=\"576\" src=\"https:\/\/www.italpassion.fr\/wp-content\/uploads\/2024\/02\/concept-fiat-camper-1024x576.jpg\" alt=\"\" class=\"wp-image-33412\" srcset=\"https:\/\/www.italpassion.fr\/wp-content\/uploads\/2024\/02\/concept-fiat-camper-1024x576.jpg 1024w, https:\/\/www.italpassion.fr\/wp-content\/uploads\/2024\/02\/concept-fiat-camper-300x169.jpg 300w, https:\/\/www.italpassion.fr\/wp-content\/uploads\/2024\/02\/concept-fiat-camper-768x432.jpg 768w, https:\/\/www.italpassion.fr\/wp-content\/uploads\/2024\/02\/concept-fiat-camper-18x10.jpg 18w, https:\/\/www.italpassion.fr\/wp-content\/uploads\/2024\/02\/concept-fiat-camper-192x108.jpg 192w, https:\/\/www.italpassion.fr\/wp-content\/uploads\/2024\/02\/concept-fiat-camper-384x216.jpg 384w, https:\/\/www.italpassion.fr\/wp-content\/uploads\/2024\/02\/concept-fiat-camper-364x205.jpg 364w, https:\/\/www.italpassion.fr\/wp-content\/uploads\/2024\/02\/concept-fiat-camper-728x409.jpg 728w, https:\/\/www.italpassion.fr\/wp-content\/uploads\/2024\/02\/concept-fiat-camper-561x316.jpg 561w, https:\/\/www.italpassion.fr\/wp-content\/uploads\/2024\/02\/concept-fiat-camper-1122x631.jpg 1122w, https:\/\/www.italpassion.fr\/wp-content\/uploads\/2024\/02\/concept-fiat-camper-265x149.jpg 265w, https:\/\/www.italpassion.fr\/wp-content\/uploads\/2024\/02\/concept-fiat-camper-531x299.jpg 531w, https:\/\/www.italpassion.fr\/wp-content\/uploads\/2024\/02\/concept-fiat-camper-608x342.jpg 608w, https:\/\/www.italpassion.fr\/wp-content\/uploads\/2024\/02\/concept-fiat-camper-758x426.jpg 758w, https:\/\/www.italpassion.fr\/wp-content\/uploads\/2024\/02\/concept-fiat-camper-1152x648.jpg 1152w, https:\/\/www.italpassion.fr\/wp-content\/uploads\/2024\/02\/concept-fiat-camper-600x338.jpg 600w, https:\/\/www.italpassion.fr\/wp-content\/uploads\/2024\/02\/concept-fiat-camper.jpg 1200w\" sizes=\"auto, (max-width: 1024px) 100vw, 1024px\" \/><\/figure>\n\n\n\n<h2 class=\"wp-block-heading\">2026: un SUV fastback per sostituire la Tipo<\/h2>\n\n\n\n<figure class=\"wp-block-image size-large\"><img loading=\"lazy\" decoding=\"async\" width=\"1024\" height=\"576\" src=\"https:\/\/www.italpassion.fr\/wp-content\/uploads\/2024\/02\/concept-suv-fasback-1024x576.jpg\" alt=\"\" class=\"wp-image-33410\" srcset=\"https:\/\/www.italpassion.fr\/wp-content\/uploads\/2024\/02\/concept-suv-fasback-1024x576.jpg 1024w, https:\/\/www.italpassion.fr\/wp-content\/uploads\/2024\/02\/concept-suv-fasback-300x169.jpg 300w, https:\/\/www.italpassion.fr\/wp-content\/uploads\/2024\/02\/concept-suv-fasback-768x432.jpg 768w, https:\/\/www.italpassion.fr\/wp-content\/uploads\/2024\/02\/concept-suv-fasback-18x10.jpg 18w, https:\/\/www.italpassion.fr\/wp-content\/uploads\/2024\/02\/concept-suv-fasback-192x108.jpg 192w, https:\/\/www.italpassion.fr\/wp-content\/uploads\/2024\/02\/concept-suv-fasback-384x216.jpg 384w, https:\/\/www.italpassion.fr\/wp-content\/uploads\/2024\/02\/concept-suv-fasback-364x205.jpg 364w, https:\/\/www.italpassion.fr\/wp-content\/uploads\/2024\/02\/concept-suv-fasback-728x409.jpg 728w, https:\/\/www.italpassion.fr\/wp-content\/uploads\/2024\/02\/concept-suv-fasback-561x316.jpg 561w, https:\/\/www.italpassion.fr\/wp-content\/uploads\/2024\/02\/concept-suv-fasback-1122x631.jpg 1122w, https:\/\/www.italpassion.fr\/wp-content\/uploads\/2024\/02\/concept-suv-fasback-265x149.jpg 265w, https:\/\/www.italpassion.fr\/wp-content\/uploads\/2024\/02\/concept-suv-fasback-531x299.jpg 531w, https:\/\/www.italpassion.fr\/wp-content\/uploads\/2024\/02\/concept-suv-fasback-608x342.jpg 608w, https:\/\/www.italpassion.fr\/wp-content\/uploads\/2024\/02\/concept-suv-fasback-758x426.jpg 758w, https:\/\/www.italpassion.fr\/wp-content\/uploads\/2024\/02\/concept-suv-fasback-1152x648.jpg 1152w, https:\/\/www.italpassion.fr\/wp-content\/uploads\/2024\/02\/concept-suv-fasback-600x338.jpg 600w, https:\/\/www.italpassion.fr\/wp-content\/uploads\/2024\/02\/concept-suv-fasback.jpg 1200w\" sizes=\"auto, (max-width: 1024px) 100vw, 1024px\" \/><\/figure>\n\n\n\n<p>\u00c8 una sorpresa. Mentre ci aspettavamo una nuova Fiat Tipo, il concept va oltre, annunciando che sostituir\u00e0 sia la Tipo che il modello Fastback brasiliano. La silhouette di questa vettura ricorda la nuova moda dei SUV fastback. Un modello che sar\u00e0 disponibile in America Latina, Medio Oriente, Africa e persino in Europa.<\/p>\n\n\n\n<h2 class=\"wp-block-heading\">2027: un pick-up!<\/h2>\n\n\n\n<figure class=\"wp-block-image size-large\"><img loading=\"lazy\" decoding=\"async\" width=\"1024\" height=\"576\" src=\"https:\/\/www.italpassion.fr\/wp-content\/uploads\/2024\/02\/concept-fiat-pickup-1024x576.jpg\" alt=\"\" class=\"wp-image-33409\" srcset=\"https:\/\/www.italpassion.fr\/wp-content\/uploads\/2024\/02\/concept-fiat-pickup-1024x576.jpg 1024w, https:\/\/www.italpassion.fr\/wp-content\/uploads\/2024\/02\/concept-fiat-pickup-300x169.jpg 300w, https:\/\/www.italpassion.fr\/wp-content\/uploads\/2024\/02\/concept-fiat-pickup-768x432.jpg 768w, https:\/\/www.italpassion.fr\/wp-content\/uploads\/2024\/02\/concept-fiat-pickup-18x10.jpg 18w, https:\/\/www.italpassion.fr\/wp-content\/uploads\/2024\/02\/concept-fiat-pickup-192x108.jpg 192w, https:\/\/www.italpassion.fr\/wp-content\/uploads\/2024\/02\/concept-fiat-pickup-384x216.jpg 384w, https:\/\/www.italpassion.fr\/wp-content\/uploads\/2024\/02\/concept-fiat-pickup-364x205.jpg 364w, https:\/\/www.italpassion.fr\/wp-content\/uploads\/2024\/02\/concept-fiat-pickup-728x409.jpg 728w, https:\/\/www.italpassion.fr\/wp-content\/uploads\/2024\/02\/concept-fiat-pickup-561x316.jpg 561w, https:\/\/www.italpassion.fr\/wp-content\/uploads\/2024\/02\/concept-fiat-pickup-1122x631.jpg 1122w, https:\/\/www.italpassion.fr\/wp-content\/uploads\/2024\/02\/concept-fiat-pickup-265x149.jpg 265w, https:\/\/www.italpassion.fr\/wp-content\/uploads\/2024\/02\/concept-fiat-pickup-531x299.jpg 531w, https:\/\/www.italpassion.fr\/wp-content\/uploads\/2024\/02\/concept-fiat-pickup-608x342.jpg 608w, https:\/\/www.italpassion.fr\/wp-content\/uploads\/2024\/02\/concept-fiat-pickup-758x426.jpg 758w, https:\/\/www.italpassion.fr\/wp-content\/uploads\/2024\/02\/concept-fiat-pickup-1152x648.jpg 1152w, https:\/\/www.italpassion.fr\/wp-content\/uploads\/2024\/02\/concept-fiat-pickup-600x338.jpg 600w, https:\/\/www.italpassion.fr\/wp-content\/uploads\/2024\/02\/concept-fiat-pickup.jpg 1200w\" sizes=\"auto, (max-width: 1024px) 100vw, 1024px\" \/><\/figure>\n\n\n\n<p>Infine, ma non meno importante, entro il 2027 dovremmo avere un pick-up! \u00c8 difficile non pensare al Fullback, la cui produzione \u00e8 stata interrotta nel 2019, ma anche al Fiat Strada, attualmente leader di mercato in Brasile. Anche in questo caso, questo modello sar\u00e0 disponibile in tutti i continenti, con tutte le motorizzazioni.<\/p>\n\n\n\n<p>Sebbene si tratti ancora di concetti, sono comunque immagini che \u00e8 un piacere vedere, perch\u00e9 <strong>stabiliscono la direzione stilistica per i prodotti futuri. <\/strong>Vi lasciamo scoprire altre immagini nel video qui sotto.<\/p>\n\n\n\n<figure class=\"wp-block-embed is-type-video is-provider-youtube wp-block-embed-youtube wp-embed-aspect-16-9 wp-has-aspect-ratio\"><div class=\"wp-block-embed__wrapper\">\n<iframe loading=\"lazy\" title=\"FIAT | Scoprite il futuro della Fiat insieme a Olivier Francois, di Ginevra - Italia\" width=\"1200\" height=\"675\" src=\"https:\/\/www.youtube-nocookie.com\/embed\/M01DtWU-DCk?feature=oembed\" frameborder=\"0\" allow=\"accelerometer; autoplay; clipboard-write; encrypted-media; gyroscope; picture-in-picture; web-share\" referrerpolicy=\"strict-origin-when-cross-origin\" allowfullscreen><\/iframe>\n<\/div><\/figure>","protected":false},"excerpt":{"rendered":"","protected":false},"author":1,"featured_media":33413,"comment_status":"open","ping_status":"open","sticky":false,"template":"","format":"standard","meta":{"_acf_changed":false,"_sitemap_exclude":false,"_sitemap_priority":"","_sitemap_frequency":"","footnotes":""},"categories":[24],"tags":[],"class_list":["post-33407","post","type-post","status-publish","format-standard","has-post-thumbnail","hentry","category-fiat","generate-columns","tablet-grid-50","mobile-grid-100","grid-parent","grid-33"],"acf":[],"yoast_head":"<!-- This site is optimized with the Yoast SEO plugin v25.8 - https:\/\/yoast.com\/wordpress\/plugins\/seo\/ -->\n<title>Fiat confirme sa roadmap avec des concepts (et se moque du salon auto de Gen\u00e8ve) - ItalPassion<\/title>\n<meta name=\"description\" content=\"Enfin un peu de communication qui fait du bien \u00e0 voir. Fiat vient de confirmer, en vid\u00e9o, les futurs mod\u00e8les de sa gamme jusqu&#039;en 2027. Par\" \/>\n<meta name=\"robots\" content=\"index, follow, max-snippet:-1, max-image-preview:large, max-video-preview:-1\" \/>\n<link rel=\"canonical\" href=\"https:\/\/www.italpassion.fr\/it\/fiat\/fiat-conferma-la-sua-roadmap-con-i-concept-e-prende-in-giro-il-salone-di-ginevra\/\" \/>\n<meta property=\"og:locale\" content=\"it_IT\" \/>\n<meta property=\"og:type\" content=\"article\" \/>\n<meta property=\"og:title\" content=\"Fiat confirme sa roadmap avec des concepts (et se moque du salon auto de Gen\u00e8ve) - ItalPassion\" \/>\n<meta property=\"og:description\" content=\"Enfin un peu de communication qui fait du bien \u00e0 voir. Fiat vient de confirmer, en vid\u00e9o, les futurs mod\u00e8les de sa gamme jusqu&#039;en 2027. Par\" \/>\n<meta property=\"og:url\" content=\"https:\/\/www.italpassion.fr\/it\/fiat\/fiat-conferma-la-sua-roadmap-con-i-concept-e-prende-in-giro-il-salone-di-ginevra\/\" \/>\n<meta property=\"og:site_name\" content=\"ItalPassion\" \/>\n<meta property=\"article:publisher\" content=\"https:\/\/www.facebook.com\/italpassion\" \/>\n<meta property=\"article:published_time\" content=\"2024-02-25T21:13:32+00:00\" \/>\n<meta property=\"article:modified_time\" content=\"2024-02-25T21:13:34+00:00\" \/>\n<meta property=\"og:image\" content=\"https:\/\/www.italpassion.fr\/wp-content\/uploads\/2024\/02\/fiat-concept-2027.jpg\" \/>\n\t<meta property=\"og:image:width\" content=\"1200\" \/>\n\t<meta property=\"og:image:height\" content=\"800\" \/>\n\t<meta property=\"og:image:type\" content=\"image\/jpeg\" \/>\n<meta name=\"author\" content=\"Alexandre Filluzeau\" \/>\n<meta name=\"twitter:card\" content=\"summary_large_image\" \/>\n<meta name=\"twitter:creator\" content=\"@italpassion\" \/>\n<meta name=\"twitter:site\" content=\"@italpassion\" \/>\n<script type=\"application\/ld+json\" class=\"yoast-schema-graph\">{\"@context\":\"https:\/\/schema.org\",\"@graph\":[{\"@type\":\"NewsArticle\",\"@id\":\"https:\/\/www.italpassion.fr\/it\/fiat\/fiat-confirme-sa-roadmap-avec-des-concepts-et-se-moque-du-salon-auto-de-geneve\/#article\",\"isPartOf\":{\"@id\":\"https:\/\/www.italpassion.fr\/it\/fiat\/fiat-confirme-sa-roadmap-avec-des-concepts-et-se-moque-du-salon-auto-de-geneve\/\"},\"author\":{\"name\":\"Alexandre Filluzeau\",\"@id\":\"https:\/\/www.italpassion.fr\/it\/#\/schema\/person\/36f747b2a759ca202d847e85a9434ca0\"},\"headline\":\"Fiat confirme sa roadmap avec des concepts (et se moque du salon auto de Gen\u00e8ve)\",\"datePublished\":\"2024-02-25T21:13:32+00:00\",\"dateModified\":\"2024-02-25T21:13:34+00:00\",\"mainEntityOfPage\":{\"@id\":\"https:\/\/www.italpassion.fr\/it\/fiat\/fiat-confirme-sa-roadmap-avec-des-concepts-et-se-moque-du-salon-auto-de-geneve\/\"},\"wordCount\":560,\"commentCount\":15,\"publisher\":{\"@id\":\"https:\/\/www.italpassion.fr\/it\/#organization\"},\"image\":{\"@id\":\"https:\/\/www.italpassion.fr\/it\/fiat\/fiat-confirme-sa-roadmap-avec-des-concepts-et-se-moque-du-salon-auto-de-geneve\/#primaryimage\"},\"thumbnailUrl\":\"https:\/\/www.italpassion.fr\/wp-content\/uploads\/2024\/02\/fiat-concept-2027.jpg\",\"articleSection\":[\"Fiat\"],\"inLanguage\":\"it-IT\",\"potentialAction\":[{\"@type\":\"CommentAction\",\"name\":\"Comment\",\"target\":[\"https:\/\/www.italpassion.fr\/it\/fiat\/fiat-confirme-sa-roadmap-avec-des-concepts-et-se-moque-du-salon-auto-de-geneve\/#respond\"]}]},{\"@type\":\"WebPage\",\"@id\":\"https:\/\/www.italpassion.fr\/it\/fiat\/fiat-confirme-sa-roadmap-avec-des-concepts-et-se-moque-du-salon-auto-de-geneve\/\",\"url\":\"https:\/\/www.italpassion.fr\/it\/fiat\/fiat-confirme-sa-roadmap-avec-des-concepts-et-se-moque-du-salon-auto-de-geneve\/\",\"name\":\"Fiat confirme sa roadmap avec des concepts (et se moque du salon auto de Gen\u00e8ve) - ItalPassion\",\"isPartOf\":{\"@id\":\"https:\/\/www.italpassion.fr\/it\/#website\"},\"primaryImageOfPage\":{\"@id\":\"https:\/\/www.italpassion.fr\/it\/fiat\/fiat-confirme-sa-roadmap-avec-des-concepts-et-se-moque-du-salon-auto-de-geneve\/#primaryimage\"},\"image\":{\"@id\":\"https:\/\/www.italpassion.fr\/it\/fiat\/fiat-confirme-sa-roadmap-avec-des-concepts-et-se-moque-du-salon-auto-de-geneve\/#primaryimage\"},\"thumbnailUrl\":\"https:\/\/www.italpassion.fr\/wp-content\/uploads\/2024\/02\/fiat-concept-2027.jpg\",\"datePublished\":\"2024-02-25T21:13:32+00:00\",\"dateModified\":\"2024-02-25T21:13:34+00:00\",\"description\":\"Enfin un peu de communication qui fait du bien \u00e0 voir. Fiat vient de confirmer, en vid\u00e9o, les futurs mod\u00e8les de sa gamme jusqu'en 2027. Par\",\"breadcrumb\":{\"@id\":\"https:\/\/www.italpassion.fr\/it\/fiat\/fiat-confirme-sa-roadmap-avec-des-concepts-et-se-moque-du-salon-auto-de-geneve\/#breadcrumb\"},\"inLanguage\":\"it-IT\",\"potentialAction\":[{\"@type\":\"ReadAction\",\"target\":[\"https:\/\/www.italpassion.fr\/it\/fiat\/fiat-confirme-sa-roadmap-avec-des-concepts-et-se-moque-du-salon-auto-de-geneve\/\"]}]},{\"@type\":\"ImageObject\",\"inLanguage\":\"it-IT\",\"@id\":\"https:\/\/www.italpassion.fr\/it\/fiat\/fiat-confirme-sa-roadmap-avec-des-concepts-et-se-moque-du-salon-auto-de-geneve\/#primaryimage\",\"url\":\"https:\/\/www.italpassion.fr\/wp-content\/uploads\/2024\/02\/fiat-concept-2027.jpg\",\"contentUrl\":\"https:\/\/www.italpassion.fr\/wp-content\/uploads\/2024\/02\/fiat-concept-2027.jpg\",\"width\":1200,\"height\":800,\"caption\":\"fiat-concept-2027\"},{\"@type\":\"BreadcrumbList\",\"@id\":\"https:\/\/www.italpassion.fr\/it\/fiat\/fiat-confirme-sa-roadmap-avec-des-concepts-et-se-moque-du-salon-auto-de-geneve\/#breadcrumb\",\"itemListElement\":[{\"@type\":\"ListItem\",\"position\":1,\"name\":\"Accueil\",\"item\":\"https:\/\/www.italpassion.fr\/it\/\"},{\"@type\":\"ListItem\",\"position\":2,\"name\":\"Fiat confirme sa roadmap avec des concepts (et se moque du salon auto de Gen\u00e8ve)\"}]},{\"@type\":\"WebSite\",\"@id\":\"https:\/\/www.italpassion.fr\/it\/#website\",\"url\":\"https:\/\/www.italpassion.fr\/it\/\",\"name\":\"ItalPassion\",\"description\":\"Les Passionn\u00e9s d&#039;Automobiles Italiennes\",\"publisher\":{\"@id\":\"https:\/\/www.italpassion.fr\/it\/#organization\"},\"potentialAction\":[{\"@type\":\"SearchAction\",\"target\":{\"@type\":\"EntryPoint\",\"urlTemplate\":\"https:\/\/www.italpassion.fr\/it\/?s={search_term_string}\"},\"query-input\":{\"@type\":\"PropertyValueSpecification\",\"valueRequired\":true,\"valueName\":\"search_term_string\"}}],\"inLanguage\":\"it-IT\"},{\"@type\":\"Organization\",\"@id\":\"https:\/\/www.italpassion.fr\/it\/#organization\",\"name\":\"Italpassion\",\"url\":\"https:\/\/www.italpassion.fr\/it\/\",\"logo\":{\"@type\":\"ImageObject\",\"inLanguage\":\"it-IT\",\"@id\":\"https:\/\/www.italpassion.fr\/it\/#\/schema\/logo\/image\/\",\"url\":\"https:\/\/www.italpassion.fr\/wp-content\/uploads\/2023\/07\/italpassion-yoast.jpg\",\"contentUrl\":\"https:\/\/www.italpassion.fr\/wp-content\/uploads\/2023\/07\/italpassion-yoast.jpg\",\"width\":696,\"height\":696,\"caption\":\"Italpassion\"},\"image\":{\"@id\":\"https:\/\/www.italpassion.fr\/it\/#\/schema\/logo\/image\/\"},\"sameAs\":[\"https:\/\/www.facebook.com\/italpassion\",\"https:\/\/x.com\/italpassion\",\"https:\/\/www.instagram.com\/italpassionfr\/\",\"https:\/\/www.youtube.com\/channel\/UCleq-ByQaA42OjhopwevRjQ\",\"https:\/\/www.facebook.com\/italpassion.en\/\",\"https:\/\/www.facebook.com\/italpassion.it\/\",\"https:\/\/www.facebook.com\/italpassion.de\/\",\"https:\/\/www.facebook.com\/italpassion.ja\/\"]},{\"@type\":\"Person\",\"@id\":\"https:\/\/www.italpassion.fr\/it\/#\/schema\/person\/36f747b2a759ca202d847e85a9434ca0\",\"name\":\"Alexandre Filluzeau\",\"image\":{\"@type\":\"ImageObject\",\"inLanguage\":\"it-IT\",\"@id\":\"https:\/\/www.italpassion.fr\/it\/#\/schema\/person\/image\/\",\"url\":\"https:\/\/www.italpassion.fr\/wp-content\/uploads\/2025\/04\/avatar-alexandre-160x160.jpg\",\"contentUrl\":\"https:\/\/www.italpassion.fr\/wp-content\/uploads\/2025\/04\/avatar-alexandre-160x160.jpg\",\"caption\":\"Alexandre Filluzeau\"},\"description\":\"Fondateur du site ItalPassion, passionn\u00e9 de voitures italiennes et de l'Italie en g\u00e9n\u00e9ral. J'apporte un regard critique et technique aux actualit\u00e9s des marques italiennes quand cela est possible. Propri\u00e9taire d'une Maserati GranTurismo, Alfa Romeo MiTo, Lancia Fulvia et Ducati 695. Ex-propri\u00e9taire d'une Alfa Romeo Giulia.\",\"sameAs\":[\"https:\/\/www.italpassion.fr\/\"],\"url\":\"https:\/\/www.italpassion.fr\/it\/author\/alexandre\/\"}]}<\/script>\n<!-- \/ Yoast SEO plugin. -->","yoast_head_json":{"title":"Fiat conferma la sua roadmap con i concept (e prende in giro il Salone di Ginevra) - ItalPassion","description":"Finalmente un po' di comunicazione che fa piacere vedere. Fiat ha appena confermato, in un video, i futuri modelli della sua gamma fino al 2027. Da","robots":{"index":"index","follow":"follow","max-snippet":"max-snippet:-1","max-image-preview":"max-image-preview:large","max-video-preview":"max-video-preview:-1"},"canonical":"https:\/\/www.italpassion.fr\/it\/fiat\/fiat-conferma-la-sua-roadmap-con-i-concept-e-prende-in-giro-il-salone-di-ginevra\/","og_locale":"it_IT","og_type":"article","og_title":"Fiat confirme sa roadmap avec des concepts (et se moque du salon auto de Gen\u00e8ve) - ItalPassion","og_description":"Enfin un peu de communication qui fait du bien \u00e0 voir. Fiat vient de confirmer, en vid\u00e9o, les futurs mod\u00e8les de sa gamme jusqu'en 2027. Par","og_url":"https:\/\/www.italpassion.fr\/it\/fiat\/fiat-conferma-la-sua-roadmap-con-i-concept-e-prende-in-giro-il-salone-di-ginevra\/","og_site_name":"ItalPassion","article_publisher":"https:\/\/www.facebook.com\/italpassion","article_published_time":"2024-02-25T21:13:32+00:00","article_modified_time":"2024-02-25T21:13:34+00:00","og_image":[{"width":1200,"height":800,"url":"https:\/\/www.italpassion.fr\/wp-content\/uploads\/2024\/02\/fiat-concept-2027.jpg","type":"image\/jpeg"}],"author":"Alexandre Filluzeau","twitter_card":"summary_large_image","twitter_creator":"@italpassion","twitter_site":"@italpassion","schema":{"@context":"https:\/\/schema.org","@graph":[{"@type":"NewsArticle","@id":"https:\/\/www.italpassion.fr\/it\/fiat\/fiat-confirme-sa-roadmap-avec-des-concepts-et-se-moque-du-salon-auto-de-geneve\/#article","isPartOf":{"@id":"https:\/\/www.italpassion.fr\/it\/fiat\/fiat-confirme-sa-roadmap-avec-des-concepts-et-se-moque-du-salon-auto-de-geneve\/"},"author":{"name":"Alexandre Filluzeau","@id":"https:\/\/www.italpassion.fr\/it\/#\/schema\/person\/36f747b2a759ca202d847e85a9434ca0"},"headline":"Fiat confirme sa roadmap avec des concepts (et se moque du salon auto de Gen\u00e8ve)","datePublished":"2024-02-25T21:13:32+00:00","dateModified":"2024-02-25T21:13:34+00:00","mainEntityOfPage":{"@id":"https:\/\/www.italpassion.fr\/it\/fiat\/fiat-confirme-sa-roadmap-avec-des-concepts-et-se-moque-du-salon-auto-de-geneve\/"},"wordCount":560,"commentCount":15,"publisher":{"@id":"https:\/\/www.italpassion.fr\/it\/#organization"},"image":{"@id":"https:\/\/www.italpassion.fr\/it\/fiat\/fiat-confirme-sa-roadmap-avec-des-concepts-et-se-moque-du-salon-auto-de-geneve\/#primaryimage"},"thumbnailUrl":"https:\/\/www.italpassion.fr\/wp-content\/uploads\/2024\/02\/fiat-concept-2027.jpg","articleSection":["Fiat"],"inLanguage":"it-IT","potentialAction":[{"@type":"CommentAction","name":"Comment","target":["https:\/\/www.italpassion.fr\/it\/fiat\/fiat-confirme-sa-roadmap-avec-des-concepts-et-se-moque-du-salon-auto-de-geneve\/#respond"]}]},{"@type":"WebPage","@id":"https:\/\/www.italpassion.fr\/it\/fiat\/fiat-confirme-sa-roadmap-avec-des-concepts-et-se-moque-du-salon-auto-de-geneve\/","url":"https:\/\/www.italpassion.fr\/it\/fiat\/fiat-confirme-sa-roadmap-avec-des-concepts-et-se-moque-du-salon-auto-de-geneve\/","name":"Fiat conferma la sua roadmap con i concept (e prende in giro il Salone di Ginevra) - ItalPassion","isPartOf":{"@id":"https:\/\/www.italpassion.fr\/it\/#website"},"primaryImageOfPage":{"@id":"https:\/\/www.italpassion.fr\/it\/fiat\/fiat-confirme-sa-roadmap-avec-des-concepts-et-se-moque-du-salon-auto-de-geneve\/#primaryimage"},"image":{"@id":"https:\/\/www.italpassion.fr\/it\/fiat\/fiat-confirme-sa-roadmap-avec-des-concepts-et-se-moque-du-salon-auto-de-geneve\/#primaryimage"},"thumbnailUrl":"https:\/\/www.italpassion.fr\/wp-content\/uploads\/2024\/02\/fiat-concept-2027.jpg","datePublished":"2024-02-25T21:13:32+00:00","dateModified":"2024-02-25T21:13:34+00:00","description":"Finalmente un po' di comunicazione che fa piacere vedere. Fiat ha appena confermato, in un video, i futuri modelli della sua gamma fino al 2027. Da","breadcrumb":{"@id":"https:\/\/www.italpassion.fr\/it\/fiat\/fiat-confirme-sa-roadmap-avec-des-concepts-et-se-moque-du-salon-auto-de-geneve\/#breadcrumb"},"inLanguage":"it-IT","potentialAction":[{"@type":"ReadAction","target":["https:\/\/www.italpassion.fr\/it\/fiat\/fiat-confirme-sa-roadmap-avec-des-concepts-et-se-moque-du-salon-auto-de-geneve\/"]}]},{"@type":"ImageObject","inLanguage":"it-IT","@id":"https:\/\/www.italpassion.fr\/it\/fiat\/fiat-confirme-sa-roadmap-avec-des-concepts-et-se-moque-du-salon-auto-de-geneve\/#primaryimage","url":"https:\/\/www.italpassion.fr\/wp-content\/uploads\/2024\/02\/fiat-concept-2027.jpg","contentUrl":"https:\/\/www.italpassion.fr\/wp-content\/uploads\/2024\/02\/fiat-concept-2027.jpg","width":1200,"height":800,"caption":"fiat-concept-2027"},{"@type":"BreadcrumbList","@id":"https:\/\/www.italpassion.fr\/it\/fiat\/fiat-confirme-sa-roadmap-avec-des-concepts-et-se-moque-du-salon-auto-de-geneve\/#breadcrumb","itemListElement":[{"@type":"ListItem","position":1,"name":"Accueil","item":"https:\/\/www.italpassion.fr\/it\/"},{"@type":"ListItem","position":2,"name":"Fiat confirme sa roadmap avec des concepts (et se moque du salon auto de Gen\u00e8ve)"}]},{"@type":"WebSite","@id":"https:\/\/www.italpassion.fr\/it\/#website","url":"https:\/\/www.italpassion.fr\/it\/","name":"ItalPassion","description":"Appassionati di auto italiane","publisher":{"@id":"https:\/\/www.italpassion.fr\/it\/#organization"},"potentialAction":[{"@type":"SearchAction","target":{"@type":"EntryPoint","urlTemplate":"https:\/\/www.italpassion.fr\/it\/?s={search_term_string}"},"query-input":{"@type":"PropertyValueSpecification","valueRequired":true,"valueName":"search_term_string"}}],"inLanguage":"it-IT"},{"@type":"Organization","@id":"https:\/\/www.italpassion.fr\/it\/#organization","name":"Italpassion","url":"https:\/\/www.italpassion.fr\/it\/","logo":{"@type":"ImageObject","inLanguage":"it-IT","@id":"https:\/\/www.italpassion.fr\/it\/#\/schema\/logo\/image\/","url":"https:\/\/www.italpassion.fr\/wp-content\/uploads\/2023\/07\/italpassion-yoast.jpg","contentUrl":"https:\/\/www.italpassion.fr\/wp-content\/uploads\/2023\/07\/italpassion-yoast.jpg","width":696,"height":696,"caption":"Italpassion"},"image":{"@id":"https:\/\/www.italpassion.fr\/it\/#\/schema\/logo\/image\/"},"sameAs":["https:\/\/www.facebook.com\/italpassion","https:\/\/x.com\/italpassion","https:\/\/www.instagram.com\/italpassionfr\/","https:\/\/www.youtube.com\/channel\/UCleq-ByQaA42OjhopwevRjQ","https:\/\/www.facebook.com\/italpassion.en\/","https:\/\/www.facebook.com\/italpassion.it\/","https:\/\/www.facebook.com\/italpassion.de\/","https:\/\/www.facebook.com\/italpassion.ja\/"]},{"@type":"Person","@id":"https:\/\/www.italpassion.fr\/it\/#\/schema\/person\/36f747b2a759ca202d847e85a9434ca0","name":"Alexandre Filluzeau","image":{"@type":"ImageObject","inLanguage":"it-IT","@id":"https:\/\/www.italpassion.fr\/it\/#\/schema\/person\/image\/","url":"https:\/\/www.italpassion.fr\/wp-content\/uploads\/2025\/04\/avatar-alexandre-160x160.jpg","contentUrl":"https:\/\/www.italpassion.fr\/wp-content\/uploads\/2025\/04\/avatar-alexandre-160x160.jpg","caption":"Alexandre Filluzeau"},"description":"Fondatore del sito ItalPassion, appassionato di auto italiane e dell'Italia in generale. Porto un occhio critico e tecnico alle notizie dei marchi italiani, quando possibile. Proprietario di una Maserati GranTurismo, di un'Alfa Romeo MiTo, di una Lancia Fulvia e di una Ducati 695. Ex proprietario di un'Alfa Romeo Giulia.","sameAs":["https:\/\/www.italpassion.fr\/"],"url":"https:\/\/www.italpassion.fr\/it\/author\/alexandre\/"}]}},"_links":{"self":[{"href":"https:\/\/www.italpassion.fr\/it\/wp-json\/wp\/v2\/posts\/33407","targetHints":{"allow":["GET"]}}],"collection":[{"href":"https:\/\/www.italpassion.fr\/it\/wp-json\/wp\/v2\/posts"}],"about":[{"href":"https:\/\/www.italpassion.fr\/it\/wp-json\/wp\/v2\/types\/post"}],"author":[{"embeddable":true,"href":"https:\/\/www.italpassion.fr\/it\/wp-json\/wp\/v2\/users\/1"}],"replies":[{"embeddable":true,"href":"https:\/\/www.italpassion.fr\/it\/wp-json\/wp\/v2\/comments?post=33407"}],"version-history":[{"count":1,"href":"https:\/\/www.italpassion.fr\/it\/wp-json\/wp\/v2\/posts\/33407\/revisions"}],"predecessor-version":[{"id":33414,"href":"https:\/\/www.italpassion.fr\/it\/wp-json\/wp\/v2\/posts\/33407\/revisions\/33414"}],"wp:featuredmedia":[{"embeddable":true,"href":"https:\/\/www.italpassion.fr\/it\/wp-json\/wp\/v2\/media\/33413"}],"wp:attachment":[{"href":"https:\/\/www.italpassion.fr\/it\/wp-json\/wp\/v2\/media?parent=33407"}],"wp:term":[{"taxonomy":"category","embeddable":true,"href":"https:\/\/www.italpassion.fr\/it\/wp-json\/wp\/v2\/categories?post=33407"},{"taxonomy":"post_tag","embeddable":true,"href":"https:\/\/www.italpassion.fr\/it\/wp-json\/wp\/v2\/tags?post=33407"}],"curies":[{"name":"wp","href":"https:\/\/api.w.org\/{rel}","templated":true}]}}