{"id":33187,"date":"2024-02-12T15:50:26","date_gmt":"2024-02-12T14:50:26","guid":{"rendered":"https:\/\/www.italpassion.fr\/?p=33187"},"modified":"2024-02-12T15:50:28","modified_gmt":"2024-02-12T14:50:28","slug":"abarth-695-in-edizione-limitata-per-celebrare-i-75-anni-del-marchio-in-esclusiva-in-italia","status":"publish","type":"post","link":"https:\/\/www.italpassion.fr\/it\/abarth\/abarth-695-une-edition-limitee-pour-celebrer-les-75-ans-de-la-marque-exclusivement-en-italie\/","title":{"rendered":"Abarth 695: un'edizione limitata per celebrare il 75\u00b0 anniversario del marchio, in esclusiva per l'Italia"},"content":{"rendered":"<figure class=\"wp-block-image size-large\"><img loading=\"lazy\" decoding=\"async\" width=\"1024\" height=\"683\" src=\"https:\/\/www.italpassion.fr\/wp-content\/uploads\/2024\/02\/abarth-695-0-1024x683.jpg\" alt=\"\" class=\"wp-image-33188\" srcset=\"https:\/\/www.italpassion.fr\/wp-content\/uploads\/2024\/02\/abarth-695-0-1024x683.jpg 1024w, https:\/\/www.italpassion.fr\/wp-content\/uploads\/2024\/02\/abarth-695-0-300x200.jpg 300w, https:\/\/www.italpassion.fr\/wp-content\/uploads\/2024\/02\/abarth-695-0-768x512.jpg 768w, https:\/\/www.italpassion.fr\/wp-content\/uploads\/2024\/02\/abarth-695-0-18x12.jpg 18w, https:\/\/www.italpassion.fr\/wp-content\/uploads\/2024\/02\/abarth-695-0-561x374.jpg 561w, https:\/\/www.italpassion.fr\/wp-content\/uploads\/2024\/02\/abarth-695-0-1122x748.jpg 1122w, https:\/\/www.italpassion.fr\/wp-content\/uploads\/2024\/02\/abarth-695-0-265x177.jpg 265w, https:\/\/www.italpassion.fr\/wp-content\/uploads\/2024\/02\/abarth-695-0-531x354.jpg 531w, https:\/\/www.italpassion.fr\/wp-content\/uploads\/2024\/02\/abarth-695-0-364x243.jpg 364w, https:\/\/www.italpassion.fr\/wp-content\/uploads\/2024\/02\/abarth-695-0-728x485.jpg 728w, https:\/\/www.italpassion.fr\/wp-content\/uploads\/2024\/02\/abarth-695-0-608x405.jpg 608w, https:\/\/www.italpassion.fr\/wp-content\/uploads\/2024\/02\/abarth-695-0-758x505.jpg 758w, https:\/\/www.italpassion.fr\/wp-content\/uploads\/2024\/02\/abarth-695-0-1152x768.jpg 1152w, https:\/\/www.italpassion.fr\/wp-content\/uploads\/2024\/02\/abarth-695-0-600x400.jpg 600w, https:\/\/www.italpassion.fr\/wp-content\/uploads\/2024\/02\/abarth-695-0.jpg 1200w\" sizes=\"auto, (max-width: 1024px) 100vw, 1024px\" \/><\/figure>\n\n\n\n<p>Mentre<a href=\"https:\/\/www.italpassion.fr\/it\/abarth\/\">Abarth<\/a> si sta preparando a festeggiare il suo 75\u00b0 compleanno, il marchio Scorpion svela una splendida sorpresa: <strong>l'Abarth 695 Edizione 75\u00b0 Anniversario.<\/strong> Una serie <strong>limitato a soli 1.368 esemplari,<\/strong> un cenno alla capacit\u00e0 del suo leggendario motore 1.4 T-Jet. Un'esclusivit\u00e0 riservata all'Italia, un tocco di rimpianto per gli appassionati francesi?<\/p>\n\n\n\n<p>L'Abarth 695 Edizione 75\u00b0 Anniversario \u00e8 molto pi\u00f9 di una semplice auto: \u00e8 un tributo rotante alla storia e al successo di un marchio che ha lasciato il segno nell'industria automobilistica. <strong>Il motore 1.4 T-Jet, sovralimentato da un turbocompressore Garrett GT 1446<\/strong>promette prestazioni mozzafiato: <strong>180 c<\/strong>h, 250 Nm di coppia e un'accelerazione di <strong>Da 0 a 100 km\/h in soli 6,7 secondi<\/strong>. Il tutto, sotto l'emblematico suono di <strong>Sistema di scarico Record Monza<\/strong> con valvola attiva.<\/p>\n\n\n\n<figure class=\"wp-block-image size-large\"><img loading=\"lazy\" decoding=\"async\" width=\"1024\" height=\"683\" src=\"https:\/\/www.italpassion.fr\/wp-content\/uploads\/2024\/02\/abarth-695-3-1024x683.jpg\" alt=\"\" class=\"wp-image-33189\" srcset=\"https:\/\/www.italpassion.fr\/wp-content\/uploads\/2024\/02\/abarth-695-3-1024x683.jpg 1024w, https:\/\/www.italpassion.fr\/wp-content\/uploads\/2024\/02\/abarth-695-3-300x200.jpg 300w, https:\/\/www.italpassion.fr\/wp-content\/uploads\/2024\/02\/abarth-695-3-768x512.jpg 768w, https:\/\/www.italpassion.fr\/wp-content\/uploads\/2024\/02\/abarth-695-3-18x12.jpg 18w, https:\/\/www.italpassion.fr\/wp-content\/uploads\/2024\/02\/abarth-695-3-561x374.jpg 561w, https:\/\/www.italpassion.fr\/wp-content\/uploads\/2024\/02\/abarth-695-3-1122x748.jpg 1122w, https:\/\/www.italpassion.fr\/wp-content\/uploads\/2024\/02\/abarth-695-3-265x177.jpg 265w, https:\/\/www.italpassion.fr\/wp-content\/uploads\/2024\/02\/abarth-695-3-531x354.jpg 531w, https:\/\/www.italpassion.fr\/wp-content\/uploads\/2024\/02\/abarth-695-3-364x243.jpg 364w, https:\/\/www.italpassion.fr\/wp-content\/uploads\/2024\/02\/abarth-695-3-728x485.jpg 728w, https:\/\/www.italpassion.fr\/wp-content\/uploads\/2024\/02\/abarth-695-3-608x405.jpg 608w, https:\/\/www.italpassion.fr\/wp-content\/uploads\/2024\/02\/abarth-695-3-758x505.jpg 758w, https:\/\/www.italpassion.fr\/wp-content\/uploads\/2024\/02\/abarth-695-3-1152x768.jpg 1152w, https:\/\/www.italpassion.fr\/wp-content\/uploads\/2024\/02\/abarth-695-3-600x400.jpg 600w, https:\/\/www.italpassion.fr\/wp-content\/uploads\/2024\/02\/abarth-695-3.jpg 1200w\" sizes=\"auto, (max-width: 1024px) 100vw, 1024px\" \/><\/figure>\n\n\n\n<figure class=\"wp-block-image size-large\"><img loading=\"lazy\" decoding=\"async\" width=\"1024\" height=\"624\" src=\"https:\/\/www.italpassion.fr\/wp-content\/uploads\/2024\/02\/abarth-695-4-1024x624.jpg\" alt=\"\" class=\"wp-image-33190\" srcset=\"https:\/\/www.italpassion.fr\/wp-content\/uploads\/2024\/02\/abarth-695-4-1024x624.jpg 1024w, https:\/\/www.italpassion.fr\/wp-content\/uploads\/2024\/02\/abarth-695-4-300x183.jpg 300w, https:\/\/www.italpassion.fr\/wp-content\/uploads\/2024\/02\/abarth-695-4-768x468.jpg 768w, https:\/\/www.italpassion.fr\/wp-content\/uploads\/2024\/02\/abarth-695-4-18x12.jpg 18w, https:\/\/www.italpassion.fr\/wp-content\/uploads\/2024\/02\/abarth-695-4-561x342.jpg 561w, https:\/\/www.italpassion.fr\/wp-content\/uploads\/2024\/02\/abarth-695-4-1122x683.jpg 1122w, https:\/\/www.italpassion.fr\/wp-content\/uploads\/2024\/02\/abarth-695-4-265x161.jpg 265w, https:\/\/www.italpassion.fr\/wp-content\/uploads\/2024\/02\/abarth-695-4-531x323.jpg 531w, https:\/\/www.italpassion.fr\/wp-content\/uploads\/2024\/02\/abarth-695-4-364x222.jpg 364w, https:\/\/www.italpassion.fr\/wp-content\/uploads\/2024\/02\/abarth-695-4-728x443.jpg 728w, https:\/\/www.italpassion.fr\/wp-content\/uploads\/2024\/02\/abarth-695-4-608x370.jpg 608w, https:\/\/www.italpassion.fr\/wp-content\/uploads\/2024\/02\/abarth-695-4-758x462.jpg 758w, https:\/\/www.italpassion.fr\/wp-content\/uploads\/2024\/02\/abarth-695-4-1152x702.jpg 1152w, https:\/\/www.italpassion.fr\/wp-content\/uploads\/2024\/02\/abarth-695-4-600x366.jpg 600w, https:\/\/www.italpassion.fr\/wp-content\/uploads\/2024\/02\/abarth-695-4.jpg 1200w\" sizes=\"auto, (max-width: 1024px) 100vw, 1024px\" \/><\/figure>\n\n\n\n<p>In termini di design, l'Abarth 695 75\u00b0 Anniversario non lascia indifferenti. <strong>Lo scorpione d'oro sul tetto,<\/strong> su sfondo nero, a simboleggiare la potenza e l'eleganza del marchio. Gli esclusivi cerchi in lega dorati da 17 pollici, i dischi freno ventilati e forati da 305\u00d728 mm serrati da pinze Brembo, i vetri oscurati e i loghi dorati conferiscono a questa edizione limitata un carattere unico.<\/p>\n\n\n\n<figure class=\"wp-block-image size-large\"><img loading=\"lazy\" decoding=\"async\" width=\"1024\" height=\"683\" src=\"https:\/\/www.italpassion.fr\/wp-content\/uploads\/2024\/02\/abarth-695-7-1024x683.jpg\" alt=\"\" class=\"wp-image-33191\" srcset=\"https:\/\/www.italpassion.fr\/wp-content\/uploads\/2024\/02\/abarth-695-7-1024x683.jpg 1024w, https:\/\/www.italpassion.fr\/wp-content\/uploads\/2024\/02\/abarth-695-7-300x200.jpg 300w, https:\/\/www.italpassion.fr\/wp-content\/uploads\/2024\/02\/abarth-695-7-768x512.jpg 768w, https:\/\/www.italpassion.fr\/wp-content\/uploads\/2024\/02\/abarth-695-7-18x12.jpg 18w, https:\/\/www.italpassion.fr\/wp-content\/uploads\/2024\/02\/abarth-695-7-561x374.jpg 561w, https:\/\/www.italpassion.fr\/wp-content\/uploads\/2024\/02\/abarth-695-7-1122x748.jpg 1122w, https:\/\/www.italpassion.fr\/wp-content\/uploads\/2024\/02\/abarth-695-7-265x177.jpg 265w, https:\/\/www.italpassion.fr\/wp-content\/uploads\/2024\/02\/abarth-695-7-531x354.jpg 531w, https:\/\/www.italpassion.fr\/wp-content\/uploads\/2024\/02\/abarth-695-7-364x243.jpg 364w, https:\/\/www.italpassion.fr\/wp-content\/uploads\/2024\/02\/abarth-695-7-728x485.jpg 728w, https:\/\/www.italpassion.fr\/wp-content\/uploads\/2024\/02\/abarth-695-7-608x405.jpg 608w, https:\/\/www.italpassion.fr\/wp-content\/uploads\/2024\/02\/abarth-695-7-758x505.jpg 758w, https:\/\/www.italpassion.fr\/wp-content\/uploads\/2024\/02\/abarth-695-7-1152x768.jpg 1152w, https:\/\/www.italpassion.fr\/wp-content\/uploads\/2024\/02\/abarth-695-7-600x400.jpg 600w, https:\/\/www.italpassion.fr\/wp-content\/uploads\/2024\/02\/abarth-695-7.jpg 1200w\" sizes=\"auto, (max-width: 1024px) 100vw, 1024px\" \/><\/figure>\n\n\n\n<p>All'interno, l'esclusivit\u00e0 continua con un <strong>cruscotto in Alcantara nero,<\/strong> da<strong> sedili in carbonio specifici per Sabelt<\/strong> e inserti in Alcantara che aggiungono un tocco di sportivit\u00e0. L'equipaggiamento all'avanguardia, con radio DAB da 7\u2033, display digitale TFT da 7\u2033 e connettivit\u00e0 CarPlay e Android Auto, offre un'esperienza di guida moderna.<\/p>\n\n\n\n<p>\u00c8 con un pizzico di rammarico che questa meraviglia non varcher\u00e0 le Alpi per raggiungere gli appassionati francesi. Una decisione che sottolinea la volont\u00e0 di Abarth France di concentrarsi sui modelli elettrici. Un peccato per chi avrebbe sognato di vedere questa edizione limitata sulle strade francesi.<\/p>\n\n\n\n<figure class=\"wp-block-image size-large\"><img loading=\"lazy\" decoding=\"async\" width=\"1024\" height=\"683\" src=\"https:\/\/www.italpassion.fr\/wp-content\/uploads\/2024\/02\/abarth-695-5-1024x683.jpg\" alt=\"\" class=\"wp-image-33192\" srcset=\"https:\/\/www.italpassion.fr\/wp-content\/uploads\/2024\/02\/abarth-695-5-1024x683.jpg 1024w, https:\/\/www.italpassion.fr\/wp-content\/uploads\/2024\/02\/abarth-695-5-300x200.jpg 300w, https:\/\/www.italpassion.fr\/wp-content\/uploads\/2024\/02\/abarth-695-5-768x512.jpg 768w, https:\/\/www.italpassion.fr\/wp-content\/uploads\/2024\/02\/abarth-695-5-18x12.jpg 18w, https:\/\/www.italpassion.fr\/wp-content\/uploads\/2024\/02\/abarth-695-5-561x374.jpg 561w, https:\/\/www.italpassion.fr\/wp-content\/uploads\/2024\/02\/abarth-695-5-1122x748.jpg 1122w, https:\/\/www.italpassion.fr\/wp-content\/uploads\/2024\/02\/abarth-695-5-265x177.jpg 265w, https:\/\/www.italpassion.fr\/wp-content\/uploads\/2024\/02\/abarth-695-5-531x354.jpg 531w, https:\/\/www.italpassion.fr\/wp-content\/uploads\/2024\/02\/abarth-695-5-364x243.jpg 364w, https:\/\/www.italpassion.fr\/wp-content\/uploads\/2024\/02\/abarth-695-5-728x485.jpg 728w, https:\/\/www.italpassion.fr\/wp-content\/uploads\/2024\/02\/abarth-695-5-608x405.jpg 608w, https:\/\/www.italpassion.fr\/wp-content\/uploads\/2024\/02\/abarth-695-5-758x505.jpg 758w, https:\/\/www.italpassion.fr\/wp-content\/uploads\/2024\/02\/abarth-695-5-1152x768.jpg 1152w, https:\/\/www.italpassion.fr\/wp-content\/uploads\/2024\/02\/abarth-695-5-600x400.jpg 600w, https:\/\/www.italpassion.fr\/wp-content\/uploads\/2024\/02\/abarth-695-5.jpg 1200w\" sizes=\"auto, (max-width: 1024px) 100vw, 1024px\" \/><\/figure>","protected":false},"excerpt":{"rendered":"","protected":false},"author":1,"featured_media":33188,"comment_status":"open","ping_status":"open","sticky":false,"template":"","format":"standard","meta":{"_acf_changed":false,"_sitemap_exclude":false,"_sitemap_priority":"","_sitemap_frequency":"","footnotes":""},"categories":[21],"tags":[],"class_list":["post-33187","post","type-post","status-publish","format-standard","has-post-thumbnail","hentry","category-abarth","generate-columns","tablet-grid-50","mobile-grid-100","grid-parent","grid-33"],"acf":[],"yoast_head":"<!-- This site is optimized with the Yoast SEO plugin v25.8 - https:\/\/yoast.com\/wordpress\/plugins\/seo\/ -->\n<title>Abarth 695 : une \u00e9dition limit\u00e9e pour c\u00e9l\u00e9brer les 75 ans de la marque, exclusivement en Italie - ItalPassion<\/title>\n<meta name=\"description\" content=\"Alors qu&#039;Abarth s&#039;appr\u00eate \u00e0 souffler ses 75 bougies, la marque au Scorpion nous d\u00e9voile une belle surprise : l&#039;Abarth 695 \u00e9dition 75\u00e8me anniversaire. Une\" \/>\n<meta name=\"robots\" content=\"index, follow, max-snippet:-1, max-image-preview:large, max-video-preview:-1\" \/>\n<link rel=\"canonical\" href=\"https:\/\/www.italpassion.fr\/it\/abarth\/abarth-695-in-edizione-limitata-per-celebrare-i-75-anni-del-marchio-in-esclusiva-in-italia\/\" \/>\n<meta property=\"og:locale\" content=\"it_IT\" \/>\n<meta property=\"og:type\" content=\"article\" \/>\n<meta property=\"og:title\" content=\"Abarth 695 : une \u00e9dition limit\u00e9e pour c\u00e9l\u00e9brer les 75 ans de la marque, exclusivement en Italie - ItalPassion\" \/>\n<meta property=\"og:description\" content=\"Alors qu&#039;Abarth s&#039;appr\u00eate \u00e0 souffler ses 75 bougies, la marque au Scorpion nous d\u00e9voile une belle surprise : l&#039;Abarth 695 \u00e9dition 75\u00e8me anniversaire. Une\" \/>\n<meta property=\"og:url\" content=\"https:\/\/www.italpassion.fr\/it\/abarth\/abarth-695-in-edizione-limitata-per-celebrare-i-75-anni-del-marchio-in-esclusiva-in-italia\/\" \/>\n<meta property=\"og:site_name\" content=\"ItalPassion\" \/>\n<meta property=\"article:publisher\" content=\"https:\/\/www.facebook.com\/italpassion\" \/>\n<meta property=\"article:published_time\" content=\"2024-02-12T14:50:26+00:00\" \/>\n<meta property=\"article:modified_time\" content=\"2024-02-12T14:50:28+00:00\" \/>\n<meta property=\"og:image\" content=\"https:\/\/www.italpassion.fr\/wp-content\/uploads\/2024\/02\/abarth-695-0.jpg\" \/>\n\t<meta property=\"og:image:width\" content=\"1200\" \/>\n\t<meta property=\"og:image:height\" content=\"800\" \/>\n\t<meta property=\"og:image:type\" content=\"image\/jpeg\" \/>\n<meta name=\"author\" content=\"Alexandre Filluzeau\" \/>\n<meta name=\"twitter:card\" content=\"summary_large_image\" \/>\n<meta name=\"twitter:creator\" content=\"@italpassion\" \/>\n<meta name=\"twitter:site\" content=\"@italpassion\" \/>\n<script type=\"application\/ld+json\" class=\"yoast-schema-graph\">{\"@context\":\"https:\/\/schema.org\",\"@graph\":[{\"@type\":\"NewsArticle\",\"@id\":\"https:\/\/www.italpassion.fr\/it\/abarth\/abarth-695-une-edition-limitee-pour-celebrer-les-75-ans-de-la-marque-exclusivement-en-italie\/#article\",\"isPartOf\":{\"@id\":\"https:\/\/www.italpassion.fr\/it\/abarth\/abarth-695-une-edition-limitee-pour-celebrer-les-75-ans-de-la-marque-exclusivement-en-italie\/\"},\"author\":{\"name\":\"Alexandre Filluzeau\",\"@id\":\"https:\/\/www.italpassion.fr\/it\/#\/schema\/person\/36f747b2a759ca202d847e85a9434ca0\"},\"headline\":\"Abarth 695 : une \u00e9dition limit\u00e9e pour c\u00e9l\u00e9brer les 75 ans de la marque, exclusivement en Italie\",\"datePublished\":\"2024-02-12T14:50:26+00:00\",\"dateModified\":\"2024-02-12T14:50:28+00:00\",\"mainEntityOfPage\":{\"@id\":\"https:\/\/www.italpassion.fr\/it\/abarth\/abarth-695-une-edition-limitee-pour-celebrer-les-75-ans-de-la-marque-exclusivement-en-italie\/\"},\"wordCount\":357,\"commentCount\":18,\"publisher\":{\"@id\":\"https:\/\/www.italpassion.fr\/it\/#organization\"},\"image\":{\"@id\":\"https:\/\/www.italpassion.fr\/it\/abarth\/abarth-695-une-edition-limitee-pour-celebrer-les-75-ans-de-la-marque-exclusivement-en-italie\/#primaryimage\"},\"thumbnailUrl\":\"https:\/\/www.italpassion.fr\/wp-content\/uploads\/2024\/02\/abarth-695-0.jpg\",\"articleSection\":[\"Abarth\"],\"inLanguage\":\"it-IT\",\"potentialAction\":[{\"@type\":\"CommentAction\",\"name\":\"Comment\",\"target\":[\"https:\/\/www.italpassion.fr\/it\/abarth\/abarth-695-une-edition-limitee-pour-celebrer-les-75-ans-de-la-marque-exclusivement-en-italie\/#respond\"]}]},{\"@type\":\"WebPage\",\"@id\":\"https:\/\/www.italpassion.fr\/it\/abarth\/abarth-695-une-edition-limitee-pour-celebrer-les-75-ans-de-la-marque-exclusivement-en-italie\/\",\"url\":\"https:\/\/www.italpassion.fr\/it\/abarth\/abarth-695-une-edition-limitee-pour-celebrer-les-75-ans-de-la-marque-exclusivement-en-italie\/\",\"name\":\"Abarth 695 : une \u00e9dition limit\u00e9e pour c\u00e9l\u00e9brer les 75 ans de la marque, exclusivement en Italie - ItalPassion\",\"isPartOf\":{\"@id\":\"https:\/\/www.italpassion.fr\/it\/#website\"},\"primaryImageOfPage\":{\"@id\":\"https:\/\/www.italpassion.fr\/it\/abarth\/abarth-695-une-edition-limitee-pour-celebrer-les-75-ans-de-la-marque-exclusivement-en-italie\/#primaryimage\"},\"image\":{\"@id\":\"https:\/\/www.italpassion.fr\/it\/abarth\/abarth-695-une-edition-limitee-pour-celebrer-les-75-ans-de-la-marque-exclusivement-en-italie\/#primaryimage\"},\"thumbnailUrl\":\"https:\/\/www.italpassion.fr\/wp-content\/uploads\/2024\/02\/abarth-695-0.jpg\",\"datePublished\":\"2024-02-12T14:50:26+00:00\",\"dateModified\":\"2024-02-12T14:50:28+00:00\",\"description\":\"Alors qu'Abarth s'appr\u00eate \u00e0 souffler ses 75 bougies, la marque au Scorpion nous d\u00e9voile une belle surprise : l'Abarth 695 \u00e9dition 75\u00e8me anniversaire. Une\",\"breadcrumb\":{\"@id\":\"https:\/\/www.italpassion.fr\/it\/abarth\/abarth-695-une-edition-limitee-pour-celebrer-les-75-ans-de-la-marque-exclusivement-en-italie\/#breadcrumb\"},\"inLanguage\":\"it-IT\",\"potentialAction\":[{\"@type\":\"ReadAction\",\"target\":[\"https:\/\/www.italpassion.fr\/it\/abarth\/abarth-695-une-edition-limitee-pour-celebrer-les-75-ans-de-la-marque-exclusivement-en-italie\/\"]}]},{\"@type\":\"ImageObject\",\"inLanguage\":\"it-IT\",\"@id\":\"https:\/\/www.italpassion.fr\/it\/abarth\/abarth-695-une-edition-limitee-pour-celebrer-les-75-ans-de-la-marque-exclusivement-en-italie\/#primaryimage\",\"url\":\"https:\/\/www.italpassion.fr\/wp-content\/uploads\/2024\/02\/abarth-695-0.jpg\",\"contentUrl\":\"https:\/\/www.italpassion.fr\/wp-content\/uploads\/2024\/02\/abarth-695-0.jpg\",\"width\":1200,\"height\":800,\"caption\":\"abarth-695-0\"},{\"@type\":\"BreadcrumbList\",\"@id\":\"https:\/\/www.italpassion.fr\/it\/abarth\/abarth-695-une-edition-limitee-pour-celebrer-les-75-ans-de-la-marque-exclusivement-en-italie\/#breadcrumb\",\"itemListElement\":[{\"@type\":\"ListItem\",\"position\":1,\"name\":\"Accueil\",\"item\":\"https:\/\/www.italpassion.fr\/it\/\"},{\"@type\":\"ListItem\",\"position\":2,\"name\":\"Abarth 695 : une \u00e9dition limit\u00e9e pour c\u00e9l\u00e9brer les 75 ans de la marque, exclusivement en Italie\"}]},{\"@type\":\"WebSite\",\"@id\":\"https:\/\/www.italpassion.fr\/it\/#website\",\"url\":\"https:\/\/www.italpassion.fr\/it\/\",\"name\":\"ItalPassion\",\"description\":\"Les Passionn\u00e9s d&#039;Automobiles Italiennes\",\"publisher\":{\"@id\":\"https:\/\/www.italpassion.fr\/it\/#organization\"},\"potentialAction\":[{\"@type\":\"SearchAction\",\"target\":{\"@type\":\"EntryPoint\",\"urlTemplate\":\"https:\/\/www.italpassion.fr\/it\/?s={search_term_string}\"},\"query-input\":{\"@type\":\"PropertyValueSpecification\",\"valueRequired\":true,\"valueName\":\"search_term_string\"}}],\"inLanguage\":\"it-IT\"},{\"@type\":\"Organization\",\"@id\":\"https:\/\/www.italpassion.fr\/it\/#organization\",\"name\":\"Italpassion\",\"url\":\"https:\/\/www.italpassion.fr\/it\/\",\"logo\":{\"@type\":\"ImageObject\",\"inLanguage\":\"it-IT\",\"@id\":\"https:\/\/www.italpassion.fr\/it\/#\/schema\/logo\/image\/\",\"url\":\"https:\/\/www.italpassion.fr\/wp-content\/uploads\/2023\/07\/italpassion-yoast.jpg\",\"contentUrl\":\"https:\/\/www.italpassion.fr\/wp-content\/uploads\/2023\/07\/italpassion-yoast.jpg\",\"width\":696,\"height\":696,\"caption\":\"Italpassion\"},\"image\":{\"@id\":\"https:\/\/www.italpassion.fr\/it\/#\/schema\/logo\/image\/\"},\"sameAs\":[\"https:\/\/www.facebook.com\/italpassion\",\"https:\/\/x.com\/italpassion\",\"https:\/\/www.instagram.com\/italpassionfr\/\",\"https:\/\/www.youtube.com\/channel\/UCleq-ByQaA42OjhopwevRjQ\",\"https:\/\/www.facebook.com\/italpassion.en\/\",\"https:\/\/www.facebook.com\/italpassion.it\/\",\"https:\/\/www.facebook.com\/italpassion.de\/\",\"https:\/\/www.facebook.com\/italpassion.ja\/\"]},{\"@type\":\"Person\",\"@id\":\"https:\/\/www.italpassion.fr\/it\/#\/schema\/person\/36f747b2a759ca202d847e85a9434ca0\",\"name\":\"Alexandre Filluzeau\",\"image\":{\"@type\":\"ImageObject\",\"inLanguage\":\"it-IT\",\"@id\":\"https:\/\/www.italpassion.fr\/it\/#\/schema\/person\/image\/\",\"url\":\"https:\/\/www.italpassion.fr\/wp-content\/uploads\/2025\/04\/avatar-alexandre-160x160.jpg\",\"contentUrl\":\"https:\/\/www.italpassion.fr\/wp-content\/uploads\/2025\/04\/avatar-alexandre-160x160.jpg\",\"caption\":\"Alexandre Filluzeau\"},\"description\":\"Fondateur du site ItalPassion, passionn\u00e9 de voitures italiennes et de l'Italie en g\u00e9n\u00e9ral. J'apporte un regard critique et technique aux actualit\u00e9s des marques italiennes quand cela est possible. Propri\u00e9taire d'une Maserati GranTurismo, Alfa Romeo MiTo, Lancia Fulvia et Ducati 695. Ex-propri\u00e9taire d'une Alfa Romeo Giulia.\",\"sameAs\":[\"https:\/\/www.italpassion.fr\/\"],\"url\":\"https:\/\/www.italpassion.fr\/it\/author\/alexandre\/\"}]}<\/script>\n<!-- \/ Yoast SEO plugin. -->","yoast_head_json":{"title":"Abarth 695: un'edizione limitata per celebrare i 75 anni del marchio, in esclusiva per l'Italia - ItalPassion","description":"Mentre Abarth si prepara a festeggiare il suo 75\u00b0 compleanno, il marchio dello Scorpione svela una sorpresa: l'Abarth 695 Edizione 75\u00b0 Anniversario. A","robots":{"index":"index","follow":"follow","max-snippet":"max-snippet:-1","max-image-preview":"max-image-preview:large","max-video-preview":"max-video-preview:-1"},"canonical":"https:\/\/www.italpassion.fr\/it\/abarth\/abarth-695-in-edizione-limitata-per-celebrare-i-75-anni-del-marchio-in-esclusiva-in-italia\/","og_locale":"it_IT","og_type":"article","og_title":"Abarth 695 : une \u00e9dition limit\u00e9e pour c\u00e9l\u00e9brer les 75 ans de la marque, exclusivement en Italie - ItalPassion","og_description":"Alors qu'Abarth s'appr\u00eate \u00e0 souffler ses 75 bougies, la marque au Scorpion nous d\u00e9voile une belle surprise : l'Abarth 695 \u00e9dition 75\u00e8me anniversaire. Une","og_url":"https:\/\/www.italpassion.fr\/it\/abarth\/abarth-695-in-edizione-limitata-per-celebrare-i-75-anni-del-marchio-in-esclusiva-in-italia\/","og_site_name":"ItalPassion","article_publisher":"https:\/\/www.facebook.com\/italpassion","article_published_time":"2024-02-12T14:50:26+00:00","article_modified_time":"2024-02-12T14:50:28+00:00","og_image":[{"width":1200,"height":800,"url":"https:\/\/www.italpassion.fr\/wp-content\/uploads\/2024\/02\/abarth-695-0.jpg","type":"image\/jpeg"}],"author":"Alexandre Filluzeau","twitter_card":"summary_large_image","twitter_creator":"@italpassion","twitter_site":"@italpassion","schema":{"@context":"https:\/\/schema.org","@graph":[{"@type":"NewsArticle","@id":"https:\/\/www.italpassion.fr\/it\/abarth\/abarth-695-une-edition-limitee-pour-celebrer-les-75-ans-de-la-marque-exclusivement-en-italie\/#article","isPartOf":{"@id":"https:\/\/www.italpassion.fr\/it\/abarth\/abarth-695-une-edition-limitee-pour-celebrer-les-75-ans-de-la-marque-exclusivement-en-italie\/"},"author":{"name":"Alexandre Filluzeau","@id":"https:\/\/www.italpassion.fr\/it\/#\/schema\/person\/36f747b2a759ca202d847e85a9434ca0"},"headline":"Abarth 695 : une \u00e9dition limit\u00e9e pour c\u00e9l\u00e9brer les 75 ans de la marque, exclusivement en Italie","datePublished":"2024-02-12T14:50:26+00:00","dateModified":"2024-02-12T14:50:28+00:00","mainEntityOfPage":{"@id":"https:\/\/www.italpassion.fr\/it\/abarth\/abarth-695-une-edition-limitee-pour-celebrer-les-75-ans-de-la-marque-exclusivement-en-italie\/"},"wordCount":357,"commentCount":18,"publisher":{"@id":"https:\/\/www.italpassion.fr\/it\/#organization"},"image":{"@id":"https:\/\/www.italpassion.fr\/it\/abarth\/abarth-695-une-edition-limitee-pour-celebrer-les-75-ans-de-la-marque-exclusivement-en-italie\/#primaryimage"},"thumbnailUrl":"https:\/\/www.italpassion.fr\/wp-content\/uploads\/2024\/02\/abarth-695-0.jpg","articleSection":["Abarth"],"inLanguage":"it-IT","potentialAction":[{"@type":"CommentAction","name":"Comment","target":["https:\/\/www.italpassion.fr\/it\/abarth\/abarth-695-une-edition-limitee-pour-celebrer-les-75-ans-de-la-marque-exclusivement-en-italie\/#respond"]}]},{"@type":"WebPage","@id":"https:\/\/www.italpassion.fr\/it\/abarth\/abarth-695-une-edition-limitee-pour-celebrer-les-75-ans-de-la-marque-exclusivement-en-italie\/","url":"https:\/\/www.italpassion.fr\/it\/abarth\/abarth-695-une-edition-limitee-pour-celebrer-les-75-ans-de-la-marque-exclusivement-en-italie\/","name":"Abarth 695: un'edizione limitata per celebrare i 75 anni del marchio, in esclusiva per l'Italia - ItalPassion","isPartOf":{"@id":"https:\/\/www.italpassion.fr\/it\/#website"},"primaryImageOfPage":{"@id":"https:\/\/www.italpassion.fr\/it\/abarth\/abarth-695-une-edition-limitee-pour-celebrer-les-75-ans-de-la-marque-exclusivement-en-italie\/#primaryimage"},"image":{"@id":"https:\/\/www.italpassion.fr\/it\/abarth\/abarth-695-une-edition-limitee-pour-celebrer-les-75-ans-de-la-marque-exclusivement-en-italie\/#primaryimage"},"thumbnailUrl":"https:\/\/www.italpassion.fr\/wp-content\/uploads\/2024\/02\/abarth-695-0.jpg","datePublished":"2024-02-12T14:50:26+00:00","dateModified":"2024-02-12T14:50:28+00:00","description":"Mentre Abarth si prepara a festeggiare il suo 75\u00b0 compleanno, il marchio dello Scorpione svela una sorpresa: l'Abarth 695 Edizione 75\u00b0 Anniversario. A","breadcrumb":{"@id":"https:\/\/www.italpassion.fr\/it\/abarth\/abarth-695-une-edition-limitee-pour-celebrer-les-75-ans-de-la-marque-exclusivement-en-italie\/#breadcrumb"},"inLanguage":"it-IT","potentialAction":[{"@type":"ReadAction","target":["https:\/\/www.italpassion.fr\/it\/abarth\/abarth-695-une-edition-limitee-pour-celebrer-les-75-ans-de-la-marque-exclusivement-en-italie\/"]}]},{"@type":"ImageObject","inLanguage":"it-IT","@id":"https:\/\/www.italpassion.fr\/it\/abarth\/abarth-695-une-edition-limitee-pour-celebrer-les-75-ans-de-la-marque-exclusivement-en-italie\/#primaryimage","url":"https:\/\/www.italpassion.fr\/wp-content\/uploads\/2024\/02\/abarth-695-0.jpg","contentUrl":"https:\/\/www.italpassion.fr\/wp-content\/uploads\/2024\/02\/abarth-695-0.jpg","width":1200,"height":800,"caption":"abarth-695-0"},{"@type":"BreadcrumbList","@id":"https:\/\/www.italpassion.fr\/it\/abarth\/abarth-695-une-edition-limitee-pour-celebrer-les-75-ans-de-la-marque-exclusivement-en-italie\/#breadcrumb","itemListElement":[{"@type":"ListItem","position":1,"name":"Accueil","item":"https:\/\/www.italpassion.fr\/it\/"},{"@type":"ListItem","position":2,"name":"Abarth 695 : une \u00e9dition limit\u00e9e pour c\u00e9l\u00e9brer les 75 ans de la marque, exclusivement en Italie"}]},{"@type":"WebSite","@id":"https:\/\/www.italpassion.fr\/it\/#website","url":"https:\/\/www.italpassion.fr\/it\/","name":"ItalPassion","description":"Appassionati di auto italiane","publisher":{"@id":"https:\/\/www.italpassion.fr\/it\/#organization"},"potentialAction":[{"@type":"SearchAction","target":{"@type":"EntryPoint","urlTemplate":"https:\/\/www.italpassion.fr\/it\/?s={search_term_string}"},"query-input":{"@type":"PropertyValueSpecification","valueRequired":true,"valueName":"search_term_string"}}],"inLanguage":"it-IT"},{"@type":"Organization","@id":"https:\/\/www.italpassion.fr\/it\/#organization","name":"Italpassion","url":"https:\/\/www.italpassion.fr\/it\/","logo":{"@type":"ImageObject","inLanguage":"it-IT","@id":"https:\/\/www.italpassion.fr\/it\/#\/schema\/logo\/image\/","url":"https:\/\/www.italpassion.fr\/wp-content\/uploads\/2023\/07\/italpassion-yoast.jpg","contentUrl":"https:\/\/www.italpassion.fr\/wp-content\/uploads\/2023\/07\/italpassion-yoast.jpg","width":696,"height":696,"caption":"Italpassion"},"image":{"@id":"https:\/\/www.italpassion.fr\/it\/#\/schema\/logo\/image\/"},"sameAs":["https:\/\/www.facebook.com\/italpassion","https:\/\/x.com\/italpassion","https:\/\/www.instagram.com\/italpassionfr\/","https:\/\/www.youtube.com\/channel\/UCleq-ByQaA42OjhopwevRjQ","https:\/\/www.facebook.com\/italpassion.en\/","https:\/\/www.facebook.com\/italpassion.it\/","https:\/\/www.facebook.com\/italpassion.de\/","https:\/\/www.facebook.com\/italpassion.ja\/"]},{"@type":"Person","@id":"https:\/\/www.italpassion.fr\/it\/#\/schema\/person\/36f747b2a759ca202d847e85a9434ca0","name":"Alexandre Filluzeau","image":{"@type":"ImageObject","inLanguage":"it-IT","@id":"https:\/\/www.italpassion.fr\/it\/#\/schema\/person\/image\/","url":"https:\/\/www.italpassion.fr\/wp-content\/uploads\/2025\/04\/avatar-alexandre-160x160.jpg","contentUrl":"https:\/\/www.italpassion.fr\/wp-content\/uploads\/2025\/04\/avatar-alexandre-160x160.jpg","caption":"Alexandre Filluzeau"},"description":"Fondatore del sito ItalPassion, appassionato di auto italiane e dell'Italia in generale. Porto un occhio critico e tecnico alle notizie dei marchi italiani, quando possibile. Proprietario di una Maserati GranTurismo, di un'Alfa Romeo MiTo, di una Lancia Fulvia e di una Ducati 695. Ex proprietario di un'Alfa Romeo Giulia.","sameAs":["https:\/\/www.italpassion.fr\/"],"url":"https:\/\/www.italpassion.fr\/it\/author\/alexandre\/"}]}},"_links":{"self":[{"href":"https:\/\/www.italpassion.fr\/it\/wp-json\/wp\/v2\/posts\/33187","targetHints":{"allow":["GET"]}}],"collection":[{"href":"https:\/\/www.italpassion.fr\/it\/wp-json\/wp\/v2\/posts"}],"about":[{"href":"https:\/\/www.italpassion.fr\/it\/wp-json\/wp\/v2\/types\/post"}],"author":[{"embeddable":true,"href":"https:\/\/www.italpassion.fr\/it\/wp-json\/wp\/v2\/users\/1"}],"replies":[{"embeddable":true,"href":"https:\/\/www.italpassion.fr\/it\/wp-json\/wp\/v2\/comments?post=33187"}],"version-history":[{"count":1,"href":"https:\/\/www.italpassion.fr\/it\/wp-json\/wp\/v2\/posts\/33187\/revisions"}],"predecessor-version":[{"id":33193,"href":"https:\/\/www.italpassion.fr\/it\/wp-json\/wp\/v2\/posts\/33187\/revisions\/33193"}],"wp:featuredmedia":[{"embeddable":true,"href":"https:\/\/www.italpassion.fr\/it\/wp-json\/wp\/v2\/media\/33188"}],"wp:attachment":[{"href":"https:\/\/www.italpassion.fr\/it\/wp-json\/wp\/v2\/media?parent=33187"}],"wp:term":[{"taxonomy":"category","embeddable":true,"href":"https:\/\/www.italpassion.fr\/it\/wp-json\/wp\/v2\/categories?post=33187"},{"taxonomy":"post_tag","embeddable":true,"href":"https:\/\/www.italpassion.fr\/it\/wp-json\/wp\/v2\/tags?post=33187"}],"curies":[{"name":"wp","href":"https:\/\/api.w.org\/{rel}","templated":true}]}}