{"id":33048,"date":"2024-02-05T21:05:48","date_gmt":"2024-02-05T20:05:48","guid":{"rendered":"https:\/\/www.italpassion.fr\/?p=33048"},"modified":"2024-02-05T21:05:50","modified_gmt":"2024-02-05T20:05:50","slug":"nuova-fiat-panda-le-prime-immagini-a-pochi-mesi-dalla-sua-presentazione","status":"publish","type":"post","link":"https:\/\/www.italpassion.fr\/it\/fiat\/nouvelle-fiat-panda-les-premieres-images-a-quelques-mois-de-sa-presentation\/","title":{"rendered":"Nuova Fiat Panda: le prime immagini a pochi mesi dalla presentazione?"},"content":{"rendered":"<p>Le notizie <a href=\"https:\/\/www.italpassion.fr\/it\/tag\/fiat-panda\/\">Fiat Panda<\/a>la cui presentazione ufficiale \u00e8 prevista per luglio, \u00e8 gi\u00e0 sulla bocca di tutti. Quello che sembra essere <strong>le prime immagini del modello tanto atteso<\/strong>sono appena emerse. Queste immagini, tratte da un brevetto depositato da <a href=\"https:\/\/www.italpassion.fr\/it\/fiat\/\">Fiat<\/a> nel 2021, mostrano un assaggio del design della nuova Panda.<\/p>\n\n\n\n<figure class=\"wp-block-image size-large\"><img loading=\"lazy\" decoding=\"async\" width=\"1024\" height=\"683\" src=\"https:\/\/www.italpassion.fr\/wp-content\/uploads\/2024\/02\/nouvelle-fiat-panda-1024x683.jpg\" alt=\"\" class=\"wp-image-33049\" srcset=\"https:\/\/www.italpassion.fr\/wp-content\/uploads\/2024\/02\/nouvelle-fiat-panda-1024x683.jpg 1024w, https:\/\/www.italpassion.fr\/wp-content\/uploads\/2024\/02\/nouvelle-fiat-panda-300x200.jpg 300w, https:\/\/www.italpassion.fr\/wp-content\/uploads\/2024\/02\/nouvelle-fiat-panda-768x512.jpg 768w, https:\/\/www.italpassion.fr\/wp-content\/uploads\/2024\/02\/nouvelle-fiat-panda-18x12.jpg 18w, https:\/\/www.italpassion.fr\/wp-content\/uploads\/2024\/02\/nouvelle-fiat-panda-561x374.jpg 561w, https:\/\/www.italpassion.fr\/wp-content\/uploads\/2024\/02\/nouvelle-fiat-panda-1122x748.jpg 1122w, https:\/\/www.italpassion.fr\/wp-content\/uploads\/2024\/02\/nouvelle-fiat-panda-265x177.jpg 265w, https:\/\/www.italpassion.fr\/wp-content\/uploads\/2024\/02\/nouvelle-fiat-panda-531x354.jpg 531w, https:\/\/www.italpassion.fr\/wp-content\/uploads\/2024\/02\/nouvelle-fiat-panda-364x243.jpg 364w, https:\/\/www.italpassion.fr\/wp-content\/uploads\/2024\/02\/nouvelle-fiat-panda-728x485.jpg 728w, https:\/\/www.italpassion.fr\/wp-content\/uploads\/2024\/02\/nouvelle-fiat-panda-608x405.jpg 608w, https:\/\/www.italpassion.fr\/wp-content\/uploads\/2024\/02\/nouvelle-fiat-panda-758x505.jpg 758w, https:\/\/www.italpassion.fr\/wp-content\/uploads\/2024\/02\/nouvelle-fiat-panda-1152x768.jpg 1152w, https:\/\/www.italpassion.fr\/wp-content\/uploads\/2024\/02\/nouvelle-fiat-panda-600x400.jpg 600w, https:\/\/www.italpassion.fr\/wp-content\/uploads\/2024\/02\/nouvelle-fiat-panda.jpg 1200w\" sizes=\"auto, (max-width: 1024px) 100vw, 1024px\" \/><\/figure>\n\n\n\n<p>Come promemoria, la nuova Fiat Panda condivider\u00e0 gli elementi di design con <a href=\"https:\/\/www.italpassion.fr\/it\/fiat\/la-nuova-citroen-e-c3-pone-le-basi-per-la-futura-fiat-panda-elettrica\/\">la Citroen e-C3, presentata lo scorso ottobre<\/a>. I due veicoli si assomigliano in modo impressionante, suggerendo ancora una volta elementi di design comuni. <\/p>\n\n\n\n<figure class=\"wp-block-image size-large\"><img loading=\"lazy\" decoding=\"async\" width=\"1024\" height=\"516\" src=\"https:\/\/www.italpassion.fr\/wp-content\/uploads\/2023\/10\/citroen-ec3-1024x516.jpg\" alt=\"\" class=\"wp-image-32269\" srcset=\"https:\/\/www.italpassion.fr\/wp-content\/uploads\/2023\/10\/citroen-ec3-1024x516.jpg 1024w, https:\/\/www.italpassion.fr\/wp-content\/uploads\/2023\/10\/citroen-ec3-300x151.jpg 300w, https:\/\/www.italpassion.fr\/wp-content\/uploads\/2023\/10\/citroen-ec3-768x387.jpg 768w, https:\/\/www.italpassion.fr\/wp-content\/uploads\/2023\/10\/citroen-ec3-18x9.jpg 18w, https:\/\/www.italpassion.fr\/wp-content\/uploads\/2023\/10\/citroen-ec3-192x96.jpg 192w, https:\/\/www.italpassion.fr\/wp-content\/uploads\/2023\/10\/citroen-ec3-561x282.jpg 561w, https:\/\/www.italpassion.fr\/wp-content\/uploads\/2023\/10\/citroen-ec3-1122x565.jpg 1122w, https:\/\/www.italpassion.fr\/wp-content\/uploads\/2023\/10\/citroen-ec3-265x133.jpg 265w, https:\/\/www.italpassion.fr\/wp-content\/uploads\/2023\/10\/citroen-ec3-531x267.jpg 531w, https:\/\/www.italpassion.fr\/wp-content\/uploads\/2023\/10\/citroen-ec3-364x183.jpg 364w, https:\/\/www.italpassion.fr\/wp-content\/uploads\/2023\/10\/citroen-ec3-728x366.jpg 728w, https:\/\/www.italpassion.fr\/wp-content\/uploads\/2023\/10\/citroen-ec3-608x306.jpg 608w, https:\/\/www.italpassion.fr\/wp-content\/uploads\/2023\/10\/citroen-ec3-758x382.jpg 758w, https:\/\/www.italpassion.fr\/wp-content\/uploads\/2023\/10\/citroen-ec3-1152x580.jpg 1152w, https:\/\/www.italpassion.fr\/wp-content\/uploads\/2023\/10\/citroen-ec3-600x302.jpg 600w, https:\/\/www.italpassion.fr\/wp-content\/uploads\/2023\/10\/citroen-ec3.jpg 1170w\" sizes=\"auto, (max-width: 1024px) 100vw, 1024px\" \/><\/figure>\n\n\n\n<figure class=\"wp-block-image size-large\"><img loading=\"lazy\" decoding=\"async\" width=\"1024\" height=\"724\" src=\"https:\/\/www.italpassion.fr\/wp-content\/uploads\/2024\/02\/nouvelle-fiat-panda-2-1024x724.jpg\" alt=\"\" class=\"wp-image-33050\" srcset=\"https:\/\/www.italpassion.fr\/wp-content\/uploads\/2024\/02\/nouvelle-fiat-panda-2-1024x724.jpg 1024w, https:\/\/www.italpassion.fr\/wp-content\/uploads\/2024\/02\/nouvelle-fiat-panda-2-300x212.jpg 300w, https:\/\/www.italpassion.fr\/wp-content\/uploads\/2024\/02\/nouvelle-fiat-panda-2-768x543.jpg 768w, https:\/\/www.italpassion.fr\/wp-content\/uploads\/2024\/02\/nouvelle-fiat-panda-2-18x12.jpg 18w, https:\/\/www.italpassion.fr\/wp-content\/uploads\/2024\/02\/nouvelle-fiat-panda-2-265x187.jpg 265w, https:\/\/www.italpassion.fr\/wp-content\/uploads\/2024\/02\/nouvelle-fiat-panda-2-561x397.jpg 561w, https:\/\/www.italpassion.fr\/wp-content\/uploads\/2024\/02\/nouvelle-fiat-panda-2-1122x794.jpg 1122w, https:\/\/www.italpassion.fr\/wp-content\/uploads\/2024\/02\/nouvelle-fiat-panda-2-531x376.jpg 531w, https:\/\/www.italpassion.fr\/wp-content\/uploads\/2024\/02\/nouvelle-fiat-panda-2-364x258.jpg 364w, https:\/\/www.italpassion.fr\/wp-content\/uploads\/2024\/02\/nouvelle-fiat-panda-2-728x515.jpg 728w, https:\/\/www.italpassion.fr\/wp-content\/uploads\/2024\/02\/nouvelle-fiat-panda-2-608x430.jpg 608w, https:\/\/www.italpassion.fr\/wp-content\/uploads\/2024\/02\/nouvelle-fiat-panda-2-758x536.jpg 758w, https:\/\/www.italpassion.fr\/wp-content\/uploads\/2024\/02\/nouvelle-fiat-panda-2-600x424.jpg 600w, https:\/\/www.italpassion.fr\/wp-content\/uploads\/2024\/02\/nouvelle-fiat-panda-2.jpg 1152w\" sizes=\"auto, (max-width: 1024px) 100vw, 1024px\" \/><\/figure>\n\n\n\n<p>La nuova Fiat Panda sar\u00e0 costruita sulla base della<strong> Piattaforma Smart Car <\/strong>di Stellantis, con produzione prevista a Kragujevac in Serbia. Altri siti produttivi sono Kenitra in Marocco per il mercato nordafricano e Betim in Brasile per l'America Latina, dove la vettura potrebbe essere commercializzata con un nome diverso. Questo significativo cambiamento stilistico rispetto all'attuale generazione, che continuer\u00e0 a essere prodotta a Pomigliano fino alla fine del 2026, segna un passo importante nell'evoluzione della Panda.<\/p>\n\n\n\n<figure class=\"wp-block-image size-large\"><img loading=\"lazy\" decoding=\"async\" width=\"1024\" height=\"725\" src=\"https:\/\/www.italpassion.fr\/wp-content\/uploads\/2024\/02\/nouvelle-fiat-panda-4-1024x725.jpg\" alt=\"\" class=\"wp-image-33051\" srcset=\"https:\/\/www.italpassion.fr\/wp-content\/uploads\/2024\/02\/nouvelle-fiat-panda-4-1024x725.jpg 1024w, https:\/\/www.italpassion.fr\/wp-content\/uploads\/2024\/02\/nouvelle-fiat-panda-4-300x212.jpg 300w, https:\/\/www.italpassion.fr\/wp-content\/uploads\/2024\/02\/nouvelle-fiat-panda-4-768x544.jpg 768w, https:\/\/www.italpassion.fr\/wp-content\/uploads\/2024\/02\/nouvelle-fiat-panda-4-1536x1088.jpg 1536w, https:\/\/www.italpassion.fr\/wp-content\/uploads\/2024\/02\/nouvelle-fiat-panda-4-18x12.jpg 18w, https:\/\/www.italpassion.fr\/wp-content\/uploads\/2024\/02\/nouvelle-fiat-panda-4-561x397.jpg 561w, https:\/\/www.italpassion.fr\/wp-content\/uploads\/2024\/02\/nouvelle-fiat-panda-4-1122x794.jpg 1122w, https:\/\/www.italpassion.fr\/wp-content\/uploads\/2024\/02\/nouvelle-fiat-panda-4-265x188.jpg 265w, https:\/\/www.italpassion.fr\/wp-content\/uploads\/2024\/02\/nouvelle-fiat-panda-4-531x376.jpg 531w, https:\/\/www.italpassion.fr\/wp-content\/uploads\/2024\/02\/nouvelle-fiat-panda-4-364x258.jpg 364w, https:\/\/www.italpassion.fr\/wp-content\/uploads\/2024\/02\/nouvelle-fiat-panda-4-728x515.jpg 728w, https:\/\/www.italpassion.fr\/wp-content\/uploads\/2024\/02\/nouvelle-fiat-panda-4-608x430.jpg 608w, https:\/\/www.italpassion.fr\/wp-content\/uploads\/2024\/02\/nouvelle-fiat-panda-4-758x537.jpg 758w, https:\/\/www.italpassion.fr\/wp-content\/uploads\/2024\/02\/nouvelle-fiat-panda-4-1152x816.jpg 1152w, https:\/\/www.italpassion.fr\/wp-content\/uploads\/2024\/02\/nouvelle-fiat-panda-4-600x425.jpg 600w, https:\/\/www.italpassion.fr\/wp-content\/uploads\/2024\/02\/nouvelle-fiat-panda-4.jpg 2048w\" sizes=\"auto, (max-width: 1024px) 100vw, 1024px\" \/><\/figure>\n\n\n\n<p>In termini di accessibilit\u00e0, la nuova Panda si posizioner\u00e0 come <strong>una delle prime auto elettriche a basso costo, con un prezzo di partenza di circa 21.000 euro. <\/strong>La gamma comprender\u00e0 anche versioni ibride, con una versione entry-level che dovrebbe costare non pi\u00f9 di 14.000 euro. Un'altra versione elettrica, ancora pi\u00f9 accessibile, probabilmente grazie a una batteria pi\u00f9 piccola, potrebbe vedere il suo prezzo scendere sotto i 20.000 euro, senza eco-bonus.<\/p>\n\n\n\n<p>A pochi mesi dalla presentazione ufficiale, sono trapelate delle immagini, anche se non \u00e8 stato confermato che si tratti del modello di serie, <strong>offrono un assaggio di ci\u00f2 che Fiat ha in serbo per il futuro di questo modello iconico.<\/strong>. Con una strategia di prezzi competitivi e un design rinnovato, la nuova Panda \u00e8 pronta a svolgere il suo ruolo chiave nel mercato dei veicoli elettrici e ibridi accessibili.<\/p>","protected":false},"excerpt":{"rendered":"","protected":false},"author":1,"featured_media":33049,"comment_status":"open","ping_status":"open","sticky":false,"template":"","format":"standard","meta":{"_acf_changed":false,"_sitemap_exclude":false,"_sitemap_priority":"","_sitemap_frequency":"","footnotes":""},"categories":[24],"tags":[320],"class_list":["post-33048","post","type-post","status-publish","format-standard","has-post-thumbnail","hentry","category-fiat","tag-fiat-panda","generate-columns","tablet-grid-50","mobile-grid-100","grid-parent","grid-33"],"acf":[],"yoast_head":"<!-- This site is optimized with the Yoast SEO plugin v25.8 - https:\/\/yoast.com\/wordpress\/plugins\/seo\/ -->\n<title>Nouvelle Fiat Panda : les premi\u00e8res images \u00e0 quelques mois de sa pr\u00e9sentation ? - ItalPassion<\/title>\n<meta name=\"description\" content=\"La nouvelle Fiat Panda, pr\u00e9vue pour \u00eatre d\u00e9voil\u00e9e officiellement en juillet prochain, fait d\u00e9j\u00e0 parler d&#039;elle. Ce qui semble \u00eatre les premi\u00e8res images du\" \/>\n<meta name=\"robots\" content=\"index, follow, max-snippet:-1, max-image-preview:large, max-video-preview:-1\" \/>\n<link rel=\"canonical\" href=\"https:\/\/www.italpassion.fr\/it\/fiat\/nuova-fiat-panda-le-prime-immagini-a-pochi-mesi-dalla-sua-presentazione\/\" \/>\n<meta property=\"og:locale\" content=\"it_IT\" \/>\n<meta property=\"og:type\" content=\"article\" \/>\n<meta property=\"og:title\" content=\"Nouvelle Fiat Panda : les premi\u00e8res images \u00e0 quelques mois de sa pr\u00e9sentation ? - ItalPassion\" \/>\n<meta property=\"og:description\" content=\"La nouvelle Fiat Panda, pr\u00e9vue pour \u00eatre d\u00e9voil\u00e9e officiellement en juillet prochain, fait d\u00e9j\u00e0 parler d&#039;elle. Ce qui semble \u00eatre les premi\u00e8res images du\" \/>\n<meta property=\"og:url\" content=\"https:\/\/www.italpassion.fr\/it\/fiat\/nuova-fiat-panda-le-prime-immagini-a-pochi-mesi-dalla-sua-presentazione\/\" \/>\n<meta property=\"og:site_name\" content=\"ItalPassion\" \/>\n<meta property=\"article:publisher\" content=\"https:\/\/www.facebook.com\/italpassion\" \/>\n<meta property=\"article:published_time\" content=\"2024-02-05T20:05:48+00:00\" \/>\n<meta property=\"article:modified_time\" content=\"2024-02-05T20:05:50+00:00\" \/>\n<meta property=\"og:image\" content=\"https:\/\/www.italpassion.fr\/wp-content\/uploads\/2024\/02\/nouvelle-fiat-panda.jpg\" \/>\n\t<meta property=\"og:image:width\" content=\"1200\" \/>\n\t<meta property=\"og:image:height\" content=\"800\" \/>\n\t<meta property=\"og:image:type\" content=\"image\/jpeg\" \/>\n<meta name=\"author\" content=\"Alexandre Filluzeau\" \/>\n<meta name=\"twitter:card\" content=\"summary_large_image\" \/>\n<meta name=\"twitter:creator\" content=\"@italpassion\" \/>\n<meta name=\"twitter:site\" content=\"@italpassion\" \/>\n<script type=\"application\/ld+json\" class=\"yoast-schema-graph\">{\"@context\":\"https:\/\/schema.org\",\"@graph\":[{\"@type\":\"NewsArticle\",\"@id\":\"https:\/\/www.italpassion.fr\/it\/fiat\/nouvelle-fiat-panda-les-premieres-images-a-quelques-mois-de-sa-presentation\/#article\",\"isPartOf\":{\"@id\":\"https:\/\/www.italpassion.fr\/it\/fiat\/nouvelle-fiat-panda-les-premieres-images-a-quelques-mois-de-sa-presentation\/\"},\"author\":{\"name\":\"Alexandre Filluzeau\",\"@id\":\"https:\/\/www.italpassion.fr\/it\/#\/schema\/person\/36f747b2a759ca202d847e85a9434ca0\"},\"headline\":\"Nouvelle Fiat Panda : les premi\u00e8res images \u00e0 quelques mois de sa pr\u00e9sentation ?\",\"datePublished\":\"2024-02-05T20:05:48+00:00\",\"dateModified\":\"2024-02-05T20:05:50+00:00\",\"mainEntityOfPage\":{\"@id\":\"https:\/\/www.italpassion.fr\/it\/fiat\/nouvelle-fiat-panda-les-premieres-images-a-quelques-mois-de-sa-presentation\/\"},\"wordCount\":364,\"commentCount\":15,\"publisher\":{\"@id\":\"https:\/\/www.italpassion.fr\/it\/#organization\"},\"image\":{\"@id\":\"https:\/\/www.italpassion.fr\/it\/fiat\/nouvelle-fiat-panda-les-premieres-images-a-quelques-mois-de-sa-presentation\/#primaryimage\"},\"thumbnailUrl\":\"https:\/\/www.italpassion.fr\/wp-content\/uploads\/2024\/02\/nouvelle-fiat-panda.jpg\",\"keywords\":[\"Fiat Panda\"],\"articleSection\":[\"Fiat\"],\"inLanguage\":\"it-IT\",\"potentialAction\":[{\"@type\":\"CommentAction\",\"name\":\"Comment\",\"target\":[\"https:\/\/www.italpassion.fr\/it\/fiat\/nouvelle-fiat-panda-les-premieres-images-a-quelques-mois-de-sa-presentation\/#respond\"]}]},{\"@type\":\"WebPage\",\"@id\":\"https:\/\/www.italpassion.fr\/it\/fiat\/nouvelle-fiat-panda-les-premieres-images-a-quelques-mois-de-sa-presentation\/\",\"url\":\"https:\/\/www.italpassion.fr\/it\/fiat\/nouvelle-fiat-panda-les-premieres-images-a-quelques-mois-de-sa-presentation\/\",\"name\":\"Nouvelle Fiat Panda : les premi\u00e8res images \u00e0 quelques mois de sa pr\u00e9sentation ? - ItalPassion\",\"isPartOf\":{\"@id\":\"https:\/\/www.italpassion.fr\/it\/#website\"},\"primaryImageOfPage\":{\"@id\":\"https:\/\/www.italpassion.fr\/it\/fiat\/nouvelle-fiat-panda-les-premieres-images-a-quelques-mois-de-sa-presentation\/#primaryimage\"},\"image\":{\"@id\":\"https:\/\/www.italpassion.fr\/it\/fiat\/nouvelle-fiat-panda-les-premieres-images-a-quelques-mois-de-sa-presentation\/#primaryimage\"},\"thumbnailUrl\":\"https:\/\/www.italpassion.fr\/wp-content\/uploads\/2024\/02\/nouvelle-fiat-panda.jpg\",\"datePublished\":\"2024-02-05T20:05:48+00:00\",\"dateModified\":\"2024-02-05T20:05:50+00:00\",\"description\":\"La nouvelle Fiat Panda, pr\u00e9vue pour \u00eatre d\u00e9voil\u00e9e officiellement en juillet prochain, fait d\u00e9j\u00e0 parler d'elle. Ce qui semble \u00eatre les premi\u00e8res images du\",\"breadcrumb\":{\"@id\":\"https:\/\/www.italpassion.fr\/it\/fiat\/nouvelle-fiat-panda-les-premieres-images-a-quelques-mois-de-sa-presentation\/#breadcrumb\"},\"inLanguage\":\"it-IT\",\"potentialAction\":[{\"@type\":\"ReadAction\",\"target\":[\"https:\/\/www.italpassion.fr\/it\/fiat\/nouvelle-fiat-panda-les-premieres-images-a-quelques-mois-de-sa-presentation\/\"]}]},{\"@type\":\"ImageObject\",\"inLanguage\":\"it-IT\",\"@id\":\"https:\/\/www.italpassion.fr\/it\/fiat\/nouvelle-fiat-panda-les-premieres-images-a-quelques-mois-de-sa-presentation\/#primaryimage\",\"url\":\"https:\/\/www.italpassion.fr\/wp-content\/uploads\/2024\/02\/nouvelle-fiat-panda.jpg\",\"contentUrl\":\"https:\/\/www.italpassion.fr\/wp-content\/uploads\/2024\/02\/nouvelle-fiat-panda.jpg\",\"width\":1200,\"height\":800},{\"@type\":\"BreadcrumbList\",\"@id\":\"https:\/\/www.italpassion.fr\/it\/fiat\/nouvelle-fiat-panda-les-premieres-images-a-quelques-mois-de-sa-presentation\/#breadcrumb\",\"itemListElement\":[{\"@type\":\"ListItem\",\"position\":1,\"name\":\"Accueil\",\"item\":\"https:\/\/www.italpassion.fr\/it\/\"},{\"@type\":\"ListItem\",\"position\":2,\"name\":\"Nouvelle Fiat Panda : les premi\u00e8res images \u00e0 quelques mois de sa pr\u00e9sentation ?\"}]},{\"@type\":\"WebSite\",\"@id\":\"https:\/\/www.italpassion.fr\/it\/#website\",\"url\":\"https:\/\/www.italpassion.fr\/it\/\",\"name\":\"ItalPassion\",\"description\":\"Les Passionn\u00e9s d&#039;Automobiles Italiennes\",\"publisher\":{\"@id\":\"https:\/\/www.italpassion.fr\/it\/#organization\"},\"potentialAction\":[{\"@type\":\"SearchAction\",\"target\":{\"@type\":\"EntryPoint\",\"urlTemplate\":\"https:\/\/www.italpassion.fr\/it\/?s={search_term_string}\"},\"query-input\":{\"@type\":\"PropertyValueSpecification\",\"valueRequired\":true,\"valueName\":\"search_term_string\"}}],\"inLanguage\":\"it-IT\"},{\"@type\":\"Organization\",\"@id\":\"https:\/\/www.italpassion.fr\/it\/#organization\",\"name\":\"Italpassion\",\"url\":\"https:\/\/www.italpassion.fr\/it\/\",\"logo\":{\"@type\":\"ImageObject\",\"inLanguage\":\"it-IT\",\"@id\":\"https:\/\/www.italpassion.fr\/it\/#\/schema\/logo\/image\/\",\"url\":\"https:\/\/www.italpassion.fr\/wp-content\/uploads\/2023\/07\/italpassion-yoast.jpg\",\"contentUrl\":\"https:\/\/www.italpassion.fr\/wp-content\/uploads\/2023\/07\/italpassion-yoast.jpg\",\"width\":696,\"height\":696,\"caption\":\"Italpassion\"},\"image\":{\"@id\":\"https:\/\/www.italpassion.fr\/it\/#\/schema\/logo\/image\/\"},\"sameAs\":[\"https:\/\/www.facebook.com\/italpassion\",\"https:\/\/x.com\/italpassion\",\"https:\/\/www.instagram.com\/italpassionfr\/\",\"https:\/\/www.youtube.com\/channel\/UCleq-ByQaA42OjhopwevRjQ\",\"https:\/\/www.facebook.com\/italpassion.en\/\",\"https:\/\/www.facebook.com\/italpassion.it\/\",\"https:\/\/www.facebook.com\/italpassion.de\/\",\"https:\/\/www.facebook.com\/italpassion.ja\/\"]},{\"@type\":\"Person\",\"@id\":\"https:\/\/www.italpassion.fr\/it\/#\/schema\/person\/36f747b2a759ca202d847e85a9434ca0\",\"name\":\"Alexandre Filluzeau\",\"image\":{\"@type\":\"ImageObject\",\"inLanguage\":\"it-IT\",\"@id\":\"https:\/\/www.italpassion.fr\/it\/#\/schema\/person\/image\/\",\"url\":\"https:\/\/www.italpassion.fr\/wp-content\/uploads\/2025\/04\/avatar-alexandre-160x160.jpg\",\"contentUrl\":\"https:\/\/www.italpassion.fr\/wp-content\/uploads\/2025\/04\/avatar-alexandre-160x160.jpg\",\"caption\":\"Alexandre Filluzeau\"},\"description\":\"Fondateur du site ItalPassion, passionn\u00e9 de voitures italiennes et de l'Italie en g\u00e9n\u00e9ral. J'apporte un regard critique et technique aux actualit\u00e9s des marques italiennes quand cela est possible. Propri\u00e9taire d'une Maserati GranTurismo, Alfa Romeo MiTo, Lancia Fulvia et Ducati 695. Ex-propri\u00e9taire d'une Alfa Romeo Giulia.\",\"sameAs\":[\"https:\/\/www.italpassion.fr\/\"],\"url\":\"https:\/\/www.italpassion.fr\/it\/author\/alexandre\/\"}]}<\/script>\n<!-- \/ Yoast SEO plugin. -->","yoast_head_json":{"title":"Nuova Fiat Panda: le prime immagini a pochi mesi dalla presentazione? - ItalPassion","description":"La nuova Fiat Panda, che sar\u00e0 presentata ufficialmente a luglio, \u00e8 gi\u00e0 sulla bocca di tutti. Quelle che sembrano essere le prime immagini della","robots":{"index":"index","follow":"follow","max-snippet":"max-snippet:-1","max-image-preview":"max-image-preview:large","max-video-preview":"max-video-preview:-1"},"canonical":"https:\/\/www.italpassion.fr\/it\/fiat\/nuova-fiat-panda-le-prime-immagini-a-pochi-mesi-dalla-sua-presentazione\/","og_locale":"it_IT","og_type":"article","og_title":"Nouvelle Fiat Panda : les premi\u00e8res images \u00e0 quelques mois de sa pr\u00e9sentation ? - ItalPassion","og_description":"La nouvelle Fiat Panda, pr\u00e9vue pour \u00eatre d\u00e9voil\u00e9e officiellement en juillet prochain, fait d\u00e9j\u00e0 parler d'elle. Ce qui semble \u00eatre les premi\u00e8res images du","og_url":"https:\/\/www.italpassion.fr\/it\/fiat\/nuova-fiat-panda-le-prime-immagini-a-pochi-mesi-dalla-sua-presentazione\/","og_site_name":"ItalPassion","article_publisher":"https:\/\/www.facebook.com\/italpassion","article_published_time":"2024-02-05T20:05:48+00:00","article_modified_time":"2024-02-05T20:05:50+00:00","og_image":[{"width":1200,"height":800,"url":"https:\/\/www.italpassion.fr\/wp-content\/uploads\/2024\/02\/nouvelle-fiat-panda.jpg","type":"image\/jpeg"}],"author":"Alexandre Filluzeau","twitter_card":"summary_large_image","twitter_creator":"@italpassion","twitter_site":"@italpassion","schema":{"@context":"https:\/\/schema.org","@graph":[{"@type":"NewsArticle","@id":"https:\/\/www.italpassion.fr\/it\/fiat\/nouvelle-fiat-panda-les-premieres-images-a-quelques-mois-de-sa-presentation\/#article","isPartOf":{"@id":"https:\/\/www.italpassion.fr\/it\/fiat\/nouvelle-fiat-panda-les-premieres-images-a-quelques-mois-de-sa-presentation\/"},"author":{"name":"Alexandre Filluzeau","@id":"https:\/\/www.italpassion.fr\/it\/#\/schema\/person\/36f747b2a759ca202d847e85a9434ca0"},"headline":"Nouvelle Fiat Panda : les premi\u00e8res images \u00e0 quelques mois de sa pr\u00e9sentation ?","datePublished":"2024-02-05T20:05:48+00:00","dateModified":"2024-02-05T20:05:50+00:00","mainEntityOfPage":{"@id":"https:\/\/www.italpassion.fr\/it\/fiat\/nouvelle-fiat-panda-les-premieres-images-a-quelques-mois-de-sa-presentation\/"},"wordCount":364,"commentCount":15,"publisher":{"@id":"https:\/\/www.italpassion.fr\/it\/#organization"},"image":{"@id":"https:\/\/www.italpassion.fr\/it\/fiat\/nouvelle-fiat-panda-les-premieres-images-a-quelques-mois-de-sa-presentation\/#primaryimage"},"thumbnailUrl":"https:\/\/www.italpassion.fr\/wp-content\/uploads\/2024\/02\/nouvelle-fiat-panda.jpg","keywords":["Fiat Panda"],"articleSection":["Fiat"],"inLanguage":"it-IT","potentialAction":[{"@type":"CommentAction","name":"Comment","target":["https:\/\/www.italpassion.fr\/it\/fiat\/nouvelle-fiat-panda-les-premieres-images-a-quelques-mois-de-sa-presentation\/#respond"]}]},{"@type":"WebPage","@id":"https:\/\/www.italpassion.fr\/it\/fiat\/nouvelle-fiat-panda-les-premieres-images-a-quelques-mois-de-sa-presentation\/","url":"https:\/\/www.italpassion.fr\/it\/fiat\/nouvelle-fiat-panda-les-premieres-images-a-quelques-mois-de-sa-presentation\/","name":"Nuova Fiat Panda: le prime immagini a pochi mesi dalla presentazione? - ItalPassion","isPartOf":{"@id":"https:\/\/www.italpassion.fr\/it\/#website"},"primaryImageOfPage":{"@id":"https:\/\/www.italpassion.fr\/it\/fiat\/nouvelle-fiat-panda-les-premieres-images-a-quelques-mois-de-sa-presentation\/#primaryimage"},"image":{"@id":"https:\/\/www.italpassion.fr\/it\/fiat\/nouvelle-fiat-panda-les-premieres-images-a-quelques-mois-de-sa-presentation\/#primaryimage"},"thumbnailUrl":"https:\/\/www.italpassion.fr\/wp-content\/uploads\/2024\/02\/nouvelle-fiat-panda.jpg","datePublished":"2024-02-05T20:05:48+00:00","dateModified":"2024-02-05T20:05:50+00:00","description":"La nuova Fiat Panda, che sar\u00e0 presentata ufficialmente a luglio, \u00e8 gi\u00e0 sulla bocca di tutti. Quelle che sembrano essere le prime immagini della","breadcrumb":{"@id":"https:\/\/www.italpassion.fr\/it\/fiat\/nouvelle-fiat-panda-les-premieres-images-a-quelques-mois-de-sa-presentation\/#breadcrumb"},"inLanguage":"it-IT","potentialAction":[{"@type":"ReadAction","target":["https:\/\/www.italpassion.fr\/it\/fiat\/nouvelle-fiat-panda-les-premieres-images-a-quelques-mois-de-sa-presentation\/"]}]},{"@type":"ImageObject","inLanguage":"it-IT","@id":"https:\/\/www.italpassion.fr\/it\/fiat\/nouvelle-fiat-panda-les-premieres-images-a-quelques-mois-de-sa-presentation\/#primaryimage","url":"https:\/\/www.italpassion.fr\/wp-content\/uploads\/2024\/02\/nouvelle-fiat-panda.jpg","contentUrl":"https:\/\/www.italpassion.fr\/wp-content\/uploads\/2024\/02\/nouvelle-fiat-panda.jpg","width":1200,"height":800},{"@type":"BreadcrumbList","@id":"https:\/\/www.italpassion.fr\/it\/fiat\/nouvelle-fiat-panda-les-premieres-images-a-quelques-mois-de-sa-presentation\/#breadcrumb","itemListElement":[{"@type":"ListItem","position":1,"name":"Accueil","item":"https:\/\/www.italpassion.fr\/it\/"},{"@type":"ListItem","position":2,"name":"Nouvelle Fiat Panda : les premi\u00e8res images \u00e0 quelques mois de sa pr\u00e9sentation ?"}]},{"@type":"WebSite","@id":"https:\/\/www.italpassion.fr\/it\/#website","url":"https:\/\/www.italpassion.fr\/it\/","name":"ItalPassion","description":"Appassionati di auto italiane","publisher":{"@id":"https:\/\/www.italpassion.fr\/it\/#organization"},"potentialAction":[{"@type":"SearchAction","target":{"@type":"EntryPoint","urlTemplate":"https:\/\/www.italpassion.fr\/it\/?s={search_term_string}"},"query-input":{"@type":"PropertyValueSpecification","valueRequired":true,"valueName":"search_term_string"}}],"inLanguage":"it-IT"},{"@type":"Organization","@id":"https:\/\/www.italpassion.fr\/it\/#organization","name":"Italpassion","url":"https:\/\/www.italpassion.fr\/it\/","logo":{"@type":"ImageObject","inLanguage":"it-IT","@id":"https:\/\/www.italpassion.fr\/it\/#\/schema\/logo\/image\/","url":"https:\/\/www.italpassion.fr\/wp-content\/uploads\/2023\/07\/italpassion-yoast.jpg","contentUrl":"https:\/\/www.italpassion.fr\/wp-content\/uploads\/2023\/07\/italpassion-yoast.jpg","width":696,"height":696,"caption":"Italpassion"},"image":{"@id":"https:\/\/www.italpassion.fr\/it\/#\/schema\/logo\/image\/"},"sameAs":["https:\/\/www.facebook.com\/italpassion","https:\/\/x.com\/italpassion","https:\/\/www.instagram.com\/italpassionfr\/","https:\/\/www.youtube.com\/channel\/UCleq-ByQaA42OjhopwevRjQ","https:\/\/www.facebook.com\/italpassion.en\/","https:\/\/www.facebook.com\/italpassion.it\/","https:\/\/www.facebook.com\/italpassion.de\/","https:\/\/www.facebook.com\/italpassion.ja\/"]},{"@type":"Person","@id":"https:\/\/www.italpassion.fr\/it\/#\/schema\/person\/36f747b2a759ca202d847e85a9434ca0","name":"Alexandre Filluzeau","image":{"@type":"ImageObject","inLanguage":"it-IT","@id":"https:\/\/www.italpassion.fr\/it\/#\/schema\/person\/image\/","url":"https:\/\/www.italpassion.fr\/wp-content\/uploads\/2025\/04\/avatar-alexandre-160x160.jpg","contentUrl":"https:\/\/www.italpassion.fr\/wp-content\/uploads\/2025\/04\/avatar-alexandre-160x160.jpg","caption":"Alexandre Filluzeau"},"description":"Fondatore del sito ItalPassion, appassionato di auto italiane e dell'Italia in generale. Porto un occhio critico e tecnico alle notizie dei marchi italiani, quando possibile. Proprietario di una Maserati GranTurismo, di un'Alfa Romeo MiTo, di una Lancia Fulvia e di una Ducati 695. Ex proprietario di un'Alfa Romeo Giulia.","sameAs":["https:\/\/www.italpassion.fr\/"],"url":"https:\/\/www.italpassion.fr\/it\/author\/alexandre\/"}]}},"_links":{"self":[{"href":"https:\/\/www.italpassion.fr\/it\/wp-json\/wp\/v2\/posts\/33048","targetHints":{"allow":["GET"]}}],"collection":[{"href":"https:\/\/www.italpassion.fr\/it\/wp-json\/wp\/v2\/posts"}],"about":[{"href":"https:\/\/www.italpassion.fr\/it\/wp-json\/wp\/v2\/types\/post"}],"author":[{"embeddable":true,"href":"https:\/\/www.italpassion.fr\/it\/wp-json\/wp\/v2\/users\/1"}],"replies":[{"embeddable":true,"href":"https:\/\/www.italpassion.fr\/it\/wp-json\/wp\/v2\/comments?post=33048"}],"version-history":[{"count":2,"href":"https:\/\/www.italpassion.fr\/it\/wp-json\/wp\/v2\/posts\/33048\/revisions"}],"predecessor-version":[{"id":33053,"href":"https:\/\/www.italpassion.fr\/it\/wp-json\/wp\/v2\/posts\/33048\/revisions\/33053"}],"wp:featuredmedia":[{"embeddable":true,"href":"https:\/\/www.italpassion.fr\/it\/wp-json\/wp\/v2\/media\/33049"}],"wp:attachment":[{"href":"https:\/\/www.italpassion.fr\/it\/wp-json\/wp\/v2\/media?parent=33048"}],"wp:term":[{"taxonomy":"category","embeddable":true,"href":"https:\/\/www.italpassion.fr\/it\/wp-json\/wp\/v2\/categories?post=33048"},{"taxonomy":"post_tag","embeddable":true,"href":"https:\/\/www.italpassion.fr\/it\/wp-json\/wp\/v2\/tags?post=33048"}],"curies":[{"name":"wp","href":"https:\/\/api.w.org\/{rel}","templated":true}]}}