{"id":29889,"date":"2022-01-24T19:23:15","date_gmt":"2022-01-24T18:23:15","guid":{"rendered":"https:\/\/www.italpassion.fr\/?p=29889"},"modified":"2022-04-29T23:26:54","modified_gmt":"2022-04-29T21:26:54","slug":"la-france-dit-adieu-aux-500l-et-tipo-4-portes","status":"publish","type":"post","link":"https:\/\/www.italpassion.fr\/it\/fiat\/la-france-dit-adieu-aux-500l-et-tipo-4-portes\/","title":{"rendered":"La Francia dice addio alla 500L e alla Tipo 4 porte!"},"content":{"rendered":"<figure class=\"wp-block-image size-full\"><img loading=\"lazy\" decoding=\"async\" width=\"959\" height=\"720\" src=\"https:\/\/www.italpassion.fr\/wp-content\/uploads\/2022\/01\/500L-Cross.jpg\" alt=\"\" class=\"wp-image-29890\" srcset=\"https:\/\/www.italpassion.fr\/wp-content\/uploads\/2022\/01\/500L-Cross.jpg 959w, https:\/\/www.italpassion.fr\/wp-content\/uploads\/2022\/01\/500L-Cross-300x225.jpg 300w, https:\/\/www.italpassion.fr\/wp-content\/uploads\/2022\/01\/500L-Cross-768x577.jpg 768w, https:\/\/www.italpassion.fr\/wp-content\/uploads\/2022\/01\/500L-Cross-192x144.jpg 192w, https:\/\/www.italpassion.fr\/wp-content\/uploads\/2022\/01\/500L-Cross-384x288.jpg 384w, https:\/\/www.italpassion.fr\/wp-content\/uploads\/2022\/01\/500L-Cross-90x67.jpg 90w, https:\/\/www.italpassion.fr\/wp-content\/uploads\/2022\/01\/500L-Cross-180x135.jpg 180w, https:\/\/www.italpassion.fr\/wp-content\/uploads\/2022\/01\/500L-Cross-561x421.jpg 561w, https:\/\/www.italpassion.fr\/wp-content\/uploads\/2022\/01\/500L-Cross-265x199.jpg 265w, https:\/\/www.italpassion.fr\/wp-content\/uploads\/2022\/01\/500L-Cross-531x399.jpg 531w, https:\/\/www.italpassion.fr\/wp-content\/uploads\/2022\/01\/500L-Cross-364x273.jpg 364w, https:\/\/www.italpassion.fr\/wp-content\/uploads\/2022\/01\/500L-Cross-728x547.jpg 728w, https:\/\/www.italpassion.fr\/wp-content\/uploads\/2022\/01\/500L-Cross-608x456.jpg 608w, https:\/\/www.italpassion.fr\/wp-content\/uploads\/2022\/01\/500L-Cross-758x569.jpg 758w, https:\/\/www.italpassion.fr\/wp-content\/uploads\/2022\/01\/500L-Cross-600x450.jpg 600w\" sizes=\"auto, (max-width: 959px) 100vw, 959px\" \/><\/figure>\n\n\n\n<p>Oggi si \u00e8 appreso che Fiat ha appena <strong>fermare la vendita della famosa 500L<\/strong>che non \u00e8 <strong>non pi\u00f9 disponibile sul configuratore francese.<\/strong> Viene ancora prodotto nello stabilimento di Kragujevac (Serbia), ma solo a sprazzi, tra periodi di ripresa e periodi di disoccupazione. <\/p>\n\n\n\n<p>La 500L era disponibile nel nostro Paese solo nell'allestimento Sport, basato sulla Cross, e la recente versione ROSSA rischia di diventare un oggetto da collezione, perch\u00e9 non appena appare, scompare. <\/p>\n\n\n\n<p><strong>Le versioni Urban (monovolume normale) e Long Wagon (7 posti) erano gi\u00e0 scomparse dal catalogo francese.<\/strong> per qualche tempo. La Croce sar\u00e0 quindi sopravvissuta ancora per poco prima di ritirarsi anch'essa. <\/p>\n\n\n\n<figure class=\"wp-block-image size-full\"><img loading=\"lazy\" decoding=\"async\" width=\"960\" height=\"674\" src=\"https:\/\/www.italpassion.fr\/wp-content\/uploads\/2022\/01\/500L-Cross-2.jpg\" alt=\"\" class=\"wp-image-29891\" srcset=\"https:\/\/www.italpassion.fr\/wp-content\/uploads\/2022\/01\/500L-Cross-2.jpg 960w, https:\/\/www.italpassion.fr\/wp-content\/uploads\/2022\/01\/500L-Cross-2-300x211.jpg 300w, https:\/\/www.italpassion.fr\/wp-content\/uploads\/2022\/01\/500L-Cross-2-768x539.jpg 768w, https:\/\/www.italpassion.fr\/wp-content\/uploads\/2022\/01\/500L-Cross-2-265x186.jpg 265w, https:\/\/www.italpassion.fr\/wp-content\/uploads\/2022\/01\/500L-Cross-2-561x394.jpg 561w, https:\/\/www.italpassion.fr\/wp-content\/uploads\/2022\/01\/500L-Cross-2-531x373.jpg 531w, https:\/\/www.italpassion.fr\/wp-content\/uploads\/2022\/01\/500L-Cross-2-364x256.jpg 364w, https:\/\/www.italpassion.fr\/wp-content\/uploads\/2022\/01\/500L-Cross-2-728x511.jpg 728w, https:\/\/www.italpassion.fr\/wp-content\/uploads\/2022\/01\/500L-Cross-2-608x427.jpg 608w, https:\/\/www.italpassion.fr\/wp-content\/uploads\/2022\/01\/500L-Cross-2-758x532.jpg 758w, https:\/\/www.italpassion.fr\/wp-content\/uploads\/2022\/01\/500L-Cross-2-600x421.jpg 600w\" sizes=\"auto, (max-width: 960px) 100vw, 960px\" \/><\/figure>\n\n\n\n<p><strong>Solo circa 200 unit\u00e0 hanno trovato acquirenti entro il 2021 in Francia.<\/strong>. Una goccia di Chianti in un mare di auto dominate da SUV pi\u00f9 seducenti e pi\u00f9 venduti. La 500X, sua sorella nella gamma 500, l'ha ampiamente superata nella sua carriera.  <\/p>\n\n\n\n<p>Va detto che Fiat ha lanciato il suo <strong>minivan nel 2012<\/strong>ha un <strong>Era un periodo in cui il monovolume cominciava a declinare e la mania dei SUV stava gi\u00e0 prendendo piede.<\/strong> Un problema di tempistica, una filosofia che gi\u00e0 non attirava le folle, un look che alcuni avranno contestato (ma \u00e8 una questione di gusti, personalmente la trovo carina ed \u00e8 molto funzionale all'interno) e una legittimit\u00e0 discutibile (alcuni avrebbero preferito un SUV precedente o una nuova Punto 4 con il budget destinato a questa 500L il cui azzardo \u00e8 stato rischioso) avranno reso vive le discussioni tra i Fiatisti. <\/p>\n\n\n\n<p>Ma non importa. <strong>Dopo 10 anni di carriera <\/strong>(come sempre con Fiat, le sostituzioni sono molto (troppo!) in ritardo), <strong>la 500L lascia la Francia. <\/strong><\/p>\n\n\n\n<p>Tuttavia, va notato che <strong>La 500L \u00e8 gi\u00e0 stata prodotta in oltre 500.000 esemplari. <\/strong>Non \u00e8 un'impresa da poco. <\/p>\n\n\n\n<p>Infine, apprendiamo che (poich\u00e9 le cose brutte accadono) il <strong>Tipo 2 in versione 4 porte, <\/strong>restyling a gennaio 2020 con la 5 porte e la tenuta e prezzo di accesso alla gamma Tipo,<strong> lascia anche il configuratore francese.<\/strong> <strong>Le vendite non sono considerate sufficienti<\/strong>. Ma \u00e8 vero che la Fase 2 della versione tronca \u00e8 assente dal radar del traffico. \u00c8 un peccato, questa Tipo berlina era molto bella,<strong> economico, funzionale, con un rapporto prezzo\/equipaggiamento\/abitabilit\u00e0\/prestazioni semplicemente imbattibile! <\/strong><\/p>\n\n\n\n<figure class=\"wp-block-image size-full\"><img loading=\"lazy\" decoding=\"async\" width=\"800\" height=\"600\" src=\"https:\/\/www.italpassion.fr\/wp-content\/uploads\/2022\/01\/Tipo-2-Phase-2-4-portes.jpg\" alt=\"\" class=\"wp-image-29892\" srcset=\"https:\/\/www.italpassion.fr\/wp-content\/uploads\/2022\/01\/Tipo-2-Phase-2-4-portes.jpg 800w, https:\/\/www.italpassion.fr\/wp-content\/uploads\/2022\/01\/Tipo-2-Phase-2-4-portes-300x225.jpg 300w, https:\/\/www.italpassion.fr\/wp-content\/uploads\/2022\/01\/Tipo-2-Phase-2-4-portes-768x576.jpg 768w, https:\/\/www.italpassion.fr\/wp-content\/uploads\/2022\/01\/Tipo-2-Phase-2-4-portes-192x144.jpg 192w, https:\/\/www.italpassion.fr\/wp-content\/uploads\/2022\/01\/Tipo-2-Phase-2-4-portes-384x288.jpg 384w, https:\/\/www.italpassion.fr\/wp-content\/uploads\/2022\/01\/Tipo-2-Phase-2-4-portes-90x67.jpg 90w, https:\/\/www.italpassion.fr\/wp-content\/uploads\/2022\/01\/Tipo-2-Phase-2-4-portes-180x135.jpg 180w, https:\/\/www.italpassion.fr\/wp-content\/uploads\/2022\/01\/Tipo-2-Phase-2-4-portes-561x421.jpg 561w, https:\/\/www.italpassion.fr\/wp-content\/uploads\/2022\/01\/Tipo-2-Phase-2-4-portes-265x199.jpg 265w, https:\/\/www.italpassion.fr\/wp-content\/uploads\/2022\/01\/Tipo-2-Phase-2-4-portes-531x398.jpg 531w, https:\/\/www.italpassion.fr\/wp-content\/uploads\/2022\/01\/Tipo-2-Phase-2-4-portes-364x273.jpg 364w, https:\/\/www.italpassion.fr\/wp-content\/uploads\/2022\/01\/Tipo-2-Phase-2-4-portes-728x546.jpg 728w, https:\/\/www.italpassion.fr\/wp-content\/uploads\/2022\/01\/Tipo-2-Phase-2-4-portes-608x456.jpg 608w, https:\/\/www.italpassion.fr\/wp-content\/uploads\/2022\/01\/Tipo-2-Phase-2-4-portes-758x569.jpg 758w, https:\/\/www.italpassion.fr\/wp-content\/uploads\/2022\/01\/Tipo-2-Phase-2-4-portes-600x450.jpg 600w\" sizes=\"auto, (max-width: 800px) 100vw, 800px\" \/><\/figure>\n\n\n\n<p>Addio a queste due mini di produzione italiana. Se la 500L merita il suo pensionamento, la Tipo 4 porte ci lascia dopo appena 6 anni di carriera in Italia. Ciao a entrambi e grazie mille! <\/p>","protected":false},"excerpt":{"rendered":"","protected":false},"author":3,"featured_media":29890,"comment_status":"open","ping_status":"open","sticky":false,"template":"","format":"standard","meta":{"_acf_changed":false,"_sitemap_exclude":false,"_sitemap_priority":"","_sitemap_frequency":"","footnotes":""},"categories":[24],"tags":[286],"class_list":["post-29889","post","type-post","status-publish","format-standard","has-post-thumbnail","hentry","category-fiat","tag-fiat-tipo","generate-columns","tablet-grid-50","mobile-grid-100","grid-parent","grid-33"],"acf":[],"yoast_head":"<!-- This site is optimized with the Yoast SEO plugin v25.8 - https:\/\/yoast.com\/wordpress\/plugins\/seo\/ -->\n<title>La France dit adieu aux 500L et Tipo 4 portes ! - ItalPassion<\/title>\n<meta name=\"description\" content=\"On a appris aujourd&#039;hui que Fiat vient de mettre fin \u00e0 la vente du c\u00e9l\u00e8bre 500L, qui n&#039;est plus disponible sur le configurateur fran\u00e7ais. Il reste produit\" \/>\n<meta name=\"robots\" content=\"index, follow, max-snippet:-1, max-image-preview:large, max-video-preview:-1\" \/>\n<link rel=\"canonical\" href=\"https:\/\/www.italpassion.fr\/it\/fiat\/la-france-dit-adieu-aux-500l-et-tipo-4-portes\/\" \/>\n<meta property=\"og:locale\" content=\"it_IT\" \/>\n<meta property=\"og:type\" content=\"article\" \/>\n<meta property=\"og:title\" content=\"La France dit adieu aux 500L et Tipo 4 portes ! - ItalPassion\" \/>\n<meta property=\"og:description\" content=\"On a appris aujourd&#039;hui que Fiat vient de mettre fin \u00e0 la vente du c\u00e9l\u00e8bre 500L, qui n&#039;est plus disponible sur le configurateur fran\u00e7ais. Il reste produit\" \/>\n<meta property=\"og:url\" content=\"https:\/\/www.italpassion.fr\/it\/fiat\/la-france-dit-adieu-aux-500l-et-tipo-4-portes\/\" \/>\n<meta property=\"og:site_name\" content=\"ItalPassion\" \/>\n<meta property=\"article:publisher\" content=\"https:\/\/www.facebook.com\/italpassion\" \/>\n<meta property=\"article:published_time\" content=\"2022-01-24T18:23:15+00:00\" \/>\n<meta property=\"article:modified_time\" content=\"2022-04-29T21:26:54+00:00\" \/>\n<meta property=\"og:image\" content=\"https:\/\/www.italpassion.fr\/wp-content\/uploads\/2022\/01\/500L-Cross.jpg\" \/>\n\t<meta property=\"og:image:width\" content=\"959\" \/>\n\t<meta property=\"og:image:height\" content=\"720\" \/>\n\t<meta property=\"og:image:type\" content=\"image\/jpeg\" \/>\n<meta name=\"author\" content=\"Fr\u00e9d\u00e9ric\" \/>\n<meta name=\"twitter:card\" content=\"summary_large_image\" \/>\n<meta name=\"twitter:creator\" content=\"@italpassion\" \/>\n<meta name=\"twitter:site\" content=\"@italpassion\" \/>\n<script type=\"application\/ld+json\" class=\"yoast-schema-graph\">{\"@context\":\"https:\/\/schema.org\",\"@graph\":[{\"@type\":\"NewsArticle\",\"@id\":\"https:\/\/www.italpassion.fr\/it\/fiat\/la-france-dit-adieu-aux-500l-et-tipo-4-portes\/#article\",\"isPartOf\":{\"@id\":\"https:\/\/www.italpassion.fr\/it\/fiat\/la-france-dit-adieu-aux-500l-et-tipo-4-portes\/\"},\"author\":{\"name\":\"Fr\u00e9d\u00e9ric\",\"@id\":\"https:\/\/www.italpassion.fr\/it\/#\/schema\/person\/83078a8e5b488fb83a150b239d669914\"},\"headline\":\"La France dit adieu aux 500L et Tipo 4 portes !\",\"datePublished\":\"2022-01-24T18:23:15+00:00\",\"dateModified\":\"2022-04-29T21:26:54+00:00\",\"mainEntityOfPage\":{\"@id\":\"https:\/\/www.italpassion.fr\/it\/fiat\/la-france-dit-adieu-aux-500l-et-tipo-4-portes\/\"},\"wordCount\":491,\"commentCount\":0,\"publisher\":{\"@id\":\"https:\/\/www.italpassion.fr\/it\/#organization\"},\"image\":{\"@id\":\"https:\/\/www.italpassion.fr\/it\/fiat\/la-france-dit-adieu-aux-500l-et-tipo-4-portes\/#primaryimage\"},\"thumbnailUrl\":\"https:\/\/www.italpassion.fr\/wp-content\/uploads\/2022\/01\/500L-Cross.jpg\",\"keywords\":[\"Fiat Tipo\"],\"articleSection\":[\"Fiat\"],\"inLanguage\":\"it-IT\",\"potentialAction\":[{\"@type\":\"CommentAction\",\"name\":\"Comment\",\"target\":[\"https:\/\/www.italpassion.fr\/it\/fiat\/la-france-dit-adieu-aux-500l-et-tipo-4-portes\/#respond\"]}]},{\"@type\":\"WebPage\",\"@id\":\"https:\/\/www.italpassion.fr\/it\/fiat\/la-france-dit-adieu-aux-500l-et-tipo-4-portes\/\",\"url\":\"https:\/\/www.italpassion.fr\/it\/fiat\/la-france-dit-adieu-aux-500l-et-tipo-4-portes\/\",\"name\":\"La France dit adieu aux 500L et Tipo 4 portes ! - ItalPassion\",\"isPartOf\":{\"@id\":\"https:\/\/www.italpassion.fr\/it\/#website\"},\"primaryImageOfPage\":{\"@id\":\"https:\/\/www.italpassion.fr\/it\/fiat\/la-france-dit-adieu-aux-500l-et-tipo-4-portes\/#primaryimage\"},\"image\":{\"@id\":\"https:\/\/www.italpassion.fr\/it\/fiat\/la-france-dit-adieu-aux-500l-et-tipo-4-portes\/#primaryimage\"},\"thumbnailUrl\":\"https:\/\/www.italpassion.fr\/wp-content\/uploads\/2022\/01\/500L-Cross.jpg\",\"datePublished\":\"2022-01-24T18:23:15+00:00\",\"dateModified\":\"2022-04-29T21:26:54+00:00\",\"description\":\"On a appris aujourd'hui que Fiat vient de mettre fin \u00e0 la vente du c\u00e9l\u00e8bre 500L, qui n'est plus disponible sur le configurateur fran\u00e7ais. Il reste produit\",\"breadcrumb\":{\"@id\":\"https:\/\/www.italpassion.fr\/it\/fiat\/la-france-dit-adieu-aux-500l-et-tipo-4-portes\/#breadcrumb\"},\"inLanguage\":\"it-IT\",\"potentialAction\":[{\"@type\":\"ReadAction\",\"target\":[\"https:\/\/www.italpassion.fr\/it\/fiat\/la-france-dit-adieu-aux-500l-et-tipo-4-portes\/\"]}]},{\"@type\":\"ImageObject\",\"inLanguage\":\"it-IT\",\"@id\":\"https:\/\/www.italpassion.fr\/it\/fiat\/la-france-dit-adieu-aux-500l-et-tipo-4-portes\/#primaryimage\",\"url\":\"https:\/\/www.italpassion.fr\/wp-content\/uploads\/2022\/01\/500L-Cross.jpg\",\"contentUrl\":\"https:\/\/www.italpassion.fr\/wp-content\/uploads\/2022\/01\/500L-Cross.jpg\",\"width\":959,\"height\":720},{\"@type\":\"BreadcrumbList\",\"@id\":\"https:\/\/www.italpassion.fr\/it\/fiat\/la-france-dit-adieu-aux-500l-et-tipo-4-portes\/#breadcrumb\",\"itemListElement\":[{\"@type\":\"ListItem\",\"position\":1,\"name\":\"Accueil\",\"item\":\"https:\/\/www.italpassion.fr\/it\/\"},{\"@type\":\"ListItem\",\"position\":2,\"name\":\"La France dit adieu aux 500L et Tipo 4 portes !\"}]},{\"@type\":\"WebSite\",\"@id\":\"https:\/\/www.italpassion.fr\/it\/#website\",\"url\":\"https:\/\/www.italpassion.fr\/it\/\",\"name\":\"ItalPassion\",\"description\":\"Les Passionn\u00e9s d&#039;Automobiles Italiennes\",\"publisher\":{\"@id\":\"https:\/\/www.italpassion.fr\/it\/#organization\"},\"potentialAction\":[{\"@type\":\"SearchAction\",\"target\":{\"@type\":\"EntryPoint\",\"urlTemplate\":\"https:\/\/www.italpassion.fr\/it\/?s={search_term_string}\"},\"query-input\":{\"@type\":\"PropertyValueSpecification\",\"valueRequired\":true,\"valueName\":\"search_term_string\"}}],\"inLanguage\":\"it-IT\"},{\"@type\":\"Organization\",\"@id\":\"https:\/\/www.italpassion.fr\/it\/#organization\",\"name\":\"Italpassion\",\"url\":\"https:\/\/www.italpassion.fr\/it\/\",\"logo\":{\"@type\":\"ImageObject\",\"inLanguage\":\"it-IT\",\"@id\":\"https:\/\/www.italpassion.fr\/it\/#\/schema\/logo\/image\/\",\"url\":\"https:\/\/www.italpassion.fr\/wp-content\/uploads\/2023\/07\/italpassion-yoast.jpg\",\"contentUrl\":\"https:\/\/www.italpassion.fr\/wp-content\/uploads\/2023\/07\/italpassion-yoast.jpg\",\"width\":696,\"height\":696,\"caption\":\"Italpassion\"},\"image\":{\"@id\":\"https:\/\/www.italpassion.fr\/it\/#\/schema\/logo\/image\/\"},\"sameAs\":[\"https:\/\/www.facebook.com\/italpassion\",\"https:\/\/x.com\/italpassion\",\"https:\/\/www.instagram.com\/italpassionfr\/\",\"https:\/\/www.youtube.com\/channel\/UCleq-ByQaA42OjhopwevRjQ\",\"https:\/\/www.facebook.com\/italpassion.en\/\",\"https:\/\/www.facebook.com\/italpassion.it\/\",\"https:\/\/www.facebook.com\/italpassion.de\/\",\"https:\/\/www.facebook.com\/italpassion.ja\/\"]},{\"@type\":\"Person\",\"@id\":\"https:\/\/www.italpassion.fr\/it\/#\/schema\/person\/83078a8e5b488fb83a150b239d669914\",\"name\":\"Fr\u00e9d\u00e9ric\",\"image\":{\"@type\":\"ImageObject\",\"inLanguage\":\"it-IT\",\"@id\":\"https:\/\/www.italpassion.fr\/it\/#\/schema\/person\/image\/\",\"url\":\"https:\/\/www.italpassion.fr\/wp-content\/plugins\/generateperf\/images\/icons\/avatar.svg\",\"contentUrl\":\"https:\/\/www.italpassion.fr\/wp-content\/plugins\/generateperf\/images\/icons\/avatar.svg\",\"caption\":\"Fr\u00e9d\u00e9ric\"},\"description\":\"C'est avec plaisir que je vous r\u00e9digerai des articles sur l'actualit\u00e9 de nos marques italiennes. Sp\u00e9cialis\u00e9 sur l'actualit\u00e9 du groupe Stellantis, la strat\u00e9gie face \u00e0 la concurrence, les plans-produits, les bilans financiers, les succ\u00e8s, atouts ou \u00e9checs, j'esp\u00e8re vous contenter sur le nombre et la qualit\u00e9 des articles, que je r\u00e9digerai sans parti pris, sans \u00e9viter les questions qui f\u00e2chent, dans un souci d'objectivit\u00e9.\",\"url\":\"https:\/\/www.italpassion.fr\/it\/author\/frederic\/\"}]}<\/script>\n<!-- \/ Yoast SEO plugin. -->","yoast_head_json":{"title":"La Francia dice addio alla 500L e alla Tipo 4 porte! - ItalPassion","description":"\u00c8 stato rivelato che Fiat ha interrotto le vendite della popolare 500L, che non \u00e8 pi\u00f9 disponibile sul configuratore francese. Rimane in produzione","robots":{"index":"index","follow":"follow","max-snippet":"max-snippet:-1","max-image-preview":"max-image-preview:large","max-video-preview":"max-video-preview:-1"},"canonical":"https:\/\/www.italpassion.fr\/it\/fiat\/la-france-dit-adieu-aux-500l-et-tipo-4-portes\/","og_locale":"it_IT","og_type":"article","og_title":"La France dit adieu aux 500L et Tipo 4 portes ! - ItalPassion","og_description":"On a appris aujourd'hui que Fiat vient de mettre fin \u00e0 la vente du c\u00e9l\u00e8bre 500L, qui n'est plus disponible sur le configurateur fran\u00e7ais. Il reste produit","og_url":"https:\/\/www.italpassion.fr\/it\/fiat\/la-france-dit-adieu-aux-500l-et-tipo-4-portes\/","og_site_name":"ItalPassion","article_publisher":"https:\/\/www.facebook.com\/italpassion","article_published_time":"2022-01-24T18:23:15+00:00","article_modified_time":"2022-04-29T21:26:54+00:00","og_image":[{"width":959,"height":720,"url":"https:\/\/www.italpassion.fr\/wp-content\/uploads\/2022\/01\/500L-Cross.jpg","type":"image\/jpeg"}],"author":"Fr\u00e9d\u00e9ric","twitter_card":"summary_large_image","twitter_creator":"@italpassion","twitter_site":"@italpassion","schema":{"@context":"https:\/\/schema.org","@graph":[{"@type":"NewsArticle","@id":"https:\/\/www.italpassion.fr\/it\/fiat\/la-france-dit-adieu-aux-500l-et-tipo-4-portes\/#article","isPartOf":{"@id":"https:\/\/www.italpassion.fr\/it\/fiat\/la-france-dit-adieu-aux-500l-et-tipo-4-portes\/"},"author":{"name":"Fr\u00e9d\u00e9ric","@id":"https:\/\/www.italpassion.fr\/it\/#\/schema\/person\/83078a8e5b488fb83a150b239d669914"},"headline":"La France dit adieu aux 500L et Tipo 4 portes !","datePublished":"2022-01-24T18:23:15+00:00","dateModified":"2022-04-29T21:26:54+00:00","mainEntityOfPage":{"@id":"https:\/\/www.italpassion.fr\/it\/fiat\/la-france-dit-adieu-aux-500l-et-tipo-4-portes\/"},"wordCount":491,"commentCount":0,"publisher":{"@id":"https:\/\/www.italpassion.fr\/it\/#organization"},"image":{"@id":"https:\/\/www.italpassion.fr\/it\/fiat\/la-france-dit-adieu-aux-500l-et-tipo-4-portes\/#primaryimage"},"thumbnailUrl":"https:\/\/www.italpassion.fr\/wp-content\/uploads\/2022\/01\/500L-Cross.jpg","keywords":["Fiat Tipo"],"articleSection":["Fiat"],"inLanguage":"it-IT","potentialAction":[{"@type":"CommentAction","name":"Comment","target":["https:\/\/www.italpassion.fr\/it\/fiat\/la-france-dit-adieu-aux-500l-et-tipo-4-portes\/#respond"]}]},{"@type":"WebPage","@id":"https:\/\/www.italpassion.fr\/it\/fiat\/la-france-dit-adieu-aux-500l-et-tipo-4-portes\/","url":"https:\/\/www.italpassion.fr\/it\/fiat\/la-france-dit-adieu-aux-500l-et-tipo-4-portes\/","name":"La Francia dice addio alla 500L e alla Tipo 4 porte! - ItalPassion","isPartOf":{"@id":"https:\/\/www.italpassion.fr\/it\/#website"},"primaryImageOfPage":{"@id":"https:\/\/www.italpassion.fr\/it\/fiat\/la-france-dit-adieu-aux-500l-et-tipo-4-portes\/#primaryimage"},"image":{"@id":"https:\/\/www.italpassion.fr\/it\/fiat\/la-france-dit-adieu-aux-500l-et-tipo-4-portes\/#primaryimage"},"thumbnailUrl":"https:\/\/www.italpassion.fr\/wp-content\/uploads\/2022\/01\/500L-Cross.jpg","datePublished":"2022-01-24T18:23:15+00:00","dateModified":"2022-04-29T21:26:54+00:00","description":"\u00c8 stato rivelato che Fiat ha interrotto le vendite della popolare 500L, che non \u00e8 pi\u00f9 disponibile sul configuratore francese. Rimane in produzione","breadcrumb":{"@id":"https:\/\/www.italpassion.fr\/it\/fiat\/la-france-dit-adieu-aux-500l-et-tipo-4-portes\/#breadcrumb"},"inLanguage":"it-IT","potentialAction":[{"@type":"ReadAction","target":["https:\/\/www.italpassion.fr\/it\/fiat\/la-france-dit-adieu-aux-500l-et-tipo-4-portes\/"]}]},{"@type":"ImageObject","inLanguage":"it-IT","@id":"https:\/\/www.italpassion.fr\/it\/fiat\/la-france-dit-adieu-aux-500l-et-tipo-4-portes\/#primaryimage","url":"https:\/\/www.italpassion.fr\/wp-content\/uploads\/2022\/01\/500L-Cross.jpg","contentUrl":"https:\/\/www.italpassion.fr\/wp-content\/uploads\/2022\/01\/500L-Cross.jpg","width":959,"height":720},{"@type":"BreadcrumbList","@id":"https:\/\/www.italpassion.fr\/it\/fiat\/la-france-dit-adieu-aux-500l-et-tipo-4-portes\/#breadcrumb","itemListElement":[{"@type":"ListItem","position":1,"name":"Accueil","item":"https:\/\/www.italpassion.fr\/it\/"},{"@type":"ListItem","position":2,"name":"La France dit adieu aux 500L et Tipo 4 portes !"}]},{"@type":"WebSite","@id":"https:\/\/www.italpassion.fr\/it\/#website","url":"https:\/\/www.italpassion.fr\/it\/","name":"ItalPassion","description":"Appassionati di auto italiane","publisher":{"@id":"https:\/\/www.italpassion.fr\/it\/#organization"},"potentialAction":[{"@type":"SearchAction","target":{"@type":"EntryPoint","urlTemplate":"https:\/\/www.italpassion.fr\/it\/?s={search_term_string}"},"query-input":{"@type":"PropertyValueSpecification","valueRequired":true,"valueName":"search_term_string"}}],"inLanguage":"it-IT"},{"@type":"Organization","@id":"https:\/\/www.italpassion.fr\/it\/#organization","name":"Italpassion","url":"https:\/\/www.italpassion.fr\/it\/","logo":{"@type":"ImageObject","inLanguage":"it-IT","@id":"https:\/\/www.italpassion.fr\/it\/#\/schema\/logo\/image\/","url":"https:\/\/www.italpassion.fr\/wp-content\/uploads\/2023\/07\/italpassion-yoast.jpg","contentUrl":"https:\/\/www.italpassion.fr\/wp-content\/uploads\/2023\/07\/italpassion-yoast.jpg","width":696,"height":696,"caption":"Italpassion"},"image":{"@id":"https:\/\/www.italpassion.fr\/it\/#\/schema\/logo\/image\/"},"sameAs":["https:\/\/www.facebook.com\/italpassion","https:\/\/x.com\/italpassion","https:\/\/www.instagram.com\/italpassionfr\/","https:\/\/www.youtube.com\/channel\/UCleq-ByQaA42OjhopwevRjQ","https:\/\/www.facebook.com\/italpassion.en\/","https:\/\/www.facebook.com\/italpassion.it\/","https:\/\/www.facebook.com\/italpassion.de\/","https:\/\/www.facebook.com\/italpassion.ja\/"]},{"@type":"Person","@id":"https:\/\/www.italpassion.fr\/it\/#\/schema\/person\/83078a8e5b488fb83a150b239d669914","name":"Fr\u00e9d\u00e9ric","image":{"@type":"ImageObject","inLanguage":"it-IT","@id":"https:\/\/www.italpassion.fr\/it\/#\/schema\/person\/image\/","url":"https:\/\/www.italpassion.fr\/wp-content\/plugins\/generateperf\/images\/icons\/avatar.svg","contentUrl":"https:\/\/www.italpassion.fr\/wp-content\/plugins\/generateperf\/images\/icons\/avatar.svg","caption":"Fr\u00e9d\u00e9ric"},"description":"\u00c8 con piacere che scriver\u00f2 articoli sulle novit\u00e0 dei nostri marchi italiani. Specializzato nelle notizie del gruppo Stellantis, nella strategia contro la concorrenza, nei piani di prodotto, nei bilanci finanziari, nei successi, negli attivi o nei fallimenti, spero di soddisfarvi sul numero e sulla qualit\u00e0 degli articoli, che scriver\u00f2 senza pregiudizi, senza evitare le domande che fanno arrabbiare, in una preoccupazione di obiettivit\u00e0.","url":"https:\/\/www.italpassion.fr\/it\/author\/frederic\/"}]}},"_links":{"self":[{"href":"https:\/\/www.italpassion.fr\/it\/wp-json\/wp\/v2\/posts\/29889","targetHints":{"allow":["GET"]}}],"collection":[{"href":"https:\/\/www.italpassion.fr\/it\/wp-json\/wp\/v2\/posts"}],"about":[{"href":"https:\/\/www.italpassion.fr\/it\/wp-json\/wp\/v2\/types\/post"}],"author":[{"embeddable":true,"href":"https:\/\/www.italpassion.fr\/it\/wp-json\/wp\/v2\/users\/3"}],"replies":[{"embeddable":true,"href":"https:\/\/www.italpassion.fr\/it\/wp-json\/wp\/v2\/comments?post=29889"}],"version-history":[{"count":1,"href":"https:\/\/www.italpassion.fr\/it\/wp-json\/wp\/v2\/posts\/29889\/revisions"}],"predecessor-version":[{"id":29893,"href":"https:\/\/www.italpassion.fr\/it\/wp-json\/wp\/v2\/posts\/29889\/revisions\/29893"}],"wp:featuredmedia":[{"embeddable":true,"href":"https:\/\/www.italpassion.fr\/it\/wp-json\/wp\/v2\/media\/29890"}],"wp:attachment":[{"href":"https:\/\/www.italpassion.fr\/it\/wp-json\/wp\/v2\/media?parent=29889"}],"wp:term":[{"taxonomy":"category","embeddable":true,"href":"https:\/\/www.italpassion.fr\/it\/wp-json\/wp\/v2\/categories?post=29889"},{"taxonomy":"post_tag","embeddable":true,"href":"https:\/\/www.italpassion.fr\/it\/wp-json\/wp\/v2\/tags?post=29889"}],"curies":[{"name":"wp","href":"https:\/\/api.w.org\/{rel}","templated":true}]}}