{"id":53925,"date":"2026-09-03T15:20:46","date_gmt":"2026-09-03T13:20:46","guid":{"rendered":"https:\/\/www.italpassion.fr\/?p=53925"},"modified":"2026-09-03T14:38:36","modified_gmt":"2026-09-03T12:38:36","slug":"con-su-nuevo-ferrari-f40-lewis-hamilton-ha-recreado-su-primera-foto-en-ferrari-mi-propio-f40","status":"publish","type":"post","link":"https:\/\/www.italpassion.fr\/es\/ferrari\/avec-sa-nouvelle-ferrari-f40-lewis-hamilton-a-recree-sa-toute-premiere-photo-chez-ferrari-ma-f40-a-moi\/","title":{"rendered":"Con su nuevo Ferrari F40, Lewis Hamilton ha recreado su primera foto en Ferrari: \u00abMi propio F40\u00bb"},"content":{"rendered":"<figure class=\"wp-block-image size-full\"><img loading=\"lazy\" decoding=\"async\" width=\"1200\" height=\"800\" src=\"https:\/\/www.italpassion.fr\/wp-content\/uploads\/2026\/09\/lewis-0.jpg\" alt=\"\" class=\"wp-image-53931\" srcset=\"https:\/\/www.italpassion.fr\/wp-content\/uploads\/2026\/09\/lewis-0.jpg 1200w, https:\/\/www.italpassion.fr\/wp-content\/uploads\/2026\/09\/lewis-0-18x12.jpg 18w, https:\/\/www.italpassion.fr\/wp-content\/uploads\/2026\/09\/lewis-0-420x280.jpg 420w, https:\/\/www.italpassion.fr\/wp-content\/uploads\/2026\/09\/lewis-0-768x512.jpg 768w\" sizes=\"auto, (max-width: 1200px) 100vw, 1200px\" \/><\/figure>\n\n\n\n<p class=\"wp-block-paragraph\">Solo dos d\u00edas despu\u00e9s de haber revelado que era <a href=\"https:\/\/www.italpassion.fr\/es\/ferrari\/lewis-hamilton-esta-rescatando-este-ferrari-f40-que-llevaba-30-anos-abandonado-y-que-nunca-ha-rodado\/\">que se ha convertido en propietario de un Ferrari F40<\/a> con una historia excepcional, <a href=\"https:\/\/www.italpassion.fr\/es\/etiqueta\/lewis-hamilton\/\">Lewis Hamilton<\/a> acaba de protagonizar una primera salida que ha llamado mucho la atenci\u00f3n. Este 3 de septiembre, el piloto de Ferrari lleg\u00f3 a Monza al volante de su nuevo <a href=\"https:\/\/www.italpassion.fr\/es\/coches\/ferrari-f40\/\">F40<\/a>. A continuaci\u00f3n, se baj\u00f3 de all\u00ed y pos\u00f3 a su lado. Una imagen que recuerda inmediatamente a la de su primer d\u00eda en <a href=\"https:\/\/www.italpassion.fr\/es\/ferrari\/\">Ferrari<\/a>, en enero de 2025.<\/p>\n\n\n\n<h2 class=\"wp-block-heading\">Lewis Hamilton llega a Monza con su nuevo F40<\/h2>\n\n\n\n<p class=\"wp-block-paragraph\">Para llegar a Monza, Lewis Hamilton podr\u00eda haber elegido uno de los Ferrari modernos que ten\u00eda a su disposici\u00f3n. Sin embargo, prefiri\u00f3 sacar su F40 rojo, ante la mirada de los fot\u00f3grafos y los espectadores que se encontraban en los alrededores del circuito.<\/p>\n\n\n\n<figure class=\"wp-block-image size-full\"><img loading=\"lazy\" decoding=\"async\" width=\"1200\" height=\"800\" src=\"https:\/\/www.italpassion.fr\/wp-content\/uploads\/2026\/09\/lewis-f40.jpg\" alt=\"\" class=\"wp-image-53926\" srcset=\"https:\/\/www.italpassion.fr\/wp-content\/uploads\/2026\/09\/lewis-f40.jpg 1200w, https:\/\/www.italpassion.fr\/wp-content\/uploads\/2026\/09\/lewis-f40-768x512.jpg 768w, https:\/\/www.italpassion.fr\/wp-content\/uploads\/2026\/09\/lewis-f40-18x12.jpg 18w, https:\/\/www.italpassion.fr\/wp-content\/uploads\/2026\/09\/lewis-f40-420x280.jpg 420w\" sizes=\"auto, (max-width: 1200px) 100vw, 1200px\" \/><figcaption class=\"wp-element-caption\">Foto Ferrari<\/figcaption><\/figure>\n\n\n\n<p class=\"wp-block-paragraph\">Y este F40 no es ning\u00fan desconocido. Se trata del coche que el siete veces campe\u00f3n del mundo acaba de presentar como suyo, con estas palabras: \u00abMi F40\u00bb. Como recordatorio, su historia es bastante incre\u00edble. Entregado nuevo en M\u00f3dena en 1991, al parecer se guard\u00f3 en un almac\u00e9n tan solo unos d\u00edas despu\u00e9s y permaneci\u00f3 inmovilizado durante m\u00e1s de 30 a\u00f1os. Cuando fue encontrado, el Ferrari estaba cubierto de polvo, pero a\u00fan se conservaba en un estado notablemente similar al que ten\u00eda en el momento de su entrega.<\/p>\n\n\n\n<figure class=\"wp-block-image size-full\"><img loading=\"lazy\" decoding=\"async\" width=\"1200\" height=\"800\" src=\"https:\/\/www.italpassion.fr\/wp-content\/uploads\/2026\/09\/f40-hamilton-00.jpg\" alt=\"\" class=\"wp-image-53826\" srcset=\"https:\/\/www.italpassion.fr\/wp-content\/uploads\/2026\/09\/f40-hamilton-00.jpg 1200w, https:\/\/www.italpassion.fr\/wp-content\/uploads\/2026\/09\/f40-hamilton-00-768x512.jpg 768w, https:\/\/www.italpassion.fr\/wp-content\/uploads\/2026\/09\/f40-hamilton-00-18x12.jpg 18w, https:\/\/www.italpassion.fr\/wp-content\/uploads\/2026\/09\/f40-hamilton-00-420x280.jpg 420w\" sizes=\"auto, (max-width: 1200px) 100vw, 1200px\" \/><\/figure>\n\n\n\n<p class=\"wp-block-paragraph\">Lewis Hamilton acab\u00f3 compr\u00e1ndolo en 2026 antes de entreg\u00e1rselo directamente a Ferrari. En Maranello, los mec\u00e1nicos llevaron a cabo una importante puesta a punto mec\u00e1nica para que este F40 pudiera volver a circular. Unos d\u00edas despu\u00e9s de mostrar las im\u00e1genes de este trabajo, ah\u00ed est\u00e1 en Monza con Lewis Hamilton al volante.<\/p>\n\n\n\n<blockquote class=\"twitter-tweet\"><p lang=\"en\" dir=\"ltr\">Ic\u00f3nico. \u2728<br><br>Al llegar al \u00abMedia Day\u00bb en Italia, <a href=\"https:\/\/x.com\/LewisHamilton?ref_src=twsrc%5Etfw\">@LewisHamilton<\/a> estilo \ud83e\udd29<a href=\"https:\/\/x.com\/hashtag\/F1?src=hash&amp;ref_src=twsrc%5Etfw\">#F1<\/a> <a href=\"https:\/\/x.com\/hashtag\/ItalianGP?src=hash&amp;ref_src=twsrc%5Etfw\">#GPdeItalia<\/a> <a href=\"https:\/\/t.co\/5JbMhgMzis\">pic.twitter.com\/5JbMhgMzis<\/a><\/p>- F\u00f3rmula 1 (@F1) <a href=\"https:\/\/x.com\/F1\/status\/2095431681221992488?ref_src=twsrc%5Etfw\">3 de septiembre de 2026<\/a><\/blockquote> <script async src=\"https:\/\/platform.x.com\/widgets.js\" charset=\"utf-8\"><\/script>\n\n\n\n<h2 class=\"wp-block-heading\">Una pose que, sin duda, recuerda a su primera foto en Ferrari<\/h2>\n\n\n\n<p class=\"wp-block-paragraph\">Pero quiz\u00e1 la imagen m\u00e1s interesante se produjo una vez que el coche se detuvo. Hamilton, vestido con un traje oscuro, corbata, un abrigo largo de color camel y gafas de sol, pos\u00f3 justo delante de su F40. Es dif\u00edcil no ver en ello un gui\u00f1o a <a href=\"https:\/\/www.italpassion.fr\/es\/concurso\/f1-la-primera-foto-oficial-de-lewis-hamilton-en-ferrari-y-su-simbolo-oculto\/\">su primera foto oficial en enero de 2025<\/a>.<\/p>\n\n\n\n<figure class=\"wp-block-image size-full\"><img loading=\"lazy\" decoding=\"async\" width=\"1200\" height=\"800\" src=\"https:\/\/www.italpassion.fr\/wp-content\/uploads\/2026\/09\/lewis-f40-3.jpg\" alt=\"\" class=\"wp-image-53927\" srcset=\"https:\/\/www.italpassion.fr\/wp-content\/uploads\/2026\/09\/lewis-f40-3.jpg 1200w, https:\/\/www.italpassion.fr\/wp-content\/uploads\/2026\/09\/lewis-f40-3-420x280.jpg 420w, https:\/\/www.italpassion.fr\/wp-content\/uploads\/2026\/09\/lewis-f40-3-18x12.jpg 18w, https:\/\/www.italpassion.fr\/wp-content\/uploads\/2026\/09\/lewis-f40-3-768x512.jpg 768w\" sizes=\"auto, (max-width: 1200px) 100vw, 1200px\" \/><figcaption class=\"wp-element-caption\">Foto de F1<\/figcaption><\/figure>\n\n\n\n<figure class=\"wp-block-image size-full\"><img loading=\"lazy\" decoding=\"async\" width=\"1200\" height=\"800\" src=\"https:\/\/www.italpassion.fr\/wp-content\/uploads\/2026\/09\/lewis-f40-4.jpg\" alt=\"\" class=\"wp-image-53929\" srcset=\"https:\/\/www.italpassion.fr\/wp-content\/uploads\/2026\/09\/lewis-f40-4.jpg 1200w, https:\/\/www.italpassion.fr\/wp-content\/uploads\/2026\/09\/lewis-f40-4-18x12.jpg 18w, https:\/\/www.italpassion.fr\/wp-content\/uploads\/2026\/09\/lewis-f40-4-768x512.jpg 768w, https:\/\/www.italpassion.fr\/wp-content\/uploads\/2026\/09\/lewis-f40-4-420x280.jpg 420w\" sizes=\"auto, (max-width: 1200px) 100vw, 1200px\" \/><figcaption class=\"wp-element-caption\">Foto de F1<\/figcaption><\/figure>\n\n\n\n<p class=\"wp-block-paragraph\">En su primer d\u00eda oficial como piloto de Ferrari, Lewis Hamilton public\u00f3 una fotograf\u00eda que se hizo viral. Aparec\u00eda frente a la Casa Ferrari, la antigua casa y despacho de Enzo Ferrari en Fiorano, vestido con un atuendo muy elegante y con un Ferrari F40 rojo a su lado.<\/p>\n\n\n\n<figure class=\"wp-block-image size-large\"><img loading=\"lazy\" decoding=\"async\" width=\"1024\" height=\"683\" src=\"https:\/\/www.italpassion.fr\/wp-content\/uploads\/2025\/01\/lewis-hamilton-ferrari-scuderia-ferrari-1024x683.jpg\" alt=\"\" class=\"wp-image-36099\" srcset=\"https:\/\/www.italpassion.fr\/wp-content\/uploads\/2025\/01\/lewis-hamilton-ferrari-scuderia-ferrari-1024x683.jpg 1024w, https:\/\/www.italpassion.fr\/wp-content\/uploads\/2025\/01\/lewis-hamilton-ferrari-scuderia-ferrari-300x200.jpg 300w, https:\/\/www.italpassion.fr\/wp-content\/uploads\/2025\/01\/lewis-hamilton-ferrari-scuderia-ferrari-768x512.jpg 768w, https:\/\/www.italpassion.fr\/wp-content\/uploads\/2025\/01\/lewis-hamilton-ferrari-scuderia-ferrari-18x12.jpg 18w, https:\/\/www.italpassion.fr\/wp-content\/uploads\/2025\/01\/lewis-hamilton-ferrari-scuderia-ferrari-561x374.jpg 561w, https:\/\/www.italpassion.fr\/wp-content\/uploads\/2025\/01\/lewis-hamilton-ferrari-scuderia-ferrari-1122x748.jpg 1122w, https:\/\/www.italpassion.fr\/wp-content\/uploads\/2025\/01\/lewis-hamilton-ferrari-scuderia-ferrari-265x177.jpg 265w, https:\/\/www.italpassion.fr\/wp-content\/uploads\/2025\/01\/lewis-hamilton-ferrari-scuderia-ferrari-531x354.jpg 531w, https:\/\/www.italpassion.fr\/wp-content\/uploads\/2025\/01\/lewis-hamilton-ferrari-scuderia-ferrari-364x243.jpg 364w, https:\/\/www.italpassion.fr\/wp-content\/uploads\/2025\/01\/lewis-hamilton-ferrari-scuderia-ferrari-728x485.jpg 728w, https:\/\/www.italpassion.fr\/wp-content\/uploads\/2025\/01\/lewis-hamilton-ferrari-scuderia-ferrari-608x405.jpg 608w, https:\/\/www.italpassion.fr\/wp-content\/uploads\/2025\/01\/lewis-hamilton-ferrari-scuderia-ferrari-758x505.jpg 758w, https:\/\/www.italpassion.fr\/wp-content\/uploads\/2025\/01\/lewis-hamilton-ferrari-scuderia-ferrari-1152x768.jpg 1152w, https:\/\/www.italpassion.fr\/wp-content\/uploads\/2025\/01\/lewis-hamilton-ferrari-scuderia-ferrari.jpg 1200w\" sizes=\"auto, (max-width: 1024px) 100vw, 1024px\" \/><figcaption class=\"wp-element-caption\">Enero de 2025<\/figcaption><\/figure>\n\n\n\n<p class=\"wp-block-paragraph\">La fotograf\u00eda hab\u00eda dado la vuelta al mundo. Y hoy sabemos que la elecci\u00f3n del coche no fue en absoluto casual. Lewis Hamilton explic\u00f3 recientemente que el F40 era el Ferrari de sus sue\u00f1os desde que era ni\u00f1o y que \u00e9l mismo hab\u00eda pedido que hubiera un ejemplar presente para esa primera fotograf\u00eda oficial.<\/p>\n\n\n\n<h2 class=\"wp-block-heading\">Esta vez, el Ferrari F40 es realmente suyo<\/h2>\n\n\n\n<p class=\"wp-block-paragraph\">Un a\u00f1o y medio despu\u00e9s, el mismo piloto, el mismo estilo muy cuidado, el mismo Ferrari F40 rojo y una pose que se parece mucho a la que eligi\u00f3 para celebrar su llegada a Maranello. Lewis Hamilton no ha aclarado si ha intentado recrear esa fotograf\u00eda a prop\u00f3sito, pero es dif\u00edcil no ver el parecido. En enero de 2025, Hamilton pos\u00f3 junto a un F40 elegido para simbolizar su sue\u00f1o con Ferrari. En septiembre de 2026, posa junto a su propio F40, aquel que acaba de rescatar tras m\u00e1s de tres d\u00e9cadas sin funcionar. El c\u00edrculo casi se ha cerrado.<\/p>\n\n\n\n<figure class=\"wp-block-image size-full\"><img loading=\"lazy\" decoding=\"async\" width=\"1200\" height=\"800\" src=\"https:\/\/www.italpassion.fr\/wp-content\/uploads\/2026\/09\/lewis-f40-5.jpg\" alt=\"\" class=\"wp-image-53930\" srcset=\"https:\/\/www.italpassion.fr\/wp-content\/uploads\/2026\/09\/lewis-f40-5.jpg 1200w, https:\/\/www.italpassion.fr\/wp-content\/uploads\/2026\/09\/lewis-f40-5-420x280.jpg 420w, https:\/\/www.italpassion.fr\/wp-content\/uploads\/2026\/09\/lewis-f40-5-18x12.jpg 18w, https:\/\/www.italpassion.fr\/wp-content\/uploads\/2026\/09\/lewis-f40-5-768x512.jpg 768w\" sizes=\"auto, (max-width: 1200px) 100vw, 1200px\" \/><figcaption class=\"wp-element-caption\">Foto de F1<\/figcaption><\/figure>","protected":false},"excerpt":{"rendered":"","protected":false},"author":1,"featured_media":53931,"comment_status":"open","ping_status":"open","sticky":false,"template":"","format":"standard","meta":{"_acf_changed":false,"_sitemap_exclude":false,"_sitemap_priority":"","_sitemap_frequency":"","footnotes":""},"categories":[23],"tags":[461,397],"class_list":["post-53925","post","type-post","status-publish","format-standard","has-post-thumbnail","hentry","category-ferrari","tag-ferrari-f40","tag-lewis-hamilton","generate-columns","tablet-grid-50","mobile-grid-100","grid-parent","grid-33"],"acf":[],"yoast_head":"<!-- This site is optimized with the Yoast SEO plugin v25.8 - https:\/\/yoast.com\/wordpress\/plugins\/seo\/ -->\n<title>Avec sa nouvelle Ferrari F40, Lewis Hamilton a recr\u00e9\u00e9 sa toute premi\u00e8re photo chez Ferrari : &quot;Ma F40 \u00e0 moi&quot; - ItalPassion<\/title>\n<meta name=\"description\" content=\"Deux jours seulement apr\u00e8s avoir r\u00e9v\u00e9l\u00e9 \u00eatre devenu propri\u00e9taire d\u2019une Ferrari F40 \u00e0 l\u2019histoire exceptionnelle, Lewis Hamilton vient de lui offrir une\" \/>\n<meta name=\"robots\" content=\"index, follow, max-snippet:-1, max-image-preview:large, max-video-preview:-1\" \/>\n<link rel=\"canonical\" href=\"https:\/\/www.italpassion.fr\/es\/ferrari\/con-su-nuevo-ferrari-f40-lewis-hamilton-ha-recreado-su-primera-foto-en-ferrari-mi-propio-f40\/\" \/>\n<meta property=\"og:locale\" content=\"es_ES\" \/>\n<meta property=\"og:type\" content=\"article\" \/>\n<meta property=\"og:title\" content=\"Avec sa nouvelle Ferrari F40, Lewis Hamilton a recr\u00e9\u00e9 sa toute premi\u00e8re photo chez Ferrari : &quot;Ma F40 \u00e0 moi&quot; - ItalPassion\" \/>\n<meta property=\"og:description\" content=\"Deux jours seulement apr\u00e8s avoir r\u00e9v\u00e9l\u00e9 \u00eatre devenu propri\u00e9taire d\u2019une Ferrari F40 \u00e0 l\u2019histoire exceptionnelle, Lewis Hamilton vient de lui offrir une\" \/>\n<meta property=\"og:url\" content=\"https:\/\/www.italpassion.fr\/es\/ferrari\/con-su-nuevo-ferrari-f40-lewis-hamilton-ha-recreado-su-primera-foto-en-ferrari-mi-propio-f40\/\" \/>\n<meta property=\"og:site_name\" content=\"ItalPassion\" \/>\n<meta property=\"article:publisher\" content=\"https:\/\/www.facebook.com\/italpassion\" \/>\n<meta property=\"article:published_time\" content=\"2026-09-03T13:20:46+00:00\" \/>\n<meta property=\"og:image\" content=\"https:\/\/www.italpassion.fr\/wp-content\/uploads\/2026\/09\/lewis-0.jpg\" \/>\n\t<meta property=\"og:image:width\" content=\"1200\" \/>\n\t<meta property=\"og:image:height\" content=\"800\" \/>\n\t<meta property=\"og:image:type\" content=\"image\/jpeg\" \/>\n<meta name=\"author\" content=\"Alexandre Filluzeau\" \/>\n<meta name=\"twitter:card\" content=\"summary_large_image\" \/>\n<meta name=\"twitter:creator\" content=\"@italpassion\" \/>\n<meta name=\"twitter:site\" content=\"@italpassion\" \/>\n<script type=\"application\/ld+json\" class=\"yoast-schema-graph\">{\"@context\":\"https:\/\/schema.org\",\"@graph\":[{\"@type\":\"NewsArticle\",\"@id\":\"https:\/\/www.italpassion.fr\/es\/ferrari\/avec-sa-nouvelle-ferrari-f40-lewis-hamilton-a-recree-sa-toute-premiere-photo-chez-ferrari-ma-f40-a-moi\/#article\",\"isPartOf\":{\"@id\":\"https:\/\/www.italpassion.fr\/es\/ferrari\/avec-sa-nouvelle-ferrari-f40-lewis-hamilton-a-recree-sa-toute-premiere-photo-chez-ferrari-ma-f40-a-moi\/\"},\"author\":{\"name\":\"Alexandre Filluzeau\",\"@id\":\"https:\/\/www.italpassion.fr\/es\/#\/schema\/person\/36f747b2a759ca202d847e85a9434ca0\"},\"headline\":\"Avec sa nouvelle Ferrari F40, Lewis Hamilton a recr\u00e9\u00e9 sa toute premi\u00e8re photo chez Ferrari : \u00ab\u00a0Ma F40 \u00e0 moi\u00a0\u00bb\",\"datePublished\":\"2026-09-03T13:20:46+00:00\",\"mainEntityOfPage\":{\"@id\":\"https:\/\/www.italpassion.fr\/es\/ferrari\/avec-sa-nouvelle-ferrari-f40-lewis-hamilton-a-recree-sa-toute-premiere-photo-chez-ferrari-ma-f40-a-moi\/\"},\"wordCount\":623,\"commentCount\":0,\"publisher\":{\"@id\":\"https:\/\/www.italpassion.fr\/es\/#organization\"},\"image\":{\"@id\":\"https:\/\/www.italpassion.fr\/es\/ferrari\/avec-sa-nouvelle-ferrari-f40-lewis-hamilton-a-recree-sa-toute-premiere-photo-chez-ferrari-ma-f40-a-moi\/#primaryimage\"},\"thumbnailUrl\":\"https:\/\/www.italpassion.fr\/wp-content\/uploads\/2026\/09\/lewis-0.jpg\",\"keywords\":[\"Ferrari F40\",\"Lewis Hamilton\"],\"articleSection\":[\"Ferrari\"],\"inLanguage\":\"es\",\"potentialAction\":[{\"@type\":\"CommentAction\",\"name\":\"Comment\",\"target\":[\"https:\/\/www.italpassion.fr\/es\/ferrari\/avec-sa-nouvelle-ferrari-f40-lewis-hamilton-a-recree-sa-toute-premiere-photo-chez-ferrari-ma-f40-a-moi\/#respond\"]}]},{\"@type\":\"WebPage\",\"@id\":\"https:\/\/www.italpassion.fr\/es\/ferrari\/avec-sa-nouvelle-ferrari-f40-lewis-hamilton-a-recree-sa-toute-premiere-photo-chez-ferrari-ma-f40-a-moi\/\",\"url\":\"https:\/\/www.italpassion.fr\/es\/ferrari\/avec-sa-nouvelle-ferrari-f40-lewis-hamilton-a-recree-sa-toute-premiere-photo-chez-ferrari-ma-f40-a-moi\/\",\"name\":\"Avec sa nouvelle Ferrari F40, Lewis Hamilton a recr\u00e9\u00e9 sa toute premi\u00e8re photo chez Ferrari : \\\"Ma F40 \u00e0 moi\\\" - ItalPassion\",\"isPartOf\":{\"@id\":\"https:\/\/www.italpassion.fr\/es\/#website\"},\"primaryImageOfPage\":{\"@id\":\"https:\/\/www.italpassion.fr\/es\/ferrari\/avec-sa-nouvelle-ferrari-f40-lewis-hamilton-a-recree-sa-toute-premiere-photo-chez-ferrari-ma-f40-a-moi\/#primaryimage\"},\"image\":{\"@id\":\"https:\/\/www.italpassion.fr\/es\/ferrari\/avec-sa-nouvelle-ferrari-f40-lewis-hamilton-a-recree-sa-toute-premiere-photo-chez-ferrari-ma-f40-a-moi\/#primaryimage\"},\"thumbnailUrl\":\"https:\/\/www.italpassion.fr\/wp-content\/uploads\/2026\/09\/lewis-0.jpg\",\"datePublished\":\"2026-09-03T13:20:46+00:00\",\"description\":\"Deux jours seulement apr\u00e8s avoir r\u00e9v\u00e9l\u00e9 \u00eatre devenu propri\u00e9taire d\u2019une Ferrari F40 \u00e0 l\u2019histoire exceptionnelle, Lewis Hamilton vient de lui offrir une\",\"breadcrumb\":{\"@id\":\"https:\/\/www.italpassion.fr\/es\/ferrari\/avec-sa-nouvelle-ferrari-f40-lewis-hamilton-a-recree-sa-toute-premiere-photo-chez-ferrari-ma-f40-a-moi\/#breadcrumb\"},\"inLanguage\":\"es\",\"potentialAction\":[{\"@type\":\"ReadAction\",\"target\":[\"https:\/\/www.italpassion.fr\/es\/ferrari\/avec-sa-nouvelle-ferrari-f40-lewis-hamilton-a-recree-sa-toute-premiere-photo-chez-ferrari-ma-f40-a-moi\/\"]}]},{\"@type\":\"ImageObject\",\"inLanguage\":\"es\",\"@id\":\"https:\/\/www.italpassion.fr\/es\/ferrari\/avec-sa-nouvelle-ferrari-f40-lewis-hamilton-a-recree-sa-toute-premiere-photo-chez-ferrari-ma-f40-a-moi\/#primaryimage\",\"url\":\"https:\/\/www.italpassion.fr\/wp-content\/uploads\/2026\/09\/lewis-0.jpg\",\"contentUrl\":\"https:\/\/www.italpassion.fr\/wp-content\/uploads\/2026\/09\/lewis-0.jpg\",\"width\":1200,\"height\":800},{\"@type\":\"BreadcrumbList\",\"@id\":\"https:\/\/www.italpassion.fr\/es\/ferrari\/avec-sa-nouvelle-ferrari-f40-lewis-hamilton-a-recree-sa-toute-premiere-photo-chez-ferrari-ma-f40-a-moi\/#breadcrumb\",\"itemListElement\":[{\"@type\":\"ListItem\",\"position\":1,\"name\":\"Accueil\",\"item\":\"https:\/\/www.italpassion.fr\/es\/\"},{\"@type\":\"ListItem\",\"position\":2,\"name\":\"Avec sa nouvelle Ferrari F40, Lewis Hamilton a recr\u00e9\u00e9 sa toute premi\u00e8re photo chez Ferrari : \u00ab\u00a0Ma F40 \u00e0 moi\u00a0\u00bb\"}]},{\"@type\":\"WebSite\",\"@id\":\"https:\/\/www.italpassion.fr\/es\/#website\",\"url\":\"https:\/\/www.italpassion.fr\/es\/\",\"name\":\"ItalPassion\",\"description\":\"Les Passionn\u00e9s d&#039;Automobiles Italiennes\",\"publisher\":{\"@id\":\"https:\/\/www.italpassion.fr\/es\/#organization\"},\"potentialAction\":[{\"@type\":\"SearchAction\",\"target\":{\"@type\":\"EntryPoint\",\"urlTemplate\":\"https:\/\/www.italpassion.fr\/es\/?s={search_term_string}\"},\"query-input\":{\"@type\":\"PropertyValueSpecification\",\"valueRequired\":true,\"valueName\":\"search_term_string\"}}],\"inLanguage\":\"es\"},{\"@type\":\"Organization\",\"@id\":\"https:\/\/www.italpassion.fr\/es\/#organization\",\"name\":\"Italpassion\",\"url\":\"https:\/\/www.italpassion.fr\/es\/\",\"logo\":{\"@type\":\"ImageObject\",\"inLanguage\":\"es\",\"@id\":\"https:\/\/www.italpassion.fr\/es\/#\/schema\/logo\/image\/\",\"url\":\"https:\/\/www.italpassion.fr\/wp-content\/uploads\/2023\/07\/italpassion-yoast.jpg\",\"contentUrl\":\"https:\/\/www.italpassion.fr\/wp-content\/uploads\/2023\/07\/italpassion-yoast.jpg\",\"width\":696,\"height\":696,\"caption\":\"Italpassion\"},\"image\":{\"@id\":\"https:\/\/www.italpassion.fr\/es\/#\/schema\/logo\/image\/\"},\"sameAs\":[\"https:\/\/www.facebook.com\/italpassion\",\"https:\/\/x.com\/italpassion\",\"https:\/\/www.instagram.com\/italpassionfr\/\",\"https:\/\/www.youtube.com\/channel\/UCleq-ByQaA42OjhopwevRjQ\",\"https:\/\/www.facebook.com\/italpassion.en\/\",\"https:\/\/www.facebook.com\/italpassion.it\/\",\"https:\/\/www.facebook.com\/italpassion.de\/\",\"https:\/\/www.facebook.com\/italpassion.ja\/\"]},{\"@type\":\"Person\",\"@id\":\"https:\/\/www.italpassion.fr\/es\/#\/schema\/person\/36f747b2a759ca202d847e85a9434ca0\",\"name\":\"Alexandre Filluzeau\",\"image\":{\"@type\":\"ImageObject\",\"inLanguage\":\"es\",\"@id\":\"https:\/\/www.italpassion.fr\/es\/#\/schema\/person\/image\/\",\"url\":\"https:\/\/www.italpassion.fr\/wp-content\/uploads\/2025\/04\/avatar-alexandre-160x160.jpg\",\"contentUrl\":\"https:\/\/www.italpassion.fr\/wp-content\/uploads\/2025\/04\/avatar-alexandre-160x160.jpg\",\"caption\":\"Alexandre Filluzeau\"},\"description\":\"Fondateur du site ItalPassion, passionn\u00e9 de voitures italiennes et de l'Italie en g\u00e9n\u00e9ral. J'apporte un regard critique et technique aux actualit\u00e9s des marques italiennes quand cela est possible. Propri\u00e9taire d'une Maserati GranTurismo, Alfa Romeo MiTo, Lancia Fulvia et Ducati 695. Ex-propri\u00e9taire d'une Alfa Romeo Giulia.\",\"sameAs\":[\"https:\/\/www.italpassion.fr\/\"],\"url\":\"https:\/\/www.italpassion.fr\/es\/author\/alexandre\/\"}]}<\/script>\n<!-- \/ Yoast SEO plugin. -->","yoast_head_json":{"title":"Con su nuevo Ferrari F40, Lewis Hamilton ha recreado su primera foto con Ferrari: \"Mi propio F40\" - ItalPassion","description":"Apenas dos d\u00edas despu\u00e9s de revelar que se hab\u00eda convertido en propietario de un Ferrari F40 con una historia excepcional, Lewis Hamilton acaba de regalarle un","robots":{"index":"index","follow":"follow","max-snippet":"max-snippet:-1","max-image-preview":"max-image-preview:large","max-video-preview":"max-video-preview:-1"},"canonical":"https:\/\/www.italpassion.fr\/es\/ferrari\/con-su-nuevo-ferrari-f40-lewis-hamilton-ha-recreado-su-primera-foto-en-ferrari-mi-propio-f40\/","og_locale":"es_ES","og_type":"article","og_title":"Avec sa nouvelle Ferrari F40, Lewis Hamilton a recr\u00e9\u00e9 sa toute premi\u00e8re photo chez Ferrari : \"Ma F40 \u00e0 moi\" - ItalPassion","og_description":"Deux jours seulement apr\u00e8s avoir r\u00e9v\u00e9l\u00e9 \u00eatre devenu propri\u00e9taire d\u2019une Ferrari F40 \u00e0 l\u2019histoire exceptionnelle, Lewis Hamilton vient de lui offrir une","og_url":"https:\/\/www.italpassion.fr\/es\/ferrari\/con-su-nuevo-ferrari-f40-lewis-hamilton-ha-recreado-su-primera-foto-en-ferrari-mi-propio-f40\/","og_site_name":"ItalPassion","article_publisher":"https:\/\/www.facebook.com\/italpassion","article_published_time":"2026-09-03T13:20:46+00:00","og_image":[{"width":1200,"height":800,"url":"https:\/\/www.italpassion.fr\/wp-content\/uploads\/2026\/09\/lewis-0.jpg","type":"image\/jpeg"}],"author":"Alexandre Filluzeau","twitter_card":"summary_large_image","twitter_creator":"@italpassion","twitter_site":"@italpassion","schema":{"@context":"https:\/\/schema.org","@graph":[{"@type":"NewsArticle","@id":"https:\/\/www.italpassion.fr\/es\/ferrari\/avec-sa-nouvelle-ferrari-f40-lewis-hamilton-a-recree-sa-toute-premiere-photo-chez-ferrari-ma-f40-a-moi\/#article","isPartOf":{"@id":"https:\/\/www.italpassion.fr\/es\/ferrari\/avec-sa-nouvelle-ferrari-f40-lewis-hamilton-a-recree-sa-toute-premiere-photo-chez-ferrari-ma-f40-a-moi\/"},"author":{"name":"Alexandre Filluzeau","@id":"https:\/\/www.italpassion.fr\/es\/#\/schema\/person\/36f747b2a759ca202d847e85a9434ca0"},"headline":"Avec sa nouvelle Ferrari F40, Lewis Hamilton a recr\u00e9\u00e9 sa toute premi\u00e8re photo chez Ferrari : \u00ab\u00a0Ma F40 \u00e0 moi\u00a0\u00bb","datePublished":"2026-09-03T13:20:46+00:00","mainEntityOfPage":{"@id":"https:\/\/www.italpassion.fr\/es\/ferrari\/avec-sa-nouvelle-ferrari-f40-lewis-hamilton-a-recree-sa-toute-premiere-photo-chez-ferrari-ma-f40-a-moi\/"},"wordCount":623,"commentCount":0,"publisher":{"@id":"https:\/\/www.italpassion.fr\/es\/#organization"},"image":{"@id":"https:\/\/www.italpassion.fr\/es\/ferrari\/avec-sa-nouvelle-ferrari-f40-lewis-hamilton-a-recree-sa-toute-premiere-photo-chez-ferrari-ma-f40-a-moi\/#primaryimage"},"thumbnailUrl":"https:\/\/www.italpassion.fr\/wp-content\/uploads\/2026\/09\/lewis-0.jpg","keywords":["Ferrari F40","Lewis Hamilton"],"articleSection":["Ferrari"],"inLanguage":"es","potentialAction":[{"@type":"CommentAction","name":"Comment","target":["https:\/\/www.italpassion.fr\/es\/ferrari\/avec-sa-nouvelle-ferrari-f40-lewis-hamilton-a-recree-sa-toute-premiere-photo-chez-ferrari-ma-f40-a-moi\/#respond"]}]},{"@type":"WebPage","@id":"https:\/\/www.italpassion.fr\/es\/ferrari\/avec-sa-nouvelle-ferrari-f40-lewis-hamilton-a-recree-sa-toute-premiere-photo-chez-ferrari-ma-f40-a-moi\/","url":"https:\/\/www.italpassion.fr\/es\/ferrari\/avec-sa-nouvelle-ferrari-f40-lewis-hamilton-a-recree-sa-toute-premiere-photo-chez-ferrari-ma-f40-a-moi\/","name":"Con su nuevo Ferrari F40, Lewis Hamilton ha recreado su primera foto con Ferrari: \"Mi propio F40\" - ItalPassion","isPartOf":{"@id":"https:\/\/www.italpassion.fr\/es\/#website"},"primaryImageOfPage":{"@id":"https:\/\/www.italpassion.fr\/es\/ferrari\/avec-sa-nouvelle-ferrari-f40-lewis-hamilton-a-recree-sa-toute-premiere-photo-chez-ferrari-ma-f40-a-moi\/#primaryimage"},"image":{"@id":"https:\/\/www.italpassion.fr\/es\/ferrari\/avec-sa-nouvelle-ferrari-f40-lewis-hamilton-a-recree-sa-toute-premiere-photo-chez-ferrari-ma-f40-a-moi\/#primaryimage"},"thumbnailUrl":"https:\/\/www.italpassion.fr\/wp-content\/uploads\/2026\/09\/lewis-0.jpg","datePublished":"2026-09-03T13:20:46+00:00","description":"Apenas dos d\u00edas despu\u00e9s de revelar que se hab\u00eda convertido en propietario de un Ferrari F40 con una historia excepcional, Lewis Hamilton acaba de regalarle un","breadcrumb":{"@id":"https:\/\/www.italpassion.fr\/es\/ferrari\/avec-sa-nouvelle-ferrari-f40-lewis-hamilton-a-recree-sa-toute-premiere-photo-chez-ferrari-ma-f40-a-moi\/#breadcrumb"},"inLanguage":"es","potentialAction":[{"@type":"ReadAction","target":["https:\/\/www.italpassion.fr\/es\/ferrari\/avec-sa-nouvelle-ferrari-f40-lewis-hamilton-a-recree-sa-toute-premiere-photo-chez-ferrari-ma-f40-a-moi\/"]}]},{"@type":"ImageObject","inLanguage":"es","@id":"https:\/\/www.italpassion.fr\/es\/ferrari\/avec-sa-nouvelle-ferrari-f40-lewis-hamilton-a-recree-sa-toute-premiere-photo-chez-ferrari-ma-f40-a-moi\/#primaryimage","url":"https:\/\/www.italpassion.fr\/wp-content\/uploads\/2026\/09\/lewis-0.jpg","contentUrl":"https:\/\/www.italpassion.fr\/wp-content\/uploads\/2026\/09\/lewis-0.jpg","width":1200,"height":800},{"@type":"BreadcrumbList","@id":"https:\/\/www.italpassion.fr\/es\/ferrari\/avec-sa-nouvelle-ferrari-f40-lewis-hamilton-a-recree-sa-toute-premiere-photo-chez-ferrari-ma-f40-a-moi\/#breadcrumb","itemListElement":[{"@type":"ListItem","position":1,"name":"Accueil","item":"https:\/\/www.italpassion.fr\/es\/"},{"@type":"ListItem","position":2,"name":"Avec sa nouvelle Ferrari F40, Lewis Hamilton a recr\u00e9\u00e9 sa toute premi\u00e8re photo chez Ferrari : \u00ab\u00a0Ma F40 \u00e0 moi\u00a0\u00bb"}]},{"@type":"WebSite","@id":"https:\/\/www.italpassion.fr\/es\/#website","url":"https:\/\/www.italpassion.fr\/es\/","name":"ItalPassion","description":"Entusiastas de los coches italianos","publisher":{"@id":"https:\/\/www.italpassion.fr\/es\/#organization"},"potentialAction":[{"@type":"SearchAction","target":{"@type":"EntryPoint","urlTemplate":"https:\/\/www.italpassion.fr\/es\/?s={search_term_string}"},"query-input":{"@type":"PropertyValueSpecification","valueRequired":true,"valueName":"search_term_string"}}],"inLanguage":"es"},{"@type":"Organization","@id":"https:\/\/www.italpassion.fr\/es\/#organization","name":"Italpassion","url":"https:\/\/www.italpassion.fr\/es\/","logo":{"@type":"ImageObject","inLanguage":"es","@id":"https:\/\/www.italpassion.fr\/es\/#\/schema\/logo\/image\/","url":"https:\/\/www.italpassion.fr\/wp-content\/uploads\/2023\/07\/italpassion-yoast.jpg","contentUrl":"https:\/\/www.italpassion.fr\/wp-content\/uploads\/2023\/07\/italpassion-yoast.jpg","width":696,"height":696,"caption":"Italpassion"},"image":{"@id":"https:\/\/www.italpassion.fr\/es\/#\/schema\/logo\/image\/"},"sameAs":["https:\/\/www.facebook.com\/italpassion","https:\/\/x.com\/italpassion","https:\/\/www.instagram.com\/italpassionfr\/","https:\/\/www.youtube.com\/channel\/UCleq-ByQaA42OjhopwevRjQ","https:\/\/www.facebook.com\/italpassion.en\/","https:\/\/www.facebook.com\/italpassion.it\/","https:\/\/www.facebook.com\/italpassion.de\/","https:\/\/www.facebook.com\/italpassion.ja\/"]},{"@type":"Person","@id":"https:\/\/www.italpassion.fr\/es\/#\/schema\/person\/36f747b2a759ca202d847e85a9434ca0","name":"Alexandre Filluzeau","image":{"@type":"ImageObject","inLanguage":"es","@id":"https:\/\/www.italpassion.fr\/es\/#\/schema\/person\/image\/","url":"https:\/\/www.italpassion.fr\/wp-content\/uploads\/2025\/04\/avatar-alexandre-160x160.jpg","contentUrl":"https:\/\/www.italpassion.fr\/wp-content\/uploads\/2025\/04\/avatar-alexandre-160x160.jpg","caption":"Alexandre Filluzeau"},"description":"Fundador del sitio web ItalPassion, apasionado de los coches italianos y de Italia en general. Aporto una mirada cr\u00edtica y t\u00e9cnica a las noticias de las marcas italianas cuando es posible. Propietario de un Maserati GranTurismo, Alfa Romeo MiTo, Lancia Fulvia y Ducati 695. Ex-propietario de un Alfa Romeo Giulia.","sameAs":["https:\/\/www.italpassion.fr\/"],"url":"https:\/\/www.italpassion.fr\/es\/author\/alexandre\/"}]}},"_links":{"self":[{"href":"https:\/\/www.italpassion.fr\/es\/wp-json\/wp\/v2\/posts\/53925","targetHints":{"allow":["GET"]}}],"collection":[{"href":"https:\/\/www.italpassion.fr\/es\/wp-json\/wp\/v2\/posts"}],"about":[{"href":"https:\/\/www.italpassion.fr\/es\/wp-json\/wp\/v2\/types\/post"}],"author":[{"embeddable":true,"href":"https:\/\/www.italpassion.fr\/es\/wp-json\/wp\/v2\/users\/1"}],"replies":[{"embeddable":true,"href":"https:\/\/www.italpassion.fr\/es\/wp-json\/wp\/v2\/comments?post=53925"}],"version-history":[{"count":3,"href":"https:\/\/www.italpassion.fr\/es\/wp-json\/wp\/v2\/posts\/53925\/revisions"}],"predecessor-version":[{"id":53935,"href":"https:\/\/www.italpassion.fr\/es\/wp-json\/wp\/v2\/posts\/53925\/revisions\/53935"}],"wp:featuredmedia":[{"embeddable":true,"href":"https:\/\/www.italpassion.fr\/es\/wp-json\/wp\/v2\/media\/53931"}],"wp:attachment":[{"href":"https:\/\/www.italpassion.fr\/es\/wp-json\/wp\/v2\/media?parent=53925"}],"wp:term":[{"taxonomy":"category","embeddable":true,"href":"https:\/\/www.italpassion.fr\/es\/wp-json\/wp\/v2\/categories?post=53925"},{"taxonomy":"post_tag","embeddable":true,"href":"https:\/\/www.italpassion.fr\/es\/wp-json\/wp\/v2\/tags?post=53925"}],"curies":[{"name":"wp","href":"https:\/\/api.w.org\/{rel}","templated":true}]}}