{"id":53774,"date":"2026-09-03T17:55:06","date_gmt":"2026-09-03T15:55:06","guid":{"rendered":"https:\/\/www.italpassion.fr\/?p=53774"},"modified":"2026-09-01T17:20:05","modified_gmt":"2026-09-01T15:20:05","slug":"de-nino-no-tenia-dinero-para-ir-al-mayor-concurso-de-coches-del-mundo-30-anos-despues-va-alli-con-14-lamborghini","status":"publish","type":"post","link":"https:\/\/www.italpassion.fr\/es\/lamborghini\/enfant-il-navait-pas-les-moyens-daller-au-plus-grand-concours-automobile-du-monde-30-ans-plus-tard-il-y-va-avec-14-lamborghini\/","title":{"rendered":"De ni\u00f1o, no ten\u00eda dinero para asistir al mayor concurso de coches del mundo: 30 a\u00f1os despu\u00e9s, acude a \u00e9l con 14 Lamborghini."},"content":{"rendered":"<figure class=\"wp-block-image size-full\"><img loading=\"lazy\" decoding=\"async\" width=\"1200\" height=\"800\" src=\"https:\/\/www.italpassion.fr\/wp-content\/uploads\/2026\/09\/lambo-002-1.jpg\" alt=\"\" class=\"wp-image-53859\" srcset=\"https:\/\/www.italpassion.fr\/wp-content\/uploads\/2026\/09\/lambo-002-1.jpg 1200w, https:\/\/www.italpassion.fr\/wp-content\/uploads\/2026\/09\/lambo-002-1-768x512.jpg 768w, https:\/\/www.italpassion.fr\/wp-content\/uploads\/2026\/09\/lambo-002-1-18x12.jpg 18w, https:\/\/www.italpassion.fr\/wp-content\/uploads\/2026\/09\/lambo-002-1-420x280.jpg 420w\" sizes=\"auto, (max-width: 1200px) 100vw, 1200px\" \/><\/figure>\n\n\n\n<p class=\"wp-block-paragraph\">Hace treinta a\u00f1os, Pebble Beach no era para John Temerian m\u00e1s que un nombre lejano, casi inalcanzable. Por aquel entonces, el que m\u00e1s tarde se convertir\u00eda en cofundador de Curated pasaba los d\u00edas en el taller de su padre, barriendo el suelo, preparando las carrocer\u00edas antes de pintarlas y observando los coches en proceso de restauraci\u00f3n. Cada verano se repet\u00eda la misma promesa: este a\u00f1o ir\u00edan a Pebble Beach. Pero el viaje era caro y la familia viv\u00eda modestamente. Nunca llegaron a ir.<\/p>\n\n\n\n<p class=\"wp-block-paragraph\">Tres d\u00e9cadas m\u00e1s tarde, la historia dio un giro bastante espectacular. Para la Monterey Car Week de 2026, Temerian no solo acudi\u00f3 a la cita automovil\u00edstica m\u00e1s prestigiosa de Estados Unidos. Lleg\u00f3 all\u00ed con Curated y toda una flota de <a href=\"https:\/\/www.italpassion.fr\/es\/lamborghini\/\">Lamborghini<\/a>.<\/p>\n\n\n\n<h2 class=\"wp-block-heading\">De un taller familiar a 14 coches para Monterey<\/h2>\n\n\n\n<p class=\"wp-block-paragraph\">Esa escena casi podr\u00eda servir de resumen de su trayectoria. Antes de la salida, los camiones se llenan de Lamborghini: <a href=\"https:\/\/www.italpassion.fr\/es\/coches\/lamborghini-diablo\/\">Diablo SV<\/a>, <a href=\"https:\/\/www.italpassion.fr\/es\/coches\/lamborghini-countach\/\">Countach LP400 S<\/a>, <a href=\"https:\/\/www.italpassion.fr\/es\/coches\/lamborghini-miura\/\">Miura<\/a> y otras rarezas. Temerian calcula entonces que la caravana est\u00e1 formada por \u00abunas 14 furgonetas\u00bb. Unas horas m\u00e1s tarde, los camiones comienzan a descargarlas en el Pebble Beach Equestrian Center.<\/p>\n\n\n\n<figure class=\"wp-block-image size-full\"><img loading=\"lazy\" decoding=\"async\" width=\"1200\" height=\"800\" src=\"https:\/\/www.italpassion.fr\/wp-content\/uploads\/2026\/08\/lambo-miura-2.jpg\" alt=\"\" class=\"wp-image-53851\" srcset=\"https:\/\/www.italpassion.fr\/wp-content\/uploads\/2026\/08\/lambo-miura-2.jpg 1200w, https:\/\/www.italpassion.fr\/wp-content\/uploads\/2026\/08\/lambo-miura-2-768x512.jpg 768w, https:\/\/www.italpassion.fr\/wp-content\/uploads\/2026\/08\/lambo-miura-2-420x280.jpg 420w, https:\/\/www.italpassion.fr\/wp-content\/uploads\/2026\/08\/lambo-miura-2-18x12.jpg 18w\" sizes=\"auto, (max-width: 1200px) 100vw, 1200px\" \/><\/figure>\n\n\n\n<figure class=\"wp-block-image size-full\"><img loading=\"lazy\" decoding=\"async\" width=\"1200\" height=\"800\" src=\"https:\/\/www.italpassion.fr\/wp-content\/uploads\/2026\/08\/lambo-violoette-2.jpg\" alt=\"\" class=\"wp-image-53850\" srcset=\"https:\/\/www.italpassion.fr\/wp-content\/uploads\/2026\/08\/lambo-violoette-2.jpg 1200w, https:\/\/www.italpassion.fr\/wp-content\/uploads\/2026\/08\/lambo-violoette-2-420x280.jpg 420w, https:\/\/www.italpassion.fr\/wp-content\/uploads\/2026\/08\/lambo-violoette-2-18x12.jpg 18w, https:\/\/www.italpassion.fr\/wp-content\/uploads\/2026\/08\/lambo-violoette-2-768x512.jpg 768w\" sizes=\"auto, (max-width: 1200px) 100vw, 1200px\" \/><\/figure>\n\n\n\n<figure class=\"wp-block-image size-full\"><img loading=\"lazy\" decoding=\"async\" width=\"1200\" height=\"800\" src=\"https:\/\/www.italpassion.fr\/wp-content\/uploads\/2026\/08\/lambo-diablo.jpg\" alt=\"\" class=\"wp-image-53849\" srcset=\"https:\/\/www.italpassion.fr\/wp-content\/uploads\/2026\/08\/lambo-diablo.jpg 1200w, https:\/\/www.italpassion.fr\/wp-content\/uploads\/2026\/08\/lambo-diablo-420x280.jpg 420w, https:\/\/www.italpassion.fr\/wp-content\/uploads\/2026\/08\/lambo-diablo-768x512.jpg 768w, https:\/\/www.italpassion.fr\/wp-content\/uploads\/2026\/08\/lambo-diablo-18x12.jpg 18w\" sizes=\"auto, (max-width: 1200px) 100vw, 1200px\" \/><\/figure>\n\n\n\n<figure class=\"wp-block-image size-full\"><img loading=\"lazy\" decoding=\"async\" width=\"1200\" height=\"800\" src=\"https:\/\/www.italpassion.fr\/wp-content\/uploads\/2026\/08\/lambo-countach.jpg\" alt=\"\" class=\"wp-image-53843\" srcset=\"https:\/\/www.italpassion.fr\/wp-content\/uploads\/2026\/08\/lambo-countach.jpg 1200w, https:\/\/www.italpassion.fr\/wp-content\/uploads\/2026\/08\/lambo-countach-768x512.jpg 768w, https:\/\/www.italpassion.fr\/wp-content\/uploads\/2026\/08\/lambo-countach-420x280.jpg 420w, https:\/\/www.italpassion.fr\/wp-content\/uploads\/2026\/08\/lambo-countach-18x12.jpg 18w\" sizes=\"auto, (max-width: 1200px) 100vw, 1200px\" \/><\/figure>\n\n\n\n<figure class=\"wp-block-image size-full\"><img loading=\"lazy\" decoding=\"async\" width=\"1200\" height=\"800\" src=\"https:\/\/www.italpassion.fr\/wp-content\/uploads\/2026\/08\/lambo-sv.jpg\" alt=\"\" class=\"wp-image-53842\" srcset=\"https:\/\/www.italpassion.fr\/wp-content\/uploads\/2026\/08\/lambo-sv.jpg 1200w, https:\/\/www.italpassion.fr\/wp-content\/uploads\/2026\/08\/lambo-sv-420x280.jpg 420w, https:\/\/www.italpassion.fr\/wp-content\/uploads\/2026\/08\/lambo-sv-768x512.jpg 768w, https:\/\/www.italpassion.fr\/wp-content\/uploads\/2026\/08\/lambo-sv-18x12.jpg 18w\" sizes=\"auto, (max-width: 1200px) 100vw, 1200px\" \/><\/figure>\n\n\n\n<figure class=\"wp-block-image size-full\"><img loading=\"lazy\" decoding=\"async\" width=\"1200\" height=\"800\" src=\"https:\/\/www.italpassion.fr\/wp-content\/uploads\/2026\/08\/lambo-murcielago.jpg\" alt=\"\" class=\"wp-image-53844\" srcset=\"https:\/\/www.italpassion.fr\/wp-content\/uploads\/2026\/08\/lambo-murcielago.jpg 1200w, https:\/\/www.italpassion.fr\/wp-content\/uploads\/2026\/08\/lambo-murcielago-420x280.jpg 420w, https:\/\/www.italpassion.fr\/wp-content\/uploads\/2026\/08\/lambo-murcielago-18x12.jpg 18w, https:\/\/www.italpassion.fr\/wp-content\/uploads\/2026\/08\/lambo-murcielago-768x512.jpg 768w\" sizes=\"auto, (max-width: 1200px) 100vw, 1200px\" \/><\/figure>\n\n\n\n<figure class=\"wp-block-image size-full\"><img loading=\"lazy\" decoding=\"async\" width=\"1200\" height=\"800\" src=\"https:\/\/www.italpassion.fr\/wp-content\/uploads\/2026\/08\/lambo-blanche.jpg\" alt=\"\" class=\"wp-image-53845\" srcset=\"https:\/\/www.italpassion.fr\/wp-content\/uploads\/2026\/08\/lambo-blanche.jpg 1200w, https:\/\/www.italpassion.fr\/wp-content\/uploads\/2026\/08\/lambo-blanche-768x512.jpg 768w, https:\/\/www.italpassion.fr\/wp-content\/uploads\/2026\/08\/lambo-blanche-420x280.jpg 420w, https:\/\/www.italpassion.fr\/wp-content\/uploads\/2026\/08\/lambo-blanche-18x12.jpg 18w\" sizes=\"auto, (max-width: 1200px) 100vw, 1200px\" \/><\/figure>\n\n\n\n<figure class=\"wp-block-image size-full\"><img loading=\"lazy\" decoding=\"async\" width=\"1200\" height=\"800\" src=\"https:\/\/www.italpassion.fr\/wp-content\/uploads\/2026\/08\/lambo-blanche2.jpg\" alt=\"\" class=\"wp-image-53846\" srcset=\"https:\/\/www.italpassion.fr\/wp-content\/uploads\/2026\/08\/lambo-blanche2.jpg 1200w, https:\/\/www.italpassion.fr\/wp-content\/uploads\/2026\/08\/lambo-blanche2-768x512.jpg 768w, https:\/\/www.italpassion.fr\/wp-content\/uploads\/2026\/08\/lambo-blanche2-18x12.jpg 18w, https:\/\/www.italpassion.fr\/wp-content\/uploads\/2026\/08\/lambo-blanche2-420x280.jpg 420w\" sizes=\"auto, (max-width: 1200px) 100vw, 1200px\" \/><\/figure>\n\n\n\n<p class=\"wp-block-paragraph\"><\/p>\n\n\n\n<p class=\"wp-block-paragraph\">Y esto es solo el principio. Curated tambi\u00e9n instala su Villa Curated en la famosa 17-Mile Drive y organiza un rally dedicado al Diablo. Para The Quail, la empresa re\u00fane incluso unos 18 Lamborghini Diablo, contando los coches de antiguos clientes y algunos ejemplares de su propio stock. Una imagen dif\u00edcil de imaginar cuando Temerian recuerda su primera participaci\u00f3n en el evento, en 2019: un solo coche, pocos recursos y, seg\u00fan sus propias palabras, una experiencia que acab\u00f3 siendo un \u00abdesastre\u00bb.<\/p>\n\n\n\n<figure class=\"wp-block-image size-full\"><img loading=\"lazy\" decoding=\"async\" width=\"1200\" height=\"800\" src=\"https:\/\/www.italpassion.fr\/wp-content\/uploads\/2026\/09\/lambo-0.jpg\" alt=\"\" class=\"wp-image-53858\" srcset=\"https:\/\/www.italpassion.fr\/wp-content\/uploads\/2026\/09\/lambo-0.jpg 1200w, https:\/\/www.italpassion.fr\/wp-content\/uploads\/2026\/09\/lambo-0-420x280.jpg 420w, https:\/\/www.italpassion.fr\/wp-content\/uploads\/2026\/09\/lambo-0-18x12.jpg 18w, https:\/\/www.italpassion.fr\/wp-content\/uploads\/2026\/09\/lambo-0-768x512.jpg 768w\" sizes=\"auto, (max-width: 1200px) 100vw, 1200px\" \/><\/figure>\n\n\n\n<figure class=\"wp-block-image size-full\"><img loading=\"lazy\" decoding=\"async\" width=\"1200\" height=\"800\" src=\"https:\/\/www.italpassion.fr\/wp-content\/uploads\/2026\/09\/lambo-002.jpg\" alt=\"\" class=\"wp-image-53857\" srcset=\"https:\/\/www.italpassion.fr\/wp-content\/uploads\/2026\/09\/lambo-002.jpg 1200w, https:\/\/www.italpassion.fr\/wp-content\/uploads\/2026\/09\/lambo-002-768x512.jpg 768w, https:\/\/www.italpassion.fr\/wp-content\/uploads\/2026\/09\/lambo-002-18x12.jpg 18w, https:\/\/www.italpassion.fr\/wp-content\/uploads\/2026\/09\/lambo-002-420x280.jpg 420w\" sizes=\"auto, (max-width: 1200px) 100vw, 1200px\" \/><\/figure>\n\n\n\n<figure class=\"wp-block-image size-full\"><img loading=\"lazy\" decoding=\"async\" width=\"1200\" height=\"800\" src=\"https:\/\/www.italpassion.fr\/wp-content\/uploads\/2026\/08\/lambo-collection.jpg\" alt=\"\" class=\"wp-image-53852\" srcset=\"https:\/\/www.italpassion.fr\/wp-content\/uploads\/2026\/08\/lambo-collection.jpg 1200w, https:\/\/www.italpassion.fr\/wp-content\/uploads\/2026\/08\/lambo-collection-420x280.jpg 420w, https:\/\/www.italpassion.fr\/wp-content\/uploads\/2026\/08\/lambo-collection-18x12.jpg 18w, https:\/\/www.italpassion.fr\/wp-content\/uploads\/2026\/08\/lambo-collection-768x512.jpg 768w\" sizes=\"auto, (max-width: 1200px) 100vw, 1200px\" \/><\/figure>\n\n\n\n<h2 class=\"wp-block-heading\">Los Lamborghini m\u00e1s exclusivos del mundo<\/h2>\n\n\n\n<p class=\"wp-block-paragraph\">La selecci\u00f3n reunida en Monterey es impresionante. Entre otros, se pueden ver un Diablo SE30 Jota de f\u00e1brica, un Diablo GT, varios Roadster y un modelo extremadamente raro <a href=\"https:\/\/www.italpassion.fr\/es\/coches\/lamborghini-gallardo\/\">Gallardo<\/a> con cambio manual en Verde Ithaca o tambi\u00e9n <a href=\"https:\/\/www.italpassion.fr\/es\/lamborghini\/el-desaparecido-prototipo-lamborghini-diabo-se30-encontrado-en-el-circulo-polar-artico\/\">el prototipo original del SE30<\/a>. Curated tambi\u00e9n vuelve a California <a href=\"https:\/\/www.italpassion.fr\/es\/lamborghini\/lamborghini-ha-restaurado-el-miura-del-guitarrista-eddie-van-halen-a-su-estado-original-y-le-ha-rendido-un-emotivo-homenaje-en-la-fabrica\/\">el famoso Miura que perteneci\u00f3 a Eddie Van Halen<\/a>, con motivo del 60.\u00ba aniversario del modelo.<\/p>\n\n\n\n<figure class=\"wp-block-image size-full\"><img loading=\"lazy\" decoding=\"async\" width=\"1200\" height=\"800\" src=\"https:\/\/www.italpassion.fr\/wp-content\/uploads\/2026\/08\/lambo-collection-2.jpg\" alt=\"\" class=\"wp-image-53853\" srcset=\"https:\/\/www.italpassion.fr\/wp-content\/uploads\/2026\/08\/lambo-collection-2.jpg 1200w, https:\/\/www.italpassion.fr\/wp-content\/uploads\/2026\/08\/lambo-collection-2-420x280.jpg 420w, https:\/\/www.italpassion.fr\/wp-content\/uploads\/2026\/08\/lambo-collection-2-18x12.jpg 18w, https:\/\/www.italpassion.fr\/wp-content\/uploads\/2026\/08\/lambo-collection-2-768x512.jpg 768w\" sizes=\"auto, (max-width: 1200px) 100vw, 1200px\" \/><\/figure>\n\n\n\n<figure class=\"wp-block-image size-full\"><img loading=\"lazy\" decoding=\"async\" width=\"1200\" height=\"800\" src=\"https:\/\/www.italpassion.fr\/wp-content\/uploads\/2026\/08\/lambo-violoette-1.jpg\" alt=\"\" class=\"wp-image-53848\" srcset=\"https:\/\/www.italpassion.fr\/wp-content\/uploads\/2026\/08\/lambo-violoette-1.jpg 1200w, https:\/\/www.italpassion.fr\/wp-content\/uploads\/2026\/08\/lambo-violoette-1-420x280.jpg 420w, https:\/\/www.italpassion.fr\/wp-content\/uploads\/2026\/08\/lambo-violoette-1-18x12.jpg 18w, https:\/\/www.italpassion.fr\/wp-content\/uploads\/2026\/08\/lambo-violoette-1-768x512.jpg 768w\" sizes=\"auto, (max-width: 1200px) 100vw, 1200px\" \/><\/figure>\n\n\n\n<figure class=\"wp-block-image size-full\"><img loading=\"lazy\" decoding=\"async\" width=\"1200\" height=\"800\" src=\"https:\/\/www.italpassion.fr\/wp-content\/uploads\/2026\/08\/lambo-violoette.jpg\" alt=\"\" class=\"wp-image-53847\" srcset=\"https:\/\/www.italpassion.fr\/wp-content\/uploads\/2026\/08\/lambo-violoette.jpg 1200w, https:\/\/www.italpassion.fr\/wp-content\/uploads\/2026\/08\/lambo-violoette-768x512.jpg 768w, https:\/\/www.italpassion.fr\/wp-content\/uploads\/2026\/08\/lambo-violoette-18x12.jpg 18w, https:\/\/www.italpassion.fr\/wp-content\/uploads\/2026\/08\/lambo-violoette-420x280.jpg 420w\" sizes=\"auto, (max-width: 1200px) 100vw, 1200px\" \/><\/figure>\n\n\n\n<figure class=\"wp-block-image size-full\"><img loading=\"lazy\" decoding=\"async\" width=\"1200\" height=\"800\" src=\"https:\/\/www.italpassion.fr\/wp-content\/uploads\/2026\/09\/lambo-collect.jpg\" alt=\"\" class=\"wp-image-53855\" srcset=\"https:\/\/www.italpassion.fr\/wp-content\/uploads\/2026\/09\/lambo-collect.jpg 1200w, https:\/\/www.italpassion.fr\/wp-content\/uploads\/2026\/09\/lambo-collect-18x12.jpg 18w, https:\/\/www.italpassion.fr\/wp-content\/uploads\/2026\/09\/lambo-collect-420x280.jpg 420w, https:\/\/www.italpassion.fr\/wp-content\/uploads\/2026\/09\/lambo-collect-768x512.jpg 768w\" sizes=\"auto, (max-width: 1200px) 100vw, 1200px\" \/><\/figure>\n\n\n\n<figure class=\"wp-block-image size-full\"><img loading=\"lazy\" decoding=\"async\" width=\"1200\" height=\"800\" src=\"https:\/\/www.italpassion.fr\/wp-content\/uploads\/2026\/08\/lambo-centenario.jpg\" alt=\"\" class=\"wp-image-53840\" srcset=\"https:\/\/www.italpassion.fr\/wp-content\/uploads\/2026\/08\/lambo-centenario.jpg 1200w, https:\/\/www.italpassion.fr\/wp-content\/uploads\/2026\/08\/lambo-centenario-18x12.jpg 18w, https:\/\/www.italpassion.fr\/wp-content\/uploads\/2026\/08\/lambo-centenario-768x512.jpg 768w, https:\/\/www.italpassion.fr\/wp-content\/uploads\/2026\/08\/lambo-centenario-420x280.jpg 420w\" sizes=\"auto, (max-width: 1200px) 100vw, 1200px\" \/><\/figure>\n\n\n\n<figure class=\"wp-block-image size-full\"><img loading=\"lazy\" decoding=\"async\" width=\"1200\" height=\"800\" src=\"https:\/\/www.italpassion.fr\/wp-content\/uploads\/2026\/09\/lambo-colect-4.jpg\" alt=\"\" class=\"wp-image-53856\" srcset=\"https:\/\/www.italpassion.fr\/wp-content\/uploads\/2026\/09\/lambo-colect-4.jpg 1200w, https:\/\/www.italpassion.fr\/wp-content\/uploads\/2026\/09\/lambo-colect-4-18x12.jpg 18w, https:\/\/www.italpassion.fr\/wp-content\/uploads\/2026\/09\/lambo-colect-4-420x280.jpg 420w, https:\/\/www.italpassion.fr\/wp-content\/uploads\/2026\/09\/lambo-colect-4-768x512.jpg 768w\" sizes=\"auto, (max-width: 1200px) 100vw, 1200px\" \/><\/figure>\n\n\n\n<p class=\"wp-block-paragraph\">La semana tambi\u00e9n adquiere una dimensi\u00f3n econ\u00f3mica. Durante la subasta de RM Sotheby\u2019s, <a href=\"https:\/\/www.italpassion.fr\/es\/lamborghini\/estos-cuatro-lamborghini-han-reportado-74-millones-de-dolares-al-mismo-propietario-en-subasta-y-cada-uno-de-ellos-ha-batido-un-record\/\">Cuatro Lamborghini presentados por Curated<\/a> baten r\u00e9cords, entre los que destacan un Countach LP400 S Series 1 subastado por unos 2,34 millones de d\u00f3lares y un Murci\u00e9lago SV por unos 3,14 millones. Sin embargo, para \u00e9l, este auge no se reduce \u00fanicamente a la especulaci\u00f3n: el aumento de valor tambi\u00e9n permite justificar econ\u00f3micamente el mantenimiento y la restauraci\u00f3n de coches que antes se descuidaban.<\/p>\n\n\n\n<h2 class=\"wp-block-heading\">\u00abEl sue\u00f1o es, sencillamente, estar aqu\u00ed\u00bb<\/h2>\n\n\n\n<p class=\"wp-block-paragraph\">Sin embargo, Pebble Beach sigue siendo el verdadero hilo conductor de esta historia. Curated presenta all\u00ed un Miura SV en un estado de conservaci\u00f3n extraordinario, que conserva, entre otras cosas, la mayor parte de su pintura, su interior original y una documentaci\u00f3n que narra su historia con una precisi\u00f3n excepcional.<\/p>\n\n\n\n<figure class=\"wp-block-image size-full\"><img loading=\"lazy\" decoding=\"async\" width=\"1200\" height=\"800\" src=\"https:\/\/www.italpassion.fr\/wp-content\/uploads\/2026\/08\/lambo-miura.jpg\" alt=\"\" class=\"wp-image-53841\" srcset=\"https:\/\/www.italpassion.fr\/wp-content\/uploads\/2026\/08\/lambo-miura.jpg 1200w, https:\/\/www.italpassion.fr\/wp-content\/uploads\/2026\/08\/lambo-miura-768x512.jpg 768w, https:\/\/www.italpassion.fr\/wp-content\/uploads\/2026\/08\/lambo-miura-420x280.jpg 420w, https:\/\/www.italpassion.fr\/wp-content\/uploads\/2026\/08\/lambo-miura-18x12.jpg 18w\" sizes=\"auto, (max-width: 1200px) 100vw, 1200px\" \/><\/figure>\n\n\n\n<p class=\"wp-block-paragraph\">Al final, no ganar\u00e1 en su categor\u00eda. Pero lo importante es otra cosa. Para Temerian, haber conseguido que el coche participara en el Concurso de Elegancia ya es una victoria en s\u00ed misma. \u00c9l, que ve\u00eda Pebble Beach como un sue\u00f1o inalcanzable cuando de ni\u00f1o trabajaba en el taller familiar, se encuentra, treinta a\u00f1os despu\u00e9s, en el mism\u00edsimo coraz\u00f3n del evento. Si te gustan los Lamborghini, \u00a1no te puedes perder el v\u00eddeo que aparece a continuaci\u00f3n!<\/p>\n\n\n\n<figure class=\"wp-block-embed is-type-video is-provider-youtube wp-block-embed-youtube wp-embed-aspect-16-9 wp-has-aspect-ratio\"><div class=\"wp-block-embed__wrapper\">\n<iframe loading=\"lazy\" title=\"\u00a1Nuestra SEMANA DEL COCHE m\u00e1s GRANDE de la historia! Villa Curated, r\u00e9cords en subastas, el Rally Diablo y mucho m\u00e1s.\" width=\"1200\" height=\"675\" src=\"https:\/\/www.youtube-nocookie.com\/embed\/hna8rPD7K4w?feature=oembed\" frameborder=\"0\" allow=\"accelerometer; autoplay; clipboard-write; encrypted-media; gyroscope; picture-in-picture; web-share\" referrerpolicy=\"strict-origin-when-cross-origin\" allowfullscreen><\/iframe>\n<\/div><\/figure>","protected":false},"excerpt":{"rendered":"","protected":false},"author":1,"featured_media":53859,"comment_status":"open","ping_status":"open","sticky":false,"template":"","format":"standard","meta":{"_acf_changed":false,"_sitemap_exclude":false,"_sitemap_priority":"","_sitemap_frequency":"","footnotes":""},"categories":[25],"tags":[],"class_list":["post-53774","post","type-post","status-publish","format-standard","has-post-thumbnail","hentry","category-lamborghini","generate-columns","tablet-grid-50","mobile-grid-100","grid-parent","grid-33"],"acf":[],"yoast_head":"<!-- This site is optimized with the Yoast SEO plugin v25.8 - https:\/\/yoast.com\/wordpress\/plugins\/seo\/ -->\n<title>Enfant, il n&#039;avait pas les moyens d&#039;aller au plus grand concours automobile du monde : 30 ans plus tard, il y va avec 14 Lamborghini - ItalPassion<\/title>\n<meta name=\"description\" content=\"Il y a trente ans, Pebble Beach n\u2019\u00e9tait pour John Temerian qu\u2019un nom lointain, presque inaccessible. \u00c0 l\u2019\u00e9poque, celui qui allait devenir le cofondateur\" \/>\n<meta name=\"robots\" content=\"index, follow, max-snippet:-1, max-image-preview:large, max-video-preview:-1\" \/>\n<link rel=\"canonical\" href=\"https:\/\/www.italpassion.fr\/es\/lamborghini\/de-nino-no-tenia-dinero-para-ir-al-mayor-concurso-de-coches-del-mundo-30-anos-despues-va-alli-con-14-lamborghini\/\" \/>\n<meta property=\"og:locale\" content=\"es_ES\" \/>\n<meta property=\"og:type\" content=\"article\" \/>\n<meta property=\"og:title\" content=\"Enfant, il n&#039;avait pas les moyens d&#039;aller au plus grand concours automobile du monde : 30 ans plus tard, il y va avec 14 Lamborghini - ItalPassion\" \/>\n<meta property=\"og:description\" content=\"Il y a trente ans, Pebble Beach n\u2019\u00e9tait pour John Temerian qu\u2019un nom lointain, presque inaccessible. \u00c0 l\u2019\u00e9poque, celui qui allait devenir le cofondateur\" \/>\n<meta property=\"og:url\" content=\"https:\/\/www.italpassion.fr\/es\/lamborghini\/de-nino-no-tenia-dinero-para-ir-al-mayor-concurso-de-coches-del-mundo-30-anos-despues-va-alli-con-14-lamborghini\/\" \/>\n<meta property=\"og:site_name\" content=\"ItalPassion\" \/>\n<meta property=\"article:publisher\" content=\"https:\/\/www.facebook.com\/italpassion\" \/>\n<meta property=\"article:published_time\" content=\"2026-09-03T15:55:06+00:00\" \/>\n<meta property=\"og:image\" content=\"https:\/\/www.italpassion.fr\/wp-content\/uploads\/2026\/09\/lambo-002-1.jpg\" \/>\n\t<meta property=\"og:image:width\" content=\"1200\" \/>\n\t<meta property=\"og:image:height\" content=\"800\" \/>\n\t<meta property=\"og:image:type\" content=\"image\/jpeg\" \/>\n<meta name=\"author\" content=\"Alexandre Filluzeau\" \/>\n<meta name=\"twitter:card\" content=\"summary_large_image\" \/>\n<meta name=\"twitter:creator\" content=\"@italpassion\" \/>\n<meta name=\"twitter:site\" content=\"@italpassion\" \/>\n<script type=\"application\/ld+json\" class=\"yoast-schema-graph\">{\"@context\":\"https:\/\/schema.org\",\"@graph\":[{\"@type\":\"NewsArticle\",\"@id\":\"https:\/\/www.italpassion.fr\/es\/lamborghini\/enfant-il-navait-pas-les-moyens-daller-au-plus-grand-concours-automobile-du-monde-30-ans-plus-tard-il-y-va-avec-14-lamborghini\/#article\",\"isPartOf\":{\"@id\":\"https:\/\/www.italpassion.fr\/es\/lamborghini\/enfant-il-navait-pas-les-moyens-daller-au-plus-grand-concours-automobile-du-monde-30-ans-plus-tard-il-y-va-avec-14-lamborghini\/\"},\"author\":{\"name\":\"Alexandre Filluzeau\",\"@id\":\"https:\/\/www.italpassion.fr\/es\/#\/schema\/person\/36f747b2a759ca202d847e85a9434ca0\"},\"headline\":\"Enfant, il n&rsquo;avait pas les moyens d&rsquo;aller au plus grand concours automobile du monde : 30 ans plus tard, il y va avec 14 Lamborghini\",\"datePublished\":\"2026-09-03T15:55:06+00:00\",\"mainEntityOfPage\":{\"@id\":\"https:\/\/www.italpassion.fr\/es\/lamborghini\/enfant-il-navait-pas-les-moyens-daller-au-plus-grand-concours-automobile-du-monde-30-ans-plus-tard-il-y-va-avec-14-lamborghini\/\"},\"wordCount\":601,\"commentCount\":0,\"publisher\":{\"@id\":\"https:\/\/www.italpassion.fr\/es\/#organization\"},\"image\":{\"@id\":\"https:\/\/www.italpassion.fr\/es\/lamborghini\/enfant-il-navait-pas-les-moyens-daller-au-plus-grand-concours-automobile-du-monde-30-ans-plus-tard-il-y-va-avec-14-lamborghini\/#primaryimage\"},\"thumbnailUrl\":\"https:\/\/www.italpassion.fr\/wp-content\/uploads\/2026\/09\/lambo-002-1.jpg\",\"articleSection\":[\"Lamborghini\"],\"inLanguage\":\"es\",\"potentialAction\":[{\"@type\":\"CommentAction\",\"name\":\"Comment\",\"target\":[\"https:\/\/www.italpassion.fr\/es\/lamborghini\/enfant-il-navait-pas-les-moyens-daller-au-plus-grand-concours-automobile-du-monde-30-ans-plus-tard-il-y-va-avec-14-lamborghini\/#respond\"]}]},{\"@type\":\"WebPage\",\"@id\":\"https:\/\/www.italpassion.fr\/es\/lamborghini\/enfant-il-navait-pas-les-moyens-daller-au-plus-grand-concours-automobile-du-monde-30-ans-plus-tard-il-y-va-avec-14-lamborghini\/\",\"url\":\"https:\/\/www.italpassion.fr\/es\/lamborghini\/enfant-il-navait-pas-les-moyens-daller-au-plus-grand-concours-automobile-du-monde-30-ans-plus-tard-il-y-va-avec-14-lamborghini\/\",\"name\":\"Enfant, il n'avait pas les moyens d'aller au plus grand concours automobile du monde : 30 ans plus tard, il y va avec 14 Lamborghini - ItalPassion\",\"isPartOf\":{\"@id\":\"https:\/\/www.italpassion.fr\/es\/#website\"},\"primaryImageOfPage\":{\"@id\":\"https:\/\/www.italpassion.fr\/es\/lamborghini\/enfant-il-navait-pas-les-moyens-daller-au-plus-grand-concours-automobile-du-monde-30-ans-plus-tard-il-y-va-avec-14-lamborghini\/#primaryimage\"},\"image\":{\"@id\":\"https:\/\/www.italpassion.fr\/es\/lamborghini\/enfant-il-navait-pas-les-moyens-daller-au-plus-grand-concours-automobile-du-monde-30-ans-plus-tard-il-y-va-avec-14-lamborghini\/#primaryimage\"},\"thumbnailUrl\":\"https:\/\/www.italpassion.fr\/wp-content\/uploads\/2026\/09\/lambo-002-1.jpg\",\"datePublished\":\"2026-09-03T15:55:06+00:00\",\"description\":\"Il y a trente ans, Pebble Beach n\u2019\u00e9tait pour John Temerian qu\u2019un nom lointain, presque inaccessible. \u00c0 l\u2019\u00e9poque, celui qui allait devenir le cofondateur\",\"breadcrumb\":{\"@id\":\"https:\/\/www.italpassion.fr\/es\/lamborghini\/enfant-il-navait-pas-les-moyens-daller-au-plus-grand-concours-automobile-du-monde-30-ans-plus-tard-il-y-va-avec-14-lamborghini\/#breadcrumb\"},\"inLanguage\":\"es\",\"potentialAction\":[{\"@type\":\"ReadAction\",\"target\":[\"https:\/\/www.italpassion.fr\/es\/lamborghini\/enfant-il-navait-pas-les-moyens-daller-au-plus-grand-concours-automobile-du-monde-30-ans-plus-tard-il-y-va-avec-14-lamborghini\/\"]}]},{\"@type\":\"ImageObject\",\"inLanguage\":\"es\",\"@id\":\"https:\/\/www.italpassion.fr\/es\/lamborghini\/enfant-il-navait-pas-les-moyens-daller-au-plus-grand-concours-automobile-du-monde-30-ans-plus-tard-il-y-va-avec-14-lamborghini\/#primaryimage\",\"url\":\"https:\/\/www.italpassion.fr\/wp-content\/uploads\/2026\/09\/lambo-002-1.jpg\",\"contentUrl\":\"https:\/\/www.italpassion.fr\/wp-content\/uploads\/2026\/09\/lambo-002-1.jpg\",\"width\":1200,\"height\":800},{\"@type\":\"BreadcrumbList\",\"@id\":\"https:\/\/www.italpassion.fr\/es\/lamborghini\/enfant-il-navait-pas-les-moyens-daller-au-plus-grand-concours-automobile-du-monde-30-ans-plus-tard-il-y-va-avec-14-lamborghini\/#breadcrumb\",\"itemListElement\":[{\"@type\":\"ListItem\",\"position\":1,\"name\":\"Accueil\",\"item\":\"https:\/\/www.italpassion.fr\/es\/\"},{\"@type\":\"ListItem\",\"position\":2,\"name\":\"Enfant, il n&rsquo;avait pas les moyens d&rsquo;aller au plus grand concours automobile du monde : 30 ans plus tard, il y va avec 14 Lamborghini\"}]},{\"@type\":\"WebSite\",\"@id\":\"https:\/\/www.italpassion.fr\/es\/#website\",\"url\":\"https:\/\/www.italpassion.fr\/es\/\",\"name\":\"ItalPassion\",\"description\":\"Les Passionn\u00e9s d&#039;Automobiles Italiennes\",\"publisher\":{\"@id\":\"https:\/\/www.italpassion.fr\/es\/#organization\"},\"potentialAction\":[{\"@type\":\"SearchAction\",\"target\":{\"@type\":\"EntryPoint\",\"urlTemplate\":\"https:\/\/www.italpassion.fr\/es\/?s={search_term_string}\"},\"query-input\":{\"@type\":\"PropertyValueSpecification\",\"valueRequired\":true,\"valueName\":\"search_term_string\"}}],\"inLanguage\":\"es\"},{\"@type\":\"Organization\",\"@id\":\"https:\/\/www.italpassion.fr\/es\/#organization\",\"name\":\"Italpassion\",\"url\":\"https:\/\/www.italpassion.fr\/es\/\",\"logo\":{\"@type\":\"ImageObject\",\"inLanguage\":\"es\",\"@id\":\"https:\/\/www.italpassion.fr\/es\/#\/schema\/logo\/image\/\",\"url\":\"https:\/\/www.italpassion.fr\/wp-content\/uploads\/2023\/07\/italpassion-yoast.jpg\",\"contentUrl\":\"https:\/\/www.italpassion.fr\/wp-content\/uploads\/2023\/07\/italpassion-yoast.jpg\",\"width\":696,\"height\":696,\"caption\":\"Italpassion\"},\"image\":{\"@id\":\"https:\/\/www.italpassion.fr\/es\/#\/schema\/logo\/image\/\"},\"sameAs\":[\"https:\/\/www.facebook.com\/italpassion\",\"https:\/\/x.com\/italpassion\",\"https:\/\/www.instagram.com\/italpassionfr\/\",\"https:\/\/www.youtube.com\/channel\/UCleq-ByQaA42OjhopwevRjQ\",\"https:\/\/www.facebook.com\/italpassion.en\/\",\"https:\/\/www.facebook.com\/italpassion.it\/\",\"https:\/\/www.facebook.com\/italpassion.de\/\",\"https:\/\/www.facebook.com\/italpassion.ja\/\"]},{\"@type\":\"Person\",\"@id\":\"https:\/\/www.italpassion.fr\/es\/#\/schema\/person\/36f747b2a759ca202d847e85a9434ca0\",\"name\":\"Alexandre Filluzeau\",\"image\":{\"@type\":\"ImageObject\",\"inLanguage\":\"es\",\"@id\":\"https:\/\/www.italpassion.fr\/es\/#\/schema\/person\/image\/\",\"url\":\"https:\/\/www.italpassion.fr\/wp-content\/uploads\/2025\/04\/avatar-alexandre-160x160.jpg\",\"contentUrl\":\"https:\/\/www.italpassion.fr\/wp-content\/uploads\/2025\/04\/avatar-alexandre-160x160.jpg\",\"caption\":\"Alexandre Filluzeau\"},\"description\":\"Fondateur du site ItalPassion, passionn\u00e9 de voitures italiennes et de l'Italie en g\u00e9n\u00e9ral. J'apporte un regard critique et technique aux actualit\u00e9s des marques italiennes quand cela est possible. Propri\u00e9taire d'une Maserati GranTurismo, Alfa Romeo MiTo, Lancia Fulvia et Ducati 695. Ex-propri\u00e9taire d'une Alfa Romeo Giulia.\",\"sameAs\":[\"https:\/\/www.italpassion.fr\/\"],\"url\":\"https:\/\/www.italpassion.fr\/es\/author\/alexandre\/\"}]}<\/script>\n<!-- \/ Yoast SEO plugin. -->","yoast_head_json":{"title":"De ni\u00f1o, no ten\u00eda medios para asistir al mayor concurso de coches del mundo: 30 a\u00f1os despu\u00e9s, acude con 14 Lamborghini - ItalPassion","description":"Hace treinta a\u00f1os, Pebble Beach no era para John Temerian m\u00e1s que un nombre lejano, casi inalcanzable. Por aquel entonces, el que m\u00e1s tarde se convertir\u00eda en cofundador","robots":{"index":"index","follow":"follow","max-snippet":"max-snippet:-1","max-image-preview":"max-image-preview:large","max-video-preview":"max-video-preview:-1"},"canonical":"https:\/\/www.italpassion.fr\/es\/lamborghini\/de-nino-no-tenia-dinero-para-ir-al-mayor-concurso-de-coches-del-mundo-30-anos-despues-va-alli-con-14-lamborghini\/","og_locale":"es_ES","og_type":"article","og_title":"Enfant, il n'avait pas les moyens d'aller au plus grand concours automobile du monde : 30 ans plus tard, il y va avec 14 Lamborghini - ItalPassion","og_description":"Il y a trente ans, Pebble Beach n\u2019\u00e9tait pour John Temerian qu\u2019un nom lointain, presque inaccessible. \u00c0 l\u2019\u00e9poque, celui qui allait devenir le cofondateur","og_url":"https:\/\/www.italpassion.fr\/es\/lamborghini\/de-nino-no-tenia-dinero-para-ir-al-mayor-concurso-de-coches-del-mundo-30-anos-despues-va-alli-con-14-lamborghini\/","og_site_name":"ItalPassion","article_publisher":"https:\/\/www.facebook.com\/italpassion","article_published_time":"2026-09-03T15:55:06+00:00","og_image":[{"width":1200,"height":800,"url":"https:\/\/www.italpassion.fr\/wp-content\/uploads\/2026\/09\/lambo-002-1.jpg","type":"image\/jpeg"}],"author":"Alexandre Filluzeau","twitter_card":"summary_large_image","twitter_creator":"@italpassion","twitter_site":"@italpassion","schema":{"@context":"https:\/\/schema.org","@graph":[{"@type":"NewsArticle","@id":"https:\/\/www.italpassion.fr\/es\/lamborghini\/enfant-il-navait-pas-les-moyens-daller-au-plus-grand-concours-automobile-du-monde-30-ans-plus-tard-il-y-va-avec-14-lamborghini\/#article","isPartOf":{"@id":"https:\/\/www.italpassion.fr\/es\/lamborghini\/enfant-il-navait-pas-les-moyens-daller-au-plus-grand-concours-automobile-du-monde-30-ans-plus-tard-il-y-va-avec-14-lamborghini\/"},"author":{"name":"Alexandre Filluzeau","@id":"https:\/\/www.italpassion.fr\/es\/#\/schema\/person\/36f747b2a759ca202d847e85a9434ca0"},"headline":"Enfant, il n&rsquo;avait pas les moyens d&rsquo;aller au plus grand concours automobile du monde : 30 ans plus tard, il y va avec 14 Lamborghini","datePublished":"2026-09-03T15:55:06+00:00","mainEntityOfPage":{"@id":"https:\/\/www.italpassion.fr\/es\/lamborghini\/enfant-il-navait-pas-les-moyens-daller-au-plus-grand-concours-automobile-du-monde-30-ans-plus-tard-il-y-va-avec-14-lamborghini\/"},"wordCount":601,"commentCount":0,"publisher":{"@id":"https:\/\/www.italpassion.fr\/es\/#organization"},"image":{"@id":"https:\/\/www.italpassion.fr\/es\/lamborghini\/enfant-il-navait-pas-les-moyens-daller-au-plus-grand-concours-automobile-du-monde-30-ans-plus-tard-il-y-va-avec-14-lamborghini\/#primaryimage"},"thumbnailUrl":"https:\/\/www.italpassion.fr\/wp-content\/uploads\/2026\/09\/lambo-002-1.jpg","articleSection":["Lamborghini"],"inLanguage":"es","potentialAction":[{"@type":"CommentAction","name":"Comment","target":["https:\/\/www.italpassion.fr\/es\/lamborghini\/enfant-il-navait-pas-les-moyens-daller-au-plus-grand-concours-automobile-du-monde-30-ans-plus-tard-il-y-va-avec-14-lamborghini\/#respond"]}]},{"@type":"WebPage","@id":"https:\/\/www.italpassion.fr\/es\/lamborghini\/enfant-il-navait-pas-les-moyens-daller-au-plus-grand-concours-automobile-du-monde-30-ans-plus-tard-il-y-va-avec-14-lamborghini\/","url":"https:\/\/www.italpassion.fr\/es\/lamborghini\/enfant-il-navait-pas-les-moyens-daller-au-plus-grand-concours-automobile-du-monde-30-ans-plus-tard-il-y-va-avec-14-lamborghini\/","name":"De ni\u00f1o, no ten\u00eda medios para asistir al mayor concurso de coches del mundo: 30 a\u00f1os despu\u00e9s, acude con 14 Lamborghini - ItalPassion","isPartOf":{"@id":"https:\/\/www.italpassion.fr\/es\/#website"},"primaryImageOfPage":{"@id":"https:\/\/www.italpassion.fr\/es\/lamborghini\/enfant-il-navait-pas-les-moyens-daller-au-plus-grand-concours-automobile-du-monde-30-ans-plus-tard-il-y-va-avec-14-lamborghini\/#primaryimage"},"image":{"@id":"https:\/\/www.italpassion.fr\/es\/lamborghini\/enfant-il-navait-pas-les-moyens-daller-au-plus-grand-concours-automobile-du-monde-30-ans-plus-tard-il-y-va-avec-14-lamborghini\/#primaryimage"},"thumbnailUrl":"https:\/\/www.italpassion.fr\/wp-content\/uploads\/2026\/09\/lambo-002-1.jpg","datePublished":"2026-09-03T15:55:06+00:00","description":"Hace treinta a\u00f1os, Pebble Beach no era para John Temerian m\u00e1s que un nombre lejano, casi inalcanzable. Por aquel entonces, el que m\u00e1s tarde se convertir\u00eda en cofundador","breadcrumb":{"@id":"https:\/\/www.italpassion.fr\/es\/lamborghini\/enfant-il-navait-pas-les-moyens-daller-au-plus-grand-concours-automobile-du-monde-30-ans-plus-tard-il-y-va-avec-14-lamborghini\/#breadcrumb"},"inLanguage":"es","potentialAction":[{"@type":"ReadAction","target":["https:\/\/www.italpassion.fr\/es\/lamborghini\/enfant-il-navait-pas-les-moyens-daller-au-plus-grand-concours-automobile-du-monde-30-ans-plus-tard-il-y-va-avec-14-lamborghini\/"]}]},{"@type":"ImageObject","inLanguage":"es","@id":"https:\/\/www.italpassion.fr\/es\/lamborghini\/enfant-il-navait-pas-les-moyens-daller-au-plus-grand-concours-automobile-du-monde-30-ans-plus-tard-il-y-va-avec-14-lamborghini\/#primaryimage","url":"https:\/\/www.italpassion.fr\/wp-content\/uploads\/2026\/09\/lambo-002-1.jpg","contentUrl":"https:\/\/www.italpassion.fr\/wp-content\/uploads\/2026\/09\/lambo-002-1.jpg","width":1200,"height":800},{"@type":"BreadcrumbList","@id":"https:\/\/www.italpassion.fr\/es\/lamborghini\/enfant-il-navait-pas-les-moyens-daller-au-plus-grand-concours-automobile-du-monde-30-ans-plus-tard-il-y-va-avec-14-lamborghini\/#breadcrumb","itemListElement":[{"@type":"ListItem","position":1,"name":"Accueil","item":"https:\/\/www.italpassion.fr\/es\/"},{"@type":"ListItem","position":2,"name":"Enfant, il n&rsquo;avait pas les moyens d&rsquo;aller au plus grand concours automobile du monde : 30 ans plus tard, il y va avec 14 Lamborghini"}]},{"@type":"WebSite","@id":"https:\/\/www.italpassion.fr\/es\/#website","url":"https:\/\/www.italpassion.fr\/es\/","name":"ItalPassion","description":"Entusiastas de los coches italianos","publisher":{"@id":"https:\/\/www.italpassion.fr\/es\/#organization"},"potentialAction":[{"@type":"SearchAction","target":{"@type":"EntryPoint","urlTemplate":"https:\/\/www.italpassion.fr\/es\/?s={search_term_string}"},"query-input":{"@type":"PropertyValueSpecification","valueRequired":true,"valueName":"search_term_string"}}],"inLanguage":"es"},{"@type":"Organization","@id":"https:\/\/www.italpassion.fr\/es\/#organization","name":"Italpassion","url":"https:\/\/www.italpassion.fr\/es\/","logo":{"@type":"ImageObject","inLanguage":"es","@id":"https:\/\/www.italpassion.fr\/es\/#\/schema\/logo\/image\/","url":"https:\/\/www.italpassion.fr\/wp-content\/uploads\/2023\/07\/italpassion-yoast.jpg","contentUrl":"https:\/\/www.italpassion.fr\/wp-content\/uploads\/2023\/07\/italpassion-yoast.jpg","width":696,"height":696,"caption":"Italpassion"},"image":{"@id":"https:\/\/www.italpassion.fr\/es\/#\/schema\/logo\/image\/"},"sameAs":["https:\/\/www.facebook.com\/italpassion","https:\/\/x.com\/italpassion","https:\/\/www.instagram.com\/italpassionfr\/","https:\/\/www.youtube.com\/channel\/UCleq-ByQaA42OjhopwevRjQ","https:\/\/www.facebook.com\/italpassion.en\/","https:\/\/www.facebook.com\/italpassion.it\/","https:\/\/www.facebook.com\/italpassion.de\/","https:\/\/www.facebook.com\/italpassion.ja\/"]},{"@type":"Person","@id":"https:\/\/www.italpassion.fr\/es\/#\/schema\/person\/36f747b2a759ca202d847e85a9434ca0","name":"Alexandre Filluzeau","image":{"@type":"ImageObject","inLanguage":"es","@id":"https:\/\/www.italpassion.fr\/es\/#\/schema\/person\/image\/","url":"https:\/\/www.italpassion.fr\/wp-content\/uploads\/2025\/04\/avatar-alexandre-160x160.jpg","contentUrl":"https:\/\/www.italpassion.fr\/wp-content\/uploads\/2025\/04\/avatar-alexandre-160x160.jpg","caption":"Alexandre Filluzeau"},"description":"Fundador del sitio web ItalPassion, apasionado de los coches italianos y de Italia en general. Aporto una mirada cr\u00edtica y t\u00e9cnica a las noticias de las marcas italianas cuando es posible. Propietario de un Maserati GranTurismo, Alfa Romeo MiTo, Lancia Fulvia y Ducati 695. Ex-propietario de un Alfa Romeo Giulia.","sameAs":["https:\/\/www.italpassion.fr\/"],"url":"https:\/\/www.italpassion.fr\/es\/author\/alexandre\/"}]}},"_links":{"self":[{"href":"https:\/\/www.italpassion.fr\/es\/wp-json\/wp\/v2\/posts\/53774","targetHints":{"allow":["GET"]}}],"collection":[{"href":"https:\/\/www.italpassion.fr\/es\/wp-json\/wp\/v2\/posts"}],"about":[{"href":"https:\/\/www.italpassion.fr\/es\/wp-json\/wp\/v2\/types\/post"}],"author":[{"embeddable":true,"href":"https:\/\/www.italpassion.fr\/es\/wp-json\/wp\/v2\/users\/1"}],"replies":[{"embeddable":true,"href":"https:\/\/www.italpassion.fr\/es\/wp-json\/wp\/v2\/comments?post=53774"}],"version-history":[{"count":3,"href":"https:\/\/www.italpassion.fr\/es\/wp-json\/wp\/v2\/posts\/53774\/revisions"}],"predecessor-version":[{"id":53936,"href":"https:\/\/www.italpassion.fr\/es\/wp-json\/wp\/v2\/posts\/53774\/revisions\/53936"}],"wp:featuredmedia":[{"embeddable":true,"href":"https:\/\/www.italpassion.fr\/es\/wp-json\/wp\/v2\/media\/53859"}],"wp:attachment":[{"href":"https:\/\/www.italpassion.fr\/es\/wp-json\/wp\/v2\/media?parent=53774"}],"wp:term":[{"taxonomy":"category","embeddable":true,"href":"https:\/\/www.italpassion.fr\/es\/wp-json\/wp\/v2\/categories?post=53774"},{"taxonomy":"post_tag","embeddable":true,"href":"https:\/\/www.italpassion.fr\/es\/wp-json\/wp\/v2\/tags?post=53774"}],"curies":[{"name":"wp","href":"https:\/\/api.w.org\/{rel}","templated":true}]}}