{"id":53601,"date":"2026-08-31T08:53:24","date_gmt":"2026-08-31T06:53:24","guid":{"rendered":"https:\/\/www.italpassion.fr\/?p=53601"},"modified":"2026-08-26T10:43:46","modified_gmt":"2026-08-26T08:43:46","slug":"1-721-trabajadores-de-la-fabrica-de-stellantis-que-fabrica-motores-v6-estaran-en-situacion-de-desempleo-parcial-un-ano-mas","status":"publish","type":"post","link":"https:\/\/www.italpassion.fr\/es\/stellantis\/1-721-ouvriers-de-lusine-stellantis-qui-fabrique-les-moteurs-v6-vont-etre-au-chomage-partiel-une-annee-de-plus\/","title":{"rendered":"1.721 trabajadores de la f\u00e1brica de Stellantis, donde se fabrican los motores V6, estar\u00e1n en situaci\u00f3n de desempleo parcial un a\u00f1o m\u00e1s"},"content":{"rendered":"<figure class=\"wp-block-image size-full\"><img loading=\"lazy\" decoding=\"async\" width=\"1200\" height=\"800\" src=\"https:\/\/www.italpassion.fr\/wp-content\/uploads\/2026\/08\/v6-alfa.jpg\" alt=\"\" class=\"wp-image-53765\" srcset=\"https:\/\/www.italpassion.fr\/wp-content\/uploads\/2026\/08\/v6-alfa.jpg 1200w, https:\/\/www.italpassion.fr\/wp-content\/uploads\/2026\/08\/v6-alfa-768x512.jpg 768w, https:\/\/www.italpassion.fr\/wp-content\/uploads\/2026\/08\/v6-alfa-18x12.jpg 18w, https:\/\/www.italpassion.fr\/wp-content\/uploads\/2026\/08\/v6-alfa-420x280.jpg 420w\" sizes=\"auto, (max-width: 1200px) 100vw, 1200px\" \/><figcaption class=\"wp-element-caption\">El motor V6 de Alfa Romeo se ensambla en la f\u00e1brica de Termoli<\/figcaption><\/figure>\n\n\n\n<p class=\"wp-block-paragraph\">La f\u00e1brica <a href=\"https:\/\/www.italpassion.fr\/es\/stellantis\/\">Stellantis<\/a> La planta de Termoli tendr\u00e1 que esperar un poco m\u00e1s antes de recuperar un nivel normal de actividad. Mientras la planta italiana se prepara para acoger la producci\u00f3n de nuevas transmisiones para veh\u00edculos h\u00edbridos (eDCT), la direcci\u00f3n y los sindicatos acaban de firmar un nuevo convenio de solidaridad que amparar\u00e1 a 1 721 trabajadores durante pr\u00e1cticamente un a\u00f1o m\u00e1s.<\/p>\n\n\n\n<p class=\"wp-block-paragraph\">La medida entrar\u00e1 en vigor el 31 de agosto de 2026 y se mantendr\u00e1 hasta el 29 de agosto de 2027. Afectar\u00e1 a los trabajadores que se dedican a las diferentes familias de motores que se fabrican en Termoli, en particular los V6 (Alfa Romeo y Maserati), GSE y GME 2.0 T4.<\/p>\n\n\n\n<p class=\"wp-block-paragraph\">En Italia, el contrato de solidaridad permite reducir temporalmente la jornada laboral con el fin de repartir la disminuci\u00f3n de la actividad entre los trabajadores y evitar la supresi\u00f3n de puestos de trabajo. Una forma de desempleo parcial que, lamentablemente, se est\u00e1 convirtiendo en algo habitual para la f\u00e1brica de Termoli.<\/p>\n\n\n\n<h2 class=\"wp-block-heading\">Una situaci\u00f3n que se supon\u00eda que iba a ser temporal<\/h2>\n\n\n\n<p class=\"wp-block-paragraph\">Este nuevo acuerdo da continuidad al dispositivo establecido en 2025. En aquel momento, afectaba a 1 823 trabajadores. Un a\u00f1o despu\u00e9s, el n\u00famero de afectados se ha reducido a 1 721, es decir, 102 personas menos. Para los sindicatos, prorrogar el contrato de solidaridad sigue siendo preferible a una reducci\u00f3n de plantilla m\u00e1s importante. El acuerdo prev\u00e9 asimismo que los empleados sigan acumulando sus derechos, en particular en materia de vacaciones y de la paga extra, independientemente del n\u00famero de d\u00edas realmente trabajados.<\/p>\n\n\n\n<p class=\"wp-block-paragraph\">Pero detr\u00e1s de esta protecci\u00f3n social se esconde una realidad industrial mucho menos tranquilizadora: Termoli sigue sin disponer de un volumen de producci\u00f3n suficiente para dar trabajo a tiempo completo a todos sus empleados. Francesco Guida, secretario de la Uilm Campobasso-Termoli, considera que la f\u00e1brica no puede seguir funcionando indefinidamente gracias a las medidas de protecci\u00f3n social y reclama nuevas l\u00edneas de producci\u00f3n que permitan a la planta recuperar su ritmo de funcionamiento.<\/p>\n\n\n\n<h2 class=\"wp-block-heading\">Las nuevas producciones a\u00fan no son suficientes<\/h2>\n\n\n\n<p class=\"wp-block-paragraph\">La situaci\u00f3n resulta a\u00fan m\u00e1s parad\u00f3jica si se tiene en cuenta que Stellantis est\u00e1 preparando precisamente una nueva actividad en Termoli. La producci\u00f3n de la transmisi\u00f3n eDCT destinada a los coches h\u00edbridos debe comenzar el 15 de septiembre de 2026. El grupo automovil\u00edstico anuncia una inversi\u00f3n de 41 millones de euros, con una capacidad que podr\u00eda alcanzar unas 300 000 transmisiones al a\u00f1o una vez que la producci\u00f3n alcance su pleno rendimiento. Se prev\u00e9 que esta nueva actividad d\u00e9 empleo a unos 288 trabajadores.<\/p>\n\n\n\n<p class=\"wp-block-paragraph\">A esto hay que a\u00f1adir el futuro del motor GSE, que, entre otras cosas, deber\u00e1 adaptarse a la norma Euro 7 y seguir equipando varios modelos importantes del grupo, entre ellos el Fiat Pandina y <a href=\"https:\/\/www.italpassion.fr\/es\/coches\/fiat-500\/\">Fiat 500<\/a>. Estos proyectos se hab\u00edan presentado como los dos pilares del futuro industrial de Termoli tras el abandono del proyecto de gigaf\u00e1brica de bater\u00edas que inicialmente se hab\u00eda previsto en el emplazamiento. Pero es evidente que su crecimiento a\u00fan no permite compensar el descenso de las actividades tradicionales. El V6 se ve afectado, en particular, por los bajos vol\u00famenes de Maserati, mientras que el GME 2.0 T4 depende en gran medida de las ventas de Alfa Romeo en el mercado estadounidense y sigue expuesto a las incertidumbres relativas a la demanda y los aranceles.<\/p>\n\n\n\n<h2 class=\"wp-block-heading\">Termoli, entre dos \u00e9pocas<\/h2>\n\n\n\n<p class=\"wp-block-paragraph\">La f\u00e1brica se encuentra as\u00ed en medio de la transformaci\u00f3n industrial de Stellantis: los antiguos motores van perdiendo terreno progresivamente, mientras que las nuevas l\u00edneas de producci\u00f3n relacionadas con la hibridaci\u00f3n a\u00fan no generan vol\u00famenes suficientes. El contrato de solidaridad permite, por el momento, mantener los puestos de trabajo y evitar una reestructuraci\u00f3n m\u00e1s dr\u00e1stica. Pero su pr\u00f3rroga hasta el verano de 2027 tambi\u00e9n pone de manifiesto que la transici\u00f3n ser\u00e1 m\u00e1s larga de lo previsto.<\/p>","protected":false},"excerpt":{"rendered":"","protected":false},"author":1,"featured_media":53765,"comment_status":"open","ping_status":"open","sticky":false,"template":"","format":"standard","meta":{"_acf_changed":false,"_sitemap_exclude":false,"_sitemap_priority":"","_sitemap_frequency":"","footnotes":""},"categories":[29],"tags":[386],"class_list":["post-53601","post","type-post","status-publish","format-standard","has-post-thumbnail","hentry","category-stellantis","tag-termoli","generate-columns","tablet-grid-50","mobile-grid-100","grid-parent","grid-33"],"acf":[],"yoast_head":"<!-- This site is optimized with the Yoast SEO plugin v25.8 - https:\/\/yoast.com\/wordpress\/plugins\/seo\/ -->\n<title>1 721 ouvriers de l&#039;usine Stellantis qui fabrique les moteurs V6 vont \u00eatre au ch\u00f4mage partiel une ann\u00e9e de plus - ItalPassion<\/title>\n<meta name=\"description\" content=\"Le moteur V6 Alfa Romeo est assembl\u00e9 dans l&#039;usine de Termoli L\u2019usine Stellantis de Termoli va devoir patienter encore avant de retrouver un niveau\" \/>\n<meta name=\"robots\" content=\"index, follow, max-snippet:-1, max-image-preview:large, max-video-preview:-1\" \/>\n<link rel=\"canonical\" href=\"https:\/\/www.italpassion.fr\/es\/stellantis\/1-721-trabajadores-de-la-fabrica-de-stellantis-que-fabrica-motores-v6-estaran-en-situacion-de-desempleo-parcial-un-ano-mas\/\" \/>\n<meta property=\"og:locale\" content=\"es_ES\" \/>\n<meta property=\"og:type\" content=\"article\" \/>\n<meta property=\"og:title\" content=\"1 721 ouvriers de l&#039;usine Stellantis qui fabrique les moteurs V6 vont \u00eatre au ch\u00f4mage partiel une ann\u00e9e de plus - ItalPassion\" \/>\n<meta property=\"og:description\" content=\"Le moteur V6 Alfa Romeo est assembl\u00e9 dans l&#039;usine de Termoli L\u2019usine Stellantis de Termoli va devoir patienter encore avant de retrouver un niveau\" \/>\n<meta property=\"og:url\" content=\"https:\/\/www.italpassion.fr\/es\/stellantis\/1-721-trabajadores-de-la-fabrica-de-stellantis-que-fabrica-motores-v6-estaran-en-situacion-de-desempleo-parcial-un-ano-mas\/\" \/>\n<meta property=\"og:site_name\" content=\"ItalPassion\" \/>\n<meta property=\"article:publisher\" content=\"https:\/\/www.facebook.com\/italpassion\" \/>\n<meta property=\"article:published_time\" content=\"2026-08-31T06:53:24+00:00\" \/>\n<meta property=\"og:image\" content=\"https:\/\/www.italpassion.fr\/wp-content\/uploads\/2026\/08\/v6-alfa.jpg\" \/>\n\t<meta property=\"og:image:width\" content=\"1200\" \/>\n\t<meta property=\"og:image:height\" content=\"800\" \/>\n\t<meta property=\"og:image:type\" content=\"image\/jpeg\" \/>\n<meta name=\"author\" content=\"Alexandre Filluzeau\" \/>\n<meta name=\"twitter:card\" content=\"summary_large_image\" \/>\n<meta name=\"twitter:creator\" content=\"@italpassion\" \/>\n<meta name=\"twitter:site\" content=\"@italpassion\" \/>\n<script type=\"application\/ld+json\" class=\"yoast-schema-graph\">{\"@context\":\"https:\/\/schema.org\",\"@graph\":[{\"@type\":\"NewsArticle\",\"@id\":\"https:\/\/www.italpassion.fr\/es\/stellantis\/1-721-ouvriers-de-lusine-stellantis-qui-fabrique-les-moteurs-v6-vont-etre-au-chomage-partiel-une-annee-de-plus\/#article\",\"isPartOf\":{\"@id\":\"https:\/\/www.italpassion.fr\/es\/stellantis\/1-721-ouvriers-de-lusine-stellantis-qui-fabrique-les-moteurs-v6-vont-etre-au-chomage-partiel-une-annee-de-plus\/\"},\"author\":{\"name\":\"Alexandre Filluzeau\",\"@id\":\"https:\/\/www.italpassion.fr\/es\/#\/schema\/person\/36f747b2a759ca202d847e85a9434ca0\"},\"headline\":\"1 721 ouvriers de l&rsquo;usine Stellantis qui fabrique les moteurs V6 vont \u00eatre au ch\u00f4mage partiel une ann\u00e9e de plus\",\"datePublished\":\"2026-08-31T06:53:24+00:00\",\"mainEntityOfPage\":{\"@id\":\"https:\/\/www.italpassion.fr\/es\/stellantis\/1-721-ouvriers-de-lusine-stellantis-qui-fabrique-les-moteurs-v6-vont-etre-au-chomage-partiel-une-annee-de-plus\/\"},\"wordCount\":627,\"commentCount\":0,\"publisher\":{\"@id\":\"https:\/\/www.italpassion.fr\/es\/#organization\"},\"image\":{\"@id\":\"https:\/\/www.italpassion.fr\/es\/stellantis\/1-721-ouvriers-de-lusine-stellantis-qui-fabrique-les-moteurs-v6-vont-etre-au-chomage-partiel-une-annee-de-plus\/#primaryimage\"},\"thumbnailUrl\":\"https:\/\/www.italpassion.fr\/wp-content\/uploads\/2026\/08\/v6-alfa.jpg\",\"keywords\":[\"Termoli\"],\"articleSection\":[\"Stellantis\"],\"inLanguage\":\"es\",\"potentialAction\":[{\"@type\":\"CommentAction\",\"name\":\"Comment\",\"target\":[\"https:\/\/www.italpassion.fr\/es\/stellantis\/1-721-ouvriers-de-lusine-stellantis-qui-fabrique-les-moteurs-v6-vont-etre-au-chomage-partiel-une-annee-de-plus\/#respond\"]}]},{\"@type\":\"WebPage\",\"@id\":\"https:\/\/www.italpassion.fr\/es\/stellantis\/1-721-ouvriers-de-lusine-stellantis-qui-fabrique-les-moteurs-v6-vont-etre-au-chomage-partiel-une-annee-de-plus\/\",\"url\":\"https:\/\/www.italpassion.fr\/es\/stellantis\/1-721-ouvriers-de-lusine-stellantis-qui-fabrique-les-moteurs-v6-vont-etre-au-chomage-partiel-une-annee-de-plus\/\",\"name\":\"1 721 ouvriers de l'usine Stellantis qui fabrique les moteurs V6 vont \u00eatre au ch\u00f4mage partiel une ann\u00e9e de plus - ItalPassion\",\"isPartOf\":{\"@id\":\"https:\/\/www.italpassion.fr\/es\/#website\"},\"primaryImageOfPage\":{\"@id\":\"https:\/\/www.italpassion.fr\/es\/stellantis\/1-721-ouvriers-de-lusine-stellantis-qui-fabrique-les-moteurs-v6-vont-etre-au-chomage-partiel-une-annee-de-plus\/#primaryimage\"},\"image\":{\"@id\":\"https:\/\/www.italpassion.fr\/es\/stellantis\/1-721-ouvriers-de-lusine-stellantis-qui-fabrique-les-moteurs-v6-vont-etre-au-chomage-partiel-une-annee-de-plus\/#primaryimage\"},\"thumbnailUrl\":\"https:\/\/www.italpassion.fr\/wp-content\/uploads\/2026\/08\/v6-alfa.jpg\",\"datePublished\":\"2026-08-31T06:53:24+00:00\",\"description\":\"Le moteur V6 Alfa Romeo est assembl\u00e9 dans l'usine de Termoli L\u2019usine Stellantis de Termoli va devoir patienter encore avant de retrouver un niveau\",\"breadcrumb\":{\"@id\":\"https:\/\/www.italpassion.fr\/es\/stellantis\/1-721-ouvriers-de-lusine-stellantis-qui-fabrique-les-moteurs-v6-vont-etre-au-chomage-partiel-une-annee-de-plus\/#breadcrumb\"},\"inLanguage\":\"es\",\"potentialAction\":[{\"@type\":\"ReadAction\",\"target\":[\"https:\/\/www.italpassion.fr\/es\/stellantis\/1-721-ouvriers-de-lusine-stellantis-qui-fabrique-les-moteurs-v6-vont-etre-au-chomage-partiel-une-annee-de-plus\/\"]}]},{\"@type\":\"ImageObject\",\"inLanguage\":\"es\",\"@id\":\"https:\/\/www.italpassion.fr\/es\/stellantis\/1-721-ouvriers-de-lusine-stellantis-qui-fabrique-les-moteurs-v6-vont-etre-au-chomage-partiel-une-annee-de-plus\/#primaryimage\",\"url\":\"https:\/\/www.italpassion.fr\/wp-content\/uploads\/2026\/08\/v6-alfa.jpg\",\"contentUrl\":\"https:\/\/www.italpassion.fr\/wp-content\/uploads\/2026\/08\/v6-alfa.jpg\",\"width\":1200,\"height\":800},{\"@type\":\"BreadcrumbList\",\"@id\":\"https:\/\/www.italpassion.fr\/es\/stellantis\/1-721-ouvriers-de-lusine-stellantis-qui-fabrique-les-moteurs-v6-vont-etre-au-chomage-partiel-une-annee-de-plus\/#breadcrumb\",\"itemListElement\":[{\"@type\":\"ListItem\",\"position\":1,\"name\":\"Accueil\",\"item\":\"https:\/\/www.italpassion.fr\/es\/\"},{\"@type\":\"ListItem\",\"position\":2,\"name\":\"1 721 ouvriers de l&rsquo;usine Stellantis qui fabrique les moteurs V6 vont \u00eatre au ch\u00f4mage partiel une ann\u00e9e de plus\"}]},{\"@type\":\"WebSite\",\"@id\":\"https:\/\/www.italpassion.fr\/es\/#website\",\"url\":\"https:\/\/www.italpassion.fr\/es\/\",\"name\":\"ItalPassion\",\"description\":\"Les Passionn\u00e9s d&#039;Automobiles Italiennes\",\"publisher\":{\"@id\":\"https:\/\/www.italpassion.fr\/es\/#organization\"},\"potentialAction\":[{\"@type\":\"SearchAction\",\"target\":{\"@type\":\"EntryPoint\",\"urlTemplate\":\"https:\/\/www.italpassion.fr\/es\/?s={search_term_string}\"},\"query-input\":{\"@type\":\"PropertyValueSpecification\",\"valueRequired\":true,\"valueName\":\"search_term_string\"}}],\"inLanguage\":\"es\"},{\"@type\":\"Organization\",\"@id\":\"https:\/\/www.italpassion.fr\/es\/#organization\",\"name\":\"Italpassion\",\"url\":\"https:\/\/www.italpassion.fr\/es\/\",\"logo\":{\"@type\":\"ImageObject\",\"inLanguage\":\"es\",\"@id\":\"https:\/\/www.italpassion.fr\/es\/#\/schema\/logo\/image\/\",\"url\":\"https:\/\/www.italpassion.fr\/wp-content\/uploads\/2023\/07\/italpassion-yoast.jpg\",\"contentUrl\":\"https:\/\/www.italpassion.fr\/wp-content\/uploads\/2023\/07\/italpassion-yoast.jpg\",\"width\":696,\"height\":696,\"caption\":\"Italpassion\"},\"image\":{\"@id\":\"https:\/\/www.italpassion.fr\/es\/#\/schema\/logo\/image\/\"},\"sameAs\":[\"https:\/\/www.facebook.com\/italpassion\",\"https:\/\/x.com\/italpassion\",\"https:\/\/www.instagram.com\/italpassionfr\/\",\"https:\/\/www.youtube.com\/channel\/UCleq-ByQaA42OjhopwevRjQ\",\"https:\/\/www.facebook.com\/italpassion.en\/\",\"https:\/\/www.facebook.com\/italpassion.it\/\",\"https:\/\/www.facebook.com\/italpassion.de\/\",\"https:\/\/www.facebook.com\/italpassion.ja\/\"]},{\"@type\":\"Person\",\"@id\":\"https:\/\/www.italpassion.fr\/es\/#\/schema\/person\/36f747b2a759ca202d847e85a9434ca0\",\"name\":\"Alexandre Filluzeau\",\"image\":{\"@type\":\"ImageObject\",\"inLanguage\":\"es\",\"@id\":\"https:\/\/www.italpassion.fr\/es\/#\/schema\/person\/image\/\",\"url\":\"https:\/\/www.italpassion.fr\/wp-content\/uploads\/2025\/04\/avatar-alexandre-160x160.jpg\",\"contentUrl\":\"https:\/\/www.italpassion.fr\/wp-content\/uploads\/2025\/04\/avatar-alexandre-160x160.jpg\",\"caption\":\"Alexandre Filluzeau\"},\"description\":\"Fondateur du site ItalPassion, passionn\u00e9 de voitures italiennes et de l'Italie en g\u00e9n\u00e9ral. J'apporte un regard critique et technique aux actualit\u00e9s des marques italiennes quand cela est possible. Propri\u00e9taire d'une Maserati GranTurismo, Alfa Romeo MiTo, Lancia Fulvia et Ducati 695. Ex-propri\u00e9taire d'une Alfa Romeo Giulia.\",\"sameAs\":[\"https:\/\/www.italpassion.fr\/\"],\"url\":\"https:\/\/www.italpassion.fr\/es\/author\/alexandre\/\"}]}<\/script>\n<!-- \/ Yoast SEO plugin. -->","yoast_head_json":{"title":"1.721 trabajadores de la f\u00e1brica de Stellantis, donde se fabrican los motores V6, estar\u00e1n en situaci\u00f3n de desempleo parcial un a\u00f1o m\u00e1s - ItalPassion","description":"El motor V6 de Alfa Romeo se ensambla en la f\u00e1brica de Termoli. La f\u00e1brica de Stellantis en Termoli tendr\u00e1 que esperar un poco m\u00e1s antes de recuperar el nivel habitual.","robots":{"index":"index","follow":"follow","max-snippet":"max-snippet:-1","max-image-preview":"max-image-preview:large","max-video-preview":"max-video-preview:-1"},"canonical":"https:\/\/www.italpassion.fr\/es\/stellantis\/1-721-trabajadores-de-la-fabrica-de-stellantis-que-fabrica-motores-v6-estaran-en-situacion-de-desempleo-parcial-un-ano-mas\/","og_locale":"es_ES","og_type":"article","og_title":"1 721 ouvriers de l'usine Stellantis qui fabrique les moteurs V6 vont \u00eatre au ch\u00f4mage partiel une ann\u00e9e de plus - ItalPassion","og_description":"Le moteur V6 Alfa Romeo est assembl\u00e9 dans l'usine de Termoli L\u2019usine Stellantis de Termoli va devoir patienter encore avant de retrouver un niveau","og_url":"https:\/\/www.italpassion.fr\/es\/stellantis\/1-721-trabajadores-de-la-fabrica-de-stellantis-que-fabrica-motores-v6-estaran-en-situacion-de-desempleo-parcial-un-ano-mas\/","og_site_name":"ItalPassion","article_publisher":"https:\/\/www.facebook.com\/italpassion","article_published_time":"2026-08-31T06:53:24+00:00","og_image":[{"width":1200,"height":800,"url":"https:\/\/www.italpassion.fr\/wp-content\/uploads\/2026\/08\/v6-alfa.jpg","type":"image\/jpeg"}],"author":"Alexandre Filluzeau","twitter_card":"summary_large_image","twitter_creator":"@italpassion","twitter_site":"@italpassion","schema":{"@context":"https:\/\/schema.org","@graph":[{"@type":"NewsArticle","@id":"https:\/\/www.italpassion.fr\/es\/stellantis\/1-721-ouvriers-de-lusine-stellantis-qui-fabrique-les-moteurs-v6-vont-etre-au-chomage-partiel-une-annee-de-plus\/#article","isPartOf":{"@id":"https:\/\/www.italpassion.fr\/es\/stellantis\/1-721-ouvriers-de-lusine-stellantis-qui-fabrique-les-moteurs-v6-vont-etre-au-chomage-partiel-une-annee-de-plus\/"},"author":{"name":"Alexandre Filluzeau","@id":"https:\/\/www.italpassion.fr\/es\/#\/schema\/person\/36f747b2a759ca202d847e85a9434ca0"},"headline":"1 721 ouvriers de l&rsquo;usine Stellantis qui fabrique les moteurs V6 vont \u00eatre au ch\u00f4mage partiel une ann\u00e9e de plus","datePublished":"2026-08-31T06:53:24+00:00","mainEntityOfPage":{"@id":"https:\/\/www.italpassion.fr\/es\/stellantis\/1-721-ouvriers-de-lusine-stellantis-qui-fabrique-les-moteurs-v6-vont-etre-au-chomage-partiel-une-annee-de-plus\/"},"wordCount":627,"commentCount":0,"publisher":{"@id":"https:\/\/www.italpassion.fr\/es\/#organization"},"image":{"@id":"https:\/\/www.italpassion.fr\/es\/stellantis\/1-721-ouvriers-de-lusine-stellantis-qui-fabrique-les-moteurs-v6-vont-etre-au-chomage-partiel-une-annee-de-plus\/#primaryimage"},"thumbnailUrl":"https:\/\/www.italpassion.fr\/wp-content\/uploads\/2026\/08\/v6-alfa.jpg","keywords":["Termoli"],"articleSection":["Stellantis"],"inLanguage":"es","potentialAction":[{"@type":"CommentAction","name":"Comment","target":["https:\/\/www.italpassion.fr\/es\/stellantis\/1-721-ouvriers-de-lusine-stellantis-qui-fabrique-les-moteurs-v6-vont-etre-au-chomage-partiel-une-annee-de-plus\/#respond"]}]},{"@type":"WebPage","@id":"https:\/\/www.italpassion.fr\/es\/stellantis\/1-721-ouvriers-de-lusine-stellantis-qui-fabrique-les-moteurs-v6-vont-etre-au-chomage-partiel-une-annee-de-plus\/","url":"https:\/\/www.italpassion.fr\/es\/stellantis\/1-721-ouvriers-de-lusine-stellantis-qui-fabrique-les-moteurs-v6-vont-etre-au-chomage-partiel-une-annee-de-plus\/","name":"1.721 trabajadores de la f\u00e1brica de Stellantis, donde se fabrican los motores V6, estar\u00e1n en situaci\u00f3n de desempleo parcial un a\u00f1o m\u00e1s - ItalPassion","isPartOf":{"@id":"https:\/\/www.italpassion.fr\/es\/#website"},"primaryImageOfPage":{"@id":"https:\/\/www.italpassion.fr\/es\/stellantis\/1-721-ouvriers-de-lusine-stellantis-qui-fabrique-les-moteurs-v6-vont-etre-au-chomage-partiel-une-annee-de-plus\/#primaryimage"},"image":{"@id":"https:\/\/www.italpassion.fr\/es\/stellantis\/1-721-ouvriers-de-lusine-stellantis-qui-fabrique-les-moteurs-v6-vont-etre-au-chomage-partiel-une-annee-de-plus\/#primaryimage"},"thumbnailUrl":"https:\/\/www.italpassion.fr\/wp-content\/uploads\/2026\/08\/v6-alfa.jpg","datePublished":"2026-08-31T06:53:24+00:00","description":"El motor V6 de Alfa Romeo se ensambla en la f\u00e1brica de Termoli. La f\u00e1brica de Stellantis en Termoli tendr\u00e1 que esperar un poco m\u00e1s antes de recuperar el nivel habitual.","breadcrumb":{"@id":"https:\/\/www.italpassion.fr\/es\/stellantis\/1-721-ouvriers-de-lusine-stellantis-qui-fabrique-les-moteurs-v6-vont-etre-au-chomage-partiel-une-annee-de-plus\/#breadcrumb"},"inLanguage":"es","potentialAction":[{"@type":"ReadAction","target":["https:\/\/www.italpassion.fr\/es\/stellantis\/1-721-ouvriers-de-lusine-stellantis-qui-fabrique-les-moteurs-v6-vont-etre-au-chomage-partiel-une-annee-de-plus\/"]}]},{"@type":"ImageObject","inLanguage":"es","@id":"https:\/\/www.italpassion.fr\/es\/stellantis\/1-721-ouvriers-de-lusine-stellantis-qui-fabrique-les-moteurs-v6-vont-etre-au-chomage-partiel-une-annee-de-plus\/#primaryimage","url":"https:\/\/www.italpassion.fr\/wp-content\/uploads\/2026\/08\/v6-alfa.jpg","contentUrl":"https:\/\/www.italpassion.fr\/wp-content\/uploads\/2026\/08\/v6-alfa.jpg","width":1200,"height":800},{"@type":"BreadcrumbList","@id":"https:\/\/www.italpassion.fr\/es\/stellantis\/1-721-ouvriers-de-lusine-stellantis-qui-fabrique-les-moteurs-v6-vont-etre-au-chomage-partiel-une-annee-de-plus\/#breadcrumb","itemListElement":[{"@type":"ListItem","position":1,"name":"Accueil","item":"https:\/\/www.italpassion.fr\/es\/"},{"@type":"ListItem","position":2,"name":"1 721 ouvriers de l&rsquo;usine Stellantis qui fabrique les moteurs V6 vont \u00eatre au ch\u00f4mage partiel une ann\u00e9e de plus"}]},{"@type":"WebSite","@id":"https:\/\/www.italpassion.fr\/es\/#website","url":"https:\/\/www.italpassion.fr\/es\/","name":"ItalPassion","description":"Entusiastas de los coches italianos","publisher":{"@id":"https:\/\/www.italpassion.fr\/es\/#organization"},"potentialAction":[{"@type":"SearchAction","target":{"@type":"EntryPoint","urlTemplate":"https:\/\/www.italpassion.fr\/es\/?s={search_term_string}"},"query-input":{"@type":"PropertyValueSpecification","valueRequired":true,"valueName":"search_term_string"}}],"inLanguage":"es"},{"@type":"Organization","@id":"https:\/\/www.italpassion.fr\/es\/#organization","name":"Italpassion","url":"https:\/\/www.italpassion.fr\/es\/","logo":{"@type":"ImageObject","inLanguage":"es","@id":"https:\/\/www.italpassion.fr\/es\/#\/schema\/logo\/image\/","url":"https:\/\/www.italpassion.fr\/wp-content\/uploads\/2023\/07\/italpassion-yoast.jpg","contentUrl":"https:\/\/www.italpassion.fr\/wp-content\/uploads\/2023\/07\/italpassion-yoast.jpg","width":696,"height":696,"caption":"Italpassion"},"image":{"@id":"https:\/\/www.italpassion.fr\/es\/#\/schema\/logo\/image\/"},"sameAs":["https:\/\/www.facebook.com\/italpassion","https:\/\/x.com\/italpassion","https:\/\/www.instagram.com\/italpassionfr\/","https:\/\/www.youtube.com\/channel\/UCleq-ByQaA42OjhopwevRjQ","https:\/\/www.facebook.com\/italpassion.en\/","https:\/\/www.facebook.com\/italpassion.it\/","https:\/\/www.facebook.com\/italpassion.de\/","https:\/\/www.facebook.com\/italpassion.ja\/"]},{"@type":"Person","@id":"https:\/\/www.italpassion.fr\/es\/#\/schema\/person\/36f747b2a759ca202d847e85a9434ca0","name":"Alexandre Filluzeau","image":{"@type":"ImageObject","inLanguage":"es","@id":"https:\/\/www.italpassion.fr\/es\/#\/schema\/person\/image\/","url":"https:\/\/www.italpassion.fr\/wp-content\/uploads\/2025\/04\/avatar-alexandre-160x160.jpg","contentUrl":"https:\/\/www.italpassion.fr\/wp-content\/uploads\/2025\/04\/avatar-alexandre-160x160.jpg","caption":"Alexandre Filluzeau"},"description":"Fundador del sitio web ItalPassion, apasionado de los coches italianos y de Italia en general. Aporto una mirada cr\u00edtica y t\u00e9cnica a las noticias de las marcas italianas cuando es posible. Propietario de un Maserati GranTurismo, Alfa Romeo MiTo, Lancia Fulvia y Ducati 695. Ex-propietario de un Alfa Romeo Giulia.","sameAs":["https:\/\/www.italpassion.fr\/"],"url":"https:\/\/www.italpassion.fr\/es\/author\/alexandre\/"}]}},"_links":{"self":[{"href":"https:\/\/www.italpassion.fr\/es\/wp-json\/wp\/v2\/posts\/53601","targetHints":{"allow":["GET"]}}],"collection":[{"href":"https:\/\/www.italpassion.fr\/es\/wp-json\/wp\/v2\/posts"}],"about":[{"href":"https:\/\/www.italpassion.fr\/es\/wp-json\/wp\/v2\/types\/post"}],"author":[{"embeddable":true,"href":"https:\/\/www.italpassion.fr\/es\/wp-json\/wp\/v2\/users\/1"}],"replies":[{"embeddable":true,"href":"https:\/\/www.italpassion.fr\/es\/wp-json\/wp\/v2\/comments?post=53601"}],"version-history":[{"count":3,"href":"https:\/\/www.italpassion.fr\/es\/wp-json\/wp\/v2\/posts\/53601\/revisions"}],"predecessor-version":[{"id":53766,"href":"https:\/\/www.italpassion.fr\/es\/wp-json\/wp\/v2\/posts\/53601\/revisions\/53766"}],"wp:featuredmedia":[{"embeddable":true,"href":"https:\/\/www.italpassion.fr\/es\/wp-json\/wp\/v2\/media\/53765"}],"wp:attachment":[{"href":"https:\/\/www.italpassion.fr\/es\/wp-json\/wp\/v2\/media?parent=53601"}],"wp:term":[{"taxonomy":"category","embeddable":true,"href":"https:\/\/www.italpassion.fr\/es\/wp-json\/wp\/v2\/categories?post=53601"},{"taxonomy":"post_tag","embeddable":true,"href":"https:\/\/www.italpassion.fr\/es\/wp-json\/wp\/v2\/tags?post=53601"}],"curies":[{"name":"wp","href":"https:\/\/api.w.org\/{rel}","templated":true}]}}