{"id":49487,"date":"2026-04-30T10:05:43","date_gmt":"2026-04-30T08:05:43","guid":{"rendered":"https:\/\/www.italpassion.fr\/?p=49487"},"modified":"2026-04-30T09:38:19","modified_gmt":"2026-04-30T07:38:19","slug":"2-anos-despues-de-su-lanzamiento-alfa-romeo-desvela-los-pedidos-del-junior-la-cifra-sorprendera-a-los-entusiastas-de-alfa","status":"publish","type":"post","link":"https:\/\/www.italpassion.fr\/es\/alfa-romeo\/2-ans-apres-son-lancement-alfa-romeo-devoile-les-commandes-du-junior-le-nombre-va-surprendre-les-alfistes\/","title":{"rendered":"2 a\u00f1os despu\u00e9s de su lanzamiento, Alfa Romeo desvela los mandos del Junior... la cifra sorprender\u00e1 a los Alfisti"},"content":{"rendered":"<figure class=\"wp-block-image size-full\"><img loading=\"lazy\" decoding=\"async\" width=\"1200\" height=\"800\" src=\"https:\/\/www.italpassion.fr\/wp-content\/uploads\/2026\/04\/alfa-romeo-milano.jpg\" alt=\"\" class=\"wp-image-49488\" srcset=\"https:\/\/www.italpassion.fr\/wp-content\/uploads\/2026\/04\/alfa-romeo-milano.jpg 1200w, https:\/\/www.italpassion.fr\/wp-content\/uploads\/2026\/04\/alfa-romeo-milano-420x280.jpg 420w, https:\/\/www.italpassion.fr\/wp-content\/uploads\/2026\/04\/alfa-romeo-milano-768x512.jpg 768w, https:\/\/www.italpassion.fr\/wp-content\/uploads\/2026\/04\/alfa-romeo-milano-18x12.jpg 18w\" sizes=\"auto, (max-width: 1200px) 100vw, 1200px\" \/><figcaption class=\"wp-element-caption\">Hace 2 a\u00f1os, cuando el Alfa Romeo Junior se llamaba Milano.<\/figcaption><\/figure>\n\n\n\n<p>Dos a\u00f1os despu\u00e9s de su lanzamiento, el <a href=\"https:\/\/www.italpassion.fr\/es\/coches\/alfa-romeo-junior\/\">Alfa Romeo Junior<\/a> alcanza un hito simb\u00f3lico. Con m\u00e1s de 70.000 pedidos reservados en todo el mundo, <a href=\"https:\/\/www.italpassion.fr\/es\/alfa-romeo\/\">Alfa Romeo<\/a> se\u00f1ala un \u201c\u00e9xito internacional\u201d para el hombre que deb\u00eda relanzar la marca. Pero detr\u00e1s de esta cifra halagadora, la realidad es m\u00e1s matizada. Aunque es evidente que Junior est\u00e1 ahorrando vol\u00famenes, todav\u00eda no est\u00e1 transformando Alfa Romeo.<\/p>\n\n\n\n<h2 class=\"wp-block-heading\">Progreso constante...<\/h2>\n\n\n\n<p>Desde su lanzamiento en la primavera de 2024, Junior ha ido cobrando impulso progresivamente. Los pedidos despegaron realmente en oto\u00f1o de 2024, antes de seguir una trayectoria bastante lineal.<\/p>\n\n\n\n<p>En marzo de 2025, el modelo ya hab\u00eda alcanzado los 27.000 pedidos, seguidos de los 30.000 unos d\u00edas m\u00e1s tarde. En el verano de 2025, se super\u00f3 la marca de los 40.000, antes de una subida m\u00e1s lenta hasta los 45.000 a finales de julio. Habr\u00e1 que esperar entonces a principios de 2026 para alcanzar los 60.000 pedidos, y luego a abril de 2026 para superar los 70.000.<\/p>\n\n\n\n<figure class=\"wp-block-image size-full\"><img loading=\"lazy\" decoding=\"async\" width=\"1200\" height=\"531\" src=\"https:\/\/www.italpassion.fr\/wp-content\/uploads\/2026\/04\/courbe-commandes.jpg\" alt=\"\" class=\"wp-image-49504\" srcset=\"https:\/\/www.italpassion.fr\/wp-content\/uploads\/2026\/04\/courbe-commandes.jpg 1200w, https:\/\/www.italpassion.fr\/wp-content\/uploads\/2026\/04\/courbe-commandes-420x186.jpg 420w, https:\/\/www.italpassion.fr\/wp-content\/uploads\/2026\/04\/courbe-commandes-768x340.jpg 768w, https:\/\/www.italpassion.fr\/wp-content\/uploads\/2026\/04\/courbe-commandes-18x8.jpg 18w\" sizes=\"auto, (max-width: 1200px) 100vw, 1200px\" \/><figcaption class=\"wp-element-caption\">Datos de Italpassion<\/figcaption><\/figure>\n\n\n\n<p>En otras palabras, a lo largo de dos a\u00f1os, el ritmo es claro: entre 30.000 y 35.000 pedidos al a\u00f1o. Un nivel estable, pero lejos de un fen\u00f3meno de ventas masivas. Se trata m\u00e1s de un modelo que se consolida con el tiempo que de un best-seller que explota.<\/p>\n\n\n\n<h2 class=\"wp-block-heading\">El modelo que se ha convertido en indispensable para Alfa Romeo<\/h2>\n\n\n\n<p>Sin embargo, hay que reconocer una cosa: sin Junior, la situaci\u00f3n de Alfa Romeo ser\u00eda mucho m\u00e1s complicada. En 2025, la marca totaliz\u00f3 <a href=\"https:\/\/www.italpassion.fr\/es\/alfa-romeo\/alfa-romeo-progresa-en-2025-pero-sigue-estancada-en-la-misma-dimension\/\">aproximadamente 73.000 ventas en todo el mundo<\/a>. S\u00f3lo el Junior ya contaba con casi 60.000 pedidos. Incluso hoy, en 2026, el peque\u00f1o SUV <a href=\"https:\/\/www.italpassion.fr\/es\/alfa-romeo\/junior-salva-a-alfa-romeo-pero-la-tonale-se-desmorona-a-pesar-del-restyling\/\">dominan abrumadoramente las inscripciones<\/a> en casi todos los mercados. En Italia, Francia y Alemania, suele representar entre el 60 % y el 80 % del volumen de ventas. Este dominio abrumador demuestra hasta qu\u00e9 punto la marca depende ahora de este modelo para mantener sus ventas.<\/p>\n\n\n\n<p>Por lo tanto, Junior cumple perfectamente su funci\u00f3n inicial: aportar volumen y evitar una ca\u00edda brusca.<\/p>\n\n\n\n<h2 class=\"wp-block-heading\">Un \u00e9xito internacional en ciernes<\/h2>\n\n\n\n<p>Alfa Romeo se centra ahora en la expansi\u00f3n internacional del modelo. El reciente lanzamiento en M\u00e9xico y Singapur, confirmado por Santo Ficili, ilustra esta estrategia. En Singapur, destac\u00f3 la versi\u00f3n el\u00e9ctrica, cuyas entregas est\u00e1n previstas para finales del segundo trimestre de 2026. La marca est\u00e1 incluso desplegando all\u00ed un \u201cExperience Centre\u201d dedicado, prueba de su ambici\u00f3n de construir una imagen m\u00e1s global.<\/p>\n\n\n\n<p>Estos nuevos mercados podr\u00edan contribuir a prolongar el impulso de ventas del Junior. Pero tambi\u00e9n llegan en un momento clave, cuando el modelo parece haber alcanzado ya una meseta en sus mercados tradicionales.<\/p>\n\n\n\n<h2 class=\"wp-block-heading\">Junior ya se est\u00e1 estancando... y ya no es suficiente<\/h2>\n\n\n\n<p>Ah\u00ed radican los l\u00edmites de nuestro \u00e9xito actual. Despu\u00e9s de impulsar el crecimiento en 2025, <a href=\"https:\/\/www.italpassion.fr\/es\/alfa-romeo\/junior-salva-a-alfa-romeo-pero-la-tonale-se-desmorona-a-pesar-del-restyling\/\">Junior muestra signos de estabilizaci\u00f3n en 2026<\/a>. En varios pa\u00edses europeos, los vol\u00famenes ya no aumentan realmente. El modelo mantiene a la empresa, pero ya no la hace crecer. El problema es que no hay nada detr\u00e1s.<\/p>\n\n\n\n<p>El Alfa Romeo Tonale se hunde a pesar de su restyling. El Alfa Romeo Giulia y el Alfa Romeo Stelvio se han vuelto marginales en t\u00e9rminos de vol\u00famenes. Como resultado, la marca sigue estancada en torno a las 70.000 matriculaciones anuales. Incluso con un s\u00f3lido Junior, Alfa Romeo es incapaz de abrir nuevos caminos.<\/p>\n\n\n\n<h2 class=\"wp-block-heading\">Un \u00e9xito relativo, no una revoluci\u00f3n<\/h2>\n\n\n\n<p>Entonces, \u00bf\u00e9xito o fracaso? La respuesta se encuentra en alg\u00fan punto intermedio. S\u00ed, el Alfa Romeo Junior es un \u00e9xito. Ha permitido a Alfa Romeo estabilizar sus ventas, ampliar su clientela y volver a ciertos mercados. Pocos modelos recientes de la marca pueden decir lo mismo.<\/p>\n\n\n\n<p>Pero no, no es un \u00e9xito transformador. Con unos 30.000 pedidos al a\u00f1o, a\u00fan est\u00e1 lejos de los est\u00e1ndares de un aut\u00e9ntico superventas mundial. Sobre todo, no ha sido suficiente para compensar la debilidad del resto de la gama. Dos a\u00f1os despu\u00e9s, est\u00e1 claro: el Junior salv\u00f3 a Alfa Romeo... pero no la resucit\u00f3.<\/p>\n\n\n\n<p>Y sin ning\u00fan nuevo modelo importante antes de 2027 o 2028, la marca italiana podr\u00eda permanecer durante mucho tiempo en esta zona gris, entre la supervivencia controlada y un aut\u00e9ntico renacimiento. <\/p>\n\n\n\n<p>Para que conste, aqu\u00ed est\u00e1 nuestro v\u00eddeo, de hace 2 a\u00f1os, de la presentaci\u00f3n del Alfa Romeo Junior, \u00a1cuando se llamaba Milano!<\/p>\n\n\n\n<figure class=\"wp-block-embed is-type-video is-provider-youtube wp-block-embed-youtube wp-embed-aspect-16-9 wp-has-aspect-ratio\"><div class=\"wp-block-embed__wrapper\">\n<iframe loading=\"lazy\" title=\"Alfa Romeo Milano: presentaci\u00f3n exterior e interior\" width=\"1200\" height=\"675\" src=\"https:\/\/www.youtube-nocookie.com\/embed\/bTHZ05vYU-M?feature=oembed\" frameborder=\"0\" allow=\"accelerometer; autoplay; clipboard-write; encrypted-media; gyroscope; picture-in-picture; web-share\" referrerpolicy=\"strict-origin-when-cross-origin\" allowfullscreen><\/iframe>\n<\/div><\/figure>","protected":false},"excerpt":{"rendered":"","protected":false},"author":1,"featured_media":49488,"comment_status":"open","ping_status":"open","sticky":false,"template":"","format":"standard","meta":{"_acf_changed":false,"_sitemap_exclude":false,"_sitemap_priority":"","_sitemap_frequency":"","footnotes":""},"categories":[22],"tags":[403],"class_list":["post-49487","post","type-post","status-publish","format-standard","has-post-thumbnail","hentry","category-alfa-romeo","tag-alfa-romeo-junior","generate-columns","tablet-grid-50","mobile-grid-100","grid-parent","grid-33"],"acf":[],"yoast_head":"<!-- This site is optimized with the Yoast SEO plugin v25.8 - https:\/\/yoast.com\/wordpress\/plugins\/seo\/ -->\n<title>2 ans apr\u00e8s son lancement, Alfa Romeo d\u00e9voile les commandes du Junior\u2026 le nombre va surprendre les Alfistes - ItalPassion<\/title>\n<meta name=\"description\" content=\"Il y a 2 ans, quand l&#039;Alfa Romeo Junior s&#039;appellait Milano. Deux ans apr\u00e8s son lancement, le Alfa Romeo Junior franchit un cap symbolique. Avec plus de 70\" \/>\n<meta name=\"robots\" content=\"index, follow, max-snippet:-1, max-image-preview:large, max-video-preview:-1\" \/>\n<link rel=\"canonical\" href=\"https:\/\/www.italpassion.fr\/es\/alfa-romeo\/2-anos-despues-de-su-lanzamiento-alfa-romeo-desvela-los-pedidos-del-junior-la-cifra-sorprendera-a-los-entusiastas-de-alfa\/\" \/>\n<meta property=\"og:locale\" content=\"es_ES\" \/>\n<meta property=\"og:type\" content=\"article\" \/>\n<meta property=\"og:title\" content=\"2 ans apr\u00e8s son lancement, Alfa Romeo d\u00e9voile les commandes du Junior\u2026 le nombre va surprendre les Alfistes - ItalPassion\" \/>\n<meta property=\"og:description\" content=\"Il y a 2 ans, quand l&#039;Alfa Romeo Junior s&#039;appellait Milano. Deux ans apr\u00e8s son lancement, le Alfa Romeo Junior franchit un cap symbolique. Avec plus de 70\" \/>\n<meta property=\"og:url\" content=\"https:\/\/www.italpassion.fr\/es\/alfa-romeo\/2-anos-despues-de-su-lanzamiento-alfa-romeo-desvela-los-pedidos-del-junior-la-cifra-sorprendera-a-los-entusiastas-de-alfa\/\" \/>\n<meta property=\"og:site_name\" content=\"ItalPassion\" \/>\n<meta property=\"article:publisher\" content=\"https:\/\/www.facebook.com\/italpassion\" \/>\n<meta property=\"article:published_time\" content=\"2026-04-30T08:05:43+00:00\" \/>\n<meta property=\"og:image\" content=\"https:\/\/www.italpassion.fr\/wp-content\/uploads\/2026\/04\/alfa-romeo-milano.jpg\" \/>\n\t<meta property=\"og:image:width\" content=\"1200\" \/>\n\t<meta property=\"og:image:height\" content=\"800\" \/>\n\t<meta property=\"og:image:type\" content=\"image\/jpeg\" \/>\n<meta name=\"author\" content=\"Alexandre Filluzeau\" \/>\n<meta name=\"twitter:card\" content=\"summary_large_image\" \/>\n<meta name=\"twitter:creator\" content=\"@italpassion\" \/>\n<meta name=\"twitter:site\" content=\"@italpassion\" \/>\n<script type=\"application\/ld+json\" class=\"yoast-schema-graph\">{\"@context\":\"https:\/\/schema.org\",\"@graph\":[{\"@type\":\"NewsArticle\",\"@id\":\"https:\/\/www.italpassion.fr\/es\/alfa-romeo\/2-ans-apres-son-lancement-alfa-romeo-devoile-les-commandes-du-junior-le-nombre-va-surprendre-les-alfistes\/#article\",\"isPartOf\":{\"@id\":\"https:\/\/www.italpassion.fr\/es\/alfa-romeo\/2-ans-apres-son-lancement-alfa-romeo-devoile-les-commandes-du-junior-le-nombre-va-surprendre-les-alfistes\/\"},\"author\":{\"name\":\"Alexandre Filluzeau\",\"@id\":\"https:\/\/www.italpassion.fr\/es\/#\/schema\/person\/36f747b2a759ca202d847e85a9434ca0\"},\"headline\":\"2 ans apr\u00e8s son lancement, Alfa Romeo d\u00e9voile les commandes du Junior\u2026 le nombre va surprendre les Alfistes\",\"datePublished\":\"2026-04-30T08:05:43+00:00\",\"mainEntityOfPage\":{\"@id\":\"https:\/\/www.italpassion.fr\/es\/alfa-romeo\/2-ans-apres-son-lancement-alfa-romeo-devoile-les-commandes-du-junior-le-nombre-va-surprendre-les-alfistes\/\"},\"wordCount\":765,\"commentCount\":0,\"publisher\":{\"@id\":\"https:\/\/www.italpassion.fr\/es\/#organization\"},\"image\":{\"@id\":\"https:\/\/www.italpassion.fr\/es\/alfa-romeo\/2-ans-apres-son-lancement-alfa-romeo-devoile-les-commandes-du-junior-le-nombre-va-surprendre-les-alfistes\/#primaryimage\"},\"thumbnailUrl\":\"https:\/\/www.italpassion.fr\/wp-content\/uploads\/2026\/04\/alfa-romeo-milano.jpg\",\"keywords\":[\"Alfa Romeo Junior\"],\"articleSection\":[\"Alfa Romeo\"],\"inLanguage\":\"es\",\"potentialAction\":[{\"@type\":\"CommentAction\",\"name\":\"Comment\",\"target\":[\"https:\/\/www.italpassion.fr\/es\/alfa-romeo\/2-ans-apres-son-lancement-alfa-romeo-devoile-les-commandes-du-junior-le-nombre-va-surprendre-les-alfistes\/#respond\"]}]},{\"@type\":\"WebPage\",\"@id\":\"https:\/\/www.italpassion.fr\/es\/alfa-romeo\/2-ans-apres-son-lancement-alfa-romeo-devoile-les-commandes-du-junior-le-nombre-va-surprendre-les-alfistes\/\",\"url\":\"https:\/\/www.italpassion.fr\/es\/alfa-romeo\/2-ans-apres-son-lancement-alfa-romeo-devoile-les-commandes-du-junior-le-nombre-va-surprendre-les-alfistes\/\",\"name\":\"2 ans apr\u00e8s son lancement, Alfa Romeo d\u00e9voile les commandes du Junior\u2026 le nombre va surprendre les Alfistes - ItalPassion\",\"isPartOf\":{\"@id\":\"https:\/\/www.italpassion.fr\/es\/#website\"},\"primaryImageOfPage\":{\"@id\":\"https:\/\/www.italpassion.fr\/es\/alfa-romeo\/2-ans-apres-son-lancement-alfa-romeo-devoile-les-commandes-du-junior-le-nombre-va-surprendre-les-alfistes\/#primaryimage\"},\"image\":{\"@id\":\"https:\/\/www.italpassion.fr\/es\/alfa-romeo\/2-ans-apres-son-lancement-alfa-romeo-devoile-les-commandes-du-junior-le-nombre-va-surprendre-les-alfistes\/#primaryimage\"},\"thumbnailUrl\":\"https:\/\/www.italpassion.fr\/wp-content\/uploads\/2026\/04\/alfa-romeo-milano.jpg\",\"datePublished\":\"2026-04-30T08:05:43+00:00\",\"description\":\"Il y a 2 ans, quand l'Alfa Romeo Junior s'appellait Milano. Deux ans apr\u00e8s son lancement, le Alfa Romeo Junior franchit un cap symbolique. Avec plus de 70\",\"breadcrumb\":{\"@id\":\"https:\/\/www.italpassion.fr\/es\/alfa-romeo\/2-ans-apres-son-lancement-alfa-romeo-devoile-les-commandes-du-junior-le-nombre-va-surprendre-les-alfistes\/#breadcrumb\"},\"inLanguage\":\"es\",\"potentialAction\":[{\"@type\":\"ReadAction\",\"target\":[\"https:\/\/www.italpassion.fr\/es\/alfa-romeo\/2-ans-apres-son-lancement-alfa-romeo-devoile-les-commandes-du-junior-le-nombre-va-surprendre-les-alfistes\/\"]}]},{\"@type\":\"ImageObject\",\"inLanguage\":\"es\",\"@id\":\"https:\/\/www.italpassion.fr\/es\/alfa-romeo\/2-ans-apres-son-lancement-alfa-romeo-devoile-les-commandes-du-junior-le-nombre-va-surprendre-les-alfistes\/#primaryimage\",\"url\":\"https:\/\/www.italpassion.fr\/wp-content\/uploads\/2026\/04\/alfa-romeo-milano.jpg\",\"contentUrl\":\"https:\/\/www.italpassion.fr\/wp-content\/uploads\/2026\/04\/alfa-romeo-milano.jpg\",\"width\":1200,\"height\":800},{\"@type\":\"BreadcrumbList\",\"@id\":\"https:\/\/www.italpassion.fr\/es\/alfa-romeo\/2-ans-apres-son-lancement-alfa-romeo-devoile-les-commandes-du-junior-le-nombre-va-surprendre-les-alfistes\/#breadcrumb\",\"itemListElement\":[{\"@type\":\"ListItem\",\"position\":1,\"name\":\"Accueil\",\"item\":\"https:\/\/www.italpassion.fr\/es\/\"},{\"@type\":\"ListItem\",\"position\":2,\"name\":\"2 ans apr\u00e8s son lancement, Alfa Romeo d\u00e9voile les commandes du Junior\u2026 le nombre va surprendre les Alfistes\"}]},{\"@type\":\"WebSite\",\"@id\":\"https:\/\/www.italpassion.fr\/es\/#website\",\"url\":\"https:\/\/www.italpassion.fr\/es\/\",\"name\":\"ItalPassion\",\"description\":\"Les Passionn\u00e9s d&#039;Automobiles Italiennes\",\"publisher\":{\"@id\":\"https:\/\/www.italpassion.fr\/es\/#organization\"},\"potentialAction\":[{\"@type\":\"SearchAction\",\"target\":{\"@type\":\"EntryPoint\",\"urlTemplate\":\"https:\/\/www.italpassion.fr\/es\/?s={search_term_string}\"},\"query-input\":{\"@type\":\"PropertyValueSpecification\",\"valueRequired\":true,\"valueName\":\"search_term_string\"}}],\"inLanguage\":\"es\"},{\"@type\":\"Organization\",\"@id\":\"https:\/\/www.italpassion.fr\/es\/#organization\",\"name\":\"Italpassion\",\"url\":\"https:\/\/www.italpassion.fr\/es\/\",\"logo\":{\"@type\":\"ImageObject\",\"inLanguage\":\"es\",\"@id\":\"https:\/\/www.italpassion.fr\/es\/#\/schema\/logo\/image\/\",\"url\":\"https:\/\/www.italpassion.fr\/wp-content\/uploads\/2023\/07\/italpassion-yoast.jpg\",\"contentUrl\":\"https:\/\/www.italpassion.fr\/wp-content\/uploads\/2023\/07\/italpassion-yoast.jpg\",\"width\":696,\"height\":696,\"caption\":\"Italpassion\"},\"image\":{\"@id\":\"https:\/\/www.italpassion.fr\/es\/#\/schema\/logo\/image\/\"},\"sameAs\":[\"https:\/\/www.facebook.com\/italpassion\",\"https:\/\/x.com\/italpassion\",\"https:\/\/www.instagram.com\/italpassionfr\/\",\"https:\/\/www.youtube.com\/channel\/UCleq-ByQaA42OjhopwevRjQ\",\"https:\/\/www.facebook.com\/italpassion.en\/\",\"https:\/\/www.facebook.com\/italpassion.it\/\",\"https:\/\/www.facebook.com\/italpassion.de\/\",\"https:\/\/www.facebook.com\/italpassion.ja\/\"]},{\"@type\":\"Person\",\"@id\":\"https:\/\/www.italpassion.fr\/es\/#\/schema\/person\/36f747b2a759ca202d847e85a9434ca0\",\"name\":\"Alexandre Filluzeau\",\"image\":{\"@type\":\"ImageObject\",\"inLanguage\":\"es\",\"@id\":\"https:\/\/www.italpassion.fr\/es\/#\/schema\/person\/image\/\",\"url\":\"https:\/\/www.italpassion.fr\/wp-content\/uploads\/2025\/04\/avatar-alexandre-160x160.jpg\",\"contentUrl\":\"https:\/\/www.italpassion.fr\/wp-content\/uploads\/2025\/04\/avatar-alexandre-160x160.jpg\",\"caption\":\"Alexandre Filluzeau\"},\"description\":\"Fondateur du site ItalPassion, passionn\u00e9 de voitures italiennes et de l'Italie en g\u00e9n\u00e9ral. J'apporte un regard critique et technique aux actualit\u00e9s des marques italiennes quand cela est possible. Propri\u00e9taire d'une Maserati GranTurismo, Alfa Romeo MiTo, Lancia Fulvia et Ducati 695. Ex-propri\u00e9taire d'une Alfa Romeo Giulia.\",\"sameAs\":[\"https:\/\/www.italpassion.fr\/\"],\"url\":\"https:\/\/www.italpassion.fr\/es\/author\/alexandre\/\"}]}<\/script>\n<!-- \/ Yoast SEO plugin. -->","yoast_head_json":{"title":"2 a\u00f1os despu\u00e9s de su lanzamiento, Alfa Romeo desvela los mandos del Junior... la cifra sorprender\u00e1 a los Alfisti - ItalPassion","description":"Hace 2 a\u00f1os, cuando el Alfa Romeo Junior se llamaba Milano. Dos a\u00f1os despu\u00e9s de su lanzamiento, el Alfa Romeo Junior ha alcanzado un hito simb\u00f3lico. Con m\u00e1s de 70","robots":{"index":"index","follow":"follow","max-snippet":"max-snippet:-1","max-image-preview":"max-image-preview:large","max-video-preview":"max-video-preview:-1"},"canonical":"https:\/\/www.italpassion.fr\/es\/alfa-romeo\/2-anos-despues-de-su-lanzamiento-alfa-romeo-desvela-los-pedidos-del-junior-la-cifra-sorprendera-a-los-entusiastas-de-alfa\/","og_locale":"es_ES","og_type":"article","og_title":"2 ans apr\u00e8s son lancement, Alfa Romeo d\u00e9voile les commandes du Junior\u2026 le nombre va surprendre les Alfistes - ItalPassion","og_description":"Il y a 2 ans, quand l'Alfa Romeo Junior s'appellait Milano. Deux ans apr\u00e8s son lancement, le Alfa Romeo Junior franchit un cap symbolique. Avec plus de 70","og_url":"https:\/\/www.italpassion.fr\/es\/alfa-romeo\/2-anos-despues-de-su-lanzamiento-alfa-romeo-desvela-los-pedidos-del-junior-la-cifra-sorprendera-a-los-entusiastas-de-alfa\/","og_site_name":"ItalPassion","article_publisher":"https:\/\/www.facebook.com\/italpassion","article_published_time":"2026-04-30T08:05:43+00:00","og_image":[{"width":1200,"height":800,"url":"https:\/\/www.italpassion.fr\/wp-content\/uploads\/2026\/04\/alfa-romeo-milano.jpg","type":"image\/jpeg"}],"author":"Alexandre Filluzeau","twitter_card":"summary_large_image","twitter_creator":"@italpassion","twitter_site":"@italpassion","schema":{"@context":"https:\/\/schema.org","@graph":[{"@type":"NewsArticle","@id":"https:\/\/www.italpassion.fr\/es\/alfa-romeo\/2-ans-apres-son-lancement-alfa-romeo-devoile-les-commandes-du-junior-le-nombre-va-surprendre-les-alfistes\/#article","isPartOf":{"@id":"https:\/\/www.italpassion.fr\/es\/alfa-romeo\/2-ans-apres-son-lancement-alfa-romeo-devoile-les-commandes-du-junior-le-nombre-va-surprendre-les-alfistes\/"},"author":{"name":"Alexandre Filluzeau","@id":"https:\/\/www.italpassion.fr\/es\/#\/schema\/person\/36f747b2a759ca202d847e85a9434ca0"},"headline":"2 ans apr\u00e8s son lancement, Alfa Romeo d\u00e9voile les commandes du Junior\u2026 le nombre va surprendre les Alfistes","datePublished":"2026-04-30T08:05:43+00:00","mainEntityOfPage":{"@id":"https:\/\/www.italpassion.fr\/es\/alfa-romeo\/2-ans-apres-son-lancement-alfa-romeo-devoile-les-commandes-du-junior-le-nombre-va-surprendre-les-alfistes\/"},"wordCount":765,"commentCount":0,"publisher":{"@id":"https:\/\/www.italpassion.fr\/es\/#organization"},"image":{"@id":"https:\/\/www.italpassion.fr\/es\/alfa-romeo\/2-ans-apres-son-lancement-alfa-romeo-devoile-les-commandes-du-junior-le-nombre-va-surprendre-les-alfistes\/#primaryimage"},"thumbnailUrl":"https:\/\/www.italpassion.fr\/wp-content\/uploads\/2026\/04\/alfa-romeo-milano.jpg","keywords":["Alfa Romeo Junior"],"articleSection":["Alfa Romeo"],"inLanguage":"es","potentialAction":[{"@type":"CommentAction","name":"Comment","target":["https:\/\/www.italpassion.fr\/es\/alfa-romeo\/2-ans-apres-son-lancement-alfa-romeo-devoile-les-commandes-du-junior-le-nombre-va-surprendre-les-alfistes\/#respond"]}]},{"@type":"WebPage","@id":"https:\/\/www.italpassion.fr\/es\/alfa-romeo\/2-ans-apres-son-lancement-alfa-romeo-devoile-les-commandes-du-junior-le-nombre-va-surprendre-les-alfistes\/","url":"https:\/\/www.italpassion.fr\/es\/alfa-romeo\/2-ans-apres-son-lancement-alfa-romeo-devoile-les-commandes-du-junior-le-nombre-va-surprendre-les-alfistes\/","name":"2 a\u00f1os despu\u00e9s de su lanzamiento, Alfa Romeo desvela los mandos del Junior... la cifra sorprender\u00e1 a los Alfisti - ItalPassion","isPartOf":{"@id":"https:\/\/www.italpassion.fr\/es\/#website"},"primaryImageOfPage":{"@id":"https:\/\/www.italpassion.fr\/es\/alfa-romeo\/2-ans-apres-son-lancement-alfa-romeo-devoile-les-commandes-du-junior-le-nombre-va-surprendre-les-alfistes\/#primaryimage"},"image":{"@id":"https:\/\/www.italpassion.fr\/es\/alfa-romeo\/2-ans-apres-son-lancement-alfa-romeo-devoile-les-commandes-du-junior-le-nombre-va-surprendre-les-alfistes\/#primaryimage"},"thumbnailUrl":"https:\/\/www.italpassion.fr\/wp-content\/uploads\/2026\/04\/alfa-romeo-milano.jpg","datePublished":"2026-04-30T08:05:43+00:00","description":"Hace 2 a\u00f1os, cuando el Alfa Romeo Junior se llamaba Milano. Dos a\u00f1os despu\u00e9s de su lanzamiento, el Alfa Romeo Junior ha alcanzado un hito simb\u00f3lico. Con m\u00e1s de 70","breadcrumb":{"@id":"https:\/\/www.italpassion.fr\/es\/alfa-romeo\/2-ans-apres-son-lancement-alfa-romeo-devoile-les-commandes-du-junior-le-nombre-va-surprendre-les-alfistes\/#breadcrumb"},"inLanguage":"es","potentialAction":[{"@type":"ReadAction","target":["https:\/\/www.italpassion.fr\/es\/alfa-romeo\/2-ans-apres-son-lancement-alfa-romeo-devoile-les-commandes-du-junior-le-nombre-va-surprendre-les-alfistes\/"]}]},{"@type":"ImageObject","inLanguage":"es","@id":"https:\/\/www.italpassion.fr\/es\/alfa-romeo\/2-ans-apres-son-lancement-alfa-romeo-devoile-les-commandes-du-junior-le-nombre-va-surprendre-les-alfistes\/#primaryimage","url":"https:\/\/www.italpassion.fr\/wp-content\/uploads\/2026\/04\/alfa-romeo-milano.jpg","contentUrl":"https:\/\/www.italpassion.fr\/wp-content\/uploads\/2026\/04\/alfa-romeo-milano.jpg","width":1200,"height":800},{"@type":"BreadcrumbList","@id":"https:\/\/www.italpassion.fr\/es\/alfa-romeo\/2-ans-apres-son-lancement-alfa-romeo-devoile-les-commandes-du-junior-le-nombre-va-surprendre-les-alfistes\/#breadcrumb","itemListElement":[{"@type":"ListItem","position":1,"name":"Accueil","item":"https:\/\/www.italpassion.fr\/es\/"},{"@type":"ListItem","position":2,"name":"2 ans apr\u00e8s son lancement, Alfa Romeo d\u00e9voile les commandes du Junior\u2026 le nombre va surprendre les Alfistes"}]},{"@type":"WebSite","@id":"https:\/\/www.italpassion.fr\/es\/#website","url":"https:\/\/www.italpassion.fr\/es\/","name":"ItalPassion","description":"Entusiastas de los coches italianos","publisher":{"@id":"https:\/\/www.italpassion.fr\/es\/#organization"},"potentialAction":[{"@type":"SearchAction","target":{"@type":"EntryPoint","urlTemplate":"https:\/\/www.italpassion.fr\/es\/?s={search_term_string}"},"query-input":{"@type":"PropertyValueSpecification","valueRequired":true,"valueName":"search_term_string"}}],"inLanguage":"es"},{"@type":"Organization","@id":"https:\/\/www.italpassion.fr\/es\/#organization","name":"Italpassion","url":"https:\/\/www.italpassion.fr\/es\/","logo":{"@type":"ImageObject","inLanguage":"es","@id":"https:\/\/www.italpassion.fr\/es\/#\/schema\/logo\/image\/","url":"https:\/\/www.italpassion.fr\/wp-content\/uploads\/2023\/07\/italpassion-yoast.jpg","contentUrl":"https:\/\/www.italpassion.fr\/wp-content\/uploads\/2023\/07\/italpassion-yoast.jpg","width":696,"height":696,"caption":"Italpassion"},"image":{"@id":"https:\/\/www.italpassion.fr\/es\/#\/schema\/logo\/image\/"},"sameAs":["https:\/\/www.facebook.com\/italpassion","https:\/\/x.com\/italpassion","https:\/\/www.instagram.com\/italpassionfr\/","https:\/\/www.youtube.com\/channel\/UCleq-ByQaA42OjhopwevRjQ","https:\/\/www.facebook.com\/italpassion.en\/","https:\/\/www.facebook.com\/italpassion.it\/","https:\/\/www.facebook.com\/italpassion.de\/","https:\/\/www.facebook.com\/italpassion.ja\/"]},{"@type":"Person","@id":"https:\/\/www.italpassion.fr\/es\/#\/schema\/person\/36f747b2a759ca202d847e85a9434ca0","name":"Alexandre Filluzeau","image":{"@type":"ImageObject","inLanguage":"es","@id":"https:\/\/www.italpassion.fr\/es\/#\/schema\/person\/image\/","url":"https:\/\/www.italpassion.fr\/wp-content\/uploads\/2025\/04\/avatar-alexandre-160x160.jpg","contentUrl":"https:\/\/www.italpassion.fr\/wp-content\/uploads\/2025\/04\/avatar-alexandre-160x160.jpg","caption":"Alexandre Filluzeau"},"description":"Fundador del sitio web ItalPassion, apasionado de los coches italianos y de Italia en general. Aporto una mirada cr\u00edtica y t\u00e9cnica a las noticias de las marcas italianas cuando es posible. Propietario de un Maserati GranTurismo, Alfa Romeo MiTo, Lancia Fulvia y Ducati 695. Ex-propietario de un Alfa Romeo Giulia.","sameAs":["https:\/\/www.italpassion.fr\/"],"url":"https:\/\/www.italpassion.fr\/es\/author\/alexandre\/"}]}},"_links":{"self":[{"href":"https:\/\/www.italpassion.fr\/es\/wp-json\/wp\/v2\/posts\/49487","targetHints":{"allow":["GET"]}}],"collection":[{"href":"https:\/\/www.italpassion.fr\/es\/wp-json\/wp\/v2\/posts"}],"about":[{"href":"https:\/\/www.italpassion.fr\/es\/wp-json\/wp\/v2\/types\/post"}],"author":[{"embeddable":true,"href":"https:\/\/www.italpassion.fr\/es\/wp-json\/wp\/v2\/users\/1"}],"replies":[{"embeddable":true,"href":"https:\/\/www.italpassion.fr\/es\/wp-json\/wp\/v2\/comments?post=49487"}],"version-history":[{"count":3,"href":"https:\/\/www.italpassion.fr\/es\/wp-json\/wp\/v2\/posts\/49487\/revisions"}],"predecessor-version":[{"id":49505,"href":"https:\/\/www.italpassion.fr\/es\/wp-json\/wp\/v2\/posts\/49487\/revisions\/49505"}],"wp:featuredmedia":[{"embeddable":true,"href":"https:\/\/www.italpassion.fr\/es\/wp-json\/wp\/v2\/media\/49488"}],"wp:attachment":[{"href":"https:\/\/www.italpassion.fr\/es\/wp-json\/wp\/v2\/media?parent=49487"}],"wp:term":[{"taxonomy":"category","embeddable":true,"href":"https:\/\/www.italpassion.fr\/es\/wp-json\/wp\/v2\/categories?post=49487"},{"taxonomy":"post_tag","embeddable":true,"href":"https:\/\/www.italpassion.fr\/es\/wp-json\/wp\/v2\/tags?post=49487"}],"curies":[{"name":"wp","href":"https:\/\/api.w.org\/{rel}","templated":true}]}}