{"id":49328,"date":"2026-04-28T15:24:37","date_gmt":"2026-04-28T13:24:37","guid":{"rendered":"https:\/\/www.italpassion.fr\/?p=49328"},"modified":"2026-04-28T15:24:15","modified_gmt":"2026-04-28T13:24:15","slug":"el-ferrari-348-fue-destrozado-por-la-prensa-cuando-salio-los-que-realmente-lo-saben-todo-tienen-uno","status":"publish","type":"post","link":"https:\/\/www.italpassion.fr\/es\/ferrari\/la-ferrari-348-sest-fait-detruire-par-la-presse-a-sa-sortie-ceux-qui-sy-connaissent-vraiment-en-ont-tous-une\/","title":{"rendered":"El Ferrari 348 fue destrozado por la prensa en su lanzamiento... \u00ablos que de verdad saben lo que hacen tienen todos uno\u00bb"},"content":{"rendered":"<figure class=\"wp-block-image size-full\"><img loading=\"lazy\" decoding=\"async\" width=\"1200\" height=\"800\" src=\"https:\/\/www.italpassion.fr\/wp-content\/uploads\/2026\/04\/348-jaune.jpg\" alt=\"\" class=\"wp-image-49422\" srcset=\"https:\/\/www.italpassion.fr\/wp-content\/uploads\/2026\/04\/348-jaune.jpg 1200w, https:\/\/www.italpassion.fr\/wp-content\/uploads\/2026\/04\/348-jaune-420x280.jpg 420w, https:\/\/www.italpassion.fr\/wp-content\/uploads\/2026\/04\/348-jaune-768x512.jpg 768w, https:\/\/www.italpassion.fr\/wp-content\/uploads\/2026\/04\/348-jaune-18x12.jpg 18w\" sizes=\"auto, (max-width: 1200px) 100vw, 1200px\" \/><\/figure>\n\n\n\n<p>Cuando apareci\u00f3 a principios de los 90, el <a href=\"https:\/\/www.italpassion.fr\/es\/coches\/ferrari-348\/\">Ferrari 348<\/a> no lo tiene f\u00e1cil. Triunfando el muy elegante <a href=\"https:\/\/www.italpassion.fr\/es\/coches\/ferrari-412\/\">Ferrari 328<\/a>, Llama la atenci\u00f3n de inmediato. Su dise\u00f1o m\u00e1s anguloso y radical contrastaba con las l\u00edneas fluidas de su predecesor. En su momento, la prensa especializada no le hizo ning\u00fan favor. Le llovieron las cr\u00edticas, pero en realidad no se trataba de prestaciones. Se trataba sobre todo de su estilo, juzgado demasiado alejado de los c\u00f3digos de la \u00e9poca. <a href=\"https:\/\/www.italpassion.fr\/es\/ferrari\/\">Ferrari<\/a>, y su car\u00e1cter exigente. Algunos periodistas tambi\u00e9n se\u00f1alaron que su comportamiento, considerado delicado al l\u00edmite, aliment\u00f3 una reputaci\u00f3n que se le pegar\u00eda durante mucho tiempo. Sin embargo, esta opini\u00f3n es ahora ampliamente cuestionada.<\/p>\n\n\n\n<h2 class=\"wp-block-heading\">Un Ferrari a\u00fan \u201cvalidado\u201d por Enzo<\/h2>\n\n\n\n<p>Sin embargo, el 348 tiene un argumento de peso en la historia de la marca. Fue uno de los \u00faltimos Ferrari desarrollados durante la era Enzo Ferrari. Un detalle que, l\u00f3gicamente, deber\u00eda haber jugado a su favor desde el principio... pero que no fue suficiente para convencer a nadie en su momento. S\u00f3lo con el tiempo esta herencia adquiere un valor a\u00f1adido a los ojos de los entusiastas.<\/p>\n\n\n\n<figure class=\"wp-block-image size-full\"><img loading=\"lazy\" decoding=\"async\" width=\"1200\" height=\"800\" src=\"https:\/\/www.italpassion.fr\/wp-content\/uploads\/2026\/04\/348-jaune-1.jpg\" alt=\"\" class=\"wp-image-49423\" srcset=\"https:\/\/www.italpassion.fr\/wp-content\/uploads\/2026\/04\/348-jaune-1.jpg 1200w, https:\/\/www.italpassion.fr\/wp-content\/uploads\/2026\/04\/348-jaune-1-420x280.jpg 420w, https:\/\/www.italpassion.fr\/wp-content\/uploads\/2026\/04\/348-jaune-1-768x512.jpg 768w, https:\/\/www.italpassion.fr\/wp-content\/uploads\/2026\/04\/348-jaune-1-18x12.jpg 18w\" sizes=\"auto, (max-width: 1200px) 100vw, 1200px\" \/><\/figure>\n\n\n\n<h2 class=\"wp-block-heading\">Experiencia de conducci\u00f3n a la antigua<\/h2>\n\n\n\n<p>Lo que sorprende hoy del Ferrari 348 es precisamente aquello por lo que fue criticado. Donde los Ferrari modernos se han vuelto m\u00e1s f\u00e1ciles, m\u00e1s asistidos, el 348 exige implicaci\u00f3n. No hay direcci\u00f3n asistida, muy poca electr\u00f3nica, una caja de cambios manual y s\u00f3lo el ABS como ayuda a la conducci\u00f3n. El conductor est\u00e1 en el centro de todo. Cada curva, cada frenada, cada aceleraci\u00f3n exigen atenci\u00f3n.<\/p>\n\n\n\n<figure class=\"wp-block-image size-full\"><img loading=\"lazy\" decoding=\"async\" width=\"1200\" height=\"800\" src=\"https:\/\/www.italpassion.fr\/wp-content\/uploads\/2026\/04\/348-jaune-2.jpg\" alt=\"\" class=\"wp-image-49424\" srcset=\"https:\/\/www.italpassion.fr\/wp-content\/uploads\/2026\/04\/348-jaune-2.jpg 1200w, https:\/\/www.italpassion.fr\/wp-content\/uploads\/2026\/04\/348-jaune-2-420x280.jpg 420w, https:\/\/www.italpassion.fr\/wp-content\/uploads\/2026\/04\/348-jaune-2-768x512.jpg 768w, https:\/\/www.italpassion.fr\/wp-content\/uploads\/2026\/04\/348-jaune-2-18x12.jpg 18w\" sizes=\"auto, (max-width: 1200px) 100vw, 1200px\" \/><\/figure>\n\n\n\n<figure class=\"wp-block-image size-full\"><img loading=\"lazy\" decoding=\"async\" width=\"1200\" height=\"800\" src=\"https:\/\/www.italpassion.fr\/wp-content\/uploads\/2026\/04\/348-jaune-3.jpg\" alt=\"\" class=\"wp-image-49425\" srcset=\"https:\/\/www.italpassion.fr\/wp-content\/uploads\/2026\/04\/348-jaune-3.jpg 1200w, https:\/\/www.italpassion.fr\/wp-content\/uploads\/2026\/04\/348-jaune-3-420x280.jpg 420w, https:\/\/www.italpassion.fr\/wp-content\/uploads\/2026\/04\/348-jaune-3-768x512.jpg 768w, https:\/\/www.italpassion.fr\/wp-content\/uploads\/2026\/04\/348-jaune-3-18x12.jpg 18w\" sizes=\"auto, (max-width: 1200px) 100vw, 1200px\" \/><\/figure>\n\n\n\n<figure class=\"wp-block-image size-full\"><img loading=\"lazy\" decoding=\"async\" width=\"1200\" height=\"800\" src=\"https:\/\/www.italpassion.fr\/wp-content\/uploads\/2026\/04\/348-jaune-4.jpg\" alt=\"\" class=\"wp-image-49426\" srcset=\"https:\/\/www.italpassion.fr\/wp-content\/uploads\/2026\/04\/348-jaune-4.jpg 1200w, https:\/\/www.italpassion.fr\/wp-content\/uploads\/2026\/04\/348-jaune-4-420x280.jpg 420w, https:\/\/www.italpassion.fr\/wp-content\/uploads\/2026\/04\/348-jaune-4-768x512.jpg 768w, https:\/\/www.italpassion.fr\/wp-content\/uploads\/2026\/04\/348-jaune-4-18x12.jpg 18w\" sizes=\"auto, (max-width: 1200px) 100vw, 1200px\" \/><\/figure>\n\n\n\n<p>Pero \u00e9se es precisamente su encanto. La sensaci\u00f3n es cruda, mec\u00e1nica, casi anal\u00f3gica. El volante transmite cada bache de la carretera, hasta el punto de dar la impresi\u00f3n de \u201cleer\u201d el asfalto. Una sensaci\u00f3n que muchos consideran perdida en los modelos modernos.<\/p>\n\n\n\n<h2 class=\"wp-block-heading\">Defectos que se convierten en cualidades<\/h2>\n\n\n\n<p>S\u00ed, el Ferrari 348 no es perfecto. No es el m\u00e1s r\u00e1pido, ni el m\u00e1s c\u00f3modo, ni el m\u00e1s f\u00e1cil de conducir al l\u00edmite. Pero es precisamente esta imperfecci\u00f3n la que resulta tan atractiva hoy en d\u00eda. A diferencia de los supercoches modernos, que a menudo se consideran \u201cdemasiado perfectos\u201d, el 348 te obliga a involucrarte. Tienes que aprender a entenderlo, a llegar a un acuerdo con su car\u00e1cter. Y ah\u00ed es donde empieza la diversi\u00f3n. Un propietario lo resumi\u00f3 perfectamente: un coche perfecto no es necesariamente un coche interesante.<\/p>\n\n\n\n<figure class=\"wp-block-image size-full\"><img loading=\"lazy\" decoding=\"async\" width=\"1200\" height=\"800\" src=\"https:\/\/www.italpassion.fr\/wp-content\/uploads\/2026\/04\/348-jaune-5.jpg\" alt=\"\" class=\"wp-image-49427\" srcset=\"https:\/\/www.italpassion.fr\/wp-content\/uploads\/2026\/04\/348-jaune-5.jpg 1200w, https:\/\/www.italpassion.fr\/wp-content\/uploads\/2026\/04\/348-jaune-5-420x280.jpg 420w, https:\/\/www.italpassion.fr\/wp-content\/uploads\/2026\/04\/348-jaune-5-768x512.jpg 768w, https:\/\/www.italpassion.fr\/wp-content\/uploads\/2026\/04\/348-jaune-5-18x12.jpg 18w\" sizes=\"auto, (max-width: 1200px) 100vw, 1200px\" \/><\/figure>\n\n\n\n<h2 class=\"wp-block-heading\">Un Ferrari sencillo... y a la postre tranquilizador<\/h2>\n\n\n\n<p>Otra sorpresa fue su sencillez mec\u00e1nica. En una \u00e9poca en la que los Ferrari son cada vez m\u00e1s complejos, el 348 sigue siendo relativamente accesible para un deportivo de Maranello. No hay sensores excesivos, ni electr\u00f3nica intrusiva, ni sistemas complicados. Como resultado, el mantenimiento es m\u00e1s f\u00e1cil de entender y a menudo menos estresante que en modelos m\u00e1s recientes. Una revisi\u00f3n anual sigue siendo razonable para este tipo de coche, e incluso las operaciones m\u00e1s pesadas, como las revisiones, se mantienen bajo control. Este es un argumento que cuenta hoy en d\u00eda para los entusiastas que quieren conducir... y no s\u00f3lo coleccionar.<\/p>\n\n\n\n<figure class=\"wp-block-image size-full\"><img loading=\"lazy\" decoding=\"async\" width=\"1200\" height=\"800\" src=\"https:\/\/www.italpassion.fr\/wp-content\/uploads\/2026\/04\/348-jaune-8.jpg\" alt=\"\" class=\"wp-image-49429\" srcset=\"https:\/\/www.italpassion.fr\/wp-content\/uploads\/2026\/04\/348-jaune-8.jpg 1200w, https:\/\/www.italpassion.fr\/wp-content\/uploads\/2026\/04\/348-jaune-8-420x280.jpg 420w, https:\/\/www.italpassion.fr\/wp-content\/uploads\/2026\/04\/348-jaune-8-768x512.jpg 768w, https:\/\/www.italpassion.fr\/wp-content\/uploads\/2026\/04\/348-jaune-8-18x12.jpg 18w\" sizes=\"auto, (max-width: 1200px) 100vw, 1200px\" \/><\/figure>\n\n\n\n<figure class=\"wp-block-image size-full\"><img loading=\"lazy\" decoding=\"async\" width=\"1200\" height=\"800\" src=\"https:\/\/www.italpassion.fr\/wp-content\/uploads\/2026\/04\/moteur-ferrari-348.jpg\" alt=\"\" class=\"wp-image-49428\" srcset=\"https:\/\/www.italpassion.fr\/wp-content\/uploads\/2026\/04\/moteur-ferrari-348.jpg 1200w, https:\/\/www.italpassion.fr\/wp-content\/uploads\/2026\/04\/moteur-ferrari-348-420x280.jpg 420w, https:\/\/www.italpassion.fr\/wp-content\/uploads\/2026\/04\/moteur-ferrari-348-768x512.jpg 768w, https:\/\/www.italpassion.fr\/wp-content\/uploads\/2026\/04\/moteur-ferrari-348-18x12.jpg 18w\" sizes=\"auto, (max-width: 1200px) 100vw, 1200px\" \/><\/figure>\n\n\n\n<h2 class=\"wp-block-heading\">Por fin sube la audiencia<\/h2>\n\n\n\n<p>Rechazado durante mucho tiempo, el Ferrari 348 vuelve a estar de moda. Mientras que hace unos a\u00f1os se pod\u00eda negociar a precios relativamente asequibles, ahora los mejores ejemplares superan los 100.000 euros. Una subida l\u00f3gica para un modelo que cumple una serie de requisitos: rareza, un dise\u00f1o muy apreciado, conducci\u00f3n anal\u00f3gica y una posici\u00f3n fundamental en la historia de Ferrari.<\/p>\n\n\n\n<figure class=\"wp-block-image size-full\"><img loading=\"lazy\" decoding=\"async\" width=\"1200\" height=\"800\" src=\"https:\/\/www.italpassion.fr\/wp-content\/uploads\/2026\/04\/348-jaune-10.jpg\" alt=\"\" class=\"wp-image-49430\" srcset=\"https:\/\/www.italpassion.fr\/wp-content\/uploads\/2026\/04\/348-jaune-10.jpg 1200w, https:\/\/www.italpassion.fr\/wp-content\/uploads\/2026\/04\/348-jaune-10-420x280.jpg 420w, https:\/\/www.italpassion.fr\/wp-content\/uploads\/2026\/04\/348-jaune-10-768x512.jpg 768w, https:\/\/www.italpassion.fr\/wp-content\/uploads\/2026\/04\/348-jaune-10-18x12.jpg 18w\" sizes=\"auto, (max-width: 1200px) 100vw, 1200px\" \/><\/figure>\n\n\n\n<h2 class=\"wp-block-heading\">\u201cTodos los que saben de verdad lo que hacen tienen uno\u201d.\u201d<\/h2>\n\n\n\n<p>\u00c9sta es probablemente la frase que mejor resume la venganza del Ferrari 348. Hoy en d\u00eda, suelen ser los coleccionistas experimentados quienes lo buscan. Muchos poseen modelos m\u00e1s recientes, m\u00e1s potentes... pero siguen guardando un 348 en su garaje. No por sus cifras, sino por lo que aporta. Al fin y al cabo, el Ferrari 348 encarna una \u00e9poca pasada: una \u00e9poca en la que conducir un Ferrari exig\u00eda compromiso, en la que cada salida era un acontecimiento y en la que la m\u00e1quina no hac\u00eda concesiones. Un coche imperfecto, sin duda. Pero profundamente entra\u00f1able. Y, sobre todo, ahora se reconoce su verdadero valor.<\/p>\n\n\n\n<figure class=\"wp-block-embed is-type-video is-provider-youtube wp-block-embed-youtube wp-embed-aspect-16-9 wp-has-aspect-ratio\"><div class=\"wp-block-embed__wrapper\">\n<iframe loading=\"lazy\" title=\"Ferrari 348 Spider, experiencia de propiedad + \u00bfEs bueno?\" width=\"1200\" height=\"675\" src=\"https:\/\/www.youtube-nocookie.com\/embed\/9Jj843oO5EE?feature=oembed\" frameborder=\"0\" allow=\"accelerometer; autoplay; clipboard-write; encrypted-media; gyroscope; picture-in-picture; web-share\" referrerpolicy=\"strict-origin-when-cross-origin\" allowfullscreen><\/iframe>\n<\/div><\/figure>\n\n\n\n<p><\/p>","protected":false},"excerpt":{"rendered":"","protected":false},"author":1,"featured_media":49422,"comment_status":"open","ping_status":"open","sticky":false,"template":"","format":"standard","meta":{"_acf_changed":false,"_sitemap_exclude":false,"_sitemap_priority":"","_sitemap_frequency":"","footnotes":""},"categories":[23],"tags":[443],"class_list":["post-49328","post","type-post","status-publish","format-standard","has-post-thumbnail","hentry","category-ferrari","tag-ferrari-348","generate-columns","tablet-grid-50","mobile-grid-100","grid-parent","grid-33"],"acf":[],"yoast_head":"<!-- This site is optimized with the Yoast SEO plugin v25.8 - https:\/\/yoast.com\/wordpress\/plugins\/seo\/ -->\n<title>La Ferrari 348 s&#039;est fait d\u00e9truire par la presse \u00e0 sa sortie\u2026 &quot;ceux qui s&#039;y connaissent vraiment en ont tous une&quot; - ItalPassion<\/title>\n<meta name=\"description\" content=\"Lorsqu\u2019elle appara\u00eet au d\u00e9but des ann\u00e9es 1990, la Ferrari 348 n\u2019a pas la vie facile. Succ\u00e9dant \u00e0 la tr\u00e8s \u00e9l\u00e9gante Ferrari 328, elle choque imm\u00e9diatement.\" \/>\n<meta name=\"robots\" content=\"index, follow, max-snippet:-1, max-image-preview:large, max-video-preview:-1\" \/>\n<link rel=\"canonical\" href=\"https:\/\/www.italpassion.fr\/es\/ferrari\/el-ferrari-348-fue-destrozado-por-la-prensa-cuando-salio-los-que-realmente-lo-saben-todo-tienen-uno\/\" \/>\n<meta property=\"og:locale\" content=\"es_ES\" \/>\n<meta property=\"og:type\" content=\"article\" \/>\n<meta property=\"og:title\" content=\"La Ferrari 348 s&#039;est fait d\u00e9truire par la presse \u00e0 sa sortie\u2026 &quot;ceux qui s&#039;y connaissent vraiment en ont tous une&quot; - ItalPassion\" \/>\n<meta property=\"og:description\" content=\"Lorsqu\u2019elle appara\u00eet au d\u00e9but des ann\u00e9es 1990, la Ferrari 348 n\u2019a pas la vie facile. Succ\u00e9dant \u00e0 la tr\u00e8s \u00e9l\u00e9gante Ferrari 328, elle choque imm\u00e9diatement.\" \/>\n<meta property=\"og:url\" content=\"https:\/\/www.italpassion.fr\/es\/ferrari\/el-ferrari-348-fue-destrozado-por-la-prensa-cuando-salio-los-que-realmente-lo-saben-todo-tienen-uno\/\" \/>\n<meta property=\"og:site_name\" content=\"ItalPassion\" \/>\n<meta property=\"article:publisher\" content=\"https:\/\/www.facebook.com\/italpassion\" \/>\n<meta property=\"article:published_time\" content=\"2026-04-28T13:24:37+00:00\" \/>\n<meta property=\"og:image\" content=\"https:\/\/www.italpassion.fr\/wp-content\/uploads\/2026\/04\/348-jaune.jpg\" \/>\n\t<meta property=\"og:image:width\" content=\"1200\" \/>\n\t<meta property=\"og:image:height\" content=\"800\" \/>\n\t<meta property=\"og:image:type\" content=\"image\/jpeg\" \/>\n<meta name=\"author\" content=\"Alexandre Filluzeau\" \/>\n<meta name=\"twitter:card\" content=\"summary_large_image\" \/>\n<meta name=\"twitter:creator\" content=\"@italpassion\" \/>\n<meta name=\"twitter:site\" content=\"@italpassion\" \/>\n<script type=\"application\/ld+json\" class=\"yoast-schema-graph\">{\"@context\":\"https:\/\/schema.org\",\"@graph\":[{\"@type\":\"NewsArticle\",\"@id\":\"https:\/\/www.italpassion.fr\/es\/ferrari\/la-ferrari-348-sest-fait-detruire-par-la-presse-a-sa-sortie-ceux-qui-sy-connaissent-vraiment-en-ont-tous-une\/#article\",\"isPartOf\":{\"@id\":\"https:\/\/www.italpassion.fr\/es\/ferrari\/la-ferrari-348-sest-fait-detruire-par-la-presse-a-sa-sortie-ceux-qui-sy-connaissent-vraiment-en-ont-tous-une\/\"},\"author\":{\"name\":\"Alexandre Filluzeau\",\"@id\":\"https:\/\/www.italpassion.fr\/es\/#\/schema\/person\/36f747b2a759ca202d847e85a9434ca0\"},\"headline\":\"La Ferrari 348 s&rsquo;est fait d\u00e9truire par la presse \u00e0 sa sortie\u2026 \u00ab\u00a0ceux qui s&rsquo;y connaissent vraiment en ont tous une\u00a0\u00bb\",\"datePublished\":\"2026-04-28T13:24:37+00:00\",\"mainEntityOfPage\":{\"@id\":\"https:\/\/www.italpassion.fr\/es\/ferrari\/la-ferrari-348-sest-fait-detruire-par-la-presse-a-sa-sortie-ceux-qui-sy-connaissent-vraiment-en-ont-tous-une\/\"},\"wordCount\":753,\"commentCount\":0,\"publisher\":{\"@id\":\"https:\/\/www.italpassion.fr\/es\/#organization\"},\"image\":{\"@id\":\"https:\/\/www.italpassion.fr\/es\/ferrari\/la-ferrari-348-sest-fait-detruire-par-la-presse-a-sa-sortie-ceux-qui-sy-connaissent-vraiment-en-ont-tous-une\/#primaryimage\"},\"thumbnailUrl\":\"https:\/\/www.italpassion.fr\/wp-content\/uploads\/2026\/04\/348-jaune.jpg\",\"keywords\":[\"Ferrari 348\"],\"articleSection\":[\"Ferrari\"],\"inLanguage\":\"es\",\"potentialAction\":[{\"@type\":\"CommentAction\",\"name\":\"Comment\",\"target\":[\"https:\/\/www.italpassion.fr\/es\/ferrari\/la-ferrari-348-sest-fait-detruire-par-la-presse-a-sa-sortie-ceux-qui-sy-connaissent-vraiment-en-ont-tous-une\/#respond\"]}]},{\"@type\":\"WebPage\",\"@id\":\"https:\/\/www.italpassion.fr\/es\/ferrari\/la-ferrari-348-sest-fait-detruire-par-la-presse-a-sa-sortie-ceux-qui-sy-connaissent-vraiment-en-ont-tous-une\/\",\"url\":\"https:\/\/www.italpassion.fr\/es\/ferrari\/la-ferrari-348-sest-fait-detruire-par-la-presse-a-sa-sortie-ceux-qui-sy-connaissent-vraiment-en-ont-tous-une\/\",\"name\":\"La Ferrari 348 s'est fait d\u00e9truire par la presse \u00e0 sa sortie\u2026 \\\"ceux qui s'y connaissent vraiment en ont tous une\\\" - ItalPassion\",\"isPartOf\":{\"@id\":\"https:\/\/www.italpassion.fr\/es\/#website\"},\"primaryImageOfPage\":{\"@id\":\"https:\/\/www.italpassion.fr\/es\/ferrari\/la-ferrari-348-sest-fait-detruire-par-la-presse-a-sa-sortie-ceux-qui-sy-connaissent-vraiment-en-ont-tous-une\/#primaryimage\"},\"image\":{\"@id\":\"https:\/\/www.italpassion.fr\/es\/ferrari\/la-ferrari-348-sest-fait-detruire-par-la-presse-a-sa-sortie-ceux-qui-sy-connaissent-vraiment-en-ont-tous-une\/#primaryimage\"},\"thumbnailUrl\":\"https:\/\/www.italpassion.fr\/wp-content\/uploads\/2026\/04\/348-jaune.jpg\",\"datePublished\":\"2026-04-28T13:24:37+00:00\",\"description\":\"Lorsqu\u2019elle appara\u00eet au d\u00e9but des ann\u00e9es 1990, la Ferrari 348 n\u2019a pas la vie facile. Succ\u00e9dant \u00e0 la tr\u00e8s \u00e9l\u00e9gante Ferrari 328, elle choque imm\u00e9diatement.\",\"breadcrumb\":{\"@id\":\"https:\/\/www.italpassion.fr\/es\/ferrari\/la-ferrari-348-sest-fait-detruire-par-la-presse-a-sa-sortie-ceux-qui-sy-connaissent-vraiment-en-ont-tous-une\/#breadcrumb\"},\"inLanguage\":\"es\",\"potentialAction\":[{\"@type\":\"ReadAction\",\"target\":[\"https:\/\/www.italpassion.fr\/es\/ferrari\/la-ferrari-348-sest-fait-detruire-par-la-presse-a-sa-sortie-ceux-qui-sy-connaissent-vraiment-en-ont-tous-une\/\"]}]},{\"@type\":\"ImageObject\",\"inLanguage\":\"es\",\"@id\":\"https:\/\/www.italpassion.fr\/es\/ferrari\/la-ferrari-348-sest-fait-detruire-par-la-presse-a-sa-sortie-ceux-qui-sy-connaissent-vraiment-en-ont-tous-une\/#primaryimage\",\"url\":\"https:\/\/www.italpassion.fr\/wp-content\/uploads\/2026\/04\/348-jaune.jpg\",\"contentUrl\":\"https:\/\/www.italpassion.fr\/wp-content\/uploads\/2026\/04\/348-jaune.jpg\",\"width\":1200,\"height\":800},{\"@type\":\"BreadcrumbList\",\"@id\":\"https:\/\/www.italpassion.fr\/es\/ferrari\/la-ferrari-348-sest-fait-detruire-par-la-presse-a-sa-sortie-ceux-qui-sy-connaissent-vraiment-en-ont-tous-une\/#breadcrumb\",\"itemListElement\":[{\"@type\":\"ListItem\",\"position\":1,\"name\":\"Accueil\",\"item\":\"https:\/\/www.italpassion.fr\/es\/\"},{\"@type\":\"ListItem\",\"position\":2,\"name\":\"La Ferrari 348 s&rsquo;est fait d\u00e9truire par la presse \u00e0 sa sortie\u2026 \u00ab\u00a0ceux qui s&rsquo;y connaissent vraiment en ont tous une\u00a0\u00bb\"}]},{\"@type\":\"WebSite\",\"@id\":\"https:\/\/www.italpassion.fr\/es\/#website\",\"url\":\"https:\/\/www.italpassion.fr\/es\/\",\"name\":\"ItalPassion\",\"description\":\"Les Passionn\u00e9s d&#039;Automobiles Italiennes\",\"publisher\":{\"@id\":\"https:\/\/www.italpassion.fr\/es\/#organization\"},\"potentialAction\":[{\"@type\":\"SearchAction\",\"target\":{\"@type\":\"EntryPoint\",\"urlTemplate\":\"https:\/\/www.italpassion.fr\/es\/?s={search_term_string}\"},\"query-input\":{\"@type\":\"PropertyValueSpecification\",\"valueRequired\":true,\"valueName\":\"search_term_string\"}}],\"inLanguage\":\"es\"},{\"@type\":\"Organization\",\"@id\":\"https:\/\/www.italpassion.fr\/es\/#organization\",\"name\":\"Italpassion\",\"url\":\"https:\/\/www.italpassion.fr\/es\/\",\"logo\":{\"@type\":\"ImageObject\",\"inLanguage\":\"es\",\"@id\":\"https:\/\/www.italpassion.fr\/es\/#\/schema\/logo\/image\/\",\"url\":\"https:\/\/www.italpassion.fr\/wp-content\/uploads\/2023\/07\/italpassion-yoast.jpg\",\"contentUrl\":\"https:\/\/www.italpassion.fr\/wp-content\/uploads\/2023\/07\/italpassion-yoast.jpg\",\"width\":696,\"height\":696,\"caption\":\"Italpassion\"},\"image\":{\"@id\":\"https:\/\/www.italpassion.fr\/es\/#\/schema\/logo\/image\/\"},\"sameAs\":[\"https:\/\/www.facebook.com\/italpassion\",\"https:\/\/x.com\/italpassion\",\"https:\/\/www.instagram.com\/italpassionfr\/\",\"https:\/\/www.youtube.com\/channel\/UCleq-ByQaA42OjhopwevRjQ\",\"https:\/\/www.facebook.com\/italpassion.en\/\",\"https:\/\/www.facebook.com\/italpassion.it\/\",\"https:\/\/www.facebook.com\/italpassion.de\/\",\"https:\/\/www.facebook.com\/italpassion.ja\/\"]},{\"@type\":\"Person\",\"@id\":\"https:\/\/www.italpassion.fr\/es\/#\/schema\/person\/36f747b2a759ca202d847e85a9434ca0\",\"name\":\"Alexandre Filluzeau\",\"image\":{\"@type\":\"ImageObject\",\"inLanguage\":\"es\",\"@id\":\"https:\/\/www.italpassion.fr\/es\/#\/schema\/person\/image\/\",\"url\":\"https:\/\/www.italpassion.fr\/wp-content\/uploads\/2025\/04\/avatar-alexandre-160x160.jpg\",\"contentUrl\":\"https:\/\/www.italpassion.fr\/wp-content\/uploads\/2025\/04\/avatar-alexandre-160x160.jpg\",\"caption\":\"Alexandre Filluzeau\"},\"description\":\"Fondateur du site ItalPassion, passionn\u00e9 de voitures italiennes et de l'Italie en g\u00e9n\u00e9ral. J'apporte un regard critique et technique aux actualit\u00e9s des marques italiennes quand cela est possible. Propri\u00e9taire d'une Maserati GranTurismo, Alfa Romeo MiTo, Lancia Fulvia et Ducati 695. Ex-propri\u00e9taire d'une Alfa Romeo Giulia.\",\"sameAs\":[\"https:\/\/www.italpassion.fr\/\"],\"url\":\"https:\/\/www.italpassion.fr\/es\/author\/alexandre\/\"}]}<\/script>\n<!-- \/ Yoast SEO plugin. -->","yoast_head_json":{"title":"El Ferrari 348 fue destrozado por la prensa en su lanzamiento... \"los que de verdad saben lo que hacen tienen todos uno\" - ItalPassion","description":"Cuando apareci\u00f3 a principios de los a\u00f1os 90, el Ferrari 348 no lo tuvo f\u00e1cil. Como sucesor del elegant\u00edsimo Ferrari 328, supuso una conmoci\u00f3n inmediata.","robots":{"index":"index","follow":"follow","max-snippet":"max-snippet:-1","max-image-preview":"max-image-preview:large","max-video-preview":"max-video-preview:-1"},"canonical":"https:\/\/www.italpassion.fr\/es\/ferrari\/el-ferrari-348-fue-destrozado-por-la-prensa-cuando-salio-los-que-realmente-lo-saben-todo-tienen-uno\/","og_locale":"es_ES","og_type":"article","og_title":"La Ferrari 348 s'est fait d\u00e9truire par la presse \u00e0 sa sortie\u2026 \"ceux qui s'y connaissent vraiment en ont tous une\" - ItalPassion","og_description":"Lorsqu\u2019elle appara\u00eet au d\u00e9but des ann\u00e9es 1990, la Ferrari 348 n\u2019a pas la vie facile. Succ\u00e9dant \u00e0 la tr\u00e8s \u00e9l\u00e9gante Ferrari 328, elle choque imm\u00e9diatement.","og_url":"https:\/\/www.italpassion.fr\/es\/ferrari\/el-ferrari-348-fue-destrozado-por-la-prensa-cuando-salio-los-que-realmente-lo-saben-todo-tienen-uno\/","og_site_name":"ItalPassion","article_publisher":"https:\/\/www.facebook.com\/italpassion","article_published_time":"2026-04-28T13:24:37+00:00","og_image":[{"width":1200,"height":800,"url":"https:\/\/www.italpassion.fr\/wp-content\/uploads\/2026\/04\/348-jaune.jpg","type":"image\/jpeg"}],"author":"Alexandre Filluzeau","twitter_card":"summary_large_image","twitter_creator":"@italpassion","twitter_site":"@italpassion","schema":{"@context":"https:\/\/schema.org","@graph":[{"@type":"NewsArticle","@id":"https:\/\/www.italpassion.fr\/es\/ferrari\/la-ferrari-348-sest-fait-detruire-par-la-presse-a-sa-sortie-ceux-qui-sy-connaissent-vraiment-en-ont-tous-une\/#article","isPartOf":{"@id":"https:\/\/www.italpassion.fr\/es\/ferrari\/la-ferrari-348-sest-fait-detruire-par-la-presse-a-sa-sortie-ceux-qui-sy-connaissent-vraiment-en-ont-tous-une\/"},"author":{"name":"Alexandre Filluzeau","@id":"https:\/\/www.italpassion.fr\/es\/#\/schema\/person\/36f747b2a759ca202d847e85a9434ca0"},"headline":"La Ferrari 348 s&rsquo;est fait d\u00e9truire par la presse \u00e0 sa sortie\u2026 \u00ab\u00a0ceux qui s&rsquo;y connaissent vraiment en ont tous une\u00a0\u00bb","datePublished":"2026-04-28T13:24:37+00:00","mainEntityOfPage":{"@id":"https:\/\/www.italpassion.fr\/es\/ferrari\/la-ferrari-348-sest-fait-detruire-par-la-presse-a-sa-sortie-ceux-qui-sy-connaissent-vraiment-en-ont-tous-une\/"},"wordCount":753,"commentCount":0,"publisher":{"@id":"https:\/\/www.italpassion.fr\/es\/#organization"},"image":{"@id":"https:\/\/www.italpassion.fr\/es\/ferrari\/la-ferrari-348-sest-fait-detruire-par-la-presse-a-sa-sortie-ceux-qui-sy-connaissent-vraiment-en-ont-tous-une\/#primaryimage"},"thumbnailUrl":"https:\/\/www.italpassion.fr\/wp-content\/uploads\/2026\/04\/348-jaune.jpg","keywords":["Ferrari 348"],"articleSection":["Ferrari"],"inLanguage":"es","potentialAction":[{"@type":"CommentAction","name":"Comment","target":["https:\/\/www.italpassion.fr\/es\/ferrari\/la-ferrari-348-sest-fait-detruire-par-la-presse-a-sa-sortie-ceux-qui-sy-connaissent-vraiment-en-ont-tous-une\/#respond"]}]},{"@type":"WebPage","@id":"https:\/\/www.italpassion.fr\/es\/ferrari\/la-ferrari-348-sest-fait-detruire-par-la-presse-a-sa-sortie-ceux-qui-sy-connaissent-vraiment-en-ont-tous-une\/","url":"https:\/\/www.italpassion.fr\/es\/ferrari\/la-ferrari-348-sest-fait-detruire-par-la-presse-a-sa-sortie-ceux-qui-sy-connaissent-vraiment-en-ont-tous-une\/","name":"El Ferrari 348 fue destrozado por la prensa en su lanzamiento... \"los que de verdad saben lo que hacen tienen todos uno\" - ItalPassion","isPartOf":{"@id":"https:\/\/www.italpassion.fr\/es\/#website"},"primaryImageOfPage":{"@id":"https:\/\/www.italpassion.fr\/es\/ferrari\/la-ferrari-348-sest-fait-detruire-par-la-presse-a-sa-sortie-ceux-qui-sy-connaissent-vraiment-en-ont-tous-une\/#primaryimage"},"image":{"@id":"https:\/\/www.italpassion.fr\/es\/ferrari\/la-ferrari-348-sest-fait-detruire-par-la-presse-a-sa-sortie-ceux-qui-sy-connaissent-vraiment-en-ont-tous-une\/#primaryimage"},"thumbnailUrl":"https:\/\/www.italpassion.fr\/wp-content\/uploads\/2026\/04\/348-jaune.jpg","datePublished":"2026-04-28T13:24:37+00:00","description":"Cuando apareci\u00f3 a principios de los a\u00f1os 90, el Ferrari 348 no lo tuvo f\u00e1cil. Como sucesor del elegant\u00edsimo Ferrari 328, supuso una conmoci\u00f3n inmediata.","breadcrumb":{"@id":"https:\/\/www.italpassion.fr\/es\/ferrari\/la-ferrari-348-sest-fait-detruire-par-la-presse-a-sa-sortie-ceux-qui-sy-connaissent-vraiment-en-ont-tous-une\/#breadcrumb"},"inLanguage":"es","potentialAction":[{"@type":"ReadAction","target":["https:\/\/www.italpassion.fr\/es\/ferrari\/la-ferrari-348-sest-fait-detruire-par-la-presse-a-sa-sortie-ceux-qui-sy-connaissent-vraiment-en-ont-tous-une\/"]}]},{"@type":"ImageObject","inLanguage":"es","@id":"https:\/\/www.italpassion.fr\/es\/ferrari\/la-ferrari-348-sest-fait-detruire-par-la-presse-a-sa-sortie-ceux-qui-sy-connaissent-vraiment-en-ont-tous-une\/#primaryimage","url":"https:\/\/www.italpassion.fr\/wp-content\/uploads\/2026\/04\/348-jaune.jpg","contentUrl":"https:\/\/www.italpassion.fr\/wp-content\/uploads\/2026\/04\/348-jaune.jpg","width":1200,"height":800},{"@type":"BreadcrumbList","@id":"https:\/\/www.italpassion.fr\/es\/ferrari\/la-ferrari-348-sest-fait-detruire-par-la-presse-a-sa-sortie-ceux-qui-sy-connaissent-vraiment-en-ont-tous-une\/#breadcrumb","itemListElement":[{"@type":"ListItem","position":1,"name":"Accueil","item":"https:\/\/www.italpassion.fr\/es\/"},{"@type":"ListItem","position":2,"name":"La Ferrari 348 s&rsquo;est fait d\u00e9truire par la presse \u00e0 sa sortie\u2026 \u00ab\u00a0ceux qui s&rsquo;y connaissent vraiment en ont tous une\u00a0\u00bb"}]},{"@type":"WebSite","@id":"https:\/\/www.italpassion.fr\/es\/#website","url":"https:\/\/www.italpassion.fr\/es\/","name":"ItalPassion","description":"Entusiastas de los coches italianos","publisher":{"@id":"https:\/\/www.italpassion.fr\/es\/#organization"},"potentialAction":[{"@type":"SearchAction","target":{"@type":"EntryPoint","urlTemplate":"https:\/\/www.italpassion.fr\/es\/?s={search_term_string}"},"query-input":{"@type":"PropertyValueSpecification","valueRequired":true,"valueName":"search_term_string"}}],"inLanguage":"es"},{"@type":"Organization","@id":"https:\/\/www.italpassion.fr\/es\/#organization","name":"Italpassion","url":"https:\/\/www.italpassion.fr\/es\/","logo":{"@type":"ImageObject","inLanguage":"es","@id":"https:\/\/www.italpassion.fr\/es\/#\/schema\/logo\/image\/","url":"https:\/\/www.italpassion.fr\/wp-content\/uploads\/2023\/07\/italpassion-yoast.jpg","contentUrl":"https:\/\/www.italpassion.fr\/wp-content\/uploads\/2023\/07\/italpassion-yoast.jpg","width":696,"height":696,"caption":"Italpassion"},"image":{"@id":"https:\/\/www.italpassion.fr\/es\/#\/schema\/logo\/image\/"},"sameAs":["https:\/\/www.facebook.com\/italpassion","https:\/\/x.com\/italpassion","https:\/\/www.instagram.com\/italpassionfr\/","https:\/\/www.youtube.com\/channel\/UCleq-ByQaA42OjhopwevRjQ","https:\/\/www.facebook.com\/italpassion.en\/","https:\/\/www.facebook.com\/italpassion.it\/","https:\/\/www.facebook.com\/italpassion.de\/","https:\/\/www.facebook.com\/italpassion.ja\/"]},{"@type":"Person","@id":"https:\/\/www.italpassion.fr\/es\/#\/schema\/person\/36f747b2a759ca202d847e85a9434ca0","name":"Alexandre Filluzeau","image":{"@type":"ImageObject","inLanguage":"es","@id":"https:\/\/www.italpassion.fr\/es\/#\/schema\/person\/image\/","url":"https:\/\/www.italpassion.fr\/wp-content\/uploads\/2025\/04\/avatar-alexandre-160x160.jpg","contentUrl":"https:\/\/www.italpassion.fr\/wp-content\/uploads\/2025\/04\/avatar-alexandre-160x160.jpg","caption":"Alexandre Filluzeau"},"description":"Fundador del sitio web ItalPassion, apasionado de los coches italianos y de Italia en general. Aporto una mirada cr\u00edtica y t\u00e9cnica a las noticias de las marcas italianas cuando es posible. Propietario de un Maserati GranTurismo, Alfa Romeo MiTo, Lancia Fulvia y Ducati 695. Ex-propietario de un Alfa Romeo Giulia.","sameAs":["https:\/\/www.italpassion.fr\/"],"url":"https:\/\/www.italpassion.fr\/es\/author\/alexandre\/"}]}},"_links":{"self":[{"href":"https:\/\/www.italpassion.fr\/es\/wp-json\/wp\/v2\/posts\/49328","targetHints":{"allow":["GET"]}}],"collection":[{"href":"https:\/\/www.italpassion.fr\/es\/wp-json\/wp\/v2\/posts"}],"about":[{"href":"https:\/\/www.italpassion.fr\/es\/wp-json\/wp\/v2\/types\/post"}],"author":[{"embeddable":true,"href":"https:\/\/www.italpassion.fr\/es\/wp-json\/wp\/v2\/users\/1"}],"replies":[{"embeddable":true,"href":"https:\/\/www.italpassion.fr\/es\/wp-json\/wp\/v2\/comments?post=49328"}],"version-history":[{"count":2,"href":"https:\/\/www.italpassion.fr\/es\/wp-json\/wp\/v2\/posts\/49328\/revisions"}],"predecessor-version":[{"id":49431,"href":"https:\/\/www.italpassion.fr\/es\/wp-json\/wp\/v2\/posts\/49328\/revisions\/49431"}],"wp:featuredmedia":[{"embeddable":true,"href":"https:\/\/www.italpassion.fr\/es\/wp-json\/wp\/v2\/media\/49422"}],"wp:attachment":[{"href":"https:\/\/www.italpassion.fr\/es\/wp-json\/wp\/v2\/media?parent=49328"}],"wp:term":[{"taxonomy":"category","embeddable":true,"href":"https:\/\/www.italpassion.fr\/es\/wp-json\/wp\/v2\/categories?post=49328"},{"taxonomy":"post_tag","embeddable":true,"href":"https:\/\/www.italpassion.fr\/es\/wp-json\/wp\/v2\/tags?post=49328"}],"curies":[{"name":"wp","href":"https:\/\/api.w.org\/{rel}","templated":true}]}}