{"id":49032,"date":"2026-04-29T15:03:07","date_gmt":"2026-04-29T13:03:07","guid":{"rendered":"https:\/\/www.italpassion.fr\/?p=49032"},"modified":"2026-04-27T16:31:09","modified_gmt":"2026-04-27T14:31:09","slug":"este-extrano-ferrari-no-tiene-puertas-ni-techo-y-se-compara-con-un-zapato","status":"publish","type":"post","link":"https:\/\/www.italpassion.fr\/es\/ferrari\/cette-etrange-ferrari-na-ni-portes-ni-toit-et-est-comparee-a-une-chaussure\/","title":{"rendered":"Este extra\u00f1o Ferrari no tiene puertas ni techo... y se compara con un zapato"},"content":{"rendered":"<figure class=\"wp-block-image size-full\"><img loading=\"lazy\" decoding=\"async\" width=\"1200\" height=\"800\" src=\"https:\/\/www.italpassion.fr\/wp-content\/uploads\/2026\/04\/ferrari-conciso.jpg\" alt=\"\" class=\"wp-image-49372\" srcset=\"https:\/\/www.italpassion.fr\/wp-content\/uploads\/2026\/04\/ferrari-conciso.jpg 1200w, https:\/\/www.italpassion.fr\/wp-content\/uploads\/2026\/04\/ferrari-conciso-420x280.jpg 420w, https:\/\/www.italpassion.fr\/wp-content\/uploads\/2026\/04\/ferrari-conciso-768x512.jpg 768w, https:\/\/www.italpassion.fr\/wp-content\/uploads\/2026\/04\/ferrari-conciso-18x12.jpg 18w\" sizes=\"auto, (max-width: 1200px) 100vw, 1200px\" \/><\/figure>\n\n\n\n<p>En <a href=\"https:\/\/www.italpassion.fr\/es\/ferrari\/\">Ferrari<\/a>, Cada modelo raro suele causar revuelo. Las piezas \u00fanicas de la marca son analizadas, comentadas y fotografiadas desde todos los \u00e1ngulos. Sin embargo, hay una excepci\u00f3n casi olvidada: el Ferrari Conciso. Un modelo tan at\u00edpico que incluso a algunos entusiastas les costar\u00eda identificarlo como un Ferrari.<\/p>\n\n\n\n<p>Presentado en 1993, esta creaci\u00f3n \u00fanica no sali\u00f3 directamente de los talleres de Maranello, sino de la imaginaci\u00f3n del dise\u00f1ador alem\u00e1n Bernd Michalak. Basado en un Ferrari 328 GTS de 1989, el Conciso es la interpretaci\u00f3n radical del dise\u00f1ador de lo que puede ser un deportivo: despojado, extremo, casi desconcertante.<\/p>\n\n\n\n<figure class=\"wp-block-image size-full\"><img loading=\"lazy\" decoding=\"async\" width=\"1200\" height=\"623\" src=\"https:\/\/www.italpassion.fr\/wp-content\/uploads\/2026\/04\/Bernd-Michalak.jpg\" alt=\"\" class=\"wp-image-49374\" srcset=\"https:\/\/www.italpassion.fr\/wp-content\/uploads\/2026\/04\/Bernd-Michalak.jpg 1200w, https:\/\/www.italpassion.fr\/wp-content\/uploads\/2026\/04\/Bernd-Michalak-420x218.jpg 420w, https:\/\/www.italpassion.fr\/wp-content\/uploads\/2026\/04\/Bernd-Michalak-768x399.jpg 768w, https:\/\/www.italpassion.fr\/wp-content\/uploads\/2026\/04\/Bernd-Michalak-18x9.jpg 18w\" sizes=\"auto, (max-width: 1200px) 100vw, 1200px\" \/><\/figure>\n\n\n\n<p>A primera vista, es un choque visual. Mientras que los Ferrari de los 80 ten\u00edan l\u00edneas tensas y agresivas, el Conciso adopta formas redondeadas, compactas, casi juguetonas. Algunos lo han comparado con un \u00abzapato sonriente\u00bb, otros con un ornitorrinco o incluso con una aspiradora port\u00e1til. Estos apodos reflejan la incomodidad que puede provocar entre los puristas.<\/p>\n\n\n\n<p>Pero detr\u00e1s de esta silueta inusual se esconde un verdadero planteamiento. El nombre \u00abConciso\u00bb, que significa \u00abconciso\u00bb en italiano, resume perfectamente la filosof\u00eda del proyecto. \u00bfLa idea? Eliminar todo lo que no sea esencial para la conducci\u00f3n. El resultado: sin techo, sin puertas y sin apenas parabrisas. Para subir a bordo, hay que trepar literalmente por la carrocer\u00eda.<\/p>\n\n\n\n<figure class=\"wp-block-image size-full\"><img loading=\"lazy\" decoding=\"async\" width=\"1200\" height=\"836\" src=\"https:\/\/www.italpassion.fr\/wp-content\/uploads\/2026\/04\/ferrari-conciso-6.jpg\" alt=\"\" class=\"wp-image-49375\" srcset=\"https:\/\/www.italpassion.fr\/wp-content\/uploads\/2026\/04\/ferrari-conciso-6.jpg 1200w, https:\/\/www.italpassion.fr\/wp-content\/uploads\/2026\/04\/ferrari-conciso-6-420x293.jpg 420w, https:\/\/www.italpassion.fr\/wp-content\/uploads\/2026\/04\/ferrari-conciso-6-768x535.jpg 768w, https:\/\/www.italpassion.fr\/wp-content\/uploads\/2026\/04\/ferrari-conciso-6-18x12.jpg 18w\" sizes=\"auto, (max-width: 1200px) 100vw, 1200px\" \/><\/figure>\n\n\n\n<figure class=\"wp-block-image size-full\"><img loading=\"lazy\" decoding=\"async\" width=\"1200\" height=\"836\" src=\"https:\/\/www.italpassion.fr\/wp-content\/uploads\/2026\/04\/ferrari-conciso-7.jpg\" alt=\"\" class=\"wp-image-49376\" srcset=\"https:\/\/www.italpassion.fr\/wp-content\/uploads\/2026\/04\/ferrari-conciso-7.jpg 1200w, https:\/\/www.italpassion.fr\/wp-content\/uploads\/2026\/04\/ferrari-conciso-7-420x293.jpg 420w, https:\/\/www.italpassion.fr\/wp-content\/uploads\/2026\/04\/ferrari-conciso-7-768x535.jpg 768w, https:\/\/www.italpassion.fr\/wp-content\/uploads\/2026\/04\/ferrari-conciso-7-18x12.jpg 18w\" sizes=\"auto, (max-width: 1200px) 100vw, 1200px\" \/><\/figure>\n\n\n\n<figure class=\"wp-block-image size-full\"><img loading=\"lazy\" decoding=\"async\" width=\"1200\" height=\"836\" src=\"https:\/\/www.italpassion.fr\/wp-content\/uploads\/2026\/04\/ferrari-conciso-8.jpg\" alt=\"\" class=\"wp-image-49377\" srcset=\"https:\/\/www.italpassion.fr\/wp-content\/uploads\/2026\/04\/ferrari-conciso-8.jpg 1200w, https:\/\/www.italpassion.fr\/wp-content\/uploads\/2026\/04\/ferrari-conciso-8-420x293.jpg 420w, https:\/\/www.italpassion.fr\/wp-content\/uploads\/2026\/04\/ferrari-conciso-8-768x535.jpg 768w, https:\/\/www.italpassion.fr\/wp-content\/uploads\/2026\/04\/ferrari-conciso-8-18x12.jpg 18w\" sizes=\"auto, (max-width: 1200px) 100vw, 1200px\" \/><\/figure>\n\n\n\n<p>Este enfoque minimalista se ha traducido en un espectacular ahorro de peso. Unos 30 % m\u00e1s ligero que el 328 GTS original, el Conciso pesa s\u00f3lo 932 kg. Este adelgazamiento ha sido posible gracias a una carrocer\u00eda de aluminio fabricada a mano y a la eliminaci\u00f3n de numerosos elementos de confort.<\/p>\n\n\n\n<figure class=\"wp-block-image size-full\"><img loading=\"lazy\" decoding=\"async\" width=\"1200\" height=\"800\" src=\"https:\/\/www.italpassion.fr\/wp-content\/uploads\/2026\/04\/ferrari-conciso-2.jpg\" alt=\"\" class=\"wp-image-49378\" srcset=\"https:\/\/www.italpassion.fr\/wp-content\/uploads\/2026\/04\/ferrari-conciso-2.jpg 1200w, https:\/\/www.italpassion.fr\/wp-content\/uploads\/2026\/04\/ferrari-conciso-2-420x280.jpg 420w, https:\/\/www.italpassion.fr\/wp-content\/uploads\/2026\/04\/ferrari-conciso-2-768x512.jpg 768w, https:\/\/www.italpassion.fr\/wp-content\/uploads\/2026\/04\/ferrari-conciso-2-18x12.jpg 18w\" sizes=\"auto, (max-width: 1200px) 100vw, 1200px\" \/><\/figure>\n\n\n\n<figure class=\"wp-block-image size-full\"><img loading=\"lazy\" decoding=\"async\" width=\"1200\" height=\"800\" src=\"https:\/\/www.italpassion.fr\/wp-content\/uploads\/2026\/04\/ferrari-conciso-3.jpg\" alt=\"\" class=\"wp-image-49379\" srcset=\"https:\/\/www.italpassion.fr\/wp-content\/uploads\/2026\/04\/ferrari-conciso-3.jpg 1200w, https:\/\/www.italpassion.fr\/wp-content\/uploads\/2026\/04\/ferrari-conciso-3-420x280.jpg 420w, https:\/\/www.italpassion.fr\/wp-content\/uploads\/2026\/04\/ferrari-conciso-3-768x512.jpg 768w, https:\/\/www.italpassion.fr\/wp-content\/uploads\/2026\/04\/ferrari-conciso-3-18x12.jpg 18w\" sizes=\"auto, (max-width: 1200px) 100vw, 1200px\" \/><\/figure>\n\n\n\n<p>Bajo este exterior at\u00edpico se esconde una cadena cinem\u00e1tica familiar. El V8 Quattrovalvole de 3,2 litros del 328 GTS sigue ah\u00ed, desarrollando unos 270 CV. Combinado con una caja de cambios manual de puertas abiertas, impulsa a este Ferrari \u00fanico de 0 a 100 km\/h en unos 5 segundos, con una velocidad m\u00e1xima cercana a los 278 km\/h. Estas prestaciones son a\u00fan m\u00e1s impresionantes si se tiene en cuenta que la experiencia de conducci\u00f3n es totalmente cruda, sin filtros y expuesta a los elementos.<\/p>\n\n\n\n<figure class=\"wp-block-image size-full\"><img loading=\"lazy\" decoding=\"async\" width=\"1200\" height=\"800\" src=\"https:\/\/www.italpassion.fr\/wp-content\/uploads\/2026\/04\/ferrari-conciso-moteur.jpg\" alt=\"\" class=\"wp-image-49384\" srcset=\"https:\/\/www.italpassion.fr\/wp-content\/uploads\/2026\/04\/ferrari-conciso-moteur.jpg 1200w, https:\/\/www.italpassion.fr\/wp-content\/uploads\/2026\/04\/ferrari-conciso-moteur-420x280.jpg 420w, https:\/\/www.italpassion.fr\/wp-content\/uploads\/2026\/04\/ferrari-conciso-moteur-768x512.jpg 768w, https:\/\/www.italpassion.fr\/wp-content\/uploads\/2026\/04\/ferrari-conciso-moteur-18x12.jpg 18w\" sizes=\"auto, (max-width: 1200px) 100vw, 1200px\" \/><\/figure>\n\n\n\n<figure class=\"wp-block-image size-full\"><img loading=\"lazy\" decoding=\"async\" width=\"1200\" height=\"800\" src=\"https:\/\/www.italpassion.fr\/wp-content\/uploads\/2026\/04\/ferrari-conciso-10.jpg\" alt=\"\" class=\"wp-image-49381\" srcset=\"https:\/\/www.italpassion.fr\/wp-content\/uploads\/2026\/04\/ferrari-conciso-10.jpg 1200w, https:\/\/www.italpassion.fr\/wp-content\/uploads\/2026\/04\/ferrari-conciso-10-420x280.jpg 420w, https:\/\/www.italpassion.fr\/wp-content\/uploads\/2026\/04\/ferrari-conciso-10-768x512.jpg 768w, https:\/\/www.italpassion.fr\/wp-content\/uploads\/2026\/04\/ferrari-conciso-10-18x12.jpg 18w\" sizes=\"auto, (max-width: 1200px) 100vw, 1200px\" \/><\/figure>\n\n\n\n<figure class=\"wp-block-image size-full\"><img loading=\"lazy\" decoding=\"async\" width=\"1200\" height=\"800\" src=\"https:\/\/www.italpassion.fr\/wp-content\/uploads\/2026\/04\/ferrari-conciso-9.jpg\" alt=\"\" class=\"wp-image-49382\" srcset=\"https:\/\/www.italpassion.fr\/wp-content\/uploads\/2026\/04\/ferrari-conciso-9.jpg 1200w, https:\/\/www.italpassion.fr\/wp-content\/uploads\/2026\/04\/ferrari-conciso-9-420x280.jpg 420w, https:\/\/www.italpassion.fr\/wp-content\/uploads\/2026\/04\/ferrari-conciso-9-768x512.jpg 768w, https:\/\/www.italpassion.fr\/wp-content\/uploads\/2026\/04\/ferrari-conciso-9-18x12.jpg 18w\" sizes=\"auto, (max-width: 1200px) 100vw, 1200px\" \/><\/figure>\n\n\n\n<p>En el interior, el ambiente est\u00e1 decididamente orientado a las prestaciones. Los asientos tipo butaca, los arneses, el volante deportivo y la instrumentaci\u00f3n anal\u00f3gica nos recuerdan que lo esencial est\u00e1 en otra parte: en el v\u00ednculo directo entre el conductor y la m\u00e1quina. Conducir un Conciso es sentir cada vibraci\u00f3n, cada ruido mec\u00e1nico, cada soplo del motor.<\/p>\n\n\n\n<figure class=\"wp-block-image size-full\"><img loading=\"lazy\" decoding=\"async\" width=\"1200\" height=\"800\" src=\"https:\/\/www.italpassion.fr\/wp-content\/uploads\/2026\/04\/ferrari-conciso-5.jpg\" alt=\"\" class=\"wp-image-49380\" srcset=\"https:\/\/www.italpassion.fr\/wp-content\/uploads\/2026\/04\/ferrari-conciso-5.jpg 1200w, https:\/\/www.italpassion.fr\/wp-content\/uploads\/2026\/04\/ferrari-conciso-5-420x280.jpg 420w, https:\/\/www.italpassion.fr\/wp-content\/uploads\/2026\/04\/ferrari-conciso-5-768x512.jpg 768w, https:\/\/www.italpassion.fr\/wp-content\/uploads\/2026\/04\/ferrari-conciso-5-18x12.jpg 18w\" sizes=\"auto, (max-width: 1200px) 100vw, 1200px\" \/><\/figure>\n\n\n\n<figure class=\"wp-block-image size-full\"><img loading=\"lazy\" decoding=\"async\" width=\"1200\" height=\"800\" src=\"https:\/\/www.italpassion.fr\/wp-content\/uploads\/2026\/04\/ferrari-conciso-11.jpg\" alt=\"\" class=\"wp-image-49383\" srcset=\"https:\/\/www.italpassion.fr\/wp-content\/uploads\/2026\/04\/ferrari-conciso-11.jpg 1200w, https:\/\/www.italpassion.fr\/wp-content\/uploads\/2026\/04\/ferrari-conciso-11-420x280.jpg 420w, https:\/\/www.italpassion.fr\/wp-content\/uploads\/2026\/04\/ferrari-conciso-11-768x512.jpg 768w, https:\/\/www.italpassion.fr\/wp-content\/uploads\/2026\/04\/ferrari-conciso-11-18x12.jpg 18w\" sizes=\"auto, (max-width: 1200px) 100vw, 1200px\" \/><\/figure>\n\n\n\n<p>Presentado en el Sal\u00f3n del Autom\u00f3vil de Fr\u00e1ncfort, el Conciso nunca estuvo destinado a la producci\u00f3n en serie. Formaba parte de una \u00e9poca en la que los carroceros independientes a\u00fan se atrev\u00edan a experimentar sin restricciones, ampliando los l\u00edmites del dise\u00f1o automovil\u00edstico. Esta audacia se vio recompensada en 1994 con un premio en los Eurosign Design Awards.<\/p>\n\n\n\n<p>Tras cambiar de manos entre coleccionistas europeos y estadounidenses, el coche lleg\u00f3 a exponerse... en un sal\u00f3n privado, como una obra de arte. M\u00e1s recientemente, ha reaparecido en subasta, alcanzando algo m\u00e1s de 117.000 euros en 2017. Hoy, el Ferrari Conciso emerge ocasionalmente de las sombras, como ocurre actualmente en el Petersen Automotive Museum, donde est\u00e1 expuesto. Una rara oportunidad para los curiosos de descubrir este exc\u00e9ntrico concepto de Ferrari.<\/p>\n\n\n\n<figure class=\"wp-block-embed is-type-video is-provider-youtube wp-block-embed-youtube wp-embed-aspect-16-9 wp-has-aspect-ratio\"><div class=\"wp-block-embed__wrapper\">\n<iframe loading=\"lazy\" title=\"ONE OF ONE | La historia jam\u00e1s contada de la construcci\u00f3n m\u00e1s exclusiva de Ferrari\" width=\"1200\" height=\"675\" src=\"https:\/\/www.youtube-nocookie.com\/embed\/Q-eG2i0bf2s?feature=oembed\" frameborder=\"0\" allow=\"accelerometer; autoplay; clipboard-write; encrypted-media; gyroscope; picture-in-picture; web-share\" referrerpolicy=\"strict-origin-when-cross-origin\" allowfullscreen><\/iframe>\n<\/div><\/figure>\n\n\n\n<p><\/p>","protected":false},"excerpt":{"rendered":"","protected":false},"author":1,"featured_media":49372,"comment_status":"open","ping_status":"open","sticky":false,"template":"","format":"standard","meta":{"_acf_changed":false,"_sitemap_exclude":false,"_sitemap_priority":"","_sitemap_frequency":"","footnotes":""},"categories":[23],"tags":[785],"class_list":["post-49032","post","type-post","status-publish","format-standard","has-post-thumbnail","hentry","category-ferrari","tag-ferrari-conciso","generate-columns","tablet-grid-50","mobile-grid-100","grid-parent","grid-33"],"acf":[],"yoast_head":"<!-- This site is optimized with the Yoast SEO plugin v25.8 - https:\/\/yoast.com\/wordpress\/plugins\/seo\/ -->\n<title>Cette \u00e9trange Ferrari n&#039;a ni portes ni toit\u2026 et est compar\u00e9e \u00e0 une chaussure - ItalPassion<\/title>\n<meta name=\"description\" content=\"Chez Ferrari, chaque mod\u00e8le rare fait g\u00e9n\u00e9ralement grand bruit. Les one-off de la marque sont scrut\u00e9s, comment\u00e9s, photographi\u00e9s sous tous les angles. Et\" \/>\n<meta name=\"robots\" content=\"index, follow, max-snippet:-1, max-image-preview:large, max-video-preview:-1\" \/>\n<link rel=\"canonical\" href=\"https:\/\/www.italpassion.fr\/es\/ferrari\/este-extrano-ferrari-no-tiene-puertas-ni-techo-y-se-compara-con-un-zapato\/\" \/>\n<meta property=\"og:locale\" content=\"es_ES\" \/>\n<meta property=\"og:type\" content=\"article\" \/>\n<meta property=\"og:title\" content=\"Cette \u00e9trange Ferrari n&#039;a ni portes ni toit\u2026 et est compar\u00e9e \u00e0 une chaussure - ItalPassion\" \/>\n<meta property=\"og:description\" content=\"Chez Ferrari, chaque mod\u00e8le rare fait g\u00e9n\u00e9ralement grand bruit. Les one-off de la marque sont scrut\u00e9s, comment\u00e9s, photographi\u00e9s sous tous les angles. Et\" \/>\n<meta property=\"og:url\" content=\"https:\/\/www.italpassion.fr\/es\/ferrari\/este-extrano-ferrari-no-tiene-puertas-ni-techo-y-se-compara-con-un-zapato\/\" \/>\n<meta property=\"og:site_name\" content=\"ItalPassion\" \/>\n<meta property=\"article:publisher\" content=\"https:\/\/www.facebook.com\/italpassion\" \/>\n<meta property=\"article:published_time\" content=\"2026-04-29T13:03:07+00:00\" \/>\n<meta property=\"og:image\" content=\"https:\/\/www.italpassion.fr\/wp-content\/uploads\/2026\/04\/ferrari-conciso.jpg\" \/>\n\t<meta property=\"og:image:width\" content=\"1200\" \/>\n\t<meta property=\"og:image:height\" content=\"800\" \/>\n\t<meta property=\"og:image:type\" content=\"image\/jpeg\" \/>\n<meta name=\"author\" content=\"Alexandre Filluzeau\" \/>\n<meta name=\"twitter:card\" content=\"summary_large_image\" \/>\n<meta name=\"twitter:creator\" content=\"@italpassion\" \/>\n<meta name=\"twitter:site\" content=\"@italpassion\" \/>\n<script type=\"application\/ld+json\" class=\"yoast-schema-graph\">{\"@context\":\"https:\/\/schema.org\",\"@graph\":[{\"@type\":\"NewsArticle\",\"@id\":\"https:\/\/www.italpassion.fr\/es\/ferrari\/cette-etrange-ferrari-na-ni-portes-ni-toit-et-est-comparee-a-une-chaussure\/#article\",\"isPartOf\":{\"@id\":\"https:\/\/www.italpassion.fr\/es\/ferrari\/cette-etrange-ferrari-na-ni-portes-ni-toit-et-est-comparee-a-une-chaussure\/\"},\"author\":{\"name\":\"Alexandre Filluzeau\",\"@id\":\"https:\/\/www.italpassion.fr\/es\/#\/schema\/person\/36f747b2a759ca202d847e85a9434ca0\"},\"headline\":\"Cette \u00e9trange Ferrari n&rsquo;a ni portes ni toit\u2026 et est compar\u00e9e \u00e0 une chaussure\",\"datePublished\":\"2026-04-29T13:03:07+00:00\",\"mainEntityOfPage\":{\"@id\":\"https:\/\/www.italpassion.fr\/es\/ferrari\/cette-etrange-ferrari-na-ni-portes-ni-toit-et-est-comparee-a-une-chaussure\/\"},\"wordCount\":597,\"commentCount\":0,\"publisher\":{\"@id\":\"https:\/\/www.italpassion.fr\/es\/#organization\"},\"image\":{\"@id\":\"https:\/\/www.italpassion.fr\/es\/ferrari\/cette-etrange-ferrari-na-ni-portes-ni-toit-et-est-comparee-a-une-chaussure\/#primaryimage\"},\"thumbnailUrl\":\"https:\/\/www.italpassion.fr\/wp-content\/uploads\/2026\/04\/ferrari-conciso.jpg\",\"keywords\":[\"Ferrari Conciso\"],\"articleSection\":[\"Ferrari\"],\"inLanguage\":\"es\",\"potentialAction\":[{\"@type\":\"CommentAction\",\"name\":\"Comment\",\"target\":[\"https:\/\/www.italpassion.fr\/es\/ferrari\/cette-etrange-ferrari-na-ni-portes-ni-toit-et-est-comparee-a-une-chaussure\/#respond\"]}]},{\"@type\":\"WebPage\",\"@id\":\"https:\/\/www.italpassion.fr\/es\/ferrari\/cette-etrange-ferrari-na-ni-portes-ni-toit-et-est-comparee-a-une-chaussure\/\",\"url\":\"https:\/\/www.italpassion.fr\/es\/ferrari\/cette-etrange-ferrari-na-ni-portes-ni-toit-et-est-comparee-a-une-chaussure\/\",\"name\":\"Cette \u00e9trange Ferrari n'a ni portes ni toit\u2026 et est compar\u00e9e \u00e0 une chaussure - ItalPassion\",\"isPartOf\":{\"@id\":\"https:\/\/www.italpassion.fr\/es\/#website\"},\"primaryImageOfPage\":{\"@id\":\"https:\/\/www.italpassion.fr\/es\/ferrari\/cette-etrange-ferrari-na-ni-portes-ni-toit-et-est-comparee-a-une-chaussure\/#primaryimage\"},\"image\":{\"@id\":\"https:\/\/www.italpassion.fr\/es\/ferrari\/cette-etrange-ferrari-na-ni-portes-ni-toit-et-est-comparee-a-une-chaussure\/#primaryimage\"},\"thumbnailUrl\":\"https:\/\/www.italpassion.fr\/wp-content\/uploads\/2026\/04\/ferrari-conciso.jpg\",\"datePublished\":\"2026-04-29T13:03:07+00:00\",\"description\":\"Chez Ferrari, chaque mod\u00e8le rare fait g\u00e9n\u00e9ralement grand bruit. Les one-off de la marque sont scrut\u00e9s, comment\u00e9s, photographi\u00e9s sous tous les angles. Et\",\"breadcrumb\":{\"@id\":\"https:\/\/www.italpassion.fr\/es\/ferrari\/cette-etrange-ferrari-na-ni-portes-ni-toit-et-est-comparee-a-une-chaussure\/#breadcrumb\"},\"inLanguage\":\"es\",\"potentialAction\":[{\"@type\":\"ReadAction\",\"target\":[\"https:\/\/www.italpassion.fr\/es\/ferrari\/cette-etrange-ferrari-na-ni-portes-ni-toit-et-est-comparee-a-une-chaussure\/\"]}]},{\"@type\":\"ImageObject\",\"inLanguage\":\"es\",\"@id\":\"https:\/\/www.italpassion.fr\/es\/ferrari\/cette-etrange-ferrari-na-ni-portes-ni-toit-et-est-comparee-a-une-chaussure\/#primaryimage\",\"url\":\"https:\/\/www.italpassion.fr\/wp-content\/uploads\/2026\/04\/ferrari-conciso.jpg\",\"contentUrl\":\"https:\/\/www.italpassion.fr\/wp-content\/uploads\/2026\/04\/ferrari-conciso.jpg\",\"width\":1200,\"height\":800},{\"@type\":\"BreadcrumbList\",\"@id\":\"https:\/\/www.italpassion.fr\/es\/ferrari\/cette-etrange-ferrari-na-ni-portes-ni-toit-et-est-comparee-a-une-chaussure\/#breadcrumb\",\"itemListElement\":[{\"@type\":\"ListItem\",\"position\":1,\"name\":\"Accueil\",\"item\":\"https:\/\/www.italpassion.fr\/es\/\"},{\"@type\":\"ListItem\",\"position\":2,\"name\":\"Cette \u00e9trange Ferrari n&rsquo;a ni portes ni toit\u2026 et est compar\u00e9e \u00e0 une chaussure\"}]},{\"@type\":\"WebSite\",\"@id\":\"https:\/\/www.italpassion.fr\/es\/#website\",\"url\":\"https:\/\/www.italpassion.fr\/es\/\",\"name\":\"ItalPassion\",\"description\":\"Les Passionn\u00e9s d&#039;Automobiles Italiennes\",\"publisher\":{\"@id\":\"https:\/\/www.italpassion.fr\/es\/#organization\"},\"potentialAction\":[{\"@type\":\"SearchAction\",\"target\":{\"@type\":\"EntryPoint\",\"urlTemplate\":\"https:\/\/www.italpassion.fr\/es\/?s={search_term_string}\"},\"query-input\":{\"@type\":\"PropertyValueSpecification\",\"valueRequired\":true,\"valueName\":\"search_term_string\"}}],\"inLanguage\":\"es\"},{\"@type\":\"Organization\",\"@id\":\"https:\/\/www.italpassion.fr\/es\/#organization\",\"name\":\"Italpassion\",\"url\":\"https:\/\/www.italpassion.fr\/es\/\",\"logo\":{\"@type\":\"ImageObject\",\"inLanguage\":\"es\",\"@id\":\"https:\/\/www.italpassion.fr\/es\/#\/schema\/logo\/image\/\",\"url\":\"https:\/\/www.italpassion.fr\/wp-content\/uploads\/2023\/07\/italpassion-yoast.jpg\",\"contentUrl\":\"https:\/\/www.italpassion.fr\/wp-content\/uploads\/2023\/07\/italpassion-yoast.jpg\",\"width\":696,\"height\":696,\"caption\":\"Italpassion\"},\"image\":{\"@id\":\"https:\/\/www.italpassion.fr\/es\/#\/schema\/logo\/image\/\"},\"sameAs\":[\"https:\/\/www.facebook.com\/italpassion\",\"https:\/\/x.com\/italpassion\",\"https:\/\/www.instagram.com\/italpassionfr\/\",\"https:\/\/www.youtube.com\/channel\/UCleq-ByQaA42OjhopwevRjQ\",\"https:\/\/www.facebook.com\/italpassion.en\/\",\"https:\/\/www.facebook.com\/italpassion.it\/\",\"https:\/\/www.facebook.com\/italpassion.de\/\",\"https:\/\/www.facebook.com\/italpassion.ja\/\"]},{\"@type\":\"Person\",\"@id\":\"https:\/\/www.italpassion.fr\/es\/#\/schema\/person\/36f747b2a759ca202d847e85a9434ca0\",\"name\":\"Alexandre Filluzeau\",\"image\":{\"@type\":\"ImageObject\",\"inLanguage\":\"es\",\"@id\":\"https:\/\/www.italpassion.fr\/es\/#\/schema\/person\/image\/\",\"url\":\"https:\/\/www.italpassion.fr\/wp-content\/uploads\/2025\/04\/avatar-alexandre-160x160.jpg\",\"contentUrl\":\"https:\/\/www.italpassion.fr\/wp-content\/uploads\/2025\/04\/avatar-alexandre-160x160.jpg\",\"caption\":\"Alexandre Filluzeau\"},\"description\":\"Fondateur du site ItalPassion, passionn\u00e9 de voitures italiennes et de l'Italie en g\u00e9n\u00e9ral. J'apporte un regard critique et technique aux actualit\u00e9s des marques italiennes quand cela est possible. Propri\u00e9taire d'une Maserati GranTurismo, Alfa Romeo MiTo, Lancia Fulvia et Ducati 695. Ex-propri\u00e9taire d'une Alfa Romeo Giulia.\",\"sameAs\":[\"https:\/\/www.italpassion.fr\/\"],\"url\":\"https:\/\/www.italpassion.fr\/es\/author\/alexandre\/\"}]}<\/script>\n<!-- \/ Yoast SEO plugin. -->","yoast_head_json":{"title":"Este extra\u00f1o Ferrari no tiene puertas ni techo... y se compara con un zapato - ItalPassion","description":"En Ferrari, cada modelo raro suele causar revuelo. Las piezas \u00fanicas de la marca se examinan, comentan y fotograf\u00edan desde todos los \u00e1ngulos. Y","robots":{"index":"index","follow":"follow","max-snippet":"max-snippet:-1","max-image-preview":"max-image-preview:large","max-video-preview":"max-video-preview:-1"},"canonical":"https:\/\/www.italpassion.fr\/es\/ferrari\/este-extrano-ferrari-no-tiene-puertas-ni-techo-y-se-compara-con-un-zapato\/","og_locale":"es_ES","og_type":"article","og_title":"Cette \u00e9trange Ferrari n'a ni portes ni toit\u2026 et est compar\u00e9e \u00e0 une chaussure - ItalPassion","og_description":"Chez Ferrari, chaque mod\u00e8le rare fait g\u00e9n\u00e9ralement grand bruit. Les one-off de la marque sont scrut\u00e9s, comment\u00e9s, photographi\u00e9s sous tous les angles. Et","og_url":"https:\/\/www.italpassion.fr\/es\/ferrari\/este-extrano-ferrari-no-tiene-puertas-ni-techo-y-se-compara-con-un-zapato\/","og_site_name":"ItalPassion","article_publisher":"https:\/\/www.facebook.com\/italpassion","article_published_time":"2026-04-29T13:03:07+00:00","og_image":[{"width":1200,"height":800,"url":"https:\/\/www.italpassion.fr\/wp-content\/uploads\/2026\/04\/ferrari-conciso.jpg","type":"image\/jpeg"}],"author":"Alexandre Filluzeau","twitter_card":"summary_large_image","twitter_creator":"@italpassion","twitter_site":"@italpassion","schema":{"@context":"https:\/\/schema.org","@graph":[{"@type":"NewsArticle","@id":"https:\/\/www.italpassion.fr\/es\/ferrari\/cette-etrange-ferrari-na-ni-portes-ni-toit-et-est-comparee-a-une-chaussure\/#article","isPartOf":{"@id":"https:\/\/www.italpassion.fr\/es\/ferrari\/cette-etrange-ferrari-na-ni-portes-ni-toit-et-est-comparee-a-une-chaussure\/"},"author":{"name":"Alexandre Filluzeau","@id":"https:\/\/www.italpassion.fr\/es\/#\/schema\/person\/36f747b2a759ca202d847e85a9434ca0"},"headline":"Cette \u00e9trange Ferrari n&rsquo;a ni portes ni toit\u2026 et est compar\u00e9e \u00e0 une chaussure","datePublished":"2026-04-29T13:03:07+00:00","mainEntityOfPage":{"@id":"https:\/\/www.italpassion.fr\/es\/ferrari\/cette-etrange-ferrari-na-ni-portes-ni-toit-et-est-comparee-a-une-chaussure\/"},"wordCount":597,"commentCount":0,"publisher":{"@id":"https:\/\/www.italpassion.fr\/es\/#organization"},"image":{"@id":"https:\/\/www.italpassion.fr\/es\/ferrari\/cette-etrange-ferrari-na-ni-portes-ni-toit-et-est-comparee-a-une-chaussure\/#primaryimage"},"thumbnailUrl":"https:\/\/www.italpassion.fr\/wp-content\/uploads\/2026\/04\/ferrari-conciso.jpg","keywords":["Ferrari Conciso"],"articleSection":["Ferrari"],"inLanguage":"es","potentialAction":[{"@type":"CommentAction","name":"Comment","target":["https:\/\/www.italpassion.fr\/es\/ferrari\/cette-etrange-ferrari-na-ni-portes-ni-toit-et-est-comparee-a-une-chaussure\/#respond"]}]},{"@type":"WebPage","@id":"https:\/\/www.italpassion.fr\/es\/ferrari\/cette-etrange-ferrari-na-ni-portes-ni-toit-et-est-comparee-a-une-chaussure\/","url":"https:\/\/www.italpassion.fr\/es\/ferrari\/cette-etrange-ferrari-na-ni-portes-ni-toit-et-est-comparee-a-une-chaussure\/","name":"Este extra\u00f1o Ferrari no tiene puertas ni techo... y se compara con un zapato - ItalPassion","isPartOf":{"@id":"https:\/\/www.italpassion.fr\/es\/#website"},"primaryImageOfPage":{"@id":"https:\/\/www.italpassion.fr\/es\/ferrari\/cette-etrange-ferrari-na-ni-portes-ni-toit-et-est-comparee-a-une-chaussure\/#primaryimage"},"image":{"@id":"https:\/\/www.italpassion.fr\/es\/ferrari\/cette-etrange-ferrari-na-ni-portes-ni-toit-et-est-comparee-a-une-chaussure\/#primaryimage"},"thumbnailUrl":"https:\/\/www.italpassion.fr\/wp-content\/uploads\/2026\/04\/ferrari-conciso.jpg","datePublished":"2026-04-29T13:03:07+00:00","description":"En Ferrari, cada modelo raro suele causar revuelo. Las piezas \u00fanicas de la marca se examinan, comentan y fotograf\u00edan desde todos los \u00e1ngulos. Y","breadcrumb":{"@id":"https:\/\/www.italpassion.fr\/es\/ferrari\/cette-etrange-ferrari-na-ni-portes-ni-toit-et-est-comparee-a-une-chaussure\/#breadcrumb"},"inLanguage":"es","potentialAction":[{"@type":"ReadAction","target":["https:\/\/www.italpassion.fr\/es\/ferrari\/cette-etrange-ferrari-na-ni-portes-ni-toit-et-est-comparee-a-une-chaussure\/"]}]},{"@type":"ImageObject","inLanguage":"es","@id":"https:\/\/www.italpassion.fr\/es\/ferrari\/cette-etrange-ferrari-na-ni-portes-ni-toit-et-est-comparee-a-une-chaussure\/#primaryimage","url":"https:\/\/www.italpassion.fr\/wp-content\/uploads\/2026\/04\/ferrari-conciso.jpg","contentUrl":"https:\/\/www.italpassion.fr\/wp-content\/uploads\/2026\/04\/ferrari-conciso.jpg","width":1200,"height":800},{"@type":"BreadcrumbList","@id":"https:\/\/www.italpassion.fr\/es\/ferrari\/cette-etrange-ferrari-na-ni-portes-ni-toit-et-est-comparee-a-une-chaussure\/#breadcrumb","itemListElement":[{"@type":"ListItem","position":1,"name":"Accueil","item":"https:\/\/www.italpassion.fr\/es\/"},{"@type":"ListItem","position":2,"name":"Cette \u00e9trange Ferrari n&rsquo;a ni portes ni toit\u2026 et est compar\u00e9e \u00e0 une chaussure"}]},{"@type":"WebSite","@id":"https:\/\/www.italpassion.fr\/es\/#website","url":"https:\/\/www.italpassion.fr\/es\/","name":"ItalPassion","description":"Entusiastas de los coches italianos","publisher":{"@id":"https:\/\/www.italpassion.fr\/es\/#organization"},"potentialAction":[{"@type":"SearchAction","target":{"@type":"EntryPoint","urlTemplate":"https:\/\/www.italpassion.fr\/es\/?s={search_term_string}"},"query-input":{"@type":"PropertyValueSpecification","valueRequired":true,"valueName":"search_term_string"}}],"inLanguage":"es"},{"@type":"Organization","@id":"https:\/\/www.italpassion.fr\/es\/#organization","name":"Italpassion","url":"https:\/\/www.italpassion.fr\/es\/","logo":{"@type":"ImageObject","inLanguage":"es","@id":"https:\/\/www.italpassion.fr\/es\/#\/schema\/logo\/image\/","url":"https:\/\/www.italpassion.fr\/wp-content\/uploads\/2023\/07\/italpassion-yoast.jpg","contentUrl":"https:\/\/www.italpassion.fr\/wp-content\/uploads\/2023\/07\/italpassion-yoast.jpg","width":696,"height":696,"caption":"Italpassion"},"image":{"@id":"https:\/\/www.italpassion.fr\/es\/#\/schema\/logo\/image\/"},"sameAs":["https:\/\/www.facebook.com\/italpassion","https:\/\/x.com\/italpassion","https:\/\/www.instagram.com\/italpassionfr\/","https:\/\/www.youtube.com\/channel\/UCleq-ByQaA42OjhopwevRjQ","https:\/\/www.facebook.com\/italpassion.en\/","https:\/\/www.facebook.com\/italpassion.it\/","https:\/\/www.facebook.com\/italpassion.de\/","https:\/\/www.facebook.com\/italpassion.ja\/"]},{"@type":"Person","@id":"https:\/\/www.italpassion.fr\/es\/#\/schema\/person\/36f747b2a759ca202d847e85a9434ca0","name":"Alexandre Filluzeau","image":{"@type":"ImageObject","inLanguage":"es","@id":"https:\/\/www.italpassion.fr\/es\/#\/schema\/person\/image\/","url":"https:\/\/www.italpassion.fr\/wp-content\/uploads\/2025\/04\/avatar-alexandre-160x160.jpg","contentUrl":"https:\/\/www.italpassion.fr\/wp-content\/uploads\/2025\/04\/avatar-alexandre-160x160.jpg","caption":"Alexandre Filluzeau"},"description":"Fundador del sitio web ItalPassion, apasionado de los coches italianos y de Italia en general. Aporto una mirada cr\u00edtica y t\u00e9cnica a las noticias de las marcas italianas cuando es posible. Propietario de un Maserati GranTurismo, Alfa Romeo MiTo, Lancia Fulvia y Ducati 695. Ex-propietario de un Alfa Romeo Giulia.","sameAs":["https:\/\/www.italpassion.fr\/"],"url":"https:\/\/www.italpassion.fr\/es\/author\/alexandre\/"}]}},"_links":{"self":[{"href":"https:\/\/www.italpassion.fr\/es\/wp-json\/wp\/v2\/posts\/49032","targetHints":{"allow":["GET"]}}],"collection":[{"href":"https:\/\/www.italpassion.fr\/es\/wp-json\/wp\/v2\/posts"}],"about":[{"href":"https:\/\/www.italpassion.fr\/es\/wp-json\/wp\/v2\/types\/post"}],"author":[{"embeddable":true,"href":"https:\/\/www.italpassion.fr\/es\/wp-json\/wp\/v2\/users\/1"}],"replies":[{"embeddable":true,"href":"https:\/\/www.italpassion.fr\/es\/wp-json\/wp\/v2\/comments?post=49032"}],"version-history":[{"count":3,"href":"https:\/\/www.italpassion.fr\/es\/wp-json\/wp\/v2\/posts\/49032\/revisions"}],"predecessor-version":[{"id":49385,"href":"https:\/\/www.italpassion.fr\/es\/wp-json\/wp\/v2\/posts\/49032\/revisions\/49385"}],"wp:featuredmedia":[{"embeddable":true,"href":"https:\/\/www.italpassion.fr\/es\/wp-json\/wp\/v2\/media\/49372"}],"wp:attachment":[{"href":"https:\/\/www.italpassion.fr\/es\/wp-json\/wp\/v2\/media?parent=49032"}],"wp:term":[{"taxonomy":"category","embeddable":true,"href":"https:\/\/www.italpassion.fr\/es\/wp-json\/wp\/v2\/categories?post=49032"},{"taxonomy":"post_tag","embeddable":true,"href":"https:\/\/www.italpassion.fr\/es\/wp-json\/wp\/v2\/tags?post=49032"}],"curies":[{"name":"wp","href":"https:\/\/api.w.org\/{rel}","templated":true}]}}